{"id":1247,"date":"2013-03-21T11:58:44","date_gmt":"2013-03-21T11:58:44","guid":{"rendered":""},"modified":"2020-04-06T22:06:04","modified_gmt":"2020-04-06T20:06:04","slug":"takim-nje-ditor-i-te-rinjve-te-dioqezes-se-tiranes-me-studente-orthodhokse-amerikane","status":"publish","type":"post","link":"https:\/\/orthodoxalbania.org\/2020\/2013\/03\/21\/takim-nje-ditor-i-te-rinjve-te-dioqezes-se-tiranes-me-studente-orthodhokse-amerikane\/","title":{"rendered":"Takim nj\u00eb ditor i t\u00eb rinjve t\u00eb Dioqez\u00ebs s\u00eb Tiran\u00ebs me student\u00eb orthodhoks\u00eb amerikan\u00eb. (3 Maj 2012)"},"content":{"rendered":"<div style=\"text-align: justify;\">\n\t<span style=\"color:#000000;\"><span style=\"font-family: tahoma,geneva,sans-serif;\"><span style=\"font-size: 12px;\"><img class=\"lazyload\" decoding=\"async\" alt=\"\" src=\"data:image\/gif;base64,R0lGODlhAQABAAAAACH5BAEKAAEALAAAAAABAAEAAAICTAEAOw==\" data-orig-src=\"https:\/\/lh4.googleusercontent.com\/-sjEqY_1kVzw\/T9MFYA0Qc3I\/AAAAAAAAAIs\/2p2eQNtRct8\/s576\/foto%20ne%20tekst.jpg\" style=\"border-width: 1px; border-style: solid; margin: 10px; float: left; width: 210px; height: 280px;\" \/>&nbsp; &nbsp; Me q\u00ebllim rip\u00ebrt\u00ebritjen shpirt\u00ebrore, miq\u00ebsin\u00eb dhe fuqizimin n\u00eb ndarjen e besimit me t\u00eb tjer\u00ebt, n\u00eb dat\u00ebn 3 maj 2012, t\u00eb Diel\u00ebn e Pentikostis\u00eb, n\u00eb Tiran\u00eb dhe Elbasan u organizua nj\u00eb aktivitet rinor nj\u00eb ditor, n\u00ebn kujdesin e Zyr\u00ebs s\u00eb Rinis\u00eb s\u00eb Kryepiskopat\u00ebs, Qendr\u00ebs Studentore n\u00eb Tiran\u00eb dhe nj\u00eb grupi student\u00ebsh amerikan\u00eb, t\u00eb shoq\u00ebruar nga at\u00eb Luka Veronis.<\/span><\/span><\/span><\/div>\n<div style=\"text-align: justify;\">\n\t<br \/>\n\t<span style=\"color:#000000;\"><span style=\"font-family: tahoma,geneva,sans-serif;\"><span style=\"font-size: 12px;\">&nbsp;&nbsp;&nbsp; Grupi i student\u00ebve amerikan\u00eb p\u00ebrb\u00ebhej prej 12 student\u00ebsh nga Universitete t\u00eb ndryshme Teologjike Orthodhokse n\u00eb Amerik\u00eb (Kryqi i Nderuar n\u00eb Boston, Sh\u00ebn Vladimiri n\u00eb New York, Sh\u00ebn Tihoni n\u00eb Pensilvani dhe Sh\u00ebn Hermani n\u00eb Alask\u00eb) dhe drejtohej nga at\u00eb Luka Veronis, ish-misionar, q\u00eb ka sh\u00ebrbyer n\u00eb Shqip\u00ebri p\u00ebr nj\u00eb periudh\u00eb disa vje\u00e7are. (1993-2004), shoq\u00ebruar edhe nga dy profesor\u00eb t\u00eb nj\u00ebrit prej k\u00ebtyre universiteteve.<\/span><\/span><\/span><\/div>\n<div style=\"text-align: justify;\">\n\t<br \/>\n\t<span style=\"color:#000000;\"><span style=\"font-family: tahoma,geneva,sans-serif;\"><span style=\"font-size: 12px;\">&nbsp;&nbsp;&nbsp; \u00cbsht\u00eb viti i tret\u00eb radhazi q\u00eb nj\u00eb grup i till\u00eb, por me student\u00eb t\u00eb ndrysh\u00ebm \u00e7do vit, vijn\u00eb n\u00eb Kish\u00ebn e Shqip\u00ebris\u00eb n\u00eb kuad\u00ebr t\u00eb l\u00ebnd\u00ebs s\u00eb Misionarizmit, q\u00eb ata kan\u00eb n\u00eb shkollat e tyre, p\u00ebr t\u2019u njohur nga af\u00ebr dhe p\u00ebr t\u00eb par\u00eb rim\u00ebk\u00ebmbjen e Kish\u00ebs Orthodhokse Autoqefale t\u00eb Shqip\u00ebris\u00eb pas shkat\u00ebrrimit t\u00eb plot\u00eb t\u00eb saj gjat\u00eb periudh\u00ebs s\u00eb regjimit komunist. Gjithashtu, n\u00eb kuad\u00ebr t\u00eb k\u00ebsaj vizite prej rreth 10 dit\u00ebsh, meqen\u00ebse student\u00ebt amerikan\u00eb jan\u00eb n\u00eb mosh\u00eb relativisht t\u00eb re, organizohen aktivitete rinore t\u00eb p\u00ebrbashk\u00ebta me t\u00eb rinj orthodhoks\u00eb shqiptar\u00eb, n\u00eb bashk\u00ebpunim me Zyr\u00ebn Rinore t\u00eb Kryepiskopat\u00ebs dhe Qendr\u00ebn Studentore n\u00eb Tiran\u00eb, p\u00ebr t\u00eb pasur mund\u00ebsi t\u00eb njihen m\u00eb shum\u00eb me njeri-tjetrin si dhe p\u00ebr t\u00eb shk\u00ebmbyer p\u00ebrvojat e tyre t\u00eb krishtera.<\/span><\/span><\/span><\/div>\n<div style=\"text-align: justify;\">\n\t<br \/>\n\t<span style=\"color:#000000;\"><span style=\"font-family: tahoma,geneva,sans-serif;\"><span style=\"font-size: 12px;\">&nbsp;&nbsp;&nbsp; Aktiviteti i p\u00ebrbashk\u00ebt u zhvillua n\u00eb dy vende, t\u00eb diel\u00ebn paradite n\u00eb Tiran\u00eb dhe pasdite n\u00eb Elbasan. Objektivat q\u00eb ishin paracaktuar p\u00ebr t\u2019u arritur dhe q\u00eb u arrit\u00ebn me suksese ishin: Mbledhja e t\u00eb rinjve s\u00eb bashku p\u00ebr t\u00eb kremtuar Pentikostin\u00eb, njohja dhe miq\u00ebsia mes t\u00eb rinjve t\u00eb dioqez\u00ebs s\u00eb Tiran\u00ebs me njeri-tjetrin si dhe me student\u00ebt amerikan\u00eb, dhe rritja e p\u00ebrt\u00ebritja e m\u00ebtejshme m\u00eb Krishtin.<\/span><\/span><\/span><\/div>\n<div style=\"text-align: justify;\">\n\t<br \/>\n\t<span style=\"color:#000000;\"><span style=\"font-family: tahoma,geneva,sans-serif;\"><span style=\"font-size: 12px;\">&nbsp;&nbsp;&nbsp; N\u00eb takimin q\u00eb u zhvillua n\u00eb Tiran\u00eb mor\u00ebn pjes\u00eb 120 t\u00eb rinj. K\u00ebta ishin nga grupe t\u00eb ndryshme rinore t\u00eb dioqez\u00ebs s\u00eb Tiran\u00ebs: nga grupet rinore t\u00eb Tiran\u00ebs (Qendra Studentore, Qendra Rinore \u201cBethlehem\u201d, t\u00eb adoleshent\u00ebve t\u00eb Kish\u00ebs s\u00eb Ungjill\u00ebzimit dhe t\u00eb Qendr\u00ebs Thavor), t\u00eb Durr\u00ebsit, Rrushkullit e Jub\u00ebs, Kavaj\u00ebs dhe Shkodr\u00ebs.<\/span><\/span><\/span><\/div>\n<div style=\"text-align: justify;\">\n\t<br \/>\n\t<span style=\"color:#000000;\"><span style=\"font-family: tahoma,geneva,sans-serif;\"><span style=\"font-size: 12px;\">&nbsp;&nbsp;&nbsp; Adhurimi n\u00eb kish\u00eb, dit\u00ebn e Pentikostis\u00eb, na kujtoi edhe nj\u00eb her\u00eb q\u00eb t\u00eb gjith\u00eb marrim fuqi prej Shpirtit t\u00eb Shenjt\u00eb dhe p\u00ebrgatitemi p\u00ebr p\u00ebrhapjen e Lajmit t\u00eb Mir\u00eb (Ungjillit) te njer\u00ebzit me t\u00eb cil\u00ebt jetojm\u00eb.<\/span><\/span><\/span><\/div>\n<div style=\"text-align: justify;\">\n\t<br \/>\n\t<span style=\"color:#000000;\"><span style=\"font-family: tahoma,geneva,sans-serif;\"><span style=\"font-size: 12px;\">&nbsp; &nbsp; Gjat\u00eb predikimit n\u00eb kish\u00eb at\u00eb Luka Veronis nd\u00ebr t\u00eb tjera theksoi: \u201cNe si t\u00eb krishter\u00eb nuk duhet t\u00eb q\u00ebndrojm\u00eb t\u00eb mbyllur te vetja, sepse Krishti na ka l\u00ebn\u00eb nj\u00eb porosi q\u00eb Lajmi i Mir\u00eb i shp\u00ebtimit t\u00eb p\u00ebrhapet n\u00eb t\u00eb gjith\u00eb bot\u00ebn. Asnj\u00eb prej nesh nuk duhet t\u00eb mendoj\u00eb vet\u00ebm p\u00ebr veten e tij, por t\u00eb jemi t\u00eb gatsh\u00ebm q\u00eb t\u2019i afrohemi \u00e7do njeriu p\u00ebr t\u2019i treguar shpres\u00ebn dhe besimin q\u00eb jetojm\u00eb. Ndaj pik\u00ebrisht sot k\u00ebt\u00eb dit\u00eb t\u00eb Pentikostis\u00eb jemi mbledhur k\u00ebtu n\u00eb kish\u00eb njer\u00ebz t\u00eb ndrysh\u00ebm nga vende t\u00eb ndryshme t\u00eb bot\u00ebs p\u00ebr t\u00eb p\u00ebrjetuar k\u00ebt\u00eb t\u00eb kremte t\u00eb madhe dhe p\u00ebr t\u00eb m\u00ebsuar q\u00eb Ungjilli \u00ebsht\u00eb p\u00ebr t\u00eb gjith\u00eb. Zoti i pret dhe i do t\u00eb gjith\u00eb\u2026\u201d.<\/span><\/span><\/span><\/div>\n<div style=\"text-align: justify;\">\n\t<br \/>\n\t<span style=\"color:#000000;\"><span style=\"font-family: tahoma,geneva,sans-serif;\"><span style=\"font-size: 12px;\">&nbsp; &nbsp; M\u00eb pas, programi i k\u00ebsaj dite vijoi me njohjen e programit, koktejin, e n\u00eb vazhdim n\u00eb Qendr\u00ebn Shpirt\u00ebrore \u201cThavor\u201d, rr\u00ebz\u00eb malit t\u00eb Dajtit, ku t\u00eb rinjt\u00eb pjes\u00ebmarr\u00ebs u ndan\u00eb n\u00eb pes\u00eb grupe p\u00ebr t\u2019u njohur m\u00eb tep\u00ebr me njeri-tjetrin.<\/span><\/span><\/span><\/div>\n<div style=\"text-align: justify;\">\n\t<br \/>\n\t<span style=\"color:#000000;\"><span style=\"font-family: tahoma,geneva,sans-serif;\"><span style=\"font-size: 12px;\">&nbsp;&nbsp;&nbsp; N\u00eb vazhdim ata drekuan s\u00eb bashku dhe pastaj, t\u00eb ndar\u00eb sipas grupeve, diskutuan tematika t\u00eb ndryshme t\u00eb drejtuara nga student\u00ebt amerikan\u00eb. T\u00eb rinjt\u00eb ndan\u00eb p\u00ebrvoj\u00ebn e tyre t\u00eb hyrjes n\u00eb besimin e krishter\u00eb orthodhoks dhe \u00e7far\u00eb i kishte t\u00ebrhequr n\u00eb besim. Mund\u00ebsia p\u00ebr t\u00eb ndar\u00eb p\u00ebrvoj\u00ebn e besimit i afroi t\u00eb rinjt\u00eb m\u00eb shum\u00eb me nj\u00ebri-tjetrin dhe m\u00ebsuan se si vazhdon udh\u00ebtimi shpirt\u00ebror n\u00eb zona t\u00eb ndryshme t\u00eb vendit ton\u00eb.<\/span><\/span><\/span><\/div>\n<div style=\"text-align: justify;\">\n\t<br \/>\n\t<span style=\"color:#000000;\"><span style=\"font-family: tahoma,geneva,sans-serif;\"><span style=\"font-size: 12px;\">&nbsp; &nbsp; Pas takimit n\u00eb grupe, at\u00eb Luka drejtoi nj\u00eb bised\u00eb t\u00eb shkurt\u00ebr me tem\u00eb: \u201cT\u00eb rip\u00ebrt\u00ebrihemi n\u00eb besim dhe t\u00eb jemi gati ta ndajm\u00eb Lajmin e Mir\u00eb me t\u00eb tjer\u00ebt\u201d. Nd\u00ebr t\u00eb tjera ai theksoi: \u201cJeta \u00ebsht\u00eb nj\u00eb udh\u00ebtim, dhe sado e gjat\u00eb t\u00eb jet\u00eb, ky udh\u00ebtim nj\u00eb dit\u00eb do t\u00eb p\u00ebrfundoj\u00eb. T\u00eb gjith\u00eb do t\u00eb dalim para Zotit e t\u00eb japim llogari p\u00ebr m\u00ebnyr\u00ebn se si e jetuam jet\u00ebn dhe \u00e7far\u00eb b\u00ebm\u00eb me t\u00eb. Dashuria e pafund e Zotit na th\u00ebrret n\u00eb g\u00ebzimin e jet\u00ebs me t\u00eb, prandaj nuk duhet t\u00eb jemi neglizhent\u00eb n\u00eb k\u00ebt\u00eb thirrje. Adoleshent\u00eb e t\u00eb rinj, t\u00eb gjith\u00eb kujtoni q\u00eb n\u00eb udh\u00ebtimin drejt Zotit, vet\u00ebm dashuria \u00ebsht\u00eb ajo q\u00eb do ngelet n\u00eb p\u00ebrjet\u00ebsi\u201d.<\/span><\/span><\/span><\/div>\n<div style=\"text-align: justify;\">\n\t<br \/>\n\t<span style=\"color:#000000;\"><span style=\"font-family: tahoma,geneva,sans-serif;\"><span style=\"font-size: 12px;\">&nbsp; &nbsp; Me troparin e mrekulluesh\u00ebm: \u201cCila Per\u00ebndi \u00ebsht\u00eb aq e madhe sa Per\u00ebndia yn\u00eb&#8230;\u201d dhe me mir\u00ebnjohje p\u00ebr k\u00ebt\u00eb program rip\u00ebrt\u00ebrit\u00ebs dhe frym\u00ebzues, p\u00ebrfundoi ky takim nj\u00eb ditor dhe t\u00eb rinjt\u00eb u larguan p\u00ebr n\u00eb vendet e tyre p\u00ebr t\u00eb vazhduar udh\u00ebtimin e tyre shpirt\u00ebror dhe me shpres\u00ebn q\u00eb do t\u00eb takohen s\u00ebrish.<\/span><\/span><\/span><\/div>\n<div style=\"text-align: justify;\">\n\t<br \/>\n\t<span style=\"color:#000000;\"><span style=\"font-family: tahoma,geneva,sans-serif;\"><span style=\"font-size: 12px;\">&nbsp; &nbsp; Ata fal\u00ebnderuan at\u00eb Luk\u00ebn p\u00ebr vizit\u00ebn e tij n\u00eb Shqip\u00ebri, p\u00ebr k\u00ebt\u00eb mund\u00ebsi t\u00eb bekuar si dhe p\u00ebr organizimin e grupit t\u00eb student\u00ebve amerikan\u00eb, t\u00eb cil\u00ebt ndan\u00eb me t\u00eb rinjt\u00eb shqiptar\u00eb p\u00ebrvoj\u00ebn e tyre t\u00eb besimit.<\/span><\/span><\/span><\/div>\n<div style=\"text-align: justify;\">\n\t<br \/>\n\t<span style=\"color:#000000;\"><span style=\"font-family: tahoma,geneva,sans-serif;\"><span style=\"font-size: 12px;\">&nbsp; &nbsp; Pasdite grupi studentor amerikan u takua me t\u00eb rinjt\u00eb e Elbasanit dhe t\u00eb rrethinave t\u00eb tij, pjes\u00ebtar\u00eb t\u00eb grupeve t\u00eb katekizmit q\u00eb zhvillohet n\u00eb k\u00ebto zona. Ky takim u organizua n\u00eb bashk\u00ebpunim me katekist\u00ebt e Zyr\u00ebs s\u00eb Katekizmit t\u00eb Kryepiskopat\u00ebs, q\u00eb drejtojn\u00eb k\u00ebto grupe katekizmi. Edhe k\u00ebtu pjes\u00ebmarrja ishte e madhe, merrnin pjes\u00eb 60 t\u00eb rinj.<\/span><\/span><\/span><\/div>\n<div style=\"text-align: justify;\">\n\t<br \/>\n\t<span style=\"color:#000000;\"><span style=\"font-family: tahoma,geneva,sans-serif;\"><span style=\"font-size: 12px;\">&nbsp; &nbsp; Takimi u zhvillua n\u00eb Manastirin e Hirsh\u00ebm t\u00eb Sh\u00ebn Joan Vladimirit, i cili p\u00ebrkoi dhe me Panairin dhe dit\u00ebn e kremtimit t\u00eb k\u00ebtij shenjti. Edhe n\u00eb k\u00ebt\u00eb takim q\u00ebllimi ishte i nj\u00ebjt\u00eb, ai i rip\u00ebrt\u00ebritjes shpirt\u00ebrore, i miq\u00ebsis\u00eb, por edhe i ndarjes s\u00eb p\u00ebrvoj\u00ebs t\u00eb t\u00eb rinjve shqiptar\u00eb e amerikan\u00eb.<\/span><\/span><\/span><\/div>\n<div style=\"text-align: justify;\">\n\t<br \/>\n\t<span style=\"color:#000000;\"><span style=\"font-family: tahoma,geneva,sans-serif;\"><span style=\"font-size: 12px;\">&nbsp;&nbsp;&nbsp; N\u00eb vazhdim vijoi programin adhurues e kremtues i panairit t\u00eb Manastirit, organizuar nga student\u00ebt e Akademis\u00eb Teologjike \u201cNgjallja e Krishtit\u201d dhe Zyra e Katekizmit t\u00eb Kryepiskopat\u00ebs, duke shfaqur m\u00eb pas dhe filmin dokumentar kushtuar Sh\u00ebn Joan Vladimirit dhe Akademis\u00eb Teologjike.<\/span><\/span><\/span><\/div>\n<div style=\"text-align: right;\">\n<p>\t<span style=\"color:#000000;\"><span style=\"font-family: tahoma,geneva,sans-serif;\"><span style=\"font-size: 12px;\"><strong>Zyra e Rinis\u00eb s\u00eb Kryepiskopat\u00ebs<\/strong><\/span><\/span><\/span><\/div>\n<div style=\"text-align: justify;\">\n\t&nbsp;<\/div>\n<div style=\"text-align: center;\">\n\t<span style=\"color:#000000;\"><span style=\"font-family: tahoma,geneva,sans-serif;\"><span style=\"font-size: 12px;\"><img class=\"lazyload\" decoding=\"async\" alt=\"\" src=\"data:image\/gif;base64,R0lGODlhAQABAAAAACH5BAEKAAEALAAAAAABAAEAAAICTAEAOw==\" data-orig-src=\"https:\/\/lh5.googleusercontent.com\/-wwrpAOZC11Q\/T9MFLnyfAQI\/AAAAAAAAAHk\/8bKixnHi1_M\/s640\/1.jpg\" style=\"border-width: 1px; border-style: solid; margin: 10px;\" \/><\/span><\/span><\/span><\/div>\n<div style=\"text-align: center;\">\n\t<span style=\"color:#000000;\"><span style=\"font-family: tahoma,geneva,sans-serif;\"><span style=\"font-size: 12px;\"><img class=\"lazyload\" decoding=\"async\" alt=\"\" src=\"data:image\/gif;base64,R0lGODlhAQABAAAAACH5BAEKAAEALAAAAAABAAEAAAICTAEAOw==\" data-orig-src=\"https:\/\/lh4.googleusercontent.com\/-vj0Eqa0X0Jc\/T9MFNUVbA0I\/AAAAAAAAAHs\/ejcW5SCx7kw\/s640\/4.jpg\" style=\"border-width: 1px; border-style: solid; margin: 10px;\" \/><\/span><\/span><\/span><\/div>\n<div style=\"text-align: center;\">\n\t<span style=\"color:#000000;\"><span style=\"font-family: tahoma,geneva,sans-serif;\"><span style=\"font-size: 12px;\"><img class=\"lazyload\" decoding=\"async\" alt=\"\" src=\"data:image\/gif;base64,R0lGODlhAQABAAAAACH5BAEKAAEALAAAAAABAAEAAAICTAEAOw==\" data-orig-src=\"https:\/\/lh4.googleusercontent.com\/-zdQfoLuH8dU\/T9MFOfgboUI\/AAAAAAAAAH0\/WlvasSCfAzU\/s640\/5.jpg\" style=\"border-width: 1px; border-style: solid; margin: 10px;\" \/><\/span><\/span><\/span><\/div>\n<div style=\"text-align: center;\">\n\t<span style=\"color:#000000;\"><span style=\"font-family: tahoma,geneva,sans-serif;\"><span style=\"font-size: 12px;\"><img class=\"lazyload\" decoding=\"async\" alt=\"\" src=\"data:image\/gif;base64,R0lGODlhAQABAAAAACH5BAEKAAEALAAAAAABAAEAAAICTAEAOw==\" data-orig-src=\"https:\/\/lh4.googleusercontent.com\/-Ot_XjybCYs0\/T9MFPRdjDzI\/AAAAAAAAAH8\/550yIHqSckI\/s640\/6.jpg\" style=\"border-width: 1px; border-style: solid; margin: 10px;\" \/><\/span><\/span><\/span><\/div>\n<div style=\"text-align: center;\">\n\t<span style=\"color:#000000;\"><span style=\"font-family: tahoma,geneva,sans-serif;\"><span style=\"font-size: 12px;\"><img class=\"lazyload\" decoding=\"async\" alt=\"\" src=\"data:image\/gif;base64,R0lGODlhAQABAAAAACH5BAEKAAEALAAAAAABAAEAAAICTAEAOw==\" data-orig-src=\"https:\/\/lh4.googleusercontent.com\/-5UFdVotdoUQ\/T9MFQh_Gm9I\/AAAAAAAAAIE\/FH5g2oTOjMw\/s640\/2.jpg\" style=\"border-width: 1px; border-style: solid; margin: 10px;\" \/><\/span><\/span><\/span><\/div>\n<div style=\"text-align: center;\">\n\t<span style=\"color:#000000;\"><span style=\"font-family: tahoma,geneva,sans-serif;\"><span style=\"font-size: 12px;\"><img class=\"lazyload\" decoding=\"async\" alt=\"\" src=\"data:image\/gif;base64,R0lGODlhAQABAAAAACH5BAEKAAEALAAAAAABAAEAAAICTAEAOw==\" data-orig-src=\"https:\/\/lh3.googleusercontent.com\/-BTQM4nqXwoA\/T9MFRkjB_gI\/AAAAAAAAAIM\/dYeLRze67dw\/s640\/3.jpg\" style=\"border-width: 1px; border-style: solid; margin: 10px;\" \/><\/span><\/span><\/span><\/div>\n<div style=\"text-align: center;\">\n\t<span style=\"color:#000000;\"><span style=\"font-family: tahoma,geneva,sans-serif;\"><span style=\"font-size: 12px;\"><img class=\"lazyload\" decoding=\"async\" alt=\"\" src=\"data:image\/gif;base64,R0lGODlhAQABAAAAACH5BAEKAAEALAAAAAABAAEAAAICTAEAOw==\" data-orig-src=\"https:\/\/lh6.googleusercontent.com\/-WM9ESERR-fw\/T9MFTCGiwJI\/AAAAAAAAAIU\/b1tIJDscuk0\/s720\/7.jpg\" style=\"border-width: 1px; border-style: solid; margin: 10px;\" \/><\/span><\/span><\/span><\/div>\n<div style=\"text-align: center;\">\n\t<span style=\"color:#000000;\"><span style=\"font-family: tahoma,geneva,sans-serif;\"><span style=\"font-size: 12px;\"><img class=\"lazyload\" decoding=\"async\" alt=\"\" src=\"data:image\/gif;base64,R0lGODlhAQABAAAAACH5BAEKAAEALAAAAAABAAEAAAICTAEAOw==\" data-orig-src=\"https:\/\/lh3.googleusercontent.com\/-MH2KpN1Szsg\/T9MFT_7kT0I\/AAAAAAAAAIc\/jq7w2-BySaY\/s720\/8.jpg\" style=\"border-width: 1px; border-style: solid; margin: 10px;\" \/> <img class=\"lazyload\" decoding=\"async\" alt=\"\" src=\"data:image\/gif;base64,R0lGODlhAQABAAAAACH5BAEKAAEALAAAAAABAAEAAAICTAEAOw==\" data-orig-src=\"https:\/\/lh5.googleusercontent.com\/-CU7nISfbJD8\/T9MFZsUvNaI\/AAAAAAAAAI0\/6gJ6gQVlVa4\/s576\/9.jpg\" style=\"width: 576px; height: 432px; border-width: 1px; border-style: solid; margin: 10px;\" \/><\/span><\/span><\/span><\/div>\n<div style=\"text-align: center;\">\n\t<span style=\"color:#000000;\"><span style=\"font-family: tahoma,geneva,sans-serif;\"><span style=\"font-size: 12px;\"><img class=\"lazyload\" decoding=\"async\" alt=\"\" src=\"data:image\/gif;base64,R0lGODlhAQABAAAAACH5BAEKAAEALAAAAAABAAEAAAICTAEAOw==\" data-orig-src=\"https:\/\/lh5.googleusercontent.com\/-EzSfk3Wwoh4\/T9MFV8HCcMI\/AAAAAAAAAIg\/5pxPuB6PrsE\/s720\/10.jpg\" style=\"border-width: 1px; border-style: solid; margin: 10px;\" \/><\/span><\/span><\/span><\/div>\n<div style=\"text-align: center;\">\n\t<span style=\"color:#000000;\"><span style=\"font-family: tahoma,geneva,sans-serif;\"><span style=\"font-size: 12px;\"><img class=\"lazyload\" decoding=\"async\" alt=\"\" src=\"data:image\/gif;base64,R0lGODlhAQABAAAAACH5BAEKAAEALAAAAAABAAEAAAICTAEAOw==\" data-orig-src=\"https:\/\/lh4.googleusercontent.com\/-sjEqY_1kVzw\/T9MFYA0Qc3I\/AAAAAAAAAIs\/2p2eQNtRct8\/s576\/foto%20ne%20tekst.jpg\" style=\"border-width: 1px; border-style: solid; margin: 10px;\" \/>&nbsp;<br \/>\n\t&nbsp;&nbsp;<\/span><\/span><\/span><\/div>\n","protected":false},"excerpt":{"rendered":"<p>&nbsp; &nbsp; Me q\u00ebllim rip\u00ebrt\u00ebritjen shpirt\u00ebrore, miq\u00ebsin\u00eb dhe fuqizimin n\u00eb ndarjen e besimit me t\u00eb tjer\u00ebt, n\u00eb dat\u00ebn 3 maj 2012, t\u00eb Diel\u00ebn e Pentikostis\u00eb, n\u00eb Tiran\u00eb dhe Elbasan u organizua nj\u00eb aktivitet rinor nj\u00eb ditor, n\u00ebn kujdesin e Zyr\u00ebs s\u00eb Rinis\u00eb s\u00eb Kryepiskopat\u00ebs, Qendr\u00ebs Studentore n\u00eb Tiran\u00eb dhe nj\u00eb grupi student\u00ebsh amerikan\u00eb, t\u00eb shoq\u00ebruar nga at\u00eb Luka Veronis. &nbsp;&nbsp;&nbsp; Grupi i student\u00ebve amerikan\u00eb p\u00ebrb\u00ebhej<\/p>\n","protected":false},"author":1,"featured_media":0,"comment_status":"open","ping_status":"open","sticky":false,"template":"","format":"standard","meta":{"_acf_changed":false,"pagelayer_contact_templates":[],"_pagelayer_content":"","inline_featured_image":false,"fifu_image_url":"","fifu_image_alt":"","footnotes":""},"categories":[108],"tags":[142,196,212,176],"class_list":["post-1247","post","type-post","status-publish","format-standard","hentry","category-lajme","tag-142","tag-tirane","tag-lajme-d27","tag-rinia-orthodhokse"],"acf":[],"yoast_head":"<!-- This site is optimized with the Yoast SEO plugin v27.2 - https:\/\/yoast.com\/product\/yoast-seo-wordpress\/ -->\n<title>Takim nj\u00eb ditor i t\u00eb rinjve t\u00eb Dioqez\u00ebs s\u00eb Tiran\u00ebs me student\u00eb orthodhoks\u00eb amerikan\u00eb. (3 Maj 2012) - Kisha Orthodh\u03bfkse Autoqefale e Shqip\u00ebris\u00eb<\/title>\n<meta name=\"robots\" content=\"index, follow, max-snippet:-1, max-image-preview:large, max-video-preview:-1\" \/>\n<link rel=\"canonical\" href=\"https:\/\/orthodoxalbania.org\/2020\/2013\/03\/21\/takim-nje-ditor-i-te-rinjve-te-dioqezes-se-tiranes-me-studente-orthodhokse-amerikane\/\" \/>\n<meta property=\"og:locale\" content=\"en_US\" \/>\n<meta property=\"og:type\" content=\"article\" \/>\n<meta property=\"og:title\" content=\"Takim nj\u00eb ditor i t\u00eb rinjve t\u00eb Dioqez\u00ebs s\u00eb Tiran\u00ebs me student\u00eb orthodhoks\u00eb amerikan\u00eb. (3 Maj 2012) - Kisha Orthodh\u03bfkse Autoqefale e Shqip\u00ebris\u00eb\" \/>\n<meta property=\"og:description\" content=\"&nbsp; &nbsp; Me q\u00ebllim rip\u00ebrt\u00ebritjen shpirt\u00ebrore, miq\u00ebsin\u00eb dhe fuqizimin n\u00eb ndarjen e besimit me t\u00eb tjer\u00ebt, n\u00eb dat\u00ebn 3 maj 2012, t\u00eb Diel\u00ebn e Pentikostis\u00eb, n\u00eb Tiran\u00eb dhe Elbasan u organizua nj\u00eb aktivitet rinor nj\u00eb ditor, n\u00ebn kujdesin e Zyr\u00ebs s\u00eb Rinis\u00eb s\u00eb Kryepiskopat\u00ebs, Qendr\u00ebs Studentore n\u00eb Tiran\u00eb dhe nj\u00eb grupi student\u00ebsh amerikan\u00eb, t\u00eb shoq\u00ebruar nga at\u00eb Luka Veronis. &nbsp;&nbsp;&nbsp; Grupi i student\u00ebve amerikan\u00eb p\u00ebrb\u00ebhej\" \/>\n<meta property=\"og:url\" content=\"https:\/\/orthodoxalbania.org\/2020\/2013\/03\/21\/takim-nje-ditor-i-te-rinjve-te-dioqezes-se-tiranes-me-studente-orthodhokse-amerikane\/\" \/>\n<meta property=\"og:site_name\" content=\"Kisha Orthodh\u03bfkse Autoqefale e Shqip\u00ebris\u00eb\" \/>\n<meta property=\"article:publisher\" content=\"https:\/\/www.facebook.com\/koash1991\" \/>\n<meta property=\"article:published_time\" content=\"2013-03-21T11:58:44+00:00\" \/>\n<meta property=\"article:modified_time\" content=\"2020-04-06T20:06:04+00:00\" \/>\n<meta property=\"og:image\" content=\"https:\/\/lh4.googleusercontent.com\/-sjEqY_1kVzw\/T9MFYA0Qc3I\/AAAAAAAAAIs\/2p2eQNtRct8\/s576\/foto%20ne%20tekst.jpg\" \/>\n<meta name=\"author\" content=\"Kisha Orthodhokse\" \/>\n<meta name=\"twitter:card\" content=\"summary_large_image\" \/>\n<meta name=\"twitter:label1\" content=\"Written by\" \/>\n\t<meta name=\"twitter:data1\" content=\"Kisha Orthodhokse\" \/>\n\t<meta name=\"twitter:label2\" content=\"Est. reading time\" \/>\n\t<meta name=\"twitter:data2\" content=\"6 minutes\" \/>\n<script type=\"application\/ld+json\" class=\"yoast-schema-graph\">{\"@context\":\"https:\/\/schema.org\",\"@graph\":[{\"@type\":\"Article\",\"@id\":\"https:\/\/orthodoxalbania.org\/2020\/2013\/03\/21\/takim-nje-ditor-i-te-rinjve-te-dioqezes-se-tiranes-me-studente-orthodhokse-amerikane\/#article\",\"isPartOf\":{\"@id\":\"https:\/\/orthodoxalbania.org\/2020\/2013\/03\/21\/takim-nje-ditor-i-te-rinjve-te-dioqezes-se-tiranes-me-studente-orthodhokse-amerikane\/\"},\"author\":{\"name\":\"Kisha Orthodhokse\",\"@id\":\"https:\/\/orthodoxalbania.org\/2020\/#\/schema\/person\/0c387634a7063ac612d7ed9ce71c7e86\"},\"headline\":\"Takim nj\u00eb ditor i t\u00eb rinjve t\u00eb Dioqez\u00ebs s\u00eb Tiran\u00ebs me student\u00eb orthodhoks\u00eb amerikan\u00eb. (3 Maj 2012)\",\"datePublished\":\"2013-03-21T11:58:44+00:00\",\"dateModified\":\"2020-04-06T20:06:04+00:00\",\"mainEntityOfPage\":{\"@id\":\"https:\/\/orthodoxalbania.org\/2020\/2013\/03\/21\/takim-nje-ditor-i-te-rinjve-te-dioqezes-se-tiranes-me-studente-orthodhokse-amerikane\/\"},\"wordCount\":1248,\"commentCount\":0,\"publisher\":{\"@id\":\"https:\/\/orthodoxalbania.org\/2020\/#organization\"},\"image\":{\"@id\":\"https:\/\/orthodoxalbania.org\/2020\/2013\/03\/21\/takim-nje-ditor-i-te-rinjve-te-dioqezes-se-tiranes-me-studente-orthodhokse-amerikane\/#primaryimage\"},\"thumbnailUrl\":\"https:\/\/lh4.googleusercontent.com\/-sjEqY_1kVzw\/T9MFYA0Qc3I\/AAAAAAAAAIs\/2p2eQNtRct8\/s576\/foto%20ne%20tekst.jpg\",\"keywords\":[\"2012\",\"Kryepiskopata Tiran\u00eb\",\"lajme\",\"Rinia Orthodhokse\"],\"articleSection\":[\"Lajme\"],\"inLanguage\":\"en-US\"},{\"@type\":\"WebPage\",\"@id\":\"https:\/\/orthodoxalbania.org\/2020\/2013\/03\/21\/takim-nje-ditor-i-te-rinjve-te-dioqezes-se-tiranes-me-studente-orthodhokse-amerikane\/\",\"url\":\"https:\/\/orthodoxalbania.org\/2020\/2013\/03\/21\/takim-nje-ditor-i-te-rinjve-te-dioqezes-se-tiranes-me-studente-orthodhokse-amerikane\/\",\"name\":\"Takim nj\u00eb ditor i t\u00eb rinjve t\u00eb Dioqez\u00ebs s\u00eb Tiran\u00ebs me student\u00eb orthodhoks\u00eb amerikan\u00eb. (3 Maj 2012) - Kisha Orthodh\u03bfkse Autoqefale e Shqip\u00ebris\u00eb\",\"isPartOf\":{\"@id\":\"https:\/\/orthodoxalbania.org\/2020\/#website\"},\"primaryImageOfPage\":{\"@id\":\"https:\/\/orthodoxalbania.org\/2020\/2013\/03\/21\/takim-nje-ditor-i-te-rinjve-te-dioqezes-se-tiranes-me-studente-orthodhokse-amerikane\/#primaryimage\"},\"image\":{\"@id\":\"https:\/\/orthodoxalbania.org\/2020\/2013\/03\/21\/takim-nje-ditor-i-te-rinjve-te-dioqezes-se-tiranes-me-studente-orthodhokse-amerikane\/#primaryimage\"},\"thumbnailUrl\":\"https:\/\/lh4.googleusercontent.com\/-sjEqY_1kVzw\/T9MFYA0Qc3I\/AAAAAAAAAIs\/2p2eQNtRct8\/s576\/foto%20ne%20tekst.jpg\",\"datePublished\":\"2013-03-21T11:58:44+00:00\",\"dateModified\":\"2020-04-06T20:06:04+00:00\",\"breadcrumb\":{\"@id\":\"https:\/\/orthodoxalbania.org\/2020\/2013\/03\/21\/takim-nje-ditor-i-te-rinjve-te-dioqezes-se-tiranes-me-studente-orthodhokse-amerikane\/#breadcrumb\"},\"inLanguage\":\"en-US\",\"potentialAction\":[{\"@type\":\"ReadAction\",\"target\":[\"https:\/\/orthodoxalbania.org\/2020\/2013\/03\/21\/takim-nje-ditor-i-te-rinjve-te-dioqezes-se-tiranes-me-studente-orthodhokse-amerikane\/\"]}]},{\"@type\":\"ImageObject\",\"inLanguage\":\"en-US\",\"@id\":\"https:\/\/orthodoxalbania.org\/2020\/2013\/03\/21\/takim-nje-ditor-i-te-rinjve-te-dioqezes-se-tiranes-me-studente-orthodhokse-amerikane\/#primaryimage\",\"url\":\"https:\/\/lh4.googleusercontent.com\/-sjEqY_1kVzw\/T9MFYA0Qc3I\/AAAAAAAAAIs\/2p2eQNtRct8\/s576\/foto%20ne%20tekst.jpg\",\"contentUrl\":\"https:\/\/lh4.googleusercontent.com\/-sjEqY_1kVzw\/T9MFYA0Qc3I\/AAAAAAAAAIs\/2p2eQNtRct8\/s576\/foto%20ne%20tekst.jpg\"},{\"@type\":\"BreadcrumbList\",\"@id\":\"https:\/\/orthodoxalbania.org\/2020\/2013\/03\/21\/takim-nje-ditor-i-te-rinjve-te-dioqezes-se-tiranes-me-studente-orthodhokse-amerikane\/#breadcrumb\",\"itemListElement\":[{\"@type\":\"ListItem\",\"position\":1,\"name\":\"Home\",\"item\":\"https:\/\/orthodoxalbania.org\/2020\/\"},{\"@type\":\"ListItem\",\"position\":2,\"name\":\"Takim nj\u00eb ditor i t\u00eb rinjve t\u00eb Dioqez\u00ebs s\u00eb Tiran\u00ebs me student\u00eb orthodhoks\u00eb amerikan\u00eb. (3 Maj 2012)\"}]},{\"@type\":\"WebSite\",\"@id\":\"https:\/\/orthodoxalbania.org\/2020\/#website\",\"url\":\"https:\/\/orthodoxalbania.org\/2020\/\",\"name\":\"Kisha Orthodh\u03bfkse Autoqefale e Shqip\u00ebris\u00eb\",\"description\":\"Fqja Zyrtare e Kish\u00ebs Orthodhokse Autoqefale e Shqip\u00ebris\u00eb me lajmet edhe informacionet zyrtare p\u00ebr struktur\u00ebn edhe veprimtarin e saj.\",\"publisher\":{\"@id\":\"https:\/\/orthodoxalbania.org\/2020\/#organization\"},\"potentialAction\":[{\"@type\":\"SearchAction\",\"target\":{\"@type\":\"EntryPoint\",\"urlTemplate\":\"https:\/\/orthodoxalbania.org\/2020\/?s={search_term_string}\"},\"query-input\":{\"@type\":\"PropertyValueSpecification\",\"valueRequired\":true,\"valueName\":\"search_term_string\"}}],\"inLanguage\":\"en-US\"},{\"@type\":\"Organization\",\"@id\":\"https:\/\/orthodoxalbania.org\/2020\/#organization\",\"name\":\"Kisha Orthodhokse Autoqefale e Shqip\u00ebris\u00eb\",\"url\":\"https:\/\/orthodoxalbania.org\/2020\/\",\"logo\":{\"@type\":\"ImageObject\",\"inLanguage\":\"en-US\",\"@id\":\"https:\/\/orthodoxalbania.org\/2020\/#\/schema\/logo\/image\/\",\"url\":\"https:\/\/orthodoxalbania.org\/2020\/wp-content\/uploads\/2020\/05\/albania.jpeg\",\"contentUrl\":\"https:\/\/orthodoxalbania.org\/2020\/wp-content\/uploads\/2020\/05\/albania.jpeg\",\"width\":540,\"height\":540,\"caption\":\"Kisha Orthodhokse Autoqefale e Shqip\u00ebris\u00eb\"},\"image\":{\"@id\":\"https:\/\/orthodoxalbania.org\/2020\/#\/schema\/logo\/image\/\"},\"sameAs\":[\"https:\/\/www.facebook.com\/koash1991\"]},{\"@type\":\"Person\",\"@id\":\"https:\/\/orthodoxalbania.org\/2020\/#\/schema\/person\/0c387634a7063ac612d7ed9ce71c7e86\",\"name\":\"Kisha Orthodhokse\",\"image\":{\"@type\":\"ImageObject\",\"inLanguage\":\"en-US\",\"@id\":\"https:\/\/secure.gravatar.com\/avatar\/596e7c417251e30f2fbb9c00e026fce61a695a00e51c889caded71c96cbbdde5?s=96&d=mm&r=g\",\"url\":\"https:\/\/secure.gravatar.com\/avatar\/596e7c417251e30f2fbb9c00e026fce61a695a00e51c889caded71c96cbbdde5?s=96&d=mm&r=g\",\"contentUrl\":\"https:\/\/secure.gravatar.com\/avatar\/596e7c417251e30f2fbb9c00e026fce61a695a00e51c889caded71c96cbbdde5?s=96&d=mm&r=g\",\"caption\":\"Kisha Orthodhokse\"}}]}<\/script>\n<!-- \/ Yoast SEO plugin. -->","yoast_head_json":{"title":"Takim nj\u00eb ditor i t\u00eb rinjve t\u00eb Dioqez\u00ebs s\u00eb Tiran\u00ebs me student\u00eb orthodhoks\u00eb amerikan\u00eb. (3 Maj 2012) - Kisha Orthodh\u03bfkse Autoqefale e Shqip\u00ebris\u00eb","robots":{"index":"index","follow":"follow","max-snippet":"max-snippet:-1","max-image-preview":"max-image-preview:large","max-video-preview":"max-video-preview:-1"},"canonical":"https:\/\/orthodoxalbania.org\/2020\/2013\/03\/21\/takim-nje-ditor-i-te-rinjve-te-dioqezes-se-tiranes-me-studente-orthodhokse-amerikane\/","og_locale":"en_US","og_type":"article","og_title":"Takim nj\u00eb ditor i t\u00eb rinjve t\u00eb Dioqez\u00ebs s\u00eb Tiran\u00ebs me student\u00eb orthodhoks\u00eb amerikan\u00eb. (3 Maj 2012) - Kisha Orthodh\u03bfkse Autoqefale e Shqip\u00ebris\u00eb","og_description":"&nbsp; &nbsp; Me q\u00ebllim rip\u00ebrt\u00ebritjen shpirt\u00ebrore, miq\u00ebsin\u00eb dhe fuqizimin n\u00eb ndarjen e besimit me t\u00eb tjer\u00ebt, n\u00eb dat\u00ebn 3 maj 2012, t\u00eb Diel\u00ebn e Pentikostis\u00eb, n\u00eb Tiran\u00eb dhe Elbasan u organizua nj\u00eb aktivitet rinor nj\u00eb ditor, n\u00ebn kujdesin e Zyr\u00ebs s\u00eb Rinis\u00eb s\u00eb Kryepiskopat\u00ebs, Qendr\u00ebs Studentore n\u00eb Tiran\u00eb dhe nj\u00eb grupi student\u00ebsh amerikan\u00eb, t\u00eb shoq\u00ebruar nga at\u00eb Luka Veronis. &nbsp;&nbsp;&nbsp; Grupi i student\u00ebve amerikan\u00eb p\u00ebrb\u00ebhej","og_url":"https:\/\/orthodoxalbania.org\/2020\/2013\/03\/21\/takim-nje-ditor-i-te-rinjve-te-dioqezes-se-tiranes-me-studente-orthodhokse-amerikane\/","og_site_name":"Kisha Orthodh\u03bfkse Autoqefale e Shqip\u00ebris\u00eb","article_publisher":"https:\/\/www.facebook.com\/koash1991","article_published_time":"2013-03-21T11:58:44+00:00","article_modified_time":"2020-04-06T20:06:04+00:00","og_image":[{"url":"https:\/\/lh4.googleusercontent.com\/-sjEqY_1kVzw\/T9MFYA0Qc3I\/AAAAAAAAAIs\/2p2eQNtRct8\/s576\/foto%20ne%20tekst.jpg","type":"","width":"","height":""}],"author":"Kisha Orthodhokse","twitter_card":"summary_large_image","twitter_misc":{"Written by":"Kisha Orthodhokse","Est. reading time":"6 minutes"},"schema":{"@context":"https:\/\/schema.org","@graph":[{"@type":"Article","@id":"https:\/\/orthodoxalbania.org\/2020\/2013\/03\/21\/takim-nje-ditor-i-te-rinjve-te-dioqezes-se-tiranes-me-studente-orthodhokse-amerikane\/#article","isPartOf":{"@id":"https:\/\/orthodoxalbania.org\/2020\/2013\/03\/21\/takim-nje-ditor-i-te-rinjve-te-dioqezes-se-tiranes-me-studente-orthodhokse-amerikane\/"},"author":{"name":"Kisha Orthodhokse","@id":"https:\/\/orthodoxalbania.org\/2020\/#\/schema\/person\/0c387634a7063ac612d7ed9ce71c7e86"},"headline":"Takim nj\u00eb ditor i t\u00eb rinjve t\u00eb Dioqez\u00ebs s\u00eb Tiran\u00ebs me student\u00eb orthodhoks\u00eb amerikan\u00eb. (3 Maj 2012)","datePublished":"2013-03-21T11:58:44+00:00","dateModified":"2020-04-06T20:06:04+00:00","mainEntityOfPage":{"@id":"https:\/\/orthodoxalbania.org\/2020\/2013\/03\/21\/takim-nje-ditor-i-te-rinjve-te-dioqezes-se-tiranes-me-studente-orthodhokse-amerikane\/"},"wordCount":1248,"commentCount":0,"publisher":{"@id":"https:\/\/orthodoxalbania.org\/2020\/#organization"},"image":{"@id":"https:\/\/orthodoxalbania.org\/2020\/2013\/03\/21\/takim-nje-ditor-i-te-rinjve-te-dioqezes-se-tiranes-me-studente-orthodhokse-amerikane\/#primaryimage"},"thumbnailUrl":"https:\/\/lh4.googleusercontent.com\/-sjEqY_1kVzw\/T9MFYA0Qc3I\/AAAAAAAAAIs\/2p2eQNtRct8\/s576\/foto%20ne%20tekst.jpg","keywords":["2012","Kryepiskopata Tiran\u00eb","lajme","Rinia Orthodhokse"],"articleSection":["Lajme"],"inLanguage":"en-US"},{"@type":"WebPage","@id":"https:\/\/orthodoxalbania.org\/2020\/2013\/03\/21\/takim-nje-ditor-i-te-rinjve-te-dioqezes-se-tiranes-me-studente-orthodhokse-amerikane\/","url":"https:\/\/orthodoxalbania.org\/2020\/2013\/03\/21\/takim-nje-ditor-i-te-rinjve-te-dioqezes-se-tiranes-me-studente-orthodhokse-amerikane\/","name":"Takim nj\u00eb ditor i t\u00eb rinjve t\u00eb Dioqez\u00ebs s\u00eb Tiran\u00ebs me student\u00eb orthodhoks\u00eb amerikan\u00eb. (3 Maj 2012) - Kisha Orthodh\u03bfkse Autoqefale e Shqip\u00ebris\u00eb","isPartOf":{"@id":"https:\/\/orthodoxalbania.org\/2020\/#website"},"primaryImageOfPage":{"@id":"https:\/\/orthodoxalbania.org\/2020\/2013\/03\/21\/takim-nje-ditor-i-te-rinjve-te-dioqezes-se-tiranes-me-studente-orthodhokse-amerikane\/#primaryimage"},"image":{"@id":"https:\/\/orthodoxalbania.org\/2020\/2013\/03\/21\/takim-nje-ditor-i-te-rinjve-te-dioqezes-se-tiranes-me-studente-orthodhokse-amerikane\/#primaryimage"},"thumbnailUrl":"https:\/\/lh4.googleusercontent.com\/-sjEqY_1kVzw\/T9MFYA0Qc3I\/AAAAAAAAAIs\/2p2eQNtRct8\/s576\/foto%20ne%20tekst.jpg","datePublished":"2013-03-21T11:58:44+00:00","dateModified":"2020-04-06T20:06:04+00:00","breadcrumb":{"@id":"https:\/\/orthodoxalbania.org\/2020\/2013\/03\/21\/takim-nje-ditor-i-te-rinjve-te-dioqezes-se-tiranes-me-studente-orthodhokse-amerikane\/#breadcrumb"},"inLanguage":"en-US","potentialAction":[{"@type":"ReadAction","target":["https:\/\/orthodoxalbania.org\/2020\/2013\/03\/21\/takim-nje-ditor-i-te-rinjve-te-dioqezes-se-tiranes-me-studente-orthodhokse-amerikane\/"]}]},{"@type":"ImageObject","inLanguage":"en-US","@id":"https:\/\/orthodoxalbania.org\/2020\/2013\/03\/21\/takim-nje-ditor-i-te-rinjve-te-dioqezes-se-tiranes-me-studente-orthodhokse-amerikane\/#primaryimage","url":"https:\/\/lh4.googleusercontent.com\/-sjEqY_1kVzw\/T9MFYA0Qc3I\/AAAAAAAAAIs\/2p2eQNtRct8\/s576\/foto%20ne%20tekst.jpg","contentUrl":"https:\/\/lh4.googleusercontent.com\/-sjEqY_1kVzw\/T9MFYA0Qc3I\/AAAAAAAAAIs\/2p2eQNtRct8\/s576\/foto%20ne%20tekst.jpg"},{"@type":"BreadcrumbList","@id":"https:\/\/orthodoxalbania.org\/2020\/2013\/03\/21\/takim-nje-ditor-i-te-rinjve-te-dioqezes-se-tiranes-me-studente-orthodhokse-amerikane\/#breadcrumb","itemListElement":[{"@type":"ListItem","position":1,"name":"Home","item":"https:\/\/orthodoxalbania.org\/2020\/"},{"@type":"ListItem","position":2,"name":"Takim nj\u00eb ditor i t\u00eb rinjve t\u00eb Dioqez\u00ebs s\u00eb Tiran\u00ebs me student\u00eb orthodhoks\u00eb amerikan\u00eb. (3 Maj 2012)"}]},{"@type":"WebSite","@id":"https:\/\/orthodoxalbania.org\/2020\/#website","url":"https:\/\/orthodoxalbania.org\/2020\/","name":"Kisha Orthodh\u03bfkse Autoqefale e Shqip\u00ebris\u00eb","description":"Fqja Zyrtare e Kish\u00ebs Orthodhokse Autoqefale e Shqip\u00ebris\u00eb me lajmet edhe informacionet zyrtare p\u00ebr struktur\u00ebn edhe veprimtarin e saj.","publisher":{"@id":"https:\/\/orthodoxalbania.org\/2020\/#organization"},"potentialAction":[{"@type":"SearchAction","target":{"@type":"EntryPoint","urlTemplate":"https:\/\/orthodoxalbania.org\/2020\/?s={search_term_string}"},"query-input":{"@type":"PropertyValueSpecification","valueRequired":true,"valueName":"search_term_string"}}],"inLanguage":"en-US"},{"@type":"Organization","@id":"https:\/\/orthodoxalbania.org\/2020\/#organization","name":"Kisha Orthodhokse Autoqefale e Shqip\u00ebris\u00eb","url":"https:\/\/orthodoxalbania.org\/2020\/","logo":{"@type":"ImageObject","inLanguage":"en-US","@id":"https:\/\/orthodoxalbania.org\/2020\/#\/schema\/logo\/image\/","url":"https:\/\/orthodoxalbania.org\/2020\/wp-content\/uploads\/2020\/05\/albania.jpeg","contentUrl":"https:\/\/orthodoxalbania.org\/2020\/wp-content\/uploads\/2020\/05\/albania.jpeg","width":540,"height":540,"caption":"Kisha Orthodhokse Autoqefale e Shqip\u00ebris\u00eb"},"image":{"@id":"https:\/\/orthodoxalbania.org\/2020\/#\/schema\/logo\/image\/"},"sameAs":["https:\/\/www.facebook.com\/koash1991"]},{"@type":"Person","@id":"https:\/\/orthodoxalbania.org\/2020\/#\/schema\/person\/0c387634a7063ac612d7ed9ce71c7e86","name":"Kisha Orthodhokse","image":{"@type":"ImageObject","inLanguage":"en-US","@id":"https:\/\/secure.gravatar.com\/avatar\/596e7c417251e30f2fbb9c00e026fce61a695a00e51c889caded71c96cbbdde5?s=96&d=mm&r=g","url":"https:\/\/secure.gravatar.com\/avatar\/596e7c417251e30f2fbb9c00e026fce61a695a00e51c889caded71c96cbbdde5?s=96&d=mm&r=g","contentUrl":"https:\/\/secure.gravatar.com\/avatar\/596e7c417251e30f2fbb9c00e026fce61a695a00e51c889caded71c96cbbdde5?s=96&d=mm&r=g","caption":"Kisha Orthodhokse"}}]}},"_links":{"self":[{"href":"https:\/\/orthodoxalbania.org\/2020\/wp-json\/wp\/v2\/posts\/1247","targetHints":{"allow":["GET"]}}],"collection":[{"href":"https:\/\/orthodoxalbania.org\/2020\/wp-json\/wp\/v2\/posts"}],"about":[{"href":"https:\/\/orthodoxalbania.org\/2020\/wp-json\/wp\/v2\/types\/post"}],"author":[{"embeddable":true,"href":"https:\/\/orthodoxalbania.org\/2020\/wp-json\/wp\/v2\/users\/1"}],"replies":[{"embeddable":true,"href":"https:\/\/orthodoxalbania.org\/2020\/wp-json\/wp\/v2\/comments?post=1247"}],"version-history":[{"count":1,"href":"https:\/\/orthodoxalbania.org\/2020\/wp-json\/wp\/v2\/posts\/1247\/revisions"}],"predecessor-version":[{"id":15319,"href":"https:\/\/orthodoxalbania.org\/2020\/wp-json\/wp\/v2\/posts\/1247\/revisions\/15319"}],"wp:attachment":[{"href":"https:\/\/orthodoxalbania.org\/2020\/wp-json\/wp\/v2\/media?parent=1247"}],"wp:term":[{"taxonomy":"category","embeddable":true,"href":"https:\/\/orthodoxalbania.org\/2020\/wp-json\/wp\/v2\/categories?post=1247"},{"taxonomy":"post_tag","embeddable":true,"href":"https:\/\/orthodoxalbania.org\/2020\/wp-json\/wp\/v2\/tags?post=1247"}],"curies":[{"name":"wp","href":"https:\/\/api.w.org\/{rel}","templated":true}]}}