{"id":1245,"date":"2013-09-24T07:50:53","date_gmt":"2013-09-24T07:50:53","guid":{"rendered":""},"modified":"2020-04-06T22:05:33","modified_gmt":"2020-04-06T20:05:33","slug":"takim-nderkombetar-midis-kishave-orthodhokse-dhe-evangjeliste-ne-manastirin-e-shen-vlashit","status":"publish","type":"post","link":"https:\/\/orthodoxalbania.org\/2020\/2013\/09\/24\/takim-nderkombetar-midis-kishave-orthodhokse-dhe-evangjeliste-ne-manastirin-e-shen-vlashit\/","title":{"rendered":"Takim nd\u00ebrkomb\u00ebtar midis Kishave Orthodhokse dhe Evangjeliste n\u00eb Manastirin e Sh\u00ebn Vlashit. (2 &#8211; 6 Shtator 2013)"},"content":{"rendered":"<div style=\"text-align: justify;\">\n\t<span style=\"color:#000000;\"><span style=\"font-family: tahoma,geneva,sans-serif;\"><span style=\"font-size: 12px;\"><img class=\"lazyload\" decoding=\"async\" src=\"data:image\/gif;base64,R0lGODlhAQABAAAAACH5BAEKAAEALAAAAAABAAEAAAICTAEAOw==\" data-orig-src=\"https:\/\/lh5.googleusercontent.com\/-u5oDIg-nwgk\/UkFDzCF_DVI\/AAAAAAAAGfE\/Qexyx157s4I\/s640\/Shen vlash.jpg\" style=\"width: 300px; height: 206px; margin: 10px; float: left; border-width: 1px; border-style: solid;\" \/>&nbsp;&nbsp;&nbsp; Nga 2 deri m\u00eb 6 shtator 2013, me ftes\u00ebn dhe mund\u00ebsit\u00eb e krijuara nga Fortlumturia e Tij, Kryepiskopi i Tiran\u00ebs, Durr\u00ebsit dhe i gjith\u00eb Shqip\u00ebris\u00eb, Prof. Dr. Anastasi, u mblodh\u00ebn n\u00eb Manastirin e Sh\u00ebn Vlashit, Durr\u00ebs, drejtues klerik\u00eb dhe laik\u00eb t\u00eb 46 kishave t\u00eb krishtera, Orthodhokse dhe Evangjeliste, nga 20 vende t\u00eb ndryshme. Ky takim ishte i pari konsultim nd\u00ebrkomb\u00ebtar i Nism\u00ebs s\u00eb Lozan\u00ebs me Orthodhoks\u00ebt.<\/span><\/span><\/span><\/div>\n<div style=\"text-align: justify;\">\n\t<br \/>\n\t<span style=\"color:#000000;\"><span style=\"font-family: tahoma,geneva,sans-serif;\"><span style=\"font-size: 12px;\">&nbsp;&nbsp;&nbsp; Mbledhja kishte si tem\u00eb \u201cMisioni i Per\u00ebndis\u00eb\u201d dhe u hap nga Kryepiskopi Anastas, i cili u kujtoi t\u00eb pranishm\u00ebve se: \u201cShpirti n\u00eb m\u00ebnyr\u00eb t\u00eb vazhdueshme i jep jet\u00eb Kish\u00ebs dhe \u00e7do an\u00ebtari t\u00eb saj, duke i transformuar n\u00eb qeliza t\u00eb gjalla t\u00eb trupit mistik t\u00eb Krishtit, dhe i b\u00ebn t\u00eb aft\u00eb t\u00eb marrin pjes\u00eb n\u00eb misionin e Tij t\u00eb vazhduesh\u00ebm p\u00ebr shp\u00ebtimin e t\u00ebr\u00eb gjith\u00ebsis\u00eb\u201d.<\/span><\/span><\/span><\/div>\n<div style=\"text-align: justify;\">\n\t<br \/>\n\t<span style=\"color:#000000;\"><span style=\"font-family: tahoma,geneva,sans-serif;\"><span style=\"font-size: 12px;\">&nbsp;&nbsp;&nbsp; N\u00eb vazhdim, misiologjisti evangjelist, dr. Darrell Jackson, kujtoi q\u00ebllimin e thirrjes s\u00eb Nism\u00ebs s\u00eb Lozan\u00ebs me Orthodhoks\u00ebt, q\u00eb e t\u00ebr\u00eb Kisha t\u00eb p\u00ebrhap\u00eb Ungjillin n\u00eb t\u00eb gjith\u00eb bot\u00ebn. Ai u ndal n\u00eb konvergjencat midis m\u00ebnyr\u00ebs Orthodhokse dhe Evangjeliste t\u00eb kuptimit t\u00eb hierapostullimit, pa neglizhuar ato pika q\u00eb ndajn\u00eb.<\/span><\/span><\/span><\/div>\n<div style=\"text-align: justify;\">\n\t<br \/>\n\t<span style=\"color:#000000;\"><span style=\"font-family: tahoma,geneva,sans-serif;\"><span style=\"font-size: 12px;\">&nbsp;&nbsp;&nbsp; Qendrore dhe e vler\u00ebsuar n\u00eb k\u00ebt\u00eb takim, ishte mund\u00ebsia p\u00ebr t\u00eb studiuar s\u00eb bashku Shkrimin e Shenjt\u00eb, koha e kaluar n\u00eb lutje dhe diskutimet e hapura dhe interesante n\u00eb seancat plenare dhe n\u00eb grupe t\u00eb vogla. Pjes\u00ebmarr\u00ebsit e pan\u00eb veten si n\u00eb nj\u00eb pelegrinazh n\u00eb zbulim t\u00eb nj\u00ebri-tjetrit, nj\u00eb rrug\u00ebtim pa pasur si q\u00ebllim institucionet apo komformitetin theologjik, por pjes\u00ebmarrjen me shum\u00eb besim n\u00eb misionin e Per\u00ebndis\u00eb, vullneti i t\u00eb Cilit, na bashkon n\u00eb nj\u00eb vend ku \u201cnj\u00eb shumic\u00eb q\u00eb askush nuk mund ta num\u00ebroj\u00eb, nga \u00e7do komb, tribu, popull dhe gjuh\u00eb (q\u00ebndroi) p\u00ebrpara fronit dhe p\u00ebrpara Qengjit. (Zbulesa 7:9)<\/span><\/span><\/span><\/div>\n<div style=\"text-align: justify;\">\n\t<br \/>\n\t<span style=\"color:#000000;\"><span style=\"font-family: tahoma,geneva,sans-serif;\"><span style=\"font-size: 12px;\">&nbsp;&nbsp;&nbsp; N\u00eb diskutime t\u00eb hapura, n\u00ebp\u00ebrmjet d\u00ebshmive personale dhe n\u00eb shpirtin e respektit dhe t\u00eb mikpritjes, pjes\u00ebmarr\u00ebsit debatuan p\u00ebr \u00e7\u00ebshtjet sfiduese t\u00eb proselitizmit, territoreve kanonike, shp\u00ebtimit, theosis dhe shum\u00eb \u00e7\u00ebshtje t\u00eb tjera, me p\u00ebrfundimin p\u00ebr t\u00eb vazhduar k\u00ebt\u00eb rrug\u00ebtim s\u00eb bashku, me nj\u00eb takim t\u00eb dyt\u00eb nd\u00ebrkomb\u00ebtar, q\u00eb \u00ebsht\u00eb planifikuar t\u00eb mbahet n\u00eb fillim t\u00eb vjesht\u00ebs t\u00eb vitit t\u00eb ardhsh\u00ebm.<\/span><\/span><\/span><\/div>\n<div style=\"text-align: justify;\">\n\t<br \/>\n\t<span style=\"color:#000000;\"><span style=\"font-family: tahoma,geneva,sans-serif;\"><span style=\"font-size: 12px;\">&nbsp;&nbsp;&nbsp; Duke l\u00ebvizur s\u00eb bashku p\u00ebrpara, q\u00ebllimi i Nism\u00ebs t\u00eb Lozan\u00ebs me Orthodhoks\u00ebt, \u00ebsht\u00eb p\u00ebr t\u00eb reflektuar n\u00eb m\u00ebnyr\u00eb konstruktive p\u00ebr historikun e marr\u00ebdh\u00ebnieve midis orthodhoks\u00ebve dhe Evangjelist\u00ebve, p\u00ebr t\u00eb punuar s\u00eb bashku drejt nj\u00eb kuptimi m\u00eb t\u00eb mir\u00eb dhe sh\u00ebrimin e plag\u00ebve q\u00eb ekzistojn\u00eb. N\u00ebp\u00ebrmjet k\u00ebtij procesi t\u00eb dy pal\u00ebt do t\u00eb pasurohen dhe forcohen n\u00eb pun\u00eb e hierapostolis\u00eb, me m\u00eb shum\u00eb respekt reciprok, mb\u00ebshtetje dhe bashk\u00ebpunim.<br \/>\n\t&nbsp;<\/span><\/span><\/span><\/div>\n<div style=\"text-align: right;\">\n\t<br \/>\n\t<span style=\"color:#000000;\"><span style=\"font-family: tahoma,geneva,sans-serif;\"><span style=\"font-size: 12px;\"><strong>Th.Dh<\/strong><\/span><\/span><\/span><\/div>\n","protected":false},"excerpt":{"rendered":"<p>&nbsp;&nbsp;&nbsp; Nga 2 deri m\u00eb 6 shtator 2013, me ftes\u00ebn dhe mund\u00ebsit\u00eb e krijuara nga Fortlumturia e Tij, Kryepiskopi i Tiran\u00ebs, Durr\u00ebsit dhe i gjith\u00eb Shqip\u00ebris\u00eb, Prof. Dr. Anastasi, u mblodh\u00ebn n\u00eb Manastirin e Sh\u00ebn Vlashit, Durr\u00ebs, drejtues klerik\u00eb dhe laik\u00eb t\u00eb 46 kishave t\u00eb krishtera, Orthodhokse dhe Evangjeliste, nga 20 vende t\u00eb ndryshme. Ky takim ishte i pari konsultim nd\u00ebrkomb\u00ebtar i Nism\u00ebs s\u00eb Lozan\u00ebs<\/p>\n","protected":false},"author":1,"featured_media":0,"comment_status":"open","ping_status":"open","sticky":false,"template":"","format":"standard","meta":{"_acf_changed":false,"pagelayer_contact_templates":[],"_pagelayer_content":"","inline_featured_image":false,"fifu_image_url":"","fifu_image_alt":"","footnotes":""},"categories":[108],"tags":[141,162,153,196,201,212],"class_list":["post-1245","post","type-post","status-publish","format-standard","hentry","category-lajme","tag-141","tag-aktivitete-nderfetare","tag-deklarata-njoftime-zyrtare-d75","tag-tirane","tag-kryepiskopi-anastas","tag-lajme-d27"],"acf":[],"yoast_head":"<!-- This site is optimized with the Yoast SEO plugin v27.2 - https:\/\/yoast.com\/product\/yoast-seo-wordpress\/ -->\n<title>Takim nd\u00ebrkomb\u00ebtar midis Kishave Orthodhokse dhe Evangjeliste n\u00eb Manastirin e Sh\u00ebn Vlashit. (2 - 6 Shtator 2013) - Kisha Orthodh\u03bfkse Autoqefale e Shqip\u00ebris\u00eb<\/title>\n<meta name=\"robots\" content=\"index, follow, max-snippet:-1, max-image-preview:large, max-video-preview:-1\" \/>\n<link rel=\"canonical\" href=\"https:\/\/orthodoxalbania.org\/2020\/2013\/09\/24\/takim-nderkombetar-midis-kishave-orthodhokse-dhe-evangjeliste-ne-manastirin-e-shen-vlashit\/\" \/>\n<meta property=\"og:locale\" content=\"en_US\" \/>\n<meta property=\"og:type\" content=\"article\" \/>\n<meta property=\"og:title\" content=\"Takim nd\u00ebrkomb\u00ebtar midis Kishave Orthodhokse dhe Evangjeliste n\u00eb Manastirin e Sh\u00ebn Vlashit. (2 - 6 Shtator 2013) - Kisha Orthodh\u03bfkse Autoqefale e Shqip\u00ebris\u00eb\" \/>\n<meta property=\"og:description\" content=\"&nbsp;&nbsp;&nbsp; Nga 2 deri m\u00eb 6 shtator 2013, me ftes\u00ebn dhe mund\u00ebsit\u00eb e krijuara nga Fortlumturia e Tij, Kryepiskopi i Tiran\u00ebs, Durr\u00ebsit dhe i gjith\u00eb Shqip\u00ebris\u00eb, Prof. Dr. Anastasi, u mblodh\u00ebn n\u00eb Manastirin e Sh\u00ebn Vlashit, Durr\u00ebs, drejtues klerik\u00eb dhe laik\u00eb t\u00eb 46 kishave t\u00eb krishtera, Orthodhokse dhe Evangjeliste, nga 20 vende t\u00eb ndryshme. Ky takim ishte i pari konsultim nd\u00ebrkomb\u00ebtar i Nism\u00ebs s\u00eb Lozan\u00ebs\" \/>\n<meta property=\"og:url\" content=\"https:\/\/orthodoxalbania.org\/2020\/2013\/09\/24\/takim-nderkombetar-midis-kishave-orthodhokse-dhe-evangjeliste-ne-manastirin-e-shen-vlashit\/\" \/>\n<meta property=\"og:site_name\" content=\"Kisha Orthodh\u03bfkse Autoqefale e Shqip\u00ebris\u00eb\" \/>\n<meta property=\"article:publisher\" content=\"https:\/\/www.facebook.com\/koash1991\" \/>\n<meta property=\"article:published_time\" content=\"2013-09-24T07:50:53+00:00\" \/>\n<meta property=\"article:modified_time\" content=\"2020-04-06T20:05:33+00:00\" \/>\n<meta property=\"og:image\" content=\"https:\/\/lh5.googleusercontent.com\/-u5oDIg-nwgk\/UkFDzCF_DVI\/AAAAAAAAGfE\/Qexyx157s4I\/s640\/Shen%20vlash.jpg\" \/>\n<meta name=\"author\" content=\"Kisha Orthodhokse\" \/>\n<meta name=\"twitter:card\" content=\"summary_large_image\" \/>\n<meta name=\"twitter:label1\" content=\"Written by\" \/>\n\t<meta name=\"twitter:data1\" content=\"Kisha Orthodhokse\" \/>\n\t<meta name=\"twitter:label2\" content=\"Est. reading time\" \/>\n\t<meta name=\"twitter:data2\" content=\"3 minutes\" \/>\n<script type=\"application\/ld+json\" class=\"yoast-schema-graph\">{\"@context\":\"https:\/\/schema.org\",\"@graph\":[{\"@type\":\"Article\",\"@id\":\"https:\/\/orthodoxalbania.org\/2020\/2013\/09\/24\/takim-nderkombetar-midis-kishave-orthodhokse-dhe-evangjeliste-ne-manastirin-e-shen-vlashit\/#article\",\"isPartOf\":{\"@id\":\"https:\/\/orthodoxalbania.org\/2020\/2013\/09\/24\/takim-nderkombetar-midis-kishave-orthodhokse-dhe-evangjeliste-ne-manastirin-e-shen-vlashit\/\"},\"author\":{\"name\":\"Kisha Orthodhokse\",\"@id\":\"https:\/\/orthodoxalbania.org\/2020\/#\/schema\/person\/0c387634a7063ac612d7ed9ce71c7e86\"},\"headline\":\"Takim nd\u00ebrkomb\u00ebtar midis Kishave Orthodhokse dhe Evangjeliste n\u00eb Manastirin e Sh\u00ebn Vlashit. (2 &#8211; 6 Shtator 2013)\",\"datePublished\":\"2013-09-24T07:50:53+00:00\",\"dateModified\":\"2020-04-06T20:05:33+00:00\",\"mainEntityOfPage\":{\"@id\":\"https:\/\/orthodoxalbania.org\/2020\/2013\/09\/24\/takim-nderkombetar-midis-kishave-orthodhokse-dhe-evangjeliste-ne-manastirin-e-shen-vlashit\/\"},\"wordCount\":522,\"commentCount\":0,\"publisher\":{\"@id\":\"https:\/\/orthodoxalbania.org\/2020\/#organization\"},\"keywords\":[\"2013\",\"Aktivitete Nd\u00ebrfetare\",\"Deklarata - Njoftime Zyrtare\",\"Kryepiskopata Tiran\u00eb\",\"Kryepiskopi Anastas\",\"lajme\"],\"articleSection\":[\"Lajme\"],\"inLanguage\":\"en-US\"},{\"@type\":\"WebPage\",\"@id\":\"https:\/\/orthodoxalbania.org\/2020\/2013\/09\/24\/takim-nderkombetar-midis-kishave-orthodhokse-dhe-evangjeliste-ne-manastirin-e-shen-vlashit\/\",\"url\":\"https:\/\/orthodoxalbania.org\/2020\/2013\/09\/24\/takim-nderkombetar-midis-kishave-orthodhokse-dhe-evangjeliste-ne-manastirin-e-shen-vlashit\/\",\"name\":\"Takim nd\u00ebrkomb\u00ebtar midis Kishave Orthodhokse dhe Evangjeliste n\u00eb Manastirin e Sh\u00ebn Vlashit. (2 - 6 Shtator 2013) - Kisha Orthodh\u03bfkse Autoqefale e Shqip\u00ebris\u00eb\",\"isPartOf\":{\"@id\":\"https:\/\/orthodoxalbania.org\/2020\/#website\"},\"datePublished\":\"2013-09-24T07:50:53+00:00\",\"dateModified\":\"2020-04-06T20:05:33+00:00\",\"breadcrumb\":{\"@id\":\"https:\/\/orthodoxalbania.org\/2020\/2013\/09\/24\/takim-nderkombetar-midis-kishave-orthodhokse-dhe-evangjeliste-ne-manastirin-e-shen-vlashit\/#breadcrumb\"},\"inLanguage\":\"en-US\",\"potentialAction\":[{\"@type\":\"ReadAction\",\"target\":[\"https:\/\/orthodoxalbania.org\/2020\/2013\/09\/24\/takim-nderkombetar-midis-kishave-orthodhokse-dhe-evangjeliste-ne-manastirin-e-shen-vlashit\/\"]}]},{\"@type\":\"BreadcrumbList\",\"@id\":\"https:\/\/orthodoxalbania.org\/2020\/2013\/09\/24\/takim-nderkombetar-midis-kishave-orthodhokse-dhe-evangjeliste-ne-manastirin-e-shen-vlashit\/#breadcrumb\",\"itemListElement\":[{\"@type\":\"ListItem\",\"position\":1,\"name\":\"Home\",\"item\":\"https:\/\/orthodoxalbania.org\/2020\/\"},{\"@type\":\"ListItem\",\"position\":2,\"name\":\"Takim nd\u00ebrkomb\u00ebtar midis Kishave Orthodhokse dhe Evangjeliste n\u00eb Manastirin e Sh\u00ebn Vlashit. (2 &#8211; 6 Shtator 2013)\"}]},{\"@type\":\"WebSite\",\"@id\":\"https:\/\/orthodoxalbania.org\/2020\/#website\",\"url\":\"https:\/\/orthodoxalbania.org\/2020\/\",\"name\":\"Kisha Orthodh\u03bfkse Autoqefale e Shqip\u00ebris\u00eb\",\"description\":\"Fqja Zyrtare e Kish\u00ebs Orthodhokse Autoqefale e Shqip\u00ebris\u00eb me lajmet edhe informacionet zyrtare p\u00ebr struktur\u00ebn edhe veprimtarin e saj.\",\"publisher\":{\"@id\":\"https:\/\/orthodoxalbania.org\/2020\/#organization\"},\"potentialAction\":[{\"@type\":\"SearchAction\",\"target\":{\"@type\":\"EntryPoint\",\"urlTemplate\":\"https:\/\/orthodoxalbania.org\/2020\/?s={search_term_string}\"},\"query-input\":{\"@type\":\"PropertyValueSpecification\",\"valueRequired\":true,\"valueName\":\"search_term_string\"}}],\"inLanguage\":\"en-US\"},{\"@type\":\"Organization\",\"@id\":\"https:\/\/orthodoxalbania.org\/2020\/#organization\",\"name\":\"Kisha Orthodhokse Autoqefale e Shqip\u00ebris\u00eb\",\"url\":\"https:\/\/orthodoxalbania.org\/2020\/\",\"logo\":{\"@type\":\"ImageObject\",\"inLanguage\":\"en-US\",\"@id\":\"https:\/\/orthodoxalbania.org\/2020\/#\/schema\/logo\/image\/\",\"url\":\"https:\/\/orthodoxalbania.org\/2020\/wp-content\/uploads\/2020\/05\/albania.jpeg\",\"contentUrl\":\"https:\/\/orthodoxalbania.org\/2020\/wp-content\/uploads\/2020\/05\/albania.jpeg\",\"width\":540,\"height\":540,\"caption\":\"Kisha Orthodhokse Autoqefale e Shqip\u00ebris\u00eb\"},\"image\":{\"@id\":\"https:\/\/orthodoxalbania.org\/2020\/#\/schema\/logo\/image\/\"},\"sameAs\":[\"https:\/\/www.facebook.com\/koash1991\"]},{\"@type\":\"Person\",\"@id\":\"https:\/\/orthodoxalbania.org\/2020\/#\/schema\/person\/0c387634a7063ac612d7ed9ce71c7e86\",\"name\":\"Kisha Orthodhokse\",\"image\":{\"@type\":\"ImageObject\",\"inLanguage\":\"en-US\",\"@id\":\"https:\/\/secure.gravatar.com\/avatar\/596e7c417251e30f2fbb9c00e026fce61a695a00e51c889caded71c96cbbdde5?s=96&d=mm&r=g\",\"url\":\"https:\/\/secure.gravatar.com\/avatar\/596e7c417251e30f2fbb9c00e026fce61a695a00e51c889caded71c96cbbdde5?s=96&d=mm&r=g\",\"contentUrl\":\"https:\/\/secure.gravatar.com\/avatar\/596e7c417251e30f2fbb9c00e026fce61a695a00e51c889caded71c96cbbdde5?s=96&d=mm&r=g\",\"caption\":\"Kisha Orthodhokse\"}}]}<\/script>\n<!-- \/ Yoast SEO plugin. -->","yoast_head_json":{"title":"Takim nd\u00ebrkomb\u00ebtar midis Kishave Orthodhokse dhe Evangjeliste n\u00eb Manastirin e Sh\u00ebn Vlashit. (2 - 6 Shtator 2013) - Kisha Orthodh\u03bfkse Autoqefale e Shqip\u00ebris\u00eb","robots":{"index":"index","follow":"follow","max-snippet":"max-snippet:-1","max-image-preview":"max-image-preview:large","max-video-preview":"max-video-preview:-1"},"canonical":"https:\/\/orthodoxalbania.org\/2020\/2013\/09\/24\/takim-nderkombetar-midis-kishave-orthodhokse-dhe-evangjeliste-ne-manastirin-e-shen-vlashit\/","og_locale":"en_US","og_type":"article","og_title":"Takim nd\u00ebrkomb\u00ebtar midis Kishave Orthodhokse dhe Evangjeliste n\u00eb Manastirin e Sh\u00ebn Vlashit. (2 - 6 Shtator 2013) - Kisha Orthodh\u03bfkse Autoqefale e Shqip\u00ebris\u00eb","og_description":"&nbsp;&nbsp;&nbsp; Nga 2 deri m\u00eb 6 shtator 2013, me ftes\u00ebn dhe mund\u00ebsit\u00eb e krijuara nga Fortlumturia e Tij, Kryepiskopi i Tiran\u00ebs, Durr\u00ebsit dhe i gjith\u00eb Shqip\u00ebris\u00eb, Prof. Dr. Anastasi, u mblodh\u00ebn n\u00eb Manastirin e Sh\u00ebn Vlashit, Durr\u00ebs, drejtues klerik\u00eb dhe laik\u00eb t\u00eb 46 kishave t\u00eb krishtera, Orthodhokse dhe Evangjeliste, nga 20 vende t\u00eb ndryshme. Ky takim ishte i pari konsultim nd\u00ebrkomb\u00ebtar i Nism\u00ebs s\u00eb Lozan\u00ebs","og_url":"https:\/\/orthodoxalbania.org\/2020\/2013\/09\/24\/takim-nderkombetar-midis-kishave-orthodhokse-dhe-evangjeliste-ne-manastirin-e-shen-vlashit\/","og_site_name":"Kisha Orthodh\u03bfkse Autoqefale e Shqip\u00ebris\u00eb","article_publisher":"https:\/\/www.facebook.com\/koash1991","article_published_time":"2013-09-24T07:50:53+00:00","article_modified_time":"2020-04-06T20:05:33+00:00","og_image":[{"url":"https:\/\/lh5.googleusercontent.com\/-u5oDIg-nwgk\/UkFDzCF_DVI\/AAAAAAAAGfE\/Qexyx157s4I\/s640\/Shen vlash.jpg","type":"","width":"","height":""}],"author":"Kisha Orthodhokse","twitter_card":"summary_large_image","twitter_misc":{"Written by":"Kisha Orthodhokse","Est. reading time":"3 minutes"},"schema":{"@context":"https:\/\/schema.org","@graph":[{"@type":"Article","@id":"https:\/\/orthodoxalbania.org\/2020\/2013\/09\/24\/takim-nderkombetar-midis-kishave-orthodhokse-dhe-evangjeliste-ne-manastirin-e-shen-vlashit\/#article","isPartOf":{"@id":"https:\/\/orthodoxalbania.org\/2020\/2013\/09\/24\/takim-nderkombetar-midis-kishave-orthodhokse-dhe-evangjeliste-ne-manastirin-e-shen-vlashit\/"},"author":{"name":"Kisha Orthodhokse","@id":"https:\/\/orthodoxalbania.org\/2020\/#\/schema\/person\/0c387634a7063ac612d7ed9ce71c7e86"},"headline":"Takim nd\u00ebrkomb\u00ebtar midis Kishave Orthodhokse dhe Evangjeliste n\u00eb Manastirin e Sh\u00ebn Vlashit. (2 &#8211; 6 Shtator 2013)","datePublished":"2013-09-24T07:50:53+00:00","dateModified":"2020-04-06T20:05:33+00:00","mainEntityOfPage":{"@id":"https:\/\/orthodoxalbania.org\/2020\/2013\/09\/24\/takim-nderkombetar-midis-kishave-orthodhokse-dhe-evangjeliste-ne-manastirin-e-shen-vlashit\/"},"wordCount":522,"commentCount":0,"publisher":{"@id":"https:\/\/orthodoxalbania.org\/2020\/#organization"},"keywords":["2013","Aktivitete Nd\u00ebrfetare","Deklarata - Njoftime Zyrtare","Kryepiskopata Tiran\u00eb","Kryepiskopi Anastas","lajme"],"articleSection":["Lajme"],"inLanguage":"en-US"},{"@type":"WebPage","@id":"https:\/\/orthodoxalbania.org\/2020\/2013\/09\/24\/takim-nderkombetar-midis-kishave-orthodhokse-dhe-evangjeliste-ne-manastirin-e-shen-vlashit\/","url":"https:\/\/orthodoxalbania.org\/2020\/2013\/09\/24\/takim-nderkombetar-midis-kishave-orthodhokse-dhe-evangjeliste-ne-manastirin-e-shen-vlashit\/","name":"Takim nd\u00ebrkomb\u00ebtar midis Kishave Orthodhokse dhe Evangjeliste n\u00eb Manastirin e Sh\u00ebn Vlashit. (2 - 6 Shtator 2013) - Kisha Orthodh\u03bfkse Autoqefale e Shqip\u00ebris\u00eb","isPartOf":{"@id":"https:\/\/orthodoxalbania.org\/2020\/#website"},"datePublished":"2013-09-24T07:50:53+00:00","dateModified":"2020-04-06T20:05:33+00:00","breadcrumb":{"@id":"https:\/\/orthodoxalbania.org\/2020\/2013\/09\/24\/takim-nderkombetar-midis-kishave-orthodhokse-dhe-evangjeliste-ne-manastirin-e-shen-vlashit\/#breadcrumb"},"inLanguage":"en-US","potentialAction":[{"@type":"ReadAction","target":["https:\/\/orthodoxalbania.org\/2020\/2013\/09\/24\/takim-nderkombetar-midis-kishave-orthodhokse-dhe-evangjeliste-ne-manastirin-e-shen-vlashit\/"]}]},{"@type":"BreadcrumbList","@id":"https:\/\/orthodoxalbania.org\/2020\/2013\/09\/24\/takim-nderkombetar-midis-kishave-orthodhokse-dhe-evangjeliste-ne-manastirin-e-shen-vlashit\/#breadcrumb","itemListElement":[{"@type":"ListItem","position":1,"name":"Home","item":"https:\/\/orthodoxalbania.org\/2020\/"},{"@type":"ListItem","position":2,"name":"Takim nd\u00ebrkomb\u00ebtar midis Kishave Orthodhokse dhe Evangjeliste n\u00eb Manastirin e Sh\u00ebn Vlashit. (2 &#8211; 6 Shtator 2013)"}]},{"@type":"WebSite","@id":"https:\/\/orthodoxalbania.org\/2020\/#website","url":"https:\/\/orthodoxalbania.org\/2020\/","name":"Kisha Orthodh\u03bfkse Autoqefale e Shqip\u00ebris\u00eb","description":"Fqja Zyrtare e Kish\u00ebs Orthodhokse Autoqefale e Shqip\u00ebris\u00eb me lajmet edhe informacionet zyrtare p\u00ebr struktur\u00ebn edhe veprimtarin e saj.","publisher":{"@id":"https:\/\/orthodoxalbania.org\/2020\/#organization"},"potentialAction":[{"@type":"SearchAction","target":{"@type":"EntryPoint","urlTemplate":"https:\/\/orthodoxalbania.org\/2020\/?s={search_term_string}"},"query-input":{"@type":"PropertyValueSpecification","valueRequired":true,"valueName":"search_term_string"}}],"inLanguage":"en-US"},{"@type":"Organization","@id":"https:\/\/orthodoxalbania.org\/2020\/#organization","name":"Kisha Orthodhokse Autoqefale e Shqip\u00ebris\u00eb","url":"https:\/\/orthodoxalbania.org\/2020\/","logo":{"@type":"ImageObject","inLanguage":"en-US","@id":"https:\/\/orthodoxalbania.org\/2020\/#\/schema\/logo\/image\/","url":"https:\/\/orthodoxalbania.org\/2020\/wp-content\/uploads\/2020\/05\/albania.jpeg","contentUrl":"https:\/\/orthodoxalbania.org\/2020\/wp-content\/uploads\/2020\/05\/albania.jpeg","width":540,"height":540,"caption":"Kisha Orthodhokse Autoqefale e Shqip\u00ebris\u00eb"},"image":{"@id":"https:\/\/orthodoxalbania.org\/2020\/#\/schema\/logo\/image\/"},"sameAs":["https:\/\/www.facebook.com\/koash1991"]},{"@type":"Person","@id":"https:\/\/orthodoxalbania.org\/2020\/#\/schema\/person\/0c387634a7063ac612d7ed9ce71c7e86","name":"Kisha Orthodhokse","image":{"@type":"ImageObject","inLanguage":"en-US","@id":"https:\/\/secure.gravatar.com\/avatar\/596e7c417251e30f2fbb9c00e026fce61a695a00e51c889caded71c96cbbdde5?s=96&d=mm&r=g","url":"https:\/\/secure.gravatar.com\/avatar\/596e7c417251e30f2fbb9c00e026fce61a695a00e51c889caded71c96cbbdde5?s=96&d=mm&r=g","contentUrl":"https:\/\/secure.gravatar.com\/avatar\/596e7c417251e30f2fbb9c00e026fce61a695a00e51c889caded71c96cbbdde5?s=96&d=mm&r=g","caption":"Kisha Orthodhokse"}}]}},"_links":{"self":[{"href":"https:\/\/orthodoxalbania.org\/2020\/wp-json\/wp\/v2\/posts\/1245","targetHints":{"allow":["GET"]}}],"collection":[{"href":"https:\/\/orthodoxalbania.org\/2020\/wp-json\/wp\/v2\/posts"}],"about":[{"href":"https:\/\/orthodoxalbania.org\/2020\/wp-json\/wp\/v2\/types\/post"}],"author":[{"embeddable":true,"href":"https:\/\/orthodoxalbania.org\/2020\/wp-json\/wp\/v2\/users\/1"}],"replies":[{"embeddable":true,"href":"https:\/\/orthodoxalbania.org\/2020\/wp-json\/wp\/v2\/comments?post=1245"}],"version-history":[{"count":1,"href":"https:\/\/orthodoxalbania.org\/2020\/wp-json\/wp\/v2\/posts\/1245\/revisions"}],"predecessor-version":[{"id":15176,"href":"https:\/\/orthodoxalbania.org\/2020\/wp-json\/wp\/v2\/posts\/1245\/revisions\/15176"}],"wp:attachment":[{"href":"https:\/\/orthodoxalbania.org\/2020\/wp-json\/wp\/v2\/media?parent=1245"}],"wp:term":[{"taxonomy":"category","embeddable":true,"href":"https:\/\/orthodoxalbania.org\/2020\/wp-json\/wp\/v2\/categories?post=1245"},{"taxonomy":"post_tag","embeddable":true,"href":"https:\/\/orthodoxalbania.org\/2020\/wp-json\/wp\/v2\/tags?post=1245"}],"curies":[{"name":"wp","href":"https:\/\/api.w.org\/{rel}","templated":true}]}}