{"id":1243,"date":"2013-03-21T12:07:58","date_gmt":"2013-03-21T12:07:58","guid":{"rendered":""},"modified":"2020-04-06T22:06:02","modified_gmt":"2020-04-06T20:06:02","slug":"takim-midis-lidereve-fetare-dhe-komisionit-evropian-me-ftese-te-presindenti-barroso-mori-pjese-kryepiskopi-anastas-si-nje-nder-lektoret-kryesore","status":"publish","type":"post","link":"https:\/\/orthodoxalbania.org\/2020\/2013\/03\/21\/takim-midis-lidereve-fetare-dhe-komisionit-evropian-me-ftese-te-presindenti-barroso-mori-pjese-kryepiskopi-anastas-si-nje-nder-lektoret-kryesore\/","title":{"rendered":"Takim midis lider\u00ebve fetar\u00eb dhe Komisionit Evropian  -Me ftes\u00eb t\u00eb Presindenti Barroso mori pjes\u00eb Kryepiskopi Anastas,  si nj\u00eb nd\u00ebr lektor\u00ebt kryesor\u00eb &#8211; (12 Korrik 2012)"},"content":{"rendered":"<div style=\"text-align: justify;\">\n\t<span style=\"font-family:tahoma,geneva,sans-serif;\"><span style=\"font-size: 12px;\"><span style=\"color: rgb(0, 0, 0);\">&nbsp;&nbsp;<br \/>\n\t<img decoding=\"async\" class=\"lazyload HAa Eha\" height=\"196\" src=\"data:image\/svg+xml,%3Csvg%20xmlns%3D%27http%3A%2F%2Fwww.w3.org%2F2000%2Fsvg%27%20width%3D%27263%27%20height%3D%27196%27%20viewBox%3D%270%200%20263%20196%27%3E%3Crect%20width%3D%27263%27%20height%3D%27196%27%20fill-opacity%3D%220%22%2F%3E%3C%2Fsvg%3E\" data-orig-src=\"https:\/\/lh4.googleusercontent.com\/-Wxsx0GIihJM\/VLOLRiUf2eI\/AAAAAAAAKuI\/l5iSAPzV6XQ\/w650-h485-no\/p-021280-00-06.jpg\" style=\"border-width: 1px; border-style: solid; margin: 10px; float: left;\" width=\"263\" \/>&nbsp;&nbsp;<\/span><span style=\"color:#000000;\">&nbsp; M\u00eb shum\u00eb se 20 lider\u00eb fetar\u00eb t\u00eb kishave orthodhokse, katolike e protestante, mysliman\u00eb, hebrej etj., nga e gjith\u00eb Evropa,&nbsp; u takuan t\u00eb enjten, 12 korrik, n\u00eb mjediset e Kryesis\u00eb s\u00eb Komisionit Evropian, n\u00eb Bruksel, n\u00ebn moton: \u201cSolidariteti integrues: Vendosja e parametrave p\u00ebr shoq\u00ebrin\u00eb e s\u00eb nes\u00ebrmes n\u00eb Evrop\u00eb\u201d. Komisioni Evropian e ka shpallur vitin 2012 \u201cViti Evropian p\u00ebr nj\u00eb pleq\u00ebri aktive dhe solidaritetin midis brezave.\u201d<\/span><\/span><\/span><\/div>\n<div style=\"text-align: justify;\">\n\t<br \/>\n\t<span style=\"color:#000000;\"><span style=\"font-family: tahoma,geneva,sans-serif;\"><span style=\"font-size: 12px;\">&nbsp;&nbsp;&nbsp; Me ftes\u00eb t\u00eb ve\u00e7ant\u00eb nga Presidenti Barroso, n\u00eb k\u00ebt\u00eb takim mori pjes\u00eb si nj\u00eb nd\u00ebr lektor\u00ebt kryesor\u00eb Kryepiskopi i Tiran\u00ebs dhe i gjith\u00eb Shqip\u00ebris\u00eb, Prof. Dr. Anastasi.<\/span><\/span><\/span><\/div>\n<div style=\"text-align: justify;\">\n\t<br \/>\n\t<span style=\"color:#000000;\"><span style=\"font-family: tahoma,geneva,sans-serif;\"><span style=\"font-size: 12px;\">&nbsp;&nbsp;&nbsp; Ky takim i nivelit shum\u00eb t\u00eb lart\u00eb u thirr nga Presidenti i Komisionit Evropian, Jose Manuel Barroso, n\u00eb bashk\u00ebpunim me Presidentin e K\u00ebshillit t\u00eb Evrop\u00ebs, Herman Van Rompuy dhe Zv\/Presidentin e Parlamentit Evropian Laszlo Surjan, si p\u00ebrfaq\u00ebsues i z. Martin Schulz.<\/span><\/span><\/span><\/div>\n<div style=\"text-align: justify;\">\n\t<br \/>\n\t<span style=\"color:#000000;\"><span style=\"font-family: tahoma,geneva,sans-serif;\"><span style=\"font-size: 12px;\">&nbsp;&nbsp;&nbsp; Lider\u00ebt diskutuan p\u00ebr sfidat demografike t\u00eb Evrop\u00ebs, papun\u00ebsin\u00eb,&nbsp; pleq\u00ebrin\u00eb aktive,&nbsp; pajtimin n\u00eb pun\u00eb dhe jet\u00ebn private. Presidenti Barroso i nxiti&nbsp; lider\u00ebt fetar\u00eb t\u00eb angazhoheshin n\u00eb debatin publik dhe t\u00eb b\u00ebjn\u00eb t\u00eb njohur kontributin specifik q\u00eb kishat dhe komunitetet fetare mund t\u00eb japin p\u00ebr solidarizimin. Ai tha nd\u00ebr t\u00eb tjera: \u201cP\u00ebr t\u00eb trajtuar kriz\u00ebn ekonomike, ne jemi duke garantuar balanc\u00ebn midis solidaritetit dhe p\u00ebrgjegj\u00ebsis\u00eb s\u00eb shteteve an\u00ebtare. Por ne duhet t\u00eb tregojm\u00eb kujdes n\u00eb solidarizimin dhe p\u00ebrgjegj\u00ebsin\u00eb e t\u00eb vjet\u00ebrve dhe t\u00eb rinjve. Vet\u00ebm k\u00ebshtu do dalim nga kriza dhe do nd\u00ebrtojm\u00eb t\u00eb ardhmen, vet\u00ebm n\u00ebse nxisim solidaritetin midis gjeneratave. Kishat dhe komunitetet fetare jan\u00eb vendi m\u00eb i mir\u00eb p\u00ebr t\u00eb nd\u00ebrtuar urat e shoq\u00ebris\u00eb son\u00eb\u201d.<\/span><\/span><\/span><\/div>\n<div style=\"text-align: right;\">\n\t<br \/>\n\t<span style=\"color:#000000;\"><strong><span style=\"font-family: tahoma,geneva,sans-serif;\"><span style=\"font-size: 12px;\">I.K.<\/span><\/span><\/strong><\/span><br \/>\n\t&nbsp;<\/div>\n<div style=\"text-align: justify;\">\n\t&nbsp;<\/div>\n<div style=\"text-align: justify;\">\n\t<span style=\"color:#0000cd;\"><span style=\"font-family: tahoma,geneva,sans-serif;\"><span style=\"font-size: 12px;\"><a href=\"http:\/\/ec.europa.eu\/bepa\/index_fr.htm\">http:\/\/ec.europa.eu\/bepa\/index_fr.htm<\/a><\/span><\/span><\/span><span style=\"font-family:tahoma,geneva,sans-serif;\"><span style=\"font-size: 12px;\"><\/span><\/span><\/div>\n<div style=\"text-align: justify;\">\n\t<span style=\"color:#0000cd;\"><span style=\"font-family: tahoma,geneva,sans-serif;\"><span style=\"font-size: 12px;\"><a href=\"http:\/\/ec.europa.eu\/avservices\/photo\/photoDetailsNews.cfm?sitelang=fr&amp;rid=7953#5\">http:\/\/ec.europa.eu\/avservices\/photo\/photoDetailsNews.cfm?sitelang=fr&amp;rid=7953#5<\/a><\/span><\/span><\/span><span style=\"font-family:tahoma,geneva,sans-serif;\"><span style=\"font-size: 12px;\"><span style=\"color:#0000cd;\">&nbsp;&nbsp;<\/span><\/span><\/span><\/div>\n<div style=\"text-align: justify;\">\n\t&nbsp;<\/div>\n","protected":false},"excerpt":{"rendered":"<p>&nbsp;&nbsp; &nbsp;&nbsp;&nbsp; M\u00eb shum\u00eb se 20 lider\u00eb fetar\u00eb t\u00eb kishave orthodhokse, katolike e protestante, mysliman\u00eb, hebrej etj., nga e gjith\u00eb Evropa,&nbsp; u takuan t\u00eb enjten, 12 korrik, n\u00eb mjediset e Kryesis\u00eb s\u00eb Komisionit Evropian, n\u00eb Bruksel, n\u00ebn moton: \u201cSolidariteti integrues: Vendosja e parametrave p\u00ebr shoq\u00ebrin\u00eb e s\u00eb nes\u00ebrmes n\u00eb Evrop\u00eb\u201d. Komisioni Evropian e ka shpallur vitin 2012 \u201cViti Evropian p\u00ebr nj\u00eb pleq\u00ebri aktive dhe solidaritetin<\/p>\n","protected":false},"author":1,"featured_media":0,"comment_status":"open","ping_status":"open","sticky":false,"template":"","format":"standard","meta":{"_acf_changed":false,"pagelayer_contact_templates":[],"_pagelayer_content":"","inline_featured_image":false,"fifu_image_url":"","fifu_image_alt":"","footnotes":""},"categories":[108],"tags":[142,153,196,201,212],"class_list":["post-1243","post","type-post","status-publish","format-standard","hentry","category-lajme","tag-142","tag-deklarata-njoftime-zyrtare-d75","tag-tirane","tag-kryepiskopi-anastas","tag-lajme-d27"],"acf":[],"yoast_head":"<!-- This site is optimized with the Yoast SEO plugin v27.2 - https:\/\/yoast.com\/product\/yoast-seo-wordpress\/ -->\n<title>Takim midis lider\u00ebve fetar\u00eb dhe Komisionit Evropian -Me ftes\u00eb t\u00eb Presindenti Barroso mori pjes\u00eb Kryepiskopi Anastas, si nj\u00eb nd\u00ebr lektor\u00ebt kryesor\u00eb - (12 Korrik 2012) - Kisha Orthodh\u03bfkse Autoqefale e Shqip\u00ebris\u00eb<\/title>\n<meta name=\"robots\" content=\"index, follow, max-snippet:-1, max-image-preview:large, max-video-preview:-1\" \/>\n<link rel=\"canonical\" href=\"https:\/\/orthodoxalbania.org\/2020\/2013\/03\/21\/takim-midis-lidereve-fetare-dhe-komisionit-evropian-me-ftese-te-presindenti-barroso-mori-pjese-kryepiskopi-anastas-si-nje-nder-lektoret-kryesore\/\" \/>\n<meta property=\"og:locale\" content=\"en_US\" \/>\n<meta property=\"og:type\" content=\"article\" \/>\n<meta property=\"og:title\" content=\"Takim midis lider\u00ebve fetar\u00eb dhe Komisionit Evropian -Me ftes\u00eb t\u00eb Presindenti Barroso mori pjes\u00eb Kryepiskopi Anastas, si nj\u00eb nd\u00ebr lektor\u00ebt kryesor\u00eb - (12 Korrik 2012) - Kisha Orthodh\u03bfkse Autoqefale e Shqip\u00ebris\u00eb\" \/>\n<meta property=\"og:description\" content=\"&nbsp;&nbsp; &nbsp;&nbsp;&nbsp; M\u00eb shum\u00eb se 20 lider\u00eb fetar\u00eb t\u00eb kishave orthodhokse, katolike e protestante, mysliman\u00eb, hebrej etj., nga e gjith\u00eb Evropa,&nbsp; u takuan t\u00eb enjten, 12 korrik, n\u00eb mjediset e Kryesis\u00eb s\u00eb Komisionit Evropian, n\u00eb Bruksel, n\u00ebn moton: \u201cSolidariteti integrues: Vendosja e parametrave p\u00ebr shoq\u00ebrin\u00eb e s\u00eb nes\u00ebrmes n\u00eb Evrop\u00eb\u201d. Komisioni Evropian e ka shpallur vitin 2012 \u201cViti Evropian p\u00ebr nj\u00eb pleq\u00ebri aktive dhe solidaritetin\" \/>\n<meta property=\"og:url\" content=\"https:\/\/orthodoxalbania.org\/2020\/2013\/03\/21\/takim-midis-lidereve-fetare-dhe-komisionit-evropian-me-ftese-te-presindenti-barroso-mori-pjese-kryepiskopi-anastas-si-nje-nder-lektoret-kryesore\/\" \/>\n<meta property=\"og:site_name\" content=\"Kisha Orthodh\u03bfkse Autoqefale e Shqip\u00ebris\u00eb\" \/>\n<meta property=\"article:publisher\" content=\"https:\/\/www.facebook.com\/koash1991\" \/>\n<meta property=\"article:published_time\" content=\"2013-03-21T12:07:58+00:00\" \/>\n<meta property=\"article:modified_time\" content=\"2020-04-06T20:06:02+00:00\" \/>\n<meta property=\"og:image\" content=\"https:\/\/lh4.googleusercontent.com\/-Wxsx0GIihJM\/VLOLRiUf2eI\/AAAAAAAAKuI\/l5iSAPzV6XQ\/w650-h485-no\/p-021280-00-06.jpg\" \/>\n<meta name=\"author\" content=\"Kisha Orthodhokse\" \/>\n<meta name=\"twitter:card\" content=\"summary_large_image\" \/>\n<meta name=\"twitter:label1\" content=\"Written by\" \/>\n\t<meta name=\"twitter:data1\" content=\"Kisha Orthodhokse\" \/>\n\t<meta name=\"twitter:label2\" content=\"Est. reading time\" \/>\n\t<meta name=\"twitter:data2\" content=\"2 minutes\" \/>\n<script type=\"application\/ld+json\" class=\"yoast-schema-graph\">{\"@context\":\"https:\/\/schema.org\",\"@graph\":[{\"@type\":\"Article\",\"@id\":\"https:\/\/orthodoxalbania.org\/2020\/2013\/03\/21\/takim-midis-lidereve-fetare-dhe-komisionit-evropian-me-ftese-te-presindenti-barroso-mori-pjese-kryepiskopi-anastas-si-nje-nder-lektoret-kryesore\/#article\",\"isPartOf\":{\"@id\":\"https:\/\/orthodoxalbania.org\/2020\/2013\/03\/21\/takim-midis-lidereve-fetare-dhe-komisionit-evropian-me-ftese-te-presindenti-barroso-mori-pjese-kryepiskopi-anastas-si-nje-nder-lektoret-kryesore\/\"},\"author\":{\"name\":\"Kisha Orthodhokse\",\"@id\":\"https:\/\/orthodoxalbania.org\/2020\/#\/schema\/person\/0c387634a7063ac612d7ed9ce71c7e86\"},\"headline\":\"Takim midis lider\u00ebve fetar\u00eb dhe Komisionit Evropian -Me ftes\u00eb t\u00eb Presindenti Barroso mori pjes\u00eb Kryepiskopi Anastas, si nj\u00eb nd\u00ebr lektor\u00ebt kryesor\u00eb &#8211; (12 Korrik 2012)\",\"datePublished\":\"2013-03-21T12:07:58+00:00\",\"dateModified\":\"2020-04-06T20:06:02+00:00\",\"mainEntityOfPage\":{\"@id\":\"https:\/\/orthodoxalbania.org\/2020\/2013\/03\/21\/takim-midis-lidereve-fetare-dhe-komisionit-evropian-me-ftese-te-presindenti-barroso-mori-pjese-kryepiskopi-anastas-si-nje-nder-lektoret-kryesore\/\"},\"wordCount\":361,\"commentCount\":0,\"publisher\":{\"@id\":\"https:\/\/orthodoxalbania.org\/2020\/#organization\"},\"image\":{\"@id\":\"https:\/\/orthodoxalbania.org\/2020\/2013\/03\/21\/takim-midis-lidereve-fetare-dhe-komisionit-evropian-me-ftese-te-presindenti-barroso-mori-pjese-kryepiskopi-anastas-si-nje-nder-lektoret-kryesore\/#primaryimage\"},\"thumbnailUrl\":\"https:\/\/lh4.googleusercontent.com\/-Wxsx0GIihJM\/VLOLRiUf2eI\/AAAAAAAAKuI\/l5iSAPzV6XQ\/w650-h485-no\/p-021280-00-06.jpg\",\"keywords\":[\"2012\",\"Deklarata - Njoftime Zyrtare\",\"Kryepiskopata Tiran\u00eb\",\"Kryepiskopi Anastas\",\"lajme\"],\"articleSection\":[\"Lajme\"],\"inLanguage\":\"en-US\"},{\"@type\":\"WebPage\",\"@id\":\"https:\/\/orthodoxalbania.org\/2020\/2013\/03\/21\/takim-midis-lidereve-fetare-dhe-komisionit-evropian-me-ftese-te-presindenti-barroso-mori-pjese-kryepiskopi-anastas-si-nje-nder-lektoret-kryesore\/\",\"url\":\"https:\/\/orthodoxalbania.org\/2020\/2013\/03\/21\/takim-midis-lidereve-fetare-dhe-komisionit-evropian-me-ftese-te-presindenti-barroso-mori-pjese-kryepiskopi-anastas-si-nje-nder-lektoret-kryesore\/\",\"name\":\"Takim midis lider\u00ebve fetar\u00eb dhe Komisionit Evropian -Me ftes\u00eb t\u00eb Presindenti Barroso mori pjes\u00eb Kryepiskopi Anastas, si nj\u00eb nd\u00ebr lektor\u00ebt kryesor\u00eb - (12 Korrik 2012) - Kisha Orthodh\u03bfkse Autoqefale e Shqip\u00ebris\u00eb\",\"isPartOf\":{\"@id\":\"https:\/\/orthodoxalbania.org\/2020\/#website\"},\"primaryImageOfPage\":{\"@id\":\"https:\/\/orthodoxalbania.org\/2020\/2013\/03\/21\/takim-midis-lidereve-fetare-dhe-komisionit-evropian-me-ftese-te-presindenti-barroso-mori-pjese-kryepiskopi-anastas-si-nje-nder-lektoret-kryesore\/#primaryimage\"},\"image\":{\"@id\":\"https:\/\/orthodoxalbania.org\/2020\/2013\/03\/21\/takim-midis-lidereve-fetare-dhe-komisionit-evropian-me-ftese-te-presindenti-barroso-mori-pjese-kryepiskopi-anastas-si-nje-nder-lektoret-kryesore\/#primaryimage\"},\"thumbnailUrl\":\"https:\/\/lh4.googleusercontent.com\/-Wxsx0GIihJM\/VLOLRiUf2eI\/AAAAAAAAKuI\/l5iSAPzV6XQ\/w650-h485-no\/p-021280-00-06.jpg\",\"datePublished\":\"2013-03-21T12:07:58+00:00\",\"dateModified\":\"2020-04-06T20:06:02+00:00\",\"breadcrumb\":{\"@id\":\"https:\/\/orthodoxalbania.org\/2020\/2013\/03\/21\/takim-midis-lidereve-fetare-dhe-komisionit-evropian-me-ftese-te-presindenti-barroso-mori-pjese-kryepiskopi-anastas-si-nje-nder-lektoret-kryesore\/#breadcrumb\"},\"inLanguage\":\"en-US\",\"potentialAction\":[{\"@type\":\"ReadAction\",\"target\":[\"https:\/\/orthodoxalbania.org\/2020\/2013\/03\/21\/takim-midis-lidereve-fetare-dhe-komisionit-evropian-me-ftese-te-presindenti-barroso-mori-pjese-kryepiskopi-anastas-si-nje-nder-lektoret-kryesore\/\"]}]},{\"@type\":\"ImageObject\",\"inLanguage\":\"en-US\",\"@id\":\"https:\/\/orthodoxalbania.org\/2020\/2013\/03\/21\/takim-midis-lidereve-fetare-dhe-komisionit-evropian-me-ftese-te-presindenti-barroso-mori-pjese-kryepiskopi-anastas-si-nje-nder-lektoret-kryesore\/#primaryimage\",\"url\":\"https:\/\/lh4.googleusercontent.com\/-Wxsx0GIihJM\/VLOLRiUf2eI\/AAAAAAAAKuI\/l5iSAPzV6XQ\/w650-h485-no\/p-021280-00-06.jpg\",\"contentUrl\":\"https:\/\/lh4.googleusercontent.com\/-Wxsx0GIihJM\/VLOLRiUf2eI\/AAAAAAAAKuI\/l5iSAPzV6XQ\/w650-h485-no\/p-021280-00-06.jpg\"},{\"@type\":\"BreadcrumbList\",\"@id\":\"https:\/\/orthodoxalbania.org\/2020\/2013\/03\/21\/takim-midis-lidereve-fetare-dhe-komisionit-evropian-me-ftese-te-presindenti-barroso-mori-pjese-kryepiskopi-anastas-si-nje-nder-lektoret-kryesore\/#breadcrumb\",\"itemListElement\":[{\"@type\":\"ListItem\",\"position\":1,\"name\":\"Home\",\"item\":\"https:\/\/orthodoxalbania.org\/2020\/\"},{\"@type\":\"ListItem\",\"position\":2,\"name\":\"Takim midis lider\u00ebve fetar\u00eb dhe Komisionit Evropian -Me ftes\u00eb t\u00eb Presindenti Barroso mori pjes\u00eb Kryepiskopi Anastas, si nj\u00eb nd\u00ebr lektor\u00ebt kryesor\u00eb &#8211; (12 Korrik 2012)\"}]},{\"@type\":\"WebSite\",\"@id\":\"https:\/\/orthodoxalbania.org\/2020\/#website\",\"url\":\"https:\/\/orthodoxalbania.org\/2020\/\",\"name\":\"Kisha Orthodh\u03bfkse Autoqefale e Shqip\u00ebris\u00eb\",\"description\":\"Fqja Zyrtare e Kish\u00ebs Orthodhokse Autoqefale e Shqip\u00ebris\u00eb me lajmet edhe informacionet zyrtare p\u00ebr struktur\u00ebn edhe veprimtarin e saj.\",\"publisher\":{\"@id\":\"https:\/\/orthodoxalbania.org\/2020\/#organization\"},\"potentialAction\":[{\"@type\":\"SearchAction\",\"target\":{\"@type\":\"EntryPoint\",\"urlTemplate\":\"https:\/\/orthodoxalbania.org\/2020\/?s={search_term_string}\"},\"query-input\":{\"@type\":\"PropertyValueSpecification\",\"valueRequired\":true,\"valueName\":\"search_term_string\"}}],\"inLanguage\":\"en-US\"},{\"@type\":\"Organization\",\"@id\":\"https:\/\/orthodoxalbania.org\/2020\/#organization\",\"name\":\"Kisha Orthodhokse Autoqefale e Shqip\u00ebris\u00eb\",\"url\":\"https:\/\/orthodoxalbania.org\/2020\/\",\"logo\":{\"@type\":\"ImageObject\",\"inLanguage\":\"en-US\",\"@id\":\"https:\/\/orthodoxalbania.org\/2020\/#\/schema\/logo\/image\/\",\"url\":\"https:\/\/orthodoxalbania.org\/2020\/wp-content\/uploads\/2020\/05\/albania.jpeg\",\"contentUrl\":\"https:\/\/orthodoxalbania.org\/2020\/wp-content\/uploads\/2020\/05\/albania.jpeg\",\"width\":540,\"height\":540,\"caption\":\"Kisha Orthodhokse Autoqefale e Shqip\u00ebris\u00eb\"},\"image\":{\"@id\":\"https:\/\/orthodoxalbania.org\/2020\/#\/schema\/logo\/image\/\"},\"sameAs\":[\"https:\/\/www.facebook.com\/koash1991\"]},{\"@type\":\"Person\",\"@id\":\"https:\/\/orthodoxalbania.org\/2020\/#\/schema\/person\/0c387634a7063ac612d7ed9ce71c7e86\",\"name\":\"Kisha Orthodhokse\",\"image\":{\"@type\":\"ImageObject\",\"inLanguage\":\"en-US\",\"@id\":\"https:\/\/secure.gravatar.com\/avatar\/596e7c417251e30f2fbb9c00e026fce61a695a00e51c889caded71c96cbbdde5?s=96&d=mm&r=g\",\"url\":\"https:\/\/secure.gravatar.com\/avatar\/596e7c417251e30f2fbb9c00e026fce61a695a00e51c889caded71c96cbbdde5?s=96&d=mm&r=g\",\"contentUrl\":\"https:\/\/secure.gravatar.com\/avatar\/596e7c417251e30f2fbb9c00e026fce61a695a00e51c889caded71c96cbbdde5?s=96&d=mm&r=g\",\"caption\":\"Kisha Orthodhokse\"}}]}<\/script>\n<!-- \/ Yoast SEO plugin. -->","yoast_head_json":{"title":"Takim midis lider\u00ebve fetar\u00eb dhe Komisionit Evropian -Me ftes\u00eb t\u00eb Presindenti Barroso mori pjes\u00eb Kryepiskopi Anastas, si nj\u00eb nd\u00ebr lektor\u00ebt kryesor\u00eb - (12 Korrik 2012) - Kisha Orthodh\u03bfkse Autoqefale e Shqip\u00ebris\u00eb","robots":{"index":"index","follow":"follow","max-snippet":"max-snippet:-1","max-image-preview":"max-image-preview:large","max-video-preview":"max-video-preview:-1"},"canonical":"https:\/\/orthodoxalbania.org\/2020\/2013\/03\/21\/takim-midis-lidereve-fetare-dhe-komisionit-evropian-me-ftese-te-presindenti-barroso-mori-pjese-kryepiskopi-anastas-si-nje-nder-lektoret-kryesore\/","og_locale":"en_US","og_type":"article","og_title":"Takim midis lider\u00ebve fetar\u00eb dhe Komisionit Evropian -Me ftes\u00eb t\u00eb Presindenti Barroso mori pjes\u00eb Kryepiskopi Anastas, si nj\u00eb nd\u00ebr lektor\u00ebt kryesor\u00eb - (12 Korrik 2012) - Kisha Orthodh\u03bfkse Autoqefale e Shqip\u00ebris\u00eb","og_description":"&nbsp;&nbsp; &nbsp;&nbsp;&nbsp; M\u00eb shum\u00eb se 20 lider\u00eb fetar\u00eb t\u00eb kishave orthodhokse, katolike e protestante, mysliman\u00eb, hebrej etj., nga e gjith\u00eb Evropa,&nbsp; u takuan t\u00eb enjten, 12 korrik, n\u00eb mjediset e Kryesis\u00eb s\u00eb Komisionit Evropian, n\u00eb Bruksel, n\u00ebn moton: \u201cSolidariteti integrues: Vendosja e parametrave p\u00ebr shoq\u00ebrin\u00eb e s\u00eb nes\u00ebrmes n\u00eb Evrop\u00eb\u201d. Komisioni Evropian e ka shpallur vitin 2012 \u201cViti Evropian p\u00ebr nj\u00eb pleq\u00ebri aktive dhe solidaritetin","og_url":"https:\/\/orthodoxalbania.org\/2020\/2013\/03\/21\/takim-midis-lidereve-fetare-dhe-komisionit-evropian-me-ftese-te-presindenti-barroso-mori-pjese-kryepiskopi-anastas-si-nje-nder-lektoret-kryesore\/","og_site_name":"Kisha Orthodh\u03bfkse Autoqefale e Shqip\u00ebris\u00eb","article_publisher":"https:\/\/www.facebook.com\/koash1991","article_published_time":"2013-03-21T12:07:58+00:00","article_modified_time":"2020-04-06T20:06:02+00:00","og_image":[{"url":"https:\/\/lh4.googleusercontent.com\/-Wxsx0GIihJM\/VLOLRiUf2eI\/AAAAAAAAKuI\/l5iSAPzV6XQ\/w650-h485-no\/p-021280-00-06.jpg","type":"","width":"","height":""}],"author":"Kisha Orthodhokse","twitter_card":"summary_large_image","twitter_misc":{"Written by":"Kisha Orthodhokse","Est. reading time":"2 minutes"},"schema":{"@context":"https:\/\/schema.org","@graph":[{"@type":"Article","@id":"https:\/\/orthodoxalbania.org\/2020\/2013\/03\/21\/takim-midis-lidereve-fetare-dhe-komisionit-evropian-me-ftese-te-presindenti-barroso-mori-pjese-kryepiskopi-anastas-si-nje-nder-lektoret-kryesore\/#article","isPartOf":{"@id":"https:\/\/orthodoxalbania.org\/2020\/2013\/03\/21\/takim-midis-lidereve-fetare-dhe-komisionit-evropian-me-ftese-te-presindenti-barroso-mori-pjese-kryepiskopi-anastas-si-nje-nder-lektoret-kryesore\/"},"author":{"name":"Kisha Orthodhokse","@id":"https:\/\/orthodoxalbania.org\/2020\/#\/schema\/person\/0c387634a7063ac612d7ed9ce71c7e86"},"headline":"Takim midis lider\u00ebve fetar\u00eb dhe Komisionit Evropian -Me ftes\u00eb t\u00eb Presindenti Barroso mori pjes\u00eb Kryepiskopi Anastas, si nj\u00eb nd\u00ebr lektor\u00ebt kryesor\u00eb &#8211; (12 Korrik 2012)","datePublished":"2013-03-21T12:07:58+00:00","dateModified":"2020-04-06T20:06:02+00:00","mainEntityOfPage":{"@id":"https:\/\/orthodoxalbania.org\/2020\/2013\/03\/21\/takim-midis-lidereve-fetare-dhe-komisionit-evropian-me-ftese-te-presindenti-barroso-mori-pjese-kryepiskopi-anastas-si-nje-nder-lektoret-kryesore\/"},"wordCount":361,"commentCount":0,"publisher":{"@id":"https:\/\/orthodoxalbania.org\/2020\/#organization"},"image":{"@id":"https:\/\/orthodoxalbania.org\/2020\/2013\/03\/21\/takim-midis-lidereve-fetare-dhe-komisionit-evropian-me-ftese-te-presindenti-barroso-mori-pjese-kryepiskopi-anastas-si-nje-nder-lektoret-kryesore\/#primaryimage"},"thumbnailUrl":"https:\/\/lh4.googleusercontent.com\/-Wxsx0GIihJM\/VLOLRiUf2eI\/AAAAAAAAKuI\/l5iSAPzV6XQ\/w650-h485-no\/p-021280-00-06.jpg","keywords":["2012","Deklarata - Njoftime Zyrtare","Kryepiskopata Tiran\u00eb","Kryepiskopi Anastas","lajme"],"articleSection":["Lajme"],"inLanguage":"en-US"},{"@type":"WebPage","@id":"https:\/\/orthodoxalbania.org\/2020\/2013\/03\/21\/takim-midis-lidereve-fetare-dhe-komisionit-evropian-me-ftese-te-presindenti-barroso-mori-pjese-kryepiskopi-anastas-si-nje-nder-lektoret-kryesore\/","url":"https:\/\/orthodoxalbania.org\/2020\/2013\/03\/21\/takim-midis-lidereve-fetare-dhe-komisionit-evropian-me-ftese-te-presindenti-barroso-mori-pjese-kryepiskopi-anastas-si-nje-nder-lektoret-kryesore\/","name":"Takim midis lider\u00ebve fetar\u00eb dhe Komisionit Evropian -Me ftes\u00eb t\u00eb Presindenti Barroso mori pjes\u00eb Kryepiskopi Anastas, si nj\u00eb nd\u00ebr lektor\u00ebt kryesor\u00eb - (12 Korrik 2012) - Kisha Orthodh\u03bfkse Autoqefale e Shqip\u00ebris\u00eb","isPartOf":{"@id":"https:\/\/orthodoxalbania.org\/2020\/#website"},"primaryImageOfPage":{"@id":"https:\/\/orthodoxalbania.org\/2020\/2013\/03\/21\/takim-midis-lidereve-fetare-dhe-komisionit-evropian-me-ftese-te-presindenti-barroso-mori-pjese-kryepiskopi-anastas-si-nje-nder-lektoret-kryesore\/#primaryimage"},"image":{"@id":"https:\/\/orthodoxalbania.org\/2020\/2013\/03\/21\/takim-midis-lidereve-fetare-dhe-komisionit-evropian-me-ftese-te-presindenti-barroso-mori-pjese-kryepiskopi-anastas-si-nje-nder-lektoret-kryesore\/#primaryimage"},"thumbnailUrl":"https:\/\/lh4.googleusercontent.com\/-Wxsx0GIihJM\/VLOLRiUf2eI\/AAAAAAAAKuI\/l5iSAPzV6XQ\/w650-h485-no\/p-021280-00-06.jpg","datePublished":"2013-03-21T12:07:58+00:00","dateModified":"2020-04-06T20:06:02+00:00","breadcrumb":{"@id":"https:\/\/orthodoxalbania.org\/2020\/2013\/03\/21\/takim-midis-lidereve-fetare-dhe-komisionit-evropian-me-ftese-te-presindenti-barroso-mori-pjese-kryepiskopi-anastas-si-nje-nder-lektoret-kryesore\/#breadcrumb"},"inLanguage":"en-US","potentialAction":[{"@type":"ReadAction","target":["https:\/\/orthodoxalbania.org\/2020\/2013\/03\/21\/takim-midis-lidereve-fetare-dhe-komisionit-evropian-me-ftese-te-presindenti-barroso-mori-pjese-kryepiskopi-anastas-si-nje-nder-lektoret-kryesore\/"]}]},{"@type":"ImageObject","inLanguage":"en-US","@id":"https:\/\/orthodoxalbania.org\/2020\/2013\/03\/21\/takim-midis-lidereve-fetare-dhe-komisionit-evropian-me-ftese-te-presindenti-barroso-mori-pjese-kryepiskopi-anastas-si-nje-nder-lektoret-kryesore\/#primaryimage","url":"https:\/\/lh4.googleusercontent.com\/-Wxsx0GIihJM\/VLOLRiUf2eI\/AAAAAAAAKuI\/l5iSAPzV6XQ\/w650-h485-no\/p-021280-00-06.jpg","contentUrl":"https:\/\/lh4.googleusercontent.com\/-Wxsx0GIihJM\/VLOLRiUf2eI\/AAAAAAAAKuI\/l5iSAPzV6XQ\/w650-h485-no\/p-021280-00-06.jpg"},{"@type":"BreadcrumbList","@id":"https:\/\/orthodoxalbania.org\/2020\/2013\/03\/21\/takim-midis-lidereve-fetare-dhe-komisionit-evropian-me-ftese-te-presindenti-barroso-mori-pjese-kryepiskopi-anastas-si-nje-nder-lektoret-kryesore\/#breadcrumb","itemListElement":[{"@type":"ListItem","position":1,"name":"Home","item":"https:\/\/orthodoxalbania.org\/2020\/"},{"@type":"ListItem","position":2,"name":"Takim midis lider\u00ebve fetar\u00eb dhe Komisionit Evropian -Me ftes\u00eb t\u00eb Presindenti Barroso mori pjes\u00eb Kryepiskopi Anastas, si nj\u00eb nd\u00ebr lektor\u00ebt kryesor\u00eb &#8211; (12 Korrik 2012)"}]},{"@type":"WebSite","@id":"https:\/\/orthodoxalbania.org\/2020\/#website","url":"https:\/\/orthodoxalbania.org\/2020\/","name":"Kisha Orthodh\u03bfkse Autoqefale e Shqip\u00ebris\u00eb","description":"Fqja Zyrtare e Kish\u00ebs Orthodhokse Autoqefale e Shqip\u00ebris\u00eb me lajmet edhe informacionet zyrtare p\u00ebr struktur\u00ebn edhe veprimtarin e saj.","publisher":{"@id":"https:\/\/orthodoxalbania.org\/2020\/#organization"},"potentialAction":[{"@type":"SearchAction","target":{"@type":"EntryPoint","urlTemplate":"https:\/\/orthodoxalbania.org\/2020\/?s={search_term_string}"},"query-input":{"@type":"PropertyValueSpecification","valueRequired":true,"valueName":"search_term_string"}}],"inLanguage":"en-US"},{"@type":"Organization","@id":"https:\/\/orthodoxalbania.org\/2020\/#organization","name":"Kisha Orthodhokse Autoqefale e Shqip\u00ebris\u00eb","url":"https:\/\/orthodoxalbania.org\/2020\/","logo":{"@type":"ImageObject","inLanguage":"en-US","@id":"https:\/\/orthodoxalbania.org\/2020\/#\/schema\/logo\/image\/","url":"https:\/\/orthodoxalbania.org\/2020\/wp-content\/uploads\/2020\/05\/albania.jpeg","contentUrl":"https:\/\/orthodoxalbania.org\/2020\/wp-content\/uploads\/2020\/05\/albania.jpeg","width":540,"height":540,"caption":"Kisha Orthodhokse Autoqefale e Shqip\u00ebris\u00eb"},"image":{"@id":"https:\/\/orthodoxalbania.org\/2020\/#\/schema\/logo\/image\/"},"sameAs":["https:\/\/www.facebook.com\/koash1991"]},{"@type":"Person","@id":"https:\/\/orthodoxalbania.org\/2020\/#\/schema\/person\/0c387634a7063ac612d7ed9ce71c7e86","name":"Kisha Orthodhokse","image":{"@type":"ImageObject","inLanguage":"en-US","@id":"https:\/\/secure.gravatar.com\/avatar\/596e7c417251e30f2fbb9c00e026fce61a695a00e51c889caded71c96cbbdde5?s=96&d=mm&r=g","url":"https:\/\/secure.gravatar.com\/avatar\/596e7c417251e30f2fbb9c00e026fce61a695a00e51c889caded71c96cbbdde5?s=96&d=mm&r=g","contentUrl":"https:\/\/secure.gravatar.com\/avatar\/596e7c417251e30f2fbb9c00e026fce61a695a00e51c889caded71c96cbbdde5?s=96&d=mm&r=g","caption":"Kisha Orthodhokse"}}]}},"_links":{"self":[{"href":"https:\/\/orthodoxalbania.org\/2020\/wp-json\/wp\/v2\/posts\/1243","targetHints":{"allow":["GET"]}}],"collection":[{"href":"https:\/\/orthodoxalbania.org\/2020\/wp-json\/wp\/v2\/posts"}],"about":[{"href":"https:\/\/orthodoxalbania.org\/2020\/wp-json\/wp\/v2\/types\/post"}],"author":[{"embeddable":true,"href":"https:\/\/orthodoxalbania.org\/2020\/wp-json\/wp\/v2\/users\/1"}],"replies":[{"embeddable":true,"href":"https:\/\/orthodoxalbania.org\/2020\/wp-json\/wp\/v2\/comments?post=1243"}],"version-history":[{"count":1,"href":"https:\/\/orthodoxalbania.org\/2020\/wp-json\/wp\/v2\/posts\/1243\/revisions"}],"predecessor-version":[{"id":15312,"href":"https:\/\/orthodoxalbania.org\/2020\/wp-json\/wp\/v2\/posts\/1243\/revisions\/15312"}],"wp:attachment":[{"href":"https:\/\/orthodoxalbania.org\/2020\/wp-json\/wp\/v2\/media?parent=1243"}],"wp:term":[{"taxonomy":"category","embeddable":true,"href":"https:\/\/orthodoxalbania.org\/2020\/wp-json\/wp\/v2\/categories?post=1243"},{"taxonomy":"post_tag","embeddable":true,"href":"https:\/\/orthodoxalbania.org\/2020\/wp-json\/wp\/v2\/tags?post=1243"}],"curies":[{"name":"wp","href":"https:\/\/api.w.org\/{rel}","templated":true}]}}