{"id":1242,"date":"2008-02-26T00:00:00","date_gmt":"2008-02-26T00:00:00","guid":{"rendered":""},"modified":"2020-04-06T22:35:15","modified_gmt":"2020-04-06T20:35:15","slug":"takim-me-grate-orthodhokse-te-dioqezes-se-tiranes-maj-2008","status":"publish","type":"post","link":"https:\/\/orthodoxalbania.org\/2020\/2008\/02\/26\/takim-me-grate-orthodhokse-te-dioqezes-se-tiranes-maj-2008\/","title":{"rendered":"Takim me grat\u00eb orthodhokse t\u00eb Dioqez\u00ebs s\u00eb Tiran\u00ebs. (Maj 2008)"},"content":{"rendered":"<table id=\"AutoNumber2\" border=\"0\">\n<tbody>\n<tr>\n<td>\n<p><span style=\"color: #000000;\"><span style=\"font-family: tahoma,geneva,sans-serif;\"><span style=\"font-size: 12px;\"><img decoding=\"async\" class=\"lazyload HAa Eha\" style=\"border-width: 1px; border-style: solid; margin: 10px auto; display: block;\" alt=\"\" src=\"data:image\/gif;base64,R0lGODlhAQABAAAAACH5BAEKAAEALAAAAAABAAEAAAICTAEAOw==\" data-orig-src=\"https:\/\/lh4.googleusercontent.com\/-Jlp6uwH7SDs\/VI6-4yJOIdI\/AAAAAAAAHoM\/kl5-F3sMe5w\/w400-h300-no\/1.jpg\" \/><\/span><\/span><\/span><\/p>\n<\/td>\n<td>\n<p style=\"text-align: justify;\"><span style=\"color: #000000;\"><span style=\"font-family: tahoma,geneva,sans-serif;\"><span style=\"font-size: 12px;\">&nbsp;&nbsp;&nbsp; N\u00eb or\u00ebt e pasdites s\u00eb dit\u00ebs s\u00eb shtun\u00eb t\u00eb dat\u00ebs 10 maj, Manastiri i Hirsh\u00ebm i Sh\u00ebn Vlashit n\u00eb Durr\u00ebs, mikpriti grat\u00eb e Lidhjes Orthodhokse t\u00eb Dioqez\u00ebs s\u00eb Tiran\u00ebs. Atmosfera e Pashk\u00ebs bashkoi grat\u00eb nga rrethet: Tiran\u00eb, Durr\u00ebs, Kavaj\u00eb, Elbasan, Gramsh, Lezh\u00eb dhe Shkod\u00ebr. Ato filluan aktivitetin me lutje duke u lutur n\u00eb Mbr\u00ebm\u00ebsoren e s\u00eb shtun\u00ebs dhe psal\u00ebn p\u00ebrl\u00ebshoren e Grave Miroprur\u00ebse.<\/span><\/span><\/span><\/p>\n<\/td>\n<\/tr>\n<tr>\n<td>\n<p style=\"text-align: justify;\"><span style=\"color: #000000;\"><span style=\"font-family: tahoma,geneva,sans-serif;\"><span style=\"font-size: 12px;\">&nbsp;&nbsp;&nbsp; Pas Mbr\u00ebm\u00ebsores, Episkop Andoni foli p\u00ebr adhurimin n\u00eb kish\u00eb dhe pjes\u00ebmarrjen e grave n\u00eb t\u00eb. P\u00ebr \u00e7do besimtar orthodhoks jeta n\u00eb Krishtin \u00ebsht\u00eb e lidhur ngusht\u00eb me adhurimin n\u00eb Kish\u00eb &#8211; theksoi ai. N\u00eb vazhdim, Hir\u00ebsi Andoni u p\u00ebrqendrua kryesisht&nbsp; te Liturgjia Hyjnore dhe tek roli i grave miroprur\u00ebse n\u00eb p\u00ebrcjelljen e lajmit t\u00eb ngjalljes s\u00eb Krishtit, duke treguar se grat\u00eb ishin ato q\u00eb p\u00ebrhap\u00ebn t\u00eb parat lajmin e mir\u00eb.<\/span><\/span><\/span><\/p>\n<\/td>\n<td>\n<p><span style=\"color: #000000;\"><span style=\"font-family: tahoma,geneva,sans-serif;\"><span style=\"font-size: 12px;\"><img decoding=\"async\" class=\"lazyload HAa Eha\" style=\"border-width: 1px; border-style: solid; margin: 10px auto; display: block;\" alt=\"\" src=\"data:image\/gif;base64,R0lGODlhAQABAAAAACH5BAEKAAEALAAAAAABAAEAAAICTAEAOw==\" data-orig-src=\"https:\/\/lh4.googleusercontent.com\/-ohH5hJIWzrw\/VI6-40NS_dI\/AAAAAAAAHoE\/CEtgPYUfkVw\/w400-h300-no\/2.jpg\" \/><\/span><\/span><\/span><\/p>\n<\/td>\n<\/tr>\n<tr>\n<td>\n<p><span style=\"color: #000000;\"><span style=\"font-family: tahoma,geneva,sans-serif;\"><span style=\"font-size: 12px;\"><img decoding=\"async\" class=\"lazyload HAa Eha\" style=\"border-width: 1px; border-style: solid; margin: 10px auto; display: block;\" alt=\"\" src=\"data:image\/gif;base64,R0lGODlhAQABAAAAACH5BAEKAAEALAAAAAABAAEAAAICTAEAOw==\" data-orig-src=\"https:\/\/lh4.googleusercontent.com\/-ITPWbDIMmPw\/VI6-5FDFNAI\/AAAAAAAAHoU\/lcIdJ-_5HYE\/w400-h300-no\/3.jpg\" \/><\/span><\/span><\/span><\/p>\n<\/td>\n<td>\n<p><span style=\"color: #000000;\"><span style=\"font-family: tahoma,geneva,sans-serif;\"><span style=\"font-size: 12px;\">&nbsp;&nbsp;&nbsp;&nbsp;<\/span><\/span><\/span><\/p>\n<p style=\"text-align: justify;\"><span style=\"color: #000000;\"><span style=\"font-family: tahoma,geneva,sans-serif;\"><span style=\"font-size: 12px;\">&nbsp;&nbsp;&nbsp; Por si duhet t\u00eb veprojn\u00eb ato sot?&nbsp; Grat\u00eb &#8211; tha ai &#8211; luajn\u00eb nj\u00eb rol t\u00eb madh n\u00eb jet\u00ebn e familjes. Jan\u00eb grat\u00eb ato q\u00eb do t\u2019i m\u00ebsojn\u00eb f\u00ebmij\u00ebt t\u00eb k\u00ebrkojn\u00eb p\u00ebr nj\u00eb jet\u00eb m\u00ebZotin, t\u00eb vijn\u00eb n\u00eb Kish\u00eb, t\u00eb ken\u00eb d\u00ebshir\u00eb t\u00eb luten e t\u00eb kuptojn\u00eb sh\u00ebrbesat e Kish\u00ebs, , jan\u00eb grat\u00eb ato q\u00eb do t\u00eb rrisin f\u00ebmij\u00eb me per\u00ebndishm\u00ebri. Ato kan\u00eb luajtur dhe vazhdojn\u00eb t\u00eb luajn\u00eb nj\u00eb rol t\u00eb madh n\u00eb p\u00ebrhapjen e lajmit t\u00eb mir\u00eb, ashtu si grat\u00eb miroprur\u00ebse.<\/span><\/span><\/span><\/p>\n<p>&nbsp;<\/p>\n<\/td>\n<\/tr>\n<tr>\n<td>\n<p><span style=\"color: #000000;\"><span style=\"font-family: tahoma,geneva,sans-serif;\"><span style=\"font-size: 12px;\">&nbsp;&nbsp;&nbsp;&nbsp;<\/span><\/span><\/span><\/p>\n<p style=\"text-align: justify;\"><span style=\"color: #000000;\"><span style=\"font-family: tahoma,geneva,sans-serif;\"><span style=\"font-size: 12px;\">&nbsp;&nbsp;&nbsp; P\u00ebrgjegj\u00ebsja e Lidhjes s\u00eb Grave t\u00eb Dioqez\u00ebs s\u00eb Tiran\u00ebs, znj. Rajmonda Shqevi n\u00eb fjal\u00ebn e saj tregoi se si e shikon gruan Shkrimi i&nbsp; Shenjt\u00eb. M\u00eb pas, aktivistja nga Tirana e k\u00ebsaj Lidhjeje, znj. Leonora Ko\u00e7o, tregoi p\u00ebr kontributin vullnetar t\u00eb grave n\u00eb Tiran\u00eb.<\/span><\/span><\/span><\/p>\n<p>&nbsp;<\/p>\n<\/td>\n<td>\n<p><span style=\"color: #000000;\"><span style=\"font-family: tahoma,geneva,sans-serif;\"><span style=\"font-size: 12px;\"><img decoding=\"async\" class=\"lazyload HAa Eha\" style=\"border-width: 1px; border-style: solid; margin: 10px auto; display: block;\" alt=\"\" src=\"data:image\/gif;base64,R0lGODlhAQABAAAAACH5BAEKAAEALAAAAAABAAEAAAICTAEAOw==\" data-orig-src=\"https:\/\/lh5.googleusercontent.com\/-iVYM_Id3N1w\/VI6-5aR1OSI\/AAAAAAAAHoA\/4lZ6sLT6feo\/w400-h300-no\/4.jpg\" \/><\/span><\/span><\/span><\/p>\n<\/td>\n<\/tr>\n<tr>\n<td>\n<p><span style=\"color: #000000;\"><span style=\"font-family: tahoma,geneva,sans-serif;\"><span style=\"font-size: 12px;\"><img decoding=\"async\" class=\"lazyload HAa Eha\" style=\"border-width: 1px; border-style: solid; margin: 10px auto; display: block;\" alt=\"\" src=\"data:image\/gif;base64,R0lGODlhAQABAAAAACH5BAEKAAEALAAAAAABAAEAAAICTAEAOw==\" data-orig-src=\"https:\/\/lh6.googleusercontent.com\/-OW6sM1Fptwc\/VI6-5m4pUmI\/AAAAAAAAHoI\/IPPIcL474OU\/w400-h300-no\/5.jpg\" \/><\/span><\/span><\/span><\/p>\n<\/td>\n<td>\n<p style=\"text-align: justify;\"><span style=\"color: #000000;\"><span style=\"font-family: tahoma,geneva,sans-serif;\"><span style=\"font-size: 12px;\">&nbsp;&nbsp;&nbsp; T\u00eb&nbsp; diel\u00ebn e Grave Miroprur\u00ebse, grat\u00eb mor\u00ebn pjes\u00eb n\u00eb sh\u00ebrbesat adhuruese e kremtuese, duke u lutur e psalur s\u00eb bashku n\u00eb kish\u00ebn e Sh\u00ebn Vlashit t\u00eb k\u00ebtij Manastiri. Aktiviteti vazhdoi edhe t\u00eb diel\u00ebn me bashk\u00ebbisedime midis tyre, me shoq\u00ebri t\u00eb reja dhe p\u00ebrvoja t\u00eb reja, nd\u00ebrkoh\u00eb q\u00eb edhe panairi i organizuar nga grat\u00eb e Tiran\u00ebs t\u00ebrhoqi v\u00ebmendjen e t\u00eb gjith\u00ebve.<\/span><\/span><\/span><\/p>\n<\/td>\n<\/tr>\n<tr>\n<td dir=\"ltr\" colspan=\"2\">\n<p style=\"text-align: justify;\"><span style=\"color: #000000;\"><span style=\"font-family: tahoma,geneva,sans-serif;\"><span style=\"font-size: 12px;\">&nbsp;&nbsp;&nbsp; N\u00eb or\u00ebt e mesdit\u00ebs, Episkop Nikolla mbajti fjal\u00ebn p\u00ebrsh\u00ebndet\u00ebse. Pasi foli p\u00ebr t\u00eb kremten e Grave Miroprur\u00ebse, Episkop Nikolla tha: \u201cGrat\u00eb shkuan me guxim te varri, shkuan t\u00eb parat dhe ishin po t\u00eb parat q\u00eb mor\u00ebn lajmin e mir\u00eb t\u00eb ngjalljes s\u00eb Krishtit dhe ishin p\u00ebrs\u00ebri t\u00eb parat q\u00eb e p\u00ebrhap\u00ebn at\u00eb dhe vazhdojn\u00eb edhe sot t\u00eb p\u00ebrhapin lajmin e Ngjalljes. Grat\u00eb nuk kan\u00eb mbetur mbrapa burrave n\u00eb asnj\u00eb fush\u00eb, n\u00eb asketiz\u00ebm, n\u00eb kresh\u00ebm, n\u00eb lutje, n\u00eb diturin\u00eb shpirt\u00ebrore, etj.&nbsp; Gruaja e krishter\u00eb duhet t\u00eb jet\u00eb nj\u00eb figur\u00eb, nj\u00eb ikon\u00eb e s\u00eb T\u00ebr\u00ebshenjt\u00ebs Mari, n\u00eb familje dhe n\u00eb shoq\u00ebri, me sakrifica p\u00ebr familjen, me dashuri p\u00ebr bashk\u00ebshortin, f\u00ebmij\u00ebt dhe t\u00eb af\u00ebrmit, t\u00eb dij\u00eb si t\u00eb sillet n\u00eb familje dhe n\u00eb shoq\u00ebri\u201d.<\/span><\/span><\/span><\/p>\n<p style=\"text-align: justify;\"><span style=\"color: #000000;\"><span style=\"font-family: tahoma,geneva,sans-serif;\"><span style=\"font-size: 12px;\">&nbsp;&nbsp;&nbsp; \u201cN\u00eb kish\u00eb ne pastrojm\u00eb zemrat nga t\u00eb gjitha mendimet e k\u00ebqija dhe&nbsp; n\u00eb mendjen dhe zemr\u00ebn ton\u00eb fusim dashurin\u00eb, v\u00ebllaz\u00ebrimin dhe qet\u00ebsin\u00eb. Kur jan\u00eb k\u00ebto \u00ebsht\u00eb edhe paqja mes njeri-tjetrit. Prandaj edhe kur takojm\u00eb nj\u00ebra-tjetr\u00ebn themi \u201cKrishti mes nesh\u201d &#8211; tha p\u00ebr radion Ngjallja znj. Sofika nga Kavaja. Nd\u00ebrsa, Alketa, 23 vje\u00e7, nga C\u00ebrriku thot\u00eb \u201cQ\u00eb t\u00eb jesh i krishter\u00eb do t\u00eb thot\u00eb t\u00eb ndjesh dashuri p\u00ebr Zotin, t\u00eb marr\u00ebsh dashuri dhe t\u00eb jap\u00ebsh dashuri\u201d. Urimi \u201cKrishti mes nesh\u201d shoq\u00ebroi t\u00eb gjith\u00eb aktivitetin e organizuar nga grat\u00eb e Lidhjes Orthodhokse t\u00eb Dioqez\u00ebs s\u00eb Tiran\u00ebs.<\/span><\/span><\/span><\/p>\n<p style=\"text-align: justify;\"><span style=\"color: #000000;\"><span style=\"font-family: tahoma,geneva,sans-serif;\"><span style=\"font-size: 12px;\">&nbsp;&nbsp;&nbsp; Takimi p\u00ebrfundoi me nj\u00eb koncert t\u00eb f\u00ebmij\u00ebve t\u00eb Sht\u00ebpis\u00eb s\u00eb F\u00ebmij\u00ebve Orthodhokse Shpresa pran\u00eb Manastirit t\u00eb Sh\u00ebn Vlashit dhe me mesazhin q\u00eb \u00e7do grua e krishter\u00eb orthodhokse duhet t\u00eb ket\u00eb n\u00eb jet\u00ebn e saj: \u201c<em>T\u00eb duam Per\u00ebndin\u00eb, jet\u00ebn, bashk\u00ebshortin, f\u00ebmij\u00ebt e t\u00eb af\u00ebrmit dhe t\u00eb b\u00ebhemi ikona t\u00eb grave miroprur\u00ebse, n\u00eb m\u00ebnyr\u00ebn se si ato e desh\u00ebn Zotin dhe si e p\u00ebrhap\u00ebn lajmin e Ngjalljes\u201d.<\/em>&nbsp;&nbsp;&nbsp;&nbsp;&nbsp;&nbsp;&nbsp;&nbsp;<\/span><\/span><\/span><\/p>\n<p>&nbsp;<\/p>\n<p>&nbsp;<\/p>\n<\/td>\n<\/tr>\n<tr>\n<td dir=\"ltr\" colspan=\"2\">\n<p><span style=\"color: #000000;\"><span style=\"font-family: tahoma,geneva,sans-serif;\"><span style=\"font-size: 12px;\"><strong>Julia Pjetri<\/strong><\/span><\/span><\/span><\/p>\n<p><span style=\"color: #000000;\"><span style=\"font-family: tahoma,geneva,sans-serif;\"><span style=\"font-size: 12px;\">Nga Radio \u201cNgjallja\u201d FM 88.5<\/span><\/span><\/span><\/p>\n<\/td>\n<\/tr>\n<\/tbody>\n<\/table>\n","protected":false},"excerpt":{"rendered":"<p>&nbsp;&nbsp;&nbsp; N\u00eb or\u00ebt e pasdites s\u00eb dit\u00ebs s\u00eb shtun\u00eb t\u00eb dat\u00ebs 10 maj, Manastiri i Hirsh\u00ebm i Sh\u00ebn Vlashit n\u00eb Durr\u00ebs, mikpriti grat\u00eb e Lidhjes Orthodhokse t\u00eb Dioqez\u00ebs s\u00eb Tiran\u00ebs. Atmosfera e Pashk\u00ebs bashkoi grat\u00eb nga rrethet: Tiran\u00eb, Durr\u00ebs, Kavaj\u00eb, Elbasan, Gramsh, Lezh\u00eb dhe Shkod\u00ebr. Ato filluan aktivitetin me lutje duke u lutur n\u00eb Mbr\u00ebm\u00ebsoren e s\u00eb shtun\u00ebs dhe psal\u00ebn p\u00ebrl\u00ebshoren e Grave Miroprur\u00ebse. &nbsp;&nbsp;&nbsp;<\/p>\n","protected":false},"author":1,"featured_media":0,"comment_status":"open","ping_status":"open","sticky":false,"template":"","format":"standard","meta":{"_acf_changed":false,"pagelayer_contact_templates":[],"_pagelayer_content":"","inline_featured_image":false,"fifu_image_url":"","fifu_image_alt":"","footnotes":""},"categories":[108],"tags":[146,196,212,187],"class_list":["post-1242","post","type-post","status-publish","format-standard","hentry","category-lajme","tag-146","tag-tirane","tag-lajme-d27","tag-lidhja-e-grave-orthodhokse"],"acf":[],"yoast_head":"<!-- This site is optimized with the Yoast SEO plugin v27.2 - https:\/\/yoast.com\/product\/yoast-seo-wordpress\/ -->\n<title>Takim me grat\u00eb orthodhokse t\u00eb Dioqez\u00ebs s\u00eb Tiran\u00ebs. (Maj 2008) - Kisha Orthodh\u03bfkse Autoqefale e Shqip\u00ebris\u00eb<\/title>\n<meta name=\"robots\" content=\"index, follow, max-snippet:-1, max-image-preview:large, max-video-preview:-1\" \/>\n<link rel=\"canonical\" href=\"https:\/\/orthodoxalbania.org\/2020\/2008\/02\/26\/takim-me-grate-orthodhokse-te-dioqezes-se-tiranes-maj-2008\/\" \/>\n<meta property=\"og:locale\" content=\"en_US\" \/>\n<meta property=\"og:type\" content=\"article\" \/>\n<meta property=\"og:title\" content=\"Takim me grat\u00eb orthodhokse t\u00eb Dioqez\u00ebs s\u00eb Tiran\u00ebs. (Maj 2008) - Kisha Orthodh\u03bfkse Autoqefale e Shqip\u00ebris\u00eb\" \/>\n<meta property=\"og:description\" content=\"&nbsp;&nbsp;&nbsp; N\u00eb or\u00ebt e pasdites s\u00eb dit\u00ebs s\u00eb shtun\u00eb t\u00eb dat\u00ebs 10 maj, Manastiri i Hirsh\u00ebm i Sh\u00ebn Vlashit n\u00eb Durr\u00ebs, mikpriti grat\u00eb e Lidhjes Orthodhokse t\u00eb Dioqez\u00ebs s\u00eb Tiran\u00ebs. Atmosfera e Pashk\u00ebs bashkoi grat\u00eb nga rrethet: Tiran\u00eb, Durr\u00ebs, Kavaj\u00eb, Elbasan, Gramsh, Lezh\u00eb dhe Shkod\u00ebr. Ato filluan aktivitetin me lutje duke u lutur n\u00eb Mbr\u00ebm\u00ebsoren e s\u00eb shtun\u00ebs dhe psal\u00ebn p\u00ebrl\u00ebshoren e Grave Miroprur\u00ebse. &nbsp;&nbsp;&nbsp;\" \/>\n<meta property=\"og:url\" content=\"https:\/\/orthodoxalbania.org\/2020\/2008\/02\/26\/takim-me-grate-orthodhokse-te-dioqezes-se-tiranes-maj-2008\/\" \/>\n<meta property=\"og:site_name\" content=\"Kisha Orthodh\u03bfkse Autoqefale e Shqip\u00ebris\u00eb\" \/>\n<meta property=\"article:publisher\" content=\"https:\/\/www.facebook.com\/koash1991\" \/>\n<meta property=\"article:published_time\" content=\"2008-02-26T00:00:00+00:00\" \/>\n<meta property=\"article:modified_time\" content=\"2020-04-06T20:35:15+00:00\" \/>\n<meta property=\"og:image\" content=\"https:\/\/lh4.googleusercontent.com\/-Jlp6uwH7SDs\/VI6-4yJOIdI\/AAAAAAAAHoM\/kl5-F3sMe5w\/w400-h300-no\/1.jpg\" \/>\n<meta name=\"author\" content=\"Kisha Orthodhokse\" \/>\n<meta name=\"twitter:card\" content=\"summary_large_image\" \/>\n<meta name=\"twitter:label1\" content=\"Written by\" \/>\n\t<meta name=\"twitter:data1\" content=\"Kisha Orthodhokse\" \/>\n\t<meta name=\"twitter:label2\" content=\"Est. reading time\" \/>\n\t<meta name=\"twitter:data2\" content=\"4 minutes\" \/>\n<script type=\"application\/ld+json\" class=\"yoast-schema-graph\">{\"@context\":\"https:\/\/schema.org\",\"@graph\":[{\"@type\":\"Article\",\"@id\":\"https:\/\/orthodoxalbania.org\/2020\/2008\/02\/26\/takim-me-grate-orthodhokse-te-dioqezes-se-tiranes-maj-2008\/#article\",\"isPartOf\":{\"@id\":\"https:\/\/orthodoxalbania.org\/2020\/2008\/02\/26\/takim-me-grate-orthodhokse-te-dioqezes-se-tiranes-maj-2008\/\"},\"author\":{\"name\":\"Kisha Orthodhokse\",\"@id\":\"https:\/\/orthodoxalbania.org\/2020\/#\/schema\/person\/0c387634a7063ac612d7ed9ce71c7e86\"},\"headline\":\"Takim me grat\u00eb orthodhokse t\u00eb Dioqez\u00ebs s\u00eb Tiran\u00ebs. (Maj 2008)\",\"datePublished\":\"2008-02-26T00:00:00+00:00\",\"dateModified\":\"2020-04-06T20:35:15+00:00\",\"mainEntityOfPage\":{\"@id\":\"https:\/\/orthodoxalbania.org\/2020\/2008\/02\/26\/takim-me-grate-orthodhokse-te-dioqezes-se-tiranes-maj-2008\/\"},\"wordCount\":798,\"commentCount\":0,\"publisher\":{\"@id\":\"https:\/\/orthodoxalbania.org\/2020\/#organization\"},\"image\":{\"@id\":\"https:\/\/orthodoxalbania.org\/2020\/2008\/02\/26\/takim-me-grate-orthodhokse-te-dioqezes-se-tiranes-maj-2008\/#primaryimage\"},\"thumbnailUrl\":\"https:\/\/lh4.googleusercontent.com\/-Jlp6uwH7SDs\/VI6-4yJOIdI\/AAAAAAAAHoM\/kl5-F3sMe5w\/w400-h300-no\/1.jpg\",\"keywords\":[\"2008\",\"Kryepiskopata Tiran\u00eb\",\"lajme\",\"Lidhja e Grave Orthodhokse\"],\"articleSection\":[\"Lajme\"],\"inLanguage\":\"en-US\"},{\"@type\":\"WebPage\",\"@id\":\"https:\/\/orthodoxalbania.org\/2020\/2008\/02\/26\/takim-me-grate-orthodhokse-te-dioqezes-se-tiranes-maj-2008\/\",\"url\":\"https:\/\/orthodoxalbania.org\/2020\/2008\/02\/26\/takim-me-grate-orthodhokse-te-dioqezes-se-tiranes-maj-2008\/\",\"name\":\"Takim me grat\u00eb orthodhokse t\u00eb Dioqez\u00ebs s\u00eb Tiran\u00ebs. (Maj 2008) - Kisha Orthodh\u03bfkse Autoqefale e Shqip\u00ebris\u00eb\",\"isPartOf\":{\"@id\":\"https:\/\/orthodoxalbania.org\/2020\/#website\"},\"primaryImageOfPage\":{\"@id\":\"https:\/\/orthodoxalbania.org\/2020\/2008\/02\/26\/takim-me-grate-orthodhokse-te-dioqezes-se-tiranes-maj-2008\/#primaryimage\"},\"image\":{\"@id\":\"https:\/\/orthodoxalbania.org\/2020\/2008\/02\/26\/takim-me-grate-orthodhokse-te-dioqezes-se-tiranes-maj-2008\/#primaryimage\"},\"thumbnailUrl\":\"https:\/\/lh4.googleusercontent.com\/-Jlp6uwH7SDs\/VI6-4yJOIdI\/AAAAAAAAHoM\/kl5-F3sMe5w\/w400-h300-no\/1.jpg\",\"datePublished\":\"2008-02-26T00:00:00+00:00\",\"dateModified\":\"2020-04-06T20:35:15+00:00\",\"breadcrumb\":{\"@id\":\"https:\/\/orthodoxalbania.org\/2020\/2008\/02\/26\/takim-me-grate-orthodhokse-te-dioqezes-se-tiranes-maj-2008\/#breadcrumb\"},\"inLanguage\":\"en-US\",\"potentialAction\":[{\"@type\":\"ReadAction\",\"target\":[\"https:\/\/orthodoxalbania.org\/2020\/2008\/02\/26\/takim-me-grate-orthodhokse-te-dioqezes-se-tiranes-maj-2008\/\"]}]},{\"@type\":\"ImageObject\",\"inLanguage\":\"en-US\",\"@id\":\"https:\/\/orthodoxalbania.org\/2020\/2008\/02\/26\/takim-me-grate-orthodhokse-te-dioqezes-se-tiranes-maj-2008\/#primaryimage\",\"url\":\"https:\/\/lh4.googleusercontent.com\/-Jlp6uwH7SDs\/VI6-4yJOIdI\/AAAAAAAAHoM\/kl5-F3sMe5w\/w400-h300-no\/1.jpg\",\"contentUrl\":\"https:\/\/lh4.googleusercontent.com\/-Jlp6uwH7SDs\/VI6-4yJOIdI\/AAAAAAAAHoM\/kl5-F3sMe5w\/w400-h300-no\/1.jpg\"},{\"@type\":\"BreadcrumbList\",\"@id\":\"https:\/\/orthodoxalbania.org\/2020\/2008\/02\/26\/takim-me-grate-orthodhokse-te-dioqezes-se-tiranes-maj-2008\/#breadcrumb\",\"itemListElement\":[{\"@type\":\"ListItem\",\"position\":1,\"name\":\"Home\",\"item\":\"https:\/\/orthodoxalbania.org\/2020\/\"},{\"@type\":\"ListItem\",\"position\":2,\"name\":\"Takim me grat\u00eb orthodhokse t\u00eb Dioqez\u00ebs s\u00eb Tiran\u00ebs. (Maj 2008)\"}]},{\"@type\":\"WebSite\",\"@id\":\"https:\/\/orthodoxalbania.org\/2020\/#website\",\"url\":\"https:\/\/orthodoxalbania.org\/2020\/\",\"name\":\"Kisha Orthodh\u03bfkse Autoqefale e Shqip\u00ebris\u00eb\",\"description\":\"Fqja Zyrtare e Kish\u00ebs Orthodhokse Autoqefale e Shqip\u00ebris\u00eb me lajmet edhe informacionet zyrtare p\u00ebr struktur\u00ebn edhe veprimtarin e saj.\",\"publisher\":{\"@id\":\"https:\/\/orthodoxalbania.org\/2020\/#organization\"},\"potentialAction\":[{\"@type\":\"SearchAction\",\"target\":{\"@type\":\"EntryPoint\",\"urlTemplate\":\"https:\/\/orthodoxalbania.org\/2020\/?s={search_term_string}\"},\"query-input\":{\"@type\":\"PropertyValueSpecification\",\"valueRequired\":true,\"valueName\":\"search_term_string\"}}],\"inLanguage\":\"en-US\"},{\"@type\":\"Organization\",\"@id\":\"https:\/\/orthodoxalbania.org\/2020\/#organization\",\"name\":\"Kisha Orthodhokse Autoqefale e Shqip\u00ebris\u00eb\",\"url\":\"https:\/\/orthodoxalbania.org\/2020\/\",\"logo\":{\"@type\":\"ImageObject\",\"inLanguage\":\"en-US\",\"@id\":\"https:\/\/orthodoxalbania.org\/2020\/#\/schema\/logo\/image\/\",\"url\":\"https:\/\/orthodoxalbania.org\/2020\/wp-content\/uploads\/2020\/05\/albania.jpeg\",\"contentUrl\":\"https:\/\/orthodoxalbania.org\/2020\/wp-content\/uploads\/2020\/05\/albania.jpeg\",\"width\":540,\"height\":540,\"caption\":\"Kisha Orthodhokse Autoqefale e Shqip\u00ebris\u00eb\"},\"image\":{\"@id\":\"https:\/\/orthodoxalbania.org\/2020\/#\/schema\/logo\/image\/\"},\"sameAs\":[\"https:\/\/www.facebook.com\/koash1991\"]},{\"@type\":\"Person\",\"@id\":\"https:\/\/orthodoxalbania.org\/2020\/#\/schema\/person\/0c387634a7063ac612d7ed9ce71c7e86\",\"name\":\"Kisha Orthodhokse\",\"image\":{\"@type\":\"ImageObject\",\"inLanguage\":\"en-US\",\"@id\":\"https:\/\/secure.gravatar.com\/avatar\/596e7c417251e30f2fbb9c00e026fce61a695a00e51c889caded71c96cbbdde5?s=96&d=mm&r=g\",\"url\":\"https:\/\/secure.gravatar.com\/avatar\/596e7c417251e30f2fbb9c00e026fce61a695a00e51c889caded71c96cbbdde5?s=96&d=mm&r=g\",\"contentUrl\":\"https:\/\/secure.gravatar.com\/avatar\/596e7c417251e30f2fbb9c00e026fce61a695a00e51c889caded71c96cbbdde5?s=96&d=mm&r=g\",\"caption\":\"Kisha Orthodhokse\"}}]}<\/script>\n<!-- \/ Yoast SEO plugin. -->","yoast_head_json":{"title":"Takim me grat\u00eb orthodhokse t\u00eb Dioqez\u00ebs s\u00eb Tiran\u00ebs. (Maj 2008) - Kisha Orthodh\u03bfkse Autoqefale e Shqip\u00ebris\u00eb","robots":{"index":"index","follow":"follow","max-snippet":"max-snippet:-1","max-image-preview":"max-image-preview:large","max-video-preview":"max-video-preview:-1"},"canonical":"https:\/\/orthodoxalbania.org\/2020\/2008\/02\/26\/takim-me-grate-orthodhokse-te-dioqezes-se-tiranes-maj-2008\/","og_locale":"en_US","og_type":"article","og_title":"Takim me grat\u00eb orthodhokse t\u00eb Dioqez\u00ebs s\u00eb Tiran\u00ebs. (Maj 2008) - Kisha Orthodh\u03bfkse Autoqefale e Shqip\u00ebris\u00eb","og_description":"&nbsp;&nbsp;&nbsp; N\u00eb or\u00ebt e pasdites s\u00eb dit\u00ebs s\u00eb shtun\u00eb t\u00eb dat\u00ebs 10 maj, Manastiri i Hirsh\u00ebm i Sh\u00ebn Vlashit n\u00eb Durr\u00ebs, mikpriti grat\u00eb e Lidhjes Orthodhokse t\u00eb Dioqez\u00ebs s\u00eb Tiran\u00ebs. Atmosfera e Pashk\u00ebs bashkoi grat\u00eb nga rrethet: Tiran\u00eb, Durr\u00ebs, Kavaj\u00eb, Elbasan, Gramsh, Lezh\u00eb dhe Shkod\u00ebr. Ato filluan aktivitetin me lutje duke u lutur n\u00eb Mbr\u00ebm\u00ebsoren e s\u00eb shtun\u00ebs dhe psal\u00ebn p\u00ebrl\u00ebshoren e Grave Miroprur\u00ebse. &nbsp;&nbsp;&nbsp;","og_url":"https:\/\/orthodoxalbania.org\/2020\/2008\/02\/26\/takim-me-grate-orthodhokse-te-dioqezes-se-tiranes-maj-2008\/","og_site_name":"Kisha Orthodh\u03bfkse Autoqefale e Shqip\u00ebris\u00eb","article_publisher":"https:\/\/www.facebook.com\/koash1991","article_published_time":"2008-02-26T00:00:00+00:00","article_modified_time":"2020-04-06T20:35:15+00:00","og_image":[{"url":"https:\/\/lh4.googleusercontent.com\/-Jlp6uwH7SDs\/VI6-4yJOIdI\/AAAAAAAAHoM\/kl5-F3sMe5w\/w400-h300-no\/1.jpg","type":"","width":"","height":""}],"author":"Kisha Orthodhokse","twitter_card":"summary_large_image","twitter_misc":{"Written by":"Kisha Orthodhokse","Est. reading time":"4 minutes"},"schema":{"@context":"https:\/\/schema.org","@graph":[{"@type":"Article","@id":"https:\/\/orthodoxalbania.org\/2020\/2008\/02\/26\/takim-me-grate-orthodhokse-te-dioqezes-se-tiranes-maj-2008\/#article","isPartOf":{"@id":"https:\/\/orthodoxalbania.org\/2020\/2008\/02\/26\/takim-me-grate-orthodhokse-te-dioqezes-se-tiranes-maj-2008\/"},"author":{"name":"Kisha Orthodhokse","@id":"https:\/\/orthodoxalbania.org\/2020\/#\/schema\/person\/0c387634a7063ac612d7ed9ce71c7e86"},"headline":"Takim me grat\u00eb orthodhokse t\u00eb Dioqez\u00ebs s\u00eb Tiran\u00ebs. (Maj 2008)","datePublished":"2008-02-26T00:00:00+00:00","dateModified":"2020-04-06T20:35:15+00:00","mainEntityOfPage":{"@id":"https:\/\/orthodoxalbania.org\/2020\/2008\/02\/26\/takim-me-grate-orthodhokse-te-dioqezes-se-tiranes-maj-2008\/"},"wordCount":798,"commentCount":0,"publisher":{"@id":"https:\/\/orthodoxalbania.org\/2020\/#organization"},"image":{"@id":"https:\/\/orthodoxalbania.org\/2020\/2008\/02\/26\/takim-me-grate-orthodhokse-te-dioqezes-se-tiranes-maj-2008\/#primaryimage"},"thumbnailUrl":"https:\/\/lh4.googleusercontent.com\/-Jlp6uwH7SDs\/VI6-4yJOIdI\/AAAAAAAAHoM\/kl5-F3sMe5w\/w400-h300-no\/1.jpg","keywords":["2008","Kryepiskopata Tiran\u00eb","lajme","Lidhja e Grave Orthodhokse"],"articleSection":["Lajme"],"inLanguage":"en-US"},{"@type":"WebPage","@id":"https:\/\/orthodoxalbania.org\/2020\/2008\/02\/26\/takim-me-grate-orthodhokse-te-dioqezes-se-tiranes-maj-2008\/","url":"https:\/\/orthodoxalbania.org\/2020\/2008\/02\/26\/takim-me-grate-orthodhokse-te-dioqezes-se-tiranes-maj-2008\/","name":"Takim me grat\u00eb orthodhokse t\u00eb Dioqez\u00ebs s\u00eb Tiran\u00ebs. (Maj 2008) - Kisha Orthodh\u03bfkse Autoqefale e Shqip\u00ebris\u00eb","isPartOf":{"@id":"https:\/\/orthodoxalbania.org\/2020\/#website"},"primaryImageOfPage":{"@id":"https:\/\/orthodoxalbania.org\/2020\/2008\/02\/26\/takim-me-grate-orthodhokse-te-dioqezes-se-tiranes-maj-2008\/#primaryimage"},"image":{"@id":"https:\/\/orthodoxalbania.org\/2020\/2008\/02\/26\/takim-me-grate-orthodhokse-te-dioqezes-se-tiranes-maj-2008\/#primaryimage"},"thumbnailUrl":"https:\/\/lh4.googleusercontent.com\/-Jlp6uwH7SDs\/VI6-4yJOIdI\/AAAAAAAAHoM\/kl5-F3sMe5w\/w400-h300-no\/1.jpg","datePublished":"2008-02-26T00:00:00+00:00","dateModified":"2020-04-06T20:35:15+00:00","breadcrumb":{"@id":"https:\/\/orthodoxalbania.org\/2020\/2008\/02\/26\/takim-me-grate-orthodhokse-te-dioqezes-se-tiranes-maj-2008\/#breadcrumb"},"inLanguage":"en-US","potentialAction":[{"@type":"ReadAction","target":["https:\/\/orthodoxalbania.org\/2020\/2008\/02\/26\/takim-me-grate-orthodhokse-te-dioqezes-se-tiranes-maj-2008\/"]}]},{"@type":"ImageObject","inLanguage":"en-US","@id":"https:\/\/orthodoxalbania.org\/2020\/2008\/02\/26\/takim-me-grate-orthodhokse-te-dioqezes-se-tiranes-maj-2008\/#primaryimage","url":"https:\/\/lh4.googleusercontent.com\/-Jlp6uwH7SDs\/VI6-4yJOIdI\/AAAAAAAAHoM\/kl5-F3sMe5w\/w400-h300-no\/1.jpg","contentUrl":"https:\/\/lh4.googleusercontent.com\/-Jlp6uwH7SDs\/VI6-4yJOIdI\/AAAAAAAAHoM\/kl5-F3sMe5w\/w400-h300-no\/1.jpg"},{"@type":"BreadcrumbList","@id":"https:\/\/orthodoxalbania.org\/2020\/2008\/02\/26\/takim-me-grate-orthodhokse-te-dioqezes-se-tiranes-maj-2008\/#breadcrumb","itemListElement":[{"@type":"ListItem","position":1,"name":"Home","item":"https:\/\/orthodoxalbania.org\/2020\/"},{"@type":"ListItem","position":2,"name":"Takim me grat\u00eb orthodhokse t\u00eb Dioqez\u00ebs s\u00eb Tiran\u00ebs. (Maj 2008)"}]},{"@type":"WebSite","@id":"https:\/\/orthodoxalbania.org\/2020\/#website","url":"https:\/\/orthodoxalbania.org\/2020\/","name":"Kisha Orthodh\u03bfkse Autoqefale e Shqip\u00ebris\u00eb","description":"Fqja Zyrtare e Kish\u00ebs Orthodhokse Autoqefale e Shqip\u00ebris\u00eb me lajmet edhe informacionet zyrtare p\u00ebr struktur\u00ebn edhe veprimtarin e saj.","publisher":{"@id":"https:\/\/orthodoxalbania.org\/2020\/#organization"},"potentialAction":[{"@type":"SearchAction","target":{"@type":"EntryPoint","urlTemplate":"https:\/\/orthodoxalbania.org\/2020\/?s={search_term_string}"},"query-input":{"@type":"PropertyValueSpecification","valueRequired":true,"valueName":"search_term_string"}}],"inLanguage":"en-US"},{"@type":"Organization","@id":"https:\/\/orthodoxalbania.org\/2020\/#organization","name":"Kisha Orthodhokse Autoqefale e Shqip\u00ebris\u00eb","url":"https:\/\/orthodoxalbania.org\/2020\/","logo":{"@type":"ImageObject","inLanguage":"en-US","@id":"https:\/\/orthodoxalbania.org\/2020\/#\/schema\/logo\/image\/","url":"https:\/\/orthodoxalbania.org\/2020\/wp-content\/uploads\/2020\/05\/albania.jpeg","contentUrl":"https:\/\/orthodoxalbania.org\/2020\/wp-content\/uploads\/2020\/05\/albania.jpeg","width":540,"height":540,"caption":"Kisha Orthodhokse Autoqefale e Shqip\u00ebris\u00eb"},"image":{"@id":"https:\/\/orthodoxalbania.org\/2020\/#\/schema\/logo\/image\/"},"sameAs":["https:\/\/www.facebook.com\/koash1991"]},{"@type":"Person","@id":"https:\/\/orthodoxalbania.org\/2020\/#\/schema\/person\/0c387634a7063ac612d7ed9ce71c7e86","name":"Kisha Orthodhokse","image":{"@type":"ImageObject","inLanguage":"en-US","@id":"https:\/\/secure.gravatar.com\/avatar\/596e7c417251e30f2fbb9c00e026fce61a695a00e51c889caded71c96cbbdde5?s=96&d=mm&r=g","url":"https:\/\/secure.gravatar.com\/avatar\/596e7c417251e30f2fbb9c00e026fce61a695a00e51c889caded71c96cbbdde5?s=96&d=mm&r=g","contentUrl":"https:\/\/secure.gravatar.com\/avatar\/596e7c417251e30f2fbb9c00e026fce61a695a00e51c889caded71c96cbbdde5?s=96&d=mm&r=g","caption":"Kisha Orthodhokse"}}]}},"_links":{"self":[{"href":"https:\/\/orthodoxalbania.org\/2020\/wp-json\/wp\/v2\/posts\/1242","targetHints":{"allow":["GET"]}}],"collection":[{"href":"https:\/\/orthodoxalbania.org\/2020\/wp-json\/wp\/v2\/posts"}],"about":[{"href":"https:\/\/orthodoxalbania.org\/2020\/wp-json\/wp\/v2\/types\/post"}],"author":[{"embeddable":true,"href":"https:\/\/orthodoxalbania.org\/2020\/wp-json\/wp\/v2\/users\/1"}],"replies":[{"embeddable":true,"href":"https:\/\/orthodoxalbania.org\/2020\/wp-json\/wp\/v2\/comments?post=1242"}],"version-history":[{"count":1,"href":"https:\/\/orthodoxalbania.org\/2020\/wp-json\/wp\/v2\/posts\/1242\/revisions"}],"predecessor-version":[{"id":15633,"href":"https:\/\/orthodoxalbania.org\/2020\/wp-json\/wp\/v2\/posts\/1242\/revisions\/15633"}],"wp:attachment":[{"href":"https:\/\/orthodoxalbania.org\/2020\/wp-json\/wp\/v2\/media?parent=1242"}],"wp:term":[{"taxonomy":"category","embeddable":true,"href":"https:\/\/orthodoxalbania.org\/2020\/wp-json\/wp\/v2\/categories?post=1242"},{"taxonomy":"post_tag","embeddable":true,"href":"https:\/\/orthodoxalbania.org\/2020\/wp-json\/wp\/v2\/tags?post=1242"}],"curies":[{"name":"wp","href":"https:\/\/api.w.org\/{rel}","templated":true}]}}