{"id":1241,"date":"2006-02-26T00:00:00","date_gmt":"2006-02-26T00:00:00","guid":{"rendered":""},"modified":"2020-04-06T22:41:54","modified_gmt":"2020-04-06T20:41:54","slug":"takim-me-gjimnazistet-ne-shen-vlash-maj-06","status":"publish","type":"post","link":"https:\/\/orthodoxalbania.org\/2020\/2006\/02\/26\/takim-me-gjimnazistet-ne-shen-vlash-maj-06\/","title":{"rendered":"Takim me gjimnazist\u00ebt  n\u00eb Sh\u00ebn Vlash. (26 &#8211; 28 Maj 2006)"},"content":{"rendered":"<div style=\"text-align: justify;\"><span style=\"font-family: tahoma,geneva,sans-serif;\"><span style=\"font-size: 12px;\"><span style=\"color: #000000;\"><img class=\"lazyload\" decoding=\"async\" style=\"width: 300px; height: 228px; margin: 10px; float: left; border-width: 1px; border-style: solid;\" alt=\"\" src=\"data:image\/gif;base64,R0lGODlhAQABAAAAACH5BAEKAAEALAAAAAABAAEAAAICTAEAOw==\" data-orig-src=\"https:\/\/lh4.googleusercontent.com\/-bkxCP_qvlgo\/URy_oY6K6-I\/AAAAAAAACDw\/9cZx6N5ePEM\/s443\/untitled1.1.jpg\" \/>&nbsp;&nbsp;&nbsp; N\u00eb datat 26-28 maj u zhvillua pran\u00eb ambienteve t\u00eb Akademis\u00eb Teologjike \u201cNgjallja e Krishtit\u201d n\u00eb&nbsp; Sh\u00ebn Vlash t\u00eb Durr\u00ebsit takimi 2-ditor i gjimnazist\u00ebve me tem\u00eb \u201cUdh\u00ebkryqi i jet\u00ebs\u201d. N\u00eb k\u00ebt\u00eb takim mor\u00ebn pjes\u00eb rreth 100 gjimnazist\u00eb pothuajse nga t\u00eb gjitha dioqezat kishtare si edhe nx\u00ebn\u00ebs t\u00eb Liceut kishtar \u201cKryqi i Nderuar\u201d t\u00eb Gjirokastr\u00ebs, pjesa m\u00eb e madhe e t\u00eb cil\u00ebve ishin maturant\u00eb. Programi dhe mbar\u00ebvajtja i takimit u organizua nga student\u00ebt e vitit t\u00eb kat\u00ebrt t\u00eb Akademis\u00eb Teologjike.<br \/> <\/span><\/span><\/span><\/div>\n<div style=\"text-align: justify;\"><span style=\"font-family: tahoma,geneva,sans-serif;\"><span style=\"font-size: 12px;\"><span style=\"color: #000000;\"><img decoding=\"async\" class=\"lazyload HAa Eha\" style=\"height: 396px; width: 300px; border-width: 1px; border-style: solid; margin: 10px; float: right;\" alt=\"\" src=\"data:image\/gif;base64,R0lGODlhAQABAAAAACH5BAEKAAEALAAAAAABAAEAAAICTAEAOw==\" data-orig-src=\"https:\/\/lh5.googleusercontent.com\/-WHF5nsyupP0\/VIbm9KA4oLI\/AAAAAAAAFb8\/_LTFFWdLQRs\/w265-h350-no\/untitled2.2.jpg\" \/><\/span><\/span><\/span><\/div>\n<div style=\"text-align: justify;\">&nbsp;<\/div>\n<div style=\"text-align: justify;\"><span style=\"font-family: tahoma,geneva,sans-serif;\"><span style=\"font-size: 12px;\"><span style=\"color: #000000;\">&nbsp;&nbsp;&nbsp; Gjimnazist\u00ebt q\u00eb n\u00eb momentin e mb\u00ebrritjes u regjistruan dhe u akomoduan n\u00eb ambientet e Akademis\u00eb. M\u00eb pas u ndan\u00eb n\u00eb grupe, duke ndjekur n\u00eb k\u00ebt\u00eb m\u00ebnyr\u00eb programin e konferenc\u00ebs. Rreth or\u00ebs 18.30 t\u00eb dit\u00ebs s\u00eb par\u00eb t\u00eb aktivitetit t\u00eb gjith\u00eb s\u00eb bashku u mblodh\u00ebn n\u00eb kish\u00ebn e Manastirit p\u00ebr t\u00eb filluar aktivitetin me lutje, me sh\u00ebrbes\u00ebn e Paraklisit. Nd\u00ebrsa programi i mbr\u00ebmjes vazhdoi me veprimtari arg\u00ebtuese&nbsp; si valle,k\u00ebng\u00eb dhe loj\u00ebra t\u00eb ndryshme.<br \/> &nbsp;<\/span><\/span><\/span><\/div>\n<div style=\"text-align: justify;\"><span style=\"font-family: tahoma,geneva,sans-serif;\"><span style=\"font-size: 12px;\"><span style=\"color: #000000;\">&nbsp;&nbsp; Programi ishte shume i larmish\u00ebm, sepse p\u00ebrmbante aktivitete t\u00eb ndryshme, duke p\u00ebrmendur k\u00ebtu edhe diskutimet midis pjes\u00ebmarr\u00ebsve gjimnazist\u00eb me student\u00ebt e Akademis\u00eb, diskutimet n\u00eb grupe etj. Mjaft me interes ishte edhe prezantimi i Akademis\u00eb ku secili shikonte jo vet\u00ebm nd\u00ebrtesat e k\u00ebtij kompleksi madh\u00ebshtor, por njihej edhe me aktivitetin dhe programin e jet\u00ebs akademike studentore. Ky prezantim p\u00ebrb\u00ebnte edhe nj\u00eb ftes\u00eb p\u00ebr t\u00eb gjith\u00eb gjimnazist\u00ebt, p\u00ebr t\u00eb par\u00eb Akademin\u00eb si pjes\u00eb t\u00eb edukimit t\u00eb tyre t\u00eb m\u00ebtejsh\u00ebm shpirt\u00ebror dhe formues, zgjidhje n\u00eb udh\u00ebkryqet e jet\u00ebs s\u00eb tyre.<br \/> <\/span><\/span><\/span><\/div>\n<div style=\"text-align: justify;\"><span style=\"font-family: tahoma,geneva,sans-serif;\"><span style=\"font-size: 12px;\"><span style=\"color: #000000;\"><img decoding=\"async\" class=\"lazyload HAa Eha\" style=\"height: 189px; width: 250px; border-width: 1px; border-style: solid; margin: 10px; float: left;\" alt=\"\" src=\"data:image\/gif;base64,R0lGODlhAQABAAAAACH5BAEKAAEALAAAAAABAAEAAAICTAEAOw==\" data-orig-src=\"https:\/\/lh3.googleusercontent.com\/-szl1QyvURXI\/VIbm9CqWKkI\/AAAAAAAAFb4\/CBUfj6DgXlY\/w350-h265-no\/untitled3.3.jpg\" \/><\/span><\/span><\/span><\/div>\n<div style=\"text-align: justify;\">&nbsp;<\/div>\n<div style=\"text-align: justify;\"><span style=\"font-family: tahoma,geneva,sans-serif;\"><span style=\"font-size: 12px;\"><span style=\"color: #000000;\">&nbsp;&nbsp;&nbsp; Drejtori i Akademis\u00eb, Episkop Ilia Ketri, p\u00ebrsh\u00ebndeti gjimnazist\u00ebt duke i uruar mir\u00ebseardhjen dhe n\u00eb fjal\u00ebn e tij ai i k\u00ebshilloi gjimnazist\u00ebt t\u00eb jen\u00eb vigjilent\u00eb n\u00eb jet\u00ebn e tyre dhe ta pranojn\u00eb thirrjen e Zotit n\u00eb \u00e7do drejtim t\u00eb jet\u00ebs, duke kryer gjithmon\u00eb vullnetin e Tij. Prezantimi p\u00ebrmbante nj\u00eb d\u00ebshmi nga nj\u00eb prej studenteve t\u00eb vitit t\u00eb kat\u00ebrt.<br \/> &nbsp;<\/span><\/span><\/span><\/div>\n<div style=\"text-align: justify;\"><span style=\"font-family: tahoma,geneva,sans-serif;\"><span style=\"font-size: 12px;\"><span style=\"color: #000000;\">&nbsp;&nbsp; N\u00eb pasditen e s\u00eb shtun\u00ebs pjes\u00ebmarr\u00ebsit zhvilluan nj\u00eb sh\u00ebtitje n\u00eb plazhin e Durr\u00ebsit, nd\u00ebrsa n\u00eb mbr\u00ebmje ndoq\u00ebn programin fotografik t\u00eb aktiviteteve 2-ditore.<br \/> <\/span><\/span><\/span><\/div>\n<div style=\"text-align: justify;\">&nbsp;<\/div>\n<div style=\"text-align: justify;\"><span style=\"font-family: tahoma,geneva,sans-serif;\"><span style=\"font-size: 12px;\"><span style=\"color: #000000;\">&nbsp;&nbsp;&nbsp; Ky aktivitet p\u00ebrfundoi dit\u00ebn e diel pas Liturgjis\u00eb Hyjnore dhe gjimnazist\u00ebt u larguan me p\u00ebrshtypjet m\u00eb t\u00eb mira dhe me shum\u00eb fal\u00ebnderime dhe mir\u00ebnjohje p\u00ebr t\u00eb gjith\u00eb ata q\u00eb kishin mund\u00ebsuar k\u00ebt\u00eb aktivitet.<\/p>\n<p> <strong>Sofia Bregu<\/strong><\/span><\/span><\/span><\/div>\n<div style=\"text-align: justify;\"><span style=\"font-family: tahoma,geneva,sans-serif;\"><span style=\"font-size: 12px;\"><span style=\"color: #000000;\"><strong>studente n\u00eb Akademin\u00eb \u201cNgjallja e Krishtit\u201d<br \/><\/strong><\/span><\/span><\/span><\/div>\n","protected":false},"excerpt":{"rendered":"<p>&nbsp;&nbsp;&nbsp; N\u00eb datat 26-28 maj u zhvillua pran\u00eb ambienteve t\u00eb Akademis\u00eb Teologjike \u201cNgjallja e Krishtit\u201d n\u00eb&nbsp; Sh\u00ebn Vlash t\u00eb Durr\u00ebsit takimi 2-ditor i gjimnazist\u00ebve me tem\u00eb \u201cUdh\u00ebkryqi i jet\u00ebs\u201d. N\u00eb k\u00ebt\u00eb takim mor\u00ebn pjes\u00eb rreth 100 gjimnazist\u00eb pothuajse nga t\u00eb gjitha dioqezat kishtare si edhe nx\u00ebn\u00ebs t\u00eb Liceut kishtar \u201cKryqi i Nderuar\u201d t\u00eb Gjirokastr\u00ebs, pjesa m\u00eb e madhe e t\u00eb cil\u00ebve ishin maturant\u00eb. Programi dhe<\/p>\n","protected":false},"author":1,"featured_media":0,"comment_status":"open","ping_status":"open","sticky":false,"template":"","format":"standard","meta":{"_acf_changed":false,"pagelayer_contact_templates":[],"_pagelayer_content":"","inline_featured_image":false,"fifu_image_url":"","fifu_image_alt":"","footnotes":""},"categories":[108],"tags":[148,169,196,212],"class_list":["post-1241","post","type-post","status-publish","format-standard","hentry","category-lajme","tag-148","tag-akademia-teologjike","tag-tirane","tag-lajme-d27"],"acf":[],"yoast_head":"<!-- This site is optimized with the Yoast SEO plugin v27.2 - https:\/\/yoast.com\/product\/yoast-seo-wordpress\/ -->\n<title>Takim me gjimnazist\u00ebt n\u00eb Sh\u00ebn Vlash. (26 - 28 Maj 2006) - Kisha Orthodh\u03bfkse Autoqefale e Shqip\u00ebris\u00eb<\/title>\n<meta name=\"robots\" content=\"index, follow, max-snippet:-1, max-image-preview:large, max-video-preview:-1\" \/>\n<link rel=\"canonical\" href=\"https:\/\/orthodoxalbania.org\/2020\/2006\/02\/26\/takim-me-gjimnazistet-ne-shen-vlash-maj-06\/\" \/>\n<meta property=\"og:locale\" content=\"en_US\" \/>\n<meta property=\"og:type\" content=\"article\" \/>\n<meta property=\"og:title\" content=\"Takim me gjimnazist\u00ebt n\u00eb Sh\u00ebn Vlash. (26 - 28 Maj 2006) - Kisha Orthodh\u03bfkse Autoqefale e Shqip\u00ebris\u00eb\" \/>\n<meta property=\"og:description\" content=\"&nbsp;&nbsp;&nbsp; N\u00eb datat 26-28 maj u zhvillua pran\u00eb ambienteve t\u00eb Akademis\u00eb Teologjike \u201cNgjallja e Krishtit\u201d n\u00eb&nbsp; Sh\u00ebn Vlash t\u00eb Durr\u00ebsit takimi 2-ditor i gjimnazist\u00ebve me tem\u00eb \u201cUdh\u00ebkryqi i jet\u00ebs\u201d. N\u00eb k\u00ebt\u00eb takim mor\u00ebn pjes\u00eb rreth 100 gjimnazist\u00eb pothuajse nga t\u00eb gjitha dioqezat kishtare si edhe nx\u00ebn\u00ebs t\u00eb Liceut kishtar \u201cKryqi i Nderuar\u201d t\u00eb Gjirokastr\u00ebs, pjesa m\u00eb e madhe e t\u00eb cil\u00ebve ishin maturant\u00eb. Programi dhe\" \/>\n<meta property=\"og:url\" content=\"https:\/\/orthodoxalbania.org\/2020\/2006\/02\/26\/takim-me-gjimnazistet-ne-shen-vlash-maj-06\/\" \/>\n<meta property=\"og:site_name\" content=\"Kisha Orthodh\u03bfkse Autoqefale e Shqip\u00ebris\u00eb\" \/>\n<meta property=\"article:publisher\" content=\"https:\/\/www.facebook.com\/koash1991\" \/>\n<meta property=\"article:published_time\" content=\"2006-02-26T00:00:00+00:00\" \/>\n<meta property=\"article:modified_time\" content=\"2020-04-06T20:41:54+00:00\" \/>\n<meta property=\"og:image\" content=\"https:\/\/lh4.googleusercontent.com\/-bkxCP_qvlgo\/URy_oY6K6-I\/AAAAAAAACDw\/9cZx6N5ePEM\/s443\/untitled1.1.jpg\" \/>\n<meta name=\"author\" content=\"Kisha Orthodhokse\" \/>\n<meta name=\"twitter:card\" content=\"summary_large_image\" \/>\n<meta name=\"twitter:label1\" content=\"Written by\" \/>\n\t<meta name=\"twitter:data1\" content=\"Kisha Orthodhokse\" \/>\n\t<meta name=\"twitter:label2\" content=\"Est. reading time\" \/>\n\t<meta name=\"twitter:data2\" content=\"2 minutes\" \/>\n<script type=\"application\/ld+json\" class=\"yoast-schema-graph\">{\"@context\":\"https:\/\/schema.org\",\"@graph\":[{\"@type\":\"Article\",\"@id\":\"https:\/\/orthodoxalbania.org\/2020\/2006\/02\/26\/takim-me-gjimnazistet-ne-shen-vlash-maj-06\/#article\",\"isPartOf\":{\"@id\":\"https:\/\/orthodoxalbania.org\/2020\/2006\/02\/26\/takim-me-gjimnazistet-ne-shen-vlash-maj-06\/\"},\"author\":{\"name\":\"Kisha Orthodhokse\",\"@id\":\"https:\/\/orthodoxalbania.org\/2020\/#\/schema\/person\/0c387634a7063ac612d7ed9ce71c7e86\"},\"headline\":\"Takim me gjimnazist\u00ebt n\u00eb Sh\u00ebn Vlash. (26 &#8211; 28 Maj 2006)\",\"datePublished\":\"2006-02-26T00:00:00+00:00\",\"dateModified\":\"2020-04-06T20:41:54+00:00\",\"mainEntityOfPage\":{\"@id\":\"https:\/\/orthodoxalbania.org\/2020\/2006\/02\/26\/takim-me-gjimnazistet-ne-shen-vlash-maj-06\/\"},\"wordCount\":471,\"commentCount\":0,\"publisher\":{\"@id\":\"https:\/\/orthodoxalbania.org\/2020\/#organization\"},\"image\":{\"@id\":\"https:\/\/orthodoxalbania.org\/2020\/2006\/02\/26\/takim-me-gjimnazistet-ne-shen-vlash-maj-06\/#primaryimage\"},\"thumbnailUrl\":\"https:\/\/lh4.googleusercontent.com\/-bkxCP_qvlgo\/URy_oY6K6-I\/AAAAAAAACDw\/9cZx6N5ePEM\/s443\/untitled1.1.jpg\",\"keywords\":[\"2006\",\"Akademia Teologjike\",\"Kryepiskopata Tiran\u00eb\",\"lajme\"],\"articleSection\":[\"Lajme\"],\"inLanguage\":\"en-US\"},{\"@type\":\"WebPage\",\"@id\":\"https:\/\/orthodoxalbania.org\/2020\/2006\/02\/26\/takim-me-gjimnazistet-ne-shen-vlash-maj-06\/\",\"url\":\"https:\/\/orthodoxalbania.org\/2020\/2006\/02\/26\/takim-me-gjimnazistet-ne-shen-vlash-maj-06\/\",\"name\":\"Takim me gjimnazist\u00ebt n\u00eb Sh\u00ebn Vlash. (26 - 28 Maj 2006) - Kisha Orthodh\u03bfkse Autoqefale e Shqip\u00ebris\u00eb\",\"isPartOf\":{\"@id\":\"https:\/\/orthodoxalbania.org\/2020\/#website\"},\"primaryImageOfPage\":{\"@id\":\"https:\/\/orthodoxalbania.org\/2020\/2006\/02\/26\/takim-me-gjimnazistet-ne-shen-vlash-maj-06\/#primaryimage\"},\"image\":{\"@id\":\"https:\/\/orthodoxalbania.org\/2020\/2006\/02\/26\/takim-me-gjimnazistet-ne-shen-vlash-maj-06\/#primaryimage\"},\"thumbnailUrl\":\"https:\/\/lh4.googleusercontent.com\/-bkxCP_qvlgo\/URy_oY6K6-I\/AAAAAAAACDw\/9cZx6N5ePEM\/s443\/untitled1.1.jpg\",\"datePublished\":\"2006-02-26T00:00:00+00:00\",\"dateModified\":\"2020-04-06T20:41:54+00:00\",\"breadcrumb\":{\"@id\":\"https:\/\/orthodoxalbania.org\/2020\/2006\/02\/26\/takim-me-gjimnazistet-ne-shen-vlash-maj-06\/#breadcrumb\"},\"inLanguage\":\"en-US\",\"potentialAction\":[{\"@type\":\"ReadAction\",\"target\":[\"https:\/\/orthodoxalbania.org\/2020\/2006\/02\/26\/takim-me-gjimnazistet-ne-shen-vlash-maj-06\/\"]}]},{\"@type\":\"ImageObject\",\"inLanguage\":\"en-US\",\"@id\":\"https:\/\/orthodoxalbania.org\/2020\/2006\/02\/26\/takim-me-gjimnazistet-ne-shen-vlash-maj-06\/#primaryimage\",\"url\":\"https:\/\/lh4.googleusercontent.com\/-bkxCP_qvlgo\/URy_oY6K6-I\/AAAAAAAACDw\/9cZx6N5ePEM\/s443\/untitled1.1.jpg\",\"contentUrl\":\"https:\/\/lh4.googleusercontent.com\/-bkxCP_qvlgo\/URy_oY6K6-I\/AAAAAAAACDw\/9cZx6N5ePEM\/s443\/untitled1.1.jpg\"},{\"@type\":\"BreadcrumbList\",\"@id\":\"https:\/\/orthodoxalbania.org\/2020\/2006\/02\/26\/takim-me-gjimnazistet-ne-shen-vlash-maj-06\/#breadcrumb\",\"itemListElement\":[{\"@type\":\"ListItem\",\"position\":1,\"name\":\"Home\",\"item\":\"https:\/\/orthodoxalbania.org\/2020\/\"},{\"@type\":\"ListItem\",\"position\":2,\"name\":\"Takim me gjimnazist\u00ebt n\u00eb Sh\u00ebn Vlash. (26 &#8211; 28 Maj 2006)\"}]},{\"@type\":\"WebSite\",\"@id\":\"https:\/\/orthodoxalbania.org\/2020\/#website\",\"url\":\"https:\/\/orthodoxalbania.org\/2020\/\",\"name\":\"Kisha Orthodh\u03bfkse Autoqefale e Shqip\u00ebris\u00eb\",\"description\":\"Fqja Zyrtare e Kish\u00ebs Orthodhokse Autoqefale e Shqip\u00ebris\u00eb me lajmet edhe informacionet zyrtare p\u00ebr struktur\u00ebn edhe veprimtarin e saj.\",\"publisher\":{\"@id\":\"https:\/\/orthodoxalbania.org\/2020\/#organization\"},\"potentialAction\":[{\"@type\":\"SearchAction\",\"target\":{\"@type\":\"EntryPoint\",\"urlTemplate\":\"https:\/\/orthodoxalbania.org\/2020\/?s={search_term_string}\"},\"query-input\":{\"@type\":\"PropertyValueSpecification\",\"valueRequired\":true,\"valueName\":\"search_term_string\"}}],\"inLanguage\":\"en-US\"},{\"@type\":\"Organization\",\"@id\":\"https:\/\/orthodoxalbania.org\/2020\/#organization\",\"name\":\"Kisha Orthodhokse Autoqefale e Shqip\u00ebris\u00eb\",\"url\":\"https:\/\/orthodoxalbania.org\/2020\/\",\"logo\":{\"@type\":\"ImageObject\",\"inLanguage\":\"en-US\",\"@id\":\"https:\/\/orthodoxalbania.org\/2020\/#\/schema\/logo\/image\/\",\"url\":\"https:\/\/orthodoxalbania.org\/2020\/wp-content\/uploads\/2020\/05\/albania.jpeg\",\"contentUrl\":\"https:\/\/orthodoxalbania.org\/2020\/wp-content\/uploads\/2020\/05\/albania.jpeg\",\"width\":540,\"height\":540,\"caption\":\"Kisha Orthodhokse Autoqefale e Shqip\u00ebris\u00eb\"},\"image\":{\"@id\":\"https:\/\/orthodoxalbania.org\/2020\/#\/schema\/logo\/image\/\"},\"sameAs\":[\"https:\/\/www.facebook.com\/koash1991\"]},{\"@type\":\"Person\",\"@id\":\"https:\/\/orthodoxalbania.org\/2020\/#\/schema\/person\/0c387634a7063ac612d7ed9ce71c7e86\",\"name\":\"Kisha Orthodhokse\",\"image\":{\"@type\":\"ImageObject\",\"inLanguage\":\"en-US\",\"@id\":\"https:\/\/secure.gravatar.com\/avatar\/596e7c417251e30f2fbb9c00e026fce61a695a00e51c889caded71c96cbbdde5?s=96&d=mm&r=g\",\"url\":\"https:\/\/secure.gravatar.com\/avatar\/596e7c417251e30f2fbb9c00e026fce61a695a00e51c889caded71c96cbbdde5?s=96&d=mm&r=g\",\"contentUrl\":\"https:\/\/secure.gravatar.com\/avatar\/596e7c417251e30f2fbb9c00e026fce61a695a00e51c889caded71c96cbbdde5?s=96&d=mm&r=g\",\"caption\":\"Kisha Orthodhokse\"}}]}<\/script>\n<!-- \/ Yoast SEO plugin. -->","yoast_head_json":{"title":"Takim me gjimnazist\u00ebt n\u00eb Sh\u00ebn Vlash. (26 - 28 Maj 2006) - Kisha Orthodh\u03bfkse Autoqefale e Shqip\u00ebris\u00eb","robots":{"index":"index","follow":"follow","max-snippet":"max-snippet:-1","max-image-preview":"max-image-preview:large","max-video-preview":"max-video-preview:-1"},"canonical":"https:\/\/orthodoxalbania.org\/2020\/2006\/02\/26\/takim-me-gjimnazistet-ne-shen-vlash-maj-06\/","og_locale":"en_US","og_type":"article","og_title":"Takim me gjimnazist\u00ebt n\u00eb Sh\u00ebn Vlash. (26 - 28 Maj 2006) - Kisha Orthodh\u03bfkse Autoqefale e Shqip\u00ebris\u00eb","og_description":"&nbsp;&nbsp;&nbsp; N\u00eb datat 26-28 maj u zhvillua pran\u00eb ambienteve t\u00eb Akademis\u00eb Teologjike \u201cNgjallja e Krishtit\u201d n\u00eb&nbsp; Sh\u00ebn Vlash t\u00eb Durr\u00ebsit takimi 2-ditor i gjimnazist\u00ebve me tem\u00eb \u201cUdh\u00ebkryqi i jet\u00ebs\u201d. N\u00eb k\u00ebt\u00eb takim mor\u00ebn pjes\u00eb rreth 100 gjimnazist\u00eb pothuajse nga t\u00eb gjitha dioqezat kishtare si edhe nx\u00ebn\u00ebs t\u00eb Liceut kishtar \u201cKryqi i Nderuar\u201d t\u00eb Gjirokastr\u00ebs, pjesa m\u00eb e madhe e t\u00eb cil\u00ebve ishin maturant\u00eb. Programi dhe","og_url":"https:\/\/orthodoxalbania.org\/2020\/2006\/02\/26\/takim-me-gjimnazistet-ne-shen-vlash-maj-06\/","og_site_name":"Kisha Orthodh\u03bfkse Autoqefale e Shqip\u00ebris\u00eb","article_publisher":"https:\/\/www.facebook.com\/koash1991","article_published_time":"2006-02-26T00:00:00+00:00","article_modified_time":"2020-04-06T20:41:54+00:00","og_image":[{"url":"https:\/\/lh4.googleusercontent.com\/-bkxCP_qvlgo\/URy_oY6K6-I\/AAAAAAAACDw\/9cZx6N5ePEM\/s443\/untitled1.1.jpg","type":"","width":"","height":""}],"author":"Kisha Orthodhokse","twitter_card":"summary_large_image","twitter_misc":{"Written by":"Kisha Orthodhokse","Est. reading time":"2 minutes"},"schema":{"@context":"https:\/\/schema.org","@graph":[{"@type":"Article","@id":"https:\/\/orthodoxalbania.org\/2020\/2006\/02\/26\/takim-me-gjimnazistet-ne-shen-vlash-maj-06\/#article","isPartOf":{"@id":"https:\/\/orthodoxalbania.org\/2020\/2006\/02\/26\/takim-me-gjimnazistet-ne-shen-vlash-maj-06\/"},"author":{"name":"Kisha Orthodhokse","@id":"https:\/\/orthodoxalbania.org\/2020\/#\/schema\/person\/0c387634a7063ac612d7ed9ce71c7e86"},"headline":"Takim me gjimnazist\u00ebt n\u00eb Sh\u00ebn Vlash. (26 &#8211; 28 Maj 2006)","datePublished":"2006-02-26T00:00:00+00:00","dateModified":"2020-04-06T20:41:54+00:00","mainEntityOfPage":{"@id":"https:\/\/orthodoxalbania.org\/2020\/2006\/02\/26\/takim-me-gjimnazistet-ne-shen-vlash-maj-06\/"},"wordCount":471,"commentCount":0,"publisher":{"@id":"https:\/\/orthodoxalbania.org\/2020\/#organization"},"image":{"@id":"https:\/\/orthodoxalbania.org\/2020\/2006\/02\/26\/takim-me-gjimnazistet-ne-shen-vlash-maj-06\/#primaryimage"},"thumbnailUrl":"https:\/\/lh4.googleusercontent.com\/-bkxCP_qvlgo\/URy_oY6K6-I\/AAAAAAAACDw\/9cZx6N5ePEM\/s443\/untitled1.1.jpg","keywords":["2006","Akademia Teologjike","Kryepiskopata Tiran\u00eb","lajme"],"articleSection":["Lajme"],"inLanguage":"en-US"},{"@type":"WebPage","@id":"https:\/\/orthodoxalbania.org\/2020\/2006\/02\/26\/takim-me-gjimnazistet-ne-shen-vlash-maj-06\/","url":"https:\/\/orthodoxalbania.org\/2020\/2006\/02\/26\/takim-me-gjimnazistet-ne-shen-vlash-maj-06\/","name":"Takim me gjimnazist\u00ebt n\u00eb Sh\u00ebn Vlash. (26 - 28 Maj 2006) - Kisha Orthodh\u03bfkse Autoqefale e Shqip\u00ebris\u00eb","isPartOf":{"@id":"https:\/\/orthodoxalbania.org\/2020\/#website"},"primaryImageOfPage":{"@id":"https:\/\/orthodoxalbania.org\/2020\/2006\/02\/26\/takim-me-gjimnazistet-ne-shen-vlash-maj-06\/#primaryimage"},"image":{"@id":"https:\/\/orthodoxalbania.org\/2020\/2006\/02\/26\/takim-me-gjimnazistet-ne-shen-vlash-maj-06\/#primaryimage"},"thumbnailUrl":"https:\/\/lh4.googleusercontent.com\/-bkxCP_qvlgo\/URy_oY6K6-I\/AAAAAAAACDw\/9cZx6N5ePEM\/s443\/untitled1.1.jpg","datePublished":"2006-02-26T00:00:00+00:00","dateModified":"2020-04-06T20:41:54+00:00","breadcrumb":{"@id":"https:\/\/orthodoxalbania.org\/2020\/2006\/02\/26\/takim-me-gjimnazistet-ne-shen-vlash-maj-06\/#breadcrumb"},"inLanguage":"en-US","potentialAction":[{"@type":"ReadAction","target":["https:\/\/orthodoxalbania.org\/2020\/2006\/02\/26\/takim-me-gjimnazistet-ne-shen-vlash-maj-06\/"]}]},{"@type":"ImageObject","inLanguage":"en-US","@id":"https:\/\/orthodoxalbania.org\/2020\/2006\/02\/26\/takim-me-gjimnazistet-ne-shen-vlash-maj-06\/#primaryimage","url":"https:\/\/lh4.googleusercontent.com\/-bkxCP_qvlgo\/URy_oY6K6-I\/AAAAAAAACDw\/9cZx6N5ePEM\/s443\/untitled1.1.jpg","contentUrl":"https:\/\/lh4.googleusercontent.com\/-bkxCP_qvlgo\/URy_oY6K6-I\/AAAAAAAACDw\/9cZx6N5ePEM\/s443\/untitled1.1.jpg"},{"@type":"BreadcrumbList","@id":"https:\/\/orthodoxalbania.org\/2020\/2006\/02\/26\/takim-me-gjimnazistet-ne-shen-vlash-maj-06\/#breadcrumb","itemListElement":[{"@type":"ListItem","position":1,"name":"Home","item":"https:\/\/orthodoxalbania.org\/2020\/"},{"@type":"ListItem","position":2,"name":"Takim me gjimnazist\u00ebt n\u00eb Sh\u00ebn Vlash. (26 &#8211; 28 Maj 2006)"}]},{"@type":"WebSite","@id":"https:\/\/orthodoxalbania.org\/2020\/#website","url":"https:\/\/orthodoxalbania.org\/2020\/","name":"Kisha Orthodh\u03bfkse Autoqefale e Shqip\u00ebris\u00eb","description":"Fqja Zyrtare e Kish\u00ebs Orthodhokse Autoqefale e Shqip\u00ebris\u00eb me lajmet edhe informacionet zyrtare p\u00ebr struktur\u00ebn edhe veprimtarin e saj.","publisher":{"@id":"https:\/\/orthodoxalbania.org\/2020\/#organization"},"potentialAction":[{"@type":"SearchAction","target":{"@type":"EntryPoint","urlTemplate":"https:\/\/orthodoxalbania.org\/2020\/?s={search_term_string}"},"query-input":{"@type":"PropertyValueSpecification","valueRequired":true,"valueName":"search_term_string"}}],"inLanguage":"en-US"},{"@type":"Organization","@id":"https:\/\/orthodoxalbania.org\/2020\/#organization","name":"Kisha Orthodhokse Autoqefale e Shqip\u00ebris\u00eb","url":"https:\/\/orthodoxalbania.org\/2020\/","logo":{"@type":"ImageObject","inLanguage":"en-US","@id":"https:\/\/orthodoxalbania.org\/2020\/#\/schema\/logo\/image\/","url":"https:\/\/orthodoxalbania.org\/2020\/wp-content\/uploads\/2020\/05\/albania.jpeg","contentUrl":"https:\/\/orthodoxalbania.org\/2020\/wp-content\/uploads\/2020\/05\/albania.jpeg","width":540,"height":540,"caption":"Kisha Orthodhokse Autoqefale e Shqip\u00ebris\u00eb"},"image":{"@id":"https:\/\/orthodoxalbania.org\/2020\/#\/schema\/logo\/image\/"},"sameAs":["https:\/\/www.facebook.com\/koash1991"]},{"@type":"Person","@id":"https:\/\/orthodoxalbania.org\/2020\/#\/schema\/person\/0c387634a7063ac612d7ed9ce71c7e86","name":"Kisha Orthodhokse","image":{"@type":"ImageObject","inLanguage":"en-US","@id":"https:\/\/secure.gravatar.com\/avatar\/596e7c417251e30f2fbb9c00e026fce61a695a00e51c889caded71c96cbbdde5?s=96&d=mm&r=g","url":"https:\/\/secure.gravatar.com\/avatar\/596e7c417251e30f2fbb9c00e026fce61a695a00e51c889caded71c96cbbdde5?s=96&d=mm&r=g","contentUrl":"https:\/\/secure.gravatar.com\/avatar\/596e7c417251e30f2fbb9c00e026fce61a695a00e51c889caded71c96cbbdde5?s=96&d=mm&r=g","caption":"Kisha Orthodhokse"}}]}},"_links":{"self":[{"href":"https:\/\/orthodoxalbania.org\/2020\/wp-json\/wp\/v2\/posts\/1241","targetHints":{"allow":["GET"]}}],"collection":[{"href":"https:\/\/orthodoxalbania.org\/2020\/wp-json\/wp\/v2\/posts"}],"about":[{"href":"https:\/\/orthodoxalbania.org\/2020\/wp-json\/wp\/v2\/types\/post"}],"author":[{"embeddable":true,"href":"https:\/\/orthodoxalbania.org\/2020\/wp-json\/wp\/v2\/users\/1"}],"replies":[{"embeddable":true,"href":"https:\/\/orthodoxalbania.org\/2020\/wp-json\/wp\/v2\/comments?post=1241"}],"version-history":[{"count":1,"href":"https:\/\/orthodoxalbania.org\/2020\/wp-json\/wp\/v2\/posts\/1241\/revisions"}],"predecessor-version":[{"id":15856,"href":"https:\/\/orthodoxalbania.org\/2020\/wp-json\/wp\/v2\/posts\/1241\/revisions\/15856"}],"wp:attachment":[{"href":"https:\/\/orthodoxalbania.org\/2020\/wp-json\/wp\/v2\/media?parent=1241"}],"wp:term":[{"taxonomy":"category","embeddable":true,"href":"https:\/\/orthodoxalbania.org\/2020\/wp-json\/wp\/v2\/categories?post=1241"},{"taxonomy":"post_tag","embeddable":true,"href":"https:\/\/orthodoxalbania.org\/2020\/wp-json\/wp\/v2\/tags?post=1241"}],"curies":[{"name":"wp","href":"https:\/\/api.w.org\/{rel}","templated":true}]}}