{"id":1240,"date":"2013-03-21T09:37:24","date_gmt":"2013-03-21T09:37:24","guid":{"rendered":""},"modified":"2020-04-06T22:32:04","modified_gmt":"2020-04-06T20:32:04","slug":"takim-i-te-rinjve-te-kishes-sone-me-studente-e-vizitore-te-ardhur-nga-amerika","status":"publish","type":"post","link":"https:\/\/orthodoxalbania.org\/2020\/2013\/03\/21\/takim-i-te-rinjve-te-kishes-sone-me-studente-e-vizitore-te-ardhur-nga-amerika\/","title":{"rendered":"Takim i t\u00eb rinjve t\u00eb Kish\u00ebs son\u00eb me student\u00eb e vizitor\u00eb t\u00eb ardhur nga Amerika.  (Qershor 2011)"},"content":{"rendered":"<div>&nbsp;<\/div>\n<table border=\"0\">\n<tbody>\n<tr>\n<td>\n<div class=\"style7\">\n<div class=\"style10\"><span style=\"color: #000000;\"><span style=\"font-family: tahoma,geneva,sans-serif;\"><span style=\"font-size: 12px;\"><img decoding=\"async\" class=\"lazyload HAa Eha\" style=\"height: 240px; width: 320px; border-width: 1px; border-style: solid; margin: 10px; float: left;\" alt=\"\" src=\"data:image\/gif;base64,R0lGODlhAQABAAAAACH5BAEKAAEALAAAAAABAAEAAAICTAEAOw==\" data-orig-src=\"https:\/\/lh3.googleusercontent.com\/-23ysNUiPDF0\/VAGKTXgTIKI\/AAAAAAAACZ4\/WXal97Jg8-Q\/w640-h479-no\/1_640x479.JPG\" \/>&nbsp;&nbsp;&nbsp;&nbsp; E Diela e Et\u00ebrve t\u00eb Sinodit I Ekumenik mblodhi n\u00eb Kish\u00ebn e Ungjill\u00ebzimit t\u00eb Hyjlind\u00ebses Mari, n\u00eb Tiran\u00eb, 90 t\u00eb rinj nga Berati, Fieri, Tirana, Durr\u00ebsi dhe Qendra Studentore e Kish\u00ebs son\u00eb n\u00eb nj\u00eb takim ditor rinor organizuar nga Zyra Rinore e Kryepiskopat\u00ebs n\u00eb bashk\u00ebpunim me Qendr\u00ebn Studentore n\u00eb Tiran\u00eb dhe Zyr\u00ebn Rinore t\u00eb Mitropolis\u00eb s\u00eb Beratit.<\/span><\/span><\/span><\/div>\n<div class=\"style10\"> <span style=\"color: #000000;\"><span style=\"font-family: tahoma,geneva,sans-serif;\"><span style=\"font-size: 12px;\">&nbsp;&nbsp;&nbsp; Pas Liturgjis\u00eb Hyjnore, t\u00eb rinjt\u00eb vazhduan programin dhe aktivitetet e tyre n\u00eb Qendr\u00ebn \u201cThavor\u201d ku u bashkuan me grupin e student\u00ebve t\u00eb ardhur nga Amerika, grup ky i drejtuar nga at\u00eb Luka Veronis, i cili ka sh\u00ebrbyer n\u00eb Kish\u00ebn ton\u00eb si misionar, p\u00ebr m\u00eb shum\u00eb se 10 vjet.<\/span><\/span><\/span><\/div>\n<div class=\"style10\"> <span style=\"color: #000000;\"><span style=\"font-family: tahoma,geneva,sans-serif;\"><span style=\"font-size: 12px;\">&nbsp;&nbsp;&nbsp;&nbsp; Pas drek\u00ebs vijoi referati \u201cT\u2019ia p\u00ebrkushtojm\u00eb jet\u00ebn ton\u00eb Krishtit\u201d drejtuar nga vet\u00eb at\u00eb Luka. Ai e filloi referatin e tij me historin\u00eb e nj\u00eb djali q\u00eb kishte jetuar p\u00ebr shum\u00eb koh\u00eb i varur nga droga dhe gjithmon\u00eb i shoq\u00ebruar nga njer\u00ebz q\u00eb e nxitnin n\u00eb k\u00ebt\u00eb rrug\u00eb. Pasi njohu besimin, Zoti filloi t\u00eb transformonte jet\u00ebn e tij dhe tashm\u00eb ai sh\u00ebrben si ndihm\u00ebs gjat\u00eb sh\u00ebrbesave adhuruese n\u00eb kish\u00eb. P\u00ebrpjekja e tij vazhdon ende, dhe ai lufton \u00e7do dit\u00eb e m\u00eb tep\u00ebr q\u00eb t\u00eb ndjek\u00eb porosit\u00eb e Zotit e t\u00eb jetoj\u00eb g\u00ebzimin e jet\u00ebs me T\u00eb.<\/span><\/span><\/span><\/div>\n<div class=\"style10\"> <span style=\"color: #000000;\"><span style=\"font-family: tahoma,geneva,sans-serif;\"><span style=\"font-size: 12px;\">&nbsp;&nbsp;&nbsp; \u201c<em>Zoti zbulon t\u00eb bukur\u00ebn q\u00eb \u00ebsht\u00eb brenda \u00e7do njeriu dhe na trajton me dinjitet. Edhe pse b\u00ebjm\u00eb gabime, m\u00ebkate dhe lig\u00ebsi t\u00eb ndryshme, dashuria e tij e transformon jet\u00ebn ton\u00eb. Jeta me Zotin \u00ebsht\u00eb udh\u00ebtim i pafund, i cili k\u00ebrkon prej nesh p\u00ebrpjekje dhe disiplin\u00eb t\u00eb vazhdueshme. Nuk duhet t\u00eb q\u00ebndrojm\u00eb n\u00eb vend, por duhet t\u00eb rritemi \u00e7do dit\u00eb e m\u00eb tep\u00ebr m\u00eb Zotin<\/em>\u201d.<\/span><\/span><\/span><\/div>\n<div class=\"style10\"> <span style=\"color: #000000;\"><span style=\"font-family: tahoma,geneva,sans-serif;\"><span style=\"font-size: 12px;\">&nbsp;&nbsp;&nbsp;&nbsp; At\u00eb Luka e mbylli bised\u00ebn e tij, duke u shpjeguar t\u00eb gjith\u00eb t\u00eb rinjve pjes\u00ebmarr\u00ebs 10 hapa konkrete q\u00eb na ndihmojn\u00ebn\u00eb udh\u00ebtimin ton\u00eb drejt Zotit:<\/span><\/span><\/span><\/div>\n<div class=\"style10\">&nbsp;<\/div>\n<div class=\"style10\"><span style=\"color: #000000;\"><span style=\"font-family: tahoma,geneva,sans-serif;\"><span style=\"font-size: 12px;\"><img decoding=\"async\" class=\"lazyload HAa Eha\" style=\"height: 188px; width: 250px; border-width: 1px; border-style: solid; margin: 10px; float: right;\" alt=\"\" src=\"data:image\/gif;base64,R0lGODlhAQABAAAAACH5BAEKAAEALAAAAAABAAEAAAICTAEAOw==\" data-orig-src=\"https:\/\/lh6.googleusercontent.com\/-R3Rw9HHujVk\/VAGKTIU_3iI\/AAAAAAAACZk\/Q0Vwe3K7biM\/w640-h480-no\/2_640x480.jpg\" \/><\/span><\/span><\/span><\/div>\n<div class=\"style10\"><span style=\"color: #000000;\"><span style=\"font-family: tahoma,geneva,sans-serif;\"><span style=\"font-size: 12px;\">1. P\u00ebrqendrohu n\u00eb gj\u00ebrat themelore: B\u00ebje lutjen, agj\u00ebrimin dhe l\u00ebmosh\u00ebn pjes\u00eb t\u00eb rregullt t\u00eb jet\u00ebs sate.<br \/> 2. Studio dhe rriti vazhdimisht njohurit\u00eb e tua p\u00ebr besimin.<br \/> 3. Gjej shoq\u00ebri t\u00eb krishter\u00eb, q\u00eb do t\u00eb t\u00eb mb\u00ebshtes\u00eb n\u00eb besimin t\u00ebnd.<br \/> 4. Merr pjes\u00eb n\u00eb jet\u00ebn e Mistereve t\u00eb Kish\u00ebs \u2013 kryesisht n\u00eb Kungimin&nbsp; dhe Rr\u00ebfimin e Shenjt\u00eb.<br \/> 5. Sh\u00ebrbeju p\u00ebrdit\u00eb t\u00eb tjer\u00ebve.<br \/> 6. Tregoju t\u00eb tjer\u00ebve p\u00ebr besimin t\u00ebnd.<br \/> 7. Ruaje dhe mbroje zemr\u00ebn dhe mendjen t\u00ebnde.<br \/> 8. M\u00ebso nga \u00e7do sfid\u00eb dhe v\u00ebshtir\u00ebsi e jet\u00ebs.<br \/> 9. Kujto gjithmon\u00eb gj\u00ebn\u00eb m\u00eb t\u00eb r\u00ebnd\u00ebsishme n\u00eb jet\u00eb.&nbsp;<br \/> 10. Asnj\u00ebher\u00eb mos u k\u00ebnaq me arritjet e jet\u00ebs t\u00ebnde shpirt\u00ebrore, por k\u00ebrko rip\u00ebrt\u00ebritje t\u00eb vazhdueshme.<\/span><\/span><\/span><\/div>\n<div class=\"style10\">&nbsp;<\/div>\n<div class=\"style10\"><span style=\"color: #000000;\"><span style=\"font-family: tahoma,geneva,sans-serif;\"><span style=\"font-size: 12px;\"><img decoding=\"async\" class=\"lazyload HAa Eha\" style=\"height: 225px; width: 300px; border-width: 1px; border-style: solid; margin: 10px; float: left;\" alt=\"\" src=\"data:image\/gif;base64,R0lGODlhAQABAAAAACH5BAEKAAEALAAAAAABAAEAAAICTAEAOw==\" data-orig-src=\"https:\/\/lh6.googleusercontent.com\/-_029BYDjdos\/VAGKTBJfDJI\/AAAAAAAACZs\/to0bYlXEd9s\/w640-h479-no\/3_640x479.JPG\" \/>&nbsp; &nbsp; Programi vazhdoi me takimin n\u00eb grupe t\u00eb vogla, t\u00eb cil\u00ebt u drejtuan nga t\u00eb rinjt\u00eb tan\u00eb n\u00eb bashk\u00ebpunim me student\u00ebt nga Amerika. T\u00eb rinjt\u00eb diskutuan se si po ecin n\u00eb jet\u00ebn shpirt\u00ebrore dhe si do t\u2019i praktikojn\u00eb 10 hapat e lartp\u00ebrmendura n\u00eb jet\u00ebn ton\u00eb t\u00eb p\u00ebrditshme. Gjithashtu, t\u00eb rinjt\u00eb ndan\u00eb me njeri-tjetrin edhe v\u00ebshtir\u00ebsit\u00eb q\u00eb hasin n\u00eb ambientet ku jetojn\u00eb, shkoll\u00eb, familje etj, t\u00eb cil\u00ebt nuk i mb\u00ebshtetin n\u00eb jet\u00ebn e krishter\u00eb.<\/span><\/span><\/span><\/div>\n<div class=\"style10\"> <span style=\"color: #000000;\"><span style=\"font-family: tahoma,geneva,sans-serif;\"><span style=\"font-size: 12px;\">&nbsp;&nbsp;&nbsp; Lutja e Tipikos\u00eb mbylli k\u00ebt\u00eb takim rinor, i cili sh\u00ebrbeu si frym\u00ebzim dhe rip\u00ebrt\u00ebritje p\u00ebr t\u00eb gjith\u00eb t\u00eb rinjt\u00eb pjes\u00ebmarr\u00ebs. Ashtu si psalmisti edhe ne p\u00ebrjetuam vargun \u201csa mir\u00eb kur bijt\u00eb banojn\u00eb bashk\u00eb\u201d.<\/span><\/span><\/span><\/div>\n<div class=\"style10\">&nbsp;<\/div>\n<div class=\"style10\"><span style=\"color: #000000;\"><span style=\"font-family: tahoma,geneva,sans-serif;\"><span style=\"font-size: 12px;\"><strong>Ana Baba<\/strong><\/span><\/span><\/span><\/div>\n<div class=\"style10\">&nbsp;<\/div>\n<div class=\"style10\">&nbsp;<\/div>\n<div class=\"style10\">&nbsp;<\/div>\n<div class=\"style10\">&nbsp;<\/div>\n<div class=\"style10\">&nbsp;<\/div>\n<div class=\"style10\">&nbsp;<\/div>\n<div class=\"style10\">&nbsp;<\/div>\n<div class=\"style10\">&nbsp;<\/div>\n<div class=\"style10\">&nbsp;<\/div>\n<div class=\"style10\">&nbsp;<\/div>\n<div class=\"style10\"><span style=\"color: #000000;\"><span style=\"font-family: tahoma,geneva,sans-serif;\"><span style=\"font-size: 12px;\"><\/span><\/span><\/span><\/div>\n<table style=\"width: 696px; height: 757px; margin-right: auto; margin-left: auto;\">\n<tbody>\n<tr>\n<td>\n<div><span style=\"color: #000000;\"><span style=\"font-family: tahoma,geneva,sans-serif;\"><span style=\"font-size: 12px;\"><img decoding=\"async\" class=\"lazyload HAa Eha\" style=\"height: 225px; width: 300px; border-width: 1px; border-style: solid; margin: 10px auto; display: block;\" alt=\"\" src=\"data:image\/gif;base64,R0lGODlhAQABAAAAACH5BAEKAAEALAAAAAABAAEAAAICTAEAOw==\" data-orig-src=\"https:\/\/lh4.googleusercontent.com\/-GxJJPDx3Tbc\/VAGKUAS1orI\/AAAAAAAACaY\/wnRI5RmiOEg\/w640-h479-no\/4_640x479.JPG\" \/><\/span><\/span><\/span><\/div>\n<\/td>\n<td>\n<div><span style=\"color: #000000;\"><span style=\"font-family: tahoma,geneva,sans-serif;\"><span style=\"font-size: 12px;\"><img decoding=\"async\" class=\"lazyload HAa Eha\" style=\"height: 225px; width: 300px; border-width: 1px; border-style: solid; margin: 10px auto; display: block;\" alt=\"\" src=\"data:image\/gif;base64,R0lGODlhAQABAAAAACH5BAEKAAEALAAAAAABAAEAAAICTAEAOw==\" data-orig-src=\"https:\/\/lh6.googleusercontent.com\/-3Qg9HivCUkw\/VAGKVRhYJFI\/AAAAAAAACaU\/5YIPRj2PMYM\/w640-h479-no\/5_640x479.JPG\" \/><\/span><\/span><\/span><\/div>\n<\/td>\n<\/tr>\n<tr>\n<td>\n<div><span style=\"color: #000000;\"><span style=\"font-family: tahoma,geneva,sans-serif;\"><span style=\"font-size: 12px;\"><img decoding=\"async\" class=\"lazyload HAa Eha\" style=\"height: 225px; width: 300px; border-width: 1px; border-style: solid; margin: 10px auto; display: block;\" alt=\"\" src=\"data:image\/gif;base64,R0lGODlhAQABAAAAACH5BAEKAAEALAAAAAABAAEAAAICTAEAOw==\" data-orig-src=\"https:\/\/lh5.googleusercontent.com\/-lDoaphxdLgg\/VAGKWHGaqxI\/AAAAAAAACaM\/oeoETjXMZHY\/w640-h479-no\/6_640x479.JPG\" \/><\/span><\/span><\/span><\/div>\n<\/td>\n<td>\n<div><span style=\"color: #000000;\"><span style=\"font-family: tahoma,geneva,sans-serif;\"><span style=\"font-size: 12px;\"><img decoding=\"async\" class=\"lazyload HAa Eha\" style=\"height: 225px; width: 300px; border-width: 1px; border-style: solid; margin: 10px auto; display: block;\" alt=\"\" src=\"data:image\/gif;base64,R0lGODlhAQABAAAAACH5BAEKAAEALAAAAAABAAEAAAICTAEAOw==\" data-orig-src=\"https:\/\/lh3.googleusercontent.com\/-FjokT1VkQvc\/VAGKWRSXLGI\/AAAAAAAACaI\/Q96xr46HLFE\/w640-h480-no\/7_640x480.jpg\" \/><\/span><\/span><\/span><\/div>\n<\/td>\n<\/tr>\n<tr>\n<td>\n<div><span style=\"color: #000000;\"><span style=\"font-family: tahoma,geneva,sans-serif;\"><span style=\"font-size: 12px;\"><img decoding=\"async\" class=\"lazyload HAa Eha\" style=\"height: 225px; width: 300px; border-width: 1px; border-style: solid; margin: 10px auto; display: block;\" alt=\"\" src=\"data:image\/gif;base64,R0lGODlhAQABAAAAACH5BAEKAAEALAAAAAABAAEAAAICTAEAOw==\" data-orig-src=\"https:\/\/lh3.googleusercontent.com\/-N6h926Dedis\/VAGKWz2VoGI\/AAAAAAAACaQ\/1WvdgaXvmLM\/w640-h480-no\/8_640x480.jpg\" \/><\/span><\/span><\/span><\/div>\n<\/td>\n<td>\n<div><span style=\"color: #000000;\"><span style=\"font-family: tahoma,geneva,sans-serif;\"><span style=\"font-size: 12px;\"><\/span><\/span><\/span><\/div>\n<\/td>\n<\/tr>\n<\/tbody>\n<\/table>\n<\/div>\n<\/td>\n<\/tr>\n<\/tbody>\n<\/table>\n","protected":false},"excerpt":{"rendered":"<p>&nbsp; &nbsp;&nbsp;&nbsp;&nbsp; E Diela e Et\u00ebrve t\u00eb Sinodit I Ekumenik mblodhi n\u00eb Kish\u00ebn e Ungjill\u00ebzimit t\u00eb Hyjlind\u00ebses Mari, n\u00eb Tiran\u00eb, 90 t\u00eb rinj nga Berati, Fieri, Tirana, Durr\u00ebsi dhe Qendra Studentore e Kish\u00ebs son\u00eb n\u00eb nj\u00eb takim ditor rinor organizuar nga Zyra Rinore e Kryepiskopat\u00ebs n\u00eb bashk\u00ebpunim me Qendr\u00ebn Studentore n\u00eb Tiran\u00eb dhe Zyr\u00ebn Rinore t\u00eb Mitropolis\u00eb s\u00eb Beratit. &nbsp;&nbsp;&nbsp; Pas Liturgjis\u00eb Hyjnore, t\u00eb rinjt\u00eb<\/p>\n","protected":false},"author":1,"featured_media":0,"comment_status":"open","ping_status":"open","sticky":false,"template":"","format":"standard","meta":{"_acf_changed":false,"pagelayer_contact_templates":[],"_pagelayer_content":"","inline_featured_image":false,"fifu_image_url":"","fifu_image_alt":"","footnotes":""},"categories":[108],"tags":[143,196,212,176],"class_list":["post-1240","post","type-post","status-publish","format-standard","hentry","category-lajme","tag-143","tag-tirane","tag-lajme-d27","tag-rinia-orthodhokse"],"acf":[],"yoast_head":"<!-- This site is optimized with the Yoast SEO plugin v27.2 - https:\/\/yoast.com\/product\/yoast-seo-wordpress\/ -->\n<title>Takim i t\u00eb rinjve t\u00eb Kish\u00ebs son\u00eb me student\u00eb e vizitor\u00eb t\u00eb ardhur nga Amerika. (Qershor 2011) - Kisha Orthodh\u03bfkse Autoqefale e Shqip\u00ebris\u00eb<\/title>\n<meta name=\"robots\" content=\"index, follow, max-snippet:-1, max-image-preview:large, max-video-preview:-1\" \/>\n<link rel=\"canonical\" href=\"https:\/\/orthodoxalbania.org\/2020\/2013\/03\/21\/takim-i-te-rinjve-te-kishes-sone-me-studente-e-vizitore-te-ardhur-nga-amerika\/\" \/>\n<meta property=\"og:locale\" content=\"en_US\" \/>\n<meta property=\"og:type\" content=\"article\" \/>\n<meta property=\"og:title\" content=\"Takim i t\u00eb rinjve t\u00eb Kish\u00ebs son\u00eb me student\u00eb e vizitor\u00eb t\u00eb ardhur nga Amerika. (Qershor 2011) - Kisha Orthodh\u03bfkse Autoqefale e Shqip\u00ebris\u00eb\" \/>\n<meta property=\"og:description\" content=\"&nbsp; &nbsp;&nbsp;&nbsp;&nbsp; E Diela e Et\u00ebrve t\u00eb Sinodit I Ekumenik mblodhi n\u00eb Kish\u00ebn e Ungjill\u00ebzimit t\u00eb Hyjlind\u00ebses Mari, n\u00eb Tiran\u00eb, 90 t\u00eb rinj nga Berati, Fieri, Tirana, Durr\u00ebsi dhe Qendra Studentore e Kish\u00ebs son\u00eb n\u00eb nj\u00eb takim ditor rinor organizuar nga Zyra Rinore e Kryepiskopat\u00ebs n\u00eb bashk\u00ebpunim me Qendr\u00ebn Studentore n\u00eb Tiran\u00eb dhe Zyr\u00ebn Rinore t\u00eb Mitropolis\u00eb s\u00eb Beratit. &nbsp;&nbsp;&nbsp; Pas Liturgjis\u00eb Hyjnore, t\u00eb rinjt\u00eb\" \/>\n<meta property=\"og:url\" content=\"https:\/\/orthodoxalbania.org\/2020\/2013\/03\/21\/takim-i-te-rinjve-te-kishes-sone-me-studente-e-vizitore-te-ardhur-nga-amerika\/\" \/>\n<meta property=\"og:site_name\" content=\"Kisha Orthodh\u03bfkse Autoqefale e Shqip\u00ebris\u00eb\" \/>\n<meta property=\"article:publisher\" content=\"https:\/\/www.facebook.com\/koash1991\" \/>\n<meta property=\"article:published_time\" content=\"2013-03-21T09:37:24+00:00\" \/>\n<meta property=\"article:modified_time\" content=\"2020-04-06T20:32:04+00:00\" \/>\n<meta property=\"og:image\" content=\"https:\/\/lh3.googleusercontent.com\/-23ysNUiPDF0\/VAGKTXgTIKI\/AAAAAAAACZ4\/WXal97Jg8-Q\/w640-h479-no\/1_640x479.JPG\" \/>\n<meta name=\"author\" content=\"Kisha Orthodhokse\" \/>\n<meta name=\"twitter:card\" content=\"summary_large_image\" \/>\n<meta name=\"twitter:label1\" content=\"Written by\" \/>\n\t<meta name=\"twitter:data1\" content=\"Kisha Orthodhokse\" \/>\n\t<meta name=\"twitter:label2\" content=\"Est. reading time\" \/>\n\t<meta name=\"twitter:data2\" content=\"3 minutes\" \/>\n<script type=\"application\/ld+json\" class=\"yoast-schema-graph\">{\"@context\":\"https:\/\/schema.org\",\"@graph\":[{\"@type\":\"Article\",\"@id\":\"https:\/\/orthodoxalbania.org\/2020\/2013\/03\/21\/takim-i-te-rinjve-te-kishes-sone-me-studente-e-vizitore-te-ardhur-nga-amerika\/#article\",\"isPartOf\":{\"@id\":\"https:\/\/orthodoxalbania.org\/2020\/2013\/03\/21\/takim-i-te-rinjve-te-kishes-sone-me-studente-e-vizitore-te-ardhur-nga-amerika\/\"},\"author\":{\"name\":\"Kisha Orthodhokse\",\"@id\":\"https:\/\/orthodoxalbania.org\/2020\/#\/schema\/person\/0c387634a7063ac612d7ed9ce71c7e86\"},\"headline\":\"Takim i t\u00eb rinjve t\u00eb Kish\u00ebs son\u00eb me student\u00eb e vizitor\u00eb t\u00eb ardhur nga Amerika. (Qershor 2011)\",\"datePublished\":\"2013-03-21T09:37:24+00:00\",\"dateModified\":\"2020-04-06T20:32:04+00:00\",\"mainEntityOfPage\":{\"@id\":\"https:\/\/orthodoxalbania.org\/2020\/2013\/03\/21\/takim-i-te-rinjve-te-kishes-sone-me-studente-e-vizitore-te-ardhur-nga-amerika\/\"},\"wordCount\":653,\"commentCount\":0,\"publisher\":{\"@id\":\"https:\/\/orthodoxalbania.org\/2020\/#organization\"},\"image\":{\"@id\":\"https:\/\/orthodoxalbania.org\/2020\/2013\/03\/21\/takim-i-te-rinjve-te-kishes-sone-me-studente-e-vizitore-te-ardhur-nga-amerika\/#primaryimage\"},\"thumbnailUrl\":\"https:\/\/lh3.googleusercontent.com\/-23ysNUiPDF0\/VAGKTXgTIKI\/AAAAAAAACZ4\/WXal97Jg8-Q\/w640-h479-no\/1_640x479.JPG\",\"keywords\":[\"2011\",\"Kryepiskopata Tiran\u00eb\",\"lajme\",\"Rinia Orthodhokse\"],\"articleSection\":[\"Lajme\"],\"inLanguage\":\"en-US\"},{\"@type\":\"WebPage\",\"@id\":\"https:\/\/orthodoxalbania.org\/2020\/2013\/03\/21\/takim-i-te-rinjve-te-kishes-sone-me-studente-e-vizitore-te-ardhur-nga-amerika\/\",\"url\":\"https:\/\/orthodoxalbania.org\/2020\/2013\/03\/21\/takim-i-te-rinjve-te-kishes-sone-me-studente-e-vizitore-te-ardhur-nga-amerika\/\",\"name\":\"Takim i t\u00eb rinjve t\u00eb Kish\u00ebs son\u00eb me student\u00eb e vizitor\u00eb t\u00eb ardhur nga Amerika. (Qershor 2011) - Kisha Orthodh\u03bfkse Autoqefale e Shqip\u00ebris\u00eb\",\"isPartOf\":{\"@id\":\"https:\/\/orthodoxalbania.org\/2020\/#website\"},\"primaryImageOfPage\":{\"@id\":\"https:\/\/orthodoxalbania.org\/2020\/2013\/03\/21\/takim-i-te-rinjve-te-kishes-sone-me-studente-e-vizitore-te-ardhur-nga-amerika\/#primaryimage\"},\"image\":{\"@id\":\"https:\/\/orthodoxalbania.org\/2020\/2013\/03\/21\/takim-i-te-rinjve-te-kishes-sone-me-studente-e-vizitore-te-ardhur-nga-amerika\/#primaryimage\"},\"thumbnailUrl\":\"https:\/\/lh3.googleusercontent.com\/-23ysNUiPDF0\/VAGKTXgTIKI\/AAAAAAAACZ4\/WXal97Jg8-Q\/w640-h479-no\/1_640x479.JPG\",\"datePublished\":\"2013-03-21T09:37:24+00:00\",\"dateModified\":\"2020-04-06T20:32:04+00:00\",\"breadcrumb\":{\"@id\":\"https:\/\/orthodoxalbania.org\/2020\/2013\/03\/21\/takim-i-te-rinjve-te-kishes-sone-me-studente-e-vizitore-te-ardhur-nga-amerika\/#breadcrumb\"},\"inLanguage\":\"en-US\",\"potentialAction\":[{\"@type\":\"ReadAction\",\"target\":[\"https:\/\/orthodoxalbania.org\/2020\/2013\/03\/21\/takim-i-te-rinjve-te-kishes-sone-me-studente-e-vizitore-te-ardhur-nga-amerika\/\"]}]},{\"@type\":\"ImageObject\",\"inLanguage\":\"en-US\",\"@id\":\"https:\/\/orthodoxalbania.org\/2020\/2013\/03\/21\/takim-i-te-rinjve-te-kishes-sone-me-studente-e-vizitore-te-ardhur-nga-amerika\/#primaryimage\",\"url\":\"https:\/\/lh3.googleusercontent.com\/-23ysNUiPDF0\/VAGKTXgTIKI\/AAAAAAAACZ4\/WXal97Jg8-Q\/w640-h479-no\/1_640x479.JPG\",\"contentUrl\":\"https:\/\/lh3.googleusercontent.com\/-23ysNUiPDF0\/VAGKTXgTIKI\/AAAAAAAACZ4\/WXal97Jg8-Q\/w640-h479-no\/1_640x479.JPG\"},{\"@type\":\"BreadcrumbList\",\"@id\":\"https:\/\/orthodoxalbania.org\/2020\/2013\/03\/21\/takim-i-te-rinjve-te-kishes-sone-me-studente-e-vizitore-te-ardhur-nga-amerika\/#breadcrumb\",\"itemListElement\":[{\"@type\":\"ListItem\",\"position\":1,\"name\":\"Home\",\"item\":\"https:\/\/orthodoxalbania.org\/2020\/\"},{\"@type\":\"ListItem\",\"position\":2,\"name\":\"Takim i t\u00eb rinjve t\u00eb Kish\u00ebs son\u00eb me student\u00eb e vizitor\u00eb t\u00eb ardhur nga Amerika. (Qershor 2011)\"}]},{\"@type\":\"WebSite\",\"@id\":\"https:\/\/orthodoxalbania.org\/2020\/#website\",\"url\":\"https:\/\/orthodoxalbania.org\/2020\/\",\"name\":\"Kisha Orthodh\u03bfkse Autoqefale e Shqip\u00ebris\u00eb\",\"description\":\"Fqja Zyrtare e Kish\u00ebs Orthodhokse Autoqefale e Shqip\u00ebris\u00eb me lajmet edhe informacionet zyrtare p\u00ebr struktur\u00ebn edhe veprimtarin e saj.\",\"publisher\":{\"@id\":\"https:\/\/orthodoxalbania.org\/2020\/#organization\"},\"potentialAction\":[{\"@type\":\"SearchAction\",\"target\":{\"@type\":\"EntryPoint\",\"urlTemplate\":\"https:\/\/orthodoxalbania.org\/2020\/?s={search_term_string}\"},\"query-input\":{\"@type\":\"PropertyValueSpecification\",\"valueRequired\":true,\"valueName\":\"search_term_string\"}}],\"inLanguage\":\"en-US\"},{\"@type\":\"Organization\",\"@id\":\"https:\/\/orthodoxalbania.org\/2020\/#organization\",\"name\":\"Kisha Orthodhokse Autoqefale e Shqip\u00ebris\u00eb\",\"url\":\"https:\/\/orthodoxalbania.org\/2020\/\",\"logo\":{\"@type\":\"ImageObject\",\"inLanguage\":\"en-US\",\"@id\":\"https:\/\/orthodoxalbania.org\/2020\/#\/schema\/logo\/image\/\",\"url\":\"https:\/\/orthodoxalbania.org\/2020\/wp-content\/uploads\/2020\/05\/albania.jpeg\",\"contentUrl\":\"https:\/\/orthodoxalbania.org\/2020\/wp-content\/uploads\/2020\/05\/albania.jpeg\",\"width\":540,\"height\":540,\"caption\":\"Kisha Orthodhokse Autoqefale e Shqip\u00ebris\u00eb\"},\"image\":{\"@id\":\"https:\/\/orthodoxalbania.org\/2020\/#\/schema\/logo\/image\/\"},\"sameAs\":[\"https:\/\/www.facebook.com\/koash1991\"]},{\"@type\":\"Person\",\"@id\":\"https:\/\/orthodoxalbania.org\/2020\/#\/schema\/person\/0c387634a7063ac612d7ed9ce71c7e86\",\"name\":\"Kisha Orthodhokse\",\"image\":{\"@type\":\"ImageObject\",\"inLanguage\":\"en-US\",\"@id\":\"https:\/\/secure.gravatar.com\/avatar\/596e7c417251e30f2fbb9c00e026fce61a695a00e51c889caded71c96cbbdde5?s=96&d=mm&r=g\",\"url\":\"https:\/\/secure.gravatar.com\/avatar\/596e7c417251e30f2fbb9c00e026fce61a695a00e51c889caded71c96cbbdde5?s=96&d=mm&r=g\",\"contentUrl\":\"https:\/\/secure.gravatar.com\/avatar\/596e7c417251e30f2fbb9c00e026fce61a695a00e51c889caded71c96cbbdde5?s=96&d=mm&r=g\",\"caption\":\"Kisha Orthodhokse\"}}]}<\/script>\n<!-- \/ Yoast SEO plugin. -->","yoast_head_json":{"title":"Takim i t\u00eb rinjve t\u00eb Kish\u00ebs son\u00eb me student\u00eb e vizitor\u00eb t\u00eb ardhur nga Amerika. (Qershor 2011) - Kisha Orthodh\u03bfkse Autoqefale e Shqip\u00ebris\u00eb","robots":{"index":"index","follow":"follow","max-snippet":"max-snippet:-1","max-image-preview":"max-image-preview:large","max-video-preview":"max-video-preview:-1"},"canonical":"https:\/\/orthodoxalbania.org\/2020\/2013\/03\/21\/takim-i-te-rinjve-te-kishes-sone-me-studente-e-vizitore-te-ardhur-nga-amerika\/","og_locale":"en_US","og_type":"article","og_title":"Takim i t\u00eb rinjve t\u00eb Kish\u00ebs son\u00eb me student\u00eb e vizitor\u00eb t\u00eb ardhur nga Amerika. (Qershor 2011) - Kisha Orthodh\u03bfkse Autoqefale e Shqip\u00ebris\u00eb","og_description":"&nbsp; &nbsp;&nbsp;&nbsp;&nbsp; E Diela e Et\u00ebrve t\u00eb Sinodit I Ekumenik mblodhi n\u00eb Kish\u00ebn e Ungjill\u00ebzimit t\u00eb Hyjlind\u00ebses Mari, n\u00eb Tiran\u00eb, 90 t\u00eb rinj nga Berati, Fieri, Tirana, Durr\u00ebsi dhe Qendra Studentore e Kish\u00ebs son\u00eb n\u00eb nj\u00eb takim ditor rinor organizuar nga Zyra Rinore e Kryepiskopat\u00ebs n\u00eb bashk\u00ebpunim me Qendr\u00ebn Studentore n\u00eb Tiran\u00eb dhe Zyr\u00ebn Rinore t\u00eb Mitropolis\u00eb s\u00eb Beratit. &nbsp;&nbsp;&nbsp; Pas Liturgjis\u00eb Hyjnore, t\u00eb rinjt\u00eb","og_url":"https:\/\/orthodoxalbania.org\/2020\/2013\/03\/21\/takim-i-te-rinjve-te-kishes-sone-me-studente-e-vizitore-te-ardhur-nga-amerika\/","og_site_name":"Kisha Orthodh\u03bfkse Autoqefale e Shqip\u00ebris\u00eb","article_publisher":"https:\/\/www.facebook.com\/koash1991","article_published_time":"2013-03-21T09:37:24+00:00","article_modified_time":"2020-04-06T20:32:04+00:00","og_image":[{"url":"https:\/\/lh3.googleusercontent.com\/-23ysNUiPDF0\/VAGKTXgTIKI\/AAAAAAAACZ4\/WXal97Jg8-Q\/w640-h479-no\/1_640x479.JPG","type":"","width":"","height":""}],"author":"Kisha Orthodhokse","twitter_card":"summary_large_image","twitter_misc":{"Written by":"Kisha Orthodhokse","Est. reading time":"3 minutes"},"schema":{"@context":"https:\/\/schema.org","@graph":[{"@type":"Article","@id":"https:\/\/orthodoxalbania.org\/2020\/2013\/03\/21\/takim-i-te-rinjve-te-kishes-sone-me-studente-e-vizitore-te-ardhur-nga-amerika\/#article","isPartOf":{"@id":"https:\/\/orthodoxalbania.org\/2020\/2013\/03\/21\/takim-i-te-rinjve-te-kishes-sone-me-studente-e-vizitore-te-ardhur-nga-amerika\/"},"author":{"name":"Kisha Orthodhokse","@id":"https:\/\/orthodoxalbania.org\/2020\/#\/schema\/person\/0c387634a7063ac612d7ed9ce71c7e86"},"headline":"Takim i t\u00eb rinjve t\u00eb Kish\u00ebs son\u00eb me student\u00eb e vizitor\u00eb t\u00eb ardhur nga Amerika. (Qershor 2011)","datePublished":"2013-03-21T09:37:24+00:00","dateModified":"2020-04-06T20:32:04+00:00","mainEntityOfPage":{"@id":"https:\/\/orthodoxalbania.org\/2020\/2013\/03\/21\/takim-i-te-rinjve-te-kishes-sone-me-studente-e-vizitore-te-ardhur-nga-amerika\/"},"wordCount":653,"commentCount":0,"publisher":{"@id":"https:\/\/orthodoxalbania.org\/2020\/#organization"},"image":{"@id":"https:\/\/orthodoxalbania.org\/2020\/2013\/03\/21\/takim-i-te-rinjve-te-kishes-sone-me-studente-e-vizitore-te-ardhur-nga-amerika\/#primaryimage"},"thumbnailUrl":"https:\/\/lh3.googleusercontent.com\/-23ysNUiPDF0\/VAGKTXgTIKI\/AAAAAAAACZ4\/WXal97Jg8-Q\/w640-h479-no\/1_640x479.JPG","keywords":["2011","Kryepiskopata Tiran\u00eb","lajme","Rinia Orthodhokse"],"articleSection":["Lajme"],"inLanguage":"en-US"},{"@type":"WebPage","@id":"https:\/\/orthodoxalbania.org\/2020\/2013\/03\/21\/takim-i-te-rinjve-te-kishes-sone-me-studente-e-vizitore-te-ardhur-nga-amerika\/","url":"https:\/\/orthodoxalbania.org\/2020\/2013\/03\/21\/takim-i-te-rinjve-te-kishes-sone-me-studente-e-vizitore-te-ardhur-nga-amerika\/","name":"Takim i t\u00eb rinjve t\u00eb Kish\u00ebs son\u00eb me student\u00eb e vizitor\u00eb t\u00eb ardhur nga Amerika. (Qershor 2011) - Kisha Orthodh\u03bfkse Autoqefale e Shqip\u00ebris\u00eb","isPartOf":{"@id":"https:\/\/orthodoxalbania.org\/2020\/#website"},"primaryImageOfPage":{"@id":"https:\/\/orthodoxalbania.org\/2020\/2013\/03\/21\/takim-i-te-rinjve-te-kishes-sone-me-studente-e-vizitore-te-ardhur-nga-amerika\/#primaryimage"},"image":{"@id":"https:\/\/orthodoxalbania.org\/2020\/2013\/03\/21\/takim-i-te-rinjve-te-kishes-sone-me-studente-e-vizitore-te-ardhur-nga-amerika\/#primaryimage"},"thumbnailUrl":"https:\/\/lh3.googleusercontent.com\/-23ysNUiPDF0\/VAGKTXgTIKI\/AAAAAAAACZ4\/WXal97Jg8-Q\/w640-h479-no\/1_640x479.JPG","datePublished":"2013-03-21T09:37:24+00:00","dateModified":"2020-04-06T20:32:04+00:00","breadcrumb":{"@id":"https:\/\/orthodoxalbania.org\/2020\/2013\/03\/21\/takim-i-te-rinjve-te-kishes-sone-me-studente-e-vizitore-te-ardhur-nga-amerika\/#breadcrumb"},"inLanguage":"en-US","potentialAction":[{"@type":"ReadAction","target":["https:\/\/orthodoxalbania.org\/2020\/2013\/03\/21\/takim-i-te-rinjve-te-kishes-sone-me-studente-e-vizitore-te-ardhur-nga-amerika\/"]}]},{"@type":"ImageObject","inLanguage":"en-US","@id":"https:\/\/orthodoxalbania.org\/2020\/2013\/03\/21\/takim-i-te-rinjve-te-kishes-sone-me-studente-e-vizitore-te-ardhur-nga-amerika\/#primaryimage","url":"https:\/\/lh3.googleusercontent.com\/-23ysNUiPDF0\/VAGKTXgTIKI\/AAAAAAAACZ4\/WXal97Jg8-Q\/w640-h479-no\/1_640x479.JPG","contentUrl":"https:\/\/lh3.googleusercontent.com\/-23ysNUiPDF0\/VAGKTXgTIKI\/AAAAAAAACZ4\/WXal97Jg8-Q\/w640-h479-no\/1_640x479.JPG"},{"@type":"BreadcrumbList","@id":"https:\/\/orthodoxalbania.org\/2020\/2013\/03\/21\/takim-i-te-rinjve-te-kishes-sone-me-studente-e-vizitore-te-ardhur-nga-amerika\/#breadcrumb","itemListElement":[{"@type":"ListItem","position":1,"name":"Home","item":"https:\/\/orthodoxalbania.org\/2020\/"},{"@type":"ListItem","position":2,"name":"Takim i t\u00eb rinjve t\u00eb Kish\u00ebs son\u00eb me student\u00eb e vizitor\u00eb t\u00eb ardhur nga Amerika. (Qershor 2011)"}]},{"@type":"WebSite","@id":"https:\/\/orthodoxalbania.org\/2020\/#website","url":"https:\/\/orthodoxalbania.org\/2020\/","name":"Kisha Orthodh\u03bfkse Autoqefale e Shqip\u00ebris\u00eb","description":"Fqja Zyrtare e Kish\u00ebs Orthodhokse Autoqefale e Shqip\u00ebris\u00eb me lajmet edhe informacionet zyrtare p\u00ebr struktur\u00ebn edhe veprimtarin e saj.","publisher":{"@id":"https:\/\/orthodoxalbania.org\/2020\/#organization"},"potentialAction":[{"@type":"SearchAction","target":{"@type":"EntryPoint","urlTemplate":"https:\/\/orthodoxalbania.org\/2020\/?s={search_term_string}"},"query-input":{"@type":"PropertyValueSpecification","valueRequired":true,"valueName":"search_term_string"}}],"inLanguage":"en-US"},{"@type":"Organization","@id":"https:\/\/orthodoxalbania.org\/2020\/#organization","name":"Kisha Orthodhokse Autoqefale e Shqip\u00ebris\u00eb","url":"https:\/\/orthodoxalbania.org\/2020\/","logo":{"@type":"ImageObject","inLanguage":"en-US","@id":"https:\/\/orthodoxalbania.org\/2020\/#\/schema\/logo\/image\/","url":"https:\/\/orthodoxalbania.org\/2020\/wp-content\/uploads\/2020\/05\/albania.jpeg","contentUrl":"https:\/\/orthodoxalbania.org\/2020\/wp-content\/uploads\/2020\/05\/albania.jpeg","width":540,"height":540,"caption":"Kisha Orthodhokse Autoqefale e Shqip\u00ebris\u00eb"},"image":{"@id":"https:\/\/orthodoxalbania.org\/2020\/#\/schema\/logo\/image\/"},"sameAs":["https:\/\/www.facebook.com\/koash1991"]},{"@type":"Person","@id":"https:\/\/orthodoxalbania.org\/2020\/#\/schema\/person\/0c387634a7063ac612d7ed9ce71c7e86","name":"Kisha Orthodhokse","image":{"@type":"ImageObject","inLanguage":"en-US","@id":"https:\/\/secure.gravatar.com\/avatar\/596e7c417251e30f2fbb9c00e026fce61a695a00e51c889caded71c96cbbdde5?s=96&d=mm&r=g","url":"https:\/\/secure.gravatar.com\/avatar\/596e7c417251e30f2fbb9c00e026fce61a695a00e51c889caded71c96cbbdde5?s=96&d=mm&r=g","contentUrl":"https:\/\/secure.gravatar.com\/avatar\/596e7c417251e30f2fbb9c00e026fce61a695a00e51c889caded71c96cbbdde5?s=96&d=mm&r=g","caption":"Kisha Orthodhokse"}}]}},"_links":{"self":[{"href":"https:\/\/orthodoxalbania.org\/2020\/wp-json\/wp\/v2\/posts\/1240","targetHints":{"allow":["GET"]}}],"collection":[{"href":"https:\/\/orthodoxalbania.org\/2020\/wp-json\/wp\/v2\/posts"}],"about":[{"href":"https:\/\/orthodoxalbania.org\/2020\/wp-json\/wp\/v2\/types\/post"}],"author":[{"embeddable":true,"href":"https:\/\/orthodoxalbania.org\/2020\/wp-json\/wp\/v2\/users\/1"}],"replies":[{"embeddable":true,"href":"https:\/\/orthodoxalbania.org\/2020\/wp-json\/wp\/v2\/comments?post=1240"}],"version-history":[{"count":1,"href":"https:\/\/orthodoxalbania.org\/2020\/wp-json\/wp\/v2\/posts\/1240\/revisions"}],"predecessor-version":[{"id":15387,"href":"https:\/\/orthodoxalbania.org\/2020\/wp-json\/wp\/v2\/posts\/1240\/revisions\/15387"}],"wp:attachment":[{"href":"https:\/\/orthodoxalbania.org\/2020\/wp-json\/wp\/v2\/media?parent=1240"}],"wp:term":[{"taxonomy":"category","embeddable":true,"href":"https:\/\/orthodoxalbania.org\/2020\/wp-json\/wp\/v2\/categories?post=1240"},{"taxonomy":"post_tag","embeddable":true,"href":"https:\/\/orthodoxalbania.org\/2020\/wp-json\/wp\/v2\/tags?post=1240"}],"curies":[{"name":"wp","href":"https:\/\/api.w.org\/{rel}","templated":true}]}}