{"id":1239,"date":"2013-03-21T09:19:16","date_gmt":"2013-03-21T09:19:16","guid":{"rendered":""},"modified":"2020-04-06T22:32:09","modified_gmt":"2020-04-06T20:32:09","slug":"takim-i-shkollave-theologjike-ne-selanik-merr-pjese-edhe-nje-perfaqesi-nga-kisha-jone","status":"publish","type":"post","link":"https:\/\/orthodoxalbania.org\/2020\/2013\/03\/21\/takim-i-shkollave-theologjike-ne-selanik-merr-pjese-edhe-nje-perfaqesi-nga-kisha-jone\/","title":{"rendered":"Takim i Shkollave Theologjike ne Selanik, merr pjes\u00eb edhe nj\u00eb p\u00ebrfaq\u00ebsi nga Kisha jon\u00eb. (Mars 2011)"},"content":{"rendered":"<div class=\"style13\" style=\"text-align: justify;\">\n\t<span style=\"color:#000000;\"><span style=\"font-family: tahoma,geneva,sans-serif;\"><span style=\"font-size: 12px;\">&nbsp;&nbsp;&nbsp; Prezenca,&nbsp; pjes\u00ebmarrja dhe roli i Kish\u00ebs Orthodhokse ne L\u00ebvizjen Ekumenike \u00ebsht\u00eb sot nj\u00eb fakt i duksh\u00ebm. Pik\u00ebrisht, nisur nga kjo pjes\u00ebmarrje e Kish\u00ebs Orthodhokse n\u00eb L\u00ebvizjen Ekumenike n\u00ebn organizimin dhe drejtimin e K\u00ebshillit Bot\u00ebror te Kishave, n\u00eb qytetin e Selanikut u mbajt nj\u00eb konferenc\u00eb me pjes\u00ebmarrjen e kat\u00ebr Shkollave Orthodhokse Teologjike, Fakulteti Teologjik i Universitetit Aristoteli n\u00eb Selanik i cili ishte mikprit\u00ebsi i k\u00ebtij takimi Fakuletiti Teologjik i Univeristetit te Sibiut Rumani, Fakuleti Teologjik i Balamandit Liban dhe Akademia Teologjike \u2018\u2019Ngjallja e Krishtit\u2019\u2019 Durr\u00ebs, e cila u p\u00ebrfaqesua nga pedagog\u00ebt e Akademis\u00eb z. Nathan Hoppe, At\u00eb Asti Bakallbashi, z. Dhimit\u00ebr Qosja dhe z. Thoma \u00c7om\u00ebni. Gjithashtu takimi u nderua dhe me pjes\u00ebmarrjen e Mitropolitit t\u00eb Sassimut Genadio (Patriakana Ekumenike), Mitropolitit t\u00eb Mesinis\u00eb Hrisostomi (Kisha Orthodhokse e Greqis\u00eb) dhe t\u00eb zv. Sekretarit t\u00eb P\u00ebrgjithsh\u00ebm te K\u00ebshillit Bot\u00ebror te Kishave z. Jorgos Lemopulos. Q\u00ebllimi i takimit ishte p\u00ebr t\u00eb diskutuar mbi rezultatet e Komisionit Special t\u00eb K\u00ebshillit Bot\u00ebror te Kishave p\u00ebr Pjes\u00ebmarrjen Orthodhokse (WCC Special Commission On Orthodox Participation), si dhe p\u00ebr pasurimin e mendimit akademik teologjik dhe p\u00ebr ta b\u00ebr\u00eb te njohur k\u00ebt\u00eb mendim n\u00eb kishat orthodhokse lokale.<\/span><\/span><\/span><\/div>\n<div class=\"style13\" style=\"text-align: justify;\">\n\t&nbsp;<\/div>\n<div class=\"style13\" style=\"text-align: justify;\">\n\t<span style=\"color:#000000;\"><span style=\"font-family: tahoma,geneva,sans-serif;\"><span style=\"font-size: 12px;\">&nbsp;&nbsp;&nbsp; Tema e takimit mb\u00ebshtetej n\u00eb nj\u00eb tekst te miratuar ne takimin e zhvilluar 2-9 Mars n\u00eb Agia Napa \/ Paralimni t\u00eb Qipros. N\u00eb k\u00ebt\u00eb takim 40 p\u00ebrfaq\u00ebsi te kishave orthodhokse dhe orientale theksuan qe Eklisiologjia (ecclesiology) \u00ebsht\u00eb \u00e7\u00ebshtje vendimtare p\u00ebr teologjin\u00eb e krishtere dhe perspektiven ekumenike. Ky takim iu dha nj\u00eb p\u00ebrgjigje t\u00eb p\u00ebrbashk\u00ebt kishave orthodhokse dhe orientale mbi natyr\u00ebn dhe misionin e Kish\u00ebs, n\u00eb diskutimet dhe p\u00ebrgjigje q\u00eb bazohej mbi nj\u00eb tekst t\u00eb publikuar nga Komisioni i Besimit dhe Rregullit i K\u00ebshillit Bot\u00ebror t\u00eb Kishave (\u00cbCC) i vitit 2005.&nbsp; N\u00eb takimin e Agia Napia ne Qipro u vu theksi mbi disa \u00e7\u00ebshtje Eklisiologjikse si: cil\u00ebt kufijt\u00eb e Kish\u00ebs, Kisha si trupi i Krishtit \/ Komuniteti i besimtar\u00ebve, Kisha dhe Shpirti i Shenjte, Kisha dhe Kungimi, Autoriteti, Misteri dhe Mbik\u00ebqyrja, misioni i Kish\u00ebs n\u00eb dhe p\u00ebr bot\u00ebn.<\/span><\/span><\/span><\/div>\n<div class=\"style13\" style=\"text-align: justify;\">\n\t&nbsp;<\/div>\n<div class=\"style13\" style=\"text-align: justify;\">\n\t<span style=\"color:#000000;\"><span style=\"font-family: tahoma,geneva,sans-serif;\"><span style=\"font-size: 12px;\">&nbsp;&nbsp;&nbsp; Pik\u00ebrisht mbi k\u00ebto \u00e7\u00ebshtje u organizua edhe takimi ne Fakultetin Teologjik i Universitetit Aristoteli t\u00eb Selanikut. Mitropoliti i Sassim\u00ebs foli p\u00ebr \u2018\u2019Eklesiologjin\u00eb Orthodhokse dhe sfidat L\u00ebvizjes Ekumenike\u2019\u2019, duke iu referuar p\u00ebrpjekjeve, v\u00ebshtir\u00ebsive, zhvillimeve dhe arritjeve te takimit ne Agia Napia&nbsp; t\u00eb Qipros. Profesori i dogmatik\u00ebs n\u00eb Fakultetin Teologjik t\u00eb Universitetit Aristoteli t\u00eb Selanikut iu referua dimensionit ideologjike dhe eklisiologjik t\u00eb Orthodhoksis\u00eb, si mund te sillet ne kushtet aktuale ky dimension tradicional i kish\u00ebs. Gjithashtu interesante n\u00eb k\u00ebt\u00eb takim ishte reflektimi mbi form\u00ebn e Kish\u00ebs, n\u00ebn k\u00ebndv\u00ebshtrimin eklisiologjik t\u00eb teologut te madh rumun At\u00eb&nbsp; Dimitrie Stanolae, teme e cila u mbajt nga profesori i dogmatik\u00ebs dhe te l\u00ebvizjes ekumenike n\u00eb Universitetin e Sibiut, at\u00eb Nikolae Mosoi. Nd\u00ebrsa At\u00eb Pofirio Georgi, profesor i Fakultetit Teologjik n\u00eb Balamand t\u00eb Libanit, iu referua tradit\u00ebs dhe realitetit t\u00eb dialogut nd\u00ebrkristian n\u00eb Lindjen e mesme.&nbsp; Interesant n\u00eb k\u00ebt\u00eb takim ishte fjalimi i pedagogut t\u00eb Akademis\u00eb Teologjike \u2018\u2019Ngjallja e Krishtit\u2019\u2019 n\u00eb Durr\u00ebs, z. Nathan Hoppe. N\u00eb fjalimin e tij, ai vuri theksin n\u00eb an\u00ebn praktike t\u00eb misionit t\u00eb kish\u00ebs, p\u00ebrhapjen e fjal\u00ebs s\u00eb Per\u00ebndis\u00eb. Nga nj\u00ebra an\u00eb \u00ebsht\u00eb e r\u00ebnd\u00ebsishme thellimi teorik n\u00eb \u00e7\u00ebshtje t\u00eb ndryshme teologjike, po aq i r\u00ebnd\u00ebsish\u00ebm \u00ebsht\u00eb p\u00ebrhapja e fjal\u00ebs s\u00eb Per\u00ebndis\u00eb, rigjenerimi dhe thellimi i misionit t\u00eb Kish\u00ebs, lidhur dhe me realitetin q\u00eb paraqitet sot n\u00eb bot\u00eb.<\/span><\/span><\/span><\/div>\n<div class=\"style13\" style=\"text-align: justify;\">\n\t&nbsp;<\/div>\n<div class=\"style13\" style=\"text-align: justify;\">\n\t<span style=\"color:#000000;\"><span style=\"font-family: tahoma,geneva,sans-serif;\"><span style=\"font-size: 12px;\">&nbsp;&nbsp;&nbsp; K\u00ebshtu, takimi i shkollave teologjike n\u00eb Selanik me mendimet, diskutimet dhe reflektimet e tij mundi t\u00eb kontribuoj\u00eb sadopak n\u00eb nd\u00ebrgjegj\u00ebsimin teologjik dhe eklisiologjik t\u00eb orthodhoks\u00ebve p\u00ebr dialogun dhe l\u00ebvizjen Ekumenike. Ky \u00ebsht\u00eb nj\u00eb takim i cili do vazhdoj\u00eb n\u00eb muajin N\u00ebntor n\u00eb Sibiu t\u00eb Rumanis\u00eb dhe n\u00eb vitin 2012 n\u00eb Balamand t\u00eb Libanit.<\/span><\/span><\/span><\/div>\n<div class=\"style13\" style=\"text-align: justify;\">\n\t<span style=\"color:#000000;\"><span style=\"font-family: tahoma,geneva,sans-serif;\"><span style=\"font-size: 12px;\"><strong>&nbsp;<\/strong><\/span><\/span><\/span><\/div>\n<div align=\"right\" class=\"style13\">\n\t<span style=\"color:#000000;\"><span style=\"font-family: tahoma,geneva,sans-serif;\"><span style=\"font-size: 12px;\"><strong>Thoma \u00c7om\u00ebni<\/strong><\/span><\/span><\/span><\/div>\n","protected":false},"excerpt":{"rendered":"<p>&nbsp;&nbsp;&nbsp; Prezenca,&nbsp; pjes\u00ebmarrja dhe roli i Kish\u00ebs Orthodhokse ne L\u00ebvizjen Ekumenike \u00ebsht\u00eb sot nj\u00eb fakt i duksh\u00ebm. Pik\u00ebrisht, nisur nga kjo pjes\u00ebmarrje e Kish\u00ebs Orthodhokse n\u00eb L\u00ebvizjen Ekumenike n\u00ebn organizimin dhe drejtimin e K\u00ebshillit Bot\u00ebror te Kishave, n\u00eb qytetin e Selanikut u mbajt nj\u00eb konferenc\u00eb me pjes\u00ebmarrjen e kat\u00ebr Shkollave Orthodhokse Teologjike, Fakulteti Teologjik i Universitetit Aristoteli n\u00eb Selanik i cili ishte mikprit\u00ebsi i k\u00ebtij<\/p>\n","protected":false},"author":1,"featured_media":0,"comment_status":"open","ping_status":"open","sticky":false,"template":"","format":"standard","meta":{"_acf_changed":false,"pagelayer_contact_templates":[],"_pagelayer_content":"","inline_featured_image":false,"fifu_image_url":"","fifu_image_alt":"","footnotes":""},"categories":[108],"tags":[143,169,196,212],"class_list":["post-1239","post","type-post","status-publish","format-standard","hentry","category-lajme","tag-143","tag-akademia-teologjike","tag-tirane","tag-lajme-d27"],"acf":[],"yoast_head":"<!-- This site is optimized with the Yoast SEO plugin v27.2 - https:\/\/yoast.com\/product\/yoast-seo-wordpress\/ -->\n<title>Takim i Shkollave Theologjike ne Selanik, merr pjes\u00eb edhe nj\u00eb p\u00ebrfaq\u00ebsi nga Kisha jon\u00eb. (Mars 2011) - Kisha Orthodh\u03bfkse Autoqefale e Shqip\u00ebris\u00eb<\/title>\n<meta name=\"robots\" content=\"index, follow, max-snippet:-1, max-image-preview:large, max-video-preview:-1\" \/>\n<link rel=\"canonical\" href=\"https:\/\/orthodoxalbania.org\/2020\/2013\/03\/21\/takim-i-shkollave-theologjike-ne-selanik-merr-pjese-edhe-nje-perfaqesi-nga-kisha-jone\/\" \/>\n<meta property=\"og:locale\" content=\"en_US\" \/>\n<meta property=\"og:type\" content=\"article\" \/>\n<meta property=\"og:title\" content=\"Takim i Shkollave Theologjike ne Selanik, merr pjes\u00eb edhe nj\u00eb p\u00ebrfaq\u00ebsi nga Kisha jon\u00eb. (Mars 2011) - Kisha Orthodh\u03bfkse Autoqefale e Shqip\u00ebris\u00eb\" \/>\n<meta property=\"og:description\" content=\"&nbsp;&nbsp;&nbsp; Prezenca,&nbsp; pjes\u00ebmarrja dhe roli i Kish\u00ebs Orthodhokse ne L\u00ebvizjen Ekumenike \u00ebsht\u00eb sot nj\u00eb fakt i duksh\u00ebm. Pik\u00ebrisht, nisur nga kjo pjes\u00ebmarrje e Kish\u00ebs Orthodhokse n\u00eb L\u00ebvizjen Ekumenike n\u00ebn organizimin dhe drejtimin e K\u00ebshillit Bot\u00ebror te Kishave, n\u00eb qytetin e Selanikut u mbajt nj\u00eb konferenc\u00eb me pjes\u00ebmarrjen e kat\u00ebr Shkollave Orthodhokse Teologjike, Fakulteti Teologjik i Universitetit Aristoteli n\u00eb Selanik i cili ishte mikprit\u00ebsi i k\u00ebtij\" \/>\n<meta property=\"og:url\" content=\"https:\/\/orthodoxalbania.org\/2020\/2013\/03\/21\/takim-i-shkollave-theologjike-ne-selanik-merr-pjese-edhe-nje-perfaqesi-nga-kisha-jone\/\" \/>\n<meta property=\"og:site_name\" content=\"Kisha Orthodh\u03bfkse Autoqefale e Shqip\u00ebris\u00eb\" \/>\n<meta property=\"article:publisher\" content=\"https:\/\/www.facebook.com\/koash1991\" \/>\n<meta property=\"article:published_time\" content=\"2013-03-21T09:19:16+00:00\" \/>\n<meta property=\"article:modified_time\" content=\"2020-04-06T20:32:09+00:00\" \/>\n<meta property=\"og:image\" content=\"https:\/\/orthodoxalbania.org\/2020\/wp-content\/uploads\/2021\/02\/LogoLastALb-200.png\" \/>\n\t<meta property=\"og:image:width\" content=\"200\" \/>\n\t<meta property=\"og:image:height\" content=\"172\" \/>\n\t<meta property=\"og:image:type\" content=\"image\/png\" \/>\n<meta name=\"author\" content=\"Kisha Orthodhokse\" \/>\n<meta name=\"twitter:card\" content=\"summary_large_image\" \/>\n<meta name=\"twitter:label1\" content=\"Written by\" \/>\n\t<meta name=\"twitter:data1\" content=\"Kisha Orthodhokse\" \/>\n\t<meta name=\"twitter:label2\" content=\"Est. reading time\" \/>\n\t<meta name=\"twitter:data2\" content=\"4 minutes\" \/>\n<script type=\"application\/ld+json\" class=\"yoast-schema-graph\">{\"@context\":\"https:\/\/schema.org\",\"@graph\":[{\"@type\":\"Article\",\"@id\":\"https:\/\/orthodoxalbania.org\/2020\/2013\/03\/21\/takim-i-shkollave-theologjike-ne-selanik-merr-pjese-edhe-nje-perfaqesi-nga-kisha-jone\/#article\",\"isPartOf\":{\"@id\":\"https:\/\/orthodoxalbania.org\/2020\/2013\/03\/21\/takim-i-shkollave-theologjike-ne-selanik-merr-pjese-edhe-nje-perfaqesi-nga-kisha-jone\/\"},\"author\":{\"name\":\"Kisha Orthodhokse\",\"@id\":\"https:\/\/orthodoxalbania.org\/2020\/#\/schema\/person\/0c387634a7063ac612d7ed9ce71c7e86\"},\"headline\":\"Takim i Shkollave Theologjike ne Selanik, merr pjes\u00eb edhe nj\u00eb p\u00ebrfaq\u00ebsi nga Kisha jon\u00eb. (Mars 2011)\",\"datePublished\":\"2013-03-21T09:19:16+00:00\",\"dateModified\":\"2020-04-06T20:32:09+00:00\",\"mainEntityOfPage\":{\"@id\":\"https:\/\/orthodoxalbania.org\/2020\/2013\/03\/21\/takim-i-shkollave-theologjike-ne-selanik-merr-pjese-edhe-nje-perfaqesi-nga-kisha-jone\/\"},\"wordCount\":729,\"commentCount\":0,\"publisher\":{\"@id\":\"https:\/\/orthodoxalbania.org\/2020\/#organization\"},\"keywords\":[\"2011\",\"Akademia Teologjike\",\"Kryepiskopata Tiran\u00eb\",\"lajme\"],\"articleSection\":[\"Lajme\"],\"inLanguage\":\"en-US\"},{\"@type\":\"WebPage\",\"@id\":\"https:\/\/orthodoxalbania.org\/2020\/2013\/03\/21\/takim-i-shkollave-theologjike-ne-selanik-merr-pjese-edhe-nje-perfaqesi-nga-kisha-jone\/\",\"url\":\"https:\/\/orthodoxalbania.org\/2020\/2013\/03\/21\/takim-i-shkollave-theologjike-ne-selanik-merr-pjese-edhe-nje-perfaqesi-nga-kisha-jone\/\",\"name\":\"Takim i Shkollave Theologjike ne Selanik, merr pjes\u00eb edhe nj\u00eb p\u00ebrfaq\u00ebsi nga Kisha jon\u00eb. (Mars 2011) - Kisha Orthodh\u03bfkse Autoqefale e Shqip\u00ebris\u00eb\",\"isPartOf\":{\"@id\":\"https:\/\/orthodoxalbania.org\/2020\/#website\"},\"datePublished\":\"2013-03-21T09:19:16+00:00\",\"dateModified\":\"2020-04-06T20:32:09+00:00\",\"breadcrumb\":{\"@id\":\"https:\/\/orthodoxalbania.org\/2020\/2013\/03\/21\/takim-i-shkollave-theologjike-ne-selanik-merr-pjese-edhe-nje-perfaqesi-nga-kisha-jone\/#breadcrumb\"},\"inLanguage\":\"en-US\",\"potentialAction\":[{\"@type\":\"ReadAction\",\"target\":[\"https:\/\/orthodoxalbania.org\/2020\/2013\/03\/21\/takim-i-shkollave-theologjike-ne-selanik-merr-pjese-edhe-nje-perfaqesi-nga-kisha-jone\/\"]}]},{\"@type\":\"BreadcrumbList\",\"@id\":\"https:\/\/orthodoxalbania.org\/2020\/2013\/03\/21\/takim-i-shkollave-theologjike-ne-selanik-merr-pjese-edhe-nje-perfaqesi-nga-kisha-jone\/#breadcrumb\",\"itemListElement\":[{\"@type\":\"ListItem\",\"position\":1,\"name\":\"Home\",\"item\":\"https:\/\/orthodoxalbania.org\/2020\/\"},{\"@type\":\"ListItem\",\"position\":2,\"name\":\"Takim i Shkollave Theologjike ne Selanik, merr pjes\u00eb edhe nj\u00eb p\u00ebrfaq\u00ebsi nga Kisha jon\u00eb. (Mars 2011)\"}]},{\"@type\":\"WebSite\",\"@id\":\"https:\/\/orthodoxalbania.org\/2020\/#website\",\"url\":\"https:\/\/orthodoxalbania.org\/2020\/\",\"name\":\"Kisha Orthodh\u03bfkse Autoqefale e Shqip\u00ebris\u00eb\",\"description\":\"Fqja Zyrtare e Kish\u00ebs Orthodhokse Autoqefale e Shqip\u00ebris\u00eb me lajmet edhe informacionet zyrtare p\u00ebr struktur\u00ebn edhe veprimtarin e saj.\",\"publisher\":{\"@id\":\"https:\/\/orthodoxalbania.org\/2020\/#organization\"},\"potentialAction\":[{\"@type\":\"SearchAction\",\"target\":{\"@type\":\"EntryPoint\",\"urlTemplate\":\"https:\/\/orthodoxalbania.org\/2020\/?s={search_term_string}\"},\"query-input\":{\"@type\":\"PropertyValueSpecification\",\"valueRequired\":true,\"valueName\":\"search_term_string\"}}],\"inLanguage\":\"en-US\"},{\"@type\":\"Organization\",\"@id\":\"https:\/\/orthodoxalbania.org\/2020\/#organization\",\"name\":\"Kisha Orthodhokse Autoqefale e Shqip\u00ebris\u00eb\",\"url\":\"https:\/\/orthodoxalbania.org\/2020\/\",\"logo\":{\"@type\":\"ImageObject\",\"inLanguage\":\"en-US\",\"@id\":\"https:\/\/orthodoxalbania.org\/2020\/#\/schema\/logo\/image\/\",\"url\":\"https:\/\/orthodoxalbania.org\/2020\/wp-content\/uploads\/2020\/05\/albania.jpeg\",\"contentUrl\":\"https:\/\/orthodoxalbania.org\/2020\/wp-content\/uploads\/2020\/05\/albania.jpeg\",\"width\":540,\"height\":540,\"caption\":\"Kisha Orthodhokse Autoqefale e Shqip\u00ebris\u00eb\"},\"image\":{\"@id\":\"https:\/\/orthodoxalbania.org\/2020\/#\/schema\/logo\/image\/\"},\"sameAs\":[\"https:\/\/www.facebook.com\/koash1991\"]},{\"@type\":\"Person\",\"@id\":\"https:\/\/orthodoxalbania.org\/2020\/#\/schema\/person\/0c387634a7063ac612d7ed9ce71c7e86\",\"name\":\"Kisha Orthodhokse\",\"image\":{\"@type\":\"ImageObject\",\"inLanguage\":\"en-US\",\"@id\":\"https:\/\/secure.gravatar.com\/avatar\/596e7c417251e30f2fbb9c00e026fce61a695a00e51c889caded71c96cbbdde5?s=96&d=mm&r=g\",\"url\":\"https:\/\/secure.gravatar.com\/avatar\/596e7c417251e30f2fbb9c00e026fce61a695a00e51c889caded71c96cbbdde5?s=96&d=mm&r=g\",\"contentUrl\":\"https:\/\/secure.gravatar.com\/avatar\/596e7c417251e30f2fbb9c00e026fce61a695a00e51c889caded71c96cbbdde5?s=96&d=mm&r=g\",\"caption\":\"Kisha Orthodhokse\"}}]}<\/script>\n<!-- \/ Yoast SEO plugin. -->","yoast_head_json":{"title":"Takim i Shkollave Theologjike ne Selanik, merr pjes\u00eb edhe nj\u00eb p\u00ebrfaq\u00ebsi nga Kisha jon\u00eb. (Mars 2011) - Kisha Orthodh\u03bfkse Autoqefale e Shqip\u00ebris\u00eb","robots":{"index":"index","follow":"follow","max-snippet":"max-snippet:-1","max-image-preview":"max-image-preview:large","max-video-preview":"max-video-preview:-1"},"canonical":"https:\/\/orthodoxalbania.org\/2020\/2013\/03\/21\/takim-i-shkollave-theologjike-ne-selanik-merr-pjese-edhe-nje-perfaqesi-nga-kisha-jone\/","og_locale":"en_US","og_type":"article","og_title":"Takim i Shkollave Theologjike ne Selanik, merr pjes\u00eb edhe nj\u00eb p\u00ebrfaq\u00ebsi nga Kisha jon\u00eb. (Mars 2011) - Kisha Orthodh\u03bfkse Autoqefale e Shqip\u00ebris\u00eb","og_description":"&nbsp;&nbsp;&nbsp; Prezenca,&nbsp; pjes\u00ebmarrja dhe roli i Kish\u00ebs Orthodhokse ne L\u00ebvizjen Ekumenike \u00ebsht\u00eb sot nj\u00eb fakt i duksh\u00ebm. Pik\u00ebrisht, nisur nga kjo pjes\u00ebmarrje e Kish\u00ebs Orthodhokse n\u00eb L\u00ebvizjen Ekumenike n\u00ebn organizimin dhe drejtimin e K\u00ebshillit Bot\u00ebror te Kishave, n\u00eb qytetin e Selanikut u mbajt nj\u00eb konferenc\u00eb me pjes\u00ebmarrjen e kat\u00ebr Shkollave Orthodhokse Teologjike, Fakulteti Teologjik i Universitetit Aristoteli n\u00eb Selanik i cili ishte mikprit\u00ebsi i k\u00ebtij","og_url":"https:\/\/orthodoxalbania.org\/2020\/2013\/03\/21\/takim-i-shkollave-theologjike-ne-selanik-merr-pjese-edhe-nje-perfaqesi-nga-kisha-jone\/","og_site_name":"Kisha Orthodh\u03bfkse Autoqefale e Shqip\u00ebris\u00eb","article_publisher":"https:\/\/www.facebook.com\/koash1991","article_published_time":"2013-03-21T09:19:16+00:00","article_modified_time":"2020-04-06T20:32:09+00:00","og_image":[{"width":200,"height":172,"url":"https:\/\/orthodoxalbania.org\/2020\/wp-content\/uploads\/2021\/02\/LogoLastALb-200.png","type":"image\/png"}],"author":"Kisha Orthodhokse","twitter_card":"summary_large_image","twitter_misc":{"Written by":"Kisha Orthodhokse","Est. reading time":"4 minutes"},"schema":{"@context":"https:\/\/schema.org","@graph":[{"@type":"Article","@id":"https:\/\/orthodoxalbania.org\/2020\/2013\/03\/21\/takim-i-shkollave-theologjike-ne-selanik-merr-pjese-edhe-nje-perfaqesi-nga-kisha-jone\/#article","isPartOf":{"@id":"https:\/\/orthodoxalbania.org\/2020\/2013\/03\/21\/takim-i-shkollave-theologjike-ne-selanik-merr-pjese-edhe-nje-perfaqesi-nga-kisha-jone\/"},"author":{"name":"Kisha Orthodhokse","@id":"https:\/\/orthodoxalbania.org\/2020\/#\/schema\/person\/0c387634a7063ac612d7ed9ce71c7e86"},"headline":"Takim i Shkollave Theologjike ne Selanik, merr pjes\u00eb edhe nj\u00eb p\u00ebrfaq\u00ebsi nga Kisha jon\u00eb. (Mars 2011)","datePublished":"2013-03-21T09:19:16+00:00","dateModified":"2020-04-06T20:32:09+00:00","mainEntityOfPage":{"@id":"https:\/\/orthodoxalbania.org\/2020\/2013\/03\/21\/takim-i-shkollave-theologjike-ne-selanik-merr-pjese-edhe-nje-perfaqesi-nga-kisha-jone\/"},"wordCount":729,"commentCount":0,"publisher":{"@id":"https:\/\/orthodoxalbania.org\/2020\/#organization"},"keywords":["2011","Akademia Teologjike","Kryepiskopata Tiran\u00eb","lajme"],"articleSection":["Lajme"],"inLanguage":"en-US"},{"@type":"WebPage","@id":"https:\/\/orthodoxalbania.org\/2020\/2013\/03\/21\/takim-i-shkollave-theologjike-ne-selanik-merr-pjese-edhe-nje-perfaqesi-nga-kisha-jone\/","url":"https:\/\/orthodoxalbania.org\/2020\/2013\/03\/21\/takim-i-shkollave-theologjike-ne-selanik-merr-pjese-edhe-nje-perfaqesi-nga-kisha-jone\/","name":"Takim i Shkollave Theologjike ne Selanik, merr pjes\u00eb edhe nj\u00eb p\u00ebrfaq\u00ebsi nga Kisha jon\u00eb. (Mars 2011) - Kisha Orthodh\u03bfkse Autoqefale e Shqip\u00ebris\u00eb","isPartOf":{"@id":"https:\/\/orthodoxalbania.org\/2020\/#website"},"datePublished":"2013-03-21T09:19:16+00:00","dateModified":"2020-04-06T20:32:09+00:00","breadcrumb":{"@id":"https:\/\/orthodoxalbania.org\/2020\/2013\/03\/21\/takim-i-shkollave-theologjike-ne-selanik-merr-pjese-edhe-nje-perfaqesi-nga-kisha-jone\/#breadcrumb"},"inLanguage":"en-US","potentialAction":[{"@type":"ReadAction","target":["https:\/\/orthodoxalbania.org\/2020\/2013\/03\/21\/takim-i-shkollave-theologjike-ne-selanik-merr-pjese-edhe-nje-perfaqesi-nga-kisha-jone\/"]}]},{"@type":"BreadcrumbList","@id":"https:\/\/orthodoxalbania.org\/2020\/2013\/03\/21\/takim-i-shkollave-theologjike-ne-selanik-merr-pjese-edhe-nje-perfaqesi-nga-kisha-jone\/#breadcrumb","itemListElement":[{"@type":"ListItem","position":1,"name":"Home","item":"https:\/\/orthodoxalbania.org\/2020\/"},{"@type":"ListItem","position":2,"name":"Takim i Shkollave Theologjike ne Selanik, merr pjes\u00eb edhe nj\u00eb p\u00ebrfaq\u00ebsi nga Kisha jon\u00eb. (Mars 2011)"}]},{"@type":"WebSite","@id":"https:\/\/orthodoxalbania.org\/2020\/#website","url":"https:\/\/orthodoxalbania.org\/2020\/","name":"Kisha Orthodh\u03bfkse Autoqefale e Shqip\u00ebris\u00eb","description":"Fqja Zyrtare e Kish\u00ebs Orthodhokse Autoqefale e Shqip\u00ebris\u00eb me lajmet edhe informacionet zyrtare p\u00ebr struktur\u00ebn edhe veprimtarin e saj.","publisher":{"@id":"https:\/\/orthodoxalbania.org\/2020\/#organization"},"potentialAction":[{"@type":"SearchAction","target":{"@type":"EntryPoint","urlTemplate":"https:\/\/orthodoxalbania.org\/2020\/?s={search_term_string}"},"query-input":{"@type":"PropertyValueSpecification","valueRequired":true,"valueName":"search_term_string"}}],"inLanguage":"en-US"},{"@type":"Organization","@id":"https:\/\/orthodoxalbania.org\/2020\/#organization","name":"Kisha Orthodhokse Autoqefale e Shqip\u00ebris\u00eb","url":"https:\/\/orthodoxalbania.org\/2020\/","logo":{"@type":"ImageObject","inLanguage":"en-US","@id":"https:\/\/orthodoxalbania.org\/2020\/#\/schema\/logo\/image\/","url":"https:\/\/orthodoxalbania.org\/2020\/wp-content\/uploads\/2020\/05\/albania.jpeg","contentUrl":"https:\/\/orthodoxalbania.org\/2020\/wp-content\/uploads\/2020\/05\/albania.jpeg","width":540,"height":540,"caption":"Kisha Orthodhokse Autoqefale e Shqip\u00ebris\u00eb"},"image":{"@id":"https:\/\/orthodoxalbania.org\/2020\/#\/schema\/logo\/image\/"},"sameAs":["https:\/\/www.facebook.com\/koash1991"]},{"@type":"Person","@id":"https:\/\/orthodoxalbania.org\/2020\/#\/schema\/person\/0c387634a7063ac612d7ed9ce71c7e86","name":"Kisha Orthodhokse","image":{"@type":"ImageObject","inLanguage":"en-US","@id":"https:\/\/secure.gravatar.com\/avatar\/596e7c417251e30f2fbb9c00e026fce61a695a00e51c889caded71c96cbbdde5?s=96&d=mm&r=g","url":"https:\/\/secure.gravatar.com\/avatar\/596e7c417251e30f2fbb9c00e026fce61a695a00e51c889caded71c96cbbdde5?s=96&d=mm&r=g","contentUrl":"https:\/\/secure.gravatar.com\/avatar\/596e7c417251e30f2fbb9c00e026fce61a695a00e51c889caded71c96cbbdde5?s=96&d=mm&r=g","caption":"Kisha Orthodhokse"}}]}},"_links":{"self":[{"href":"https:\/\/orthodoxalbania.org\/2020\/wp-json\/wp\/v2\/posts\/1239","targetHints":{"allow":["GET"]}}],"collection":[{"href":"https:\/\/orthodoxalbania.org\/2020\/wp-json\/wp\/v2\/posts"}],"about":[{"href":"https:\/\/orthodoxalbania.org\/2020\/wp-json\/wp\/v2\/types\/post"}],"author":[{"embeddable":true,"href":"https:\/\/orthodoxalbania.org\/2020\/wp-json\/wp\/v2\/users\/1"}],"replies":[{"embeddable":true,"href":"https:\/\/orthodoxalbania.org\/2020\/wp-json\/wp\/v2\/comments?post=1239"}],"version-history":[{"count":1,"href":"https:\/\/orthodoxalbania.org\/2020\/wp-json\/wp\/v2\/posts\/1239\/revisions"}],"predecessor-version":[{"id":15411,"href":"https:\/\/orthodoxalbania.org\/2020\/wp-json\/wp\/v2\/posts\/1239\/revisions\/15411"}],"wp:attachment":[{"href":"https:\/\/orthodoxalbania.org\/2020\/wp-json\/wp\/v2\/media?parent=1239"}],"wp:term":[{"taxonomy":"category","embeddable":true,"href":"https:\/\/orthodoxalbania.org\/2020\/wp-json\/wp\/v2\/categories?post=1239"},{"taxonomy":"post_tag","embeddable":true,"href":"https:\/\/orthodoxalbania.org\/2020\/wp-json\/wp\/v2\/tags?post=1239"}],"curies":[{"name":"wp","href":"https:\/\/api.w.org\/{rel}","templated":true}]}}