{"id":1238,"date":"2007-02-26T00:00:00","date_gmt":"2007-02-26T00:00:00","guid":{"rendered":""},"modified":"2020-04-06T22:35:51","modified_gmt":"2020-04-06T20:35:51","slug":"takim-i-rinise-orthodhokse-te-dioqezes-se-tiranes-nentor-2007","status":"publish","type":"post","link":"https:\/\/orthodoxalbania.org\/2020\/2007\/02\/26\/takim-i-rinise-orthodhokse-te-dioqezes-se-tiranes-nentor-2007\/","title":{"rendered":"Takim i Rinis\u00eb Orthodhokse t\u00eb Dioqez\u00ebs s\u00eb Tiran\u00ebs. (N\u00ebntor 2007)"},"content":{"rendered":"<div style=\"text-align: justify;\">&nbsp;<\/div>\n<div style=\"text-align: justify;\"><span style=\"color: #000000;\"><span style=\"font-family: tahoma,geneva,sans-serif;\"><span style=\"font-size: 12px;\"><img decoding=\"async\" class=\"lazyload HAa Eha\" style=\"border-width: 1px; border-style: solid; margin: 10px; float: left;\" alt=\"\" src=\"data:image\/svg+xml,%3Csvg%20xmlns%3D%27http%3A%2F%2Fwww.w3.org%2F2000%2Fsvg%27%20width%3D%27284%27%20height%3D%27213%27%20viewBox%3D%270%200%20284%20213%27%3E%3Crect%20width%3D%27284%27%20height%3D%27213%27%20fill-opacity%3D%220%22%2F%3E%3C%2Fsvg%3E\" data-orig-src=\"https:\/\/lh6.googleusercontent.com\/-wTxhHYfo_T0\/VIrcC0cyGxI\/AAAAAAAAHGM\/bjl_8tLHF9k\/w400-h300-no\/pic1.jpg\" height=\"213\" width=\"284\" \/>&nbsp;&nbsp;&nbsp; Takimi i t\u00eb rinjve orthodhoks\u00eb t\u00eb Dioqez\u00ebs s\u00eb Tiran\u00ebs \u00ebsht\u00eb i fundit q\u00eb u zhvillua p\u00ebr k\u00ebt\u00eb vit. Ai u organizua n\u00eb Elbasan, nga 23 deri n\u00eb 25 n\u00ebntor. N\u00eb t\u00eb mor\u00ebn pjes\u00eb rreth 90 t\u00eb rinj nga grupet rinore t\u00eb: Shkodr\u00ebs, Durr\u00ebsit, Kavaj\u00ebs, Tiran\u00ebs, Gramshit, Elbasanit, Fikasit, Sht\u00ebrmenit, Librazhdit, Shijonit. P\u00ebr her\u00eb t\u00eb par\u00eb ishin ftuar edhe t\u00eb rinj nga qyteti i Bajram Currit.<\/span><\/span><\/span><\/div>\n<div style=\"text-align: justify;\"> <span style=\"color: #000000;\"><span style=\"font-family: tahoma,geneva,sans-serif;\"><span style=\"font-size: 12px;\">&nbsp;&nbsp;&nbsp; Tema e takimit ishte \u201c<strong>T\u00eb G\u00ebzuar me Shpres\u00ebn e Zotit<\/strong>\u201d. E para e mori fjal\u00ebn znj. Katerina Papadhopulli. Referati i saj ishte organizuar mbi baz\u00ebn e ndarjes n\u00eb disa grupe, ku secili nga ato fliste rreth nj\u00eb historie t\u00eb caktuar, q\u00eb kishte lidhje me tem\u00ebn. Kjo solli nj\u00eb aktivizim m\u00eb t\u00eb madh t\u00eb t\u00eb gjith\u00eb t\u00eb rinjve, duke diskutuar dhe b\u00ebr\u00eb pyetje t\u00eb ndryshme.<img decoding=\"async\" class=\"lazyload HAa Eha\" style=\"border-width: 1px; border-style: solid; margin: 10px; float: right;\" alt=\"\" src=\"data:image\/svg+xml,%3Csvg%20xmlns%3D%27http%3A%2F%2Fwww.w3.org%2F2000%2Fsvg%27%20width%3D%27310%27%20height%3D%27222%27%20viewBox%3D%270%200%20310%20222%27%3E%3Crect%20width%3D%27310%27%20height%3D%27222%27%20fill-opacity%3D%220%22%2F%3E%3C%2Fsvg%3E\" data-orig-src=\"https:\/\/lh6.googleusercontent.com\/-QzPWMOTzBMw\/VIrcC7wJx9I\/AAAAAAAAHGE\/dNX_WHrXt7M\/w400-h286-no\/pic2.jpg\" height=\"222\" width=\"310\" \/><\/span><\/span><\/span><\/div>\n<div style=\"text-align: justify;\">&nbsp;<\/div>\n<div style=\"text-align: justify;\"><span style=\"color: #000000;\"><span style=\"font-family: tahoma,geneva,sans-serif;\"><span style=\"font-size: 12px;\">&nbsp;&nbsp;&nbsp; Referatin e dyt\u00eb e mbajti Episkopi i Apollonis\u00eb, Hir\u00ebsia e Tij Nikolla, me tem\u00eb: \u201c<strong>Krishti Shpresa Jon\u00eb<\/strong>\u201d. Hir\u00ebsi Nikolla theksoi se \u201c<em>T\u00eb rinjt\u00eb e humbin shpesh her\u00eb shpres\u00ebn dhe kjo i \u00e7on ata n\u00eb vet\u00ebvrasje, n\u00eb depresion etj., por n\u00ebse ekziston Krishti n\u00eb zemrat tona shpresa nuk shuhet kurr\u00eb. Hiri i Per\u00ebndis\u00eb na forcon dhe na jep guxim p\u00ebr t\u00eb p\u00ebrballuar \u00e7do v\u00ebshtir\u00ebsi, sepse Krishti \u00ebsht\u00eb shpresa jon\u00eb e vetme<\/em>\u201d.<\/span><\/span><\/span><\/div>\n<div style=\"text-align: justify;\">&nbsp;<\/div>\n<div style=\"text-align: justify;\"><span style=\"color: #000000;\"><span style=\"font-family: tahoma,geneva,sans-serif;\"><span style=\"font-size: 12px;\">&nbsp;&nbsp;&nbsp; Meq\u00eb t\u00eb rinjt\u00eb kishin shum\u00eb pyetje p\u00ebr referatin edhe seanca u zgjat pak m\u00eb shum\u00eb se sa ishte programuar.<\/span><\/span><\/span><\/div>\n<div style=\"text-align: justify;\">&nbsp;<\/div>\n<div style=\"text-align: justify;\"><span style=\"color: #000000;\"><span style=\"font-family: tahoma,geneva,sans-serif;\"><span style=\"font-size: 12px;\"><img decoding=\"async\" class=\"lazyload HAa Eha\" style=\"border-width: 1px; border-style: solid; margin: 10px; float: left;\" alt=\"\" src=\"data:image\/svg+xml,%3Csvg%20xmlns%3D%27http%3A%2F%2Fwww.w3.org%2F2000%2Fsvg%27%20width%3D%27308%27%20height%3D%27232%27%20viewBox%3D%270%200%20308%20232%27%3E%3Crect%20width%3D%27308%27%20height%3D%27232%27%20fill-opacity%3D%220%22%2F%3E%3C%2Fsvg%3E\" data-orig-src=\"https:\/\/lh4.googleusercontent.com\/-294joxUGmjQ\/VIrcC5G4WmI\/AAAAAAAAHGA\/W8FV9xmYt3Y\/w400-h300-no\/pic3.jpg\" height=\"232\" width=\"308\" \/>&nbsp;&nbsp; N\u00eb takim, p\u00ebrve\u00e7 referateve, lutjeve e sh\u00ebrbesave t\u00eb ndryshme, si Sh\u00ebrbesa e M\u00ebngjesores, Mbr\u00ebm\u00ebsorja, Pasdarka dhe Paraklisi, nuk mungonin edhe loj\u00ebrat e ndryshme, programet arg\u00ebtuese, diskutimet n\u00eb grupe etj. Nd\u00ebrsa t\u00eb rinjt\u00eb e qytetit t\u00eb Gramshit dhe t\u00eb rinjt\u00eb e qytetit t\u00eb Bajram Currit kishin p\u00ebrgatitur disa valle me koreografi t\u00eb b\u00ebr\u00eb nga ata vet\u00eb.<\/span><\/span><\/span><\/div>\n<div style=\"text-align: justify;\">&nbsp;<\/div>\n<div style=\"text-align: justify;\"><span style=\"color: #000000;\"><span style=\"font-family: tahoma,geneva,sans-serif;\"><span style=\"font-size: 12px;\">&nbsp;&nbsp;&nbsp; T\u00eb diel\u00ebn t\u00eb gjith\u00eb s\u00eb bashku shkuam n\u00eb Kish\u00ebn e Sh\u00ebn Thanasit, p\u00ebr t\u00eb marr\u00eb pjes\u00eb n\u00eb Liturgjin\u00eb Hyjnore, pas s\u00eb cil\u00ebs u b\u00eb ndarja dhe u fal\u00ebnderuan grupet p\u00ebr pjes\u00ebmarrjen e tyre n\u00eb takim.<\/span><\/span><\/span><\/div>\n<div style=\"text-align: justify;\">&nbsp;<\/div>\n<div style=\"text-align: justify;\">&nbsp;<\/div>\n<div style=\"text-align: right;\"><span style=\"color: #000000;\"><span style=\"font-family: tahoma,geneva,sans-serif;\"><span style=\"font-size: 12px;\"><strong><em>&nbsp;&nbsp;&nbsp;&nbsp; Emanuel Pupi<\/em><\/strong><\/span><\/span><\/span><\/div>\n<div style=\"text-align: right;\"><span style=\"color: #000000;\"><span style=\"font-family: tahoma,geneva,sans-serif;\"><span style=\"font-size: 12px;\"><strong><em>&nbsp;&nbsp;&nbsp;&nbsp; Koordinator i Zyr\u00ebs Komb\u00ebtare Rinore<\/em><\/strong><\/span><\/span><\/span><\/div>\n<div style=\"text-align: justify;\">&nbsp;<\/div>\n","protected":false},"excerpt":{"rendered":"<p>&nbsp; &nbsp;&nbsp;&nbsp; Takimi i t\u00eb rinjve orthodhoks\u00eb t\u00eb Dioqez\u00ebs s\u00eb Tiran\u00ebs \u00ebsht\u00eb i fundit q\u00eb u zhvillua p\u00ebr k\u00ebt\u00eb vit. Ai u organizua n\u00eb Elbasan, nga 23 deri n\u00eb 25 n\u00ebntor. N\u00eb t\u00eb mor\u00ebn pjes\u00eb rreth 90 t\u00eb rinj nga grupet rinore t\u00eb: Shkodr\u00ebs, Durr\u00ebsit, Kavaj\u00ebs, Tiran\u00ebs, Gramshit, Elbasanit, Fikasit, Sht\u00ebrmenit, Librazhdit, Shijonit. P\u00ebr her\u00eb t\u00eb par\u00eb ishin ftuar edhe t\u00eb rinj nga qyteti i<\/p>\n","protected":false},"author":1,"featured_media":0,"comment_status":"open","ping_status":"open","sticky":false,"template":"","format":"standard","meta":{"_acf_changed":false,"pagelayer_contact_templates":[],"_pagelayer_content":"","inline_featured_image":false,"fifu_image_url":"","fifu_image_alt":"","footnotes":""},"categories":[108],"tags":[147,196,212,176],"class_list":["post-1238","post","type-post","status-publish","format-standard","hentry","category-lajme","tag-147","tag-tirane","tag-lajme-d27","tag-rinia-orthodhokse"],"acf":[],"yoast_head":"<!-- This site is optimized with the Yoast SEO plugin v27.2 - https:\/\/yoast.com\/product\/yoast-seo-wordpress\/ -->\n<title>Takim i Rinis\u00eb Orthodhokse t\u00eb Dioqez\u00ebs s\u00eb Tiran\u00ebs. (N\u00ebntor 2007) - Kisha Orthodh\u03bfkse Autoqefale e Shqip\u00ebris\u00eb<\/title>\n<meta name=\"robots\" content=\"index, follow, max-snippet:-1, max-image-preview:large, max-video-preview:-1\" \/>\n<link rel=\"canonical\" href=\"https:\/\/orthodoxalbania.org\/2020\/2007\/02\/26\/takim-i-rinise-orthodhokse-te-dioqezes-se-tiranes-nentor-2007\/\" \/>\n<meta property=\"og:locale\" content=\"en_US\" \/>\n<meta property=\"og:type\" content=\"article\" \/>\n<meta property=\"og:title\" content=\"Takim i Rinis\u00eb Orthodhokse t\u00eb Dioqez\u00ebs s\u00eb Tiran\u00ebs. (N\u00ebntor 2007) - Kisha Orthodh\u03bfkse Autoqefale e Shqip\u00ebris\u00eb\" \/>\n<meta property=\"og:description\" content=\"&nbsp; &nbsp;&nbsp;&nbsp; Takimi i t\u00eb rinjve orthodhoks\u00eb t\u00eb Dioqez\u00ebs s\u00eb Tiran\u00ebs \u00ebsht\u00eb i fundit q\u00eb u zhvillua p\u00ebr k\u00ebt\u00eb vit. Ai u organizua n\u00eb Elbasan, nga 23 deri n\u00eb 25 n\u00ebntor. N\u00eb t\u00eb mor\u00ebn pjes\u00eb rreth 90 t\u00eb rinj nga grupet rinore t\u00eb: Shkodr\u00ebs, Durr\u00ebsit, Kavaj\u00ebs, Tiran\u00ebs, Gramshit, Elbasanit, Fikasit, Sht\u00ebrmenit, Librazhdit, Shijonit. P\u00ebr her\u00eb t\u00eb par\u00eb ishin ftuar edhe t\u00eb rinj nga qyteti i\" \/>\n<meta property=\"og:url\" content=\"https:\/\/orthodoxalbania.org\/2020\/2007\/02\/26\/takim-i-rinise-orthodhokse-te-dioqezes-se-tiranes-nentor-2007\/\" \/>\n<meta property=\"og:site_name\" content=\"Kisha Orthodh\u03bfkse Autoqefale e Shqip\u00ebris\u00eb\" \/>\n<meta property=\"article:publisher\" content=\"https:\/\/www.facebook.com\/koash1991\" \/>\n<meta property=\"article:published_time\" content=\"2007-02-26T00:00:00+00:00\" \/>\n<meta property=\"article:modified_time\" content=\"2020-04-06T20:35:51+00:00\" \/>\n<meta property=\"og:image\" content=\"https:\/\/lh6.googleusercontent.com\/-wTxhHYfo_T0\/VIrcC0cyGxI\/AAAAAAAAHGM\/bjl_8tLHF9k\/w400-h300-no\/pic1.jpg\" \/>\n<meta name=\"author\" content=\"Kisha Orthodhokse\" \/>\n<meta name=\"twitter:card\" content=\"summary_large_image\" \/>\n<meta name=\"twitter:label1\" content=\"Written by\" \/>\n\t<meta name=\"twitter:data1\" content=\"Kisha Orthodhokse\" \/>\n\t<meta name=\"twitter:label2\" content=\"Est. reading time\" \/>\n\t<meta name=\"twitter:data2\" content=\"2 minutes\" \/>\n<script type=\"application\/ld+json\" class=\"yoast-schema-graph\">{\"@context\":\"https:\/\/schema.org\",\"@graph\":[{\"@type\":\"Article\",\"@id\":\"https:\/\/orthodoxalbania.org\/2020\/2007\/02\/26\/takim-i-rinise-orthodhokse-te-dioqezes-se-tiranes-nentor-2007\/#article\",\"isPartOf\":{\"@id\":\"https:\/\/orthodoxalbania.org\/2020\/2007\/02\/26\/takim-i-rinise-orthodhokse-te-dioqezes-se-tiranes-nentor-2007\/\"},\"author\":{\"name\":\"Kisha Orthodhokse\",\"@id\":\"https:\/\/orthodoxalbania.org\/2020\/#\/schema\/person\/0c387634a7063ac612d7ed9ce71c7e86\"},\"headline\":\"Takim i Rinis\u00eb Orthodhokse t\u00eb Dioqez\u00ebs s\u00eb Tiran\u00ebs. (N\u00ebntor 2007)\",\"datePublished\":\"2007-02-26T00:00:00+00:00\",\"dateModified\":\"2020-04-06T20:35:51+00:00\",\"mainEntityOfPage\":{\"@id\":\"https:\/\/orthodoxalbania.org\/2020\/2007\/02\/26\/takim-i-rinise-orthodhokse-te-dioqezes-se-tiranes-nentor-2007\/\"},\"wordCount\":407,\"commentCount\":0,\"publisher\":{\"@id\":\"https:\/\/orthodoxalbania.org\/2020\/#organization\"},\"image\":{\"@id\":\"https:\/\/orthodoxalbania.org\/2020\/2007\/02\/26\/takim-i-rinise-orthodhokse-te-dioqezes-se-tiranes-nentor-2007\/#primaryimage\"},\"thumbnailUrl\":\"https:\/\/lh6.googleusercontent.com\/-wTxhHYfo_T0\/VIrcC0cyGxI\/AAAAAAAAHGM\/bjl_8tLHF9k\/w400-h300-no\/pic1.jpg\",\"keywords\":[\"2007\",\"Kryepiskopata Tiran\u00eb\",\"lajme\",\"Rinia Orthodhokse\"],\"articleSection\":[\"Lajme\"],\"inLanguage\":\"en-US\"},{\"@type\":\"WebPage\",\"@id\":\"https:\/\/orthodoxalbania.org\/2020\/2007\/02\/26\/takim-i-rinise-orthodhokse-te-dioqezes-se-tiranes-nentor-2007\/\",\"url\":\"https:\/\/orthodoxalbania.org\/2020\/2007\/02\/26\/takim-i-rinise-orthodhokse-te-dioqezes-se-tiranes-nentor-2007\/\",\"name\":\"Takim i Rinis\u00eb Orthodhokse t\u00eb Dioqez\u00ebs s\u00eb Tiran\u00ebs. (N\u00ebntor 2007) - Kisha Orthodh\u03bfkse Autoqefale e Shqip\u00ebris\u00eb\",\"isPartOf\":{\"@id\":\"https:\/\/orthodoxalbania.org\/2020\/#website\"},\"primaryImageOfPage\":{\"@id\":\"https:\/\/orthodoxalbania.org\/2020\/2007\/02\/26\/takim-i-rinise-orthodhokse-te-dioqezes-se-tiranes-nentor-2007\/#primaryimage\"},\"image\":{\"@id\":\"https:\/\/orthodoxalbania.org\/2020\/2007\/02\/26\/takim-i-rinise-orthodhokse-te-dioqezes-se-tiranes-nentor-2007\/#primaryimage\"},\"thumbnailUrl\":\"https:\/\/lh6.googleusercontent.com\/-wTxhHYfo_T0\/VIrcC0cyGxI\/AAAAAAAAHGM\/bjl_8tLHF9k\/w400-h300-no\/pic1.jpg\",\"datePublished\":\"2007-02-26T00:00:00+00:00\",\"dateModified\":\"2020-04-06T20:35:51+00:00\",\"breadcrumb\":{\"@id\":\"https:\/\/orthodoxalbania.org\/2020\/2007\/02\/26\/takim-i-rinise-orthodhokse-te-dioqezes-se-tiranes-nentor-2007\/#breadcrumb\"},\"inLanguage\":\"en-US\",\"potentialAction\":[{\"@type\":\"ReadAction\",\"target\":[\"https:\/\/orthodoxalbania.org\/2020\/2007\/02\/26\/takim-i-rinise-orthodhokse-te-dioqezes-se-tiranes-nentor-2007\/\"]}]},{\"@type\":\"ImageObject\",\"inLanguage\":\"en-US\",\"@id\":\"https:\/\/orthodoxalbania.org\/2020\/2007\/02\/26\/takim-i-rinise-orthodhokse-te-dioqezes-se-tiranes-nentor-2007\/#primaryimage\",\"url\":\"https:\/\/lh6.googleusercontent.com\/-wTxhHYfo_T0\/VIrcC0cyGxI\/AAAAAAAAHGM\/bjl_8tLHF9k\/w400-h300-no\/pic1.jpg\",\"contentUrl\":\"https:\/\/lh6.googleusercontent.com\/-wTxhHYfo_T0\/VIrcC0cyGxI\/AAAAAAAAHGM\/bjl_8tLHF9k\/w400-h300-no\/pic1.jpg\"},{\"@type\":\"BreadcrumbList\",\"@id\":\"https:\/\/orthodoxalbania.org\/2020\/2007\/02\/26\/takim-i-rinise-orthodhokse-te-dioqezes-se-tiranes-nentor-2007\/#breadcrumb\",\"itemListElement\":[{\"@type\":\"ListItem\",\"position\":1,\"name\":\"Home\",\"item\":\"https:\/\/orthodoxalbania.org\/2020\/\"},{\"@type\":\"ListItem\",\"position\":2,\"name\":\"Takim i Rinis\u00eb Orthodhokse t\u00eb Dioqez\u00ebs s\u00eb Tiran\u00ebs. (N\u00ebntor 2007)\"}]},{\"@type\":\"WebSite\",\"@id\":\"https:\/\/orthodoxalbania.org\/2020\/#website\",\"url\":\"https:\/\/orthodoxalbania.org\/2020\/\",\"name\":\"Kisha Orthodh\u03bfkse Autoqefale e Shqip\u00ebris\u00eb\",\"description\":\"Fqja Zyrtare e Kish\u00ebs Orthodhokse Autoqefale e Shqip\u00ebris\u00eb me lajmet edhe informacionet zyrtare p\u00ebr struktur\u00ebn edhe veprimtarin e saj.\",\"publisher\":{\"@id\":\"https:\/\/orthodoxalbania.org\/2020\/#organization\"},\"potentialAction\":[{\"@type\":\"SearchAction\",\"target\":{\"@type\":\"EntryPoint\",\"urlTemplate\":\"https:\/\/orthodoxalbania.org\/2020\/?s={search_term_string}\"},\"query-input\":{\"@type\":\"PropertyValueSpecification\",\"valueRequired\":true,\"valueName\":\"search_term_string\"}}],\"inLanguage\":\"en-US\"},{\"@type\":\"Organization\",\"@id\":\"https:\/\/orthodoxalbania.org\/2020\/#organization\",\"name\":\"Kisha Orthodhokse Autoqefale e Shqip\u00ebris\u00eb\",\"url\":\"https:\/\/orthodoxalbania.org\/2020\/\",\"logo\":{\"@type\":\"ImageObject\",\"inLanguage\":\"en-US\",\"@id\":\"https:\/\/orthodoxalbania.org\/2020\/#\/schema\/logo\/image\/\",\"url\":\"https:\/\/orthodoxalbania.org\/2020\/wp-content\/uploads\/2020\/05\/albania.jpeg\",\"contentUrl\":\"https:\/\/orthodoxalbania.org\/2020\/wp-content\/uploads\/2020\/05\/albania.jpeg\",\"width\":540,\"height\":540,\"caption\":\"Kisha Orthodhokse Autoqefale e Shqip\u00ebris\u00eb\"},\"image\":{\"@id\":\"https:\/\/orthodoxalbania.org\/2020\/#\/schema\/logo\/image\/\"},\"sameAs\":[\"https:\/\/www.facebook.com\/koash1991\"]},{\"@type\":\"Person\",\"@id\":\"https:\/\/orthodoxalbania.org\/2020\/#\/schema\/person\/0c387634a7063ac612d7ed9ce71c7e86\",\"name\":\"Kisha Orthodhokse\",\"image\":{\"@type\":\"ImageObject\",\"inLanguage\":\"en-US\",\"@id\":\"https:\/\/secure.gravatar.com\/avatar\/596e7c417251e30f2fbb9c00e026fce61a695a00e51c889caded71c96cbbdde5?s=96&d=mm&r=g\",\"url\":\"https:\/\/secure.gravatar.com\/avatar\/596e7c417251e30f2fbb9c00e026fce61a695a00e51c889caded71c96cbbdde5?s=96&d=mm&r=g\",\"contentUrl\":\"https:\/\/secure.gravatar.com\/avatar\/596e7c417251e30f2fbb9c00e026fce61a695a00e51c889caded71c96cbbdde5?s=96&d=mm&r=g\",\"caption\":\"Kisha Orthodhokse\"}}]}<\/script>\n<!-- \/ Yoast SEO plugin. -->","yoast_head_json":{"title":"Takim i Rinis\u00eb Orthodhokse t\u00eb Dioqez\u00ebs s\u00eb Tiran\u00ebs. (N\u00ebntor 2007) - Kisha Orthodh\u03bfkse Autoqefale e Shqip\u00ebris\u00eb","robots":{"index":"index","follow":"follow","max-snippet":"max-snippet:-1","max-image-preview":"max-image-preview:large","max-video-preview":"max-video-preview:-1"},"canonical":"https:\/\/orthodoxalbania.org\/2020\/2007\/02\/26\/takim-i-rinise-orthodhokse-te-dioqezes-se-tiranes-nentor-2007\/","og_locale":"en_US","og_type":"article","og_title":"Takim i Rinis\u00eb Orthodhokse t\u00eb Dioqez\u00ebs s\u00eb Tiran\u00ebs. (N\u00ebntor 2007) - Kisha Orthodh\u03bfkse Autoqefale e Shqip\u00ebris\u00eb","og_description":"&nbsp; &nbsp;&nbsp;&nbsp; Takimi i t\u00eb rinjve orthodhoks\u00eb t\u00eb Dioqez\u00ebs s\u00eb Tiran\u00ebs \u00ebsht\u00eb i fundit q\u00eb u zhvillua p\u00ebr k\u00ebt\u00eb vit. Ai u organizua n\u00eb Elbasan, nga 23 deri n\u00eb 25 n\u00ebntor. N\u00eb t\u00eb mor\u00ebn pjes\u00eb rreth 90 t\u00eb rinj nga grupet rinore t\u00eb: Shkodr\u00ebs, Durr\u00ebsit, Kavaj\u00ebs, Tiran\u00ebs, Gramshit, Elbasanit, Fikasit, Sht\u00ebrmenit, Librazhdit, Shijonit. P\u00ebr her\u00eb t\u00eb par\u00eb ishin ftuar edhe t\u00eb rinj nga qyteti i","og_url":"https:\/\/orthodoxalbania.org\/2020\/2007\/02\/26\/takim-i-rinise-orthodhokse-te-dioqezes-se-tiranes-nentor-2007\/","og_site_name":"Kisha Orthodh\u03bfkse Autoqefale e Shqip\u00ebris\u00eb","article_publisher":"https:\/\/www.facebook.com\/koash1991","article_published_time":"2007-02-26T00:00:00+00:00","article_modified_time":"2020-04-06T20:35:51+00:00","og_image":[{"url":"https:\/\/lh6.googleusercontent.com\/-wTxhHYfo_T0\/VIrcC0cyGxI\/AAAAAAAAHGM\/bjl_8tLHF9k\/w400-h300-no\/pic1.jpg","type":"","width":"","height":""}],"author":"Kisha Orthodhokse","twitter_card":"summary_large_image","twitter_misc":{"Written by":"Kisha Orthodhokse","Est. reading time":"2 minutes"},"schema":{"@context":"https:\/\/schema.org","@graph":[{"@type":"Article","@id":"https:\/\/orthodoxalbania.org\/2020\/2007\/02\/26\/takim-i-rinise-orthodhokse-te-dioqezes-se-tiranes-nentor-2007\/#article","isPartOf":{"@id":"https:\/\/orthodoxalbania.org\/2020\/2007\/02\/26\/takim-i-rinise-orthodhokse-te-dioqezes-se-tiranes-nentor-2007\/"},"author":{"name":"Kisha Orthodhokse","@id":"https:\/\/orthodoxalbania.org\/2020\/#\/schema\/person\/0c387634a7063ac612d7ed9ce71c7e86"},"headline":"Takim i Rinis\u00eb Orthodhokse t\u00eb Dioqez\u00ebs s\u00eb Tiran\u00ebs. (N\u00ebntor 2007)","datePublished":"2007-02-26T00:00:00+00:00","dateModified":"2020-04-06T20:35:51+00:00","mainEntityOfPage":{"@id":"https:\/\/orthodoxalbania.org\/2020\/2007\/02\/26\/takim-i-rinise-orthodhokse-te-dioqezes-se-tiranes-nentor-2007\/"},"wordCount":407,"commentCount":0,"publisher":{"@id":"https:\/\/orthodoxalbania.org\/2020\/#organization"},"image":{"@id":"https:\/\/orthodoxalbania.org\/2020\/2007\/02\/26\/takim-i-rinise-orthodhokse-te-dioqezes-se-tiranes-nentor-2007\/#primaryimage"},"thumbnailUrl":"https:\/\/lh6.googleusercontent.com\/-wTxhHYfo_T0\/VIrcC0cyGxI\/AAAAAAAAHGM\/bjl_8tLHF9k\/w400-h300-no\/pic1.jpg","keywords":["2007","Kryepiskopata Tiran\u00eb","lajme","Rinia Orthodhokse"],"articleSection":["Lajme"],"inLanguage":"en-US"},{"@type":"WebPage","@id":"https:\/\/orthodoxalbania.org\/2020\/2007\/02\/26\/takim-i-rinise-orthodhokse-te-dioqezes-se-tiranes-nentor-2007\/","url":"https:\/\/orthodoxalbania.org\/2020\/2007\/02\/26\/takim-i-rinise-orthodhokse-te-dioqezes-se-tiranes-nentor-2007\/","name":"Takim i Rinis\u00eb Orthodhokse t\u00eb Dioqez\u00ebs s\u00eb Tiran\u00ebs. (N\u00ebntor 2007) - Kisha Orthodh\u03bfkse Autoqefale e Shqip\u00ebris\u00eb","isPartOf":{"@id":"https:\/\/orthodoxalbania.org\/2020\/#website"},"primaryImageOfPage":{"@id":"https:\/\/orthodoxalbania.org\/2020\/2007\/02\/26\/takim-i-rinise-orthodhokse-te-dioqezes-se-tiranes-nentor-2007\/#primaryimage"},"image":{"@id":"https:\/\/orthodoxalbania.org\/2020\/2007\/02\/26\/takim-i-rinise-orthodhokse-te-dioqezes-se-tiranes-nentor-2007\/#primaryimage"},"thumbnailUrl":"https:\/\/lh6.googleusercontent.com\/-wTxhHYfo_T0\/VIrcC0cyGxI\/AAAAAAAAHGM\/bjl_8tLHF9k\/w400-h300-no\/pic1.jpg","datePublished":"2007-02-26T00:00:00+00:00","dateModified":"2020-04-06T20:35:51+00:00","breadcrumb":{"@id":"https:\/\/orthodoxalbania.org\/2020\/2007\/02\/26\/takim-i-rinise-orthodhokse-te-dioqezes-se-tiranes-nentor-2007\/#breadcrumb"},"inLanguage":"en-US","potentialAction":[{"@type":"ReadAction","target":["https:\/\/orthodoxalbania.org\/2020\/2007\/02\/26\/takim-i-rinise-orthodhokse-te-dioqezes-se-tiranes-nentor-2007\/"]}]},{"@type":"ImageObject","inLanguage":"en-US","@id":"https:\/\/orthodoxalbania.org\/2020\/2007\/02\/26\/takim-i-rinise-orthodhokse-te-dioqezes-se-tiranes-nentor-2007\/#primaryimage","url":"https:\/\/lh6.googleusercontent.com\/-wTxhHYfo_T0\/VIrcC0cyGxI\/AAAAAAAAHGM\/bjl_8tLHF9k\/w400-h300-no\/pic1.jpg","contentUrl":"https:\/\/lh6.googleusercontent.com\/-wTxhHYfo_T0\/VIrcC0cyGxI\/AAAAAAAAHGM\/bjl_8tLHF9k\/w400-h300-no\/pic1.jpg"},{"@type":"BreadcrumbList","@id":"https:\/\/orthodoxalbania.org\/2020\/2007\/02\/26\/takim-i-rinise-orthodhokse-te-dioqezes-se-tiranes-nentor-2007\/#breadcrumb","itemListElement":[{"@type":"ListItem","position":1,"name":"Home","item":"https:\/\/orthodoxalbania.org\/2020\/"},{"@type":"ListItem","position":2,"name":"Takim i Rinis\u00eb Orthodhokse t\u00eb Dioqez\u00ebs s\u00eb Tiran\u00ebs. (N\u00ebntor 2007)"}]},{"@type":"WebSite","@id":"https:\/\/orthodoxalbania.org\/2020\/#website","url":"https:\/\/orthodoxalbania.org\/2020\/","name":"Kisha Orthodh\u03bfkse Autoqefale e Shqip\u00ebris\u00eb","description":"Fqja Zyrtare e Kish\u00ebs Orthodhokse Autoqefale e Shqip\u00ebris\u00eb me lajmet edhe informacionet zyrtare p\u00ebr struktur\u00ebn edhe veprimtarin e saj.","publisher":{"@id":"https:\/\/orthodoxalbania.org\/2020\/#organization"},"potentialAction":[{"@type":"SearchAction","target":{"@type":"EntryPoint","urlTemplate":"https:\/\/orthodoxalbania.org\/2020\/?s={search_term_string}"},"query-input":{"@type":"PropertyValueSpecification","valueRequired":true,"valueName":"search_term_string"}}],"inLanguage":"en-US"},{"@type":"Organization","@id":"https:\/\/orthodoxalbania.org\/2020\/#organization","name":"Kisha Orthodhokse Autoqefale e Shqip\u00ebris\u00eb","url":"https:\/\/orthodoxalbania.org\/2020\/","logo":{"@type":"ImageObject","inLanguage":"en-US","@id":"https:\/\/orthodoxalbania.org\/2020\/#\/schema\/logo\/image\/","url":"https:\/\/orthodoxalbania.org\/2020\/wp-content\/uploads\/2020\/05\/albania.jpeg","contentUrl":"https:\/\/orthodoxalbania.org\/2020\/wp-content\/uploads\/2020\/05\/albania.jpeg","width":540,"height":540,"caption":"Kisha Orthodhokse Autoqefale e Shqip\u00ebris\u00eb"},"image":{"@id":"https:\/\/orthodoxalbania.org\/2020\/#\/schema\/logo\/image\/"},"sameAs":["https:\/\/www.facebook.com\/koash1991"]},{"@type":"Person","@id":"https:\/\/orthodoxalbania.org\/2020\/#\/schema\/person\/0c387634a7063ac612d7ed9ce71c7e86","name":"Kisha Orthodhokse","image":{"@type":"ImageObject","inLanguage":"en-US","@id":"https:\/\/secure.gravatar.com\/avatar\/596e7c417251e30f2fbb9c00e026fce61a695a00e51c889caded71c96cbbdde5?s=96&d=mm&r=g","url":"https:\/\/secure.gravatar.com\/avatar\/596e7c417251e30f2fbb9c00e026fce61a695a00e51c889caded71c96cbbdde5?s=96&d=mm&r=g","contentUrl":"https:\/\/secure.gravatar.com\/avatar\/596e7c417251e30f2fbb9c00e026fce61a695a00e51c889caded71c96cbbdde5?s=96&d=mm&r=g","caption":"Kisha Orthodhokse"}}]}},"_links":{"self":[{"href":"https:\/\/orthodoxalbania.org\/2020\/wp-json\/wp\/v2\/posts\/1238","targetHints":{"allow":["GET"]}}],"collection":[{"href":"https:\/\/orthodoxalbania.org\/2020\/wp-json\/wp\/v2\/posts"}],"about":[{"href":"https:\/\/orthodoxalbania.org\/2020\/wp-json\/wp\/v2\/types\/post"}],"author":[{"embeddable":true,"href":"https:\/\/orthodoxalbania.org\/2020\/wp-json\/wp\/v2\/users\/1"}],"replies":[{"embeddable":true,"href":"https:\/\/orthodoxalbania.org\/2020\/wp-json\/wp\/v2\/comments?post=1238"}],"version-history":[{"count":1,"href":"https:\/\/orthodoxalbania.org\/2020\/wp-json\/wp\/v2\/posts\/1238\/revisions"}],"predecessor-version":[{"id":15781,"href":"https:\/\/orthodoxalbania.org\/2020\/wp-json\/wp\/v2\/posts\/1238\/revisions\/15781"}],"wp:attachment":[{"href":"https:\/\/orthodoxalbania.org\/2020\/wp-json\/wp\/v2\/media?parent=1238"}],"wp:term":[{"taxonomy":"category","embeddable":true,"href":"https:\/\/orthodoxalbania.org\/2020\/wp-json\/wp\/v2\/categories?post=1238"},{"taxonomy":"post_tag","embeddable":true,"href":"https:\/\/orthodoxalbania.org\/2020\/wp-json\/wp\/v2\/tags?post=1238"}],"curies":[{"name":"wp","href":"https:\/\/api.w.org\/{rel}","templated":true}]}}