{"id":1231,"date":"2008-02-26T00:00:00","date_gmt":"2008-02-26T00:00:00","guid":{"rendered":""},"modified":"2020-04-06T22:35:27","modified_gmt":"2020-04-06T20:35:27","slug":"123-mjk","status":"publish","type":"post","link":"https:\/\/orthodoxalbania.org\/2020\/2008\/02\/26\/123-mjk\/","title":{"rendered":"Student\u00ebt orthodhoks\u00eb, s\u00eb bashku n\u00eb aktivitetet e fundvitit. (Dhjetor 2008)"},"content":{"rendered":"<table id=\"AutoNumber4\" border=\"0\">\n<tbody>\n<tr>\n<td>\n<p style=\"text-align: justify;\"><span style=\"color: #000000;\"><span style=\"font-family: tahoma,geneva,sans-serif;\"><span style=\"font-size: 12px;\">&nbsp;&nbsp;&nbsp; N\u00eb kuadrin e aktiviteteve p\u00ebrmbyll\u00ebse p\u00ebr vitin 2007, n\u00eb prag t\u00eb fest\u00ebs s\u00eb Krishtlindjeve dhe Vitit t\u00eb Ri 2008, Qendra Studentore e Kish\u00ebs Orthodhokse organizoi aktivitete t\u00eb larmishme me student\u00ebt orthodhoks\u00eb, t\u00eb cil\u00ebt vijn\u00eb nga qytete t\u00eb ndryshme t\u00eb vendit dhe ndjekin studimet n\u00eb Universitetin e Tiran\u00ebs.<\/span><\/span><\/span><\/p>\n<\/td>\n<td>\n<p><span style=\"color: #000000;\"><span style=\"font-family: tahoma,geneva,sans-serif;\"><span style=\"font-size: 12px;\"><img decoding=\"async\" class=\"lazyload HAa Eha\" style=\"border-width: 1px; border-style: solid; margin: 10px auto; display: block;\" alt=\"\" src=\"data:image\/gif;base64,R0lGODlhAQABAAAAACH5BAEKAAEALAAAAAABAAEAAAICTAEAOw==\" data-orig-src=\"https:\/\/lh4.googleusercontent.com\/m_clczXHqSOJm7BlRlSB52yfURlk3C4aiOB-TWwvUIU=w300-h400-no\" \/><\/span><\/span><\/span><\/p>\n<\/td>\n<\/tr>\n<tr>\n<td>\n<p><span style=\"color: #000000;\"><span style=\"font-family: tahoma,geneva,sans-serif;\"><span style=\"font-size: 12px;\"><img decoding=\"async\" class=\"lazyload HAa Eha\" style=\"border-width: 1px; border-style: solid; margin: 10px auto; display: block;\" alt=\"\" src=\"data:image\/gif;base64,R0lGODlhAQABAAAAACH5BAEKAAEALAAAAAABAAEAAAICTAEAOw==\" data-orig-src=\"https:\/\/lh5.googleusercontent.com\/-NJJNOy3g9Z8\/VIrgusQo0yI\/AAAAAAAAHH8\/fXakjVuoUPo\/w400-h300-no\/2.jpg\" \/><\/span><\/span><\/span><\/p>\n<\/td>\n<td>\n<p style=\"text-align: justify;\"><span style=\"color: #000000;\"><span style=\"font-family: tahoma,geneva,sans-serif;\"><span style=\"font-size: 12px;\">&nbsp;&nbsp;&nbsp; Nj\u00eb prej veprimtarive ishte vizita tek njer\u00ebzit n\u00eb nevoj\u00eb. K\u00ebt\u00eb her\u00eb vizita u krye tek f\u00ebmij\u00ebt e Sht\u00ebpis\u00eb Orthodhokse t\u00eb Shpres\u00ebs, n\u00eb Sh\u00ebn Vlash &#8211; Durr\u00ebs ku mor\u00ebn pjes\u00eb 22 student\u00eb nga Qyteti Studenti. Aktiviteti u g\u00ebrshetua edhe me vizita n\u00eb Akademin\u00eb Teologjike dhe n\u00eb Manastirin e Sh\u00ebn Vlashit. N\u00eb Akademi student\u00ebt u prit\u00ebn ngroht\u00eb nga z\u00ebvend\u00ebsdrejtori Episkop Nikolla Hyka, i cili nd\u00ebr t\u00eb tjera i nxiti student\u00ebt q\u00eb ta mbushnin koh\u00ebn me m\u00eb shum\u00eb pun\u00eb e aktivitet, duke mos lejuar k\u00ebshtu t\u00eb ligun t\u00eb punoj\u00eb n\u00eb jet\u00ebn ton\u00eb.<\/span><\/span><\/span><\/p>\n<\/td>\n<\/tr>\n<tr>\n<td>\n<p style=\"text-align: justify;\"><span style=\"color: #000000;\"><span style=\"font-family: tahoma,geneva,sans-serif;\"><span style=\"font-size: 12px;\">&nbsp;&nbsp;&nbsp; P\u00ebr m\u00eb shum\u00eb se nj\u00eb or\u00eb, student\u00ebt q\u00ebndruan me f\u00ebmij\u00ebt n\u00eb programin e tyre arg\u00ebtues me loj\u00ebra, k\u00ebng\u00eb, volejboll, futboll, k\u00ebng\u00eb me l\u00ebvizje, vrapime etj. Pas drek\u00ebs me student\u00ebt e Akademis\u00eb Teologjike, student\u00ebt u njoh\u00ebn me ambientet e Akademis\u00eb, bibliotek\u00ebn e pasur, klasat, kish\u00ebn e shkoll\u00ebs ku kryen edhe sh\u00ebrbes\u00ebn e Paraklisit t\u00eb Sh\u00ebn Maris\u00eb.<\/span><\/span><\/span><\/p>\n<\/td>\n<td>\n<p><span style=\"color: #000000;\"><span style=\"font-family: tahoma,geneva,sans-serif;\"><span style=\"font-size: 12px;\"><img decoding=\"async\" class=\"lazyload HAa Eha\" style=\"border-width: 1px; border-style: solid; margin: 10px auto; display: block;\" alt=\"\" src=\"data:image\/gif;base64,R0lGODlhAQABAAAAACH5BAEKAAEALAAAAAABAAEAAAICTAEAOw==\" data-orig-src=\"https:\/\/lh5.googleusercontent.com\/-nmdQb1s8blc\/VIrguib60eI\/AAAAAAAAHIs\/eLlMawx7E5M\/w400-h300-no\/3.jpg\" \/><\/span><\/span><\/span><\/p>\n<\/td>\n<\/tr>\n<tr>\n<td>\n<p><span style=\"color: #000000;\"><span style=\"font-family: tahoma,geneva,sans-serif;\"><span style=\"font-size: 12px;\"><img decoding=\"async\" class=\"lazyload HAa Eha\" style=\"border-width: 1px; border-style: solid; margin: 10px auto; display: block;\" alt=\"\" src=\"data:image\/gif;base64,R0lGODlhAQABAAAAACH5BAEKAAEALAAAAAABAAEAAAICTAEAOw==\" data-orig-src=\"https:\/\/lh3.googleusercontent.com\/-aSgLLvFcPlc\/VIrgvJqahyI\/AAAAAAAAHIo\/8DKg37Ugyws\/w400-h300-no\/4.jpg\" \/><\/span><\/span><\/span><\/p>\n<\/td>\n<td>\n<p style=\"text-align: justify;\"><span style=\"color: #000000;\"><span style=\"font-family: tahoma,geneva,sans-serif;\"><span style=\"font-size: 12px;\">&nbsp;&nbsp;&nbsp; Me shum\u00eb frym\u00ebzim u larguan nga Manastiri i Sh\u00ebn Vlashit p\u00ebr t\u00eb vizituar nj\u00eb tjet\u00ebr ambient edukues t\u00eb Kish\u00ebs son\u00eb, liceun \u201cKryqi i Nderuar\u201d n\u00eb Sukth. Pas nj\u00eb pritje mjaft t\u00eb ngroht\u00eb t\u00eb At\u00eb Gjerasim \u00c7akallit, student\u00ebt u njoh\u00ebn me ambientet dhe programin e shkoll\u00ebs.<\/span><\/span><\/span><\/p>\n<\/td>\n<\/tr>\n<tr>\n<td>\n<p style=\"text-align: justify;\"><span style=\"color: #b22222;\"><span style=\"font-family: tahoma,geneva,sans-serif;\"><span style=\"font-size: 12px;\"><strong>&nbsp;&nbsp; &nbsp; P\u00ebrjetim p\u00ebrlot\u00ebs<\/strong><\/span><\/span><\/span><\/p>\n<p style=\"text-align: justify;\"><span style=\"color: #000000;\"><span style=\"font-family: tahoma,geneva,sans-serif;\"><span style=\"font-size: 12px;\">&nbsp;&nbsp; N\u00eb vazhdim t\u00eb aktiviteteve t\u00eb k\u00ebsaj natyre, pas Liturgjis\u00eb Hyjnore n\u00eb Qendr\u00ebn Studentore, student\u00ebt vizituan pjes\u00ebn m\u00eb t\u00eb varf\u00ebr t\u00eb Tiran\u00ebs, zon\u00ebn e Babrrus\u00eb, ku banojn\u00eb familjet rome. Disa dit\u00eb p\u00ebrpara vizit\u00ebs, student\u00ebt orthodhoks\u00eb grumbulluan rroba dhe ushqime p\u00ebr k\u00ebto familje.<\/span><\/span><\/span><\/p>\n<p style=\"text-align: justify;\">&nbsp;<\/p>\n<\/td>\n<td>\n<p><span style=\"color: #000000;\"><span style=\"font-family: tahoma,geneva,sans-serif;\"><span style=\"font-size: 12px;\"><img decoding=\"async\" class=\"lazyload HAa Eha\" style=\"border-width: 1px; border-style: solid; margin: 10px auto; display: block;\" alt=\"\" src=\"data:image\/gif;base64,R0lGODlhAQABAAAAACH5BAEKAAEALAAAAAABAAEAAAICTAEAOw==\" data-orig-src=\"https:\/\/lh4.googleusercontent.com\/-Teb9lsmcF4g\/VIrgvcNs43I\/AAAAAAAAHIk\/4qL3VjRLk70\/w400-h300-no\/5.jpg\" \/><\/span><\/span><\/span><\/p>\n<\/td>\n<\/tr>\n<tr>\n<td>\n<p><span style=\"color: #000000;\"><span style=\"font-family: tahoma,geneva,sans-serif;\"><span style=\"font-size: 12px;\"><img decoding=\"async\" class=\"lazyload HAa Eha\" style=\"border-width: 1px; border-style: solid; margin: 10px auto; display: block;\" alt=\"\" src=\"data:image\/gif;base64,R0lGODlhAQABAAAAACH5BAEKAAEALAAAAAABAAEAAAICTAEAOw==\" data-orig-src=\"https:\/\/lh5.googleusercontent.com\/-DhbBCqLuZ2A\/VIrgvRr_LNI\/AAAAAAAAHIQ\/5dPv6Qkxm7o\/w400-h300-no\/6.jpg\" \/><\/span><\/span><\/span><\/p>\n<\/td>\n<td>\n<p style=\"text-align: justify;\"><span style=\"color: #000000;\"><span style=\"font-family: tahoma,geneva,sans-serif;\"><span style=\"font-size: 12px;\">&nbsp;&nbsp;&nbsp; Rreth 100 f\u00ebmij\u00eb e adoleshent\u00eb u mblodh\u00ebn s\u00eb bashku me student\u00ebt dhe pas mir\u00ebseardhjes u ndan\u00eb n\u00eb grupe t\u00eb vogla ku m\u00ebsuan k\u00ebng\u00eb dhe loj\u00ebra t\u00eb ndryshme. Ata b\u00ebn\u00eb p\u00ebrsh\u00ebndetje me k\u00ebng\u00ebt, vallet, dhe vjershat e tyre.<\/span><\/span><\/span><\/p>\n<\/td>\n<\/tr>\n<tr>\n<td>\n<p style=\"text-align: justify;\"><span style=\"color: #000000;\"><span style=\"font-family: tahoma,geneva,sans-serif;\"><span style=\"font-size: 12px;\">&nbsp;&nbsp;&nbsp; \u201cKjo dit\u00eb \u00ebsht\u00eb shum\u00eb e ve\u00e7ant\u00eb p\u00ebr mua \u2013 tha Kozeta. Nuk kisha menduar kurr\u00eb q\u00eb ka njer\u00ebz q\u00eb jetojn\u00eb n\u00eb k\u00ebt\u00eb gjendje. Ne zhytemi n\u00eb jet\u00eb dhe parashtrojm\u00eb k\u00ebrkesa pa fund, ankesa pa arsye dhe harrojm\u00eb t\u00eb mendojm\u00eb se sa shum\u00eb kemi dhe sa pun\u00eb duhet t\u00eb b\u00ebjm\u00eb n\u00eb ndihm\u00eb t\u00eb t\u00eb tjer\u00ebve. T\u00eb gjitha k\u00ebto q\u00eb pash\u00eb dhe m\u00ebsova m\u00eb nxit\u00ebn ta jetoj jet\u00ebn m\u00eb me p\u00ebrgjegj\u00ebsi\u201d.<\/span><\/span><\/span><\/p>\n<\/td>\n<td>\n<p><span style=\"color: #000000;\"><span style=\"font-family: tahoma,geneva,sans-serif;\"><span style=\"font-size: 12px;\"><img decoding=\"async\" class=\"lazyload HAa Eha\" style=\"border-width: 1px; border-style: solid; margin: 10px auto; display: block;\" alt=\"\" src=\"data:image\/gif;base64,R0lGODlhAQABAAAAACH5BAEKAAEALAAAAAABAAEAAAICTAEAOw==\" data-orig-src=\"https:\/\/lh6.googleusercontent.com\/-lnzk4F_5wb4\/VIrgwJrnrNI\/AAAAAAAAHIc\/wrx6mnw_bIg\/w400-h300-no\/7.jpg\" \/><\/span><\/span><\/span><\/p>\n<\/td>\n<\/tr>\n<tr>\n<td>\n<p><span style=\"color: #000000;\"><span style=\"font-family: tahoma,geneva,sans-serif;\"><span style=\"font-size: 12px;\"><img decoding=\"async\" class=\"lazyload HAa Eha\" style=\"border-width: 1px; border-style: solid; margin: 10px auto; display: block;\" alt=\"\" src=\"data:image\/gif;base64,R0lGODlhAQABAAAAACH5BAEKAAEALAAAAAABAAEAAAICTAEAOw==\" data-orig-src=\"https:\/\/lh4.googleusercontent.com\/--uBwnjeEpkM\/VIrgwZbCGcI\/AAAAAAAAHIY\/d4PaxZhZxVg\/w400-h300-no\/8.jpg\" \/><\/span><\/span><\/span><\/p>\n<\/td>\n<td>\n<p style=\"text-align: justify;\"><span style=\"color: #000000;\"><span style=\"font-family: tahoma,geneva,sans-serif;\"><span style=\"font-size: 12px;\">&nbsp;&nbsp;&nbsp;&nbsp;\u201cNuk kam fjal\u00eb t\u00eb shpreh ndjenjat q\u00eb p\u00ebrjetova \u2013 thot\u00eb Marigela. Sot ika nga m\u00ebsimi dhe vendosa t\u00eb vij me ju. Jam shum\u00eb e prekur, por edhe e g\u00ebzuar q\u00eb edhe un\u00eb munda t\u00eb ofroj pak dashuri dhe g\u00ebzim tek k\u00ebta f\u00ebmij\u00eb kaq t\u00eb mrekulluesh\u00ebm. Edhe ata jan\u00eb bijt\u00eb e t\u00eb Lartit si t\u00eb gjith\u00eb ne\u201d.<\/span><\/span><\/span><\/p>\n<\/td>\n<\/tr>\n<tr>\n<td>\n<p style=\"text-align: justify;\"><span style=\"color: #b22222;\"><span style=\"font-family: tahoma,geneva,sans-serif;\"><span style=\"font-size: 12px;\"><strong>&nbsp;&nbsp;&nbsp;&nbsp; Meditim Krishtlindjesh<\/strong><\/span><\/span><\/span><\/p>\n<p style=\"text-align: justify;\"><span style=\"color: #000000;\"><span style=\"font-family: tahoma,geneva,sans-serif;\"><span style=\"font-size: 12px;\">&nbsp;&nbsp;&nbsp; T\u00eb mart\u00ebn me 18 Dhjetor 2007 n\u00eb Qendr\u00ebn Studentore t\u00eb Kish\u00ebs Orthodhokse u zhvillua takimi festiv me rastin e Krishtlindjes, n\u00eb t\u00eb cilin merrnin pjes\u00eb rreth 100 student\u00eb. Salla e zbukuruar me pem\u00ebn e Krishtlindjes n\u00eb t\u00eb cil\u00ebn ishin vendosur emrat e t\u00eb gjith\u00eb student\u00ebve q\u00eb marrin pjes\u00eb n\u00eb aktivitetet studentore, grazhdi q\u00eb tregonte se mbreti i bot\u00ebs l\u00eb qiellin dhe lindet n\u00eb nj\u00eb vend kafsh\u00ebsh, qirinjt\u00eb e ndezur, fjongot zbukuruese, etj t\u00eb futnin n\u00eb nj\u00eb tjet\u00ebr atmosfer\u00eb.<\/span><\/span><\/span><\/p>\n<\/td>\n<td>\n<p><span style=\"color: #000000;\"><span style=\"font-family: tahoma,geneva,sans-serif;\"><span style=\"font-size: 12px;\"><img decoding=\"async\" class=\"lazyload HAa Eha\" style=\"border-width: 1px; border-style: solid; margin: 10px auto; display: block;\" alt=\"\" src=\"data:image\/gif;base64,R0lGODlhAQABAAAAACH5BAEKAAEALAAAAAABAAEAAAICTAEAOw==\" data-orig-src=\"https:\/\/lh6.googleusercontent.com\/-MncCC6pqb1Y\/VIrgwmKlsyI\/AAAAAAAAHIg\/QIsa05HJIpM\/w400-h300-no\/9.jpg\" \/><\/span><\/span><\/span><\/p>\n<\/td>\n<\/tr>\n<tr>\n<td colspan=\"2\">\n<p style=\"text-align: justify;\"> <span style=\"color: #000000;\"><span style=\"font-family: tahoma,geneva,sans-serif;\"><span style=\"font-size: 12px;\">&nbsp;&nbsp;&nbsp; Episkop Nikolla mbajti referatin me tem\u00eb: \u201cE gjith\u00eb zemra jon\u00eb, grazhd p\u00ebr Krishtin foshnje\u201d. Ai q\u00eb zbret nga qielli nuk k\u00ebrkon q\u00eb ta duam n\u00eb disa momente, apo kur t\u00eb kemi nevoj\u00eb, theksoi Hir\u00ebsia, Ai k\u00ebrkon ta duam me gjith\u00eb mendjen, zemr\u00ebn dhe qenien ton\u00eb. Referati i Hir\u00ebsis\u00eb i nxiti edhe m\u00eb shum\u00eb student\u00ebt t\u00eb mendojm\u00eb p\u00ebr jet\u00ebn dhe q\u00ebllimin e saj, dhe p\u00ebr m\u00eb tep\u00ebr vendin q\u00eb ka Zoti n\u00eb jet\u00ebn e secilit prej nesh. N\u00eb qet\u00ebsi t\u00eb plot\u00eb t\u00eb gjith\u00eb pjes\u00ebmarr\u00ebsit mor\u00ebn nga nj\u00eb kartolin\u00eb ku shkruan se si do t\u00eb rritej lidhja e tyre me Per\u00ebndin\u00eb dhe \u00e7far\u00eb veprash konkrete dashurie do t\u00eb b\u00ebnin n\u00eb lidhje me t\u00eb af\u00ebrmin e tyre.<\/span><\/span><\/span><\/p>\n<p style=\"text-align: justify;\"><span style=\"color: #000000;\"><span style=\"font-family: tahoma,geneva,sans-serif;\"><span style=\"font-size: 12px;\">&nbsp;&nbsp;&nbsp; Pas k\u00ebsaj t\u00eb gjith\u00eb s\u00eb bashku k\u00ebndonim rreth grazhdit k\u00ebng\u00eb p\u00ebr lindjen e Krishtit, derisa nj\u00eb nga student\u00ebt i veshur si Sh\u00ebn Nikolla hyn me shum\u00eb g\u00ebzim n\u00eb sall\u00eb dhe u uron t\u00eb gjith\u00ebve g\u00ebzuar Krishtlindjen dhe Vitin e Ri q\u00eb po vjen. Ai u ndau t\u00eb gjith\u00ebve dhurata. Duke k\u00ebnduar s\u00eb bashku \u201cG\u00ebzuar Krishtlindjet dhe Vitin e Ri\u201d,&nbsp; dol\u00ebm jasht\u00eb dhe me shp\u00ebrthimet e fishekzjarreve i uruam t\u00eb gjith\u00ebve edhe nj\u00eb her\u00eb \u201cg\u00ebzuar\u201d. \u00c7do student mbante n\u00eb dor\u00eb nj\u00eb fishekzjarr t\u00eb vog\u00ebl dhe t\u00ebr\u00eb grumbulli i student\u00ebve dukej si nj\u00eb cop\u00eb qielli me yje q\u00eb k\u00ebndonin g\u00ebzuesh\u00ebm p\u00ebr lindjen e Shp\u00ebtimtarit. T\u00eb gjith\u00eb student\u00ebt u larguan nga Qendra duke medituar p\u00ebr lindjen Shp\u00ebtimtare t\u00eb Zotit ton\u00eb dhe p\u00ebrgjegj\u00ebsit\u00eb q\u00eb kemi p\u00ebr jet\u00ebn ton\u00eb k\u00ebtu n\u00eb tok\u00eb. Lavdi Per\u00ebndis\u00eb q\u00eb na denj\u00ebson t\u00eb kremtojm\u00eb s\u00eb bashku veprat e m\u00ebdha q\u00eb Ai b\u00ebri p\u00ebr shp\u00ebtimin ton\u00eb.<\/span><\/span><\/span><\/p>\n<p style=\"text-align: justify;\"><span style=\"color: #b22222;\"><span style=\"font-family: tahoma,geneva,sans-serif;\"><span style=\"font-size: 12px;\"><strong>&nbsp;&nbsp;&nbsp; T\u00eb rritemi s\u00eb bashku n\u00eb nj\u00eb komunitet dashurie me n\u00eb qend\u00ebr Krishtin<\/strong><\/span><\/span><\/span><\/p>\n<p style=\"text-align: justify;\"><span style=\"color: #000000;\"><span style=\"font-family: tahoma,geneva,sans-serif;\"><span style=\"font-size: 12px;\">&nbsp;&nbsp; Para s\u00eb t\u00eb largoheshin n\u00eb familjet e tyre p\u00ebr pushimet e fundvitit, student\u00ebt zhvilluan nj\u00eb lutje t\u00eb p\u00ebrbashk\u00ebt. \u201cMund t\u00eb iknim q\u00eb n\u00eb m\u00ebngjes n\u00eb sht\u00ebpi, than\u00eb disa prej student\u00ebve, por nuk donim t\u00eb humbnim takimin e sot\u00ebm.&nbsp; \u00cbsht\u00eb bekim i ve\u00e7ant\u00eb p\u00ebr ne q\u00eb Kisha na ofron mund\u00ebsi t\u00eb tilla, prandaj p\u00ebrpiqemi t\u00eb mos i humbim\u201d. N\u00ebn flak\u00ebt e qiririt student\u00ebt lexuan lutje t\u00eb ndryshme dhe k\u00ebnduan s\u00eb bashku k\u00ebng\u00eb t\u00eb krishtera dhe k\u00ebng\u00eb Krishtlindjesh.<\/span><\/span><\/span><\/p>\n<p style=\"text-align: justify;\">&nbsp;<\/p>\n<p style=\"text-align: justify;\"><span style=\"color: #b22222;\"><span style=\"font-family: tahoma,geneva,sans-serif;\"><span style=\"font-size: 12px;\"><strong>O Zoti im\u2026<\/strong><\/span><\/span><\/span><\/p>\n<p style=\"text-align: justify;\"><span style=\"color: #000000;\"><span style=\"font-family: tahoma,geneva,sans-serif;\"><span style=\"font-size: 12px;\">O Zoti im, besoj tek Ty, forcom\u00eb besimin,<\/span><\/span><\/span><\/p>\n<p style=\"text-align: justify;\"><span style=\"color: #000000;\"><span style=\"font-family: tahoma,geneva,sans-serif;\"><span style=\"font-size: 12px;\">shpresoj tek Ty, siguroma shpres\u00ebn,<\/span><\/span><\/span><\/p>\n<p style=\"text-align: justify;\"><span style=\"color: #000000;\"><span style=\"font-family: tahoma,geneva,sans-serif;\"><span style=\"font-size: 12px;\">t\u00eb dua, dyfishoma dashurin\u00eb,<\/span><\/span><\/span><\/p>\n<p style=\"text-align: justify;\"><span style=\"color: #000000;\"><span style=\"font-family: tahoma,geneva,sans-serif;\"><span style=\"font-size: 12px;\">pendohem q\u00eb kam gabuar, shtoma pendimin,<\/span><\/span><\/span><\/p>\n<p style=\"text-align: justify;\"><span style=\"color: #000000;\"><span style=\"font-family: tahoma,geneva,sans-serif;\"><span style=\"font-size: 12px;\">t\u00eb adhuroj si parimin tim t\u00eb par\u00eb,<\/span><\/span><\/span><\/p>\n<p style=\"text-align: justify;\"><span style=\"color: #000000;\"><span style=\"font-family: tahoma,geneva,sans-serif;\"><span style=\"font-size: 12px;\">t\u00eb d\u00ebshiroj si q\u00ebllimin tim t\u00eb fundit,<\/span><\/span><\/span><\/p>\n<p style=\"text-align: justify;\"><span style=\"color: #000000;\"><span style=\"font-family: tahoma,geneva,sans-serif;\"><span style=\"font-size: 12px;\">t\u00eb lavd\u00ebroj si mir\u00ebb\u00ebr\u00ebsin tim t\u00eb p\u00ebrhersh\u00ebm,<\/span><\/span><\/span><\/p>\n<p style=\"text-align: justify;\"><span style=\"color: #000000;\"><span style=\"font-family: tahoma,geneva,sans-serif;\"><span style=\"font-size: 12px;\">t\u00eb th\u00ebrras p\u00ebr ndihm\u00eb si mbrojt\u00ebsin tim Sovran,<\/span><\/span><\/span><\/p>\n<p style=\"text-align: justify;\"><span style=\"color: #000000;\"><span style=\"font-family: tahoma,geneva,sans-serif;\"><span style=\"font-size: 12px;\">drejtom\u00eb me men\u00e7urin\u00eb t\u00ebnde,<\/span><\/span><\/span><\/p>\n<p style=\"text-align: justify;\"><span style=\"color: #000000;\"><span style=\"font-family: tahoma,geneva,sans-serif;\"><span style=\"font-size: 12px;\">p\u00ebrmbam\u00eb me drejt\u00ebsin\u00eb t\u00ebnde,<\/span><\/span><\/span><\/p>\n<p style=\"text-align: justify;\"><span style=\"color: #000000;\"><span style=\"font-family: tahoma,geneva,sans-serif;\"><span style=\"font-size: 12px;\">ngush\u00ebllom\u00eb me zem\u00ebrgjer\u00ebsin\u00eb t\u00ebnde,<\/span><\/span><\/span><\/p>\n<p style=\"text-align: justify;\"><span style=\"color: #000000;\"><span style=\"font-family: tahoma,geneva,sans-serif;\"><span style=\"font-size: 12px;\">mbam\u00eb me fuqin\u00eb t\u00ebnde,<\/span><\/span><\/span><\/p>\n<p style=\"text-align: justify;\"><span style=\"color: #000000;\"><span style=\"font-family: tahoma,geneva,sans-serif;\"><span style=\"font-size: 12px;\">Zoti im, t\u00eb p\u00ebrkushtoj mendimet e mia,<\/span><\/span><\/span><\/p>\n<p style=\"text-align: justify;\"><span style=\"color: #000000;\"><span style=\"font-family: tahoma,geneva,sans-serif;\"><span style=\"font-size: 12px;\">fjal\u00ebt e mia, veprimet e mia, vuajtjet e mia.<\/span><\/span><\/span><\/p>\n<p style=\"text-align: justify;\"><span style=\"color: #000000;\"><span style=\"font-family: tahoma,geneva,sans-serif;\"><span style=\"font-size: 12px;\">Q\u00eb tani e tutje do t\u00eb mendoj p\u00ebr ty, do t\u00eb flas p\u00ebr ty,<\/span><\/span><\/span><\/p>\n<p style=\"text-align: justify;\"><span style=\"color: #000000;\"><span style=\"font-family: tahoma,geneva,sans-serif;\"><span style=\"font-size: 12px;\">do t\u00eb veproj si\u00e7 vepron ti, do t\u00eb vuaj p\u00ebr ty.<\/span><\/span><\/span><\/p>\n<p style=\"text-align: justify;\"><span style=\"color: #000000;\"><span style=\"font-family: tahoma,geneva,sans-serif;\"><span style=\"font-size: 12px;\">Dua at\u00eb q\u00eb do ti, sepse e do ti, si\u00e7 e do ti, aq sa e do ti.<\/span><\/span><\/span><\/p>\n<p style=\"text-align: justify;\"><span style=\"color: #000000;\"><span style=\"font-family: tahoma,geneva,sans-serif;\"><span style=\"font-size: 12px;\">T\u00eb lutem o Zot, falm\u00eb zgjuarsi.<\/span><\/span><\/span><\/p>\n<p style=\"text-align: justify;\"><span style=\"color: #000000;\"><span style=\"font-family: tahoma,geneva,sans-serif;\"><span style=\"font-size: 12px;\">Udh\u00ebhiqm\u00eb&nbsp; vullnetin,<\/span><\/span><\/span><\/p>\n<p style=\"text-align: justify;\"><span style=\"color: #000000;\"><span style=\"font-family: tahoma,geneva,sans-serif;\"><span style=\"font-size: 12px;\">pastroma trupin,<\/span><\/span><\/span><\/p>\n<p style=\"text-align: justify;\"><span style=\"color: #000000;\"><span style=\"font-family: tahoma,geneva,sans-serif;\"><span style=\"font-size: 12px;\">shenjt\u00ebroma shpirtin,<\/span><\/span><\/span><\/p>\n<p style=\"text-align: justify;\"><span style=\"color: #000000;\"><span style=\"font-family: tahoma,geneva,sans-serif;\"><span style=\"font-size: 12px;\">ndihmom\u00eb, o Zot, t\u00eb pendohem p\u00ebr gabimet e shkuara,<\/span><\/span><\/span><\/p>\n<p style=\"text-align: justify;\"><span style=\"color: #000000;\"><span style=\"font-family: tahoma,geneva,sans-serif;\"><span style=\"font-size: 12px;\">t\u00eb zot\u00ebroj tundimet e ardhme,<\/span><\/span><\/span><\/p>\n<p style=\"text-align: justify;\"><span style=\"color: #000000;\"><span style=\"font-family: tahoma,geneva,sans-serif;\"><span style=\"font-size: 12px;\">t\u00eb korrigjoj ngasjet e mia t\u00eb ndyra,<\/span><\/span><\/span><\/p>\n<p style=\"text-align: justify;\"><span style=\"color: #000000;\"><span style=\"font-family: tahoma,geneva,sans-serif;\"><span style=\"font-size: 12px;\">t\u00eb praktikoj virtytet e natyr\u00ebs sime.<\/span><\/span><\/span><\/p>\n<p style=\"text-align: justify;\"><span style=\"color: #000000;\"><span style=\"font-family: tahoma,geneva,sans-serif;\"><span style=\"font-size: 12px;\">M\u00eb mbush zemr\u00ebn me dashurin\u00eb p\u00ebr mir\u00ebsin\u00eb t\u00ebnde,<\/span><\/span><\/span><\/p>\n<p style=\"text-align: justify;\"><span style=\"color: #000000;\"><span style=\"font-family: tahoma,geneva,sans-serif;\"><span style=\"font-size: 12px;\">me zellin p\u00ebr t\u00eb af\u00ebrmin tim,<\/span><\/span><\/span><\/p>\n<p style=\"text-align: justify;\"><span style=\"color: #000000;\"><span style=\"font-family: tahoma,geneva,sans-serif;\"><span style=\"font-size: 12px;\">me neverin\u00eb p\u00ebr bot\u00ebn sekulare,<\/span><\/span><\/span><\/p>\n<p style=\"text-align: justify;\"><span style=\"color: #000000;\"><span style=\"font-family: tahoma,geneva,sans-serif;\"><span style=\"font-size: 12px;\">pa\u00e7a n\u00eb zem\u00ebr bindjen ndaj epror\u00ebve,<\/span><\/span><\/span><\/p>\n<p style=\"text-align: justify;\"><span style=\"color: #000000;\"><span style=\"font-family: tahoma,geneva,sans-serif;\"><span style=\"font-size: 12px;\">vler\u00ebsimin p\u00ebr miqt\u00eb, faljen p\u00ebr armiqt\u00eb,<\/span><\/span><\/span><\/p>\n<p style=\"text-align: justify;\"><span style=\"color: #000000;\"><span style=\"font-family: tahoma,geneva,sans-serif;\"><span style=\"font-size: 12px;\">t\u00eb sundoj sensualitetin dhe vet\u00ebposht\u00ebrimin,<\/span><\/span><\/span><\/p>\n<p style=\"text-align: justify;\"><span style=\"color: #000000;\"><span style=\"font-family: tahoma,geneva,sans-serif;\"><span style=\"font-size: 12px;\">koprracin\u00eb ta kthej n\u00eb l\u00ebmosh\u00eb,<\/span><\/span><\/span><\/p>\n<p style=\"text-align: justify;\"><span style=\"color: #000000;\"><span style=\"font-family: tahoma,geneva,sans-serif;\"><span style=\"font-size: 12px;\">zem\u00ebrimin n\u00eb \u00ebmb\u00eblsi,<\/span><\/span><\/span><\/p>\n<p style=\"text-align: justify;\"><span style=\"color: #000000;\"><span style=\"font-family: tahoma,geneva,sans-serif;\"><span style=\"font-size: 12px;\">p\u00ebrtacin\u00eb n\u00eb vet\u00ebmohim,<\/span><\/span><\/span><\/p>\n<p style=\"text-align: justify;\"><span style=\"color: #000000;\"><span style=\"font-family: tahoma,geneva,sans-serif;\"><span style=\"font-size: 12px;\">b\u00ebm\u00eb t\u00eb jem i matur n\u00eb k\u00ebshilla,<\/span><\/span><\/span><\/p>\n<p style=\"text-align: justify;\"><span style=\"color: #000000;\"><span style=\"font-family: tahoma,geneva,sans-serif;\"><span style=\"font-size: 12px;\">i q\u00ebndruesh\u00ebm n\u00eb rreziqe,<\/span><\/span><\/span><\/p>\n<p style=\"text-align: justify;\"><span style=\"color: #000000;\"><span style=\"font-family: tahoma,geneva,sans-serif;\"><span style=\"font-size: 12px;\">i duruesh\u00ebm n\u00eb prova,<\/span><\/span><\/span><\/p>\n<p style=\"text-align: justify;\"><span style=\"color: #000000;\"><span style=\"font-family: tahoma,geneva,sans-serif;\"><span style=\"font-size: 12px;\">i thjesht\u00eb n\u00eb suksese,<\/span><\/span><\/span><\/p>\n<p style=\"text-align: justify;\"><span style=\"color: #000000;\"><span style=\"font-family: tahoma,geneva,sans-serif;\"><span style=\"font-size: 12px;\">b\u00ebj o Zot q\u00eb t\u00eb jem i v\u00ebmendsh\u00ebm n\u00eb lutje,<\/span><\/span><\/span><\/p>\n<p style=\"text-align: justify;\"><span style=\"color: #000000;\"><span style=\"font-family: tahoma,geneva,sans-serif;\"><span style=\"font-size: 12px;\">i p\u00ebrmbajtur n\u00eb t\u00eb ngr\u00ebn\u00eb,<\/span><\/span><\/span><\/p>\n<p style=\"text-align: justify;\"><span style=\"color: #000000;\"><span style=\"font-family: tahoma,geneva,sans-serif;\"><span style=\"font-size: 12px;\">i zellsh\u00ebm n\u00eb pun\u00ebn time,<\/span><\/span><\/span><\/p>\n<p style=\"text-align: justify;\"><span style=\"color: #000000;\"><span style=\"font-family: tahoma,geneva,sans-serif;\"><span style=\"font-size: 12px;\">i q\u00ebndruesh\u00ebm n\u00eb vendimet e mia,<\/span><\/span><\/span><\/p>\n<p style=\"text-align: justify;\"><span style=\"color: #000000;\"><span style=\"font-family: tahoma,geneva,sans-serif;\"><span style=\"font-size: 12px;\">t\u00eb kem kujdes q\u00eb t\u00eb kem zem\u00ebr t\u00eb past\u00ebr,<\/span><\/span><\/span><\/p>\n<p style=\"text-align: justify;\"><span style=\"color: #000000;\"><span style=\"font-family: tahoma,geneva,sans-serif;\"><span style=\"font-size: 12px;\">veshje t\u00eb thjesht\u00eb,<\/span><\/span><\/span><\/p>\n<p style=\"text-align: justify;\"><span style=\"color: #000000;\"><span style=\"font-family: tahoma,geneva,sans-serif;\"><span style=\"font-size: 12px;\">bised\u00eb nd\u00ebrtuese,<\/span><\/span><\/span><\/p>\n<p style=\"text-align: justify;\"><span style=\"color: #000000;\"><span style=\"font-family: tahoma,geneva,sans-serif;\"><span style=\"font-size: 12px;\">sjellje t\u00eb rregullt,<\/span><\/span><\/span><\/p>\n<p style=\"text-align: justify;\"><span style=\"color: #000000;\"><span style=\"font-family: tahoma,geneva,sans-serif;\"><span style=\"font-size: 12px;\">t\u00eb kem syt\u00eb hapur p\u00ebr t\u00eb sunduar natyr\u00ebn,<\/span><\/span><\/span><\/p>\n<p style=\"text-align: justify;\"><span style=\"color: #000000;\"><span style=\"font-family: tahoma,geneva,sans-serif;\"><span style=\"font-size: 12px;\">p\u00ebr t\u00eb pasur hirin,<\/span><\/span><\/span><\/p>\n<p style=\"text-align: justify;\"><span style=\"color: #000000;\"><span style=\"font-family: tahoma,geneva,sans-serif;\"><span style=\"font-size: 12px;\">p\u00ebr t\u00eb zbatuar ligjin t\u00ebnd dhe p\u00ebr t\u00eb punuar p\u00ebr shp\u00ebtimin,<\/span><\/span><\/span><\/p>\n<p style=\"text-align: justify;\"><span style=\"color: #000000;\"><span style=\"font-family: tahoma,geneva,sans-serif;\"><span style=\"font-size: 12px;\">t\u00eb m\u00ebsoj nga ty, o Zoti im,<\/span><\/span><\/span><\/p>\n<p style=\"text-align: justify;\"><span style=\"color: #000000;\"><span style=\"font-family: tahoma,geneva,sans-serif;\"><span style=\"font-size: 12px;\">sa e vog\u00ebl \u00ebsht\u00eb \u00e7do gj\u00eb tok\u00ebsore dhe sa e madhe \u00ebsht\u00eb \u00e7do gj\u00eb qiellore,<\/span><\/span><\/span><\/p>\n<p style=\"text-align: justify;\"><span style=\"color: #000000;\"><span style=\"font-family: tahoma,geneva,sans-serif;\"><span style=\"font-size: 12px;\">sa t\u00eb shkurtra jan\u00eb gj\u00ebrat e tok\u00ebs, sa t\u00eb pavdekshme jan\u00eb ato t\u00eb p\u00ebrjet\u00ebsis\u00eb.<\/span><\/span><\/span><\/p>\n<p style=\"text-align: justify;\"><span style=\"color: #000000;\"><span style=\"font-family: tahoma,geneva,sans-serif;\"><span style=\"font-size: 12px;\">M\u00eb p\u00ebrgatit t\u00eb jem gati p\u00ebr vdekjen,<\/span><\/span><\/span><\/p>\n<p style=\"text-align: justify;\"><span style=\"color: #000000;\"><span style=\"font-family: tahoma,geneva,sans-serif;\"><span style=\"font-size: 12px;\">q\u00eb t\u00eb kem frik\u00eb gjykimin t\u00ebnd,<\/span><\/span><\/span><\/p>\n<p style=\"text-align: justify;\"><span style=\"color: #000000;\"><span style=\"font-family: tahoma,geneva,sans-serif;\"><span style=\"font-size: 12px;\">q\u00eb t\u00eb shp\u00ebtoj nga ferri,<\/span><\/span><\/span><\/p>\n<p style=\"text-align: justify;\"><span style=\"color: #000000;\"><span style=\"font-family: tahoma,geneva,sans-serif;\"><span style=\"font-size: 12px;\">q\u00eb t\u00eb fitoj parajs\u00ebn. Amin<\/span><\/span><\/span><\/p>\n<p style=\"text-align: justify;\">&nbsp;<\/p>\n<p style=\"text-align: justify;\"><span style=\"color: #000000;\"><span style=\"font-family: tahoma,geneva,sans-serif;\"><span style=\"font-size: 12px;\">&nbsp;&nbsp;&nbsp; S\u00eb bashku n\u00eb lutje dhe n\u00eb udh\u00ebtim drejt qiellit shijuam arom\u00ebn e parajs\u00ebs. Lutuni edhe ju p\u00ebr ne.<\/span><\/span><\/span><\/p>\n<p style=\"text-align: justify;\">&nbsp;<\/p>\n<p style=\"text-align: justify;\">&nbsp;<\/p>\n<p style=\"text-align: right;\"><span style=\"color: #000000;\"><span style=\"font-family: tahoma,geneva,sans-serif;\"><span style=\"font-size: 12px;\"><strong>&nbsp;&nbsp;&nbsp;&nbsp; P\u00ebrgatit\u00ebn: Ana Baba, Elena Krakulli<\/strong><\/span><\/span><\/span><\/p>\n<p style=\"text-align: justify;\">&nbsp;<\/p>\n<\/td>\n<\/tr>\n<\/tbody>\n<\/table>\n","protected":false},"excerpt":{"rendered":"<p>&nbsp;&nbsp;&nbsp; N\u00eb kuadrin e aktiviteteve p\u00ebrmbyll\u00ebse p\u00ebr vitin 2007, n\u00eb prag t\u00eb fest\u00ebs s\u00eb Krishtlindjeve dhe Vitit t\u00eb Ri 2008, Qendra Studentore e Kish\u00ebs Orthodhokse organizoi aktivitete t\u00eb larmishme me student\u00ebt orthodhoks\u00eb, t\u00eb cil\u00ebt vijn\u00eb nga qytete t\u00eb ndryshme t\u00eb vendit dhe ndjekin studimet n\u00eb Universitetin e Tiran\u00ebs. &nbsp;&nbsp;&nbsp; Nj\u00eb prej veprimtarive ishte vizita tek njer\u00ebzit n\u00eb nevoj\u00eb. K\u00ebt\u00eb her\u00eb vizita u krye tek f\u00ebmij\u00ebt<\/p>\n","protected":false},"author":1,"featured_media":0,"comment_status":"open","ping_status":"open","sticky":false,"template":"","format":"standard","meta":{"_acf_changed":false,"pagelayer_contact_templates":[],"_pagelayer_content":"","inline_featured_image":false,"fifu_image_url":"","fifu_image_alt":"","footnotes":""},"categories":[108],"tags":[146,154,192,196,212,176],"class_list":["post-1231","post","type-post","status-publish","format-standard","hentry","category-lajme","tag-146","tag-aktivitete","tag-krishtlindje","tag-tirane","tag-lajme-d27","tag-rinia-orthodhokse"],"acf":[],"yoast_head":"<!-- This site is optimized with the Yoast SEO plugin v27.2 - https:\/\/yoast.com\/product\/yoast-seo-wordpress\/ -->\n<title>Student\u00ebt orthodhoks\u00eb, s\u00eb bashku n\u00eb aktivitetet e fundvitit. (Dhjetor 2008) - Kisha Orthodh\u03bfkse Autoqefale e Shqip\u00ebris\u00eb<\/title>\n<meta name=\"robots\" content=\"index, follow, max-snippet:-1, max-image-preview:large, max-video-preview:-1\" \/>\n<link rel=\"canonical\" href=\"https:\/\/orthodoxalbania.org\/2020\/2008\/02\/26\/123-mjk\/\" \/>\n<meta property=\"og:locale\" content=\"en_US\" \/>\n<meta property=\"og:type\" content=\"article\" \/>\n<meta property=\"og:title\" content=\"Student\u00ebt orthodhoks\u00eb, s\u00eb bashku n\u00eb aktivitetet e fundvitit. (Dhjetor 2008) - Kisha Orthodh\u03bfkse Autoqefale e Shqip\u00ebris\u00eb\" \/>\n<meta property=\"og:description\" content=\"&nbsp;&nbsp;&nbsp; N\u00eb kuadrin e aktiviteteve p\u00ebrmbyll\u00ebse p\u00ebr vitin 2007, n\u00eb prag t\u00eb fest\u00ebs s\u00eb Krishtlindjeve dhe Vitit t\u00eb Ri 2008, Qendra Studentore e Kish\u00ebs Orthodhokse organizoi aktivitete t\u00eb larmishme me student\u00ebt orthodhoks\u00eb, t\u00eb cil\u00ebt vijn\u00eb nga qytete t\u00eb ndryshme t\u00eb vendit dhe ndjekin studimet n\u00eb Universitetin e Tiran\u00ebs. &nbsp;&nbsp;&nbsp; Nj\u00eb prej veprimtarive ishte vizita tek njer\u00ebzit n\u00eb nevoj\u00eb. K\u00ebt\u00eb her\u00eb vizita u krye tek f\u00ebmij\u00ebt\" \/>\n<meta property=\"og:url\" content=\"https:\/\/orthodoxalbania.org\/2020\/2008\/02\/26\/123-mjk\/\" \/>\n<meta property=\"og:site_name\" content=\"Kisha Orthodh\u03bfkse Autoqefale e Shqip\u00ebris\u00eb\" \/>\n<meta property=\"article:publisher\" content=\"https:\/\/www.facebook.com\/koash1991\" \/>\n<meta property=\"article:published_time\" content=\"2008-02-26T00:00:00+00:00\" \/>\n<meta property=\"article:modified_time\" content=\"2020-04-06T20:35:27+00:00\" \/>\n<meta property=\"og:image\" content=\"https:\/\/lh4.googleusercontent.com\/m_clczXHqSOJm7BlRlSB52yfURlk3C4aiOB-TWwvUIU=w300-h400-no\" \/>\n<meta name=\"author\" content=\"Kisha Orthodhokse\" \/>\n<meta name=\"twitter:card\" content=\"summary_large_image\" \/>\n<meta name=\"twitter:label1\" content=\"Written by\" \/>\n\t<meta name=\"twitter:data1\" content=\"Kisha Orthodhokse\" \/>\n\t<meta name=\"twitter:label2\" content=\"Est. reading time\" \/>\n\t<meta name=\"twitter:data2\" content=\"8 minutes\" \/>\n<script type=\"application\/ld+json\" class=\"yoast-schema-graph\">{\"@context\":\"https:\/\/schema.org\",\"@graph\":[{\"@type\":\"Article\",\"@id\":\"https:\/\/orthodoxalbania.org\/2020\/2008\/02\/26\/123-mjk\/#article\",\"isPartOf\":{\"@id\":\"https:\/\/orthodoxalbania.org\/2020\/2008\/02\/26\/123-mjk\/\"},\"author\":{\"name\":\"Kisha Orthodhokse\",\"@id\":\"https:\/\/orthodoxalbania.org\/2020\/#\/schema\/person\/0c387634a7063ac612d7ed9ce71c7e86\"},\"headline\":\"Student\u00ebt orthodhoks\u00eb, s\u00eb bashku n\u00eb aktivitetet e fundvitit. (Dhjetor 2008)\",\"datePublished\":\"2008-02-26T00:00:00+00:00\",\"dateModified\":\"2020-04-06T20:35:27+00:00\",\"mainEntityOfPage\":{\"@id\":\"https:\/\/orthodoxalbania.org\/2020\/2008\/02\/26\/123-mjk\/\"},\"wordCount\":1598,\"commentCount\":0,\"publisher\":{\"@id\":\"https:\/\/orthodoxalbania.org\/2020\/#organization\"},\"image\":{\"@id\":\"https:\/\/orthodoxalbania.org\/2020\/2008\/02\/26\/123-mjk\/#primaryimage\"},\"thumbnailUrl\":\"https:\/\/lh4.googleusercontent.com\/m_clczXHqSOJm7BlRlSB52yfURlk3C4aiOB-TWwvUIU=w300-h400-no\",\"keywords\":[\"2008\",\"Aktivitete\",\"Krishtlindje\",\"Kryepiskopata Tiran\u00eb\",\"lajme\",\"Rinia Orthodhokse\"],\"articleSection\":[\"Lajme\"],\"inLanguage\":\"en-US\"},{\"@type\":\"WebPage\",\"@id\":\"https:\/\/orthodoxalbania.org\/2020\/2008\/02\/26\/123-mjk\/\",\"url\":\"https:\/\/orthodoxalbania.org\/2020\/2008\/02\/26\/123-mjk\/\",\"name\":\"Student\u00ebt orthodhoks\u00eb, s\u00eb bashku n\u00eb aktivitetet e fundvitit. (Dhjetor 2008) - Kisha Orthodh\u03bfkse Autoqefale e Shqip\u00ebris\u00eb\",\"isPartOf\":{\"@id\":\"https:\/\/orthodoxalbania.org\/2020\/#website\"},\"primaryImageOfPage\":{\"@id\":\"https:\/\/orthodoxalbania.org\/2020\/2008\/02\/26\/123-mjk\/#primaryimage\"},\"image\":{\"@id\":\"https:\/\/orthodoxalbania.org\/2020\/2008\/02\/26\/123-mjk\/#primaryimage\"},\"thumbnailUrl\":\"https:\/\/lh4.googleusercontent.com\/m_clczXHqSOJm7BlRlSB52yfURlk3C4aiOB-TWwvUIU=w300-h400-no\",\"datePublished\":\"2008-02-26T00:00:00+00:00\",\"dateModified\":\"2020-04-06T20:35:27+00:00\",\"breadcrumb\":{\"@id\":\"https:\/\/orthodoxalbania.org\/2020\/2008\/02\/26\/123-mjk\/#breadcrumb\"},\"inLanguage\":\"en-US\",\"potentialAction\":[{\"@type\":\"ReadAction\",\"target\":[\"https:\/\/orthodoxalbania.org\/2020\/2008\/02\/26\/123-mjk\/\"]}]},{\"@type\":\"ImageObject\",\"inLanguage\":\"en-US\",\"@id\":\"https:\/\/orthodoxalbania.org\/2020\/2008\/02\/26\/123-mjk\/#primaryimage\",\"url\":\"https:\/\/lh4.googleusercontent.com\/m_clczXHqSOJm7BlRlSB52yfURlk3C4aiOB-TWwvUIU=w300-h400-no\",\"contentUrl\":\"https:\/\/lh4.googleusercontent.com\/m_clczXHqSOJm7BlRlSB52yfURlk3C4aiOB-TWwvUIU=w300-h400-no\"},{\"@type\":\"BreadcrumbList\",\"@id\":\"https:\/\/orthodoxalbania.org\/2020\/2008\/02\/26\/123-mjk\/#breadcrumb\",\"itemListElement\":[{\"@type\":\"ListItem\",\"position\":1,\"name\":\"Home\",\"item\":\"https:\/\/orthodoxalbania.org\/2020\/\"},{\"@type\":\"ListItem\",\"position\":2,\"name\":\"Student\u00ebt orthodhoks\u00eb, s\u00eb bashku n\u00eb aktivitetet e fundvitit. (Dhjetor 2008)\"}]},{\"@type\":\"WebSite\",\"@id\":\"https:\/\/orthodoxalbania.org\/2020\/#website\",\"url\":\"https:\/\/orthodoxalbania.org\/2020\/\",\"name\":\"Kisha Orthodh\u03bfkse Autoqefale e Shqip\u00ebris\u00eb\",\"description\":\"Fqja Zyrtare e Kish\u00ebs Orthodhokse Autoqefale e Shqip\u00ebris\u00eb me lajmet edhe informacionet zyrtare p\u00ebr struktur\u00ebn edhe veprimtarin e saj.\",\"publisher\":{\"@id\":\"https:\/\/orthodoxalbania.org\/2020\/#organization\"},\"potentialAction\":[{\"@type\":\"SearchAction\",\"target\":{\"@type\":\"EntryPoint\",\"urlTemplate\":\"https:\/\/orthodoxalbania.org\/2020\/?s={search_term_string}\"},\"query-input\":{\"@type\":\"PropertyValueSpecification\",\"valueRequired\":true,\"valueName\":\"search_term_string\"}}],\"inLanguage\":\"en-US\"},{\"@type\":\"Organization\",\"@id\":\"https:\/\/orthodoxalbania.org\/2020\/#organization\",\"name\":\"Kisha Orthodhokse Autoqefale e Shqip\u00ebris\u00eb\",\"url\":\"https:\/\/orthodoxalbania.org\/2020\/\",\"logo\":{\"@type\":\"ImageObject\",\"inLanguage\":\"en-US\",\"@id\":\"https:\/\/orthodoxalbania.org\/2020\/#\/schema\/logo\/image\/\",\"url\":\"https:\/\/orthodoxalbania.org\/2020\/wp-content\/uploads\/2020\/05\/albania.jpeg\",\"contentUrl\":\"https:\/\/orthodoxalbania.org\/2020\/wp-content\/uploads\/2020\/05\/albania.jpeg\",\"width\":540,\"height\":540,\"caption\":\"Kisha Orthodhokse Autoqefale e Shqip\u00ebris\u00eb\"},\"image\":{\"@id\":\"https:\/\/orthodoxalbania.org\/2020\/#\/schema\/logo\/image\/\"},\"sameAs\":[\"https:\/\/www.facebook.com\/koash1991\"]},{\"@type\":\"Person\",\"@id\":\"https:\/\/orthodoxalbania.org\/2020\/#\/schema\/person\/0c387634a7063ac612d7ed9ce71c7e86\",\"name\":\"Kisha Orthodhokse\",\"image\":{\"@type\":\"ImageObject\",\"inLanguage\":\"en-US\",\"@id\":\"https:\/\/secure.gravatar.com\/avatar\/596e7c417251e30f2fbb9c00e026fce61a695a00e51c889caded71c96cbbdde5?s=96&d=mm&r=g\",\"url\":\"https:\/\/secure.gravatar.com\/avatar\/596e7c417251e30f2fbb9c00e026fce61a695a00e51c889caded71c96cbbdde5?s=96&d=mm&r=g\",\"contentUrl\":\"https:\/\/secure.gravatar.com\/avatar\/596e7c417251e30f2fbb9c00e026fce61a695a00e51c889caded71c96cbbdde5?s=96&d=mm&r=g\",\"caption\":\"Kisha Orthodhokse\"}}]}<\/script>\n<!-- \/ Yoast SEO plugin. -->","yoast_head_json":{"title":"Student\u00ebt orthodhoks\u00eb, s\u00eb bashku n\u00eb aktivitetet e fundvitit. (Dhjetor 2008) - Kisha Orthodh\u03bfkse Autoqefale e Shqip\u00ebris\u00eb","robots":{"index":"index","follow":"follow","max-snippet":"max-snippet:-1","max-image-preview":"max-image-preview:large","max-video-preview":"max-video-preview:-1"},"canonical":"https:\/\/orthodoxalbania.org\/2020\/2008\/02\/26\/123-mjk\/","og_locale":"en_US","og_type":"article","og_title":"Student\u00ebt orthodhoks\u00eb, s\u00eb bashku n\u00eb aktivitetet e fundvitit. (Dhjetor 2008) - Kisha Orthodh\u03bfkse Autoqefale e Shqip\u00ebris\u00eb","og_description":"&nbsp;&nbsp;&nbsp; N\u00eb kuadrin e aktiviteteve p\u00ebrmbyll\u00ebse p\u00ebr vitin 2007, n\u00eb prag t\u00eb fest\u00ebs s\u00eb Krishtlindjeve dhe Vitit t\u00eb Ri 2008, Qendra Studentore e Kish\u00ebs Orthodhokse organizoi aktivitete t\u00eb larmishme me student\u00ebt orthodhoks\u00eb, t\u00eb cil\u00ebt vijn\u00eb nga qytete t\u00eb ndryshme t\u00eb vendit dhe ndjekin studimet n\u00eb Universitetin e Tiran\u00ebs. &nbsp;&nbsp;&nbsp; Nj\u00eb prej veprimtarive ishte vizita tek njer\u00ebzit n\u00eb nevoj\u00eb. K\u00ebt\u00eb her\u00eb vizita u krye tek f\u00ebmij\u00ebt","og_url":"https:\/\/orthodoxalbania.org\/2020\/2008\/02\/26\/123-mjk\/","og_site_name":"Kisha Orthodh\u03bfkse Autoqefale e Shqip\u00ebris\u00eb","article_publisher":"https:\/\/www.facebook.com\/koash1991","article_published_time":"2008-02-26T00:00:00+00:00","article_modified_time":"2020-04-06T20:35:27+00:00","og_image":[{"url":"https:\/\/lh4.googleusercontent.com\/m_clczXHqSOJm7BlRlSB52yfURlk3C4aiOB-TWwvUIU=w300-h400-no","type":"","width":"","height":""}],"author":"Kisha Orthodhokse","twitter_card":"summary_large_image","twitter_misc":{"Written by":"Kisha Orthodhokse","Est. reading time":"8 minutes"},"schema":{"@context":"https:\/\/schema.org","@graph":[{"@type":"Article","@id":"https:\/\/orthodoxalbania.org\/2020\/2008\/02\/26\/123-mjk\/#article","isPartOf":{"@id":"https:\/\/orthodoxalbania.org\/2020\/2008\/02\/26\/123-mjk\/"},"author":{"name":"Kisha Orthodhokse","@id":"https:\/\/orthodoxalbania.org\/2020\/#\/schema\/person\/0c387634a7063ac612d7ed9ce71c7e86"},"headline":"Student\u00ebt orthodhoks\u00eb, s\u00eb bashku n\u00eb aktivitetet e fundvitit. (Dhjetor 2008)","datePublished":"2008-02-26T00:00:00+00:00","dateModified":"2020-04-06T20:35:27+00:00","mainEntityOfPage":{"@id":"https:\/\/orthodoxalbania.org\/2020\/2008\/02\/26\/123-mjk\/"},"wordCount":1598,"commentCount":0,"publisher":{"@id":"https:\/\/orthodoxalbania.org\/2020\/#organization"},"image":{"@id":"https:\/\/orthodoxalbania.org\/2020\/2008\/02\/26\/123-mjk\/#primaryimage"},"thumbnailUrl":"https:\/\/lh4.googleusercontent.com\/m_clczXHqSOJm7BlRlSB52yfURlk3C4aiOB-TWwvUIU=w300-h400-no","keywords":["2008","Aktivitete","Krishtlindje","Kryepiskopata Tiran\u00eb","lajme","Rinia Orthodhokse"],"articleSection":["Lajme"],"inLanguage":"en-US"},{"@type":"WebPage","@id":"https:\/\/orthodoxalbania.org\/2020\/2008\/02\/26\/123-mjk\/","url":"https:\/\/orthodoxalbania.org\/2020\/2008\/02\/26\/123-mjk\/","name":"Student\u00ebt orthodhoks\u00eb, s\u00eb bashku n\u00eb aktivitetet e fundvitit. (Dhjetor 2008) - Kisha Orthodh\u03bfkse Autoqefale e Shqip\u00ebris\u00eb","isPartOf":{"@id":"https:\/\/orthodoxalbania.org\/2020\/#website"},"primaryImageOfPage":{"@id":"https:\/\/orthodoxalbania.org\/2020\/2008\/02\/26\/123-mjk\/#primaryimage"},"image":{"@id":"https:\/\/orthodoxalbania.org\/2020\/2008\/02\/26\/123-mjk\/#primaryimage"},"thumbnailUrl":"https:\/\/lh4.googleusercontent.com\/m_clczXHqSOJm7BlRlSB52yfURlk3C4aiOB-TWwvUIU=w300-h400-no","datePublished":"2008-02-26T00:00:00+00:00","dateModified":"2020-04-06T20:35:27+00:00","breadcrumb":{"@id":"https:\/\/orthodoxalbania.org\/2020\/2008\/02\/26\/123-mjk\/#breadcrumb"},"inLanguage":"en-US","potentialAction":[{"@type":"ReadAction","target":["https:\/\/orthodoxalbania.org\/2020\/2008\/02\/26\/123-mjk\/"]}]},{"@type":"ImageObject","inLanguage":"en-US","@id":"https:\/\/orthodoxalbania.org\/2020\/2008\/02\/26\/123-mjk\/#primaryimage","url":"https:\/\/lh4.googleusercontent.com\/m_clczXHqSOJm7BlRlSB52yfURlk3C4aiOB-TWwvUIU=w300-h400-no","contentUrl":"https:\/\/lh4.googleusercontent.com\/m_clczXHqSOJm7BlRlSB52yfURlk3C4aiOB-TWwvUIU=w300-h400-no"},{"@type":"BreadcrumbList","@id":"https:\/\/orthodoxalbania.org\/2020\/2008\/02\/26\/123-mjk\/#breadcrumb","itemListElement":[{"@type":"ListItem","position":1,"name":"Home","item":"https:\/\/orthodoxalbania.org\/2020\/"},{"@type":"ListItem","position":2,"name":"Student\u00ebt orthodhoks\u00eb, s\u00eb bashku n\u00eb aktivitetet e fundvitit. (Dhjetor 2008)"}]},{"@type":"WebSite","@id":"https:\/\/orthodoxalbania.org\/2020\/#website","url":"https:\/\/orthodoxalbania.org\/2020\/","name":"Kisha Orthodh\u03bfkse Autoqefale e Shqip\u00ebris\u00eb","description":"Fqja Zyrtare e Kish\u00ebs Orthodhokse Autoqefale e Shqip\u00ebris\u00eb me lajmet edhe informacionet zyrtare p\u00ebr struktur\u00ebn edhe veprimtarin e saj.","publisher":{"@id":"https:\/\/orthodoxalbania.org\/2020\/#organization"},"potentialAction":[{"@type":"SearchAction","target":{"@type":"EntryPoint","urlTemplate":"https:\/\/orthodoxalbania.org\/2020\/?s={search_term_string}"},"query-input":{"@type":"PropertyValueSpecification","valueRequired":true,"valueName":"search_term_string"}}],"inLanguage":"en-US"},{"@type":"Organization","@id":"https:\/\/orthodoxalbania.org\/2020\/#organization","name":"Kisha Orthodhokse Autoqefale e Shqip\u00ebris\u00eb","url":"https:\/\/orthodoxalbania.org\/2020\/","logo":{"@type":"ImageObject","inLanguage":"en-US","@id":"https:\/\/orthodoxalbania.org\/2020\/#\/schema\/logo\/image\/","url":"https:\/\/orthodoxalbania.org\/2020\/wp-content\/uploads\/2020\/05\/albania.jpeg","contentUrl":"https:\/\/orthodoxalbania.org\/2020\/wp-content\/uploads\/2020\/05\/albania.jpeg","width":540,"height":540,"caption":"Kisha Orthodhokse Autoqefale e Shqip\u00ebris\u00eb"},"image":{"@id":"https:\/\/orthodoxalbania.org\/2020\/#\/schema\/logo\/image\/"},"sameAs":["https:\/\/www.facebook.com\/koash1991"]},{"@type":"Person","@id":"https:\/\/orthodoxalbania.org\/2020\/#\/schema\/person\/0c387634a7063ac612d7ed9ce71c7e86","name":"Kisha Orthodhokse","image":{"@type":"ImageObject","inLanguage":"en-US","@id":"https:\/\/secure.gravatar.com\/avatar\/596e7c417251e30f2fbb9c00e026fce61a695a00e51c889caded71c96cbbdde5?s=96&d=mm&r=g","url":"https:\/\/secure.gravatar.com\/avatar\/596e7c417251e30f2fbb9c00e026fce61a695a00e51c889caded71c96cbbdde5?s=96&d=mm&r=g","contentUrl":"https:\/\/secure.gravatar.com\/avatar\/596e7c417251e30f2fbb9c00e026fce61a695a00e51c889caded71c96cbbdde5?s=96&d=mm&r=g","caption":"Kisha Orthodhokse"}}]}},"_links":{"self":[{"href":"https:\/\/orthodoxalbania.org\/2020\/wp-json\/wp\/v2\/posts\/1231","targetHints":{"allow":["GET"]}}],"collection":[{"href":"https:\/\/orthodoxalbania.org\/2020\/wp-json\/wp\/v2\/posts"}],"about":[{"href":"https:\/\/orthodoxalbania.org\/2020\/wp-json\/wp\/v2\/types\/post"}],"author":[{"embeddable":true,"href":"https:\/\/orthodoxalbania.org\/2020\/wp-json\/wp\/v2\/users\/1"}],"replies":[{"embeddable":true,"href":"https:\/\/orthodoxalbania.org\/2020\/wp-json\/wp\/v2\/comments?post=1231"}],"version-history":[{"count":1,"href":"https:\/\/orthodoxalbania.org\/2020\/wp-json\/wp\/v2\/posts\/1231\/revisions"}],"predecessor-version":[{"id":15683,"href":"https:\/\/orthodoxalbania.org\/2020\/wp-json\/wp\/v2\/posts\/1231\/revisions\/15683"}],"wp:attachment":[{"href":"https:\/\/orthodoxalbania.org\/2020\/wp-json\/wp\/v2\/media?parent=1231"}],"wp:term":[{"taxonomy":"category","embeddable":true,"href":"https:\/\/orthodoxalbania.org\/2020\/wp-json\/wp\/v2\/categories?post=1231"},{"taxonomy":"post_tag","embeddable":true,"href":"https:\/\/orthodoxalbania.org\/2020\/wp-json\/wp\/v2\/tags?post=1231"}],"curies":[{"name":"wp","href":"https:\/\/api.w.org\/{rel}","templated":true}]}}