{"id":1228,"date":"2013-11-07T11:01:23","date_gmt":"2013-11-07T11:01:23","guid":{"rendered":""},"modified":"2020-04-06T22:05:29","modified_gmt":"2020-04-06T20:05:29","slug":"studentet-e-akademise-teologjike-drejtuan-kampet-verore-te-femijeve-ne-enorite-e-kryepiskopates-se-tiranes","status":"publish","type":"post","link":"https:\/\/orthodoxalbania.org\/2020\/2013\/11\/07\/studentet-e-akademise-teologjike-drejtuan-kampet-verore-te-femijeve-ne-enorite-e-kryepiskopates-se-tiranes\/","title":{"rendered":"Student\u00ebt e Akademis\u00eb Teologjike drejtojn\u00eb aktivitetet e f\u00ebmij\u00ebve n\u00eb enorit\u00eb e Kryepiskopat\u00ebs s\u00eb Tiran\u00ebs. (N\u00ebntor 2013)"},"content":{"rendered":"<div style=\"text-align: justify;\">\n\t<img decoding=\"async\" class=\"lazyload HAa Eha\" height=\"275\" src=\"data:image\/svg+xml,%3Csvg%20xmlns%3D%27http%3A%2F%2Fwww.w3.org%2F2000%2Fsvg%27%20width%3D%27368%27%20height%3D%27275%27%20viewBox%3D%270%200%20368%20275%27%3E%3Crect%20width%3D%27368%27%20height%3D%27275%27%20fill-opacity%3D%220%22%2F%3E%3C%2Fsvg%3E\" data-orig-src=\"https:\/\/lh4.googleusercontent.com\/-NQOp1lZfD48\/Untw232HtXI\/AAAAAAAAG08\/yHCJ0BIz_Ws\/w702-h527-no\/femije+nga+enorite+e+kryepiskopates+2.JPG\" style=\"margin: 10px; float: left; border-width: 1px; border-style: solid;\" width=\"368\" \/><span style=\"font-family: tahoma,geneva,sans-serif;\"><span style=\"font-size: 12px;\">&nbsp;&nbsp;&nbsp;<span style=\"color:#000000;\"> Gjat\u00eb korrikut dhe n\u00eb vazhdim, n\u00eb dy jav\u00ebt e para t\u00eb shtatorit, n\u00eb enorit\u00eb e Kryepiskopat\u00ebs n\u00eb Tiran\u00eb u zhvilluan pes\u00eb kampe ditore (n\u00eb Sht\u00ebrmen, Sh\u00ebn Vlash, Rrushkull, Durr\u00ebs dhe Kavaj\u00eb). Tema e tyre e p\u00ebrbashk\u00ebt ishte \u201cUdh\u00ebtimi im n\u00eb Mbret\u00ebrin\u00eb e Per\u00ebndis\u00eb\u201d, duke synuar t\u00eb shpjegohej se si \u00ebsht\u00eb Mbret\u00ebria e Per\u00ebndis\u00eb nga vizioni dhe profecia e Isaias&nbsp; n\u00eb Dhjat\u00ebn e Vjet\u00ebr dhe nga Paravolit\u00eb e Mbret\u00ebris\u00eb n\u00eb Ungjillin sipas Mateut.<\/span><\/span><\/span><\/div>\n<div style=\"text-align: justify;\">\n\t<br \/>\n\t<span style=\"font-family: tahoma,geneva,sans-serif;\"><span style=\"font-size: 12px;\"><span style=\"color:#000000;\">&nbsp;&nbsp;&nbsp; Duhet ve\u00e7uar faktin se t\u00eb gjith\u00eb student\u00ebt e programit t\u00eb Edukimit t\u00eb Krishter\u00eb, t\u00eb Akademis\u00eb Teologjike, t\u00eb cil\u00ebt, me bekimin dhe mb\u00ebshtetjen e Hir\u00ebsi Nikoll\u00ebs, dhe n\u00ebn drejtimin e znj. Pamela Barksdale realizuan temat, zhvilluan n\u00eb mjediset e saj nj\u00eb workshop paraprak p\u00ebr m\u00ebsimdh\u00ebnien me f\u00ebmij\u00ebt. Q\u00ebllimi i zhvillimit t\u00eb kampeve ishte t\u2019i m\u00ebsonin f\u00ebmij\u00ebt p\u00ebr Mbret\u00ebrin\u00eb e Per\u00ebndis\u00eb dhe t\u2019i ftonin ata t\u00eb merrnin pjes\u00eb n\u00eb programin vjetor t\u00eb katekizmit, por edhe t\u00eb p\u00ebrmir\u00ebsonin aft\u00ebsit\u00eb e m\u00ebsimdh\u00ebnies s\u00eb student\u00ebve t\u00eb teologjis\u00eb, n\u00eb m\u00ebnyr\u00eb q\u00eb t\u00eb punonin me strategji t\u00eb ndryshme dhe metoda m\u00ebsimdh\u00ebnieje.<\/span><\/span><\/span><\/div>\n<div style=\"text-align: justify;\">\n\t<br \/>\n\t<span style=\"font-family: tahoma,geneva,sans-serif;\"><span style=\"font-size: 12px;\"><span style=\"color:#000000;\">&nbsp;&nbsp;&nbsp; \u00c7do dit\u00eb t\u00eb programit t\u00eb kampeve f\u00ebmij\u00ebt m\u00ebsuan nj\u00eb paravoli rreth Mbret\u00ebris\u00eb s\u00eb Per\u00ebndis\u00eb: Mbjell\u00ebsi dhe Fara, Djali Plangprish\u00ebs, Sh\u00ebrb\u00ebtori i Pam\u00ebshirsh\u00ebm dhe i Pasuri dhe Llazari. Student\u00ebt dhe f\u00ebmij\u00ebt b\u00ebn\u00eb edhe shfaqje me temat e paravolive dhe krijuan nj\u00eb lib\u00ebr d\u00ebshmish p\u00ebr p\u00ebrvojat e tyre n\u00eb kamp: histori, k\u00ebng\u00eb, lutje etj. Pjes\u00ebmarrja ishte e k\u00ebnaqshme dhe n\u00eb t\u00eb pes\u00eb kampet ishin gjithsej 185 f\u00ebmij\u00eb. P\u00ebr realizimin e k\u00ebtyre kampeve student\u00ebt bashk\u00ebpunuan me klerik\u00ebt e \u00e7do enorie.<\/span><\/span><\/span><\/div>\n<div style=\"text-align: justify;\">\n\t&nbsp;<\/div>\n<div style=\"text-align: justify;\">\n\t<span style=\"color:#000000;\"><span style=\"font-family: tahoma,geneva,sans-serif;\"><span style=\"font-size: 12px;\">&nbsp;&nbsp;&nbsp; Grupet e programit t\u00eb katekizmit dhe grupet e t\u00eb rinjve ku japin m\u00ebsim student\u00ebt e Akademis\u00eb Teologjike, rifilluan programet m\u00eb 28 tetor dhe do t\u00eb vazhdojn\u00eb deri n\u00eb fillim t\u00eb qershorit 2014, n\u00eb Durr\u00ebs, Kavaj\u00eb, Rrushkull, Sh\u00ebn Vlash, Sht\u00ebrmen, Divjak\u00eb, Berat, M\u00ebtish, Sukth, Rrethgreth, K\u00ebmishtaj, Jub\u00eb dhe Tiran\u00eb.<\/span><\/span><\/span><\/div>\n<div style=\"text-align: right;\">\n<p>\t<span style=\"color:#000000;\"><span style=\"font-family: tahoma,geneva,sans-serif;\"><span style=\"font-size: 12px;\"><strong>Anastasia Pamela Barksdale<\/strong><\/span><\/span><\/span><\/div>\n<div style=\"text-align: right;\">\n\t<br \/>\n\t<span style=\"color:#000000;\"><span style=\"font-family: tahoma,geneva,sans-serif;\"><span style=\"font-size: 12px;\"><strong>Drejtuese e pun\u00ebs n\u00eb terren dhe e Edukimit t\u00eb Krishter\u00eb<\/strong><\/span><\/span><\/span><\/div>\n<div style=\"text-align: justify;\">\n\t&nbsp;<\/div>\n<p style=\"text-align: justify;\">\n\t<img decoding=\"async\" class=\"lazyload HAa Eha\" src=\"data:image\/gif;base64,R0lGODlhAQABAAAAACH5BAEKAAEALAAAAAABAAEAAAICTAEAOw==\" data-orig-src=\"https:\/\/lh3.googleusercontent.com\/-wFYjGO55IGI\/Untw9CG53wI\/AAAAAAAAG08\/SGLlil0c_8g\/w702-h527-no\/femije+nga+enorite+e+kryepiskopates+3.JPG\" style=\"height: 450px; width: 600px; margin: 10px; border-width: 1px; border-style: solid;\" \/><\/p>\n<p style=\"text-align: justify;\">\n\t<img decoding=\"async\" class=\"lazyload HAa Eha\" src=\"data:image\/gif;base64,R0lGODlhAQABAAAAACH5BAEKAAEALAAAAAABAAEAAAICTAEAOw==\" data-orig-src=\"https:\/\/lh6.googleusercontent.com\/-dxNcXFk0lYA\/Untw5iFu9SI\/AAAAAAAAG08\/wyGeUMhUVTk\/w702-h527-no\/Femije+nga+enorite+e+kryepiskopates+1.JPG\" style=\"margin: 10px; height: 450px; width: 600px; border-width: 1px; border-style: solid;\" \/><\/p>\n<p>\n\t&nbsp;<\/p>\n","protected":false},"excerpt":{"rendered":"<p>&nbsp;&nbsp;&nbsp; Gjat\u00eb korrikut dhe n\u00eb vazhdim, n\u00eb dy jav\u00ebt e para t\u00eb shtatorit, n\u00eb enorit\u00eb e Kryepiskopat\u00ebs n\u00eb Tiran\u00eb u zhvilluan pes\u00eb kampe ditore (n\u00eb Sht\u00ebrmen, Sh\u00ebn Vlash, Rrushkull, Durr\u00ebs dhe Kavaj\u00eb). Tema e tyre e p\u00ebrbashk\u00ebt ishte \u201cUdh\u00ebtimi im n\u00eb Mbret\u00ebrin\u00eb e Per\u00ebndis\u00eb\u201d, duke synuar t\u00eb shpjegohej se si \u00ebsht\u00eb Mbret\u00ebria e Per\u00ebndis\u00eb nga vizioni dhe profecia e Isaias&nbsp; n\u00eb Dhjat\u00ebn e Vjet\u00ebr dhe<\/p>\n","protected":false},"author":1,"featured_media":0,"comment_status":"open","ping_status":"open","sticky":false,"template":"","format":"standard","meta":{"_acf_changed":false,"pagelayer_contact_templates":[],"_pagelayer_content":"","inline_featured_image":false,"fifu_image_url":"","fifu_image_alt":"","footnotes":""},"categories":[108],"tags":[141,169,154,196,212],"class_list":["post-1228","post","type-post","status-publish","format-standard","hentry","category-lajme","tag-141","tag-akademia-teologjike","tag-aktivitete","tag-tirane","tag-lajme-d27"],"acf":[],"yoast_head":"<!-- This site is optimized with the Yoast SEO plugin v27.2 - https:\/\/yoast.com\/product\/yoast-seo-wordpress\/ -->\n<title>Student\u00ebt e Akademis\u00eb Teologjike drejtojn\u00eb aktivitetet e f\u00ebmij\u00ebve n\u00eb enorit\u00eb e Kryepiskopat\u00ebs s\u00eb Tiran\u00ebs. (N\u00ebntor 2013) - Kisha Orthodh\u03bfkse Autoqefale e Shqip\u00ebris\u00eb<\/title>\n<meta name=\"robots\" content=\"index, follow, max-snippet:-1, max-image-preview:large, max-video-preview:-1\" \/>\n<link rel=\"canonical\" href=\"https:\/\/orthodoxalbania.org\/2020\/2013\/11\/07\/studentet-e-akademise-teologjike-drejtuan-kampet-verore-te-femijeve-ne-enorite-e-kryepiskopates-se-tiranes\/\" \/>\n<meta property=\"og:locale\" content=\"en_US\" \/>\n<meta property=\"og:type\" content=\"article\" \/>\n<meta property=\"og:title\" content=\"Student\u00ebt e Akademis\u00eb Teologjike drejtojn\u00eb aktivitetet e f\u00ebmij\u00ebve n\u00eb enorit\u00eb e Kryepiskopat\u00ebs s\u00eb Tiran\u00ebs. (N\u00ebntor 2013) - Kisha Orthodh\u03bfkse Autoqefale e Shqip\u00ebris\u00eb\" \/>\n<meta property=\"og:description\" content=\"&nbsp;&nbsp;&nbsp; Gjat\u00eb korrikut dhe n\u00eb vazhdim, n\u00eb dy jav\u00ebt e para t\u00eb shtatorit, n\u00eb enorit\u00eb e Kryepiskopat\u00ebs n\u00eb Tiran\u00eb u zhvilluan pes\u00eb kampe ditore (n\u00eb Sht\u00ebrmen, Sh\u00ebn Vlash, Rrushkull, Durr\u00ebs dhe Kavaj\u00eb). Tema e tyre e p\u00ebrbashk\u00ebt ishte \u201cUdh\u00ebtimi im n\u00eb Mbret\u00ebrin\u00eb e Per\u00ebndis\u00eb\u201d, duke synuar t\u00eb shpjegohej se si \u00ebsht\u00eb Mbret\u00ebria e Per\u00ebndis\u00eb nga vizioni dhe profecia e Isaias&nbsp; n\u00eb Dhjat\u00ebn e Vjet\u00ebr dhe\" \/>\n<meta property=\"og:url\" content=\"https:\/\/orthodoxalbania.org\/2020\/2013\/11\/07\/studentet-e-akademise-teologjike-drejtuan-kampet-verore-te-femijeve-ne-enorite-e-kryepiskopates-se-tiranes\/\" \/>\n<meta property=\"og:site_name\" content=\"Kisha Orthodh\u03bfkse Autoqefale e Shqip\u00ebris\u00eb\" \/>\n<meta property=\"article:publisher\" content=\"https:\/\/www.facebook.com\/koash1991\" \/>\n<meta property=\"article:published_time\" content=\"2013-11-07T11:01:23+00:00\" \/>\n<meta property=\"article:modified_time\" content=\"2020-04-06T20:05:29+00:00\" \/>\n<meta property=\"og:image\" content=\"https:\/\/lh4.googleusercontent.com\/-NQOp1lZfD48\/Untw232HtXI\/AAAAAAAAG08\/yHCJ0BIz_Ws\/w702-h527-no\/femije+nga+enorite+e+kryepiskopates+2.JPG\" \/>\n<meta name=\"author\" content=\"Kisha Orthodhokse\" \/>\n<meta name=\"twitter:card\" content=\"summary_large_image\" \/>\n<meta name=\"twitter:label1\" content=\"Written by\" \/>\n\t<meta name=\"twitter:data1\" content=\"Kisha Orthodhokse\" \/>\n\t<meta name=\"twitter:label2\" content=\"Est. reading time\" \/>\n\t<meta name=\"twitter:data2\" content=\"2 minutes\" \/>\n<script type=\"application\/ld+json\" class=\"yoast-schema-graph\">{\"@context\":\"https:\/\/schema.org\",\"@graph\":[{\"@type\":\"Article\",\"@id\":\"https:\/\/orthodoxalbania.org\/2020\/2013\/11\/07\/studentet-e-akademise-teologjike-drejtuan-kampet-verore-te-femijeve-ne-enorite-e-kryepiskopates-se-tiranes\/#article\",\"isPartOf\":{\"@id\":\"https:\/\/orthodoxalbania.org\/2020\/2013\/11\/07\/studentet-e-akademise-teologjike-drejtuan-kampet-verore-te-femijeve-ne-enorite-e-kryepiskopates-se-tiranes\/\"},\"author\":{\"name\":\"Kisha Orthodhokse\",\"@id\":\"https:\/\/orthodoxalbania.org\/2020\/#\/schema\/person\/0c387634a7063ac612d7ed9ce71c7e86\"},\"headline\":\"Student\u00ebt e Akademis\u00eb Teologjike drejtojn\u00eb aktivitetet e f\u00ebmij\u00ebve n\u00eb enorit\u00eb e Kryepiskopat\u00ebs s\u00eb Tiran\u00ebs. (N\u00ebntor 2013)\",\"datePublished\":\"2013-11-07T11:01:23+00:00\",\"dateModified\":\"2020-04-06T20:05:29+00:00\",\"mainEntityOfPage\":{\"@id\":\"https:\/\/orthodoxalbania.org\/2020\/2013\/11\/07\/studentet-e-akademise-teologjike-drejtuan-kampet-verore-te-femijeve-ne-enorite-e-kryepiskopates-se-tiranes\/\"},\"wordCount\":419,\"commentCount\":0,\"publisher\":{\"@id\":\"https:\/\/orthodoxalbania.org\/2020\/#organization\"},\"image\":{\"@id\":\"https:\/\/orthodoxalbania.org\/2020\/2013\/11\/07\/studentet-e-akademise-teologjike-drejtuan-kampet-verore-te-femijeve-ne-enorite-e-kryepiskopates-se-tiranes\/#primaryimage\"},\"thumbnailUrl\":\"https:\/\/lh4.googleusercontent.com\/-NQOp1lZfD48\/Untw232HtXI\/AAAAAAAAG08\/yHCJ0BIz_Ws\/w702-h527-no\/femije+nga+enorite+e+kryepiskopates+2.JPG\",\"keywords\":[\"2013\",\"Akademia Teologjike\",\"Aktivitete\",\"Kryepiskopata Tiran\u00eb\",\"lajme\"],\"articleSection\":[\"Lajme\"],\"inLanguage\":\"en-US\"},{\"@type\":\"WebPage\",\"@id\":\"https:\/\/orthodoxalbania.org\/2020\/2013\/11\/07\/studentet-e-akademise-teologjike-drejtuan-kampet-verore-te-femijeve-ne-enorite-e-kryepiskopates-se-tiranes\/\",\"url\":\"https:\/\/orthodoxalbania.org\/2020\/2013\/11\/07\/studentet-e-akademise-teologjike-drejtuan-kampet-verore-te-femijeve-ne-enorite-e-kryepiskopates-se-tiranes\/\",\"name\":\"Student\u00ebt e Akademis\u00eb Teologjike drejtojn\u00eb aktivitetet e f\u00ebmij\u00ebve n\u00eb enorit\u00eb e Kryepiskopat\u00ebs s\u00eb Tiran\u00ebs. (N\u00ebntor 2013) - Kisha Orthodh\u03bfkse Autoqefale e Shqip\u00ebris\u00eb\",\"isPartOf\":{\"@id\":\"https:\/\/orthodoxalbania.org\/2020\/#website\"},\"primaryImageOfPage\":{\"@id\":\"https:\/\/orthodoxalbania.org\/2020\/2013\/11\/07\/studentet-e-akademise-teologjike-drejtuan-kampet-verore-te-femijeve-ne-enorite-e-kryepiskopates-se-tiranes\/#primaryimage\"},\"image\":{\"@id\":\"https:\/\/orthodoxalbania.org\/2020\/2013\/11\/07\/studentet-e-akademise-teologjike-drejtuan-kampet-verore-te-femijeve-ne-enorite-e-kryepiskopates-se-tiranes\/#primaryimage\"},\"thumbnailUrl\":\"https:\/\/lh4.googleusercontent.com\/-NQOp1lZfD48\/Untw232HtXI\/AAAAAAAAG08\/yHCJ0BIz_Ws\/w702-h527-no\/femije+nga+enorite+e+kryepiskopates+2.JPG\",\"datePublished\":\"2013-11-07T11:01:23+00:00\",\"dateModified\":\"2020-04-06T20:05:29+00:00\",\"breadcrumb\":{\"@id\":\"https:\/\/orthodoxalbania.org\/2020\/2013\/11\/07\/studentet-e-akademise-teologjike-drejtuan-kampet-verore-te-femijeve-ne-enorite-e-kryepiskopates-se-tiranes\/#breadcrumb\"},\"inLanguage\":\"en-US\",\"potentialAction\":[{\"@type\":\"ReadAction\",\"target\":[\"https:\/\/orthodoxalbania.org\/2020\/2013\/11\/07\/studentet-e-akademise-teologjike-drejtuan-kampet-verore-te-femijeve-ne-enorite-e-kryepiskopates-se-tiranes\/\"]}]},{\"@type\":\"ImageObject\",\"inLanguage\":\"en-US\",\"@id\":\"https:\/\/orthodoxalbania.org\/2020\/2013\/11\/07\/studentet-e-akademise-teologjike-drejtuan-kampet-verore-te-femijeve-ne-enorite-e-kryepiskopates-se-tiranes\/#primaryimage\",\"url\":\"https:\/\/lh4.googleusercontent.com\/-NQOp1lZfD48\/Untw232HtXI\/AAAAAAAAG08\/yHCJ0BIz_Ws\/w702-h527-no\/femije+nga+enorite+e+kryepiskopates+2.JPG\",\"contentUrl\":\"https:\/\/lh4.googleusercontent.com\/-NQOp1lZfD48\/Untw232HtXI\/AAAAAAAAG08\/yHCJ0BIz_Ws\/w702-h527-no\/femije+nga+enorite+e+kryepiskopates+2.JPG\"},{\"@type\":\"BreadcrumbList\",\"@id\":\"https:\/\/orthodoxalbania.org\/2020\/2013\/11\/07\/studentet-e-akademise-teologjike-drejtuan-kampet-verore-te-femijeve-ne-enorite-e-kryepiskopates-se-tiranes\/#breadcrumb\",\"itemListElement\":[{\"@type\":\"ListItem\",\"position\":1,\"name\":\"Home\",\"item\":\"https:\/\/orthodoxalbania.org\/2020\/\"},{\"@type\":\"ListItem\",\"position\":2,\"name\":\"Student\u00ebt e Akademis\u00eb Teologjike drejtojn\u00eb aktivitetet e f\u00ebmij\u00ebve n\u00eb enorit\u00eb e Kryepiskopat\u00ebs s\u00eb Tiran\u00ebs. (N\u00ebntor 2013)\"}]},{\"@type\":\"WebSite\",\"@id\":\"https:\/\/orthodoxalbania.org\/2020\/#website\",\"url\":\"https:\/\/orthodoxalbania.org\/2020\/\",\"name\":\"Kisha Orthodh\u03bfkse Autoqefale e Shqip\u00ebris\u00eb\",\"description\":\"Fqja Zyrtare e Kish\u00ebs Orthodhokse Autoqefale e Shqip\u00ebris\u00eb me lajmet edhe informacionet zyrtare p\u00ebr struktur\u00ebn edhe veprimtarin e saj.\",\"publisher\":{\"@id\":\"https:\/\/orthodoxalbania.org\/2020\/#organization\"},\"potentialAction\":[{\"@type\":\"SearchAction\",\"target\":{\"@type\":\"EntryPoint\",\"urlTemplate\":\"https:\/\/orthodoxalbania.org\/2020\/?s={search_term_string}\"},\"query-input\":{\"@type\":\"PropertyValueSpecification\",\"valueRequired\":true,\"valueName\":\"search_term_string\"}}],\"inLanguage\":\"en-US\"},{\"@type\":\"Organization\",\"@id\":\"https:\/\/orthodoxalbania.org\/2020\/#organization\",\"name\":\"Kisha Orthodhokse Autoqefale e Shqip\u00ebris\u00eb\",\"url\":\"https:\/\/orthodoxalbania.org\/2020\/\",\"logo\":{\"@type\":\"ImageObject\",\"inLanguage\":\"en-US\",\"@id\":\"https:\/\/orthodoxalbania.org\/2020\/#\/schema\/logo\/image\/\",\"url\":\"https:\/\/orthodoxalbania.org\/2020\/wp-content\/uploads\/2020\/05\/albania.jpeg\",\"contentUrl\":\"https:\/\/orthodoxalbania.org\/2020\/wp-content\/uploads\/2020\/05\/albania.jpeg\",\"width\":540,\"height\":540,\"caption\":\"Kisha Orthodhokse Autoqefale e Shqip\u00ebris\u00eb\"},\"image\":{\"@id\":\"https:\/\/orthodoxalbania.org\/2020\/#\/schema\/logo\/image\/\"},\"sameAs\":[\"https:\/\/www.facebook.com\/koash1991\"]},{\"@type\":\"Person\",\"@id\":\"https:\/\/orthodoxalbania.org\/2020\/#\/schema\/person\/0c387634a7063ac612d7ed9ce71c7e86\",\"name\":\"Kisha Orthodhokse\",\"image\":{\"@type\":\"ImageObject\",\"inLanguage\":\"en-US\",\"@id\":\"https:\/\/secure.gravatar.com\/avatar\/596e7c417251e30f2fbb9c00e026fce61a695a00e51c889caded71c96cbbdde5?s=96&d=mm&r=g\",\"url\":\"https:\/\/secure.gravatar.com\/avatar\/596e7c417251e30f2fbb9c00e026fce61a695a00e51c889caded71c96cbbdde5?s=96&d=mm&r=g\",\"contentUrl\":\"https:\/\/secure.gravatar.com\/avatar\/596e7c417251e30f2fbb9c00e026fce61a695a00e51c889caded71c96cbbdde5?s=96&d=mm&r=g\",\"caption\":\"Kisha Orthodhokse\"}}]}<\/script>\n<!-- \/ Yoast SEO plugin. -->","yoast_head_json":{"title":"Student\u00ebt e Akademis\u00eb Teologjike drejtojn\u00eb aktivitetet e f\u00ebmij\u00ebve n\u00eb enorit\u00eb e Kryepiskopat\u00ebs s\u00eb Tiran\u00ebs. (N\u00ebntor 2013) - Kisha Orthodh\u03bfkse Autoqefale e Shqip\u00ebris\u00eb","robots":{"index":"index","follow":"follow","max-snippet":"max-snippet:-1","max-image-preview":"max-image-preview:large","max-video-preview":"max-video-preview:-1"},"canonical":"https:\/\/orthodoxalbania.org\/2020\/2013\/11\/07\/studentet-e-akademise-teologjike-drejtuan-kampet-verore-te-femijeve-ne-enorite-e-kryepiskopates-se-tiranes\/","og_locale":"en_US","og_type":"article","og_title":"Student\u00ebt e Akademis\u00eb Teologjike drejtojn\u00eb aktivitetet e f\u00ebmij\u00ebve n\u00eb enorit\u00eb e Kryepiskopat\u00ebs s\u00eb Tiran\u00ebs. (N\u00ebntor 2013) - Kisha Orthodh\u03bfkse Autoqefale e Shqip\u00ebris\u00eb","og_description":"&nbsp;&nbsp;&nbsp; Gjat\u00eb korrikut dhe n\u00eb vazhdim, n\u00eb dy jav\u00ebt e para t\u00eb shtatorit, n\u00eb enorit\u00eb e Kryepiskopat\u00ebs n\u00eb Tiran\u00eb u zhvilluan pes\u00eb kampe ditore (n\u00eb Sht\u00ebrmen, Sh\u00ebn Vlash, Rrushkull, Durr\u00ebs dhe Kavaj\u00eb). Tema e tyre e p\u00ebrbashk\u00ebt ishte \u201cUdh\u00ebtimi im n\u00eb Mbret\u00ebrin\u00eb e Per\u00ebndis\u00eb\u201d, duke synuar t\u00eb shpjegohej se si \u00ebsht\u00eb Mbret\u00ebria e Per\u00ebndis\u00eb nga vizioni dhe profecia e Isaias&nbsp; n\u00eb Dhjat\u00ebn e Vjet\u00ebr dhe","og_url":"https:\/\/orthodoxalbania.org\/2020\/2013\/11\/07\/studentet-e-akademise-teologjike-drejtuan-kampet-verore-te-femijeve-ne-enorite-e-kryepiskopates-se-tiranes\/","og_site_name":"Kisha Orthodh\u03bfkse Autoqefale e Shqip\u00ebris\u00eb","article_publisher":"https:\/\/www.facebook.com\/koash1991","article_published_time":"2013-11-07T11:01:23+00:00","article_modified_time":"2020-04-06T20:05:29+00:00","og_image":[{"url":"https:\/\/lh4.googleusercontent.com\/-NQOp1lZfD48\/Untw232HtXI\/AAAAAAAAG08\/yHCJ0BIz_Ws\/w702-h527-no\/femije+nga+enorite+e+kryepiskopates+2.JPG","type":"","width":"","height":""}],"author":"Kisha Orthodhokse","twitter_card":"summary_large_image","twitter_misc":{"Written by":"Kisha Orthodhokse","Est. reading time":"2 minutes"},"schema":{"@context":"https:\/\/schema.org","@graph":[{"@type":"Article","@id":"https:\/\/orthodoxalbania.org\/2020\/2013\/11\/07\/studentet-e-akademise-teologjike-drejtuan-kampet-verore-te-femijeve-ne-enorite-e-kryepiskopates-se-tiranes\/#article","isPartOf":{"@id":"https:\/\/orthodoxalbania.org\/2020\/2013\/11\/07\/studentet-e-akademise-teologjike-drejtuan-kampet-verore-te-femijeve-ne-enorite-e-kryepiskopates-se-tiranes\/"},"author":{"name":"Kisha Orthodhokse","@id":"https:\/\/orthodoxalbania.org\/2020\/#\/schema\/person\/0c387634a7063ac612d7ed9ce71c7e86"},"headline":"Student\u00ebt e Akademis\u00eb Teologjike drejtojn\u00eb aktivitetet e f\u00ebmij\u00ebve n\u00eb enorit\u00eb e Kryepiskopat\u00ebs s\u00eb Tiran\u00ebs. (N\u00ebntor 2013)","datePublished":"2013-11-07T11:01:23+00:00","dateModified":"2020-04-06T20:05:29+00:00","mainEntityOfPage":{"@id":"https:\/\/orthodoxalbania.org\/2020\/2013\/11\/07\/studentet-e-akademise-teologjike-drejtuan-kampet-verore-te-femijeve-ne-enorite-e-kryepiskopates-se-tiranes\/"},"wordCount":419,"commentCount":0,"publisher":{"@id":"https:\/\/orthodoxalbania.org\/2020\/#organization"},"image":{"@id":"https:\/\/orthodoxalbania.org\/2020\/2013\/11\/07\/studentet-e-akademise-teologjike-drejtuan-kampet-verore-te-femijeve-ne-enorite-e-kryepiskopates-se-tiranes\/#primaryimage"},"thumbnailUrl":"https:\/\/lh4.googleusercontent.com\/-NQOp1lZfD48\/Untw232HtXI\/AAAAAAAAG08\/yHCJ0BIz_Ws\/w702-h527-no\/femije+nga+enorite+e+kryepiskopates+2.JPG","keywords":["2013","Akademia Teologjike","Aktivitete","Kryepiskopata Tiran\u00eb","lajme"],"articleSection":["Lajme"],"inLanguage":"en-US"},{"@type":"WebPage","@id":"https:\/\/orthodoxalbania.org\/2020\/2013\/11\/07\/studentet-e-akademise-teologjike-drejtuan-kampet-verore-te-femijeve-ne-enorite-e-kryepiskopates-se-tiranes\/","url":"https:\/\/orthodoxalbania.org\/2020\/2013\/11\/07\/studentet-e-akademise-teologjike-drejtuan-kampet-verore-te-femijeve-ne-enorite-e-kryepiskopates-se-tiranes\/","name":"Student\u00ebt e Akademis\u00eb Teologjike drejtojn\u00eb aktivitetet e f\u00ebmij\u00ebve n\u00eb enorit\u00eb e Kryepiskopat\u00ebs s\u00eb Tiran\u00ebs. (N\u00ebntor 2013) - Kisha Orthodh\u03bfkse Autoqefale e Shqip\u00ebris\u00eb","isPartOf":{"@id":"https:\/\/orthodoxalbania.org\/2020\/#website"},"primaryImageOfPage":{"@id":"https:\/\/orthodoxalbania.org\/2020\/2013\/11\/07\/studentet-e-akademise-teologjike-drejtuan-kampet-verore-te-femijeve-ne-enorite-e-kryepiskopates-se-tiranes\/#primaryimage"},"image":{"@id":"https:\/\/orthodoxalbania.org\/2020\/2013\/11\/07\/studentet-e-akademise-teologjike-drejtuan-kampet-verore-te-femijeve-ne-enorite-e-kryepiskopates-se-tiranes\/#primaryimage"},"thumbnailUrl":"https:\/\/lh4.googleusercontent.com\/-NQOp1lZfD48\/Untw232HtXI\/AAAAAAAAG08\/yHCJ0BIz_Ws\/w702-h527-no\/femije+nga+enorite+e+kryepiskopates+2.JPG","datePublished":"2013-11-07T11:01:23+00:00","dateModified":"2020-04-06T20:05:29+00:00","breadcrumb":{"@id":"https:\/\/orthodoxalbania.org\/2020\/2013\/11\/07\/studentet-e-akademise-teologjike-drejtuan-kampet-verore-te-femijeve-ne-enorite-e-kryepiskopates-se-tiranes\/#breadcrumb"},"inLanguage":"en-US","potentialAction":[{"@type":"ReadAction","target":["https:\/\/orthodoxalbania.org\/2020\/2013\/11\/07\/studentet-e-akademise-teologjike-drejtuan-kampet-verore-te-femijeve-ne-enorite-e-kryepiskopates-se-tiranes\/"]}]},{"@type":"ImageObject","inLanguage":"en-US","@id":"https:\/\/orthodoxalbania.org\/2020\/2013\/11\/07\/studentet-e-akademise-teologjike-drejtuan-kampet-verore-te-femijeve-ne-enorite-e-kryepiskopates-se-tiranes\/#primaryimage","url":"https:\/\/lh4.googleusercontent.com\/-NQOp1lZfD48\/Untw232HtXI\/AAAAAAAAG08\/yHCJ0BIz_Ws\/w702-h527-no\/femije+nga+enorite+e+kryepiskopates+2.JPG","contentUrl":"https:\/\/lh4.googleusercontent.com\/-NQOp1lZfD48\/Untw232HtXI\/AAAAAAAAG08\/yHCJ0BIz_Ws\/w702-h527-no\/femije+nga+enorite+e+kryepiskopates+2.JPG"},{"@type":"BreadcrumbList","@id":"https:\/\/orthodoxalbania.org\/2020\/2013\/11\/07\/studentet-e-akademise-teologjike-drejtuan-kampet-verore-te-femijeve-ne-enorite-e-kryepiskopates-se-tiranes\/#breadcrumb","itemListElement":[{"@type":"ListItem","position":1,"name":"Home","item":"https:\/\/orthodoxalbania.org\/2020\/"},{"@type":"ListItem","position":2,"name":"Student\u00ebt e Akademis\u00eb Teologjike drejtojn\u00eb aktivitetet e f\u00ebmij\u00ebve n\u00eb enorit\u00eb e Kryepiskopat\u00ebs s\u00eb Tiran\u00ebs. (N\u00ebntor 2013)"}]},{"@type":"WebSite","@id":"https:\/\/orthodoxalbania.org\/2020\/#website","url":"https:\/\/orthodoxalbania.org\/2020\/","name":"Kisha Orthodh\u03bfkse Autoqefale e Shqip\u00ebris\u00eb","description":"Fqja Zyrtare e Kish\u00ebs Orthodhokse Autoqefale e Shqip\u00ebris\u00eb me lajmet edhe informacionet zyrtare p\u00ebr struktur\u00ebn edhe veprimtarin e saj.","publisher":{"@id":"https:\/\/orthodoxalbania.org\/2020\/#organization"},"potentialAction":[{"@type":"SearchAction","target":{"@type":"EntryPoint","urlTemplate":"https:\/\/orthodoxalbania.org\/2020\/?s={search_term_string}"},"query-input":{"@type":"PropertyValueSpecification","valueRequired":true,"valueName":"search_term_string"}}],"inLanguage":"en-US"},{"@type":"Organization","@id":"https:\/\/orthodoxalbania.org\/2020\/#organization","name":"Kisha Orthodhokse Autoqefale e Shqip\u00ebris\u00eb","url":"https:\/\/orthodoxalbania.org\/2020\/","logo":{"@type":"ImageObject","inLanguage":"en-US","@id":"https:\/\/orthodoxalbania.org\/2020\/#\/schema\/logo\/image\/","url":"https:\/\/orthodoxalbania.org\/2020\/wp-content\/uploads\/2020\/05\/albania.jpeg","contentUrl":"https:\/\/orthodoxalbania.org\/2020\/wp-content\/uploads\/2020\/05\/albania.jpeg","width":540,"height":540,"caption":"Kisha Orthodhokse Autoqefale e Shqip\u00ebris\u00eb"},"image":{"@id":"https:\/\/orthodoxalbania.org\/2020\/#\/schema\/logo\/image\/"},"sameAs":["https:\/\/www.facebook.com\/koash1991"]},{"@type":"Person","@id":"https:\/\/orthodoxalbania.org\/2020\/#\/schema\/person\/0c387634a7063ac612d7ed9ce71c7e86","name":"Kisha Orthodhokse","image":{"@type":"ImageObject","inLanguage":"en-US","@id":"https:\/\/secure.gravatar.com\/avatar\/596e7c417251e30f2fbb9c00e026fce61a695a00e51c889caded71c96cbbdde5?s=96&d=mm&r=g","url":"https:\/\/secure.gravatar.com\/avatar\/596e7c417251e30f2fbb9c00e026fce61a695a00e51c889caded71c96cbbdde5?s=96&d=mm&r=g","contentUrl":"https:\/\/secure.gravatar.com\/avatar\/596e7c417251e30f2fbb9c00e026fce61a695a00e51c889caded71c96cbbdde5?s=96&d=mm&r=g","caption":"Kisha Orthodhokse"}}]}},"_links":{"self":[{"href":"https:\/\/orthodoxalbania.org\/2020\/wp-json\/wp\/v2\/posts\/1228","targetHints":{"allow":["GET"]}}],"collection":[{"href":"https:\/\/orthodoxalbania.org\/2020\/wp-json\/wp\/v2\/posts"}],"about":[{"href":"https:\/\/orthodoxalbania.org\/2020\/wp-json\/wp\/v2\/types\/post"}],"author":[{"embeddable":true,"href":"https:\/\/orthodoxalbania.org\/2020\/wp-json\/wp\/v2\/users\/1"}],"replies":[{"embeddable":true,"href":"https:\/\/orthodoxalbania.org\/2020\/wp-json\/wp\/v2\/comments?post=1228"}],"version-history":[{"count":1,"href":"https:\/\/orthodoxalbania.org\/2020\/wp-json\/wp\/v2\/posts\/1228\/revisions"}],"predecessor-version":[{"id":15160,"href":"https:\/\/orthodoxalbania.org\/2020\/wp-json\/wp\/v2\/posts\/1228\/revisions\/15160"}],"wp:attachment":[{"href":"https:\/\/orthodoxalbania.org\/2020\/wp-json\/wp\/v2\/media?parent=1228"}],"wp:term":[{"taxonomy":"category","embeddable":true,"href":"https:\/\/orthodoxalbania.org\/2020\/wp-json\/wp\/v2\/categories?post=1228"},{"taxonomy":"post_tag","embeddable":true,"href":"https:\/\/orthodoxalbania.org\/2020\/wp-json\/wp\/v2\/tags?post=1228"}],"curies":[{"name":"wp","href":"https:\/\/api.w.org\/{rel}","templated":true}]}}