{"id":1223,"date":"2013-03-21T09:28:06","date_gmt":"2013-03-21T09:28:06","guid":{"rendered":""},"modified":"2020-04-06T22:32:06","modified_gmt":"2020-04-06T20:32:06","slug":"speciale-e-shtuna-e-madhe-2011","status":"publish","type":"post","link":"https:\/\/orthodoxalbania.org\/2020\/2013\/03\/21\/speciale-e-shtuna-e-madhe-2011\/","title":{"rendered":"Speciale &#8211; E Shtuna e Madhe &#8211; 2011"},"content":{"rendered":"<div style=\"text-align: justify;\">\n\t<span style=\"color:#000000;\"><span style=\"font-family: tahoma,geneva,sans-serif;\"><span style=\"font-size: 12px;\"><strong>&nbsp;&nbsp;&nbsp; T\u00eb Shtun\u00ebn e Madhe t\u00eb Shenjt\u00eb u kremtua varrimi i Hyjtrupsh\u00ebm t\u00eb Zotit dhe Shp\u00ebtimtarit ton\u00eb Jisu Krisht, dhe zbritjen e tij n\u00eb Ferr, me an\u00ebn e t\u00eb cilave qenia jon\u00eb u thirr prej prishjes dhe shkoi te jeta e amshuar.<\/strong><\/span><\/span><\/span><\/div>\n<div style=\"text-align: justify;\">\n\t<br \/>\n\t<span style=\"color:#000000;\"><span style=\"font-family: tahoma,geneva,sans-serif;\"><span style=\"font-size: 12px;\">&nbsp;&nbsp; E shtuna e Madhe dhe e Shenjt\u00eb \u00ebsht\u00eb dita e cila bashkon t\u00eb Premten e Madhe, p\u00ebrkujtimin e Kryqit me dit\u00ebn e Ngjalljes s\u00eb Tij. P\u00ebrpara Ngjalljes z\u00eb vend nj\u00eb ngjarje n\u00eb t\u00eb cil\u00ebn d\u00ebshp\u00ebrimi transformohet n\u00eb g\u00ebzim. E Shtuna e Madhe \u00ebsht\u00eb pik\u00ebrisht kjo dit\u00eb e transformimit, dita e fitores mbi vdekjen. Gjat\u00eb dit\u00ebs ne soditim vdekjen e vet\u00eb vdekjes. E gjith\u00eb kjo \u00ebsht\u00eb shprehur n\u00eb sh\u00ebrbimin e t\u00eb Shtun\u00ebs s\u00eb Madhe. N\u00eb m\u00ebngjes, zakonisht e k\u00ebnduar t\u00eb Premten n\u00eb dark\u00eb, sh\u00ebrbesa filloi me \u201cLavd\u00ebrimet\u201d e k\u00ebnduara p\u00ebrpara Epitafit n\u00eb qend\u00ebr t\u00eb kish\u00ebs.<\/p>\n<p>\t&nbsp;&nbsp;&nbsp; Nj\u00eb himn thot\u00eb:&nbsp;<em>\u201cSot varri mbajti at\u00eb q\u00eb mbajti krijimin n\u00eb duart e tij. Nj\u00eb gur mbulon at\u00eb q\u00eb mbuloi qiejt me lavdi. Jeta fle dhe ferri dridhet dhe Adami \u00e7lirohet nga pranga e tij\u201d.<\/em><\/span><\/span><\/span><\/div>\n<div style=\"text-align: justify;\">\n\t<br \/>\n\t<span style=\"color:#000000;\"><span style=\"font-family: tahoma,geneva,sans-serif;\"><span style=\"font-size: 12px;\">&nbsp;&nbsp;&nbsp; N\u00eb fund t\u00eb sh\u00ebrbes\u00ebs, t\u00eb gjith\u00eb shkojn\u00eb me Epitafin jasht\u00eb, rreth kish\u00ebs duke k\u00ebnduar \u201cShenjt Per\u00ebndi\u201d, pik\u00ebrisht ashtu si mund t\u00eb b\u00ebhet n\u00eb nj\u00eb sh\u00ebrbes\u00eb funerali. Per\u00ebndia vdiq n\u00eb Kryq, por Ai akoma nuk \u00ebsht\u00eb i vdekur. Ai i cili vdiq, Fjala e Per\u00ebndis\u00eb, \u00ebsht\u00eb vet\u00eb Jeta, e shenjt\u00eb dhe e pavdekshme. Vargani yn\u00eb p\u00ebrgjat\u00eb nat\u00ebs n\u00ebnkupton q\u00eb Ai tani buron n\u00ebp\u00ebrmjet err\u00ebsir\u00ebs s\u00eb ferrit, duke i shpallur Adamit dhe t\u00eb gjith\u00eb t\u00eb vdekurve ardhjen e Ngjalljes s\u00eb Tij, n\u00eb t\u00eb cil\u00ebn edhe ata jan\u00eb thirrur q\u00eb t\u00eb g\u00ebzojn\u00eb. N\u00eb m\u00ebngjesin e t\u00eb Shtun\u00ebs s\u00eb Shenjt\u00eb ndiqet M\u00ebngjesorja dhe Liturgjia e Shenjt\u00eb e Sh\u00ebn Vasilit. Sh\u00ebrbesa e k\u00ebtij m\u00ebngjesi ka nj\u00eb karakter t\u00eb fort\u00eb pag\u00ebzimi, e reflektuar kjo n\u00eb periudh\u00ebn kur ky mister i Pag\u00ebzimit u zbatua Nat\u00ebn e Pashk\u00ebs. Tri temat q\u00eb dominojn\u00eb n\u00eb tekstet e Mbr\u00ebm\u00ebsoreve jan\u00eb t\u00eb lidhura me Pashk\u00ebn, Ngjalljen dhe fillimin e pag\u00ebzimit.<\/span><\/span><\/span><\/div>\n","protected":false},"excerpt":{"rendered":"<p>&nbsp;&nbsp;&nbsp; T\u00eb Shtun\u00ebn e Madhe t\u00eb Shenjt\u00eb u kremtua varrimi i Hyjtrupsh\u00ebm t\u00eb Zotit dhe Shp\u00ebtimtarit ton\u00eb Jisu Krisht, dhe zbritjen e tij n\u00eb Ferr, me an\u00ebn e t\u00eb cilave qenia jon\u00eb u thirr prej prishjes dhe shkoi te jeta e amshuar. &nbsp;&nbsp; E shtuna e Madhe dhe e Shenjt\u00eb \u00ebsht\u00eb dita e cila bashkon t\u00eb Premten e Madhe, p\u00ebrkujtimin e Kryqit me dit\u00ebn e<\/p>\n","protected":false},"author":1,"featured_media":0,"comment_status":"open","ping_status":"open","sticky":false,"template":"","format":"standard","meta":{"_acf_changed":false,"pagelayer_contact_templates":[],"_pagelayer_content":"","inline_featured_image":false,"fifu_image_url":"","fifu_image_alt":"","footnotes":""},"categories":[108],"tags":[143,196,201,212,189],"class_list":["post-1223","post","type-post","status-publish","format-standard","hentry","category-lajme","tag-143","tag-tirane","tag-kryepiskopi-anastas","tag-lajme-d27","tag-pashke-2014"],"acf":[],"yoast_head":"<!-- This site is optimized with the Yoast SEO plugin v27.2 - https:\/\/yoast.com\/product\/yoast-seo-wordpress\/ -->\n<title>Speciale - E Shtuna e Madhe - 2011 - Kisha Orthodh\u03bfkse Autoqefale e Shqip\u00ebris\u00eb<\/title>\n<meta name=\"robots\" content=\"index, follow, max-snippet:-1, max-image-preview:large, max-video-preview:-1\" \/>\n<link rel=\"canonical\" href=\"https:\/\/orthodoxalbania.org\/2020\/2013\/03\/21\/speciale-e-shtuna-e-madhe-2011\/\" \/>\n<meta property=\"og:locale\" content=\"en_US\" \/>\n<meta property=\"og:type\" content=\"article\" \/>\n<meta property=\"og:title\" content=\"Speciale - E Shtuna e Madhe - 2011 - Kisha Orthodh\u03bfkse Autoqefale e Shqip\u00ebris\u00eb\" \/>\n<meta property=\"og:description\" content=\"&nbsp;&nbsp;&nbsp; T\u00eb Shtun\u00ebn e Madhe t\u00eb Shenjt\u00eb u kremtua varrimi i Hyjtrupsh\u00ebm t\u00eb Zotit dhe Shp\u00ebtimtarit ton\u00eb Jisu Krisht, dhe zbritjen e tij n\u00eb Ferr, me an\u00ebn e t\u00eb cilave qenia jon\u00eb u thirr prej prishjes dhe shkoi te jeta e amshuar. &nbsp;&nbsp; E shtuna e Madhe dhe e Shenjt\u00eb \u00ebsht\u00eb dita e cila bashkon t\u00eb Premten e Madhe, p\u00ebrkujtimin e Kryqit me dit\u00ebn e\" \/>\n<meta property=\"og:url\" content=\"https:\/\/orthodoxalbania.org\/2020\/2013\/03\/21\/speciale-e-shtuna-e-madhe-2011\/\" \/>\n<meta property=\"og:site_name\" content=\"Kisha Orthodh\u03bfkse Autoqefale e Shqip\u00ebris\u00eb\" \/>\n<meta property=\"article:publisher\" content=\"https:\/\/www.facebook.com\/koash1991\" \/>\n<meta property=\"article:published_time\" content=\"2013-03-21T09:28:06+00:00\" \/>\n<meta property=\"article:modified_time\" content=\"2020-04-06T20:32:06+00:00\" \/>\n<meta property=\"og:image\" content=\"https:\/\/orthodoxalbania.org\/2020\/wp-content\/uploads\/2021\/02\/LogoLastALb-200.png\" \/>\n\t<meta property=\"og:image:width\" content=\"200\" \/>\n\t<meta property=\"og:image:height\" content=\"172\" \/>\n\t<meta property=\"og:image:type\" content=\"image\/png\" \/>\n<meta name=\"author\" content=\"Kisha Orthodhokse\" \/>\n<meta name=\"twitter:card\" content=\"summary_large_image\" \/>\n<meta name=\"twitter:label1\" content=\"Written by\" \/>\n\t<meta name=\"twitter:data1\" content=\"Kisha Orthodhokse\" \/>\n\t<meta name=\"twitter:label2\" content=\"Est. reading time\" \/>\n\t<meta name=\"twitter:data2\" content=\"2 minutes\" \/>\n<script type=\"application\/ld+json\" class=\"yoast-schema-graph\">{\"@context\":\"https:\/\/schema.org\",\"@graph\":[{\"@type\":\"Article\",\"@id\":\"https:\/\/orthodoxalbania.org\/2020\/2013\/03\/21\/speciale-e-shtuna-e-madhe-2011\/#article\",\"isPartOf\":{\"@id\":\"https:\/\/orthodoxalbania.org\/2020\/2013\/03\/21\/speciale-e-shtuna-e-madhe-2011\/\"},\"author\":{\"name\":\"Kisha Orthodhokse\",\"@id\":\"https:\/\/orthodoxalbania.org\/2020\/#\/schema\/person\/0c387634a7063ac612d7ed9ce71c7e86\"},\"headline\":\"Speciale &#8211; E Shtuna e Madhe &#8211; 2011\",\"datePublished\":\"2013-03-21T09:28:06+00:00\",\"dateModified\":\"2020-04-06T20:32:06+00:00\",\"mainEntityOfPage\":{\"@id\":\"https:\/\/orthodoxalbania.org\/2020\/2013\/03\/21\/speciale-e-shtuna-e-madhe-2011\/\"},\"wordCount\":395,\"commentCount\":0,\"publisher\":{\"@id\":\"https:\/\/orthodoxalbania.org\/2020\/#organization\"},\"keywords\":[\"2011\",\"Kryepiskopata Tiran\u00eb\",\"Kryepiskopi Anastas\",\"lajme\",\"Pashk\u00eb\"],\"articleSection\":[\"Lajme\"],\"inLanguage\":\"en-US\"},{\"@type\":\"WebPage\",\"@id\":\"https:\/\/orthodoxalbania.org\/2020\/2013\/03\/21\/speciale-e-shtuna-e-madhe-2011\/\",\"url\":\"https:\/\/orthodoxalbania.org\/2020\/2013\/03\/21\/speciale-e-shtuna-e-madhe-2011\/\",\"name\":\"Speciale - E Shtuna e Madhe - 2011 - Kisha Orthodh\u03bfkse Autoqefale e Shqip\u00ebris\u00eb\",\"isPartOf\":{\"@id\":\"https:\/\/orthodoxalbania.org\/2020\/#website\"},\"datePublished\":\"2013-03-21T09:28:06+00:00\",\"dateModified\":\"2020-04-06T20:32:06+00:00\",\"breadcrumb\":{\"@id\":\"https:\/\/orthodoxalbania.org\/2020\/2013\/03\/21\/speciale-e-shtuna-e-madhe-2011\/#breadcrumb\"},\"inLanguage\":\"en-US\",\"potentialAction\":[{\"@type\":\"ReadAction\",\"target\":[\"https:\/\/orthodoxalbania.org\/2020\/2013\/03\/21\/speciale-e-shtuna-e-madhe-2011\/\"]}]},{\"@type\":\"BreadcrumbList\",\"@id\":\"https:\/\/orthodoxalbania.org\/2020\/2013\/03\/21\/speciale-e-shtuna-e-madhe-2011\/#breadcrumb\",\"itemListElement\":[{\"@type\":\"ListItem\",\"position\":1,\"name\":\"Home\",\"item\":\"https:\/\/orthodoxalbania.org\/2020\/\"},{\"@type\":\"ListItem\",\"position\":2,\"name\":\"Speciale &#8211; E Shtuna e Madhe &#8211; 2011\"}]},{\"@type\":\"WebSite\",\"@id\":\"https:\/\/orthodoxalbania.org\/2020\/#website\",\"url\":\"https:\/\/orthodoxalbania.org\/2020\/\",\"name\":\"Kisha Orthodh\u03bfkse Autoqefale e Shqip\u00ebris\u00eb\",\"description\":\"Fqja Zyrtare e Kish\u00ebs Orthodhokse Autoqefale e Shqip\u00ebris\u00eb me lajmet edhe informacionet zyrtare p\u00ebr struktur\u00ebn edhe veprimtarin e saj.\",\"publisher\":{\"@id\":\"https:\/\/orthodoxalbania.org\/2020\/#organization\"},\"potentialAction\":[{\"@type\":\"SearchAction\",\"target\":{\"@type\":\"EntryPoint\",\"urlTemplate\":\"https:\/\/orthodoxalbania.org\/2020\/?s={search_term_string}\"},\"query-input\":{\"@type\":\"PropertyValueSpecification\",\"valueRequired\":true,\"valueName\":\"search_term_string\"}}],\"inLanguage\":\"en-US\"},{\"@type\":\"Organization\",\"@id\":\"https:\/\/orthodoxalbania.org\/2020\/#organization\",\"name\":\"Kisha Orthodhokse Autoqefale e Shqip\u00ebris\u00eb\",\"url\":\"https:\/\/orthodoxalbania.org\/2020\/\",\"logo\":{\"@type\":\"ImageObject\",\"inLanguage\":\"en-US\",\"@id\":\"https:\/\/orthodoxalbania.org\/2020\/#\/schema\/logo\/image\/\",\"url\":\"https:\/\/orthodoxalbania.org\/2020\/wp-content\/uploads\/2020\/05\/albania.jpeg\",\"contentUrl\":\"https:\/\/orthodoxalbania.org\/2020\/wp-content\/uploads\/2020\/05\/albania.jpeg\",\"width\":540,\"height\":540,\"caption\":\"Kisha Orthodhokse Autoqefale e Shqip\u00ebris\u00eb\"},\"image\":{\"@id\":\"https:\/\/orthodoxalbania.org\/2020\/#\/schema\/logo\/image\/\"},\"sameAs\":[\"https:\/\/www.facebook.com\/koash1991\"]},{\"@type\":\"Person\",\"@id\":\"https:\/\/orthodoxalbania.org\/2020\/#\/schema\/person\/0c387634a7063ac612d7ed9ce71c7e86\",\"name\":\"Kisha Orthodhokse\",\"image\":{\"@type\":\"ImageObject\",\"inLanguage\":\"en-US\",\"@id\":\"https:\/\/secure.gravatar.com\/avatar\/596e7c417251e30f2fbb9c00e026fce61a695a00e51c889caded71c96cbbdde5?s=96&d=mm&r=g\",\"url\":\"https:\/\/secure.gravatar.com\/avatar\/596e7c417251e30f2fbb9c00e026fce61a695a00e51c889caded71c96cbbdde5?s=96&d=mm&r=g\",\"contentUrl\":\"https:\/\/secure.gravatar.com\/avatar\/596e7c417251e30f2fbb9c00e026fce61a695a00e51c889caded71c96cbbdde5?s=96&d=mm&r=g\",\"caption\":\"Kisha Orthodhokse\"}}]}<\/script>\n<!-- \/ Yoast SEO plugin. -->","yoast_head_json":{"title":"Speciale - E Shtuna e Madhe - 2011 - Kisha Orthodh\u03bfkse Autoqefale e Shqip\u00ebris\u00eb","robots":{"index":"index","follow":"follow","max-snippet":"max-snippet:-1","max-image-preview":"max-image-preview:large","max-video-preview":"max-video-preview:-1"},"canonical":"https:\/\/orthodoxalbania.org\/2020\/2013\/03\/21\/speciale-e-shtuna-e-madhe-2011\/","og_locale":"en_US","og_type":"article","og_title":"Speciale - E Shtuna e Madhe - 2011 - Kisha Orthodh\u03bfkse Autoqefale e Shqip\u00ebris\u00eb","og_description":"&nbsp;&nbsp;&nbsp; T\u00eb Shtun\u00ebn e Madhe t\u00eb Shenjt\u00eb u kremtua varrimi i Hyjtrupsh\u00ebm t\u00eb Zotit dhe Shp\u00ebtimtarit ton\u00eb Jisu Krisht, dhe zbritjen e tij n\u00eb Ferr, me an\u00ebn e t\u00eb cilave qenia jon\u00eb u thirr prej prishjes dhe shkoi te jeta e amshuar. &nbsp;&nbsp; E shtuna e Madhe dhe e Shenjt\u00eb \u00ebsht\u00eb dita e cila bashkon t\u00eb Premten e Madhe, p\u00ebrkujtimin e Kryqit me dit\u00ebn e","og_url":"https:\/\/orthodoxalbania.org\/2020\/2013\/03\/21\/speciale-e-shtuna-e-madhe-2011\/","og_site_name":"Kisha Orthodh\u03bfkse Autoqefale e Shqip\u00ebris\u00eb","article_publisher":"https:\/\/www.facebook.com\/koash1991","article_published_time":"2013-03-21T09:28:06+00:00","article_modified_time":"2020-04-06T20:32:06+00:00","og_image":[{"width":200,"height":172,"url":"https:\/\/orthodoxalbania.org\/2020\/wp-content\/uploads\/2021\/02\/LogoLastALb-200.png","type":"image\/png"}],"author":"Kisha Orthodhokse","twitter_card":"summary_large_image","twitter_misc":{"Written by":"Kisha Orthodhokse","Est. reading time":"2 minutes"},"schema":{"@context":"https:\/\/schema.org","@graph":[{"@type":"Article","@id":"https:\/\/orthodoxalbania.org\/2020\/2013\/03\/21\/speciale-e-shtuna-e-madhe-2011\/#article","isPartOf":{"@id":"https:\/\/orthodoxalbania.org\/2020\/2013\/03\/21\/speciale-e-shtuna-e-madhe-2011\/"},"author":{"name":"Kisha Orthodhokse","@id":"https:\/\/orthodoxalbania.org\/2020\/#\/schema\/person\/0c387634a7063ac612d7ed9ce71c7e86"},"headline":"Speciale &#8211; E Shtuna e Madhe &#8211; 2011","datePublished":"2013-03-21T09:28:06+00:00","dateModified":"2020-04-06T20:32:06+00:00","mainEntityOfPage":{"@id":"https:\/\/orthodoxalbania.org\/2020\/2013\/03\/21\/speciale-e-shtuna-e-madhe-2011\/"},"wordCount":395,"commentCount":0,"publisher":{"@id":"https:\/\/orthodoxalbania.org\/2020\/#organization"},"keywords":["2011","Kryepiskopata Tiran\u00eb","Kryepiskopi Anastas","lajme","Pashk\u00eb"],"articleSection":["Lajme"],"inLanguage":"en-US"},{"@type":"WebPage","@id":"https:\/\/orthodoxalbania.org\/2020\/2013\/03\/21\/speciale-e-shtuna-e-madhe-2011\/","url":"https:\/\/orthodoxalbania.org\/2020\/2013\/03\/21\/speciale-e-shtuna-e-madhe-2011\/","name":"Speciale - E Shtuna e Madhe - 2011 - Kisha Orthodh\u03bfkse Autoqefale e Shqip\u00ebris\u00eb","isPartOf":{"@id":"https:\/\/orthodoxalbania.org\/2020\/#website"},"datePublished":"2013-03-21T09:28:06+00:00","dateModified":"2020-04-06T20:32:06+00:00","breadcrumb":{"@id":"https:\/\/orthodoxalbania.org\/2020\/2013\/03\/21\/speciale-e-shtuna-e-madhe-2011\/#breadcrumb"},"inLanguage":"en-US","potentialAction":[{"@type":"ReadAction","target":["https:\/\/orthodoxalbania.org\/2020\/2013\/03\/21\/speciale-e-shtuna-e-madhe-2011\/"]}]},{"@type":"BreadcrumbList","@id":"https:\/\/orthodoxalbania.org\/2020\/2013\/03\/21\/speciale-e-shtuna-e-madhe-2011\/#breadcrumb","itemListElement":[{"@type":"ListItem","position":1,"name":"Home","item":"https:\/\/orthodoxalbania.org\/2020\/"},{"@type":"ListItem","position":2,"name":"Speciale &#8211; E Shtuna e Madhe &#8211; 2011"}]},{"@type":"WebSite","@id":"https:\/\/orthodoxalbania.org\/2020\/#website","url":"https:\/\/orthodoxalbania.org\/2020\/","name":"Kisha Orthodh\u03bfkse Autoqefale e Shqip\u00ebris\u00eb","description":"Fqja Zyrtare e Kish\u00ebs Orthodhokse Autoqefale e Shqip\u00ebris\u00eb me lajmet edhe informacionet zyrtare p\u00ebr struktur\u00ebn edhe veprimtarin e saj.","publisher":{"@id":"https:\/\/orthodoxalbania.org\/2020\/#organization"},"potentialAction":[{"@type":"SearchAction","target":{"@type":"EntryPoint","urlTemplate":"https:\/\/orthodoxalbania.org\/2020\/?s={search_term_string}"},"query-input":{"@type":"PropertyValueSpecification","valueRequired":true,"valueName":"search_term_string"}}],"inLanguage":"en-US"},{"@type":"Organization","@id":"https:\/\/orthodoxalbania.org\/2020\/#organization","name":"Kisha Orthodhokse Autoqefale e Shqip\u00ebris\u00eb","url":"https:\/\/orthodoxalbania.org\/2020\/","logo":{"@type":"ImageObject","inLanguage":"en-US","@id":"https:\/\/orthodoxalbania.org\/2020\/#\/schema\/logo\/image\/","url":"https:\/\/orthodoxalbania.org\/2020\/wp-content\/uploads\/2020\/05\/albania.jpeg","contentUrl":"https:\/\/orthodoxalbania.org\/2020\/wp-content\/uploads\/2020\/05\/albania.jpeg","width":540,"height":540,"caption":"Kisha Orthodhokse Autoqefale e Shqip\u00ebris\u00eb"},"image":{"@id":"https:\/\/orthodoxalbania.org\/2020\/#\/schema\/logo\/image\/"},"sameAs":["https:\/\/www.facebook.com\/koash1991"]},{"@type":"Person","@id":"https:\/\/orthodoxalbania.org\/2020\/#\/schema\/person\/0c387634a7063ac612d7ed9ce71c7e86","name":"Kisha Orthodhokse","image":{"@type":"ImageObject","inLanguage":"en-US","@id":"https:\/\/secure.gravatar.com\/avatar\/596e7c417251e30f2fbb9c00e026fce61a695a00e51c889caded71c96cbbdde5?s=96&d=mm&r=g","url":"https:\/\/secure.gravatar.com\/avatar\/596e7c417251e30f2fbb9c00e026fce61a695a00e51c889caded71c96cbbdde5?s=96&d=mm&r=g","contentUrl":"https:\/\/secure.gravatar.com\/avatar\/596e7c417251e30f2fbb9c00e026fce61a695a00e51c889caded71c96cbbdde5?s=96&d=mm&r=g","caption":"Kisha Orthodhokse"}}]}},"_links":{"self":[{"href":"https:\/\/orthodoxalbania.org\/2020\/wp-json\/wp\/v2\/posts\/1223","targetHints":{"allow":["GET"]}}],"collection":[{"href":"https:\/\/orthodoxalbania.org\/2020\/wp-json\/wp\/v2\/posts"}],"about":[{"href":"https:\/\/orthodoxalbania.org\/2020\/wp-json\/wp\/v2\/types\/post"}],"author":[{"embeddable":true,"href":"https:\/\/orthodoxalbania.org\/2020\/wp-json\/wp\/v2\/users\/1"}],"replies":[{"embeddable":true,"href":"https:\/\/orthodoxalbania.org\/2020\/wp-json\/wp\/v2\/comments?post=1223"}],"version-history":[{"count":1,"href":"https:\/\/orthodoxalbania.org\/2020\/wp-json\/wp\/v2\/posts\/1223\/revisions"}],"predecessor-version":[{"id":15400,"href":"https:\/\/orthodoxalbania.org\/2020\/wp-json\/wp\/v2\/posts\/1223\/revisions\/15400"}],"wp:attachment":[{"href":"https:\/\/orthodoxalbania.org\/2020\/wp-json\/wp\/v2\/media?parent=1223"}],"wp:term":[{"taxonomy":"category","embeddable":true,"href":"https:\/\/orthodoxalbania.org\/2020\/wp-json\/wp\/v2\/categories?post=1223"},{"taxonomy":"post_tag","embeddable":true,"href":"https:\/\/orthodoxalbania.org\/2020\/wp-json\/wp\/v2\/tags?post=1223"}],"curies":[{"name":"wp","href":"https:\/\/api.w.org\/{rel}","templated":true}]}}