{"id":1220,"date":"2013-03-21T09:25:40","date_gmt":"2013-03-21T09:25:40","guid":{"rendered":""},"modified":"2020-04-06T22:32:07","modified_gmt":"2020-04-06T20:32:07","slug":"speciale-e-enjtja-e-madhe","status":"publish","type":"post","link":"https:\/\/orthodoxalbania.org\/2020\/2013\/03\/21\/speciale-e-enjtja-e-madhe\/","title":{"rendered":"Speciale &#8211; E Enjtja e Madhe &#8211; 2011"},"content":{"rendered":"<div class=\"style10\" style=\"text-align: justify;\"><span style=\"color: #000000;\"><img decoding=\"async\" class=\"lazyload HAa Eha\" style=\"height: 267px; width: 184px; border-width: 1px; border-style: solid; margin: 10px; float: left;\" alt=\"\" src=\"data:image\/gif;base64,R0lGODlhAQABAAAAACH5BAEKAAEALAAAAAABAAEAAAICTAEAOw==\" data-orig-src=\"https:\/\/lh5.googleusercontent.com\/-ANHhmTdMmrY\/VABuV_1A8WI\/AAAAAAAACJQ\/0PFNVJdSMWY\/w309-h448-no\/0.JPG\" \/><span style=\"font-family: tahoma,geneva,sans-serif;\"><span style=\"font-size: 12px;\"> &nbsp; &nbsp; T\u00eb Enjten e Madhe t\u00eb Shenjt\u00eb Et\u00ebrit e Hyjsh\u00ebm q\u00eb i urdh\u00ebruan t\u00eb gjitha mir\u00eb, si\u00e7 i mor\u00ebn prej Apostujve t\u00eb hyjsh\u00ebm dhe prej Ungjijve t\u00eb Shenjt\u00ebruar na kan\u00eb dh\u00ebn\u00eb t\u00eb kremtojm\u00eb k\u00ebto t\u00eb katra:Lajtoren e shenjt\u00ebruar, Dark\u00ebn mistike, Faljen e sip\u00ebrnatyrshme dhe Tradh\u00ebtin\u00eb vet\u00eb. Duke u afruar t\u00eb gjith\u00eb tek tryeza mistike me frik\u00eb, le t\u00eb presim buk\u00ebn me shpirt t\u00eb paqsh\u00ebm, duke mbetur m\u00eb Zotin, q\u00eb t\u00eb shohim si u lan k\u00ebmb\u00ebt dishepujve dhe ua fshin me peshqirin, e le t\u00eb b\u00ebjm\u00eb si\u00e7 pam\u00eb, duke u p\u00ebrulur tek nj\u00ebri-tjetri dhe duke lar\u00eb k\u00ebmb\u00ebt e nj\u00ebri-tjetrit; Krishti vet\u00eb i porositi k\u00ebshtu dishepujt e tij, si\u00e7 tha m\u00eb par\u00eb; po nuk e d\u00ebgjoi Juda robi dhe dinaku. N\u00eb Sh\u00ebrbes\u00ebn e M\u00ebngjesit dhe t\u00eb Mbr\u00ebm\u00ebsores himnet q\u00ebndrojn\u00eb mbi temat n\u00eb nj\u00eb m\u00ebnyr\u00eb shum\u00eb shpreh\u00ebse. Darka e Fundit \u00ebsht\u00eb p\u00ebrt\u00ebritja e Parajs\u00ebs, e jet\u00ebs n\u00eb Mbret\u00ebrin\u00eb e Per\u00ebndis\u00eb.<\/span><\/span><\/span><\/div>\n<div class=\"style10\" style=\"text-align: justify;\">&nbsp;<\/div>\n<div class=\"style12\" style=\"text-align: justify;\">&nbsp;<\/div>\n<div class=\"style12\" style=\"text-align: right;\"><span style=\"color: #000000;\"><strong><span style=\"font-family: tahoma,geneva,sans-serif;\"><span style=\"font-size: 12px;\">Foto: Nathan Hope<\/span><\/span><\/strong><\/span><\/div>\n<p class=\"style12\">&nbsp;<\/p>\n<p class=\"style12\">&nbsp;<\/p>\n<p class=\"style12\">&nbsp;<\/p>\n<table style=\"width: 945px; height: 1976px; margin-right: auto; margin-left: auto;\">\n<tbody>\n<tr>\n<td><span style=\"color: #000000;\"><img decoding=\"async\" class=\"lazyload HAa Eha\" style=\"height: 298px; width: 448px; margin: 10px auto; border-width: 1px; border-style: solid; display: block;\" alt=\"\" src=\"data:image\/gif;base64,R0lGODlhAQABAAAAACH5BAEKAAEALAAAAAABAAEAAAICTAEAOw==\" data-orig-src=\"https:\/\/lh6.googleusercontent.com\/-fAd3mpOLfpU\/VABuV2mkO_I\/AAAAAAAACIs\/MGiT_ZLVaiM\/w448-h298-no\/1.JPG\" \/><\/span><\/td>\n<td><span style=\"color: #000000;\"><img decoding=\"async\" class=\"lazyload HAa Eha\" style=\"height: 298px; width: 448px; margin: 10px auto; border-width: 1px; border-style: solid; display: block;\" alt=\"\" src=\"data:image\/gif;base64,R0lGODlhAQABAAAAACH5BAEKAAEALAAAAAABAAEAAAICTAEAOw==\" data-orig-src=\"https:\/\/lh5.googleusercontent.com\/-gnvoPGMcd_M\/VABuV_a76YI\/AAAAAAAACII\/AfkYxp4odt4\/w448-h298-no\/2.JPG\" \/><\/span><\/td>\n<\/tr>\n<tr>\n<td><span style=\"color: #000000;\"><img decoding=\"async\" class=\"lazyload HAa Eha\" style=\"height: 298px; width: 448px; margin: 10px auto; border-width: 1px; border-style: solid; display: block;\" alt=\"\" src=\"data:image\/gif;base64,R0lGODlhAQABAAAAACH5BAEKAAEALAAAAAABAAEAAAICTAEAOw==\" data-orig-src=\"https:\/\/lh4.googleusercontent.com\/-bkouMGhQZzo\/VABuWre7bgI\/AAAAAAAACIQ\/cQUD3GBRaI4\/w448-h298-no\/3.JPG\" \/><\/span><\/td>\n<td><span style=\"color: #000000;\"><img decoding=\"async\" class=\"lazyload HAa Eha\" style=\"height: 298px; width: 448px; margin: 10px auto; border-width: 1px; border-style: solid; display: block;\" alt=\"\" src=\"data:image\/gif;base64,R0lGODlhAQABAAAAACH5BAEKAAEALAAAAAABAAEAAAICTAEAOw==\" data-orig-src=\"https:\/\/lh5.googleusercontent.com\/-TOyz9jJs440\/VABuXHJIFGI\/AAAAAAAACIY\/MCC4mwQqB2k\/w448-h298-no\/4.JPG\" \/><\/span><\/td>\n<\/tr>\n<tr>\n<td><span style=\"color: #000000;\"><img decoding=\"async\" class=\"lazyload HAa Eha\" style=\"height: 298px; width: 448px; border-width: 1px; border-style: solid; margin: 10px auto; display: block;\" alt=\"\" src=\"data:image\/gif;base64,R0lGODlhAQABAAAAACH5BAEKAAEALAAAAAABAAEAAAICTAEAOw==\" data-orig-src=\"https:\/\/lh6.googleusercontent.com\/-65L4VB4s-MI\/VABuXuWJgAI\/AAAAAAAACI0\/66caUXN7mRk\/w448-h298-no\/5.JPG\" \/><\/span><\/td>\n<td><span style=\"color: #000000;\"><img decoding=\"async\" class=\"lazyload HAa Eha\" style=\"height: 298px; width: 448px; margin: 10px auto; border-width: 1px; border-style: solid; display: block;\" alt=\"\" src=\"data:image\/gif;base64,R0lGODlhAQABAAAAACH5BAEKAAEALAAAAAABAAEAAAICTAEAOw==\" data-orig-src=\"https:\/\/lh6.googleusercontent.com\/-jATi8VEw-wc\/VABuZq-b7xI\/AAAAAAAACJM\/UhhLhxPb78U\/w448-h298-no\/shtese%2B3.JPG\" \/><\/span><\/td>\n<\/tr>\n<tr>\n<td>\n<div><span style=\"color: #000000;\"><img decoding=\"async\" class=\"lazyload HAa Eha\" style=\"height: 448px; width: 298px; margin: 10px auto; border-width: 1px; border-style: solid; display: block;\" alt=\"\" src=\"data:image\/gif;base64,R0lGODlhAQABAAAAACH5BAEKAAEALAAAAAABAAEAAAICTAEAOw==\" data-orig-src=\"https:\/\/lh4.googleusercontent.com\/-3lR4TjhoAUU\/VABuYB0NIMI\/AAAAAAAACIc\/EmovAUnsGSE\/w298-h448-no\/shtese%2B1.JPG\" \/><\/span><\/div>\n<\/td>\n<td>\n<div><span style=\"color: #000000;\"><img decoding=\"async\" class=\"lazyload HAa Eha\" style=\"height: 448px; width: 298px; margin: 10px auto; border-width: 1px; border-style: solid; display: block;\" alt=\"\" src=\"data:image\/gif;base64,R0lGODlhAQABAAAAACH5BAEKAAEALAAAAAABAAEAAAICTAEAOw==\" data-orig-src=\"https:\/\/lh4.googleusercontent.com\/-Qn6MFIHbbZs\/VABuY9MmUCI\/AAAAAAAACIo\/jisw2pPcpag\/w298-h448-no\/shtese%2B2.JPG\" \/><\/span><\/div>\n<\/td>\n<\/tr>\n<tr>\n<td>\n<div><span style=\"color: #000000;\"><img decoding=\"async\" class=\"lazyload HAa Eha\" style=\"height: 500px; width: 298px; margin: 10px auto; border-width: 1px; border-style: solid; display: block;\" alt=\"\" src=\"data:image\/gif;base64,R0lGODlhAQABAAAAACH5BAEKAAEALAAAAAABAAEAAAICTAEAOw==\" data-orig-src=\"https:\/\/lh3.googleusercontent.com\/-nHl4sv0XS3g\/VABuZ3KXLMI\/AAAAAAAACI8\/v2RlV8vMmec\/w267-h448-no\/shtese%2B5.JPG\" \/><\/span><\/div>\n<\/td>\n<td>\n<div><span style=\"color: #000000;\"><img decoding=\"async\" class=\"lazyload HAa Eha\" style=\"margin: 10px auto; width: 296px; height: 499px; border-width: 1px; border-style: solid; display: block;\" alt=\"\" src=\"data:image\/gif;base64,R0lGODlhAQABAAAAACH5BAEKAAEALAAAAAABAAEAAAICTAEAOw==\" data-orig-src=\"https:\/\/lh3.googleusercontent.com\/-vUS12SNBEGU\/VABua9uF6bI\/AAAAAAAACJE\/CnwUoYHAgvc\/w209-h314-no\/shtese%2B6.JPG\" \/><\/span><\/div>\n<\/td>\n<\/tr>\n<\/tbody>\n<\/table>\n","protected":false},"excerpt":{"rendered":"<p>&nbsp; &nbsp; T\u00eb Enjten e Madhe t\u00eb Shenjt\u00eb Et\u00ebrit e Hyjsh\u00ebm q\u00eb i urdh\u00ebruan t\u00eb gjitha mir\u00eb, si\u00e7 i mor\u00ebn prej Apostujve t\u00eb hyjsh\u00ebm dhe prej Ungjijve t\u00eb Shenjt\u00ebruar na kan\u00eb dh\u00ebn\u00eb t\u00eb kremtojm\u00eb k\u00ebto t\u00eb katra:Lajtoren e shenjt\u00ebruar, Dark\u00ebn mistike, Faljen e sip\u00ebrnatyrshme dhe Tradh\u00ebtin\u00eb vet\u00eb. Duke u afruar t\u00eb gjith\u00eb tek tryeza mistike me frik\u00eb, le t\u00eb presim buk\u00ebn me shpirt t\u00eb paqsh\u00ebm,<\/p>\n","protected":false},"author":1,"featured_media":0,"comment_status":"open","ping_status":"open","sticky":false,"template":"","format":"standard","meta":{"_acf_changed":false,"pagelayer_contact_templates":[],"_pagelayer_content":"","inline_featured_image":false,"fifu_image_url":"","fifu_image_alt":"","footnotes":""},"categories":[108],"tags":[143,196,201,212,189],"class_list":["post-1220","post","type-post","status-publish","format-standard","hentry","category-lajme","tag-143","tag-tirane","tag-kryepiskopi-anastas","tag-lajme-d27","tag-pashke-2014"],"acf":[],"yoast_head":"<!-- This site is optimized with the Yoast SEO plugin v27.2 - https:\/\/yoast.com\/product\/yoast-seo-wordpress\/ -->\n<title>Speciale - E Enjtja e Madhe - 2011 - Kisha Orthodh\u03bfkse Autoqefale e Shqip\u00ebris\u00eb<\/title>\n<meta name=\"robots\" content=\"index, follow, max-snippet:-1, max-image-preview:large, max-video-preview:-1\" \/>\n<link rel=\"canonical\" href=\"https:\/\/orthodoxalbania.org\/2020\/2013\/03\/21\/speciale-e-enjtja-e-madhe\/\" \/>\n<meta property=\"og:locale\" content=\"en_US\" \/>\n<meta property=\"og:type\" content=\"article\" \/>\n<meta property=\"og:title\" content=\"Speciale - E Enjtja e Madhe - 2011 - Kisha Orthodh\u03bfkse Autoqefale e Shqip\u00ebris\u00eb\" \/>\n<meta property=\"og:description\" content=\"&nbsp; &nbsp; T\u00eb Enjten e Madhe t\u00eb Shenjt\u00eb Et\u00ebrit e Hyjsh\u00ebm q\u00eb i urdh\u00ebruan t\u00eb gjitha mir\u00eb, si\u00e7 i mor\u00ebn prej Apostujve t\u00eb hyjsh\u00ebm dhe prej Ungjijve t\u00eb Shenjt\u00ebruar na kan\u00eb dh\u00ebn\u00eb t\u00eb kremtojm\u00eb k\u00ebto t\u00eb katra:Lajtoren e shenjt\u00ebruar, Dark\u00ebn mistike, Faljen e sip\u00ebrnatyrshme dhe Tradh\u00ebtin\u00eb vet\u00eb. Duke u afruar t\u00eb gjith\u00eb tek tryeza mistike me frik\u00eb, le t\u00eb presim buk\u00ebn me shpirt t\u00eb paqsh\u00ebm,\" \/>\n<meta property=\"og:url\" content=\"https:\/\/orthodoxalbania.org\/2020\/2013\/03\/21\/speciale-e-enjtja-e-madhe\/\" \/>\n<meta property=\"og:site_name\" content=\"Kisha Orthodh\u03bfkse Autoqefale e Shqip\u00ebris\u00eb\" \/>\n<meta property=\"article:publisher\" content=\"https:\/\/www.facebook.com\/koash1991\" \/>\n<meta property=\"article:published_time\" content=\"2013-03-21T09:25:40+00:00\" \/>\n<meta property=\"article:modified_time\" content=\"2020-04-06T20:32:07+00:00\" \/>\n<meta property=\"og:image\" content=\"https:\/\/lh5.googleusercontent.com\/-ANHhmTdMmrY\/VABuV_1A8WI\/AAAAAAAACJQ\/0PFNVJdSMWY\/w309-h448-no\/0.JPG\" \/>\n<meta name=\"author\" content=\"Kisha Orthodhokse\" \/>\n<meta name=\"twitter:card\" content=\"summary_large_image\" \/>\n<meta name=\"twitter:label1\" content=\"Written by\" \/>\n\t<meta name=\"twitter:data1\" content=\"Kisha Orthodhokse\" \/>\n\t<meta name=\"twitter:label2\" content=\"Est. reading time\" \/>\n\t<meta name=\"twitter:data2\" content=\"1 minute\" \/>\n<script type=\"application\/ld+json\" class=\"yoast-schema-graph\">{\"@context\":\"https:\/\/schema.org\",\"@graph\":[{\"@type\":\"Article\",\"@id\":\"https:\/\/orthodoxalbania.org\/2020\/2013\/03\/21\/speciale-e-enjtja-e-madhe\/#article\",\"isPartOf\":{\"@id\":\"https:\/\/orthodoxalbania.org\/2020\/2013\/03\/21\/speciale-e-enjtja-e-madhe\/\"},\"author\":{\"name\":\"Kisha Orthodhokse\",\"@id\":\"https:\/\/orthodoxalbania.org\/2020\/#\/schema\/person\/0c387634a7063ac612d7ed9ce71c7e86\"},\"headline\":\"Speciale &#8211; E Enjtja e Madhe &#8211; 2011\",\"datePublished\":\"2013-03-21T09:25:40+00:00\",\"dateModified\":\"2020-04-06T20:32:07+00:00\",\"mainEntityOfPage\":{\"@id\":\"https:\/\/orthodoxalbania.org\/2020\/2013\/03\/21\/speciale-e-enjtja-e-madhe\/\"},\"wordCount\":202,\"commentCount\":0,\"publisher\":{\"@id\":\"https:\/\/orthodoxalbania.org\/2020\/#organization\"},\"image\":{\"@id\":\"https:\/\/orthodoxalbania.org\/2020\/2013\/03\/21\/speciale-e-enjtja-e-madhe\/#primaryimage\"},\"thumbnailUrl\":\"https:\/\/lh5.googleusercontent.com\/-ANHhmTdMmrY\/VABuV_1A8WI\/AAAAAAAACJQ\/0PFNVJdSMWY\/w309-h448-no\/0.JPG\",\"keywords\":[\"2011\",\"Kryepiskopata Tiran\u00eb\",\"Kryepiskopi Anastas\",\"lajme\",\"Pashk\u00eb\"],\"articleSection\":[\"Lajme\"],\"inLanguage\":\"en-US\"},{\"@type\":\"WebPage\",\"@id\":\"https:\/\/orthodoxalbania.org\/2020\/2013\/03\/21\/speciale-e-enjtja-e-madhe\/\",\"url\":\"https:\/\/orthodoxalbania.org\/2020\/2013\/03\/21\/speciale-e-enjtja-e-madhe\/\",\"name\":\"Speciale - E Enjtja e Madhe - 2011 - Kisha Orthodh\u03bfkse Autoqefale e Shqip\u00ebris\u00eb\",\"isPartOf\":{\"@id\":\"https:\/\/orthodoxalbania.org\/2020\/#website\"},\"primaryImageOfPage\":{\"@id\":\"https:\/\/orthodoxalbania.org\/2020\/2013\/03\/21\/speciale-e-enjtja-e-madhe\/#primaryimage\"},\"image\":{\"@id\":\"https:\/\/orthodoxalbania.org\/2020\/2013\/03\/21\/speciale-e-enjtja-e-madhe\/#primaryimage\"},\"thumbnailUrl\":\"https:\/\/lh5.googleusercontent.com\/-ANHhmTdMmrY\/VABuV_1A8WI\/AAAAAAAACJQ\/0PFNVJdSMWY\/w309-h448-no\/0.JPG\",\"datePublished\":\"2013-03-21T09:25:40+00:00\",\"dateModified\":\"2020-04-06T20:32:07+00:00\",\"breadcrumb\":{\"@id\":\"https:\/\/orthodoxalbania.org\/2020\/2013\/03\/21\/speciale-e-enjtja-e-madhe\/#breadcrumb\"},\"inLanguage\":\"en-US\",\"potentialAction\":[{\"@type\":\"ReadAction\",\"target\":[\"https:\/\/orthodoxalbania.org\/2020\/2013\/03\/21\/speciale-e-enjtja-e-madhe\/\"]}]},{\"@type\":\"ImageObject\",\"inLanguage\":\"en-US\",\"@id\":\"https:\/\/orthodoxalbania.org\/2020\/2013\/03\/21\/speciale-e-enjtja-e-madhe\/#primaryimage\",\"url\":\"https:\/\/lh5.googleusercontent.com\/-ANHhmTdMmrY\/VABuV_1A8WI\/AAAAAAAACJQ\/0PFNVJdSMWY\/w309-h448-no\/0.JPG\",\"contentUrl\":\"https:\/\/lh5.googleusercontent.com\/-ANHhmTdMmrY\/VABuV_1A8WI\/AAAAAAAACJQ\/0PFNVJdSMWY\/w309-h448-no\/0.JPG\"},{\"@type\":\"BreadcrumbList\",\"@id\":\"https:\/\/orthodoxalbania.org\/2020\/2013\/03\/21\/speciale-e-enjtja-e-madhe\/#breadcrumb\",\"itemListElement\":[{\"@type\":\"ListItem\",\"position\":1,\"name\":\"Home\",\"item\":\"https:\/\/orthodoxalbania.org\/2020\/\"},{\"@type\":\"ListItem\",\"position\":2,\"name\":\"Speciale &#8211; E Enjtja e Madhe &#8211; 2011\"}]},{\"@type\":\"WebSite\",\"@id\":\"https:\/\/orthodoxalbania.org\/2020\/#website\",\"url\":\"https:\/\/orthodoxalbania.org\/2020\/\",\"name\":\"Kisha Orthodh\u03bfkse Autoqefale e Shqip\u00ebris\u00eb\",\"description\":\"Fqja Zyrtare e Kish\u00ebs Orthodhokse Autoqefale e Shqip\u00ebris\u00eb me lajmet edhe informacionet zyrtare p\u00ebr struktur\u00ebn edhe veprimtarin e saj.\",\"publisher\":{\"@id\":\"https:\/\/orthodoxalbania.org\/2020\/#organization\"},\"potentialAction\":[{\"@type\":\"SearchAction\",\"target\":{\"@type\":\"EntryPoint\",\"urlTemplate\":\"https:\/\/orthodoxalbania.org\/2020\/?s={search_term_string}\"},\"query-input\":{\"@type\":\"PropertyValueSpecification\",\"valueRequired\":true,\"valueName\":\"search_term_string\"}}],\"inLanguage\":\"en-US\"},{\"@type\":\"Organization\",\"@id\":\"https:\/\/orthodoxalbania.org\/2020\/#organization\",\"name\":\"Kisha Orthodhokse Autoqefale e Shqip\u00ebris\u00eb\",\"url\":\"https:\/\/orthodoxalbania.org\/2020\/\",\"logo\":{\"@type\":\"ImageObject\",\"inLanguage\":\"en-US\",\"@id\":\"https:\/\/orthodoxalbania.org\/2020\/#\/schema\/logo\/image\/\",\"url\":\"https:\/\/orthodoxalbania.org\/2020\/wp-content\/uploads\/2020\/05\/albania.jpeg\",\"contentUrl\":\"https:\/\/orthodoxalbania.org\/2020\/wp-content\/uploads\/2020\/05\/albania.jpeg\",\"width\":540,\"height\":540,\"caption\":\"Kisha Orthodhokse Autoqefale e Shqip\u00ebris\u00eb\"},\"image\":{\"@id\":\"https:\/\/orthodoxalbania.org\/2020\/#\/schema\/logo\/image\/\"},\"sameAs\":[\"https:\/\/www.facebook.com\/koash1991\"]},{\"@type\":\"Person\",\"@id\":\"https:\/\/orthodoxalbania.org\/2020\/#\/schema\/person\/0c387634a7063ac612d7ed9ce71c7e86\",\"name\":\"Kisha Orthodhokse\",\"image\":{\"@type\":\"ImageObject\",\"inLanguage\":\"en-US\",\"@id\":\"https:\/\/secure.gravatar.com\/avatar\/596e7c417251e30f2fbb9c00e026fce61a695a00e51c889caded71c96cbbdde5?s=96&d=mm&r=g\",\"url\":\"https:\/\/secure.gravatar.com\/avatar\/596e7c417251e30f2fbb9c00e026fce61a695a00e51c889caded71c96cbbdde5?s=96&d=mm&r=g\",\"contentUrl\":\"https:\/\/secure.gravatar.com\/avatar\/596e7c417251e30f2fbb9c00e026fce61a695a00e51c889caded71c96cbbdde5?s=96&d=mm&r=g\",\"caption\":\"Kisha Orthodhokse\"}}]}<\/script>\n<!-- \/ Yoast SEO plugin. -->","yoast_head_json":{"title":"Speciale - E Enjtja e Madhe - 2011 - Kisha Orthodh\u03bfkse Autoqefale e Shqip\u00ebris\u00eb","robots":{"index":"index","follow":"follow","max-snippet":"max-snippet:-1","max-image-preview":"max-image-preview:large","max-video-preview":"max-video-preview:-1"},"canonical":"https:\/\/orthodoxalbania.org\/2020\/2013\/03\/21\/speciale-e-enjtja-e-madhe\/","og_locale":"en_US","og_type":"article","og_title":"Speciale - E Enjtja e Madhe - 2011 - Kisha Orthodh\u03bfkse Autoqefale e Shqip\u00ebris\u00eb","og_description":"&nbsp; &nbsp; T\u00eb Enjten e Madhe t\u00eb Shenjt\u00eb Et\u00ebrit e Hyjsh\u00ebm q\u00eb i urdh\u00ebruan t\u00eb gjitha mir\u00eb, si\u00e7 i mor\u00ebn prej Apostujve t\u00eb hyjsh\u00ebm dhe prej Ungjijve t\u00eb Shenjt\u00ebruar na kan\u00eb dh\u00ebn\u00eb t\u00eb kremtojm\u00eb k\u00ebto t\u00eb katra:Lajtoren e shenjt\u00ebruar, Dark\u00ebn mistike, Faljen e sip\u00ebrnatyrshme dhe Tradh\u00ebtin\u00eb vet\u00eb. Duke u afruar t\u00eb gjith\u00eb tek tryeza mistike me frik\u00eb, le t\u00eb presim buk\u00ebn me shpirt t\u00eb paqsh\u00ebm,","og_url":"https:\/\/orthodoxalbania.org\/2020\/2013\/03\/21\/speciale-e-enjtja-e-madhe\/","og_site_name":"Kisha Orthodh\u03bfkse Autoqefale e Shqip\u00ebris\u00eb","article_publisher":"https:\/\/www.facebook.com\/koash1991","article_published_time":"2013-03-21T09:25:40+00:00","article_modified_time":"2020-04-06T20:32:07+00:00","og_image":[{"url":"https:\/\/lh5.googleusercontent.com\/-ANHhmTdMmrY\/VABuV_1A8WI\/AAAAAAAACJQ\/0PFNVJdSMWY\/w309-h448-no\/0.JPG","type":"","width":"","height":""}],"author":"Kisha Orthodhokse","twitter_card":"summary_large_image","twitter_misc":{"Written by":"Kisha Orthodhokse","Est. reading time":"1 minute"},"schema":{"@context":"https:\/\/schema.org","@graph":[{"@type":"Article","@id":"https:\/\/orthodoxalbania.org\/2020\/2013\/03\/21\/speciale-e-enjtja-e-madhe\/#article","isPartOf":{"@id":"https:\/\/orthodoxalbania.org\/2020\/2013\/03\/21\/speciale-e-enjtja-e-madhe\/"},"author":{"name":"Kisha Orthodhokse","@id":"https:\/\/orthodoxalbania.org\/2020\/#\/schema\/person\/0c387634a7063ac612d7ed9ce71c7e86"},"headline":"Speciale &#8211; E Enjtja e Madhe &#8211; 2011","datePublished":"2013-03-21T09:25:40+00:00","dateModified":"2020-04-06T20:32:07+00:00","mainEntityOfPage":{"@id":"https:\/\/orthodoxalbania.org\/2020\/2013\/03\/21\/speciale-e-enjtja-e-madhe\/"},"wordCount":202,"commentCount":0,"publisher":{"@id":"https:\/\/orthodoxalbania.org\/2020\/#organization"},"image":{"@id":"https:\/\/orthodoxalbania.org\/2020\/2013\/03\/21\/speciale-e-enjtja-e-madhe\/#primaryimage"},"thumbnailUrl":"https:\/\/lh5.googleusercontent.com\/-ANHhmTdMmrY\/VABuV_1A8WI\/AAAAAAAACJQ\/0PFNVJdSMWY\/w309-h448-no\/0.JPG","keywords":["2011","Kryepiskopata Tiran\u00eb","Kryepiskopi Anastas","lajme","Pashk\u00eb"],"articleSection":["Lajme"],"inLanguage":"en-US"},{"@type":"WebPage","@id":"https:\/\/orthodoxalbania.org\/2020\/2013\/03\/21\/speciale-e-enjtja-e-madhe\/","url":"https:\/\/orthodoxalbania.org\/2020\/2013\/03\/21\/speciale-e-enjtja-e-madhe\/","name":"Speciale - E Enjtja e Madhe - 2011 - Kisha Orthodh\u03bfkse Autoqefale e Shqip\u00ebris\u00eb","isPartOf":{"@id":"https:\/\/orthodoxalbania.org\/2020\/#website"},"primaryImageOfPage":{"@id":"https:\/\/orthodoxalbania.org\/2020\/2013\/03\/21\/speciale-e-enjtja-e-madhe\/#primaryimage"},"image":{"@id":"https:\/\/orthodoxalbania.org\/2020\/2013\/03\/21\/speciale-e-enjtja-e-madhe\/#primaryimage"},"thumbnailUrl":"https:\/\/lh5.googleusercontent.com\/-ANHhmTdMmrY\/VABuV_1A8WI\/AAAAAAAACJQ\/0PFNVJdSMWY\/w309-h448-no\/0.JPG","datePublished":"2013-03-21T09:25:40+00:00","dateModified":"2020-04-06T20:32:07+00:00","breadcrumb":{"@id":"https:\/\/orthodoxalbania.org\/2020\/2013\/03\/21\/speciale-e-enjtja-e-madhe\/#breadcrumb"},"inLanguage":"en-US","potentialAction":[{"@type":"ReadAction","target":["https:\/\/orthodoxalbania.org\/2020\/2013\/03\/21\/speciale-e-enjtja-e-madhe\/"]}]},{"@type":"ImageObject","inLanguage":"en-US","@id":"https:\/\/orthodoxalbania.org\/2020\/2013\/03\/21\/speciale-e-enjtja-e-madhe\/#primaryimage","url":"https:\/\/lh5.googleusercontent.com\/-ANHhmTdMmrY\/VABuV_1A8WI\/AAAAAAAACJQ\/0PFNVJdSMWY\/w309-h448-no\/0.JPG","contentUrl":"https:\/\/lh5.googleusercontent.com\/-ANHhmTdMmrY\/VABuV_1A8WI\/AAAAAAAACJQ\/0PFNVJdSMWY\/w309-h448-no\/0.JPG"},{"@type":"BreadcrumbList","@id":"https:\/\/orthodoxalbania.org\/2020\/2013\/03\/21\/speciale-e-enjtja-e-madhe\/#breadcrumb","itemListElement":[{"@type":"ListItem","position":1,"name":"Home","item":"https:\/\/orthodoxalbania.org\/2020\/"},{"@type":"ListItem","position":2,"name":"Speciale &#8211; E Enjtja e Madhe &#8211; 2011"}]},{"@type":"WebSite","@id":"https:\/\/orthodoxalbania.org\/2020\/#website","url":"https:\/\/orthodoxalbania.org\/2020\/","name":"Kisha Orthodh\u03bfkse Autoqefale e Shqip\u00ebris\u00eb","description":"Fqja Zyrtare e Kish\u00ebs Orthodhokse Autoqefale e Shqip\u00ebris\u00eb me lajmet edhe informacionet zyrtare p\u00ebr struktur\u00ebn edhe veprimtarin e saj.","publisher":{"@id":"https:\/\/orthodoxalbania.org\/2020\/#organization"},"potentialAction":[{"@type":"SearchAction","target":{"@type":"EntryPoint","urlTemplate":"https:\/\/orthodoxalbania.org\/2020\/?s={search_term_string}"},"query-input":{"@type":"PropertyValueSpecification","valueRequired":true,"valueName":"search_term_string"}}],"inLanguage":"en-US"},{"@type":"Organization","@id":"https:\/\/orthodoxalbania.org\/2020\/#organization","name":"Kisha Orthodhokse Autoqefale e Shqip\u00ebris\u00eb","url":"https:\/\/orthodoxalbania.org\/2020\/","logo":{"@type":"ImageObject","inLanguage":"en-US","@id":"https:\/\/orthodoxalbania.org\/2020\/#\/schema\/logo\/image\/","url":"https:\/\/orthodoxalbania.org\/2020\/wp-content\/uploads\/2020\/05\/albania.jpeg","contentUrl":"https:\/\/orthodoxalbania.org\/2020\/wp-content\/uploads\/2020\/05\/albania.jpeg","width":540,"height":540,"caption":"Kisha Orthodhokse Autoqefale e Shqip\u00ebris\u00eb"},"image":{"@id":"https:\/\/orthodoxalbania.org\/2020\/#\/schema\/logo\/image\/"},"sameAs":["https:\/\/www.facebook.com\/koash1991"]},{"@type":"Person","@id":"https:\/\/orthodoxalbania.org\/2020\/#\/schema\/person\/0c387634a7063ac612d7ed9ce71c7e86","name":"Kisha Orthodhokse","image":{"@type":"ImageObject","inLanguage":"en-US","@id":"https:\/\/secure.gravatar.com\/avatar\/596e7c417251e30f2fbb9c00e026fce61a695a00e51c889caded71c96cbbdde5?s=96&d=mm&r=g","url":"https:\/\/secure.gravatar.com\/avatar\/596e7c417251e30f2fbb9c00e026fce61a695a00e51c889caded71c96cbbdde5?s=96&d=mm&r=g","contentUrl":"https:\/\/secure.gravatar.com\/avatar\/596e7c417251e30f2fbb9c00e026fce61a695a00e51c889caded71c96cbbdde5?s=96&d=mm&r=g","caption":"Kisha Orthodhokse"}}]}},"_links":{"self":[{"href":"https:\/\/orthodoxalbania.org\/2020\/wp-json\/wp\/v2\/posts\/1220","targetHints":{"allow":["GET"]}}],"collection":[{"href":"https:\/\/orthodoxalbania.org\/2020\/wp-json\/wp\/v2\/posts"}],"about":[{"href":"https:\/\/orthodoxalbania.org\/2020\/wp-json\/wp\/v2\/types\/post"}],"author":[{"embeddable":true,"href":"https:\/\/orthodoxalbania.org\/2020\/wp-json\/wp\/v2\/users\/1"}],"replies":[{"embeddable":true,"href":"https:\/\/orthodoxalbania.org\/2020\/wp-json\/wp\/v2\/comments?post=1220"}],"version-history":[{"count":1,"href":"https:\/\/orthodoxalbania.org\/2020\/wp-json\/wp\/v2\/posts\/1220\/revisions"}],"predecessor-version":[{"id":15403,"href":"https:\/\/orthodoxalbania.org\/2020\/wp-json\/wp\/v2\/posts\/1220\/revisions\/15403"}],"wp:attachment":[{"href":"https:\/\/orthodoxalbania.org\/2020\/wp-json\/wp\/v2\/media?parent=1220"}],"wp:term":[{"taxonomy":"category","embeddable":true,"href":"https:\/\/orthodoxalbania.org\/2020\/wp-json\/wp\/v2\/categories?post=1220"},{"taxonomy":"post_tag","embeddable":true,"href":"https:\/\/orthodoxalbania.org\/2020\/wp-json\/wp\/v2\/tags?post=1220"}],"curies":[{"name":"wp","href":"https:\/\/api.w.org\/{rel}","templated":true}]}}