{"id":1219,"date":"2013-03-21T09:22:46","date_gmt":"2013-03-21T09:22:46","guid":{"rendered":""},"modified":"2020-04-06T22:32:08","modified_gmt":"2020-04-06T20:32:08","slug":"speciale-e-diela-e-dafinave","status":"publish","type":"post","link":"https:\/\/orthodoxalbania.org\/2020\/2013\/03\/21\/speciale-e-diela-e-dafinave\/","title":{"rendered":"Speciale &#8211; E Diela e Dafinave &#8211; 2011"},"content":{"rendered":"<div style=\"text-align: justify;\"><span style=\"color: #000000;\"><span style=\"font-size: 12px;\"><span style=\"font-family: Arial;\"><img decoding=\"async\" class=\"lazyload HAa Eha\" style=\"height: 200px; width: 300px; border-width: 1px; border-style: solid; margin: 10px; float: right;\" alt=\"\" src=\"data:image\/gif;base64,R0lGODlhAQABAAAAACH5BAEKAAEALAAAAAABAAEAAAICTAEAOw==\" data-orig-src=\"https:\/\/lh3.googleusercontent.com\/-lcY53Pub-9Q\/VABfjznZ0fI\/AAAAAAAACCQ\/uNdl7NasFjA\/w600-h399-no\/1_600x399.JPG\" \/>&nbsp;&nbsp; <\/span><\/span><span style=\"font-family: tahoma,geneva,sans-serif;\"><span style=\"font-size: 12px;\">Nisi atmosfera e Jav\u00ebs s\u00eb Madhe n\u00eb Kish\u00ebn ton\u00eb Orthodhokse.Pas ngjalljes s\u00eb Llazarit, Krishti shkoi n\u00eb Vithania n\u00eb Jerusalem. Hyrja e Tij n\u00eb Qytetin e Shenjt\u00eb ishte nj\u00eb tjet\u00ebr triumf. Ai u p\u00ebrsh\u00ebndet nga turmat e njer\u00ebzve q\u00eb e prisnin si Mesia -Mbret t\u00eb Izraelit. Ata e p\u00ebrsh\u00ebndet\u00ebn me tufa lulesh n\u00eb duar dhe me thirrje lavd\u00ebrimi: \u201cHosana! I bekuar \u00ebsht\u00eb Ai q\u00eb vjen n\u00eb emrin e Zotit! Bir i Davidit! Mbret i Izraelit\u201d.<\/span><\/span><\/span><\/div>\n<div style=\"text-align: justify;\"> <span style=\"color: #000000;\"><span style=\"font-family: tahoma,geneva,sans-serif;\"><span style=\"font-size: 12px;\">&nbsp;&nbsp; Ungjilli i lexuar n\u00eb Sh\u00ebrbes\u00ebn e M\u00ebngjesores (Matth. 21:1-11, 15-17) p\u00ebrshkruan hyrjen triumfale t\u00eb Jisuit n\u00eb Jerusalem. N\u00eb fund t\u00eb Sh\u00ebrbes\u00ebs s\u00eb M\u00ebngjesit prifti thot\u00eb nj\u00eb lutje, bekon tufat e dafinave dhe m\u00eb pas i shp\u00ebrndan tek besimtar\u00ebt. Me tufa dafinash n\u00eb duar ne p\u00ebrsh\u00ebndesim Mbretin duke k\u00ebnduar. Ne e pohojm\u00eb at\u00eb si Mbretin dhe Zotin ton\u00eb. Mbret\u00ebria e Per\u00ebndis\u00eb tashm\u00eb ka filluar dhe n\u00eb dit\u00ebn e pag\u00ebzimit ne jemi b\u00ebr\u00eb qytetar\u00eb t\u00eb tij duke premtuar p\u00ebr t\u00eb qen\u00eb besnik\u00eb. Kur ne marrim nga prifti tuf\u00ebn e dafinave, duke p\u00ebrt\u00ebrir\u00eb betimin ton\u00eb tek Mbreti yn\u00eb dhe duke pohuar se jetojm\u00eb n\u00eb Mbret\u00ebrin\u00eb e Tij dhe \u00e7do gj\u00eb n\u00eb jet\u00ebn ton\u00eb i p\u00ebrket Krishtit, asgj\u00eb nuk mund t\u00eb na largoj\u00eb nga Zot\u00ebruesi yn\u00eb i v\u00ebrtet\u00eb.<\/span><\/span><\/span><\/div>\n<div style=\"text-align: justify;\"> <span style=\"color: #000000;\"><span style=\"font-family: tahoma,geneva,sans-serif;\"><span style=\"font-size: 12px;\">&nbsp; &nbsp; Ne e dim\u00eb se Mbret\u00ebria \u00ebsht\u00eb n\u00eb rrug\u00ebn e Tij p\u00ebr n\u00eb Golgotha, n\u00eb kryq\u00ebzimin dhe n\u00eb varr. Ne e dim\u00eb se ky triumf \u00ebsht\u00eb prolog i sakrific\u00ebs s\u00eb Tij. Tufat n\u00eb duar tregojn\u00eb gatishm\u00ebrin\u00eb p\u00ebr ta ndjekur At\u00eb n\u00eb k\u00ebt\u00eb rrug\u00eb t\u00eb sakrifikimit. Pranimi yn\u00eb i sakrific\u00ebs dhe vet\u00ebmohimi \u00ebsht\u00eb e vetmja rrug\u00eb p\u00ebr n\u00eb Mbret\u00ebri<\/span><\/span><\/span><\/div>\n<div style=\"text-align: justify;\"> <span style=\"color: #000000;\"><span style=\"font-family: tahoma,geneva,sans-serif;\"><span style=\"font-size: 12px;\">&nbsp;&nbsp;&nbsp; N\u00eb vijim, po publikojm\u00eb p\u00ebrmes fotoografive, momente nga kjo dit\u00eb n\u00eb Tiran\u00eb.<br \/> <\/span><\/span><\/span><\/div>\n<div style=\"text-align: justify;\">&nbsp;<\/div>\n<div style=\"text-align: justify;\">&nbsp;<\/div>\n<div style=\"text-align: justify;\">&nbsp;<\/div>\n<div style=\"text-align: justify;\">&nbsp;<\/div>\n<div style=\"text-align: justify;\">&nbsp;<\/div>\n<table style=\"width: 1004px; height: 2099px;\" border=\"0\">\n<tbody>\n<tr>\n<td>\n<div><span style=\"color: #000000;\"><span style=\"font-size: 12px;\"><span style=\"font-family: Arial;\"><img decoding=\"async\" class=\"lazyload HAa Eha\" style=\"height: 451px; width: 300px; margin: 10px auto; border-width: 1px; border-style: solid; display: block;\" alt=\"\" src=\"data:image\/gif;base64,R0lGODlhAQABAAAAACH5BAEKAAEALAAAAAABAAEAAAICTAEAOw==\" data-orig-src=\"https:\/\/lh5.googleusercontent.com\/-Goo2aQ9fBWA\/VABfk4D71lI\/AAAAAAAACCs\/6YcD5QzI0Mg\/w399-h600-no\/3_399x600.JPG\" \/><\/span><\/span><\/span><\/div>\n<\/td>\n<td>\n<div><span style=\"color: #000000;\"><span style=\"font-size: 12px;\"><span style=\"font-family: Arial;\"><img decoding=\"async\" class=\"lazyload HAa Eha\" style=\"height: 451px; width: 300px; margin: 10px auto; border-width: 1px; border-style: solid; display: block;\" alt=\"\" src=\"data:image\/gif;base64,R0lGODlhAQABAAAAACH5BAEKAAEALAAAAAABAAEAAAICTAEAOw==\" data-orig-src=\"https:\/\/lh6.googleusercontent.com\/-npQUEshwMo8\/VABfmsN9aiI\/AAAAAAAACCg\/jZ2tKMtlciQ\/w399-h600-no\/4_399x600.JPG\" \/><\/span><\/span><\/span><\/div>\n<\/td>\n<\/tr>\n<tr>\n<td><span style=\"color: #000000;\"><img decoding=\"async\" class=\"lazyload HAa Eha\" style=\"height: 299px; width: 450px; margin: 10px auto; border-width: 1px; border-style: solid; display: block;\" alt=\"\" src=\"data:image\/gif;base64,R0lGODlhAQABAAAAACH5BAEKAAEALAAAAAABAAEAAAICTAEAOw==\" data-orig-src=\"https:\/\/lh3.googleusercontent.com\/-SPi-gmroISA\/VABfknAAb-I\/AAAAAAAACCc\/IcooGY1j3sg\/w600-h399-no\/2_600x399.JPG\" \/><\/span><\/td>\n<td><span style=\"color: #000000;\"><img decoding=\"async\" class=\"lazyload HAa Eha\" style=\"height: 299px; width: 450px; margin: 10px auto; border-width: 1px; border-style: solid; display: block;\" alt=\"\" src=\"data:image\/gif;base64,R0lGODlhAQABAAAAACH5BAEKAAEALAAAAAABAAEAAAICTAEAOw==\" data-orig-src=\"https:\/\/lh5.googleusercontent.com\/-nTeq5XbYmss\/VABfnSB3iwI\/AAAAAAAACDI\/eJdSOtmsiWE\/w600-h399-no\/5_600x399.JPG\" \/><\/span><\/td>\n<\/tr>\n<tr>\n<td><span style=\"color: #000000;\"><img decoding=\"async\" class=\"lazyload HAa Eha\" style=\"height: 299px; width: 450px; margin: 10px auto; border-width: 1px; border-style: solid; display: block;\" alt=\"\" src=\"data:image\/gif;base64,R0lGODlhAQABAAAAACH5BAEKAAEALAAAAAABAAEAAAICTAEAOw==\" data-orig-src=\"https:\/\/lh3.googleusercontent.com\/-lcY53Pub-9Q\/VABfjznZ0fI\/AAAAAAAACCQ\/uNdl7NasFjA\/w600-h399-no\/1_600x399.JPG\" \/><\/span><\/td>\n<td><span style=\"color: #000000;\"><img decoding=\"async\" class=\"lazyload HAa Eha\" style=\"height: 299px; width: 450px; margin: 10px auto; border-width: 1px; border-style: solid; display: block;\" alt=\"\" src=\"data:image\/gif;base64,R0lGODlhAQABAAAAACH5BAEKAAEALAAAAAABAAEAAAICTAEAOw==\" data-orig-src=\"https:\/\/lh4.googleusercontent.com\/--rcxXhVuuHs\/VABfnqQ3smI\/AAAAAAAACDM\/dSg15epSPr8\/w600-h399-no\/7_600x399.JPG\" \/><\/span><\/td>\n<\/tr>\n<tr>\n<td><span style=\"color: #000000;\"><img decoding=\"async\" class=\"lazyload HAa Eha\" style=\"height: 299px; width: 450px; margin: 10px auto; border-width: 1px; border-style: solid; display: block;\" alt=\"\" src=\"data:image\/gif;base64,R0lGODlhAQABAAAAACH5BAEKAAEALAAAAAABAAEAAAICTAEAOw==\" data-orig-src=\"https:\/\/lh5.googleusercontent.com\/-rx4K2Tj5soo\/VABfooFW5NI\/AAAAAAAACC8\/eXtToKahx54\/w600-h399-no\/8_600x399.JPG\" \/><\/span><\/td>\n<td><span style=\"color: #000000;\"><img decoding=\"async\" class=\"lazyload HAa Eha\" style=\"height: 299px; width: 450px; margin: 10px auto; border-width: 1px; border-style: solid; display: block;\" alt=\"\" src=\"data:image\/gif;base64,R0lGODlhAQABAAAAACH5BAEKAAEALAAAAAABAAEAAAICTAEAOw==\" data-orig-src=\"https:\/\/lh4.googleusercontent.com\/-6oZuC-MnSMU\/VABfo2mMJYI\/AAAAAAAACDA\/VtpyxkELGvQ\/w600-h399-no\/9_600x399.JPG\" \/><\/span><\/td>\n<\/tr>\n<tr>\n<td><span style=\"color: #000000;\"><img decoding=\"async\" class=\"lazyload HAa Eha\" style=\"height: 299px; width: 450px; margin: 10px auto; border-width: 1px; border-style: solid; display: block;\" alt=\"\" src=\"data:image\/gif;base64,R0lGODlhAQABAAAAACH5BAEKAAEALAAAAAABAAEAAAICTAEAOw==\" data-orig-src=\"https:\/\/lh6.googleusercontent.com\/-A5G8f8x39jY\/VABfptyjA3I\/AAAAAAAACDE\/p8jNzxAsNHw\/w600-h399-no\/10_600x399.JPG\" \/><\/span><\/td>\n<td><span style=\"color: #000000;\"><img decoding=\"async\" class=\"lazyload HAa Eha\" style=\"height: 299px; width: 450px; margin: 10px auto; border-width: 1px; border-style: solid; display: block;\" alt=\"\" src=\"data:image\/gif;base64,R0lGODlhAQABAAAAACH5BAEKAAEALAAAAAABAAEAAAICTAEAOw==\" data-orig-src=\"https:\/\/lh6.googleusercontent.com\/-n5CddZuLiGM\/VABfitMfqYI\/AAAAAAAACDY\/OmWIc22IeYI\/w600-h399-no\/11_600x399.JPG\" \/><\/span><\/td>\n<\/tr>\n<tr>\n<td><span style=\"color: #000000;\"><img decoding=\"async\" class=\"lazyload HAa Eha\" style=\"height: 299px; width: 450px; margin: 10px auto; border-width: 1px; border-style: solid; display: block;\" alt=\"\" src=\"data:image\/gif;base64,R0lGODlhAQABAAAAACH5BAEKAAEALAAAAAABAAEAAAICTAEAOw==\" data-orig-src=\"https:\/\/lh4.googleusercontent.com\/-AVNEds7LW1U\/VABfishRqZI\/AAAAAAAACDY\/J6jyfTfEDAU\/w600-h399-no\/12_600x399.JPG\" \/><\/span><\/td>\n<td><span style=\"color: #000000;\"><img decoding=\"async\" class=\"lazyload HAa Eha\" style=\"height: 299px; width: 450px; margin: 10px auto; border-width: 1px; border-style: solid; display: block;\" alt=\"\" src=\"data:image\/gif;base64,R0lGODlhAQABAAAAACH5BAEKAAEALAAAAAABAAEAAAICTAEAOw==\" data-orig-src=\"https:\/\/lh3.googleusercontent.com\/-mtvau__bips\/VABfjnHspdI\/AAAAAAAACCI\/bPVmxiW70bc\/w600-h399-no\/13_600x399.JPG\" \/><\/span><\/td>\n<\/tr>\n<\/tbody>\n<\/table>\n","protected":false},"excerpt":{"rendered":"<p>&nbsp;&nbsp; Nisi atmosfera e Jav\u00ebs s\u00eb Madhe n\u00eb Kish\u00ebn ton\u00eb Orthodhokse.Pas ngjalljes s\u00eb Llazarit, Krishti shkoi n\u00eb Vithania n\u00eb Jerusalem. Hyrja e Tij n\u00eb Qytetin e Shenjt\u00eb ishte nj\u00eb tjet\u00ebr triumf. Ai u p\u00ebrsh\u00ebndet nga turmat e njer\u00ebzve q\u00eb e prisnin si Mesia -Mbret t\u00eb Izraelit. Ata e p\u00ebrsh\u00ebndet\u00ebn me tufa lulesh n\u00eb duar dhe me thirrje lavd\u00ebrimi: \u201cHosana! I bekuar \u00ebsht\u00eb Ai q\u00eb vjen<\/p>\n","protected":false},"author":1,"featured_media":0,"comment_status":"open","ping_status":"open","sticky":false,"template":"","format":"standard","meta":{"_acf_changed":false,"pagelayer_contact_templates":[],"_pagelayer_content":"","inline_featured_image":false,"fifu_image_url":"","fifu_image_alt":"","footnotes":""},"categories":[108],"tags":[143,196,201,212,189],"class_list":["post-1219","post","type-post","status-publish","format-standard","hentry","category-lajme","tag-143","tag-tirane","tag-kryepiskopi-anastas","tag-lajme-d27","tag-pashke-2014"],"acf":[],"yoast_head":"<!-- This site is optimized with the Yoast SEO plugin v27.2 - https:\/\/yoast.com\/product\/yoast-seo-wordpress\/ -->\n<title>Speciale - E Diela e Dafinave - 2011 - Kisha Orthodh\u03bfkse Autoqefale e Shqip\u00ebris\u00eb<\/title>\n<meta name=\"robots\" content=\"index, follow, max-snippet:-1, max-image-preview:large, max-video-preview:-1\" \/>\n<link rel=\"canonical\" href=\"https:\/\/orthodoxalbania.org\/2020\/2013\/03\/21\/speciale-e-diela-e-dafinave\/\" \/>\n<meta property=\"og:locale\" content=\"en_US\" \/>\n<meta property=\"og:type\" content=\"article\" \/>\n<meta property=\"og:title\" content=\"Speciale - E Diela e Dafinave - 2011 - Kisha Orthodh\u03bfkse Autoqefale e Shqip\u00ebris\u00eb\" \/>\n<meta property=\"og:description\" content=\"&nbsp;&nbsp; Nisi atmosfera e Jav\u00ebs s\u00eb Madhe n\u00eb Kish\u00ebn ton\u00eb Orthodhokse.Pas ngjalljes s\u00eb Llazarit, Krishti shkoi n\u00eb Vithania n\u00eb Jerusalem. Hyrja e Tij n\u00eb Qytetin e Shenjt\u00eb ishte nj\u00eb tjet\u00ebr triumf. Ai u p\u00ebrsh\u00ebndet nga turmat e njer\u00ebzve q\u00eb e prisnin si Mesia -Mbret t\u00eb Izraelit. Ata e p\u00ebrsh\u00ebndet\u00ebn me tufa lulesh n\u00eb duar dhe me thirrje lavd\u00ebrimi: \u201cHosana! I bekuar \u00ebsht\u00eb Ai q\u00eb vjen\" \/>\n<meta property=\"og:url\" content=\"https:\/\/orthodoxalbania.org\/2020\/2013\/03\/21\/speciale-e-diela-e-dafinave\/\" \/>\n<meta property=\"og:site_name\" content=\"Kisha Orthodh\u03bfkse Autoqefale e Shqip\u00ebris\u00eb\" \/>\n<meta property=\"article:publisher\" content=\"https:\/\/www.facebook.com\/koash1991\" \/>\n<meta property=\"article:published_time\" content=\"2013-03-21T09:22:46+00:00\" \/>\n<meta property=\"article:modified_time\" content=\"2020-04-06T20:32:08+00:00\" \/>\n<meta property=\"og:image\" content=\"https:\/\/lh3.googleusercontent.com\/-lcY53Pub-9Q\/VABfjznZ0fI\/AAAAAAAACCQ\/uNdl7NasFjA\/w600-h399-no\/1_600x399.JPG\" \/>\n<meta name=\"author\" content=\"Kisha Orthodhokse\" \/>\n<meta name=\"twitter:card\" content=\"summary_large_image\" \/>\n<meta name=\"twitter:label1\" content=\"Written by\" \/>\n\t<meta name=\"twitter:data1\" content=\"Kisha Orthodhokse\" \/>\n\t<meta name=\"twitter:label2\" content=\"Est. reading time\" \/>\n\t<meta name=\"twitter:data2\" content=\"2 minutes\" \/>\n<script type=\"application\/ld+json\" class=\"yoast-schema-graph\">{\"@context\":\"https:\/\/schema.org\",\"@graph\":[{\"@type\":\"Article\",\"@id\":\"https:\/\/orthodoxalbania.org\/2020\/2013\/03\/21\/speciale-e-diela-e-dafinave\/#article\",\"isPartOf\":{\"@id\":\"https:\/\/orthodoxalbania.org\/2020\/2013\/03\/21\/speciale-e-diela-e-dafinave\/\"},\"author\":{\"name\":\"Kisha Orthodhokse\",\"@id\":\"https:\/\/orthodoxalbania.org\/2020\/#\/schema\/person\/0c387634a7063ac612d7ed9ce71c7e86\"},\"headline\":\"Speciale &#8211; E Diela e Dafinave &#8211; 2011\",\"datePublished\":\"2013-03-21T09:22:46+00:00\",\"dateModified\":\"2020-04-06T20:32:08+00:00\",\"mainEntityOfPage\":{\"@id\":\"https:\/\/orthodoxalbania.org\/2020\/2013\/03\/21\/speciale-e-diela-e-dafinave\/\"},\"wordCount\":338,\"commentCount\":0,\"publisher\":{\"@id\":\"https:\/\/orthodoxalbania.org\/2020\/#organization\"},\"image\":{\"@id\":\"https:\/\/orthodoxalbania.org\/2020\/2013\/03\/21\/speciale-e-diela-e-dafinave\/#primaryimage\"},\"thumbnailUrl\":\"https:\/\/lh3.googleusercontent.com\/-lcY53Pub-9Q\/VABfjznZ0fI\/AAAAAAAACCQ\/uNdl7NasFjA\/w600-h399-no\/1_600x399.JPG\",\"keywords\":[\"2011\",\"Kryepiskopata Tiran\u00eb\",\"Kryepiskopi Anastas\",\"lajme\",\"Pashk\u00eb\"],\"articleSection\":[\"Lajme\"],\"inLanguage\":\"en-US\"},{\"@type\":\"WebPage\",\"@id\":\"https:\/\/orthodoxalbania.org\/2020\/2013\/03\/21\/speciale-e-diela-e-dafinave\/\",\"url\":\"https:\/\/orthodoxalbania.org\/2020\/2013\/03\/21\/speciale-e-diela-e-dafinave\/\",\"name\":\"Speciale - E Diela e Dafinave - 2011 - Kisha Orthodh\u03bfkse Autoqefale e Shqip\u00ebris\u00eb\",\"isPartOf\":{\"@id\":\"https:\/\/orthodoxalbania.org\/2020\/#website\"},\"primaryImageOfPage\":{\"@id\":\"https:\/\/orthodoxalbania.org\/2020\/2013\/03\/21\/speciale-e-diela-e-dafinave\/#primaryimage\"},\"image\":{\"@id\":\"https:\/\/orthodoxalbania.org\/2020\/2013\/03\/21\/speciale-e-diela-e-dafinave\/#primaryimage\"},\"thumbnailUrl\":\"https:\/\/lh3.googleusercontent.com\/-lcY53Pub-9Q\/VABfjznZ0fI\/AAAAAAAACCQ\/uNdl7NasFjA\/w600-h399-no\/1_600x399.JPG\",\"datePublished\":\"2013-03-21T09:22:46+00:00\",\"dateModified\":\"2020-04-06T20:32:08+00:00\",\"breadcrumb\":{\"@id\":\"https:\/\/orthodoxalbania.org\/2020\/2013\/03\/21\/speciale-e-diela-e-dafinave\/#breadcrumb\"},\"inLanguage\":\"en-US\",\"potentialAction\":[{\"@type\":\"ReadAction\",\"target\":[\"https:\/\/orthodoxalbania.org\/2020\/2013\/03\/21\/speciale-e-diela-e-dafinave\/\"]}]},{\"@type\":\"ImageObject\",\"inLanguage\":\"en-US\",\"@id\":\"https:\/\/orthodoxalbania.org\/2020\/2013\/03\/21\/speciale-e-diela-e-dafinave\/#primaryimage\",\"url\":\"https:\/\/lh3.googleusercontent.com\/-lcY53Pub-9Q\/VABfjznZ0fI\/AAAAAAAACCQ\/uNdl7NasFjA\/w600-h399-no\/1_600x399.JPG\",\"contentUrl\":\"https:\/\/lh3.googleusercontent.com\/-lcY53Pub-9Q\/VABfjznZ0fI\/AAAAAAAACCQ\/uNdl7NasFjA\/w600-h399-no\/1_600x399.JPG\"},{\"@type\":\"BreadcrumbList\",\"@id\":\"https:\/\/orthodoxalbania.org\/2020\/2013\/03\/21\/speciale-e-diela-e-dafinave\/#breadcrumb\",\"itemListElement\":[{\"@type\":\"ListItem\",\"position\":1,\"name\":\"Home\",\"item\":\"https:\/\/orthodoxalbania.org\/2020\/\"},{\"@type\":\"ListItem\",\"position\":2,\"name\":\"Speciale &#8211; E Diela e Dafinave &#8211; 2011\"}]},{\"@type\":\"WebSite\",\"@id\":\"https:\/\/orthodoxalbania.org\/2020\/#website\",\"url\":\"https:\/\/orthodoxalbania.org\/2020\/\",\"name\":\"Kisha Orthodh\u03bfkse Autoqefale e Shqip\u00ebris\u00eb\",\"description\":\"Fqja Zyrtare e Kish\u00ebs Orthodhokse Autoqefale e Shqip\u00ebris\u00eb me lajmet edhe informacionet zyrtare p\u00ebr struktur\u00ebn edhe veprimtarin e saj.\",\"publisher\":{\"@id\":\"https:\/\/orthodoxalbania.org\/2020\/#organization\"},\"potentialAction\":[{\"@type\":\"SearchAction\",\"target\":{\"@type\":\"EntryPoint\",\"urlTemplate\":\"https:\/\/orthodoxalbania.org\/2020\/?s={search_term_string}\"},\"query-input\":{\"@type\":\"PropertyValueSpecification\",\"valueRequired\":true,\"valueName\":\"search_term_string\"}}],\"inLanguage\":\"en-US\"},{\"@type\":\"Organization\",\"@id\":\"https:\/\/orthodoxalbania.org\/2020\/#organization\",\"name\":\"Kisha Orthodhokse Autoqefale e Shqip\u00ebris\u00eb\",\"url\":\"https:\/\/orthodoxalbania.org\/2020\/\",\"logo\":{\"@type\":\"ImageObject\",\"inLanguage\":\"en-US\",\"@id\":\"https:\/\/orthodoxalbania.org\/2020\/#\/schema\/logo\/image\/\",\"url\":\"https:\/\/orthodoxalbania.org\/2020\/wp-content\/uploads\/2020\/05\/albania.jpeg\",\"contentUrl\":\"https:\/\/orthodoxalbania.org\/2020\/wp-content\/uploads\/2020\/05\/albania.jpeg\",\"width\":540,\"height\":540,\"caption\":\"Kisha Orthodhokse Autoqefale e Shqip\u00ebris\u00eb\"},\"image\":{\"@id\":\"https:\/\/orthodoxalbania.org\/2020\/#\/schema\/logo\/image\/\"},\"sameAs\":[\"https:\/\/www.facebook.com\/koash1991\"]},{\"@type\":\"Person\",\"@id\":\"https:\/\/orthodoxalbania.org\/2020\/#\/schema\/person\/0c387634a7063ac612d7ed9ce71c7e86\",\"name\":\"Kisha Orthodhokse\",\"image\":{\"@type\":\"ImageObject\",\"inLanguage\":\"en-US\",\"@id\":\"https:\/\/secure.gravatar.com\/avatar\/596e7c417251e30f2fbb9c00e026fce61a695a00e51c889caded71c96cbbdde5?s=96&d=mm&r=g\",\"url\":\"https:\/\/secure.gravatar.com\/avatar\/596e7c417251e30f2fbb9c00e026fce61a695a00e51c889caded71c96cbbdde5?s=96&d=mm&r=g\",\"contentUrl\":\"https:\/\/secure.gravatar.com\/avatar\/596e7c417251e30f2fbb9c00e026fce61a695a00e51c889caded71c96cbbdde5?s=96&d=mm&r=g\",\"caption\":\"Kisha Orthodhokse\"}}]}<\/script>\n<!-- \/ Yoast SEO plugin. -->","yoast_head_json":{"title":"Speciale - E Diela e Dafinave - 2011 - Kisha Orthodh\u03bfkse Autoqefale e Shqip\u00ebris\u00eb","robots":{"index":"index","follow":"follow","max-snippet":"max-snippet:-1","max-image-preview":"max-image-preview:large","max-video-preview":"max-video-preview:-1"},"canonical":"https:\/\/orthodoxalbania.org\/2020\/2013\/03\/21\/speciale-e-diela-e-dafinave\/","og_locale":"en_US","og_type":"article","og_title":"Speciale - E Diela e Dafinave - 2011 - Kisha Orthodh\u03bfkse Autoqefale e Shqip\u00ebris\u00eb","og_description":"&nbsp;&nbsp; Nisi atmosfera e Jav\u00ebs s\u00eb Madhe n\u00eb Kish\u00ebn ton\u00eb Orthodhokse.Pas ngjalljes s\u00eb Llazarit, Krishti shkoi n\u00eb Vithania n\u00eb Jerusalem. Hyrja e Tij n\u00eb Qytetin e Shenjt\u00eb ishte nj\u00eb tjet\u00ebr triumf. Ai u p\u00ebrsh\u00ebndet nga turmat e njer\u00ebzve q\u00eb e prisnin si Mesia -Mbret t\u00eb Izraelit. Ata e p\u00ebrsh\u00ebndet\u00ebn me tufa lulesh n\u00eb duar dhe me thirrje lavd\u00ebrimi: \u201cHosana! I bekuar \u00ebsht\u00eb Ai q\u00eb vjen","og_url":"https:\/\/orthodoxalbania.org\/2020\/2013\/03\/21\/speciale-e-diela-e-dafinave\/","og_site_name":"Kisha Orthodh\u03bfkse Autoqefale e Shqip\u00ebris\u00eb","article_publisher":"https:\/\/www.facebook.com\/koash1991","article_published_time":"2013-03-21T09:22:46+00:00","article_modified_time":"2020-04-06T20:32:08+00:00","og_image":[{"url":"https:\/\/lh3.googleusercontent.com\/-lcY53Pub-9Q\/VABfjznZ0fI\/AAAAAAAACCQ\/uNdl7NasFjA\/w600-h399-no\/1_600x399.JPG","type":"","width":"","height":""}],"author":"Kisha Orthodhokse","twitter_card":"summary_large_image","twitter_misc":{"Written by":"Kisha Orthodhokse","Est. reading time":"2 minutes"},"schema":{"@context":"https:\/\/schema.org","@graph":[{"@type":"Article","@id":"https:\/\/orthodoxalbania.org\/2020\/2013\/03\/21\/speciale-e-diela-e-dafinave\/#article","isPartOf":{"@id":"https:\/\/orthodoxalbania.org\/2020\/2013\/03\/21\/speciale-e-diela-e-dafinave\/"},"author":{"name":"Kisha Orthodhokse","@id":"https:\/\/orthodoxalbania.org\/2020\/#\/schema\/person\/0c387634a7063ac612d7ed9ce71c7e86"},"headline":"Speciale &#8211; E Diela e Dafinave &#8211; 2011","datePublished":"2013-03-21T09:22:46+00:00","dateModified":"2020-04-06T20:32:08+00:00","mainEntityOfPage":{"@id":"https:\/\/orthodoxalbania.org\/2020\/2013\/03\/21\/speciale-e-diela-e-dafinave\/"},"wordCount":338,"commentCount":0,"publisher":{"@id":"https:\/\/orthodoxalbania.org\/2020\/#organization"},"image":{"@id":"https:\/\/orthodoxalbania.org\/2020\/2013\/03\/21\/speciale-e-diela-e-dafinave\/#primaryimage"},"thumbnailUrl":"https:\/\/lh3.googleusercontent.com\/-lcY53Pub-9Q\/VABfjznZ0fI\/AAAAAAAACCQ\/uNdl7NasFjA\/w600-h399-no\/1_600x399.JPG","keywords":["2011","Kryepiskopata Tiran\u00eb","Kryepiskopi Anastas","lajme","Pashk\u00eb"],"articleSection":["Lajme"],"inLanguage":"en-US"},{"@type":"WebPage","@id":"https:\/\/orthodoxalbania.org\/2020\/2013\/03\/21\/speciale-e-diela-e-dafinave\/","url":"https:\/\/orthodoxalbania.org\/2020\/2013\/03\/21\/speciale-e-diela-e-dafinave\/","name":"Speciale - E Diela e Dafinave - 2011 - Kisha Orthodh\u03bfkse Autoqefale e Shqip\u00ebris\u00eb","isPartOf":{"@id":"https:\/\/orthodoxalbania.org\/2020\/#website"},"primaryImageOfPage":{"@id":"https:\/\/orthodoxalbania.org\/2020\/2013\/03\/21\/speciale-e-diela-e-dafinave\/#primaryimage"},"image":{"@id":"https:\/\/orthodoxalbania.org\/2020\/2013\/03\/21\/speciale-e-diela-e-dafinave\/#primaryimage"},"thumbnailUrl":"https:\/\/lh3.googleusercontent.com\/-lcY53Pub-9Q\/VABfjznZ0fI\/AAAAAAAACCQ\/uNdl7NasFjA\/w600-h399-no\/1_600x399.JPG","datePublished":"2013-03-21T09:22:46+00:00","dateModified":"2020-04-06T20:32:08+00:00","breadcrumb":{"@id":"https:\/\/orthodoxalbania.org\/2020\/2013\/03\/21\/speciale-e-diela-e-dafinave\/#breadcrumb"},"inLanguage":"en-US","potentialAction":[{"@type":"ReadAction","target":["https:\/\/orthodoxalbania.org\/2020\/2013\/03\/21\/speciale-e-diela-e-dafinave\/"]}]},{"@type":"ImageObject","inLanguage":"en-US","@id":"https:\/\/orthodoxalbania.org\/2020\/2013\/03\/21\/speciale-e-diela-e-dafinave\/#primaryimage","url":"https:\/\/lh3.googleusercontent.com\/-lcY53Pub-9Q\/VABfjznZ0fI\/AAAAAAAACCQ\/uNdl7NasFjA\/w600-h399-no\/1_600x399.JPG","contentUrl":"https:\/\/lh3.googleusercontent.com\/-lcY53Pub-9Q\/VABfjznZ0fI\/AAAAAAAACCQ\/uNdl7NasFjA\/w600-h399-no\/1_600x399.JPG"},{"@type":"BreadcrumbList","@id":"https:\/\/orthodoxalbania.org\/2020\/2013\/03\/21\/speciale-e-diela-e-dafinave\/#breadcrumb","itemListElement":[{"@type":"ListItem","position":1,"name":"Home","item":"https:\/\/orthodoxalbania.org\/2020\/"},{"@type":"ListItem","position":2,"name":"Speciale &#8211; E Diela e Dafinave &#8211; 2011"}]},{"@type":"WebSite","@id":"https:\/\/orthodoxalbania.org\/2020\/#website","url":"https:\/\/orthodoxalbania.org\/2020\/","name":"Kisha Orthodh\u03bfkse Autoqefale e Shqip\u00ebris\u00eb","description":"Fqja Zyrtare e Kish\u00ebs Orthodhokse Autoqefale e Shqip\u00ebris\u00eb me lajmet edhe informacionet zyrtare p\u00ebr struktur\u00ebn edhe veprimtarin e saj.","publisher":{"@id":"https:\/\/orthodoxalbania.org\/2020\/#organization"},"potentialAction":[{"@type":"SearchAction","target":{"@type":"EntryPoint","urlTemplate":"https:\/\/orthodoxalbania.org\/2020\/?s={search_term_string}"},"query-input":{"@type":"PropertyValueSpecification","valueRequired":true,"valueName":"search_term_string"}}],"inLanguage":"en-US"},{"@type":"Organization","@id":"https:\/\/orthodoxalbania.org\/2020\/#organization","name":"Kisha Orthodhokse Autoqefale e Shqip\u00ebris\u00eb","url":"https:\/\/orthodoxalbania.org\/2020\/","logo":{"@type":"ImageObject","inLanguage":"en-US","@id":"https:\/\/orthodoxalbania.org\/2020\/#\/schema\/logo\/image\/","url":"https:\/\/orthodoxalbania.org\/2020\/wp-content\/uploads\/2020\/05\/albania.jpeg","contentUrl":"https:\/\/orthodoxalbania.org\/2020\/wp-content\/uploads\/2020\/05\/albania.jpeg","width":540,"height":540,"caption":"Kisha Orthodhokse Autoqefale e Shqip\u00ebris\u00eb"},"image":{"@id":"https:\/\/orthodoxalbania.org\/2020\/#\/schema\/logo\/image\/"},"sameAs":["https:\/\/www.facebook.com\/koash1991"]},{"@type":"Person","@id":"https:\/\/orthodoxalbania.org\/2020\/#\/schema\/person\/0c387634a7063ac612d7ed9ce71c7e86","name":"Kisha Orthodhokse","image":{"@type":"ImageObject","inLanguage":"en-US","@id":"https:\/\/secure.gravatar.com\/avatar\/596e7c417251e30f2fbb9c00e026fce61a695a00e51c889caded71c96cbbdde5?s=96&d=mm&r=g","url":"https:\/\/secure.gravatar.com\/avatar\/596e7c417251e30f2fbb9c00e026fce61a695a00e51c889caded71c96cbbdde5?s=96&d=mm&r=g","contentUrl":"https:\/\/secure.gravatar.com\/avatar\/596e7c417251e30f2fbb9c00e026fce61a695a00e51c889caded71c96cbbdde5?s=96&d=mm&r=g","caption":"Kisha Orthodhokse"}}]}},"_links":{"self":[{"href":"https:\/\/orthodoxalbania.org\/2020\/wp-json\/wp\/v2\/posts\/1219","targetHints":{"allow":["GET"]}}],"collection":[{"href":"https:\/\/orthodoxalbania.org\/2020\/wp-json\/wp\/v2\/posts"}],"about":[{"href":"https:\/\/orthodoxalbania.org\/2020\/wp-json\/wp\/v2\/types\/post"}],"author":[{"embeddable":true,"href":"https:\/\/orthodoxalbania.org\/2020\/wp-json\/wp\/v2\/users\/1"}],"replies":[{"embeddable":true,"href":"https:\/\/orthodoxalbania.org\/2020\/wp-json\/wp\/v2\/comments?post=1219"}],"version-history":[{"count":1,"href":"https:\/\/orthodoxalbania.org\/2020\/wp-json\/wp\/v2\/posts\/1219\/revisions"}],"predecessor-version":[{"id":15407,"href":"https:\/\/orthodoxalbania.org\/2020\/wp-json\/wp\/v2\/posts\/1219\/revisions\/15407"}],"wp:attachment":[{"href":"https:\/\/orthodoxalbania.org\/2020\/wp-json\/wp\/v2\/media?parent=1219"}],"wp:term":[{"taxonomy":"category","embeddable":true,"href":"https:\/\/orthodoxalbania.org\/2020\/wp-json\/wp\/v2\/categories?post=1219"},{"taxonomy":"post_tag","embeddable":true,"href":"https:\/\/orthodoxalbania.org\/2020\/wp-json\/wp\/v2\/tags?post=1219"}],"curies":[{"name":"wp","href":"https:\/\/api.w.org\/{rel}","templated":true}]}}