{"id":1218,"date":"2013-03-21T09:24:26","date_gmt":"2013-03-21T09:24:26","guid":{"rendered":""},"modified":"2020-04-06T22:32:07","modified_gmt":"2020-04-06T20:32:07","slug":"speciale-e-marta-e-madhe","status":"publish","type":"post","link":"https:\/\/orthodoxalbania.org\/2020\/2013\/03\/21\/speciale-e-marta-e-madhe\/","title":{"rendered":"SPECIALE &#8211;  E Marta e Madhe &#8211; 2011"},"content":{"rendered":"<p>&nbsp;<\/p>\n<table border=\"0\">\n<tbody>\n<tr>\n<td>\n<div class=\"style7\">\n<div class=\"style10\"><span style=\"color: #000000;\"><img decoding=\"async\" class=\"lazyload HAa Eha\" style=\"height: 160px; width: 240px; border-width: 1px; border-style: solid; margin: 10px; float: left;\" alt=\"\" src=\"data:image\/gif;base64,R0lGODlhAQABAAAAACH5BAEKAAEALAAAAAABAAEAAAICTAEAOw==\" data-orig-src=\"https:\/\/lh4.googleusercontent.com\/-3h67vuSEv-M\/VABnm-Wm9rI\/AAAAAAAACFA\/cDZzf4Ft_Gc\/w448-h298-no\/3.JPG\" \/><span style=\"font-family: tahoma,geneva,sans-serif;\"><span style=\"font-size: 12px;\"> &nbsp; &nbsp; T\u00eb Mart\u00ebn e Madhe e t\u00eb shenjt\u00eb p\u00ebrkujtojm\u00eb paravolin\u00eb e dhjet\u00eb Virgj\u00ebreshave prej Ungjillit t\u00eb Shenjt\u00eb. M\u00eb e madhja e t\u00eb martave na sjell dhjet\u00eb virgj\u00ebreshat. Fitore i sjellin kryezotit t\u00eb paansh\u00ebm. Po, o Dh\u00ebnd\u00ebr Krisht, num\u00ebrona me pes\u00eb virgj\u00ebreshat e urta,bashkona me grigj\u00ebn t\u00ebnde t\u00eb zgjedhur dhe m\u00ebshirona.&nbsp; Po, o Dh\u00ebnd\u00ebr Krisht, num\u00ebrona me pes\u00eb virgj\u00ebreshat e urta, bashkona me grigj\u00ebn t\u00ebnde t\u00eb zgjedhur dhe m\u00ebshirona. Amin.<\/span><\/span><\/span><\/div>\n<div class=\"style10\"> <span style=\"color: #000000;\"><span style=\"font-family: tahoma,geneva,sans-serif;\"><span style=\"font-size: 12px;\">&nbsp;&nbsp;&nbsp; N\u00eb vijim, ju ftojm\u00eb t\u00eb ndiqni p\u00ebrmes fotografive pamje nga sh\u00ebrbesa e s\u00eb Mart\u00ebs s\u00eb Madhe.<\/span><\/span><\/span><\/div>\n<p class=\"style10\">&nbsp;<\/p>\n<p class=\"style10\">&nbsp;<\/p>\n<p class=\"style10\">&nbsp;<\/p>\n<table style=\"width: 809px; height: 1834px;\" border=\"0\">\n<tbody>\n<tr>\n<td>\n<div><span style=\"color: #000000;\"><img decoding=\"async\" class=\"lazyload HAa Eha\" style=\"margin: 10px auto; border-width: 1px; border-style: solid; display: block;\" alt=\"\" src=\"data:image\/svg+xml,%3Csvg%20xmlns%3D%27http%3A%2F%2Fwww.w3.org%2F2000%2Fsvg%27%20width%3D%27317%27%20height%3D%27453%27%20viewBox%3D%270%200%20317%20453%27%3E%3Crect%20width%3D%27317%27%20height%3D%27453%27%20fill-opacity%3D%220%22%2F%3E%3C%2Fsvg%3E\" data-orig-src=\"https:\/\/lh5.googleusercontent.com\/-mvhfpCddmeA\/VABnnPDOH7I\/AAAAAAAACFs\/O2gCUZvND6w\/w298-h448-no\/2.JPG\" height=\"453\" width=\"317\" \/><\/span><\/div>\n<\/td>\n<td>\n<div><span style=\"color: #000000;\"><img decoding=\"async\" class=\"lazyload HAa Eha\" style=\"margin: 10px auto; border-width: 1px; border-style: solid; display: block;\" alt=\"\" src=\"data:image\/svg+xml,%3Csvg%20xmlns%3D%27http%3A%2F%2Fwww.w3.org%2F2000%2Fsvg%27%20width%3D%27317%27%20height%3D%27477%27%20viewBox%3D%270%200%20317%20477%27%3E%3Crect%20width%3D%27317%27%20height%3D%27477%27%20fill-opacity%3D%220%22%2F%3E%3C%2Fsvg%3E\" data-orig-src=\"https:\/\/lh6.googleusercontent.com\/-3jG3RV0LR3I\/VABnoojBL3I\/AAAAAAAACFw\/Ez3YB74o-C8\/w298-h448-no\/7.JPG\" height=\"477\" width=\"317\" \/><\/span><\/div>\n<\/td>\n<\/tr>\n<tr>\n<td><span style=\"color: #000000;\"><img decoding=\"async\" class=\"lazyload HAa Eha\" style=\"margin: 10px auto; border-width: 1px; border-style: solid; display: block;\" alt=\"\" src=\"data:image\/svg+xml,%3Csvg%20xmlns%3D%27http%3A%2F%2Fwww.w3.org%2F2000%2Fsvg%27%20width%3D%27310%27%20height%3D%27343%27%20viewBox%3D%270%200%20310%20343%27%3E%3Crect%20width%3D%27310%27%20height%3D%27343%27%20fill-opacity%3D%220%22%2F%3E%3C%2Fsvg%3E\" data-orig-src=\"https:\/\/lh6.googleusercontent.com\/-fPBnBSLD_os\/VABnnC6J5sI\/AAAAAAAACFE\/0KAZ_KFpqmQ\/w298-h448-no\/1.JPG\" height=\"343\" width=\"310\" \/><\/span><\/td>\n<td><span style=\"color: #000000;\"><img decoding=\"async\" class=\"lazyload HAa Eha\" style=\"margin: 10px auto; border-width: 1px; border-style: solid; display: block;\" alt=\"\" src=\"data:image\/svg+xml,%3Csvg%20xmlns%3D%27http%3A%2F%2Fwww.w3.org%2F2000%2Fsvg%27%20width%3D%27354%27%20height%3D%27340%27%20viewBox%3D%270%200%20354%20340%27%3E%3Crect%20width%3D%27354%27%20height%3D%27340%27%20fill-opacity%3D%220%22%2F%3E%3C%2Fsvg%3E\" data-orig-src=\"https:\/\/lh3.googleusercontent.com\/-Nm5PGPo3svw\/VABnnu74E9I\/AAAAAAAACFY\/We3GPAGsghI\/w448-h298-no\/4.JPG\" height=\"340\" width=\"354\" \/><\/span><\/td>\n<\/tr>\n<tr>\n<td><span style=\"color: #000000;\"><img decoding=\"async\" class=\"lazyload HAa Eha\" style=\"margin: 10px auto; border-width: 1px; border-style: solid; display: block;\" alt=\"\" src=\"data:image\/svg+xml,%3Csvg%20xmlns%3D%27http%3A%2F%2Fwww.w3.org%2F2000%2Fsvg%27%20width%3D%27315%27%20height%3D%27239%27%20viewBox%3D%270%200%20315%20239%27%3E%3Crect%20width%3D%27315%27%20height%3D%27239%27%20fill-opacity%3D%220%22%2F%3E%3C%2Fsvg%3E\" data-orig-src=\"https:\/\/lh6.googleusercontent.com\/-oFORlrIJmKE\/VABnn2UKjDI\/AAAAAAAACFU\/oPpAl0EnsHE\/w448-h298-no\/5.JPG\" height=\"239\" width=\"315\" \/><\/span><\/td>\n<td><span style=\"color: #000000;\"><img decoding=\"async\" class=\"lazyload HAa Eha\" style=\"margin: 10px auto; border-width: 1px; border-style: solid; display: block;\" alt=\"\" src=\"data:image\/svg+xml,%3Csvg%20xmlns%3D%27http%3A%2F%2Fwww.w3.org%2F2000%2Fsvg%27%20width%3D%27357%27%20height%3D%27235%27%20viewBox%3D%270%200%20357%20235%27%3E%3Crect%20width%3D%27357%27%20height%3D%27235%27%20fill-opacity%3D%220%22%2F%3E%3C%2Fsvg%3E\" data-orig-src=\"https:\/\/lh6.googleusercontent.com\/-0U_UZilKgM4\/VABnoMynKMI\/AAAAAAAACFg\/85ua78vDE-A\/w448-h298-no\/6.JPG\" height=\"235\" width=\"357\" \/><\/span><\/td>\n<\/tr>\n<tr>\n<td>\n<div><span style=\"color: #000000;\"><img decoding=\"async\" class=\"lazyload HAa Eha\" style=\"margin: 10px auto; border-width: 1px; border-style: solid; display: block;\" alt=\"\" src=\"data:image\/svg+xml,%3Csvg%20xmlns%3D%27http%3A%2F%2Fwww.w3.org%2F2000%2Fsvg%27%20width%3D%27323%27%20height%3D%27436%27%20viewBox%3D%270%200%20323%20436%27%3E%3Crect%20width%3D%27323%27%20height%3D%27436%27%20fill-opacity%3D%220%22%2F%3E%3C%2Fsvg%3E\" data-orig-src=\"https:\/\/lh5.googleusercontent.com\/-OA4HMWCaPy4\/VABno20pLEI\/AAAAAAAACFo\/nQfyZCqo4s4\/w298-h448-no\/8.JPG\" height=\"436\" width=\"323\" \/><\/span><\/div>\n<\/td>\n<td>&nbsp;<\/td>\n<\/tr>\n<\/tbody>\n<\/table>\n<\/div>\n<\/td>\n<\/tr>\n<\/tbody>\n<\/table>\n","protected":false},"excerpt":{"rendered":"<p>&nbsp; &nbsp; &nbsp; T\u00eb Mart\u00ebn e Madhe e t\u00eb shenjt\u00eb p\u00ebrkujtojm\u00eb paravolin\u00eb e dhjet\u00eb Virgj\u00ebreshave prej Ungjillit t\u00eb Shenjt\u00eb. M\u00eb e madhja e t\u00eb martave na sjell dhjet\u00eb virgj\u00ebreshat. Fitore i sjellin kryezotit t\u00eb paansh\u00ebm. Po, o Dh\u00ebnd\u00ebr Krisht, num\u00ebrona me pes\u00eb virgj\u00ebreshat e urta,bashkona me grigj\u00ebn t\u00ebnde t\u00eb zgjedhur dhe m\u00ebshirona.&nbsp; Po, o Dh\u00ebnd\u00ebr Krisht, num\u00ebrona me pes\u00eb virgj\u00ebreshat e urta, bashkona me grigj\u00ebn<\/p>\n","protected":false},"author":1,"featured_media":0,"comment_status":"open","ping_status":"open","sticky":false,"template":"","format":"standard","meta":{"_acf_changed":false,"pagelayer_contact_templates":[],"_pagelayer_content":"","inline_featured_image":false,"fifu_image_url":"","fifu_image_alt":"","footnotes":""},"categories":[108],"tags":[143,196,201,212,189],"class_list":["post-1218","post","type-post","status-publish","format-standard","hentry","category-lajme","tag-143","tag-tirane","tag-kryepiskopi-anastas","tag-lajme-d27","tag-pashke-2014"],"acf":[],"yoast_head":"<!-- This site is optimized with the Yoast SEO plugin v27.2 - https:\/\/yoast.com\/product\/yoast-seo-wordpress\/ -->\n<title>SPECIALE - E Marta e Madhe - 2011 - Kisha Orthodh\u03bfkse Autoqefale e Shqip\u00ebris\u00eb<\/title>\n<meta name=\"robots\" content=\"index, follow, max-snippet:-1, max-image-preview:large, max-video-preview:-1\" \/>\n<link rel=\"canonical\" href=\"https:\/\/orthodoxalbania.org\/2020\/2013\/03\/21\/speciale-e-marta-e-madhe\/\" \/>\n<meta property=\"og:locale\" content=\"en_US\" \/>\n<meta property=\"og:type\" content=\"article\" \/>\n<meta property=\"og:title\" content=\"SPECIALE - E Marta e Madhe - 2011 - Kisha Orthodh\u03bfkse Autoqefale e Shqip\u00ebris\u00eb\" \/>\n<meta property=\"og:description\" content=\"&nbsp; &nbsp; &nbsp; T\u00eb Mart\u00ebn e Madhe e t\u00eb shenjt\u00eb p\u00ebrkujtojm\u00eb paravolin\u00eb e dhjet\u00eb Virgj\u00ebreshave prej Ungjillit t\u00eb Shenjt\u00eb. M\u00eb e madhja e t\u00eb martave na sjell dhjet\u00eb virgj\u00ebreshat. Fitore i sjellin kryezotit t\u00eb paansh\u00ebm. Po, o Dh\u00ebnd\u00ebr Krisht, num\u00ebrona me pes\u00eb virgj\u00ebreshat e urta,bashkona me grigj\u00ebn t\u00ebnde t\u00eb zgjedhur dhe m\u00ebshirona.&nbsp; Po, o Dh\u00ebnd\u00ebr Krisht, num\u00ebrona me pes\u00eb virgj\u00ebreshat e urta, bashkona me grigj\u00ebn\" \/>\n<meta property=\"og:url\" content=\"https:\/\/orthodoxalbania.org\/2020\/2013\/03\/21\/speciale-e-marta-e-madhe\/\" \/>\n<meta property=\"og:site_name\" content=\"Kisha Orthodh\u03bfkse Autoqefale e Shqip\u00ebris\u00eb\" \/>\n<meta property=\"article:publisher\" content=\"https:\/\/www.facebook.com\/koash1991\" \/>\n<meta property=\"article:published_time\" content=\"2013-03-21T09:24:26+00:00\" \/>\n<meta property=\"article:modified_time\" content=\"2020-04-06T20:32:07+00:00\" \/>\n<meta property=\"og:image\" content=\"https:\/\/lh4.googleusercontent.com\/-3h67vuSEv-M\/VABnm-Wm9rI\/AAAAAAAACFA\/cDZzf4Ft_Gc\/w448-h298-no\/3.JPG\" \/>\n<meta name=\"author\" content=\"Kisha Orthodhokse\" \/>\n<meta name=\"twitter:card\" content=\"summary_large_image\" \/>\n<meta name=\"twitter:label1\" content=\"Written by\" \/>\n\t<meta name=\"twitter:data1\" content=\"Kisha Orthodhokse\" \/>\n\t<meta name=\"twitter:label2\" content=\"Est. reading time\" \/>\n\t<meta name=\"twitter:data2\" content=\"1 minute\" \/>\n<script type=\"application\/ld+json\" class=\"yoast-schema-graph\">{\"@context\":\"https:\/\/schema.org\",\"@graph\":[{\"@type\":\"Article\",\"@id\":\"https:\/\/orthodoxalbania.org\/2020\/2013\/03\/21\/speciale-e-marta-e-madhe\/#article\",\"isPartOf\":{\"@id\":\"https:\/\/orthodoxalbania.org\/2020\/2013\/03\/21\/speciale-e-marta-e-madhe\/\"},\"author\":{\"name\":\"Kisha Orthodhokse\",\"@id\":\"https:\/\/orthodoxalbania.org\/2020\/#\/schema\/person\/0c387634a7063ac612d7ed9ce71c7e86\"},\"headline\":\"SPECIALE &#8211; E Marta e Madhe &#8211; 2011\",\"datePublished\":\"2013-03-21T09:24:26+00:00\",\"dateModified\":\"2020-04-06T20:32:07+00:00\",\"mainEntityOfPage\":{\"@id\":\"https:\/\/orthodoxalbania.org\/2020\/2013\/03\/21\/speciale-e-marta-e-madhe\/\"},\"wordCount\":125,\"commentCount\":0,\"publisher\":{\"@id\":\"https:\/\/orthodoxalbania.org\/2020\/#organization\"},\"image\":{\"@id\":\"https:\/\/orthodoxalbania.org\/2020\/2013\/03\/21\/speciale-e-marta-e-madhe\/#primaryimage\"},\"thumbnailUrl\":\"https:\/\/lh4.googleusercontent.com\/-3h67vuSEv-M\/VABnm-Wm9rI\/AAAAAAAACFA\/cDZzf4Ft_Gc\/w448-h298-no\/3.JPG\",\"keywords\":[\"2011\",\"Kryepiskopata Tiran\u00eb\",\"Kryepiskopi Anastas\",\"lajme\",\"Pashk\u00eb\"],\"articleSection\":[\"Lajme\"],\"inLanguage\":\"en-US\"},{\"@type\":\"WebPage\",\"@id\":\"https:\/\/orthodoxalbania.org\/2020\/2013\/03\/21\/speciale-e-marta-e-madhe\/\",\"url\":\"https:\/\/orthodoxalbania.org\/2020\/2013\/03\/21\/speciale-e-marta-e-madhe\/\",\"name\":\"SPECIALE - E Marta e Madhe - 2011 - Kisha Orthodh\u03bfkse Autoqefale e Shqip\u00ebris\u00eb\",\"isPartOf\":{\"@id\":\"https:\/\/orthodoxalbania.org\/2020\/#website\"},\"primaryImageOfPage\":{\"@id\":\"https:\/\/orthodoxalbania.org\/2020\/2013\/03\/21\/speciale-e-marta-e-madhe\/#primaryimage\"},\"image\":{\"@id\":\"https:\/\/orthodoxalbania.org\/2020\/2013\/03\/21\/speciale-e-marta-e-madhe\/#primaryimage\"},\"thumbnailUrl\":\"https:\/\/lh4.googleusercontent.com\/-3h67vuSEv-M\/VABnm-Wm9rI\/AAAAAAAACFA\/cDZzf4Ft_Gc\/w448-h298-no\/3.JPG\",\"datePublished\":\"2013-03-21T09:24:26+00:00\",\"dateModified\":\"2020-04-06T20:32:07+00:00\",\"breadcrumb\":{\"@id\":\"https:\/\/orthodoxalbania.org\/2020\/2013\/03\/21\/speciale-e-marta-e-madhe\/#breadcrumb\"},\"inLanguage\":\"en-US\",\"potentialAction\":[{\"@type\":\"ReadAction\",\"target\":[\"https:\/\/orthodoxalbania.org\/2020\/2013\/03\/21\/speciale-e-marta-e-madhe\/\"]}]},{\"@type\":\"ImageObject\",\"inLanguage\":\"en-US\",\"@id\":\"https:\/\/orthodoxalbania.org\/2020\/2013\/03\/21\/speciale-e-marta-e-madhe\/#primaryimage\",\"url\":\"https:\/\/lh4.googleusercontent.com\/-3h67vuSEv-M\/VABnm-Wm9rI\/AAAAAAAACFA\/cDZzf4Ft_Gc\/w448-h298-no\/3.JPG\",\"contentUrl\":\"https:\/\/lh4.googleusercontent.com\/-3h67vuSEv-M\/VABnm-Wm9rI\/AAAAAAAACFA\/cDZzf4Ft_Gc\/w448-h298-no\/3.JPG\"},{\"@type\":\"BreadcrumbList\",\"@id\":\"https:\/\/orthodoxalbania.org\/2020\/2013\/03\/21\/speciale-e-marta-e-madhe\/#breadcrumb\",\"itemListElement\":[{\"@type\":\"ListItem\",\"position\":1,\"name\":\"Home\",\"item\":\"https:\/\/orthodoxalbania.org\/2020\/\"},{\"@type\":\"ListItem\",\"position\":2,\"name\":\"SPECIALE &#8211; E Marta e Madhe &#8211; 2011\"}]},{\"@type\":\"WebSite\",\"@id\":\"https:\/\/orthodoxalbania.org\/2020\/#website\",\"url\":\"https:\/\/orthodoxalbania.org\/2020\/\",\"name\":\"Kisha Orthodh\u03bfkse Autoqefale e Shqip\u00ebris\u00eb\",\"description\":\"Fqja Zyrtare e Kish\u00ebs Orthodhokse Autoqefale e Shqip\u00ebris\u00eb me lajmet edhe informacionet zyrtare p\u00ebr struktur\u00ebn edhe veprimtarin e saj.\",\"publisher\":{\"@id\":\"https:\/\/orthodoxalbania.org\/2020\/#organization\"},\"potentialAction\":[{\"@type\":\"SearchAction\",\"target\":{\"@type\":\"EntryPoint\",\"urlTemplate\":\"https:\/\/orthodoxalbania.org\/2020\/?s={search_term_string}\"},\"query-input\":{\"@type\":\"PropertyValueSpecification\",\"valueRequired\":true,\"valueName\":\"search_term_string\"}}],\"inLanguage\":\"en-US\"},{\"@type\":\"Organization\",\"@id\":\"https:\/\/orthodoxalbania.org\/2020\/#organization\",\"name\":\"Kisha Orthodhokse Autoqefale e Shqip\u00ebris\u00eb\",\"url\":\"https:\/\/orthodoxalbania.org\/2020\/\",\"logo\":{\"@type\":\"ImageObject\",\"inLanguage\":\"en-US\",\"@id\":\"https:\/\/orthodoxalbania.org\/2020\/#\/schema\/logo\/image\/\",\"url\":\"https:\/\/orthodoxalbania.org\/2020\/wp-content\/uploads\/2020\/05\/albania.jpeg\",\"contentUrl\":\"https:\/\/orthodoxalbania.org\/2020\/wp-content\/uploads\/2020\/05\/albania.jpeg\",\"width\":540,\"height\":540,\"caption\":\"Kisha Orthodhokse Autoqefale e Shqip\u00ebris\u00eb\"},\"image\":{\"@id\":\"https:\/\/orthodoxalbania.org\/2020\/#\/schema\/logo\/image\/\"},\"sameAs\":[\"https:\/\/www.facebook.com\/koash1991\"]},{\"@type\":\"Person\",\"@id\":\"https:\/\/orthodoxalbania.org\/2020\/#\/schema\/person\/0c387634a7063ac612d7ed9ce71c7e86\",\"name\":\"Kisha Orthodhokse\",\"image\":{\"@type\":\"ImageObject\",\"inLanguage\":\"en-US\",\"@id\":\"https:\/\/secure.gravatar.com\/avatar\/596e7c417251e30f2fbb9c00e026fce61a695a00e51c889caded71c96cbbdde5?s=96&d=mm&r=g\",\"url\":\"https:\/\/secure.gravatar.com\/avatar\/596e7c417251e30f2fbb9c00e026fce61a695a00e51c889caded71c96cbbdde5?s=96&d=mm&r=g\",\"contentUrl\":\"https:\/\/secure.gravatar.com\/avatar\/596e7c417251e30f2fbb9c00e026fce61a695a00e51c889caded71c96cbbdde5?s=96&d=mm&r=g\",\"caption\":\"Kisha Orthodhokse\"}}]}<\/script>\n<!-- \/ Yoast SEO plugin. -->","yoast_head_json":{"title":"SPECIALE - E Marta e Madhe - 2011 - Kisha Orthodh\u03bfkse Autoqefale e Shqip\u00ebris\u00eb","robots":{"index":"index","follow":"follow","max-snippet":"max-snippet:-1","max-image-preview":"max-image-preview:large","max-video-preview":"max-video-preview:-1"},"canonical":"https:\/\/orthodoxalbania.org\/2020\/2013\/03\/21\/speciale-e-marta-e-madhe\/","og_locale":"en_US","og_type":"article","og_title":"SPECIALE - E Marta e Madhe - 2011 - Kisha Orthodh\u03bfkse Autoqefale e Shqip\u00ebris\u00eb","og_description":"&nbsp; &nbsp; &nbsp; T\u00eb Mart\u00ebn e Madhe e t\u00eb shenjt\u00eb p\u00ebrkujtojm\u00eb paravolin\u00eb e dhjet\u00eb Virgj\u00ebreshave prej Ungjillit t\u00eb Shenjt\u00eb. M\u00eb e madhja e t\u00eb martave na sjell dhjet\u00eb virgj\u00ebreshat. Fitore i sjellin kryezotit t\u00eb paansh\u00ebm. Po, o Dh\u00ebnd\u00ebr Krisht, num\u00ebrona me pes\u00eb virgj\u00ebreshat e urta,bashkona me grigj\u00ebn t\u00ebnde t\u00eb zgjedhur dhe m\u00ebshirona.&nbsp; Po, o Dh\u00ebnd\u00ebr Krisht, num\u00ebrona me pes\u00eb virgj\u00ebreshat e urta, bashkona me grigj\u00ebn","og_url":"https:\/\/orthodoxalbania.org\/2020\/2013\/03\/21\/speciale-e-marta-e-madhe\/","og_site_name":"Kisha Orthodh\u03bfkse Autoqefale e Shqip\u00ebris\u00eb","article_publisher":"https:\/\/www.facebook.com\/koash1991","article_published_time":"2013-03-21T09:24:26+00:00","article_modified_time":"2020-04-06T20:32:07+00:00","og_image":[{"url":"https:\/\/lh4.googleusercontent.com\/-3h67vuSEv-M\/VABnm-Wm9rI\/AAAAAAAACFA\/cDZzf4Ft_Gc\/w448-h298-no\/3.JPG","type":"","width":"","height":""}],"author":"Kisha Orthodhokse","twitter_card":"summary_large_image","twitter_misc":{"Written by":"Kisha Orthodhokse","Est. reading time":"1 minute"},"schema":{"@context":"https:\/\/schema.org","@graph":[{"@type":"Article","@id":"https:\/\/orthodoxalbania.org\/2020\/2013\/03\/21\/speciale-e-marta-e-madhe\/#article","isPartOf":{"@id":"https:\/\/orthodoxalbania.org\/2020\/2013\/03\/21\/speciale-e-marta-e-madhe\/"},"author":{"name":"Kisha Orthodhokse","@id":"https:\/\/orthodoxalbania.org\/2020\/#\/schema\/person\/0c387634a7063ac612d7ed9ce71c7e86"},"headline":"SPECIALE &#8211; E Marta e Madhe &#8211; 2011","datePublished":"2013-03-21T09:24:26+00:00","dateModified":"2020-04-06T20:32:07+00:00","mainEntityOfPage":{"@id":"https:\/\/orthodoxalbania.org\/2020\/2013\/03\/21\/speciale-e-marta-e-madhe\/"},"wordCount":125,"commentCount":0,"publisher":{"@id":"https:\/\/orthodoxalbania.org\/2020\/#organization"},"image":{"@id":"https:\/\/orthodoxalbania.org\/2020\/2013\/03\/21\/speciale-e-marta-e-madhe\/#primaryimage"},"thumbnailUrl":"https:\/\/lh4.googleusercontent.com\/-3h67vuSEv-M\/VABnm-Wm9rI\/AAAAAAAACFA\/cDZzf4Ft_Gc\/w448-h298-no\/3.JPG","keywords":["2011","Kryepiskopata Tiran\u00eb","Kryepiskopi Anastas","lajme","Pashk\u00eb"],"articleSection":["Lajme"],"inLanguage":"en-US"},{"@type":"WebPage","@id":"https:\/\/orthodoxalbania.org\/2020\/2013\/03\/21\/speciale-e-marta-e-madhe\/","url":"https:\/\/orthodoxalbania.org\/2020\/2013\/03\/21\/speciale-e-marta-e-madhe\/","name":"SPECIALE - E Marta e Madhe - 2011 - Kisha Orthodh\u03bfkse Autoqefale e Shqip\u00ebris\u00eb","isPartOf":{"@id":"https:\/\/orthodoxalbania.org\/2020\/#website"},"primaryImageOfPage":{"@id":"https:\/\/orthodoxalbania.org\/2020\/2013\/03\/21\/speciale-e-marta-e-madhe\/#primaryimage"},"image":{"@id":"https:\/\/orthodoxalbania.org\/2020\/2013\/03\/21\/speciale-e-marta-e-madhe\/#primaryimage"},"thumbnailUrl":"https:\/\/lh4.googleusercontent.com\/-3h67vuSEv-M\/VABnm-Wm9rI\/AAAAAAAACFA\/cDZzf4Ft_Gc\/w448-h298-no\/3.JPG","datePublished":"2013-03-21T09:24:26+00:00","dateModified":"2020-04-06T20:32:07+00:00","breadcrumb":{"@id":"https:\/\/orthodoxalbania.org\/2020\/2013\/03\/21\/speciale-e-marta-e-madhe\/#breadcrumb"},"inLanguage":"en-US","potentialAction":[{"@type":"ReadAction","target":["https:\/\/orthodoxalbania.org\/2020\/2013\/03\/21\/speciale-e-marta-e-madhe\/"]}]},{"@type":"ImageObject","inLanguage":"en-US","@id":"https:\/\/orthodoxalbania.org\/2020\/2013\/03\/21\/speciale-e-marta-e-madhe\/#primaryimage","url":"https:\/\/lh4.googleusercontent.com\/-3h67vuSEv-M\/VABnm-Wm9rI\/AAAAAAAACFA\/cDZzf4Ft_Gc\/w448-h298-no\/3.JPG","contentUrl":"https:\/\/lh4.googleusercontent.com\/-3h67vuSEv-M\/VABnm-Wm9rI\/AAAAAAAACFA\/cDZzf4Ft_Gc\/w448-h298-no\/3.JPG"},{"@type":"BreadcrumbList","@id":"https:\/\/orthodoxalbania.org\/2020\/2013\/03\/21\/speciale-e-marta-e-madhe\/#breadcrumb","itemListElement":[{"@type":"ListItem","position":1,"name":"Home","item":"https:\/\/orthodoxalbania.org\/2020\/"},{"@type":"ListItem","position":2,"name":"SPECIALE &#8211; E Marta e Madhe &#8211; 2011"}]},{"@type":"WebSite","@id":"https:\/\/orthodoxalbania.org\/2020\/#website","url":"https:\/\/orthodoxalbania.org\/2020\/","name":"Kisha Orthodh\u03bfkse Autoqefale e Shqip\u00ebris\u00eb","description":"Fqja Zyrtare e Kish\u00ebs Orthodhokse Autoqefale e Shqip\u00ebris\u00eb me lajmet edhe informacionet zyrtare p\u00ebr struktur\u00ebn edhe veprimtarin e saj.","publisher":{"@id":"https:\/\/orthodoxalbania.org\/2020\/#organization"},"potentialAction":[{"@type":"SearchAction","target":{"@type":"EntryPoint","urlTemplate":"https:\/\/orthodoxalbania.org\/2020\/?s={search_term_string}"},"query-input":{"@type":"PropertyValueSpecification","valueRequired":true,"valueName":"search_term_string"}}],"inLanguage":"en-US"},{"@type":"Organization","@id":"https:\/\/orthodoxalbania.org\/2020\/#organization","name":"Kisha Orthodhokse Autoqefale e Shqip\u00ebris\u00eb","url":"https:\/\/orthodoxalbania.org\/2020\/","logo":{"@type":"ImageObject","inLanguage":"en-US","@id":"https:\/\/orthodoxalbania.org\/2020\/#\/schema\/logo\/image\/","url":"https:\/\/orthodoxalbania.org\/2020\/wp-content\/uploads\/2020\/05\/albania.jpeg","contentUrl":"https:\/\/orthodoxalbania.org\/2020\/wp-content\/uploads\/2020\/05\/albania.jpeg","width":540,"height":540,"caption":"Kisha Orthodhokse Autoqefale e Shqip\u00ebris\u00eb"},"image":{"@id":"https:\/\/orthodoxalbania.org\/2020\/#\/schema\/logo\/image\/"},"sameAs":["https:\/\/www.facebook.com\/koash1991"]},{"@type":"Person","@id":"https:\/\/orthodoxalbania.org\/2020\/#\/schema\/person\/0c387634a7063ac612d7ed9ce71c7e86","name":"Kisha Orthodhokse","image":{"@type":"ImageObject","inLanguage":"en-US","@id":"https:\/\/secure.gravatar.com\/avatar\/596e7c417251e30f2fbb9c00e026fce61a695a00e51c889caded71c96cbbdde5?s=96&d=mm&r=g","url":"https:\/\/secure.gravatar.com\/avatar\/596e7c417251e30f2fbb9c00e026fce61a695a00e51c889caded71c96cbbdde5?s=96&d=mm&r=g","contentUrl":"https:\/\/secure.gravatar.com\/avatar\/596e7c417251e30f2fbb9c00e026fce61a695a00e51c889caded71c96cbbdde5?s=96&d=mm&r=g","caption":"Kisha Orthodhokse"}}]}},"_links":{"self":[{"href":"https:\/\/orthodoxalbania.org\/2020\/wp-json\/wp\/v2\/posts\/1218","targetHints":{"allow":["GET"]}}],"collection":[{"href":"https:\/\/orthodoxalbania.org\/2020\/wp-json\/wp\/v2\/posts"}],"about":[{"href":"https:\/\/orthodoxalbania.org\/2020\/wp-json\/wp\/v2\/types\/post"}],"author":[{"embeddable":true,"href":"https:\/\/orthodoxalbania.org\/2020\/wp-json\/wp\/v2\/users\/1"}],"replies":[{"embeddable":true,"href":"https:\/\/orthodoxalbania.org\/2020\/wp-json\/wp\/v2\/comments?post=1218"}],"version-history":[{"count":1,"href":"https:\/\/orthodoxalbania.org\/2020\/wp-json\/wp\/v2\/posts\/1218\/revisions"}],"predecessor-version":[{"id":15405,"href":"https:\/\/orthodoxalbania.org\/2020\/wp-json\/wp\/v2\/posts\/1218\/revisions\/15405"}],"wp:attachment":[{"href":"https:\/\/orthodoxalbania.org\/2020\/wp-json\/wp\/v2\/media?parent=1218"}],"wp:term":[{"taxonomy":"category","embeddable":true,"href":"https:\/\/orthodoxalbania.org\/2020\/wp-json\/wp\/v2\/categories?post=1218"},{"taxonomy":"post_tag","embeddable":true,"href":"https:\/\/orthodoxalbania.org\/2020\/wp-json\/wp\/v2\/tags?post=1218"}],"curies":[{"name":"wp","href":"https:\/\/api.w.org\/{rel}","templated":true}]}}