{"id":1215,"date":"2007-02-26T00:00:00","date_gmt":"2007-02-26T00:00:00","guid":{"rendered":""},"modified":"2020-04-06T22:35:50","modified_gmt":"2020-04-06T20:35:50","slug":"simpoziumi-harmonia-dhe-dialogu-nderfetar-ne-shqiperi-shkurt-07","status":"publish","type":"post","link":"https:\/\/orthodoxalbania.org\/2020\/2007\/02\/26\/simpoziumi-harmonia-dhe-dialogu-nderfetar-ne-shqiperi-shkurt-07\/","title":{"rendered":"Simpoziumi \u201cHarmonia dhe dialogu nd\u00ebrfetar\u201d n\u00eb Shqip\u00ebri. (27 Shkurt 2007)"},"content":{"rendered":"<div style=\"text-align: justify;\"><span style=\"color: #000000;\"><span style=\"font-family: tahoma,geneva,sans-serif;\"><span style=\"font-size: 12px;\">&nbsp;&nbsp;&nbsp; Me mb\u00ebshtetjen e kryetar\u00ebve t\u00eb Komuniteteve Fetare Tradicionale, t\u00eb cilat jan\u00eb angazhuar n\u00eb formimin e K\u00ebshillit Nd\u00ebrfetar Shqiptar, u zhvillua Simpoziumi me tem\u00eb \u201cHarmonia dhe dialogu nd\u00ebrfetar\u201d. Ai u mbajt n\u00eb kryeqytet, n\u00eb dat\u00ebn 27 shkurt, n\u00eb mjediset e \u201cTirana International Hotel\u201d. P\u00ebr realizimin e k\u00ebsaj veprimtarie bashk\u00ebpunuan Religions for Peace \/ USAID \/ World Learning dhe Komiteti i Kulteve.<\/span><\/span><\/span><\/div>\n<table id=\"AutoNumber3\" border=\"0\">\n<tbody>\n<tr>\n<td>\n<div style=\"text-align: justify;\"><span style=\"color: #000000;\"><span style=\"font-family: tahoma,geneva,sans-serif;\"><span style=\"font-size: 12px;\">&nbsp;&nbsp; Simpoziumi u hap me fjal\u00ebt p\u00ebrsh\u00ebndet\u00ebse t\u00eb drejtuesve t\u00eb t\u00eb kat\u00ebr komuniteteve fetare tradicionale. I pari e mori fjal\u00ebn Kryetari i Komunitetit Mysliman, Hafiz Selim Mu\u00e7a, i cili theksoi se dialogu, harmonia dhe bashkekzistenca jan\u00eb vlerat m\u00eb t\u00eb \u00e7muara t\u00eb kombit ton\u00eb. \u201cDetyra jon\u00eb mbetet forcimi i k\u00ebsaj bashk\u00ebjetese, sepse besimtar\u00ebt e kan\u00eb kuptuar bashkekzistenc\u00ebn.\u201d<\/span><\/span><\/span><\/div>\n<\/td>\n<td>\n<div><span style=\"color: #000000;\"><span style=\"font-family: tahoma,geneva,sans-serif;\"><span style=\"font-size: 12px;\"><img decoding=\"async\" class=\"lazyload HAa Eha\" style=\"border-width: 1px; border-style: solid; margin: 10px auto; display: block;\" alt=\"\" src=\"data:image\/gif;base64,R0lGODlhAQABAAAAACH5BAEKAAEALAAAAAABAAEAAAICTAEAOw==\" data-orig-src=\"https:\/\/lh3.googleusercontent.com\/-KbqSWF8EWf4\/VIlE4Ujv5AI\/AAAAAAAAGIU\/iRl-E4N-GE4\/w370-h208-no\/pic1.jpg\" \/><\/span><\/span><\/span><\/div>\n<\/td>\n<\/tr>\n<tr>\n<td>\n<div><span style=\"color: #000000;\"><span style=\"font-family: tahoma,geneva,sans-serif;\"><span style=\"font-size: 12px;\"><img decoding=\"async\" class=\"lazyload HAa Eha\" style=\"border-width: 1px; border-style: solid; margin: 10px auto; display: block;\" alt=\"\" src=\"data:image\/gif;base64,R0lGODlhAQABAAAAACH5BAEKAAEALAAAAAABAAEAAAICTAEAOw==\" data-orig-src=\"https:\/\/lh3.googleusercontent.com\/-4XCAftIpzeI\/VIlE4bP3qZI\/AAAAAAAAGI0\/ZFyMzvp5LI4\/w370-h208-no\/pic2.jpg\" \/><\/span><\/span><\/span><\/div>\n<\/td>\n<td>\n<div style=\"text-align: justify;\"><span style=\"color: #000000;\"><span style=\"font-family: tahoma,geneva,sans-serif;\"><span style=\"font-size: 12px;\">&nbsp;&nbsp;&nbsp;&nbsp; Nd\u00ebrsa n\u00eb p\u00ebrsh\u00ebndetjen e tij, Kryepiskopi i Kish\u00ebs Orthodhokse Autoqefale t\u00eb Shqip\u00ebris\u00eb, Fortlumturia e tij Anastasi, tha nd\u00ebr t\u00eb tjera se: \u201c\u2026Ne kemi vendosur s\u00eb fundi t\u00eb shprehim me an\u00eb t\u00eb nj\u00eb strukture formale, krijimin e K\u00ebshillit Nd\u00ebrfetar t\u00eb Shqip\u00ebris\u00eb, at\u00eb \u00e7ka qen\u00eb realitet n\u00eb jet\u00eb. N\u00eb k\u00ebt\u00eb m\u00ebnyr\u00eb, ne shpresojm\u00eb, s\u00eb pari, t\u00eb forcojm\u00eb z\u00ebrin e komuniteteve fetare n\u00eb jet\u00ebn publike t\u00eb Shqip\u00ebris\u00eb; s\u00eb dyti, t\u00eb ofrojm\u00eb nj\u00eb model p\u00ebr bashkekzistenc\u00ebn fetare dhe bashk\u00ebpunimin harmonik n\u00eb mbar\u00eb Ballkanin; dhe s\u00eb treti, t\u00eb marrim pjes\u00eb n\u00eb m\u00ebnyr\u00eb aktive n\u00eb struktur\u00ebn globale t\u00eb<\/span><\/span><\/span><\/div>\n<\/td>\n<\/tr>\n<tr>\n<td colspan=\"2\">\n<div style=\"text-align: justify;\"><span style=\"color: #000000;\"><span style=\"font-family: tahoma,geneva,sans-serif;\"><span style=\"font-size: 12px;\">&nbsp;&nbsp;&nbsp;&nbsp; Konferenc\u00ebs Bot\u00ebrore t\u00eb Feve p\u00ebr Paqen, organizmit bot\u00ebror q\u00eb punon bashk\u00ebrisht p\u00ebr t\u00eb parandaluar luft\u00ebn dhe varf\u00ebrin\u00eb, si edhe q\u00eb t\u00eb mbroj\u00eb planetin ton\u00eb. Pra, ne nuk do t\u00eb q\u00ebndrojm\u00eb t\u00eb izoluar n\u00eb rajonin ton\u00eb, por do t\u00eb marrim pjes\u00eb n\u00eb p\u00ebrpjekjet globale p\u00ebr t\u00eb krijuar nj\u00eb dialog nd\u00ebrfetar dhe bashk\u00ebpunim p\u00ebr paqen bot\u00ebrore\u201d.<\/span><\/span><\/span><\/div>\n<\/td>\n<\/tr>\n<tr>\n<td>\n<div style=\"text-align: justify;\"><span style=\"color: #000000;\"><span style=\"font-family: tahoma,geneva,sans-serif;\"><span style=\"font-size: 12px;\">&nbsp;&nbsp;&nbsp; &nbsp;M\u00eb tej, e mori fjal\u00ebn p\u00ebr Komunitetin Katolik, Arqipeshkvi i Tiran\u00eb-Durr\u00ebs Imzot Rrok Mirdita. Sipas tij: \u201cT\u00eb flas\u00ebsh p\u00ebr dialog fetar n\u00eb Shqip\u00ebri nuk do t\u00eb thot\u00eb t\u00eb punosh p\u00ebr t\u00eb shuar konfliktet sepse shqiptar\u00ebt e kan\u00eb projektuar t\u00eb ardhmen e tyre fetare shum\u00eb paq\u00ebsore\u201d.&nbsp; Kryetari i Komunitetit Bektashian, Haxhi Dede Reshat Bardhi, theksoi se takimi dhe idet\u00eb p\u00ebr harmonin\u00eb nd\u00ebrfetare jan\u00eb nj\u00eb ogur i bardh\u00eb p\u00ebr vendin ton\u00eb. \u201cKa ardhur koha q\u00eb t\u2019i tregojm\u00eb bot\u00ebs se kemi nj\u00eb tradit\u00eb dhe histori dhe kultur\u00eb fetare t\u00eb mrekullueshme. Le t\u00eb jemi ne shqiptar\u00ebt qytetar\u00eb t\u00eb epok\u00ebs s\u00eb re fetare\u201d.<\/span><\/span><\/span><\/div>\n<\/td>\n<td>\n<div><span style=\"color: #000000;\"><span style=\"font-family: tahoma,geneva,sans-serif;\"><span style=\"font-size: 12px;\"><img decoding=\"async\" class=\"lazyload HAa Eha\" style=\"border-width: 1px; border-style: solid; margin: 10px auto; display: block;\" alt=\"\" src=\"data:image\/gif;base64,R0lGODlhAQABAAAAACH5BAEKAAEALAAAAAABAAEAAAICTAEAOw==\" data-orig-src=\"https:\/\/lh6.googleusercontent.com\/-Ij-RlpBirRY\/VIlE4ZYO0oI\/AAAAAAAAGIs\/tLUlV6aGVB8\/w370-h208-no\/pic3.jpg\" \/><\/span><\/span><\/span><\/div>\n<\/td>\n<\/tr>\n<tr>\n<td>\n<div style=\"text-align: justify;\">&nbsp;<\/div>\n<p><img decoding=\"async\" class=\"lazyload HAa Eha\" style=\"border-width: 1px; border-style: solid; margin: 10px auto; display: block;\" alt=\"\" src=\"data:image\/gif;base64,R0lGODlhAQABAAAAACH5BAEKAAEALAAAAAABAAEAAAICTAEAOw==\" data-orig-src=\"https:\/\/lh3.googleusercontent.com\/-KMsNB1UMOBM\/VIlE4wZRQQI\/AAAAAAAAGIc\/jqJXCScvOls\/w370-h208-no\/pic4.jpg\" \/><\/p>\n<\/td>\n<td>\n<div style=\"text-align: justify;\"><span style=\"color: #000000;\"><span style=\"font-family: tahoma,geneva,sans-serif;\"><span style=\"font-size: 12px;\">&nbsp;&nbsp;&nbsp;&nbsp; Simpoziumi vazhdoi me temat q\u00eb kishin p\u00ebrgatitur p\u00ebrfaq\u00ebsuesit e komuniteteve tradicionale n\u00eb Shqip\u00ebri. Z. Sajmir Rusheku, n\u00ebnkryetar i Komunitetit Mysliman. foli p\u00ebr tem\u00ebn: \u201cDialogu nd\u00ebrfetar, obligim hyjnor\u201d. Komunitetet fetare tradicionale duhet t\u00eb thellojn\u00eb bashk\u00ebpunimin dhe t\u00eb kontribuojn\u00eb n\u00eb reduktimin e fenomeneve negative t\u00eb shoq\u00ebris\u00eb p\u00ebr rip\u00ebrt\u00ebritjen e jet\u00ebs\u201d.<\/span><\/span><\/span><\/div>\n<\/td>\n<\/tr>\n<tr>\n<td>\n<div style=\"text-align: justify;\"><span style=\"color: #000000;\"><span style=\"font-family: tahoma,geneva,sans-serif;\"><span style=\"font-size: 12px;\">&nbsp;&nbsp;&nbsp;&nbsp; Referati i dyt\u00eb me tem\u00eb \u201cHarmonia fetare n\u00eb Shqip\u00ebri dhe sfidat e s\u00eb ardhmes\u201d u mbajt p\u00ebr Komunitetin Orthodhoks nga Episkopi i Kruj\u00ebs, Hir\u00ebsia e Tij Andoni i cili nd\u00ebr t\u00eb tjera tha se: \u201cFet\u00eb dhe ve\u00e7an\u00ebrisht komunitetet tona fetare, ftohen t\u00eb japin kontributin e tyre esencial nga pasuria dhe p\u00ebrvoja e tyre e thell\u00eb shpirt\u00ebrore n\u00eb zbutjen dhe sh\u00ebrimin e k\u00ebtyre plag\u00ebve, si mbart\u00ebsit dhe p\u00ebrfaq\u00ebsuesit m\u00eb autokton dhe m\u00eb t\u00eb besuesh\u00ebm t\u00eb vlerave shpirt\u00ebrore, morale, etike e kulturore t\u00eb shoq\u00ebris\u00eb. N\u00eb k\u00ebt\u00eb k\u00ebndv\u00ebshtrim, sfidat e s\u00eb ardhmes k\u00ebrkojn\u00eb nga ne q\u00eb t\u00eb jemi vigjilent e t\u00eb bashkuar, me p\u00ebrkushtim e mir\u00ebbesim ndaj nj\u00ebri-tjetrit n\u00eb p\u00ebrmbushje t\u00eb angazhimit dhe t\u00eb misionit ton\u00eb p\u00ebrpara Per\u00ebndis\u00eb dhe njer\u00ebzve.\u201d<\/span><\/span><\/span><\/div>\n<\/td>\n<td>\n<div><span style=\"color: #000000;\"><span style=\"font-family: tahoma,geneva,sans-serif;\"><span style=\"font-size: 12px;\">&nbsp;&nbsp;&nbsp; <img decoding=\"async\" class=\"lazyload HAa Eha\" style=\"border-width: 1px; border-style: solid; margin: 10px auto; display: block;\" alt=\"\" src=\"data:image\/gif;base64,R0lGODlhAQABAAAAACH5BAEKAAEALAAAAAABAAEAAAICTAEAOw==\" data-orig-src=\"https:\/\/lh5.googleusercontent.com\/-4j_2f5apFNE\/VIlE5G9bKKI\/AAAAAAAAGIo\/Lq7ec_s71pM\/w370-h261-no\/pic5.jpg\" \/><\/span><\/span><\/span><\/div>\n<\/td>\n<\/tr>\n<tr>\n<td>\n<div><span style=\"color: #000000;\"><span style=\"font-family: tahoma,geneva,sans-serif;\"><span style=\"font-size: 12px;\">&nbsp;&nbsp;&nbsp; <img decoding=\"async\" class=\"lazyload HAa Eha\" style=\"border-width: 1px; border-style: solid; margin: 10px auto; display: block;\" alt=\"\" src=\"data:image\/gif;base64,R0lGODlhAQABAAAAACH5BAEKAAEALAAAAAABAAEAAAICTAEAOw==\" data-orig-src=\"https:\/\/lh5.googleusercontent.com\/-7okBUNFQmbg\/VIlE5WCJorI\/AAAAAAAAGIk\/EAw1toAGFHc\/w370-h208-no\/pic6.jpg\" \/><\/span><\/span><\/span><\/div>\n<\/td>\n<td>\n<div style=\"text-align: justify;\"><span style=\"color: #000000;\"><span style=\"font-family: tahoma,geneva,sans-serif;\"><span style=\"font-size: 12px;\">&nbsp;&nbsp;&nbsp;&nbsp; Ipeshk\u00ebv Xhorxh Frendo, ipeshk\u00ebv ndihm\u00ebsi Arqipeshkvis\u00eb Tiran\u00eb-Durr\u00ebs kishte p\u00ebrgatitur tem\u00ebn: \u201cFet\u00eb dhe toleranca fetare\u201d, t\u00eb cil\u00ebn e lexoi Don Henri. N\u00eb kumtes\u00eb thuhej se askush nuk mund t\u00eb na i \u00e7rr\u00ebnjos\u00eb besimin. \u201cMe rritjen e pluralizmit \u00ebsht\u00eb rritur tensioni. Roli i v\u00ebrtet\u00eb i fes\u00eb \u00ebsht\u00eb ta ul\u00eb k\u00ebt\u00eb tension.\u201d&nbsp; Z. Ilir Dedei, nga Komuniteti Bektashian, referoi p\u00ebr tem\u00ebn \u201cHarmonia dhe toleranca fetare n\u00eb Shqip\u00ebri, tradit\u00eb unikale e paqes nd\u00ebrfetare\u201d. Ai tha se harmonia fetare \u00ebsht\u00eb duke u forcua n\u00eb rrafshin shpirt\u00ebror, moral dhe komb\u00ebtar. Nj\u00eb aspekt i toleranc\u00ebs \u00ebsht\u00eb respektimi i objekteve t\u00eb kultit. Dialogu i shqiptar\u00ebve duhet t\u00eb konsiderohet nj\u00eb proces i gjat\u00eb historik.<\/span><\/span><\/span><\/div>\n<\/td>\n<\/tr>\n<tr>\n<td colspan=\"2\">\n<div style=\"text-align: justify;\"><span style=\"color: #000000;\"><span style=\"font-family: tahoma,geneva,sans-serif;\"><span style=\"font-size: 12px;\">&nbsp;&nbsp;&nbsp;&nbsp; N\u00eb fund t\u00eb simpoziumit, p\u00ebrsh\u00ebndet\u00ebn edhe kryetari i Komitetit t\u00eb Kulteve, Z. Rasim Hasanaj, drejtori i projektit t\u00eb USAID \/ World Learning n\u00eb Shqip\u00ebri, p\u00ebrfaq\u00ebsuesja shqiptare e projektit t\u00eb organizat\u00ebs \u201cFet\u00eb p\u00ebr paqen\u201d, znj. Albana Hila, Rev. Verbjon Horsfjord, sekretar i p\u00ebrgjithsh\u00ebm i K\u00ebshillit Europian i lider\u00ebve fetar\u00eb dhe Dr. Brajan Uolker, drejtor i \u201cFeve p\u00ebr Paqen\u201d n\u00eb Britanin\u00eb e Madhe.<\/span><\/span><\/span><\/div>\n<\/td>\n<\/tr>\n<\/tbody>\n<\/table>\n<div style=\"text-align: justify;\">&nbsp;<\/div>\n<div style=\"text-align: justify;\">&nbsp;<\/div>\n<div style=\"text-align: justify;\"><span style=\"color: #000000;\"><span style=\"font-family: tahoma,geneva,sans-serif;\"><span style=\"font-size: 12px;\"><strong>Isidor Koti<\/strong><\/span><\/span><\/span><\/div>\n","protected":false},"excerpt":{"rendered":"<p>&nbsp;&nbsp;&nbsp; Me mb\u00ebshtetjen e kryetar\u00ebve t\u00eb Komuniteteve Fetare Tradicionale, t\u00eb cilat jan\u00eb angazhuar n\u00eb formimin e K\u00ebshillit Nd\u00ebrfetar Shqiptar, u zhvillua Simpoziumi me tem\u00eb \u201cHarmonia dhe dialogu nd\u00ebrfetar\u201d. Ai u mbajt n\u00eb kryeqytet, n\u00eb dat\u00ebn 27 shkurt, n\u00eb mjediset e \u201cTirana International Hotel\u201d. P\u00ebr realizimin e k\u00ebsaj veprimtarie bashk\u00ebpunuan Religions for Peace \/ USAID \/ World Learning dhe Komiteti i Kulteve. &nbsp;&nbsp; Simpoziumi u hap<\/p>\n","protected":false},"author":1,"featured_media":0,"comment_status":"open","ping_status":"open","sticky":false,"template":"","format":"standard","meta":{"_acf_changed":false,"pagelayer_contact_templates":[],"_pagelayer_content":"","inline_featured_image":false,"fifu_image_url":"","fifu_image_alt":"","footnotes":""},"categories":[108],"tags":[147,162,196,201,212],"class_list":["post-1215","post","type-post","status-publish","format-standard","hentry","category-lajme","tag-147","tag-aktivitete-nderfetare","tag-tirane","tag-kryepiskopi-anastas","tag-lajme-d27"],"acf":[],"yoast_head":"<!-- This site is optimized with the Yoast SEO plugin v27.2 - https:\/\/yoast.com\/product\/yoast-seo-wordpress\/ -->\n<title>Simpoziumi \u201cHarmonia dhe dialogu nd\u00ebrfetar\u201d n\u00eb Shqip\u00ebri. (27 Shkurt 2007) - Kisha Orthodh\u03bfkse Autoqefale e Shqip\u00ebris\u00eb<\/title>\n<meta name=\"robots\" content=\"index, follow, max-snippet:-1, max-image-preview:large, max-video-preview:-1\" \/>\n<link rel=\"canonical\" href=\"https:\/\/orthodoxalbania.org\/2020\/2007\/02\/26\/simpoziumi-harmonia-dhe-dialogu-nderfetar-ne-shqiperi-shkurt-07\/\" \/>\n<meta property=\"og:locale\" content=\"en_US\" \/>\n<meta property=\"og:type\" content=\"article\" \/>\n<meta property=\"og:title\" content=\"Simpoziumi \u201cHarmonia dhe dialogu nd\u00ebrfetar\u201d n\u00eb Shqip\u00ebri. (27 Shkurt 2007) - Kisha Orthodh\u03bfkse Autoqefale e Shqip\u00ebris\u00eb\" \/>\n<meta property=\"og:description\" content=\"&nbsp;&nbsp;&nbsp; Me mb\u00ebshtetjen e kryetar\u00ebve t\u00eb Komuniteteve Fetare Tradicionale, t\u00eb cilat jan\u00eb angazhuar n\u00eb formimin e K\u00ebshillit Nd\u00ebrfetar Shqiptar, u zhvillua Simpoziumi me tem\u00eb \u201cHarmonia dhe dialogu nd\u00ebrfetar\u201d. Ai u mbajt n\u00eb kryeqytet, n\u00eb dat\u00ebn 27 shkurt, n\u00eb mjediset e \u201cTirana International Hotel\u201d. P\u00ebr realizimin e k\u00ebsaj veprimtarie bashk\u00ebpunuan Religions for Peace \/ USAID \/ World Learning dhe Komiteti i Kulteve. &nbsp;&nbsp; Simpoziumi u hap\" \/>\n<meta property=\"og:url\" content=\"https:\/\/orthodoxalbania.org\/2020\/2007\/02\/26\/simpoziumi-harmonia-dhe-dialogu-nderfetar-ne-shqiperi-shkurt-07\/\" \/>\n<meta property=\"og:site_name\" content=\"Kisha Orthodh\u03bfkse Autoqefale e Shqip\u00ebris\u00eb\" \/>\n<meta property=\"article:publisher\" content=\"https:\/\/www.facebook.com\/koash1991\" \/>\n<meta property=\"article:published_time\" content=\"2007-02-26T00:00:00+00:00\" \/>\n<meta property=\"article:modified_time\" content=\"2020-04-06T20:35:50+00:00\" \/>\n<meta property=\"og:image\" content=\"https:\/\/lh3.googleusercontent.com\/-KbqSWF8EWf4\/VIlE4Ujv5AI\/AAAAAAAAGIU\/iRl-E4N-GE4\/w370-h208-no\/pic1.jpg\" \/>\n<meta name=\"author\" content=\"Kisha Orthodhokse\" \/>\n<meta name=\"twitter:card\" content=\"summary_large_image\" \/>\n<meta name=\"twitter:label1\" content=\"Written by\" \/>\n\t<meta name=\"twitter:data1\" content=\"Kisha Orthodhokse\" \/>\n\t<meta name=\"twitter:label2\" content=\"Est. reading time\" \/>\n\t<meta name=\"twitter:data2\" content=\"4 minutes\" \/>\n<script type=\"application\/ld+json\" class=\"yoast-schema-graph\">{\"@context\":\"https:\/\/schema.org\",\"@graph\":[{\"@type\":\"Article\",\"@id\":\"https:\/\/orthodoxalbania.org\/2020\/2007\/02\/26\/simpoziumi-harmonia-dhe-dialogu-nderfetar-ne-shqiperi-shkurt-07\/#article\",\"isPartOf\":{\"@id\":\"https:\/\/orthodoxalbania.org\/2020\/2007\/02\/26\/simpoziumi-harmonia-dhe-dialogu-nderfetar-ne-shqiperi-shkurt-07\/\"},\"author\":{\"name\":\"Kisha Orthodhokse\",\"@id\":\"https:\/\/orthodoxalbania.org\/2020\/#\/schema\/person\/0c387634a7063ac612d7ed9ce71c7e86\"},\"headline\":\"Simpoziumi \u201cHarmonia dhe dialogu nd\u00ebrfetar\u201d n\u00eb Shqip\u00ebri. (27 Shkurt 2007)\",\"datePublished\":\"2007-02-26T00:00:00+00:00\",\"dateModified\":\"2020-04-06T20:35:50+00:00\",\"mainEntityOfPage\":{\"@id\":\"https:\/\/orthodoxalbania.org\/2020\/2007\/02\/26\/simpoziumi-harmonia-dhe-dialogu-nderfetar-ne-shqiperi-shkurt-07\/\"},\"wordCount\":888,\"commentCount\":0,\"publisher\":{\"@id\":\"https:\/\/orthodoxalbania.org\/2020\/#organization\"},\"image\":{\"@id\":\"https:\/\/orthodoxalbania.org\/2020\/2007\/02\/26\/simpoziumi-harmonia-dhe-dialogu-nderfetar-ne-shqiperi-shkurt-07\/#primaryimage\"},\"thumbnailUrl\":\"https:\/\/lh3.googleusercontent.com\/-KbqSWF8EWf4\/VIlE4Ujv5AI\/AAAAAAAAGIU\/iRl-E4N-GE4\/w370-h208-no\/pic1.jpg\",\"keywords\":[\"2007\",\"Aktivitete Nd\u00ebrfetare\",\"Kryepiskopata Tiran\u00eb\",\"Kryepiskopi Anastas\",\"lajme\"],\"articleSection\":[\"Lajme\"],\"inLanguage\":\"en-US\"},{\"@type\":\"WebPage\",\"@id\":\"https:\/\/orthodoxalbania.org\/2020\/2007\/02\/26\/simpoziumi-harmonia-dhe-dialogu-nderfetar-ne-shqiperi-shkurt-07\/\",\"url\":\"https:\/\/orthodoxalbania.org\/2020\/2007\/02\/26\/simpoziumi-harmonia-dhe-dialogu-nderfetar-ne-shqiperi-shkurt-07\/\",\"name\":\"Simpoziumi \u201cHarmonia dhe dialogu nd\u00ebrfetar\u201d n\u00eb Shqip\u00ebri. (27 Shkurt 2007) - Kisha Orthodh\u03bfkse Autoqefale e Shqip\u00ebris\u00eb\",\"isPartOf\":{\"@id\":\"https:\/\/orthodoxalbania.org\/2020\/#website\"},\"primaryImageOfPage\":{\"@id\":\"https:\/\/orthodoxalbania.org\/2020\/2007\/02\/26\/simpoziumi-harmonia-dhe-dialogu-nderfetar-ne-shqiperi-shkurt-07\/#primaryimage\"},\"image\":{\"@id\":\"https:\/\/orthodoxalbania.org\/2020\/2007\/02\/26\/simpoziumi-harmonia-dhe-dialogu-nderfetar-ne-shqiperi-shkurt-07\/#primaryimage\"},\"thumbnailUrl\":\"https:\/\/lh3.googleusercontent.com\/-KbqSWF8EWf4\/VIlE4Ujv5AI\/AAAAAAAAGIU\/iRl-E4N-GE4\/w370-h208-no\/pic1.jpg\",\"datePublished\":\"2007-02-26T00:00:00+00:00\",\"dateModified\":\"2020-04-06T20:35:50+00:00\",\"breadcrumb\":{\"@id\":\"https:\/\/orthodoxalbania.org\/2020\/2007\/02\/26\/simpoziumi-harmonia-dhe-dialogu-nderfetar-ne-shqiperi-shkurt-07\/#breadcrumb\"},\"inLanguage\":\"en-US\",\"potentialAction\":[{\"@type\":\"ReadAction\",\"target\":[\"https:\/\/orthodoxalbania.org\/2020\/2007\/02\/26\/simpoziumi-harmonia-dhe-dialogu-nderfetar-ne-shqiperi-shkurt-07\/\"]}]},{\"@type\":\"ImageObject\",\"inLanguage\":\"en-US\",\"@id\":\"https:\/\/orthodoxalbania.org\/2020\/2007\/02\/26\/simpoziumi-harmonia-dhe-dialogu-nderfetar-ne-shqiperi-shkurt-07\/#primaryimage\",\"url\":\"https:\/\/lh3.googleusercontent.com\/-KbqSWF8EWf4\/VIlE4Ujv5AI\/AAAAAAAAGIU\/iRl-E4N-GE4\/w370-h208-no\/pic1.jpg\",\"contentUrl\":\"https:\/\/lh3.googleusercontent.com\/-KbqSWF8EWf4\/VIlE4Ujv5AI\/AAAAAAAAGIU\/iRl-E4N-GE4\/w370-h208-no\/pic1.jpg\"},{\"@type\":\"BreadcrumbList\",\"@id\":\"https:\/\/orthodoxalbania.org\/2020\/2007\/02\/26\/simpoziumi-harmonia-dhe-dialogu-nderfetar-ne-shqiperi-shkurt-07\/#breadcrumb\",\"itemListElement\":[{\"@type\":\"ListItem\",\"position\":1,\"name\":\"Home\",\"item\":\"https:\/\/orthodoxalbania.org\/2020\/\"},{\"@type\":\"ListItem\",\"position\":2,\"name\":\"Simpoziumi \u201cHarmonia dhe dialogu nd\u00ebrfetar\u201d n\u00eb Shqip\u00ebri. (27 Shkurt 2007)\"}]},{\"@type\":\"WebSite\",\"@id\":\"https:\/\/orthodoxalbania.org\/2020\/#website\",\"url\":\"https:\/\/orthodoxalbania.org\/2020\/\",\"name\":\"Kisha Orthodh\u03bfkse Autoqefale e Shqip\u00ebris\u00eb\",\"description\":\"Fqja Zyrtare e Kish\u00ebs Orthodhokse Autoqefale e Shqip\u00ebris\u00eb me lajmet edhe informacionet zyrtare p\u00ebr struktur\u00ebn edhe veprimtarin e saj.\",\"publisher\":{\"@id\":\"https:\/\/orthodoxalbania.org\/2020\/#organization\"},\"potentialAction\":[{\"@type\":\"SearchAction\",\"target\":{\"@type\":\"EntryPoint\",\"urlTemplate\":\"https:\/\/orthodoxalbania.org\/2020\/?s={search_term_string}\"},\"query-input\":{\"@type\":\"PropertyValueSpecification\",\"valueRequired\":true,\"valueName\":\"search_term_string\"}}],\"inLanguage\":\"en-US\"},{\"@type\":\"Organization\",\"@id\":\"https:\/\/orthodoxalbania.org\/2020\/#organization\",\"name\":\"Kisha Orthodhokse Autoqefale e Shqip\u00ebris\u00eb\",\"url\":\"https:\/\/orthodoxalbania.org\/2020\/\",\"logo\":{\"@type\":\"ImageObject\",\"inLanguage\":\"en-US\",\"@id\":\"https:\/\/orthodoxalbania.org\/2020\/#\/schema\/logo\/image\/\",\"url\":\"https:\/\/orthodoxalbania.org\/2020\/wp-content\/uploads\/2020\/05\/albania.jpeg\",\"contentUrl\":\"https:\/\/orthodoxalbania.org\/2020\/wp-content\/uploads\/2020\/05\/albania.jpeg\",\"width\":540,\"height\":540,\"caption\":\"Kisha Orthodhokse Autoqefale e Shqip\u00ebris\u00eb\"},\"image\":{\"@id\":\"https:\/\/orthodoxalbania.org\/2020\/#\/schema\/logo\/image\/\"},\"sameAs\":[\"https:\/\/www.facebook.com\/koash1991\"]},{\"@type\":\"Person\",\"@id\":\"https:\/\/orthodoxalbania.org\/2020\/#\/schema\/person\/0c387634a7063ac612d7ed9ce71c7e86\",\"name\":\"Kisha Orthodhokse\",\"image\":{\"@type\":\"ImageObject\",\"inLanguage\":\"en-US\",\"@id\":\"https:\/\/secure.gravatar.com\/avatar\/596e7c417251e30f2fbb9c00e026fce61a695a00e51c889caded71c96cbbdde5?s=96&d=mm&r=g\",\"url\":\"https:\/\/secure.gravatar.com\/avatar\/596e7c417251e30f2fbb9c00e026fce61a695a00e51c889caded71c96cbbdde5?s=96&d=mm&r=g\",\"contentUrl\":\"https:\/\/secure.gravatar.com\/avatar\/596e7c417251e30f2fbb9c00e026fce61a695a00e51c889caded71c96cbbdde5?s=96&d=mm&r=g\",\"caption\":\"Kisha Orthodhokse\"}}]}<\/script>\n<!-- \/ Yoast SEO plugin. -->","yoast_head_json":{"title":"Simpoziumi \u201cHarmonia dhe dialogu nd\u00ebrfetar\u201d n\u00eb Shqip\u00ebri. (27 Shkurt 2007) - Kisha Orthodh\u03bfkse Autoqefale e Shqip\u00ebris\u00eb","robots":{"index":"index","follow":"follow","max-snippet":"max-snippet:-1","max-image-preview":"max-image-preview:large","max-video-preview":"max-video-preview:-1"},"canonical":"https:\/\/orthodoxalbania.org\/2020\/2007\/02\/26\/simpoziumi-harmonia-dhe-dialogu-nderfetar-ne-shqiperi-shkurt-07\/","og_locale":"en_US","og_type":"article","og_title":"Simpoziumi \u201cHarmonia dhe dialogu nd\u00ebrfetar\u201d n\u00eb Shqip\u00ebri. (27 Shkurt 2007) - Kisha Orthodh\u03bfkse Autoqefale e Shqip\u00ebris\u00eb","og_description":"&nbsp;&nbsp;&nbsp; Me mb\u00ebshtetjen e kryetar\u00ebve t\u00eb Komuniteteve Fetare Tradicionale, t\u00eb cilat jan\u00eb angazhuar n\u00eb formimin e K\u00ebshillit Nd\u00ebrfetar Shqiptar, u zhvillua Simpoziumi me tem\u00eb \u201cHarmonia dhe dialogu nd\u00ebrfetar\u201d. Ai u mbajt n\u00eb kryeqytet, n\u00eb dat\u00ebn 27 shkurt, n\u00eb mjediset e \u201cTirana International Hotel\u201d. P\u00ebr realizimin e k\u00ebsaj veprimtarie bashk\u00ebpunuan Religions for Peace \/ USAID \/ World Learning dhe Komiteti i Kulteve. &nbsp;&nbsp; Simpoziumi u hap","og_url":"https:\/\/orthodoxalbania.org\/2020\/2007\/02\/26\/simpoziumi-harmonia-dhe-dialogu-nderfetar-ne-shqiperi-shkurt-07\/","og_site_name":"Kisha Orthodh\u03bfkse Autoqefale e Shqip\u00ebris\u00eb","article_publisher":"https:\/\/www.facebook.com\/koash1991","article_published_time":"2007-02-26T00:00:00+00:00","article_modified_time":"2020-04-06T20:35:50+00:00","og_image":[{"url":"https:\/\/lh3.googleusercontent.com\/-KbqSWF8EWf4\/VIlE4Ujv5AI\/AAAAAAAAGIU\/iRl-E4N-GE4\/w370-h208-no\/pic1.jpg","type":"","width":"","height":""}],"author":"Kisha Orthodhokse","twitter_card":"summary_large_image","twitter_misc":{"Written by":"Kisha Orthodhokse","Est. reading time":"4 minutes"},"schema":{"@context":"https:\/\/schema.org","@graph":[{"@type":"Article","@id":"https:\/\/orthodoxalbania.org\/2020\/2007\/02\/26\/simpoziumi-harmonia-dhe-dialogu-nderfetar-ne-shqiperi-shkurt-07\/#article","isPartOf":{"@id":"https:\/\/orthodoxalbania.org\/2020\/2007\/02\/26\/simpoziumi-harmonia-dhe-dialogu-nderfetar-ne-shqiperi-shkurt-07\/"},"author":{"name":"Kisha Orthodhokse","@id":"https:\/\/orthodoxalbania.org\/2020\/#\/schema\/person\/0c387634a7063ac612d7ed9ce71c7e86"},"headline":"Simpoziumi \u201cHarmonia dhe dialogu nd\u00ebrfetar\u201d n\u00eb Shqip\u00ebri. (27 Shkurt 2007)","datePublished":"2007-02-26T00:00:00+00:00","dateModified":"2020-04-06T20:35:50+00:00","mainEntityOfPage":{"@id":"https:\/\/orthodoxalbania.org\/2020\/2007\/02\/26\/simpoziumi-harmonia-dhe-dialogu-nderfetar-ne-shqiperi-shkurt-07\/"},"wordCount":888,"commentCount":0,"publisher":{"@id":"https:\/\/orthodoxalbania.org\/2020\/#organization"},"image":{"@id":"https:\/\/orthodoxalbania.org\/2020\/2007\/02\/26\/simpoziumi-harmonia-dhe-dialogu-nderfetar-ne-shqiperi-shkurt-07\/#primaryimage"},"thumbnailUrl":"https:\/\/lh3.googleusercontent.com\/-KbqSWF8EWf4\/VIlE4Ujv5AI\/AAAAAAAAGIU\/iRl-E4N-GE4\/w370-h208-no\/pic1.jpg","keywords":["2007","Aktivitete Nd\u00ebrfetare","Kryepiskopata Tiran\u00eb","Kryepiskopi Anastas","lajme"],"articleSection":["Lajme"],"inLanguage":"en-US"},{"@type":"WebPage","@id":"https:\/\/orthodoxalbania.org\/2020\/2007\/02\/26\/simpoziumi-harmonia-dhe-dialogu-nderfetar-ne-shqiperi-shkurt-07\/","url":"https:\/\/orthodoxalbania.org\/2020\/2007\/02\/26\/simpoziumi-harmonia-dhe-dialogu-nderfetar-ne-shqiperi-shkurt-07\/","name":"Simpoziumi \u201cHarmonia dhe dialogu nd\u00ebrfetar\u201d n\u00eb Shqip\u00ebri. (27 Shkurt 2007) - Kisha Orthodh\u03bfkse Autoqefale e Shqip\u00ebris\u00eb","isPartOf":{"@id":"https:\/\/orthodoxalbania.org\/2020\/#website"},"primaryImageOfPage":{"@id":"https:\/\/orthodoxalbania.org\/2020\/2007\/02\/26\/simpoziumi-harmonia-dhe-dialogu-nderfetar-ne-shqiperi-shkurt-07\/#primaryimage"},"image":{"@id":"https:\/\/orthodoxalbania.org\/2020\/2007\/02\/26\/simpoziumi-harmonia-dhe-dialogu-nderfetar-ne-shqiperi-shkurt-07\/#primaryimage"},"thumbnailUrl":"https:\/\/lh3.googleusercontent.com\/-KbqSWF8EWf4\/VIlE4Ujv5AI\/AAAAAAAAGIU\/iRl-E4N-GE4\/w370-h208-no\/pic1.jpg","datePublished":"2007-02-26T00:00:00+00:00","dateModified":"2020-04-06T20:35:50+00:00","breadcrumb":{"@id":"https:\/\/orthodoxalbania.org\/2020\/2007\/02\/26\/simpoziumi-harmonia-dhe-dialogu-nderfetar-ne-shqiperi-shkurt-07\/#breadcrumb"},"inLanguage":"en-US","potentialAction":[{"@type":"ReadAction","target":["https:\/\/orthodoxalbania.org\/2020\/2007\/02\/26\/simpoziumi-harmonia-dhe-dialogu-nderfetar-ne-shqiperi-shkurt-07\/"]}]},{"@type":"ImageObject","inLanguage":"en-US","@id":"https:\/\/orthodoxalbania.org\/2020\/2007\/02\/26\/simpoziumi-harmonia-dhe-dialogu-nderfetar-ne-shqiperi-shkurt-07\/#primaryimage","url":"https:\/\/lh3.googleusercontent.com\/-KbqSWF8EWf4\/VIlE4Ujv5AI\/AAAAAAAAGIU\/iRl-E4N-GE4\/w370-h208-no\/pic1.jpg","contentUrl":"https:\/\/lh3.googleusercontent.com\/-KbqSWF8EWf4\/VIlE4Ujv5AI\/AAAAAAAAGIU\/iRl-E4N-GE4\/w370-h208-no\/pic1.jpg"},{"@type":"BreadcrumbList","@id":"https:\/\/orthodoxalbania.org\/2020\/2007\/02\/26\/simpoziumi-harmonia-dhe-dialogu-nderfetar-ne-shqiperi-shkurt-07\/#breadcrumb","itemListElement":[{"@type":"ListItem","position":1,"name":"Home","item":"https:\/\/orthodoxalbania.org\/2020\/"},{"@type":"ListItem","position":2,"name":"Simpoziumi \u201cHarmonia dhe dialogu nd\u00ebrfetar\u201d n\u00eb Shqip\u00ebri. (27 Shkurt 2007)"}]},{"@type":"WebSite","@id":"https:\/\/orthodoxalbania.org\/2020\/#website","url":"https:\/\/orthodoxalbania.org\/2020\/","name":"Kisha Orthodh\u03bfkse Autoqefale e Shqip\u00ebris\u00eb","description":"Fqja Zyrtare e Kish\u00ebs Orthodhokse Autoqefale e Shqip\u00ebris\u00eb me lajmet edhe informacionet zyrtare p\u00ebr struktur\u00ebn edhe veprimtarin e saj.","publisher":{"@id":"https:\/\/orthodoxalbania.org\/2020\/#organization"},"potentialAction":[{"@type":"SearchAction","target":{"@type":"EntryPoint","urlTemplate":"https:\/\/orthodoxalbania.org\/2020\/?s={search_term_string}"},"query-input":{"@type":"PropertyValueSpecification","valueRequired":true,"valueName":"search_term_string"}}],"inLanguage":"en-US"},{"@type":"Organization","@id":"https:\/\/orthodoxalbania.org\/2020\/#organization","name":"Kisha Orthodhokse Autoqefale e Shqip\u00ebris\u00eb","url":"https:\/\/orthodoxalbania.org\/2020\/","logo":{"@type":"ImageObject","inLanguage":"en-US","@id":"https:\/\/orthodoxalbania.org\/2020\/#\/schema\/logo\/image\/","url":"https:\/\/orthodoxalbania.org\/2020\/wp-content\/uploads\/2020\/05\/albania.jpeg","contentUrl":"https:\/\/orthodoxalbania.org\/2020\/wp-content\/uploads\/2020\/05\/albania.jpeg","width":540,"height":540,"caption":"Kisha Orthodhokse Autoqefale e Shqip\u00ebris\u00eb"},"image":{"@id":"https:\/\/orthodoxalbania.org\/2020\/#\/schema\/logo\/image\/"},"sameAs":["https:\/\/www.facebook.com\/koash1991"]},{"@type":"Person","@id":"https:\/\/orthodoxalbania.org\/2020\/#\/schema\/person\/0c387634a7063ac612d7ed9ce71c7e86","name":"Kisha Orthodhokse","image":{"@type":"ImageObject","inLanguage":"en-US","@id":"https:\/\/secure.gravatar.com\/avatar\/596e7c417251e30f2fbb9c00e026fce61a695a00e51c889caded71c96cbbdde5?s=96&d=mm&r=g","url":"https:\/\/secure.gravatar.com\/avatar\/596e7c417251e30f2fbb9c00e026fce61a695a00e51c889caded71c96cbbdde5?s=96&d=mm&r=g","contentUrl":"https:\/\/secure.gravatar.com\/avatar\/596e7c417251e30f2fbb9c00e026fce61a695a00e51c889caded71c96cbbdde5?s=96&d=mm&r=g","caption":"Kisha Orthodhokse"}}]}},"_links":{"self":[{"href":"https:\/\/orthodoxalbania.org\/2020\/wp-json\/wp\/v2\/posts\/1215","targetHints":{"allow":["GET"]}}],"collection":[{"href":"https:\/\/orthodoxalbania.org\/2020\/wp-json\/wp\/v2\/posts"}],"about":[{"href":"https:\/\/orthodoxalbania.org\/2020\/wp-json\/wp\/v2\/types\/post"}],"author":[{"embeddable":true,"href":"https:\/\/orthodoxalbania.org\/2020\/wp-json\/wp\/v2\/users\/1"}],"replies":[{"embeddable":true,"href":"https:\/\/orthodoxalbania.org\/2020\/wp-json\/wp\/v2\/comments?post=1215"}],"version-history":[{"count":1,"href":"https:\/\/orthodoxalbania.org\/2020\/wp-json\/wp\/v2\/posts\/1215\/revisions"}],"predecessor-version":[{"id":15778,"href":"https:\/\/orthodoxalbania.org\/2020\/wp-json\/wp\/v2\/posts\/1215\/revisions\/15778"}],"wp:attachment":[{"href":"https:\/\/orthodoxalbania.org\/2020\/wp-json\/wp\/v2\/media?parent=1215"}],"wp:term":[{"taxonomy":"category","embeddable":true,"href":"https:\/\/orthodoxalbania.org\/2020\/wp-json\/wp\/v2\/categories?post=1215"},{"taxonomy":"post_tag","embeddable":true,"href":"https:\/\/orthodoxalbania.org\/2020\/wp-json\/wp\/v2\/tags?post=1215"}],"curies":[{"name":"wp","href":"https:\/\/api.w.org\/{rel}","templated":true}]}}