{"id":1213,"date":"2013-12-14T18:09:55","date_gmt":"2013-12-14T18:09:55","guid":{"rendered":""},"modified":"2020-04-06T22:05:26","modified_gmt":"2020-04-06T20:05:26","slug":"shpallen-dy-shenjtore-te-rinj","status":"publish","type":"post","link":"https:\/\/orthodoxalbania.org\/2020\/2013\/12\/14\/shpallen-dy-shenjtore-te-rinj\/","title":{"rendered":"Shpallen dy shenjtor\u00eb t\u00eb rinj. (27 N\u00ebntor 2013)"},"content":{"rendered":"<div style=\"text-align: justify;\">\n\t<span style=\"font-family:tahoma,geneva,sans-serif;\"><span style=\"font-size: 12px;\"><span style=\"color: rgb(0, 0, 0);\"><strong>&nbsp;&nbsp;&nbsp; <\/strong>M\u00eb dat\u00ebn 27 n\u00ebntor 2013, Sinodi i Shenjt\u00eb i Patriarkan\u00ebs Ekumenike, i drejtuar nga Patriarku Bartolome, vendosi t\u00eb regjistroj\u00eb n\u00eb Agjiologun e Kish\u00ebs Orthodhokse emrin e Hieromonak Porfir Kavsokalivitit (1906-1991) dhe Hieromonak Meleti i Rodosit (fundi i shek.XVIII), duke i v\u00ebn\u00eb k\u00ebshtu n\u00eb radh\u00ebt e shenjtor\u00ebve. Vendimi sinodal p\u00ebrcakton se kujtimi i Sh\u00ebn Porfir Kavsokalivitit do t\u00eb nderohet nga Kisha Orthodhokse m\u00eb 2 dhjetor dhe i Sh\u00ebn Meletit t\u00eb Rodosit 12 shkurt, dit\u00ebn q\u00eb kan\u00eb nd\u00ebrruar jet\u00eb. &nbsp;&nbsp;<\/span><\/span><\/span><\/div>\n<div style=\"text-align: justify;\">\n\t&nbsp;<\/div>\n<div style=\"text-align: justify;\">\n\t<span style=\"font-family:tahoma,geneva,sans-serif;\"><span style=\"font-size: 12px;\"><span style=\"color: rgb(0, 0, 0);\">&nbsp;&nbsp;&nbsp; Mitropoliti i Filadelfis\u00eb, z. Melitoni, pjes\u00ebtar i K\u00ebshillit t\u00eb Patriarkan\u00ebs s\u00eb Shenjt\u00eb, q\u00eb merret me c\u00ebshtjet kanonike, deklaroi se: \u201ckriteri baz\u00eb i k\u00ebsaj njohjeje ishte nd\u00ebrgjegjja e plot\u00eb e Kish\u00ebs n\u00eb t\u00eb gjith\u00eb bot\u00ebn orthodhokse\u201d.<\/span><\/span><\/span><\/div>\n<div>\n\t<span style=\"font-family:tahoma,geneva,sans-serif;\"><span style=\"font-size: 12px;\"><span style=\"color: rgb(0, 0, 0);\"><img class=\"lazyload\" decoding=\"async\" src=\"data:image\/gif;base64,R0lGODlhAQABAAAAACH5BAEKAAEALAAAAAABAAEAAAICTAEAOw==\" data-orig-src=\"https:\/\/lh3.googleusercontent.com\/-qG6JMkw0JWc\/UqyctSB5BOI\/AAAAAAAAHA0\/Ygd9aJhSnYc\/s576\/osios%20porfirios_.jpg\" style=\"width: 192px; height: 300px; border-width: 1px; border-style: solid; margin: 15px; float: left;\" \/><\/span><\/span><\/span><\/div>\n<div>\n\t<span style=\"font-family:tahoma,geneva,sans-serif;\"><span style=\"font-size: 12px;\"><span style=\"color: rgb(0, 0, 0);\"><strong><img class=\"lazyload\" decoding=\"async\" src=\"data:image\/gif;base64,R0lGODlhAQABAAAAACH5BAEKAAEALAAAAAABAAEAAAICTAEAOw==\" data-orig-src=\"https:\/\/lh5.googleusercontent.com\/-PwHPIMtfwrA\/UqyctT3HcxI\/AAAAAAAAHAw\/lOTAIK1xXAk\/s576\/agios_meletios.jpg\" style=\"width: 167px; height: 300px; border-width: 1px; border-style: solid; margin: 15px; float: left;\" \/><\/strong><\/span><\/span><\/span><\/div>\n<div>\n\t<span style=\"font-family:tahoma,geneva,sans-serif;\"><span style=\"font-size: 12px;\"><span style=\"color: rgb(0, 0, 0);\"><strong>&nbsp;&nbsp;&nbsp; &#8212;&#8212;&#8212;&#8212;&#8212;&#8212;&#8212;-<\/strong><\/span><\/span><\/span><\/div>\n<div>\n\t&nbsp;<\/div>\n<div>\n\t<span style=\"color:#b22222;\"><span style=\"font-family: tahoma,geneva,sans-serif;\"><span style=\"font-size: 12px;\"><strong>&nbsp;&nbsp;&nbsp; Si kryhet njohja e shenjtor\u00ebve n\u00eb Kish\u00ebn Orthodhokse?<\/strong><\/span><\/span><\/span><\/div>\n<div>\n\t&nbsp;<\/div>\n<div style=\"text-align: justify;\">\n\t<span style=\"font-family:tahoma,geneva,sans-serif;\"><span style=\"font-size: 12px;\"><span style=\"color: rgb(0, 0, 0);\">&nbsp;&nbsp;&nbsp; Shenjtor\u00ebt nderoheshin nga t\u00eb krishter\u00ebt n\u00eb Kish\u00ebn e hershme. Ajo nuk kishte p\u00ebrcaktuar ndonj\u00eb rregull t\u00eb shkruar p\u00ebr njohjen e shenjtor\u00ebve, por nd\u00ebrgjegjja e t\u00eb krishter\u00ebve i nderonte dhe i tregonte t\u00eb till\u00eb.<\/span><\/span><\/span><\/div>\n<div style=\"text-align: justify;\">\n\t&nbsp;<\/div>\n<div style=\"text-align: justify;\">\n\t<span style=\"font-family:tahoma,geneva,sans-serif;\"><span style=\"font-size: 12px;\"><span style=\"color: rgb(0, 0, 0);\">&nbsp;&nbsp;&nbsp; Fillimisht, njohja kishte karakter lokal. M\u00eb pas emrat e shenjtor\u00ebve i regjistruan n\u00eb martirolog\u00eb, agjiolog\u00eb, sinaksar\u00eb, mujor\u00eb ose diptik\u00eb. Me kalimin e koh\u00ebs njohja e shenjtorit merrte karakter t\u00eb p\u00ebrgjithsh\u00ebm, kur nd\u00ebrgjegjja e p\u00ebrbashk\u00ebt e plot\u00ebsis\u00eb s\u00eb Kish\u00ebs vler\u00ebsonte q\u00eb emri i shenjtit t\u00eb shkruhej n\u00eb diptik\u00eb.<\/span><\/span><\/span><\/div>\n<div style=\"text-align: justify;\">\n\t&nbsp;<\/div>\n<div style=\"text-align: justify;\">\n\t<span style=\"font-family:tahoma,geneva,sans-serif;\"><span style=\"font-size: 12px;\"><span style=\"color: rgb(0, 0, 0);\">&nbsp;&nbsp;&nbsp; M\u00eb von\u00eb, njohja e shenjtor\u00ebve kryhej me akte zyrtare t\u00eb Kish\u00ebs nga sinodet, n\u00eb m\u00ebnyr\u00eb q\u00eb t\u00eb p\u00ebrgjith\u00ebsohej nderimi i tyre. Kisha asnj\u00ebher\u00eb nuk \u00ebsht\u00eb nxituar q\u00eb t\u00eb shpall\u00eb zyrtarisht shenjt\u00ebrin\u00eb e dikujt dhe kjo duket m\u00eb s\u00eb miri kur ajo nuk ka b\u00ebr\u00eb asnj\u00eb gabim n\u00eb k\u00ebt\u00eb \u00e7\u00ebshtje.<\/span><\/span><\/span><\/div>\n<div style=\"text-align: justify;\">\n\t&nbsp;<\/div>\n<div style=\"text-align: justify;\">\n\t<span style=\"font-family:tahoma,geneva,sans-serif;\"><span style=\"font-size: 12px;\"><span style=\"color: rgb(0, 0, 0);\">&nbsp;&nbsp;&nbsp; Kisha nuk shpalli kurr\u00eb asnj\u00eb shenjtor pa qen\u00eb shenjtor dhe kjo p\u00ebr arsyet se Ajo drejtohet nga Shpirti i Shenjt\u00eb drejt s\u00eb v\u00ebrtet\u00ebs dhe njohjes s\u00eb shenjtor\u00ebve dhe se nd\u00ebrgjegjja e pagabueshme e Saj si komunitet, n\u00eb m\u00ebnyr\u00eb t\u00eb mrekullueshme, pranon si shenjtor\u00eb, shenjtor\u00ebt e v\u00ebrtet\u00eb.<\/span><\/span><\/span><\/div>\n<div style=\"text-align: justify;\">\n\t&nbsp;<\/div>\n<div style=\"text-align: justify;\">\n\t<span style=\"font-family:tahoma,geneva,sans-serif;\"><span style=\"font-size: 12px;\"><span style=\"color: rgb(0, 0, 0);\">&nbsp;&nbsp;&nbsp; Kriteret e p\u00ebrhershme t\u00eb njohjes s\u00eb ndonj\u00ebrit prej pjes\u00ebtar\u00ebve t\u00eb Kish\u00ebs si shenjtor jan\u00eb: a) morali i krishter\u00eb orthodhoks, b) jeta shpirt\u00ebrore, c) mrekullit\u00eb. K\u00ebto kritere q\u00eb sh\u00ebrbejn\u00eb si element\u00eb dhe prova bind\u00ebse, duke u alternuar me nd\u00ebrgjegjen e Kish\u00ebs, krijojn\u00eb kushtet dhe momentin e njohjes s\u00eb shenjt\u00ebris\u00eb s\u00eb pjes\u00ebtarit t\u00eb Kish\u00ebs. Procedura e njohjes s\u00eb nj\u00eb shenjtori, nuk e b\u00ebn at\u00eb shenjtor, por vet\u00ebm sa njeh dhe e shpall shenjt\u00ebrin\u00eb e tij q\u00eb iu dha nga Per\u00ebndia q\u00eb n\u00eb jet\u00ebn tok\u00ebsore.<\/span><\/span><\/span><\/div>\n<div style=\"text-align: justify;\">\n\t&nbsp;<\/div>\n<div style=\"text-align: justify;\">\n\t&nbsp;<\/div>\n<div style=\"text-align: right;\">\n\t<span style=\"font-family:tahoma,geneva,sans-serif;\"><span style=\"font-size: 12px;\"><span style=\"color: rgb(0, 0, 0);\"><strong>Thoma Shkira<\/strong><\/span><\/span><\/span><\/div>\n","protected":false},"excerpt":{"rendered":"<p>&nbsp;&nbsp;&nbsp; M\u00eb dat\u00ebn 27 n\u00ebntor 2013, Sinodi i Shenjt\u00eb i Patriarkan\u00ebs Ekumenike, i drejtuar nga Patriarku Bartolome, vendosi t\u00eb regjistroj\u00eb n\u00eb Agjiologun e Kish\u00ebs Orthodhokse emrin e Hieromonak Porfir Kavsokalivitit (1906-1991) dhe Hieromonak Meleti i Rodosit (fundi i shek.XVIII), duke i v\u00ebn\u00eb k\u00ebshtu n\u00eb radh\u00ebt e shenjtor\u00ebve. Vendimi sinodal p\u00ebrcakton se kujtimi i Sh\u00ebn Porfir Kavsokalivitit do t\u00eb nderohet nga Kisha Orthodhokse m\u00eb 2 dhjetor<\/p>\n","protected":false},"author":5,"featured_media":0,"comment_status":"open","ping_status":"open","sticky":false,"template":"","format":"standard","meta":{"_acf_changed":false,"pagelayer_contact_templates":[],"_pagelayer_content":"","inline_featured_image":false,"fifu_image_url":"","fifu_image_alt":"","footnotes":""},"categories":[108],"tags":[141,153,196,212],"class_list":["post-1213","post","type-post","status-publish","format-standard","hentry","category-lajme","tag-141","tag-deklarata-njoftime-zyrtare-d75","tag-tirane","tag-lajme-d27"],"acf":[],"yoast_head":"<!-- This site is optimized with the Yoast SEO plugin v27.2 - https:\/\/yoast.com\/product\/yoast-seo-wordpress\/ -->\n<title>Shpallen dy shenjtor\u00eb t\u00eb rinj. (27 N\u00ebntor 2013) - Kisha Orthodh\u03bfkse Autoqefale e Shqip\u00ebris\u00eb<\/title>\n<meta name=\"robots\" content=\"index, follow, max-snippet:-1, max-image-preview:large, max-video-preview:-1\" \/>\n<link rel=\"canonical\" href=\"https:\/\/orthodoxalbania.org\/2020\/2013\/12\/14\/shpallen-dy-shenjtore-te-rinj\/\" \/>\n<meta property=\"og:locale\" content=\"en_US\" \/>\n<meta property=\"og:type\" content=\"article\" \/>\n<meta property=\"og:title\" content=\"Shpallen dy shenjtor\u00eb t\u00eb rinj. (27 N\u00ebntor 2013) - Kisha Orthodh\u03bfkse Autoqefale e Shqip\u00ebris\u00eb\" \/>\n<meta property=\"og:description\" content=\"&nbsp;&nbsp;&nbsp; M\u00eb dat\u00ebn 27 n\u00ebntor 2013, Sinodi i Shenjt\u00eb i Patriarkan\u00ebs Ekumenike, i drejtuar nga Patriarku Bartolome, vendosi t\u00eb regjistroj\u00eb n\u00eb Agjiologun e Kish\u00ebs Orthodhokse emrin e Hieromonak Porfir Kavsokalivitit (1906-1991) dhe Hieromonak Meleti i Rodosit (fundi i shek.XVIII), duke i v\u00ebn\u00eb k\u00ebshtu n\u00eb radh\u00ebt e shenjtor\u00ebve. Vendimi sinodal p\u00ebrcakton se kujtimi i Sh\u00ebn Porfir Kavsokalivitit do t\u00eb nderohet nga Kisha Orthodhokse m\u00eb 2 dhjetor\" \/>\n<meta property=\"og:url\" content=\"https:\/\/orthodoxalbania.org\/2020\/2013\/12\/14\/shpallen-dy-shenjtore-te-rinj\/\" \/>\n<meta property=\"og:site_name\" content=\"Kisha Orthodh\u03bfkse Autoqefale e Shqip\u00ebris\u00eb\" \/>\n<meta property=\"article:publisher\" content=\"https:\/\/www.facebook.com\/koash1991\" \/>\n<meta property=\"article:published_time\" content=\"2013-12-14T18:09:55+00:00\" \/>\n<meta property=\"article:modified_time\" content=\"2020-04-06T20:05:26+00:00\" \/>\n<meta property=\"og:image\" content=\"https:\/\/lh3.googleusercontent.com\/-qG6JMkw0JWc\/UqyctSB5BOI\/AAAAAAAAHA0\/Ygd9aJhSnYc\/s576\/osios%20porfirios_.jpg\" \/>\n<meta name=\"author\" content=\"Administrator3\" \/>\n<meta name=\"twitter:card\" content=\"summary_large_image\" \/>\n<meta name=\"twitter:label1\" content=\"Written by\" \/>\n\t<meta name=\"twitter:data1\" content=\"Administrator3\" \/>\n\t<meta name=\"twitter:label2\" content=\"Est. reading time\" \/>\n\t<meta name=\"twitter:data2\" content=\"2 minutes\" \/>\n<script type=\"application\/ld+json\" class=\"yoast-schema-graph\">{\"@context\":\"https:\/\/schema.org\",\"@graph\":[{\"@type\":\"Article\",\"@id\":\"https:\/\/orthodoxalbania.org\/2020\/2013\/12\/14\/shpallen-dy-shenjtore-te-rinj\/#article\",\"isPartOf\":{\"@id\":\"https:\/\/orthodoxalbania.org\/2020\/2013\/12\/14\/shpallen-dy-shenjtore-te-rinj\/\"},\"author\":{\"name\":\"Administrator3\",\"@id\":\"https:\/\/orthodoxalbania.org\/2020\/#\/schema\/person\/8f81792a8d818674e96c380e1085eb43\"},\"headline\":\"Shpallen dy shenjtor\u00eb t\u00eb rinj. (27 N\u00ebntor 2013)\",\"datePublished\":\"2013-12-14T18:09:55+00:00\",\"dateModified\":\"2020-04-06T20:05:26+00:00\",\"mainEntityOfPage\":{\"@id\":\"https:\/\/orthodoxalbania.org\/2020\/2013\/12\/14\/shpallen-dy-shenjtore-te-rinj\/\"},\"wordCount\":500,\"commentCount\":0,\"publisher\":{\"@id\":\"https:\/\/orthodoxalbania.org\/2020\/#organization\"},\"image\":{\"@id\":\"https:\/\/orthodoxalbania.org\/2020\/2013\/12\/14\/shpallen-dy-shenjtore-te-rinj\/#primaryimage\"},\"thumbnailUrl\":\"https:\/\/lh3.googleusercontent.com\/-qG6JMkw0JWc\/UqyctSB5BOI\/AAAAAAAAHA0\/Ygd9aJhSnYc\/s576\/osios%20porfirios_.jpg\",\"keywords\":[\"2013\",\"Deklarata - Njoftime Zyrtare\",\"Kryepiskopata Tiran\u00eb\",\"lajme\"],\"articleSection\":[\"Lajme\"],\"inLanguage\":\"en-US\"},{\"@type\":\"WebPage\",\"@id\":\"https:\/\/orthodoxalbania.org\/2020\/2013\/12\/14\/shpallen-dy-shenjtore-te-rinj\/\",\"url\":\"https:\/\/orthodoxalbania.org\/2020\/2013\/12\/14\/shpallen-dy-shenjtore-te-rinj\/\",\"name\":\"Shpallen dy shenjtor\u00eb t\u00eb rinj. (27 N\u00ebntor 2013) - Kisha Orthodh\u03bfkse Autoqefale e Shqip\u00ebris\u00eb\",\"isPartOf\":{\"@id\":\"https:\/\/orthodoxalbania.org\/2020\/#website\"},\"primaryImageOfPage\":{\"@id\":\"https:\/\/orthodoxalbania.org\/2020\/2013\/12\/14\/shpallen-dy-shenjtore-te-rinj\/#primaryimage\"},\"image\":{\"@id\":\"https:\/\/orthodoxalbania.org\/2020\/2013\/12\/14\/shpallen-dy-shenjtore-te-rinj\/#primaryimage\"},\"thumbnailUrl\":\"https:\/\/lh3.googleusercontent.com\/-qG6JMkw0JWc\/UqyctSB5BOI\/AAAAAAAAHA0\/Ygd9aJhSnYc\/s576\/osios%20porfirios_.jpg\",\"datePublished\":\"2013-12-14T18:09:55+00:00\",\"dateModified\":\"2020-04-06T20:05:26+00:00\",\"breadcrumb\":{\"@id\":\"https:\/\/orthodoxalbania.org\/2020\/2013\/12\/14\/shpallen-dy-shenjtore-te-rinj\/#breadcrumb\"},\"inLanguage\":\"en-US\",\"potentialAction\":[{\"@type\":\"ReadAction\",\"target\":[\"https:\/\/orthodoxalbania.org\/2020\/2013\/12\/14\/shpallen-dy-shenjtore-te-rinj\/\"]}]},{\"@type\":\"ImageObject\",\"inLanguage\":\"en-US\",\"@id\":\"https:\/\/orthodoxalbania.org\/2020\/2013\/12\/14\/shpallen-dy-shenjtore-te-rinj\/#primaryimage\",\"url\":\"https:\/\/lh3.googleusercontent.com\/-qG6JMkw0JWc\/UqyctSB5BOI\/AAAAAAAAHA0\/Ygd9aJhSnYc\/s576\/osios%20porfirios_.jpg\",\"contentUrl\":\"https:\/\/lh3.googleusercontent.com\/-qG6JMkw0JWc\/UqyctSB5BOI\/AAAAAAAAHA0\/Ygd9aJhSnYc\/s576\/osios%20porfirios_.jpg\"},{\"@type\":\"BreadcrumbList\",\"@id\":\"https:\/\/orthodoxalbania.org\/2020\/2013\/12\/14\/shpallen-dy-shenjtore-te-rinj\/#breadcrumb\",\"itemListElement\":[{\"@type\":\"ListItem\",\"position\":1,\"name\":\"Home\",\"item\":\"https:\/\/orthodoxalbania.org\/2020\/\"},{\"@type\":\"ListItem\",\"position\":2,\"name\":\"Shpallen dy shenjtor\u00eb t\u00eb rinj. (27 N\u00ebntor 2013)\"}]},{\"@type\":\"WebSite\",\"@id\":\"https:\/\/orthodoxalbania.org\/2020\/#website\",\"url\":\"https:\/\/orthodoxalbania.org\/2020\/\",\"name\":\"Kisha Orthodh\u03bfkse Autoqefale e Shqip\u00ebris\u00eb\",\"description\":\"Fqja Zyrtare e Kish\u00ebs Orthodhokse Autoqefale e Shqip\u00ebris\u00eb me lajmet edhe informacionet zyrtare p\u00ebr struktur\u00ebn edhe veprimtarin e saj.\",\"publisher\":{\"@id\":\"https:\/\/orthodoxalbania.org\/2020\/#organization\"},\"potentialAction\":[{\"@type\":\"SearchAction\",\"target\":{\"@type\":\"EntryPoint\",\"urlTemplate\":\"https:\/\/orthodoxalbania.org\/2020\/?s={search_term_string}\"},\"query-input\":{\"@type\":\"PropertyValueSpecification\",\"valueRequired\":true,\"valueName\":\"search_term_string\"}}],\"inLanguage\":\"en-US\"},{\"@type\":\"Organization\",\"@id\":\"https:\/\/orthodoxalbania.org\/2020\/#organization\",\"name\":\"Kisha Orthodhokse Autoqefale e Shqip\u00ebris\u00eb\",\"url\":\"https:\/\/orthodoxalbania.org\/2020\/\",\"logo\":{\"@type\":\"ImageObject\",\"inLanguage\":\"en-US\",\"@id\":\"https:\/\/orthodoxalbania.org\/2020\/#\/schema\/logo\/image\/\",\"url\":\"https:\/\/orthodoxalbania.org\/2020\/wp-content\/uploads\/2020\/05\/albania.jpeg\",\"contentUrl\":\"https:\/\/orthodoxalbania.org\/2020\/wp-content\/uploads\/2020\/05\/albania.jpeg\",\"width\":540,\"height\":540,\"caption\":\"Kisha Orthodhokse Autoqefale e Shqip\u00ebris\u00eb\"},\"image\":{\"@id\":\"https:\/\/orthodoxalbania.org\/2020\/#\/schema\/logo\/image\/\"},\"sameAs\":[\"https:\/\/www.facebook.com\/koash1991\"]},{\"@type\":\"Person\",\"@id\":\"https:\/\/orthodoxalbania.org\/2020\/#\/schema\/person\/8f81792a8d818674e96c380e1085eb43\",\"name\":\"Administrator3\",\"image\":{\"@type\":\"ImageObject\",\"inLanguage\":\"en-US\",\"@id\":\"https:\/\/secure.gravatar.com\/avatar\/f6b85b21b3f9159ff2c0d0cf50724456629c45a3e9069c9124ecd8a6cb95f6ca?s=96&d=mm&r=g\",\"url\":\"https:\/\/secure.gravatar.com\/avatar\/f6b85b21b3f9159ff2c0d0cf50724456629c45a3e9069c9124ecd8a6cb95f6ca?s=96&d=mm&r=g\",\"contentUrl\":\"https:\/\/secure.gravatar.com\/avatar\/f6b85b21b3f9159ff2c0d0cf50724456629c45a3e9069c9124ecd8a6cb95f6ca?s=96&d=mm&r=g\",\"caption\":\"Administrator3\"}}]}<\/script>\n<!-- \/ Yoast SEO plugin. -->","yoast_head_json":{"title":"Shpallen dy shenjtor\u00eb t\u00eb rinj. (27 N\u00ebntor 2013) - Kisha Orthodh\u03bfkse Autoqefale e Shqip\u00ebris\u00eb","robots":{"index":"index","follow":"follow","max-snippet":"max-snippet:-1","max-image-preview":"max-image-preview:large","max-video-preview":"max-video-preview:-1"},"canonical":"https:\/\/orthodoxalbania.org\/2020\/2013\/12\/14\/shpallen-dy-shenjtore-te-rinj\/","og_locale":"en_US","og_type":"article","og_title":"Shpallen dy shenjtor\u00eb t\u00eb rinj. (27 N\u00ebntor 2013) - Kisha Orthodh\u03bfkse Autoqefale e Shqip\u00ebris\u00eb","og_description":"&nbsp;&nbsp;&nbsp; M\u00eb dat\u00ebn 27 n\u00ebntor 2013, Sinodi i Shenjt\u00eb i Patriarkan\u00ebs Ekumenike, i drejtuar nga Patriarku Bartolome, vendosi t\u00eb regjistroj\u00eb n\u00eb Agjiologun e Kish\u00ebs Orthodhokse emrin e Hieromonak Porfir Kavsokalivitit (1906-1991) dhe Hieromonak Meleti i Rodosit (fundi i shek.XVIII), duke i v\u00ebn\u00eb k\u00ebshtu n\u00eb radh\u00ebt e shenjtor\u00ebve. Vendimi sinodal p\u00ebrcakton se kujtimi i Sh\u00ebn Porfir Kavsokalivitit do t\u00eb nderohet nga Kisha Orthodhokse m\u00eb 2 dhjetor","og_url":"https:\/\/orthodoxalbania.org\/2020\/2013\/12\/14\/shpallen-dy-shenjtore-te-rinj\/","og_site_name":"Kisha Orthodh\u03bfkse Autoqefale e Shqip\u00ebris\u00eb","article_publisher":"https:\/\/www.facebook.com\/koash1991","article_published_time":"2013-12-14T18:09:55+00:00","article_modified_time":"2020-04-06T20:05:26+00:00","og_image":[{"url":"https:\/\/lh3.googleusercontent.com\/-qG6JMkw0JWc\/UqyctSB5BOI\/AAAAAAAAHA0\/Ygd9aJhSnYc\/s576\/osios%20porfirios_.jpg","type":"","width":"","height":""}],"author":"Administrator3","twitter_card":"summary_large_image","twitter_misc":{"Written by":"Administrator3","Est. reading time":"2 minutes"},"schema":{"@context":"https:\/\/schema.org","@graph":[{"@type":"Article","@id":"https:\/\/orthodoxalbania.org\/2020\/2013\/12\/14\/shpallen-dy-shenjtore-te-rinj\/#article","isPartOf":{"@id":"https:\/\/orthodoxalbania.org\/2020\/2013\/12\/14\/shpallen-dy-shenjtore-te-rinj\/"},"author":{"name":"Administrator3","@id":"https:\/\/orthodoxalbania.org\/2020\/#\/schema\/person\/8f81792a8d818674e96c380e1085eb43"},"headline":"Shpallen dy shenjtor\u00eb t\u00eb rinj. (27 N\u00ebntor 2013)","datePublished":"2013-12-14T18:09:55+00:00","dateModified":"2020-04-06T20:05:26+00:00","mainEntityOfPage":{"@id":"https:\/\/orthodoxalbania.org\/2020\/2013\/12\/14\/shpallen-dy-shenjtore-te-rinj\/"},"wordCount":500,"commentCount":0,"publisher":{"@id":"https:\/\/orthodoxalbania.org\/2020\/#organization"},"image":{"@id":"https:\/\/orthodoxalbania.org\/2020\/2013\/12\/14\/shpallen-dy-shenjtore-te-rinj\/#primaryimage"},"thumbnailUrl":"https:\/\/lh3.googleusercontent.com\/-qG6JMkw0JWc\/UqyctSB5BOI\/AAAAAAAAHA0\/Ygd9aJhSnYc\/s576\/osios%20porfirios_.jpg","keywords":["2013","Deklarata - Njoftime Zyrtare","Kryepiskopata Tiran\u00eb","lajme"],"articleSection":["Lajme"],"inLanguage":"en-US"},{"@type":"WebPage","@id":"https:\/\/orthodoxalbania.org\/2020\/2013\/12\/14\/shpallen-dy-shenjtore-te-rinj\/","url":"https:\/\/orthodoxalbania.org\/2020\/2013\/12\/14\/shpallen-dy-shenjtore-te-rinj\/","name":"Shpallen dy shenjtor\u00eb t\u00eb rinj. (27 N\u00ebntor 2013) - Kisha Orthodh\u03bfkse Autoqefale e Shqip\u00ebris\u00eb","isPartOf":{"@id":"https:\/\/orthodoxalbania.org\/2020\/#website"},"primaryImageOfPage":{"@id":"https:\/\/orthodoxalbania.org\/2020\/2013\/12\/14\/shpallen-dy-shenjtore-te-rinj\/#primaryimage"},"image":{"@id":"https:\/\/orthodoxalbania.org\/2020\/2013\/12\/14\/shpallen-dy-shenjtore-te-rinj\/#primaryimage"},"thumbnailUrl":"https:\/\/lh3.googleusercontent.com\/-qG6JMkw0JWc\/UqyctSB5BOI\/AAAAAAAAHA0\/Ygd9aJhSnYc\/s576\/osios%20porfirios_.jpg","datePublished":"2013-12-14T18:09:55+00:00","dateModified":"2020-04-06T20:05:26+00:00","breadcrumb":{"@id":"https:\/\/orthodoxalbania.org\/2020\/2013\/12\/14\/shpallen-dy-shenjtore-te-rinj\/#breadcrumb"},"inLanguage":"en-US","potentialAction":[{"@type":"ReadAction","target":["https:\/\/orthodoxalbania.org\/2020\/2013\/12\/14\/shpallen-dy-shenjtore-te-rinj\/"]}]},{"@type":"ImageObject","inLanguage":"en-US","@id":"https:\/\/orthodoxalbania.org\/2020\/2013\/12\/14\/shpallen-dy-shenjtore-te-rinj\/#primaryimage","url":"https:\/\/lh3.googleusercontent.com\/-qG6JMkw0JWc\/UqyctSB5BOI\/AAAAAAAAHA0\/Ygd9aJhSnYc\/s576\/osios%20porfirios_.jpg","contentUrl":"https:\/\/lh3.googleusercontent.com\/-qG6JMkw0JWc\/UqyctSB5BOI\/AAAAAAAAHA0\/Ygd9aJhSnYc\/s576\/osios%20porfirios_.jpg"},{"@type":"BreadcrumbList","@id":"https:\/\/orthodoxalbania.org\/2020\/2013\/12\/14\/shpallen-dy-shenjtore-te-rinj\/#breadcrumb","itemListElement":[{"@type":"ListItem","position":1,"name":"Home","item":"https:\/\/orthodoxalbania.org\/2020\/"},{"@type":"ListItem","position":2,"name":"Shpallen dy shenjtor\u00eb t\u00eb rinj. (27 N\u00ebntor 2013)"}]},{"@type":"WebSite","@id":"https:\/\/orthodoxalbania.org\/2020\/#website","url":"https:\/\/orthodoxalbania.org\/2020\/","name":"Kisha Orthodh\u03bfkse Autoqefale e Shqip\u00ebris\u00eb","description":"Fqja Zyrtare e Kish\u00ebs Orthodhokse Autoqefale e Shqip\u00ebris\u00eb me lajmet edhe informacionet zyrtare p\u00ebr struktur\u00ebn edhe veprimtarin e saj.","publisher":{"@id":"https:\/\/orthodoxalbania.org\/2020\/#organization"},"potentialAction":[{"@type":"SearchAction","target":{"@type":"EntryPoint","urlTemplate":"https:\/\/orthodoxalbania.org\/2020\/?s={search_term_string}"},"query-input":{"@type":"PropertyValueSpecification","valueRequired":true,"valueName":"search_term_string"}}],"inLanguage":"en-US"},{"@type":"Organization","@id":"https:\/\/orthodoxalbania.org\/2020\/#organization","name":"Kisha Orthodhokse Autoqefale e Shqip\u00ebris\u00eb","url":"https:\/\/orthodoxalbania.org\/2020\/","logo":{"@type":"ImageObject","inLanguage":"en-US","@id":"https:\/\/orthodoxalbania.org\/2020\/#\/schema\/logo\/image\/","url":"https:\/\/orthodoxalbania.org\/2020\/wp-content\/uploads\/2020\/05\/albania.jpeg","contentUrl":"https:\/\/orthodoxalbania.org\/2020\/wp-content\/uploads\/2020\/05\/albania.jpeg","width":540,"height":540,"caption":"Kisha Orthodhokse Autoqefale e Shqip\u00ebris\u00eb"},"image":{"@id":"https:\/\/orthodoxalbania.org\/2020\/#\/schema\/logo\/image\/"},"sameAs":["https:\/\/www.facebook.com\/koash1991"]},{"@type":"Person","@id":"https:\/\/orthodoxalbania.org\/2020\/#\/schema\/person\/8f81792a8d818674e96c380e1085eb43","name":"Administrator3","image":{"@type":"ImageObject","inLanguage":"en-US","@id":"https:\/\/secure.gravatar.com\/avatar\/f6b85b21b3f9159ff2c0d0cf50724456629c45a3e9069c9124ecd8a6cb95f6ca?s=96&d=mm&r=g","url":"https:\/\/secure.gravatar.com\/avatar\/f6b85b21b3f9159ff2c0d0cf50724456629c45a3e9069c9124ecd8a6cb95f6ca?s=96&d=mm&r=g","contentUrl":"https:\/\/secure.gravatar.com\/avatar\/f6b85b21b3f9159ff2c0d0cf50724456629c45a3e9069c9124ecd8a6cb95f6ca?s=96&d=mm&r=g","caption":"Administrator3"}}]}},"_links":{"self":[{"href":"https:\/\/orthodoxalbania.org\/2020\/wp-json\/wp\/v2\/posts\/1213","targetHints":{"allow":["GET"]}}],"collection":[{"href":"https:\/\/orthodoxalbania.org\/2020\/wp-json\/wp\/v2\/posts"}],"about":[{"href":"https:\/\/orthodoxalbania.org\/2020\/wp-json\/wp\/v2\/types\/post"}],"author":[{"embeddable":true,"href":"https:\/\/orthodoxalbania.org\/2020\/wp-json\/wp\/v2\/users\/5"}],"replies":[{"embeddable":true,"href":"https:\/\/orthodoxalbania.org\/2020\/wp-json\/wp\/v2\/comments?post=1213"}],"version-history":[{"count":1,"href":"https:\/\/orthodoxalbania.org\/2020\/wp-json\/wp\/v2\/posts\/1213\/revisions"}],"predecessor-version":[{"id":15148,"href":"https:\/\/orthodoxalbania.org\/2020\/wp-json\/wp\/v2\/posts\/1213\/revisions\/15148"}],"wp:attachment":[{"href":"https:\/\/orthodoxalbania.org\/2020\/wp-json\/wp\/v2\/media?parent=1213"}],"wp:term":[{"taxonomy":"category","embeddable":true,"href":"https:\/\/orthodoxalbania.org\/2020\/wp-json\/wp\/v2\/categories?post=1213"},{"taxonomy":"post_tag","embeddable":true,"href":"https:\/\/orthodoxalbania.org\/2020\/wp-json\/wp\/v2\/tags?post=1213"}],"curies":[{"name":"wp","href":"https:\/\/api.w.org\/{rel}","templated":true}]}}