{"id":1210,"date":"2013-03-20T12:52:53","date_gmt":"2013-03-20T12:52:53","guid":{"rendered":""},"modified":"2020-04-06T22:32:23","modified_gmt":"2020-04-06T20:32:23","slug":"1111","status":"publish","type":"post","link":"https:\/\/orthodoxalbania.org\/2020\/2013\/03\/20\/1111\/","title":{"rendered":"Shijoni dhe shihni se Zoti \u00ebsht\u00eb i mir\u00eb &#8211; Kampi i vajzave 2010"},"content":{"rendered":"<div class=\"style41\" style=\"text-align: justify;\">\n\t<span style=\"color:#000000;\"><span style=\"font-family: tahoma,geneva,sans-serif;\"><span style=\"font-size: 12px;\">&nbsp;&nbsp;&nbsp; Sapo shfaqet&nbsp;mikrobusi, ata gum\u00ebzhijn\u00eb dhe i p\u00ebrsh\u00ebndesin duke rendur p\u00ebr t\u2019i takuar. Me buz\u00ebqeshjen&nbsp;dhe \u00e7ilt\u00ebrsin\u00eb f\u00ebmij\u00ebrore, nisin t\u00eb k\u00ebndojn\u00eb dhe t\u00eb k\u00ebrcejn\u00eb sikur t\u00eb jet\u00eb edhe&nbsp;piku i vap\u00ebs, madje edhe n\u00eb t\u00eb ftohtin e pragvjesht\u00ebs. Ndon\u00ebse n\u00eb klasat&nbsp;fillore i kan\u00eb b\u00ebr\u00eb miq t\u00eb vjet\u00ebr dhe shum\u00eb t\u00eb dashur. I quajn\u00eb m\u00ebsues, edhe&nbsp;pse jan\u00eb disa t\u00eb rinj vullnetar\u00eb q\u00eb vijn\u00eb nga Kisha Orthodhokse Autoqefale e&nbsp;Shqip\u00ebris\u00eb dhe zhvillojn\u00eb me ta veprimtari edukative dhe loj\u00ebra arg\u00ebtuese. P\u00ebrtej&nbsp;k\u00ebsaj, f\u00ebmij\u00ebt kosovar\u00eb dhe t\u00eb rinjt\u00eb shqiptar\u00eb kan\u00eb krijuar nj\u00eb lidhje t\u00eb fort\u00eb&nbsp;v\u00ebllaz\u00ebrie, e cila reflektohet bindsh\u00ebm edhe te arsimtar\u00ebt e prind\u00ebrit. M\u00eb shum\u00eb&nbsp;se nj\u00eb dekad\u00eb miq\u00ebsi q\u00eb p\u00ebrjetohet dhe p\u00ebrcillet brez pas brezi p\u00ebrmes k\u00ebtyre&nbsp;aktiviteteve, t\u00eb cilat kan\u00eb l\u00ebn\u00eb gjurm\u00eb t\u00eb thella n\u00eb kujtimet e tyre. Sivjet, pik\u00ebrisht n\u00eb komun\u00ebn e Malishev\u00ebs, gjat\u00eb periudh\u00ebs 16-31 gusht u zhvilluan tri kampe n\u00eb shkollat e fshatrave Begaj, Banj\u00eb dhe Caralluk\u00eb. Tema qendrore ishte \u201cBukuria e natyr\u00ebs\u201d. \u00c7do dit\u00eb f\u00ebmij\u00ebt ndiqnin nj\u00eb dram\u00eb n\u00eb lidhje me aspekte t\u00eb ndryshme t\u00eb p\u00ebrkujdesjes s\u00eb mjedisit n\u00eb familje, n\u00eb shkoll\u00eb dhe n\u00eb vend. Programi p\u00ebrmbante loj\u00ebra, k\u00ebng\u00eb, diskutime n\u00eb grupe, pun\u00ebdore e kokteil. F\u00ebmij\u00ebt ishin n\u00eb aktivitet&nbsp;p\u00ebr rreth kat\u00ebr or\u00eb n\u00eb dit\u00eb. Paradite merrnin pjes\u00eb f\u00ebmij\u00eb nga parashkollor\u00ebt deri te klasat e kat\u00ebrta dhe mbasdite nga klasat e pesta deri n\u00eb klasat e n\u00ebnta. Nj\u00eb dit\u00eb ishin programuar loj\u00ebrat olimpike, dhe n\u00eb fund festa e p\u00ebrgatitur nga vet\u00eb grupet e f\u00ebmij\u00ebve pjes\u00ebmarr\u00ebs. \u201cKy aktivitet m\u00eb p\u00eblqen shum\u00eb dhe mezi ju pres t\u00eb vini p\u00ebrs\u00ebri vitin tjet\u00ebr\u201d \u2013 thot\u00eb Erjona Krasniqi, nx\u00ebn\u00ebse e shkoll\u00ebs \u201cImer Krasniqi\u201d n\u00eb Caralluk\u00eb t\u00eb Malishev\u00ebs. Ajo iu ka treguar plot zell edhe familjar\u00ebve e miqve t\u00eb saj p\u00ebr dit\u00ebt e kampit, m\u00ebsimet dhe loj\u00ebrat e shumta q\u00eb zhvillohen \u00e7do dit\u00eb. F\u00ebmij\u00ebt, m\u00eb shum\u00eb se kushdo tjet\u00ebr kan\u00eb pasur nevoj\u00eb p\u00ebr aktivitete t\u00eb k\u00ebsaj natyre, sepse edhe luajn\u00eb, edhe g\u00ebzohen, edhe m\u00ebsojn\u00eb. Ky \u00ebsht\u00eb nj\u00eb bashk\u00ebpunim i frytsh\u00ebm, duke i b\u00ebr\u00eb edhe m\u00ebsuesit e prind\u00ebrit t\u00eb ndihen t\u00eb k\u00ebnaqur me lumturin\u00eb q\u00eb ndjejn\u00eb f\u00ebmij\u00ebt e tyre.Drejtuesi i k\u00ebsaj veprimtarie, z. Nathan Hoppe tha para nx\u00ebn\u00ebsve kosovar\u00eb:<\/span><\/span><\/span><\/div>\n<div class=\"style41\" style=\"text-align: justify;\">\n\t<br \/>\n\t<span style=\"color:#000000;\"><span style=\"font-family: tahoma,geneva,sans-serif;\"><span style=\"font-size: 12px;\">&nbsp;&nbsp;&nbsp;&nbsp; \u201cKemi g\u00ebzimin t\u2019ju p\u00ebrsh\u00ebndesim nga Kryepiskopi Anastas dhe Kisha Orthodhokse Autoqefale e Shqip\u00ebris\u00eb. Bukuria \u00ebsht\u00eb nj\u00eb nga vlerat m\u00eb t\u00eb m\u00ebdha t\u00eb jet\u00ebs njer\u00ebzore. Kemi shum\u00eb gj\u00ebra t\u00eb bukura rreth e rrotull q\u00eb duhet t\u2019i vler\u00ebsojm\u00eb dhe ky kamp shpresojm\u00eb t\u00eb ndikoj\u00eb n\u00eb zhvillimin e tyre\u201d.<\/span><\/span><\/span><\/div>\n<div class=\"style41\" style=\"text-align: justify;\">\n\t<br \/>\n\t<span style=\"color:#000000;\"><span style=\"font-family: tahoma,geneva,sans-serif;\"><span style=\"font-size: 12px;\">&nbsp;&nbsp;&nbsp;&nbsp; N\u00eb shenj\u00eb respekti p\u00ebr zhvillimin e kampeve me f\u00ebmij\u00ebt, stafi pedagogjik i shkoll\u00ebs \u201cImer Krasniqi\u201d kishte p\u00ebrgatitur nj\u00eb koktej dhe nj\u00eb program t\u00eb ve\u00e7ant\u00eb, shoq\u00ebruar edhe me nj\u00eb dhurat\u00eb mir\u00ebnjohjeje. Nd\u00ebrsa drejtori i shkoll\u00ebs s\u00eb fshatit Begaj, z. Izet Shala e konsideroi programin me shum\u00eb nivel. \u201cNe e vler\u00ebsojm\u00eb lart tematik\u00ebn p\u00ebr mbrojtjen e natyr\u00ebs shqiptare. Ishte nj\u00eb parap\u00ebrgatitje e vlefshme e nx\u00ebn\u00ebsve n\u00eb prag t\u00eb fillimit t\u00eb vitit t\u00eb ri shkollor\u201d \u2013 tha ai.<\/span><\/span><\/span><\/div>\n<div class=\"style41\" style=\"text-align: justify;\">\n\t<br \/>\n\t<span style=\"color:#000000;\"><span style=\"font-family: tahoma,geneva,sans-serif;\"><span style=\"font-size: 12px;\">&nbsp;&nbsp;&nbsp;&nbsp; F\u00ebmij\u00ebt dhe stafi u ndan\u00eb t\u00eb g\u00ebzuar sepse pat\u00ebn mund\u00ebsi t\u00eb ishin s\u00eb bashku p\u00ebr disa dit\u00eb, por dhe me nj\u00eb ndjenj\u00eb trishtimi pasi nuk do ta shohin nj\u00ebri-tjetrin deri vitin e ardhsh\u00ebm.<\/span><\/span><\/span><\/div>\n<div class=\"style41\" style=\"text-align: justify;\">\n\t&nbsp;<\/div>\n<div class=\"style42\" style=\"text-align: right;\">\n\t<span style=\"color:#000000;\"><strong><span style=\"font-family: tahoma,geneva,sans-serif;\"><span style=\"font-size: 12px;\">Isidor Koti<\/span><\/span><\/strong><\/span><\/div>\n","protected":false},"excerpt":{"rendered":"<p>&nbsp;&nbsp;&nbsp; Sapo shfaqet&nbsp;mikrobusi, ata gum\u00ebzhijn\u00eb dhe i p\u00ebrsh\u00ebndesin duke rendur p\u00ebr t\u2019i takuar. Me buz\u00ebqeshjen&nbsp;dhe \u00e7ilt\u00ebrsin\u00eb f\u00ebmij\u00ebrore, nisin t\u00eb k\u00ebndojn\u00eb dhe t\u00eb k\u00ebrcejn\u00eb sikur t\u00eb jet\u00eb edhe&nbsp;piku i vap\u00ebs, madje edhe n\u00eb t\u00eb ftohtin e pragvjesht\u00ebs. Ndon\u00ebse n\u00eb klasat&nbsp;fillore i kan\u00eb b\u00ebr\u00eb miq t\u00eb vjet\u00ebr dhe shum\u00eb t\u00eb dashur. I quajn\u00eb m\u00ebsues, edhe&nbsp;pse jan\u00eb disa t\u00eb rinj vullnetar\u00eb q\u00eb vijn\u00eb nga Kisha Orthodhokse Autoqefale e&nbsp;Shqip\u00ebris\u00eb<\/p>\n","protected":false},"author":1,"featured_media":0,"comment_status":"open","ping_status":"open","sticky":false,"template":"","format":"standard","meta":{"_acf_changed":false,"pagelayer_contact_templates":[],"_pagelayer_content":"","inline_featured_image":false,"fifu_image_url":"","fifu_image_alt":"","footnotes":""},"categories":[108],"tags":[144,200,196,212],"class_list":["post-1210","post","type-post","status-publish","format-standard","hentry","category-lajme","tag-144","tag-kampe-verore","tag-tirane","tag-lajme-d27"],"acf":[],"yoast_head":"<!-- This site is optimized with the Yoast SEO plugin v27.2 - https:\/\/yoast.com\/product\/yoast-seo-wordpress\/ -->\n<title>Shijoni dhe shihni se Zoti \u00ebsht\u00eb i mir\u00eb - Kampi i vajzave 2010 - Kisha Orthodh\u03bfkse Autoqefale e Shqip\u00ebris\u00eb<\/title>\n<meta name=\"robots\" content=\"index, follow, max-snippet:-1, max-image-preview:large, max-video-preview:-1\" \/>\n<link rel=\"canonical\" href=\"https:\/\/orthodoxalbania.org\/2020\/2013\/03\/20\/1111\/\" \/>\n<meta property=\"og:locale\" content=\"en_US\" \/>\n<meta property=\"og:type\" content=\"article\" \/>\n<meta property=\"og:title\" content=\"Shijoni dhe shihni se Zoti \u00ebsht\u00eb i mir\u00eb - Kampi i vajzave 2010 - Kisha Orthodh\u03bfkse Autoqefale e Shqip\u00ebris\u00eb\" \/>\n<meta property=\"og:description\" content=\"&nbsp;&nbsp;&nbsp; Sapo shfaqet&nbsp;mikrobusi, ata gum\u00ebzhijn\u00eb dhe i p\u00ebrsh\u00ebndesin duke rendur p\u00ebr t\u2019i takuar. Me buz\u00ebqeshjen&nbsp;dhe \u00e7ilt\u00ebrsin\u00eb f\u00ebmij\u00ebrore, nisin t\u00eb k\u00ebndojn\u00eb dhe t\u00eb k\u00ebrcejn\u00eb sikur t\u00eb jet\u00eb edhe&nbsp;piku i vap\u00ebs, madje edhe n\u00eb t\u00eb ftohtin e pragvjesht\u00ebs. Ndon\u00ebse n\u00eb klasat&nbsp;fillore i kan\u00eb b\u00ebr\u00eb miq t\u00eb vjet\u00ebr dhe shum\u00eb t\u00eb dashur. I quajn\u00eb m\u00ebsues, edhe&nbsp;pse jan\u00eb disa t\u00eb rinj vullnetar\u00eb q\u00eb vijn\u00eb nga Kisha Orthodhokse Autoqefale e&nbsp;Shqip\u00ebris\u00eb\" \/>\n<meta property=\"og:url\" content=\"https:\/\/orthodoxalbania.org\/2020\/2013\/03\/20\/1111\/\" \/>\n<meta property=\"og:site_name\" content=\"Kisha Orthodh\u03bfkse Autoqefale e Shqip\u00ebris\u00eb\" \/>\n<meta property=\"article:publisher\" content=\"https:\/\/www.facebook.com\/koash1991\" \/>\n<meta property=\"article:published_time\" content=\"2013-03-20T12:52:53+00:00\" \/>\n<meta property=\"article:modified_time\" content=\"2020-04-06T20:32:23+00:00\" \/>\n<meta property=\"og:image\" content=\"https:\/\/orthodoxalbania.org\/2020\/wp-content\/uploads\/2021\/02\/LogoLastALb-200.png\" \/>\n\t<meta property=\"og:image:width\" content=\"200\" \/>\n\t<meta property=\"og:image:height\" content=\"172\" \/>\n\t<meta property=\"og:image:type\" content=\"image\/png\" \/>\n<meta name=\"author\" content=\"Kisha Orthodhokse\" \/>\n<meta name=\"twitter:card\" content=\"summary_large_image\" \/>\n<meta name=\"twitter:label1\" content=\"Written by\" \/>\n\t<meta name=\"twitter:data1\" content=\"Kisha Orthodhokse\" \/>\n\t<meta name=\"twitter:label2\" content=\"Est. reading time\" \/>\n\t<meta name=\"twitter:data2\" content=\"3 minutes\" \/>\n<script type=\"application\/ld+json\" class=\"yoast-schema-graph\">{\"@context\":\"https:\/\/schema.org\",\"@graph\":[{\"@type\":\"Article\",\"@id\":\"https:\/\/orthodoxalbania.org\/2020\/2013\/03\/20\/1111\/#article\",\"isPartOf\":{\"@id\":\"https:\/\/orthodoxalbania.org\/2020\/2013\/03\/20\/1111\/\"},\"author\":{\"name\":\"Kisha Orthodhokse\",\"@id\":\"https:\/\/orthodoxalbania.org\/2020\/#\/schema\/person\/0c387634a7063ac612d7ed9ce71c7e86\"},\"headline\":\"Shijoni dhe shihni se Zoti \u00ebsht\u00eb i mir\u00eb &#8211; Kampi i vajzave 2010\",\"datePublished\":\"2013-03-20T12:52:53+00:00\",\"dateModified\":\"2020-04-06T20:32:23+00:00\",\"mainEntityOfPage\":{\"@id\":\"https:\/\/orthodoxalbania.org\/2020\/2013\/03\/20\/1111\/\"},\"wordCount\":670,\"commentCount\":0,\"publisher\":{\"@id\":\"https:\/\/orthodoxalbania.org\/2020\/#organization\"},\"keywords\":[\"2010\",\"Kampe verore\",\"Kryepiskopata Tiran\u00eb\",\"lajme\"],\"articleSection\":[\"Lajme\"],\"inLanguage\":\"en-US\"},{\"@type\":\"WebPage\",\"@id\":\"https:\/\/orthodoxalbania.org\/2020\/2013\/03\/20\/1111\/\",\"url\":\"https:\/\/orthodoxalbania.org\/2020\/2013\/03\/20\/1111\/\",\"name\":\"Shijoni dhe shihni se Zoti \u00ebsht\u00eb i mir\u00eb - Kampi i vajzave 2010 - Kisha Orthodh\u03bfkse Autoqefale e Shqip\u00ebris\u00eb\",\"isPartOf\":{\"@id\":\"https:\/\/orthodoxalbania.org\/2020\/#website\"},\"datePublished\":\"2013-03-20T12:52:53+00:00\",\"dateModified\":\"2020-04-06T20:32:23+00:00\",\"breadcrumb\":{\"@id\":\"https:\/\/orthodoxalbania.org\/2020\/2013\/03\/20\/1111\/#breadcrumb\"},\"inLanguage\":\"en-US\",\"potentialAction\":[{\"@type\":\"ReadAction\",\"target\":[\"https:\/\/orthodoxalbania.org\/2020\/2013\/03\/20\/1111\/\"]}]},{\"@type\":\"BreadcrumbList\",\"@id\":\"https:\/\/orthodoxalbania.org\/2020\/2013\/03\/20\/1111\/#breadcrumb\",\"itemListElement\":[{\"@type\":\"ListItem\",\"position\":1,\"name\":\"Home\",\"item\":\"https:\/\/orthodoxalbania.org\/2020\/\"},{\"@type\":\"ListItem\",\"position\":2,\"name\":\"Shijoni dhe shihni se Zoti \u00ebsht\u00eb i mir\u00eb &#8211; Kampi i vajzave 2010\"}]},{\"@type\":\"WebSite\",\"@id\":\"https:\/\/orthodoxalbania.org\/2020\/#website\",\"url\":\"https:\/\/orthodoxalbania.org\/2020\/\",\"name\":\"Kisha Orthodh\u03bfkse Autoqefale e Shqip\u00ebris\u00eb\",\"description\":\"Fqja Zyrtare e Kish\u00ebs Orthodhokse Autoqefale e Shqip\u00ebris\u00eb me lajmet edhe informacionet zyrtare p\u00ebr struktur\u00ebn edhe veprimtarin e saj.\",\"publisher\":{\"@id\":\"https:\/\/orthodoxalbania.org\/2020\/#organization\"},\"potentialAction\":[{\"@type\":\"SearchAction\",\"target\":{\"@type\":\"EntryPoint\",\"urlTemplate\":\"https:\/\/orthodoxalbania.org\/2020\/?s={search_term_string}\"},\"query-input\":{\"@type\":\"PropertyValueSpecification\",\"valueRequired\":true,\"valueName\":\"search_term_string\"}}],\"inLanguage\":\"en-US\"},{\"@type\":\"Organization\",\"@id\":\"https:\/\/orthodoxalbania.org\/2020\/#organization\",\"name\":\"Kisha Orthodhokse Autoqefale e Shqip\u00ebris\u00eb\",\"url\":\"https:\/\/orthodoxalbania.org\/2020\/\",\"logo\":{\"@type\":\"ImageObject\",\"inLanguage\":\"en-US\",\"@id\":\"https:\/\/orthodoxalbania.org\/2020\/#\/schema\/logo\/image\/\",\"url\":\"https:\/\/orthodoxalbania.org\/2020\/wp-content\/uploads\/2020\/05\/albania.jpeg\",\"contentUrl\":\"https:\/\/orthodoxalbania.org\/2020\/wp-content\/uploads\/2020\/05\/albania.jpeg\",\"width\":540,\"height\":540,\"caption\":\"Kisha Orthodhokse Autoqefale e Shqip\u00ebris\u00eb\"},\"image\":{\"@id\":\"https:\/\/orthodoxalbania.org\/2020\/#\/schema\/logo\/image\/\"},\"sameAs\":[\"https:\/\/www.facebook.com\/koash1991\"]},{\"@type\":\"Person\",\"@id\":\"https:\/\/orthodoxalbania.org\/2020\/#\/schema\/person\/0c387634a7063ac612d7ed9ce71c7e86\",\"name\":\"Kisha Orthodhokse\",\"image\":{\"@type\":\"ImageObject\",\"inLanguage\":\"en-US\",\"@id\":\"https:\/\/secure.gravatar.com\/avatar\/596e7c417251e30f2fbb9c00e026fce61a695a00e51c889caded71c96cbbdde5?s=96&d=mm&r=g\",\"url\":\"https:\/\/secure.gravatar.com\/avatar\/596e7c417251e30f2fbb9c00e026fce61a695a00e51c889caded71c96cbbdde5?s=96&d=mm&r=g\",\"contentUrl\":\"https:\/\/secure.gravatar.com\/avatar\/596e7c417251e30f2fbb9c00e026fce61a695a00e51c889caded71c96cbbdde5?s=96&d=mm&r=g\",\"caption\":\"Kisha Orthodhokse\"}}]}<\/script>\n<!-- \/ Yoast SEO plugin. -->","yoast_head_json":{"title":"Shijoni dhe shihni se Zoti \u00ebsht\u00eb i mir\u00eb - Kampi i vajzave 2010 - Kisha Orthodh\u03bfkse Autoqefale e Shqip\u00ebris\u00eb","robots":{"index":"index","follow":"follow","max-snippet":"max-snippet:-1","max-image-preview":"max-image-preview:large","max-video-preview":"max-video-preview:-1"},"canonical":"https:\/\/orthodoxalbania.org\/2020\/2013\/03\/20\/1111\/","og_locale":"en_US","og_type":"article","og_title":"Shijoni dhe shihni se Zoti \u00ebsht\u00eb i mir\u00eb - Kampi i vajzave 2010 - Kisha Orthodh\u03bfkse Autoqefale e Shqip\u00ebris\u00eb","og_description":"&nbsp;&nbsp;&nbsp; Sapo shfaqet&nbsp;mikrobusi, ata gum\u00ebzhijn\u00eb dhe i p\u00ebrsh\u00ebndesin duke rendur p\u00ebr t\u2019i takuar. Me buz\u00ebqeshjen&nbsp;dhe \u00e7ilt\u00ebrsin\u00eb f\u00ebmij\u00ebrore, nisin t\u00eb k\u00ebndojn\u00eb dhe t\u00eb k\u00ebrcejn\u00eb sikur t\u00eb jet\u00eb edhe&nbsp;piku i vap\u00ebs, madje edhe n\u00eb t\u00eb ftohtin e pragvjesht\u00ebs. Ndon\u00ebse n\u00eb klasat&nbsp;fillore i kan\u00eb b\u00ebr\u00eb miq t\u00eb vjet\u00ebr dhe shum\u00eb t\u00eb dashur. I quajn\u00eb m\u00ebsues, edhe&nbsp;pse jan\u00eb disa t\u00eb rinj vullnetar\u00eb q\u00eb vijn\u00eb nga Kisha Orthodhokse Autoqefale e&nbsp;Shqip\u00ebris\u00eb","og_url":"https:\/\/orthodoxalbania.org\/2020\/2013\/03\/20\/1111\/","og_site_name":"Kisha Orthodh\u03bfkse Autoqefale e Shqip\u00ebris\u00eb","article_publisher":"https:\/\/www.facebook.com\/koash1991","article_published_time":"2013-03-20T12:52:53+00:00","article_modified_time":"2020-04-06T20:32:23+00:00","og_image":[{"width":200,"height":172,"url":"https:\/\/orthodoxalbania.org\/2020\/wp-content\/uploads\/2021\/02\/LogoLastALb-200.png","type":"image\/png"}],"author":"Kisha Orthodhokse","twitter_card":"summary_large_image","twitter_misc":{"Written by":"Kisha Orthodhokse","Est. reading time":"3 minutes"},"schema":{"@context":"https:\/\/schema.org","@graph":[{"@type":"Article","@id":"https:\/\/orthodoxalbania.org\/2020\/2013\/03\/20\/1111\/#article","isPartOf":{"@id":"https:\/\/orthodoxalbania.org\/2020\/2013\/03\/20\/1111\/"},"author":{"name":"Kisha Orthodhokse","@id":"https:\/\/orthodoxalbania.org\/2020\/#\/schema\/person\/0c387634a7063ac612d7ed9ce71c7e86"},"headline":"Shijoni dhe shihni se Zoti \u00ebsht\u00eb i mir\u00eb &#8211; Kampi i vajzave 2010","datePublished":"2013-03-20T12:52:53+00:00","dateModified":"2020-04-06T20:32:23+00:00","mainEntityOfPage":{"@id":"https:\/\/orthodoxalbania.org\/2020\/2013\/03\/20\/1111\/"},"wordCount":670,"commentCount":0,"publisher":{"@id":"https:\/\/orthodoxalbania.org\/2020\/#organization"},"keywords":["2010","Kampe verore","Kryepiskopata Tiran\u00eb","lajme"],"articleSection":["Lajme"],"inLanguage":"en-US"},{"@type":"WebPage","@id":"https:\/\/orthodoxalbania.org\/2020\/2013\/03\/20\/1111\/","url":"https:\/\/orthodoxalbania.org\/2020\/2013\/03\/20\/1111\/","name":"Shijoni dhe shihni se Zoti \u00ebsht\u00eb i mir\u00eb - Kampi i vajzave 2010 - Kisha Orthodh\u03bfkse Autoqefale e Shqip\u00ebris\u00eb","isPartOf":{"@id":"https:\/\/orthodoxalbania.org\/2020\/#website"},"datePublished":"2013-03-20T12:52:53+00:00","dateModified":"2020-04-06T20:32:23+00:00","breadcrumb":{"@id":"https:\/\/orthodoxalbania.org\/2020\/2013\/03\/20\/1111\/#breadcrumb"},"inLanguage":"en-US","potentialAction":[{"@type":"ReadAction","target":["https:\/\/orthodoxalbania.org\/2020\/2013\/03\/20\/1111\/"]}]},{"@type":"BreadcrumbList","@id":"https:\/\/orthodoxalbania.org\/2020\/2013\/03\/20\/1111\/#breadcrumb","itemListElement":[{"@type":"ListItem","position":1,"name":"Home","item":"https:\/\/orthodoxalbania.org\/2020\/"},{"@type":"ListItem","position":2,"name":"Shijoni dhe shihni se Zoti \u00ebsht\u00eb i mir\u00eb &#8211; Kampi i vajzave 2010"}]},{"@type":"WebSite","@id":"https:\/\/orthodoxalbania.org\/2020\/#website","url":"https:\/\/orthodoxalbania.org\/2020\/","name":"Kisha Orthodh\u03bfkse Autoqefale e Shqip\u00ebris\u00eb","description":"Fqja Zyrtare e Kish\u00ebs Orthodhokse Autoqefale e Shqip\u00ebris\u00eb me lajmet edhe informacionet zyrtare p\u00ebr struktur\u00ebn edhe veprimtarin e saj.","publisher":{"@id":"https:\/\/orthodoxalbania.org\/2020\/#organization"},"potentialAction":[{"@type":"SearchAction","target":{"@type":"EntryPoint","urlTemplate":"https:\/\/orthodoxalbania.org\/2020\/?s={search_term_string}"},"query-input":{"@type":"PropertyValueSpecification","valueRequired":true,"valueName":"search_term_string"}}],"inLanguage":"en-US"},{"@type":"Organization","@id":"https:\/\/orthodoxalbania.org\/2020\/#organization","name":"Kisha Orthodhokse Autoqefale e Shqip\u00ebris\u00eb","url":"https:\/\/orthodoxalbania.org\/2020\/","logo":{"@type":"ImageObject","inLanguage":"en-US","@id":"https:\/\/orthodoxalbania.org\/2020\/#\/schema\/logo\/image\/","url":"https:\/\/orthodoxalbania.org\/2020\/wp-content\/uploads\/2020\/05\/albania.jpeg","contentUrl":"https:\/\/orthodoxalbania.org\/2020\/wp-content\/uploads\/2020\/05\/albania.jpeg","width":540,"height":540,"caption":"Kisha Orthodhokse Autoqefale e Shqip\u00ebris\u00eb"},"image":{"@id":"https:\/\/orthodoxalbania.org\/2020\/#\/schema\/logo\/image\/"},"sameAs":["https:\/\/www.facebook.com\/koash1991"]},{"@type":"Person","@id":"https:\/\/orthodoxalbania.org\/2020\/#\/schema\/person\/0c387634a7063ac612d7ed9ce71c7e86","name":"Kisha Orthodhokse","image":{"@type":"ImageObject","inLanguage":"en-US","@id":"https:\/\/secure.gravatar.com\/avatar\/596e7c417251e30f2fbb9c00e026fce61a695a00e51c889caded71c96cbbdde5?s=96&d=mm&r=g","url":"https:\/\/secure.gravatar.com\/avatar\/596e7c417251e30f2fbb9c00e026fce61a695a00e51c889caded71c96cbbdde5?s=96&d=mm&r=g","contentUrl":"https:\/\/secure.gravatar.com\/avatar\/596e7c417251e30f2fbb9c00e026fce61a695a00e51c889caded71c96cbbdde5?s=96&d=mm&r=g","caption":"Kisha Orthodhokse"}}]}},"_links":{"self":[{"href":"https:\/\/orthodoxalbania.org\/2020\/wp-json\/wp\/v2\/posts\/1210","targetHints":{"allow":["GET"]}}],"collection":[{"href":"https:\/\/orthodoxalbania.org\/2020\/wp-json\/wp\/v2\/posts"}],"about":[{"href":"https:\/\/orthodoxalbania.org\/2020\/wp-json\/wp\/v2\/types\/post"}],"author":[{"embeddable":true,"href":"https:\/\/orthodoxalbania.org\/2020\/wp-json\/wp\/v2\/users\/1"}],"replies":[{"embeddable":true,"href":"https:\/\/orthodoxalbania.org\/2020\/wp-json\/wp\/v2\/comments?post=1210"}],"version-history":[{"count":1,"href":"https:\/\/orthodoxalbania.org\/2020\/wp-json\/wp\/v2\/posts\/1210\/revisions"}],"predecessor-version":[{"id":15485,"href":"https:\/\/orthodoxalbania.org\/2020\/wp-json\/wp\/v2\/posts\/1210\/revisions\/15485"}],"wp:attachment":[{"href":"https:\/\/orthodoxalbania.org\/2020\/wp-json\/wp\/v2\/media?parent=1210"}],"wp:term":[{"taxonomy":"category","embeddable":true,"href":"https:\/\/orthodoxalbania.org\/2020\/wp-json\/wp\/v2\/categories?post=1210"},{"taxonomy":"post_tag","embeddable":true,"href":"https:\/\/orthodoxalbania.org\/2020\/wp-json\/wp\/v2\/tags?post=1210"}],"curies":[{"name":"wp","href":"https:\/\/api.w.org\/{rel}","templated":true}]}}