{"id":1207,"date":"2015-03-09T09:32:52","date_gmt":"2015-03-09T09:32:52","guid":{"rendered":""},"modified":"2020-04-06T22:02:17","modified_gmt":"2020-04-06T20:02:17","slug":"50-vjetori-i-fjetjes-se-imzot-theofan-nolit","status":"publish","type":"post","link":"https:\/\/orthodoxalbania.org\/2020\/2015\/03\/09\/50-vjetori-i-fjetjes-se-imzot-theofan-nolit\/","title":{"rendered":"Sh\u00ebrbes\u00eb p\u00ebrshpirtjeje dhe veprimtari me rastin e 50-vjetorit t\u00eb fjetjes s\u00eb Imzot Theofan Nolit"},"content":{"rendered":"<p>\n\t&nbsp;<\/p>\n<p> <\/p>\n<p style=\"text-align: justify;\">\n\t<span style=\"color: #000000; font-size: 12pt; font-family: helvetica;\">&nbsp;&nbsp;&nbsp; N\u00eb nj\u00eb atmosfer\u00eb festive, pas Liturgjis\u00eb Hyjnore, u p\u00ebrkujtua 50-vjetori i fjetjes s\u00eb Imzot Theofan Nolit (13 mars 1965). Me k\u00ebt\u00eb rast u krye Sh\u00ebrbesa e P\u00ebrshpirtjes, q\u00eb u drejtua nga Episkopi i Apollonis\u00eb, Hir\u00ebsi Nikolla. Pastaj, t\u00eb pranishmit mor\u00ebn pjes\u00eb n\u00eb ceremonin\u00eb e vendosjes s\u00eb emrit t\u00eb Imzot Theofanit rrug\u00ebs pran\u00eb kish\u00ebs.<\/span><\/p>\n<div style=\"text-align: justify;\">\n\t<span style=\"color: #000000; font-family: helvetica; font-size: 12pt;\">&nbsp;&nbsp;&nbsp; Gjithashtu, vijoi edhe nj\u00eb program i pasur me himne kishtare, poezi dhe referate n\u00eb lidhje me jet\u00ebn dhe vepr\u00ebn e Imzot Theofan Nolit. Veprimtarit\u00eb u kryen me bekimin e Fortlumturis\u00eb s\u00eb Tij, Kryepiskopit t\u00eb Tiran\u00ebs, Durr\u00ebsit dhe t\u00eb Gjith\u00eb Shqiperis\u00eb, Imzot Anastasit. N\u00eb k\u00ebto aktivitete morr\u00ebn pjes\u00eb Kryetari i Bashkis\u00eb s\u00eb Durr\u00ebsit z.Vangjush Dako, autoritete vendore, p\u00ebrfaq\u00ebsues t\u00eb komuniteteve fetare, intelektual\u00eb dhe besimtar\u00eb t\u00eb shumt\u00eb.<\/span><\/div>\n<div style=\"text-align: justify;\">\n\t<span style=\"color: #000000; font-size: 12pt; font-family: helvetica;\">&nbsp;&nbsp;<\/span><\/div>\n<div style=\"text-align: justify;\">\n\t&nbsp;<\/div>\n<div style=\"text-align: center;\">\n\t<span style=\"color: #800000; font-size: 10pt; font-family: helvetica;\"><strong>\u00c7aste nga veprimtarit\u00eb n\u00eb perkujtim t\u00eb Imzot Theofan Nolit<\/strong> <\/span><\/div>\n<div>\n\t<span style=\"color: #000000; font-size: 12pt; font-family: helvetica;\"><img decoding=\"async\" alt=\"\" class=\"lazyload HAa Eha\" src=\"data:image\/gif;base64,R0lGODlhAQABAAAAACH5BAEKAAEALAAAAAABAAEAAAICTAEAOw==\" data-orig-src=\"https:\/\/lh4.googleusercontent.com\/-YL3f1LNSAjA\/VP1hcfQcYZI\/AAAAAAAAMXw\/Si8eivpupsc\/w958-h673-no\/11017836_935089743179055_3801654526158685320_o.jpg\" style=\"height: 491px; width: 700px; border-width: 1px; border-style: solid; margin: 10px auto; display: block;\" \/><\/span><\/div>\n<div>\n\t<span style=\"color: #000000; font-size: 12pt; font-family: helvetica;\"><img decoding=\"async\" alt=\"\" class=\"lazyload HAa Eha\" src=\"data:image\/gif;base64,R0lGODlhAQABAAAAACH5BAEKAAEALAAAAAABAAEAAAICTAEAOw==\" data-orig-src=\"https:\/\/lh3.googleusercontent.com\/-beTYHLDWz7M\/VP1heAyuFqI\/AAAAAAAAMXY\/Yl2oIYfkzS0\/w958-h639-no\/1421198_935084209846275_6522729223435906008_o.jpg\" style=\"height: 467px; width: 700px; border-width: 1px; border-style: solid; margin: 10px auto; display: block;\" \/><\/span><\/div>\n<div>\n\t<span style=\"color: #000000; font-size: 12pt; font-family: helvetica;\"><img decoding=\"async\" alt=\"\" class=\"lazyload HAa Eha\" src=\"data:image\/gif;base64,R0lGODlhAQABAAAAACH5BAEKAAEALAAAAAABAAEAAAICTAEAOw==\" data-orig-src=\"https:\/\/lh5.googleusercontent.com\/-l9fdZNbEE9I\/VP1gHKEtqGI\/AAAAAAAAMVg\/V-nXVr-Bz9A\/w958-h726-no\/11041652_935089723179057_7968826249672943211_o.jpg\" style=\"height: 530px; width: 700px; border-width: 1px; border-style: solid; margin: 10px auto; display: block;\" \/><\/span><\/div>\n<div>\n\t<span style=\"color: #000000; font-size: 12pt; font-family: helvetica;\"><img decoding=\"async\" alt=\"\" class=\"lazyload HAa Eha\" src=\"data:image\/gif;base64,R0lGODlhAQABAAAAACH5BAEKAAEALAAAAAABAAEAAAICTAEAOw==\" data-orig-src=\"https:\/\/lh3.googleusercontent.com\/-6F9xAO54_wo\/VP1hblVgfsI\/AAAAAAAAMXs\/pjJj8QpEq7U\/w958-h639-no\/10517364_935084456512917_6347567624927581074_o.jpg\" style=\"height: 467px; width: 700px; border-width: 1px; border-style: solid; margin: 10px auto; display: block;\" \/><\/span><\/div>\n<div>\n\t<span style=\"color: #000000; font-size: 12pt; font-family: helvetica;\"><img decoding=\"async\" alt=\"\" class=\"lazyload HAa Eha\" src=\"data:image\/gif;base64,R0lGODlhAQABAAAAACH5BAEKAAEALAAAAAABAAEAAAICTAEAOw==\" data-orig-src=\"https:\/\/lh6.googleusercontent.com\/-JeWMAM77ubs\/VP1hciAjjHI\/AAAAAAAAMXg\/lH4Q9Iu2UOI\/w958-h639-no\/11021292_935084333179596_1071000920793012015_o.jpg\" style=\"height: 467px; width: 700px; border-width: 1px; border-style: solid; margin: 10px auto; display: block;\" \/><\/span><\/div>\n<div>\n\t<span style=\"color: #000000; font-size: 12pt; font-family: helvetica;\"><img decoding=\"async\" alt=\"\" class=\"lazyload HAa Eha\" src=\"data:image\/gif;base64,R0lGODlhAQABAAAAACH5BAEKAAEALAAAAAABAAEAAAICTAEAOw==\" data-orig-src=\"https:\/\/lh3.googleusercontent.com\/-KWdkhYXDFSE\/VP1hcxjvD9I\/AAAAAAAAMXE\/corFqZ_JUEo\/w958-h639-no\/11024751_935084759846220_8757122145576176146_o.jpg\" style=\"height: 467px; width: 700px; border-width: 1px; border-style: solid; margin: 10px auto; display: block;\" \/><\/span><\/div>\n<div>\n\t<span style=\"color: #000000; font-size: 12pt; font-family: helvetica;\"><img decoding=\"async\" alt=\"\" class=\"lazyload HAa Eha\" src=\"data:image\/gif;base64,R0lGODlhAQABAAAAACH5BAEKAAEALAAAAAABAAEAAAICTAEAOw==\" data-orig-src=\"https:\/\/lh5.googleusercontent.com\/-PL7C-n0exLA\/VP1gLqqjKcI\/AAAAAAAAMWQ\/0N0Id2yLD9E\/w958-h670-no\/10397011_935090406512322_1996795078932414943_o.jpg\" style=\"height: 489px; width: 700px; border-width: 1px; border-style: solid; margin: 10px auto; display: block;\" \/><\/span><\/div>\n<div>\n\t<span style=\"color: #000000; font-size: 12pt; font-family: helvetica;\"><img decoding=\"async\" alt=\"\" class=\"lazyload HAa Eha\" src=\"data:image\/gif;base64,R0lGODlhAQABAAAAACH5BAEKAAEALAAAAAABAAEAAAICTAEAOw==\" data-orig-src=\"https:\/\/lh4.googleusercontent.com\/-O9x_PWdQlDA\/VP1gJvtaVSI\/AAAAAAAAMWE\/sggHEecKDPY\/w958-h678-no\/1939792_935090366512326_6218017224813445_o.jpg\" style=\"height: 495px; width: 700px; border-width: 1px; border-style: solid; margin: 10px auto; display: block;\" \/><\/span><\/div>\n<div>\n\t<span style=\"color: #000000; font-size: 12pt; font-family: helvetica;\"><img decoding=\"async\" alt=\"\" class=\"lazyload HAa Eha\" src=\"data:image\/gif;base64,R0lGODlhAQABAAAAACH5BAEKAAEALAAAAAABAAEAAAICTAEAOw==\" data-orig-src=\"https:\/\/lh3.googleusercontent.com\/-W3BbIPiRyig\/VP1gEgnNxQI\/AAAAAAAAMWA\/XJnbji2PWyA\/w958-h656-no\/10995701_935090359845660_2275370830470653661_o.jpg\" style=\"height: 479px; width: 700px; border-width: 1px; border-style: solid; margin: 10px auto; display: block;\" \/><\/span><\/div>\n<div>\n\t<span style=\"color: #000000; font-size: 12pt; font-family: helvetica;\"><img decoding=\"async\" alt=\"\" class=\"lazyload HAa Eha\" src=\"data:image\/gif;base64,R0lGODlhAQABAAAAACH5BAEKAAEALAAAAAABAAEAAAICTAEAOw==\" data-orig-src=\"https:\/\/lh4.googleusercontent.com\/-lIKw9IG-bKM\/VP1gG1WfwSI\/AAAAAAAAMVo\/Gfv2Bj3EjG4\/w958-h676-no\/11029562_935090413178988_1583888434646297102_o.jpg\" style=\"height: 494px; width: 700px; border-width: 1px; border-style: solid; margin: 10px auto; display: block;\" \/><\/span><\/div>\n<div>\n\t<span style=\"color: #000000; font-size: 12pt; font-family: helvetica;\"><img decoding=\"async\" alt=\"\" class=\"lazyload HAa Eha\" src=\"data:image\/gif;base64,R0lGODlhAQABAAAAACH5BAEKAAEALAAAAAABAAEAAAICTAEAOw==\" data-orig-src=\"https:\/\/lh6.googleusercontent.com\/-IlDMKsx4nkE\/VP1hcFmBbPI\/AAAAAAAAMW4\/c7qBm5pPZDw\/w958-h639-no\/11014982_935084986512864_5263848274794246468_o.jpg\" style=\"height: 467px; width: 700px; border-width: 1px; border-style: solid; margin: 10px auto; display: block;\" \/><\/span><\/div>\n<div>\n\t<span style=\"color: #000000; font-size: 12pt; font-family: helvetica;\"><img decoding=\"async\" alt=\"\" class=\"lazyload HAa Eha\" src=\"data:image\/gif;base64,R0lGODlhAQABAAAAACH5BAEKAAEALAAAAAABAAEAAAICTAEAOw==\" data-orig-src=\"https:\/\/lh5.googleusercontent.com\/-f8V5_oC-WyI\/VP1gISob-TI\/AAAAAAAAMV0\/HyT__u3SUDI\/w958-h639-no\/11054381_935089916512371_3633823336717947433_o.jpg\" style=\"height: 466px; width: 700px; border-width: 1px; border-style: solid; margin: 10px auto; display: block;\" \/><\/span><\/div>\n<div>\n\t<span style=\"color: #000000; font-size: 12pt; font-family: helvetica;\"><img decoding=\"async\" alt=\"\" class=\"lazyload HAa Eha\" src=\"data:image\/gif;base64,R0lGODlhAQABAAAAACH5BAEKAAEALAAAAAABAAEAAAICTAEAOw==\" data-orig-src=\"https:\/\/lh3.googleusercontent.com\/-FeH_KtFdhgc\/VP1gEj2Sv_I\/AAAAAAAAMVM\/u56HaDGWEZc\/w958-h695-no\/10553774_935089946512368_4047143321471550768_o.jpg\" style=\"height: 508px; width: 700px; border-width: 1px; border-style: solid; margin: 10px auto; display: block;\" \/><\/span><\/div>\n<div>\n\t<span style=\"color: #000000; font-size: 12pt; font-family: helvetica;\"><img decoding=\"async\" alt=\"\" class=\"lazyload HAa Eha\" src=\"data:image\/gif;base64,R0lGODlhAQABAAAAACH5BAEKAAEALAAAAAABAAEAAAICTAEAOw==\" data-orig-src=\"https:\/\/lh5.googleusercontent.com\/-FZfQVHHf9CA\/VP1gI7qjCAI\/AAAAAAAAMWI\/7-Y4oPpECbk\/w958-h688-no\/11058487_935090409845655_2485298297570770482_o.jpg\" style=\"height: 503px; width: 700px; border-width: 1px; border-style: solid; margin: 10px auto; display: block;\" \/><\/span><\/div>\n<div style=\"text-align: center;\">\n\t&nbsp;<\/div>\n<div style=\"text-align: center;\">\n\t&nbsp;<\/div>\n<div style=\"text-align: center;\">\n\t<span style=\"color: #000000; font-size: 10pt; font-family: helvetica;\"><strong>&nbsp;&nbsp;<span style=\"color: #800000;\">&nbsp; Video p\u00ebr veprimtarit\u00eb: Top Channel &#8211;&nbsp;<div class=\"oa-video-wrapper oa-youtube-wrapper\" style=\"max-width: 100%;\">\n                    <div class=\"oa-video-responsive\">\n                        <iframe \n                            src=\"https:\/\/www.youtube-nocookie.com\/embed\/ZuoJsgS9F5c?rel=0&#038;modestbranding=1\" \n                            frameborder=\"0\" \n                            allowfullscreen \n                            allow=\"accelerometer; autoplay; clipboard-write; encrypted-media; gyroscope; picture-in-picture\"\n                            loading=\"lazy\"\n                            title=\"YouTube Video\">\n                        <\/iframe>\n                    <\/div>\n                <\/div> <\/span> <\/strong> <\/span><\/div>\n<p style=\"text-align: center;\">\n\t<iframe allowfullscreen=\"\" frameborder=\"0\" height=\"315\" src=\"https:\/\/www.youtube.com\/embed\/ZuoJsgS9F5c\" width=\"420\"><\/iframe><\/p>\n","protected":false},"excerpt":{"rendered":"<p>&nbsp; &nbsp;&nbsp;&nbsp; N\u00eb nj\u00eb atmosfer\u00eb festive, pas Liturgjis\u00eb Hyjnore, u p\u00ebrkujtua 50-vjetori i fjetjes s\u00eb Imzot Theofan Nolit (13 mars 1965). Me k\u00ebt\u00eb rast u krye Sh\u00ebrbesa e P\u00ebrshpirtjes, q\u00eb u drejtua nga Episkopi i Apollonis\u00eb, Hir\u00ebsi Nikolla. Pastaj, t\u00eb pranishmit mor\u00ebn pjes\u00eb n\u00eb ceremonin\u00eb e vendosjes s\u00eb emrit t\u00eb Imzot Theofanit rrug\u00ebs pran\u00eb kish\u00ebs. &nbsp;&nbsp;&nbsp; Gjithashtu, vijoi edhe nj\u00eb program i pasur me himne<\/p>\n","protected":false},"author":1,"featured_media":926,"comment_status":"open","ping_status":"open","sticky":false,"template":"","format":"standard","meta":{"_acf_changed":false,"pagelayer_contact_templates":[],"_pagelayer_content":"","inline_featured_image":false,"fifu_image_url":"","fifu_image_alt":"","footnotes":""},"categories":[108],"tags":[139,154,196,212,159],"class_list":["post-1207","post","type-post","status-publish","format-standard","has-post-thumbnail","hentry","category-lajme","tag-139","tag-aktivitete","tag-tirane","tag-lajme-d27","tag-pershpirtje"],"acf":[],"yoast_head":"<!-- This site is optimized with the Yoast SEO plugin v27.2 - https:\/\/yoast.com\/product\/yoast-seo-wordpress\/ -->\n<title>Sh\u00ebrbes\u00eb p\u00ebrshpirtjeje dhe veprimtari me rastin e 50-vjetorit t\u00eb fjetjes s\u00eb Imzot Theofan Nolit - Kisha Orthodh\u03bfkse Autoqefale e Shqip\u00ebris\u00eb<\/title>\n<meta name=\"robots\" content=\"index, follow, max-snippet:-1, max-image-preview:large, max-video-preview:-1\" \/>\n<link rel=\"canonical\" href=\"https:\/\/orthodoxalbania.org\/2020\/2015\/03\/09\/50-vjetori-i-fjetjes-se-imzot-theofan-nolit\/\" \/>\n<meta property=\"og:locale\" content=\"en_US\" \/>\n<meta property=\"og:type\" content=\"article\" \/>\n<meta property=\"og:title\" content=\"Sh\u00ebrbes\u00eb p\u00ebrshpirtjeje dhe veprimtari me rastin e 50-vjetorit t\u00eb fjetjes s\u00eb Imzot Theofan Nolit - Kisha Orthodh\u03bfkse Autoqefale e Shqip\u00ebris\u00eb\" \/>\n<meta property=\"og:description\" content=\"&nbsp; &nbsp;&nbsp;&nbsp; N\u00eb nj\u00eb atmosfer\u00eb festive, pas Liturgjis\u00eb Hyjnore, u p\u00ebrkujtua 50-vjetori i fjetjes s\u00eb Imzot Theofan Nolit (13 mars 1965). Me k\u00ebt\u00eb rast u krye Sh\u00ebrbesa e P\u00ebrshpirtjes, q\u00eb u drejtua nga Episkopi i Apollonis\u00eb, Hir\u00ebsi Nikolla. Pastaj, t\u00eb pranishmit mor\u00ebn pjes\u00eb n\u00eb ceremonin\u00eb e vendosjes s\u00eb emrit t\u00eb Imzot Theofanit rrug\u00ebs pran\u00eb kish\u00ebs. &nbsp;&nbsp;&nbsp; Gjithashtu, vijoi edhe nj\u00eb program i pasur me himne\" \/>\n<meta property=\"og:url\" content=\"https:\/\/orthodoxalbania.org\/2020\/2015\/03\/09\/50-vjetori-i-fjetjes-se-imzot-theofan-nolit\/\" \/>\n<meta property=\"og:site_name\" content=\"Kisha Orthodh\u03bfkse Autoqefale e Shqip\u00ebris\u00eb\" \/>\n<meta property=\"article:publisher\" content=\"https:\/\/www.facebook.com\/koash1991\" \/>\n<meta property=\"article:published_time\" content=\"2015-03-09T09:32:52+00:00\" \/>\n<meta property=\"article:modified_time\" content=\"2020-04-06T20:02:17+00:00\" \/>\n<meta property=\"og:image\" content=\"https:\/\/orthodoxalbania.org\/2020\/wp-content\/uploads\/2020\/04\/1421198_935084209846275_6522729223435906008_o.jpg\" \/>\n\t<meta property=\"og:image:width\" content=\"150\" \/>\n\t<meta property=\"og:image:height\" content=\"150\" \/>\n\t<meta property=\"og:image:type\" content=\"image\/jpeg\" \/>\n<meta name=\"author\" content=\"Kisha Orthodhokse\" \/>\n<meta name=\"twitter:card\" content=\"summary_large_image\" \/>\n<meta name=\"twitter:label1\" content=\"Written by\" \/>\n\t<meta name=\"twitter:data1\" content=\"Kisha Orthodhokse\" \/>\n\t<meta name=\"twitter:label2\" content=\"Est. reading time\" \/>\n\t<meta name=\"twitter:data2\" content=\"1 minute\" \/>\n<script type=\"application\/ld+json\" class=\"yoast-schema-graph\">{\"@context\":\"https:\/\/schema.org\",\"@graph\":[{\"@type\":\"Article\",\"@id\":\"https:\/\/orthodoxalbania.org\/2020\/2015\/03\/09\/50-vjetori-i-fjetjes-se-imzot-theofan-nolit\/#article\",\"isPartOf\":{\"@id\":\"https:\/\/orthodoxalbania.org\/2020\/2015\/03\/09\/50-vjetori-i-fjetjes-se-imzot-theofan-nolit\/\"},\"author\":{\"name\":\"Kisha Orthodhokse\",\"@id\":\"https:\/\/orthodoxalbania.org\/2020\/#\/schema\/person\/0c387634a7063ac612d7ed9ce71c7e86\"},\"headline\":\"Sh\u00ebrbes\u00eb p\u00ebrshpirtjeje dhe veprimtari me rastin e 50-vjetorit t\u00eb fjetjes s\u00eb Imzot Theofan Nolit\",\"datePublished\":\"2015-03-09T09:32:52+00:00\",\"dateModified\":\"2020-04-06T20:02:17+00:00\",\"mainEntityOfPage\":{\"@id\":\"https:\/\/orthodoxalbania.org\/2020\/2015\/03\/09\/50-vjetori-i-fjetjes-se-imzot-theofan-nolit\/\"},\"wordCount\":192,\"commentCount\":0,\"publisher\":{\"@id\":\"https:\/\/orthodoxalbania.org\/2020\/#organization\"},\"image\":{\"@id\":\"https:\/\/orthodoxalbania.org\/2020\/2015\/03\/09\/50-vjetori-i-fjetjes-se-imzot-theofan-nolit\/#primaryimage\"},\"thumbnailUrl\":\"https:\/\/orthodoxalbania.org\/2020\/wp-content\/uploads\/2020\/04\/1421198_935084209846275_6522729223435906008_o.jpg\",\"keywords\":[\"2015\",\"Aktivitete\",\"Kryepiskopata Tiran\u00eb\",\"lajme\",\"P\u00ebrshpirtje\"],\"articleSection\":[\"Lajme\"],\"inLanguage\":\"en-US\"},{\"@type\":\"WebPage\",\"@id\":\"https:\/\/orthodoxalbania.org\/2020\/2015\/03\/09\/50-vjetori-i-fjetjes-se-imzot-theofan-nolit\/\",\"url\":\"https:\/\/orthodoxalbania.org\/2020\/2015\/03\/09\/50-vjetori-i-fjetjes-se-imzot-theofan-nolit\/\",\"name\":\"Sh\u00ebrbes\u00eb p\u00ebrshpirtjeje dhe veprimtari me rastin e 50-vjetorit t\u00eb fjetjes s\u00eb Imzot Theofan Nolit - Kisha Orthodh\u03bfkse Autoqefale e Shqip\u00ebris\u00eb\",\"isPartOf\":{\"@id\":\"https:\/\/orthodoxalbania.org\/2020\/#website\"},\"primaryImageOfPage\":{\"@id\":\"https:\/\/orthodoxalbania.org\/2020\/2015\/03\/09\/50-vjetori-i-fjetjes-se-imzot-theofan-nolit\/#primaryimage\"},\"image\":{\"@id\":\"https:\/\/orthodoxalbania.org\/2020\/2015\/03\/09\/50-vjetori-i-fjetjes-se-imzot-theofan-nolit\/#primaryimage\"},\"thumbnailUrl\":\"https:\/\/orthodoxalbania.org\/2020\/wp-content\/uploads\/2020\/04\/1421198_935084209846275_6522729223435906008_o.jpg\",\"datePublished\":\"2015-03-09T09:32:52+00:00\",\"dateModified\":\"2020-04-06T20:02:17+00:00\",\"breadcrumb\":{\"@id\":\"https:\/\/orthodoxalbania.org\/2020\/2015\/03\/09\/50-vjetori-i-fjetjes-se-imzot-theofan-nolit\/#breadcrumb\"},\"inLanguage\":\"en-US\",\"potentialAction\":[{\"@type\":\"ReadAction\",\"target\":[\"https:\/\/orthodoxalbania.org\/2020\/2015\/03\/09\/50-vjetori-i-fjetjes-se-imzot-theofan-nolit\/\"]}]},{\"@type\":\"ImageObject\",\"inLanguage\":\"en-US\",\"@id\":\"https:\/\/orthodoxalbania.org\/2020\/2015\/03\/09\/50-vjetori-i-fjetjes-se-imzot-theofan-nolit\/#primaryimage\",\"url\":\"https:\/\/orthodoxalbania.org\/2020\/wp-content\/uploads\/2020\/04\/1421198_935084209846275_6522729223435906008_o.jpg\",\"contentUrl\":\"https:\/\/orthodoxalbania.org\/2020\/wp-content\/uploads\/2020\/04\/1421198_935084209846275_6522729223435906008_o.jpg\",\"width\":150,\"height\":150},{\"@type\":\"BreadcrumbList\",\"@id\":\"https:\/\/orthodoxalbania.org\/2020\/2015\/03\/09\/50-vjetori-i-fjetjes-se-imzot-theofan-nolit\/#breadcrumb\",\"itemListElement\":[{\"@type\":\"ListItem\",\"position\":1,\"name\":\"Home\",\"item\":\"https:\/\/orthodoxalbania.org\/2020\/\"},{\"@type\":\"ListItem\",\"position\":2,\"name\":\"Sh\u00ebrbes\u00eb p\u00ebrshpirtjeje dhe veprimtari me rastin e 50-vjetorit t\u00eb fjetjes s\u00eb Imzot Theofan Nolit\"}]},{\"@type\":\"WebSite\",\"@id\":\"https:\/\/orthodoxalbania.org\/2020\/#website\",\"url\":\"https:\/\/orthodoxalbania.org\/2020\/\",\"name\":\"Kisha Orthodh\u03bfkse Autoqefale e Shqip\u00ebris\u00eb\",\"description\":\"Fqja Zyrtare e Kish\u00ebs Orthodhokse Autoqefale e Shqip\u00ebris\u00eb me lajmet edhe informacionet zyrtare p\u00ebr struktur\u00ebn edhe veprimtarin e saj.\",\"publisher\":{\"@id\":\"https:\/\/orthodoxalbania.org\/2020\/#organization\"},\"potentialAction\":[{\"@type\":\"SearchAction\",\"target\":{\"@type\":\"EntryPoint\",\"urlTemplate\":\"https:\/\/orthodoxalbania.org\/2020\/?s={search_term_string}\"},\"query-input\":{\"@type\":\"PropertyValueSpecification\",\"valueRequired\":true,\"valueName\":\"search_term_string\"}}],\"inLanguage\":\"en-US\"},{\"@type\":\"Organization\",\"@id\":\"https:\/\/orthodoxalbania.org\/2020\/#organization\",\"name\":\"Kisha Orthodhokse Autoqefale e Shqip\u00ebris\u00eb\",\"url\":\"https:\/\/orthodoxalbania.org\/2020\/\",\"logo\":{\"@type\":\"ImageObject\",\"inLanguage\":\"en-US\",\"@id\":\"https:\/\/orthodoxalbania.org\/2020\/#\/schema\/logo\/image\/\",\"url\":\"https:\/\/orthodoxalbania.org\/2020\/wp-content\/uploads\/2020\/05\/albania.jpeg\",\"contentUrl\":\"https:\/\/orthodoxalbania.org\/2020\/wp-content\/uploads\/2020\/05\/albania.jpeg\",\"width\":540,\"height\":540,\"caption\":\"Kisha Orthodhokse Autoqefale e Shqip\u00ebris\u00eb\"},\"image\":{\"@id\":\"https:\/\/orthodoxalbania.org\/2020\/#\/schema\/logo\/image\/\"},\"sameAs\":[\"https:\/\/www.facebook.com\/koash1991\"]},{\"@type\":\"Person\",\"@id\":\"https:\/\/orthodoxalbania.org\/2020\/#\/schema\/person\/0c387634a7063ac612d7ed9ce71c7e86\",\"name\":\"Kisha Orthodhokse\",\"image\":{\"@type\":\"ImageObject\",\"inLanguage\":\"en-US\",\"@id\":\"https:\/\/secure.gravatar.com\/avatar\/596e7c417251e30f2fbb9c00e026fce61a695a00e51c889caded71c96cbbdde5?s=96&d=mm&r=g\",\"url\":\"https:\/\/secure.gravatar.com\/avatar\/596e7c417251e30f2fbb9c00e026fce61a695a00e51c889caded71c96cbbdde5?s=96&d=mm&r=g\",\"contentUrl\":\"https:\/\/secure.gravatar.com\/avatar\/596e7c417251e30f2fbb9c00e026fce61a695a00e51c889caded71c96cbbdde5?s=96&d=mm&r=g\",\"caption\":\"Kisha Orthodhokse\"}}]}<\/script>\n<!-- \/ Yoast SEO plugin. -->","yoast_head_json":{"title":"Sh\u00ebrbes\u00eb p\u00ebrshpirtjeje dhe veprimtari me rastin e 50-vjetorit t\u00eb fjetjes s\u00eb Imzot Theofan Nolit - Kisha Orthodh\u03bfkse Autoqefale e Shqip\u00ebris\u00eb","robots":{"index":"index","follow":"follow","max-snippet":"max-snippet:-1","max-image-preview":"max-image-preview:large","max-video-preview":"max-video-preview:-1"},"canonical":"https:\/\/orthodoxalbania.org\/2020\/2015\/03\/09\/50-vjetori-i-fjetjes-se-imzot-theofan-nolit\/","og_locale":"en_US","og_type":"article","og_title":"Sh\u00ebrbes\u00eb p\u00ebrshpirtjeje dhe veprimtari me rastin e 50-vjetorit t\u00eb fjetjes s\u00eb Imzot Theofan Nolit - Kisha Orthodh\u03bfkse Autoqefale e Shqip\u00ebris\u00eb","og_description":"&nbsp; &nbsp;&nbsp;&nbsp; N\u00eb nj\u00eb atmosfer\u00eb festive, pas Liturgjis\u00eb Hyjnore, u p\u00ebrkujtua 50-vjetori i fjetjes s\u00eb Imzot Theofan Nolit (13 mars 1965). Me k\u00ebt\u00eb rast u krye Sh\u00ebrbesa e P\u00ebrshpirtjes, q\u00eb u drejtua nga Episkopi i Apollonis\u00eb, Hir\u00ebsi Nikolla. Pastaj, t\u00eb pranishmit mor\u00ebn pjes\u00eb n\u00eb ceremonin\u00eb e vendosjes s\u00eb emrit t\u00eb Imzot Theofanit rrug\u00ebs pran\u00eb kish\u00ebs. &nbsp;&nbsp;&nbsp; Gjithashtu, vijoi edhe nj\u00eb program i pasur me himne","og_url":"https:\/\/orthodoxalbania.org\/2020\/2015\/03\/09\/50-vjetori-i-fjetjes-se-imzot-theofan-nolit\/","og_site_name":"Kisha Orthodh\u03bfkse Autoqefale e Shqip\u00ebris\u00eb","article_publisher":"https:\/\/www.facebook.com\/koash1991","article_published_time":"2015-03-09T09:32:52+00:00","article_modified_time":"2020-04-06T20:02:17+00:00","og_image":[{"width":150,"height":150,"url":"https:\/\/orthodoxalbania.org\/2020\/wp-content\/uploads\/2020\/04\/1421198_935084209846275_6522729223435906008_o.jpg","type":"image\/jpeg"}],"author":"Kisha Orthodhokse","twitter_card":"summary_large_image","twitter_misc":{"Written by":"Kisha Orthodhokse","Est. reading time":"1 minute"},"schema":{"@context":"https:\/\/schema.org","@graph":[{"@type":"Article","@id":"https:\/\/orthodoxalbania.org\/2020\/2015\/03\/09\/50-vjetori-i-fjetjes-se-imzot-theofan-nolit\/#article","isPartOf":{"@id":"https:\/\/orthodoxalbania.org\/2020\/2015\/03\/09\/50-vjetori-i-fjetjes-se-imzot-theofan-nolit\/"},"author":{"name":"Kisha Orthodhokse","@id":"https:\/\/orthodoxalbania.org\/2020\/#\/schema\/person\/0c387634a7063ac612d7ed9ce71c7e86"},"headline":"Sh\u00ebrbes\u00eb p\u00ebrshpirtjeje dhe veprimtari me rastin e 50-vjetorit t\u00eb fjetjes s\u00eb Imzot Theofan Nolit","datePublished":"2015-03-09T09:32:52+00:00","dateModified":"2020-04-06T20:02:17+00:00","mainEntityOfPage":{"@id":"https:\/\/orthodoxalbania.org\/2020\/2015\/03\/09\/50-vjetori-i-fjetjes-se-imzot-theofan-nolit\/"},"wordCount":192,"commentCount":0,"publisher":{"@id":"https:\/\/orthodoxalbania.org\/2020\/#organization"},"image":{"@id":"https:\/\/orthodoxalbania.org\/2020\/2015\/03\/09\/50-vjetori-i-fjetjes-se-imzot-theofan-nolit\/#primaryimage"},"thumbnailUrl":"https:\/\/orthodoxalbania.org\/2020\/wp-content\/uploads\/2020\/04\/1421198_935084209846275_6522729223435906008_o.jpg","keywords":["2015","Aktivitete","Kryepiskopata Tiran\u00eb","lajme","P\u00ebrshpirtje"],"articleSection":["Lajme"],"inLanguage":"en-US"},{"@type":"WebPage","@id":"https:\/\/orthodoxalbania.org\/2020\/2015\/03\/09\/50-vjetori-i-fjetjes-se-imzot-theofan-nolit\/","url":"https:\/\/orthodoxalbania.org\/2020\/2015\/03\/09\/50-vjetori-i-fjetjes-se-imzot-theofan-nolit\/","name":"Sh\u00ebrbes\u00eb p\u00ebrshpirtjeje dhe veprimtari me rastin e 50-vjetorit t\u00eb fjetjes s\u00eb Imzot Theofan Nolit - Kisha Orthodh\u03bfkse Autoqefale e Shqip\u00ebris\u00eb","isPartOf":{"@id":"https:\/\/orthodoxalbania.org\/2020\/#website"},"primaryImageOfPage":{"@id":"https:\/\/orthodoxalbania.org\/2020\/2015\/03\/09\/50-vjetori-i-fjetjes-se-imzot-theofan-nolit\/#primaryimage"},"image":{"@id":"https:\/\/orthodoxalbania.org\/2020\/2015\/03\/09\/50-vjetori-i-fjetjes-se-imzot-theofan-nolit\/#primaryimage"},"thumbnailUrl":"https:\/\/orthodoxalbania.org\/2020\/wp-content\/uploads\/2020\/04\/1421198_935084209846275_6522729223435906008_o.jpg","datePublished":"2015-03-09T09:32:52+00:00","dateModified":"2020-04-06T20:02:17+00:00","breadcrumb":{"@id":"https:\/\/orthodoxalbania.org\/2020\/2015\/03\/09\/50-vjetori-i-fjetjes-se-imzot-theofan-nolit\/#breadcrumb"},"inLanguage":"en-US","potentialAction":[{"@type":"ReadAction","target":["https:\/\/orthodoxalbania.org\/2020\/2015\/03\/09\/50-vjetori-i-fjetjes-se-imzot-theofan-nolit\/"]}]},{"@type":"ImageObject","inLanguage":"en-US","@id":"https:\/\/orthodoxalbania.org\/2020\/2015\/03\/09\/50-vjetori-i-fjetjes-se-imzot-theofan-nolit\/#primaryimage","url":"https:\/\/orthodoxalbania.org\/2020\/wp-content\/uploads\/2020\/04\/1421198_935084209846275_6522729223435906008_o.jpg","contentUrl":"https:\/\/orthodoxalbania.org\/2020\/wp-content\/uploads\/2020\/04\/1421198_935084209846275_6522729223435906008_o.jpg","width":150,"height":150},{"@type":"BreadcrumbList","@id":"https:\/\/orthodoxalbania.org\/2020\/2015\/03\/09\/50-vjetori-i-fjetjes-se-imzot-theofan-nolit\/#breadcrumb","itemListElement":[{"@type":"ListItem","position":1,"name":"Home","item":"https:\/\/orthodoxalbania.org\/2020\/"},{"@type":"ListItem","position":2,"name":"Sh\u00ebrbes\u00eb p\u00ebrshpirtjeje dhe veprimtari me rastin e 50-vjetorit t\u00eb fjetjes s\u00eb Imzot Theofan Nolit"}]},{"@type":"WebSite","@id":"https:\/\/orthodoxalbania.org\/2020\/#website","url":"https:\/\/orthodoxalbania.org\/2020\/","name":"Kisha Orthodh\u03bfkse Autoqefale e Shqip\u00ebris\u00eb","description":"Fqja Zyrtare e Kish\u00ebs Orthodhokse Autoqefale e Shqip\u00ebris\u00eb me lajmet edhe informacionet zyrtare p\u00ebr struktur\u00ebn edhe veprimtarin e saj.","publisher":{"@id":"https:\/\/orthodoxalbania.org\/2020\/#organization"},"potentialAction":[{"@type":"SearchAction","target":{"@type":"EntryPoint","urlTemplate":"https:\/\/orthodoxalbania.org\/2020\/?s={search_term_string}"},"query-input":{"@type":"PropertyValueSpecification","valueRequired":true,"valueName":"search_term_string"}}],"inLanguage":"en-US"},{"@type":"Organization","@id":"https:\/\/orthodoxalbania.org\/2020\/#organization","name":"Kisha Orthodhokse Autoqefale e Shqip\u00ebris\u00eb","url":"https:\/\/orthodoxalbania.org\/2020\/","logo":{"@type":"ImageObject","inLanguage":"en-US","@id":"https:\/\/orthodoxalbania.org\/2020\/#\/schema\/logo\/image\/","url":"https:\/\/orthodoxalbania.org\/2020\/wp-content\/uploads\/2020\/05\/albania.jpeg","contentUrl":"https:\/\/orthodoxalbania.org\/2020\/wp-content\/uploads\/2020\/05\/albania.jpeg","width":540,"height":540,"caption":"Kisha Orthodhokse Autoqefale e Shqip\u00ebris\u00eb"},"image":{"@id":"https:\/\/orthodoxalbania.org\/2020\/#\/schema\/logo\/image\/"},"sameAs":["https:\/\/www.facebook.com\/koash1991"]},{"@type":"Person","@id":"https:\/\/orthodoxalbania.org\/2020\/#\/schema\/person\/0c387634a7063ac612d7ed9ce71c7e86","name":"Kisha Orthodhokse","image":{"@type":"ImageObject","inLanguage":"en-US","@id":"https:\/\/secure.gravatar.com\/avatar\/596e7c417251e30f2fbb9c00e026fce61a695a00e51c889caded71c96cbbdde5?s=96&d=mm&r=g","url":"https:\/\/secure.gravatar.com\/avatar\/596e7c417251e30f2fbb9c00e026fce61a695a00e51c889caded71c96cbbdde5?s=96&d=mm&r=g","contentUrl":"https:\/\/secure.gravatar.com\/avatar\/596e7c417251e30f2fbb9c00e026fce61a695a00e51c889caded71c96cbbdde5?s=96&d=mm&r=g","caption":"Kisha Orthodhokse"}}]}},"_links":{"self":[{"href":"https:\/\/orthodoxalbania.org\/2020\/wp-json\/wp\/v2\/posts\/1207","targetHints":{"allow":["GET"]}}],"collection":[{"href":"https:\/\/orthodoxalbania.org\/2020\/wp-json\/wp\/v2\/posts"}],"about":[{"href":"https:\/\/orthodoxalbania.org\/2020\/wp-json\/wp\/v2\/types\/post"}],"author":[{"embeddable":true,"href":"https:\/\/orthodoxalbania.org\/2020\/wp-json\/wp\/v2\/users\/1"}],"replies":[{"embeddable":true,"href":"https:\/\/orthodoxalbania.org\/2020\/wp-json\/wp\/v2\/comments?post=1207"}],"version-history":[{"count":1,"href":"https:\/\/orthodoxalbania.org\/2020\/wp-json\/wp\/v2\/posts\/1207\/revisions"}],"predecessor-version":[{"id":15022,"href":"https:\/\/orthodoxalbania.org\/2020\/wp-json\/wp\/v2\/posts\/1207\/revisions\/15022"}],"wp:featuredmedia":[{"embeddable":true,"href":"https:\/\/orthodoxalbania.org\/2020\/wp-json\/wp\/v2\/media\/926"}],"wp:attachment":[{"href":"https:\/\/orthodoxalbania.org\/2020\/wp-json\/wp\/v2\/media?parent=1207"}],"wp:term":[{"taxonomy":"category","embeddable":true,"href":"https:\/\/orthodoxalbania.org\/2020\/wp-json\/wp\/v2\/categories?post=1207"},{"taxonomy":"post_tag","embeddable":true,"href":"https:\/\/orthodoxalbania.org\/2020\/wp-json\/wp\/v2\/tags?post=1207"}],"curies":[{"name":"wp","href":"https:\/\/api.w.org\/{rel}","templated":true}]}}