{"id":1201,"date":"2014-10-28T12:35:01","date_gmt":"2014-10-28T12:35:01","guid":{"rendered":""},"modified":"2020-04-06T22:02:21","modified_gmt":"2020-04-06T20:02:21","slug":"shenjterimi-i-kishes-se-re-katedrale-te-shen-dhimitrit-ne-berat","status":"publish","type":"post","link":"https:\/\/orthodoxalbania.org\/2020\/2014\/10\/28\/shenjterimi-i-kishes-se-re-katedrale-te-shen-dhimitrit-ne-berat\/","title":{"rendered":"Shenjt\u00ebrimi i Kish\u00ebs se re Katedrale t\u00eb Sh\u00ebn Dhimitrit n\u00eb Berat"},"content":{"rendered":"<p>\n\t<span style=\"color: #000000; font-size: 12pt; font-family: helvetica;\"><img decoding=\"async\" alt=\"\" class=\"lazyload HAa Eha\" src=\"data:image\/gif;base64,R0lGODlhAQABAAAAACH5BAEKAAEALAAAAAABAAEAAAICTAEAOw==\" data-orig-src=\"https:\/\/lh3.googleusercontent.com\/-0XaSr7tg_9w\/U_NB8PwotlI\/AAAAAAAAA2g\/QXaauIV8bCc\/s577-no\/logo.png\" style=\"height: 54px; width: 54px; display: block; margin-left: auto; margin-right: auto;\" \/><\/span><\/p>\n<p style=\"text-align: center;\">\n\t<span style=\"color: #000000; font-size: 12pt; font-family: helvetica;\"><strong>KISHA ORTHODHOKSE AUTOQEFALE E SHQIP\u00cbRIS\u00cb<\/strong><\/span><\/p>\n<p style=\"text-align: center;\">\n\t<span style=\"color: #000000; font-size: 12pt; font-family: helvetica;\"><strong>NJOFTIM PER SHTYP<\/strong><\/span><\/p>\n<p style=\"text-align: center;\">\n\t<span style=\"color: #000000; font-size: 12pt; font-family: helvetica;\"><strong>Shenjt\u00ebrimi i Kish\u00ebs se re Katedrale t\u00eb Sh\u00ebn Dhimitrit n\u00eb Berat<\/strong><\/span><\/p>\n<p style=\"text-align: justify;\">\n\t&nbsp;<\/p>\n<p style=\"text-align: justify;\">\n\t<span style=\"color: #000000; font-size: 12pt; font-family: helvetica;\"><em>&nbsp;&nbsp; \u201c\u00c7do kish\u00eb orthodhokse \u00ebsht\u00eb vend paqeje, ngush\u00ebllimi, vend, ku njer\u00ebzit gjejn\u00eb jo vet\u00ebm Per\u00ebndin\u00eb, por edhe veten e tyre. Nj\u00ebkoh\u00ebsisht \u00ebsht\u00eb vend v\u00ebllaz\u00ebrimi, ku takohemi me respekt me nj\u00ebri-tjetrin. P\u00ebr m\u00eb tep\u00ebr, \u00ebsht\u00eb vend rip\u00ebrt\u00ebritjeje shpirt\u00ebrore dhe shenjt\u00ebrimi. Vend lavd\u00ebrimi i Per\u00ebndis\u00eb, ku bashkekzistojn\u00eb e v\u00ebrteta, dashuria dhe bukuria. Kisha e re Katedrale e Beratit, nd\u00ebrsa lart\u00ebsohet n\u00eb qend\u00ebr t\u00eb qytetit, p\u00ebrb\u00ebn mushk\u00ebrin\u00eb e tij kryesore.\u201d<\/em><\/span><\/p>\n<p style=\"text-align: justify;\">\n\t<span style=\"color: #000000; font-size: 12pt; font-family: helvetica;\">&nbsp;&nbsp;&nbsp; Duke theksuar me k\u00ebto fjal\u00eb r\u00ebnd\u00ebsin\u00eb e kish\u00ebs s\u00eb hirshme p\u00ebr jet\u00ebn e besimtar\u00ebve, Kryepiskopi i Tiran\u00ebs, Durr\u00ebsit dhe i Gjith\u00eb Shqip\u00ebris\u00eb, Anastasi, shenjt\u00ebroi dit\u00ebn e diel, 26 tetor 2014, n\u00eb t\u00eb kremten e Sh\u00ebn Dhimitrit, Kish\u00ebn e re Katedrale t\u00eb Beratit, q\u00eb i kushtohet k\u00ebtij shenjtori t\u00eb Kish\u00ebs son\u00eb. N\u00eb Sh\u00ebrbes\u00ebn e Shenjt\u00ebrimit mor\u00ebn pjes\u00eb Mitropoliti i Beratit, Hir\u00ebsia e Tij Ignati, Episkopi i Amantias Nathanaili dhe shum\u00eb klerik\u00eb.<\/span><\/p>\n<p style=\"text-align: justify;\">\n\t<span style=\"color: #000000; font-size: 12pt; font-family: helvetica;\">&nbsp;&nbsp;&nbsp; Q\u00eb her\u00ebt n\u00eb m\u00ebngjes dhjet\u00ebra e dhjet\u00ebra besimtar\u00eb, mes tyre shum\u00eb t\u00eb rinj, nga qyteti antik dhe me tradita t\u00eb ve\u00e7anta n\u00eb besimin orthodhoks, por dhe e gjith\u00eb zona e Myzeqes\u00eb dhe nga zona t\u00eb tjera t\u00eb vendit, kishin mbushur oborrin e Kish\u00ebs, duke marr\u00eb pjes\u00eb me lutjen e tyre n\u00eb aktin e hirsh\u00ebm t\u00eb Shenjt\u00ebrimit, me litanin\u00eb e lipsaneve t\u00eb shenjta dhe n\u00eb vazhdim, me shenjt\u00ebrimin e Tryez\u00ebs s\u00eb Shenjt\u00eb dhe n\u00eb Liturgjin\u00eb Hyjnore. N\u00eb sh\u00ebrbesa mor\u00ebn pjes\u00eb edhe p\u00ebrfaq\u00ebsues t\u00eb komuniteteve fetare, autoriteteve lokale, deputet\u00eb t\u00eb zon\u00ebs etj.<\/span><\/p>\n<p style=\"text-align: justify;\">\n\t<span style=\"color: #000000; font-size: 12pt; font-family: helvetica;\">&nbsp;&nbsp;&nbsp; Katedralja e re e nd\u00ebrtuar mjesht\u00ebrisht, me sip\u00ebrfaqe totale 527 m2 dhe lart\u00ebsi 22 m, u themelua n\u00eb vitin 1994, mes shum\u00eb v\u00ebshtir\u00ebsish dhe n\u00eb nj\u00eb koh\u00eb kur qyteti i Beratit ishte goditur nga nj\u00eb epidemi kolere. Nisi t\u00eb nd\u00ebrtohet n\u00eb vitin 2002, me projektin arkitektonik dhe supervizimin e Zyr\u00ebs Teknike t\u00eb Kish\u00ebs Orthodhokse Autoqefale t\u00eb Shqip\u00ebris\u00eb. Shpenzimet p\u00ebr p\u00ebrfundimin e k\u00ebsaj vepre arrit\u00ebn n\u00eb 850.000 euro, fonde q\u00eb erdh\u00ebn si donacione nga burime t\u00eb ndryshme jasht\u00eb vendit, me p\u00ebrkujdesjen personale t\u00eb Kryepiskopit Anastas.<\/span><\/p>\n<p style=\"text-align: justify;\">\n\t<span style=\"color: #000000; font-size: 12pt; font-family: helvetica;\">&nbsp;&nbsp;&nbsp; Nga muaji qershor deri n\u00eb tetor t\u00eb vitit 2014, jan\u00eb shenjt\u00ebruar shtat\u00eb kisha t\u00eb shenjta, n\u00eb zona t\u00eb ndryshme t\u00eb Shqip\u00ebris\u00eb, t\u00eb cilat zbukurojn\u00eb vendin dhe transmetojm\u00eb mesazhe besimi e shprese: dy n\u00eb Tiran\u00eb, n\u00eb Shkod\u00ebr, Pogradec, Aliko, K\u00eblcyr\u00eb dhe Berat. <\/span><\/p>\n<p style=\"text-align: justify;\">\n\t&nbsp;<\/p>\n<p style=\"text-align: right;\">\n\t<strong><span style=\"color: #000000; font-size: 12pt; font-family: helvetica;\">Tiran\u00eb 28.10.2014<\/span><\/strong><\/p>\n<p>\n\t&nbsp;<\/p>\n<p>\n\t<strong><span style=\"color: #000000; font-size: 12pt; font-family: helvetica;\">Foto: Dhjakon Stefan Ritsi<\/span><\/strong><\/p>\n<p>\n\t&nbsp;<\/p>\n<p>\n\t&nbsp;<\/p>\n<p>\n\t<span style=\"color: #000000;\"><span style=\"font-family: tahoma,geneva,sans-serif;\"><span style=\"font-size: 12px;\"><img decoding=\"async\" alt=\"\" class=\"lazyload HAa Eha\" src=\"data:image\/gif;base64,R0lGODlhAQABAAAAACH5BAEKAAEALAAAAAABAAEAAAICTAEAOw==\" data-orig-src=\"https:\/\/lh5.googleusercontent.com\/-iozaLEPTLrg\/VE-I53ByuvI\/AAAAAAAADxU\/nMcc1N-0vV0\/w549-h823-no\/1(1).jpg\" style=\"border-width: 1px; border-style: solid; display: block; margin-left: auto; margin-right: auto;\" \/><\/span><\/span><\/span><\/p>\n<p>\n\t<span style=\"color: #000000;\"><span style=\"font-family: tahoma,geneva,sans-serif;\"><span style=\"font-size: 12px;\"><img decoding=\"async\" alt=\"\" class=\"lazyload HAa Eha\" src=\"data:image\/gif;base64,R0lGODlhAQABAAAAACH5BAEKAAEALAAAAAABAAEAAAICTAEAOw==\" data-orig-src=\"https:\/\/lh4.googleusercontent.com\/-ahFwdTieBxo\/VE-I9qWF6pI\/AAAAAAAADyE\/6LFpauAQeA0\/w958-h639-no\/2(1).jpg\" style=\"border-width: 1px; border-style: solid; display: block; margin-left: auto; margin-right: auto;\" \/><\/span><\/span><\/span><\/p>\n<p>\n\t<span style=\"color: #000000;\"><span style=\"font-family: tahoma,geneva,sans-serif;\"><span style=\"font-size: 12px;\"><img decoding=\"async\" alt=\"\" class=\"lazyload HAa Eha\" src=\"data:image\/gif;base64,R0lGODlhAQABAAAAACH5BAEKAAEALAAAAAABAAEAAAICTAEAOw==\" data-orig-src=\"https:\/\/lh3.googleusercontent.com\/-KLOqcisWI5g\/VE-I8kC3tvI\/AAAAAAAADx4\/4s_tXXbG8Xs\/w477-h823-no\/3(1).jpg\" style=\"border-width: 1px; border-style: solid; display: block; margin-left: auto; margin-right: auto;\" \/><\/span><\/span><\/span><\/p>\n<p>\n\t<span style=\"color: #000000;\"><span style=\"font-family: tahoma,geneva,sans-serif;\"><span style=\"font-size: 12px;\"><img decoding=\"async\" alt=\"\" class=\"lazyload HAa Eha\" src=\"data:image\/gif;base64,R0lGODlhAQABAAAAACH5BAEKAAEALAAAAAABAAEAAAICTAEAOw==\" data-orig-src=\"https:\/\/lh6.googleusercontent.com\/-LNfAE8mO9EI\/VE-I7l331VI\/AAAAAAAADxs\/utezH2-raNI\/w958-h639-no\/4(1).jpg\" style=\"border-width: 1px; border-style: solid; display: block; margin-left: auto; margin-right: auto;\" \/><\/span><\/span><\/span><\/p>\n<p>\n\t<img decoding=\"async\" alt=\"\" class=\"lazyload HAa Eha\" src=\"data:image\/gif;base64,R0lGODlhAQABAAAAACH5BAEKAAEALAAAAAABAAEAAAICTAEAOw==\" data-orig-src=\"https:\/\/lh5.googleusercontent.com\/-GfvtZa_6WYs\/VE-I61NhfWI\/AAAAAAAADxg\/jB-o1QTPEwc\/w958-h639-no\/5(1).jpg\" style=\"border-width: 1px; border-style: solid; display: block; margin-left: auto; margin-right: auto;\" \/><\/p>\n<p>\n\t&nbsp;<\/p>\n<p style=\"text-align: center;\">\n\t&nbsp;<\/p>\n<p>\n\t&nbsp;<\/p>\n","protected":false},"excerpt":{"rendered":"<p>KISHA ORTHODHOKSE AUTOQEFALE E SHQIP\u00cbRIS\u00cb NJOFTIM PER SHTYP Shenjt\u00ebrimi i Kish\u00ebs se re Katedrale t\u00eb Sh\u00ebn Dhimitrit n\u00eb Berat &nbsp; &nbsp;&nbsp; \u201c\u00c7do kish\u00eb orthodhokse \u00ebsht\u00eb vend paqeje, ngush\u00ebllimi, vend, ku njer\u00ebzit gjejn\u00eb jo vet\u00ebm Per\u00ebndin\u00eb, por edhe veten e tyre. Nj\u00ebkoh\u00ebsisht \u00ebsht\u00eb vend v\u00ebllaz\u00ebrimi, ku takohemi me respekt me nj\u00ebri-tjetrin. P\u00ebr m\u00eb tep\u00ebr, \u00ebsht\u00eb vend rip\u00ebrt\u00ebritjeje shpirt\u00ebrore dhe shenjt\u00ebrimi. Vend lavd\u00ebrimi i Per\u00ebndis\u00eb, ku bashkekzistojn\u00eb<\/p>\n","protected":false},"author":1,"featured_media":1202,"comment_status":"open","ping_status":"open","sticky":false,"template":"","format":"standard","meta":{"_acf_changed":false,"pagelayer_contact_templates":[],"_pagelayer_content":"","inline_featured_image":false,"fifu_image_url":"","fifu_image_alt":"","footnotes":""},"categories":[108],"tags":[140,153,212,197,171],"class_list":["post-1201","post","type-post","status-publish","format-standard","has-post-thumbnail","hentry","category-lajme","tag-140","tag-deklarata-njoftime-zyrtare-d75","tag-lajme-d27","tag-berat","tag-shenjterime"],"acf":[],"yoast_head":"<!-- This site is optimized with the Yoast SEO plugin v27.2 - https:\/\/yoast.com\/product\/yoast-seo-wordpress\/ -->\n<title>Shenjt\u00ebrimi i Kish\u00ebs se re Katedrale t\u00eb Sh\u00ebn Dhimitrit n\u00eb Berat - Kisha Orthodh\u03bfkse Autoqefale e Shqip\u00ebris\u00eb<\/title>\n<meta name=\"robots\" content=\"index, follow, max-snippet:-1, max-image-preview:large, max-video-preview:-1\" \/>\n<link rel=\"canonical\" href=\"https:\/\/orthodoxalbania.org\/2020\/2014\/10\/28\/shenjterimi-i-kishes-se-re-katedrale-te-shen-dhimitrit-ne-berat\/\" \/>\n<meta property=\"og:locale\" content=\"en_US\" \/>\n<meta property=\"og:type\" content=\"article\" \/>\n<meta property=\"og:title\" content=\"Shenjt\u00ebrimi i Kish\u00ebs se re Katedrale t\u00eb Sh\u00ebn Dhimitrit n\u00eb Berat - Kisha Orthodh\u03bfkse Autoqefale e Shqip\u00ebris\u00eb\" \/>\n<meta property=\"og:description\" content=\"KISHA ORTHODHOKSE AUTOQEFALE E SHQIP\u00cbRIS\u00cb NJOFTIM PER SHTYP Shenjt\u00ebrimi i Kish\u00ebs se re Katedrale t\u00eb Sh\u00ebn Dhimitrit n\u00eb Berat &nbsp; &nbsp;&nbsp; \u201c\u00c7do kish\u00eb orthodhokse \u00ebsht\u00eb vend paqeje, ngush\u00ebllimi, vend, ku njer\u00ebzit gjejn\u00eb jo vet\u00ebm Per\u00ebndin\u00eb, por edhe veten e tyre. Nj\u00ebkoh\u00ebsisht \u00ebsht\u00eb vend v\u00ebllaz\u00ebrimi, ku takohemi me respekt me nj\u00ebri-tjetrin. P\u00ebr m\u00eb tep\u00ebr, \u00ebsht\u00eb vend rip\u00ebrt\u00ebritjeje shpirt\u00ebrore dhe shenjt\u00ebrimi. Vend lavd\u00ebrimi i Per\u00ebndis\u00eb, ku bashkekzistojn\u00eb\" \/>\n<meta property=\"og:url\" content=\"https:\/\/orthodoxalbania.org\/2020\/2014\/10\/28\/shenjterimi-i-kishes-se-re-katedrale-te-shen-dhimitrit-ne-berat\/\" \/>\n<meta property=\"og:site_name\" content=\"Kisha Orthodh\u03bfkse Autoqefale e Shqip\u00ebris\u00eb\" \/>\n<meta property=\"article:publisher\" content=\"https:\/\/www.facebook.com\/koash1991\" \/>\n<meta property=\"article:published_time\" content=\"2014-10-28T12:35:01+00:00\" \/>\n<meta property=\"article:modified_time\" content=\"2020-04-06T20:02:21+00:00\" \/>\n<meta property=\"og:image\" content=\"https:\/\/orthodoxalbania.org\/2020\/wp-content\/uploads\/2020\/04\/3-1-.jpg\" \/>\n\t<meta property=\"og:image:width\" content=\"150\" \/>\n\t<meta property=\"og:image:height\" content=\"150\" \/>\n\t<meta property=\"og:image:type\" content=\"image\/jpeg\" \/>\n<meta name=\"author\" content=\"Kisha Orthodhokse\" \/>\n<meta name=\"twitter:card\" content=\"summary_large_image\" \/>\n<meta name=\"twitter:label1\" content=\"Written by\" \/>\n\t<meta name=\"twitter:data1\" content=\"Kisha Orthodhokse\" \/>\n\t<meta name=\"twitter:label2\" content=\"Est. reading time\" \/>\n\t<meta name=\"twitter:data2\" content=\"2 minutes\" \/>\n<script type=\"application\/ld+json\" class=\"yoast-schema-graph\">{\"@context\":\"https:\/\/schema.org\",\"@graph\":[{\"@type\":\"Article\",\"@id\":\"https:\/\/orthodoxalbania.org\/2020\/2014\/10\/28\/shenjterimi-i-kishes-se-re-katedrale-te-shen-dhimitrit-ne-berat\/#article\",\"isPartOf\":{\"@id\":\"https:\/\/orthodoxalbania.org\/2020\/2014\/10\/28\/shenjterimi-i-kishes-se-re-katedrale-te-shen-dhimitrit-ne-berat\/\"},\"author\":{\"name\":\"Kisha Orthodhokse\",\"@id\":\"https:\/\/orthodoxalbania.org\/2020\/#\/schema\/person\/0c387634a7063ac612d7ed9ce71c7e86\"},\"headline\":\"Shenjt\u00ebrimi i Kish\u00ebs se re Katedrale t\u00eb Sh\u00ebn Dhimitrit n\u00eb Berat\",\"datePublished\":\"2014-10-28T12:35:01+00:00\",\"dateModified\":\"2020-04-06T20:02:21+00:00\",\"mainEntityOfPage\":{\"@id\":\"https:\/\/orthodoxalbania.org\/2020\/2014\/10\/28\/shenjterimi-i-kishes-se-re-katedrale-te-shen-dhimitrit-ne-berat\/\"},\"wordCount\":487,\"commentCount\":0,\"publisher\":{\"@id\":\"https:\/\/orthodoxalbania.org\/2020\/#organization\"},\"image\":{\"@id\":\"https:\/\/orthodoxalbania.org\/2020\/2014\/10\/28\/shenjterimi-i-kishes-se-re-katedrale-te-shen-dhimitrit-ne-berat\/#primaryimage\"},\"thumbnailUrl\":\"https:\/\/orthodoxalbania.org\/2020\/wp-content\/uploads\/2020\/04\/3-1-.jpg\",\"keywords\":[\"2014\",\"Deklarata - Njoftime Zyrtare\",\"lajme\",\"Mitropolia Berat\",\"Shenjt\u00ebrime\"],\"articleSection\":[\"Lajme\"],\"inLanguage\":\"en-US\"},{\"@type\":\"WebPage\",\"@id\":\"https:\/\/orthodoxalbania.org\/2020\/2014\/10\/28\/shenjterimi-i-kishes-se-re-katedrale-te-shen-dhimitrit-ne-berat\/\",\"url\":\"https:\/\/orthodoxalbania.org\/2020\/2014\/10\/28\/shenjterimi-i-kishes-se-re-katedrale-te-shen-dhimitrit-ne-berat\/\",\"name\":\"Shenjt\u00ebrimi i Kish\u00ebs se re Katedrale t\u00eb Sh\u00ebn Dhimitrit n\u00eb Berat - Kisha Orthodh\u03bfkse Autoqefale e Shqip\u00ebris\u00eb\",\"isPartOf\":{\"@id\":\"https:\/\/orthodoxalbania.org\/2020\/#website\"},\"primaryImageOfPage\":{\"@id\":\"https:\/\/orthodoxalbania.org\/2020\/2014\/10\/28\/shenjterimi-i-kishes-se-re-katedrale-te-shen-dhimitrit-ne-berat\/#primaryimage\"},\"image\":{\"@id\":\"https:\/\/orthodoxalbania.org\/2020\/2014\/10\/28\/shenjterimi-i-kishes-se-re-katedrale-te-shen-dhimitrit-ne-berat\/#primaryimage\"},\"thumbnailUrl\":\"https:\/\/orthodoxalbania.org\/2020\/wp-content\/uploads\/2020\/04\/3-1-.jpg\",\"datePublished\":\"2014-10-28T12:35:01+00:00\",\"dateModified\":\"2020-04-06T20:02:21+00:00\",\"breadcrumb\":{\"@id\":\"https:\/\/orthodoxalbania.org\/2020\/2014\/10\/28\/shenjterimi-i-kishes-se-re-katedrale-te-shen-dhimitrit-ne-berat\/#breadcrumb\"},\"inLanguage\":\"en-US\",\"potentialAction\":[{\"@type\":\"ReadAction\",\"target\":[\"https:\/\/orthodoxalbania.org\/2020\/2014\/10\/28\/shenjterimi-i-kishes-se-re-katedrale-te-shen-dhimitrit-ne-berat\/\"]}]},{\"@type\":\"ImageObject\",\"inLanguage\":\"en-US\",\"@id\":\"https:\/\/orthodoxalbania.org\/2020\/2014\/10\/28\/shenjterimi-i-kishes-se-re-katedrale-te-shen-dhimitrit-ne-berat\/#primaryimage\",\"url\":\"https:\/\/orthodoxalbania.org\/2020\/wp-content\/uploads\/2020\/04\/3-1-.jpg\",\"contentUrl\":\"https:\/\/orthodoxalbania.org\/2020\/wp-content\/uploads\/2020\/04\/3-1-.jpg\",\"width\":150,\"height\":150},{\"@type\":\"BreadcrumbList\",\"@id\":\"https:\/\/orthodoxalbania.org\/2020\/2014\/10\/28\/shenjterimi-i-kishes-se-re-katedrale-te-shen-dhimitrit-ne-berat\/#breadcrumb\",\"itemListElement\":[{\"@type\":\"ListItem\",\"position\":1,\"name\":\"Home\",\"item\":\"https:\/\/orthodoxalbania.org\/2020\/\"},{\"@type\":\"ListItem\",\"position\":2,\"name\":\"Shenjt\u00ebrimi i Kish\u00ebs se re Katedrale t\u00eb Sh\u00ebn Dhimitrit n\u00eb Berat\"}]},{\"@type\":\"WebSite\",\"@id\":\"https:\/\/orthodoxalbania.org\/2020\/#website\",\"url\":\"https:\/\/orthodoxalbania.org\/2020\/\",\"name\":\"Kisha Orthodh\u03bfkse Autoqefale e Shqip\u00ebris\u00eb\",\"description\":\"Fqja Zyrtare e Kish\u00ebs Orthodhokse Autoqefale e Shqip\u00ebris\u00eb me lajmet edhe informacionet zyrtare p\u00ebr struktur\u00ebn edhe veprimtarin e saj.\",\"publisher\":{\"@id\":\"https:\/\/orthodoxalbania.org\/2020\/#organization\"},\"potentialAction\":[{\"@type\":\"SearchAction\",\"target\":{\"@type\":\"EntryPoint\",\"urlTemplate\":\"https:\/\/orthodoxalbania.org\/2020\/?s={search_term_string}\"},\"query-input\":{\"@type\":\"PropertyValueSpecification\",\"valueRequired\":true,\"valueName\":\"search_term_string\"}}],\"inLanguage\":\"en-US\"},{\"@type\":\"Organization\",\"@id\":\"https:\/\/orthodoxalbania.org\/2020\/#organization\",\"name\":\"Kisha Orthodhokse Autoqefale e Shqip\u00ebris\u00eb\",\"url\":\"https:\/\/orthodoxalbania.org\/2020\/\",\"logo\":{\"@type\":\"ImageObject\",\"inLanguage\":\"en-US\",\"@id\":\"https:\/\/orthodoxalbania.org\/2020\/#\/schema\/logo\/image\/\",\"url\":\"https:\/\/orthodoxalbania.org\/2020\/wp-content\/uploads\/2020\/05\/albania.jpeg\",\"contentUrl\":\"https:\/\/orthodoxalbania.org\/2020\/wp-content\/uploads\/2020\/05\/albania.jpeg\",\"width\":540,\"height\":540,\"caption\":\"Kisha Orthodhokse Autoqefale e Shqip\u00ebris\u00eb\"},\"image\":{\"@id\":\"https:\/\/orthodoxalbania.org\/2020\/#\/schema\/logo\/image\/\"},\"sameAs\":[\"https:\/\/www.facebook.com\/koash1991\"]},{\"@type\":\"Person\",\"@id\":\"https:\/\/orthodoxalbania.org\/2020\/#\/schema\/person\/0c387634a7063ac612d7ed9ce71c7e86\",\"name\":\"Kisha Orthodhokse\",\"image\":{\"@type\":\"ImageObject\",\"inLanguage\":\"en-US\",\"@id\":\"https:\/\/secure.gravatar.com\/avatar\/596e7c417251e30f2fbb9c00e026fce61a695a00e51c889caded71c96cbbdde5?s=96&d=mm&r=g\",\"url\":\"https:\/\/secure.gravatar.com\/avatar\/596e7c417251e30f2fbb9c00e026fce61a695a00e51c889caded71c96cbbdde5?s=96&d=mm&r=g\",\"contentUrl\":\"https:\/\/secure.gravatar.com\/avatar\/596e7c417251e30f2fbb9c00e026fce61a695a00e51c889caded71c96cbbdde5?s=96&d=mm&r=g\",\"caption\":\"Kisha Orthodhokse\"}}]}<\/script>\n<!-- \/ Yoast SEO plugin. -->","yoast_head_json":{"title":"Shenjt\u00ebrimi i Kish\u00ebs se re Katedrale t\u00eb Sh\u00ebn Dhimitrit n\u00eb Berat - Kisha Orthodh\u03bfkse Autoqefale e Shqip\u00ebris\u00eb","robots":{"index":"index","follow":"follow","max-snippet":"max-snippet:-1","max-image-preview":"max-image-preview:large","max-video-preview":"max-video-preview:-1"},"canonical":"https:\/\/orthodoxalbania.org\/2020\/2014\/10\/28\/shenjterimi-i-kishes-se-re-katedrale-te-shen-dhimitrit-ne-berat\/","og_locale":"en_US","og_type":"article","og_title":"Shenjt\u00ebrimi i Kish\u00ebs se re Katedrale t\u00eb Sh\u00ebn Dhimitrit n\u00eb Berat - Kisha Orthodh\u03bfkse Autoqefale e Shqip\u00ebris\u00eb","og_description":"KISHA ORTHODHOKSE AUTOQEFALE E SHQIP\u00cbRIS\u00cb NJOFTIM PER SHTYP Shenjt\u00ebrimi i Kish\u00ebs se re Katedrale t\u00eb Sh\u00ebn Dhimitrit n\u00eb Berat &nbsp; &nbsp;&nbsp; \u201c\u00c7do kish\u00eb orthodhokse \u00ebsht\u00eb vend paqeje, ngush\u00ebllimi, vend, ku njer\u00ebzit gjejn\u00eb jo vet\u00ebm Per\u00ebndin\u00eb, por edhe veten e tyre. Nj\u00ebkoh\u00ebsisht \u00ebsht\u00eb vend v\u00ebllaz\u00ebrimi, ku takohemi me respekt me nj\u00ebri-tjetrin. P\u00ebr m\u00eb tep\u00ebr, \u00ebsht\u00eb vend rip\u00ebrt\u00ebritjeje shpirt\u00ebrore dhe shenjt\u00ebrimi. Vend lavd\u00ebrimi i Per\u00ebndis\u00eb, ku bashkekzistojn\u00eb","og_url":"https:\/\/orthodoxalbania.org\/2020\/2014\/10\/28\/shenjterimi-i-kishes-se-re-katedrale-te-shen-dhimitrit-ne-berat\/","og_site_name":"Kisha Orthodh\u03bfkse Autoqefale e Shqip\u00ebris\u00eb","article_publisher":"https:\/\/www.facebook.com\/koash1991","article_published_time":"2014-10-28T12:35:01+00:00","article_modified_time":"2020-04-06T20:02:21+00:00","og_image":[{"width":150,"height":150,"url":"https:\/\/orthodoxalbania.org\/2020\/wp-content\/uploads\/2020\/04\/3-1-.jpg","type":"image\/jpeg"}],"author":"Kisha Orthodhokse","twitter_card":"summary_large_image","twitter_misc":{"Written by":"Kisha Orthodhokse","Est. reading time":"2 minutes"},"schema":{"@context":"https:\/\/schema.org","@graph":[{"@type":"Article","@id":"https:\/\/orthodoxalbania.org\/2020\/2014\/10\/28\/shenjterimi-i-kishes-se-re-katedrale-te-shen-dhimitrit-ne-berat\/#article","isPartOf":{"@id":"https:\/\/orthodoxalbania.org\/2020\/2014\/10\/28\/shenjterimi-i-kishes-se-re-katedrale-te-shen-dhimitrit-ne-berat\/"},"author":{"name":"Kisha Orthodhokse","@id":"https:\/\/orthodoxalbania.org\/2020\/#\/schema\/person\/0c387634a7063ac612d7ed9ce71c7e86"},"headline":"Shenjt\u00ebrimi i Kish\u00ebs se re Katedrale t\u00eb Sh\u00ebn Dhimitrit n\u00eb Berat","datePublished":"2014-10-28T12:35:01+00:00","dateModified":"2020-04-06T20:02:21+00:00","mainEntityOfPage":{"@id":"https:\/\/orthodoxalbania.org\/2020\/2014\/10\/28\/shenjterimi-i-kishes-se-re-katedrale-te-shen-dhimitrit-ne-berat\/"},"wordCount":487,"commentCount":0,"publisher":{"@id":"https:\/\/orthodoxalbania.org\/2020\/#organization"},"image":{"@id":"https:\/\/orthodoxalbania.org\/2020\/2014\/10\/28\/shenjterimi-i-kishes-se-re-katedrale-te-shen-dhimitrit-ne-berat\/#primaryimage"},"thumbnailUrl":"https:\/\/orthodoxalbania.org\/2020\/wp-content\/uploads\/2020\/04\/3-1-.jpg","keywords":["2014","Deklarata - Njoftime Zyrtare","lajme","Mitropolia Berat","Shenjt\u00ebrime"],"articleSection":["Lajme"],"inLanguage":"en-US"},{"@type":"WebPage","@id":"https:\/\/orthodoxalbania.org\/2020\/2014\/10\/28\/shenjterimi-i-kishes-se-re-katedrale-te-shen-dhimitrit-ne-berat\/","url":"https:\/\/orthodoxalbania.org\/2020\/2014\/10\/28\/shenjterimi-i-kishes-se-re-katedrale-te-shen-dhimitrit-ne-berat\/","name":"Shenjt\u00ebrimi i Kish\u00ebs se re Katedrale t\u00eb Sh\u00ebn Dhimitrit n\u00eb Berat - Kisha Orthodh\u03bfkse Autoqefale e Shqip\u00ebris\u00eb","isPartOf":{"@id":"https:\/\/orthodoxalbania.org\/2020\/#website"},"primaryImageOfPage":{"@id":"https:\/\/orthodoxalbania.org\/2020\/2014\/10\/28\/shenjterimi-i-kishes-se-re-katedrale-te-shen-dhimitrit-ne-berat\/#primaryimage"},"image":{"@id":"https:\/\/orthodoxalbania.org\/2020\/2014\/10\/28\/shenjterimi-i-kishes-se-re-katedrale-te-shen-dhimitrit-ne-berat\/#primaryimage"},"thumbnailUrl":"https:\/\/orthodoxalbania.org\/2020\/wp-content\/uploads\/2020\/04\/3-1-.jpg","datePublished":"2014-10-28T12:35:01+00:00","dateModified":"2020-04-06T20:02:21+00:00","breadcrumb":{"@id":"https:\/\/orthodoxalbania.org\/2020\/2014\/10\/28\/shenjterimi-i-kishes-se-re-katedrale-te-shen-dhimitrit-ne-berat\/#breadcrumb"},"inLanguage":"en-US","potentialAction":[{"@type":"ReadAction","target":["https:\/\/orthodoxalbania.org\/2020\/2014\/10\/28\/shenjterimi-i-kishes-se-re-katedrale-te-shen-dhimitrit-ne-berat\/"]}]},{"@type":"ImageObject","inLanguage":"en-US","@id":"https:\/\/orthodoxalbania.org\/2020\/2014\/10\/28\/shenjterimi-i-kishes-se-re-katedrale-te-shen-dhimitrit-ne-berat\/#primaryimage","url":"https:\/\/orthodoxalbania.org\/2020\/wp-content\/uploads\/2020\/04\/3-1-.jpg","contentUrl":"https:\/\/orthodoxalbania.org\/2020\/wp-content\/uploads\/2020\/04\/3-1-.jpg","width":150,"height":150},{"@type":"BreadcrumbList","@id":"https:\/\/orthodoxalbania.org\/2020\/2014\/10\/28\/shenjterimi-i-kishes-se-re-katedrale-te-shen-dhimitrit-ne-berat\/#breadcrumb","itemListElement":[{"@type":"ListItem","position":1,"name":"Home","item":"https:\/\/orthodoxalbania.org\/2020\/"},{"@type":"ListItem","position":2,"name":"Shenjt\u00ebrimi i Kish\u00ebs se re Katedrale t\u00eb Sh\u00ebn Dhimitrit n\u00eb Berat"}]},{"@type":"WebSite","@id":"https:\/\/orthodoxalbania.org\/2020\/#website","url":"https:\/\/orthodoxalbania.org\/2020\/","name":"Kisha Orthodh\u03bfkse Autoqefale e Shqip\u00ebris\u00eb","description":"Fqja Zyrtare e Kish\u00ebs Orthodhokse Autoqefale e Shqip\u00ebris\u00eb me lajmet edhe informacionet zyrtare p\u00ebr struktur\u00ebn edhe veprimtarin e saj.","publisher":{"@id":"https:\/\/orthodoxalbania.org\/2020\/#organization"},"potentialAction":[{"@type":"SearchAction","target":{"@type":"EntryPoint","urlTemplate":"https:\/\/orthodoxalbania.org\/2020\/?s={search_term_string}"},"query-input":{"@type":"PropertyValueSpecification","valueRequired":true,"valueName":"search_term_string"}}],"inLanguage":"en-US"},{"@type":"Organization","@id":"https:\/\/orthodoxalbania.org\/2020\/#organization","name":"Kisha Orthodhokse Autoqefale e Shqip\u00ebris\u00eb","url":"https:\/\/orthodoxalbania.org\/2020\/","logo":{"@type":"ImageObject","inLanguage":"en-US","@id":"https:\/\/orthodoxalbania.org\/2020\/#\/schema\/logo\/image\/","url":"https:\/\/orthodoxalbania.org\/2020\/wp-content\/uploads\/2020\/05\/albania.jpeg","contentUrl":"https:\/\/orthodoxalbania.org\/2020\/wp-content\/uploads\/2020\/05\/albania.jpeg","width":540,"height":540,"caption":"Kisha Orthodhokse Autoqefale e Shqip\u00ebris\u00eb"},"image":{"@id":"https:\/\/orthodoxalbania.org\/2020\/#\/schema\/logo\/image\/"},"sameAs":["https:\/\/www.facebook.com\/koash1991"]},{"@type":"Person","@id":"https:\/\/orthodoxalbania.org\/2020\/#\/schema\/person\/0c387634a7063ac612d7ed9ce71c7e86","name":"Kisha Orthodhokse","image":{"@type":"ImageObject","inLanguage":"en-US","@id":"https:\/\/secure.gravatar.com\/avatar\/596e7c417251e30f2fbb9c00e026fce61a695a00e51c889caded71c96cbbdde5?s=96&d=mm&r=g","url":"https:\/\/secure.gravatar.com\/avatar\/596e7c417251e30f2fbb9c00e026fce61a695a00e51c889caded71c96cbbdde5?s=96&d=mm&r=g","contentUrl":"https:\/\/secure.gravatar.com\/avatar\/596e7c417251e30f2fbb9c00e026fce61a695a00e51c889caded71c96cbbdde5?s=96&d=mm&r=g","caption":"Kisha Orthodhokse"}}]}},"_links":{"self":[{"href":"https:\/\/orthodoxalbania.org\/2020\/wp-json\/wp\/v2\/posts\/1201","targetHints":{"allow":["GET"]}}],"collection":[{"href":"https:\/\/orthodoxalbania.org\/2020\/wp-json\/wp\/v2\/posts"}],"about":[{"href":"https:\/\/orthodoxalbania.org\/2020\/wp-json\/wp\/v2\/types\/post"}],"author":[{"embeddable":true,"href":"https:\/\/orthodoxalbania.org\/2020\/wp-json\/wp\/v2\/users\/1"}],"replies":[{"embeddable":true,"href":"https:\/\/orthodoxalbania.org\/2020\/wp-json\/wp\/v2\/comments?post=1201"}],"version-history":[{"count":1,"href":"https:\/\/orthodoxalbania.org\/2020\/wp-json\/wp\/v2\/posts\/1201\/revisions"}],"predecessor-version":[{"id":15047,"href":"https:\/\/orthodoxalbania.org\/2020\/wp-json\/wp\/v2\/posts\/1201\/revisions\/15047"}],"wp:featuredmedia":[{"embeddable":true,"href":"https:\/\/orthodoxalbania.org\/2020\/wp-json\/wp\/v2\/media\/1202"}],"wp:attachment":[{"href":"https:\/\/orthodoxalbania.org\/2020\/wp-json\/wp\/v2\/media?parent=1201"}],"wp:term":[{"taxonomy":"category","embeddable":true,"href":"https:\/\/orthodoxalbania.org\/2020\/wp-json\/wp\/v2\/categories?post=1201"},{"taxonomy":"post_tag","embeddable":true,"href":"https:\/\/orthodoxalbania.org\/2020\/wp-json\/wp\/v2\/tags?post=1201"}],"curies":[{"name":"wp","href":"https:\/\/api.w.org\/{rel}","templated":true}]}}