{"id":1197,"date":"2013-03-21T12:29:54","date_gmt":"2013-03-21T12:29:54","guid":{"rendered":""},"modified":"2020-04-06T22:05:55","modified_gmt":"2020-04-06T20:05:55","slug":"sesion-shkencor-ne-universitetin-logos","status":"publish","type":"post","link":"https:\/\/orthodoxalbania.org\/2020\/2013\/03\/21\/sesion-shkencor-ne-universitetin-logos\/","title":{"rendered":"Sesion shkencor n\u00eb Universitetin \u201cLOGOS\u201d (22 N\u00ebntor 2012)"},"content":{"rendered":"<div style=\"text-align: justify;\">\n\t<span style=\"color:#000000;\"><span style=\"font-size: 12px;\"><span style=\"font-family: tahoma,geneva,sans-serif;\"><img class=\"lazyload\" decoding=\"async\" src=\"data:image\/gif;base64,R0lGODlhAQABAAAAACH5BAEKAAEALAAAAAABAAEAAAICTAEAOw==\" data-orig-src=\"https:\/\/lh4.googleusercontent.com\/-vLqLwWcNdOk\/ULSwrSl6lFI\/AAAAAAAABPg\/lB50dvyRCNM\/s640\/logos.jpg\" style=\"width: 200px; height: 150px; border-width: 1px; border-style: solid; margin: 10px; float: left;\" \/> &nbsp;&nbsp; I gjith\u00eb komuniteti i krishter\u00eb orthodhoks n\u00eb Shqip\u00ebri po jeton n\u00eb atmosfer\u00ebn e 100 vjetorit t\u00eb Pavarsis\u00eb. N\u00eb k\u00ebt\u00eb kuad\u00ebr Universiteti \u201cLOGOS\u201d n\u00eb Tiran\u00eb organizoi nj\u00eb sesion shkencor, n\u00eb respekt t\u00eb patriot\u00ebve t\u00eb shquar shqiptar q\u00eb soll\u00ebn nj\u00eb epok\u00eb t\u00eb re p\u00ebr Kombin Shqiptar. Ngritja e flamurit Shqiptar, si simbol i liris\u00eb dhe i pavar\u00ebsis\u00eb tregon fitoren e pavarsis\u00eb kund\u00ebr pushtimit t\u00eb eg\u00ebr dhe shfaros\u00ebs t\u00eb perandoris\u00eb osmane, p\u00ebrb\u00ebn nj\u00eb akt historik dhe nj\u00eb rilindje t\u00eb popullit shqiptar.<\/span><\/span><\/span><\/div>\n<div style=\"text-align: justify;\">\n\t<br \/>\n\t<span style=\"color:#000000;\"><span style=\"font-size: 12px;\"><span style=\"font-family: tahoma,geneva,sans-serif;\">&nbsp;&nbsp;&nbsp; N\u00eb&nbsp; k\u00ebt\u00eb sesion u referuan 5 tema shkencore dhe me vler\u00eb.<\/span><\/span><\/span><\/div>\n<div style=\"text-align: justify;\">\n\t<br \/>\n\t<strong><span style=\"color:#b22222;\"><span style=\"font-size: 12px;\"><span style=\"font-family: tahoma,geneva,sans-serif;\">&#8211; 1.<\/span><\/span><\/span><\/strong><span style=\"color:#000000;\"><span style=\"font-size: 12px;\"><span style=\"font-family: tahoma,geneva,sans-serif;\"> \u201cDinamika e popullsis\u00eb s\u00eb vendit ton\u00eb n\u00eb 100 vjetorin e shpalljes s\u00eb Pavar\u00ebsis\u00eb &#8211; nga Prof. Dr Ilia Telo.<\/span><\/span><\/span><\/div>\n<div style=\"text-align: justify;\">\n\t<br \/>\n\t<span style=\"color:#b22222;\"><span style=\"font-size: 12px;\"><span style=\"font-family: tahoma,geneva,sans-serif;\"><strong>&#8211; 2.<\/strong><\/span><\/span><\/span><span style=\"color:#000000;\"><span style=\"font-size: 12px;\"><span style=\"font-family: tahoma,geneva,sans-serif;\"> Identifikimi dhe vler\u00ebsimi i profileve t\u00eb student\u00ebve n\u00ebp\u00ebrmjet Machine Learning &#8211;&nbsp; nga Evis Tr\u00ebndafili, doktorante n\u00eb proces n\u00eb informatik\u00eb.<\/span><\/span><\/span><\/div>\n<div style=\"text-align: justify;\">\n\t<br \/>\n\t<span style=\"color:#b22222;\"><span style=\"font-size: 12px;\"><span style=\"font-family: tahoma,geneva,sans-serif;\"><strong>&#8211; 3.<\/strong><\/span><\/span><\/span><span style=\"color:#000000;\"><span style=\"font-size: 12px;\"><span style=\"font-family: tahoma,geneva,sans-serif;\"> P\u00ebrsosja e kontabilitetit n\u00eb vendin ton\u00eb n\u00eb 100 vitet e fundit &#8211; nga Prof. DR. Leandro Haxhi.<\/span><\/span><\/span><\/div>\n<div style=\"text-align: justify;\">\n\t<br \/>\n\t<span style=\"color:#b22222;\"><span style=\"font-size: 12px;\"><span style=\"font-family: tahoma,geneva,sans-serif;\"><strong>&#8211; 4.<\/strong><\/span><\/span><\/span><span style=\"color:#000000;\"><span style=\"font-size: 12px;\"><span style=\"font-family: tahoma,geneva,sans-serif;\"> Mbrojtja e mjedisit \u00ebsht\u00eb detyr\u00eb par\u00ebsore e mbar\u00eb shoq\u00ebris\u00eb \u2013 Prof. As. DR Piro Prifti.<\/span><\/span><\/span><\/div>\n<div style=\"text-align: justify;\">\n\t<br \/>\n\t<strong><span style=\"color:#b22222;\"><span style=\"font-size: 12px;\"><span style=\"font-family: tahoma,geneva,sans-serif;\">&#8211; 5.<\/span><\/span><\/span><\/strong><span style=\"color:#000000;\"><span style=\"font-size: 12px;\"><span style=\"font-family: tahoma,geneva,sans-serif;\"> Nd\u00ebrgjegja dhe edukimi fisnik\u00ebron natyr\u00ebn e njeriut dhe moralin e veprave t\u00eb tij \u2013 nga Pamela Mukaj, Studente n\u00eb&nbsp; k\u00ebt\u00eb universitet, dega Menaxhim Biznes.<\/span><\/span><\/span><\/div>\n<div style=\"text-align: justify;\">\n\t<br \/>\n\t<span style=\"color:#000000;\"><span style=\"font-size: 12px;\"><span style=\"font-family: tahoma,geneva,sans-serif;\">&nbsp;&nbsp;&nbsp;&nbsp; Ishte nj\u00eb koi\u00e7idenc\u00eb e bukur q\u00eb Universiteti LOGOS n\u00eb k\u00ebto dit\u00eb kremtimi p\u00ebr kombin ton\u00eb organizoi sesionin e par\u00eb shkencor, i cili i zhvilloi punimet&nbsp; t\u00eb enjten, n\u00eb dt 22 n\u00ebntor, n\u00eb sall\u00ebn e konferencave t\u00eb universitetit. Merrnin pjes\u00eb Presidenti i Universitetit \u201cLOGOS\u201d Kryepiskopi i Tiran\u00ebs, Durr\u00ebsit dhe i gjith\u00eb Shqip\u00ebris\u00eb nj\u00ebher\u00ebsh Prof . Dr. Honoris Kauza&nbsp; Anastas Janullatos, Et\u00ebr t\u00eb KOASH-it, pjesmarr\u00ebs t\u00eb institucioneve t\u00eb arsimit t\u00eb lart\u00eb publik dhe privat, pjesmarr\u00ebs nga kompani biznesi, pedagog\u00eb dhe student\u00eb.<\/span><\/span><\/span><\/div>\n<div style=\"text-align: right;\">\n\t<br \/>\n\t<span style=\"color:#000000;\"><span style=\"font-size: 12px;\"><span style=\"font-family: tahoma,geneva,sans-serif;\"><strong>Luljeta Pjetri<\/strong><\/span><\/span><\/span><br \/>\n\t&nbsp;<\/div>\n<div style=\"text-align: justify;\">\n\t<span style=\"color:#000000;\"><span style=\"font-size: 12px;\"><span style=\"font-family: tahoma,geneva,sans-serif;\"><img class=\"lazyload\" decoding=\"async\" src=\"data:image\/gif;base64,R0lGODlhAQABAAAAACH5BAEKAAEALAAAAAABAAEAAAICTAEAOw==\" data-orig-src=\"https:\/\/lh4.googleusercontent.com\/-ddcWFDJEXg4\/ULSwzuZNMPI\/AAAAAAAABPo\/ELBPhQkzWao\/s640\/logos 2.jpg\" style=\"width: 600px; height: 450px; border-width: 1px; border-style: solid; margin: 10px; float: left;\" \/><\/span><\/span><\/span><br \/>\n\t&nbsp;<\/div>\n","protected":false},"excerpt":{"rendered":"<p>&nbsp;&nbsp; I gjith\u00eb komuniteti i krishter\u00eb orthodhoks n\u00eb Shqip\u00ebri po jeton n\u00eb atmosfer\u00ebn e 100 vjetorit t\u00eb Pavarsis\u00eb. N\u00eb k\u00ebt\u00eb kuad\u00ebr Universiteti \u201cLOGOS\u201d n\u00eb Tiran\u00eb organizoi nj\u00eb sesion shkencor, n\u00eb respekt t\u00eb patriot\u00ebve t\u00eb shquar shqiptar q\u00eb soll\u00ebn nj\u00eb epok\u00eb t\u00eb re p\u00ebr Kombin Shqiptar. Ngritja e flamurit Shqiptar, si simbol i liris\u00eb dhe i pavar\u00ebsis\u00eb tregon fitoren e pavarsis\u00eb kund\u00ebr pushtimit t\u00eb eg\u00ebr dhe<\/p>\n","protected":false},"author":1,"featured_media":0,"comment_status":"open","ping_status":"open","sticky":false,"template":"","format":"standard","meta":{"_acf_changed":false,"pagelayer_contact_templates":[],"_pagelayer_content":"","inline_featured_image":false,"fifu_image_url":"","fifu_image_alt":"","footnotes":""},"categories":[108],"tags":[142,196,201,212,195],"class_list":["post-1197","post","type-post","status-publish","format-standard","hentry","category-lajme","tag-142","tag-tirane","tag-kryepiskopi-anastas","tag-lajme-d27","tag-universiteti-logos"],"acf":[],"yoast_head":"<!-- This site is optimized with the Yoast SEO plugin v27.2 - https:\/\/yoast.com\/product\/yoast-seo-wordpress\/ -->\n<title>Sesion shkencor n\u00eb Universitetin \u201cLOGOS\u201d (22 N\u00ebntor 2012) - Kisha Orthodh\u03bfkse Autoqefale e Shqip\u00ebris\u00eb<\/title>\n<meta name=\"robots\" content=\"index, follow, max-snippet:-1, max-image-preview:large, max-video-preview:-1\" \/>\n<link rel=\"canonical\" href=\"https:\/\/orthodoxalbania.org\/2020\/2013\/03\/21\/sesion-shkencor-ne-universitetin-logos\/\" \/>\n<meta property=\"og:locale\" content=\"en_US\" \/>\n<meta property=\"og:type\" content=\"article\" \/>\n<meta property=\"og:title\" content=\"Sesion shkencor n\u00eb Universitetin \u201cLOGOS\u201d (22 N\u00ebntor 2012) - Kisha Orthodh\u03bfkse Autoqefale e Shqip\u00ebris\u00eb\" \/>\n<meta property=\"og:description\" content=\"&nbsp;&nbsp; I gjith\u00eb komuniteti i krishter\u00eb orthodhoks n\u00eb Shqip\u00ebri po jeton n\u00eb atmosfer\u00ebn e 100 vjetorit t\u00eb Pavarsis\u00eb. N\u00eb k\u00ebt\u00eb kuad\u00ebr Universiteti \u201cLOGOS\u201d n\u00eb Tiran\u00eb organizoi nj\u00eb sesion shkencor, n\u00eb respekt t\u00eb patriot\u00ebve t\u00eb shquar shqiptar q\u00eb soll\u00ebn nj\u00eb epok\u00eb t\u00eb re p\u00ebr Kombin Shqiptar. Ngritja e flamurit Shqiptar, si simbol i liris\u00eb dhe i pavar\u00ebsis\u00eb tregon fitoren e pavarsis\u00eb kund\u00ebr pushtimit t\u00eb eg\u00ebr dhe\" \/>\n<meta property=\"og:url\" content=\"https:\/\/orthodoxalbania.org\/2020\/2013\/03\/21\/sesion-shkencor-ne-universitetin-logos\/\" \/>\n<meta property=\"og:site_name\" content=\"Kisha Orthodh\u03bfkse Autoqefale e Shqip\u00ebris\u00eb\" \/>\n<meta property=\"article:publisher\" content=\"https:\/\/www.facebook.com\/koash1991\" \/>\n<meta property=\"article:published_time\" content=\"2013-03-21T12:29:54+00:00\" \/>\n<meta property=\"article:modified_time\" content=\"2020-04-06T20:05:55+00:00\" \/>\n<meta property=\"og:image\" content=\"https:\/\/lh4.googleusercontent.com\/-vLqLwWcNdOk\/ULSwrSl6lFI\/AAAAAAAABPg\/lB50dvyRCNM\/s640\/logos.jpg\" \/>\n<meta name=\"author\" content=\"Kisha Orthodhokse\" \/>\n<meta name=\"twitter:card\" content=\"summary_large_image\" \/>\n<meta name=\"twitter:label1\" content=\"Written by\" \/>\n\t<meta name=\"twitter:data1\" content=\"Kisha Orthodhokse\" \/>\n\t<meta name=\"twitter:label2\" content=\"Est. reading time\" \/>\n\t<meta name=\"twitter:data2\" content=\"2 minutes\" \/>\n<script type=\"application\/ld+json\" class=\"yoast-schema-graph\">{\"@context\":\"https:\/\/schema.org\",\"@graph\":[{\"@type\":\"Article\",\"@id\":\"https:\/\/orthodoxalbania.org\/2020\/2013\/03\/21\/sesion-shkencor-ne-universitetin-logos\/#article\",\"isPartOf\":{\"@id\":\"https:\/\/orthodoxalbania.org\/2020\/2013\/03\/21\/sesion-shkencor-ne-universitetin-logos\/\"},\"author\":{\"name\":\"Kisha Orthodhokse\",\"@id\":\"https:\/\/orthodoxalbania.org\/2020\/#\/schema\/person\/0c387634a7063ac612d7ed9ce71c7e86\"},\"headline\":\"Sesion shkencor n\u00eb Universitetin \u201cLOGOS\u201d (22 N\u00ebntor 2012)\",\"datePublished\":\"2013-03-21T12:29:54+00:00\",\"dateModified\":\"2020-04-06T20:05:55+00:00\",\"mainEntityOfPage\":{\"@id\":\"https:\/\/orthodoxalbania.org\/2020\/2013\/03\/21\/sesion-shkencor-ne-universitetin-logos\/\"},\"wordCount\":324,\"commentCount\":0,\"publisher\":{\"@id\":\"https:\/\/orthodoxalbania.org\/2020\/#organization\"},\"image\":{\"@id\":\"https:\/\/orthodoxalbania.org\/2020\/2013\/03\/21\/sesion-shkencor-ne-universitetin-logos\/#primaryimage\"},\"thumbnailUrl\":\"https:\/\/lh4.googleusercontent.com\/-vLqLwWcNdOk\/ULSwrSl6lFI\/AAAAAAAABPg\/lB50dvyRCNM\/s640\/logos.jpg\",\"keywords\":[\"2012\",\"Kryepiskopata Tiran\u00eb\",\"Kryepiskopi Anastas\",\"lajme\",\"Universiteti \\\"Logos\\\"\"],\"articleSection\":[\"Lajme\"],\"inLanguage\":\"en-US\"},{\"@type\":\"WebPage\",\"@id\":\"https:\/\/orthodoxalbania.org\/2020\/2013\/03\/21\/sesion-shkencor-ne-universitetin-logos\/\",\"url\":\"https:\/\/orthodoxalbania.org\/2020\/2013\/03\/21\/sesion-shkencor-ne-universitetin-logos\/\",\"name\":\"Sesion shkencor n\u00eb Universitetin \u201cLOGOS\u201d (22 N\u00ebntor 2012) - Kisha Orthodh\u03bfkse Autoqefale e Shqip\u00ebris\u00eb\",\"isPartOf\":{\"@id\":\"https:\/\/orthodoxalbania.org\/2020\/#website\"},\"primaryImageOfPage\":{\"@id\":\"https:\/\/orthodoxalbania.org\/2020\/2013\/03\/21\/sesion-shkencor-ne-universitetin-logos\/#primaryimage\"},\"image\":{\"@id\":\"https:\/\/orthodoxalbania.org\/2020\/2013\/03\/21\/sesion-shkencor-ne-universitetin-logos\/#primaryimage\"},\"thumbnailUrl\":\"https:\/\/lh4.googleusercontent.com\/-vLqLwWcNdOk\/ULSwrSl6lFI\/AAAAAAAABPg\/lB50dvyRCNM\/s640\/logos.jpg\",\"datePublished\":\"2013-03-21T12:29:54+00:00\",\"dateModified\":\"2020-04-06T20:05:55+00:00\",\"breadcrumb\":{\"@id\":\"https:\/\/orthodoxalbania.org\/2020\/2013\/03\/21\/sesion-shkencor-ne-universitetin-logos\/#breadcrumb\"},\"inLanguage\":\"en-US\",\"potentialAction\":[{\"@type\":\"ReadAction\",\"target\":[\"https:\/\/orthodoxalbania.org\/2020\/2013\/03\/21\/sesion-shkencor-ne-universitetin-logos\/\"]}]},{\"@type\":\"ImageObject\",\"inLanguage\":\"en-US\",\"@id\":\"https:\/\/orthodoxalbania.org\/2020\/2013\/03\/21\/sesion-shkencor-ne-universitetin-logos\/#primaryimage\",\"url\":\"https:\/\/lh4.googleusercontent.com\/-vLqLwWcNdOk\/ULSwrSl6lFI\/AAAAAAAABPg\/lB50dvyRCNM\/s640\/logos.jpg\",\"contentUrl\":\"https:\/\/lh4.googleusercontent.com\/-vLqLwWcNdOk\/ULSwrSl6lFI\/AAAAAAAABPg\/lB50dvyRCNM\/s640\/logos.jpg\"},{\"@type\":\"BreadcrumbList\",\"@id\":\"https:\/\/orthodoxalbania.org\/2020\/2013\/03\/21\/sesion-shkencor-ne-universitetin-logos\/#breadcrumb\",\"itemListElement\":[{\"@type\":\"ListItem\",\"position\":1,\"name\":\"Home\",\"item\":\"https:\/\/orthodoxalbania.org\/2020\/\"},{\"@type\":\"ListItem\",\"position\":2,\"name\":\"Sesion shkencor n\u00eb Universitetin \u201cLOGOS\u201d (22 N\u00ebntor 2012)\"}]},{\"@type\":\"WebSite\",\"@id\":\"https:\/\/orthodoxalbania.org\/2020\/#website\",\"url\":\"https:\/\/orthodoxalbania.org\/2020\/\",\"name\":\"Kisha Orthodh\u03bfkse Autoqefale e Shqip\u00ebris\u00eb\",\"description\":\"Fqja Zyrtare e Kish\u00ebs Orthodhokse Autoqefale e Shqip\u00ebris\u00eb me lajmet edhe informacionet zyrtare p\u00ebr struktur\u00ebn edhe veprimtarin e saj.\",\"publisher\":{\"@id\":\"https:\/\/orthodoxalbania.org\/2020\/#organization\"},\"potentialAction\":[{\"@type\":\"SearchAction\",\"target\":{\"@type\":\"EntryPoint\",\"urlTemplate\":\"https:\/\/orthodoxalbania.org\/2020\/?s={search_term_string}\"},\"query-input\":{\"@type\":\"PropertyValueSpecification\",\"valueRequired\":true,\"valueName\":\"search_term_string\"}}],\"inLanguage\":\"en-US\"},{\"@type\":\"Organization\",\"@id\":\"https:\/\/orthodoxalbania.org\/2020\/#organization\",\"name\":\"Kisha Orthodhokse Autoqefale e Shqip\u00ebris\u00eb\",\"url\":\"https:\/\/orthodoxalbania.org\/2020\/\",\"logo\":{\"@type\":\"ImageObject\",\"inLanguage\":\"en-US\",\"@id\":\"https:\/\/orthodoxalbania.org\/2020\/#\/schema\/logo\/image\/\",\"url\":\"https:\/\/orthodoxalbania.org\/2020\/wp-content\/uploads\/2020\/05\/albania.jpeg\",\"contentUrl\":\"https:\/\/orthodoxalbania.org\/2020\/wp-content\/uploads\/2020\/05\/albania.jpeg\",\"width\":540,\"height\":540,\"caption\":\"Kisha Orthodhokse Autoqefale e Shqip\u00ebris\u00eb\"},\"image\":{\"@id\":\"https:\/\/orthodoxalbania.org\/2020\/#\/schema\/logo\/image\/\"},\"sameAs\":[\"https:\/\/www.facebook.com\/koash1991\"]},{\"@type\":\"Person\",\"@id\":\"https:\/\/orthodoxalbania.org\/2020\/#\/schema\/person\/0c387634a7063ac612d7ed9ce71c7e86\",\"name\":\"Kisha Orthodhokse\",\"image\":{\"@type\":\"ImageObject\",\"inLanguage\":\"en-US\",\"@id\":\"https:\/\/secure.gravatar.com\/avatar\/596e7c417251e30f2fbb9c00e026fce61a695a00e51c889caded71c96cbbdde5?s=96&d=mm&r=g\",\"url\":\"https:\/\/secure.gravatar.com\/avatar\/596e7c417251e30f2fbb9c00e026fce61a695a00e51c889caded71c96cbbdde5?s=96&d=mm&r=g\",\"contentUrl\":\"https:\/\/secure.gravatar.com\/avatar\/596e7c417251e30f2fbb9c00e026fce61a695a00e51c889caded71c96cbbdde5?s=96&d=mm&r=g\",\"caption\":\"Kisha Orthodhokse\"}}]}<\/script>\n<!-- \/ Yoast SEO plugin. -->","yoast_head_json":{"title":"Sesion shkencor n\u00eb Universitetin \u201cLOGOS\u201d (22 N\u00ebntor 2012) - Kisha Orthodh\u03bfkse Autoqefale e Shqip\u00ebris\u00eb","robots":{"index":"index","follow":"follow","max-snippet":"max-snippet:-1","max-image-preview":"max-image-preview:large","max-video-preview":"max-video-preview:-1"},"canonical":"https:\/\/orthodoxalbania.org\/2020\/2013\/03\/21\/sesion-shkencor-ne-universitetin-logos\/","og_locale":"en_US","og_type":"article","og_title":"Sesion shkencor n\u00eb Universitetin \u201cLOGOS\u201d (22 N\u00ebntor 2012) - Kisha Orthodh\u03bfkse Autoqefale e Shqip\u00ebris\u00eb","og_description":"&nbsp;&nbsp; I gjith\u00eb komuniteti i krishter\u00eb orthodhoks n\u00eb Shqip\u00ebri po jeton n\u00eb atmosfer\u00ebn e 100 vjetorit t\u00eb Pavarsis\u00eb. N\u00eb k\u00ebt\u00eb kuad\u00ebr Universiteti \u201cLOGOS\u201d n\u00eb Tiran\u00eb organizoi nj\u00eb sesion shkencor, n\u00eb respekt t\u00eb patriot\u00ebve t\u00eb shquar shqiptar q\u00eb soll\u00ebn nj\u00eb epok\u00eb t\u00eb re p\u00ebr Kombin Shqiptar. Ngritja e flamurit Shqiptar, si simbol i liris\u00eb dhe i pavar\u00ebsis\u00eb tregon fitoren e pavarsis\u00eb kund\u00ebr pushtimit t\u00eb eg\u00ebr dhe","og_url":"https:\/\/orthodoxalbania.org\/2020\/2013\/03\/21\/sesion-shkencor-ne-universitetin-logos\/","og_site_name":"Kisha Orthodh\u03bfkse Autoqefale e Shqip\u00ebris\u00eb","article_publisher":"https:\/\/www.facebook.com\/koash1991","article_published_time":"2013-03-21T12:29:54+00:00","article_modified_time":"2020-04-06T20:05:55+00:00","og_image":[{"url":"https:\/\/lh4.googleusercontent.com\/-vLqLwWcNdOk\/ULSwrSl6lFI\/AAAAAAAABPg\/lB50dvyRCNM\/s640\/logos.jpg","type":"","width":"","height":""}],"author":"Kisha Orthodhokse","twitter_card":"summary_large_image","twitter_misc":{"Written by":"Kisha Orthodhokse","Est. reading time":"2 minutes"},"schema":{"@context":"https:\/\/schema.org","@graph":[{"@type":"Article","@id":"https:\/\/orthodoxalbania.org\/2020\/2013\/03\/21\/sesion-shkencor-ne-universitetin-logos\/#article","isPartOf":{"@id":"https:\/\/orthodoxalbania.org\/2020\/2013\/03\/21\/sesion-shkencor-ne-universitetin-logos\/"},"author":{"name":"Kisha Orthodhokse","@id":"https:\/\/orthodoxalbania.org\/2020\/#\/schema\/person\/0c387634a7063ac612d7ed9ce71c7e86"},"headline":"Sesion shkencor n\u00eb Universitetin \u201cLOGOS\u201d (22 N\u00ebntor 2012)","datePublished":"2013-03-21T12:29:54+00:00","dateModified":"2020-04-06T20:05:55+00:00","mainEntityOfPage":{"@id":"https:\/\/orthodoxalbania.org\/2020\/2013\/03\/21\/sesion-shkencor-ne-universitetin-logos\/"},"wordCount":324,"commentCount":0,"publisher":{"@id":"https:\/\/orthodoxalbania.org\/2020\/#organization"},"image":{"@id":"https:\/\/orthodoxalbania.org\/2020\/2013\/03\/21\/sesion-shkencor-ne-universitetin-logos\/#primaryimage"},"thumbnailUrl":"https:\/\/lh4.googleusercontent.com\/-vLqLwWcNdOk\/ULSwrSl6lFI\/AAAAAAAABPg\/lB50dvyRCNM\/s640\/logos.jpg","keywords":["2012","Kryepiskopata Tiran\u00eb","Kryepiskopi Anastas","lajme","Universiteti \"Logos\""],"articleSection":["Lajme"],"inLanguage":"en-US"},{"@type":"WebPage","@id":"https:\/\/orthodoxalbania.org\/2020\/2013\/03\/21\/sesion-shkencor-ne-universitetin-logos\/","url":"https:\/\/orthodoxalbania.org\/2020\/2013\/03\/21\/sesion-shkencor-ne-universitetin-logos\/","name":"Sesion shkencor n\u00eb Universitetin \u201cLOGOS\u201d (22 N\u00ebntor 2012) - Kisha Orthodh\u03bfkse Autoqefale e Shqip\u00ebris\u00eb","isPartOf":{"@id":"https:\/\/orthodoxalbania.org\/2020\/#website"},"primaryImageOfPage":{"@id":"https:\/\/orthodoxalbania.org\/2020\/2013\/03\/21\/sesion-shkencor-ne-universitetin-logos\/#primaryimage"},"image":{"@id":"https:\/\/orthodoxalbania.org\/2020\/2013\/03\/21\/sesion-shkencor-ne-universitetin-logos\/#primaryimage"},"thumbnailUrl":"https:\/\/lh4.googleusercontent.com\/-vLqLwWcNdOk\/ULSwrSl6lFI\/AAAAAAAABPg\/lB50dvyRCNM\/s640\/logos.jpg","datePublished":"2013-03-21T12:29:54+00:00","dateModified":"2020-04-06T20:05:55+00:00","breadcrumb":{"@id":"https:\/\/orthodoxalbania.org\/2020\/2013\/03\/21\/sesion-shkencor-ne-universitetin-logos\/#breadcrumb"},"inLanguage":"en-US","potentialAction":[{"@type":"ReadAction","target":["https:\/\/orthodoxalbania.org\/2020\/2013\/03\/21\/sesion-shkencor-ne-universitetin-logos\/"]}]},{"@type":"ImageObject","inLanguage":"en-US","@id":"https:\/\/orthodoxalbania.org\/2020\/2013\/03\/21\/sesion-shkencor-ne-universitetin-logos\/#primaryimage","url":"https:\/\/lh4.googleusercontent.com\/-vLqLwWcNdOk\/ULSwrSl6lFI\/AAAAAAAABPg\/lB50dvyRCNM\/s640\/logos.jpg","contentUrl":"https:\/\/lh4.googleusercontent.com\/-vLqLwWcNdOk\/ULSwrSl6lFI\/AAAAAAAABPg\/lB50dvyRCNM\/s640\/logos.jpg"},{"@type":"BreadcrumbList","@id":"https:\/\/orthodoxalbania.org\/2020\/2013\/03\/21\/sesion-shkencor-ne-universitetin-logos\/#breadcrumb","itemListElement":[{"@type":"ListItem","position":1,"name":"Home","item":"https:\/\/orthodoxalbania.org\/2020\/"},{"@type":"ListItem","position":2,"name":"Sesion shkencor n\u00eb Universitetin \u201cLOGOS\u201d (22 N\u00ebntor 2012)"}]},{"@type":"WebSite","@id":"https:\/\/orthodoxalbania.org\/2020\/#website","url":"https:\/\/orthodoxalbania.org\/2020\/","name":"Kisha Orthodh\u03bfkse Autoqefale e Shqip\u00ebris\u00eb","description":"Fqja Zyrtare e Kish\u00ebs Orthodhokse Autoqefale e Shqip\u00ebris\u00eb me lajmet edhe informacionet zyrtare p\u00ebr struktur\u00ebn edhe veprimtarin e saj.","publisher":{"@id":"https:\/\/orthodoxalbania.org\/2020\/#organization"},"potentialAction":[{"@type":"SearchAction","target":{"@type":"EntryPoint","urlTemplate":"https:\/\/orthodoxalbania.org\/2020\/?s={search_term_string}"},"query-input":{"@type":"PropertyValueSpecification","valueRequired":true,"valueName":"search_term_string"}}],"inLanguage":"en-US"},{"@type":"Organization","@id":"https:\/\/orthodoxalbania.org\/2020\/#organization","name":"Kisha Orthodhokse Autoqefale e Shqip\u00ebris\u00eb","url":"https:\/\/orthodoxalbania.org\/2020\/","logo":{"@type":"ImageObject","inLanguage":"en-US","@id":"https:\/\/orthodoxalbania.org\/2020\/#\/schema\/logo\/image\/","url":"https:\/\/orthodoxalbania.org\/2020\/wp-content\/uploads\/2020\/05\/albania.jpeg","contentUrl":"https:\/\/orthodoxalbania.org\/2020\/wp-content\/uploads\/2020\/05\/albania.jpeg","width":540,"height":540,"caption":"Kisha Orthodhokse Autoqefale e Shqip\u00ebris\u00eb"},"image":{"@id":"https:\/\/orthodoxalbania.org\/2020\/#\/schema\/logo\/image\/"},"sameAs":["https:\/\/www.facebook.com\/koash1991"]},{"@type":"Person","@id":"https:\/\/orthodoxalbania.org\/2020\/#\/schema\/person\/0c387634a7063ac612d7ed9ce71c7e86","name":"Kisha Orthodhokse","image":{"@type":"ImageObject","inLanguage":"en-US","@id":"https:\/\/secure.gravatar.com\/avatar\/596e7c417251e30f2fbb9c00e026fce61a695a00e51c889caded71c96cbbdde5?s=96&d=mm&r=g","url":"https:\/\/secure.gravatar.com\/avatar\/596e7c417251e30f2fbb9c00e026fce61a695a00e51c889caded71c96cbbdde5?s=96&d=mm&r=g","contentUrl":"https:\/\/secure.gravatar.com\/avatar\/596e7c417251e30f2fbb9c00e026fce61a695a00e51c889caded71c96cbbdde5?s=96&d=mm&r=g","caption":"Kisha Orthodhokse"}}]}},"_links":{"self":[{"href":"https:\/\/orthodoxalbania.org\/2020\/wp-json\/wp\/v2\/posts\/1197","targetHints":{"allow":["GET"]}}],"collection":[{"href":"https:\/\/orthodoxalbania.org\/2020\/wp-json\/wp\/v2\/posts"}],"about":[{"href":"https:\/\/orthodoxalbania.org\/2020\/wp-json\/wp\/v2\/types\/post"}],"author":[{"embeddable":true,"href":"https:\/\/orthodoxalbania.org\/2020\/wp-json\/wp\/v2\/users\/1"}],"replies":[{"embeddable":true,"href":"https:\/\/orthodoxalbania.org\/2020\/wp-json\/wp\/v2\/comments?post=1197"}],"version-history":[{"count":1,"href":"https:\/\/orthodoxalbania.org\/2020\/wp-json\/wp\/v2\/posts\/1197\/revisions"}],"predecessor-version":[{"id":15280,"href":"https:\/\/orthodoxalbania.org\/2020\/wp-json\/wp\/v2\/posts\/1197\/revisions\/15280"}],"wp:attachment":[{"href":"https:\/\/orthodoxalbania.org\/2020\/wp-json\/wp\/v2\/media?parent=1197"}],"wp:term":[{"taxonomy":"category","embeddable":true,"href":"https:\/\/orthodoxalbania.org\/2020\/wp-json\/wp\/v2\/categories?post=1197"},{"taxonomy":"post_tag","embeddable":true,"href":"https:\/\/orthodoxalbania.org\/2020\/wp-json\/wp\/v2\/tags?post=1197"}],"curies":[{"name":"wp","href":"https:\/\/api.w.org\/{rel}","templated":true}]}}