{"id":1196,"date":"2006-02-27T08:04:44","date_gmt":"2006-02-27T08:04:44","guid":{"rendered":""},"modified":"2020-04-06T22:35:57","modified_gmt":"2020-04-06T20:35:57","slug":"sesion-shkencor-ne-institutin-e-formimit-profesional-janar-06","status":"publish","type":"post","link":"https:\/\/orthodoxalbania.org\/2020\/2006\/02\/27\/sesion-shkencor-ne-institutin-e-formimit-profesional-janar-06\/","title":{"rendered":"Sesion shkencor n\u00eb Institutin e Formimit Profesional. (19 Janar 2006)"},"content":{"rendered":"<p style=\"text-align: justify;\"><span style=\"color: #000000;\"><span style=\"font-family: tahoma,geneva,sans-serif;\"><span style=\"font-size: 12px;\"><span>&nbsp;&nbsp;&nbsp; N\u00eb dat\u00ebn 19 janar 2006, n\u00eb mjediset e Institutit t\u00eb Formimit Profesional \u201cFrym\u00eb Dashurie\u201d u zhvillua sesioni shkencor me tem\u00eb <i>\u201cRoli i marr\u00ebdh\u00ebnieve publike n\u00eb shoq\u00ebri dhe instrumentet e komunikimit p\u00ebr nj\u00eb ndryshim t\u00eb p\u00ebrgjithsh\u00ebm dhe t\u00eb vazhduesh\u00ebm\u201d. <\/i><\/span><\/span><\/span><\/span><\/p>\n<p style=\"text-indent: 0.25in; line-height: 150%; text-align: justify;\"><span style=\"color: #000000;\"><span style=\"font-family: tahoma,geneva,sans-serif;\"><span style=\"font-size: 12px;\"><span>Drejtoresha e Institutit, Prof. As. Dr. Beatri\u00e7e Polo, n\u00eb fjal\u00ebn e saj theksoi se ky aktivitet shkencor zhvillohet p\u00ebr nder t\u00eb s\u00eb kremtes s\u00eb Tre Hierark\u00ebve (Vasilit t\u00eb Madh, Grigor Theologut dhe Joan Gojartit), p\u00ebr idet\u00eb shkencore, mesazhet, mendimet, humanizmin dhe vlerat e tyre origjinale q\u00eb kan\u00eb dh\u00ebn\u00eb p\u00ebr bot\u00ebn dhe kish\u00ebn, e cila i kujton dhe i nderon m\u00eb 30 janar. T\u00eb tre k\u00ebta dijetar\u00eb, me teorin\u00eb e tyre thell\u00ebsisht shkencore q\u00eb kan\u00eb l\u00ebn\u00eb pas kan\u00eb qen\u00eb, jan\u00eb dhe do t\u00eb mbeten n\u00eb p\u00ebrjet\u00ebsi nj\u00eb realitet modern.<\/span><\/span><\/span><\/span><\/p>\n<p style=\"text-indent: 0.25in; line-height: 150%; text-align: justify;\"><span style=\"color: #000000;\"><span style=\"font-family: tahoma,geneva,sans-serif;\"><span style=\"font-size: 12px;\"><span>&nbsp;N\u00eb k\u00ebt\u00eb sesion shkencor u referuan dhe u vler\u00ebsuan temat si:<\/span><\/span><\/span><\/span><\/p>\n<p style=\"text-indent: 17.85pt; line-height: 150%; margin-top: 6pt; text-align: justify;\"><span style=\"color: #000000;\"><span style=\"font-family: tahoma,geneva,sans-serif;\"><span style=\"font-size: 12px;\"><i><span>1 \u2013 Roli dhe misioni i marr\u00ebdh\u00ebnieve publike, n\u00eb ve\u00e7anti n\u00eb dit\u00ebt e sotme kur diferencimet sociale brenda shteteve, fenomene t\u00eb tilla negative si: droga, dhuna, oshilacionet ekonomike, d\u00ebmtimi i mjedisit, shkaktojn\u00eb tronditje t\u00eb thella n\u00eb planetin ton\u00eb. <\/span><\/i><\/span><\/span><\/span><\/p>\n<p style=\"text-indent: 0.25in; line-height: 150%; text-align: justify;\"><span style=\"color: #000000;\"><span style=\"font-family: tahoma,geneva,sans-serif;\"><span style=\"font-size: 12px;\"><span>Studenti i vitit t\u00eb dyt\u00eb, dega Specialist n\u00eb Llogarit\u00eb e Kompjuterizuara, Fisnik Selimi, n\u00eb kumtes\u00ebn e tij theksoi q\u00eb n\u00eb themel t\u00eb marr\u00ebdh\u00ebnieve publike jan\u00eb marr\u00ebdh\u00ebniet njer\u00ebzore, ku individi n\u00eb komunikimin dhe lidhjen e tij me vetveten, familjen, farefisin dhe shoq\u00ebrin\u00eb, gjen gjithmon\u00eb e m\u00eb tep\u00ebr plot\u00ebsin\u00eb e qenies s\u00eb tij.<\/span><\/span><\/span><\/span><\/p>\n<p style=\"text-indent: 0.25in; line-height: 150%; text-align: justify;\"><span style=\"color: #000000;\"><span style=\"font-family: tahoma,geneva,sans-serif;\"><span style=\"font-size: 12px;\"><span>Sesioni shkencor analizoi p\u00ebrvoj\u00ebn e zhvillimit t\u00eb marr\u00ebdh\u00ebnieve publike n\u00eb Amerik\u00eb dhe Europ\u00eb, sh\u00ebrbimin q\u00eb ato i sjellin me nj\u00eb rezultat t\u00eb duksh\u00ebm sektorit publik dhe atij privat, t\u00eb drejtuara nga Kodi i Etik\u00ebs, i formuluar nga Bashkimi Nd\u00ebrkomb\u00ebtar i Marr\u00ebdh\u00ebnieve Publike si edhe p\u00ebrpjekjet p\u00ebr p\u00ebrhapjen dhe zhvillimin e tyre edhe n\u00eb vendin ton\u00eb.<\/span><\/span><\/span><\/span><\/p>\n<p style=\"text-indent: 17.85pt; line-height: 150%; margin-top: 6pt; text-align: justify;\"><span style=\"color: #000000;\"><span style=\"font-family: tahoma,geneva,sans-serif;\"><span style=\"font-size: 12px;\"><i><span>2 \u2013 Mbi nd\u00ebrgjegjen, konceptimin e saj dhe fuqin\u00eb q\u00eb ka ajo p\u00ebr t\u00eb na ndihmuar t\u00eb p\u00ebrmbushim me sukses detyrat tona.<\/span><\/i><\/span><\/span><\/span><\/p>\n<p style=\"text-indent: 0.25in; line-height: 150%; text-align: justify;\"><span style=\"color: #000000;\"><span style=\"font-family: tahoma,geneva,sans-serif;\"><span style=\"font-size: 12px;\"><span>P\u00ebr k\u00ebt\u00eb tem\u00eb, studentja e vitit t\u00eb dyt\u00eb, dega Specialist n\u00eb Llogarit\u00eb e Kompjuterizuara, Steliana Shiba, n\u00eb kumtes\u00ebn e saj theksoi se, \u00ebsht\u00eb nd\u00ebrgjegjja ajo prej s\u00eb cil\u00ebs individi merr shkakun dhe drejtimin e veprimeve t\u00eb tij dhe t\u00eb shoq\u00ebris\u00eb q\u00eb e rrethon. N\u00eb k\u00ebt\u00eb rast nd\u00ebrgjegjja u analizua e lidhur ngusht\u00eb me formimin e saj, me nd\u00ebrgjegjen profesionale dhe me lirin\u00eb e brendshme t\u00eb njeriut, q\u00eb \u00ebsht\u00eb premis\u00eb kryesore p\u00ebr zhvillimin e&nbsp; personalitetit t\u00eb tij. Ajo e mbylli kumtes\u00ebn duke th\u00ebn\u00eb: \u201c\u00cbsht\u00eb nd\u00ebrgjegjja, ajo q\u00eb fisnik\u00ebron natyr\u00ebn e njeriut dhe moralin e veprave t\u00eb tij\u201d. <\/span><\/span><\/span><\/span><\/p>\n<p style=\"text-indent: 17.85pt; line-height: 150%; margin-top: 6pt; text-align: justify;\"><span style=\"color: #000000;\"><span style=\"font-family: tahoma,geneva,sans-serif;\"><span style=\"font-size: 12px;\"><i><span>3 \u2013 Roli i medias n\u00eb shoq\u00ebrin\u00eb dhe ndikimi q\u00eb ajo ka n\u00eb jet\u00ebn politike, ekonomike dhe sociale t\u00eb vendit. <\/span><\/i><\/span><\/span><\/span><\/p>\n<p style=\"text-indent: 0.25in; line-height: 150%; text-align: justify;\"><span style=\"color: #000000;\"><span style=\"font-family: tahoma,geneva,sans-serif;\"><span style=\"font-size: 12px;\"><span>P\u00ebr k\u00ebt\u00eb tem\u00eb, nj\u00eb studente e vitit t\u00eb dyt\u00eb, dega Kuad\u00ebr Menaxher, theksoi, rolin e madh t\u00eb medias si mesazher n\u00eb nj\u00eb shoq\u00ebri bashk\u00ebkohore. N\u00eb kumtes\u00eb ajo e vler\u00ebsoi median si nj\u00eb pjes\u00eb integrale t\u00eb shoq\u00ebris\u00eb, si nj\u00eb forc\u00eb e lidhur me t\u00eb, q\u00eb ka p\u00ebr detyr\u00eb t\u00eb analizoj\u00eb, t\u00eb interpretoj\u00eb dhe t\u00eb krahasoj\u00eb faktet, me q\u00ebllim q\u00eb t\u00eb jap\u00eb kuptimin e tyre. Problemet e ndryshme politike, ekonomike, t\u00eb biznesit dhe ve\u00e7an\u00ebrisht ato sociale q\u00eb preokupojn\u00eb mbar\u00eb shoq\u00ebrin\u00eb si: droga, dhuna, shtatz\u00ebnit\u00eb e hershme t\u00eb adoleshenteve etj., kan\u00eb gjetur pasqyrim n\u00eb media, duke sensibilizuar publikun, n\u00eb saj\u00eb t\u00eb instrumenteve si: gazetat, broshurat, revistat dhe deri tek ato elektronike si televizioni, kompjuteri, videot, interneti etj. <\/span><\/span><\/span><\/span><\/p>\n<p style=\"text-indent: 17.85pt; line-height: 150%; margin-top: 6pt; text-align: justify;\"><span style=\"color: #000000;\"><span style=\"font-family: tahoma,geneva,sans-serif;\"><span style=\"font-size: 12px;\"><i><span>4 \u2013 Roli i librit dhe i televizionit n\u00eb jet\u00ebn ton\u00eb, si dy instrumente mjaft t\u00eb r\u00ebnd\u00ebsish\u00ebm dhe me p\u00ebrhapje t\u00eb gjer\u00eb p\u00ebr vlerat q\u00eb p\u00ebr\u00e7ojn\u00eb, si\u00e7 e ka v\u00ebrtetuar edhe vet\u00eb praktika <\/span><\/i><\/span><\/span><\/span><\/p>\n<p style=\"text-indent: 0.25in; line-height: 150%; text-align: justify;\"><span style=\"color: #000000;\"><span style=\"font-family: tahoma,geneva,sans-serif;\"><span style=\"font-size: 12px;\"><span>Studentja e vitit t\u00eb dyt\u00eb dega kuad\u00ebr menaxher, Erinda Shkokota, analizoi k\u00ebt\u00eb tem\u00eb n\u00eb kumtes\u00ebn e saj. Ajo vler\u00ebsoi librat si nj\u00eb komponent i r\u00ebnd\u00ebsish\u00ebm i jet\u00ebs son\u00eb, q\u00eb ofrojn\u00eb njohuri p\u00ebr njer\u00ebzit e t\u00eb gjitha moshave, stimulojn\u00eb imagjinat\u00ebn ton\u00eb, transmetojn\u00eb shum\u00eb nga trash\u00ebgimia e s\u00eb kaluar\u00ebs dhe na ndihmojn\u00eb t\u00eb kuptojm\u00eb vetveten dhe bot\u00ebn ku ne jetojm\u00eb. Ajo theksoi gjithashtu edhe rolin mjaft t\u00eb r\u00ebnd\u00ebsish\u00ebm q\u00eb luajn\u00eb televizori dhe mjetet e tjera elektronike. Referuesja theksoi q\u00eb k\u00ebto t\u00eb fundit po revolucionarizojn\u00eb m\u00ebnyr\u00ebn e jetes\u00ebs, t\u00eb qeverisjes, t\u00eb t\u00eb b\u00ebrit biznes, t\u00eb kalimit t\u00eb koh\u00ebs s\u00eb lir\u00eb, n\u00ebp\u00ebrmjet marrjes s\u00eb informacionit n\u00eb m\u00ebnyr\u00eb t\u00eb shpejt\u00eb. <\/span><\/span><\/span><\/span><\/p>\n<p style=\"text-indent: 0.25in; line-height: 150%; text-align: justify;\"><span style=\"color: #000000;\"><span style=\"font-family: tahoma,geneva,sans-serif;\"><span style=\"font-size: 12px;\"><span>Ky sesion shkencor \u00ebsht\u00eb i pari, i cili do t\u00eb pasohet nga takime t\u00eb tjera t\u00eb k\u00ebtij lloji. Aktiviteti u vler\u00ebsua nga t\u00eb gjith\u00eb pjes\u00ebmarr\u00ebsit p\u00ebr problemet q\u00eb trajtoi.<br \/> &nbsp;<\/span><\/span><\/span><\/span><\/p>\n<p style=\"text-indent: 0.25in; line-height: 150%; text-align: justify;\"><span style=\"color: #000000;\"><span style=\"font-family: tahoma,geneva,sans-serif;\"><span style=\"font-size: 12px;\"><span>Drejtoresha e Institutit<br \/> <\/span>&nbsp;&nbsp;&nbsp;&nbsp;&nbsp; <span>Prof. As. Dr. Beatri\u00e7e Polo<\/span><\/span><\/span><\/span><\/p>\n","protected":false},"excerpt":{"rendered":"<p>&nbsp;&nbsp;&nbsp; N\u00eb dat\u00ebn 19 janar 2006, n\u00eb mjediset e Institutit t\u00eb Formimit Profesional \u201cFrym\u00eb Dashurie\u201d u zhvillua sesioni shkencor me tem\u00eb \u201cRoli i marr\u00ebdh\u00ebnieve publike n\u00eb shoq\u00ebri dhe instrumentet e komunikimit p\u00ebr nj\u00eb ndryshim t\u00eb p\u00ebrgjithsh\u00ebm dhe t\u00eb vazhduesh\u00ebm\u201d. Drejtoresha e Institutit, Prof. As. Dr. Beatri\u00e7e Polo, n\u00eb fjal\u00ebn e saj theksoi se ky aktivitet shkencor zhvillohet p\u00ebr nder t\u00eb s\u00eb kremtes s\u00eb Tre Hierark\u00ebve<\/p>\n","protected":false},"author":1,"featured_media":0,"comment_status":"open","ping_status":"open","sticky":false,"template":"","format":"standard","meta":{"_acf_changed":false,"pagelayer_contact_templates":[],"_pagelayer_content":"","inline_featured_image":false,"fifu_image_url":"","fifu_image_alt":"","footnotes":""},"categories":[108],"tags":[148,196,212,195],"class_list":["post-1196","post","type-post","status-publish","format-standard","hentry","category-lajme","tag-148","tag-tirane","tag-lajme-d27","tag-universiteti-logos"],"acf":[],"yoast_head":"<!-- This site is optimized with the Yoast SEO plugin v27.2 - https:\/\/yoast.com\/product\/yoast-seo-wordpress\/ -->\n<title>Sesion shkencor n\u00eb Institutin e Formimit Profesional. (19 Janar 2006) - Kisha Orthodh\u03bfkse Autoqefale e Shqip\u00ebris\u00eb<\/title>\n<meta name=\"robots\" content=\"index, follow, max-snippet:-1, max-image-preview:large, max-video-preview:-1\" \/>\n<link rel=\"canonical\" href=\"https:\/\/orthodoxalbania.org\/2020\/2006\/02\/27\/sesion-shkencor-ne-institutin-e-formimit-profesional-janar-06\/\" \/>\n<meta property=\"og:locale\" content=\"en_US\" \/>\n<meta property=\"og:type\" content=\"article\" \/>\n<meta property=\"og:title\" content=\"Sesion shkencor n\u00eb Institutin e Formimit Profesional. (19 Janar 2006) - Kisha Orthodh\u03bfkse Autoqefale e Shqip\u00ebris\u00eb\" \/>\n<meta property=\"og:description\" content=\"&nbsp;&nbsp;&nbsp; N\u00eb dat\u00ebn 19 janar 2006, n\u00eb mjediset e Institutit t\u00eb Formimit Profesional \u201cFrym\u00eb Dashurie\u201d u zhvillua sesioni shkencor me tem\u00eb \u201cRoli i marr\u00ebdh\u00ebnieve publike n\u00eb shoq\u00ebri dhe instrumentet e komunikimit p\u00ebr nj\u00eb ndryshim t\u00eb p\u00ebrgjithsh\u00ebm dhe t\u00eb vazhduesh\u00ebm\u201d. Drejtoresha e Institutit, Prof. As. Dr. Beatri\u00e7e Polo, n\u00eb fjal\u00ebn e saj theksoi se ky aktivitet shkencor zhvillohet p\u00ebr nder t\u00eb s\u00eb kremtes s\u00eb Tre Hierark\u00ebve\" \/>\n<meta property=\"og:url\" content=\"https:\/\/orthodoxalbania.org\/2020\/2006\/02\/27\/sesion-shkencor-ne-institutin-e-formimit-profesional-janar-06\/\" \/>\n<meta property=\"og:site_name\" content=\"Kisha Orthodh\u03bfkse Autoqefale e Shqip\u00ebris\u00eb\" \/>\n<meta property=\"article:publisher\" content=\"https:\/\/www.facebook.com\/koash1991\" \/>\n<meta property=\"article:published_time\" content=\"2006-02-27T08:04:44+00:00\" \/>\n<meta property=\"article:modified_time\" content=\"2020-04-06T20:35:57+00:00\" \/>\n<meta property=\"og:image\" content=\"https:\/\/orthodoxalbania.org\/2020\/wp-content\/uploads\/2021\/02\/LogoLastALb-200.png\" \/>\n\t<meta property=\"og:image:width\" content=\"200\" \/>\n\t<meta property=\"og:image:height\" content=\"172\" \/>\n\t<meta property=\"og:image:type\" content=\"image\/png\" \/>\n<meta name=\"author\" content=\"Kisha Orthodhokse\" \/>\n<meta name=\"twitter:card\" content=\"summary_large_image\" \/>\n<meta name=\"twitter:label1\" content=\"Written by\" \/>\n\t<meta name=\"twitter:data1\" content=\"Kisha Orthodhokse\" \/>\n\t<meta name=\"twitter:label2\" content=\"Est. reading time\" \/>\n\t<meta name=\"twitter:data2\" content=\"4 minutes\" \/>\n<script type=\"application\/ld+json\" class=\"yoast-schema-graph\">{\"@context\":\"https:\/\/schema.org\",\"@graph\":[{\"@type\":\"Article\",\"@id\":\"https:\/\/orthodoxalbania.org\/2020\/2006\/02\/27\/sesion-shkencor-ne-institutin-e-formimit-profesional-janar-06\/#article\",\"isPartOf\":{\"@id\":\"https:\/\/orthodoxalbania.org\/2020\/2006\/02\/27\/sesion-shkencor-ne-institutin-e-formimit-profesional-janar-06\/\"},\"author\":{\"name\":\"Kisha Orthodhokse\",\"@id\":\"https:\/\/orthodoxalbania.org\/2020\/#\/schema\/person\/0c387634a7063ac612d7ed9ce71c7e86\"},\"headline\":\"Sesion shkencor n\u00eb Institutin e Formimit Profesional. (19 Janar 2006)\",\"datePublished\":\"2006-02-27T08:04:44+00:00\",\"dateModified\":\"2020-04-06T20:35:57+00:00\",\"mainEntityOfPage\":{\"@id\":\"https:\/\/orthodoxalbania.org\/2020\/2006\/02\/27\/sesion-shkencor-ne-institutin-e-formimit-profesional-janar-06\/\"},\"wordCount\":842,\"commentCount\":0,\"publisher\":{\"@id\":\"https:\/\/orthodoxalbania.org\/2020\/#organization\"},\"keywords\":[\"2006\",\"Kryepiskopata Tiran\u00eb\",\"lajme\",\"Universiteti \\\"Logos\\\"\"],\"articleSection\":[\"Lajme\"],\"inLanguage\":\"en-US\"},{\"@type\":\"WebPage\",\"@id\":\"https:\/\/orthodoxalbania.org\/2020\/2006\/02\/27\/sesion-shkencor-ne-institutin-e-formimit-profesional-janar-06\/\",\"url\":\"https:\/\/orthodoxalbania.org\/2020\/2006\/02\/27\/sesion-shkencor-ne-institutin-e-formimit-profesional-janar-06\/\",\"name\":\"Sesion shkencor n\u00eb Institutin e Formimit Profesional. (19 Janar 2006) - Kisha Orthodh\u03bfkse Autoqefale e Shqip\u00ebris\u00eb\",\"isPartOf\":{\"@id\":\"https:\/\/orthodoxalbania.org\/2020\/#website\"},\"datePublished\":\"2006-02-27T08:04:44+00:00\",\"dateModified\":\"2020-04-06T20:35:57+00:00\",\"breadcrumb\":{\"@id\":\"https:\/\/orthodoxalbania.org\/2020\/2006\/02\/27\/sesion-shkencor-ne-institutin-e-formimit-profesional-janar-06\/#breadcrumb\"},\"inLanguage\":\"en-US\",\"potentialAction\":[{\"@type\":\"ReadAction\",\"target\":[\"https:\/\/orthodoxalbania.org\/2020\/2006\/02\/27\/sesion-shkencor-ne-institutin-e-formimit-profesional-janar-06\/\"]}]},{\"@type\":\"BreadcrumbList\",\"@id\":\"https:\/\/orthodoxalbania.org\/2020\/2006\/02\/27\/sesion-shkencor-ne-institutin-e-formimit-profesional-janar-06\/#breadcrumb\",\"itemListElement\":[{\"@type\":\"ListItem\",\"position\":1,\"name\":\"Home\",\"item\":\"https:\/\/orthodoxalbania.org\/2020\/\"},{\"@type\":\"ListItem\",\"position\":2,\"name\":\"Sesion shkencor n\u00eb Institutin e Formimit Profesional. (19 Janar 2006)\"}]},{\"@type\":\"WebSite\",\"@id\":\"https:\/\/orthodoxalbania.org\/2020\/#website\",\"url\":\"https:\/\/orthodoxalbania.org\/2020\/\",\"name\":\"Kisha Orthodh\u03bfkse Autoqefale e Shqip\u00ebris\u00eb\",\"description\":\"Fqja Zyrtare e Kish\u00ebs Orthodhokse Autoqefale e Shqip\u00ebris\u00eb me lajmet edhe informacionet zyrtare p\u00ebr struktur\u00ebn edhe veprimtarin e saj.\",\"publisher\":{\"@id\":\"https:\/\/orthodoxalbania.org\/2020\/#organization\"},\"potentialAction\":[{\"@type\":\"SearchAction\",\"target\":{\"@type\":\"EntryPoint\",\"urlTemplate\":\"https:\/\/orthodoxalbania.org\/2020\/?s={search_term_string}\"},\"query-input\":{\"@type\":\"PropertyValueSpecification\",\"valueRequired\":true,\"valueName\":\"search_term_string\"}}],\"inLanguage\":\"en-US\"},{\"@type\":\"Organization\",\"@id\":\"https:\/\/orthodoxalbania.org\/2020\/#organization\",\"name\":\"Kisha Orthodhokse Autoqefale e Shqip\u00ebris\u00eb\",\"url\":\"https:\/\/orthodoxalbania.org\/2020\/\",\"logo\":{\"@type\":\"ImageObject\",\"inLanguage\":\"en-US\",\"@id\":\"https:\/\/orthodoxalbania.org\/2020\/#\/schema\/logo\/image\/\",\"url\":\"https:\/\/orthodoxalbania.org\/2020\/wp-content\/uploads\/2020\/05\/albania.jpeg\",\"contentUrl\":\"https:\/\/orthodoxalbania.org\/2020\/wp-content\/uploads\/2020\/05\/albania.jpeg\",\"width\":540,\"height\":540,\"caption\":\"Kisha Orthodhokse Autoqefale e Shqip\u00ebris\u00eb\"},\"image\":{\"@id\":\"https:\/\/orthodoxalbania.org\/2020\/#\/schema\/logo\/image\/\"},\"sameAs\":[\"https:\/\/www.facebook.com\/koash1991\"]},{\"@type\":\"Person\",\"@id\":\"https:\/\/orthodoxalbania.org\/2020\/#\/schema\/person\/0c387634a7063ac612d7ed9ce71c7e86\",\"name\":\"Kisha Orthodhokse\",\"image\":{\"@type\":\"ImageObject\",\"inLanguage\":\"en-US\",\"@id\":\"https:\/\/secure.gravatar.com\/avatar\/596e7c417251e30f2fbb9c00e026fce61a695a00e51c889caded71c96cbbdde5?s=96&d=mm&r=g\",\"url\":\"https:\/\/secure.gravatar.com\/avatar\/596e7c417251e30f2fbb9c00e026fce61a695a00e51c889caded71c96cbbdde5?s=96&d=mm&r=g\",\"contentUrl\":\"https:\/\/secure.gravatar.com\/avatar\/596e7c417251e30f2fbb9c00e026fce61a695a00e51c889caded71c96cbbdde5?s=96&d=mm&r=g\",\"caption\":\"Kisha Orthodhokse\"}}]}<\/script>\n<!-- \/ Yoast SEO plugin. -->","yoast_head_json":{"title":"Sesion shkencor n\u00eb Institutin e Formimit Profesional. (19 Janar 2006) - Kisha Orthodh\u03bfkse Autoqefale e Shqip\u00ebris\u00eb","robots":{"index":"index","follow":"follow","max-snippet":"max-snippet:-1","max-image-preview":"max-image-preview:large","max-video-preview":"max-video-preview:-1"},"canonical":"https:\/\/orthodoxalbania.org\/2020\/2006\/02\/27\/sesion-shkencor-ne-institutin-e-formimit-profesional-janar-06\/","og_locale":"en_US","og_type":"article","og_title":"Sesion shkencor n\u00eb Institutin e Formimit Profesional. (19 Janar 2006) - Kisha Orthodh\u03bfkse Autoqefale e Shqip\u00ebris\u00eb","og_description":"&nbsp;&nbsp;&nbsp; N\u00eb dat\u00ebn 19 janar 2006, n\u00eb mjediset e Institutit t\u00eb Formimit Profesional \u201cFrym\u00eb Dashurie\u201d u zhvillua sesioni shkencor me tem\u00eb \u201cRoli i marr\u00ebdh\u00ebnieve publike n\u00eb shoq\u00ebri dhe instrumentet e komunikimit p\u00ebr nj\u00eb ndryshim t\u00eb p\u00ebrgjithsh\u00ebm dhe t\u00eb vazhduesh\u00ebm\u201d. Drejtoresha e Institutit, Prof. As. Dr. Beatri\u00e7e Polo, n\u00eb fjal\u00ebn e saj theksoi se ky aktivitet shkencor zhvillohet p\u00ebr nder t\u00eb s\u00eb kremtes s\u00eb Tre Hierark\u00ebve","og_url":"https:\/\/orthodoxalbania.org\/2020\/2006\/02\/27\/sesion-shkencor-ne-institutin-e-formimit-profesional-janar-06\/","og_site_name":"Kisha Orthodh\u03bfkse Autoqefale e Shqip\u00ebris\u00eb","article_publisher":"https:\/\/www.facebook.com\/koash1991","article_published_time":"2006-02-27T08:04:44+00:00","article_modified_time":"2020-04-06T20:35:57+00:00","og_image":[{"width":200,"height":172,"url":"https:\/\/orthodoxalbania.org\/2020\/wp-content\/uploads\/2021\/02\/LogoLastALb-200.png","type":"image\/png"}],"author":"Kisha Orthodhokse","twitter_card":"summary_large_image","twitter_misc":{"Written by":"Kisha Orthodhokse","Est. reading time":"4 minutes"},"schema":{"@context":"https:\/\/schema.org","@graph":[{"@type":"Article","@id":"https:\/\/orthodoxalbania.org\/2020\/2006\/02\/27\/sesion-shkencor-ne-institutin-e-formimit-profesional-janar-06\/#article","isPartOf":{"@id":"https:\/\/orthodoxalbania.org\/2020\/2006\/02\/27\/sesion-shkencor-ne-institutin-e-formimit-profesional-janar-06\/"},"author":{"name":"Kisha Orthodhokse","@id":"https:\/\/orthodoxalbania.org\/2020\/#\/schema\/person\/0c387634a7063ac612d7ed9ce71c7e86"},"headline":"Sesion shkencor n\u00eb Institutin e Formimit Profesional. (19 Janar 2006)","datePublished":"2006-02-27T08:04:44+00:00","dateModified":"2020-04-06T20:35:57+00:00","mainEntityOfPage":{"@id":"https:\/\/orthodoxalbania.org\/2020\/2006\/02\/27\/sesion-shkencor-ne-institutin-e-formimit-profesional-janar-06\/"},"wordCount":842,"commentCount":0,"publisher":{"@id":"https:\/\/orthodoxalbania.org\/2020\/#organization"},"keywords":["2006","Kryepiskopata Tiran\u00eb","lajme","Universiteti \"Logos\""],"articleSection":["Lajme"],"inLanguage":"en-US"},{"@type":"WebPage","@id":"https:\/\/orthodoxalbania.org\/2020\/2006\/02\/27\/sesion-shkencor-ne-institutin-e-formimit-profesional-janar-06\/","url":"https:\/\/orthodoxalbania.org\/2020\/2006\/02\/27\/sesion-shkencor-ne-institutin-e-formimit-profesional-janar-06\/","name":"Sesion shkencor n\u00eb Institutin e Formimit Profesional. (19 Janar 2006) - Kisha Orthodh\u03bfkse Autoqefale e Shqip\u00ebris\u00eb","isPartOf":{"@id":"https:\/\/orthodoxalbania.org\/2020\/#website"},"datePublished":"2006-02-27T08:04:44+00:00","dateModified":"2020-04-06T20:35:57+00:00","breadcrumb":{"@id":"https:\/\/orthodoxalbania.org\/2020\/2006\/02\/27\/sesion-shkencor-ne-institutin-e-formimit-profesional-janar-06\/#breadcrumb"},"inLanguage":"en-US","potentialAction":[{"@type":"ReadAction","target":["https:\/\/orthodoxalbania.org\/2020\/2006\/02\/27\/sesion-shkencor-ne-institutin-e-formimit-profesional-janar-06\/"]}]},{"@type":"BreadcrumbList","@id":"https:\/\/orthodoxalbania.org\/2020\/2006\/02\/27\/sesion-shkencor-ne-institutin-e-formimit-profesional-janar-06\/#breadcrumb","itemListElement":[{"@type":"ListItem","position":1,"name":"Home","item":"https:\/\/orthodoxalbania.org\/2020\/"},{"@type":"ListItem","position":2,"name":"Sesion shkencor n\u00eb Institutin e Formimit Profesional. (19 Janar 2006)"}]},{"@type":"WebSite","@id":"https:\/\/orthodoxalbania.org\/2020\/#website","url":"https:\/\/orthodoxalbania.org\/2020\/","name":"Kisha Orthodh\u03bfkse Autoqefale e Shqip\u00ebris\u00eb","description":"Fqja Zyrtare e Kish\u00ebs Orthodhokse Autoqefale e Shqip\u00ebris\u00eb me lajmet edhe informacionet zyrtare p\u00ebr struktur\u00ebn edhe veprimtarin e saj.","publisher":{"@id":"https:\/\/orthodoxalbania.org\/2020\/#organization"},"potentialAction":[{"@type":"SearchAction","target":{"@type":"EntryPoint","urlTemplate":"https:\/\/orthodoxalbania.org\/2020\/?s={search_term_string}"},"query-input":{"@type":"PropertyValueSpecification","valueRequired":true,"valueName":"search_term_string"}}],"inLanguage":"en-US"},{"@type":"Organization","@id":"https:\/\/orthodoxalbania.org\/2020\/#organization","name":"Kisha Orthodhokse Autoqefale e Shqip\u00ebris\u00eb","url":"https:\/\/orthodoxalbania.org\/2020\/","logo":{"@type":"ImageObject","inLanguage":"en-US","@id":"https:\/\/orthodoxalbania.org\/2020\/#\/schema\/logo\/image\/","url":"https:\/\/orthodoxalbania.org\/2020\/wp-content\/uploads\/2020\/05\/albania.jpeg","contentUrl":"https:\/\/orthodoxalbania.org\/2020\/wp-content\/uploads\/2020\/05\/albania.jpeg","width":540,"height":540,"caption":"Kisha Orthodhokse Autoqefale e Shqip\u00ebris\u00eb"},"image":{"@id":"https:\/\/orthodoxalbania.org\/2020\/#\/schema\/logo\/image\/"},"sameAs":["https:\/\/www.facebook.com\/koash1991"]},{"@type":"Person","@id":"https:\/\/orthodoxalbania.org\/2020\/#\/schema\/person\/0c387634a7063ac612d7ed9ce71c7e86","name":"Kisha Orthodhokse","image":{"@type":"ImageObject","inLanguage":"en-US","@id":"https:\/\/secure.gravatar.com\/avatar\/596e7c417251e30f2fbb9c00e026fce61a695a00e51c889caded71c96cbbdde5?s=96&d=mm&r=g","url":"https:\/\/secure.gravatar.com\/avatar\/596e7c417251e30f2fbb9c00e026fce61a695a00e51c889caded71c96cbbdde5?s=96&d=mm&r=g","contentUrl":"https:\/\/secure.gravatar.com\/avatar\/596e7c417251e30f2fbb9c00e026fce61a695a00e51c889caded71c96cbbdde5?s=96&d=mm&r=g","caption":"Kisha Orthodhokse"}}]}},"_links":{"self":[{"href":"https:\/\/orthodoxalbania.org\/2020\/wp-json\/wp\/v2\/posts\/1196","targetHints":{"allow":["GET"]}}],"collection":[{"href":"https:\/\/orthodoxalbania.org\/2020\/wp-json\/wp\/v2\/posts"}],"about":[{"href":"https:\/\/orthodoxalbania.org\/2020\/wp-json\/wp\/v2\/types\/post"}],"author":[{"embeddable":true,"href":"https:\/\/orthodoxalbania.org\/2020\/wp-json\/wp\/v2\/users\/1"}],"replies":[{"embeddable":true,"href":"https:\/\/orthodoxalbania.org\/2020\/wp-json\/wp\/v2\/comments?post=1196"}],"version-history":[{"count":1,"href":"https:\/\/orthodoxalbania.org\/2020\/wp-json\/wp\/v2\/posts\/1196\/revisions"}],"predecessor-version":[{"id":15808,"href":"https:\/\/orthodoxalbania.org\/2020\/wp-json\/wp\/v2\/posts\/1196\/revisions\/15808"}],"wp:attachment":[{"href":"https:\/\/orthodoxalbania.org\/2020\/wp-json\/wp\/v2\/media?parent=1196"}],"wp:term":[{"taxonomy":"category","embeddable":true,"href":"https:\/\/orthodoxalbania.org\/2020\/wp-json\/wp\/v2\/categories?post=1196"},{"taxonomy":"post_tag","embeddable":true,"href":"https:\/\/orthodoxalbania.org\/2020\/wp-json\/wp\/v2\/tags?post=1196"}],"curies":[{"name":"wp","href":"https:\/\/api.w.org\/{rel}","templated":true}]}}