{"id":1193,"date":"2014-05-02T06:42:38","date_gmt":"2014-05-02T06:42:38","guid":{"rendered":""},"modified":"2020-04-06T22:05:16","modified_gmt":"2020-04-06T20:05:16","slug":"seminar-per-riperteritjen-e-lidhjeve-te-grave-orthodhokse-te-dioqezes-se-tiranes","status":"publish","type":"post","link":"https:\/\/orthodoxalbania.org\/2020\/2014\/05\/02\/seminar-per-riperteritjen-e-lidhjeve-te-grave-orthodhokse-te-dioqezes-se-tiranes\/","title":{"rendered":"Seminar p\u00ebr rip\u00ebrt\u00ebritjen e Lidhjeve t\u00eb Grave Orthodhokse t\u00eb Dioqez\u00ebs s\u00eb Tiran\u00ebs. (25 &#8211; 26 Prill 2014)"},"content":{"rendered":"<p style=\"text-align: justify;\"><span style=\"color: #000000; font-size: 12pt; font-family: helvetica;\"><\/span><\/p>\n<p> <\/p>\n<p style=\"text-align: justify;\"><span style=\"color: #000000; font-size: 12pt; font-family: helvetica;\">&nbsp; &nbsp; Me bekimin e Kryepiskopit Anastas n\u00eb dt. 25-26 prill 2014 n\u00eb mjediset e Akademis\u00eb Teologjike n\u00eb Sh\u00ebn Vlash u zhvillua &nbsp;seminari 2 ditor me p\u00ebrfaq\u00ebsuese t\u00eb Lidhjeve t\u00eb Grave Orthodhokse t\u00eb Dioqez\u00ebs s\u00eb Tiran\u00ebs. Q\u00ebllimi i k\u00ebtij takimi ishte rip\u00ebrt\u00ebritja dhe fuqizimi i Lidhjeve t\u00eb grave n\u00ebp\u00ebrmjet mb\u00ebshtetjes dhe shk\u00ebmbimit t\u00eb p\u00ebrvojave me nj\u00ebra-tjetr\u00ebn.&nbsp;<\/span><\/p>\n<p style=\"text-align: justify;\"><span style=\"color: #000000; font-size: 12pt; font-family: helvetica;\">&nbsp; &nbsp; Nism\u00ebtar\u00eb t\u00eb k\u00ebsaj veprimtarie u b\u00ebn\u00eb grat\u00eb e Lidhjes s\u00eb Tiran\u00ebs, n\u00eb bashk\u00ebpunim t\u00eb ngusht\u00eb me Episkop Astin dhe p\u00ebrgjegjesin e Zyr\u00ebs s\u00eb Katekizmit z.Miron Cako. Mor\u00ebn pjes\u00eb rreth 40 gra p\u00ebrfaq\u00ebsuese t\u00eb Lidhjeve t\u00eb Tiran\u00ebs, Durr\u00ebsit, Elbasanit, Kavaj\u00ebs, Rrushkullit e Jub\u00ebs, Sh\u00ebn Joan Vladimirit, C\u00ebrrikut, Gramshit dhe Gjinarit. &nbsp;<\/span><\/p>\n<p style=\"text-align: justify;\"><span style=\"color: #000000; font-size: 12pt; font-family: helvetica;\">&nbsp; &nbsp; Seminari filloi me Paraklisin drejtuar Hyjlind\u00ebses s\u00eb T\u00ebr\u00ebshenjt\u00eb Mari. N\u00eb vazhdim Episkop Asti zhvilloi tem\u00ebn \u201cN\u00eb fuqizim t\u00eb Lidhjes s\u00eb Grave t\u00eb Krishtera Orthodhokse\u201d, ku midis t\u00eb tjerave theksoi rolin dhe r\u00ebnd\u00ebsin\u00eb e funksionimit t\u00eb k\u00ebshillit drejtues n\u00eb \u00e7do Lidhje, k\u00ebshill i cili udh\u00ebheq dhe frym\u00ebzon jet\u00ebn shpirt\u00ebrore dhe veprimtarit\u00eb sociale t\u00eb Lidhjes s\u00eb Grave n\u00eb bashk\u00ebpunim me klerik\u00ebt e kish\u00ebs p\u00ebrkat\u00ebse. Ky rol shprehet me organizimin e tyre rreth kat\u00ebr objektivave: Rritjes n\u00eb Krishtin (n\u00eb dije dhe p\u00ebrjetim), Miq\u00ebsis\u00eb, D\u00ebshmis\u00eb dhe Sh\u00ebrbimit.&nbsp;<\/span><\/p>\n<p style=\"text-align: justify;\"><span style=\"color: #000000; font-size: 12pt; font-family: helvetica;\">&nbsp; &nbsp; Dita e par\u00eb u mbyll n\u00eb mbr\u00ebmje von\u00eb me nj\u00eb bised\u00eb t\u00eb gjall\u00eb e t\u00eb hapur t\u00eb grave mbi paraqitjen e veprimtarive t\u00eb tyre n\u00eb kisha si dhe problemet e ndryshme q\u00eb ndeshin n\u00eb rrug\u00ebtimin p\u00ebr t\u00eb p\u00ebrhapur dashurin\u00eb e krishter\u00eb sakrifikuese brenda dhe jasht\u00eb komunitetit besimtar. N\u00eb miq\u00ebsin\u00eb e rip\u00ebrt\u00ebrir\u00eb ato shfaq\u00ebn angazhimin p\u00ebr t\u00eb ecur p\u00ebrpara, duke k\u00ebrkuar edhe ndihm\u00eb shpirt\u00ebrore mes lidhjeve t\u00eb tyre dhe n\u00eb ve\u00e7anti nga Zyra e Katekizmit p\u00ebr m\u00ebsime t\u00eb p\u00ebrjav\u00ebshme rreth besimit. &nbsp;<\/span><\/p>\n<p style=\"text-align: justify;\"><span style=\"color: #000000; font-size: 12pt; font-family: helvetica;\">&nbsp; &nbsp; Dita e dyt\u00eb nisi me Liturgjin\u00eb Hyjnore, q\u00eb u krye nga Hir\u00ebsi Nikolla, n\u00eb kish\u00ebz\u00ebn e Skitit t\u00eb Grave Miraprur\u00ebse, n\u00eb t\u00eb cil\u00ebn u kujtuan edhe motrat tona t\u00eb fjetura n\u00eb Krishtin, q\u00eb kan\u00eb dh\u00ebn\u00eb nj\u00eb kontribut t\u00eb madh vullnetar. Nj\u00eb prej tyre ishte bashk\u00ebpun\u00ebtorja amerikane Lynette-Ekaterina Hoppe, eshtrat e s\u00eb cil\u00ebs prehen n\u00eb varrezat e fshatit Sh\u00ebn Vlash, pran\u00eb manastirit. Prandaj n\u00eb shenj\u00eb nderimi dhe dashurie p\u00ebr t\u00eb, t\u00eb gjitha grat\u00eb b\u00ebn\u00eb nj\u00eb vizit\u00eb n\u00eb varrin e saj.<\/span><\/p>\n<p style=\"text-align: justify;\"><span style=\"color: #000000; font-size: 12pt; font-family: helvetica;\">&nbsp; &nbsp; Programi vazhdoi me nj\u00eb referat interesante t\u00eb z.Miron Cako me tem\u00ebn \u201cGruaja, q\u00ebllimi i jet\u00ebs s\u00eb saj n\u00eb familje, shoq\u00ebri dhe Kish\u00eb\u201d. Referati i pasur me mjaft &nbsp;th\u00ebnie nga Shkrimi i Shenjt\u00eb dhe et\u00ebr t\u00eb &nbsp;Kish\u00ebs, p\u00ebfshiu tematika mbi krijimin e gruas, ndryshimet nd\u00ebrmjet burrit dhe gruas, r\u00ebnien e tyre n\u00eb m\u00ebkat, ardhjen e Shp\u00ebtimtarit prej Hyjlind\u00ebses s\u00eb T\u00ebr\u00ebshenjt\u00eb Mari dhe vlerat e larta shembullore t\u00eb saj, t\u00eb cilat duhet t\u00eb imitoj\u00eb \u00e7do grua p\u00ebr shp\u00ebtim.<\/span><\/p>\n<p style=\"text-align: justify;\"><span style=\"color: #000000; font-size: 12pt; font-family: helvetica;\">&nbsp; &nbsp; Mbres\u00ebl\u00ebn\u00ebse ishte vizita q\u00eb b\u00ebn\u00eb grat\u00eb n\u00eb Sht\u00ebpin\u00eb e F\u00ebmij\u00ebve \u201cShpresa\u201d brenda mjedisit t\u00eb manastirit. Ato ndjen\u00eb nga af\u00ebr dashurin\u00eb dhe entuziazmin e f\u00ebmij\u00ebve, t\u00eb cil\u00ebt kishin p\u00ebrgatitur enkas nj\u00eb program t\u00eb shkurt\u00ebr artistik me k\u00ebng\u00eb t\u00eb Pashk\u00ebs, valle dhe recitime. Mikpritja n\u00eb k\u00ebt\u00eb familje t\u00eb madhe bujare shprehte qart\u00eb mir\u00ebnjohjen e tyre ndaj Kish\u00ebs dhe Kryepiskopit Anastas.<\/span><\/p>\n<p style=\"text-align: justify;\"><span style=\"color: #000000; font-size: 12pt; font-family: helvetica;\">&nbsp; &nbsp; Seminari dyditor i grave p\u00ebrcolli mesazhe konkrete n\u00eb t\u00eb gjitha grat\u00eb pjes\u00ebmarr\u00ebse. Ato duhet t\u00eb forcojn\u00eb m\u00eb shum\u00eb kontributin e tyre brenda dhe jasht\u00eb komunitetit besimtar, duke kryer n\u00eb m\u00ebnyr\u00eb t\u00eb vazhdueshme vepra t\u00eb gjalla sh\u00ebrbimi, miq\u00ebsie dhe d\u00ebshmi t\u00eb krishter\u00eb. Gjithashtu t\u00eb gjitha grat\u00eb u pajis\u00ebn me t\u00eb gjitha informacionet kontaktuese t\u00eb secil\u00ebs prej tyre p\u00ebr t\u00eb p\u00ebrt\u00ebrir\u00eb e forcuar lidhjet e tyre si edhe p\u00ebr t\u00eb qen\u00eb t\u00eb bashkuara gjithmon\u00eb n\u00eb nj\u00eb mendje dhe n\u00eb nj\u00eb zem\u00ebr.<\/span><\/p>\n<p style=\"text-align: justify;\"><span style=\"color: #000000; font-size: 12pt; font-family: helvetica;\">&nbsp; &nbsp; Grat\u00eb seminariste shpreh\u00ebn falenderim dhe mir\u00ebnjohje t\u00eb ve\u00e7ant\u00eb p\u00ebr Kryepiskopin Anastas, q\u00eb ofroi mb\u00ebshtetjen ekonomike n\u00eb realizimin e k\u00ebtij aktiviteti.&nbsp;<\/span><\/p>\n<p>&nbsp;<\/p>\n<p style=\"text-align: right;\"><span style=\"font-size: 12pt; font-family: helvetica;\">&nbsp;&nbsp;<\/span><span style=\"color: #000000; font-size: 12pt; font-family: helvetica;\"><strong>&nbsp;&nbsp;&nbsp; Nga p\u00ebrfaq\u00ebsueset e Lidhjes s\u00eb Tiran\u00ebs<\/strong><\/span><\/p>\n<p>&nbsp;<\/p>\n<p>&nbsp;<\/p>\n<div style=\"text-align: justify;\"><span style=\"color: #000000;\"><span style=\"font-family: tahoma,geneva,sans-serif;\"><span style=\"font-size: 12px;\"><img class=\"lazyload\" decoding=\"async\" style=\"height: 450px; width: 600px; border-width: 1px; border-style: solid; margin: 10px;\" alt=\"\" src=\"data:image\/gif;base64,R0lGODlhAQABAAAAACH5BAEKAAEALAAAAAABAAEAAAICTAEAOw==\" data-orig-src=\"https:\/\/lh6.googleusercontent.com\/-5s0YWYa-dnc\/U2M8XQyNzcI\/AAAAAAAAIXA\/gI-Ae_Ln560\/w958-h719-no\/1+-+Seminari+me+grate+e+Dioqezes+se+Tiranes.JPG\" \/><\/span><\/span><\/span><\/div>\n<div style=\"text-align: justify;\"><span style=\"color: #000000;\"><span style=\"font-family: tahoma,geneva,sans-serif;\"><span style=\"font-size: 12px;\"><img class=\"lazyload\" decoding=\"async\" style=\"height: 450px; width: 600px; border-width: 1px; border-style: solid; margin: 10px;\" alt=\"\" src=\"data:image\/gif;base64,R0lGODlhAQABAAAAACH5BAEKAAEALAAAAAABAAEAAAICTAEAOw==\" data-orig-src=\"https:\/\/lh6.googleusercontent.com\/-8waX8VfZupI\/U2M8Ux1d-SI\/AAAAAAAAIWk\/fR7Am4ZI3CQ\/w958-h719-no\/2+-+Seminari+me+grate+e+Dioqezes+se+Tiranes.JPG\" \/><\/span><\/span><\/span><\/div>\n<div style=\"text-align: justify;\"><span style=\"color: #000000;\"><span style=\"font-family: tahoma,geneva,sans-serif;\"><span style=\"font-size: 12px;\"><img class=\"lazyload\" decoding=\"async\" style=\"height: 450px; width: 600px; border-width: 1px; border-style: solid; margin: 10px;\" alt=\"\" src=\"data:image\/gif;base64,R0lGODlhAQABAAAAACH5BAEKAAEALAAAAAABAAEAAAICTAEAOw==\" data-orig-src=\"https:\/\/lh6.googleusercontent.com\/-ZyIRpHD0SGs\/U2M8UkoOjNI\/AAAAAAAAIWs\/4faqHJ-E71w\/w958-h719-no\/3+-+Seminari+me+grate+e+Dioqezes+se+Tiranes.JPG\" \/><\/span><\/span><\/span><\/div>\n<div style=\"text-align: justify;\"><span style=\"color: #000000;\"><span style=\"font-family: tahoma,geneva,sans-serif;\"><span style=\"font-size: 12px;\"><img class=\"lazyload\" decoding=\"async\" style=\"height: 450px; width: 600px; border-width: 1px; border-style: solid; margin: 10px;\" alt=\"\" src=\"data:image\/gif;base64,R0lGODlhAQABAAAAACH5BAEKAAEALAAAAAABAAEAAAICTAEAOw==\" data-orig-src=\"https:\/\/lh5.googleusercontent.com\/-J3CJUiq7dyI\/U2M8U9FyD3I\/AAAAAAAAIWo\/dAYHonau_MU\/w958-h719-no\/4+-+Seminari+me+grate+e+Dioqezes+se+Tiranes.JPG\" \/><\/span><\/span><\/span><\/div>\n<div style=\"text-align: justify;\"><span style=\"color: #000000;\"><span style=\"font-family: tahoma,geneva,sans-serif;\"><span style=\"font-size: 12px;\"><img class=\"lazyload\" decoding=\"async\" style=\"height: 450px; width: 600px; border-width: 1px; border-style: solid; margin: 10px;\" alt=\"\" src=\"data:image\/gif;base64,R0lGODlhAQABAAAAACH5BAEKAAEALAAAAAABAAEAAAICTAEAOw==\" data-orig-src=\"https:\/\/lh6.googleusercontent.com\/-uoHL_e0yacY\/U2M8Wc2j5kI\/AAAAAAAAIW0\/ifWXtJ3R3rs\/w958-h719-no\/5+-+Seminari+me+grate+e+Dioqezes+se+Tiranes.JPG\" \/><\/span><\/span><\/span><\/div>\n<div style=\"text-align: justify;\">&nbsp;<\/div>\n","protected":false},"excerpt":{"rendered":"<p>&nbsp; &nbsp; Me bekimin e Kryepiskopit Anastas n\u00eb dt. 25-26 prill 2014 n\u00eb mjediset e Akademis\u00eb Teologjike n\u00eb Sh\u00ebn Vlash u zhvillua &nbsp;seminari 2 ditor me p\u00ebrfaq\u00ebsuese t\u00eb Lidhjeve t\u00eb Grave Orthodhokse t\u00eb Dioqez\u00ebs s\u00eb Tiran\u00ebs. Q\u00ebllimi i k\u00ebtij takimi ishte rip\u00ebrt\u00ebritja dhe fuqizimi i Lidhjeve t\u00eb grave n\u00ebp\u00ebrmjet mb\u00ebshtetjes dhe shk\u00ebmbimit t\u00eb p\u00ebrvojave me nj\u00ebra-tjetr\u00ebn.&nbsp; &nbsp; &nbsp; Nism\u00ebtar\u00eb t\u00eb k\u00ebsaj veprimtarie u b\u00ebn\u00eb grat\u00eb<\/p>\n","protected":false},"author":1,"featured_media":1194,"comment_status":"open","ping_status":"open","sticky":false,"template":"","format":"standard","meta":{"_acf_changed":false,"pagelayer_contact_templates":[],"_pagelayer_content":"","inline_featured_image":false,"fifu_image_url":"","fifu_image_alt":"","footnotes":""},"categories":[108],"tags":[140,154,196,212,187],"class_list":["post-1193","post","type-post","status-publish","format-standard","has-post-thumbnail","hentry","category-lajme","tag-140","tag-aktivitete","tag-tirane","tag-lajme-d27","tag-lidhja-e-grave-orthodhokse"],"acf":[],"yoast_head":"<!-- This site is optimized with the Yoast SEO plugin v27.2 - https:\/\/yoast.com\/product\/yoast-seo-wordpress\/ -->\n<title>Seminar p\u00ebr rip\u00ebrt\u00ebritjen e Lidhjeve t\u00eb Grave Orthodhokse t\u00eb Dioqez\u00ebs s\u00eb Tiran\u00ebs. (25 - 26 Prill 2014) - Kisha Orthodh\u03bfkse Autoqefale e Shqip\u00ebris\u00eb<\/title>\n<meta name=\"robots\" content=\"index, follow, max-snippet:-1, max-image-preview:large, max-video-preview:-1\" \/>\n<link rel=\"canonical\" href=\"https:\/\/orthodoxalbania.org\/2020\/2014\/05\/02\/seminar-per-riperteritjen-e-lidhjeve-te-grave-orthodhokse-te-dioqezes-se-tiranes\/\" \/>\n<meta property=\"og:locale\" content=\"en_US\" \/>\n<meta property=\"og:type\" content=\"article\" \/>\n<meta property=\"og:title\" content=\"Seminar p\u00ebr rip\u00ebrt\u00ebritjen e Lidhjeve t\u00eb Grave Orthodhokse t\u00eb Dioqez\u00ebs s\u00eb Tiran\u00ebs. (25 - 26 Prill 2014) - Kisha Orthodh\u03bfkse Autoqefale e Shqip\u00ebris\u00eb\" \/>\n<meta property=\"og:description\" content=\"&nbsp; &nbsp; Me bekimin e Kryepiskopit Anastas n\u00eb dt. 25-26 prill 2014 n\u00eb mjediset e Akademis\u00eb Teologjike n\u00eb Sh\u00ebn Vlash u zhvillua &nbsp;seminari 2 ditor me p\u00ebrfaq\u00ebsuese t\u00eb Lidhjeve t\u00eb Grave Orthodhokse t\u00eb Dioqez\u00ebs s\u00eb Tiran\u00ebs. Q\u00ebllimi i k\u00ebtij takimi ishte rip\u00ebrt\u00ebritja dhe fuqizimi i Lidhjeve t\u00eb grave n\u00ebp\u00ebrmjet mb\u00ebshtetjes dhe shk\u00ebmbimit t\u00eb p\u00ebrvojave me nj\u00ebra-tjetr\u00ebn.&nbsp; &nbsp; &nbsp; Nism\u00ebtar\u00eb t\u00eb k\u00ebsaj veprimtarie u b\u00ebn\u00eb grat\u00eb\" \/>\n<meta property=\"og:url\" content=\"https:\/\/orthodoxalbania.org\/2020\/2014\/05\/02\/seminar-per-riperteritjen-e-lidhjeve-te-grave-orthodhokse-te-dioqezes-se-tiranes\/\" \/>\n<meta property=\"og:site_name\" content=\"Kisha Orthodh\u03bfkse Autoqefale e Shqip\u00ebris\u00eb\" \/>\n<meta property=\"article:publisher\" content=\"https:\/\/www.facebook.com\/koash1991\" \/>\n<meta property=\"article:published_time\" content=\"2014-05-02T06:42:38+00:00\" \/>\n<meta property=\"article:modified_time\" content=\"2020-04-06T20:05:16+00:00\" \/>\n<meta property=\"og:image\" content=\"https:\/\/orthodoxalbania.org\/2020\/wp-content\/uploads\/2020\/04\/ne-tekst-.JPG\" \/>\n\t<meta property=\"og:image:width\" content=\"958\" \/>\n\t<meta property=\"og:image:height\" content=\"718\" \/>\n\t<meta property=\"og:image:type\" content=\"image\/jpeg\" \/>\n<meta name=\"author\" content=\"Kisha Orthodhokse\" \/>\n<meta name=\"twitter:card\" content=\"summary_large_image\" \/>\n<meta name=\"twitter:label1\" content=\"Written by\" \/>\n\t<meta name=\"twitter:data1\" content=\"Kisha Orthodhokse\" \/>\n\t<meta name=\"twitter:label2\" content=\"Est. reading time\" \/>\n\t<meta name=\"twitter:data2\" content=\"4 minutes\" \/>\n<script type=\"application\/ld+json\" class=\"yoast-schema-graph\">{\"@context\":\"https:\/\/schema.org\",\"@graph\":[{\"@type\":\"Article\",\"@id\":\"https:\/\/orthodoxalbania.org\/2020\/2014\/05\/02\/seminar-per-riperteritjen-e-lidhjeve-te-grave-orthodhokse-te-dioqezes-se-tiranes\/#article\",\"isPartOf\":{\"@id\":\"https:\/\/orthodoxalbania.org\/2020\/2014\/05\/02\/seminar-per-riperteritjen-e-lidhjeve-te-grave-orthodhokse-te-dioqezes-se-tiranes\/\"},\"author\":{\"name\":\"Kisha Orthodhokse\",\"@id\":\"https:\/\/orthodoxalbania.org\/2020\/#\/schema\/person\/0c387634a7063ac612d7ed9ce71c7e86\"},\"headline\":\"Seminar p\u00ebr rip\u00ebrt\u00ebritjen e Lidhjeve t\u00eb Grave Orthodhokse t\u00eb Dioqez\u00ebs s\u00eb Tiran\u00ebs. (25 &#8211; 26 Prill 2014)\",\"datePublished\":\"2014-05-02T06:42:38+00:00\",\"dateModified\":\"2020-04-06T20:05:16+00:00\",\"mainEntityOfPage\":{\"@id\":\"https:\/\/orthodoxalbania.org\/2020\/2014\/05\/02\/seminar-per-riperteritjen-e-lidhjeve-te-grave-orthodhokse-te-dioqezes-se-tiranes\/\"},\"wordCount\":778,\"commentCount\":0,\"publisher\":{\"@id\":\"https:\/\/orthodoxalbania.org\/2020\/#organization\"},\"image\":{\"@id\":\"https:\/\/orthodoxalbania.org\/2020\/2014\/05\/02\/seminar-per-riperteritjen-e-lidhjeve-te-grave-orthodhokse-te-dioqezes-se-tiranes\/#primaryimage\"},\"thumbnailUrl\":\"https:\/\/orthodoxalbania.org\/2020\/wp-content\/uploads\/2020\/04\/ne-tekst-.JPG\",\"keywords\":[\"2014\",\"Aktivitete\",\"Kryepiskopata Tiran\u00eb\",\"lajme\",\"Lidhja e Grave Orthodhokse\"],\"articleSection\":[\"Lajme\"],\"inLanguage\":\"en-US\"},{\"@type\":\"WebPage\",\"@id\":\"https:\/\/orthodoxalbania.org\/2020\/2014\/05\/02\/seminar-per-riperteritjen-e-lidhjeve-te-grave-orthodhokse-te-dioqezes-se-tiranes\/\",\"url\":\"https:\/\/orthodoxalbania.org\/2020\/2014\/05\/02\/seminar-per-riperteritjen-e-lidhjeve-te-grave-orthodhokse-te-dioqezes-se-tiranes\/\",\"name\":\"Seminar p\u00ebr rip\u00ebrt\u00ebritjen e Lidhjeve t\u00eb Grave Orthodhokse t\u00eb Dioqez\u00ebs s\u00eb Tiran\u00ebs. (25 - 26 Prill 2014) - Kisha Orthodh\u03bfkse Autoqefale e Shqip\u00ebris\u00eb\",\"isPartOf\":{\"@id\":\"https:\/\/orthodoxalbania.org\/2020\/#website\"},\"primaryImageOfPage\":{\"@id\":\"https:\/\/orthodoxalbania.org\/2020\/2014\/05\/02\/seminar-per-riperteritjen-e-lidhjeve-te-grave-orthodhokse-te-dioqezes-se-tiranes\/#primaryimage\"},\"image\":{\"@id\":\"https:\/\/orthodoxalbania.org\/2020\/2014\/05\/02\/seminar-per-riperteritjen-e-lidhjeve-te-grave-orthodhokse-te-dioqezes-se-tiranes\/#primaryimage\"},\"thumbnailUrl\":\"https:\/\/orthodoxalbania.org\/2020\/wp-content\/uploads\/2020\/04\/ne-tekst-.JPG\",\"datePublished\":\"2014-05-02T06:42:38+00:00\",\"dateModified\":\"2020-04-06T20:05:16+00:00\",\"breadcrumb\":{\"@id\":\"https:\/\/orthodoxalbania.org\/2020\/2014\/05\/02\/seminar-per-riperteritjen-e-lidhjeve-te-grave-orthodhokse-te-dioqezes-se-tiranes\/#breadcrumb\"},\"inLanguage\":\"en-US\",\"potentialAction\":[{\"@type\":\"ReadAction\",\"target\":[\"https:\/\/orthodoxalbania.org\/2020\/2014\/05\/02\/seminar-per-riperteritjen-e-lidhjeve-te-grave-orthodhokse-te-dioqezes-se-tiranes\/\"]}]},{\"@type\":\"ImageObject\",\"inLanguage\":\"en-US\",\"@id\":\"https:\/\/orthodoxalbania.org\/2020\/2014\/05\/02\/seminar-per-riperteritjen-e-lidhjeve-te-grave-orthodhokse-te-dioqezes-se-tiranes\/#primaryimage\",\"url\":\"https:\/\/orthodoxalbania.org\/2020\/wp-content\/uploads\/2020\/04\/ne-tekst-.JPG\",\"contentUrl\":\"https:\/\/orthodoxalbania.org\/2020\/wp-content\/uploads\/2020\/04\/ne-tekst-.JPG\",\"width\":958,\"height\":718},{\"@type\":\"BreadcrumbList\",\"@id\":\"https:\/\/orthodoxalbania.org\/2020\/2014\/05\/02\/seminar-per-riperteritjen-e-lidhjeve-te-grave-orthodhokse-te-dioqezes-se-tiranes\/#breadcrumb\",\"itemListElement\":[{\"@type\":\"ListItem\",\"position\":1,\"name\":\"Home\",\"item\":\"https:\/\/orthodoxalbania.org\/2020\/\"},{\"@type\":\"ListItem\",\"position\":2,\"name\":\"Seminar p\u00ebr rip\u00ebrt\u00ebritjen e Lidhjeve t\u00eb Grave Orthodhokse t\u00eb Dioqez\u00ebs s\u00eb Tiran\u00ebs. (25 &#8211; 26 Prill 2014)\"}]},{\"@type\":\"WebSite\",\"@id\":\"https:\/\/orthodoxalbania.org\/2020\/#website\",\"url\":\"https:\/\/orthodoxalbania.org\/2020\/\",\"name\":\"Kisha Orthodh\u03bfkse Autoqefale e Shqip\u00ebris\u00eb\",\"description\":\"Fqja Zyrtare e Kish\u00ebs Orthodhokse Autoqefale e Shqip\u00ebris\u00eb me lajmet edhe informacionet zyrtare p\u00ebr struktur\u00ebn edhe veprimtarin e saj.\",\"publisher\":{\"@id\":\"https:\/\/orthodoxalbania.org\/2020\/#organization\"},\"potentialAction\":[{\"@type\":\"SearchAction\",\"target\":{\"@type\":\"EntryPoint\",\"urlTemplate\":\"https:\/\/orthodoxalbania.org\/2020\/?s={search_term_string}\"},\"query-input\":{\"@type\":\"PropertyValueSpecification\",\"valueRequired\":true,\"valueName\":\"search_term_string\"}}],\"inLanguage\":\"en-US\"},{\"@type\":\"Organization\",\"@id\":\"https:\/\/orthodoxalbania.org\/2020\/#organization\",\"name\":\"Kisha Orthodhokse Autoqefale e Shqip\u00ebris\u00eb\",\"url\":\"https:\/\/orthodoxalbania.org\/2020\/\",\"logo\":{\"@type\":\"ImageObject\",\"inLanguage\":\"en-US\",\"@id\":\"https:\/\/orthodoxalbania.org\/2020\/#\/schema\/logo\/image\/\",\"url\":\"https:\/\/orthodoxalbania.org\/2020\/wp-content\/uploads\/2020\/05\/albania.jpeg\",\"contentUrl\":\"https:\/\/orthodoxalbania.org\/2020\/wp-content\/uploads\/2020\/05\/albania.jpeg\",\"width\":540,\"height\":540,\"caption\":\"Kisha Orthodhokse Autoqefale e Shqip\u00ebris\u00eb\"},\"image\":{\"@id\":\"https:\/\/orthodoxalbania.org\/2020\/#\/schema\/logo\/image\/\"},\"sameAs\":[\"https:\/\/www.facebook.com\/koash1991\"]},{\"@type\":\"Person\",\"@id\":\"https:\/\/orthodoxalbania.org\/2020\/#\/schema\/person\/0c387634a7063ac612d7ed9ce71c7e86\",\"name\":\"Kisha Orthodhokse\",\"image\":{\"@type\":\"ImageObject\",\"inLanguage\":\"en-US\",\"@id\":\"https:\/\/secure.gravatar.com\/avatar\/596e7c417251e30f2fbb9c00e026fce61a695a00e51c889caded71c96cbbdde5?s=96&d=mm&r=g\",\"url\":\"https:\/\/secure.gravatar.com\/avatar\/596e7c417251e30f2fbb9c00e026fce61a695a00e51c889caded71c96cbbdde5?s=96&d=mm&r=g\",\"contentUrl\":\"https:\/\/secure.gravatar.com\/avatar\/596e7c417251e30f2fbb9c00e026fce61a695a00e51c889caded71c96cbbdde5?s=96&d=mm&r=g\",\"caption\":\"Kisha Orthodhokse\"}}]}<\/script>\n<!-- \/ Yoast SEO plugin. -->","yoast_head_json":{"title":"Seminar p\u00ebr rip\u00ebrt\u00ebritjen e Lidhjeve t\u00eb Grave Orthodhokse t\u00eb Dioqez\u00ebs s\u00eb Tiran\u00ebs. (25 - 26 Prill 2014) - Kisha Orthodh\u03bfkse Autoqefale e Shqip\u00ebris\u00eb","robots":{"index":"index","follow":"follow","max-snippet":"max-snippet:-1","max-image-preview":"max-image-preview:large","max-video-preview":"max-video-preview:-1"},"canonical":"https:\/\/orthodoxalbania.org\/2020\/2014\/05\/02\/seminar-per-riperteritjen-e-lidhjeve-te-grave-orthodhokse-te-dioqezes-se-tiranes\/","og_locale":"en_US","og_type":"article","og_title":"Seminar p\u00ebr rip\u00ebrt\u00ebritjen e Lidhjeve t\u00eb Grave Orthodhokse t\u00eb Dioqez\u00ebs s\u00eb Tiran\u00ebs. (25 - 26 Prill 2014) - Kisha Orthodh\u03bfkse Autoqefale e Shqip\u00ebris\u00eb","og_description":"&nbsp; &nbsp; Me bekimin e Kryepiskopit Anastas n\u00eb dt. 25-26 prill 2014 n\u00eb mjediset e Akademis\u00eb Teologjike n\u00eb Sh\u00ebn Vlash u zhvillua &nbsp;seminari 2 ditor me p\u00ebrfaq\u00ebsuese t\u00eb Lidhjeve t\u00eb Grave Orthodhokse t\u00eb Dioqez\u00ebs s\u00eb Tiran\u00ebs. Q\u00ebllimi i k\u00ebtij takimi ishte rip\u00ebrt\u00ebritja dhe fuqizimi i Lidhjeve t\u00eb grave n\u00ebp\u00ebrmjet mb\u00ebshtetjes dhe shk\u00ebmbimit t\u00eb p\u00ebrvojave me nj\u00ebra-tjetr\u00ebn.&nbsp; &nbsp; &nbsp; Nism\u00ebtar\u00eb t\u00eb k\u00ebsaj veprimtarie u b\u00ebn\u00eb grat\u00eb","og_url":"https:\/\/orthodoxalbania.org\/2020\/2014\/05\/02\/seminar-per-riperteritjen-e-lidhjeve-te-grave-orthodhokse-te-dioqezes-se-tiranes\/","og_site_name":"Kisha Orthodh\u03bfkse Autoqefale e Shqip\u00ebris\u00eb","article_publisher":"https:\/\/www.facebook.com\/koash1991","article_published_time":"2014-05-02T06:42:38+00:00","article_modified_time":"2020-04-06T20:05:16+00:00","og_image":[{"width":958,"height":718,"url":"https:\/\/orthodoxalbania.org\/2020\/wp-content\/uploads\/2020\/04\/ne-tekst-.JPG","type":"image\/jpeg"}],"author":"Kisha Orthodhokse","twitter_card":"summary_large_image","twitter_misc":{"Written by":"Kisha Orthodhokse","Est. reading time":"4 minutes"},"schema":{"@context":"https:\/\/schema.org","@graph":[{"@type":"Article","@id":"https:\/\/orthodoxalbania.org\/2020\/2014\/05\/02\/seminar-per-riperteritjen-e-lidhjeve-te-grave-orthodhokse-te-dioqezes-se-tiranes\/#article","isPartOf":{"@id":"https:\/\/orthodoxalbania.org\/2020\/2014\/05\/02\/seminar-per-riperteritjen-e-lidhjeve-te-grave-orthodhokse-te-dioqezes-se-tiranes\/"},"author":{"name":"Kisha Orthodhokse","@id":"https:\/\/orthodoxalbania.org\/2020\/#\/schema\/person\/0c387634a7063ac612d7ed9ce71c7e86"},"headline":"Seminar p\u00ebr rip\u00ebrt\u00ebritjen e Lidhjeve t\u00eb Grave Orthodhokse t\u00eb Dioqez\u00ebs s\u00eb Tiran\u00ebs. (25 &#8211; 26 Prill 2014)","datePublished":"2014-05-02T06:42:38+00:00","dateModified":"2020-04-06T20:05:16+00:00","mainEntityOfPage":{"@id":"https:\/\/orthodoxalbania.org\/2020\/2014\/05\/02\/seminar-per-riperteritjen-e-lidhjeve-te-grave-orthodhokse-te-dioqezes-se-tiranes\/"},"wordCount":778,"commentCount":0,"publisher":{"@id":"https:\/\/orthodoxalbania.org\/2020\/#organization"},"image":{"@id":"https:\/\/orthodoxalbania.org\/2020\/2014\/05\/02\/seminar-per-riperteritjen-e-lidhjeve-te-grave-orthodhokse-te-dioqezes-se-tiranes\/#primaryimage"},"thumbnailUrl":"https:\/\/orthodoxalbania.org\/2020\/wp-content\/uploads\/2020\/04\/ne-tekst-.JPG","keywords":["2014","Aktivitete","Kryepiskopata Tiran\u00eb","lajme","Lidhja e Grave Orthodhokse"],"articleSection":["Lajme"],"inLanguage":"en-US"},{"@type":"WebPage","@id":"https:\/\/orthodoxalbania.org\/2020\/2014\/05\/02\/seminar-per-riperteritjen-e-lidhjeve-te-grave-orthodhokse-te-dioqezes-se-tiranes\/","url":"https:\/\/orthodoxalbania.org\/2020\/2014\/05\/02\/seminar-per-riperteritjen-e-lidhjeve-te-grave-orthodhokse-te-dioqezes-se-tiranes\/","name":"Seminar p\u00ebr rip\u00ebrt\u00ebritjen e Lidhjeve t\u00eb Grave Orthodhokse t\u00eb Dioqez\u00ebs s\u00eb Tiran\u00ebs. (25 - 26 Prill 2014) - Kisha Orthodh\u03bfkse Autoqefale e Shqip\u00ebris\u00eb","isPartOf":{"@id":"https:\/\/orthodoxalbania.org\/2020\/#website"},"primaryImageOfPage":{"@id":"https:\/\/orthodoxalbania.org\/2020\/2014\/05\/02\/seminar-per-riperteritjen-e-lidhjeve-te-grave-orthodhokse-te-dioqezes-se-tiranes\/#primaryimage"},"image":{"@id":"https:\/\/orthodoxalbania.org\/2020\/2014\/05\/02\/seminar-per-riperteritjen-e-lidhjeve-te-grave-orthodhokse-te-dioqezes-se-tiranes\/#primaryimage"},"thumbnailUrl":"https:\/\/orthodoxalbania.org\/2020\/wp-content\/uploads\/2020\/04\/ne-tekst-.JPG","datePublished":"2014-05-02T06:42:38+00:00","dateModified":"2020-04-06T20:05:16+00:00","breadcrumb":{"@id":"https:\/\/orthodoxalbania.org\/2020\/2014\/05\/02\/seminar-per-riperteritjen-e-lidhjeve-te-grave-orthodhokse-te-dioqezes-se-tiranes\/#breadcrumb"},"inLanguage":"en-US","potentialAction":[{"@type":"ReadAction","target":["https:\/\/orthodoxalbania.org\/2020\/2014\/05\/02\/seminar-per-riperteritjen-e-lidhjeve-te-grave-orthodhokse-te-dioqezes-se-tiranes\/"]}]},{"@type":"ImageObject","inLanguage":"en-US","@id":"https:\/\/orthodoxalbania.org\/2020\/2014\/05\/02\/seminar-per-riperteritjen-e-lidhjeve-te-grave-orthodhokse-te-dioqezes-se-tiranes\/#primaryimage","url":"https:\/\/orthodoxalbania.org\/2020\/wp-content\/uploads\/2020\/04\/ne-tekst-.JPG","contentUrl":"https:\/\/orthodoxalbania.org\/2020\/wp-content\/uploads\/2020\/04\/ne-tekst-.JPG","width":958,"height":718},{"@type":"BreadcrumbList","@id":"https:\/\/orthodoxalbania.org\/2020\/2014\/05\/02\/seminar-per-riperteritjen-e-lidhjeve-te-grave-orthodhokse-te-dioqezes-se-tiranes\/#breadcrumb","itemListElement":[{"@type":"ListItem","position":1,"name":"Home","item":"https:\/\/orthodoxalbania.org\/2020\/"},{"@type":"ListItem","position":2,"name":"Seminar p\u00ebr rip\u00ebrt\u00ebritjen e Lidhjeve t\u00eb Grave Orthodhokse t\u00eb Dioqez\u00ebs s\u00eb Tiran\u00ebs. (25 &#8211; 26 Prill 2014)"}]},{"@type":"WebSite","@id":"https:\/\/orthodoxalbania.org\/2020\/#website","url":"https:\/\/orthodoxalbania.org\/2020\/","name":"Kisha Orthodh\u03bfkse Autoqefale e Shqip\u00ebris\u00eb","description":"Fqja Zyrtare e Kish\u00ebs Orthodhokse Autoqefale e Shqip\u00ebris\u00eb me lajmet edhe informacionet zyrtare p\u00ebr struktur\u00ebn edhe veprimtarin e saj.","publisher":{"@id":"https:\/\/orthodoxalbania.org\/2020\/#organization"},"potentialAction":[{"@type":"SearchAction","target":{"@type":"EntryPoint","urlTemplate":"https:\/\/orthodoxalbania.org\/2020\/?s={search_term_string}"},"query-input":{"@type":"PropertyValueSpecification","valueRequired":true,"valueName":"search_term_string"}}],"inLanguage":"en-US"},{"@type":"Organization","@id":"https:\/\/orthodoxalbania.org\/2020\/#organization","name":"Kisha Orthodhokse Autoqefale e Shqip\u00ebris\u00eb","url":"https:\/\/orthodoxalbania.org\/2020\/","logo":{"@type":"ImageObject","inLanguage":"en-US","@id":"https:\/\/orthodoxalbania.org\/2020\/#\/schema\/logo\/image\/","url":"https:\/\/orthodoxalbania.org\/2020\/wp-content\/uploads\/2020\/05\/albania.jpeg","contentUrl":"https:\/\/orthodoxalbania.org\/2020\/wp-content\/uploads\/2020\/05\/albania.jpeg","width":540,"height":540,"caption":"Kisha Orthodhokse Autoqefale e Shqip\u00ebris\u00eb"},"image":{"@id":"https:\/\/orthodoxalbania.org\/2020\/#\/schema\/logo\/image\/"},"sameAs":["https:\/\/www.facebook.com\/koash1991"]},{"@type":"Person","@id":"https:\/\/orthodoxalbania.org\/2020\/#\/schema\/person\/0c387634a7063ac612d7ed9ce71c7e86","name":"Kisha Orthodhokse","image":{"@type":"ImageObject","inLanguage":"en-US","@id":"https:\/\/secure.gravatar.com\/avatar\/596e7c417251e30f2fbb9c00e026fce61a695a00e51c889caded71c96cbbdde5?s=96&d=mm&r=g","url":"https:\/\/secure.gravatar.com\/avatar\/596e7c417251e30f2fbb9c00e026fce61a695a00e51c889caded71c96cbbdde5?s=96&d=mm&r=g","contentUrl":"https:\/\/secure.gravatar.com\/avatar\/596e7c417251e30f2fbb9c00e026fce61a695a00e51c889caded71c96cbbdde5?s=96&d=mm&r=g","caption":"Kisha Orthodhokse"}}]}},"_links":{"self":[{"href":"https:\/\/orthodoxalbania.org\/2020\/wp-json\/wp\/v2\/posts\/1193","targetHints":{"allow":["GET"]}}],"collection":[{"href":"https:\/\/orthodoxalbania.org\/2020\/wp-json\/wp\/v2\/posts"}],"about":[{"href":"https:\/\/orthodoxalbania.org\/2020\/wp-json\/wp\/v2\/types\/post"}],"author":[{"embeddable":true,"href":"https:\/\/orthodoxalbania.org\/2020\/wp-json\/wp\/v2\/users\/1"}],"replies":[{"embeddable":true,"href":"https:\/\/orthodoxalbania.org\/2020\/wp-json\/wp\/v2\/comments?post=1193"}],"version-history":[{"count":1,"href":"https:\/\/orthodoxalbania.org\/2020\/wp-json\/wp\/v2\/posts\/1193\/revisions"}],"predecessor-version":[{"id":15100,"href":"https:\/\/orthodoxalbania.org\/2020\/wp-json\/wp\/v2\/posts\/1193\/revisions\/15100"}],"wp:featuredmedia":[{"embeddable":true,"href":"https:\/\/orthodoxalbania.org\/2020\/wp-json\/wp\/v2\/media\/1194"}],"wp:attachment":[{"href":"https:\/\/orthodoxalbania.org\/2020\/wp-json\/wp\/v2\/media?parent=1193"}],"wp:term":[{"taxonomy":"category","embeddable":true,"href":"https:\/\/orthodoxalbania.org\/2020\/wp-json\/wp\/v2\/categories?post=1193"},{"taxonomy":"post_tag","embeddable":true,"href":"https:\/\/orthodoxalbania.org\/2020\/wp-json\/wp\/v2\/tags?post=1193"}],"curies":[{"name":"wp","href":"https:\/\/api.w.org\/{rel}","templated":true}]}}