{"id":1192,"date":"2007-02-26T00:00:00","date_gmt":"2007-02-26T00:00:00","guid":{"rendered":""},"modified":"2020-04-06T22:35:47","modified_gmt":"2020-04-06T20:35:47","slug":"seminar-me-grate-orthodhokse-te-dioqezes-se-tiranes-mars-07","status":"publish","type":"post","link":"https:\/\/orthodoxalbania.org\/2020\/2007\/02\/26\/seminar-me-grate-orthodhokse-te-dioqezes-se-tiranes-mars-07\/","title":{"rendered":"Seminar me grat\u00eb orthodhokse t\u00eb Dioqez\u00ebs s\u00eb Tiran\u00ebs. (9 &#8211; 11 Mars 2007)"},"content":{"rendered":"<table id=\"AutoNumber4\" border=\"0\">\n<tbody>\n<tr>\n<td colspan=\"2\">\n<div style=\"text-align: justify;\"><span style=\"color: #000000;\"><span style=\"font-family: tahoma,geneva,sans-serif;\"><span style=\"font-size: 12px;\">&nbsp;&nbsp;&nbsp; Zyra e Lidhjes s\u00eb Grave \u201cP\u00ebrhapja e Dashuris\u00eb\u201d t\u00eb Kish\u00ebs Orthodhokse Autoqefale t\u00eb Shqip\u00ebris\u00eb organizoi me bekimin e Kryepiskopit Anastas nj\u00eb seminar me grat\u00eb orthodhokse t\u00eb Dioqez\u00ebs t\u00eb Tiran\u00ebs me tem\u00eb: \u201cRoli i gruas n\u00eb familje dhe n\u00eb Kish\u00eb\u201d. Veprimtaria u zhvillua n\u00eb Manastirin e Sh\u00ebn Vlashit n\u00eb dt. 9 &#8211; 11 Mars 2007.<\/span><\/span><\/span><\/div>\n<\/td>\n<\/tr>\n<tr>\n<td>\n<div style=\"text-align: center;\"><span style=\"color: #000000;\"><span style=\"font-family: tahoma,geneva,sans-serif;\"><span style=\"font-size: 12px;\">&nbsp;<img decoding=\"async\" class=\"lazyload HAa Eha\" style=\"border-width: 1px; border-style: solid; margin: 10px;\" alt=\"\" src=\"data:image\/gif;base64,R0lGODlhAQABAAAAACH5BAEKAAEALAAAAAABAAEAAAICTAEAOw==\" data-orig-src=\"https:\/\/lh3.googleusercontent.com\/-va91wnLhnAo\/VIlGKjJFzJI\/AAAAAAAAGKA\/SGfEFvxgP2k\/w370-h249-no\/pic1.jpg\" \/><\/span><\/span><\/span><\/div>\n<\/td>\n<td>\n<div style=\"text-align: justify;\"><span style=\"color: #000000;\"><span style=\"font-family: tahoma,geneva,sans-serif;\"><span style=\"font-size: 12px;\">&nbsp;&nbsp;&nbsp; Merrnin pjes\u00eb rreth 60 gra aktiviste dhe prift\u00ebresha nga Tirana, Durr\u00ebsi, Kavaja, Elbasani, C\u00ebrriku dhe Gramshi. Q\u00ebllimi i k\u00ebtij aktiviteti ishte q\u00eb t\u00eb forconte dashurin\u00eb e krishter\u00eb midis grave dhe t\u2019i aktivizoj\u00eb ato t\u00eb rrisin pjes\u00ebmarrjen e tyre n\u00eb jet\u00ebn shpirt\u00ebrore dhe veprimtarit\u00eb e ndryshme sociale q\u00eb organizon Zyra e Grave n\u00eb sh\u00ebrbim t\u00eb njer\u00ebzve n\u00eb nevoj\u00eb.<\/span><\/span><\/span><\/div>\n<\/td>\n<\/tr>\n<tr>\n<td>\n<div style=\"text-align: justify;\"><span style=\"color: #000000;\"><span style=\"font-family: tahoma,geneva,sans-serif;\"><span style=\"font-size: 12px;\">&nbsp;&nbsp;&nbsp; Programi i seminarit filloi me Himnin Akathist drejtuar Hyjlind\u00ebses Mari dhe vijoi me bised\u00ebn e Episkopit t\u00eb Apolonis\u00eb, Hir\u00ebsi Nikoll\u00ebs me tem\u00eb: \u201cSh\u00ebn Maria shembull i n\u00ebnave\u201d.&nbsp;<\/span><\/span><\/span><\/div>\n<\/td>\n<td>\n<div><span style=\"color: #000000;\"><span style=\"font-family: tahoma,geneva,sans-serif;\"><span style=\"font-size: 12px;\"><img decoding=\"async\" class=\"lazyload HAa Eha\" style=\"border-width: 1px; border-style: solid; margin: 10px auto; display: block;\" alt=\"\" src=\"data:image\/gif;base64,R0lGODlhAQABAAAAACH5BAEKAAEALAAAAAABAAEAAAICTAEAOw==\" data-orig-src=\"https:\/\/lh6.googleusercontent.com\/-TnZS9Pdx-vY\/VIlGKq4_dQI\/AAAAAAAAGJ4\/ttg5zI-aUWc\/w370-h297-no\/pic2.jpg\" \/><\/span><\/span><\/span><\/div>\n<\/td>\n<\/tr>\n<tr>\n<td>\n<div><span style=\"color: #000000;\"><span style=\"font-family: tahoma,geneva,sans-serif;\"><span style=\"font-size: 12px;\">&nbsp;<img decoding=\"async\" class=\"lazyload HAa Eha\" style=\"border-width: 1px; border-style: solid; margin: 10px auto; display: block;\" alt=\"\" src=\"data:image\/gif;base64,R0lGODlhAQABAAAAACH5BAEKAAEALAAAAAABAAEAAAICTAEAOw==\" data-orig-src=\"https:\/\/lh3.googleusercontent.com\/-wn5uZskwv1I\/VIlGKny7-BI\/AAAAAAAAGJ0\/DOOOYyNZcFk\/w370-h229-no\/pic3.jpg\" \/><\/span><\/span><\/span><\/div>\n<\/td>\n<td>\n<div style=\"text-align: justify;\"><span style=\"color: #000000;\"><span style=\"font-family: tahoma,geneva,sans-serif;\"><span style=\"font-size: 12px;\">&nbsp;&nbsp;&nbsp; N\u00eb mbr\u00ebmje pedagogu i Akademis\u00eb Teologjike, z. Nathan Hoppe zhvilloi referatin \u201cP\u00ebr jet\u00ebn e bot\u00ebs\u201d dhe n\u00eb fund dita e par\u00eb u mbyll me nj\u00eb konkurs interesant me pyetje mbi Shkrimin e Shenjt\u00eb dhe besimin ton\u00eb orthodhoks. K\u00ebtu grat\u00eb mor\u00ebn pjes\u00eb gjall\u00ebrisht duke zbuluar njohurit\u00eb e tyre n\u00eb k\u00ebt\u00eb fush\u00eb dhe u nxit\u00ebn p\u00ebr t\u00eb studiuar m\u00eb shum\u00eb e t\u00eb dalin fituese n\u00eb konkurse t\u00eb tjera.<\/span><\/span><\/span><\/div>\n<\/td>\n<\/tr>\n<tr>\n<td>\n<div style=\"text-align: justify;\"><span style=\"color: #000000;\"><span style=\"font-family: tahoma,geneva,sans-serif;\"><span style=\"font-size: 12px;\">&nbsp;&nbsp;&nbsp; Dit\u00ebn e dyt\u00eb n\u00eb seminar ishte ftuar Hir\u00ebsi Andoni, i cili fillimisht transmetoi bekimet e Kryepiskopit Anastas p\u00ebr mbar\u00ebvajtjen e aktivitetit dhe m\u00eb pas zhvilloi nj\u00eb bised\u00eb t\u00eb ngroht\u00eb shpirt\u00ebrore mbi virtytet q\u00eb duhet t\u00eb kultivoj\u00eb gruaja e krishter\u00eb, duke u ndalur tek virtyti i dashuris\u00eb. N\u00eb fund Hir\u00ebsia e mbylli bised\u00ebn me fjal\u00ebt e Zotit: \u201cT\u00eb doni nj\u00ebri-tjetrin, si\u00e7 ju desha un\u00eb ju. Prej k\u00ebsaj do t\u201dju njohin&nbsp; ju t\u00eb gjith\u00eb se jeni nx\u00ebn\u00ebsit e mi\u201d (Joani 13 : 34 &#8211; 35 ).<\/span><\/span><\/span><\/div>\n<\/td>\n<td>\n<div style=\"text-align: justify;\">&nbsp;<\/div>\n<p style=\"text-align: center;\"><img decoding=\"async\" class=\"lazyload HAa Eha\" style=\"border-width: 1px; border-style: solid; margin: 10px;\" alt=\"\" src=\"data:image\/gif;base64,R0lGODlhAQABAAAAACH5BAEKAAEALAAAAAABAAEAAAICTAEAOw==\" data-orig-src=\"https:\/\/lh4.googleusercontent.com\/-OSi-PavEemI\/VIlGLKuGiyI\/AAAAAAAAGJU\/7TqoOkulCVg\/w370-h254-no\/pic4.jpg\" \/><\/p>\n<\/td>\n<\/tr>\n<tr>\n<td>\n<div><span style=\"color: #000000;\"><span style=\"font-family: tahoma,geneva,sans-serif;\"><span style=\"font-size: 12px;\"><img decoding=\"async\" class=\"lazyload HAa Eha\" style=\"border-width: 1px; border-style: solid; margin: 10px auto; display: block;\" alt=\"\" src=\"data:image\/gif;base64,R0lGODlhAQABAAAAACH5BAEKAAEALAAAAAABAAEAAAICTAEAOw==\" data-orig-src=\"https:\/\/lh3.googleusercontent.com\/-Dh2Cch2NITw\/VIlGLQuAkwI\/AAAAAAAAGJc\/_jgx1jskFyQ\/w370-h225-no\/pic5.jpg\" \/><\/span><\/span><\/span><\/div>\n<\/td>\n<td>\n<div style=\"text-align: justify;\"><span style=\"color: #000000;\"><span style=\"font-family: tahoma,geneva,sans-serif;\"><span style=\"font-size: 12px;\">&nbsp;&nbsp;&nbsp;&nbsp; Pjes\u00eb e r\u00ebnd\u00ebsishme e programit ishte edhe prezantimi i aktivitetit shpirt\u00ebror e social t\u00eb zyr\u00ebs s\u00eb Lidhjes s\u00eb Grave t\u00eb Tiran\u00ebs. K\u00ebtu&nbsp; u paraqit shkurtimisht puna 14 vje\u00e7are e grave&nbsp; n\u00eb Kish\u00eb q\u00eb nisi me 7 gra besimtare dhe m\u00eb von\u00eb u zgjerua si n\u00eb num\u00ebr ashtu edhe n\u00eb veprimtari.<\/span><\/span><\/span><\/div>\n<\/td>\n<\/tr>\n<tr>\n<td>\n<div style=\"text-align: justify;\">&nbsp;<\/div>\n<\/td>\n<td style=\"text-align: justify;\">\n<div>&nbsp;<\/div>\n<\/td>\n<\/tr>\n<tr>\n<td>\n<div style=\"text-align: justify;\"><span style=\"color: #000000;\"><span style=\"font-family: tahoma,geneva,sans-serif;\"><span style=\"font-size: 12px;\">&nbsp;&nbsp;&nbsp;&nbsp; U shfaq\u00ebn me diapozitiv pamje nga takimet shpirt\u00ebrore dhe sh\u00ebrbime e ndihma n\u00eb azil, burg, jetimore, vizita n\u00eb sht\u00ebpi, tek t\u00eb s\u00ebmur\u00ebt, t\u00eb moshuarit etj. T\u00eb gjitha k\u00ebto nd\u00ebrgjegj\u00ebsuan grat\u00eb e qyteteve t\u00eb tjera q\u00eb t\u00eb ndjekin edhe ato shembullin e grave t\u00eb Tiran\u00ebs.<\/span><\/span><\/span><\/div>\n<\/td>\n<td>\n<div><span style=\"color: #000000;\"><span style=\"font-family: tahoma,geneva,sans-serif;\"><span style=\"font-size: 12px;\"><img decoding=\"async\" class=\"lazyload HAa Eha\" style=\"border-width: 1px; border-style: solid; margin: 10px auto; display: block;\" alt=\"\" src=\"data:image\/gif;base64,R0lGODlhAQABAAAAACH5BAEKAAEALAAAAAABAAEAAAICTAEAOw==\" data-orig-src=\"https:\/\/lh5.googleusercontent.com\/-zywT-d9Wr1U\/VIlGLvPrXjI\/AAAAAAAAGJs\/QgPnDqoKbks\/w370-h249-no\/pic6.jpg\" \/><\/span><\/span><\/span><\/div>\n<\/td>\n<\/tr>\n<tr>\n<td dir=\"ltr\" style=\"text-align: justify;\">\n<div><span style=\"color: #000000;\"><span style=\"font-family: tahoma,geneva,sans-serif;\"><span style=\"font-size: 12px;\"><img decoding=\"async\" class=\"lazyload HAa Eha\" style=\"border-width: 1px; border-style: solid; margin: 10px auto; display: block;\" alt=\"\" src=\"data:image\/gif;base64,R0lGODlhAQABAAAAACH5BAEKAAEALAAAAAABAAEAAAICTAEAOw==\" data-orig-src=\"https:\/\/lh6.googleusercontent.com\/-lJ14EgAMHvw\/VIlGMfMhTUI\/AAAAAAAAGJw\/SvpID4NWSx8\/w370-h249-no\/pic7.jpg\" \/><\/span><\/span><\/span><\/div>\n<\/td>\n<td dir=\"ltr\">\n<div style=\"text-align: justify;\"><span style=\"color: #000000;\"><span style=\"font-family: tahoma,geneva,sans-serif;\"><span style=\"font-size: 12px;\">&nbsp;&nbsp;&nbsp;&nbsp; Nj\u00eb ndihmes\u00eb t\u00eb ve\u00e7ant\u00eb n\u00eb seminar dha stafi i Qendr\u00ebs Studentore, stafi i Zyr\u00ebs s\u00eb F\u00ebmij\u00ebve dhe student\u00ebt e Akademis\u00eb Teologjike q\u00eb p\u00ebrgatit\u00ebn programe t\u00eb pasura shpirt\u00ebrore me psalme dhe k\u00ebng\u00eb t\u00eb krishtera, arg\u00ebtime e meditime si edhe ndihmuan n\u00eb sh\u00ebrbimin e ushqimit. N\u00eb nj\u00eb nga ambientet e seminarit u vendos nj\u00eb kuti kartoni e titulluar \u201cKontribut p\u00ebr aktivitetin\u201d , t\u00eb ardhura q\u00eb sh\u00ebrbyen&nbsp; p\u00ebr&nbsp; t\u00eb likuiduar 1\/3 e shpenzimeve t\u00eb udh\u00ebtimit.<\/span><\/span><\/span><\/div>\n<\/td>\n<\/tr>\n<tr>\n<td dir=\"ltr\">\n<div style=\"text-align: justify;\"><span style=\"color: #000000;\"><span style=\"font-family: tahoma,geneva,sans-serif;\"><span style=\"font-size: 12px;\">&nbsp;&nbsp;&nbsp;&nbsp; Gjithashtu dit\u00ebn e dyt\u00eb t\u00eb seminarit u zhvillua tema \u201cT\u00eb m\u00ebsojm\u00eb si b\u00ebhet mesha dhe gruri\u201d, ku grat\u00eb p\u00ebrgatit\u00ebn p\u00ebrshpirtje n\u00eb kujtim t\u00eb n\u00ebnave dhe motrave t\u00eb fjetura q\u00eb kan\u00eb qen\u00eb aktiviste n\u00eb grupin vullnetar. Gjat\u00eb koh\u00ebs s\u00eb lir\u00eb,&nbsp; grat\u00eb shkuan n\u00eb varrin e motr\u00ebs son\u00eb Lineta Hoppe n\u00eb shenj\u00eb dashurie, respekti dhe malli. M\u00eb pas, ato vizituan Sht\u00ebpin\u00eb e F\u00ebmij\u00ebs \u201cShpresa\u201d ku u prit\u00ebn me g\u00ebzim nga f\u00ebmij\u00ebt,&nbsp; t\u00eb cil\u00ebt dhan\u00eb nj\u00eb koncert t\u00eb bukur artistik me k\u00ebng\u00eb dhe recitime.<\/span><\/span><\/span><\/div>\n<\/td>\n<td dir=\"ltr\">\n<div><span style=\"color: #000000;\"><span style=\"font-family: tahoma,geneva,sans-serif;\"><span style=\"font-size: 12px;\"><img decoding=\"async\" class=\"lazyload HAa Eha\" style=\"border-width: 1px; border-style: solid; margin: 10px auto; display: block;\" alt=\"\" src=\"data:image\/gif;base64,R0lGODlhAQABAAAAACH5BAEKAAEALAAAAAABAAEAAAICTAEAOw==\" data-orig-src=\"https:\/\/lh6.googleusercontent.com\/-an3ZykAV5OI\/VIlGMRGVoLI\/AAAAAAAAGJo\/mcMIh4s3QQA\/w370-h249-no\/pic8.jpg\" \/><\/span><\/span><\/span><\/div>\n<\/td>\n<\/tr>\n<tr>\n<td dir=\"ltr\" colspan=\"2\">\n<div style=\"text-align: justify;\"> <span style=\"color: #000000;\"><span style=\"font-family: tahoma,geneva,sans-serif;\"><span style=\"font-size: 12px;\">&nbsp;&nbsp;&nbsp;&nbsp; Dit\u00ebn e diel, pas Liturgjis\u00eb Hyjnore, grat\u00eb u mblodh\u00ebn n\u00eb drek\u00ebn e fal\u00ebnderimit dhe aty shpreh\u00ebn me mir\u00ebnjohje mbresat dhe p\u00ebrshtypjet e tyre t\u00eb thella. Kujtim i paharruar ishte dosja me materiale shpirt\u00ebrore. N\u00eb m\u00ebnyr\u00eb t\u00eb ve\u00e7ant\u00eb t\u00eb gjitha s\u00eb bashku, me nj\u00eb mendje dhe me nj\u00eb zem\u00ebr fal\u00ebnderuan p\u00ebrzem\u00ebrsisht Per\u00ebndin\u00eb si edhe Kryepiskopin Anastas q\u00eb dha bekimet dhe kontributin e tij financiar p\u00ebr t\u00eb gjitha shpenzimet e seminarit. N\u00eb fund&nbsp; u dhan\u00eb detyra konkrete p\u00ebr veprimtarit\u00eb social-shpirt\u00ebrore q\u00eb do t\u00eb zhvillojn\u00eb grat\u00eb e Dioqez\u00ebs s\u00eb Tiran\u00ebs n\u00eb t\u00eb ardhmen.&nbsp;<\/span><\/span><\/span><br \/> &nbsp;<\/div>\n<\/td>\n<\/tr>\n<tr>\n<td dir=\"ltr\" colspan=\"2\">\n<div style=\"text-align: justify;\">&nbsp;<\/div>\n<div style=\"text-align: justify;\">&nbsp;<\/div>\n<div style=\"text-align: justify;\"><span style=\"color: #000000;\"><span style=\"font-family: tahoma,geneva,sans-serif;\"><span style=\"font-size: 12px;\"><strong>Rajmonda Shqevi<\/strong><\/span><\/span><\/span><\/div>\n<div style=\"text-align: justify;\"><span style=\"color: #000000;\"><span style=\"font-family: tahoma,geneva,sans-serif;\"><span style=\"font-size: 12px;\">P\u00ebrgjegj\u00ebse e Lidhjes s\u00eb Grave t\u00eb Tiran\u00ebs<\/span><\/span><\/span><\/div>\n<\/td>\n<\/tr>\n<\/tbody>\n<\/table>\n","protected":false},"excerpt":{"rendered":"<p>&nbsp;&nbsp;&nbsp; Zyra e Lidhjes s\u00eb Grave \u201cP\u00ebrhapja e Dashuris\u00eb\u201d t\u00eb Kish\u00ebs Orthodhokse Autoqefale t\u00eb Shqip\u00ebris\u00eb organizoi me bekimin e Kryepiskopit Anastas nj\u00eb seminar me grat\u00eb orthodhokse t\u00eb Dioqez\u00ebs t\u00eb Tiran\u00ebs me tem\u00eb: \u201cRoli i gruas n\u00eb familje dhe n\u00eb Kish\u00eb\u201d. Veprimtaria u zhvillua n\u00eb Manastirin e Sh\u00ebn Vlashit n\u00eb dt. 9 &#8211; 11 Mars 2007. &nbsp; &nbsp;&nbsp;&nbsp; Merrnin pjes\u00eb rreth 60 gra aktiviste dhe prift\u00ebresha<\/p>\n","protected":false},"author":1,"featured_media":0,"comment_status":"open","ping_status":"open","sticky":false,"template":"","format":"standard","meta":{"_acf_changed":false,"pagelayer_contact_templates":[],"_pagelayer_content":"","inline_featured_image":false,"fifu_image_url":"","fifu_image_alt":"","footnotes":""},"categories":[108],"tags":[147,196,212,187],"class_list":["post-1192","post","type-post","status-publish","format-standard","hentry","category-lajme","tag-147","tag-tirane","tag-lajme-d27","tag-lidhja-e-grave-orthodhokse"],"acf":[],"yoast_head":"<!-- This site is optimized with the Yoast SEO plugin v27.2 - https:\/\/yoast.com\/product\/yoast-seo-wordpress\/ -->\n<title>Seminar me grat\u00eb orthodhokse t\u00eb Dioqez\u00ebs s\u00eb Tiran\u00ebs. (9 - 11 Mars 2007) - Kisha Orthodh\u03bfkse Autoqefale e Shqip\u00ebris\u00eb<\/title>\n<meta name=\"robots\" content=\"index, follow, max-snippet:-1, max-image-preview:large, max-video-preview:-1\" \/>\n<link rel=\"canonical\" href=\"https:\/\/orthodoxalbania.org\/2020\/2007\/02\/26\/seminar-me-grate-orthodhokse-te-dioqezes-se-tiranes-mars-07\/\" \/>\n<meta property=\"og:locale\" content=\"en_US\" \/>\n<meta property=\"og:type\" content=\"article\" \/>\n<meta property=\"og:title\" content=\"Seminar me grat\u00eb orthodhokse t\u00eb Dioqez\u00ebs s\u00eb Tiran\u00ebs. (9 - 11 Mars 2007) - Kisha Orthodh\u03bfkse Autoqefale e Shqip\u00ebris\u00eb\" \/>\n<meta property=\"og:description\" content=\"&nbsp;&nbsp;&nbsp; Zyra e Lidhjes s\u00eb Grave \u201cP\u00ebrhapja e Dashuris\u00eb\u201d t\u00eb Kish\u00ebs Orthodhokse Autoqefale t\u00eb Shqip\u00ebris\u00eb organizoi me bekimin e Kryepiskopit Anastas nj\u00eb seminar me grat\u00eb orthodhokse t\u00eb Dioqez\u00ebs t\u00eb Tiran\u00ebs me tem\u00eb: \u201cRoli i gruas n\u00eb familje dhe n\u00eb Kish\u00eb\u201d. Veprimtaria u zhvillua n\u00eb Manastirin e Sh\u00ebn Vlashit n\u00eb dt. 9 &#8211; 11 Mars 2007. &nbsp; &nbsp;&nbsp;&nbsp; Merrnin pjes\u00eb rreth 60 gra aktiviste dhe prift\u00ebresha\" \/>\n<meta property=\"og:url\" content=\"https:\/\/orthodoxalbania.org\/2020\/2007\/02\/26\/seminar-me-grate-orthodhokse-te-dioqezes-se-tiranes-mars-07\/\" \/>\n<meta property=\"og:site_name\" content=\"Kisha Orthodh\u03bfkse Autoqefale e Shqip\u00ebris\u00eb\" \/>\n<meta property=\"article:publisher\" content=\"https:\/\/www.facebook.com\/koash1991\" \/>\n<meta property=\"article:published_time\" content=\"2007-02-26T00:00:00+00:00\" \/>\n<meta property=\"article:modified_time\" content=\"2020-04-06T20:35:47+00:00\" \/>\n<meta property=\"og:image\" content=\"https:\/\/lh3.googleusercontent.com\/-va91wnLhnAo\/VIlGKjJFzJI\/AAAAAAAAGKA\/SGfEFvxgP2k\/w370-h249-no\/pic1.jpg\" \/>\n<meta name=\"author\" content=\"Kisha Orthodhokse\" \/>\n<meta name=\"twitter:card\" content=\"summary_large_image\" \/>\n<meta name=\"twitter:label1\" content=\"Written by\" \/>\n\t<meta name=\"twitter:data1\" content=\"Kisha Orthodhokse\" \/>\n\t<meta name=\"twitter:label2\" content=\"Est. reading time\" \/>\n\t<meta name=\"twitter:data2\" content=\"4 minutes\" \/>\n<script type=\"application\/ld+json\" class=\"yoast-schema-graph\">{\"@context\":\"https:\/\/schema.org\",\"@graph\":[{\"@type\":\"Article\",\"@id\":\"https:\/\/orthodoxalbania.org\/2020\/2007\/02\/26\/seminar-me-grate-orthodhokse-te-dioqezes-se-tiranes-mars-07\/#article\",\"isPartOf\":{\"@id\":\"https:\/\/orthodoxalbania.org\/2020\/2007\/02\/26\/seminar-me-grate-orthodhokse-te-dioqezes-se-tiranes-mars-07\/\"},\"author\":{\"name\":\"Kisha Orthodhokse\",\"@id\":\"https:\/\/orthodoxalbania.org\/2020\/#\/schema\/person\/0c387634a7063ac612d7ed9ce71c7e86\"},\"headline\":\"Seminar me grat\u00eb orthodhokse t\u00eb Dioqez\u00ebs s\u00eb Tiran\u00ebs. (9 &#8211; 11 Mars 2007)\",\"datePublished\":\"2007-02-26T00:00:00+00:00\",\"dateModified\":\"2020-04-06T20:35:47+00:00\",\"mainEntityOfPage\":{\"@id\":\"https:\/\/orthodoxalbania.org\/2020\/2007\/02\/26\/seminar-me-grate-orthodhokse-te-dioqezes-se-tiranes-mars-07\/\"},\"wordCount\":807,\"commentCount\":0,\"publisher\":{\"@id\":\"https:\/\/orthodoxalbania.org\/2020\/#organization\"},\"image\":{\"@id\":\"https:\/\/orthodoxalbania.org\/2020\/2007\/02\/26\/seminar-me-grate-orthodhokse-te-dioqezes-se-tiranes-mars-07\/#primaryimage\"},\"thumbnailUrl\":\"https:\/\/lh3.googleusercontent.com\/-va91wnLhnAo\/VIlGKjJFzJI\/AAAAAAAAGKA\/SGfEFvxgP2k\/w370-h249-no\/pic1.jpg\",\"keywords\":[\"2007\",\"Kryepiskopata Tiran\u00eb\",\"lajme\",\"Lidhja e Grave Orthodhokse\"],\"articleSection\":[\"Lajme\"],\"inLanguage\":\"en-US\"},{\"@type\":\"WebPage\",\"@id\":\"https:\/\/orthodoxalbania.org\/2020\/2007\/02\/26\/seminar-me-grate-orthodhokse-te-dioqezes-se-tiranes-mars-07\/\",\"url\":\"https:\/\/orthodoxalbania.org\/2020\/2007\/02\/26\/seminar-me-grate-orthodhokse-te-dioqezes-se-tiranes-mars-07\/\",\"name\":\"Seminar me grat\u00eb orthodhokse t\u00eb Dioqez\u00ebs s\u00eb Tiran\u00ebs. (9 - 11 Mars 2007) - Kisha Orthodh\u03bfkse Autoqefale e Shqip\u00ebris\u00eb\",\"isPartOf\":{\"@id\":\"https:\/\/orthodoxalbania.org\/2020\/#website\"},\"primaryImageOfPage\":{\"@id\":\"https:\/\/orthodoxalbania.org\/2020\/2007\/02\/26\/seminar-me-grate-orthodhokse-te-dioqezes-se-tiranes-mars-07\/#primaryimage\"},\"image\":{\"@id\":\"https:\/\/orthodoxalbania.org\/2020\/2007\/02\/26\/seminar-me-grate-orthodhokse-te-dioqezes-se-tiranes-mars-07\/#primaryimage\"},\"thumbnailUrl\":\"https:\/\/lh3.googleusercontent.com\/-va91wnLhnAo\/VIlGKjJFzJI\/AAAAAAAAGKA\/SGfEFvxgP2k\/w370-h249-no\/pic1.jpg\",\"datePublished\":\"2007-02-26T00:00:00+00:00\",\"dateModified\":\"2020-04-06T20:35:47+00:00\",\"breadcrumb\":{\"@id\":\"https:\/\/orthodoxalbania.org\/2020\/2007\/02\/26\/seminar-me-grate-orthodhokse-te-dioqezes-se-tiranes-mars-07\/#breadcrumb\"},\"inLanguage\":\"en-US\",\"potentialAction\":[{\"@type\":\"ReadAction\",\"target\":[\"https:\/\/orthodoxalbania.org\/2020\/2007\/02\/26\/seminar-me-grate-orthodhokse-te-dioqezes-se-tiranes-mars-07\/\"]}]},{\"@type\":\"ImageObject\",\"inLanguage\":\"en-US\",\"@id\":\"https:\/\/orthodoxalbania.org\/2020\/2007\/02\/26\/seminar-me-grate-orthodhokse-te-dioqezes-se-tiranes-mars-07\/#primaryimage\",\"url\":\"https:\/\/lh3.googleusercontent.com\/-va91wnLhnAo\/VIlGKjJFzJI\/AAAAAAAAGKA\/SGfEFvxgP2k\/w370-h249-no\/pic1.jpg\",\"contentUrl\":\"https:\/\/lh3.googleusercontent.com\/-va91wnLhnAo\/VIlGKjJFzJI\/AAAAAAAAGKA\/SGfEFvxgP2k\/w370-h249-no\/pic1.jpg\"},{\"@type\":\"BreadcrumbList\",\"@id\":\"https:\/\/orthodoxalbania.org\/2020\/2007\/02\/26\/seminar-me-grate-orthodhokse-te-dioqezes-se-tiranes-mars-07\/#breadcrumb\",\"itemListElement\":[{\"@type\":\"ListItem\",\"position\":1,\"name\":\"Home\",\"item\":\"https:\/\/orthodoxalbania.org\/2020\/\"},{\"@type\":\"ListItem\",\"position\":2,\"name\":\"Seminar me grat\u00eb orthodhokse t\u00eb Dioqez\u00ebs s\u00eb Tiran\u00ebs. (9 &#8211; 11 Mars 2007)\"}]},{\"@type\":\"WebSite\",\"@id\":\"https:\/\/orthodoxalbania.org\/2020\/#website\",\"url\":\"https:\/\/orthodoxalbania.org\/2020\/\",\"name\":\"Kisha Orthodh\u03bfkse Autoqefale e Shqip\u00ebris\u00eb\",\"description\":\"Fqja Zyrtare e Kish\u00ebs Orthodhokse Autoqefale e Shqip\u00ebris\u00eb me lajmet edhe informacionet zyrtare p\u00ebr struktur\u00ebn edhe veprimtarin e saj.\",\"publisher\":{\"@id\":\"https:\/\/orthodoxalbania.org\/2020\/#organization\"},\"potentialAction\":[{\"@type\":\"SearchAction\",\"target\":{\"@type\":\"EntryPoint\",\"urlTemplate\":\"https:\/\/orthodoxalbania.org\/2020\/?s={search_term_string}\"},\"query-input\":{\"@type\":\"PropertyValueSpecification\",\"valueRequired\":true,\"valueName\":\"search_term_string\"}}],\"inLanguage\":\"en-US\"},{\"@type\":\"Organization\",\"@id\":\"https:\/\/orthodoxalbania.org\/2020\/#organization\",\"name\":\"Kisha Orthodhokse Autoqefale e Shqip\u00ebris\u00eb\",\"url\":\"https:\/\/orthodoxalbania.org\/2020\/\",\"logo\":{\"@type\":\"ImageObject\",\"inLanguage\":\"en-US\",\"@id\":\"https:\/\/orthodoxalbania.org\/2020\/#\/schema\/logo\/image\/\",\"url\":\"https:\/\/orthodoxalbania.org\/2020\/wp-content\/uploads\/2020\/05\/albania.jpeg\",\"contentUrl\":\"https:\/\/orthodoxalbania.org\/2020\/wp-content\/uploads\/2020\/05\/albania.jpeg\",\"width\":540,\"height\":540,\"caption\":\"Kisha Orthodhokse Autoqefale e Shqip\u00ebris\u00eb\"},\"image\":{\"@id\":\"https:\/\/orthodoxalbania.org\/2020\/#\/schema\/logo\/image\/\"},\"sameAs\":[\"https:\/\/www.facebook.com\/koash1991\"]},{\"@type\":\"Person\",\"@id\":\"https:\/\/orthodoxalbania.org\/2020\/#\/schema\/person\/0c387634a7063ac612d7ed9ce71c7e86\",\"name\":\"Kisha Orthodhokse\",\"image\":{\"@type\":\"ImageObject\",\"inLanguage\":\"en-US\",\"@id\":\"https:\/\/secure.gravatar.com\/avatar\/596e7c417251e30f2fbb9c00e026fce61a695a00e51c889caded71c96cbbdde5?s=96&d=mm&r=g\",\"url\":\"https:\/\/secure.gravatar.com\/avatar\/596e7c417251e30f2fbb9c00e026fce61a695a00e51c889caded71c96cbbdde5?s=96&d=mm&r=g\",\"contentUrl\":\"https:\/\/secure.gravatar.com\/avatar\/596e7c417251e30f2fbb9c00e026fce61a695a00e51c889caded71c96cbbdde5?s=96&d=mm&r=g\",\"caption\":\"Kisha Orthodhokse\"}}]}<\/script>\n<!-- \/ Yoast SEO plugin. -->","yoast_head_json":{"title":"Seminar me grat\u00eb orthodhokse t\u00eb Dioqez\u00ebs s\u00eb Tiran\u00ebs. (9 - 11 Mars 2007) - Kisha Orthodh\u03bfkse Autoqefale e Shqip\u00ebris\u00eb","robots":{"index":"index","follow":"follow","max-snippet":"max-snippet:-1","max-image-preview":"max-image-preview:large","max-video-preview":"max-video-preview:-1"},"canonical":"https:\/\/orthodoxalbania.org\/2020\/2007\/02\/26\/seminar-me-grate-orthodhokse-te-dioqezes-se-tiranes-mars-07\/","og_locale":"en_US","og_type":"article","og_title":"Seminar me grat\u00eb orthodhokse t\u00eb Dioqez\u00ebs s\u00eb Tiran\u00ebs. (9 - 11 Mars 2007) - Kisha Orthodh\u03bfkse Autoqefale e Shqip\u00ebris\u00eb","og_description":"&nbsp;&nbsp;&nbsp; Zyra e Lidhjes s\u00eb Grave \u201cP\u00ebrhapja e Dashuris\u00eb\u201d t\u00eb Kish\u00ebs Orthodhokse Autoqefale t\u00eb Shqip\u00ebris\u00eb organizoi me bekimin e Kryepiskopit Anastas nj\u00eb seminar me grat\u00eb orthodhokse t\u00eb Dioqez\u00ebs t\u00eb Tiran\u00ebs me tem\u00eb: \u201cRoli i gruas n\u00eb familje dhe n\u00eb Kish\u00eb\u201d. Veprimtaria u zhvillua n\u00eb Manastirin e Sh\u00ebn Vlashit n\u00eb dt. 9 &#8211; 11 Mars 2007. &nbsp; &nbsp;&nbsp;&nbsp; Merrnin pjes\u00eb rreth 60 gra aktiviste dhe prift\u00ebresha","og_url":"https:\/\/orthodoxalbania.org\/2020\/2007\/02\/26\/seminar-me-grate-orthodhokse-te-dioqezes-se-tiranes-mars-07\/","og_site_name":"Kisha Orthodh\u03bfkse Autoqefale e Shqip\u00ebris\u00eb","article_publisher":"https:\/\/www.facebook.com\/koash1991","article_published_time":"2007-02-26T00:00:00+00:00","article_modified_time":"2020-04-06T20:35:47+00:00","og_image":[{"url":"https:\/\/lh3.googleusercontent.com\/-va91wnLhnAo\/VIlGKjJFzJI\/AAAAAAAAGKA\/SGfEFvxgP2k\/w370-h249-no\/pic1.jpg","type":"","width":"","height":""}],"author":"Kisha Orthodhokse","twitter_card":"summary_large_image","twitter_misc":{"Written by":"Kisha Orthodhokse","Est. reading time":"4 minutes"},"schema":{"@context":"https:\/\/schema.org","@graph":[{"@type":"Article","@id":"https:\/\/orthodoxalbania.org\/2020\/2007\/02\/26\/seminar-me-grate-orthodhokse-te-dioqezes-se-tiranes-mars-07\/#article","isPartOf":{"@id":"https:\/\/orthodoxalbania.org\/2020\/2007\/02\/26\/seminar-me-grate-orthodhokse-te-dioqezes-se-tiranes-mars-07\/"},"author":{"name":"Kisha Orthodhokse","@id":"https:\/\/orthodoxalbania.org\/2020\/#\/schema\/person\/0c387634a7063ac612d7ed9ce71c7e86"},"headline":"Seminar me grat\u00eb orthodhokse t\u00eb Dioqez\u00ebs s\u00eb Tiran\u00ebs. (9 &#8211; 11 Mars 2007)","datePublished":"2007-02-26T00:00:00+00:00","dateModified":"2020-04-06T20:35:47+00:00","mainEntityOfPage":{"@id":"https:\/\/orthodoxalbania.org\/2020\/2007\/02\/26\/seminar-me-grate-orthodhokse-te-dioqezes-se-tiranes-mars-07\/"},"wordCount":807,"commentCount":0,"publisher":{"@id":"https:\/\/orthodoxalbania.org\/2020\/#organization"},"image":{"@id":"https:\/\/orthodoxalbania.org\/2020\/2007\/02\/26\/seminar-me-grate-orthodhokse-te-dioqezes-se-tiranes-mars-07\/#primaryimage"},"thumbnailUrl":"https:\/\/lh3.googleusercontent.com\/-va91wnLhnAo\/VIlGKjJFzJI\/AAAAAAAAGKA\/SGfEFvxgP2k\/w370-h249-no\/pic1.jpg","keywords":["2007","Kryepiskopata Tiran\u00eb","lajme","Lidhja e Grave Orthodhokse"],"articleSection":["Lajme"],"inLanguage":"en-US"},{"@type":"WebPage","@id":"https:\/\/orthodoxalbania.org\/2020\/2007\/02\/26\/seminar-me-grate-orthodhokse-te-dioqezes-se-tiranes-mars-07\/","url":"https:\/\/orthodoxalbania.org\/2020\/2007\/02\/26\/seminar-me-grate-orthodhokse-te-dioqezes-se-tiranes-mars-07\/","name":"Seminar me grat\u00eb orthodhokse t\u00eb Dioqez\u00ebs s\u00eb Tiran\u00ebs. (9 - 11 Mars 2007) - Kisha Orthodh\u03bfkse Autoqefale e Shqip\u00ebris\u00eb","isPartOf":{"@id":"https:\/\/orthodoxalbania.org\/2020\/#website"},"primaryImageOfPage":{"@id":"https:\/\/orthodoxalbania.org\/2020\/2007\/02\/26\/seminar-me-grate-orthodhokse-te-dioqezes-se-tiranes-mars-07\/#primaryimage"},"image":{"@id":"https:\/\/orthodoxalbania.org\/2020\/2007\/02\/26\/seminar-me-grate-orthodhokse-te-dioqezes-se-tiranes-mars-07\/#primaryimage"},"thumbnailUrl":"https:\/\/lh3.googleusercontent.com\/-va91wnLhnAo\/VIlGKjJFzJI\/AAAAAAAAGKA\/SGfEFvxgP2k\/w370-h249-no\/pic1.jpg","datePublished":"2007-02-26T00:00:00+00:00","dateModified":"2020-04-06T20:35:47+00:00","breadcrumb":{"@id":"https:\/\/orthodoxalbania.org\/2020\/2007\/02\/26\/seminar-me-grate-orthodhokse-te-dioqezes-se-tiranes-mars-07\/#breadcrumb"},"inLanguage":"en-US","potentialAction":[{"@type":"ReadAction","target":["https:\/\/orthodoxalbania.org\/2020\/2007\/02\/26\/seminar-me-grate-orthodhokse-te-dioqezes-se-tiranes-mars-07\/"]}]},{"@type":"ImageObject","inLanguage":"en-US","@id":"https:\/\/orthodoxalbania.org\/2020\/2007\/02\/26\/seminar-me-grate-orthodhokse-te-dioqezes-se-tiranes-mars-07\/#primaryimage","url":"https:\/\/lh3.googleusercontent.com\/-va91wnLhnAo\/VIlGKjJFzJI\/AAAAAAAAGKA\/SGfEFvxgP2k\/w370-h249-no\/pic1.jpg","contentUrl":"https:\/\/lh3.googleusercontent.com\/-va91wnLhnAo\/VIlGKjJFzJI\/AAAAAAAAGKA\/SGfEFvxgP2k\/w370-h249-no\/pic1.jpg"},{"@type":"BreadcrumbList","@id":"https:\/\/orthodoxalbania.org\/2020\/2007\/02\/26\/seminar-me-grate-orthodhokse-te-dioqezes-se-tiranes-mars-07\/#breadcrumb","itemListElement":[{"@type":"ListItem","position":1,"name":"Home","item":"https:\/\/orthodoxalbania.org\/2020\/"},{"@type":"ListItem","position":2,"name":"Seminar me grat\u00eb orthodhokse t\u00eb Dioqez\u00ebs s\u00eb Tiran\u00ebs. (9 &#8211; 11 Mars 2007)"}]},{"@type":"WebSite","@id":"https:\/\/orthodoxalbania.org\/2020\/#website","url":"https:\/\/orthodoxalbania.org\/2020\/","name":"Kisha Orthodh\u03bfkse Autoqefale e Shqip\u00ebris\u00eb","description":"Fqja Zyrtare e Kish\u00ebs Orthodhokse Autoqefale e Shqip\u00ebris\u00eb me lajmet edhe informacionet zyrtare p\u00ebr struktur\u00ebn edhe veprimtarin e saj.","publisher":{"@id":"https:\/\/orthodoxalbania.org\/2020\/#organization"},"potentialAction":[{"@type":"SearchAction","target":{"@type":"EntryPoint","urlTemplate":"https:\/\/orthodoxalbania.org\/2020\/?s={search_term_string}"},"query-input":{"@type":"PropertyValueSpecification","valueRequired":true,"valueName":"search_term_string"}}],"inLanguage":"en-US"},{"@type":"Organization","@id":"https:\/\/orthodoxalbania.org\/2020\/#organization","name":"Kisha Orthodhokse Autoqefale e Shqip\u00ebris\u00eb","url":"https:\/\/orthodoxalbania.org\/2020\/","logo":{"@type":"ImageObject","inLanguage":"en-US","@id":"https:\/\/orthodoxalbania.org\/2020\/#\/schema\/logo\/image\/","url":"https:\/\/orthodoxalbania.org\/2020\/wp-content\/uploads\/2020\/05\/albania.jpeg","contentUrl":"https:\/\/orthodoxalbania.org\/2020\/wp-content\/uploads\/2020\/05\/albania.jpeg","width":540,"height":540,"caption":"Kisha Orthodhokse Autoqefale e Shqip\u00ebris\u00eb"},"image":{"@id":"https:\/\/orthodoxalbania.org\/2020\/#\/schema\/logo\/image\/"},"sameAs":["https:\/\/www.facebook.com\/koash1991"]},{"@type":"Person","@id":"https:\/\/orthodoxalbania.org\/2020\/#\/schema\/person\/0c387634a7063ac612d7ed9ce71c7e86","name":"Kisha Orthodhokse","image":{"@type":"ImageObject","inLanguage":"en-US","@id":"https:\/\/secure.gravatar.com\/avatar\/596e7c417251e30f2fbb9c00e026fce61a695a00e51c889caded71c96cbbdde5?s=96&d=mm&r=g","url":"https:\/\/secure.gravatar.com\/avatar\/596e7c417251e30f2fbb9c00e026fce61a695a00e51c889caded71c96cbbdde5?s=96&d=mm&r=g","contentUrl":"https:\/\/secure.gravatar.com\/avatar\/596e7c417251e30f2fbb9c00e026fce61a695a00e51c889caded71c96cbbdde5?s=96&d=mm&r=g","caption":"Kisha Orthodhokse"}}]}},"_links":{"self":[{"href":"https:\/\/orthodoxalbania.org\/2020\/wp-json\/wp\/v2\/posts\/1192","targetHints":{"allow":["GET"]}}],"collection":[{"href":"https:\/\/orthodoxalbania.org\/2020\/wp-json\/wp\/v2\/posts"}],"about":[{"href":"https:\/\/orthodoxalbania.org\/2020\/wp-json\/wp\/v2\/types\/post"}],"author":[{"embeddable":true,"href":"https:\/\/orthodoxalbania.org\/2020\/wp-json\/wp\/v2\/users\/1"}],"replies":[{"embeddable":true,"href":"https:\/\/orthodoxalbania.org\/2020\/wp-json\/wp\/v2\/comments?post=1192"}],"version-history":[{"count":1,"href":"https:\/\/orthodoxalbania.org\/2020\/wp-json\/wp\/v2\/posts\/1192\/revisions"}],"predecessor-version":[{"id":15766,"href":"https:\/\/orthodoxalbania.org\/2020\/wp-json\/wp\/v2\/posts\/1192\/revisions\/15766"}],"wp:attachment":[{"href":"https:\/\/orthodoxalbania.org\/2020\/wp-json\/wp\/v2\/media?parent=1192"}],"wp:term":[{"taxonomy":"category","embeddable":true,"href":"https:\/\/orthodoxalbania.org\/2020\/wp-json\/wp\/v2\/categories?post=1192"},{"taxonomy":"post_tag","embeddable":true,"href":"https:\/\/orthodoxalbania.org\/2020\/wp-json\/wp\/v2\/tags?post=1192"}],"curies":[{"name":"wp","href":"https:\/\/api.w.org\/{rel}","templated":true}]}}