{"id":1191,"date":"2008-02-26T00:00:00","date_gmt":"2008-02-26T00:00:00","guid":{"rendered":""},"modified":"2020-04-06T22:35:25","modified_gmt":"2020-04-06T20:35:25","slug":"seminar-me-arsimtare-kosovare-2008","status":"publish","type":"post","link":"https:\/\/orthodoxalbania.org\/2020\/2008\/02\/26\/seminar-me-arsimtare-kosovare-2008\/","title":{"rendered":"Seminar me arsimtar\u00eb kosovar\u00eb. (2008)"},"content":{"rendered":"<div style=\"text-align: center;\"><span style=\"color: #b22222;\"><span style=\"font-family: tahoma,geneva,sans-serif;\"><span style=\"font-size: 12px;\"><strong>&#8211; Kisha Orthodhokse ndihmon me metoda bashk\u00ebkohore n\u00eb m\u00ebsimdh\u00ebnie &#8211;<\/strong><\/span><\/span><\/span><\/div>\n<div style=\"text-align: center;\">&nbsp;<\/div>\n<table style=\"width: 916px; height: 1361px; margin-right: auto; margin-left: auto;\">\n<tbody>\n<tr>\n<td style=\"text-align: justify;\">\n<div><span style=\"color: #000000;\"><span style=\"font-family: tahoma,geneva,sans-serif;\"><span style=\"font-size: 12px;\"><img decoding=\"async\" class=\"lazyload HAa Eha\" style=\"border-width: 1px; border-style: solid; margin: 10px auto; display: block;\" alt=\"\" src=\"data:image\/gif;base64,R0lGODlhAQABAAAAACH5BAEKAAEALAAAAAABAAEAAAICTAEAOw==\" data-orig-src=\"https:\/\/lh4.googleusercontent.com\/-2WQTTYI9zI8\/VJKYlsmtLzI\/AAAAAAAAIb4\/9moR8qOqnE8\/w448-h308-no\/1%2B-%2BTrajnimi.JPG\" \/><\/span><\/span><\/span><\/div>\n<\/td>\n<td>\n<div style=\"text-align: justify;\"><span style=\"color: #000000;\"><span style=\"font-family: tahoma,geneva,sans-serif;\"><span style=\"font-size: 12px;\">&nbsp;&nbsp;&nbsp; Rexhep Begaj u mahnit nga mikpritja. M\u00ebsuesi i vjet\u00ebr n\u00eb mosh\u00eb dhe me p\u00ebrvoj\u00eb t\u00eb gjat\u00eb n\u00eb arsim, e shpalosi fal\u00ebnderimin me nj\u00eb buz\u00ebqeshje t\u00eb holl\u00eb, si p\u00ebr t\u00eb treguar g\u00ebzimin mes t\u00eb gjith\u00ebve. \u201c<em>Nuk e kisha menduar m\u00eb par\u00eb k\u00ebt\u00eb koh\u00eb q\u00eb kaluam k\u00ebtu n\u00eb Shqip\u00ebri. Kisha Orthodhokse e Shqip\u00ebris\u00eb na ka b\u00ebr\u00eb nj\u00eb pritje t\u00eb jasht\u00ebzakonshme. Por m\u00eb shum\u00eb, dua t\u00eb ve\u00e7oj takimin me Kryepiskopin Anastas. Ai \u00ebsht\u00eb nj\u00eb lider i mrekulluesh\u00ebm dhe me t\u00eb drejt\u00eb na tha se ne shqiptar\u00ebt kemi jo vet\u00ebm toleranc\u00eb fetare, por edhe toleranc\u00eb v\u00ebllaz\u00ebrore<\/em>\u201d- theksoi z. Begaj.<\/span><\/span><\/span><\/div>\n<\/td>\n<\/tr>\n<tr>\n<td>\n<div style=\"text-align: justify;\"><span style=\"color: #000000;\"><span style=\"font-family: tahoma,geneva,sans-serif;\"><span style=\"font-size: 12px;\">&nbsp;&nbsp;&nbsp; Z. Begaj mori pjes\u00eb n\u00eb nj\u00eb seminar, ideuar posa\u00e7\u00ebrisht p\u00ebr t\u2019u ardhur n\u00eb ndihm\u00eb m\u00ebsuesve kosovar\u00eb t\u00eb komun\u00ebs s\u00eb Malishev\u00ebs, me t\u00eb cil\u00ebt stafi i Zyr\u00ebs Qendrore t\u00eb F\u00ebmij\u00ebve t\u00eb Kish\u00ebs, i drejtuar nga z. Nathan Hoppe ka nisur bashk\u00ebpunimin prej vitesh, p\u00ebrmes aktiviteteve me f\u00ebmij\u00ebt q\u00eb kryhen \u00e7do ver\u00eb aty. K\u00ebt\u00eb her\u00eb bashk\u00ebpunimi u p\u00ebrqendrua n\u00eb nj\u00eb vend-takim tjet\u00ebr\u2026<\/span><\/span><\/span><\/div>\n<\/td>\n<td style=\"text-align: justify;\">\n<div><span style=\"color: #000000;\"><span style=\"font-family: tahoma,geneva,sans-serif;\"><span style=\"font-size: 12px;\"><img decoding=\"async\" class=\"lazyload HAa Eha\" style=\"border-width: 1px; border-style: solid; margin: 10px auto; display: block;\" alt=\"\" src=\"data:image\/gif;base64,R0lGODlhAQABAAAAACH5BAEKAAEALAAAAAABAAEAAAICTAEAOw==\" data-orig-src=\"https:\/\/lh3.googleusercontent.com\/-fxQvRMsGQkQ\/VJKYluLGEBI\/AAAAAAAAIcA\/bL1a4ZpLhdU\/w445-h336-no\/2%2B-%2BPune%2Bgjate%2Btrajnimit.JPG\" \/><\/span><\/span><\/span><\/div>\n<\/td>\n<\/tr>\n<tr>\n<td style=\"text-align: justify;\">\n<div><span style=\"color: #000000;\"><span style=\"font-family: tahoma,geneva,sans-serif;\"><span style=\"font-size: 12px;\"><img decoding=\"async\" class=\"lazyload HAa Eha\" style=\"border-width: 1px; border-style: solid; margin: 10px auto; display: block;\" alt=\"\" src=\"data:image\/gif;base64,R0lGODlhAQABAAAAACH5BAEKAAEALAAAAAABAAEAAAICTAEAOw==\" data-orig-src=\"https:\/\/lh4.googleusercontent.com\/-sdj1nQXSF3g\/VJKYlxncTII\/AAAAAAAAIcM\/VHqiOiDC-ng\/w448-h311-no\/4%2B-%2BBisede%2Bne%2Bgrup%2Bme%2BHiresi%2BAndonin.JPG\" \/><\/span><\/span><\/span><\/div>\n<\/td>\n<td>\n<div style=\"text-align: justify;\"><span style=\"color: #000000;\"><span style=\"font-family: tahoma,geneva,sans-serif;\"><span style=\"font-size: 12px;\">&nbsp;&nbsp;&nbsp; N\u00eb datat 14 &#8211; 16 n\u00ebntor, n\u00eb nj\u00eb nga hotelet e bregdetit t\u00eb bukur t\u00eb Durr\u00ebsit, 16 m\u00ebsues t\u00eb shkollave 9-vje\u00e7are nga Malisheva dhe 15 t\u00eb tjer\u00eb nga aktivist\u00ebt e stafit t\u00eb veprimtarive q\u00eb organizon Kisha Orthodhokse e Shqip\u00ebris\u00eb n\u00eb Kosov\u00eb, mor\u00ebn pjes\u00eb n\u00eb seminarin me karakter trajnues <strong>\u201cMetodat bashk\u00ebkohore t\u00eb m\u00ebsimdh\u00ebnies\u201d<\/strong> me lektore m\u00ebsuesen amerikane Ann Braynt, me 30 vjet eksperienc\u00eb dhe kualifikime t\u00eb ndryshme n\u00eb arsim. Prej koh\u00ebsh ishte menduar nj\u00eb takim frytdh\u00ebn\u00ebs dhe duket se u arrit q\u00ebllimi n\u00eb form\u00ebn m\u00eb t\u00eb mir\u00eb t\u00eb mundshme, p\u00ebrmes nj\u00eb programi t\u00eb pasur aktivitetesh dhe shk\u00ebmbimi njohurish.<\/span><\/span><\/span><\/div>\n<\/td>\n<\/tr>\n<tr>\n<td>\n<div style=\"text-align: justify;\"><span style=\"color: #000000;\"><span style=\"font-family: tahoma,geneva,sans-serif;\"><span style=\"font-size: 12px;\">&nbsp;&nbsp;&nbsp; Fjal\u00ebn p\u00ebrsh\u00ebndet\u00ebse t\u00eb fillimit t\u00eb seminarit, e mbajti Episkopi i Kruj\u00ebs, Hir\u00ebsi Andoni, i cili shprehu d\u00ebshir\u00ebn q\u00eb ky bashk\u00ebpunim t\u00eb vazhdoj\u00eb edhe gjat\u00eb viteve t\u00eb ardhshme.<\/span><\/span><\/span><\/div>\n<div style=\"text-align: justify;\"> <span style=\"color: #000000;\"><span style=\"font-family: tahoma,geneva,sans-serif;\"><span style=\"font-size: 12px;\">&nbsp;&nbsp;&nbsp; Disa nga tematikat e trajnimit ishin rreth organizimit t\u00eb m\u00ebsimit n\u00eb nj\u00eb klas\u00eb ku p\u00ebrdoren shum\u00eb shqisa, sepse n\u00eb baz\u00eb t\u00eb k\u00ebrkimeve t\u00eb fundit \u00ebsht\u00eb par\u00eb se nx\u00ebn\u00ebsit m\u00ebsojn\u00eb n\u00eb m\u00ebnyra t\u00eb ndryshme. N\u00eb klas\u00eb duhet t\u00eb p\u00ebrdoren metodat d\u00ebgjimore, vizuale dhe kinestetike.<\/span><\/span><\/span><\/div>\n<\/td>\n<td style=\"text-align: justify;\">\n<div><span style=\"color: #000000;\"><span style=\"font-family: tahoma,geneva,sans-serif;\"><span style=\"font-size: 12px;\"><img decoding=\"async\" class=\"lazyload HAa Eha\" style=\"border-width: 1px; border-style: solid; margin: 10px auto; display: block;\" alt=\"\" src=\"data:image\/gif;base64,R0lGODlhAQABAAAAACH5BAEKAAEALAAAAAABAAEAAAICTAEAOw==\" data-orig-src=\"https:\/\/lh5.googleusercontent.com\/-5MjBRgVyKk8\/VJKYmO-ajyI\/AAAAAAAAIcI\/w8RHDZnnW9s\/w448-h298-no\/5%2B-%2BTakimi%2Bme%2BKryepeshkopin.JPG\" \/><\/span><\/span><\/span><\/div>\n<\/td>\n<\/tr>\n<\/tbody>\n<\/table>\n<table style=\"width: 920px; height: 197px;\" border=\"0\">\n<tbody>\n<tr>\n<td>\n<div style=\"text-align: justify;\"><span style=\"color: #000000;\"><span style=\"font-family: tahoma,geneva,sans-serif;\"><span style=\"font-size: 12px;\">&nbsp;&nbsp;&nbsp; P\u00ebrdorimi i hartave ose skicave n\u00eb baz\u00eb t\u00eb nj\u00eb funksioni logjik gjat\u00eb or\u00ebs s\u00eb m\u00ebsimit jan\u00eb mjete n\u00ebp\u00ebrmjet t\u00eb cilave m\u00ebsimi mund t\u00eb p\u00ebrmbaj\u00eb t\u00eb tre metodat e sip\u00ebrp\u00ebrmendura, kjo n\u00eb m\u00ebnyr\u00eb q\u00eb nx\u00ebn\u00ebsit t\u00eb m\u00ebsojn\u00eb n\u00eb m\u00ebnyr\u00eb aktive.<\/span><\/span><\/span><\/div>\n<div style=\"text-align: justify;\"> <span style=\"color: #000000;\"><span style=\"font-family: tahoma,geneva,sans-serif;\"><span style=\"font-size: 12px;\">&nbsp;&nbsp;&nbsp; \u201c<em>Kjo \u00ebsht\u00eb nj\u00eb p\u00ebrpjekje nga Kisha Orthodhokse Autoqefale e Shqip\u00ebris\u00eb p\u00ebr t\u00eb dh\u00ebn\u00eb ndihmes\u00ebn e saj n\u00eb rritjen e nivelit t\u00eb arsimimit n\u00eb Kosov\u00eb. Pjes\u00ebmarr\u00ebsit nuk jan\u00eb vet\u00ebm m\u00ebsues, por edhe miqt\u00eb tan\u00eb m\u00eb t\u00eb mir\u00eb, me t\u00eb cil\u00ebt kemi bashk\u00ebpunuar n\u00eb Kosov\u00eb dhe \u00ebsht\u00eb g\u00ebzim q\u00eb jemi t\u00eb gjith\u00eb bashk\u00eb n\u00eb Shqip\u00ebri<\/em>\u201d &#8211; theksoi drejtuesi i k\u00ebtij aktiviteti z. Nathan Hoppe.<\/span><\/span><\/span><\/div>\n<div style=\"text-align: justify;\">&nbsp;<\/div>\n<div style=\"text-align: justify;\"><span style=\"color: #000000;\"><span style=\"font-family: tahoma,geneva,sans-serif;\"><span style=\"font-size: 12px;\">&nbsp;&nbsp;&nbsp; Pas trajnimit, t\u00eb diel\u00ebn, pjes\u00ebmarr\u00ebsit mor\u00ebn pjes\u00eb n\u00eb Liturgjin\u00eb Hyjnore q\u00eb u zhvillua n\u00eb kish\u00ebn \u201cUngjill\u00ebzimi i Hyjlind\u00ebses\u201d n\u00eb Tiran\u00eb ku edhe pat\u00ebn mund\u00ebsin\u00eb t\u00eb takohen edhe me Fortlumturin\u00eb e Tij, Kryepiskopin Anastas. Pas Liturgjis\u00eb Hyjnore, u nis\u00ebn p\u00ebr t\u00eb vizituar ambientet e Akademis\u00eb Teologjike dhe Manastirit t\u00eb Sh\u00ebn Vlashit. Atje u prit\u00ebn ngroht\u00ebsisht nga Zv\/drejtori Episkop Nikolla, me t\u00eb cilin pas drek\u00ebs, pat\u00ebn nj\u00eb bashk\u00ebbisedim miq\u00ebsor.<\/span><\/span><\/span><\/div>\n<div style=\"text-align: justify;\"> <span style=\"color: #000000;\"><span style=\"font-family: tahoma,geneva,sans-serif;\"><span style=\"font-size: 12px;\">&nbsp;&nbsp;&nbsp; Dit\u00ebn e fundit t\u00eb veprimtaris\u00eb, p\u00ebr miqt\u00eb nga Kosova u realizua nj\u00eb ekskursion n\u00eb qytetin e lasht\u00eb t\u00eb Kruj\u00ebs. U krye nj\u00eb vizit\u00eb n\u00eb muzeun e heroit ton\u00eb komb\u00ebtar Gjergj Kastriotit si dhe n\u00eb fund u ndan\u00eb p\u00ebrshtypjet rreth k\u00ebsaj p\u00ebrvoje t\u00eb paharruar me nj\u00ebri-tjetrin.<\/span><\/span><\/span><\/div>\n<div class=\"style5\" style=\"text-align: justify;\"><span style=\"color: #000000;\"><span style=\"font-family: tahoma,geneva,sans-serif;\"><span style=\"font-size: 12px;\">&#8212;&#8212;&#8212;&#8212;&#8212;&#8212;&#8212;<\/span><\/span><\/span><\/div>\n<div style=\"text-align: justify;\"><span style=\"color: #000000;\"><span style=\"font-family: tahoma,geneva,sans-serif;\"><span style=\"font-size: 12px;\"><em>&nbsp;&nbsp;&nbsp; <span class=\"style5\">Ndihma dhe prania e Kish\u00ebs Orthodhokse t\u00eb Shqip\u00ebris\u00eb n\u00eb Kosov\u00eb ka qen\u00eb e vazhdueshme q\u00eb prej vitit 1999 dhe ka ndjekur nj\u00eb tradit\u00eb t\u00eb pasur p\u00ebrgjat\u00eb k\u00ebtyre viteve. P\u00ebrmes kampeve me natyr\u00eb edukative dhe arg\u00ebtuese me f\u00ebmij\u00ebt e familjeve kosovare \u00ebsht\u00eb realizuar nj\u00eb bashk\u00ebpunim i ngusht\u00eb n\u00eb shk\u00ebmbimin e ideve dhe thellimin e miq\u00ebsis\u00eb, e cila nisi gjat\u00eb koh\u00ebs s\u00eb luft\u00ebs dhe vijon t\u00eb rritet \u00e7do vit. Ky aktivitet, i pari i realizuar n\u00eb Shqip\u00ebri me arsimtar\u00ebt kosovar\u00eb, sh\u00ebrbeu si nj\u00eb nxitje p\u00ebr t\u00eb vijuar m\u00eb tej bashk\u00ebpunimin dhe miq\u00ebsin\u00eb me nj\u00ebri-tjetrin.<\/span><\/em><\/span><\/span><\/span><\/div>\n<\/td>\n<\/tr>\n<\/tbody>\n<\/table>\n<p style=\"text-align: right;\"><span style=\"color: #000000;\"><span style=\"font-family: tahoma,geneva,sans-serif;\"><span style=\"font-size: 12px;\"><strong>Isidor Koti<\/strong><\/span><\/span><\/span><\/p>\n","protected":false},"excerpt":{"rendered":"<p>&#8211; Kisha Orthodhokse ndihmon me metoda bashk\u00ebkohore n\u00eb m\u00ebsimdh\u00ebnie &#8211; &nbsp; &nbsp;&nbsp;&nbsp; Rexhep Begaj u mahnit nga mikpritja. M\u00ebsuesi i vjet\u00ebr n\u00eb mosh\u00eb dhe me p\u00ebrvoj\u00eb t\u00eb gjat\u00eb n\u00eb arsim, e shpalosi fal\u00ebnderimin me nj\u00eb buz\u00ebqeshje t\u00eb holl\u00eb, si p\u00ebr t\u00eb treguar g\u00ebzimin mes t\u00eb gjith\u00ebve. \u201cNuk e kisha menduar m\u00eb par\u00eb k\u00ebt\u00eb koh\u00eb q\u00eb kaluam k\u00ebtu n\u00eb Shqip\u00ebri. Kisha Orthodhokse e Shqip\u00ebris\u00eb na ka<\/p>\n","protected":false},"author":1,"featured_media":0,"comment_status":"open","ping_status":"open","sticky":false,"template":"","format":"standard","meta":{"_acf_changed":false,"pagelayer_contact_templates":[],"_pagelayer_content":"","inline_featured_image":false,"fifu_image_url":"","fifu_image_alt":"","footnotes":""},"categories":[108],"tags":[146,196,212,156],"class_list":["post-1191","post","type-post","status-publish","format-standard","hentry","category-lajme","tag-146","tag-tirane","tag-lajme-d27","tag-femijet"],"acf":[],"yoast_head":"<!-- This site is optimized with the Yoast SEO plugin v27.2 - https:\/\/yoast.com\/product\/yoast-seo-wordpress\/ -->\n<title>Seminar me arsimtar\u00eb kosovar\u00eb. (2008) - Kisha Orthodh\u03bfkse Autoqefale e Shqip\u00ebris\u00eb<\/title>\n<meta name=\"robots\" content=\"index, follow, max-snippet:-1, max-image-preview:large, max-video-preview:-1\" \/>\n<link rel=\"canonical\" href=\"https:\/\/orthodoxalbania.org\/2020\/2008\/02\/26\/seminar-me-arsimtare-kosovare-2008\/\" \/>\n<meta property=\"og:locale\" content=\"en_US\" \/>\n<meta property=\"og:type\" content=\"article\" \/>\n<meta property=\"og:title\" content=\"Seminar me arsimtar\u00eb kosovar\u00eb. (2008) - Kisha Orthodh\u03bfkse Autoqefale e Shqip\u00ebris\u00eb\" \/>\n<meta property=\"og:description\" content=\"&#8211; Kisha Orthodhokse ndihmon me metoda bashk\u00ebkohore n\u00eb m\u00ebsimdh\u00ebnie &#8211; &nbsp; &nbsp;&nbsp;&nbsp; Rexhep Begaj u mahnit nga mikpritja. M\u00ebsuesi i vjet\u00ebr n\u00eb mosh\u00eb dhe me p\u00ebrvoj\u00eb t\u00eb gjat\u00eb n\u00eb arsim, e shpalosi fal\u00ebnderimin me nj\u00eb buz\u00ebqeshje t\u00eb holl\u00eb, si p\u00ebr t\u00eb treguar g\u00ebzimin mes t\u00eb gjith\u00ebve. \u201cNuk e kisha menduar m\u00eb par\u00eb k\u00ebt\u00eb koh\u00eb q\u00eb kaluam k\u00ebtu n\u00eb Shqip\u00ebri. Kisha Orthodhokse e Shqip\u00ebris\u00eb na ka\" \/>\n<meta property=\"og:url\" content=\"https:\/\/orthodoxalbania.org\/2020\/2008\/02\/26\/seminar-me-arsimtare-kosovare-2008\/\" \/>\n<meta property=\"og:site_name\" content=\"Kisha Orthodh\u03bfkse Autoqefale e Shqip\u00ebris\u00eb\" \/>\n<meta property=\"article:publisher\" content=\"https:\/\/www.facebook.com\/koash1991\" \/>\n<meta property=\"article:published_time\" content=\"2008-02-26T00:00:00+00:00\" \/>\n<meta property=\"article:modified_time\" content=\"2020-04-06T20:35:25+00:00\" \/>\n<meta property=\"og:image\" content=\"https:\/\/lh4.googleusercontent.com\/-2WQTTYI9zI8\/VJKYlsmtLzI\/AAAAAAAAIb4\/9moR8qOqnE8\/w448-h308-no\/1%2B-%2BTrajnimi.JPG\" \/>\n<meta name=\"author\" content=\"Kisha Orthodhokse\" \/>\n<meta name=\"twitter:card\" content=\"summary_large_image\" \/>\n<meta name=\"twitter:label1\" content=\"Written by\" \/>\n\t<meta name=\"twitter:data1\" content=\"Kisha Orthodhokse\" \/>\n\t<meta name=\"twitter:label2\" content=\"Est. reading time\" \/>\n\t<meta name=\"twitter:data2\" content=\"4 minutes\" \/>\n<script type=\"application\/ld+json\" class=\"yoast-schema-graph\">{\"@context\":\"https:\/\/schema.org\",\"@graph\":[{\"@type\":\"Article\",\"@id\":\"https:\/\/orthodoxalbania.org\/2020\/2008\/02\/26\/seminar-me-arsimtare-kosovare-2008\/#article\",\"isPartOf\":{\"@id\":\"https:\/\/orthodoxalbania.org\/2020\/2008\/02\/26\/seminar-me-arsimtare-kosovare-2008\/\"},\"author\":{\"name\":\"Kisha Orthodhokse\",\"@id\":\"https:\/\/orthodoxalbania.org\/2020\/#\/schema\/person\/0c387634a7063ac612d7ed9ce71c7e86\"},\"headline\":\"Seminar me arsimtar\u00eb kosovar\u00eb. (2008)\",\"datePublished\":\"2008-02-26T00:00:00+00:00\",\"dateModified\":\"2020-04-06T20:35:25+00:00\",\"mainEntityOfPage\":{\"@id\":\"https:\/\/orthodoxalbania.org\/2020\/2008\/02\/26\/seminar-me-arsimtare-kosovare-2008\/\"},\"wordCount\":824,\"commentCount\":0,\"publisher\":{\"@id\":\"https:\/\/orthodoxalbania.org\/2020\/#organization\"},\"image\":{\"@id\":\"https:\/\/orthodoxalbania.org\/2020\/2008\/02\/26\/seminar-me-arsimtare-kosovare-2008\/#primaryimage\"},\"thumbnailUrl\":\"https:\/\/lh4.googleusercontent.com\/-2WQTTYI9zI8\/VJKYlsmtLzI\/AAAAAAAAIb4\/9moR8qOqnE8\/w448-h308-no\/1%2B-%2BTrajnimi.JPG\",\"keywords\":[\"2008\",\"Kryepiskopata Tiran\u00eb\",\"lajme\",\"Zyra e F\u00ebmij\u00ebve\"],\"articleSection\":[\"Lajme\"],\"inLanguage\":\"en-US\"},{\"@type\":\"WebPage\",\"@id\":\"https:\/\/orthodoxalbania.org\/2020\/2008\/02\/26\/seminar-me-arsimtare-kosovare-2008\/\",\"url\":\"https:\/\/orthodoxalbania.org\/2020\/2008\/02\/26\/seminar-me-arsimtare-kosovare-2008\/\",\"name\":\"Seminar me arsimtar\u00eb kosovar\u00eb. (2008) - Kisha Orthodh\u03bfkse Autoqefale e Shqip\u00ebris\u00eb\",\"isPartOf\":{\"@id\":\"https:\/\/orthodoxalbania.org\/2020\/#website\"},\"primaryImageOfPage\":{\"@id\":\"https:\/\/orthodoxalbania.org\/2020\/2008\/02\/26\/seminar-me-arsimtare-kosovare-2008\/#primaryimage\"},\"image\":{\"@id\":\"https:\/\/orthodoxalbania.org\/2020\/2008\/02\/26\/seminar-me-arsimtare-kosovare-2008\/#primaryimage\"},\"thumbnailUrl\":\"https:\/\/lh4.googleusercontent.com\/-2WQTTYI9zI8\/VJKYlsmtLzI\/AAAAAAAAIb4\/9moR8qOqnE8\/w448-h308-no\/1%2B-%2BTrajnimi.JPG\",\"datePublished\":\"2008-02-26T00:00:00+00:00\",\"dateModified\":\"2020-04-06T20:35:25+00:00\",\"breadcrumb\":{\"@id\":\"https:\/\/orthodoxalbania.org\/2020\/2008\/02\/26\/seminar-me-arsimtare-kosovare-2008\/#breadcrumb\"},\"inLanguage\":\"en-US\",\"potentialAction\":[{\"@type\":\"ReadAction\",\"target\":[\"https:\/\/orthodoxalbania.org\/2020\/2008\/02\/26\/seminar-me-arsimtare-kosovare-2008\/\"]}]},{\"@type\":\"ImageObject\",\"inLanguage\":\"en-US\",\"@id\":\"https:\/\/orthodoxalbania.org\/2020\/2008\/02\/26\/seminar-me-arsimtare-kosovare-2008\/#primaryimage\",\"url\":\"https:\/\/lh4.googleusercontent.com\/-2WQTTYI9zI8\/VJKYlsmtLzI\/AAAAAAAAIb4\/9moR8qOqnE8\/w448-h308-no\/1%2B-%2BTrajnimi.JPG\",\"contentUrl\":\"https:\/\/lh4.googleusercontent.com\/-2WQTTYI9zI8\/VJKYlsmtLzI\/AAAAAAAAIb4\/9moR8qOqnE8\/w448-h308-no\/1%2B-%2BTrajnimi.JPG\"},{\"@type\":\"BreadcrumbList\",\"@id\":\"https:\/\/orthodoxalbania.org\/2020\/2008\/02\/26\/seminar-me-arsimtare-kosovare-2008\/#breadcrumb\",\"itemListElement\":[{\"@type\":\"ListItem\",\"position\":1,\"name\":\"Home\",\"item\":\"https:\/\/orthodoxalbania.org\/2020\/\"},{\"@type\":\"ListItem\",\"position\":2,\"name\":\"Seminar me arsimtar\u00eb kosovar\u00eb. (2008)\"}]},{\"@type\":\"WebSite\",\"@id\":\"https:\/\/orthodoxalbania.org\/2020\/#website\",\"url\":\"https:\/\/orthodoxalbania.org\/2020\/\",\"name\":\"Kisha Orthodh\u03bfkse Autoqefale e Shqip\u00ebris\u00eb\",\"description\":\"Fqja Zyrtare e Kish\u00ebs Orthodhokse Autoqefale e Shqip\u00ebris\u00eb me lajmet edhe informacionet zyrtare p\u00ebr struktur\u00ebn edhe veprimtarin e saj.\",\"publisher\":{\"@id\":\"https:\/\/orthodoxalbania.org\/2020\/#organization\"},\"potentialAction\":[{\"@type\":\"SearchAction\",\"target\":{\"@type\":\"EntryPoint\",\"urlTemplate\":\"https:\/\/orthodoxalbania.org\/2020\/?s={search_term_string}\"},\"query-input\":{\"@type\":\"PropertyValueSpecification\",\"valueRequired\":true,\"valueName\":\"search_term_string\"}}],\"inLanguage\":\"en-US\"},{\"@type\":\"Organization\",\"@id\":\"https:\/\/orthodoxalbania.org\/2020\/#organization\",\"name\":\"Kisha Orthodhokse Autoqefale e Shqip\u00ebris\u00eb\",\"url\":\"https:\/\/orthodoxalbania.org\/2020\/\",\"logo\":{\"@type\":\"ImageObject\",\"inLanguage\":\"en-US\",\"@id\":\"https:\/\/orthodoxalbania.org\/2020\/#\/schema\/logo\/image\/\",\"url\":\"https:\/\/orthodoxalbania.org\/2020\/wp-content\/uploads\/2020\/05\/albania.jpeg\",\"contentUrl\":\"https:\/\/orthodoxalbania.org\/2020\/wp-content\/uploads\/2020\/05\/albania.jpeg\",\"width\":540,\"height\":540,\"caption\":\"Kisha Orthodhokse Autoqefale e Shqip\u00ebris\u00eb\"},\"image\":{\"@id\":\"https:\/\/orthodoxalbania.org\/2020\/#\/schema\/logo\/image\/\"},\"sameAs\":[\"https:\/\/www.facebook.com\/koash1991\"]},{\"@type\":\"Person\",\"@id\":\"https:\/\/orthodoxalbania.org\/2020\/#\/schema\/person\/0c387634a7063ac612d7ed9ce71c7e86\",\"name\":\"Kisha Orthodhokse\",\"image\":{\"@type\":\"ImageObject\",\"inLanguage\":\"en-US\",\"@id\":\"https:\/\/secure.gravatar.com\/avatar\/596e7c417251e30f2fbb9c00e026fce61a695a00e51c889caded71c96cbbdde5?s=96&d=mm&r=g\",\"url\":\"https:\/\/secure.gravatar.com\/avatar\/596e7c417251e30f2fbb9c00e026fce61a695a00e51c889caded71c96cbbdde5?s=96&d=mm&r=g\",\"contentUrl\":\"https:\/\/secure.gravatar.com\/avatar\/596e7c417251e30f2fbb9c00e026fce61a695a00e51c889caded71c96cbbdde5?s=96&d=mm&r=g\",\"caption\":\"Kisha Orthodhokse\"}}]}<\/script>\n<!-- \/ Yoast SEO plugin. -->","yoast_head_json":{"title":"Seminar me arsimtar\u00eb kosovar\u00eb. (2008) - Kisha Orthodh\u03bfkse Autoqefale e Shqip\u00ebris\u00eb","robots":{"index":"index","follow":"follow","max-snippet":"max-snippet:-1","max-image-preview":"max-image-preview:large","max-video-preview":"max-video-preview:-1"},"canonical":"https:\/\/orthodoxalbania.org\/2020\/2008\/02\/26\/seminar-me-arsimtare-kosovare-2008\/","og_locale":"en_US","og_type":"article","og_title":"Seminar me arsimtar\u00eb kosovar\u00eb. (2008) - Kisha Orthodh\u03bfkse Autoqefale e Shqip\u00ebris\u00eb","og_description":"&#8211; Kisha Orthodhokse ndihmon me metoda bashk\u00ebkohore n\u00eb m\u00ebsimdh\u00ebnie &#8211; &nbsp; &nbsp;&nbsp;&nbsp; Rexhep Begaj u mahnit nga mikpritja. M\u00ebsuesi i vjet\u00ebr n\u00eb mosh\u00eb dhe me p\u00ebrvoj\u00eb t\u00eb gjat\u00eb n\u00eb arsim, e shpalosi fal\u00ebnderimin me nj\u00eb buz\u00ebqeshje t\u00eb holl\u00eb, si p\u00ebr t\u00eb treguar g\u00ebzimin mes t\u00eb gjith\u00ebve. \u201cNuk e kisha menduar m\u00eb par\u00eb k\u00ebt\u00eb koh\u00eb q\u00eb kaluam k\u00ebtu n\u00eb Shqip\u00ebri. Kisha Orthodhokse e Shqip\u00ebris\u00eb na ka","og_url":"https:\/\/orthodoxalbania.org\/2020\/2008\/02\/26\/seminar-me-arsimtare-kosovare-2008\/","og_site_name":"Kisha Orthodh\u03bfkse Autoqefale e Shqip\u00ebris\u00eb","article_publisher":"https:\/\/www.facebook.com\/koash1991","article_published_time":"2008-02-26T00:00:00+00:00","article_modified_time":"2020-04-06T20:35:25+00:00","og_image":[{"url":"https:\/\/lh4.googleusercontent.com\/-2WQTTYI9zI8\/VJKYlsmtLzI\/AAAAAAAAIb4\/9moR8qOqnE8\/w448-h308-no\/1%2B-%2BTrajnimi.JPG","type":"","width":"","height":""}],"author":"Kisha Orthodhokse","twitter_card":"summary_large_image","twitter_misc":{"Written by":"Kisha Orthodhokse","Est. reading time":"4 minutes"},"schema":{"@context":"https:\/\/schema.org","@graph":[{"@type":"Article","@id":"https:\/\/orthodoxalbania.org\/2020\/2008\/02\/26\/seminar-me-arsimtare-kosovare-2008\/#article","isPartOf":{"@id":"https:\/\/orthodoxalbania.org\/2020\/2008\/02\/26\/seminar-me-arsimtare-kosovare-2008\/"},"author":{"name":"Kisha Orthodhokse","@id":"https:\/\/orthodoxalbania.org\/2020\/#\/schema\/person\/0c387634a7063ac612d7ed9ce71c7e86"},"headline":"Seminar me arsimtar\u00eb kosovar\u00eb. (2008)","datePublished":"2008-02-26T00:00:00+00:00","dateModified":"2020-04-06T20:35:25+00:00","mainEntityOfPage":{"@id":"https:\/\/orthodoxalbania.org\/2020\/2008\/02\/26\/seminar-me-arsimtare-kosovare-2008\/"},"wordCount":824,"commentCount":0,"publisher":{"@id":"https:\/\/orthodoxalbania.org\/2020\/#organization"},"image":{"@id":"https:\/\/orthodoxalbania.org\/2020\/2008\/02\/26\/seminar-me-arsimtare-kosovare-2008\/#primaryimage"},"thumbnailUrl":"https:\/\/lh4.googleusercontent.com\/-2WQTTYI9zI8\/VJKYlsmtLzI\/AAAAAAAAIb4\/9moR8qOqnE8\/w448-h308-no\/1%2B-%2BTrajnimi.JPG","keywords":["2008","Kryepiskopata Tiran\u00eb","lajme","Zyra e F\u00ebmij\u00ebve"],"articleSection":["Lajme"],"inLanguage":"en-US"},{"@type":"WebPage","@id":"https:\/\/orthodoxalbania.org\/2020\/2008\/02\/26\/seminar-me-arsimtare-kosovare-2008\/","url":"https:\/\/orthodoxalbania.org\/2020\/2008\/02\/26\/seminar-me-arsimtare-kosovare-2008\/","name":"Seminar me arsimtar\u00eb kosovar\u00eb. (2008) - Kisha Orthodh\u03bfkse Autoqefale e Shqip\u00ebris\u00eb","isPartOf":{"@id":"https:\/\/orthodoxalbania.org\/2020\/#website"},"primaryImageOfPage":{"@id":"https:\/\/orthodoxalbania.org\/2020\/2008\/02\/26\/seminar-me-arsimtare-kosovare-2008\/#primaryimage"},"image":{"@id":"https:\/\/orthodoxalbania.org\/2020\/2008\/02\/26\/seminar-me-arsimtare-kosovare-2008\/#primaryimage"},"thumbnailUrl":"https:\/\/lh4.googleusercontent.com\/-2WQTTYI9zI8\/VJKYlsmtLzI\/AAAAAAAAIb4\/9moR8qOqnE8\/w448-h308-no\/1%2B-%2BTrajnimi.JPG","datePublished":"2008-02-26T00:00:00+00:00","dateModified":"2020-04-06T20:35:25+00:00","breadcrumb":{"@id":"https:\/\/orthodoxalbania.org\/2020\/2008\/02\/26\/seminar-me-arsimtare-kosovare-2008\/#breadcrumb"},"inLanguage":"en-US","potentialAction":[{"@type":"ReadAction","target":["https:\/\/orthodoxalbania.org\/2020\/2008\/02\/26\/seminar-me-arsimtare-kosovare-2008\/"]}]},{"@type":"ImageObject","inLanguage":"en-US","@id":"https:\/\/orthodoxalbania.org\/2020\/2008\/02\/26\/seminar-me-arsimtare-kosovare-2008\/#primaryimage","url":"https:\/\/lh4.googleusercontent.com\/-2WQTTYI9zI8\/VJKYlsmtLzI\/AAAAAAAAIb4\/9moR8qOqnE8\/w448-h308-no\/1%2B-%2BTrajnimi.JPG","contentUrl":"https:\/\/lh4.googleusercontent.com\/-2WQTTYI9zI8\/VJKYlsmtLzI\/AAAAAAAAIb4\/9moR8qOqnE8\/w448-h308-no\/1%2B-%2BTrajnimi.JPG"},{"@type":"BreadcrumbList","@id":"https:\/\/orthodoxalbania.org\/2020\/2008\/02\/26\/seminar-me-arsimtare-kosovare-2008\/#breadcrumb","itemListElement":[{"@type":"ListItem","position":1,"name":"Home","item":"https:\/\/orthodoxalbania.org\/2020\/"},{"@type":"ListItem","position":2,"name":"Seminar me arsimtar\u00eb kosovar\u00eb. (2008)"}]},{"@type":"WebSite","@id":"https:\/\/orthodoxalbania.org\/2020\/#website","url":"https:\/\/orthodoxalbania.org\/2020\/","name":"Kisha Orthodh\u03bfkse Autoqefale e Shqip\u00ebris\u00eb","description":"Fqja Zyrtare e Kish\u00ebs Orthodhokse Autoqefale e Shqip\u00ebris\u00eb me lajmet edhe informacionet zyrtare p\u00ebr struktur\u00ebn edhe veprimtarin e saj.","publisher":{"@id":"https:\/\/orthodoxalbania.org\/2020\/#organization"},"potentialAction":[{"@type":"SearchAction","target":{"@type":"EntryPoint","urlTemplate":"https:\/\/orthodoxalbania.org\/2020\/?s={search_term_string}"},"query-input":{"@type":"PropertyValueSpecification","valueRequired":true,"valueName":"search_term_string"}}],"inLanguage":"en-US"},{"@type":"Organization","@id":"https:\/\/orthodoxalbania.org\/2020\/#organization","name":"Kisha Orthodhokse Autoqefale e Shqip\u00ebris\u00eb","url":"https:\/\/orthodoxalbania.org\/2020\/","logo":{"@type":"ImageObject","inLanguage":"en-US","@id":"https:\/\/orthodoxalbania.org\/2020\/#\/schema\/logo\/image\/","url":"https:\/\/orthodoxalbania.org\/2020\/wp-content\/uploads\/2020\/05\/albania.jpeg","contentUrl":"https:\/\/orthodoxalbania.org\/2020\/wp-content\/uploads\/2020\/05\/albania.jpeg","width":540,"height":540,"caption":"Kisha Orthodhokse Autoqefale e Shqip\u00ebris\u00eb"},"image":{"@id":"https:\/\/orthodoxalbania.org\/2020\/#\/schema\/logo\/image\/"},"sameAs":["https:\/\/www.facebook.com\/koash1991"]},{"@type":"Person","@id":"https:\/\/orthodoxalbania.org\/2020\/#\/schema\/person\/0c387634a7063ac612d7ed9ce71c7e86","name":"Kisha Orthodhokse","image":{"@type":"ImageObject","inLanguage":"en-US","@id":"https:\/\/secure.gravatar.com\/avatar\/596e7c417251e30f2fbb9c00e026fce61a695a00e51c889caded71c96cbbdde5?s=96&d=mm&r=g","url":"https:\/\/secure.gravatar.com\/avatar\/596e7c417251e30f2fbb9c00e026fce61a695a00e51c889caded71c96cbbdde5?s=96&d=mm&r=g","contentUrl":"https:\/\/secure.gravatar.com\/avatar\/596e7c417251e30f2fbb9c00e026fce61a695a00e51c889caded71c96cbbdde5?s=96&d=mm&r=g","caption":"Kisha Orthodhokse"}}]}},"_links":{"self":[{"href":"https:\/\/orthodoxalbania.org\/2020\/wp-json\/wp\/v2\/posts\/1191","targetHints":{"allow":["GET"]}}],"collection":[{"href":"https:\/\/orthodoxalbania.org\/2020\/wp-json\/wp\/v2\/posts"}],"about":[{"href":"https:\/\/orthodoxalbania.org\/2020\/wp-json\/wp\/v2\/types\/post"}],"author":[{"embeddable":true,"href":"https:\/\/orthodoxalbania.org\/2020\/wp-json\/wp\/v2\/users\/1"}],"replies":[{"embeddable":true,"href":"https:\/\/orthodoxalbania.org\/2020\/wp-json\/wp\/v2\/comments?post=1191"}],"version-history":[{"count":1,"href":"https:\/\/orthodoxalbania.org\/2020\/wp-json\/wp\/v2\/posts\/1191\/revisions"}],"predecessor-version":[{"id":15677,"href":"https:\/\/orthodoxalbania.org\/2020\/wp-json\/wp\/v2\/posts\/1191\/revisions\/15677"}],"wp:attachment":[{"href":"https:\/\/orthodoxalbania.org\/2020\/wp-json\/wp\/v2\/media?parent=1191"}],"wp:term":[{"taxonomy":"category","embeddable":true,"href":"https:\/\/orthodoxalbania.org\/2020\/wp-json\/wp\/v2\/categories?post=1191"},{"taxonomy":"post_tag","embeddable":true,"href":"https:\/\/orthodoxalbania.org\/2020\/wp-json\/wp\/v2\/tags?post=1191"}],"curies":[{"name":"wp","href":"https:\/\/api.w.org\/{rel}","templated":true}]}}