{"id":1188,"date":"2007-02-26T00:00:20","date_gmt":"2007-02-26T00:00:20","guid":{"rendered":""},"modified":"2020-04-13T00:31:26","modified_gmt":"2020-04-12T22:31:26","slug":"schools-for-higher-learning-it-s-the-beginning-of-a-new-academic-year-for-the-advanced-institutions-of-our-church-october-2007","status":"publish","type":"post","link":"https:\/\/orthodoxalbania.org\/2020\/en\/2007\/02\/26\/schools-for-higher-learning-it-s-the-beginning-of-a-new-academic-year-for-the-advanced-institutions-of-our-church-october-2007\/","title":{"rendered":"Schools for Higher Learning It\u2019s the beginning of a new academic year for the advanced institutions of our Church. (October 2007)"},"content":{"rendered":"<div style=\"text-align: justify;\"><span style=\"color: #000000;\"><span style=\"font-family: tahoma,geneva,sans-serif;\"><span style=\"font-size: 12px;\">&nbsp;<img decoding=\"async\" class=\"lazyload HAa Eha\" style=\"height: 143px; width: 200px; border-width: 1px; border-style: solid; margin: 10px; float: left;\" alt=\"\" src=\"data:image\/gif;base64,R0lGODlhAQABAAAAACH5BAEKAAEALAAAAAABAAEAAAICTAEAOw==\" data-orig-src=\"https:\/\/lh5.googleusercontent.com\/-QpF0PG8LCcs\/VIrGNiFy30I\/AAAAAAAAG8s\/vO1ICqJ1kDY\/w351-h251-no\/pic1.jpg\" \/>&nbsp;&nbsp; On October 1st, the new academic year 2007-2008 started in the Theological Academy \u201cResurrection of Christ\u201d at St. Vlasios in Durr\u00ebs and in the Institution of Professional Education \u201cSpirit of Love\u201d which is located in Tiran\u00eb and also has a separate branch in the \u201cEmaus\u201d Center in Gjirokast\u00ebr.&nbsp;&nbsp;<\/p>\n<p> <img decoding=\"async\" class=\"lazyload HAa Eha\" style=\"height: 150px; width: 200px; border-width: 1px; border-style: solid; margin: 10px; float: right;\" alt=\"\" src=\"data:image\/gif;base64,R0lGODlhAQABAAAAACH5BAEKAAEALAAAAAABAAEAAAICTAEAOw==\" data-orig-src=\"https:\/\/lh6.googleusercontent.com\/-ZZ8SsIpwga4\/VIrGNeEcalI\/AAAAAAAAG7w\/dCvjbFUhBZU\/w400-h300-no\/pic2.jpg\" \/>&nbsp;&nbsp;&nbsp; From the very first day, students began their studies in these modern environments. His Beatitude, Archbishop Anastasios, who is the founder and the major financial supporter of these institutions, continues to develop the academic programs in these facilities by increasing their academic standards and having well-qualified staff and all the necessary amenities.<\/p>\n<p> &nbsp;&nbsp;&nbsp; Students come from various parts of our country to attend the Theological Academy. One student sat down in her class, and exclaimed, \u201cthis is the most beautiful school of life!\u201d Part of the program in the academy is the students\u2019 liturgical life, which is experienced through their active participation in daily matins and vespers.&nbsp;&nbsp;<\/p>\n<p> <img decoding=\"async\" class=\"lazyload HAa Eha\" style=\"height: 135px; width: 200px; border-width: 1px; border-style: solid; margin: 10px; float: left;\" alt=\"\" src=\"data:image\/gif;base64,R0lGODlhAQABAAAAACH5BAEKAAEALAAAAAABAAEAAAICTAEAOw==\" data-orig-src=\"https:\/\/lh3.googleusercontent.com\/-LioyBZ_dXnY\/VIrGNlo4f1I\/AAAAAAAAG8g\/MD8ZEcKwYUU\/w350-h236-no\/pic3.jpg\" \/>&nbsp;&nbsp;&nbsp; During the academic year, students assist in other services in the surrounding communities, such as catechism, visiting different institutions for gifted children, the orphanage, a school for the handicapped, an asylum and at hospitals, located in Durr\u00ebs, Kavaj\u00eb and Tiran\u00eb.<\/p>\n<p> <img decoding=\"async\" class=\"lazyload HAa Eha\" style=\"height: 150px; width: 200px; border-width: 1px; border-style: solid; margin: 10px; float: right;\" alt=\"\" src=\"data:image\/gif;base64,R0lGODlhAQABAAAAACH5BAEKAAEALAAAAAABAAEAAAICTAEAOw==\" data-orig-src=\"https:\/\/lh3.googleusercontent.com\/-7_-Nn7RY5AQ\/VIrGN_WrNoI\/AAAAAAAAG8c\/zln7UEX_PVY\/w400-h300-no\/pic4.jpg\" \/>&nbsp;&nbsp;&nbsp; It is through their liturgical and theological studies, and life in the surrounding communities, that students achieve their spiritual and academic fulfilment.&nbsp;&nbsp;<\/p>\n<p> &nbsp;&nbsp;&nbsp; In addition, the number of books in the academy\u2019s library has increased this year. There are now more than 15,000 books of various subjects such as religion, science, history, and fiction.<\/p>\n<p> &nbsp;&nbsp;&nbsp; The Academy is considered to be the most important institution of our Church since it prepares the clergy and lay &#8211; people of the future, who will serve in \u201cGod\u2019s vineyard\u201d. There are 193 students who have completed their studies at the academy.&nbsp;&nbsp;&nbsp;<\/p>\n<p> <img decoding=\"async\" class=\"lazyload HAa Eha\" style=\"height: 150px; width: 200px; border-width: 1px; border-style: solid; margin: 10px; float: left;\" alt=\"\" src=\"data:image\/gif;base64,R0lGODlhAQABAAAAACH5BAEKAAEALAAAAAABAAEAAAICTAEAOw==\" data-orig-src=\"https:\/\/lh6.googleusercontent.com\/-94_qYkiTwsY\/VIrGOJQpjUI\/AAAAAAAAG8Y\/bw5PwIUTiJU\/w400-h300-no\/pic5.jpg\" \/>&nbsp;&nbsp;&nbsp; Out of this number, 125 have been ordained priests, and the rest contribute and participate in various departments of our Church. The teaching staff is composed of 20 professors, both priests and lay-persons, male and female, from Albania, Greece and the United States.<\/p>\n<p> <img decoding=\"async\" class=\"lazyload HAa Eha\" style=\"height: 150px; width: 200px; border-width: 1px; border-style: solid; margin: 10px; float: right;\" alt=\"\" src=\"data:image\/gif;base64,R0lGODlhAQABAAAAACH5BAEKAAEALAAAAAABAAEAAAICTAEAOw==\" data-orig-src=\"https:\/\/lh4.googleusercontent.com\/-YyGeTtdZ0Xg\/VIrGORTOIDI\/AAAAAAAAG8A\/migobvFWDOg\/w400-h300-no\/pic6.jpg\" \/>&nbsp;&nbsp;&nbsp; A new academic year has started at the Institute of Professional Education \u201cSpirit of Love\u201d in Tiran\u00eb. There are 250 students enrolled and they study various majors such as Management, Computerized accounting, Computer Sciences, Medical Laboratory Specialist, Restoration and Conservation of Art pieces and Byzantine Iconography.<\/p>\n<p> &nbsp;&nbsp;&nbsp; The school is in its seventh year and has renovated the facilities, as well as its academic program. The new curriculum is based on European standards and is similar to that of the Delta School in Greece, and in its branches throughout Europe.<\/p>\n<p> &nbsp;<img decoding=\"async\" class=\"lazyload HAa Eha\" style=\"height: 150px; width: 200px; border-width: 1px; border-style: solid; margin: 10px; float: left;\" alt=\"\" src=\"data:image\/gif;base64,R0lGODlhAQABAAAAACH5BAEKAAEALAAAAAABAAEAAAICTAEAOw==\" data-orig-src=\"https:\/\/lh3.googleusercontent.com\/-Fs_faglbi9E\/VIrGOpK48mI\/AAAAAAAAG8Q\/sRWI_Ne39ck\/w400-h300-no\/pic7.jpg\" \/>&nbsp;&nbsp; The courses are for two years with the intention of preparing a new generation of professionals who will possess the up-to-date skills in their chosen profession. There are also foreign language studies and computer programming majors. The success of these academic programs can be attributed to the professors who have post-graduate degrees and are technically qualified, and who also have many years of experience in professional education.<\/p>\n<p> <img decoding=\"async\" class=\"lazyload HAa Eha\" style=\"height: 299px; width: 200px; border-width: 1px; border-style: solid; margin: 10px; float: right;\" alt=\"\" src=\"data:image\/gif;base64,R0lGODlhAQABAAAAACH5BAEKAAEALAAAAAABAAEAAAICTAEAOw==\" data-orig-src=\"https:\/\/lh4.googleusercontent.com\/-AimrQBzh9dQ\/VIrGOyQDb4I\/AAAAAAAAG8M\/-jgmjTVhGh8\/w201-h300-no\/pic8.jpg\" \/>&nbsp;&nbsp;&nbsp; In addition, one hundred 1st year and 2nd year students are pursuing their studies at the Emaus Center in Gjirokast\u00ebr. The school offer the following majors; computerized accounting, business administration, tourism and computer sciences. About 30 Albanian and non-Albanian professors teach at the new school which is well equipped with the necessary laboratories for each major. Along with theory, students participate in the practice of their major in order to be highly skilled and competitive in the labour market after their two-year course of studies.<\/span><\/span><\/span><br \/> &nbsp;<\/div>\n<div style=\"text-align: right;\"> <span style=\"color: #000000;\"><span style=\"font-family: tahoma,geneva,sans-serif;\"><span style=\"font-size: 12px;\">&nbsp;<br \/> &nbsp;<\/p>\n<p> &nbsp;&nbsp;&nbsp;&nbsp; Translated by: Juliana Pici<\/span><\/span><\/span><\/div>\n<div style=\"text-align: right;\"><span style=\"color: #000000;\"><span style=\"font-family: tahoma,geneva,sans-serif;\"><span style=\"font-size: 12px;\">&nbsp;&nbsp;&nbsp;&nbsp; Edited by: Melany Linderman<\/span><\/span><\/span><\/div>\n<div style=\"text-align: right;\">&nbsp;<\/div>\n<div style=\"text-align: right;\">&nbsp;<\/div>\n<div style=\"text-align: center;\">\n<div style=\"text-align: justify;\"><span style=\"color: #000000;\"><img decoding=\"async\" class=\"lazyload HAa Eha\" style=\"border-width: 1px; border-style: solid; margin: 10px; float: left;\" alt=\"\" src=\"data:image\/gif;base64,R0lGODlhAQABAAAAACH5BAEKAAEALAAAAAABAAEAAAICTAEAOw==\" data-orig-src=\"https:\/\/lh5.googleusercontent.com\/-LugNiimTF_Q\/VIrGPF7BYqI\/AAAAAAAAG8U\/5Ak0DYMV1G0\/w350-h228-no\/pic9.jpg\" \/><\/span><\/div>\n<div style=\"text-align: justify;\">&nbsp;<\/div>\n<div style=\"text-align: justify;\">&nbsp;<\/div>\n<div style=\"text-align: justify;\">&nbsp;<\/div>\n<div style=\"text-align: justify;\">&nbsp;<\/div>\n<div style=\"text-align: justify;\">&nbsp;<\/div>\n<div style=\"text-align: justify;\">&nbsp;<\/div>\n<div style=\"text-align: justify;\">&nbsp;<\/div>\n<div style=\"text-align: justify;\">&nbsp;<\/div>\n<div style=\"text-align: justify;\">&nbsp;<\/div>\n<div style=\"text-align: justify;\">&nbsp;<\/div>\n<div style=\"text-align: justify;\">&nbsp;<\/div>\n<div style=\"text-align: right;\"><span style=\"color: #000000;\"><img decoding=\"async\" class=\"lazyload HAa Eha\" style=\"border-width: 1px; border-style: solid; margin: 10px; float: left;\" alt=\"\" src=\"data:image\/gif;base64,R0lGODlhAQABAAAAACH5BAEKAAEALAAAAAABAAEAAAICTAEAOw==\" data-orig-src=\"https:\/\/lh6.googleusercontent.com\/-pVZE3qYxLFk\/VIrGNVQKy8I\/AAAAAAAAG8k\/-zugJkTuoHo\/w350-h258-no\/pic10.jpg\" \/><\/span><\/div>\n<\/div>\n<div style=\"text-align: center;\">&nbsp;<\/div>\n","protected":false},"excerpt":{"rendered":"<p>&nbsp;&nbsp;&nbsp; On October 1st, the new academic year 2007-2008 started in the Theological Academy \u201cResurrection of Christ\u201d at St. Vlasios in Durr\u00ebs and in the Institution of Professional Education \u201cSpirit of Love\u201d which is located in Tiran\u00eb and also has a separate branch in the \u201cEmaus\u201d Center in Gjirokast\u00ebr.&nbsp;&nbsp; &nbsp;&nbsp;&nbsp; From the very first day, students began their studies in these modern environments. His Beatitude,<\/p>\n","protected":false},"author":7,"featured_media":0,"comment_status":"open","ping_status":"open","sticky":false,"template":"","format":"standard","meta":{"_acf_changed":false,"pagelayer_contact_templates":[],"_pagelayer_content":"","inline_featured_image":false,"fifu_image_url":"","fifu_image_alt":"","footnotes":""},"categories":[1455,311],"tags":[1117,1181,1846],"class_list":["post-1188","post","type-post","status-publish","format-standard","hentry","category-news-en","category-news-d25","tag-2007-en","tag-theological-academy","tag-universiteti-logos-en"],"acf":[],"yoast_head":"<!-- This site is optimized with the Yoast SEO plugin v27.2 - https:\/\/yoast.com\/product\/yoast-seo-wordpress\/ -->\n<title>Schools for Higher Learning It\u2019s the beginning of a new academic year for the advanced institutions of our Church. (October 2007) - Kisha Orthodh\u03bfkse Autoqefale e Shqip\u00ebris\u00eb<\/title>\n<meta name=\"robots\" content=\"index, follow, max-snippet:-1, max-image-preview:large, max-video-preview:-1\" \/>\n<link rel=\"canonical\" href=\"https:\/\/orthodoxalbania.org\/2020\/en\/2007\/02\/26\/schools-for-higher-learning-it-s-the-beginning-of-a-new-academic-year-for-the-advanced-institutions-of-our-church-october-2007\/\" \/>\n<meta property=\"og:locale\" content=\"en_US\" \/>\n<meta property=\"og:type\" content=\"article\" \/>\n<meta property=\"og:title\" content=\"Schools for Higher Learning It\u2019s the beginning of a new academic year for the advanced institutions of our Church. (October 2007) - Kisha Orthodh\u03bfkse Autoqefale e Shqip\u00ebris\u00eb\" \/>\n<meta property=\"og:description\" content=\"&nbsp;&nbsp;&nbsp; On October 1st, the new academic year 2007-2008 started in the Theological Academy \u201cResurrection of Christ\u201d at St. Vlasios in Durr\u00ebs and in the Institution of Professional Education \u201cSpirit of Love\u201d which is located in Tiran\u00eb and also has a separate branch in the \u201cEmaus\u201d Center in Gjirokast\u00ebr.&nbsp;&nbsp; &nbsp;&nbsp;&nbsp; From the very first day, students began their studies in these modern environments. His Beatitude,\" \/>\n<meta property=\"og:url\" content=\"https:\/\/orthodoxalbania.org\/2020\/en\/2007\/02\/26\/schools-for-higher-learning-it-s-the-beginning-of-a-new-academic-year-for-the-advanced-institutions-of-our-church-october-2007\/\" \/>\n<meta property=\"og:site_name\" content=\"Kisha Orthodh\u03bfkse Autoqefale e Shqip\u00ebris\u00eb\" \/>\n<meta property=\"article:publisher\" content=\"https:\/\/www.facebook.com\/koash1991\" \/>\n<meta property=\"article:published_time\" content=\"2007-02-26T00:00:20+00:00\" \/>\n<meta property=\"article:modified_time\" content=\"2020-04-12T22:31:26+00:00\" \/>\n<meta property=\"og:image\" content=\"https:\/\/lh5.googleusercontent.com\/-QpF0PG8LCcs\/VIrGNiFy30I\/AAAAAAAAG8s\/vO1ICqJ1kDY\/w351-h251-no\/pic1.jpg\" \/>\n<meta name=\"author\" content=\"Kisha Orthodhokse\" \/>\n<meta name=\"twitter:card\" content=\"summary_large_image\" \/>\n<meta name=\"twitter:label1\" content=\"Written by\" \/>\n\t<meta name=\"twitter:data1\" content=\"Kisha Orthodhokse\" \/>\n\t<meta name=\"twitter:label2\" content=\"Est. reading time\" \/>\n\t<meta name=\"twitter:data2\" content=\"3 minutes\" \/>\n<script type=\"application\/ld+json\" class=\"yoast-schema-graph\">{\"@context\":\"https:\/\/schema.org\",\"@graph\":[{\"@type\":\"Article\",\"@id\":\"https:\/\/orthodoxalbania.org\/2020\/en\/2007\/02\/26\/schools-for-higher-learning-it-s-the-beginning-of-a-new-academic-year-for-the-advanced-institutions-of-our-church-october-2007\/#article\",\"isPartOf\":{\"@id\":\"https:\/\/orthodoxalbania.org\/2020\/en\/2007\/02\/26\/schools-for-higher-learning-it-s-the-beginning-of-a-new-academic-year-for-the-advanced-institutions-of-our-church-october-2007\/\"},\"author\":{\"name\":\"Kisha Orthodhokse\",\"@id\":\"https:\/\/orthodoxalbania.org\/2020\/#\/schema\/person\/df745f942b70e045b3dc05a30211f0de\"},\"headline\":\"Schools for Higher Learning It\u2019s the beginning of a new academic year for the advanced institutions of our Church. (October 2007)\",\"datePublished\":\"2007-02-26T00:00:20+00:00\",\"dateModified\":\"2020-04-12T22:31:26+00:00\",\"mainEntityOfPage\":{\"@id\":\"https:\/\/orthodoxalbania.org\/2020\/en\/2007\/02\/26\/schools-for-higher-learning-it-s-the-beginning-of-a-new-academic-year-for-the-advanced-institutions-of-our-church-october-2007\/\"},\"wordCount\":673,\"commentCount\":0,\"publisher\":{\"@id\":\"https:\/\/orthodoxalbania.org\/2020\/#organization\"},\"image\":{\"@id\":\"https:\/\/orthodoxalbania.org\/2020\/en\/2007\/02\/26\/schools-for-higher-learning-it-s-the-beginning-of-a-new-academic-year-for-the-advanced-institutions-of-our-church-october-2007\/#primaryimage\"},\"thumbnailUrl\":\"https:\/\/lh5.googleusercontent.com\/-QpF0PG8LCcs\/VIrGNiFy30I\/AAAAAAAAG8s\/vO1ICqJ1kDY\/w351-h251-no\/pic1.jpg\",\"keywords\":[\"2007\",\"Theological Academy\",\"Universiteti \\\"Logos\\\"\"],\"articleSection\":[\"News - \u0395\u039d\",\"News old page\"],\"inLanguage\":\"en-US\"},{\"@type\":\"WebPage\",\"@id\":\"https:\/\/orthodoxalbania.org\/2020\/en\/2007\/02\/26\/schools-for-higher-learning-it-s-the-beginning-of-a-new-academic-year-for-the-advanced-institutions-of-our-church-october-2007\/\",\"url\":\"https:\/\/orthodoxalbania.org\/2020\/en\/2007\/02\/26\/schools-for-higher-learning-it-s-the-beginning-of-a-new-academic-year-for-the-advanced-institutions-of-our-church-october-2007\/\",\"name\":\"Schools for Higher Learning It\u2019s the beginning of a new academic year for the advanced institutions of our Church. (October 2007) - Kisha Orthodh\u03bfkse Autoqefale e Shqip\u00ebris\u00eb\",\"isPartOf\":{\"@id\":\"https:\/\/orthodoxalbania.org\/2020\/#website\"},\"primaryImageOfPage\":{\"@id\":\"https:\/\/orthodoxalbania.org\/2020\/en\/2007\/02\/26\/schools-for-higher-learning-it-s-the-beginning-of-a-new-academic-year-for-the-advanced-institutions-of-our-church-october-2007\/#primaryimage\"},\"image\":{\"@id\":\"https:\/\/orthodoxalbania.org\/2020\/en\/2007\/02\/26\/schools-for-higher-learning-it-s-the-beginning-of-a-new-academic-year-for-the-advanced-institutions-of-our-church-october-2007\/#primaryimage\"},\"thumbnailUrl\":\"https:\/\/lh5.googleusercontent.com\/-QpF0PG8LCcs\/VIrGNiFy30I\/AAAAAAAAG8s\/vO1ICqJ1kDY\/w351-h251-no\/pic1.jpg\",\"datePublished\":\"2007-02-26T00:00:20+00:00\",\"dateModified\":\"2020-04-12T22:31:26+00:00\",\"breadcrumb\":{\"@id\":\"https:\/\/orthodoxalbania.org\/2020\/en\/2007\/02\/26\/schools-for-higher-learning-it-s-the-beginning-of-a-new-academic-year-for-the-advanced-institutions-of-our-church-october-2007\/#breadcrumb\"},\"inLanguage\":\"en-US\",\"potentialAction\":[{\"@type\":\"ReadAction\",\"target\":[\"https:\/\/orthodoxalbania.org\/2020\/en\/2007\/02\/26\/schools-for-higher-learning-it-s-the-beginning-of-a-new-academic-year-for-the-advanced-institutions-of-our-church-october-2007\/\"]}]},{\"@type\":\"ImageObject\",\"inLanguage\":\"en-US\",\"@id\":\"https:\/\/orthodoxalbania.org\/2020\/en\/2007\/02\/26\/schools-for-higher-learning-it-s-the-beginning-of-a-new-academic-year-for-the-advanced-institutions-of-our-church-october-2007\/#primaryimage\",\"url\":\"https:\/\/lh5.googleusercontent.com\/-QpF0PG8LCcs\/VIrGNiFy30I\/AAAAAAAAG8s\/vO1ICqJ1kDY\/w351-h251-no\/pic1.jpg\",\"contentUrl\":\"https:\/\/lh5.googleusercontent.com\/-QpF0PG8LCcs\/VIrGNiFy30I\/AAAAAAAAG8s\/vO1ICqJ1kDY\/w351-h251-no\/pic1.jpg\"},{\"@type\":\"BreadcrumbList\",\"@id\":\"https:\/\/orthodoxalbania.org\/2020\/en\/2007\/02\/26\/schools-for-higher-learning-it-s-the-beginning-of-a-new-academic-year-for-the-advanced-institutions-of-our-church-october-2007\/#breadcrumb\",\"itemListElement\":[{\"@type\":\"ListItem\",\"position\":1,\"name\":\"Home\",\"item\":\"https:\/\/orthodoxalbania.org\/2020\/\"},{\"@type\":\"ListItem\",\"position\":2,\"name\":\"Schools for Higher Learning It\u2019s the beginning of a new academic year for the advanced institutions of our Church. (October 2007)\"}]},{\"@type\":\"WebSite\",\"@id\":\"https:\/\/orthodoxalbania.org\/2020\/#website\",\"url\":\"https:\/\/orthodoxalbania.org\/2020\/\",\"name\":\"Kisha Orthodh\u03bfkse Autoqefale e Shqip\u00ebris\u00eb\",\"description\":\"Fqja Zyrtare e Kish\u00ebs Orthodhokse Autoqefale e Shqip\u00ebris\u00eb me lajmet edhe informacionet zyrtare p\u00ebr struktur\u00ebn edhe veprimtarin e saj.\",\"publisher\":{\"@id\":\"https:\/\/orthodoxalbania.org\/2020\/#organization\"},\"potentialAction\":[{\"@type\":\"SearchAction\",\"target\":{\"@type\":\"EntryPoint\",\"urlTemplate\":\"https:\/\/orthodoxalbania.org\/2020\/?s={search_term_string}\"},\"query-input\":{\"@type\":\"PropertyValueSpecification\",\"valueRequired\":true,\"valueName\":\"search_term_string\"}}],\"inLanguage\":\"en-US\"},{\"@type\":\"Organization\",\"@id\":\"https:\/\/orthodoxalbania.org\/2020\/#organization\",\"name\":\"Kisha Orthodhokse Autoqefale e Shqip\u00ebris\u00eb\",\"url\":\"https:\/\/orthodoxalbania.org\/2020\/\",\"logo\":{\"@type\":\"ImageObject\",\"inLanguage\":\"en-US\",\"@id\":\"https:\/\/orthodoxalbania.org\/2020\/#\/schema\/logo\/image\/\",\"url\":\"https:\/\/orthodoxalbania.org\/2020\/wp-content\/uploads\/2020\/05\/albania.jpeg\",\"contentUrl\":\"https:\/\/orthodoxalbania.org\/2020\/wp-content\/uploads\/2020\/05\/albania.jpeg\",\"width\":540,\"height\":540,\"caption\":\"Kisha Orthodhokse Autoqefale e Shqip\u00ebris\u00eb\"},\"image\":{\"@id\":\"https:\/\/orthodoxalbania.org\/2020\/#\/schema\/logo\/image\/\"},\"sameAs\":[\"https:\/\/www.facebook.com\/koash1991\"]},{\"@type\":\"Person\",\"@id\":\"https:\/\/orthodoxalbania.org\/2020\/#\/schema\/person\/df745f942b70e045b3dc05a30211f0de\",\"name\":\"Kisha Orthodhokse\",\"image\":{\"@type\":\"ImageObject\",\"inLanguage\":\"en-US\",\"@id\":\"https:\/\/secure.gravatar.com\/avatar\/2676eb8d97178435c9f691a7871595a1da6c33542dec218bce40885573150e28?s=96&d=mm&r=g\",\"url\":\"https:\/\/secure.gravatar.com\/avatar\/2676eb8d97178435c9f691a7871595a1da6c33542dec218bce40885573150e28?s=96&d=mm&r=g\",\"contentUrl\":\"https:\/\/secure.gravatar.com\/avatar\/2676eb8d97178435c9f691a7871595a1da6c33542dec218bce40885573150e28?s=96&d=mm&r=g\",\"caption\":\"Kisha Orthodhokse\"}}]}<\/script>\n<!-- \/ Yoast SEO plugin. -->","yoast_head_json":{"title":"Schools for Higher Learning It\u2019s the beginning of a new academic year for the advanced institutions of our Church. (October 2007) - Kisha Orthodh\u03bfkse Autoqefale e Shqip\u00ebris\u00eb","robots":{"index":"index","follow":"follow","max-snippet":"max-snippet:-1","max-image-preview":"max-image-preview:large","max-video-preview":"max-video-preview:-1"},"canonical":"https:\/\/orthodoxalbania.org\/2020\/en\/2007\/02\/26\/schools-for-higher-learning-it-s-the-beginning-of-a-new-academic-year-for-the-advanced-institutions-of-our-church-october-2007\/","og_locale":"en_US","og_type":"article","og_title":"Schools for Higher Learning It\u2019s the beginning of a new academic year for the advanced institutions of our Church. (October 2007) - Kisha Orthodh\u03bfkse Autoqefale e Shqip\u00ebris\u00eb","og_description":"&nbsp;&nbsp;&nbsp; On October 1st, the new academic year 2007-2008 started in the Theological Academy \u201cResurrection of Christ\u201d at St. Vlasios in Durr\u00ebs and in the Institution of Professional Education \u201cSpirit of Love\u201d which is located in Tiran\u00eb and also has a separate branch in the \u201cEmaus\u201d Center in Gjirokast\u00ebr.&nbsp;&nbsp; &nbsp;&nbsp;&nbsp; From the very first day, students began their studies in these modern environments. His Beatitude,","og_url":"https:\/\/orthodoxalbania.org\/2020\/en\/2007\/02\/26\/schools-for-higher-learning-it-s-the-beginning-of-a-new-academic-year-for-the-advanced-institutions-of-our-church-october-2007\/","og_site_name":"Kisha Orthodh\u03bfkse Autoqefale e Shqip\u00ebris\u00eb","article_publisher":"https:\/\/www.facebook.com\/koash1991","article_published_time":"2007-02-26T00:00:20+00:00","article_modified_time":"2020-04-12T22:31:26+00:00","og_image":[{"url":"https:\/\/lh5.googleusercontent.com\/-QpF0PG8LCcs\/VIrGNiFy30I\/AAAAAAAAG8s\/vO1ICqJ1kDY\/w351-h251-no\/pic1.jpg","type":"","width":"","height":""}],"author":"Kisha Orthodhokse","twitter_card":"summary_large_image","twitter_misc":{"Written by":"Kisha Orthodhokse","Est. reading time":"3 minutes"},"schema":{"@context":"https:\/\/schema.org","@graph":[{"@type":"Article","@id":"https:\/\/orthodoxalbania.org\/2020\/en\/2007\/02\/26\/schools-for-higher-learning-it-s-the-beginning-of-a-new-academic-year-for-the-advanced-institutions-of-our-church-october-2007\/#article","isPartOf":{"@id":"https:\/\/orthodoxalbania.org\/2020\/en\/2007\/02\/26\/schools-for-higher-learning-it-s-the-beginning-of-a-new-academic-year-for-the-advanced-institutions-of-our-church-october-2007\/"},"author":{"name":"Kisha Orthodhokse","@id":"https:\/\/orthodoxalbania.org\/2020\/#\/schema\/person\/df745f942b70e045b3dc05a30211f0de"},"headline":"Schools for Higher Learning It\u2019s the beginning of a new academic year for the advanced institutions of our Church. (October 2007)","datePublished":"2007-02-26T00:00:20+00:00","dateModified":"2020-04-12T22:31:26+00:00","mainEntityOfPage":{"@id":"https:\/\/orthodoxalbania.org\/2020\/en\/2007\/02\/26\/schools-for-higher-learning-it-s-the-beginning-of-a-new-academic-year-for-the-advanced-institutions-of-our-church-october-2007\/"},"wordCount":673,"commentCount":0,"publisher":{"@id":"https:\/\/orthodoxalbania.org\/2020\/#organization"},"image":{"@id":"https:\/\/orthodoxalbania.org\/2020\/en\/2007\/02\/26\/schools-for-higher-learning-it-s-the-beginning-of-a-new-academic-year-for-the-advanced-institutions-of-our-church-october-2007\/#primaryimage"},"thumbnailUrl":"https:\/\/lh5.googleusercontent.com\/-QpF0PG8LCcs\/VIrGNiFy30I\/AAAAAAAAG8s\/vO1ICqJ1kDY\/w351-h251-no\/pic1.jpg","keywords":["2007","Theological Academy","Universiteti \"Logos\""],"articleSection":["News - \u0395\u039d","News old page"],"inLanguage":"en-US"},{"@type":"WebPage","@id":"https:\/\/orthodoxalbania.org\/2020\/en\/2007\/02\/26\/schools-for-higher-learning-it-s-the-beginning-of-a-new-academic-year-for-the-advanced-institutions-of-our-church-october-2007\/","url":"https:\/\/orthodoxalbania.org\/2020\/en\/2007\/02\/26\/schools-for-higher-learning-it-s-the-beginning-of-a-new-academic-year-for-the-advanced-institutions-of-our-church-october-2007\/","name":"Schools for Higher Learning It\u2019s the beginning of a new academic year for the advanced institutions of our Church. (October 2007) - Kisha Orthodh\u03bfkse Autoqefale e Shqip\u00ebris\u00eb","isPartOf":{"@id":"https:\/\/orthodoxalbania.org\/2020\/#website"},"primaryImageOfPage":{"@id":"https:\/\/orthodoxalbania.org\/2020\/en\/2007\/02\/26\/schools-for-higher-learning-it-s-the-beginning-of-a-new-academic-year-for-the-advanced-institutions-of-our-church-october-2007\/#primaryimage"},"image":{"@id":"https:\/\/orthodoxalbania.org\/2020\/en\/2007\/02\/26\/schools-for-higher-learning-it-s-the-beginning-of-a-new-academic-year-for-the-advanced-institutions-of-our-church-october-2007\/#primaryimage"},"thumbnailUrl":"https:\/\/lh5.googleusercontent.com\/-QpF0PG8LCcs\/VIrGNiFy30I\/AAAAAAAAG8s\/vO1ICqJ1kDY\/w351-h251-no\/pic1.jpg","datePublished":"2007-02-26T00:00:20+00:00","dateModified":"2020-04-12T22:31:26+00:00","breadcrumb":{"@id":"https:\/\/orthodoxalbania.org\/2020\/en\/2007\/02\/26\/schools-for-higher-learning-it-s-the-beginning-of-a-new-academic-year-for-the-advanced-institutions-of-our-church-october-2007\/#breadcrumb"},"inLanguage":"en-US","potentialAction":[{"@type":"ReadAction","target":["https:\/\/orthodoxalbania.org\/2020\/en\/2007\/02\/26\/schools-for-higher-learning-it-s-the-beginning-of-a-new-academic-year-for-the-advanced-institutions-of-our-church-october-2007\/"]}]},{"@type":"ImageObject","inLanguage":"en-US","@id":"https:\/\/orthodoxalbania.org\/2020\/en\/2007\/02\/26\/schools-for-higher-learning-it-s-the-beginning-of-a-new-academic-year-for-the-advanced-institutions-of-our-church-october-2007\/#primaryimage","url":"https:\/\/lh5.googleusercontent.com\/-QpF0PG8LCcs\/VIrGNiFy30I\/AAAAAAAAG8s\/vO1ICqJ1kDY\/w351-h251-no\/pic1.jpg","contentUrl":"https:\/\/lh5.googleusercontent.com\/-QpF0PG8LCcs\/VIrGNiFy30I\/AAAAAAAAG8s\/vO1ICqJ1kDY\/w351-h251-no\/pic1.jpg"},{"@type":"BreadcrumbList","@id":"https:\/\/orthodoxalbania.org\/2020\/en\/2007\/02\/26\/schools-for-higher-learning-it-s-the-beginning-of-a-new-academic-year-for-the-advanced-institutions-of-our-church-october-2007\/#breadcrumb","itemListElement":[{"@type":"ListItem","position":1,"name":"Home","item":"https:\/\/orthodoxalbania.org\/2020\/"},{"@type":"ListItem","position":2,"name":"Schools for Higher Learning It\u2019s the beginning of a new academic year for the advanced institutions of our Church. (October 2007)"}]},{"@type":"WebSite","@id":"https:\/\/orthodoxalbania.org\/2020\/#website","url":"https:\/\/orthodoxalbania.org\/2020\/","name":"Kisha Orthodh\u03bfkse Autoqefale e Shqip\u00ebris\u00eb","description":"Fqja Zyrtare e Kish\u00ebs Orthodhokse Autoqefale e Shqip\u00ebris\u00eb me lajmet edhe informacionet zyrtare p\u00ebr struktur\u00ebn edhe veprimtarin e saj.","publisher":{"@id":"https:\/\/orthodoxalbania.org\/2020\/#organization"},"potentialAction":[{"@type":"SearchAction","target":{"@type":"EntryPoint","urlTemplate":"https:\/\/orthodoxalbania.org\/2020\/?s={search_term_string}"},"query-input":{"@type":"PropertyValueSpecification","valueRequired":true,"valueName":"search_term_string"}}],"inLanguage":"en-US"},{"@type":"Organization","@id":"https:\/\/orthodoxalbania.org\/2020\/#organization","name":"Kisha Orthodhokse Autoqefale e Shqip\u00ebris\u00eb","url":"https:\/\/orthodoxalbania.org\/2020\/","logo":{"@type":"ImageObject","inLanguage":"en-US","@id":"https:\/\/orthodoxalbania.org\/2020\/#\/schema\/logo\/image\/","url":"https:\/\/orthodoxalbania.org\/2020\/wp-content\/uploads\/2020\/05\/albania.jpeg","contentUrl":"https:\/\/orthodoxalbania.org\/2020\/wp-content\/uploads\/2020\/05\/albania.jpeg","width":540,"height":540,"caption":"Kisha Orthodhokse Autoqefale e Shqip\u00ebris\u00eb"},"image":{"@id":"https:\/\/orthodoxalbania.org\/2020\/#\/schema\/logo\/image\/"},"sameAs":["https:\/\/www.facebook.com\/koash1991"]},{"@type":"Person","@id":"https:\/\/orthodoxalbania.org\/2020\/#\/schema\/person\/df745f942b70e045b3dc05a30211f0de","name":"Kisha Orthodhokse","image":{"@type":"ImageObject","inLanguage":"en-US","@id":"https:\/\/secure.gravatar.com\/avatar\/2676eb8d97178435c9f691a7871595a1da6c33542dec218bce40885573150e28?s=96&d=mm&r=g","url":"https:\/\/secure.gravatar.com\/avatar\/2676eb8d97178435c9f691a7871595a1da6c33542dec218bce40885573150e28?s=96&d=mm&r=g","contentUrl":"https:\/\/secure.gravatar.com\/avatar\/2676eb8d97178435c9f691a7871595a1da6c33542dec218bce40885573150e28?s=96&d=mm&r=g","caption":"Kisha Orthodhokse"}}]}},"_links":{"self":[{"href":"https:\/\/orthodoxalbania.org\/2020\/wp-json\/wp\/v2\/posts\/1188","targetHints":{"allow":["GET"]}}],"collection":[{"href":"https:\/\/orthodoxalbania.org\/2020\/wp-json\/wp\/v2\/posts"}],"about":[{"href":"https:\/\/orthodoxalbania.org\/2020\/wp-json\/wp\/v2\/types\/post"}],"author":[{"embeddable":true,"href":"https:\/\/orthodoxalbania.org\/2020\/wp-json\/wp\/v2\/users\/7"}],"replies":[{"embeddable":true,"href":"https:\/\/orthodoxalbania.org\/2020\/wp-json\/wp\/v2\/comments?post=1188"}],"version-history":[{"count":1,"href":"https:\/\/orthodoxalbania.org\/2020\/wp-json\/wp\/v2\/posts\/1188\/revisions"}],"predecessor-version":[{"id":18043,"href":"https:\/\/orthodoxalbania.org\/2020\/wp-json\/wp\/v2\/posts\/1188\/revisions\/18043"}],"wp:attachment":[{"href":"https:\/\/orthodoxalbania.org\/2020\/wp-json\/wp\/v2\/media?parent=1188"}],"wp:term":[{"taxonomy":"category","embeddable":true,"href":"https:\/\/orthodoxalbania.org\/2020\/wp-json\/wp\/v2\/categories?post=1188"},{"taxonomy":"post_tag","embeddable":true,"href":"https:\/\/orthodoxalbania.org\/2020\/wp-json\/wp\/v2\/tags?post=1188"}],"curies":[{"name":"wp","href":"https:\/\/api.w.org\/{rel}","templated":true}]}}