{"id":1186,"date":"2007-02-26T00:00:12","date_gmt":"2007-02-26T00:00:12","guid":{"rendered":""},"modified":"2020-04-13T00:31:27","modified_gmt":"2020-04-12T22:31:27","slug":"saint-george-cathedral-is-opened-april-2007","status":"publish","type":"post","link":"https:\/\/orthodoxalbania.org\/2020\/en\/2007\/02\/26\/saint-george-cathedral-is-opened-april-2007\/","title":{"rendered":"Saint George Cathedral is Opened. (April 2007)"},"content":{"rendered":"<table id=\"AutoNumber2\" style=\"width: 808px; height: 2774px;\" border=\"0\">\n<tbody>\n<tr>\n<td colspan=\"3\">\n<p><span style=\"font-family: tahoma,geneva,sans-serif;\"><span style=\"font-size: 12px;\"><span style=\"color: #000000;\">&nbsp;&nbsp;&nbsp; On Sunday, April 22nd, numerous believers gathered in the new church of Saint George\u2019s Cathedral in the city Fier. This was the first time Divine Liturgy had been held there after the old church was seriously damaged 40 years ago.<\/span><\/span><\/span><\/p>\n<\/td>\n<\/tr>\n<tr>\n<td>\n<p style=\"text-align: justify;\"><span style=\"font-family: tahoma,geneva,sans-serif;\"><span style=\"font-size: 12px;\"><span style=\"color: #000000;\">&nbsp;&nbsp;&nbsp; In attendance were representatives of the other religious communities, the mayor of Fieri, the prefect, deputies of the area and other local authorities, as well as believers from various cities of the Diocese of Berat.<\/span><\/span><\/span><\/p>\n<\/td>\n<td dir=\"ltr\">\n<p><span style=\"font-family: tahoma,geneva,sans-serif;\"><span style=\"font-size: 12px;\"><span style=\"color: #000000;\"><img decoding=\"async\" class=\"lazyload HAa Eha\" style=\"border-width: 1px; border-style: solid; margin: 10px auto; width: 320px; height: 205px; display: block;\" alt=\"\" src=\"data:image\/gif;base64,R0lGODlhAQABAAAAACH5BAEKAAEALAAAAAABAAEAAAICTAEAOw==\" data-orig-src=\"https:\/\/lh3.googleusercontent.com\/-DUbi-MGVTOM\/VIlh0LRefFI\/AAAAAAAAGSI\/fQzcFEvbAVU\/w400-h297-no\/netekstdja.jpg\" \/><\/span><\/span><\/span><\/p>\n<\/td>\n<td dir=\"ltr\">\n<p>&nbsp;<\/p>\n<\/td>\n<\/tr>\n<tr>\n<td style=\"text-align: center;\"><img decoding=\"async\" class=\"lazyload HAa Eha\" style=\"height: 229px; width: 358px; margin: 10px auto; display: block; border: 1px solid;\" alt=\"\" src=\"data:image\/svg+xml,%3Csvg%20xmlns%3D%27http%3A%2F%2Fwww.w3.org%2F2000%2Fsvg%27%20width%3D%27400%27%20height%3D%27256%27%20viewBox%3D%270%200%20400%20256%27%3E%3Crect%20width%3D%27400%27%20height%3D%27256%27%20fill-opacity%3D%220%22%2F%3E%3C%2Fsvg%3E\" data-orig-src=\"https:\/\/lh5.googleusercontent.com\/-hUiqLNlGWcM\/VIlhyJ1wppI\/AAAAAAAAGRk\/5z7Plb4gZ8o\/w400-h300-no\/neteksmj].jpg\" height=\"256px\" width=\"400px\" \/><\/td>\n<td dir=\"ltr\">\n<p style=\"text-align: justify;\"><span style=\"font-family: tahoma,geneva,sans-serif;\"><span style=\"font-size: 12px;\"><span style=\"color: #000000;\">&nbsp;&nbsp;&nbsp; Archbishop Anastasios, Metropolitan of Berat Ignatios, Bishop of Apolonia Nikola and clergy from the whole dioceseas well as students and professors of the Theological Academy in Durres, participated in the Divine Liturgy.<\/span><\/span><\/span><\/p>\n<\/td>\n<td dir=\"ltr\">&nbsp;<\/td>\n<\/tr>\n<tr>\n<td>\n<p style=\"text-align: justify;\"><span style=\"font-family: tahoma,geneva,sans-serif;\"><span style=\"font-size: 12px;\"><span style=\"color: #000000;\">&nbsp;&nbsp;&nbsp; From the beginning of his time in our country, Archbishop Anastasios has paid special attention to the city of Fier. In the first years after communism, seeing the urgent needs of the faithful, a church was erected in a prefabricated building in the corner of the old church\u2019s territory and work began immediately to build the large cathedral.<\/span><\/span><\/span><\/p>\n<\/td>\n<td dir=\"ltr\" style=\"text-align: center;\"><img decoding=\"async\" class=\"lazyload HAa Eha\" style=\"width: 313px; margin: 10px auto; height: 200px; display: block; border: 1px solid;\" alt=\"\" src=\"data:image\/svg+xml,%3Csvg%20xmlns%3D%27http%3A%2F%2Fwww.w3.org%2F2000%2Fsvg%27%20width%3D%27400%27%20height%3D%27256%27%20viewBox%3D%270%200%20400%20256%27%3E%3Crect%20width%3D%27400%27%20height%3D%27256%27%20fill-opacity%3D%220%22%2F%3E%3C%2Fsvg%3E\" data-orig-src=\"https:\/\/lh5.googleusercontent.com\/-_0YhEJnTEsk\/VIlhyd9QWZI\/AAAAAAAAGSc\/Jg5c-WQm4jE\/w400-h256-no\/netekst3dj.jpg\" height=\"256px\" width=\"400px\" \/><\/td>\n<td dir=\"ltr\">&nbsp;<\/td>\n<\/tr>\n<tr>\n<td style=\"text-align: center;\"><img decoding=\"async\" class=\"lazyload HAa Eha\" style=\"height: 221px; width: 345px; margin: 10px auto; display: block; border: 1px solid;\" alt=\"\" src=\"data:image\/svg+xml,%3Csvg%20xmlns%3D%27http%3A%2F%2Fwww.w3.org%2F2000%2Fsvg%27%20width%3D%27400%27%20height%3D%27256%27%20viewBox%3D%270%200%20400%20256%27%3E%3Crect%20width%3D%27400%27%20height%3D%27256%27%20fill-opacity%3D%220%22%2F%3E%3C%2Fsvg%3E\" data-orig-src=\"https:\/\/lh6.googleusercontent.com\/-oDZIXzqEl_w\/VIlhyQumuQI\/AAAAAAAAGSU\/o25qbWy9LME\/w400-h273-no\/netekst4mj.jpg\" height=\"256px\" width=\"400px\" \/><\/td>\n<td dir=\"ltr\">\n<p style=\"text-align: justify;\"><span style=\"font-family: tahoma,geneva,sans-serif;\"><span style=\"font-size: 12px;\"><span style=\"color: #000000;\">&nbsp;&nbsp;&nbsp;&nbsp;The plans for the project were done by an Albanian agency under the direction of Agron Jano. They tried to incorporate features of the old church in their project. The church has a basilica style and its surface is around 1200 square meters (the biggest in the country), the height of the cupola is approximately 23 meters, and the bell is 30 meters.<\/span><\/span><\/span><\/p>\n<\/td>\n<td dir=\"ltr\">&nbsp;<\/td>\n<\/tr>\n<tr>\n<td>\n<p style=\"text-align: justify;\"><span style=\"font-family: tahoma,geneva,sans-serif;\"><span style=\"font-size: 12px;\"><span style=\"color: #000000;\">&nbsp;&nbsp; After the Divine Liturgy, Metropolitan Ignatios said: \u201cYour Beatitude, honored representatives of state institutions and religious communities, dear believers and all of you that are participating in this celebration.<\/span><\/span><\/span><\/p>\n<\/td>\n<td dir=\"ltr\" style=\"text-align: center;\"><img decoding=\"async\" class=\"lazyload HAa Eha\" style=\"width: 339px; margin: 10px auto; height: 217px; display: block; border: 1px solid;\" alt=\"\" src=\"data:image\/svg+xml,%3Csvg%20xmlns%3D%27http%3A%2F%2Fwww.w3.org%2F2000%2Fsvg%27%20width%3D%27400%27%20height%3D%27256%27%20viewBox%3D%270%200%20400%20256%27%3E%3Crect%20width%3D%27400%27%20height%3D%27256%27%20fill-opacity%3D%220%22%2F%3E%3C%2Fsvg%3E\" data-orig-src=\"https:\/\/lh5.googleusercontent.com\/-jjuZKvpvrN8\/VIlhytq6UEI\/AAAAAAAAGSQ\/7SLOW68KDwg\/w400-h224-no\/netekst5dj.jpg\" height=\"256px\" width=\"400px\" \/><\/td>\n<td dir=\"ltr\">&nbsp;<\/td>\n<\/tr>\n<tr>\n<td>\n<p><img decoding=\"async\" class=\"lazyload HAa Eha\" style=\"margin: 10px auto; display: block; border: 1px solid;\" alt=\"\" src=\"data:image\/svg+xml,%3Csvg%20xmlns%3D%27http%3A%2F%2Fwww.w3.org%2F2000%2Fsvg%27%20width%3D%27214%27%20height%3D%27286%27%20viewBox%3D%270%200%20214%20286%27%3E%3Crect%20width%3D%27214%27%20height%3D%27286%27%20fill-opacity%3D%220%22%2F%3E%3C%2Fsvg%3E\" data-orig-src=\"https:\/\/lh5.googleusercontent.com\/-gBnkYJ7QvmI\/VIlhy6X_z_I\/AAAAAAAAGR0\/vYYkKPLXXeg\/w244-h400-no\/netekst6mj.jpg\" height=\"286\" width=\"214\" \/><\/p>\n<\/td>\n<td dir=\"ltr\" colspan=\"2\">\n<p style=\"text-align: justify;\"><span style=\"font-family: tahoma,geneva,sans-serif;\"><span style=\"font-size: 12px;\"><span style=\"color: #000000;\">&nbsp;&nbsp;&nbsp; We are gathered today to begin our liturgical services in this magnificent church that holds the name of Saint George, the Great Martyr. The moment that we have been awaiting for such a long time has arrived.\u201d<\/span><\/span><\/span><\/p>\n<\/td>\n<\/tr>\n<tr>\n<td>\n<p style=\"text-align: justify;\"><span style=\"font-family: tahoma,geneva,sans-serif;\"><span style=\"font-size: 12px;\"><span style=\"color: #000000;\">&nbsp;&nbsp;&nbsp; A little later Archbishop Anastasios also spoke, noting that \u201c\u2026nowadays, as we are living in a time of decadence and dissolution, it\u2019s our great joy to open another spiritual center, like this church. It\u2019s a center of praying and comfort, love and brotherhood, as well as a center of relationship with God, with other people and with everyone all over the world.<\/span><\/span><\/span><\/p>\n<\/td>\n<td style=\"text-align: center;\"><img decoding=\"async\" class=\"lazyload HAa Eha\" style=\"height: 219px; width: 342px; margin: 10px auto; display: block; border: 1px solid;\" alt=\"\" src=\"data:image\/svg+xml,%3Csvg%20xmlns%3D%27http%3A%2F%2Fwww.w3.org%2F2000%2Fsvg%27%20width%3D%27400%27%20height%3D%27256%27%20viewBox%3D%270%200%20400%20256%27%3E%3Crect%20width%3D%27400%27%20height%3D%27256%27%20fill-opacity%3D%220%22%2F%3E%3C%2Fsvg%3E\" data-orig-src=\"https:\/\/lh3.googleusercontent.com\/-LkcGBwd9n7o\/VIlhzC3PFrI\/AAAAAAAAGSM\/efgd5fbzxow\/w400-h300-no\/netekst7dj.jpg\" height=\"256px\" width=\"400px\" \/><\/td>\n<td>&nbsp;<\/td>\n<\/tr>\n<tr>\n<td style=\"text-align: center;\"><img decoding=\"async\" class=\"lazyload HAa Eha\" style=\"height: 222px; width: 347px; margin: 10px auto; display: block; border: 1px solid;\" alt=\"\" src=\"data:image\/svg+xml,%3Csvg%20xmlns%3D%27http%3A%2F%2Fwww.w3.org%2F2000%2Fsvg%27%20width%3D%27400%27%20height%3D%27256%27%20viewBox%3D%270%200%20400%20256%27%3E%3Crect%20width%3D%27400%27%20height%3D%27256%27%20fill-opacity%3D%220%22%2F%3E%3C%2Fsvg%3E\" data-orig-src=\"https:\/\/lh3.googleusercontent.com\/-ThC1aBgmqMs\/VIlhzszibdI\/AAAAAAAAGSA\/FZTaUVsyaSg\/w400-h233-no\/netekst8mj.jpg\" height=\"256px\" width=\"400px\" \/><\/td>\n<td colspan=\"2\">\n<p style=\"text-align: justify;\"><span style=\"font-family: tahoma,geneva,sans-serif;\"><span style=\"font-size: 12px;\"><span style=\"color: #000000;\">&nbsp;&nbsp;&nbsp; Every new church ties us with all the churches in the world that hold and praise the name of God. This center connects us with the past as well as with the present and with the future. It unites us with the whole mankind of all ages.<\/span><\/span><\/span><\/p>\n<\/td>\n<\/tr>\n<tr>\n<td>\n<p style=\"text-align: justify;\"><span style=\"font-family: tahoma,geneva,sans-serif;\"><span style=\"font-size: 12px;\"><span style=\"color: #000000;\">&nbsp;&nbsp;&nbsp; There is a fact that we should all keep in mind; the previous regime destroyed not only the buildings of the church, but even the souls of the people, their faith and hope within them. That\u2019s why we feel an obligation to help in this direction. The most important thing is to build churches in the people\u2019s hearts. There are still millions of people who wait to know God and to be united with Him.\u201c<\/span><\/span><\/span><\/p>\n<\/td>\n<td style=\"text-align: center;\"><img decoding=\"async\" class=\"lazyload HAa Eha\" style=\"height: 225px; width: 352px; margin: 10px auto; display: block; border: 1px solid;\" alt=\"\" src=\"data:image\/svg+xml,%3Csvg%20xmlns%3D%27http%3A%2F%2Fwww.w3.org%2F2000%2Fsvg%27%20width%3D%27400%27%20height%3D%27256%27%20viewBox%3D%270%200%20400%20256%27%3E%3Crect%20width%3D%27400%27%20height%3D%27256%27%20fill-opacity%3D%220%22%2F%3E%3C%2Fsvg%3E\" data-orig-src=\"https:\/\/lh4.googleusercontent.com\/-1lYA2U3L09k\/VIlhzzyyoRI\/AAAAAAAAGSE\/lwVO_1AS_nY\/w400-h299-no\/netekst9dj.jpg\" height=\"256px\" width=\"400px\" \/><\/td>\n<td>&nbsp;<\/td>\n<\/tr>\n<tr>\n<td colspan=\"3\">\n<p><span style=\"font-family: tahoma,geneva,sans-serif;\"><span style=\"font-size: 12px;\"><span style=\"color: #000000;\">&nbsp;&nbsp;&nbsp;&nbsp;At the end of his speech, Archbishop Anastasios expressed his gratitude for Metropolitan Ignatios and for his great contribution to the church. He also thanked all the clergy participating in the ceremony.<\/span><\/span><\/span><br \/> &nbsp;<\/p>\n<\/td>\n<\/tr>\n<tr>\n<td colspan=\"3\">\n<p>&nbsp;<\/p>\n<p>&nbsp;<\/p>\n<p style=\"text-align: right;\"><span style=\"font-family: tahoma,geneva,sans-serif;\"><span style=\"font-size: 12px;\"><span style=\"color: #000000;\"><strong>&nbsp;&nbsp; Thoma Dhima<\/strong><\/span><\/span><\/span><\/p>\n<p style=\"text-align: right;\"><span style=\"font-family: tahoma,geneva,sans-serif;\"><span style=\"font-size: 12px;\"><span style=\"color: #000000;\"><strong>&nbsp;&nbsp; Translated by Marina Marini <\/strong><\/span><\/span><\/span><\/p>\n<\/td>\n<\/tr>\n<\/tbody>\n<\/table>\n<p>&nbsp;<\/p>\n<div style=\"text-align: right;\">&nbsp;<\/div>\n<div style=\"text-align: center;\"><span style=\"color: #000000;\"><img decoding=\"async\" class=\"lazyload HAa Eha\" style=\"border-width: 1px; border-style: solid; margin: 10px;\" alt=\"\" src=\"data:image\/gif;base64,R0lGODlhAQABAAAAACH5BAEKAAEALAAAAAABAAEAAAICTAEAOw==\" data-orig-src=\"https:\/\/lh6.googleusercontent.com\/-VBr8TA5dABc\/VIlkskQX51I\/AAAAAAAAGTM\/sfEccHGGvXs\/w417-h600-no\/anash1.jpg\" \/><\/span><\/div>\n<div style=\"text-align: center;\"><span style=\"color: #000000;\"><img decoding=\"async\" class=\"lazyload HAa Eha\" style=\"border-width: 1px; border-style: solid; margin: 10px;\" alt=\"\" src=\"data:image\/gif;base64,R0lGODlhAQABAAAAACH5BAEKAAEALAAAAAABAAEAAAICTAEAOw==\" data-orig-src=\"https:\/\/lh3.googleusercontent.com\/-LqW1-YNlJSc\/VIlksimPJQI\/AAAAAAAAGTA\/o29dB01wapY\/w600-h450-no\/anash2.jpg\" \/><\/span><\/div>\n<div style=\"text-align: center;\"><span style=\"color: #000000;\"><img decoding=\"async\" class=\"lazyload HAa Eha\" style=\"border-width: 1px; border-style: solid; margin: 10px;\" alt=\"\" src=\"data:image\/gif;base64,R0lGODlhAQABAAAAACH5BAEKAAEALAAAAAABAAEAAAICTAEAOw==\" data-orig-src=\"https:\/\/lh3.googleusercontent.com\/-LgqhwQl1tVg\/VIlkshpn6oI\/AAAAAAAAGS8\/9WM2R-j5KgM\/w600-h450-no\/anash3.jpg\" \/><\/span><\/div>\n<div style=\"text-align: center;\"><span style=\"color: #000000;\"><img decoding=\"async\" class=\"lazyload HAa Eha\" style=\"border-width: 1px; border-style: solid; margin: 10px;\" alt=\"\" src=\"data:image\/gif;base64,R0lGODlhAQABAAAAACH5BAEKAAEALAAAAAABAAEAAAICTAEAOw==\" data-orig-src=\"https:\/\/lh5.googleusercontent.com\/-IA6K1Cqo3pE\/VIlktGqnjiI\/AAAAAAAAGTQ\/gChVDPvn8vE\/w600-h436-no\/anash4.jpg\" \/><\/span><\/div>\n<div style=\"text-align: center;\"><span style=\"color: #000000;\"><img decoding=\"async\" class=\"lazyload HAa Eha\" style=\"border-width: 1px; border-style: solid; margin: 10px;\" alt=\"\" src=\"data:image\/gif;base64,R0lGODlhAQABAAAAACH5BAEKAAEALAAAAAABAAEAAAICTAEAOw==\" data-orig-src=\"https:\/\/lh5.googleusercontent.com\/-n8szpZneAF0\/VIlktR2wFQI\/AAAAAAAAGTE\/F9bKZA4x4yg\/w600-h371-no\/anash5.jpg\" \/><\/span><\/div>\n","protected":false},"excerpt":{"rendered":"<p>&nbsp;&nbsp;&nbsp; On Sunday, April 22nd, numerous believers gathered in the new church of Saint George\u2019s Cathedral in the city Fier. This was the first time Divine Liturgy had been held there after the old church was seriously damaged 40 years ago. &nbsp;&nbsp;&nbsp; In attendance were representatives of the other religious communities, the mayor of Fieri, the prefect, deputies of the area and other local authorities,<\/p>\n","protected":false},"author":7,"featured_media":0,"comment_status":"open","ping_status":"open","sticky":false,"template":"","format":"standard","meta":{"_acf_changed":false,"pagelayer_contact_templates":[],"_pagelayer_content":"","inline_featured_image":false,"fifu_image_url":"","fifu_image_alt":"","footnotes":""},"categories":[1455,311],"tags":[1117,1233,1768],"class_list":["post-1186","post","type-post","status-publish","format-standard","hentry","category-news-en","category-news-d25","tag-2007-en","tag-declarations-official-announcements","tag-kryepiskopi-anastas-en"],"acf":[],"yoast_head":"<!-- This site is optimized with the Yoast SEO plugin v27.2 - https:\/\/yoast.com\/product\/yoast-seo-wordpress\/ -->\n<title>Saint George Cathedral is Opened. (April 2007) - Kisha Orthodh\u03bfkse Autoqefale e Shqip\u00ebris\u00eb<\/title>\n<meta name=\"robots\" content=\"index, follow, max-snippet:-1, max-image-preview:large, max-video-preview:-1\" \/>\n<link rel=\"canonical\" href=\"https:\/\/orthodoxalbania.org\/2020\/en\/2007\/02\/26\/saint-george-cathedral-is-opened-april-2007\/\" \/>\n<meta property=\"og:locale\" content=\"en_US\" \/>\n<meta property=\"og:type\" content=\"article\" \/>\n<meta property=\"og:title\" content=\"Saint George Cathedral is Opened. (April 2007) - Kisha Orthodh\u03bfkse Autoqefale e Shqip\u00ebris\u00eb\" \/>\n<meta property=\"og:description\" content=\"&nbsp;&nbsp;&nbsp; On Sunday, April 22nd, numerous believers gathered in the new church of Saint George\u2019s Cathedral in the city Fier. This was the first time Divine Liturgy had been held there after the old church was seriously damaged 40 years ago. &nbsp;&nbsp;&nbsp; In attendance were representatives of the other religious communities, the mayor of Fieri, the prefect, deputies of the area and other local authorities,\" \/>\n<meta property=\"og:url\" content=\"https:\/\/orthodoxalbania.org\/2020\/en\/2007\/02\/26\/saint-george-cathedral-is-opened-april-2007\/\" \/>\n<meta property=\"og:site_name\" content=\"Kisha Orthodh\u03bfkse Autoqefale e Shqip\u00ebris\u00eb\" \/>\n<meta property=\"article:publisher\" content=\"https:\/\/www.facebook.com\/koash1991\" \/>\n<meta property=\"article:published_time\" content=\"2007-02-26T00:00:12+00:00\" \/>\n<meta property=\"article:modified_time\" content=\"2020-04-12T22:31:27+00:00\" \/>\n<meta property=\"og:image\" content=\"https:\/\/lh3.googleusercontent.com\/-DUbi-MGVTOM\/VIlh0LRefFI\/AAAAAAAAGSI\/fQzcFEvbAVU\/w400-h297-no\/netekstdja.jpg\" \/>\n<meta name=\"author\" content=\"Kisha Orthodhokse\" \/>\n<meta name=\"twitter:card\" content=\"summary_large_image\" \/>\n<meta name=\"twitter:label1\" content=\"Written by\" \/>\n\t<meta name=\"twitter:data1\" content=\"Kisha Orthodhokse\" \/>\n\t<meta name=\"twitter:label2\" content=\"Est. reading time\" \/>\n\t<meta name=\"twitter:data2\" content=\"3 minutes\" \/>\n<script type=\"application\/ld+json\" class=\"yoast-schema-graph\">{\"@context\":\"https:\/\/schema.org\",\"@graph\":[{\"@type\":\"Article\",\"@id\":\"https:\/\/orthodoxalbania.org\/2020\/en\/2007\/02\/26\/saint-george-cathedral-is-opened-april-2007\/#article\",\"isPartOf\":{\"@id\":\"https:\/\/orthodoxalbania.org\/2020\/en\/2007\/02\/26\/saint-george-cathedral-is-opened-april-2007\/\"},\"author\":{\"name\":\"Kisha Orthodhokse\",\"@id\":\"https:\/\/orthodoxalbania.org\/2020\/#\/schema\/person\/df745f942b70e045b3dc05a30211f0de\"},\"headline\":\"Saint George Cathedral is Opened. (April 2007)\",\"datePublished\":\"2007-02-26T00:00:12+00:00\",\"dateModified\":\"2020-04-12T22:31:27+00:00\",\"mainEntityOfPage\":{\"@id\":\"https:\/\/orthodoxalbania.org\/2020\/en\/2007\/02\/26\/saint-george-cathedral-is-opened-april-2007\/\"},\"wordCount\":574,\"commentCount\":0,\"publisher\":{\"@id\":\"https:\/\/orthodoxalbania.org\/2020\/#organization\"},\"image\":{\"@id\":\"https:\/\/orthodoxalbania.org\/2020\/en\/2007\/02\/26\/saint-george-cathedral-is-opened-april-2007\/#primaryimage\"},\"thumbnailUrl\":\"https:\/\/lh3.googleusercontent.com\/-DUbi-MGVTOM\/VIlh0LRefFI\/AAAAAAAAGSI\/fQzcFEvbAVU\/w400-h297-no\/netekstdja.jpg\",\"keywords\":[\"2007\",\"Declarations - Official Announcements\",\"Kryepiskopi Anastas\"],\"articleSection\":[\"News - \u0395\u039d\",\"News old page\"],\"inLanguage\":\"en-US\"},{\"@type\":\"WebPage\",\"@id\":\"https:\/\/orthodoxalbania.org\/2020\/en\/2007\/02\/26\/saint-george-cathedral-is-opened-april-2007\/\",\"url\":\"https:\/\/orthodoxalbania.org\/2020\/en\/2007\/02\/26\/saint-george-cathedral-is-opened-april-2007\/\",\"name\":\"Saint George Cathedral is Opened. (April 2007) - Kisha Orthodh\u03bfkse Autoqefale e Shqip\u00ebris\u00eb\",\"isPartOf\":{\"@id\":\"https:\/\/orthodoxalbania.org\/2020\/#website\"},\"primaryImageOfPage\":{\"@id\":\"https:\/\/orthodoxalbania.org\/2020\/en\/2007\/02\/26\/saint-george-cathedral-is-opened-april-2007\/#primaryimage\"},\"image\":{\"@id\":\"https:\/\/orthodoxalbania.org\/2020\/en\/2007\/02\/26\/saint-george-cathedral-is-opened-april-2007\/#primaryimage\"},\"thumbnailUrl\":\"https:\/\/lh3.googleusercontent.com\/-DUbi-MGVTOM\/VIlh0LRefFI\/AAAAAAAAGSI\/fQzcFEvbAVU\/w400-h297-no\/netekstdja.jpg\",\"datePublished\":\"2007-02-26T00:00:12+00:00\",\"dateModified\":\"2020-04-12T22:31:27+00:00\",\"breadcrumb\":{\"@id\":\"https:\/\/orthodoxalbania.org\/2020\/en\/2007\/02\/26\/saint-george-cathedral-is-opened-april-2007\/#breadcrumb\"},\"inLanguage\":\"en-US\",\"potentialAction\":[{\"@type\":\"ReadAction\",\"target\":[\"https:\/\/orthodoxalbania.org\/2020\/en\/2007\/02\/26\/saint-george-cathedral-is-opened-april-2007\/\"]}]},{\"@type\":\"ImageObject\",\"inLanguage\":\"en-US\",\"@id\":\"https:\/\/orthodoxalbania.org\/2020\/en\/2007\/02\/26\/saint-george-cathedral-is-opened-april-2007\/#primaryimage\",\"url\":\"https:\/\/lh3.googleusercontent.com\/-DUbi-MGVTOM\/VIlh0LRefFI\/AAAAAAAAGSI\/fQzcFEvbAVU\/w400-h297-no\/netekstdja.jpg\",\"contentUrl\":\"https:\/\/lh3.googleusercontent.com\/-DUbi-MGVTOM\/VIlh0LRefFI\/AAAAAAAAGSI\/fQzcFEvbAVU\/w400-h297-no\/netekstdja.jpg\"},{\"@type\":\"BreadcrumbList\",\"@id\":\"https:\/\/orthodoxalbania.org\/2020\/en\/2007\/02\/26\/saint-george-cathedral-is-opened-april-2007\/#breadcrumb\",\"itemListElement\":[{\"@type\":\"ListItem\",\"position\":1,\"name\":\"Home\",\"item\":\"https:\/\/orthodoxalbania.org\/2020\/\"},{\"@type\":\"ListItem\",\"position\":2,\"name\":\"Saint George Cathedral is Opened. (April 2007)\"}]},{\"@type\":\"WebSite\",\"@id\":\"https:\/\/orthodoxalbania.org\/2020\/#website\",\"url\":\"https:\/\/orthodoxalbania.org\/2020\/\",\"name\":\"Kisha Orthodh\u03bfkse Autoqefale e Shqip\u00ebris\u00eb\",\"description\":\"Fqja Zyrtare e Kish\u00ebs Orthodhokse Autoqefale e Shqip\u00ebris\u00eb me lajmet edhe informacionet zyrtare p\u00ebr struktur\u00ebn edhe veprimtarin e saj.\",\"publisher\":{\"@id\":\"https:\/\/orthodoxalbania.org\/2020\/#organization\"},\"potentialAction\":[{\"@type\":\"SearchAction\",\"target\":{\"@type\":\"EntryPoint\",\"urlTemplate\":\"https:\/\/orthodoxalbania.org\/2020\/?s={search_term_string}\"},\"query-input\":{\"@type\":\"PropertyValueSpecification\",\"valueRequired\":true,\"valueName\":\"search_term_string\"}}],\"inLanguage\":\"en-US\"},{\"@type\":\"Organization\",\"@id\":\"https:\/\/orthodoxalbania.org\/2020\/#organization\",\"name\":\"Kisha Orthodhokse Autoqefale e Shqip\u00ebris\u00eb\",\"url\":\"https:\/\/orthodoxalbania.org\/2020\/\",\"logo\":{\"@type\":\"ImageObject\",\"inLanguage\":\"en-US\",\"@id\":\"https:\/\/orthodoxalbania.org\/2020\/#\/schema\/logo\/image\/\",\"url\":\"https:\/\/orthodoxalbania.org\/2020\/wp-content\/uploads\/2020\/05\/albania.jpeg\",\"contentUrl\":\"https:\/\/orthodoxalbania.org\/2020\/wp-content\/uploads\/2020\/05\/albania.jpeg\",\"width\":540,\"height\":540,\"caption\":\"Kisha Orthodhokse Autoqefale e Shqip\u00ebris\u00eb\"},\"image\":{\"@id\":\"https:\/\/orthodoxalbania.org\/2020\/#\/schema\/logo\/image\/\"},\"sameAs\":[\"https:\/\/www.facebook.com\/koash1991\"]},{\"@type\":\"Person\",\"@id\":\"https:\/\/orthodoxalbania.org\/2020\/#\/schema\/person\/df745f942b70e045b3dc05a30211f0de\",\"name\":\"Kisha Orthodhokse\",\"image\":{\"@type\":\"ImageObject\",\"inLanguage\":\"en-US\",\"@id\":\"https:\/\/secure.gravatar.com\/avatar\/2676eb8d97178435c9f691a7871595a1da6c33542dec218bce40885573150e28?s=96&d=mm&r=g\",\"url\":\"https:\/\/secure.gravatar.com\/avatar\/2676eb8d97178435c9f691a7871595a1da6c33542dec218bce40885573150e28?s=96&d=mm&r=g\",\"contentUrl\":\"https:\/\/secure.gravatar.com\/avatar\/2676eb8d97178435c9f691a7871595a1da6c33542dec218bce40885573150e28?s=96&d=mm&r=g\",\"caption\":\"Kisha Orthodhokse\"}}]}<\/script>\n<!-- \/ Yoast SEO plugin. -->","yoast_head_json":{"title":"Saint George Cathedral is Opened. (April 2007) - Kisha Orthodh\u03bfkse Autoqefale e Shqip\u00ebris\u00eb","robots":{"index":"index","follow":"follow","max-snippet":"max-snippet:-1","max-image-preview":"max-image-preview:large","max-video-preview":"max-video-preview:-1"},"canonical":"https:\/\/orthodoxalbania.org\/2020\/en\/2007\/02\/26\/saint-george-cathedral-is-opened-april-2007\/","og_locale":"en_US","og_type":"article","og_title":"Saint George Cathedral is Opened. (April 2007) - Kisha Orthodh\u03bfkse Autoqefale e Shqip\u00ebris\u00eb","og_description":"&nbsp;&nbsp;&nbsp; On Sunday, April 22nd, numerous believers gathered in the new church of Saint George\u2019s Cathedral in the city Fier. This was the first time Divine Liturgy had been held there after the old church was seriously damaged 40 years ago. &nbsp;&nbsp;&nbsp; In attendance were representatives of the other religious communities, the mayor of Fieri, the prefect, deputies of the area and other local authorities,","og_url":"https:\/\/orthodoxalbania.org\/2020\/en\/2007\/02\/26\/saint-george-cathedral-is-opened-april-2007\/","og_site_name":"Kisha Orthodh\u03bfkse Autoqefale e Shqip\u00ebris\u00eb","article_publisher":"https:\/\/www.facebook.com\/koash1991","article_published_time":"2007-02-26T00:00:12+00:00","article_modified_time":"2020-04-12T22:31:27+00:00","og_image":[{"url":"https:\/\/lh3.googleusercontent.com\/-DUbi-MGVTOM\/VIlh0LRefFI\/AAAAAAAAGSI\/fQzcFEvbAVU\/w400-h297-no\/netekstdja.jpg","type":"","width":"","height":""}],"author":"Kisha Orthodhokse","twitter_card":"summary_large_image","twitter_misc":{"Written by":"Kisha Orthodhokse","Est. reading time":"3 minutes"},"schema":{"@context":"https:\/\/schema.org","@graph":[{"@type":"Article","@id":"https:\/\/orthodoxalbania.org\/2020\/en\/2007\/02\/26\/saint-george-cathedral-is-opened-april-2007\/#article","isPartOf":{"@id":"https:\/\/orthodoxalbania.org\/2020\/en\/2007\/02\/26\/saint-george-cathedral-is-opened-april-2007\/"},"author":{"name":"Kisha Orthodhokse","@id":"https:\/\/orthodoxalbania.org\/2020\/#\/schema\/person\/df745f942b70e045b3dc05a30211f0de"},"headline":"Saint George Cathedral is Opened. (April 2007)","datePublished":"2007-02-26T00:00:12+00:00","dateModified":"2020-04-12T22:31:27+00:00","mainEntityOfPage":{"@id":"https:\/\/orthodoxalbania.org\/2020\/en\/2007\/02\/26\/saint-george-cathedral-is-opened-april-2007\/"},"wordCount":574,"commentCount":0,"publisher":{"@id":"https:\/\/orthodoxalbania.org\/2020\/#organization"},"image":{"@id":"https:\/\/orthodoxalbania.org\/2020\/en\/2007\/02\/26\/saint-george-cathedral-is-opened-april-2007\/#primaryimage"},"thumbnailUrl":"https:\/\/lh3.googleusercontent.com\/-DUbi-MGVTOM\/VIlh0LRefFI\/AAAAAAAAGSI\/fQzcFEvbAVU\/w400-h297-no\/netekstdja.jpg","keywords":["2007","Declarations - Official Announcements","Kryepiskopi Anastas"],"articleSection":["News - \u0395\u039d","News old page"],"inLanguage":"en-US"},{"@type":"WebPage","@id":"https:\/\/orthodoxalbania.org\/2020\/en\/2007\/02\/26\/saint-george-cathedral-is-opened-april-2007\/","url":"https:\/\/orthodoxalbania.org\/2020\/en\/2007\/02\/26\/saint-george-cathedral-is-opened-april-2007\/","name":"Saint George Cathedral is Opened. (April 2007) - Kisha Orthodh\u03bfkse Autoqefale e Shqip\u00ebris\u00eb","isPartOf":{"@id":"https:\/\/orthodoxalbania.org\/2020\/#website"},"primaryImageOfPage":{"@id":"https:\/\/orthodoxalbania.org\/2020\/en\/2007\/02\/26\/saint-george-cathedral-is-opened-april-2007\/#primaryimage"},"image":{"@id":"https:\/\/orthodoxalbania.org\/2020\/en\/2007\/02\/26\/saint-george-cathedral-is-opened-april-2007\/#primaryimage"},"thumbnailUrl":"https:\/\/lh3.googleusercontent.com\/-DUbi-MGVTOM\/VIlh0LRefFI\/AAAAAAAAGSI\/fQzcFEvbAVU\/w400-h297-no\/netekstdja.jpg","datePublished":"2007-02-26T00:00:12+00:00","dateModified":"2020-04-12T22:31:27+00:00","breadcrumb":{"@id":"https:\/\/orthodoxalbania.org\/2020\/en\/2007\/02\/26\/saint-george-cathedral-is-opened-april-2007\/#breadcrumb"},"inLanguage":"en-US","potentialAction":[{"@type":"ReadAction","target":["https:\/\/orthodoxalbania.org\/2020\/en\/2007\/02\/26\/saint-george-cathedral-is-opened-april-2007\/"]}]},{"@type":"ImageObject","inLanguage":"en-US","@id":"https:\/\/orthodoxalbania.org\/2020\/en\/2007\/02\/26\/saint-george-cathedral-is-opened-april-2007\/#primaryimage","url":"https:\/\/lh3.googleusercontent.com\/-DUbi-MGVTOM\/VIlh0LRefFI\/AAAAAAAAGSI\/fQzcFEvbAVU\/w400-h297-no\/netekstdja.jpg","contentUrl":"https:\/\/lh3.googleusercontent.com\/-DUbi-MGVTOM\/VIlh0LRefFI\/AAAAAAAAGSI\/fQzcFEvbAVU\/w400-h297-no\/netekstdja.jpg"},{"@type":"BreadcrumbList","@id":"https:\/\/orthodoxalbania.org\/2020\/en\/2007\/02\/26\/saint-george-cathedral-is-opened-april-2007\/#breadcrumb","itemListElement":[{"@type":"ListItem","position":1,"name":"Home","item":"https:\/\/orthodoxalbania.org\/2020\/"},{"@type":"ListItem","position":2,"name":"Saint George Cathedral is Opened. (April 2007)"}]},{"@type":"WebSite","@id":"https:\/\/orthodoxalbania.org\/2020\/#website","url":"https:\/\/orthodoxalbania.org\/2020\/","name":"Kisha Orthodh\u03bfkse Autoqefale e Shqip\u00ebris\u00eb","description":"Fqja Zyrtare e Kish\u00ebs Orthodhokse Autoqefale e Shqip\u00ebris\u00eb me lajmet edhe informacionet zyrtare p\u00ebr struktur\u00ebn edhe veprimtarin e saj.","publisher":{"@id":"https:\/\/orthodoxalbania.org\/2020\/#organization"},"potentialAction":[{"@type":"SearchAction","target":{"@type":"EntryPoint","urlTemplate":"https:\/\/orthodoxalbania.org\/2020\/?s={search_term_string}"},"query-input":{"@type":"PropertyValueSpecification","valueRequired":true,"valueName":"search_term_string"}}],"inLanguage":"en-US"},{"@type":"Organization","@id":"https:\/\/orthodoxalbania.org\/2020\/#organization","name":"Kisha Orthodhokse Autoqefale e Shqip\u00ebris\u00eb","url":"https:\/\/orthodoxalbania.org\/2020\/","logo":{"@type":"ImageObject","inLanguage":"en-US","@id":"https:\/\/orthodoxalbania.org\/2020\/#\/schema\/logo\/image\/","url":"https:\/\/orthodoxalbania.org\/2020\/wp-content\/uploads\/2020\/05\/albania.jpeg","contentUrl":"https:\/\/orthodoxalbania.org\/2020\/wp-content\/uploads\/2020\/05\/albania.jpeg","width":540,"height":540,"caption":"Kisha Orthodhokse Autoqefale e Shqip\u00ebris\u00eb"},"image":{"@id":"https:\/\/orthodoxalbania.org\/2020\/#\/schema\/logo\/image\/"},"sameAs":["https:\/\/www.facebook.com\/koash1991"]},{"@type":"Person","@id":"https:\/\/orthodoxalbania.org\/2020\/#\/schema\/person\/df745f942b70e045b3dc05a30211f0de","name":"Kisha Orthodhokse","image":{"@type":"ImageObject","inLanguage":"en-US","@id":"https:\/\/secure.gravatar.com\/avatar\/2676eb8d97178435c9f691a7871595a1da6c33542dec218bce40885573150e28?s=96&d=mm&r=g","url":"https:\/\/secure.gravatar.com\/avatar\/2676eb8d97178435c9f691a7871595a1da6c33542dec218bce40885573150e28?s=96&d=mm&r=g","contentUrl":"https:\/\/secure.gravatar.com\/avatar\/2676eb8d97178435c9f691a7871595a1da6c33542dec218bce40885573150e28?s=96&d=mm&r=g","caption":"Kisha Orthodhokse"}}]}},"_links":{"self":[{"href":"https:\/\/orthodoxalbania.org\/2020\/wp-json\/wp\/v2\/posts\/1186","targetHints":{"allow":["GET"]}}],"collection":[{"href":"https:\/\/orthodoxalbania.org\/2020\/wp-json\/wp\/v2\/posts"}],"about":[{"href":"https:\/\/orthodoxalbania.org\/2020\/wp-json\/wp\/v2\/types\/post"}],"author":[{"embeddable":true,"href":"https:\/\/orthodoxalbania.org\/2020\/wp-json\/wp\/v2\/users\/7"}],"replies":[{"embeddable":true,"href":"https:\/\/orthodoxalbania.org\/2020\/wp-json\/wp\/v2\/comments?post=1186"}],"version-history":[{"count":1,"href":"https:\/\/orthodoxalbania.org\/2020\/wp-json\/wp\/v2\/posts\/1186\/revisions"}],"predecessor-version":[{"id":18051,"href":"https:\/\/orthodoxalbania.org\/2020\/wp-json\/wp\/v2\/posts\/1186\/revisions\/18051"}],"wp:attachment":[{"href":"https:\/\/orthodoxalbania.org\/2020\/wp-json\/wp\/v2\/media?parent=1186"}],"wp:term":[{"taxonomy":"category","embeddable":true,"href":"https:\/\/orthodoxalbania.org\/2020\/wp-json\/wp\/v2\/categories?post=1186"},{"taxonomy":"post_tag","embeddable":true,"href":"https:\/\/orthodoxalbania.org\/2020\/wp-json\/wp\/v2\/tags?post=1186"}],"curies":[{"name":"wp","href":"https:\/\/api.w.org\/{rel}","templated":true}]}}