{"id":1184,"date":"2013-04-06T10:49:36","date_gmt":"2013-04-06T10:49:36","guid":{"rendered":""},"modified":"2020-04-06T22:05:46","modified_gmt":"2020-04-06T20:05:46","slug":"rreth-dokumentit-te-milanos-viti-313-pas-krishtit","status":"publish","type":"post","link":"https:\/\/orthodoxalbania.org\/2020\/2013\/04\/06\/rreth-dokumentit-te-milanos-viti-313-pas-krishtit\/","title":{"rendered":"Rreth Dokumentit t\u00eb Milanos (viti 313 pas Krishtit). (6 Prill 2013)"},"content":{"rendered":"<p style=\"text-align: justify;\"><span style=\"color: #000000;\"><span style=\"font-family: tahoma,geneva,sans-serif;\"><span style=\"font-size: 12px;\">&nbsp; &nbsp; &nbsp;<img class=\"lazyload\" decoding=\"async\" style=\"margin: 10px; float: left; width: 280px; height: 205px; border-width: 1px; border-style: solid;\" alt=\"\" src=\"data:image\/gif;base64,R0lGODlhAQABAAAAACH5BAEKAAEALAAAAAABAAEAAAICTAEAOw==\" data-orig-src=\"http:\/\/modeoflife.files.wordpress.com\/2012\/11\/edict-of-milan-image.png?w=800\" \/>&nbsp;Duke qen\u00eb se jemi n\u00eb nj\u00eb vit jubilar t\u00eb 1700 vjetorit t\u00eb shpalljes s\u00eb Krishterimit si fe e lir\u00eb dhe e ligjshme p\u00ebrkrah feve t\u00eb tjera t\u00eb asaj kohe n\u00eb Perandorin\u00eb Romake, menduam t\u00eb paraqesim nj\u00eb p\u00ebrzgjedhje t\u00eb nj\u00eb studimi interesant q\u00eb gjendet tek Enciklopedia fetare dhe etike, vol. 8, Athin\u00eb 1966, fq. 888-889, n\u00eb fjal\u00ebn &#8220;Edikti&#8221;.<\/span><\/span><\/span><\/p>\n<p style=\"text-align: justify;\"><span style=\"color: #000000;\"><span style=\"font-size: 12px; font-family: tahoma,geneva,sans-serif;\">&nbsp; &nbsp; Pas fitores kund\u00ebr Maksentit (312), perandor\u00ebt Konstandini dhe Licini u takuan n\u00eb Milano gjat\u00eb muajve t\u00eb par\u00eb t\u00eb vitit 313. Aleanca e tyre u fuqizua edhe n\u00ebp\u00ebrmjet lidhjesh familjare, pasi Licini u martua me motr\u00ebn e Konstandinit, Konstandian. Nd\u00ebrkoh\u00eb, mes masave liberale dhe bujare t\u00eb marra, t\u00eb cilat u vendos\u00ebn gjat\u00eb takimit n\u00eb fjal\u00eb, ishte padyshim edhe ajo q\u00eb kishte t\u00eb b\u00ebnte me Krishterimin. Eusebi (Hist. Kisht. V, 5) dhe Laktanti (De mort persec. 48) p\u00ebrmendin me ndryshime t\u00eb vogla nj\u00eb let\u00ebr t\u00eb Licinit drejtuar qeveritar\u00ebve t\u00eb provincave n\u00eb var\u00ebsi t\u00eb tij, t\u00eb shkruar n\u00eb em\u00ebr t\u00eb t\u00eb dy perandor\u00ebve, e cila krejt gabimisht \u00ebsht\u00eb quajtur prej&nbsp; studiuesve t\u00eb koh\u00ebve t\u00eb reja \u201cedikt i Milanos\u201d, por q\u00eb n\u00eb t\u00eb v\u00ebrtet\u00eb nuk \u00ebsht\u00eb m\u00eb shum\u00eb se nj\u00eb akt ligjor, t\u00eb cilin edhe e interpreton.<\/span><\/span><\/p>\n<div style=\"text-align: justify;\"><span style=\"color: #000000;\"><span style=\"font-family: tahoma,geneva,sans-serif;\"><span style=\"font-size: 12px;\">&nbsp; &nbsp; Ky dokument nuk p\u00ebrb\u00ebn pohim t\u00eb besimit t\u00eb krishter\u00eb, as nuk krijon p\u00ebr t\u00eb krishter\u00ebt ndonj\u00eb situat\u00eb t\u00eb favorshme. Thjesht, u njeh atyre, ashtu si edhe praktikant\u00ebve t\u00eb \u00e7do feje tjet\u00ebr, lirin\u00eb e kultit. Shteti nuk e konsideron m\u00eb si t\u00eb domosdosh\u00ebm nderimin ndaj hyjnive t\u00eb fes\u00eb zyrtare. Arritja e madhe e liris\u00eb s\u00eb mendimit fetar ishte send\u00ebrtuar dhe, rrjedhimisht, politika e m\u00ebparshme e p\u00ebrndjekjeve flakej tej dhe d\u00ebnohej.<\/span><\/span><\/span><\/div>\n<div style=\"text-align: justify;\"> <span style=\"color: #000000;\"><span style=\"font-family: tahoma,geneva,sans-serif;\"><span style=\"font-size: 12px;\">&nbsp;&nbsp;&nbsp; B\u00ebhet fjal\u00eb p\u00ebr nj\u00eb progres t\u00eb r\u00ebnd\u00ebsish\u00ebm krahasuar me ediktin e toleranc\u00ebs s\u00eb Galerit (311). Teksa ky i fundit kritikonte dhe mbante nj\u00eb q\u00ebndrim qortues ndaj t\u00eb gjith\u00eb atyre q\u00eb braktisnin fen\u00eb tradicionale p\u00ebr t\u00eb p\u00ebrqafuar doktrin\u00ebn e Krishtit, por u jepte fund p\u00ebrndjekjeve p\u00ebr q\u00ebllime p\u00ebrfitimi, ose si\u00e7 thuhej, p\u00ebr but\u00ebsi, dokumenti i Milanos mohonte gjith\u00eb politik\u00ebn administrative t\u00eb perandor\u00ebve t\u00eb m\u00ebparsh\u00ebm.&nbsp; Duke u dh\u00ebn\u00eb parimi, sipas t\u00eb cilit p\u00ebrqafimi i besimit t\u00eb krishter\u00eb nuk p\u00ebrb\u00ebnte shkelje ligjore n\u00eb d\u00ebm t\u00eb shtetit, kthimi t\u00eb krishter\u00ebve i pronave q\u00eb u ishin konfiskuar rridhte si nj\u00eb pasoj\u00eb e ligjshme.<\/span><\/span><\/span><\/div>\n<div style=\"text-align: justify;\"> <span style=\"color: #000000;\"><span style=\"font-family: tahoma,geneva,sans-serif;\"><span style=\"font-size: 12px;\">&nbsp;&nbsp;&nbsp; Gjithsesi, \u00ebsht\u00eb p\u00ebr t\u2019u sh\u00ebnuar fakti se p\u00ebrcaktohet q\u00eb pronat n\u00eb fjal\u00eb do t\u2019u kthehen komuniteteve (\u201cconventiculis\u201d thot\u00eb teksti i Laktantit), gj\u00eb q\u00eb do t\u00eb thot\u00eb se komuniteteve t\u00eb krishtera u njihet mund\u00ebsia e s\u00eb drejt\u00ebs s\u00eb pron\u00ebsis\u00eb.<\/span><\/span><\/span><\/div>\n<div style=\"text-align: justify;\"> <span style=\"color: #000000;\"><span style=\"font-family: tahoma,geneva,sans-serif;\"><span style=\"font-size: 12px;\">&nbsp;&nbsp;&nbsp; P\u00ebr shkak t\u00eb fam\u00ebs q\u00eb mori ky dokument perandorak, t\u00eb cilit autor\u00eb t\u00eb krishter\u00eb i dhan\u00eb m\u00eb shum\u00eb r\u00ebnd\u00ebsi nga \u00e7\u2019duhej, duke l\u00ebn\u00eb k\u00ebshtu n\u00eb hije ediktin e Galerit, por edhe kontributin e Licinit, dhe duke i njohur vet\u00ebm Konstandinit lavdin\u00eb e dh\u00ebnies s\u00eb l\u00ebshimeve t\u00eb favorshme t\u00eb krishter\u00ebve, \u00ebsht\u00eb i kuptuesh\u00ebm fakti se pse u shkaktuan reagime n\u00eb gjirin e kritik\u00ebve gjat\u00eb gjysm\u00ebs s\u00eb par\u00eb t\u00eb shekullit t\u00eb kaluar. Disa prej k\u00ebtyre kaluan n\u00eb teprime, duke pretenduar se i gjith\u00eb dokumenti ishte nj\u00eb falsifikim i krishter\u00eb. Nj\u00eb gj\u00eb e till\u00eb \u00ebsht\u00eb e pamundur sepse dy autor\u00ebt e lartp\u00ebrmendur q\u00eb i referohen ediktit jan\u00eb bashk\u00ebkoh\u00ebs t\u00eb ngjarjeve dhe n\u00ebse do t\u00eb sajonin nj\u00eb akt perandorak, do t\u00eb ekspozoheshin p\u00ebrball\u00eb nj\u00eb p\u00ebrg\u00ebnjeshtrimi t\u00eb zhurmsh\u00ebm. T\u00eb tjer\u00eb, m\u00eb pak radikal\u00eb, ndodhen m\u00eb af\u00ebr gj\u00ebrave: O. Seeck v\u00ebrtetoi se teksti i ruajtur nuk mund t\u00eb cil\u00ebsohet si edikt. H. Gr\u00e9goire shtoi d\u00ebshmin\u00eb se ky akt nuk e ka prejardhjen nga Milanoja, por nga Nikomedia dhe datimi i tij nuk \u00ebsht\u00eb muaj shkurt, por qershori i vitit 313. N\u00eb t\u00eb nj\u00ebjt\u00ebn koh\u00eb ky u p\u00ebrpoq t\u00eb dilte n\u00eb p\u00ebrfundimin se akti nuk i kushtohet Konstandinit, por vet\u00ebm Licinit, t\u00eb cilit duhet t\u2019i njihet p\u00ebrpar\u00ebsia n\u00eb lidhje me q\u00ebllimet dashamir\u00ebse kundrejt Krishterimit, gj\u00eb q\u00eb ndoshta p\u00ebrb\u00ebn ekzagjerim, t\u00eb cilin e hodhi posht\u00eb J. B. Palanque.<\/span><\/span><\/span><br \/> &nbsp;<\/div>\n<div style=\"text-align: right;\"> <span style=\"color: #000000;\"><span style=\"font-family: tahoma,geneva,sans-serif;\"><span style=\"font-size: 12px;\"><strong>P\u00ebrkthyer nga Pirro Kondili<br \/> <\/strong><\/p>\n<p> &nbsp;<\/span><\/span><\/span><\/div>\n","protected":false},"excerpt":{"rendered":"<p>&nbsp; &nbsp; &nbsp;&nbsp;Duke qen\u00eb se jemi n\u00eb nj\u00eb vit jubilar t\u00eb 1700 vjetorit t\u00eb shpalljes s\u00eb Krishterimit si fe e lir\u00eb dhe e ligjshme p\u00ebrkrah feve t\u00eb tjera t\u00eb asaj kohe n\u00eb Perandorin\u00eb Romake, menduam t\u00eb paraqesim nj\u00eb p\u00ebrzgjedhje t\u00eb nj\u00eb studimi interesant q\u00eb gjendet tek Enciklopedia fetare dhe etike, vol. 8, Athin\u00eb 1966, fq. 888-889, n\u00eb fjal\u00ebn &#8220;Edikti&#8221;. &nbsp; &nbsp; Pas fitores kund\u00ebr Maksentit<\/p>\n","protected":false},"author":14,"featured_media":0,"comment_status":"open","ping_status":"open","sticky":false,"template":"","format":"standard","meta":{"_acf_changed":false,"pagelayer_contact_templates":[],"_pagelayer_content":"","inline_featured_image":false,"fifu_image_url":"","fifu_image_alt":"","footnotes":""},"categories":[108],"tags":[141,196,212],"class_list":["post-1184","post","type-post","status-publish","format-standard","hentry","category-lajme","tag-141","tag-tirane","tag-lajme-d27"],"acf":[],"yoast_head":"<!-- This site is optimized with the Yoast SEO plugin v27.2 - https:\/\/yoast.com\/product\/yoast-seo-wordpress\/ -->\n<title>Rreth Dokumentit t\u00eb Milanos (viti 313 pas Krishtit). (6 Prill 2013) - Kisha Orthodh\u03bfkse Autoqefale e Shqip\u00ebris\u00eb<\/title>\n<meta name=\"robots\" content=\"index, follow, max-snippet:-1, max-image-preview:large, max-video-preview:-1\" \/>\n<link rel=\"canonical\" href=\"https:\/\/orthodoxalbania.org\/2020\/2013\/04\/06\/rreth-dokumentit-te-milanos-viti-313-pas-krishtit\/\" \/>\n<meta property=\"og:locale\" content=\"en_US\" \/>\n<meta property=\"og:type\" content=\"article\" \/>\n<meta property=\"og:title\" content=\"Rreth Dokumentit t\u00eb Milanos (viti 313 pas Krishtit). (6 Prill 2013) - Kisha Orthodh\u03bfkse Autoqefale e Shqip\u00ebris\u00eb\" \/>\n<meta property=\"og:description\" content=\"&nbsp; &nbsp; &nbsp;&nbsp;Duke qen\u00eb se jemi n\u00eb nj\u00eb vit jubilar t\u00eb 1700 vjetorit t\u00eb shpalljes s\u00eb Krishterimit si fe e lir\u00eb dhe e ligjshme p\u00ebrkrah feve t\u00eb tjera t\u00eb asaj kohe n\u00eb Perandorin\u00eb Romake, menduam t\u00eb paraqesim nj\u00eb p\u00ebrzgjedhje t\u00eb nj\u00eb studimi interesant q\u00eb gjendet tek Enciklopedia fetare dhe etike, vol. 8, Athin\u00eb 1966, fq. 888-889, n\u00eb fjal\u00ebn &#8220;Edikti&#8221;. &nbsp; &nbsp; Pas fitores kund\u00ebr Maksentit\" \/>\n<meta property=\"og:url\" content=\"https:\/\/orthodoxalbania.org\/2020\/2013\/04\/06\/rreth-dokumentit-te-milanos-viti-313-pas-krishtit\/\" \/>\n<meta property=\"og:site_name\" content=\"Kisha Orthodh\u03bfkse Autoqefale e Shqip\u00ebris\u00eb\" \/>\n<meta property=\"article:publisher\" content=\"https:\/\/www.facebook.com\/koash1991\" \/>\n<meta property=\"article:published_time\" content=\"2013-04-06T10:49:36+00:00\" \/>\n<meta property=\"article:modified_time\" content=\"2020-04-06T20:05:46+00:00\" \/>\n<meta property=\"og:image\" content=\"http:\/\/modeoflife.files.wordpress.com\/2012\/11\/edict-of-milan-image.png?w=800\" \/>\n<meta name=\"author\" content=\"neo_admin\" \/>\n<meta name=\"twitter:card\" content=\"summary_large_image\" \/>\n<meta name=\"twitter:label1\" content=\"Written by\" \/>\n\t<meta name=\"twitter:data1\" content=\"neo_admin\" \/>\n\t<meta name=\"twitter:label2\" content=\"Est. reading time\" \/>\n\t<meta name=\"twitter:data2\" content=\"4 minutes\" \/>\n<script type=\"application\/ld+json\" class=\"yoast-schema-graph\">{\"@context\":\"https:\/\/schema.org\",\"@graph\":[{\"@type\":\"Article\",\"@id\":\"https:\/\/orthodoxalbania.org\/2020\/2013\/04\/06\/rreth-dokumentit-te-milanos-viti-313-pas-krishtit\/#article\",\"isPartOf\":{\"@id\":\"https:\/\/orthodoxalbania.org\/2020\/2013\/04\/06\/rreth-dokumentit-te-milanos-viti-313-pas-krishtit\/\"},\"author\":{\"name\":\"neo_admin\",\"@id\":\"https:\/\/orthodoxalbania.org\/2020\/#\/schema\/person\/dd2bdc135b53c60d45b8bb329565cf6d\"},\"headline\":\"Rreth Dokumentit t\u00eb Milanos (viti 313 pas Krishtit). (6 Prill 2013)\",\"datePublished\":\"2013-04-06T10:49:36+00:00\",\"dateModified\":\"2020-04-06T20:05:46+00:00\",\"mainEntityOfPage\":{\"@id\":\"https:\/\/orthodoxalbania.org\/2020\/2013\/04\/06\/rreth-dokumentit-te-milanos-viti-313-pas-krishtit\/\"},\"wordCount\":745,\"commentCount\":0,\"publisher\":{\"@id\":\"https:\/\/orthodoxalbania.org\/2020\/#organization\"},\"image\":{\"@id\":\"https:\/\/orthodoxalbania.org\/2020\/2013\/04\/06\/rreth-dokumentit-te-milanos-viti-313-pas-krishtit\/#primaryimage\"},\"thumbnailUrl\":\"http:\/\/modeoflife.files.wordpress.com\/2012\/11\/edict-of-milan-image.png?w=800\",\"keywords\":[\"2013\",\"Kryepiskopata Tiran\u00eb\",\"lajme\"],\"articleSection\":[\"Lajme\"],\"inLanguage\":\"en-US\"},{\"@type\":\"WebPage\",\"@id\":\"https:\/\/orthodoxalbania.org\/2020\/2013\/04\/06\/rreth-dokumentit-te-milanos-viti-313-pas-krishtit\/\",\"url\":\"https:\/\/orthodoxalbania.org\/2020\/2013\/04\/06\/rreth-dokumentit-te-milanos-viti-313-pas-krishtit\/\",\"name\":\"Rreth Dokumentit t\u00eb Milanos (viti 313 pas Krishtit). (6 Prill 2013) - Kisha Orthodh\u03bfkse Autoqefale e Shqip\u00ebris\u00eb\",\"isPartOf\":{\"@id\":\"https:\/\/orthodoxalbania.org\/2020\/#website\"},\"primaryImageOfPage\":{\"@id\":\"https:\/\/orthodoxalbania.org\/2020\/2013\/04\/06\/rreth-dokumentit-te-milanos-viti-313-pas-krishtit\/#primaryimage\"},\"image\":{\"@id\":\"https:\/\/orthodoxalbania.org\/2020\/2013\/04\/06\/rreth-dokumentit-te-milanos-viti-313-pas-krishtit\/#primaryimage\"},\"thumbnailUrl\":\"http:\/\/modeoflife.files.wordpress.com\/2012\/11\/edict-of-milan-image.png?w=800\",\"datePublished\":\"2013-04-06T10:49:36+00:00\",\"dateModified\":\"2020-04-06T20:05:46+00:00\",\"breadcrumb\":{\"@id\":\"https:\/\/orthodoxalbania.org\/2020\/2013\/04\/06\/rreth-dokumentit-te-milanos-viti-313-pas-krishtit\/#breadcrumb\"},\"inLanguage\":\"en-US\",\"potentialAction\":[{\"@type\":\"ReadAction\",\"target\":[\"https:\/\/orthodoxalbania.org\/2020\/2013\/04\/06\/rreth-dokumentit-te-milanos-viti-313-pas-krishtit\/\"]}]},{\"@type\":\"ImageObject\",\"inLanguage\":\"en-US\",\"@id\":\"https:\/\/orthodoxalbania.org\/2020\/2013\/04\/06\/rreth-dokumentit-te-milanos-viti-313-pas-krishtit\/#primaryimage\",\"url\":\"http:\/\/modeoflife.files.wordpress.com\/2012\/11\/edict-of-milan-image.png?w=800\",\"contentUrl\":\"http:\/\/modeoflife.files.wordpress.com\/2012\/11\/edict-of-milan-image.png?w=800\"},{\"@type\":\"BreadcrumbList\",\"@id\":\"https:\/\/orthodoxalbania.org\/2020\/2013\/04\/06\/rreth-dokumentit-te-milanos-viti-313-pas-krishtit\/#breadcrumb\",\"itemListElement\":[{\"@type\":\"ListItem\",\"position\":1,\"name\":\"Home\",\"item\":\"https:\/\/orthodoxalbania.org\/2020\/\"},{\"@type\":\"ListItem\",\"position\":2,\"name\":\"Rreth Dokumentit t\u00eb Milanos (viti 313 pas Krishtit). (6 Prill 2013)\"}]},{\"@type\":\"WebSite\",\"@id\":\"https:\/\/orthodoxalbania.org\/2020\/#website\",\"url\":\"https:\/\/orthodoxalbania.org\/2020\/\",\"name\":\"Kisha Orthodh\u03bfkse Autoqefale e Shqip\u00ebris\u00eb\",\"description\":\"Fqja Zyrtare e Kish\u00ebs Orthodhokse Autoqefale e Shqip\u00ebris\u00eb me lajmet edhe informacionet zyrtare p\u00ebr struktur\u00ebn edhe veprimtarin e saj.\",\"publisher\":{\"@id\":\"https:\/\/orthodoxalbania.org\/2020\/#organization\"},\"potentialAction\":[{\"@type\":\"SearchAction\",\"target\":{\"@type\":\"EntryPoint\",\"urlTemplate\":\"https:\/\/orthodoxalbania.org\/2020\/?s={search_term_string}\"},\"query-input\":{\"@type\":\"PropertyValueSpecification\",\"valueRequired\":true,\"valueName\":\"search_term_string\"}}],\"inLanguage\":\"en-US\"},{\"@type\":\"Organization\",\"@id\":\"https:\/\/orthodoxalbania.org\/2020\/#organization\",\"name\":\"Kisha Orthodhokse Autoqefale e Shqip\u00ebris\u00eb\",\"url\":\"https:\/\/orthodoxalbania.org\/2020\/\",\"logo\":{\"@type\":\"ImageObject\",\"inLanguage\":\"en-US\",\"@id\":\"https:\/\/orthodoxalbania.org\/2020\/#\/schema\/logo\/image\/\",\"url\":\"https:\/\/orthodoxalbania.org\/2020\/wp-content\/uploads\/2020\/05\/albania.jpeg\",\"contentUrl\":\"https:\/\/orthodoxalbania.org\/2020\/wp-content\/uploads\/2020\/05\/albania.jpeg\",\"width\":540,\"height\":540,\"caption\":\"Kisha Orthodhokse Autoqefale e Shqip\u00ebris\u00eb\"},\"image\":{\"@id\":\"https:\/\/orthodoxalbania.org\/2020\/#\/schema\/logo\/image\/\"},\"sameAs\":[\"https:\/\/www.facebook.com\/koash1991\"]},{\"@type\":\"Person\",\"@id\":\"https:\/\/orthodoxalbania.org\/2020\/#\/schema\/person\/dd2bdc135b53c60d45b8bb329565cf6d\",\"name\":\"neo_admin\",\"image\":{\"@type\":\"ImageObject\",\"inLanguage\":\"en-US\",\"@id\":\"https:\/\/secure.gravatar.com\/avatar\/53e6cdc30765aade0129f85e5aeb50124b1d3f5bb9a70373be31e4eb328371e0?s=96&d=mm&r=g\",\"url\":\"https:\/\/secure.gravatar.com\/avatar\/53e6cdc30765aade0129f85e5aeb50124b1d3f5bb9a70373be31e4eb328371e0?s=96&d=mm&r=g\",\"contentUrl\":\"https:\/\/secure.gravatar.com\/avatar\/53e6cdc30765aade0129f85e5aeb50124b1d3f5bb9a70373be31e4eb328371e0?s=96&d=mm&r=g\",\"caption\":\"neo_admin\"}}]}<\/script>\n<!-- \/ Yoast SEO plugin. -->","yoast_head_json":{"title":"Rreth Dokumentit t\u00eb Milanos (viti 313 pas Krishtit). (6 Prill 2013) - Kisha Orthodh\u03bfkse Autoqefale e Shqip\u00ebris\u00eb","robots":{"index":"index","follow":"follow","max-snippet":"max-snippet:-1","max-image-preview":"max-image-preview:large","max-video-preview":"max-video-preview:-1"},"canonical":"https:\/\/orthodoxalbania.org\/2020\/2013\/04\/06\/rreth-dokumentit-te-milanos-viti-313-pas-krishtit\/","og_locale":"en_US","og_type":"article","og_title":"Rreth Dokumentit t\u00eb Milanos (viti 313 pas Krishtit). (6 Prill 2013) - Kisha Orthodh\u03bfkse Autoqefale e Shqip\u00ebris\u00eb","og_description":"&nbsp; &nbsp; &nbsp;&nbsp;Duke qen\u00eb se jemi n\u00eb nj\u00eb vit jubilar t\u00eb 1700 vjetorit t\u00eb shpalljes s\u00eb Krishterimit si fe e lir\u00eb dhe e ligjshme p\u00ebrkrah feve t\u00eb tjera t\u00eb asaj kohe n\u00eb Perandorin\u00eb Romake, menduam t\u00eb paraqesim nj\u00eb p\u00ebrzgjedhje t\u00eb nj\u00eb studimi interesant q\u00eb gjendet tek Enciklopedia fetare dhe etike, vol. 8, Athin\u00eb 1966, fq. 888-889, n\u00eb fjal\u00ebn &#8220;Edikti&#8221;. &nbsp; &nbsp; Pas fitores kund\u00ebr Maksentit","og_url":"https:\/\/orthodoxalbania.org\/2020\/2013\/04\/06\/rreth-dokumentit-te-milanos-viti-313-pas-krishtit\/","og_site_name":"Kisha Orthodh\u03bfkse Autoqefale e Shqip\u00ebris\u00eb","article_publisher":"https:\/\/www.facebook.com\/koash1991","article_published_time":"2013-04-06T10:49:36+00:00","article_modified_time":"2020-04-06T20:05:46+00:00","og_image":[{"url":"http:\/\/modeoflife.files.wordpress.com\/2012\/11\/edict-of-milan-image.png?w=800","type":"","width":"","height":""}],"author":"neo_admin","twitter_card":"summary_large_image","twitter_misc":{"Written by":"neo_admin","Est. reading time":"4 minutes"},"schema":{"@context":"https:\/\/schema.org","@graph":[{"@type":"Article","@id":"https:\/\/orthodoxalbania.org\/2020\/2013\/04\/06\/rreth-dokumentit-te-milanos-viti-313-pas-krishtit\/#article","isPartOf":{"@id":"https:\/\/orthodoxalbania.org\/2020\/2013\/04\/06\/rreth-dokumentit-te-milanos-viti-313-pas-krishtit\/"},"author":{"name":"neo_admin","@id":"https:\/\/orthodoxalbania.org\/2020\/#\/schema\/person\/dd2bdc135b53c60d45b8bb329565cf6d"},"headline":"Rreth Dokumentit t\u00eb Milanos (viti 313 pas Krishtit). (6 Prill 2013)","datePublished":"2013-04-06T10:49:36+00:00","dateModified":"2020-04-06T20:05:46+00:00","mainEntityOfPage":{"@id":"https:\/\/orthodoxalbania.org\/2020\/2013\/04\/06\/rreth-dokumentit-te-milanos-viti-313-pas-krishtit\/"},"wordCount":745,"commentCount":0,"publisher":{"@id":"https:\/\/orthodoxalbania.org\/2020\/#organization"},"image":{"@id":"https:\/\/orthodoxalbania.org\/2020\/2013\/04\/06\/rreth-dokumentit-te-milanos-viti-313-pas-krishtit\/#primaryimage"},"thumbnailUrl":"http:\/\/modeoflife.files.wordpress.com\/2012\/11\/edict-of-milan-image.png?w=800","keywords":["2013","Kryepiskopata Tiran\u00eb","lajme"],"articleSection":["Lajme"],"inLanguage":"en-US"},{"@type":"WebPage","@id":"https:\/\/orthodoxalbania.org\/2020\/2013\/04\/06\/rreth-dokumentit-te-milanos-viti-313-pas-krishtit\/","url":"https:\/\/orthodoxalbania.org\/2020\/2013\/04\/06\/rreth-dokumentit-te-milanos-viti-313-pas-krishtit\/","name":"Rreth Dokumentit t\u00eb Milanos (viti 313 pas Krishtit). (6 Prill 2013) - Kisha Orthodh\u03bfkse Autoqefale e Shqip\u00ebris\u00eb","isPartOf":{"@id":"https:\/\/orthodoxalbania.org\/2020\/#website"},"primaryImageOfPage":{"@id":"https:\/\/orthodoxalbania.org\/2020\/2013\/04\/06\/rreth-dokumentit-te-milanos-viti-313-pas-krishtit\/#primaryimage"},"image":{"@id":"https:\/\/orthodoxalbania.org\/2020\/2013\/04\/06\/rreth-dokumentit-te-milanos-viti-313-pas-krishtit\/#primaryimage"},"thumbnailUrl":"http:\/\/modeoflife.files.wordpress.com\/2012\/11\/edict-of-milan-image.png?w=800","datePublished":"2013-04-06T10:49:36+00:00","dateModified":"2020-04-06T20:05:46+00:00","breadcrumb":{"@id":"https:\/\/orthodoxalbania.org\/2020\/2013\/04\/06\/rreth-dokumentit-te-milanos-viti-313-pas-krishtit\/#breadcrumb"},"inLanguage":"en-US","potentialAction":[{"@type":"ReadAction","target":["https:\/\/orthodoxalbania.org\/2020\/2013\/04\/06\/rreth-dokumentit-te-milanos-viti-313-pas-krishtit\/"]}]},{"@type":"ImageObject","inLanguage":"en-US","@id":"https:\/\/orthodoxalbania.org\/2020\/2013\/04\/06\/rreth-dokumentit-te-milanos-viti-313-pas-krishtit\/#primaryimage","url":"http:\/\/modeoflife.files.wordpress.com\/2012\/11\/edict-of-milan-image.png?w=800","contentUrl":"http:\/\/modeoflife.files.wordpress.com\/2012\/11\/edict-of-milan-image.png?w=800"},{"@type":"BreadcrumbList","@id":"https:\/\/orthodoxalbania.org\/2020\/2013\/04\/06\/rreth-dokumentit-te-milanos-viti-313-pas-krishtit\/#breadcrumb","itemListElement":[{"@type":"ListItem","position":1,"name":"Home","item":"https:\/\/orthodoxalbania.org\/2020\/"},{"@type":"ListItem","position":2,"name":"Rreth Dokumentit t\u00eb Milanos (viti 313 pas Krishtit). (6 Prill 2013)"}]},{"@type":"WebSite","@id":"https:\/\/orthodoxalbania.org\/2020\/#website","url":"https:\/\/orthodoxalbania.org\/2020\/","name":"Kisha Orthodh\u03bfkse Autoqefale e Shqip\u00ebris\u00eb","description":"Fqja Zyrtare e Kish\u00ebs Orthodhokse Autoqefale e Shqip\u00ebris\u00eb me lajmet edhe informacionet zyrtare p\u00ebr struktur\u00ebn edhe veprimtarin e saj.","publisher":{"@id":"https:\/\/orthodoxalbania.org\/2020\/#organization"},"potentialAction":[{"@type":"SearchAction","target":{"@type":"EntryPoint","urlTemplate":"https:\/\/orthodoxalbania.org\/2020\/?s={search_term_string}"},"query-input":{"@type":"PropertyValueSpecification","valueRequired":true,"valueName":"search_term_string"}}],"inLanguage":"en-US"},{"@type":"Organization","@id":"https:\/\/orthodoxalbania.org\/2020\/#organization","name":"Kisha Orthodhokse Autoqefale e Shqip\u00ebris\u00eb","url":"https:\/\/orthodoxalbania.org\/2020\/","logo":{"@type":"ImageObject","inLanguage":"en-US","@id":"https:\/\/orthodoxalbania.org\/2020\/#\/schema\/logo\/image\/","url":"https:\/\/orthodoxalbania.org\/2020\/wp-content\/uploads\/2020\/05\/albania.jpeg","contentUrl":"https:\/\/orthodoxalbania.org\/2020\/wp-content\/uploads\/2020\/05\/albania.jpeg","width":540,"height":540,"caption":"Kisha Orthodhokse Autoqefale e Shqip\u00ebris\u00eb"},"image":{"@id":"https:\/\/orthodoxalbania.org\/2020\/#\/schema\/logo\/image\/"},"sameAs":["https:\/\/www.facebook.com\/koash1991"]},{"@type":"Person","@id":"https:\/\/orthodoxalbania.org\/2020\/#\/schema\/person\/dd2bdc135b53c60d45b8bb329565cf6d","name":"neo_admin","image":{"@type":"ImageObject","inLanguage":"en-US","@id":"https:\/\/secure.gravatar.com\/avatar\/53e6cdc30765aade0129f85e5aeb50124b1d3f5bb9a70373be31e4eb328371e0?s=96&d=mm&r=g","url":"https:\/\/secure.gravatar.com\/avatar\/53e6cdc30765aade0129f85e5aeb50124b1d3f5bb9a70373be31e4eb328371e0?s=96&d=mm&r=g","contentUrl":"https:\/\/secure.gravatar.com\/avatar\/53e6cdc30765aade0129f85e5aeb50124b1d3f5bb9a70373be31e4eb328371e0?s=96&d=mm&r=g","caption":"neo_admin"}}]}},"_links":{"self":[{"href":"https:\/\/orthodoxalbania.org\/2020\/wp-json\/wp\/v2\/posts\/1184","targetHints":{"allow":["GET"]}}],"collection":[{"href":"https:\/\/orthodoxalbania.org\/2020\/wp-json\/wp\/v2\/posts"}],"about":[{"href":"https:\/\/orthodoxalbania.org\/2020\/wp-json\/wp\/v2\/types\/post"}],"author":[{"embeddable":true,"href":"https:\/\/orthodoxalbania.org\/2020\/wp-json\/wp\/v2\/users\/14"}],"replies":[{"embeddable":true,"href":"https:\/\/orthodoxalbania.org\/2020\/wp-json\/wp\/v2\/comments?post=1184"}],"version-history":[{"count":1,"href":"https:\/\/orthodoxalbania.org\/2020\/wp-json\/wp\/v2\/posts\/1184\/revisions"}],"predecessor-version":[{"id":15236,"href":"https:\/\/orthodoxalbania.org\/2020\/wp-json\/wp\/v2\/posts\/1184\/revisions\/15236"}],"wp:attachment":[{"href":"https:\/\/orthodoxalbania.org\/2020\/wp-json\/wp\/v2\/media?parent=1184"}],"wp:term":[{"taxonomy":"category","embeddable":true,"href":"https:\/\/orthodoxalbania.org\/2020\/wp-json\/wp\/v2\/categories?post=1184"},{"taxonomy":"post_tag","embeddable":true,"href":"https:\/\/orthodoxalbania.org\/2020\/wp-json\/wp\/v2\/tags?post=1184"}],"curies":[{"name":"wp","href":"https:\/\/api.w.org\/{rel}","templated":true}]}}