{"id":1182,"date":"2013-03-20T12:57:09","date_gmt":"2013-03-20T12:57:09","guid":{"rendered":""},"modified":"2020-04-06T22:32:22","modified_gmt":"2020-04-06T20:32:22","slug":"risi-dhe-zhvillim-ne-shkollat-e-kishes-sone","status":"publish","type":"post","link":"https:\/\/orthodoxalbania.org\/2020\/2013\/03\/20\/risi-dhe-zhvillim-ne-shkollat-e-kishes-sone\/","title":{"rendered":"Risi dhe zhvillim n\u00eb shkollat e Kish\u00ebs son\u00eb. (Shtator 2010)"},"content":{"rendered":"<p><span id=\"cke_bm_340S\" style=\"display: none;\"><\/span><span style=\"display: none;\"><\/span><\/p>\n<div class=\"style7\">\n<div class=\"style8\" style=\"text-align: center;\"><span style=\"color: #000000;\"><span style=\"font-family: tahoma,geneva,sans-serif;\"><span style=\"font-size: 12px;\"><strong><em><span class=\"style12\">M\u00eb 6 shtator nisi viti i ri arsimor 2010-2011<\/span><\/em><\/strong><\/span><\/span><\/span><\/div>\n<div class=\"style8\">&nbsp;<\/div>\n<div class=\"style8\" style=\"text-align: justify;\"><span style=\"color: #000000;\"><span style=\"font-family: tahoma,geneva,sans-serif;\"><span style=\"font-size: 12px;\"><strong>&nbsp;&nbsp;&nbsp; <\/strong>Nisjes s\u00eb vitit t\u00eb ri shkollor 2010-2011, n\u00eb shkollat 9-vje\u00e7are dhe t\u00eb mesme t\u00eb Kish\u00ebs son\u00eb i dha bekim dit\u00ebn e par\u00eb kryerja e Sh\u00ebrbes\u00ebs s\u00eb Ajazm\u00ebs. Me qindra nx\u00ebn\u00ebs dhe m\u00ebsues p\u00ebrsh\u00ebndet\u00ebn 6 shtatorin, si nj\u00eb fillim i r\u00ebnd\u00ebsish\u00ebm n\u00eb rrug\u00ebn e gjat\u00eb dhe plot sfida t\u00eb dijes. Institucionet arsimore t\u00eb Kish\u00ebs edhe k\u00ebt\u00eb vit do t\u00eb p\u00ebrgatisin me p\u00ebrkushtim njer\u00ebz jo vet\u00ebm me edukat\u00eb shkencore, por edhe me kultur\u00eb shpirt\u00ebrore, p\u00ebr t\u00eb dh\u00ebn\u00eb me dinjitet kontributin e tyre n\u00eb shoq\u00ebri. Ky \u00ebsht\u00eb q\u00ebllimi kryesor q\u00eb ka motivuar prej vitesh Kryepiskopin Anastas, i cili u ka ofruar f\u00ebmij\u00ebve dhe t\u00eb rinjve kushtet m\u00eb t\u00eb mira t\u00eb mundshme n\u00eb \u201claborator\u00ebt\u201d e ringjalljes shpirt\u00ebrore dhe morale.<\/span><\/span><\/span><\/div>\n<div class=\"style8\">&nbsp;<\/div>\n<div class=\"style8\"><span style=\"color: #000000;\"><span style=\"font-family: tahoma,geneva,sans-serif;\"><span style=\"font-size: 12px;\"><span class=\"style10\"><em><img decoding=\"async\" class=\"lazyload HAa Eha\" style=\"border-width: 1px; border-style: solid; margin: 10px; float: left; width: 300px; height: 225px;\" alt=\"\" src=\"data:image\/gif;base64,R0lGODlhAQABAAAAACH5BAEKAAEALAAAAAABAAEAAAICTAEAOw==\" data-orig-src=\"https:\/\/lh6.googleusercontent.com\/-v9zxKG4RLSo\/U_7vi-ZSGOI\/AAAAAAAABnE\/hzs4VqskOdk\/w958-h719-no\/Protagonistet.JPG\" \/><\/em><\/span><\/span><\/span><\/span><\/div>\n<div class=\"style8\">&nbsp;<\/div>\n<div class=\"style8\" style=\"text-align: justify;\"><span style=\"color: #000000;\"><span style=\"font-family: tahoma,geneva,sans-serif;\"><span style=\"font-size: 12px;\"><span class=\"style10\"><em><strong>&nbsp;&nbsp;&nbsp; Shkolla 9-vje\u00e7are shqiptaro-amerikane\u201cProtagonist\u00ebt\u201d<\/strong><\/em> <em>n\u00eb Tiran\u00eb<\/em><\/span>, bashk\u00eb me mjediset bashk\u00ebkohore, iu ka ofruar nx\u00ebn\u00ebsve sivjet edhe laborator\u00ebt e rinj t\u00eb kimis\u00eb dhe t\u00eb fizik\u00ebs, si dhe k\u00ebndin sportiv. Nd\u00ebrkoh\u00eb, \u00ebsht\u00eb duke u punuar intensivisht p\u00ebr hapjen e laboratorit t\u00eb biologjis\u00eb si dhe bibliotek\u00ebs s\u00eb shkoll\u00ebs. N\u00eb bised\u00eb me drejtueset e k\u00ebtij institucioni m\u00ebsuam se ka pasur nj\u00eb fluks t\u00eb lart k\u00ebrkesash t\u00eb f\u00ebmij\u00ebve p\u00ebr t\u2019u regjistruar n\u00eb shkoll\u00eb. Nd\u00ebrkoh\u00eb q\u00eb pas n\u00ebnt\u00eb viteve pun\u00eb dhe p\u00ebrpjekje \u00ebsht\u00eb duke u p\u00ebrgatitur dokumentacioni p\u00ebr hapjen e shkoll\u00ebs s\u00eb mesme, n\u00eb m\u00ebnyr\u00eb q\u00eb nx\u00ebn\u00ebsit t\u00eb cil\u00ebt po p\u00ebrfundojn\u00eb sivjet klas\u00ebn e n\u00ebnt\u00eb t\u00eb vijojn\u00eb studimet n\u00eb po t\u00eb nj\u00ebjt\u00ebn shkoll\u00eb vitin e ardhsh\u00ebm. Nj\u00eb prej element\u00ebve m\u00eb t\u00eb ve\u00e7ant\u00eb funksional\u00eb q\u00eb e dallon k\u00ebt\u00eb shkoll\u00eb \u00ebsht\u00eb shkalla e emergjenc\u00ebs si mas\u00eb mbrojt\u00ebse ndaj f\u00ebmij\u00ebve n\u00eb raste fatkeq\u00ebsish, gj\u00eb q\u00eb nuk ekziston n\u00eb asnj\u00eb shkoll\u00eb tjet\u00ebr n\u00eb rang vendi. Nd\u00ebrkoh\u00eb q\u00eb sivjet ofrohet edhe nj\u00eb sh\u00ebrbim i ri, faqja e re e internetit e k\u00ebsaj shkolle ku mund t\u00eb gjenden t\u00eb gjitha informacionet e nevojshme <\/span><\/span><\/span><span style=\"font-family: tahoma,geneva,sans-serif;\"><span style=\"font-size: 12px;\"><a href=\"http:\/\/www.protagonistschool.org\/\"><span style=\"color: #000000;\">www.protagonistschool.org<\/span><\/a><\/span><\/span><span style=\"color: #000000;\"><span style=\"font-family: tahoma,geneva,sans-serif;\"><span style=\"font-size: 12px;\">.<\/span><\/span><\/span><\/div>\n<div class=\"style8\" style=\"text-align: justify;\">&nbsp;<\/div>\n<div class=\"style8\"><span style=\"color: #000000;\"><span style=\"font-family: tahoma,geneva,sans-serif;\"><span style=\"font-size: 12px;\"><strong><em><img decoding=\"async\" class=\"lazyload HAa Eha\" style=\"border-width: 1px; border-style: solid; margin: 10px; float: left; width: 300px; height: 225px;\" alt=\"\" src=\"data:image\/gif;base64,R0lGODlhAQABAAAAACH5BAEKAAEALAAAAAABAAEAAAICTAEAOw==\" data-orig-src=\"https:\/\/lh4.googleusercontent.com\/-Atw9zroDNls\/U_7vilEZMsI\/AAAAAAAABnU\/EgFxS-pCSSg\/w400-h300-no\/albgrdur.jpg\" \/><\/em><\/strong><\/span><\/span><\/span><\/div>\n<div class=\"style8\">&nbsp;<\/div>\n<div class=\"style8\">&nbsp;<\/div>\n<div class=\"style8\" style=\"text-align: justify;\"><span style=\"color: #000000;\"><span style=\"font-family: tahoma,geneva,sans-serif;\"><span style=\"font-size: 12px;\"><strong><em>&nbsp;&nbsp;&nbsp; Shkolla 9-vje\u00e7are shqiptaro-greke \u201cFrym\u00eb dashurie\u201d, Durr\u00ebs <\/em><\/strong>edhe k\u00ebt\u00eb vit t\u00eb ri shkollor do t\u00eb vijoj\u00eb t\u00eb shfaq\u00eb reputacionin e mir\u00eb. Drejtori Kristaq Mile na tregoi se stafi pedagogjik ka qen\u00eb n\u00eb gadishm\u00ebri p\u00ebr t\u00eb plot\u00ebsuar t\u00eb gjitha nevojat e nx\u00ebn\u00ebsve. N\u00eb gjasht\u00eb klasat e k\u00ebsaj shkolle jan\u00eb ulur mbi 100 nx\u00ebn\u00ebs, t\u00eb cil\u00ebt gjenden p\u00ebrball\u00eb nj\u00eb stafi mjaft t\u00eb kualifikuar. Kisha ka siguruar baz\u00ebn didaktike dhe m\u00ebsimore, nd\u00ebrsa nx\u00ebn\u00ebsit jan\u00eb pajisur me t\u00eb gjith\u00eb librat. Q\u00eb n\u00eb dit\u00ebn e par\u00eb t\u00eb m\u00ebsimit nisi me rigorozitet realizimi i programin m\u00ebsimor.<\/span><\/span><\/span><\/div>\n<div class=\"style8\">&nbsp;<\/div>\n<div class=\"style8\">&nbsp;<\/div>\n<div class=\"style8\">&nbsp;<\/div>\n<div class=\"style8\"><span style=\"color: #000000;\"><span style=\"font-family: tahoma,geneva,sans-serif;\"><span style=\"font-size: 12px;\"><strong><em><img decoding=\"async\" class=\"lazyload HAa Eha\" style=\"width: 300px; border-width: 1px; border-style: solid; margin: 10px; float: left; height: 208px;\" alt=\"\" src=\"data:image\/gif;base64,R0lGODlhAQABAAAAACH5BAEKAAEALAAAAAABAAEAAAICTAEAOw==\" data-orig-src=\"https:\/\/lh5.googleusercontent.com\/-QRrCkOmxoAg\/U_7vi6woXbI\/AAAAAAAABnQ\/VkJrwEaamGs\/w488-h338-no\/Foto%2B2.JPG\" \/><\/em><\/strong><\/span><\/span><\/span><\/div>\n<div class=\"style8\">&nbsp;<\/div>\n<div class=\"style8\" style=\"text-align: justify;\">&nbsp;<\/div>\n<div class=\"style8\" style=\"text-align: justify;\"><span style=\"color: #000000;\"><span style=\"font-family: tahoma,geneva,sans-serif;\"><span style=\"font-size: 12px;\"><strong><em>&nbsp;&nbsp;&nbsp; Shkolla 9-vje\u00e7are shqiptaro-greke \u201cFrym\u00eb dashurie\u201d, Gjirokast\u00ebr <\/em><\/strong>ka hapur sivjet tre klasa me nga dy paralele, dhe ka n\u00eb p\u00ebrb\u00ebrje t\u00eb saj rreth 70 nx\u00ebn\u00ebs. E vendosur pran\u00eb ambjenteve t\u00eb Mitropolis\u00eb, nx\u00ebn\u00ebsit e vegj\u00ebl po ndjekin m\u00ebsimet, duke m\u00ebsuar gjithashtu edhe gjuh\u00eb t\u00eb huaja dhe informatik\u00eb. Gjat\u00eb bised\u00ebs me nj\u00eb prej drejtueseve t\u00eb shkoll\u00ebs, znj. Zaharulla \u00c7uri m\u00ebsuam se \u00ebsht\u00eb siguruar gjith\u00e7ka e nevojshme q\u00eb fillimi i shkoll\u00ebs t\u2019i gjente m\u00ebsuesit dhe nx\u00ebn\u00ebsit me kushtet m\u00eb bashk\u00ebkohore p\u00ebr t\u00eb zhvilluar m\u00ebsim cil\u00ebsor dhe p\u00ebrvet\u00ebsim serioz t\u00eb dijeve.<\/span><\/span><\/span><\/div>\n<div class=\"style8\">&nbsp;<\/div>\n<div class=\"style8\">&nbsp;<\/div>\n<div class=\"style8\">&nbsp;<\/div>\n<div class=\"style8\" style=\"text-align: justify;\">&nbsp;&nbsp;<span style=\"color: #000000;\"><span style=\"font-family: tahoma,geneva,sans-serif;\"><span style=\"font-size: 12px;\"><strong><em>&nbsp; &nbsp; Shkolla e Mesme Kishtare, \u201cKryqi i Nderuar\u201d n\u00eb&nbsp; Sukth t\u00eb Durr\u00ebsit <\/em><\/strong>\u00e7eli dyert e saj me pretendimin p\u00ebr t\u00eb p\u00ebrgatitur nx\u00ebn\u00ebs t\u00eb aft\u00eb p\u00ebr Kish\u00ebn dhe shoq\u00ebrin\u00eb. Drejtori Niko P\u00ebrdhiku tha: \u201cKjo shkoll\u00eb do nxjerr\u00eb nx\u00ebn\u00ebs jo vet\u00ebm p\u00ebr universitetet publike, por edhe p\u00ebr shkoll\u00ebn theologjike q\u00eb ata t\u00eb dalin njer\u00ebz t\u00eb aft\u00eb n\u00eb jet\u00eb, por t\u00eb jen\u00eb edhe pran\u00eb Kish\u00ebs\u201d. Pas zhvillimit t\u00eb konkursit n\u00eb klas\u00ebn e n\u00ebnt\u00eb u pranuar 10 nx\u00ebn\u00ebs, t\u00eb cil\u00ebt premtojn\u00eb shum\u00eb me dijet dhe angazhimin e tyre. Ata vijn\u00eb nga disa enori t\u00eb Kish\u00ebs son\u00eb, nd\u00ebrkoh\u00eb q\u00eb t\u00eb gjitha kushtet p\u00ebr baz\u00ebn didaktike dhe konviktin jan\u00eb optimale . &nbsp;<\/span><\/span><\/span><\/div>\n<div class=\"style8\" style=\"text-align: justify;\">&nbsp;<\/div>\n<div class=\"style8\"><span style=\"color: #000000;\"><span style=\"font-family: tahoma,geneva,sans-serif;\"><span style=\"font-size: 12px;\"><strong><em><img decoding=\"async\" class=\"lazyload HAa Eha\" style=\"border-width: 1px; border-style: solid; margin: 10px; float: left; width: 300px; height: 215px;\" alt=\"\" src=\"data:image\/gif;base64,R0lGODlhAQABAAAAACH5BAEKAAEALAAAAAABAAEAAAICTAEAOw==\" data-orig-src=\"https:\/\/lh6.googleusercontent.com\/-qXSLfHPnbkk\/U_7vjb2xwNI\/AAAAAAAABnI\/4UOIh6YijkM\/w488-h350-no\/gjiroshkoll.jpg\" \/><\/em><\/strong><\/span><\/span><\/span><\/div>\n<div class=\"style8\" style=\"text-align: justify;\">&nbsp;<\/div>\n<div class=\"style8\" style=\"text-align: justify;\"><span style=\"color: #000000;\"><span style=\"font-family: tahoma,geneva,sans-serif;\"><span style=\"font-size: 12px;\"><strong><em>&nbsp;&nbsp; Shkolla e Mesme Kishtare, \u201cKryqi i Nderuar\u201d, Gjirokast\u00ebr<\/em><\/strong> ka nisurnormalisht procesin m\u00ebsimor. N\u00ebbised\u00ebtelefonike me drejtorin Thanas Bejm\u00ebsuam se arritjet jan\u00eb t\u00eb dukshme n\u00eb t\u00eb gjitha drejtimet. T\u00eb rinjt\u00eb q\u00eb p\u00ebrfunduan shkoll\u00ebn vitin e shkuar dol\u00ebn me rezultate pozitive dhe do t\u00eb ndjekin studimet e larta brenda dhe jasht\u00eb vendit. Dit\u00ebn e par\u00eb t\u00eb fillimit t\u00eb vitit t\u00eb ri shkollor u krye Sh\u00ebrbesa e Ajazm\u00ebs nga Mitropoliti Dhimit\u00ebr. Gjithashtu ai realizoi nj\u00eb takim me prind\u00ebrit, nd\u00ebrsa nx\u00ebn\u00ebsit dhan\u00eb nj\u00eb program me k\u00ebng\u00eb dhe recitime. \u201cM\u00ebsimi ka nisur me sukses, nx\u00ebn\u00ebsit jan\u00eb ambjentuar me shkoll\u00ebn dhe konviktin\u201d- n\u00ebnvizoi Bej. Shkolla vler\u00ebsohet p\u00ebr cil\u00ebsin\u00eb, duke u renditur nd\u00ebr m\u00eb t\u00eb mirat n\u00eb rajonin jugor.&nbsp;<\/span><\/span><\/span><\/div>\n<div class=\"style8\">&nbsp;<\/div>\n<div class=\"style8\">&nbsp;<\/div>\n<div class=\"style8\"><span style=\"color: #000000;\"><span style=\"font-family: tahoma,geneva,sans-serif;\"><span style=\"font-size: 12px;\"><strong><em><img decoding=\"async\" class=\"lazyload HAa Eha\" style=\"border-width: 1px; border-style: solid; margin: 10px; float: left; width: 300px; height: 215px;\" alt=\"\" src=\"data:image\/gif;base64,R0lGODlhAQABAAAAACH5BAEKAAEALAAAAAABAAEAAAICTAEAOw==\" data-orig-src=\"https:\/\/lh5.googleusercontent.com\/-0RKURxlp2w8\/U_7vjk3JU2I\/AAAAAAAABnY\/rG1XD_0VTIw\/w488-h349-no\/mesopotam.jpg\" \/><\/em><\/strong><\/span><\/span><\/span><\/div>\n<div class=\"style8\">&nbsp;<\/div>\n<div class=\"style8\" style=\"text-align: justify;\"><span style=\"color: #000000;\"><span style=\"font-family: tahoma,geneva,sans-serif;\"><span style=\"font-size: 12px;\"><strong><em>&nbsp;&nbsp;&nbsp; Shkolla e Mesme Teknike \u201cApostull Pavli\u201d n\u00eb &nbsp;Mesopotam t\u00eb Sarand\u00ebs <\/em><\/strong>kahapur sivjet deg\u00ebn e re\u201cSh\u00ebrbime sh\u00ebndet\u00ebsore dhe sociale\u201d. Sipas drejtorit Thoma Dalla ka pasur interes t\u00eb madh p\u00ebr t\u00eb gjitha deg\u00ebt, sepse n\u00eb p\u00ebrfundim t\u00eb shkoll\u00ebs nx\u00ebn\u00ebsit sigurojn\u00eb menj\u00ebher\u00eb pun\u00eb. Ai shtoi se vitin q\u00eb kaloi diplomimi u krye m\u00eb 23 qershor dhe t\u00eb nes\u00ebrmen disa prej tyre nis\u00ebn pun\u00ebn n\u00eb hidrocentralin e Bistric\u00ebs, nd\u00ebrkoh\u00eb q\u00eb t\u00eb tjer\u00ebt u pun\u00ebsuan n\u00eb institucione t\u00eb tjera. Fillimin e k\u00ebtij viti t\u00eb ri arsimor e bekoi Mitropoli i Gjirokastr\u00ebs, Hir\u00ebsi Dhimitri, i cili nd\u00ebr t\u00eb tjera tha: \u201cJeni shum\u00eb t\u00eb bekuar nga Per\u00ebndia q\u00eb keni nj\u00eb dhurat\u00eb t\u00ebtill\u00eb nga Kryepiskopi, si\u00e7 \u00ebsht\u00eb shkolla juaj me kushte kaq t\u00eb mira dhe laborator\u00eb nga m\u00eb bashk\u00ebkohor\u00ebt. Ju duhet t\u00eb dilni me rezultate t\u00eb mira q\u00eb t\u00eb ndihmoni n\u00eb zhvillimin e shoq\u00ebris\u00eb. Bashk\u00ebpunoni m\u00eb shum\u00eb me m\u00ebsuesit q\u00eb t\u00eb b\u00ebheni njer\u00ebz t\u00eb aft\u00eb\u201d \u2013 theksoi ai. N\u00eb k\u00ebt\u00eb shkoll\u00eb, sivjet \u00ebsht\u00eb b\u00ebr\u00eb ndryshimi i sistemit arsimor nga tre n\u00eb kat\u00ebr vje\u00e7ar, sipas programit t\u00eb miratuar nga Ministria e Arsimit. Nx\u00ebn\u00ebsit vijn\u00eb kryesisht nga tri rrethe, Sarand\u00eb-Delvin\u00eb-Gjirokast\u00ebr dhe zonat p\u00ebrreth.<\/span><\/span><\/span><\/div>\n<div class=\"style8\">&nbsp;<\/div>\n<div class=\"style8\">&nbsp;<\/div>\n<div class=\"style8\"><span style=\"color: #000000;\"><span style=\"font-family: tahoma,geneva,sans-serif;\"><span style=\"font-size: 12px;\"><strong>Isidor Koti<\/strong><\/span><\/span><\/span><\/div>\n<\/div>\n<p><span style=\"display: none;\"><\/span><span id=\"cke_bm_340E\" style=\"display: none;\"><\/span><\/p>\n","protected":false},"excerpt":{"rendered":"<p>M\u00eb 6 shtator nisi viti i ri arsimor 2010-2011 &nbsp; &nbsp;&nbsp;&nbsp; Nisjes s\u00eb vitit t\u00eb ri shkollor 2010-2011, n\u00eb shkollat 9-vje\u00e7are dhe t\u00eb mesme t\u00eb Kish\u00ebs son\u00eb i dha bekim dit\u00ebn e par\u00eb kryerja e Sh\u00ebrbes\u00ebs s\u00eb Ajazm\u00ebs. Me qindra nx\u00ebn\u00ebs dhe m\u00ebsues p\u00ebrsh\u00ebndet\u00ebn 6 shtatorin, si nj\u00eb fillim i r\u00ebnd\u00ebsish\u00ebm n\u00eb rrug\u00ebn e gjat\u00eb dhe plot sfida t\u00eb dijes. Institucionet arsimore t\u00eb Kish\u00ebs edhe<\/p>\n","protected":false},"author":1,"featured_media":0,"comment_status":"open","ping_status":"open","sticky":false,"template":"","format":"standard","meta":{"_acf_changed":false,"pagelayer_contact_templates":[],"_pagelayer_content":"","inline_featured_image":false,"fifu_image_url":"","fifu_image_alt":"","footnotes":""},"categories":[108],"tags":[144,175,196,212],"class_list":["post-1182","post","type-post","status-publish","format-standard","hentry","category-lajme","tag-144","tag-institucione-parashkollore-te-kishes-orthodhokse","tag-tirane","tag-lajme-d27"],"acf":[],"yoast_head":"<!-- This site is optimized with the Yoast SEO plugin v27.2 - https:\/\/yoast.com\/product\/yoast-seo-wordpress\/ -->\n<title>Risi dhe zhvillim n\u00eb shkollat e Kish\u00ebs son\u00eb. (Shtator 2010) - Kisha Orthodh\u03bfkse Autoqefale e Shqip\u00ebris\u00eb<\/title>\n<meta name=\"robots\" content=\"index, follow, max-snippet:-1, max-image-preview:large, max-video-preview:-1\" \/>\n<link rel=\"canonical\" href=\"https:\/\/orthodoxalbania.org\/2020\/2013\/03\/20\/risi-dhe-zhvillim-ne-shkollat-e-kishes-sone\/\" \/>\n<meta property=\"og:locale\" content=\"en_US\" \/>\n<meta property=\"og:type\" content=\"article\" \/>\n<meta property=\"og:title\" content=\"Risi dhe zhvillim n\u00eb shkollat e Kish\u00ebs son\u00eb. (Shtator 2010) - Kisha Orthodh\u03bfkse Autoqefale e Shqip\u00ebris\u00eb\" \/>\n<meta property=\"og:description\" content=\"M\u00eb 6 shtator nisi viti i ri arsimor 2010-2011 &nbsp; &nbsp;&nbsp;&nbsp; Nisjes s\u00eb vitit t\u00eb ri shkollor 2010-2011, n\u00eb shkollat 9-vje\u00e7are dhe t\u00eb mesme t\u00eb Kish\u00ebs son\u00eb i dha bekim dit\u00ebn e par\u00eb kryerja e Sh\u00ebrbes\u00ebs s\u00eb Ajazm\u00ebs. Me qindra nx\u00ebn\u00ebs dhe m\u00ebsues p\u00ebrsh\u00ebndet\u00ebn 6 shtatorin, si nj\u00eb fillim i r\u00ebnd\u00ebsish\u00ebm n\u00eb rrug\u00ebn e gjat\u00eb dhe plot sfida t\u00eb dijes. Institucionet arsimore t\u00eb Kish\u00ebs edhe\" \/>\n<meta property=\"og:url\" content=\"https:\/\/orthodoxalbania.org\/2020\/2013\/03\/20\/risi-dhe-zhvillim-ne-shkollat-e-kishes-sone\/\" \/>\n<meta property=\"og:site_name\" content=\"Kisha Orthodh\u03bfkse Autoqefale e Shqip\u00ebris\u00eb\" \/>\n<meta property=\"article:publisher\" content=\"https:\/\/www.facebook.com\/koash1991\" \/>\n<meta property=\"article:published_time\" content=\"2013-03-20T12:57:09+00:00\" \/>\n<meta property=\"article:modified_time\" content=\"2020-04-06T20:32:22+00:00\" \/>\n<meta property=\"og:image\" content=\"https:\/\/lh6.googleusercontent.com\/-v9zxKG4RLSo\/U_7vi-ZSGOI\/AAAAAAAABnE\/hzs4VqskOdk\/w958-h719-no\/Protagonistet.JPG\" \/>\n<meta name=\"author\" content=\"Kisha Orthodhokse\" \/>\n<meta name=\"twitter:card\" content=\"summary_large_image\" \/>\n<meta name=\"twitter:label1\" content=\"Written by\" \/>\n\t<meta name=\"twitter:data1\" content=\"Kisha Orthodhokse\" \/>\n\t<meta name=\"twitter:label2\" content=\"Est. reading time\" \/>\n\t<meta name=\"twitter:data2\" content=\"6 minutes\" \/>\n<script type=\"application\/ld+json\" class=\"yoast-schema-graph\">{\"@context\":\"https:\/\/schema.org\",\"@graph\":[{\"@type\":\"Article\",\"@id\":\"https:\/\/orthodoxalbania.org\/2020\/2013\/03\/20\/risi-dhe-zhvillim-ne-shkollat-e-kishes-sone\/#article\",\"isPartOf\":{\"@id\":\"https:\/\/orthodoxalbania.org\/2020\/2013\/03\/20\/risi-dhe-zhvillim-ne-shkollat-e-kishes-sone\/\"},\"author\":{\"name\":\"Kisha Orthodhokse\",\"@id\":\"https:\/\/orthodoxalbania.org\/2020\/#\/schema\/person\/0c387634a7063ac612d7ed9ce71c7e86\"},\"headline\":\"Risi dhe zhvillim n\u00eb shkollat e Kish\u00ebs son\u00eb. (Shtator 2010)\",\"datePublished\":\"2013-03-20T12:57:09+00:00\",\"dateModified\":\"2020-04-06T20:32:22+00:00\",\"mainEntityOfPage\":{\"@id\":\"https:\/\/orthodoxalbania.org\/2020\/2013\/03\/20\/risi-dhe-zhvillim-ne-shkollat-e-kishes-sone\/\"},\"wordCount\":1142,\"commentCount\":0,\"publisher\":{\"@id\":\"https:\/\/orthodoxalbania.org\/2020\/#organization\"},\"image\":{\"@id\":\"https:\/\/orthodoxalbania.org\/2020\/2013\/03\/20\/risi-dhe-zhvillim-ne-shkollat-e-kishes-sone\/#primaryimage\"},\"thumbnailUrl\":\"https:\/\/lh6.googleusercontent.com\/-v9zxKG4RLSo\/U_7vi-ZSGOI\/AAAAAAAABnE\/hzs4VqskOdk\/w958-h719-no\/Protagonistet.JPG\",\"keywords\":[\"2010\",\"Institucione Parashkollore t\u00eb Kish\u00ebs Orthodhokse\",\"Kryepiskopata Tiran\u00eb\",\"lajme\"],\"articleSection\":[\"Lajme\"],\"inLanguage\":\"en-US\"},{\"@type\":\"WebPage\",\"@id\":\"https:\/\/orthodoxalbania.org\/2020\/2013\/03\/20\/risi-dhe-zhvillim-ne-shkollat-e-kishes-sone\/\",\"url\":\"https:\/\/orthodoxalbania.org\/2020\/2013\/03\/20\/risi-dhe-zhvillim-ne-shkollat-e-kishes-sone\/\",\"name\":\"Risi dhe zhvillim n\u00eb shkollat e Kish\u00ebs son\u00eb. (Shtator 2010) - Kisha Orthodh\u03bfkse Autoqefale e Shqip\u00ebris\u00eb\",\"isPartOf\":{\"@id\":\"https:\/\/orthodoxalbania.org\/2020\/#website\"},\"primaryImageOfPage\":{\"@id\":\"https:\/\/orthodoxalbania.org\/2020\/2013\/03\/20\/risi-dhe-zhvillim-ne-shkollat-e-kishes-sone\/#primaryimage\"},\"image\":{\"@id\":\"https:\/\/orthodoxalbania.org\/2020\/2013\/03\/20\/risi-dhe-zhvillim-ne-shkollat-e-kishes-sone\/#primaryimage\"},\"thumbnailUrl\":\"https:\/\/lh6.googleusercontent.com\/-v9zxKG4RLSo\/U_7vi-ZSGOI\/AAAAAAAABnE\/hzs4VqskOdk\/w958-h719-no\/Protagonistet.JPG\",\"datePublished\":\"2013-03-20T12:57:09+00:00\",\"dateModified\":\"2020-04-06T20:32:22+00:00\",\"breadcrumb\":{\"@id\":\"https:\/\/orthodoxalbania.org\/2020\/2013\/03\/20\/risi-dhe-zhvillim-ne-shkollat-e-kishes-sone\/#breadcrumb\"},\"inLanguage\":\"en-US\",\"potentialAction\":[{\"@type\":\"ReadAction\",\"target\":[\"https:\/\/orthodoxalbania.org\/2020\/2013\/03\/20\/risi-dhe-zhvillim-ne-shkollat-e-kishes-sone\/\"]}]},{\"@type\":\"ImageObject\",\"inLanguage\":\"en-US\",\"@id\":\"https:\/\/orthodoxalbania.org\/2020\/2013\/03\/20\/risi-dhe-zhvillim-ne-shkollat-e-kishes-sone\/#primaryimage\",\"url\":\"https:\/\/lh6.googleusercontent.com\/-v9zxKG4RLSo\/U_7vi-ZSGOI\/AAAAAAAABnE\/hzs4VqskOdk\/w958-h719-no\/Protagonistet.JPG\",\"contentUrl\":\"https:\/\/lh6.googleusercontent.com\/-v9zxKG4RLSo\/U_7vi-ZSGOI\/AAAAAAAABnE\/hzs4VqskOdk\/w958-h719-no\/Protagonistet.JPG\"},{\"@type\":\"BreadcrumbList\",\"@id\":\"https:\/\/orthodoxalbania.org\/2020\/2013\/03\/20\/risi-dhe-zhvillim-ne-shkollat-e-kishes-sone\/#breadcrumb\",\"itemListElement\":[{\"@type\":\"ListItem\",\"position\":1,\"name\":\"Home\",\"item\":\"https:\/\/orthodoxalbania.org\/2020\/\"},{\"@type\":\"ListItem\",\"position\":2,\"name\":\"Risi dhe zhvillim n\u00eb shkollat e Kish\u00ebs son\u00eb. (Shtator 2010)\"}]},{\"@type\":\"WebSite\",\"@id\":\"https:\/\/orthodoxalbania.org\/2020\/#website\",\"url\":\"https:\/\/orthodoxalbania.org\/2020\/\",\"name\":\"Kisha Orthodh\u03bfkse Autoqefale e Shqip\u00ebris\u00eb\",\"description\":\"Fqja Zyrtare e Kish\u00ebs Orthodhokse Autoqefale e Shqip\u00ebris\u00eb me lajmet edhe informacionet zyrtare p\u00ebr struktur\u00ebn edhe veprimtarin e saj.\",\"publisher\":{\"@id\":\"https:\/\/orthodoxalbania.org\/2020\/#organization\"},\"potentialAction\":[{\"@type\":\"SearchAction\",\"target\":{\"@type\":\"EntryPoint\",\"urlTemplate\":\"https:\/\/orthodoxalbania.org\/2020\/?s={search_term_string}\"},\"query-input\":{\"@type\":\"PropertyValueSpecification\",\"valueRequired\":true,\"valueName\":\"search_term_string\"}}],\"inLanguage\":\"en-US\"},{\"@type\":\"Organization\",\"@id\":\"https:\/\/orthodoxalbania.org\/2020\/#organization\",\"name\":\"Kisha Orthodhokse Autoqefale e Shqip\u00ebris\u00eb\",\"url\":\"https:\/\/orthodoxalbania.org\/2020\/\",\"logo\":{\"@type\":\"ImageObject\",\"inLanguage\":\"en-US\",\"@id\":\"https:\/\/orthodoxalbania.org\/2020\/#\/schema\/logo\/image\/\",\"url\":\"https:\/\/orthodoxalbania.org\/2020\/wp-content\/uploads\/2020\/05\/albania.jpeg\",\"contentUrl\":\"https:\/\/orthodoxalbania.org\/2020\/wp-content\/uploads\/2020\/05\/albania.jpeg\",\"width\":540,\"height\":540,\"caption\":\"Kisha Orthodhokse Autoqefale e Shqip\u00ebris\u00eb\"},\"image\":{\"@id\":\"https:\/\/orthodoxalbania.org\/2020\/#\/schema\/logo\/image\/\"},\"sameAs\":[\"https:\/\/www.facebook.com\/koash1991\"]},{\"@type\":\"Person\",\"@id\":\"https:\/\/orthodoxalbania.org\/2020\/#\/schema\/person\/0c387634a7063ac612d7ed9ce71c7e86\",\"name\":\"Kisha Orthodhokse\",\"image\":{\"@type\":\"ImageObject\",\"inLanguage\":\"en-US\",\"@id\":\"https:\/\/secure.gravatar.com\/avatar\/596e7c417251e30f2fbb9c00e026fce61a695a00e51c889caded71c96cbbdde5?s=96&d=mm&r=g\",\"url\":\"https:\/\/secure.gravatar.com\/avatar\/596e7c417251e30f2fbb9c00e026fce61a695a00e51c889caded71c96cbbdde5?s=96&d=mm&r=g\",\"contentUrl\":\"https:\/\/secure.gravatar.com\/avatar\/596e7c417251e30f2fbb9c00e026fce61a695a00e51c889caded71c96cbbdde5?s=96&d=mm&r=g\",\"caption\":\"Kisha Orthodhokse\"}}]}<\/script>\n<!-- \/ Yoast SEO plugin. -->","yoast_head_json":{"title":"Risi dhe zhvillim n\u00eb shkollat e Kish\u00ebs son\u00eb. (Shtator 2010) - Kisha Orthodh\u03bfkse Autoqefale e Shqip\u00ebris\u00eb","robots":{"index":"index","follow":"follow","max-snippet":"max-snippet:-1","max-image-preview":"max-image-preview:large","max-video-preview":"max-video-preview:-1"},"canonical":"https:\/\/orthodoxalbania.org\/2020\/2013\/03\/20\/risi-dhe-zhvillim-ne-shkollat-e-kishes-sone\/","og_locale":"en_US","og_type":"article","og_title":"Risi dhe zhvillim n\u00eb shkollat e Kish\u00ebs son\u00eb. (Shtator 2010) - Kisha Orthodh\u03bfkse Autoqefale e Shqip\u00ebris\u00eb","og_description":"M\u00eb 6 shtator nisi viti i ri arsimor 2010-2011 &nbsp; &nbsp;&nbsp;&nbsp; Nisjes s\u00eb vitit t\u00eb ri shkollor 2010-2011, n\u00eb shkollat 9-vje\u00e7are dhe t\u00eb mesme t\u00eb Kish\u00ebs son\u00eb i dha bekim dit\u00ebn e par\u00eb kryerja e Sh\u00ebrbes\u00ebs s\u00eb Ajazm\u00ebs. Me qindra nx\u00ebn\u00ebs dhe m\u00ebsues p\u00ebrsh\u00ebndet\u00ebn 6 shtatorin, si nj\u00eb fillim i r\u00ebnd\u00ebsish\u00ebm n\u00eb rrug\u00ebn e gjat\u00eb dhe plot sfida t\u00eb dijes. Institucionet arsimore t\u00eb Kish\u00ebs edhe","og_url":"https:\/\/orthodoxalbania.org\/2020\/2013\/03\/20\/risi-dhe-zhvillim-ne-shkollat-e-kishes-sone\/","og_site_name":"Kisha Orthodh\u03bfkse Autoqefale e Shqip\u00ebris\u00eb","article_publisher":"https:\/\/www.facebook.com\/koash1991","article_published_time":"2013-03-20T12:57:09+00:00","article_modified_time":"2020-04-06T20:32:22+00:00","og_image":[{"url":"https:\/\/lh6.googleusercontent.com\/-v9zxKG4RLSo\/U_7vi-ZSGOI\/AAAAAAAABnE\/hzs4VqskOdk\/w958-h719-no\/Protagonistet.JPG","type":"","width":"","height":""}],"author":"Kisha Orthodhokse","twitter_card":"summary_large_image","twitter_misc":{"Written by":"Kisha Orthodhokse","Est. reading time":"6 minutes"},"schema":{"@context":"https:\/\/schema.org","@graph":[{"@type":"Article","@id":"https:\/\/orthodoxalbania.org\/2020\/2013\/03\/20\/risi-dhe-zhvillim-ne-shkollat-e-kishes-sone\/#article","isPartOf":{"@id":"https:\/\/orthodoxalbania.org\/2020\/2013\/03\/20\/risi-dhe-zhvillim-ne-shkollat-e-kishes-sone\/"},"author":{"name":"Kisha Orthodhokse","@id":"https:\/\/orthodoxalbania.org\/2020\/#\/schema\/person\/0c387634a7063ac612d7ed9ce71c7e86"},"headline":"Risi dhe zhvillim n\u00eb shkollat e Kish\u00ebs son\u00eb. (Shtator 2010)","datePublished":"2013-03-20T12:57:09+00:00","dateModified":"2020-04-06T20:32:22+00:00","mainEntityOfPage":{"@id":"https:\/\/orthodoxalbania.org\/2020\/2013\/03\/20\/risi-dhe-zhvillim-ne-shkollat-e-kishes-sone\/"},"wordCount":1142,"commentCount":0,"publisher":{"@id":"https:\/\/orthodoxalbania.org\/2020\/#organization"},"image":{"@id":"https:\/\/orthodoxalbania.org\/2020\/2013\/03\/20\/risi-dhe-zhvillim-ne-shkollat-e-kishes-sone\/#primaryimage"},"thumbnailUrl":"https:\/\/lh6.googleusercontent.com\/-v9zxKG4RLSo\/U_7vi-ZSGOI\/AAAAAAAABnE\/hzs4VqskOdk\/w958-h719-no\/Protagonistet.JPG","keywords":["2010","Institucione Parashkollore t\u00eb Kish\u00ebs Orthodhokse","Kryepiskopata Tiran\u00eb","lajme"],"articleSection":["Lajme"],"inLanguage":"en-US"},{"@type":"WebPage","@id":"https:\/\/orthodoxalbania.org\/2020\/2013\/03\/20\/risi-dhe-zhvillim-ne-shkollat-e-kishes-sone\/","url":"https:\/\/orthodoxalbania.org\/2020\/2013\/03\/20\/risi-dhe-zhvillim-ne-shkollat-e-kishes-sone\/","name":"Risi dhe zhvillim n\u00eb shkollat e Kish\u00ebs son\u00eb. (Shtator 2010) - Kisha Orthodh\u03bfkse Autoqefale e Shqip\u00ebris\u00eb","isPartOf":{"@id":"https:\/\/orthodoxalbania.org\/2020\/#website"},"primaryImageOfPage":{"@id":"https:\/\/orthodoxalbania.org\/2020\/2013\/03\/20\/risi-dhe-zhvillim-ne-shkollat-e-kishes-sone\/#primaryimage"},"image":{"@id":"https:\/\/orthodoxalbania.org\/2020\/2013\/03\/20\/risi-dhe-zhvillim-ne-shkollat-e-kishes-sone\/#primaryimage"},"thumbnailUrl":"https:\/\/lh6.googleusercontent.com\/-v9zxKG4RLSo\/U_7vi-ZSGOI\/AAAAAAAABnE\/hzs4VqskOdk\/w958-h719-no\/Protagonistet.JPG","datePublished":"2013-03-20T12:57:09+00:00","dateModified":"2020-04-06T20:32:22+00:00","breadcrumb":{"@id":"https:\/\/orthodoxalbania.org\/2020\/2013\/03\/20\/risi-dhe-zhvillim-ne-shkollat-e-kishes-sone\/#breadcrumb"},"inLanguage":"en-US","potentialAction":[{"@type":"ReadAction","target":["https:\/\/orthodoxalbania.org\/2020\/2013\/03\/20\/risi-dhe-zhvillim-ne-shkollat-e-kishes-sone\/"]}]},{"@type":"ImageObject","inLanguage":"en-US","@id":"https:\/\/orthodoxalbania.org\/2020\/2013\/03\/20\/risi-dhe-zhvillim-ne-shkollat-e-kishes-sone\/#primaryimage","url":"https:\/\/lh6.googleusercontent.com\/-v9zxKG4RLSo\/U_7vi-ZSGOI\/AAAAAAAABnE\/hzs4VqskOdk\/w958-h719-no\/Protagonistet.JPG","contentUrl":"https:\/\/lh6.googleusercontent.com\/-v9zxKG4RLSo\/U_7vi-ZSGOI\/AAAAAAAABnE\/hzs4VqskOdk\/w958-h719-no\/Protagonistet.JPG"},{"@type":"BreadcrumbList","@id":"https:\/\/orthodoxalbania.org\/2020\/2013\/03\/20\/risi-dhe-zhvillim-ne-shkollat-e-kishes-sone\/#breadcrumb","itemListElement":[{"@type":"ListItem","position":1,"name":"Home","item":"https:\/\/orthodoxalbania.org\/2020\/"},{"@type":"ListItem","position":2,"name":"Risi dhe zhvillim n\u00eb shkollat e Kish\u00ebs son\u00eb. (Shtator 2010)"}]},{"@type":"WebSite","@id":"https:\/\/orthodoxalbania.org\/2020\/#website","url":"https:\/\/orthodoxalbania.org\/2020\/","name":"Kisha Orthodh\u03bfkse Autoqefale e Shqip\u00ebris\u00eb","description":"Fqja Zyrtare e Kish\u00ebs Orthodhokse Autoqefale e Shqip\u00ebris\u00eb me lajmet edhe informacionet zyrtare p\u00ebr struktur\u00ebn edhe veprimtarin e saj.","publisher":{"@id":"https:\/\/orthodoxalbania.org\/2020\/#organization"},"potentialAction":[{"@type":"SearchAction","target":{"@type":"EntryPoint","urlTemplate":"https:\/\/orthodoxalbania.org\/2020\/?s={search_term_string}"},"query-input":{"@type":"PropertyValueSpecification","valueRequired":true,"valueName":"search_term_string"}}],"inLanguage":"en-US"},{"@type":"Organization","@id":"https:\/\/orthodoxalbania.org\/2020\/#organization","name":"Kisha Orthodhokse Autoqefale e Shqip\u00ebris\u00eb","url":"https:\/\/orthodoxalbania.org\/2020\/","logo":{"@type":"ImageObject","inLanguage":"en-US","@id":"https:\/\/orthodoxalbania.org\/2020\/#\/schema\/logo\/image\/","url":"https:\/\/orthodoxalbania.org\/2020\/wp-content\/uploads\/2020\/05\/albania.jpeg","contentUrl":"https:\/\/orthodoxalbania.org\/2020\/wp-content\/uploads\/2020\/05\/albania.jpeg","width":540,"height":540,"caption":"Kisha Orthodhokse Autoqefale e Shqip\u00ebris\u00eb"},"image":{"@id":"https:\/\/orthodoxalbania.org\/2020\/#\/schema\/logo\/image\/"},"sameAs":["https:\/\/www.facebook.com\/koash1991"]},{"@type":"Person","@id":"https:\/\/orthodoxalbania.org\/2020\/#\/schema\/person\/0c387634a7063ac612d7ed9ce71c7e86","name":"Kisha Orthodhokse","image":{"@type":"ImageObject","inLanguage":"en-US","@id":"https:\/\/secure.gravatar.com\/avatar\/596e7c417251e30f2fbb9c00e026fce61a695a00e51c889caded71c96cbbdde5?s=96&d=mm&r=g","url":"https:\/\/secure.gravatar.com\/avatar\/596e7c417251e30f2fbb9c00e026fce61a695a00e51c889caded71c96cbbdde5?s=96&d=mm&r=g","contentUrl":"https:\/\/secure.gravatar.com\/avatar\/596e7c417251e30f2fbb9c00e026fce61a695a00e51c889caded71c96cbbdde5?s=96&d=mm&r=g","caption":"Kisha Orthodhokse"}}]}},"_links":{"self":[{"href":"https:\/\/orthodoxalbania.org\/2020\/wp-json\/wp\/v2\/posts\/1182","targetHints":{"allow":["GET"]}}],"collection":[{"href":"https:\/\/orthodoxalbania.org\/2020\/wp-json\/wp\/v2\/posts"}],"about":[{"href":"https:\/\/orthodoxalbania.org\/2020\/wp-json\/wp\/v2\/types\/post"}],"author":[{"embeddable":true,"href":"https:\/\/orthodoxalbania.org\/2020\/wp-json\/wp\/v2\/users\/1"}],"replies":[{"embeddable":true,"href":"https:\/\/orthodoxalbania.org\/2020\/wp-json\/wp\/v2\/comments?post=1182"}],"version-history":[{"count":1,"href":"https:\/\/orthodoxalbania.org\/2020\/wp-json\/wp\/v2\/posts\/1182\/revisions"}],"predecessor-version":[{"id":15477,"href":"https:\/\/orthodoxalbania.org\/2020\/wp-json\/wp\/v2\/posts\/1182\/revisions\/15477"}],"wp:attachment":[{"href":"https:\/\/orthodoxalbania.org\/2020\/wp-json\/wp\/v2\/media?parent=1182"}],"wp:term":[{"taxonomy":"category","embeddable":true,"href":"https:\/\/orthodoxalbania.org\/2020\/wp-json\/wp\/v2\/categories?post=1182"},{"taxonomy":"post_tag","embeddable":true,"href":"https:\/\/orthodoxalbania.org\/2020\/wp-json\/wp\/v2\/tags?post=1182"}],"curies":[{"name":"wp","href":"https:\/\/api.w.org\/{rel}","templated":true}]}}