{"id":1181,"date":"2013-03-20T12:49:13","date_gmt":"2013-03-20T12:49:13","guid":{"rendered":""},"modified":"2020-04-06T22:32:25","modified_gmt":"2020-04-06T20:32:25","slug":"risi-dhe-kontribute-te-vecanta-te-grave-orthodhokse","status":"publish","type":"post","link":"https:\/\/orthodoxalbania.org\/2020\/2013\/03\/20\/risi-dhe-kontribute-te-vecanta-te-grave-orthodhokse\/","title":{"rendered":"Risi dhe kontribute t\u00eb ve\u00e7anta t\u00eb grave orthodhokse. (Maj Qershor 2010)"},"content":{"rendered":"<div style=\"text-align: justify;\">&nbsp;<\/div>\n<table border=\"0\">\n<tbody>\n<tr>\n<td>\n<div class=\"style7\">\n<div class=\"style8\" style=\"text-align: justify;\"><span style=\"font-family: tahoma,geneva,sans-serif;\"><span style=\"font-size: 12px;\"><span style=\"color: #000000;\"><img decoding=\"async\" class=\"lazyload HAa Eha\" style=\"height: 243px; width: 320px; border-width: 1px; border-style: solid; margin: 10px; float: left;\" alt=\"\" src=\"data:image\/gif;base64,R0lGODlhAQABAAAAACH5BAEKAAEALAAAAAABAAEAAAICTAEAOw==\" data-orig-src=\"https:\/\/lh4.googleusercontent.com\/-Z80d4LpQPQM\/U_7fgXOHuLI\/AAAAAAAABi4\/1_2_AP3okuQ\/w373-h283-no\/1.jpg\" \/>&nbsp;&nbsp;&nbsp; Dy muajt e fundit (maj e qershor) para sezonit t\u00eb pushimeve soll\u00ebn nj\u00eb atmosfer\u00eb t\u00eb pasur aktivitetesh te grat\u00eb orthodhokse t\u00eb Kryeqytetit. Forcimi i ndjenj\u00ebs komunitare me n\u00eb qend\u00ebr Krishtin dhe dashurin\u00eb p\u00ebr nj\u00ebra-tjetr\u00ebn i kan\u00eb nxitur ato q\u00eb t\u00eb aktivizohen me ide t\u00eb reja dhe kontribute dometh\u00ebn\u00ebse.<\/span><\/span><\/span><\/div>\n<div class=\"style8\" style=\"text-align: justify;\"> <span style=\"font-family: tahoma,geneva,sans-serif;\"><span style=\"font-size: 12px;\"><span style=\"color: #000000;\">&nbsp;&nbsp;&nbsp; Me nism\u00ebn e Arqimandrit Astit dhe pedagogut t\u00eb muzik\u00ebs bizantine Harallamb Terziut, rreth 30 gra prej koh\u00ebsh kishte filluar m\u00ebsimi i himneve nga Liturgjia Hyjnore dhe Paraklisi i s\u00eb T\u00ebr\u00ebshenjt\u00ebs Mari. Ato krijuan nj\u00eb kor t\u00eb ve\u00e7ant\u00eb ku kan\u00eb spikatur disa z\u00ebra t\u00eb talentuar. Ky kor do t\u2019i ndihmoj\u00eb grat\u00eb q\u00eb n\u00eb aktivitete t\u00eb ndryshme t\u2019i psalin Zotit.<\/span><\/span><\/span><\/div>\n<div class=\"style8\" style=\"text-align: justify;\"> <span style=\"font-family: tahoma,geneva,sans-serif;\"><span style=\"font-size: 12px;\"><span style=\"color: #000000;\">&nbsp;&nbsp; Nj\u00eb prej veprimtarive t\u00eb spikatura n\u00eb fund t\u00eb muajit maj ishte pelegrinazhi n\u00eb kisha e manastire t\u00eb Elbasanit, Pogradecit e Kor\u00e7\u00ebs. Pelegrinazhi p\u00ebrfundoi me nj\u00eb agripni n\u00eb Manastirin \u201cFjetja e Sh\u00ebn Maris\u00eb\u201d n\u00eb Boboshtic\u00eb. Me grat\u00eb e Tiran\u00ebs u bashkuan n\u00eb lutje rreth 40 gra kor\u00e7are.<\/span><\/span><\/span><\/div>\n<div class=\"style8\" style=\"text-align: justify;\"><span style=\"font-family: tahoma,geneva,sans-serif;\"><span style=\"font-size: 12px;\"><span style=\"color: #000000;\"><img decoding=\"async\" class=\"lazyload Bea VLb\" style=\"width: 305px; margin: 10px; height: 233px; border-width: 1px; border-style: solid; float: right;\" alt=\"Photo\" src=\"data:image\/gif;base64,R0lGODlhAQABAAAAACH5BAEKAAEALAAAAAABAAEAAAICTAEAOw==\" data-orig-src=\"https:\/\/lh6.googleusercontent.com\/gHnI1TXFLzv27ESYYnKu_kv3e6QGMBGaHQQV9hLlVQU=w271-h207-p-no\" \/><\/span><\/span><\/span><\/div>\n<div class=\"style8\" style=\"text-align: justify;\">&nbsp;<\/div>\n<div class=\"style8\" style=\"text-align: justify;\"><span style=\"font-family: tahoma,geneva,sans-serif;\"><span style=\"font-size: 12px;\"><span style=\"color: #000000;\">&nbsp;&nbsp; Atmosfera e lart\u00eb shpirt\u00ebrore p\u00ebrgjat\u00eb sh\u00ebrbesave la mbresa t\u00eb paharruara te grat\u00eb, t\u00eb cilat bashkuan lutjet e nj\u00ebra-tjetr\u00ebs p\u00ebr m\u00eb shum\u00eb begati dhe zhvillim t\u00eb jet\u00ebs shpirt\u00ebrore dhe sociale. T\u00eb nes\u00ebrmen n\u00eb m\u00ebngjes, ato zhvilluan nj\u00eb vizit\u00eb n\u00eb&nbsp; Manastirin e Sh\u00ebn&nbsp; Nikoll\u00ebs&nbsp; n\u00eb fshatin Kamenic\u00eb dhe udh\u00ebtimi u mbyll me vizit\u00ebn n\u00eb kish\u00ebn katedrale \u201cNgjallja\u201d, ku u takuan dhe mor\u00ebn bekimin e Mitropolitit Joan.<\/span><\/span><\/span><\/div>\n<div class=\"style8\" style=\"text-align: justify;\"> <span style=\"font-family: tahoma,geneva,sans-serif;\"><span style=\"font-size: 12px;\"><span style=\"color: #000000;\">&nbsp;&nbsp;&nbsp;&nbsp; N\u00eb fillim t\u00eb muajit qershor lidhjen e grave orthodhokse e vizitoi At\u00eb Luka Veroni bashk\u00eb me nj\u00eb grup student\u00ebsh e bashk\u00ebpun\u00ebtor\u00ebsh nga Amerika, t\u00eb cil\u00ebt edhe ndenj\u00ebn p\u00ebr disa dit\u00eb n\u00eb Shqip\u00ebri. Ishte nj\u00eb g\u00ebzim i madh q\u00eb pas afro 5 vjet\u00ebsh ta ritakonim n\u00eb Tiran\u00eb At\u00eb Luk\u00ebn, ku edhe na p\u00ebrcolli mesazhe t\u00eb shumta shpirt\u00ebrore e sociale.<\/span><\/span><\/span><\/div>\n<div class=\"style8\" style=\"text-align: justify;\"> <span style=\"font-family: tahoma,geneva,sans-serif;\"><span style=\"font-size: 12px;\"><span style=\"color: #000000;\">&nbsp;&nbsp;&nbsp;&nbsp; Nd\u00ebrkoh\u00eb vlen t\u00eb p\u00ebrmenden edhe aktivitetet e shumta sociale, t\u00eb cilat jan\u00eb organizuar dhe do t\u00eb vijohen edhe gjat\u00eb muajve t\u00eb ver\u00ebs n\u00eb disa drejtime t\u00eb r\u00ebnd\u00ebsishme n\u00eb ndihm\u00eb t\u00eb shum\u00eb familjeve t\u00eb varfra, f\u00ebmij\u00ebve jetim\u00eb, invalid\u00ebve, personave depresiv\u00eb, lyp\u00ebsit etj.<\/span><\/span><\/span><\/div>\n<\/div>\n<\/td>\n<\/tr>\n<\/tbody>\n<\/table>\n","protected":false},"excerpt":{"rendered":"<p>&nbsp; &nbsp;&nbsp;&nbsp; Dy muajt e fundit (maj e qershor) para sezonit t\u00eb pushimeve soll\u00ebn nj\u00eb atmosfer\u00eb t\u00eb pasur aktivitetesh te grat\u00eb orthodhokse t\u00eb Kryeqytetit. Forcimi i ndjenj\u00ebs komunitare me n\u00eb qend\u00ebr Krishtin dhe dashurin\u00eb p\u00ebr nj\u00ebra-tjetr\u00ebn i kan\u00eb nxitur ato q\u00eb t\u00eb aktivizohen me ide t\u00eb reja dhe kontribute dometh\u00ebn\u00ebse. &nbsp;&nbsp;&nbsp; Me nism\u00ebn e Arqimandrit Astit dhe pedagogut t\u00eb muzik\u00ebs bizantine Harallamb Terziut, rreth 30<\/p>\n","protected":false},"author":1,"featured_media":0,"comment_status":"open","ping_status":"open","sticky":false,"template":"","format":"standard","meta":{"_acf_changed":false,"pagelayer_contact_templates":[],"_pagelayer_content":"","inline_featured_image":false,"fifu_image_url":"","fifu_image_alt":"","footnotes":""},"categories":[108],"tags":[144,196,212,187],"class_list":["post-1181","post","type-post","status-publish","format-standard","hentry","category-lajme","tag-144","tag-tirane","tag-lajme-d27","tag-lidhja-e-grave-orthodhokse"],"acf":[],"yoast_head":"<!-- This site is optimized with the Yoast SEO plugin v27.2 - https:\/\/yoast.com\/product\/yoast-seo-wordpress\/ -->\n<title>Risi dhe kontribute t\u00eb ve\u00e7anta t\u00eb grave orthodhokse. (Maj Qershor 2010) - Kisha Orthodh\u03bfkse Autoqefale e Shqip\u00ebris\u00eb<\/title>\n<meta name=\"robots\" content=\"index, follow, max-snippet:-1, max-image-preview:large, max-video-preview:-1\" \/>\n<link rel=\"canonical\" href=\"https:\/\/orthodoxalbania.org\/2020\/2013\/03\/20\/risi-dhe-kontribute-te-vecanta-te-grave-orthodhokse\/\" \/>\n<meta property=\"og:locale\" content=\"en_US\" \/>\n<meta property=\"og:type\" content=\"article\" \/>\n<meta property=\"og:title\" content=\"Risi dhe kontribute t\u00eb ve\u00e7anta t\u00eb grave orthodhokse. (Maj Qershor 2010) - Kisha Orthodh\u03bfkse Autoqefale e Shqip\u00ebris\u00eb\" \/>\n<meta property=\"og:description\" content=\"&nbsp; &nbsp;&nbsp;&nbsp; Dy muajt e fundit (maj e qershor) para sezonit t\u00eb pushimeve soll\u00ebn nj\u00eb atmosfer\u00eb t\u00eb pasur aktivitetesh te grat\u00eb orthodhokse t\u00eb Kryeqytetit. Forcimi i ndjenj\u00ebs komunitare me n\u00eb qend\u00ebr Krishtin dhe dashurin\u00eb p\u00ebr nj\u00ebra-tjetr\u00ebn i kan\u00eb nxitur ato q\u00eb t\u00eb aktivizohen me ide t\u00eb reja dhe kontribute dometh\u00ebn\u00ebse. &nbsp;&nbsp;&nbsp; Me nism\u00ebn e Arqimandrit Astit dhe pedagogut t\u00eb muzik\u00ebs bizantine Harallamb Terziut, rreth 30\" \/>\n<meta property=\"og:url\" content=\"https:\/\/orthodoxalbania.org\/2020\/2013\/03\/20\/risi-dhe-kontribute-te-vecanta-te-grave-orthodhokse\/\" \/>\n<meta property=\"og:site_name\" content=\"Kisha Orthodh\u03bfkse Autoqefale e Shqip\u00ebris\u00eb\" \/>\n<meta property=\"article:publisher\" content=\"https:\/\/www.facebook.com\/koash1991\" \/>\n<meta property=\"article:published_time\" content=\"2013-03-20T12:49:13+00:00\" \/>\n<meta property=\"article:modified_time\" content=\"2020-04-06T20:32:25+00:00\" \/>\n<meta property=\"og:image\" content=\"https:\/\/lh4.googleusercontent.com\/-Z80d4LpQPQM\/U_7fgXOHuLI\/AAAAAAAABi4\/1_2_AP3okuQ\/w373-h283-no\/1.jpg\" \/>\n<meta name=\"author\" content=\"Kisha Orthodhokse\" \/>\n<meta name=\"twitter:card\" content=\"summary_large_image\" \/>\n<meta name=\"twitter:label1\" content=\"Written by\" \/>\n\t<meta name=\"twitter:data1\" content=\"Kisha Orthodhokse\" \/>\n\t<meta name=\"twitter:label2\" content=\"Est. reading time\" \/>\n\t<meta name=\"twitter:data2\" content=\"2 minutes\" \/>\n<script type=\"application\/ld+json\" class=\"yoast-schema-graph\">{\"@context\":\"https:\/\/schema.org\",\"@graph\":[{\"@type\":\"Article\",\"@id\":\"https:\/\/orthodoxalbania.org\/2020\/2013\/03\/20\/risi-dhe-kontribute-te-vecanta-te-grave-orthodhokse\/#article\",\"isPartOf\":{\"@id\":\"https:\/\/orthodoxalbania.org\/2020\/2013\/03\/20\/risi-dhe-kontribute-te-vecanta-te-grave-orthodhokse\/\"},\"author\":{\"name\":\"Kisha Orthodhokse\",\"@id\":\"https:\/\/orthodoxalbania.org\/2020\/#\/schema\/person\/0c387634a7063ac612d7ed9ce71c7e86\"},\"headline\":\"Risi dhe kontribute t\u00eb ve\u00e7anta t\u00eb grave orthodhokse. (Maj Qershor 2010)\",\"datePublished\":\"2013-03-20T12:49:13+00:00\",\"dateModified\":\"2020-04-06T20:32:25+00:00\",\"mainEntityOfPage\":{\"@id\":\"https:\/\/orthodoxalbania.org\/2020\/2013\/03\/20\/risi-dhe-kontribute-te-vecanta-te-grave-orthodhokse\/\"},\"wordCount\":408,\"commentCount\":0,\"publisher\":{\"@id\":\"https:\/\/orthodoxalbania.org\/2020\/#organization\"},\"image\":{\"@id\":\"https:\/\/orthodoxalbania.org\/2020\/2013\/03\/20\/risi-dhe-kontribute-te-vecanta-te-grave-orthodhokse\/#primaryimage\"},\"thumbnailUrl\":\"https:\/\/lh4.googleusercontent.com\/-Z80d4LpQPQM\/U_7fgXOHuLI\/AAAAAAAABi4\/1_2_AP3okuQ\/w373-h283-no\/1.jpg\",\"keywords\":[\"2010\",\"Kryepiskopata Tiran\u00eb\",\"lajme\",\"Lidhja e Grave Orthodhokse\"],\"articleSection\":[\"Lajme\"],\"inLanguage\":\"en-US\"},{\"@type\":\"WebPage\",\"@id\":\"https:\/\/orthodoxalbania.org\/2020\/2013\/03\/20\/risi-dhe-kontribute-te-vecanta-te-grave-orthodhokse\/\",\"url\":\"https:\/\/orthodoxalbania.org\/2020\/2013\/03\/20\/risi-dhe-kontribute-te-vecanta-te-grave-orthodhokse\/\",\"name\":\"Risi dhe kontribute t\u00eb ve\u00e7anta t\u00eb grave orthodhokse. (Maj Qershor 2010) - Kisha Orthodh\u03bfkse Autoqefale e Shqip\u00ebris\u00eb\",\"isPartOf\":{\"@id\":\"https:\/\/orthodoxalbania.org\/2020\/#website\"},\"primaryImageOfPage\":{\"@id\":\"https:\/\/orthodoxalbania.org\/2020\/2013\/03\/20\/risi-dhe-kontribute-te-vecanta-te-grave-orthodhokse\/#primaryimage\"},\"image\":{\"@id\":\"https:\/\/orthodoxalbania.org\/2020\/2013\/03\/20\/risi-dhe-kontribute-te-vecanta-te-grave-orthodhokse\/#primaryimage\"},\"thumbnailUrl\":\"https:\/\/lh4.googleusercontent.com\/-Z80d4LpQPQM\/U_7fgXOHuLI\/AAAAAAAABi4\/1_2_AP3okuQ\/w373-h283-no\/1.jpg\",\"datePublished\":\"2013-03-20T12:49:13+00:00\",\"dateModified\":\"2020-04-06T20:32:25+00:00\",\"breadcrumb\":{\"@id\":\"https:\/\/orthodoxalbania.org\/2020\/2013\/03\/20\/risi-dhe-kontribute-te-vecanta-te-grave-orthodhokse\/#breadcrumb\"},\"inLanguage\":\"en-US\",\"potentialAction\":[{\"@type\":\"ReadAction\",\"target\":[\"https:\/\/orthodoxalbania.org\/2020\/2013\/03\/20\/risi-dhe-kontribute-te-vecanta-te-grave-orthodhokse\/\"]}]},{\"@type\":\"ImageObject\",\"inLanguage\":\"en-US\",\"@id\":\"https:\/\/orthodoxalbania.org\/2020\/2013\/03\/20\/risi-dhe-kontribute-te-vecanta-te-grave-orthodhokse\/#primaryimage\",\"url\":\"https:\/\/lh4.googleusercontent.com\/-Z80d4LpQPQM\/U_7fgXOHuLI\/AAAAAAAABi4\/1_2_AP3okuQ\/w373-h283-no\/1.jpg\",\"contentUrl\":\"https:\/\/lh4.googleusercontent.com\/-Z80d4LpQPQM\/U_7fgXOHuLI\/AAAAAAAABi4\/1_2_AP3okuQ\/w373-h283-no\/1.jpg\"},{\"@type\":\"BreadcrumbList\",\"@id\":\"https:\/\/orthodoxalbania.org\/2020\/2013\/03\/20\/risi-dhe-kontribute-te-vecanta-te-grave-orthodhokse\/#breadcrumb\",\"itemListElement\":[{\"@type\":\"ListItem\",\"position\":1,\"name\":\"Home\",\"item\":\"https:\/\/orthodoxalbania.org\/2020\/\"},{\"@type\":\"ListItem\",\"position\":2,\"name\":\"Risi dhe kontribute t\u00eb ve\u00e7anta t\u00eb grave orthodhokse. (Maj Qershor 2010)\"}]},{\"@type\":\"WebSite\",\"@id\":\"https:\/\/orthodoxalbania.org\/2020\/#website\",\"url\":\"https:\/\/orthodoxalbania.org\/2020\/\",\"name\":\"Kisha Orthodh\u03bfkse Autoqefale e Shqip\u00ebris\u00eb\",\"description\":\"Fqja Zyrtare e Kish\u00ebs Orthodhokse Autoqefale e Shqip\u00ebris\u00eb me lajmet edhe informacionet zyrtare p\u00ebr struktur\u00ebn edhe veprimtarin e saj.\",\"publisher\":{\"@id\":\"https:\/\/orthodoxalbania.org\/2020\/#organization\"},\"potentialAction\":[{\"@type\":\"SearchAction\",\"target\":{\"@type\":\"EntryPoint\",\"urlTemplate\":\"https:\/\/orthodoxalbania.org\/2020\/?s={search_term_string}\"},\"query-input\":{\"@type\":\"PropertyValueSpecification\",\"valueRequired\":true,\"valueName\":\"search_term_string\"}}],\"inLanguage\":\"en-US\"},{\"@type\":\"Organization\",\"@id\":\"https:\/\/orthodoxalbania.org\/2020\/#organization\",\"name\":\"Kisha Orthodhokse Autoqefale e Shqip\u00ebris\u00eb\",\"url\":\"https:\/\/orthodoxalbania.org\/2020\/\",\"logo\":{\"@type\":\"ImageObject\",\"inLanguage\":\"en-US\",\"@id\":\"https:\/\/orthodoxalbania.org\/2020\/#\/schema\/logo\/image\/\",\"url\":\"https:\/\/orthodoxalbania.org\/2020\/wp-content\/uploads\/2020\/05\/albania.jpeg\",\"contentUrl\":\"https:\/\/orthodoxalbania.org\/2020\/wp-content\/uploads\/2020\/05\/albania.jpeg\",\"width\":540,\"height\":540,\"caption\":\"Kisha Orthodhokse Autoqefale e Shqip\u00ebris\u00eb\"},\"image\":{\"@id\":\"https:\/\/orthodoxalbania.org\/2020\/#\/schema\/logo\/image\/\"},\"sameAs\":[\"https:\/\/www.facebook.com\/koash1991\"]},{\"@type\":\"Person\",\"@id\":\"https:\/\/orthodoxalbania.org\/2020\/#\/schema\/person\/0c387634a7063ac612d7ed9ce71c7e86\",\"name\":\"Kisha Orthodhokse\",\"image\":{\"@type\":\"ImageObject\",\"inLanguage\":\"en-US\",\"@id\":\"https:\/\/secure.gravatar.com\/avatar\/596e7c417251e30f2fbb9c00e026fce61a695a00e51c889caded71c96cbbdde5?s=96&d=mm&r=g\",\"url\":\"https:\/\/secure.gravatar.com\/avatar\/596e7c417251e30f2fbb9c00e026fce61a695a00e51c889caded71c96cbbdde5?s=96&d=mm&r=g\",\"contentUrl\":\"https:\/\/secure.gravatar.com\/avatar\/596e7c417251e30f2fbb9c00e026fce61a695a00e51c889caded71c96cbbdde5?s=96&d=mm&r=g\",\"caption\":\"Kisha Orthodhokse\"}}]}<\/script>\n<!-- \/ Yoast SEO plugin. -->","yoast_head_json":{"title":"Risi dhe kontribute t\u00eb ve\u00e7anta t\u00eb grave orthodhokse. (Maj Qershor 2010) - Kisha Orthodh\u03bfkse Autoqefale e Shqip\u00ebris\u00eb","robots":{"index":"index","follow":"follow","max-snippet":"max-snippet:-1","max-image-preview":"max-image-preview:large","max-video-preview":"max-video-preview:-1"},"canonical":"https:\/\/orthodoxalbania.org\/2020\/2013\/03\/20\/risi-dhe-kontribute-te-vecanta-te-grave-orthodhokse\/","og_locale":"en_US","og_type":"article","og_title":"Risi dhe kontribute t\u00eb ve\u00e7anta t\u00eb grave orthodhokse. (Maj Qershor 2010) - Kisha Orthodh\u03bfkse Autoqefale e Shqip\u00ebris\u00eb","og_description":"&nbsp; &nbsp;&nbsp;&nbsp; Dy muajt e fundit (maj e qershor) para sezonit t\u00eb pushimeve soll\u00ebn nj\u00eb atmosfer\u00eb t\u00eb pasur aktivitetesh te grat\u00eb orthodhokse t\u00eb Kryeqytetit. Forcimi i ndjenj\u00ebs komunitare me n\u00eb qend\u00ebr Krishtin dhe dashurin\u00eb p\u00ebr nj\u00ebra-tjetr\u00ebn i kan\u00eb nxitur ato q\u00eb t\u00eb aktivizohen me ide t\u00eb reja dhe kontribute dometh\u00ebn\u00ebse. &nbsp;&nbsp;&nbsp; Me nism\u00ebn e Arqimandrit Astit dhe pedagogut t\u00eb muzik\u00ebs bizantine Harallamb Terziut, rreth 30","og_url":"https:\/\/orthodoxalbania.org\/2020\/2013\/03\/20\/risi-dhe-kontribute-te-vecanta-te-grave-orthodhokse\/","og_site_name":"Kisha Orthodh\u03bfkse Autoqefale e Shqip\u00ebris\u00eb","article_publisher":"https:\/\/www.facebook.com\/koash1991","article_published_time":"2013-03-20T12:49:13+00:00","article_modified_time":"2020-04-06T20:32:25+00:00","og_image":[{"url":"https:\/\/lh4.googleusercontent.com\/-Z80d4LpQPQM\/U_7fgXOHuLI\/AAAAAAAABi4\/1_2_AP3okuQ\/w373-h283-no\/1.jpg","type":"","width":"","height":""}],"author":"Kisha Orthodhokse","twitter_card":"summary_large_image","twitter_misc":{"Written by":"Kisha Orthodhokse","Est. reading time":"2 minutes"},"schema":{"@context":"https:\/\/schema.org","@graph":[{"@type":"Article","@id":"https:\/\/orthodoxalbania.org\/2020\/2013\/03\/20\/risi-dhe-kontribute-te-vecanta-te-grave-orthodhokse\/#article","isPartOf":{"@id":"https:\/\/orthodoxalbania.org\/2020\/2013\/03\/20\/risi-dhe-kontribute-te-vecanta-te-grave-orthodhokse\/"},"author":{"name":"Kisha Orthodhokse","@id":"https:\/\/orthodoxalbania.org\/2020\/#\/schema\/person\/0c387634a7063ac612d7ed9ce71c7e86"},"headline":"Risi dhe kontribute t\u00eb ve\u00e7anta t\u00eb grave orthodhokse. (Maj Qershor 2010)","datePublished":"2013-03-20T12:49:13+00:00","dateModified":"2020-04-06T20:32:25+00:00","mainEntityOfPage":{"@id":"https:\/\/orthodoxalbania.org\/2020\/2013\/03\/20\/risi-dhe-kontribute-te-vecanta-te-grave-orthodhokse\/"},"wordCount":408,"commentCount":0,"publisher":{"@id":"https:\/\/orthodoxalbania.org\/2020\/#organization"},"image":{"@id":"https:\/\/orthodoxalbania.org\/2020\/2013\/03\/20\/risi-dhe-kontribute-te-vecanta-te-grave-orthodhokse\/#primaryimage"},"thumbnailUrl":"https:\/\/lh4.googleusercontent.com\/-Z80d4LpQPQM\/U_7fgXOHuLI\/AAAAAAAABi4\/1_2_AP3okuQ\/w373-h283-no\/1.jpg","keywords":["2010","Kryepiskopata Tiran\u00eb","lajme","Lidhja e Grave Orthodhokse"],"articleSection":["Lajme"],"inLanguage":"en-US"},{"@type":"WebPage","@id":"https:\/\/orthodoxalbania.org\/2020\/2013\/03\/20\/risi-dhe-kontribute-te-vecanta-te-grave-orthodhokse\/","url":"https:\/\/orthodoxalbania.org\/2020\/2013\/03\/20\/risi-dhe-kontribute-te-vecanta-te-grave-orthodhokse\/","name":"Risi dhe kontribute t\u00eb ve\u00e7anta t\u00eb grave orthodhokse. (Maj Qershor 2010) - Kisha Orthodh\u03bfkse Autoqefale e Shqip\u00ebris\u00eb","isPartOf":{"@id":"https:\/\/orthodoxalbania.org\/2020\/#website"},"primaryImageOfPage":{"@id":"https:\/\/orthodoxalbania.org\/2020\/2013\/03\/20\/risi-dhe-kontribute-te-vecanta-te-grave-orthodhokse\/#primaryimage"},"image":{"@id":"https:\/\/orthodoxalbania.org\/2020\/2013\/03\/20\/risi-dhe-kontribute-te-vecanta-te-grave-orthodhokse\/#primaryimage"},"thumbnailUrl":"https:\/\/lh4.googleusercontent.com\/-Z80d4LpQPQM\/U_7fgXOHuLI\/AAAAAAAABi4\/1_2_AP3okuQ\/w373-h283-no\/1.jpg","datePublished":"2013-03-20T12:49:13+00:00","dateModified":"2020-04-06T20:32:25+00:00","breadcrumb":{"@id":"https:\/\/orthodoxalbania.org\/2020\/2013\/03\/20\/risi-dhe-kontribute-te-vecanta-te-grave-orthodhokse\/#breadcrumb"},"inLanguage":"en-US","potentialAction":[{"@type":"ReadAction","target":["https:\/\/orthodoxalbania.org\/2020\/2013\/03\/20\/risi-dhe-kontribute-te-vecanta-te-grave-orthodhokse\/"]}]},{"@type":"ImageObject","inLanguage":"en-US","@id":"https:\/\/orthodoxalbania.org\/2020\/2013\/03\/20\/risi-dhe-kontribute-te-vecanta-te-grave-orthodhokse\/#primaryimage","url":"https:\/\/lh4.googleusercontent.com\/-Z80d4LpQPQM\/U_7fgXOHuLI\/AAAAAAAABi4\/1_2_AP3okuQ\/w373-h283-no\/1.jpg","contentUrl":"https:\/\/lh4.googleusercontent.com\/-Z80d4LpQPQM\/U_7fgXOHuLI\/AAAAAAAABi4\/1_2_AP3okuQ\/w373-h283-no\/1.jpg"},{"@type":"BreadcrumbList","@id":"https:\/\/orthodoxalbania.org\/2020\/2013\/03\/20\/risi-dhe-kontribute-te-vecanta-te-grave-orthodhokse\/#breadcrumb","itemListElement":[{"@type":"ListItem","position":1,"name":"Home","item":"https:\/\/orthodoxalbania.org\/2020\/"},{"@type":"ListItem","position":2,"name":"Risi dhe kontribute t\u00eb ve\u00e7anta t\u00eb grave orthodhokse. (Maj Qershor 2010)"}]},{"@type":"WebSite","@id":"https:\/\/orthodoxalbania.org\/2020\/#website","url":"https:\/\/orthodoxalbania.org\/2020\/","name":"Kisha Orthodh\u03bfkse Autoqefale e Shqip\u00ebris\u00eb","description":"Fqja Zyrtare e Kish\u00ebs Orthodhokse Autoqefale e Shqip\u00ebris\u00eb me lajmet edhe informacionet zyrtare p\u00ebr struktur\u00ebn edhe veprimtarin e saj.","publisher":{"@id":"https:\/\/orthodoxalbania.org\/2020\/#organization"},"potentialAction":[{"@type":"SearchAction","target":{"@type":"EntryPoint","urlTemplate":"https:\/\/orthodoxalbania.org\/2020\/?s={search_term_string}"},"query-input":{"@type":"PropertyValueSpecification","valueRequired":true,"valueName":"search_term_string"}}],"inLanguage":"en-US"},{"@type":"Organization","@id":"https:\/\/orthodoxalbania.org\/2020\/#organization","name":"Kisha Orthodhokse Autoqefale e Shqip\u00ebris\u00eb","url":"https:\/\/orthodoxalbania.org\/2020\/","logo":{"@type":"ImageObject","inLanguage":"en-US","@id":"https:\/\/orthodoxalbania.org\/2020\/#\/schema\/logo\/image\/","url":"https:\/\/orthodoxalbania.org\/2020\/wp-content\/uploads\/2020\/05\/albania.jpeg","contentUrl":"https:\/\/orthodoxalbania.org\/2020\/wp-content\/uploads\/2020\/05\/albania.jpeg","width":540,"height":540,"caption":"Kisha Orthodhokse Autoqefale e Shqip\u00ebris\u00eb"},"image":{"@id":"https:\/\/orthodoxalbania.org\/2020\/#\/schema\/logo\/image\/"},"sameAs":["https:\/\/www.facebook.com\/koash1991"]},{"@type":"Person","@id":"https:\/\/orthodoxalbania.org\/2020\/#\/schema\/person\/0c387634a7063ac612d7ed9ce71c7e86","name":"Kisha Orthodhokse","image":{"@type":"ImageObject","inLanguage":"en-US","@id":"https:\/\/secure.gravatar.com\/avatar\/596e7c417251e30f2fbb9c00e026fce61a695a00e51c889caded71c96cbbdde5?s=96&d=mm&r=g","url":"https:\/\/secure.gravatar.com\/avatar\/596e7c417251e30f2fbb9c00e026fce61a695a00e51c889caded71c96cbbdde5?s=96&d=mm&r=g","contentUrl":"https:\/\/secure.gravatar.com\/avatar\/596e7c417251e30f2fbb9c00e026fce61a695a00e51c889caded71c96cbbdde5?s=96&d=mm&r=g","caption":"Kisha Orthodhokse"}}]}},"_links":{"self":[{"href":"https:\/\/orthodoxalbania.org\/2020\/wp-json\/wp\/v2\/posts\/1181","targetHints":{"allow":["GET"]}}],"collection":[{"href":"https:\/\/orthodoxalbania.org\/2020\/wp-json\/wp\/v2\/posts"}],"about":[{"href":"https:\/\/orthodoxalbania.org\/2020\/wp-json\/wp\/v2\/types\/post"}],"author":[{"embeddable":true,"href":"https:\/\/orthodoxalbania.org\/2020\/wp-json\/wp\/v2\/users\/1"}],"replies":[{"embeddable":true,"href":"https:\/\/orthodoxalbania.org\/2020\/wp-json\/wp\/v2\/comments?post=1181"}],"version-history":[{"count":1,"href":"https:\/\/orthodoxalbania.org\/2020\/wp-json\/wp\/v2\/posts\/1181\/revisions"}],"predecessor-version":[{"id":15494,"href":"https:\/\/orthodoxalbania.org\/2020\/wp-json\/wp\/v2\/posts\/1181\/revisions\/15494"}],"wp:attachment":[{"href":"https:\/\/orthodoxalbania.org\/2020\/wp-json\/wp\/v2\/media?parent=1181"}],"wp:term":[{"taxonomy":"category","embeddable":true,"href":"https:\/\/orthodoxalbania.org\/2020\/wp-json\/wp\/v2\/categories?post=1181"},{"taxonomy":"post_tag","embeddable":true,"href":"https:\/\/orthodoxalbania.org\/2020\/wp-json\/wp\/v2\/tags?post=1181"}],"curies":[{"name":"wp","href":"https:\/\/api.w.org\/{rel}","templated":true}]}}