{"id":1179,"date":"2008-02-26T00:00:00","date_gmt":"2008-02-26T00:00:00","guid":{"rendered":""},"modified":"2020-04-06T22:35:34","modified_gmt":"2020-04-06T20:35:34","slug":"rikonstruktohet-teresisht-kopshti-i-fshatit-mucaj-prane-gerdecit-2008","status":"publish","type":"post","link":"https:\/\/orthodoxalbania.org\/2020\/2008\/02\/26\/rikonstruktohet-teresisht-kopshti-i-fshatit-mucaj-prane-gerdecit-2008\/","title":{"rendered":"Rikonstruktohet t\u00ebr\u00ebsisht kopshti i fshatit Mu\u00e7aj, pran\u00eb G\u00ebrdecit. (2008)"},"content":{"rendered":"<p style=\"text-align: center;\"><strong><span style=\"color: #000000;\"><span style=\"font-family: tahoma,geneva,sans-serif;\"><span style=\"font-size: 12px;\"><em>&#8211; Ndihm\u00eb e Kryepiskopit Anastas p\u00ebr zon\u00ebn e d\u00ebmtuar nga shp\u00ebrthimi &#8211;<\/em><\/span><\/span><\/span><\/strong><\/p>\n<table id=\"AutoNumber2\" border=\"0\">\n<tbody>\n<tr>\n<td colspan=\"2\">\n<p style=\"text-align: justify;\"><span style=\"color: #000000;\"><span style=\"font-family: tahoma,geneva,sans-serif;\"><span style=\"font-size: 12px;\">&nbsp;&nbsp;&nbsp; Pas shp\u00ebrthimit n\u00eb depot e G\u00ebrdecit, e gjith\u00eb zona rrotull pati d\u00ebmtime t\u00eb r\u00ebnda, si n\u00eb objektet private edhe n\u00eb ato publike. Nj\u00eb nga objektet e prekura ishte edhe kopshti i fshatit Mu\u00e7aj, i cili edhe m\u00eb p\u00ebrpara nuk kishte kushte t\u00eb p\u00ebrshtatshme p\u00ebr k\u00ebt\u00eb lloj veprimtarie edukuese me moshat e vogla.N\u00eb kuadrin e ndihm\u00ebs q\u00eb Kisha jon\u00eb dha q\u00eb n\u00eb \u00e7astet e para t\u00eb fatkeq\u00ebsis\u00eb, ishte edhe interesi i Kryepiskopit Anastas p\u00ebr t\u00eb ndihmuar n\u00eb riv\u00ebnien n\u00eb pun\u00eb t\u00eb institucioneve arsimore t\u00eb zon\u00ebs.<\/span><\/span><\/span><\/p>\n<\/td>\n<\/tr>\n<tr>\n<td dir=\"ltr\">\n<p><span style=\"color: #000000;\"><span style=\"font-family: tahoma,geneva,sans-serif;\"><span style=\"font-size: 12px;\"><img decoding=\"async\" class=\"lazyload HAa Eha\" style=\"border-width: 1px; border-style: solid; margin: 10px auto; display: block;\" alt=\"\" src=\"data:image\/gif;base64,R0lGODlhAQABAAAAACH5BAEKAAEALAAAAAABAAEAAAICTAEAOw==\" data-orig-src=\"https:\/\/lh5.googleusercontent.com\/-r6gigGC0P8w\/VI7JsbVP-CI\/AAAAAAAAHt8\/WQ_T-c9N69I\/w400-h186-no\/2.jpg\" \/><\/span><\/span><\/span><\/p>\n<\/td>\n<td dir=\"ltr\">\n<p><span style=\"color: #000000;\"><span style=\"font-family: tahoma,geneva,sans-serif;\"><span style=\"font-size: 12px;\">&nbsp;&nbsp;&nbsp;&nbsp;<\/span><\/span><\/span><\/p>\n<p style=\"text-align: justify;\"><span style=\"color: #000000;\"><span style=\"font-family: tahoma,geneva,sans-serif;\"><span style=\"font-size: 12px;\">&nbsp;&nbsp;&nbsp; K\u00ebshtu, me nj\u00eb fond rreth 3.2 milion\u00eb lek\u00eb t\u00eb dh\u00ebna nga Fortlumturia e Tij, u b\u00eb i mundur projektimi dhe realizimi i rikonstruksionit t\u00eb kopshtit t\u00eb Mu\u00e7ajt.<\/span><\/span><\/span><\/p>\n<p style=\"text-align: justify;\"><span style=\"color: #000000;\"><span style=\"font-family: tahoma,geneva,sans-serif;\"><span style=\"font-size: 12px;\">&nbsp;&nbsp;&nbsp; Praktikisht \u00e7do gj\u00eb u b\u00eb nga e para, ku mbet\u00ebn vet\u00ebm muret ekzistuese.<\/span><\/span><\/span><\/p>\n<p style=\"text-align: justify;\">&nbsp;<\/p>\n<\/td>\n<\/tr>\n<tr>\n<td>\n<p style=\"text-align: justify;\"><span style=\"color: #000000;\"><span style=\"font-family: tahoma,geneva,sans-serif;\"><span style=\"font-size: 12px;\">&nbsp;&nbsp;&nbsp;&nbsp;U b\u00eb suvatimi i plot\u00eb i jasht\u00ebm dhe i brendsh\u00ebm, u b\u00eb izolimi dhe shtrimi me pllaka, \u00e7ati e re, dyer dhe dritare t\u00eb reja, instalimet elektrike dhe ndri\u00e7imi, instalime plot\u00ebsisht t\u00eb reja hidraulike dhe hidrosanitare, u b\u00ebn\u00eb rregullime t\u00eb territorit, u vendos\u00ebn kangjella etj.<\/span><\/span><\/span><\/p>\n<\/td>\n<td>\n<p><span style=\"color: #000000;\"><span style=\"font-family: tahoma,geneva,sans-serif;\"><span style=\"font-size: 12px;\"><img decoding=\"async\" class=\"lazyload HAa Eha\" style=\"border-width: 1px; border-style: solid; margin: 10px auto; display: block;\" alt=\"\" src=\"data:image\/gif;base64,R0lGODlhAQABAAAAACH5BAEKAAEALAAAAAABAAEAAAICTAEAOw==\" data-orig-src=\"https:\/\/lh5.googleusercontent.com\/-5ORz7qzgyFI\/VI7JsJ3F4DI\/AAAAAAAAHt4\/_G3WRFf-Fos\/w400-h266-no\/4.jpg\" \/><\/span><\/span><\/span><\/p>\n<\/td>\n<\/tr>\n<tr>\n<td dir=\"ltr\" colspan=\"2\">\n<p style=\"text-align: right;\"><span style=\"color: #000000;\"><span style=\"font-family: tahoma,geneva,sans-serif;\"><span style=\"font-size: 12px;\"><strong>Thoma Dhima<\/strong><\/span><\/span><\/span><\/p>\n<\/td>\n<\/tr>\n<\/tbody>\n<\/table>\n","protected":false},"excerpt":{"rendered":"<p>&#8211; Ndihm\u00eb e Kryepiskopit Anastas p\u00ebr zon\u00ebn e d\u00ebmtuar nga shp\u00ebrthimi &#8211; &nbsp;&nbsp;&nbsp; Pas shp\u00ebrthimit n\u00eb depot e G\u00ebrdecit, e gjith\u00eb zona rrotull pati d\u00ebmtime t\u00eb r\u00ebnda, si n\u00eb objektet private edhe n\u00eb ato publike. Nj\u00eb nga objektet e prekura ishte edhe kopshti i fshatit Mu\u00e7aj, i cili edhe m\u00eb p\u00ebrpara nuk kishte kushte t\u00eb p\u00ebrshtatshme p\u00ebr k\u00ebt\u00eb lloj veprimtarie edukuese me moshat e vogla.N\u00eb<\/p>\n","protected":false},"author":1,"featured_media":0,"comment_status":"open","ping_status":"open","sticky":false,"template":"","format":"standard","meta":{"_acf_changed":false,"pagelayer_contact_templates":[],"_pagelayer_content":"","inline_featured_image":false,"fifu_image_url":"","fifu_image_alt":"","footnotes":""},"categories":[108],"tags":[146,633,196,212],"class_list":["post-1179","post","type-post","status-publish","format-standard","hentry","category-lajme","tag-146","tag-donacionendihma","tag-tirane","tag-lajme-d27"],"acf":[],"yoast_head":"<!-- This site is optimized with the Yoast SEO plugin v27.2 - https:\/\/yoast.com\/product\/yoast-seo-wordpress\/ -->\n<title>Rikonstruktohet t\u00ebr\u00ebsisht kopshti i fshatit Mu\u00e7aj, pran\u00eb G\u00ebrdecit. (2008) - Kisha Orthodh\u03bfkse Autoqefale e Shqip\u00ebris\u00eb<\/title>\n<meta name=\"robots\" content=\"index, follow, max-snippet:-1, max-image-preview:large, max-video-preview:-1\" \/>\n<link rel=\"canonical\" href=\"https:\/\/orthodoxalbania.org\/2020\/2008\/02\/26\/rikonstruktohet-teresisht-kopshti-i-fshatit-mucaj-prane-gerdecit-2008\/\" \/>\n<meta property=\"og:locale\" content=\"en_US\" \/>\n<meta property=\"og:type\" content=\"article\" \/>\n<meta property=\"og:title\" content=\"Rikonstruktohet t\u00ebr\u00ebsisht kopshti i fshatit Mu\u00e7aj, pran\u00eb G\u00ebrdecit. (2008) - Kisha Orthodh\u03bfkse Autoqefale e Shqip\u00ebris\u00eb\" \/>\n<meta property=\"og:description\" content=\"&#8211; Ndihm\u00eb e Kryepiskopit Anastas p\u00ebr zon\u00ebn e d\u00ebmtuar nga shp\u00ebrthimi &#8211; &nbsp;&nbsp;&nbsp; Pas shp\u00ebrthimit n\u00eb depot e G\u00ebrdecit, e gjith\u00eb zona rrotull pati d\u00ebmtime t\u00eb r\u00ebnda, si n\u00eb objektet private edhe n\u00eb ato publike. Nj\u00eb nga objektet e prekura ishte edhe kopshti i fshatit Mu\u00e7aj, i cili edhe m\u00eb p\u00ebrpara nuk kishte kushte t\u00eb p\u00ebrshtatshme p\u00ebr k\u00ebt\u00eb lloj veprimtarie edukuese me moshat e vogla.N\u00eb\" \/>\n<meta property=\"og:url\" content=\"https:\/\/orthodoxalbania.org\/2020\/2008\/02\/26\/rikonstruktohet-teresisht-kopshti-i-fshatit-mucaj-prane-gerdecit-2008\/\" \/>\n<meta property=\"og:site_name\" content=\"Kisha Orthodh\u03bfkse Autoqefale e Shqip\u00ebris\u00eb\" \/>\n<meta property=\"article:publisher\" content=\"https:\/\/www.facebook.com\/koash1991\" \/>\n<meta property=\"article:published_time\" content=\"2008-02-26T00:00:00+00:00\" \/>\n<meta property=\"article:modified_time\" content=\"2020-04-06T20:35:34+00:00\" \/>\n<meta property=\"og:image\" content=\"https:\/\/lh5.googleusercontent.com\/-r6gigGC0P8w\/VI7JsbVP-CI\/AAAAAAAAHt8\/WQ_T-c9N69I\/w400-h186-no\/2.jpg\" \/>\n<meta name=\"author\" content=\"Kisha Orthodhokse\" \/>\n<meta name=\"twitter:card\" content=\"summary_large_image\" \/>\n<meta name=\"twitter:label1\" content=\"Written by\" \/>\n\t<meta name=\"twitter:data1\" content=\"Kisha Orthodhokse\" \/>\n\t<meta name=\"twitter:label2\" content=\"Est. reading time\" \/>\n\t<meta name=\"twitter:data2\" content=\"1 minute\" \/>\n<script type=\"application\/ld+json\" class=\"yoast-schema-graph\">{\"@context\":\"https:\/\/schema.org\",\"@graph\":[{\"@type\":\"Article\",\"@id\":\"https:\/\/orthodoxalbania.org\/2020\/2008\/02\/26\/rikonstruktohet-teresisht-kopshti-i-fshatit-mucaj-prane-gerdecit-2008\/#article\",\"isPartOf\":{\"@id\":\"https:\/\/orthodoxalbania.org\/2020\/2008\/02\/26\/rikonstruktohet-teresisht-kopshti-i-fshatit-mucaj-prane-gerdecit-2008\/\"},\"author\":{\"name\":\"Kisha Orthodhokse\",\"@id\":\"https:\/\/orthodoxalbania.org\/2020\/#\/schema\/person\/0c387634a7063ac612d7ed9ce71c7e86\"},\"headline\":\"Rikonstruktohet t\u00ebr\u00ebsisht kopshti i fshatit Mu\u00e7aj, pran\u00eb G\u00ebrdecit. (2008)\",\"datePublished\":\"2008-02-26T00:00:00+00:00\",\"dateModified\":\"2020-04-06T20:35:34+00:00\",\"mainEntityOfPage\":{\"@id\":\"https:\/\/orthodoxalbania.org\/2020\/2008\/02\/26\/rikonstruktohet-teresisht-kopshti-i-fshatit-mucaj-prane-gerdecit-2008\/\"},\"wordCount\":242,\"commentCount\":0,\"publisher\":{\"@id\":\"https:\/\/orthodoxalbania.org\/2020\/#organization\"},\"image\":{\"@id\":\"https:\/\/orthodoxalbania.org\/2020\/2008\/02\/26\/rikonstruktohet-teresisht-kopshti-i-fshatit-mucaj-prane-gerdecit-2008\/#primaryimage\"},\"thumbnailUrl\":\"https:\/\/lh5.googleusercontent.com\/-r6gigGC0P8w\/VI7JsbVP-CI\/AAAAAAAAHt8\/WQ_T-c9N69I\/w400-h186-no\/2.jpg\",\"keywords\":[\"2008\",\"DonacioneNdihma\",\"Kryepiskopata Tiran\u00eb\",\"lajme\"],\"articleSection\":[\"Lajme\"],\"inLanguage\":\"en-US\"},{\"@type\":\"WebPage\",\"@id\":\"https:\/\/orthodoxalbania.org\/2020\/2008\/02\/26\/rikonstruktohet-teresisht-kopshti-i-fshatit-mucaj-prane-gerdecit-2008\/\",\"url\":\"https:\/\/orthodoxalbania.org\/2020\/2008\/02\/26\/rikonstruktohet-teresisht-kopshti-i-fshatit-mucaj-prane-gerdecit-2008\/\",\"name\":\"Rikonstruktohet t\u00ebr\u00ebsisht kopshti i fshatit Mu\u00e7aj, pran\u00eb G\u00ebrdecit. (2008) - Kisha Orthodh\u03bfkse Autoqefale e Shqip\u00ebris\u00eb\",\"isPartOf\":{\"@id\":\"https:\/\/orthodoxalbania.org\/2020\/#website\"},\"primaryImageOfPage\":{\"@id\":\"https:\/\/orthodoxalbania.org\/2020\/2008\/02\/26\/rikonstruktohet-teresisht-kopshti-i-fshatit-mucaj-prane-gerdecit-2008\/#primaryimage\"},\"image\":{\"@id\":\"https:\/\/orthodoxalbania.org\/2020\/2008\/02\/26\/rikonstruktohet-teresisht-kopshti-i-fshatit-mucaj-prane-gerdecit-2008\/#primaryimage\"},\"thumbnailUrl\":\"https:\/\/lh5.googleusercontent.com\/-r6gigGC0P8w\/VI7JsbVP-CI\/AAAAAAAAHt8\/WQ_T-c9N69I\/w400-h186-no\/2.jpg\",\"datePublished\":\"2008-02-26T00:00:00+00:00\",\"dateModified\":\"2020-04-06T20:35:34+00:00\",\"breadcrumb\":{\"@id\":\"https:\/\/orthodoxalbania.org\/2020\/2008\/02\/26\/rikonstruktohet-teresisht-kopshti-i-fshatit-mucaj-prane-gerdecit-2008\/#breadcrumb\"},\"inLanguage\":\"en-US\",\"potentialAction\":[{\"@type\":\"ReadAction\",\"target\":[\"https:\/\/orthodoxalbania.org\/2020\/2008\/02\/26\/rikonstruktohet-teresisht-kopshti-i-fshatit-mucaj-prane-gerdecit-2008\/\"]}]},{\"@type\":\"ImageObject\",\"inLanguage\":\"en-US\",\"@id\":\"https:\/\/orthodoxalbania.org\/2020\/2008\/02\/26\/rikonstruktohet-teresisht-kopshti-i-fshatit-mucaj-prane-gerdecit-2008\/#primaryimage\",\"url\":\"https:\/\/lh5.googleusercontent.com\/-r6gigGC0P8w\/VI7JsbVP-CI\/AAAAAAAAHt8\/WQ_T-c9N69I\/w400-h186-no\/2.jpg\",\"contentUrl\":\"https:\/\/lh5.googleusercontent.com\/-r6gigGC0P8w\/VI7JsbVP-CI\/AAAAAAAAHt8\/WQ_T-c9N69I\/w400-h186-no\/2.jpg\"},{\"@type\":\"BreadcrumbList\",\"@id\":\"https:\/\/orthodoxalbania.org\/2020\/2008\/02\/26\/rikonstruktohet-teresisht-kopshti-i-fshatit-mucaj-prane-gerdecit-2008\/#breadcrumb\",\"itemListElement\":[{\"@type\":\"ListItem\",\"position\":1,\"name\":\"Home\",\"item\":\"https:\/\/orthodoxalbania.org\/2020\/\"},{\"@type\":\"ListItem\",\"position\":2,\"name\":\"Rikonstruktohet t\u00ebr\u00ebsisht kopshti i fshatit Mu\u00e7aj, pran\u00eb G\u00ebrdecit. (2008)\"}]},{\"@type\":\"WebSite\",\"@id\":\"https:\/\/orthodoxalbania.org\/2020\/#website\",\"url\":\"https:\/\/orthodoxalbania.org\/2020\/\",\"name\":\"Kisha Orthodh\u03bfkse Autoqefale e Shqip\u00ebris\u00eb\",\"description\":\"Fqja Zyrtare e Kish\u00ebs Orthodhokse Autoqefale e Shqip\u00ebris\u00eb me lajmet edhe informacionet zyrtare p\u00ebr struktur\u00ebn edhe veprimtarin e saj.\",\"publisher\":{\"@id\":\"https:\/\/orthodoxalbania.org\/2020\/#organization\"},\"potentialAction\":[{\"@type\":\"SearchAction\",\"target\":{\"@type\":\"EntryPoint\",\"urlTemplate\":\"https:\/\/orthodoxalbania.org\/2020\/?s={search_term_string}\"},\"query-input\":{\"@type\":\"PropertyValueSpecification\",\"valueRequired\":true,\"valueName\":\"search_term_string\"}}],\"inLanguage\":\"en-US\"},{\"@type\":\"Organization\",\"@id\":\"https:\/\/orthodoxalbania.org\/2020\/#organization\",\"name\":\"Kisha Orthodhokse Autoqefale e Shqip\u00ebris\u00eb\",\"url\":\"https:\/\/orthodoxalbania.org\/2020\/\",\"logo\":{\"@type\":\"ImageObject\",\"inLanguage\":\"en-US\",\"@id\":\"https:\/\/orthodoxalbania.org\/2020\/#\/schema\/logo\/image\/\",\"url\":\"https:\/\/orthodoxalbania.org\/2020\/wp-content\/uploads\/2020\/05\/albania.jpeg\",\"contentUrl\":\"https:\/\/orthodoxalbania.org\/2020\/wp-content\/uploads\/2020\/05\/albania.jpeg\",\"width\":540,\"height\":540,\"caption\":\"Kisha Orthodhokse Autoqefale e Shqip\u00ebris\u00eb\"},\"image\":{\"@id\":\"https:\/\/orthodoxalbania.org\/2020\/#\/schema\/logo\/image\/\"},\"sameAs\":[\"https:\/\/www.facebook.com\/koash1991\"]},{\"@type\":\"Person\",\"@id\":\"https:\/\/orthodoxalbania.org\/2020\/#\/schema\/person\/0c387634a7063ac612d7ed9ce71c7e86\",\"name\":\"Kisha Orthodhokse\",\"image\":{\"@type\":\"ImageObject\",\"inLanguage\":\"en-US\",\"@id\":\"https:\/\/secure.gravatar.com\/avatar\/596e7c417251e30f2fbb9c00e026fce61a695a00e51c889caded71c96cbbdde5?s=96&d=mm&r=g\",\"url\":\"https:\/\/secure.gravatar.com\/avatar\/596e7c417251e30f2fbb9c00e026fce61a695a00e51c889caded71c96cbbdde5?s=96&d=mm&r=g\",\"contentUrl\":\"https:\/\/secure.gravatar.com\/avatar\/596e7c417251e30f2fbb9c00e026fce61a695a00e51c889caded71c96cbbdde5?s=96&d=mm&r=g\",\"caption\":\"Kisha Orthodhokse\"}}]}<\/script>\n<!-- \/ Yoast SEO plugin. -->","yoast_head_json":{"title":"Rikonstruktohet t\u00ebr\u00ebsisht kopshti i fshatit Mu\u00e7aj, pran\u00eb G\u00ebrdecit. (2008) - Kisha Orthodh\u03bfkse Autoqefale e Shqip\u00ebris\u00eb","robots":{"index":"index","follow":"follow","max-snippet":"max-snippet:-1","max-image-preview":"max-image-preview:large","max-video-preview":"max-video-preview:-1"},"canonical":"https:\/\/orthodoxalbania.org\/2020\/2008\/02\/26\/rikonstruktohet-teresisht-kopshti-i-fshatit-mucaj-prane-gerdecit-2008\/","og_locale":"en_US","og_type":"article","og_title":"Rikonstruktohet t\u00ebr\u00ebsisht kopshti i fshatit Mu\u00e7aj, pran\u00eb G\u00ebrdecit. (2008) - Kisha Orthodh\u03bfkse Autoqefale e Shqip\u00ebris\u00eb","og_description":"&#8211; Ndihm\u00eb e Kryepiskopit Anastas p\u00ebr zon\u00ebn e d\u00ebmtuar nga shp\u00ebrthimi &#8211; &nbsp;&nbsp;&nbsp; Pas shp\u00ebrthimit n\u00eb depot e G\u00ebrdecit, e gjith\u00eb zona rrotull pati d\u00ebmtime t\u00eb r\u00ebnda, si n\u00eb objektet private edhe n\u00eb ato publike. Nj\u00eb nga objektet e prekura ishte edhe kopshti i fshatit Mu\u00e7aj, i cili edhe m\u00eb p\u00ebrpara nuk kishte kushte t\u00eb p\u00ebrshtatshme p\u00ebr k\u00ebt\u00eb lloj veprimtarie edukuese me moshat e vogla.N\u00eb","og_url":"https:\/\/orthodoxalbania.org\/2020\/2008\/02\/26\/rikonstruktohet-teresisht-kopshti-i-fshatit-mucaj-prane-gerdecit-2008\/","og_site_name":"Kisha Orthodh\u03bfkse Autoqefale e Shqip\u00ebris\u00eb","article_publisher":"https:\/\/www.facebook.com\/koash1991","article_published_time":"2008-02-26T00:00:00+00:00","article_modified_time":"2020-04-06T20:35:34+00:00","og_image":[{"url":"https:\/\/lh5.googleusercontent.com\/-r6gigGC0P8w\/VI7JsbVP-CI\/AAAAAAAAHt8\/WQ_T-c9N69I\/w400-h186-no\/2.jpg","type":"","width":"","height":""}],"author":"Kisha Orthodhokse","twitter_card":"summary_large_image","twitter_misc":{"Written by":"Kisha Orthodhokse","Est. reading time":"1 minute"},"schema":{"@context":"https:\/\/schema.org","@graph":[{"@type":"Article","@id":"https:\/\/orthodoxalbania.org\/2020\/2008\/02\/26\/rikonstruktohet-teresisht-kopshti-i-fshatit-mucaj-prane-gerdecit-2008\/#article","isPartOf":{"@id":"https:\/\/orthodoxalbania.org\/2020\/2008\/02\/26\/rikonstruktohet-teresisht-kopshti-i-fshatit-mucaj-prane-gerdecit-2008\/"},"author":{"name":"Kisha Orthodhokse","@id":"https:\/\/orthodoxalbania.org\/2020\/#\/schema\/person\/0c387634a7063ac612d7ed9ce71c7e86"},"headline":"Rikonstruktohet t\u00ebr\u00ebsisht kopshti i fshatit Mu\u00e7aj, pran\u00eb G\u00ebrdecit. (2008)","datePublished":"2008-02-26T00:00:00+00:00","dateModified":"2020-04-06T20:35:34+00:00","mainEntityOfPage":{"@id":"https:\/\/orthodoxalbania.org\/2020\/2008\/02\/26\/rikonstruktohet-teresisht-kopshti-i-fshatit-mucaj-prane-gerdecit-2008\/"},"wordCount":242,"commentCount":0,"publisher":{"@id":"https:\/\/orthodoxalbania.org\/2020\/#organization"},"image":{"@id":"https:\/\/orthodoxalbania.org\/2020\/2008\/02\/26\/rikonstruktohet-teresisht-kopshti-i-fshatit-mucaj-prane-gerdecit-2008\/#primaryimage"},"thumbnailUrl":"https:\/\/lh5.googleusercontent.com\/-r6gigGC0P8w\/VI7JsbVP-CI\/AAAAAAAAHt8\/WQ_T-c9N69I\/w400-h186-no\/2.jpg","keywords":["2008","DonacioneNdihma","Kryepiskopata Tiran\u00eb","lajme"],"articleSection":["Lajme"],"inLanguage":"en-US"},{"@type":"WebPage","@id":"https:\/\/orthodoxalbania.org\/2020\/2008\/02\/26\/rikonstruktohet-teresisht-kopshti-i-fshatit-mucaj-prane-gerdecit-2008\/","url":"https:\/\/orthodoxalbania.org\/2020\/2008\/02\/26\/rikonstruktohet-teresisht-kopshti-i-fshatit-mucaj-prane-gerdecit-2008\/","name":"Rikonstruktohet t\u00ebr\u00ebsisht kopshti i fshatit Mu\u00e7aj, pran\u00eb G\u00ebrdecit. (2008) - Kisha Orthodh\u03bfkse Autoqefale e Shqip\u00ebris\u00eb","isPartOf":{"@id":"https:\/\/orthodoxalbania.org\/2020\/#website"},"primaryImageOfPage":{"@id":"https:\/\/orthodoxalbania.org\/2020\/2008\/02\/26\/rikonstruktohet-teresisht-kopshti-i-fshatit-mucaj-prane-gerdecit-2008\/#primaryimage"},"image":{"@id":"https:\/\/orthodoxalbania.org\/2020\/2008\/02\/26\/rikonstruktohet-teresisht-kopshti-i-fshatit-mucaj-prane-gerdecit-2008\/#primaryimage"},"thumbnailUrl":"https:\/\/lh5.googleusercontent.com\/-r6gigGC0P8w\/VI7JsbVP-CI\/AAAAAAAAHt8\/WQ_T-c9N69I\/w400-h186-no\/2.jpg","datePublished":"2008-02-26T00:00:00+00:00","dateModified":"2020-04-06T20:35:34+00:00","breadcrumb":{"@id":"https:\/\/orthodoxalbania.org\/2020\/2008\/02\/26\/rikonstruktohet-teresisht-kopshti-i-fshatit-mucaj-prane-gerdecit-2008\/#breadcrumb"},"inLanguage":"en-US","potentialAction":[{"@type":"ReadAction","target":["https:\/\/orthodoxalbania.org\/2020\/2008\/02\/26\/rikonstruktohet-teresisht-kopshti-i-fshatit-mucaj-prane-gerdecit-2008\/"]}]},{"@type":"ImageObject","inLanguage":"en-US","@id":"https:\/\/orthodoxalbania.org\/2020\/2008\/02\/26\/rikonstruktohet-teresisht-kopshti-i-fshatit-mucaj-prane-gerdecit-2008\/#primaryimage","url":"https:\/\/lh5.googleusercontent.com\/-r6gigGC0P8w\/VI7JsbVP-CI\/AAAAAAAAHt8\/WQ_T-c9N69I\/w400-h186-no\/2.jpg","contentUrl":"https:\/\/lh5.googleusercontent.com\/-r6gigGC0P8w\/VI7JsbVP-CI\/AAAAAAAAHt8\/WQ_T-c9N69I\/w400-h186-no\/2.jpg"},{"@type":"BreadcrumbList","@id":"https:\/\/orthodoxalbania.org\/2020\/2008\/02\/26\/rikonstruktohet-teresisht-kopshti-i-fshatit-mucaj-prane-gerdecit-2008\/#breadcrumb","itemListElement":[{"@type":"ListItem","position":1,"name":"Home","item":"https:\/\/orthodoxalbania.org\/2020\/"},{"@type":"ListItem","position":2,"name":"Rikonstruktohet t\u00ebr\u00ebsisht kopshti i fshatit Mu\u00e7aj, pran\u00eb G\u00ebrdecit. (2008)"}]},{"@type":"WebSite","@id":"https:\/\/orthodoxalbania.org\/2020\/#website","url":"https:\/\/orthodoxalbania.org\/2020\/","name":"Kisha Orthodh\u03bfkse Autoqefale e Shqip\u00ebris\u00eb","description":"Fqja Zyrtare e Kish\u00ebs Orthodhokse Autoqefale e Shqip\u00ebris\u00eb me lajmet edhe informacionet zyrtare p\u00ebr struktur\u00ebn edhe veprimtarin e saj.","publisher":{"@id":"https:\/\/orthodoxalbania.org\/2020\/#organization"},"potentialAction":[{"@type":"SearchAction","target":{"@type":"EntryPoint","urlTemplate":"https:\/\/orthodoxalbania.org\/2020\/?s={search_term_string}"},"query-input":{"@type":"PropertyValueSpecification","valueRequired":true,"valueName":"search_term_string"}}],"inLanguage":"en-US"},{"@type":"Organization","@id":"https:\/\/orthodoxalbania.org\/2020\/#organization","name":"Kisha Orthodhokse Autoqefale e Shqip\u00ebris\u00eb","url":"https:\/\/orthodoxalbania.org\/2020\/","logo":{"@type":"ImageObject","inLanguage":"en-US","@id":"https:\/\/orthodoxalbania.org\/2020\/#\/schema\/logo\/image\/","url":"https:\/\/orthodoxalbania.org\/2020\/wp-content\/uploads\/2020\/05\/albania.jpeg","contentUrl":"https:\/\/orthodoxalbania.org\/2020\/wp-content\/uploads\/2020\/05\/albania.jpeg","width":540,"height":540,"caption":"Kisha Orthodhokse Autoqefale e Shqip\u00ebris\u00eb"},"image":{"@id":"https:\/\/orthodoxalbania.org\/2020\/#\/schema\/logo\/image\/"},"sameAs":["https:\/\/www.facebook.com\/koash1991"]},{"@type":"Person","@id":"https:\/\/orthodoxalbania.org\/2020\/#\/schema\/person\/0c387634a7063ac612d7ed9ce71c7e86","name":"Kisha Orthodhokse","image":{"@type":"ImageObject","inLanguage":"en-US","@id":"https:\/\/secure.gravatar.com\/avatar\/596e7c417251e30f2fbb9c00e026fce61a695a00e51c889caded71c96cbbdde5?s=96&d=mm&r=g","url":"https:\/\/secure.gravatar.com\/avatar\/596e7c417251e30f2fbb9c00e026fce61a695a00e51c889caded71c96cbbdde5?s=96&d=mm&r=g","contentUrl":"https:\/\/secure.gravatar.com\/avatar\/596e7c417251e30f2fbb9c00e026fce61a695a00e51c889caded71c96cbbdde5?s=96&d=mm&r=g","caption":"Kisha Orthodhokse"}}]}},"_links":{"self":[{"href":"https:\/\/orthodoxalbania.org\/2020\/wp-json\/wp\/v2\/posts\/1179","targetHints":{"allow":["GET"]}}],"collection":[{"href":"https:\/\/orthodoxalbania.org\/2020\/wp-json\/wp\/v2\/posts"}],"about":[{"href":"https:\/\/orthodoxalbania.org\/2020\/wp-json\/wp\/v2\/types\/post"}],"author":[{"embeddable":true,"href":"https:\/\/orthodoxalbania.org\/2020\/wp-json\/wp\/v2\/users\/1"}],"replies":[{"embeddable":true,"href":"https:\/\/orthodoxalbania.org\/2020\/wp-json\/wp\/v2\/comments?post=1179"}],"version-history":[{"count":1,"href":"https:\/\/orthodoxalbania.org\/2020\/wp-json\/wp\/v2\/posts\/1179\/revisions"}],"predecessor-version":[{"id":15712,"href":"https:\/\/orthodoxalbania.org\/2020\/wp-json\/wp\/v2\/posts\/1179\/revisions\/15712"}],"wp:attachment":[{"href":"https:\/\/orthodoxalbania.org\/2020\/wp-json\/wp\/v2\/media?parent=1179"}],"wp:term":[{"taxonomy":"category","embeddable":true,"href":"https:\/\/orthodoxalbania.org\/2020\/wp-json\/wp\/v2\/categories?post=1179"},{"taxonomy":"post_tag","embeddable":true,"href":"https:\/\/orthodoxalbania.org\/2020\/wp-json\/wp\/v2\/tags?post=1179"}],"curies":[{"name":"wp","href":"https:\/\/api.w.org\/{rel}","templated":true}]}}