{"id":1175,"date":"2013-09-18T16:56:44","date_gmt":"2013-09-18T16:56:44","guid":{"rendered":""},"modified":"2020-04-06T22:05:34","modified_gmt":"2020-04-06T20:05:34","slug":"rezolute-e-adoptuar-nga-asambleja-politike-e-partive-popullore-evropiane-bruksel-5-shator-2013-mbi-lirine-e-besimit-dhe-te-ushtrimit-te-tij","status":"publish","type":"post","link":"https:\/\/orthodoxalbania.org\/2020\/2013\/09\/18\/rezolute-e-adoptuar-nga-asambleja-politike-e-partive-popullore-evropiane-bruksel-5-shator-2013-mbi-lirine-e-besimit-dhe-te-ushtrimit-te-tij\/","title":{"rendered":"Rezolut\u00eb e adoptuar nga Asambleja Politike e Partive Popullore Evropiane (Bruksel, 5 shator, 2013), mbi lirin\u00eb e besimit dhe t\u00eb ushtrimit t\u00eb tij."},"content":{"rendered":"<p style=\"text-align: center;\">\n\t<img class=\"lazyload\" decoding=\"async\" src=\"data:image\/gif;base64,R0lGODlhAQABAAAAACH5BAEKAAEALAAAAAABAAEAAAICTAEAOw==\" data-orig-src=\"https:\/\/lh4.googleusercontent.com\/-jh-OJxenTBw\/UjqjLm_JQ8I\/AAAAAAAAGeQ\/nT_X4wab4YU\/w1278-h212-no\/ballore.PNG\" style=\"height: 149px; width: 900px; margin: 10px;\" \/><\/p>\n<p style=\"text-align: center;\">\n\t<strong style=\"color: rgb(0, 0, 205); font-size: 12px; font-family: tahoma, geneva, sans-serif;\">Rezolut\u00eb e adoptuar nga Asambleja Politike e Partive Popullore Evropiane (Bruksel, 5 shator, 2013), mbi lirin\u00eb e besimit dhe t\u00eb ushtrimit t\u00eb tij.<\/strong><\/p>\n<p style=\"text-align: center;\">\n\t&nbsp;<\/p>\n<p>\n\t&nbsp;<\/p>\n<p>\n\t<span style=\"color:#000000;\"><span style=\"font-family: tahoma,geneva,sans-serif;\"><span style=\"font-size: 12px;\"><strong><em>Duke marr\u00eb n\u00eb konsiderat\u00eb:<\/em><\/strong><\/span><\/span><\/span><\/p>\n<p>\n\t<span style=\"color:#000000;\"><span style=\"font-family: tahoma,geneva,sans-serif;\"><span style=\"font-size: 12px;\">&nbsp;&nbsp;&nbsp; Rezolut\u00ebn e pranuar unanimisht p\u00ebr Intoleranc\u00ebn Fetare, nga Asambleja Politike e PPE, n\u00eb janar 2013;<\/span><\/span><\/span><\/p>\n<p>\n\t<span style=\"color:#000000;\"><span style=\"font-family: tahoma,geneva,sans-serif;\"><span style=\"font-size: 12px;\">&nbsp;&nbsp;&nbsp; \u00cbsht\u00eb detyrim yni moral dhe bashk\u00ebp\u00ebrgjegj\u00ebsi t\u00eb kujdesemi p\u00ebr t\u00eb krishter\u00ebt n\u00ebp\u00ebr bot\u00eb, duke marr\u00eb parasysh trash\u00ebgimin\u00eb ton\u00eb kulturore, q\u00eb i ka rr\u00ebnj\u00ebt n\u00eb traditat Judeo-Kristiane;<\/span><\/span><\/span><\/p>\n<p>\n\t<span style=\"color:#000000;\"><span style=\"font-family: tahoma,geneva,sans-serif;\"><span style=\"font-size: 12px;\">&nbsp;&nbsp;&nbsp; Liria e mendimit, nd\u00ebrgjegjes dhe e besimit, si principe themelore, bazohet n\u00eb Deklarat\u00ebn e t\u00eb Drejtave Njer\u00ebzore, t\u00eb vitit 1948, dhe n\u00eb Kapitullin Evropian p\u00ebr t\u00eb Drejtat e Njeriut;<\/span><\/span><\/span><\/p>\n<p>\n\t<span style=\"color:#000000;\"><span style=\"font-family: tahoma,geneva,sans-serif;\"><span style=\"font-size: 12px;\">&nbsp;&nbsp;&nbsp; Duke u nisur nga fakti se muajt e fundit kan\u00eb ndodhur akte ekstremizmi dhe dhune kund\u00ebr kishave si vende lutjeje, n\u00eb Egjipt, Siri dhe Shqip\u00ebri,<\/span><\/span><\/span><\/p>\n<p>\n\t<span style=\"color:#000000;\"><span style=\"font-family: tahoma,geneva,sans-serif;\"><span style=\"font-size: 12px;\"><strong><em>Partia Popullore Evropiane:<\/em><\/strong><\/span><\/span><\/span><\/p>\n<p>\n\t<span style=\"color:#000000;\"><span style=\"font-family: tahoma,geneva,sans-serif;\"><span style=\"font-size: 12px;\">1. Riafirmon nevoj\u00ebn e respektimit t\u00eb plot\u00eb t\u00eb liris\u00eb s\u00eb besimit, si nj\u00eb e drejt\u00eb themelore dhe universale t\u00eb t\u00eb drejtave t\u00eb njeriut dhe si element esencial i demokracis\u00eb, respektimi i t\u00eb cilit \u00ebsht\u00eb nj\u00eb parakusht p\u00ebr t\u00eb aspiruar n\u00eb integrimin n\u00eb Bashkimin Evropian.<\/span><\/span><\/span><\/p>\n<p>\n\t<span style=\"color:#000000;\"><span style=\"font-family: tahoma,geneva,sans-serif;\"><span style=\"font-size: 12px;\">2. D\u00ebnon aktet e dhun\u00ebs, q\u00eb kan\u00eb si sh\u00ebnjest\u00ebr minoritetet fetare dhe komunitetet n\u00eb vende si Siria dhe Egjipti.<\/span><\/span><\/span><\/p>\n<p>\n\t<span style=\"color:#000000;\"><span style=\"font-family: tahoma,geneva,sans-serif;\"><span style=\"font-size: 12px;\">3. D\u00ebnon fort aktet ekstremiste kund\u00ebr Kish\u00ebs Orthodhokse n\u00eb P\u00ebrmet, Shqip\u00ebri, ndaj prift\u00ebrinjve dhe pron\u00ebs s\u00eb saj, si nj\u00eb akt ekstremizmi kund\u00ebr Krishterimit n\u00eb Truallin Evropian.<\/span><\/span><\/span><\/p>\n<p>\n\t<span style=\"color:#000000;\"><span style=\"font-family: tahoma,geneva,sans-serif;\"><span style=\"font-size: 12px;\">4. U k\u00ebrkon gjith\u00eb autoriteteve t\u00eb frenojn\u00eb \u00e7do akt diskriminues kund\u00ebr grupeve fetare dhe t\u00eb sigurojn\u00eb dinjitet dhe mund\u00ebsi t\u00eb nj\u00ebjta p\u00ebr qytetar\u00ebt e Egjiptit dhe t\u00eb Siris\u00eb.<\/span><\/span><\/span><\/p>\n<p>\n\t<span style=\"color:#000000;\"><span style=\"font-family: tahoma,geneva,sans-serif;\"><span style=\"font-size: 12px;\">5. B\u00ebn thirrje p\u00ebr respekt dhe mbrojtje t\u00eb duhur t\u00eb pronave t\u00eb komuniteteve fetare (kisha, institucione bamir\u00ebsie, shkolla fetare).<\/span><\/span><\/span><\/p>\n<p>\n\t<span style=\"font-family:tahoma,geneva,sans-serif;\"><span style=\"font-size: 12px;\"><span style=\"color:#000000;\">Shih: <\/span><a href=\"http:\/\/www.epp.eu\/epp-political-assembly-expresses-concern-over-russian-pressure-eastern-partnership-countries#\">http:\/\/www.epp.eu\/epp-political-assembly-expresses-concern-over-russian-pressure-eastern-partnership-countries#<\/a><\/span><\/span><\/p>\n<p>\n\t<span style=\"font-family:tahoma,geneva,sans-serif;\"><span style=\"font-size: 12px;\"><a href=\"http:\/\/www.scribd.com\/doc\/166006009\/EPP-Resolution-on-Freedom-of-Faith-and-Worship\">http:\/\/www.scribd.com\/doc\/166006009\/EPP-Resolution-on-Freedom-of-Faith-and-Worship&nbsp;<\/a><\/span><\/span><\/p>\n","protected":false},"excerpt":{"rendered":"<p>Rezolut\u00eb e adoptuar nga Asambleja Politike e Partive Popullore Evropiane (Bruksel, 5 shator, 2013), mbi lirin\u00eb e besimit dhe t\u00eb ushtrimit t\u00eb tij. &nbsp; &nbsp; Duke marr\u00eb n\u00eb konsiderat\u00eb: &nbsp;&nbsp;&nbsp; Rezolut\u00ebn e pranuar unanimisht p\u00ebr Intoleranc\u00ebn Fetare, nga Asambleja Politike e PPE, n\u00eb janar 2013; &nbsp;&nbsp;&nbsp; \u00cbsht\u00eb detyrim yni moral dhe bashk\u00ebp\u00ebrgjegj\u00ebsi t\u00eb kujdesemi p\u00ebr t\u00eb krishter\u00ebt n\u00ebp\u00ebr bot\u00eb, duke marr\u00eb parasysh trash\u00ebgimin\u00eb ton\u00eb kulturore,<\/p>\n","protected":false},"author":1,"featured_media":0,"comment_status":"open","ping_status":"open","sticky":false,"template":"","format":"standard","meta":{"_acf_changed":false,"pagelayer_contact_templates":[],"_pagelayer_content":"","inline_featured_image":false,"fifu_image_url":"","fifu_image_alt":"","footnotes":""},"categories":[108],"tags":[141,153,196,212],"class_list":["post-1175","post","type-post","status-publish","format-standard","hentry","category-lajme","tag-141","tag-deklarata-njoftime-zyrtare-d75","tag-tirane","tag-lajme-d27"],"acf":[],"yoast_head":"<!-- This site is optimized with the Yoast SEO plugin v27.2 - https:\/\/yoast.com\/product\/yoast-seo-wordpress\/ -->\n<title>Rezolut\u00eb e adoptuar nga Asambleja Politike e Partive Popullore Evropiane (Bruksel, 5 shator, 2013), mbi lirin\u00eb e besimit dhe t\u00eb ushtrimit t\u00eb tij. - Kisha Orthodh\u03bfkse Autoqefale e Shqip\u00ebris\u00eb<\/title>\n<meta name=\"robots\" content=\"index, follow, max-snippet:-1, max-image-preview:large, max-video-preview:-1\" \/>\n<link rel=\"canonical\" href=\"https:\/\/orthodoxalbania.org\/2020\/2013\/09\/18\/rezolute-e-adoptuar-nga-asambleja-politike-e-partive-popullore-evropiane-bruksel-5-shator-2013-mbi-lirine-e-besimit-dhe-te-ushtrimit-te-tij\/\" \/>\n<meta property=\"og:locale\" content=\"en_US\" \/>\n<meta property=\"og:type\" content=\"article\" \/>\n<meta property=\"og:title\" content=\"Rezolut\u00eb e adoptuar nga Asambleja Politike e Partive Popullore Evropiane (Bruksel, 5 shator, 2013), mbi lirin\u00eb e besimit dhe t\u00eb ushtrimit t\u00eb tij. - Kisha Orthodh\u03bfkse Autoqefale e Shqip\u00ebris\u00eb\" \/>\n<meta property=\"og:description\" content=\"Rezolut\u00eb e adoptuar nga Asambleja Politike e Partive Popullore Evropiane (Bruksel, 5 shator, 2013), mbi lirin\u00eb e besimit dhe t\u00eb ushtrimit t\u00eb tij. &nbsp; &nbsp; Duke marr\u00eb n\u00eb konsiderat\u00eb: &nbsp;&nbsp;&nbsp; Rezolut\u00ebn e pranuar unanimisht p\u00ebr Intoleranc\u00ebn Fetare, nga Asambleja Politike e PPE, n\u00eb janar 2013; &nbsp;&nbsp;&nbsp; \u00cbsht\u00eb detyrim yni moral dhe bashk\u00ebp\u00ebrgjegj\u00ebsi t\u00eb kujdesemi p\u00ebr t\u00eb krishter\u00ebt n\u00ebp\u00ebr bot\u00eb, duke marr\u00eb parasysh trash\u00ebgimin\u00eb ton\u00eb kulturore,\" \/>\n<meta property=\"og:url\" content=\"https:\/\/orthodoxalbania.org\/2020\/2013\/09\/18\/rezolute-e-adoptuar-nga-asambleja-politike-e-partive-popullore-evropiane-bruksel-5-shator-2013-mbi-lirine-e-besimit-dhe-te-ushtrimit-te-tij\/\" \/>\n<meta property=\"og:site_name\" content=\"Kisha Orthodh\u03bfkse Autoqefale e Shqip\u00ebris\u00eb\" \/>\n<meta property=\"article:publisher\" content=\"https:\/\/www.facebook.com\/koash1991\" \/>\n<meta property=\"article:published_time\" content=\"2013-09-18T16:56:44+00:00\" \/>\n<meta property=\"article:modified_time\" content=\"2020-04-06T20:05:34+00:00\" \/>\n<meta property=\"og:image\" content=\"https:\/\/lh4.googleusercontent.com\/-jh-OJxenTBw\/UjqjLm_JQ8I\/AAAAAAAAGeQ\/nT_X4wab4YU\/w1278-h212-no\/ballore.PNG\" \/>\n<meta name=\"author\" content=\"Kisha Orthodhokse\" \/>\n<meta name=\"twitter:card\" content=\"summary_large_image\" \/>\n<meta name=\"twitter:label1\" content=\"Written by\" \/>\n\t<meta name=\"twitter:data1\" content=\"Kisha Orthodhokse\" \/>\n\t<meta name=\"twitter:label2\" content=\"Est. reading time\" \/>\n\t<meta name=\"twitter:data2\" content=\"2 minutes\" \/>\n<script type=\"application\/ld+json\" class=\"yoast-schema-graph\">{\"@context\":\"https:\/\/schema.org\",\"@graph\":[{\"@type\":\"Article\",\"@id\":\"https:\/\/orthodoxalbania.org\/2020\/2013\/09\/18\/rezolute-e-adoptuar-nga-asambleja-politike-e-partive-popullore-evropiane-bruksel-5-shator-2013-mbi-lirine-e-besimit-dhe-te-ushtrimit-te-tij\/#article\",\"isPartOf\":{\"@id\":\"https:\/\/orthodoxalbania.org\/2020\/2013\/09\/18\/rezolute-e-adoptuar-nga-asambleja-politike-e-partive-popullore-evropiane-bruksel-5-shator-2013-mbi-lirine-e-besimit-dhe-te-ushtrimit-te-tij\/\"},\"author\":{\"name\":\"Kisha Orthodhokse\",\"@id\":\"https:\/\/orthodoxalbania.org\/2020\/#\/schema\/person\/0c387634a7063ac612d7ed9ce71c7e86\"},\"headline\":\"Rezolut\u00eb e adoptuar nga Asambleja Politike e Partive Popullore Evropiane (Bruksel, 5 shator, 2013), mbi lirin\u00eb e besimit dhe t\u00eb ushtrimit t\u00eb tij.\",\"datePublished\":\"2013-09-18T16:56:44+00:00\",\"dateModified\":\"2020-04-06T20:05:34+00:00\",\"mainEntityOfPage\":{\"@id\":\"https:\/\/orthodoxalbania.org\/2020\/2013\/09\/18\/rezolute-e-adoptuar-nga-asambleja-politike-e-partive-popullore-evropiane-bruksel-5-shator-2013-mbi-lirine-e-besimit-dhe-te-ushtrimit-te-tij\/\"},\"wordCount\":342,\"commentCount\":0,\"publisher\":{\"@id\":\"https:\/\/orthodoxalbania.org\/2020\/#organization\"},\"image\":{\"@id\":\"https:\/\/orthodoxalbania.org\/2020\/2013\/09\/18\/rezolute-e-adoptuar-nga-asambleja-politike-e-partive-popullore-evropiane-bruksel-5-shator-2013-mbi-lirine-e-besimit-dhe-te-ushtrimit-te-tij\/#primaryimage\"},\"thumbnailUrl\":\"https:\/\/lh4.googleusercontent.com\/-jh-OJxenTBw\/UjqjLm_JQ8I\/AAAAAAAAGeQ\/nT_X4wab4YU\/w1278-h212-no\/ballore.PNG\",\"keywords\":[\"2013\",\"Deklarata - Njoftime Zyrtare\",\"Kryepiskopata Tiran\u00eb\",\"lajme\"],\"articleSection\":[\"Lajme\"],\"inLanguage\":\"en-US\"},{\"@type\":\"WebPage\",\"@id\":\"https:\/\/orthodoxalbania.org\/2020\/2013\/09\/18\/rezolute-e-adoptuar-nga-asambleja-politike-e-partive-popullore-evropiane-bruksel-5-shator-2013-mbi-lirine-e-besimit-dhe-te-ushtrimit-te-tij\/\",\"url\":\"https:\/\/orthodoxalbania.org\/2020\/2013\/09\/18\/rezolute-e-adoptuar-nga-asambleja-politike-e-partive-popullore-evropiane-bruksel-5-shator-2013-mbi-lirine-e-besimit-dhe-te-ushtrimit-te-tij\/\",\"name\":\"Rezolut\u00eb e adoptuar nga Asambleja Politike e Partive Popullore Evropiane (Bruksel, 5 shator, 2013), mbi lirin\u00eb e besimit dhe t\u00eb ushtrimit t\u00eb tij. - Kisha Orthodh\u03bfkse Autoqefale e Shqip\u00ebris\u00eb\",\"isPartOf\":{\"@id\":\"https:\/\/orthodoxalbania.org\/2020\/#website\"},\"primaryImageOfPage\":{\"@id\":\"https:\/\/orthodoxalbania.org\/2020\/2013\/09\/18\/rezolute-e-adoptuar-nga-asambleja-politike-e-partive-popullore-evropiane-bruksel-5-shator-2013-mbi-lirine-e-besimit-dhe-te-ushtrimit-te-tij\/#primaryimage\"},\"image\":{\"@id\":\"https:\/\/orthodoxalbania.org\/2020\/2013\/09\/18\/rezolute-e-adoptuar-nga-asambleja-politike-e-partive-popullore-evropiane-bruksel-5-shator-2013-mbi-lirine-e-besimit-dhe-te-ushtrimit-te-tij\/#primaryimage\"},\"thumbnailUrl\":\"https:\/\/lh4.googleusercontent.com\/-jh-OJxenTBw\/UjqjLm_JQ8I\/AAAAAAAAGeQ\/nT_X4wab4YU\/w1278-h212-no\/ballore.PNG\",\"datePublished\":\"2013-09-18T16:56:44+00:00\",\"dateModified\":\"2020-04-06T20:05:34+00:00\",\"breadcrumb\":{\"@id\":\"https:\/\/orthodoxalbania.org\/2020\/2013\/09\/18\/rezolute-e-adoptuar-nga-asambleja-politike-e-partive-popullore-evropiane-bruksel-5-shator-2013-mbi-lirine-e-besimit-dhe-te-ushtrimit-te-tij\/#breadcrumb\"},\"inLanguage\":\"en-US\",\"potentialAction\":[{\"@type\":\"ReadAction\",\"target\":[\"https:\/\/orthodoxalbania.org\/2020\/2013\/09\/18\/rezolute-e-adoptuar-nga-asambleja-politike-e-partive-popullore-evropiane-bruksel-5-shator-2013-mbi-lirine-e-besimit-dhe-te-ushtrimit-te-tij\/\"]}]},{\"@type\":\"ImageObject\",\"inLanguage\":\"en-US\",\"@id\":\"https:\/\/orthodoxalbania.org\/2020\/2013\/09\/18\/rezolute-e-adoptuar-nga-asambleja-politike-e-partive-popullore-evropiane-bruksel-5-shator-2013-mbi-lirine-e-besimit-dhe-te-ushtrimit-te-tij\/#primaryimage\",\"url\":\"https:\/\/lh4.googleusercontent.com\/-jh-OJxenTBw\/UjqjLm_JQ8I\/AAAAAAAAGeQ\/nT_X4wab4YU\/w1278-h212-no\/ballore.PNG\",\"contentUrl\":\"https:\/\/lh4.googleusercontent.com\/-jh-OJxenTBw\/UjqjLm_JQ8I\/AAAAAAAAGeQ\/nT_X4wab4YU\/w1278-h212-no\/ballore.PNG\"},{\"@type\":\"BreadcrumbList\",\"@id\":\"https:\/\/orthodoxalbania.org\/2020\/2013\/09\/18\/rezolute-e-adoptuar-nga-asambleja-politike-e-partive-popullore-evropiane-bruksel-5-shator-2013-mbi-lirine-e-besimit-dhe-te-ushtrimit-te-tij\/#breadcrumb\",\"itemListElement\":[{\"@type\":\"ListItem\",\"position\":1,\"name\":\"Home\",\"item\":\"https:\/\/orthodoxalbania.org\/2020\/\"},{\"@type\":\"ListItem\",\"position\":2,\"name\":\"Rezolut\u00eb e adoptuar nga Asambleja Politike e Partive Popullore Evropiane (Bruksel, 5 shator, 2013), mbi lirin\u00eb e besimit dhe t\u00eb ushtrimit t\u00eb tij.\"}]},{\"@type\":\"WebSite\",\"@id\":\"https:\/\/orthodoxalbania.org\/2020\/#website\",\"url\":\"https:\/\/orthodoxalbania.org\/2020\/\",\"name\":\"Kisha Orthodh\u03bfkse Autoqefale e Shqip\u00ebris\u00eb\",\"description\":\"Fqja Zyrtare e Kish\u00ebs Orthodhokse Autoqefale e Shqip\u00ebris\u00eb me lajmet edhe informacionet zyrtare p\u00ebr struktur\u00ebn edhe veprimtarin e saj.\",\"publisher\":{\"@id\":\"https:\/\/orthodoxalbania.org\/2020\/#organization\"},\"potentialAction\":[{\"@type\":\"SearchAction\",\"target\":{\"@type\":\"EntryPoint\",\"urlTemplate\":\"https:\/\/orthodoxalbania.org\/2020\/?s={search_term_string}\"},\"query-input\":{\"@type\":\"PropertyValueSpecification\",\"valueRequired\":true,\"valueName\":\"search_term_string\"}}],\"inLanguage\":\"en-US\"},{\"@type\":\"Organization\",\"@id\":\"https:\/\/orthodoxalbania.org\/2020\/#organization\",\"name\":\"Kisha Orthodhokse Autoqefale e Shqip\u00ebris\u00eb\",\"url\":\"https:\/\/orthodoxalbania.org\/2020\/\",\"logo\":{\"@type\":\"ImageObject\",\"inLanguage\":\"en-US\",\"@id\":\"https:\/\/orthodoxalbania.org\/2020\/#\/schema\/logo\/image\/\",\"url\":\"https:\/\/orthodoxalbania.org\/2020\/wp-content\/uploads\/2020\/05\/albania.jpeg\",\"contentUrl\":\"https:\/\/orthodoxalbania.org\/2020\/wp-content\/uploads\/2020\/05\/albania.jpeg\",\"width\":540,\"height\":540,\"caption\":\"Kisha Orthodhokse Autoqefale e Shqip\u00ebris\u00eb\"},\"image\":{\"@id\":\"https:\/\/orthodoxalbania.org\/2020\/#\/schema\/logo\/image\/\"},\"sameAs\":[\"https:\/\/www.facebook.com\/koash1991\"]},{\"@type\":\"Person\",\"@id\":\"https:\/\/orthodoxalbania.org\/2020\/#\/schema\/person\/0c387634a7063ac612d7ed9ce71c7e86\",\"name\":\"Kisha Orthodhokse\",\"image\":{\"@type\":\"ImageObject\",\"inLanguage\":\"en-US\",\"@id\":\"https:\/\/secure.gravatar.com\/avatar\/596e7c417251e30f2fbb9c00e026fce61a695a00e51c889caded71c96cbbdde5?s=96&d=mm&r=g\",\"url\":\"https:\/\/secure.gravatar.com\/avatar\/596e7c417251e30f2fbb9c00e026fce61a695a00e51c889caded71c96cbbdde5?s=96&d=mm&r=g\",\"contentUrl\":\"https:\/\/secure.gravatar.com\/avatar\/596e7c417251e30f2fbb9c00e026fce61a695a00e51c889caded71c96cbbdde5?s=96&d=mm&r=g\",\"caption\":\"Kisha Orthodhokse\"}}]}<\/script>\n<!-- \/ Yoast SEO plugin. -->","yoast_head_json":{"title":"Rezolut\u00eb e adoptuar nga Asambleja Politike e Partive Popullore Evropiane (Bruksel, 5 shator, 2013), mbi lirin\u00eb e besimit dhe t\u00eb ushtrimit t\u00eb tij. - Kisha Orthodh\u03bfkse Autoqefale e Shqip\u00ebris\u00eb","robots":{"index":"index","follow":"follow","max-snippet":"max-snippet:-1","max-image-preview":"max-image-preview:large","max-video-preview":"max-video-preview:-1"},"canonical":"https:\/\/orthodoxalbania.org\/2020\/2013\/09\/18\/rezolute-e-adoptuar-nga-asambleja-politike-e-partive-popullore-evropiane-bruksel-5-shator-2013-mbi-lirine-e-besimit-dhe-te-ushtrimit-te-tij\/","og_locale":"en_US","og_type":"article","og_title":"Rezolut\u00eb e adoptuar nga Asambleja Politike e Partive Popullore Evropiane (Bruksel, 5 shator, 2013), mbi lirin\u00eb e besimit dhe t\u00eb ushtrimit t\u00eb tij. - Kisha Orthodh\u03bfkse Autoqefale e Shqip\u00ebris\u00eb","og_description":"Rezolut\u00eb e adoptuar nga Asambleja Politike e Partive Popullore Evropiane (Bruksel, 5 shator, 2013), mbi lirin\u00eb e besimit dhe t\u00eb ushtrimit t\u00eb tij. &nbsp; &nbsp; Duke marr\u00eb n\u00eb konsiderat\u00eb: &nbsp;&nbsp;&nbsp; Rezolut\u00ebn e pranuar unanimisht p\u00ebr Intoleranc\u00ebn Fetare, nga Asambleja Politike e PPE, n\u00eb janar 2013; &nbsp;&nbsp;&nbsp; \u00cbsht\u00eb detyrim yni moral dhe bashk\u00ebp\u00ebrgjegj\u00ebsi t\u00eb kujdesemi p\u00ebr t\u00eb krishter\u00ebt n\u00ebp\u00ebr bot\u00eb, duke marr\u00eb parasysh trash\u00ebgimin\u00eb ton\u00eb kulturore,","og_url":"https:\/\/orthodoxalbania.org\/2020\/2013\/09\/18\/rezolute-e-adoptuar-nga-asambleja-politike-e-partive-popullore-evropiane-bruksel-5-shator-2013-mbi-lirine-e-besimit-dhe-te-ushtrimit-te-tij\/","og_site_name":"Kisha Orthodh\u03bfkse Autoqefale e Shqip\u00ebris\u00eb","article_publisher":"https:\/\/www.facebook.com\/koash1991","article_published_time":"2013-09-18T16:56:44+00:00","article_modified_time":"2020-04-06T20:05:34+00:00","og_image":[{"url":"https:\/\/lh4.googleusercontent.com\/-jh-OJxenTBw\/UjqjLm_JQ8I\/AAAAAAAAGeQ\/nT_X4wab4YU\/w1278-h212-no\/ballore.PNG","type":"","width":"","height":""}],"author":"Kisha Orthodhokse","twitter_card":"summary_large_image","twitter_misc":{"Written by":"Kisha Orthodhokse","Est. reading time":"2 minutes"},"schema":{"@context":"https:\/\/schema.org","@graph":[{"@type":"Article","@id":"https:\/\/orthodoxalbania.org\/2020\/2013\/09\/18\/rezolute-e-adoptuar-nga-asambleja-politike-e-partive-popullore-evropiane-bruksel-5-shator-2013-mbi-lirine-e-besimit-dhe-te-ushtrimit-te-tij\/#article","isPartOf":{"@id":"https:\/\/orthodoxalbania.org\/2020\/2013\/09\/18\/rezolute-e-adoptuar-nga-asambleja-politike-e-partive-popullore-evropiane-bruksel-5-shator-2013-mbi-lirine-e-besimit-dhe-te-ushtrimit-te-tij\/"},"author":{"name":"Kisha Orthodhokse","@id":"https:\/\/orthodoxalbania.org\/2020\/#\/schema\/person\/0c387634a7063ac612d7ed9ce71c7e86"},"headline":"Rezolut\u00eb e adoptuar nga Asambleja Politike e Partive Popullore Evropiane (Bruksel, 5 shator, 2013), mbi lirin\u00eb e besimit dhe t\u00eb ushtrimit t\u00eb tij.","datePublished":"2013-09-18T16:56:44+00:00","dateModified":"2020-04-06T20:05:34+00:00","mainEntityOfPage":{"@id":"https:\/\/orthodoxalbania.org\/2020\/2013\/09\/18\/rezolute-e-adoptuar-nga-asambleja-politike-e-partive-popullore-evropiane-bruksel-5-shator-2013-mbi-lirine-e-besimit-dhe-te-ushtrimit-te-tij\/"},"wordCount":342,"commentCount":0,"publisher":{"@id":"https:\/\/orthodoxalbania.org\/2020\/#organization"},"image":{"@id":"https:\/\/orthodoxalbania.org\/2020\/2013\/09\/18\/rezolute-e-adoptuar-nga-asambleja-politike-e-partive-popullore-evropiane-bruksel-5-shator-2013-mbi-lirine-e-besimit-dhe-te-ushtrimit-te-tij\/#primaryimage"},"thumbnailUrl":"https:\/\/lh4.googleusercontent.com\/-jh-OJxenTBw\/UjqjLm_JQ8I\/AAAAAAAAGeQ\/nT_X4wab4YU\/w1278-h212-no\/ballore.PNG","keywords":["2013","Deklarata - Njoftime Zyrtare","Kryepiskopata Tiran\u00eb","lajme"],"articleSection":["Lajme"],"inLanguage":"en-US"},{"@type":"WebPage","@id":"https:\/\/orthodoxalbania.org\/2020\/2013\/09\/18\/rezolute-e-adoptuar-nga-asambleja-politike-e-partive-popullore-evropiane-bruksel-5-shator-2013-mbi-lirine-e-besimit-dhe-te-ushtrimit-te-tij\/","url":"https:\/\/orthodoxalbania.org\/2020\/2013\/09\/18\/rezolute-e-adoptuar-nga-asambleja-politike-e-partive-popullore-evropiane-bruksel-5-shator-2013-mbi-lirine-e-besimit-dhe-te-ushtrimit-te-tij\/","name":"Rezolut\u00eb e adoptuar nga Asambleja Politike e Partive Popullore Evropiane (Bruksel, 5 shator, 2013), mbi lirin\u00eb e besimit dhe t\u00eb ushtrimit t\u00eb tij. - Kisha Orthodh\u03bfkse Autoqefale e Shqip\u00ebris\u00eb","isPartOf":{"@id":"https:\/\/orthodoxalbania.org\/2020\/#website"},"primaryImageOfPage":{"@id":"https:\/\/orthodoxalbania.org\/2020\/2013\/09\/18\/rezolute-e-adoptuar-nga-asambleja-politike-e-partive-popullore-evropiane-bruksel-5-shator-2013-mbi-lirine-e-besimit-dhe-te-ushtrimit-te-tij\/#primaryimage"},"image":{"@id":"https:\/\/orthodoxalbania.org\/2020\/2013\/09\/18\/rezolute-e-adoptuar-nga-asambleja-politike-e-partive-popullore-evropiane-bruksel-5-shator-2013-mbi-lirine-e-besimit-dhe-te-ushtrimit-te-tij\/#primaryimage"},"thumbnailUrl":"https:\/\/lh4.googleusercontent.com\/-jh-OJxenTBw\/UjqjLm_JQ8I\/AAAAAAAAGeQ\/nT_X4wab4YU\/w1278-h212-no\/ballore.PNG","datePublished":"2013-09-18T16:56:44+00:00","dateModified":"2020-04-06T20:05:34+00:00","breadcrumb":{"@id":"https:\/\/orthodoxalbania.org\/2020\/2013\/09\/18\/rezolute-e-adoptuar-nga-asambleja-politike-e-partive-popullore-evropiane-bruksel-5-shator-2013-mbi-lirine-e-besimit-dhe-te-ushtrimit-te-tij\/#breadcrumb"},"inLanguage":"en-US","potentialAction":[{"@type":"ReadAction","target":["https:\/\/orthodoxalbania.org\/2020\/2013\/09\/18\/rezolute-e-adoptuar-nga-asambleja-politike-e-partive-popullore-evropiane-bruksel-5-shator-2013-mbi-lirine-e-besimit-dhe-te-ushtrimit-te-tij\/"]}]},{"@type":"ImageObject","inLanguage":"en-US","@id":"https:\/\/orthodoxalbania.org\/2020\/2013\/09\/18\/rezolute-e-adoptuar-nga-asambleja-politike-e-partive-popullore-evropiane-bruksel-5-shator-2013-mbi-lirine-e-besimit-dhe-te-ushtrimit-te-tij\/#primaryimage","url":"https:\/\/lh4.googleusercontent.com\/-jh-OJxenTBw\/UjqjLm_JQ8I\/AAAAAAAAGeQ\/nT_X4wab4YU\/w1278-h212-no\/ballore.PNG","contentUrl":"https:\/\/lh4.googleusercontent.com\/-jh-OJxenTBw\/UjqjLm_JQ8I\/AAAAAAAAGeQ\/nT_X4wab4YU\/w1278-h212-no\/ballore.PNG"},{"@type":"BreadcrumbList","@id":"https:\/\/orthodoxalbania.org\/2020\/2013\/09\/18\/rezolute-e-adoptuar-nga-asambleja-politike-e-partive-popullore-evropiane-bruksel-5-shator-2013-mbi-lirine-e-besimit-dhe-te-ushtrimit-te-tij\/#breadcrumb","itemListElement":[{"@type":"ListItem","position":1,"name":"Home","item":"https:\/\/orthodoxalbania.org\/2020\/"},{"@type":"ListItem","position":2,"name":"Rezolut\u00eb e adoptuar nga Asambleja Politike e Partive Popullore Evropiane (Bruksel, 5 shator, 2013), mbi lirin\u00eb e besimit dhe t\u00eb ushtrimit t\u00eb tij."}]},{"@type":"WebSite","@id":"https:\/\/orthodoxalbania.org\/2020\/#website","url":"https:\/\/orthodoxalbania.org\/2020\/","name":"Kisha Orthodh\u03bfkse Autoqefale e Shqip\u00ebris\u00eb","description":"Fqja Zyrtare e Kish\u00ebs Orthodhokse Autoqefale e Shqip\u00ebris\u00eb me lajmet edhe informacionet zyrtare p\u00ebr struktur\u00ebn edhe veprimtarin e saj.","publisher":{"@id":"https:\/\/orthodoxalbania.org\/2020\/#organization"},"potentialAction":[{"@type":"SearchAction","target":{"@type":"EntryPoint","urlTemplate":"https:\/\/orthodoxalbania.org\/2020\/?s={search_term_string}"},"query-input":{"@type":"PropertyValueSpecification","valueRequired":true,"valueName":"search_term_string"}}],"inLanguage":"en-US"},{"@type":"Organization","@id":"https:\/\/orthodoxalbania.org\/2020\/#organization","name":"Kisha Orthodhokse Autoqefale e Shqip\u00ebris\u00eb","url":"https:\/\/orthodoxalbania.org\/2020\/","logo":{"@type":"ImageObject","inLanguage":"en-US","@id":"https:\/\/orthodoxalbania.org\/2020\/#\/schema\/logo\/image\/","url":"https:\/\/orthodoxalbania.org\/2020\/wp-content\/uploads\/2020\/05\/albania.jpeg","contentUrl":"https:\/\/orthodoxalbania.org\/2020\/wp-content\/uploads\/2020\/05\/albania.jpeg","width":540,"height":540,"caption":"Kisha Orthodhokse Autoqefale e Shqip\u00ebris\u00eb"},"image":{"@id":"https:\/\/orthodoxalbania.org\/2020\/#\/schema\/logo\/image\/"},"sameAs":["https:\/\/www.facebook.com\/koash1991"]},{"@type":"Person","@id":"https:\/\/orthodoxalbania.org\/2020\/#\/schema\/person\/0c387634a7063ac612d7ed9ce71c7e86","name":"Kisha Orthodhokse","image":{"@type":"ImageObject","inLanguage":"en-US","@id":"https:\/\/secure.gravatar.com\/avatar\/596e7c417251e30f2fbb9c00e026fce61a695a00e51c889caded71c96cbbdde5?s=96&d=mm&r=g","url":"https:\/\/secure.gravatar.com\/avatar\/596e7c417251e30f2fbb9c00e026fce61a695a00e51c889caded71c96cbbdde5?s=96&d=mm&r=g","contentUrl":"https:\/\/secure.gravatar.com\/avatar\/596e7c417251e30f2fbb9c00e026fce61a695a00e51c889caded71c96cbbdde5?s=96&d=mm&r=g","caption":"Kisha Orthodhokse"}}]}},"_links":{"self":[{"href":"https:\/\/orthodoxalbania.org\/2020\/wp-json\/wp\/v2\/posts\/1175","targetHints":{"allow":["GET"]}}],"collection":[{"href":"https:\/\/orthodoxalbania.org\/2020\/wp-json\/wp\/v2\/posts"}],"about":[{"href":"https:\/\/orthodoxalbania.org\/2020\/wp-json\/wp\/v2\/types\/post"}],"author":[{"embeddable":true,"href":"https:\/\/orthodoxalbania.org\/2020\/wp-json\/wp\/v2\/users\/1"}],"replies":[{"embeddable":true,"href":"https:\/\/orthodoxalbania.org\/2020\/wp-json\/wp\/v2\/comments?post=1175"}],"version-history":[{"count":1,"href":"https:\/\/orthodoxalbania.org\/2020\/wp-json\/wp\/v2\/posts\/1175\/revisions"}],"predecessor-version":[{"id":15178,"href":"https:\/\/orthodoxalbania.org\/2020\/wp-json\/wp\/v2\/posts\/1175\/revisions\/15178"}],"wp:attachment":[{"href":"https:\/\/orthodoxalbania.org\/2020\/wp-json\/wp\/v2\/media?parent=1175"}],"wp:term":[{"taxonomy":"category","embeddable":true,"href":"https:\/\/orthodoxalbania.org\/2020\/wp-json\/wp\/v2\/categories?post=1175"},{"taxonomy":"post_tag","embeddable":true,"href":"https:\/\/orthodoxalbania.org\/2020\/wp-json\/wp\/v2\/tags?post=1175"}],"curies":[{"name":"wp","href":"https:\/\/api.w.org\/{rel}","templated":true}]}}