{"id":1168,"date":"2007-02-26T00:00:00","date_gmt":"2007-02-26T00:00:00","guid":{"rendered":""},"modified":"2020-04-06T22:35:46","modified_gmt":"2020-04-06T20:35:46","slug":"regjistrimi-dhe-konkurimi-ne-institutin-e-formimit-profesional-fryme-dashurie-tirane-shtator-2007","status":"publish","type":"post","link":"https:\/\/orthodoxalbania.org\/2020\/2007\/02\/26\/regjistrimi-dhe-konkurimi-ne-institutin-e-formimit-profesional-fryme-dashurie-tirane-shtator-2007\/","title":{"rendered":"Regjistrimi dhe konkurimi n\u00eb Institutin e Formimit Profesional \u201cFrym\u00eb Dashurie\u201d, Tiran\u00eb. (Shtator 2007)"},"content":{"rendered":"<div style=\"text-align: center;\"><span style=\"color: #b22222;\"><span style=\"font-family: tahoma,geneva,sans-serif;\"><span style=\"font-size: 12px;\"><strong>TASHM\u00cb M\u00cb BASHK\u00cbKOHORE N\u00cb PROGRAME DHE PAJISJE<\/strong><\/span><\/span><\/span><\/div>\n<div style=\"margin-left: 17.85pt;\">&nbsp;<\/div>\n<div style=\"margin-left: 17.85pt; text-align: center;\"><span style=\"font-family: tahoma,geneva,sans-serif;\"><span style=\"font-size: 12px;\"><span style=\"color: #000000;\">Lajm\u00ebrohen t\u00eb gjith\u00eb t\u00eb interesuarit se n\u00eb dat\u00eb <strong>3 Shtator 2007<\/strong> do t\u00eb fillojn\u00eb<br \/> regjistrimet p\u00ebr konkurs n\u00eb deg\u00ebt e Institutit t\u00eb Formimit Profesional \u201cFrym\u00eb Dashurie\u201d.<\/span><\/span><\/span><\/div>\n<div style=\"margin-left: 17.85pt;\">&nbsp;<\/div>\n<div style=\"margin-left: 17.85pt;\">&nbsp;<\/div>\n<div style=\"margin-left: 17.85pt;\"><span style=\"color: #ff0000;\"><span style=\"font-family: tahoma,geneva,sans-serif;\"><span style=\"font-size: 12px;\">&#8211;&nbsp; <\/span><\/span><\/span><span style=\"font-family: tahoma,geneva,sans-serif;\"><span style=\"font-size: 12px;\"><strong><a><span style=\"color: #ff0000;\">Kuad\u00ebr Menaxher dhe Specialist n\u00eb Llogarit\u00eb e Kompjuterizuara<\/span><\/a><a><span style=\"color: #ff0000;\">(Deg\u00ebt ekonomike)<\/span><\/a><\/strong><\/span><\/span><\/div>\n<div style=\"margin-left: 17.85pt;\"><span style=\"color: #ff0000;\"><span style=\"font-family: tahoma,geneva,sans-serif;\"><span style=\"font-size: 12px;\"><a>&#8211;&nbsp; <\/a><\/span><\/span><\/span><span style=\"font-family: tahoma,geneva,sans-serif;\"><span style=\"font-size: 12px;\"><span style=\"color: #ff0000;\"><strong><a>Restaurim dhe Konservim t\u00eb Veprave t\u00eb Artit<\/a><\/strong><\/span><\/span><\/span><\/div>\n<div style=\"margin-left: 17.85pt;\"><span style=\"color: #ff0000;\"><span style=\"font-family: tahoma,geneva,sans-serif;\"><span style=\"font-size: 12px;\">&#8211;<\/span><\/span><\/span><span style=\"font-family: tahoma,geneva,sans-serif;\"><span style=\"font-size: 12px;\"><strong><a><span style=\"color: #ff0000;\">&nbsp; Informatik\u00eb<\/span><\/a><\/strong><\/span><\/span><\/div>\n<div style=\"margin-left: 17.85pt;\"><span style=\"color: #ff0000;\"><span style=\"font-family: tahoma,geneva,sans-serif;\"><span style=\"font-size: 12px;\">&#8211;<\/span><\/span><\/span><span style=\"font-family: tahoma,geneva,sans-serif;\"><span style=\"font-size: 12px;\"><strong><a><span style=\"color: #ff0000;\">&nbsp; Specialist&nbsp; n\u00eb Laborator\u00ebt Mjek\u00ebsor\u00eb<\/span><\/a><\/strong><\/span><\/span><\/div>\n<div style=\"margin-left: 17.85pt;\">&nbsp;<\/div>\n<div style=\"margin-left: 17.85pt;\">&nbsp;<\/div>\n<div style=\"margin-left: 17.85pt;\">&nbsp;<\/div>\n<div style=\"margin-left: 17.85pt;\">&nbsp;<\/div>\n<div><span style=\"font-family: tahoma,geneva,sans-serif;\"><span style=\"font-size: 12px;\"><span style=\"color: #000000;\"><strong>Regjistrimet do t\u00eb vazhdojn\u00eb deri n\u00eb dat\u00eb 20Shtator<\/strong>.<\/span><\/span><\/span><\/div>\n<div>&nbsp;<\/div>\n<div><span style=\"font-family: tahoma,geneva,sans-serif;\"><span style=\"font-size: 12px;\"><span style=\"color: #000000;\"><strong>Konkurset p\u00ebr t\u00eb gjitha deg\u00ebt do t\u00eb zhvillohen n\u00eb<\/strong><strong>datat, 2<\/strong><strong>5 -26Shtator 2007<\/strong>. <img decoding=\"async\" class=\"lazyload HAa Eha\" style=\"float: right; border-width: 1px; border-style: solid; margin: 10px;\" alt=\"\" src=\"data:image\/gif;base64,R0lGODlhAQABAAAAACH5BAEKAAEALAAAAAABAAEAAAICTAEAOw==\" data-orig-src=\"https:\/\/lh4.googleusercontent.com\/-T7weLnpyH14\/VImEOZIQPvI\/AAAAAAAAGds\/w2at-1s4D28\/w236-h315-no\/Untitled-1.jpg\" \/><\/span><\/span><\/span><\/div>\n<div><span style=\"font-family: tahoma,geneva,sans-serif;\"><span style=\"font-size: 12px;\"><span style=\"color: #000000;\">Kandidat\u00ebt duhet:<\/span><\/span><\/span><\/div>\n<div>&nbsp;<\/div>\n<div style=\"margin-left: 45pt;\"><span style=\"font-family: tahoma,geneva,sans-serif;\"><span style=\"font-size: 12px;\"><span style=\"color: #000000;\">a)&nbsp;&nbsp;&nbsp;&nbsp; T\u00eb ken\u00eb mbaruar arsimin e mes\u00ebm.<\/span><\/span><\/span><\/div>\n<div style=\"margin-left: 45pt;\"><span style=\"font-family: tahoma,geneva,sans-serif;\"><span style=\"font-size: 12px;\"><span style=\"color: #000000;\">b)&nbsp;&nbsp;&nbsp;&nbsp; T\u00eb ken\u00eb fotokopje t\u00eb d\u00ebftes\u00ebs s\u00eb pjekuris\u00eb t\u00eb noterizuar dhe t\u00eb firmosur nga Drejtoria Arsimore e rrethit p\u00ebrkat\u00ebs.<\/span><\/span><\/span><\/div>\n<div style=\"margin-left: 45pt;\"><span style=\"font-family: tahoma,geneva,sans-serif;\"><span style=\"font-size: 12px;\"><span style=\"color: #000000;\">c)&nbsp;&nbsp;&nbsp;&nbsp;&nbsp;T\u00eb ken\u00eb nj\u00eb certifikat\u00eb me fotografi (t\u00eb vitit t\u00eb fundit n\u00eb m\u00ebnyr\u00eb q\u00eb t\u00eb jet\u00eb e vlefshme).<\/span><\/span><\/span><\/div>\n<div style=\"margin-left: 45pt;\"><span style=\"font-family: tahoma,geneva,sans-serif;\"><span style=\"font-size: 12px;\"><span style=\"color: #000000;\">d)&nbsp;&nbsp;&nbsp;&nbsp; T\u00eb ken\u00eb 2 fotografi dhe 1000 lek\u00eb.<\/span><\/span><\/span><\/div>\n<div>&nbsp;<\/div>\n<div><span style=\"font-family: tahoma,geneva,sans-serif;\"><span style=\"font-size: 12px;\"><span style=\"color: #000000;\">P\u00ebr holl\u00ebsi t\u00eb m\u00ebtejshme kontaktoni n\u00eb numrin e telefonit:<\/span><\/span><\/span><\/div>\n<div>&nbsp;<\/div>\n<div><span style=\"color: #b22222;\"><span style=\"font-family: tahoma,geneva,sans-serif;\"><span style=\"font-size: 12px;\"><strong>04 \u2013 255 207 &nbsp;<\/strong><\/span><\/span><\/span><\/div>\n<div>&nbsp;<\/div>\n<div><span style=\"font-family: tahoma,geneva,sans-serif;\"><span style=\"font-size: 12px;\"><span style=\"color: #000000;\">ose n\u00eb adres\u00ebn e E-mail-it:<\/span><\/span><\/span><\/div>\n<div><span style=\"font-family: tahoma,geneva,sans-serif;\"><span style=\"font-size: 12px;\"><span style=\"color: #000000;\"><strong>&nbsp;<\/strong><\/span><\/span><\/span><\/div>\n<div><span style=\"color: #000080;\"><span style=\"font-family: tahoma,geneva,sans-serif;\"><span style=\"font-size: 12px;\"><strong><a href=\"&#x6d;a&#x69;&#108;&#x74;&#111;&#x3a;&#x49;F&#x50;&#95;&#x46;&#68;&#x40;&#97;t&#x6e;&#101;&#x74;&#46;&#x63;&#111;m&#x2e;&#97;&#x6c;\">&#x49;&#x46;&#x50;&#x5f;&#x46;&#x44;&#x40;&#x61;&#x74;&#x6e;&#x65;&#x74;&#x2e;&#x63;&#x6f;&#x6d;&#x2e;&#x61;&#x6c;<\/a><\/strong><\/span><\/span><\/span><\/div>\n<div><a href=\"..\/old\/index.php\/faqja-kryesore\/vepra-sociale\/arsimi-dhe-edukimi\"><span style=\"font-family: tahoma,geneva,sans-serif;\"><span style=\"font-size: 12px;\"><span style=\"color: #000000;\"><strong>P\u00ebr m\u00eb shum\u00eb informacione rreth Institutit<\/strong><\/span><\/span><\/span><\/a><span style=\"font-family: tahoma,geneva,sans-serif;\"><span style=\"font-size: 12px;\"><span style=\"color: #000000;\"><strong><a target=\"_top\" rel=\"noopener noreferrer\"> klikoni n\u00eb sektorin Arsimi dhe Edukimi<\/a><\/strong><\/span><\/span><\/span><\/div>\n<div>&nbsp;<\/div>\n<div>&nbsp;<\/div>\n","protected":false},"excerpt":{"rendered":"<p>TASHM\u00cb M\u00cb BASHK\u00cbKOHORE N\u00cb PROGRAME DHE PAJISJE &nbsp; Lajm\u00ebrohen t\u00eb gjith\u00eb t\u00eb interesuarit se n\u00eb dat\u00eb 3 Shtator 2007 do t\u00eb fillojn\u00eb regjistrimet p\u00ebr konkurs n\u00eb deg\u00ebt e Institutit t\u00eb Formimit Profesional \u201cFrym\u00eb Dashurie\u201d. &nbsp; &nbsp; &#8211;&nbsp; Kuad\u00ebr Menaxher dhe Specialist n\u00eb Llogarit\u00eb e Kompjuterizuara(Deg\u00ebt ekonomike) &#8211;&nbsp; Restaurim dhe Konservim t\u00eb Veprave t\u00eb Artit &#8211;&nbsp; Informatik\u00eb &#8211;&nbsp; Specialist&nbsp; n\u00eb Laborator\u00ebt Mjek\u00ebsor\u00eb &nbsp; &nbsp; &nbsp; &nbsp;<\/p>\n","protected":false},"author":1,"featured_media":0,"comment_status":"open","ping_status":"open","sticky":false,"template":"","format":"standard","meta":{"_acf_changed":false,"pagelayer_contact_templates":[],"_pagelayer_content":"","inline_featured_image":false,"fifu_image_url":"","fifu_image_alt":"","footnotes":""},"categories":[108],"tags":[147,196,212,195],"class_list":["post-1168","post","type-post","status-publish","format-standard","hentry","category-lajme","tag-147","tag-tirane","tag-lajme-d27","tag-universiteti-logos"],"acf":[],"yoast_head":"<!-- This site is optimized with the Yoast SEO plugin v27.2 - https:\/\/yoast.com\/product\/yoast-seo-wordpress\/ -->\n<title>Regjistrimi dhe konkurimi n\u00eb Institutin e Formimit Profesional \u201cFrym\u00eb Dashurie\u201d, Tiran\u00eb. (Shtator 2007) - Kisha Orthodh\u03bfkse Autoqefale e Shqip\u00ebris\u00eb<\/title>\n<meta name=\"robots\" content=\"index, follow, max-snippet:-1, max-image-preview:large, max-video-preview:-1\" \/>\n<link rel=\"canonical\" href=\"https:\/\/orthodoxalbania.org\/2020\/2007\/02\/26\/regjistrimi-dhe-konkurimi-ne-institutin-e-formimit-profesional-fryme-dashurie-tirane-shtator-2007\/\" \/>\n<meta property=\"og:locale\" content=\"en_US\" \/>\n<meta property=\"og:type\" content=\"article\" \/>\n<meta property=\"og:title\" content=\"Regjistrimi dhe konkurimi n\u00eb Institutin e Formimit Profesional \u201cFrym\u00eb Dashurie\u201d, Tiran\u00eb. (Shtator 2007) - Kisha Orthodh\u03bfkse Autoqefale e Shqip\u00ebris\u00eb\" \/>\n<meta property=\"og:description\" content=\"TASHM\u00cb M\u00cb BASHK\u00cbKOHORE N\u00cb PROGRAME DHE PAJISJE &nbsp; Lajm\u00ebrohen t\u00eb gjith\u00eb t\u00eb interesuarit se n\u00eb dat\u00eb 3 Shtator 2007 do t\u00eb fillojn\u00eb regjistrimet p\u00ebr konkurs n\u00eb deg\u00ebt e Institutit t\u00eb Formimit Profesional \u201cFrym\u00eb Dashurie\u201d. &nbsp; &nbsp; &#8211;&nbsp; Kuad\u00ebr Menaxher dhe Specialist n\u00eb Llogarit\u00eb e Kompjuterizuara(Deg\u00ebt ekonomike) &#8211;&nbsp; Restaurim dhe Konservim t\u00eb Veprave t\u00eb Artit &#8211;&nbsp; Informatik\u00eb &#8211;&nbsp; Specialist&nbsp; n\u00eb Laborator\u00ebt Mjek\u00ebsor\u00eb &nbsp; &nbsp; &nbsp; &nbsp;\" \/>\n<meta property=\"og:url\" content=\"https:\/\/orthodoxalbania.org\/2020\/2007\/02\/26\/regjistrimi-dhe-konkurimi-ne-institutin-e-formimit-profesional-fryme-dashurie-tirane-shtator-2007\/\" \/>\n<meta property=\"og:site_name\" content=\"Kisha Orthodh\u03bfkse Autoqefale e Shqip\u00ebris\u00eb\" \/>\n<meta property=\"article:publisher\" content=\"https:\/\/www.facebook.com\/koash1991\" \/>\n<meta property=\"article:published_time\" content=\"2007-02-26T00:00:00+00:00\" \/>\n<meta property=\"article:modified_time\" content=\"2020-04-06T20:35:46+00:00\" \/>\n<meta property=\"og:image\" content=\"https:\/\/lh4.googleusercontent.com\/-T7weLnpyH14\/VImEOZIQPvI\/AAAAAAAAGds\/w2at-1s4D28\/w236-h315-no\/Untitled-1.jpg\" \/>\n<meta name=\"author\" content=\"Kisha Orthodhokse\" \/>\n<meta name=\"twitter:card\" content=\"summary_large_image\" \/>\n<meta name=\"twitter:label1\" content=\"Written by\" \/>\n\t<meta name=\"twitter:data1\" content=\"Kisha Orthodhokse\" \/>\n\t<meta name=\"twitter:label2\" content=\"Est. reading time\" \/>\n\t<meta name=\"twitter:data2\" content=\"1 minute\" \/>\n<script type=\"application\/ld+json\" class=\"yoast-schema-graph\">{\"@context\":\"https:\/\/schema.org\",\"@graph\":[{\"@type\":\"Article\",\"@id\":\"https:\/\/orthodoxalbania.org\/2020\/2007\/02\/26\/regjistrimi-dhe-konkurimi-ne-institutin-e-formimit-profesional-fryme-dashurie-tirane-shtator-2007\/#article\",\"isPartOf\":{\"@id\":\"https:\/\/orthodoxalbania.org\/2020\/2007\/02\/26\/regjistrimi-dhe-konkurimi-ne-institutin-e-formimit-profesional-fryme-dashurie-tirane-shtator-2007\/\"},\"author\":{\"name\":\"Kisha Orthodhokse\",\"@id\":\"https:\/\/orthodoxalbania.org\/2020\/#\/schema\/person\/0c387634a7063ac612d7ed9ce71c7e86\"},\"headline\":\"Regjistrimi dhe konkurimi n\u00eb Institutin e Formimit Profesional \u201cFrym\u00eb Dashurie\u201d, Tiran\u00eb. (Shtator 2007)\",\"datePublished\":\"2007-02-26T00:00:00+00:00\",\"dateModified\":\"2020-04-06T20:35:46+00:00\",\"mainEntityOfPage\":{\"@id\":\"https:\/\/orthodoxalbania.org\/2020\/2007\/02\/26\/regjistrimi-dhe-konkurimi-ne-institutin-e-formimit-profesional-fryme-dashurie-tirane-shtator-2007\/\"},\"wordCount\":232,\"commentCount\":0,\"publisher\":{\"@id\":\"https:\/\/orthodoxalbania.org\/2020\/#organization\"},\"image\":{\"@id\":\"https:\/\/orthodoxalbania.org\/2020\/2007\/02\/26\/regjistrimi-dhe-konkurimi-ne-institutin-e-formimit-profesional-fryme-dashurie-tirane-shtator-2007\/#primaryimage\"},\"thumbnailUrl\":\"https:\/\/lh4.googleusercontent.com\/-T7weLnpyH14\/VImEOZIQPvI\/AAAAAAAAGds\/w2at-1s4D28\/w236-h315-no\/Untitled-1.jpg\",\"keywords\":[\"2007\",\"Kryepiskopata Tiran\u00eb\",\"lajme\",\"Universiteti \\\"Logos\\\"\"],\"articleSection\":[\"Lajme\"],\"inLanguage\":\"en-US\"},{\"@type\":\"WebPage\",\"@id\":\"https:\/\/orthodoxalbania.org\/2020\/2007\/02\/26\/regjistrimi-dhe-konkurimi-ne-institutin-e-formimit-profesional-fryme-dashurie-tirane-shtator-2007\/\",\"url\":\"https:\/\/orthodoxalbania.org\/2020\/2007\/02\/26\/regjistrimi-dhe-konkurimi-ne-institutin-e-formimit-profesional-fryme-dashurie-tirane-shtator-2007\/\",\"name\":\"Regjistrimi dhe konkurimi n\u00eb Institutin e Formimit Profesional \u201cFrym\u00eb Dashurie\u201d, Tiran\u00eb. (Shtator 2007) - Kisha Orthodh\u03bfkse Autoqefale e Shqip\u00ebris\u00eb\",\"isPartOf\":{\"@id\":\"https:\/\/orthodoxalbania.org\/2020\/#website\"},\"primaryImageOfPage\":{\"@id\":\"https:\/\/orthodoxalbania.org\/2020\/2007\/02\/26\/regjistrimi-dhe-konkurimi-ne-institutin-e-formimit-profesional-fryme-dashurie-tirane-shtator-2007\/#primaryimage\"},\"image\":{\"@id\":\"https:\/\/orthodoxalbania.org\/2020\/2007\/02\/26\/regjistrimi-dhe-konkurimi-ne-institutin-e-formimit-profesional-fryme-dashurie-tirane-shtator-2007\/#primaryimage\"},\"thumbnailUrl\":\"https:\/\/lh4.googleusercontent.com\/-T7weLnpyH14\/VImEOZIQPvI\/AAAAAAAAGds\/w2at-1s4D28\/w236-h315-no\/Untitled-1.jpg\",\"datePublished\":\"2007-02-26T00:00:00+00:00\",\"dateModified\":\"2020-04-06T20:35:46+00:00\",\"breadcrumb\":{\"@id\":\"https:\/\/orthodoxalbania.org\/2020\/2007\/02\/26\/regjistrimi-dhe-konkurimi-ne-institutin-e-formimit-profesional-fryme-dashurie-tirane-shtator-2007\/#breadcrumb\"},\"inLanguage\":\"en-US\",\"potentialAction\":[{\"@type\":\"ReadAction\",\"target\":[\"https:\/\/orthodoxalbania.org\/2020\/2007\/02\/26\/regjistrimi-dhe-konkurimi-ne-institutin-e-formimit-profesional-fryme-dashurie-tirane-shtator-2007\/\"]}]},{\"@type\":\"ImageObject\",\"inLanguage\":\"en-US\",\"@id\":\"https:\/\/orthodoxalbania.org\/2020\/2007\/02\/26\/regjistrimi-dhe-konkurimi-ne-institutin-e-formimit-profesional-fryme-dashurie-tirane-shtator-2007\/#primaryimage\",\"url\":\"https:\/\/lh4.googleusercontent.com\/-T7weLnpyH14\/VImEOZIQPvI\/AAAAAAAAGds\/w2at-1s4D28\/w236-h315-no\/Untitled-1.jpg\",\"contentUrl\":\"https:\/\/lh4.googleusercontent.com\/-T7weLnpyH14\/VImEOZIQPvI\/AAAAAAAAGds\/w2at-1s4D28\/w236-h315-no\/Untitled-1.jpg\"},{\"@type\":\"BreadcrumbList\",\"@id\":\"https:\/\/orthodoxalbania.org\/2020\/2007\/02\/26\/regjistrimi-dhe-konkurimi-ne-institutin-e-formimit-profesional-fryme-dashurie-tirane-shtator-2007\/#breadcrumb\",\"itemListElement\":[{\"@type\":\"ListItem\",\"position\":1,\"name\":\"Home\",\"item\":\"https:\/\/orthodoxalbania.org\/2020\/\"},{\"@type\":\"ListItem\",\"position\":2,\"name\":\"Regjistrimi dhe konkurimi n\u00eb Institutin e Formimit Profesional \u201cFrym\u00eb Dashurie\u201d, Tiran\u00eb. (Shtator 2007)\"}]},{\"@type\":\"WebSite\",\"@id\":\"https:\/\/orthodoxalbania.org\/2020\/#website\",\"url\":\"https:\/\/orthodoxalbania.org\/2020\/\",\"name\":\"Kisha Orthodh\u03bfkse Autoqefale e Shqip\u00ebris\u00eb\",\"description\":\"Fqja Zyrtare e Kish\u00ebs Orthodhokse Autoqefale e Shqip\u00ebris\u00eb me lajmet edhe informacionet zyrtare p\u00ebr struktur\u00ebn edhe veprimtarin e saj.\",\"publisher\":{\"@id\":\"https:\/\/orthodoxalbania.org\/2020\/#organization\"},\"potentialAction\":[{\"@type\":\"SearchAction\",\"target\":{\"@type\":\"EntryPoint\",\"urlTemplate\":\"https:\/\/orthodoxalbania.org\/2020\/?s={search_term_string}\"},\"query-input\":{\"@type\":\"PropertyValueSpecification\",\"valueRequired\":true,\"valueName\":\"search_term_string\"}}],\"inLanguage\":\"en-US\"},{\"@type\":\"Organization\",\"@id\":\"https:\/\/orthodoxalbania.org\/2020\/#organization\",\"name\":\"Kisha Orthodhokse Autoqefale e Shqip\u00ebris\u00eb\",\"url\":\"https:\/\/orthodoxalbania.org\/2020\/\",\"logo\":{\"@type\":\"ImageObject\",\"inLanguage\":\"en-US\",\"@id\":\"https:\/\/orthodoxalbania.org\/2020\/#\/schema\/logo\/image\/\",\"url\":\"https:\/\/orthodoxalbania.org\/2020\/wp-content\/uploads\/2020\/05\/albania.jpeg\",\"contentUrl\":\"https:\/\/orthodoxalbania.org\/2020\/wp-content\/uploads\/2020\/05\/albania.jpeg\",\"width\":540,\"height\":540,\"caption\":\"Kisha Orthodhokse Autoqefale e Shqip\u00ebris\u00eb\"},\"image\":{\"@id\":\"https:\/\/orthodoxalbania.org\/2020\/#\/schema\/logo\/image\/\"},\"sameAs\":[\"https:\/\/www.facebook.com\/koash1991\"]},{\"@type\":\"Person\",\"@id\":\"https:\/\/orthodoxalbania.org\/2020\/#\/schema\/person\/0c387634a7063ac612d7ed9ce71c7e86\",\"name\":\"Kisha Orthodhokse\",\"image\":{\"@type\":\"ImageObject\",\"inLanguage\":\"en-US\",\"@id\":\"https:\/\/secure.gravatar.com\/avatar\/596e7c417251e30f2fbb9c00e026fce61a695a00e51c889caded71c96cbbdde5?s=96&d=mm&r=g\",\"url\":\"https:\/\/secure.gravatar.com\/avatar\/596e7c417251e30f2fbb9c00e026fce61a695a00e51c889caded71c96cbbdde5?s=96&d=mm&r=g\",\"contentUrl\":\"https:\/\/secure.gravatar.com\/avatar\/596e7c417251e30f2fbb9c00e026fce61a695a00e51c889caded71c96cbbdde5?s=96&d=mm&r=g\",\"caption\":\"Kisha Orthodhokse\"}}]}<\/script>\n<!-- \/ Yoast SEO plugin. -->","yoast_head_json":{"title":"Regjistrimi dhe konkurimi n\u00eb Institutin e Formimit Profesional \u201cFrym\u00eb Dashurie\u201d, Tiran\u00eb. (Shtator 2007) - Kisha Orthodh\u03bfkse Autoqefale e Shqip\u00ebris\u00eb","robots":{"index":"index","follow":"follow","max-snippet":"max-snippet:-1","max-image-preview":"max-image-preview:large","max-video-preview":"max-video-preview:-1"},"canonical":"https:\/\/orthodoxalbania.org\/2020\/2007\/02\/26\/regjistrimi-dhe-konkurimi-ne-institutin-e-formimit-profesional-fryme-dashurie-tirane-shtator-2007\/","og_locale":"en_US","og_type":"article","og_title":"Regjistrimi dhe konkurimi n\u00eb Institutin e Formimit Profesional \u201cFrym\u00eb Dashurie\u201d, Tiran\u00eb. (Shtator 2007) - Kisha Orthodh\u03bfkse Autoqefale e Shqip\u00ebris\u00eb","og_description":"TASHM\u00cb M\u00cb BASHK\u00cbKOHORE N\u00cb PROGRAME DHE PAJISJE &nbsp; Lajm\u00ebrohen t\u00eb gjith\u00eb t\u00eb interesuarit se n\u00eb dat\u00eb 3 Shtator 2007 do t\u00eb fillojn\u00eb regjistrimet p\u00ebr konkurs n\u00eb deg\u00ebt e Institutit t\u00eb Formimit Profesional \u201cFrym\u00eb Dashurie\u201d. &nbsp; &nbsp; &#8211;&nbsp; Kuad\u00ebr Menaxher dhe Specialist n\u00eb Llogarit\u00eb e Kompjuterizuara(Deg\u00ebt ekonomike) &#8211;&nbsp; Restaurim dhe Konservim t\u00eb Veprave t\u00eb Artit &#8211;&nbsp; Informatik\u00eb &#8211;&nbsp; Specialist&nbsp; n\u00eb Laborator\u00ebt Mjek\u00ebsor\u00eb &nbsp; &nbsp; &nbsp; &nbsp;","og_url":"https:\/\/orthodoxalbania.org\/2020\/2007\/02\/26\/regjistrimi-dhe-konkurimi-ne-institutin-e-formimit-profesional-fryme-dashurie-tirane-shtator-2007\/","og_site_name":"Kisha Orthodh\u03bfkse Autoqefale e Shqip\u00ebris\u00eb","article_publisher":"https:\/\/www.facebook.com\/koash1991","article_published_time":"2007-02-26T00:00:00+00:00","article_modified_time":"2020-04-06T20:35:46+00:00","og_image":[{"url":"https:\/\/lh4.googleusercontent.com\/-T7weLnpyH14\/VImEOZIQPvI\/AAAAAAAAGds\/w2at-1s4D28\/w236-h315-no\/Untitled-1.jpg","type":"","width":"","height":""}],"author":"Kisha Orthodhokse","twitter_card":"summary_large_image","twitter_misc":{"Written by":"Kisha Orthodhokse","Est. reading time":"1 minute"},"schema":{"@context":"https:\/\/schema.org","@graph":[{"@type":"Article","@id":"https:\/\/orthodoxalbania.org\/2020\/2007\/02\/26\/regjistrimi-dhe-konkurimi-ne-institutin-e-formimit-profesional-fryme-dashurie-tirane-shtator-2007\/#article","isPartOf":{"@id":"https:\/\/orthodoxalbania.org\/2020\/2007\/02\/26\/regjistrimi-dhe-konkurimi-ne-institutin-e-formimit-profesional-fryme-dashurie-tirane-shtator-2007\/"},"author":{"name":"Kisha Orthodhokse","@id":"https:\/\/orthodoxalbania.org\/2020\/#\/schema\/person\/0c387634a7063ac612d7ed9ce71c7e86"},"headline":"Regjistrimi dhe konkurimi n\u00eb Institutin e Formimit Profesional \u201cFrym\u00eb Dashurie\u201d, Tiran\u00eb. (Shtator 2007)","datePublished":"2007-02-26T00:00:00+00:00","dateModified":"2020-04-06T20:35:46+00:00","mainEntityOfPage":{"@id":"https:\/\/orthodoxalbania.org\/2020\/2007\/02\/26\/regjistrimi-dhe-konkurimi-ne-institutin-e-formimit-profesional-fryme-dashurie-tirane-shtator-2007\/"},"wordCount":232,"commentCount":0,"publisher":{"@id":"https:\/\/orthodoxalbania.org\/2020\/#organization"},"image":{"@id":"https:\/\/orthodoxalbania.org\/2020\/2007\/02\/26\/regjistrimi-dhe-konkurimi-ne-institutin-e-formimit-profesional-fryme-dashurie-tirane-shtator-2007\/#primaryimage"},"thumbnailUrl":"https:\/\/lh4.googleusercontent.com\/-T7weLnpyH14\/VImEOZIQPvI\/AAAAAAAAGds\/w2at-1s4D28\/w236-h315-no\/Untitled-1.jpg","keywords":["2007","Kryepiskopata Tiran\u00eb","lajme","Universiteti \"Logos\""],"articleSection":["Lajme"],"inLanguage":"en-US"},{"@type":"WebPage","@id":"https:\/\/orthodoxalbania.org\/2020\/2007\/02\/26\/regjistrimi-dhe-konkurimi-ne-institutin-e-formimit-profesional-fryme-dashurie-tirane-shtator-2007\/","url":"https:\/\/orthodoxalbania.org\/2020\/2007\/02\/26\/regjistrimi-dhe-konkurimi-ne-institutin-e-formimit-profesional-fryme-dashurie-tirane-shtator-2007\/","name":"Regjistrimi dhe konkurimi n\u00eb Institutin e Formimit Profesional \u201cFrym\u00eb Dashurie\u201d, Tiran\u00eb. (Shtator 2007) - Kisha Orthodh\u03bfkse Autoqefale e Shqip\u00ebris\u00eb","isPartOf":{"@id":"https:\/\/orthodoxalbania.org\/2020\/#website"},"primaryImageOfPage":{"@id":"https:\/\/orthodoxalbania.org\/2020\/2007\/02\/26\/regjistrimi-dhe-konkurimi-ne-institutin-e-formimit-profesional-fryme-dashurie-tirane-shtator-2007\/#primaryimage"},"image":{"@id":"https:\/\/orthodoxalbania.org\/2020\/2007\/02\/26\/regjistrimi-dhe-konkurimi-ne-institutin-e-formimit-profesional-fryme-dashurie-tirane-shtator-2007\/#primaryimage"},"thumbnailUrl":"https:\/\/lh4.googleusercontent.com\/-T7weLnpyH14\/VImEOZIQPvI\/AAAAAAAAGds\/w2at-1s4D28\/w236-h315-no\/Untitled-1.jpg","datePublished":"2007-02-26T00:00:00+00:00","dateModified":"2020-04-06T20:35:46+00:00","breadcrumb":{"@id":"https:\/\/orthodoxalbania.org\/2020\/2007\/02\/26\/regjistrimi-dhe-konkurimi-ne-institutin-e-formimit-profesional-fryme-dashurie-tirane-shtator-2007\/#breadcrumb"},"inLanguage":"en-US","potentialAction":[{"@type":"ReadAction","target":["https:\/\/orthodoxalbania.org\/2020\/2007\/02\/26\/regjistrimi-dhe-konkurimi-ne-institutin-e-formimit-profesional-fryme-dashurie-tirane-shtator-2007\/"]}]},{"@type":"ImageObject","inLanguage":"en-US","@id":"https:\/\/orthodoxalbania.org\/2020\/2007\/02\/26\/regjistrimi-dhe-konkurimi-ne-institutin-e-formimit-profesional-fryme-dashurie-tirane-shtator-2007\/#primaryimage","url":"https:\/\/lh4.googleusercontent.com\/-T7weLnpyH14\/VImEOZIQPvI\/AAAAAAAAGds\/w2at-1s4D28\/w236-h315-no\/Untitled-1.jpg","contentUrl":"https:\/\/lh4.googleusercontent.com\/-T7weLnpyH14\/VImEOZIQPvI\/AAAAAAAAGds\/w2at-1s4D28\/w236-h315-no\/Untitled-1.jpg"},{"@type":"BreadcrumbList","@id":"https:\/\/orthodoxalbania.org\/2020\/2007\/02\/26\/regjistrimi-dhe-konkurimi-ne-institutin-e-formimit-profesional-fryme-dashurie-tirane-shtator-2007\/#breadcrumb","itemListElement":[{"@type":"ListItem","position":1,"name":"Home","item":"https:\/\/orthodoxalbania.org\/2020\/"},{"@type":"ListItem","position":2,"name":"Regjistrimi dhe konkurimi n\u00eb Institutin e Formimit Profesional \u201cFrym\u00eb Dashurie\u201d, Tiran\u00eb. (Shtator 2007)"}]},{"@type":"WebSite","@id":"https:\/\/orthodoxalbania.org\/2020\/#website","url":"https:\/\/orthodoxalbania.org\/2020\/","name":"Kisha Orthodh\u03bfkse Autoqefale e Shqip\u00ebris\u00eb","description":"Fqja Zyrtare e Kish\u00ebs Orthodhokse Autoqefale e Shqip\u00ebris\u00eb me lajmet edhe informacionet zyrtare p\u00ebr struktur\u00ebn edhe veprimtarin e saj.","publisher":{"@id":"https:\/\/orthodoxalbania.org\/2020\/#organization"},"potentialAction":[{"@type":"SearchAction","target":{"@type":"EntryPoint","urlTemplate":"https:\/\/orthodoxalbania.org\/2020\/?s={search_term_string}"},"query-input":{"@type":"PropertyValueSpecification","valueRequired":true,"valueName":"search_term_string"}}],"inLanguage":"en-US"},{"@type":"Organization","@id":"https:\/\/orthodoxalbania.org\/2020\/#organization","name":"Kisha Orthodhokse Autoqefale e Shqip\u00ebris\u00eb","url":"https:\/\/orthodoxalbania.org\/2020\/","logo":{"@type":"ImageObject","inLanguage":"en-US","@id":"https:\/\/orthodoxalbania.org\/2020\/#\/schema\/logo\/image\/","url":"https:\/\/orthodoxalbania.org\/2020\/wp-content\/uploads\/2020\/05\/albania.jpeg","contentUrl":"https:\/\/orthodoxalbania.org\/2020\/wp-content\/uploads\/2020\/05\/albania.jpeg","width":540,"height":540,"caption":"Kisha Orthodhokse Autoqefale e Shqip\u00ebris\u00eb"},"image":{"@id":"https:\/\/orthodoxalbania.org\/2020\/#\/schema\/logo\/image\/"},"sameAs":["https:\/\/www.facebook.com\/koash1991"]},{"@type":"Person","@id":"https:\/\/orthodoxalbania.org\/2020\/#\/schema\/person\/0c387634a7063ac612d7ed9ce71c7e86","name":"Kisha Orthodhokse","image":{"@type":"ImageObject","inLanguage":"en-US","@id":"https:\/\/secure.gravatar.com\/avatar\/596e7c417251e30f2fbb9c00e026fce61a695a00e51c889caded71c96cbbdde5?s=96&d=mm&r=g","url":"https:\/\/secure.gravatar.com\/avatar\/596e7c417251e30f2fbb9c00e026fce61a695a00e51c889caded71c96cbbdde5?s=96&d=mm&r=g","contentUrl":"https:\/\/secure.gravatar.com\/avatar\/596e7c417251e30f2fbb9c00e026fce61a695a00e51c889caded71c96cbbdde5?s=96&d=mm&r=g","caption":"Kisha Orthodhokse"}}]}},"_links":{"self":[{"href":"https:\/\/orthodoxalbania.org\/2020\/wp-json\/wp\/v2\/posts\/1168","targetHints":{"allow":["GET"]}}],"collection":[{"href":"https:\/\/orthodoxalbania.org\/2020\/wp-json\/wp\/v2\/posts"}],"about":[{"href":"https:\/\/orthodoxalbania.org\/2020\/wp-json\/wp\/v2\/types\/post"}],"author":[{"embeddable":true,"href":"https:\/\/orthodoxalbania.org\/2020\/wp-json\/wp\/v2\/users\/1"}],"replies":[{"embeddable":true,"href":"https:\/\/orthodoxalbania.org\/2020\/wp-json\/wp\/v2\/comments?post=1168"}],"version-history":[{"count":1,"href":"https:\/\/orthodoxalbania.org\/2020\/wp-json\/wp\/v2\/posts\/1168\/revisions"}],"predecessor-version":[{"id":15760,"href":"https:\/\/orthodoxalbania.org\/2020\/wp-json\/wp\/v2\/posts\/1168\/revisions\/15760"}],"wp:attachment":[{"href":"https:\/\/orthodoxalbania.org\/2020\/wp-json\/wp\/v2\/media?parent=1168"}],"wp:term":[{"taxonomy":"category","embeddable":true,"href":"https:\/\/orthodoxalbania.org\/2020\/wp-json\/wp\/v2\/categories?post=1168"},{"taxonomy":"post_tag","embeddable":true,"href":"https:\/\/orthodoxalbania.org\/2020\/wp-json\/wp\/v2\/tags?post=1168"}],"curies":[{"name":"wp","href":"https:\/\/api.w.org\/{rel}","templated":true}]}}