{"id":1165,"date":"2014-09-13T20:18:26","date_gmt":"2014-09-13T20:18:26","guid":{"rendered":""},"modified":"2020-04-06T22:02:23","modified_gmt":"2020-04-06T20:02:23","slug":"reagim-i-kishes-orthodhokse-ndaj-deklarates-se-nikolla-markut-ne-prag-te-vizites-se-papes","status":"publish","type":"post","link":"https:\/\/orthodoxalbania.org\/2020\/2014\/09\/13\/reagim-i-kishes-orthodhokse-ndaj-deklarates-se-nikolla-markut-ne-prag-te-vizites-se-papes\/","title":{"rendered":"Reagim i Kish\u00ebs Orthodhokse ndaj deklarat\u00ebs s\u00eb Nikolla Markut n\u00eb prag t\u00eb vizit\u00ebs s\u00eb Pap\u00ebs"},"content":{"rendered":"<p style=\"text-align: center;\">\n\t<span style=\"font-family: helvetica; font-size: 12pt;\">&nbsp;<span style=\"color: #000000;\"><strong>P\u00ebrpjekje mjerane p\u00ebr t\u00eb prishur atmosfer\u00ebn e mikpritjes dhe harmonin\u00eb fetare<\/strong><\/span><\/span><\/p>\n<p style=\"text-align: center;\">\n\t&nbsp;<\/p>\n<p style=\"text-align: center;\">\n\t<span style=\"font-family: helvetica; font-size: 12pt;\"><span style=\"color: #b22222;\">&#8211; <strong>Reagim i Kish\u00ebs Orthodhokse ndaj deklarat\u00ebs s\u00eb Nikolla Markut n\u00eb prag t\u00eb vizit\u00ebs s\u00eb Pap\u00ebs &#8211;<\/strong><\/span><\/span><\/p>\n<p style=\"text-align: center;\">\n\t&nbsp;<\/p>\n<p style=\"text-align: justify;\">\n\t<span style=\"font-family: helvetica; font-size: 12pt;\">&nbsp;<span style=\"color: #000000;\">&nbsp;&nbsp; Si\u00e7 kemi deklaruar, ardhja e Papa Fran\u00e7eskut I n\u00eb vendin ton\u00eb \u00ebsht\u00eb m\u00eb se e mir\u00ebpritur dhe vazhdim i nj\u00eb tradite marr\u00ebdh\u00ebniesh t\u00eb shk\u00eblqyera. Dhe jo vet\u00ebm midis t\u00eb krishter\u00ebve. Q\u00eb nga rikthimi i liris\u00eb fetare, komunitetet fetare themelore, mysliman\u00ebt, orthodhoks\u00ebt, katolik\u00ebt, dhe bektashinjt\u00eb, kan\u00eb kultivuar jo thjesht nj\u00eb toleranc\u00eb fetare dhe mir\u00ebkuptim, por di\u00e7ka m\u00eb t\u00eb r\u00ebnd\u00ebsishme: respektin e nd\u00ebrsjell\u00eb, reciprocitetin, bashk\u00ebpunimin krijues: fakt q\u00eb ka ndihmuar m\u00eb n\u00eb p\u00ebrgjith\u00ebsi rrug\u00ebtimin paq\u00ebsor dhe zhvillimin e vendit. Jo rast\u00ebsisht, para vizit\u00ebs n\u00eb Shqip\u00ebri, Papa do t\u00eb deklaronte se \u201cata kan\u00eb qen\u00eb n\u00eb gjendje t\u00eb krijojn\u00eb nj\u00eb \u201cqeveri t\u00eb unitetit komb\u00ebtar\u201d mes mysliman\u00ebve, orthodhoks\u00ebve dhe katolik\u00ebve dhe nj\u00eb k\u00ebshill nd\u00ebrfetar q\u00eb ka ndihmuar shum\u00eb dhe q\u00eb \u00ebsht\u00eb i balancuar. Kjo \u00ebsht\u00eb harmoni fetare.\u201d Esht\u00eb pik\u00ebrisht kjo vler\u00eb unike q\u00eb populli yn\u00eb ka kultivuar n\u00eb shekuj, q\u00eb tashm\u00eb po p\u00ebrmendet si d\u00ebshmia m\u00eb e r\u00ebnd\u00ebsishme q\u00eb mund t\u2019i jap\u00eb Evrop\u00ebs dhe bot\u00ebs, duke e renditur me dinjitet krah vendeve m\u00eb t\u00eb qytet\u00ebruara.<\/span><\/span><\/p>\n<p style=\"text-align: justify;\">\n\t<span style=\"font-family: helvetica; font-size: 12pt;\">&nbsp;<span style=\"color: #000000;\">&nbsp;&nbsp; Por, p\u00ebr fat t\u00eb keq, disa media u p\u00ebrdor\u00ebn p\u00ebr t\u2019i dh\u00ebn\u00eb z\u00eb dhe figur\u00eb n\u00eb disa ekrane dhe gazeta nj\u00eb individi nga Elbasani, t\u00eb vet\u00ebshpallur prift, q\u00eb p\u00ebrdhos \u00e7do dit\u00eb sh\u00ebrbesat e shenjta ortodokse, q\u00eb flet marr\u00ebzira e g\u00ebnjeshtra kund\u00ebr shenjtor\u00ebve, kanoneve t\u00eb shenjta dhe klerik\u00ebve e Kishave Orthodhokse, q\u00eb mbeshtetet nga qarqe t\u00eb err\u00ebta antit\u00ebkrishtera dhe antiortodokse, q\u00eb duan t\u00eb nxisin p\u00ebr\u00e7arje e dasi midis shqiptar\u00ebve (ai nuk njihet dhe pranohet si klerik nga asnj\u00eb Kish\u00eb Orthodhokse apo e krishter\u00eb n\u00eb bot\u00eb dhe as nga besimet e tjera apo shteti).<\/span><\/span><\/p>\n<p style=\"text-align: justify;\">\n\t<span style=\"font-family: helvetica; font-size: 12pt;\"><span style=\"color: #000000;\">&nbsp;&nbsp;&nbsp; Orthodhoks\u00ebt e Shqip\u00ebris\u00eb e kan\u00eb shprehur gjithnj\u00eb dhe n\u00eb t\u00eb gjitha m\u00ebnyrat e mundshme, edhe n\u00eb \u00e7aste kritike, se jan\u00eb t\u00eb bashkuar rreth kryebariut t\u00eb tyre, Kryepiskopit Anastas, i cili njihet dhe nderohet jo vet\u00ebm nga Kishat Orthodhokse, por edhe nga t\u00eb gjitha Kishat e Krishtera dhe m\u00eb gjer\u00eb nga besimet e tjera (nd\u00ebr t\u00eb tjera ai \u00ebsht\u00eb President Nderi i \u201cFet\u00eb p\u00ebr Paqen\u201d, organizata m\u00eb e madhe nd\u00ebrfetare n\u00eb bot\u00eb) dhe distancohen nga q\u00ebndrime dhe deklarata t\u00eb tilla.<\/span><\/span><\/p>\n<p style=\"text-align: justify;\">\n\t<span style=\"font-family: helvetica; font-size: 12pt;\"><span style=\"color: #000000;\">&nbsp;&nbsp;&nbsp; Takimet e kontaktet e Kish\u00ebs son\u00eb me hierarkin\u00eb Kish\u00ebs Katolike kan\u00eb qen\u00eb t\u00eb shpeshta dhe n\u00eb raste veprimtarish t\u00eb p\u00ebrbashk\u00ebta t\u00eb panumurta, brenda dhe jasht\u00eb vendit. \u201cMarr\u00ebdh\u00ebniet v\u00ebllaz\u00ebrore midis katolik\u00ebve dhe orthodhoks\u00ebve jan\u00eb frym\u00ebzim p\u00ebr gjith\u00eb popullin shqiptar, dhe d\u00ebshmojn\u00eb se p\u00ebr t\u00eb krishter\u00ebt \u00ebsht\u00eb e mundur q\u00eb t\u00eb jetojn\u00eb n\u00eb harmoni&#8230;\u201d, &#8211; do t\u00eb deklaronte Papa Benedikti XVI, m\u00eb 4 dhjetor 2011, gjat\u00eb vizit\u00ebs zyrtare t\u00eb Kryepiskopit Anastas n\u00eb Vatikan. Kjo marr\u00ebdh\u00ebnie \u00ebsht\u00eb e p\u00ebrb\u00ebr\u00eb nga nisma e takime t\u00eb shumta, q\u00eb fillojn\u00eb nga takimet personale dhe njohja e Fortlumturis\u00eb s\u00eb Tij, Anastasit me Papa Gjon Palin, n\u00eb takimet e shumta nd\u00ebrkomb\u00ebtare t\u00eb iniciuara n\u00eb em\u00ebr t\u00eb paqes dhe bashk\u00ebjetes\u00ebs paq\u00ebsore midis feve e deri te nismat e p\u00ebrbashk\u00ebta k\u00ebtu n\u00eb vend, si Shoq\u00ebria Biblike Nd\u00ebrkonfesionale dhe K\u00ebshilli Nd\u00ebrfetar i Shqip\u00ebris\u00eb, takimet e shumta, pjes\u00ebmarrja n\u00eb sh\u00ebrbesat e nj\u00ebri-tjetrit n\u00eb rastet e r\u00ebnd\u00ebsishme etj. Kryepiskopi Anastas ka pasur korrespondenc\u00eb personale me Papa Franceskun, q\u00eb nga dita e&nbsp; zgjedhjes s\u00eb tij, ashtu si n\u00eb k\u00ebta 22 vjet, ka pasur korrespondenc\u00eb t\u00eb pasur me Papa Gjon Palin II, me&nbsp; Papa Benediktin XVI.<\/span><\/span><\/p>\n<p style=\"text-align: justify;\">\n\t<span style=\"font-family: helvetica; font-size: 12pt;\"><span style=\"color: #000000;\">&nbsp;&nbsp;&nbsp; Sigurisht, q\u00eb vizita e Pap\u00ebs do ndihmoj\u00eb n\u00eb v\u00ebnien n\u00eb dukje edhe m\u00eb mir\u00eb t\u00eb k\u00ebsaj harmonie t\u00eb pashoqe dhe do t\u2019i sfumoj\u00eb q\u00ebndrimet e tilla keqdash\u00ebse.<\/span><\/span><\/p>\n<p style=\"text-align: justify;\">\n\t&nbsp;<\/p>\n<p style=\"text-align: right;\">\n\t<span style=\"font-family: helvetica; font-size: 12pt;\"><span style=\"color: #000000;\"><strong>Tiran\u00eb, 13. 09. 2014<\/strong><\/span><\/span><\/p>\n<p style=\"text-align: justify;\">\n\t&nbsp;<\/p>\n<p style=\"text-align: center;\">\n\t<span style=\"font-family: helvetica; font-size: 12pt;\"><span style=\"color: #000000;\"><strong>Zyra e Shtypit<\/strong><\/span><\/span><\/p>\n<p style=\"text-align: center;\">\n\t<span style=\"font-family: helvetica; font-size: 12pt;\"><span style=\"color: #000000;\"><strong>e Kish\u00ebs Orthodhokse Autoqefale t\u00eb Shqip\u00ebris\u00eb<\/strong><\/span><\/span><\/p>\n<div>\n\t<span style=\"font-family: tahoma,geneva,sans-serif;\"><span style=\"font-size: 12px;\"><img class=\"lazyload\" decoding=\"async\" alt=\"\" src=\"data:image\/gif;base64,R0lGODlhAQABAAAAACH5BAEKAAEALAAAAAABAAEAAAICTAEAOw==\" data-orig-src=\"https:\/\/lh3.googleusercontent.com\/-31HIfr6ihP8\/VBSlAFp1y3I\/AAAAAAAACJk\/uykp5qkbtzk\/w587-h431-no\/2014-09-13.jpg\" style=\"height: 441px; width: 600px; border-width: 1px; border-style: solid; margin: 10px auto; display: block;\" \/><\/span><\/span><\/div>\n<div>\n\t<span style=\"font-family: tahoma,geneva,sans-serif;\"><span style=\"font-size: 12px;\"><img class=\"lazyload\" decoding=\"async\" alt=\"\" src=\"data:image\/gif;base64,R0lGODlhAQABAAAAACH5BAEKAAEALAAAAAABAAEAAAICTAEAOw==\" data-orig-src=\"https:\/\/lh5.googleusercontent.com\/-FVNsJO9XFv0\/VBSlNjn66hI\/AAAAAAAACKA\/rwRhn02Bcbc\/w537-h280-no\/2014-09-13.jpg\" style=\"height: 313px; width: 600px; border-width: 1px; border-style: solid; margin: 10px auto; display: block;\" \/><\/span><\/span><\/div>\n","protected":false},"excerpt":{"rendered":"<p>&nbsp;P\u00ebrpjekje mjerane p\u00ebr t\u00eb prishur atmosfer\u00ebn e mikpritjes dhe harmonin\u00eb fetare &nbsp; &#8211; Reagim i Kish\u00ebs Orthodhokse ndaj deklarat\u00ebs s\u00eb Nikolla Markut n\u00eb prag t\u00eb vizit\u00ebs s\u00eb Pap\u00ebs &#8211; &nbsp; &nbsp;&nbsp;&nbsp; Si\u00e7 kemi deklaruar, ardhja e Papa Fran\u00e7eskut I n\u00eb vendin ton\u00eb \u00ebsht\u00eb m\u00eb se e mir\u00ebpritur dhe vazhdim i nj\u00eb tradite marr\u00ebdh\u00ebniesh t\u00eb shk\u00eblqyera. Dhe jo vet\u00ebm midis t\u00eb krishter\u00ebve. Q\u00eb nga rikthimi i<\/p>\n","protected":false},"author":5,"featured_media":1166,"comment_status":"open","ping_status":"open","sticky":false,"template":"","format":"standard","meta":{"_acf_changed":false,"pagelayer_contact_templates":[],"_pagelayer_content":"","inline_featured_image":false,"fifu_image_url":"","fifu_image_alt":"","footnotes":""},"categories":[108],"tags":[140,153,196,212,203],"class_list":["post-1165","post","type-post","status-publish","format-standard","has-post-thumbnail","hentry","category-lajme","tag-140","tag-deklarata-njoftime-zyrtare-d75","tag-tirane","tag-lajme-d27","tag-pergjigje-ndaj-akuzave"],"acf":[],"yoast_head":"<!-- This site is optimized with the Yoast SEO plugin v27.2 - https:\/\/yoast.com\/product\/yoast-seo-wordpress\/ -->\n<title>Reagim i Kish\u00ebs Orthodhokse ndaj deklarat\u00ebs s\u00eb Nikolla Markut n\u00eb prag t\u00eb vizit\u00ebs s\u00eb Pap\u00ebs - Kisha Orthodh\u03bfkse Autoqefale e Shqip\u00ebris\u00eb<\/title>\n<meta name=\"robots\" content=\"index, follow, max-snippet:-1, max-image-preview:large, max-video-preview:-1\" \/>\n<link rel=\"canonical\" href=\"https:\/\/orthodoxalbania.org\/2020\/2014\/09\/13\/reagim-i-kishes-orthodhokse-ndaj-deklarates-se-nikolla-markut-ne-prag-te-vizites-se-papes\/\" \/>\n<meta property=\"og:locale\" content=\"en_US\" \/>\n<meta property=\"og:type\" content=\"article\" \/>\n<meta property=\"og:title\" content=\"Reagim i Kish\u00ebs Orthodhokse ndaj deklarat\u00ebs s\u00eb Nikolla Markut n\u00eb prag t\u00eb vizit\u00ebs s\u00eb Pap\u00ebs - Kisha Orthodh\u03bfkse Autoqefale e Shqip\u00ebris\u00eb\" \/>\n<meta property=\"og:description\" content=\"&nbsp;P\u00ebrpjekje mjerane p\u00ebr t\u00eb prishur atmosfer\u00ebn e mikpritjes dhe harmonin\u00eb fetare &nbsp; &#8211; Reagim i Kish\u00ebs Orthodhokse ndaj deklarat\u00ebs s\u00eb Nikolla Markut n\u00eb prag t\u00eb vizit\u00ebs s\u00eb Pap\u00ebs &#8211; &nbsp; &nbsp;&nbsp;&nbsp; Si\u00e7 kemi deklaruar, ardhja e Papa Fran\u00e7eskut I n\u00eb vendin ton\u00eb \u00ebsht\u00eb m\u00eb se e mir\u00ebpritur dhe vazhdim i nj\u00eb tradite marr\u00ebdh\u00ebniesh t\u00eb shk\u00eblqyera. Dhe jo vet\u00ebm midis t\u00eb krishter\u00ebve. Q\u00eb nga rikthimi i\" \/>\n<meta property=\"og:url\" content=\"https:\/\/orthodoxalbania.org\/2020\/2014\/09\/13\/reagim-i-kishes-orthodhokse-ndaj-deklarates-se-nikolla-markut-ne-prag-te-vizites-se-papes\/\" \/>\n<meta property=\"og:site_name\" content=\"Kisha Orthodh\u03bfkse Autoqefale e Shqip\u00ebris\u00eb\" \/>\n<meta property=\"article:publisher\" content=\"https:\/\/www.facebook.com\/koash1991\" \/>\n<meta property=\"article:published_time\" content=\"2014-09-13T20:18:26+00:00\" \/>\n<meta property=\"article:modified_time\" content=\"2020-04-06T20:02:23+00:00\" \/>\n<meta property=\"og:image\" content=\"https:\/\/orthodoxalbania.org\/2020\/wp-content\/uploads\/2020\/04\/2014-09-13.jpg\" \/>\n\t<meta property=\"og:image:width\" content=\"537\" \/>\n\t<meta property=\"og:image:height\" content=\"280\" \/>\n\t<meta property=\"og:image:type\" content=\"image\/jpeg\" \/>\n<meta name=\"author\" content=\"Administrator3\" \/>\n<meta name=\"twitter:card\" content=\"summary_large_image\" \/>\n<meta name=\"twitter:label1\" content=\"Written by\" \/>\n\t<meta name=\"twitter:data1\" content=\"Administrator3\" \/>\n\t<meta name=\"twitter:label2\" content=\"Est. reading time\" \/>\n\t<meta name=\"twitter:data2\" content=\"4 minutes\" \/>\n<script type=\"application\/ld+json\" class=\"yoast-schema-graph\">{\"@context\":\"https:\/\/schema.org\",\"@graph\":[{\"@type\":\"Article\",\"@id\":\"https:\/\/orthodoxalbania.org\/2020\/2014\/09\/13\/reagim-i-kishes-orthodhokse-ndaj-deklarates-se-nikolla-markut-ne-prag-te-vizites-se-papes\/#article\",\"isPartOf\":{\"@id\":\"https:\/\/orthodoxalbania.org\/2020\/2014\/09\/13\/reagim-i-kishes-orthodhokse-ndaj-deklarates-se-nikolla-markut-ne-prag-te-vizites-se-papes\/\"},\"author\":{\"name\":\"Administrator3\",\"@id\":\"https:\/\/orthodoxalbania.org\/2020\/#\/schema\/person\/8f81792a8d818674e96c380e1085eb43\"},\"headline\":\"Reagim i Kish\u00ebs Orthodhokse ndaj deklarat\u00ebs s\u00eb Nikolla Markut n\u00eb prag t\u00eb vizit\u00ebs s\u00eb Pap\u00ebs\",\"datePublished\":\"2014-09-13T20:18:26+00:00\",\"dateModified\":\"2020-04-06T20:02:23+00:00\",\"mainEntityOfPage\":{\"@id\":\"https:\/\/orthodoxalbania.org\/2020\/2014\/09\/13\/reagim-i-kishes-orthodhokse-ndaj-deklarates-se-nikolla-markut-ne-prag-te-vizites-se-papes\/\"},\"wordCount\":735,\"commentCount\":0,\"publisher\":{\"@id\":\"https:\/\/orthodoxalbania.org\/2020\/#organization\"},\"image\":{\"@id\":\"https:\/\/orthodoxalbania.org\/2020\/2014\/09\/13\/reagim-i-kishes-orthodhokse-ndaj-deklarates-se-nikolla-markut-ne-prag-te-vizites-se-papes\/#primaryimage\"},\"thumbnailUrl\":\"https:\/\/orthodoxalbania.org\/2020\/wp-content\/uploads\/2020\/04\/2014-09-13.jpg\",\"keywords\":[\"2014\",\"Deklarata - Njoftime Zyrtare\",\"Kryepiskopata Tiran\u00eb\",\"lajme\",\"P\u00ebrgjigje ndaj akuzave\"],\"articleSection\":[\"Lajme\"],\"inLanguage\":\"en-US\"},{\"@type\":\"WebPage\",\"@id\":\"https:\/\/orthodoxalbania.org\/2020\/2014\/09\/13\/reagim-i-kishes-orthodhokse-ndaj-deklarates-se-nikolla-markut-ne-prag-te-vizites-se-papes\/\",\"url\":\"https:\/\/orthodoxalbania.org\/2020\/2014\/09\/13\/reagim-i-kishes-orthodhokse-ndaj-deklarates-se-nikolla-markut-ne-prag-te-vizites-se-papes\/\",\"name\":\"Reagim i Kish\u00ebs Orthodhokse ndaj deklarat\u00ebs s\u00eb Nikolla Markut n\u00eb prag t\u00eb vizit\u00ebs s\u00eb Pap\u00ebs - Kisha Orthodh\u03bfkse Autoqefale e Shqip\u00ebris\u00eb\",\"isPartOf\":{\"@id\":\"https:\/\/orthodoxalbania.org\/2020\/#website\"},\"primaryImageOfPage\":{\"@id\":\"https:\/\/orthodoxalbania.org\/2020\/2014\/09\/13\/reagim-i-kishes-orthodhokse-ndaj-deklarates-se-nikolla-markut-ne-prag-te-vizites-se-papes\/#primaryimage\"},\"image\":{\"@id\":\"https:\/\/orthodoxalbania.org\/2020\/2014\/09\/13\/reagim-i-kishes-orthodhokse-ndaj-deklarates-se-nikolla-markut-ne-prag-te-vizites-se-papes\/#primaryimage\"},\"thumbnailUrl\":\"https:\/\/orthodoxalbania.org\/2020\/wp-content\/uploads\/2020\/04\/2014-09-13.jpg\",\"datePublished\":\"2014-09-13T20:18:26+00:00\",\"dateModified\":\"2020-04-06T20:02:23+00:00\",\"breadcrumb\":{\"@id\":\"https:\/\/orthodoxalbania.org\/2020\/2014\/09\/13\/reagim-i-kishes-orthodhokse-ndaj-deklarates-se-nikolla-markut-ne-prag-te-vizites-se-papes\/#breadcrumb\"},\"inLanguage\":\"en-US\",\"potentialAction\":[{\"@type\":\"ReadAction\",\"target\":[\"https:\/\/orthodoxalbania.org\/2020\/2014\/09\/13\/reagim-i-kishes-orthodhokse-ndaj-deklarates-se-nikolla-markut-ne-prag-te-vizites-se-papes\/\"]}]},{\"@type\":\"ImageObject\",\"inLanguage\":\"en-US\",\"@id\":\"https:\/\/orthodoxalbania.org\/2020\/2014\/09\/13\/reagim-i-kishes-orthodhokse-ndaj-deklarates-se-nikolla-markut-ne-prag-te-vizites-se-papes\/#primaryimage\",\"url\":\"https:\/\/orthodoxalbania.org\/2020\/wp-content\/uploads\/2020\/04\/2014-09-13.jpg\",\"contentUrl\":\"https:\/\/orthodoxalbania.org\/2020\/wp-content\/uploads\/2020\/04\/2014-09-13.jpg\",\"width\":537,\"height\":280},{\"@type\":\"BreadcrumbList\",\"@id\":\"https:\/\/orthodoxalbania.org\/2020\/2014\/09\/13\/reagim-i-kishes-orthodhokse-ndaj-deklarates-se-nikolla-markut-ne-prag-te-vizites-se-papes\/#breadcrumb\",\"itemListElement\":[{\"@type\":\"ListItem\",\"position\":1,\"name\":\"Home\",\"item\":\"https:\/\/orthodoxalbania.org\/2020\/\"},{\"@type\":\"ListItem\",\"position\":2,\"name\":\"Reagim i Kish\u00ebs Orthodhokse ndaj deklarat\u00ebs s\u00eb Nikolla Markut n\u00eb prag t\u00eb vizit\u00ebs s\u00eb Pap\u00ebs\"}]},{\"@type\":\"WebSite\",\"@id\":\"https:\/\/orthodoxalbania.org\/2020\/#website\",\"url\":\"https:\/\/orthodoxalbania.org\/2020\/\",\"name\":\"Kisha Orthodh\u03bfkse Autoqefale e Shqip\u00ebris\u00eb\",\"description\":\"Fqja Zyrtare e Kish\u00ebs Orthodhokse Autoqefale e Shqip\u00ebris\u00eb me lajmet edhe informacionet zyrtare p\u00ebr struktur\u00ebn edhe veprimtarin e saj.\",\"publisher\":{\"@id\":\"https:\/\/orthodoxalbania.org\/2020\/#organization\"},\"potentialAction\":[{\"@type\":\"SearchAction\",\"target\":{\"@type\":\"EntryPoint\",\"urlTemplate\":\"https:\/\/orthodoxalbania.org\/2020\/?s={search_term_string}\"},\"query-input\":{\"@type\":\"PropertyValueSpecification\",\"valueRequired\":true,\"valueName\":\"search_term_string\"}}],\"inLanguage\":\"en-US\"},{\"@type\":\"Organization\",\"@id\":\"https:\/\/orthodoxalbania.org\/2020\/#organization\",\"name\":\"Kisha Orthodhokse Autoqefale e Shqip\u00ebris\u00eb\",\"url\":\"https:\/\/orthodoxalbania.org\/2020\/\",\"logo\":{\"@type\":\"ImageObject\",\"inLanguage\":\"en-US\",\"@id\":\"https:\/\/orthodoxalbania.org\/2020\/#\/schema\/logo\/image\/\",\"url\":\"https:\/\/orthodoxalbania.org\/2020\/wp-content\/uploads\/2020\/05\/albania.jpeg\",\"contentUrl\":\"https:\/\/orthodoxalbania.org\/2020\/wp-content\/uploads\/2020\/05\/albania.jpeg\",\"width\":540,\"height\":540,\"caption\":\"Kisha Orthodhokse Autoqefale e Shqip\u00ebris\u00eb\"},\"image\":{\"@id\":\"https:\/\/orthodoxalbania.org\/2020\/#\/schema\/logo\/image\/\"},\"sameAs\":[\"https:\/\/www.facebook.com\/koash1991\"]},{\"@type\":\"Person\",\"@id\":\"https:\/\/orthodoxalbania.org\/2020\/#\/schema\/person\/8f81792a8d818674e96c380e1085eb43\",\"name\":\"Administrator3\",\"image\":{\"@type\":\"ImageObject\",\"inLanguage\":\"en-US\",\"@id\":\"https:\/\/secure.gravatar.com\/avatar\/f6b85b21b3f9159ff2c0d0cf50724456629c45a3e9069c9124ecd8a6cb95f6ca?s=96&d=mm&r=g\",\"url\":\"https:\/\/secure.gravatar.com\/avatar\/f6b85b21b3f9159ff2c0d0cf50724456629c45a3e9069c9124ecd8a6cb95f6ca?s=96&d=mm&r=g\",\"contentUrl\":\"https:\/\/secure.gravatar.com\/avatar\/f6b85b21b3f9159ff2c0d0cf50724456629c45a3e9069c9124ecd8a6cb95f6ca?s=96&d=mm&r=g\",\"caption\":\"Administrator3\"}}]}<\/script>\n<!-- \/ Yoast SEO plugin. -->","yoast_head_json":{"title":"Reagim i Kish\u00ebs Orthodhokse ndaj deklarat\u00ebs s\u00eb Nikolla Markut n\u00eb prag t\u00eb vizit\u00ebs s\u00eb Pap\u00ebs - Kisha Orthodh\u03bfkse Autoqefale e Shqip\u00ebris\u00eb","robots":{"index":"index","follow":"follow","max-snippet":"max-snippet:-1","max-image-preview":"max-image-preview:large","max-video-preview":"max-video-preview:-1"},"canonical":"https:\/\/orthodoxalbania.org\/2020\/2014\/09\/13\/reagim-i-kishes-orthodhokse-ndaj-deklarates-se-nikolla-markut-ne-prag-te-vizites-se-papes\/","og_locale":"en_US","og_type":"article","og_title":"Reagim i Kish\u00ebs Orthodhokse ndaj deklarat\u00ebs s\u00eb Nikolla Markut n\u00eb prag t\u00eb vizit\u00ebs s\u00eb Pap\u00ebs - Kisha Orthodh\u03bfkse Autoqefale e Shqip\u00ebris\u00eb","og_description":"&nbsp;P\u00ebrpjekje mjerane p\u00ebr t\u00eb prishur atmosfer\u00ebn e mikpritjes dhe harmonin\u00eb fetare &nbsp; &#8211; Reagim i Kish\u00ebs Orthodhokse ndaj deklarat\u00ebs s\u00eb Nikolla Markut n\u00eb prag t\u00eb vizit\u00ebs s\u00eb Pap\u00ebs &#8211; &nbsp; &nbsp;&nbsp;&nbsp; Si\u00e7 kemi deklaruar, ardhja e Papa Fran\u00e7eskut I n\u00eb vendin ton\u00eb \u00ebsht\u00eb m\u00eb se e mir\u00ebpritur dhe vazhdim i nj\u00eb tradite marr\u00ebdh\u00ebniesh t\u00eb shk\u00eblqyera. Dhe jo vet\u00ebm midis t\u00eb krishter\u00ebve. Q\u00eb nga rikthimi i","og_url":"https:\/\/orthodoxalbania.org\/2020\/2014\/09\/13\/reagim-i-kishes-orthodhokse-ndaj-deklarates-se-nikolla-markut-ne-prag-te-vizites-se-papes\/","og_site_name":"Kisha Orthodh\u03bfkse Autoqefale e Shqip\u00ebris\u00eb","article_publisher":"https:\/\/www.facebook.com\/koash1991","article_published_time":"2014-09-13T20:18:26+00:00","article_modified_time":"2020-04-06T20:02:23+00:00","og_image":[{"width":537,"height":280,"url":"https:\/\/orthodoxalbania.org\/2020\/wp-content\/uploads\/2020\/04\/2014-09-13.jpg","type":"image\/jpeg"}],"author":"Administrator3","twitter_card":"summary_large_image","twitter_misc":{"Written by":"Administrator3","Est. reading time":"4 minutes"},"schema":{"@context":"https:\/\/schema.org","@graph":[{"@type":"Article","@id":"https:\/\/orthodoxalbania.org\/2020\/2014\/09\/13\/reagim-i-kishes-orthodhokse-ndaj-deklarates-se-nikolla-markut-ne-prag-te-vizites-se-papes\/#article","isPartOf":{"@id":"https:\/\/orthodoxalbania.org\/2020\/2014\/09\/13\/reagim-i-kishes-orthodhokse-ndaj-deklarates-se-nikolla-markut-ne-prag-te-vizites-se-papes\/"},"author":{"name":"Administrator3","@id":"https:\/\/orthodoxalbania.org\/2020\/#\/schema\/person\/8f81792a8d818674e96c380e1085eb43"},"headline":"Reagim i Kish\u00ebs Orthodhokse ndaj deklarat\u00ebs s\u00eb Nikolla Markut n\u00eb prag t\u00eb vizit\u00ebs s\u00eb Pap\u00ebs","datePublished":"2014-09-13T20:18:26+00:00","dateModified":"2020-04-06T20:02:23+00:00","mainEntityOfPage":{"@id":"https:\/\/orthodoxalbania.org\/2020\/2014\/09\/13\/reagim-i-kishes-orthodhokse-ndaj-deklarates-se-nikolla-markut-ne-prag-te-vizites-se-papes\/"},"wordCount":735,"commentCount":0,"publisher":{"@id":"https:\/\/orthodoxalbania.org\/2020\/#organization"},"image":{"@id":"https:\/\/orthodoxalbania.org\/2020\/2014\/09\/13\/reagim-i-kishes-orthodhokse-ndaj-deklarates-se-nikolla-markut-ne-prag-te-vizites-se-papes\/#primaryimage"},"thumbnailUrl":"https:\/\/orthodoxalbania.org\/2020\/wp-content\/uploads\/2020\/04\/2014-09-13.jpg","keywords":["2014","Deklarata - Njoftime Zyrtare","Kryepiskopata Tiran\u00eb","lajme","P\u00ebrgjigje ndaj akuzave"],"articleSection":["Lajme"],"inLanguage":"en-US"},{"@type":"WebPage","@id":"https:\/\/orthodoxalbania.org\/2020\/2014\/09\/13\/reagim-i-kishes-orthodhokse-ndaj-deklarates-se-nikolla-markut-ne-prag-te-vizites-se-papes\/","url":"https:\/\/orthodoxalbania.org\/2020\/2014\/09\/13\/reagim-i-kishes-orthodhokse-ndaj-deklarates-se-nikolla-markut-ne-prag-te-vizites-se-papes\/","name":"Reagim i Kish\u00ebs Orthodhokse ndaj deklarat\u00ebs s\u00eb Nikolla Markut n\u00eb prag t\u00eb vizit\u00ebs s\u00eb Pap\u00ebs - Kisha Orthodh\u03bfkse Autoqefale e Shqip\u00ebris\u00eb","isPartOf":{"@id":"https:\/\/orthodoxalbania.org\/2020\/#website"},"primaryImageOfPage":{"@id":"https:\/\/orthodoxalbania.org\/2020\/2014\/09\/13\/reagim-i-kishes-orthodhokse-ndaj-deklarates-se-nikolla-markut-ne-prag-te-vizites-se-papes\/#primaryimage"},"image":{"@id":"https:\/\/orthodoxalbania.org\/2020\/2014\/09\/13\/reagim-i-kishes-orthodhokse-ndaj-deklarates-se-nikolla-markut-ne-prag-te-vizites-se-papes\/#primaryimage"},"thumbnailUrl":"https:\/\/orthodoxalbania.org\/2020\/wp-content\/uploads\/2020\/04\/2014-09-13.jpg","datePublished":"2014-09-13T20:18:26+00:00","dateModified":"2020-04-06T20:02:23+00:00","breadcrumb":{"@id":"https:\/\/orthodoxalbania.org\/2020\/2014\/09\/13\/reagim-i-kishes-orthodhokse-ndaj-deklarates-se-nikolla-markut-ne-prag-te-vizites-se-papes\/#breadcrumb"},"inLanguage":"en-US","potentialAction":[{"@type":"ReadAction","target":["https:\/\/orthodoxalbania.org\/2020\/2014\/09\/13\/reagim-i-kishes-orthodhokse-ndaj-deklarates-se-nikolla-markut-ne-prag-te-vizites-se-papes\/"]}]},{"@type":"ImageObject","inLanguage":"en-US","@id":"https:\/\/orthodoxalbania.org\/2020\/2014\/09\/13\/reagim-i-kishes-orthodhokse-ndaj-deklarates-se-nikolla-markut-ne-prag-te-vizites-se-papes\/#primaryimage","url":"https:\/\/orthodoxalbania.org\/2020\/wp-content\/uploads\/2020\/04\/2014-09-13.jpg","contentUrl":"https:\/\/orthodoxalbania.org\/2020\/wp-content\/uploads\/2020\/04\/2014-09-13.jpg","width":537,"height":280},{"@type":"BreadcrumbList","@id":"https:\/\/orthodoxalbania.org\/2020\/2014\/09\/13\/reagim-i-kishes-orthodhokse-ndaj-deklarates-se-nikolla-markut-ne-prag-te-vizites-se-papes\/#breadcrumb","itemListElement":[{"@type":"ListItem","position":1,"name":"Home","item":"https:\/\/orthodoxalbania.org\/2020\/"},{"@type":"ListItem","position":2,"name":"Reagim i Kish\u00ebs Orthodhokse ndaj deklarat\u00ebs s\u00eb Nikolla Markut n\u00eb prag t\u00eb vizit\u00ebs s\u00eb Pap\u00ebs"}]},{"@type":"WebSite","@id":"https:\/\/orthodoxalbania.org\/2020\/#website","url":"https:\/\/orthodoxalbania.org\/2020\/","name":"Kisha Orthodh\u03bfkse Autoqefale e Shqip\u00ebris\u00eb","description":"Fqja Zyrtare e Kish\u00ebs Orthodhokse Autoqefale e Shqip\u00ebris\u00eb me lajmet edhe informacionet zyrtare p\u00ebr struktur\u00ebn edhe veprimtarin e saj.","publisher":{"@id":"https:\/\/orthodoxalbania.org\/2020\/#organization"},"potentialAction":[{"@type":"SearchAction","target":{"@type":"EntryPoint","urlTemplate":"https:\/\/orthodoxalbania.org\/2020\/?s={search_term_string}"},"query-input":{"@type":"PropertyValueSpecification","valueRequired":true,"valueName":"search_term_string"}}],"inLanguage":"en-US"},{"@type":"Organization","@id":"https:\/\/orthodoxalbania.org\/2020\/#organization","name":"Kisha Orthodhokse Autoqefale e Shqip\u00ebris\u00eb","url":"https:\/\/orthodoxalbania.org\/2020\/","logo":{"@type":"ImageObject","inLanguage":"en-US","@id":"https:\/\/orthodoxalbania.org\/2020\/#\/schema\/logo\/image\/","url":"https:\/\/orthodoxalbania.org\/2020\/wp-content\/uploads\/2020\/05\/albania.jpeg","contentUrl":"https:\/\/orthodoxalbania.org\/2020\/wp-content\/uploads\/2020\/05\/albania.jpeg","width":540,"height":540,"caption":"Kisha Orthodhokse Autoqefale e Shqip\u00ebris\u00eb"},"image":{"@id":"https:\/\/orthodoxalbania.org\/2020\/#\/schema\/logo\/image\/"},"sameAs":["https:\/\/www.facebook.com\/koash1991"]},{"@type":"Person","@id":"https:\/\/orthodoxalbania.org\/2020\/#\/schema\/person\/8f81792a8d818674e96c380e1085eb43","name":"Administrator3","image":{"@type":"ImageObject","inLanguage":"en-US","@id":"https:\/\/secure.gravatar.com\/avatar\/f6b85b21b3f9159ff2c0d0cf50724456629c45a3e9069c9124ecd8a6cb95f6ca?s=96&d=mm&r=g","url":"https:\/\/secure.gravatar.com\/avatar\/f6b85b21b3f9159ff2c0d0cf50724456629c45a3e9069c9124ecd8a6cb95f6ca?s=96&d=mm&r=g","contentUrl":"https:\/\/secure.gravatar.com\/avatar\/f6b85b21b3f9159ff2c0d0cf50724456629c45a3e9069c9124ecd8a6cb95f6ca?s=96&d=mm&r=g","caption":"Administrator3"}}]}},"_links":{"self":[{"href":"https:\/\/orthodoxalbania.org\/2020\/wp-json\/wp\/v2\/posts\/1165","targetHints":{"allow":["GET"]}}],"collection":[{"href":"https:\/\/orthodoxalbania.org\/2020\/wp-json\/wp\/v2\/posts"}],"about":[{"href":"https:\/\/orthodoxalbania.org\/2020\/wp-json\/wp\/v2\/types\/post"}],"author":[{"embeddable":true,"href":"https:\/\/orthodoxalbania.org\/2020\/wp-json\/wp\/v2\/users\/5"}],"replies":[{"embeddable":true,"href":"https:\/\/orthodoxalbania.org\/2020\/wp-json\/wp\/v2\/comments?post=1165"}],"version-history":[{"count":1,"href":"https:\/\/orthodoxalbania.org\/2020\/wp-json\/wp\/v2\/posts\/1165\/revisions"}],"predecessor-version":[{"id":15058,"href":"https:\/\/orthodoxalbania.org\/2020\/wp-json\/wp\/v2\/posts\/1165\/revisions\/15058"}],"wp:featuredmedia":[{"embeddable":true,"href":"https:\/\/orthodoxalbania.org\/2020\/wp-json\/wp\/v2\/media\/1166"}],"wp:attachment":[{"href":"https:\/\/orthodoxalbania.org\/2020\/wp-json\/wp\/v2\/media?parent=1165"}],"wp:term":[{"taxonomy":"category","embeddable":true,"href":"https:\/\/orthodoxalbania.org\/2020\/wp-json\/wp\/v2\/categories?post=1165"},{"taxonomy":"post_tag","embeddable":true,"href":"https:\/\/orthodoxalbania.org\/2020\/wp-json\/wp\/v2\/tags?post=1165"}],"curies":[{"name":"wp","href":"https:\/\/api.w.org\/{rel}","templated":true}]}}