{"id":1164,"date":"2014-04-16T22:41:06","date_gmt":"2014-04-16T22:41:06","guid":{"rendered":""},"modified":"2020-04-06T22:05:18","modified_gmt":"2020-04-06T20:05:18","slug":"radio-ngjallja-transmeton-drejtperdrejt-sherbesat-e-javes-se-madhe-qe-kryhen-ne-tirane","status":"publish","type":"post","link":"https:\/\/orthodoxalbania.org\/2020\/2014\/04\/16\/radio-ngjallja-transmeton-drejtperdrejt-sherbesat-e-javes-se-madhe-qe-kryhen-ne-tirane\/","title":{"rendered":"Radio &#8220;Ngjallja&#8221; transmeton drejtp\u00ebrdrejt sh\u00ebrbesat e Jav\u00ebs s\u00eb Madhe q\u00eb kryhen n\u00eb Tiran\u00eb. (16 Prill 2014)"},"content":{"rendered":"<p style=\"text-align: justify;\"><span class=\"userContent\"><\/span><\/p>\n<p> <\/p>\n<p style=\"text-align: justify;\"><span class=\"userContent\"><\/span><span style=\"font-size: 12pt; font-family: helvetica;\">&nbsp;<span style=\"color: #000000;\"><span class=\"userContent\">&nbsp;&nbsp; Kisha jon<span data-ft=\"{&quot;tn&quot;:&quot;K&quot;}\">\u00eb<\/span> b<span data-ft=\"{&quot;tn&quot;:&quot;K&quot;}\">\u00eb<\/span>n t<span data-ft=\"{&quot;tn&quot;:&quot;K&quot;}\">\u00eb<\/span> mundur transmetimin drejtp<span data-ft=\"{&quot;tn&quot;:&quot;K&quot;}\">\u00eb<\/span>rdrejt t<span data-ft=\"{&quot;tn&quot;:&quot;K&quot;}\">\u00eb<\/span> sh<span data-ft=\"{&quot;tn&quot;:&quot;K&quot;}\">\u00eb<\/span>rbesave t<span data-ft=\"{&quot;tn&quot;:&quot;K&quot;}\">\u00eb <\/span><span class=\"userContent\"><span class=\"userContent\">Jav<span data-ft=\"{&quot;tn&quot;:&quot;K&quot;}\">\u00eb<\/span>s s<span data-ft=\"{&quot;tn&quot;:&quot;K&quot;}\">\u00eb<\/span> Madhe q<span class=\"userContent\"><span data-ft=\"{&quot;tn&quot;:&quot;K&quot;}\">\u00eb kryhen n<span class=\"userContent\"><span data-ft=\"{&quot;tn&quot;:&quot;K&quot;}\">\u00eb Tiran<span class=\"userContent\"><span data-ft=\"{&quot;tn&quot;:&quot;K&quot;}\">\u00eb, <\/span><\/span><\/span><\/span><\/span><\/span><\/span><\/span>me an<span data-ft=\"{&quot;tn&quot;:&quot;K&quot;}\">\u00eb<\/span> t<span data-ft=\"{&quot;tn&quot;:&quot;K&quot;}\">\u00eb<\/span> val<span data-ft=\"{&quot;tn&quot;:&quot;K&quot;}\">\u00eb<\/span>ve t<span data-ft=\"{&quot;tn&quot;:&quot;K&quot;}\">\u00eb<\/span> Radio &#8220;Ngjallja&#8221;, <span class=\"userContent\">p<span data-ft=\"{&quot;tn&quot;:&quot;K&quot;}\">\u00eb<\/span>r t<span data-ft=\"{&quot;tn&quot;:&quot;K&quot;}\">\u00eb<\/span> gjith<span data-ft=\"{&quot;tn&quot;:&quot;K&quot;}\">\u00eb<\/span> ata q<span data-ft=\"{&quot;tn&quot;:&quot;K&quot;}\">\u00eb<\/span> nuk munden dot t<span data-ft=\"{&quot;tn&quot;:&quot;K&quot;}\">\u00eb<\/span> vijn<span data-ft=\"{&quot;tn&quot;:&quot;K&quot;}\">\u00eb<\/span> p<span data-ft=\"{&quot;tn&quot;:&quot;K&quot;}\">\u00eb<\/span>r t&#8217;u lutur s<span data-ft=\"{&quot;tn&quot;:&quot;K&quot;}\">\u00eb<\/span>bashku n<span data-ft=\"{&quot;tn&quot;:&quot;K&quot;}\">\u00eb<\/span> sh<span data-ft=\"{&quot;tn&quot;:&quot;K&quot;}\">\u00eb<\/span>rbesat e k<span class=\"userContent\"><span data-ft=\"{&quot;tn&quot;:&quot;K&quot;}\">\u00ebtyre <\/span><\/span>dit<span data-ft=\"{&quot;tn&quot;:&quot;K&quot;}\">\u00eb<\/span>ve sipas programit q<span data-ft=\"{&quot;tn&quot;:&quot;K&quot;}\">\u00eb<\/span> kemi afishuar.<\/span><\/span><\/span><\/span><\/p>\n<p style=\"text-align: justify;\"><span style=\"font-family: helvetica; font-size: 12pt;\">&nbsp;<span style=\"color: #000000;\"><span class=\"userContent\">&nbsp;&nbsp; Ndiqeni n<span data-ft=\"{&quot;tn&quot;:&quot;K&quot;}\">\u00eb<\/span> aparatet radiofonike n<span data-ft=\"{&quot;tn&quot;:&quot;K&quot;}\">\u00eb<\/span> <\/span><\/span><span style=\"color: #b22222;\"><span class=\"userContent\"><strong>FM 88.5<\/strong><\/span><\/span><span style=\"color: #000000;\"><span class=\"userContent\">, dhe n<span data-ft=\"{&quot;tn&quot;:&quot;K&quot;}\">\u00eb<\/span> internet n<span data-ft=\"{&quot;tn&quot;:&quot;K&quot;}\">\u00eb k<span data-ft=\"{&quot;tn&quot;:&quot;K&quot;}\">\u00ebt<span data-ft=\"{&quot;tn&quot;:&quot;K&quot;}\">\u00eb faqe si edhe<\/span><\/span><\/span> linkun <\/span><\/span><strong><span style=\"color: #0000cd;\"><span class=\"userContent\"><a href=\"http:\/\/www.ustream.tv\/channel\/radio-ngjallja-online\" target=\"_blank\" rel=\"nofollow noopener noreferrer\">http:\/\/www.ustream.tv\/channel\/radio-ngjallja-online<\/a><\/span><\/span><span style=\"color: #000000;\"><span class=\"userContent\">.<\/span><\/span><\/strong><\/span><\/p>\n<p style=\"text-align: justify;\"><span style=\"font-family: helvetica; font-size: 12pt;\"><span style=\"color: #000000;\"><span class=\"userContent\">&nbsp;&nbsp;&nbsp; K<span data-ft=\"{&quot;tn&quot;:&quot;K&quot;}\">\u00ebto sh<span data-ft=\"{&quot;tn&quot;:&quot;K&quot;}\">\u00ebrbesa ritransmetohen&nbsp;gjithashtu <span class=\"userContent\"><span data-ft=\"{&quot;tn&quot;:&quot;K&quot;}\"><span data-ft=\"{&quot;tn&quot;:&quot;K&quot;}\"><span class=\"userContent\" data-ft=\"{&quot;tn&quot;:&quot;K&quot;}\">\u00e7do dit<span class=\"userContent\" data-ft=\"{&quot;tn&quot;:&quot;K&quot;}\"><span class=\"userContent\"><span data-ft=\"{&quot;tn&quot;:&quot;K&quot;}\"><span data-ft=\"{&quot;tn&quot;:&quot;K&quot;}\"><span class=\"userContent\"><span data-ft=\"{&quot;tn&quot;:&quot;K&quot;}\">\u00eb,<\/span><\/span><\/span><\/span><\/span> <\/span><\/span><\/span><\/span><\/span>n<span class=\"userContent\"><span data-ft=\"{&quot;tn&quot;:&quot;K&quot;}\">\u00eb or<span class=\"userContent\"><span data-ft=\"{&quot;tn&quot;:&quot;K&quot;}\">\u00ebn 00:00.<\/span><\/span><\/span><\/span><\/span><\/span><\/span><\/span><\/span><\/p>\n<p style=\"text-align: justify;\">&nbsp;<\/p>\n<div><span style=\"font-size: 12pt;\"><\/span><\/div>\n<p>&nbsp;<\/p>\n<p>&nbsp;<\/p>\n<p>&nbsp;<\/p>\n<p>&nbsp;<\/p>\n<p>&nbsp;<\/p>\n<p>&nbsp;<\/p>\n<p>&nbsp;<\/p>\n","protected":false},"excerpt":{"rendered":"<p>&nbsp;&nbsp;&nbsp; Kisha jon\u00eb b\u00ebn t\u00eb mundur transmetimin drejtp\u00ebrdrejt t\u00eb sh\u00ebrbesave t\u00eb Jav\u00ebs s\u00eb Madhe q\u00eb kryhen n\u00eb Tiran\u00eb, me an\u00eb t\u00eb val\u00ebve t\u00eb Radio &#8220;Ngjallja&#8221;, p\u00ebr t\u00eb gjith\u00eb ata q\u00eb nuk munden dot t\u00eb vijn\u00eb p\u00ebr t&#8217;u lutur s\u00ebbashku n\u00eb sh\u00ebrbesat e k\u00ebtyre dit\u00ebve sipas programit q\u00eb kemi afishuar. &nbsp;&nbsp;&nbsp; Ndiqeni n\u00eb aparatet radiofonike n\u00eb FM 88.5, dhe n\u00eb internet n\u00eb k\u00ebt\u00eb faqe si edhe<\/p>\n","protected":false},"author":5,"featured_media":1163,"comment_status":"open","ping_status":"open","sticky":false,"template":"","format":"standard","meta":{"_acf_changed":false,"pagelayer_contact_templates":[],"_pagelayer_content":"","inline_featured_image":false,"fifu_image_url":"","fifu_image_alt":"","footnotes":""},"categories":[108],"tags":[140,196,212,190],"class_list":["post-1164","post","type-post","status-publish","format-standard","has-post-thumbnail","hentry","category-lajme","tag-140","tag-tirane","tag-lajme-d27","tag-radio-ngjallja"],"acf":[],"yoast_head":"<!-- This site is optimized with the Yoast SEO plugin v27.2 - https:\/\/yoast.com\/product\/yoast-seo-wordpress\/ -->\n<title>Radio &quot;Ngjallja&quot; transmeton drejtp\u00ebrdrejt sh\u00ebrbesat e Jav\u00ebs s\u00eb Madhe q\u00eb kryhen n\u00eb Tiran\u00eb. (16 Prill 2014) - Kisha Orthodh\u03bfkse Autoqefale e Shqip\u00ebris\u00eb<\/title>\n<meta name=\"robots\" content=\"index, follow, max-snippet:-1, max-image-preview:large, max-video-preview:-1\" \/>\n<link rel=\"canonical\" href=\"https:\/\/orthodoxalbania.org\/2020\/2014\/04\/16\/radio-ngjallja-transmeton-drejtperdrejt-sherbesat-e-javes-se-madhe-qe-kryhen-ne-tirane\/\" \/>\n<meta property=\"og:locale\" content=\"en_US\" \/>\n<meta property=\"og:type\" content=\"article\" \/>\n<meta property=\"og:title\" content=\"Radio &quot;Ngjallja&quot; transmeton drejtp\u00ebrdrejt sh\u00ebrbesat e Jav\u00ebs s\u00eb Madhe q\u00eb kryhen n\u00eb Tiran\u00eb. (16 Prill 2014) - Kisha Orthodh\u03bfkse Autoqefale e Shqip\u00ebris\u00eb\" \/>\n<meta property=\"og:description\" content=\"&nbsp;&nbsp;&nbsp; Kisha jon\u00eb b\u00ebn t\u00eb mundur transmetimin drejtp\u00ebrdrejt t\u00eb sh\u00ebrbesave t\u00eb Jav\u00ebs s\u00eb Madhe q\u00eb kryhen n\u00eb Tiran\u00eb, me an\u00eb t\u00eb val\u00ebve t\u00eb Radio &#8220;Ngjallja&#8221;, p\u00ebr t\u00eb gjith\u00eb ata q\u00eb nuk munden dot t\u00eb vijn\u00eb p\u00ebr t&#8217;u lutur s\u00ebbashku n\u00eb sh\u00ebrbesat e k\u00ebtyre dit\u00ebve sipas programit q\u00eb kemi afishuar. &nbsp;&nbsp;&nbsp; Ndiqeni n\u00eb aparatet radiofonike n\u00eb FM 88.5, dhe n\u00eb internet n\u00eb k\u00ebt\u00eb faqe si edhe\" \/>\n<meta property=\"og:url\" content=\"https:\/\/orthodoxalbania.org\/2020\/2014\/04\/16\/radio-ngjallja-transmeton-drejtperdrejt-sherbesat-e-javes-se-madhe-qe-kryhen-ne-tirane\/\" \/>\n<meta property=\"og:site_name\" content=\"Kisha Orthodh\u03bfkse Autoqefale e Shqip\u00ebris\u00eb\" \/>\n<meta property=\"article:publisher\" content=\"https:\/\/www.facebook.com\/koash1991\" \/>\n<meta property=\"article:published_time\" content=\"2014-04-16T22:41:06+00:00\" \/>\n<meta property=\"article:modified_time\" content=\"2020-04-06T20:05:18+00:00\" \/>\n<meta property=\"og:image\" content=\"https:\/\/orthodoxalbania.org\/2020\/wp-content\/uploads\/2020\/04\/10246501_283218731853152_6263796525319646068_n.jpg\" \/>\n\t<meta property=\"og:image:width\" content=\"160\" \/>\n\t<meta property=\"og:image:height\" content=\"160\" \/>\n\t<meta property=\"og:image:type\" content=\"image\/jpeg\" \/>\n<meta name=\"author\" content=\"Administrator3\" \/>\n<meta name=\"twitter:card\" content=\"summary_large_image\" \/>\n<meta name=\"twitter:label1\" content=\"Written by\" \/>\n\t<meta name=\"twitter:data1\" content=\"Administrator3\" \/>\n\t<meta name=\"twitter:label2\" content=\"Est. reading time\" \/>\n\t<meta name=\"twitter:data2\" content=\"1 minute\" \/>\n<script type=\"application\/ld+json\" class=\"yoast-schema-graph\">{\"@context\":\"https:\/\/schema.org\",\"@graph\":[{\"@type\":\"Article\",\"@id\":\"https:\/\/orthodoxalbania.org\/2020\/2014\/04\/16\/radio-ngjallja-transmeton-drejtperdrejt-sherbesat-e-javes-se-madhe-qe-kryhen-ne-tirane\/#article\",\"isPartOf\":{\"@id\":\"https:\/\/orthodoxalbania.org\/2020\/2014\/04\/16\/radio-ngjallja-transmeton-drejtperdrejt-sherbesat-e-javes-se-madhe-qe-kryhen-ne-tirane\/\"},\"author\":{\"name\":\"Administrator3\",\"@id\":\"https:\/\/orthodoxalbania.org\/2020\/#\/schema\/person\/8f81792a8d818674e96c380e1085eb43\"},\"headline\":\"Radio &#8220;Ngjallja&#8221; transmeton drejtp\u00ebrdrejt sh\u00ebrbesat e Jav\u00ebs s\u00eb Madhe q\u00eb kryhen n\u00eb Tiran\u00eb. (16 Prill 2014)\",\"datePublished\":\"2014-04-16T22:41:06+00:00\",\"dateModified\":\"2020-04-06T20:05:18+00:00\",\"mainEntityOfPage\":{\"@id\":\"https:\/\/orthodoxalbania.org\/2020\/2014\/04\/16\/radio-ngjallja-transmeton-drejtperdrejt-sherbesat-e-javes-se-madhe-qe-kryhen-ne-tirane\/\"},\"wordCount\":127,\"commentCount\":0,\"publisher\":{\"@id\":\"https:\/\/orthodoxalbania.org\/2020\/#organization\"},\"image\":{\"@id\":\"https:\/\/orthodoxalbania.org\/2020\/2014\/04\/16\/radio-ngjallja-transmeton-drejtperdrejt-sherbesat-e-javes-se-madhe-qe-kryhen-ne-tirane\/#primaryimage\"},\"thumbnailUrl\":\"https:\/\/orthodoxalbania.org\/2020\/wp-content\/uploads\/2020\/04\/10246501_283218731853152_6263796525319646068_n.jpg\",\"keywords\":[\"2014\",\"Kryepiskopata Tiran\u00eb\",\"lajme\",\"Radio \\\"Ngjallja\\\"\"],\"articleSection\":[\"Lajme\"],\"inLanguage\":\"en-US\"},{\"@type\":\"WebPage\",\"@id\":\"https:\/\/orthodoxalbania.org\/2020\/2014\/04\/16\/radio-ngjallja-transmeton-drejtperdrejt-sherbesat-e-javes-se-madhe-qe-kryhen-ne-tirane\/\",\"url\":\"https:\/\/orthodoxalbania.org\/2020\/2014\/04\/16\/radio-ngjallja-transmeton-drejtperdrejt-sherbesat-e-javes-se-madhe-qe-kryhen-ne-tirane\/\",\"name\":\"Radio \\\"Ngjallja\\\" transmeton drejtp\u00ebrdrejt sh\u00ebrbesat e Jav\u00ebs s\u00eb Madhe q\u00eb kryhen n\u00eb Tiran\u00eb. (16 Prill 2014) - Kisha Orthodh\u03bfkse Autoqefale e Shqip\u00ebris\u00eb\",\"isPartOf\":{\"@id\":\"https:\/\/orthodoxalbania.org\/2020\/#website\"},\"primaryImageOfPage\":{\"@id\":\"https:\/\/orthodoxalbania.org\/2020\/2014\/04\/16\/radio-ngjallja-transmeton-drejtperdrejt-sherbesat-e-javes-se-madhe-qe-kryhen-ne-tirane\/#primaryimage\"},\"image\":{\"@id\":\"https:\/\/orthodoxalbania.org\/2020\/2014\/04\/16\/radio-ngjallja-transmeton-drejtperdrejt-sherbesat-e-javes-se-madhe-qe-kryhen-ne-tirane\/#primaryimage\"},\"thumbnailUrl\":\"https:\/\/orthodoxalbania.org\/2020\/wp-content\/uploads\/2020\/04\/10246501_283218731853152_6263796525319646068_n.jpg\",\"datePublished\":\"2014-04-16T22:41:06+00:00\",\"dateModified\":\"2020-04-06T20:05:18+00:00\",\"breadcrumb\":{\"@id\":\"https:\/\/orthodoxalbania.org\/2020\/2014\/04\/16\/radio-ngjallja-transmeton-drejtperdrejt-sherbesat-e-javes-se-madhe-qe-kryhen-ne-tirane\/#breadcrumb\"},\"inLanguage\":\"en-US\",\"potentialAction\":[{\"@type\":\"ReadAction\",\"target\":[\"https:\/\/orthodoxalbania.org\/2020\/2014\/04\/16\/radio-ngjallja-transmeton-drejtperdrejt-sherbesat-e-javes-se-madhe-qe-kryhen-ne-tirane\/\"]}]},{\"@type\":\"ImageObject\",\"inLanguage\":\"en-US\",\"@id\":\"https:\/\/orthodoxalbania.org\/2020\/2014\/04\/16\/radio-ngjallja-transmeton-drejtperdrejt-sherbesat-e-javes-se-madhe-qe-kryhen-ne-tirane\/#primaryimage\",\"url\":\"https:\/\/orthodoxalbania.org\/2020\/wp-content\/uploads\/2020\/04\/10246501_283218731853152_6263796525319646068_n.jpg\",\"contentUrl\":\"https:\/\/orthodoxalbania.org\/2020\/wp-content\/uploads\/2020\/04\/10246501_283218731853152_6263796525319646068_n.jpg\",\"width\":160,\"height\":160},{\"@type\":\"BreadcrumbList\",\"@id\":\"https:\/\/orthodoxalbania.org\/2020\/2014\/04\/16\/radio-ngjallja-transmeton-drejtperdrejt-sherbesat-e-javes-se-madhe-qe-kryhen-ne-tirane\/#breadcrumb\",\"itemListElement\":[{\"@type\":\"ListItem\",\"position\":1,\"name\":\"Home\",\"item\":\"https:\/\/orthodoxalbania.org\/2020\/\"},{\"@type\":\"ListItem\",\"position\":2,\"name\":\"Radio &#8220;Ngjallja&#8221; transmeton drejtp\u00ebrdrejt sh\u00ebrbesat e Jav\u00ebs s\u00eb Madhe q\u00eb kryhen n\u00eb Tiran\u00eb. (16 Prill 2014)\"}]},{\"@type\":\"WebSite\",\"@id\":\"https:\/\/orthodoxalbania.org\/2020\/#website\",\"url\":\"https:\/\/orthodoxalbania.org\/2020\/\",\"name\":\"Kisha Orthodh\u03bfkse Autoqefale e Shqip\u00ebris\u00eb\",\"description\":\"Fqja Zyrtare e Kish\u00ebs Orthodhokse Autoqefale e Shqip\u00ebris\u00eb me lajmet edhe informacionet zyrtare p\u00ebr struktur\u00ebn edhe veprimtarin e saj.\",\"publisher\":{\"@id\":\"https:\/\/orthodoxalbania.org\/2020\/#organization\"},\"potentialAction\":[{\"@type\":\"SearchAction\",\"target\":{\"@type\":\"EntryPoint\",\"urlTemplate\":\"https:\/\/orthodoxalbania.org\/2020\/?s={search_term_string}\"},\"query-input\":{\"@type\":\"PropertyValueSpecification\",\"valueRequired\":true,\"valueName\":\"search_term_string\"}}],\"inLanguage\":\"en-US\"},{\"@type\":\"Organization\",\"@id\":\"https:\/\/orthodoxalbania.org\/2020\/#organization\",\"name\":\"Kisha Orthodhokse Autoqefale e Shqip\u00ebris\u00eb\",\"url\":\"https:\/\/orthodoxalbania.org\/2020\/\",\"logo\":{\"@type\":\"ImageObject\",\"inLanguage\":\"en-US\",\"@id\":\"https:\/\/orthodoxalbania.org\/2020\/#\/schema\/logo\/image\/\",\"url\":\"https:\/\/orthodoxalbania.org\/2020\/wp-content\/uploads\/2020\/05\/albania.jpeg\",\"contentUrl\":\"https:\/\/orthodoxalbania.org\/2020\/wp-content\/uploads\/2020\/05\/albania.jpeg\",\"width\":540,\"height\":540,\"caption\":\"Kisha Orthodhokse Autoqefale e Shqip\u00ebris\u00eb\"},\"image\":{\"@id\":\"https:\/\/orthodoxalbania.org\/2020\/#\/schema\/logo\/image\/\"},\"sameAs\":[\"https:\/\/www.facebook.com\/koash1991\"]},{\"@type\":\"Person\",\"@id\":\"https:\/\/orthodoxalbania.org\/2020\/#\/schema\/person\/8f81792a8d818674e96c380e1085eb43\",\"name\":\"Administrator3\",\"image\":{\"@type\":\"ImageObject\",\"inLanguage\":\"en-US\",\"@id\":\"https:\/\/secure.gravatar.com\/avatar\/f6b85b21b3f9159ff2c0d0cf50724456629c45a3e9069c9124ecd8a6cb95f6ca?s=96&d=mm&r=g\",\"url\":\"https:\/\/secure.gravatar.com\/avatar\/f6b85b21b3f9159ff2c0d0cf50724456629c45a3e9069c9124ecd8a6cb95f6ca?s=96&d=mm&r=g\",\"contentUrl\":\"https:\/\/secure.gravatar.com\/avatar\/f6b85b21b3f9159ff2c0d0cf50724456629c45a3e9069c9124ecd8a6cb95f6ca?s=96&d=mm&r=g\",\"caption\":\"Administrator3\"}}]}<\/script>\n<!-- \/ Yoast SEO plugin. -->","yoast_head_json":{"title":"Radio \"Ngjallja\" transmeton drejtp\u00ebrdrejt sh\u00ebrbesat e Jav\u00ebs s\u00eb Madhe q\u00eb kryhen n\u00eb Tiran\u00eb. (16 Prill 2014) - Kisha Orthodh\u03bfkse Autoqefale e Shqip\u00ebris\u00eb","robots":{"index":"index","follow":"follow","max-snippet":"max-snippet:-1","max-image-preview":"max-image-preview:large","max-video-preview":"max-video-preview:-1"},"canonical":"https:\/\/orthodoxalbania.org\/2020\/2014\/04\/16\/radio-ngjallja-transmeton-drejtperdrejt-sherbesat-e-javes-se-madhe-qe-kryhen-ne-tirane\/","og_locale":"en_US","og_type":"article","og_title":"Radio \"Ngjallja\" transmeton drejtp\u00ebrdrejt sh\u00ebrbesat e Jav\u00ebs s\u00eb Madhe q\u00eb kryhen n\u00eb Tiran\u00eb. (16 Prill 2014) - Kisha Orthodh\u03bfkse Autoqefale e Shqip\u00ebris\u00eb","og_description":"&nbsp;&nbsp;&nbsp; Kisha jon\u00eb b\u00ebn t\u00eb mundur transmetimin drejtp\u00ebrdrejt t\u00eb sh\u00ebrbesave t\u00eb Jav\u00ebs s\u00eb Madhe q\u00eb kryhen n\u00eb Tiran\u00eb, me an\u00eb t\u00eb val\u00ebve t\u00eb Radio &#8220;Ngjallja&#8221;, p\u00ebr t\u00eb gjith\u00eb ata q\u00eb nuk munden dot t\u00eb vijn\u00eb p\u00ebr t&#8217;u lutur s\u00ebbashku n\u00eb sh\u00ebrbesat e k\u00ebtyre dit\u00ebve sipas programit q\u00eb kemi afishuar. &nbsp;&nbsp;&nbsp; Ndiqeni n\u00eb aparatet radiofonike n\u00eb FM 88.5, dhe n\u00eb internet n\u00eb k\u00ebt\u00eb faqe si edhe","og_url":"https:\/\/orthodoxalbania.org\/2020\/2014\/04\/16\/radio-ngjallja-transmeton-drejtperdrejt-sherbesat-e-javes-se-madhe-qe-kryhen-ne-tirane\/","og_site_name":"Kisha Orthodh\u03bfkse Autoqefale e Shqip\u00ebris\u00eb","article_publisher":"https:\/\/www.facebook.com\/koash1991","article_published_time":"2014-04-16T22:41:06+00:00","article_modified_time":"2020-04-06T20:05:18+00:00","og_image":[{"width":160,"height":160,"url":"https:\/\/orthodoxalbania.org\/2020\/wp-content\/uploads\/2020\/04\/10246501_283218731853152_6263796525319646068_n.jpg","type":"image\/jpeg"}],"author":"Administrator3","twitter_card":"summary_large_image","twitter_misc":{"Written by":"Administrator3","Est. reading time":"1 minute"},"schema":{"@context":"https:\/\/schema.org","@graph":[{"@type":"Article","@id":"https:\/\/orthodoxalbania.org\/2020\/2014\/04\/16\/radio-ngjallja-transmeton-drejtperdrejt-sherbesat-e-javes-se-madhe-qe-kryhen-ne-tirane\/#article","isPartOf":{"@id":"https:\/\/orthodoxalbania.org\/2020\/2014\/04\/16\/radio-ngjallja-transmeton-drejtperdrejt-sherbesat-e-javes-se-madhe-qe-kryhen-ne-tirane\/"},"author":{"name":"Administrator3","@id":"https:\/\/orthodoxalbania.org\/2020\/#\/schema\/person\/8f81792a8d818674e96c380e1085eb43"},"headline":"Radio &#8220;Ngjallja&#8221; transmeton drejtp\u00ebrdrejt sh\u00ebrbesat e Jav\u00ebs s\u00eb Madhe q\u00eb kryhen n\u00eb Tiran\u00eb. (16 Prill 2014)","datePublished":"2014-04-16T22:41:06+00:00","dateModified":"2020-04-06T20:05:18+00:00","mainEntityOfPage":{"@id":"https:\/\/orthodoxalbania.org\/2020\/2014\/04\/16\/radio-ngjallja-transmeton-drejtperdrejt-sherbesat-e-javes-se-madhe-qe-kryhen-ne-tirane\/"},"wordCount":127,"commentCount":0,"publisher":{"@id":"https:\/\/orthodoxalbania.org\/2020\/#organization"},"image":{"@id":"https:\/\/orthodoxalbania.org\/2020\/2014\/04\/16\/radio-ngjallja-transmeton-drejtperdrejt-sherbesat-e-javes-se-madhe-qe-kryhen-ne-tirane\/#primaryimage"},"thumbnailUrl":"https:\/\/orthodoxalbania.org\/2020\/wp-content\/uploads\/2020\/04\/10246501_283218731853152_6263796525319646068_n.jpg","keywords":["2014","Kryepiskopata Tiran\u00eb","lajme","Radio \"Ngjallja\""],"articleSection":["Lajme"],"inLanguage":"en-US"},{"@type":"WebPage","@id":"https:\/\/orthodoxalbania.org\/2020\/2014\/04\/16\/radio-ngjallja-transmeton-drejtperdrejt-sherbesat-e-javes-se-madhe-qe-kryhen-ne-tirane\/","url":"https:\/\/orthodoxalbania.org\/2020\/2014\/04\/16\/radio-ngjallja-transmeton-drejtperdrejt-sherbesat-e-javes-se-madhe-qe-kryhen-ne-tirane\/","name":"Radio \"Ngjallja\" transmeton drejtp\u00ebrdrejt sh\u00ebrbesat e Jav\u00ebs s\u00eb Madhe q\u00eb kryhen n\u00eb Tiran\u00eb. (16 Prill 2014) - Kisha Orthodh\u03bfkse Autoqefale e Shqip\u00ebris\u00eb","isPartOf":{"@id":"https:\/\/orthodoxalbania.org\/2020\/#website"},"primaryImageOfPage":{"@id":"https:\/\/orthodoxalbania.org\/2020\/2014\/04\/16\/radio-ngjallja-transmeton-drejtperdrejt-sherbesat-e-javes-se-madhe-qe-kryhen-ne-tirane\/#primaryimage"},"image":{"@id":"https:\/\/orthodoxalbania.org\/2020\/2014\/04\/16\/radio-ngjallja-transmeton-drejtperdrejt-sherbesat-e-javes-se-madhe-qe-kryhen-ne-tirane\/#primaryimage"},"thumbnailUrl":"https:\/\/orthodoxalbania.org\/2020\/wp-content\/uploads\/2020\/04\/10246501_283218731853152_6263796525319646068_n.jpg","datePublished":"2014-04-16T22:41:06+00:00","dateModified":"2020-04-06T20:05:18+00:00","breadcrumb":{"@id":"https:\/\/orthodoxalbania.org\/2020\/2014\/04\/16\/radio-ngjallja-transmeton-drejtperdrejt-sherbesat-e-javes-se-madhe-qe-kryhen-ne-tirane\/#breadcrumb"},"inLanguage":"en-US","potentialAction":[{"@type":"ReadAction","target":["https:\/\/orthodoxalbania.org\/2020\/2014\/04\/16\/radio-ngjallja-transmeton-drejtperdrejt-sherbesat-e-javes-se-madhe-qe-kryhen-ne-tirane\/"]}]},{"@type":"ImageObject","inLanguage":"en-US","@id":"https:\/\/orthodoxalbania.org\/2020\/2014\/04\/16\/radio-ngjallja-transmeton-drejtperdrejt-sherbesat-e-javes-se-madhe-qe-kryhen-ne-tirane\/#primaryimage","url":"https:\/\/orthodoxalbania.org\/2020\/wp-content\/uploads\/2020\/04\/10246501_283218731853152_6263796525319646068_n.jpg","contentUrl":"https:\/\/orthodoxalbania.org\/2020\/wp-content\/uploads\/2020\/04\/10246501_283218731853152_6263796525319646068_n.jpg","width":160,"height":160},{"@type":"BreadcrumbList","@id":"https:\/\/orthodoxalbania.org\/2020\/2014\/04\/16\/radio-ngjallja-transmeton-drejtperdrejt-sherbesat-e-javes-se-madhe-qe-kryhen-ne-tirane\/#breadcrumb","itemListElement":[{"@type":"ListItem","position":1,"name":"Home","item":"https:\/\/orthodoxalbania.org\/2020\/"},{"@type":"ListItem","position":2,"name":"Radio &#8220;Ngjallja&#8221; transmeton drejtp\u00ebrdrejt sh\u00ebrbesat e Jav\u00ebs s\u00eb Madhe q\u00eb kryhen n\u00eb Tiran\u00eb. (16 Prill 2014)"}]},{"@type":"WebSite","@id":"https:\/\/orthodoxalbania.org\/2020\/#website","url":"https:\/\/orthodoxalbania.org\/2020\/","name":"Kisha Orthodh\u03bfkse Autoqefale e Shqip\u00ebris\u00eb","description":"Fqja Zyrtare e Kish\u00ebs Orthodhokse Autoqefale e Shqip\u00ebris\u00eb me lajmet edhe informacionet zyrtare p\u00ebr struktur\u00ebn edhe veprimtarin e saj.","publisher":{"@id":"https:\/\/orthodoxalbania.org\/2020\/#organization"},"potentialAction":[{"@type":"SearchAction","target":{"@type":"EntryPoint","urlTemplate":"https:\/\/orthodoxalbania.org\/2020\/?s={search_term_string}"},"query-input":{"@type":"PropertyValueSpecification","valueRequired":true,"valueName":"search_term_string"}}],"inLanguage":"en-US"},{"@type":"Organization","@id":"https:\/\/orthodoxalbania.org\/2020\/#organization","name":"Kisha Orthodhokse Autoqefale e Shqip\u00ebris\u00eb","url":"https:\/\/orthodoxalbania.org\/2020\/","logo":{"@type":"ImageObject","inLanguage":"en-US","@id":"https:\/\/orthodoxalbania.org\/2020\/#\/schema\/logo\/image\/","url":"https:\/\/orthodoxalbania.org\/2020\/wp-content\/uploads\/2020\/05\/albania.jpeg","contentUrl":"https:\/\/orthodoxalbania.org\/2020\/wp-content\/uploads\/2020\/05\/albania.jpeg","width":540,"height":540,"caption":"Kisha Orthodhokse Autoqefale e Shqip\u00ebris\u00eb"},"image":{"@id":"https:\/\/orthodoxalbania.org\/2020\/#\/schema\/logo\/image\/"},"sameAs":["https:\/\/www.facebook.com\/koash1991"]},{"@type":"Person","@id":"https:\/\/orthodoxalbania.org\/2020\/#\/schema\/person\/8f81792a8d818674e96c380e1085eb43","name":"Administrator3","image":{"@type":"ImageObject","inLanguage":"en-US","@id":"https:\/\/secure.gravatar.com\/avatar\/f6b85b21b3f9159ff2c0d0cf50724456629c45a3e9069c9124ecd8a6cb95f6ca?s=96&d=mm&r=g","url":"https:\/\/secure.gravatar.com\/avatar\/f6b85b21b3f9159ff2c0d0cf50724456629c45a3e9069c9124ecd8a6cb95f6ca?s=96&d=mm&r=g","contentUrl":"https:\/\/secure.gravatar.com\/avatar\/f6b85b21b3f9159ff2c0d0cf50724456629c45a3e9069c9124ecd8a6cb95f6ca?s=96&d=mm&r=g","caption":"Administrator3"}}]}},"_links":{"self":[{"href":"https:\/\/orthodoxalbania.org\/2020\/wp-json\/wp\/v2\/posts\/1164","targetHints":{"allow":["GET"]}}],"collection":[{"href":"https:\/\/orthodoxalbania.org\/2020\/wp-json\/wp\/v2\/posts"}],"about":[{"href":"https:\/\/orthodoxalbania.org\/2020\/wp-json\/wp\/v2\/types\/post"}],"author":[{"embeddable":true,"href":"https:\/\/orthodoxalbania.org\/2020\/wp-json\/wp\/v2\/users\/5"}],"replies":[{"embeddable":true,"href":"https:\/\/orthodoxalbania.org\/2020\/wp-json\/wp\/v2\/comments?post=1164"}],"version-history":[{"count":1,"href":"https:\/\/orthodoxalbania.org\/2020\/wp-json\/wp\/v2\/posts\/1164\/revisions"}],"predecessor-version":[{"id":15109,"href":"https:\/\/orthodoxalbania.org\/2020\/wp-json\/wp\/v2\/posts\/1164\/revisions\/15109"}],"wp:featuredmedia":[{"embeddable":true,"href":"https:\/\/orthodoxalbania.org\/2020\/wp-json\/wp\/v2\/media\/1163"}],"wp:attachment":[{"href":"https:\/\/orthodoxalbania.org\/2020\/wp-json\/wp\/v2\/media?parent=1164"}],"wp:term":[{"taxonomy":"category","embeddable":true,"href":"https:\/\/orthodoxalbania.org\/2020\/wp-json\/wp\/v2\/categories?post=1164"},{"taxonomy":"post_tag","embeddable":true,"href":"https:\/\/orthodoxalbania.org\/2020\/wp-json\/wp\/v2\/tags?post=1164"}],"curies":[{"name":"wp","href":"https:\/\/api.w.org\/{rel}","templated":true}]}}