{"id":1161,"date":"2013-03-21T08:59:36","date_gmt":"2013-03-21T08:59:36","guid":{"rendered":""},"modified":"2020-04-06T22:32:13","modified_gmt":"2020-04-06T20:32:13","slug":"qyteti-i-vlores-feston-me-madheshti-krishtlindjen","status":"publish","type":"post","link":"https:\/\/orthodoxalbania.org\/2020\/2013\/03\/21\/qyteti-i-vlores-feston-me-madheshti-krishtlindjen\/","title":{"rendered":"Qyteti i Vlor\u00ebs, feston me madh\u00ebshti Krishtlindjen! (25 Dhjetor 2010)"},"content":{"rendered":"<div style=\"text-align: justify;\">\n\t<span style=\"font-family:tahoma,geneva,sans-serif;\"><span style=\"font-size: 12px;\"><span style=\"color: rgb(0, 0, 0);\"><img decoding=\"async\" class=\"lazyload HAa Eha\" src=\"data:image\/gif;base64,R0lGODlhAQABAAAAACH5BAEKAAEALAAAAAABAAEAAAICTAEAOw==\" data-orig-src=\"https:\/\/lh3.googleusercontent.com\/-cWpefJuJzGQ\/VAArnHHH5jI\/AAAAAAAABy4\/LmheF2kkFL4\/w640-h480-no\/1.JPG\" style=\"height: 225px; width: 300px; border-width: 1px; border-style: solid; margin: 10px; float: left;\" \/> &nbsp; &nbsp; Sa m\u00eb shum\u00eb shtohen vitet q\u00eb festojm\u00eb festat e bes\u00ebs son\u00eb orthodhokse, aq m\u00eb shum\u00eb shtohet zjarri i bes\u00ebs q\u00eb mbush zemrat e besnik\u00ebve k\u00ebto dit\u00eb t\u00eb shenjta. Kjo ndodhi edhe me Krishtlindjet e sivjetme. Ndihej atmosfera n\u00eb \u00e7do familje t\u00eb krishter\u00eb, dhe \u00e7do person q\u00eb takoje n\u00eb ambientet e kish\u00ebs t\u00eb krijonte ndjesin\u00eb se p\u00ebrjetonte thell\u00eb faktin e trup\u00ebzimit t\u00eb Per\u00ebndis\u00eb. Fjala u b\u00eb mish dhe q\u00ebndroi nd\u00ebr ne!<\/span><\/span><\/span><\/div>\n<div style=\"text-align: justify;\">\n\t<br \/>\n\t<span style=\"font-family:tahoma,geneva,sans-serif;\"><span style=\"font-size: 12px;\"><span style=\"color: rgb(0, 0, 0);\">&nbsp;&nbsp;&nbsp; Brenda k\u00ebsaj atmosfere u festuan Krishtlindjet edhe n\u00eb qytetin e Vlor\u00ebs. Nj\u00eb tradit\u00eb spontane, por tep\u00ebr e sinqert\u00eb dhe e bukur \u00ebsht\u00eb krijuar k\u00ebto vitet e fundit. Qindra njer\u00ebz, n\u00eb shumic\u00ebn e tyre t\u00eb rinj, mbushin kish\u00ebn e Sh\u00ebn Todrit n\u00eb or\u00ebn 12 t\u00eb mesnat\u00ebs me bindjen se do t\u00eb jen\u00eb edhe ata si mag\u00ebt, aty, t\u00eb par\u00ebt, p\u00ebr t\u2019iu falur foshnj\u00ebs s\u00eb porsalindur. N\u00eb p\u00ebrgjigje t\u00eb d\u00ebshir\u00ebs s\u00eb k\u00ebtyre besimtar\u00ebve Kisha jon\u00eb organizoi nj\u00eb lutje t\u00eb shkurt\u00ebr p\u00ebr t\u00eb b\u00ebr\u00eb m\u00eb t\u00eb ndjesh\u00ebm brenda tyre kuptimin e fest\u00ebs dhe mesazhin e saj.<\/span><\/span><\/span><\/div>\n<div style=\"text-align: justify;\">\n\t<br \/>\n\t<span style=\"font-family:tahoma,geneva,sans-serif;\"><span style=\"font-size: 12px;\"><span style=\"color: rgb(0, 0, 0);\">&nbsp;&nbsp;&nbsp;&nbsp; M\u00ebngjesi i s\u00eb shtun\u00ebs sipas tradit\u00ebs filloi me Sh\u00ebrbes\u00ebn e M\u00ebngjesores dhe m\u00eb pas me Mesh\u00ebn Hyjnore t\u00eb cilat k\u00ebt\u00eb vit u drejtuan nga Mitropoliti i Beratit,Vlor\u00ebs,Kanin\u00ebs dhe gjith\u00eb Myzeqes\u00eb, Imzot Ignati. N\u00eb kish\u00ebn e mbushur plot me besimtar\u00eb u d\u00ebgjuan troparet e mrekullueshme t\u00eb Krishtlindjes si edhe mesazhi i Mitropolitit p\u00ebr t\u00eb kremten e madhe: <\/span><span style=\"color:#b22222;\"><strong>\u201c<em>Krishtlindje sot, t\u00eb krishter\u00eb t\u00eb dashur! \u201cKrijuesi dhe Kryezoti i t\u00eb gjithave\u201d zbret n\u00eb tok\u00eb dhe num\u00ebrohet midis njer\u00ebzve. T\u00ebr\u00eb bota, pa goj\u00eb, pa z\u00eb ndjek ngjarjen. Bota shpirt\u00ebrore me at\u00eb l\u00ebndore bashkohen, pasi Krijuesi thyen zinxhir\u00ebt e t\u00eb krijuar\u00ebs dhe t\u00eb pakrijuar\u00ebs. Asgj\u00ebson distanc\u00ebn midis Krijuesit dhe krijes\u00ebs. Pa reshtur s\u00eb qeni Per\u00ebndi, hyjnizon njeriun me trupin q\u00eb vesh.\u201d<\/em><\/strong><\/span><\/span><\/span><\/div>\n<div style=\"text-align: justify;\">\n\t<br \/>\n\t<span style=\"font-family:tahoma,geneva,sans-serif;\"><span style=\"font-size: 12px;\"><span style=\"color: rgb(0, 0, 0);\">&nbsp;&nbsp;&nbsp; M\u00eb pas, festa vazhdoi n\u00eb ambientet e Mitropolis\u00eb ku ishte organizuar dhe pritja e rastit,n\u00eb t\u00eb cil\u00ebn erdh\u00ebn p\u00ebr t\u00eb uruar<img decoding=\"async\" class=\"lazyload HAa Eha\" src=\"data:image\/gif;base64,R0lGODlhAQABAAAAACH5BAEKAAEALAAAAAABAAEAAAICTAEAOw==\" data-orig-src=\"https:\/\/lh4.googleusercontent.com\/-f_Ekdt02JRY\/VAAroEwC9_I\/AAAAAAAABys\/MmhDHvm5X1c\/w480-h640-no\/4.JPG\" style=\"height: 212px; width: 159px; border-width: 1px; border-style: solid; margin: 10px; float: right;\" \/> Mitropolitin e Beratit dhe n\u00ebp\u00ebrmjet tij gjith\u00eb orthodhoks\u00ebt e Mitropolis\u00eb son\u00eb, autoritetet vendore t\u00eb qytetit, si Kryetari i Bashkis\u00eb z.Shp\u00ebtim Gjika i shoq\u00ebruar edhe nga n\u00ebnkryetar\u00ebt e Bashkis\u00eb, deputet\u00ebt e Vlor\u00ebs z.Ardian Kollozi dhe Eltar Deda. Urime p\u00ebr fest\u00ebn e Krishtlindjeve, Mitropoliti priti edhe nga p\u00ebrfaq\u00ebsuesit e komuniteteve&nbsp; t\u00eb tjera fetare, si Myftiu i Vlor\u00ebs z.Hito Sharra dhe Ipeshk\u00ebvi i Kish\u00ebs Katolike Mons Hil Kabashi. T\u00eb pranish\u00ebm ishin gjithashtu Kryetari i k\u00ebshillit bashkiak, drejtori i teatrit \u201cPetro Marko\u201d, p\u00ebrfaq\u00ebsuesit e forcave t\u00eb ndryshme politike e shum\u00eb personalitete t\u00eb tjera t\u00eb qytetit si edhe shum\u00eb besimtar\u00eb dhe qytetar\u00eb t\u00eb thjesht\u00eb.<\/span><\/span><\/span><\/div>\n<div style=\"text-align: justify;\">\n\t<br \/>\n\t<span style=\"font-family:tahoma,geneva,sans-serif;\"><span style=\"font-size: 12px;\"><span style=\"color: rgb(0, 0, 0);\">&nbsp;&nbsp;&nbsp;&nbsp; Fal\u00ebnderojm\u00eb Per\u00ebndin\u00eb q\u00eb na b\u00ebri t\u00eb denj\u00eb, t\u00eb festojm\u00eb edhe Krishtlindjet e k\u00ebtij viti, me paqe shpirt\u00ebrore dhe me shpres\u00ebn se Krishti q\u00eb lindi n\u00eb grazhdin e Betlehemit, do te pranoj\u00eb t\u00eb lind\u00eb edhe n\u00eb zemr\u00ebn e gjithsecilit prej nesh q\u00eb ta&nbsp; stolis\u00eb \u201cshpell\u00ebn\u201d e shpirtit ton\u00eb, ta zbukuroj\u00eb, ta veshi me prezenc\u00ebn e tij dhe t\u2019i dhuroj\u00eb bukuri dhe hir. Q\u00eb t\u00eb mbetet atje brenda dhe t\u00eb lindet \u201cn\u00eb nj\u00eb t\u00eb sotme\u201d t\u00eb p\u00ebrjetshme. Q\u00eb t\u00eb pushoj\u00eb tashm\u00eb t\u00eb jet\u00eb nj\u00eb \u201cshpell\u00eb\u201d, t\u00eb b\u00ebhet Qiell! Amin.<\/span><\/span><\/span><\/div>\n<div>\n\t<br \/>\n\t<span style=\"font-family:tahoma,geneva,sans-serif;\"><span style=\"font-size: 12px;\"><span style=\"color: rgb(0, 0, 0);\"><strong><em>Korrespondenti i Vlor\u00ebs<\/em><\/strong><\/span><\/span><\/span><\/div>\n<div>\n\t&nbsp;<\/div>\n<table align=\"center\" border=\"0\" width=\"750\">\n<tbody>\n<tr>\n<td>\n<div>\n\t\t\t\t\t<span style=\"font-family:tahoma,geneva,sans-serif;\"><span style=\"font-size: 12px;\"><span style=\"color: rgb(0, 0, 0);\"><img decoding=\"async\" class=\"lazyload HAa Eha\" src=\"data:image\/gif;base64,R0lGODlhAQABAAAAACH5BAEKAAEALAAAAAABAAEAAAICTAEAOw==\" data-orig-src=\"https:\/\/lh6.googleusercontent.com\/-GeCprHKYSvo\/VAArnf56WWI\/AAAAAAAAByk\/WNP4XW3Fz9s\/w601-h480-no\/3.JPG\" style=\"height: 240px; width: 300px; border-width: 1px; border-style: solid; margin: 10px;\" \/><\/span><\/span><\/span><\/div>\n<\/td>\n<td>\n<div>\n\t\t\t\t\t<span style=\"font-family:tahoma,geneva,sans-serif;\"><span style=\"font-size: 12px;\"><span style=\"color: rgb(0, 0, 0);\"><img decoding=\"async\" class=\"lazyload HAa Eha\" src=\"data:image\/gif;base64,R0lGODlhAQABAAAAACH5BAEKAAEALAAAAAABAAEAAAICTAEAOw==\" data-orig-src=\"https:\/\/lh6.googleusercontent.com\/-S8wdTT5myTw\/VAArnDEmBwI\/AAAAAAAAByc\/MFPhONmQmBU\/w640-h480-no\/2.JPG\" style=\"height: 225px; width: 300px; border-width: 1px; border-style: solid; margin: 10px;\" \/><\/span><\/span><\/span><\/div>\n<\/td>\n<\/tr>\n<tr>\n<td>\n<div>\n\t\t\t\t\t<span style=\"font-family:tahoma,geneva,sans-serif;\"><span style=\"font-size: 12px;\"><span style=\"color: rgb(0, 0, 0);\"><img decoding=\"async\" class=\"lazyload HAa Eha\" src=\"data:image\/gif;base64,R0lGODlhAQABAAAAACH5BAEKAAEALAAAAAABAAEAAAICTAEAOw==\" data-orig-src=\"https:\/\/lh5.googleusercontent.com\/-v9sGODyVjPM\/VAArpO0H5NI\/AAAAAAAABzE\/KLlYtNjafhU\/w640-h437-no\/5.JPG\" style=\"height: 205px; width: 300px; border-width: 1px; border-style: solid; margin: 10px;\" \/><\/span><\/span><\/span><\/div>\n<\/td>\n<td>\n<div>\n\t\t\t\t\t<span style=\"font-family:tahoma,geneva,sans-serif;\"><span style=\"font-size: 12px;\"><span style=\"color: rgb(0, 0, 0);\"><img decoding=\"async\" class=\"lazyload HAa Eha\" src=\"data:image\/gif;base64,R0lGODlhAQABAAAAACH5BAEKAAEALAAAAAABAAEAAAICTAEAOw==\" data-orig-src=\"https:\/\/lh3.googleusercontent.com\/-9YLx6sPZnus\/VAArpyQb3WI\/AAAAAAAABy8\/IACpT9aYZqs\/w640-h434-no\/6.JPG\" style=\"height: 203px; width: 300px; border-width: 1px; border-style: solid; margin: 10px;\" \/><\/span><\/span><\/span><\/div>\n<\/td>\n<\/tr>\n<tr>\n<td>\n<div>\n\t\t\t\t\t<span style=\"font-family:tahoma,geneva,sans-serif;\"><span style=\"font-size: 12px;\"><span style=\"color: rgb(0, 0, 0);\"><img decoding=\"async\" class=\"lazyload HAa Eha\" src=\"data:image\/gif;base64,R0lGODlhAQABAAAAACH5BAEKAAEALAAAAAABAAEAAAICTAEAOw==\" data-orig-src=\"https:\/\/lh3.googleusercontent.com\/-ol6UZum79oA\/VAArqW4a0EI\/AAAAAAAABzI\/huErLvH8GUg\/w640-h480-no\/7.JPG\" style=\"height: 225px; width: 300px; border-width: 1px; border-style: solid; margin: 10px;\" \/><\/span><\/span><\/span><\/div>\n<\/td>\n<td>\n<div>\n\t\t\t\t\t&nbsp;<\/div>\n<\/td>\n<\/tr>\n<\/tbody>\n<\/table>\n<div>\n\t&nbsp;<\/div>\n","protected":false},"excerpt":{"rendered":"<p>&nbsp; &nbsp; Sa m\u00eb shum\u00eb shtohen vitet q\u00eb festojm\u00eb festat e bes\u00ebs son\u00eb orthodhokse, aq m\u00eb shum\u00eb shtohet zjarri i bes\u00ebs q\u00eb mbush zemrat e besnik\u00ebve k\u00ebto dit\u00eb t\u00eb shenjta. Kjo ndodhi edhe me Krishtlindjet e sivjetme. Ndihej atmosfera n\u00eb \u00e7do familje t\u00eb krishter\u00eb, dhe \u00e7do person q\u00eb takoje n\u00eb ambientet e kish\u00ebs t\u00eb krijonte ndjesin\u00eb se p\u00ebrjetonte thell\u00eb faktin e trup\u00ebzimit t\u00eb Per\u00ebndis\u00eb. Fjala<\/p>\n","protected":false},"author":1,"featured_media":0,"comment_status":"open","ping_status":"open","sticky":false,"template":"","format":"standard","meta":{"_acf_changed":false,"pagelayer_contact_templates":[],"_pagelayer_content":"","inline_featured_image":false,"fifu_image_url":"","fifu_image_alt":"","footnotes":""},"categories":[108],"tags":[144,192,212,197],"class_list":["post-1161","post","type-post","status-publish","format-standard","hentry","category-lajme","tag-144","tag-krishtlindje","tag-lajme-d27","tag-berat"],"acf":[],"yoast_head":"<!-- This site is optimized with the Yoast SEO plugin v27.2 - https:\/\/yoast.com\/product\/yoast-seo-wordpress\/ -->\n<title>Qyteti i Vlor\u00ebs, feston me madh\u00ebshti Krishtlindjen! (25 Dhjetor 2010) - Kisha Orthodh\u03bfkse Autoqefale e Shqip\u00ebris\u00eb<\/title>\n<meta name=\"robots\" content=\"index, follow, max-snippet:-1, max-image-preview:large, max-video-preview:-1\" \/>\n<link rel=\"canonical\" href=\"https:\/\/orthodoxalbania.org\/2020\/2013\/03\/21\/qyteti-i-vlores-feston-me-madheshti-krishtlindjen\/\" \/>\n<meta property=\"og:locale\" content=\"en_US\" \/>\n<meta property=\"og:type\" content=\"article\" \/>\n<meta property=\"og:title\" content=\"Qyteti i Vlor\u00ebs, feston me madh\u00ebshti Krishtlindjen! (25 Dhjetor 2010) - Kisha Orthodh\u03bfkse Autoqefale e Shqip\u00ebris\u00eb\" \/>\n<meta property=\"og:description\" content=\"&nbsp; &nbsp; Sa m\u00eb shum\u00eb shtohen vitet q\u00eb festojm\u00eb festat e bes\u00ebs son\u00eb orthodhokse, aq m\u00eb shum\u00eb shtohet zjarri i bes\u00ebs q\u00eb mbush zemrat e besnik\u00ebve k\u00ebto dit\u00eb t\u00eb shenjta. Kjo ndodhi edhe me Krishtlindjet e sivjetme. Ndihej atmosfera n\u00eb \u00e7do familje t\u00eb krishter\u00eb, dhe \u00e7do person q\u00eb takoje n\u00eb ambientet e kish\u00ebs t\u00eb krijonte ndjesin\u00eb se p\u00ebrjetonte thell\u00eb faktin e trup\u00ebzimit t\u00eb Per\u00ebndis\u00eb. Fjala\" \/>\n<meta property=\"og:url\" content=\"https:\/\/orthodoxalbania.org\/2020\/2013\/03\/21\/qyteti-i-vlores-feston-me-madheshti-krishtlindjen\/\" \/>\n<meta property=\"og:site_name\" content=\"Kisha Orthodh\u03bfkse Autoqefale e Shqip\u00ebris\u00eb\" \/>\n<meta property=\"article:publisher\" content=\"https:\/\/www.facebook.com\/koash1991\" \/>\n<meta property=\"article:published_time\" content=\"2013-03-21T08:59:36+00:00\" \/>\n<meta property=\"article:modified_time\" content=\"2020-04-06T20:32:13+00:00\" \/>\n<meta property=\"og:image\" content=\"https:\/\/lh3.googleusercontent.com\/-cWpefJuJzGQ\/VAArnHHH5jI\/AAAAAAAABy4\/LmheF2kkFL4\/w640-h480-no\/1.JPG\" \/>\n<meta name=\"author\" content=\"Kisha Orthodhokse\" \/>\n<meta name=\"twitter:card\" content=\"summary_large_image\" \/>\n<meta name=\"twitter:label1\" content=\"Written by\" \/>\n\t<meta name=\"twitter:data1\" content=\"Kisha Orthodhokse\" \/>\n\t<meta name=\"twitter:label2\" content=\"Est. reading time\" \/>\n\t<meta name=\"twitter:data2\" content=\"3 minutes\" \/>\n<script type=\"application\/ld+json\" class=\"yoast-schema-graph\">{\"@context\":\"https:\/\/schema.org\",\"@graph\":[{\"@type\":\"Article\",\"@id\":\"https:\/\/orthodoxalbania.org\/2020\/2013\/03\/21\/qyteti-i-vlores-feston-me-madheshti-krishtlindjen\/#article\",\"isPartOf\":{\"@id\":\"https:\/\/orthodoxalbania.org\/2020\/2013\/03\/21\/qyteti-i-vlores-feston-me-madheshti-krishtlindjen\/\"},\"author\":{\"name\":\"Kisha Orthodhokse\",\"@id\":\"https:\/\/orthodoxalbania.org\/2020\/#\/schema\/person\/0c387634a7063ac612d7ed9ce71c7e86\"},\"headline\":\"Qyteti i Vlor\u00ebs, feston me madh\u00ebshti Krishtlindjen! (25 Dhjetor 2010)\",\"datePublished\":\"2013-03-21T08:59:36+00:00\",\"dateModified\":\"2020-04-06T20:32:13+00:00\",\"mainEntityOfPage\":{\"@id\":\"https:\/\/orthodoxalbania.org\/2020\/2013\/03\/21\/qyteti-i-vlores-feston-me-madheshti-krishtlindjen\/\"},\"wordCount\":621,\"commentCount\":0,\"publisher\":{\"@id\":\"https:\/\/orthodoxalbania.org\/2020\/#organization\"},\"image\":{\"@id\":\"https:\/\/orthodoxalbania.org\/2020\/2013\/03\/21\/qyteti-i-vlores-feston-me-madheshti-krishtlindjen\/#primaryimage\"},\"thumbnailUrl\":\"https:\/\/lh3.googleusercontent.com\/-cWpefJuJzGQ\/VAArnHHH5jI\/AAAAAAAABy4\/LmheF2kkFL4\/w640-h480-no\/1.JPG\",\"keywords\":[\"2010\",\"Krishtlindje\",\"lajme\",\"Mitropolia Berat\"],\"articleSection\":[\"Lajme\"],\"inLanguage\":\"en-US\"},{\"@type\":\"WebPage\",\"@id\":\"https:\/\/orthodoxalbania.org\/2020\/2013\/03\/21\/qyteti-i-vlores-feston-me-madheshti-krishtlindjen\/\",\"url\":\"https:\/\/orthodoxalbania.org\/2020\/2013\/03\/21\/qyteti-i-vlores-feston-me-madheshti-krishtlindjen\/\",\"name\":\"Qyteti i Vlor\u00ebs, feston me madh\u00ebshti Krishtlindjen! (25 Dhjetor 2010) - Kisha Orthodh\u03bfkse Autoqefale e Shqip\u00ebris\u00eb\",\"isPartOf\":{\"@id\":\"https:\/\/orthodoxalbania.org\/2020\/#website\"},\"primaryImageOfPage\":{\"@id\":\"https:\/\/orthodoxalbania.org\/2020\/2013\/03\/21\/qyteti-i-vlores-feston-me-madheshti-krishtlindjen\/#primaryimage\"},\"image\":{\"@id\":\"https:\/\/orthodoxalbania.org\/2020\/2013\/03\/21\/qyteti-i-vlores-feston-me-madheshti-krishtlindjen\/#primaryimage\"},\"thumbnailUrl\":\"https:\/\/lh3.googleusercontent.com\/-cWpefJuJzGQ\/VAArnHHH5jI\/AAAAAAAABy4\/LmheF2kkFL4\/w640-h480-no\/1.JPG\",\"datePublished\":\"2013-03-21T08:59:36+00:00\",\"dateModified\":\"2020-04-06T20:32:13+00:00\",\"breadcrumb\":{\"@id\":\"https:\/\/orthodoxalbania.org\/2020\/2013\/03\/21\/qyteti-i-vlores-feston-me-madheshti-krishtlindjen\/#breadcrumb\"},\"inLanguage\":\"en-US\",\"potentialAction\":[{\"@type\":\"ReadAction\",\"target\":[\"https:\/\/orthodoxalbania.org\/2020\/2013\/03\/21\/qyteti-i-vlores-feston-me-madheshti-krishtlindjen\/\"]}]},{\"@type\":\"ImageObject\",\"inLanguage\":\"en-US\",\"@id\":\"https:\/\/orthodoxalbania.org\/2020\/2013\/03\/21\/qyteti-i-vlores-feston-me-madheshti-krishtlindjen\/#primaryimage\",\"url\":\"https:\/\/lh3.googleusercontent.com\/-cWpefJuJzGQ\/VAArnHHH5jI\/AAAAAAAABy4\/LmheF2kkFL4\/w640-h480-no\/1.JPG\",\"contentUrl\":\"https:\/\/lh3.googleusercontent.com\/-cWpefJuJzGQ\/VAArnHHH5jI\/AAAAAAAABy4\/LmheF2kkFL4\/w640-h480-no\/1.JPG\"},{\"@type\":\"BreadcrumbList\",\"@id\":\"https:\/\/orthodoxalbania.org\/2020\/2013\/03\/21\/qyteti-i-vlores-feston-me-madheshti-krishtlindjen\/#breadcrumb\",\"itemListElement\":[{\"@type\":\"ListItem\",\"position\":1,\"name\":\"Home\",\"item\":\"https:\/\/orthodoxalbania.org\/2020\/\"},{\"@type\":\"ListItem\",\"position\":2,\"name\":\"Qyteti i Vlor\u00ebs, feston me madh\u00ebshti Krishtlindjen! (25 Dhjetor 2010)\"}]},{\"@type\":\"WebSite\",\"@id\":\"https:\/\/orthodoxalbania.org\/2020\/#website\",\"url\":\"https:\/\/orthodoxalbania.org\/2020\/\",\"name\":\"Kisha Orthodh\u03bfkse Autoqefale e Shqip\u00ebris\u00eb\",\"description\":\"Fqja Zyrtare e Kish\u00ebs Orthodhokse Autoqefale e Shqip\u00ebris\u00eb me lajmet edhe informacionet zyrtare p\u00ebr struktur\u00ebn edhe veprimtarin e saj.\",\"publisher\":{\"@id\":\"https:\/\/orthodoxalbania.org\/2020\/#organization\"},\"potentialAction\":[{\"@type\":\"SearchAction\",\"target\":{\"@type\":\"EntryPoint\",\"urlTemplate\":\"https:\/\/orthodoxalbania.org\/2020\/?s={search_term_string}\"},\"query-input\":{\"@type\":\"PropertyValueSpecification\",\"valueRequired\":true,\"valueName\":\"search_term_string\"}}],\"inLanguage\":\"en-US\"},{\"@type\":\"Organization\",\"@id\":\"https:\/\/orthodoxalbania.org\/2020\/#organization\",\"name\":\"Kisha Orthodhokse Autoqefale e Shqip\u00ebris\u00eb\",\"url\":\"https:\/\/orthodoxalbania.org\/2020\/\",\"logo\":{\"@type\":\"ImageObject\",\"inLanguage\":\"en-US\",\"@id\":\"https:\/\/orthodoxalbania.org\/2020\/#\/schema\/logo\/image\/\",\"url\":\"https:\/\/orthodoxalbania.org\/2020\/wp-content\/uploads\/2020\/05\/albania.jpeg\",\"contentUrl\":\"https:\/\/orthodoxalbania.org\/2020\/wp-content\/uploads\/2020\/05\/albania.jpeg\",\"width\":540,\"height\":540,\"caption\":\"Kisha Orthodhokse Autoqefale e Shqip\u00ebris\u00eb\"},\"image\":{\"@id\":\"https:\/\/orthodoxalbania.org\/2020\/#\/schema\/logo\/image\/\"},\"sameAs\":[\"https:\/\/www.facebook.com\/koash1991\"]},{\"@type\":\"Person\",\"@id\":\"https:\/\/orthodoxalbania.org\/2020\/#\/schema\/person\/0c387634a7063ac612d7ed9ce71c7e86\",\"name\":\"Kisha Orthodhokse\",\"image\":{\"@type\":\"ImageObject\",\"inLanguage\":\"en-US\",\"@id\":\"https:\/\/secure.gravatar.com\/avatar\/596e7c417251e30f2fbb9c00e026fce61a695a00e51c889caded71c96cbbdde5?s=96&d=mm&r=g\",\"url\":\"https:\/\/secure.gravatar.com\/avatar\/596e7c417251e30f2fbb9c00e026fce61a695a00e51c889caded71c96cbbdde5?s=96&d=mm&r=g\",\"contentUrl\":\"https:\/\/secure.gravatar.com\/avatar\/596e7c417251e30f2fbb9c00e026fce61a695a00e51c889caded71c96cbbdde5?s=96&d=mm&r=g\",\"caption\":\"Kisha Orthodhokse\"}}]}<\/script>\n<!-- \/ Yoast SEO plugin. -->","yoast_head_json":{"title":"Qyteti i Vlor\u00ebs, feston me madh\u00ebshti Krishtlindjen! (25 Dhjetor 2010) - Kisha Orthodh\u03bfkse Autoqefale e Shqip\u00ebris\u00eb","robots":{"index":"index","follow":"follow","max-snippet":"max-snippet:-1","max-image-preview":"max-image-preview:large","max-video-preview":"max-video-preview:-1"},"canonical":"https:\/\/orthodoxalbania.org\/2020\/2013\/03\/21\/qyteti-i-vlores-feston-me-madheshti-krishtlindjen\/","og_locale":"en_US","og_type":"article","og_title":"Qyteti i Vlor\u00ebs, feston me madh\u00ebshti Krishtlindjen! (25 Dhjetor 2010) - Kisha Orthodh\u03bfkse Autoqefale e Shqip\u00ebris\u00eb","og_description":"&nbsp; &nbsp; Sa m\u00eb shum\u00eb shtohen vitet q\u00eb festojm\u00eb festat e bes\u00ebs son\u00eb orthodhokse, aq m\u00eb shum\u00eb shtohet zjarri i bes\u00ebs q\u00eb mbush zemrat e besnik\u00ebve k\u00ebto dit\u00eb t\u00eb shenjta. Kjo ndodhi edhe me Krishtlindjet e sivjetme. Ndihej atmosfera n\u00eb \u00e7do familje t\u00eb krishter\u00eb, dhe \u00e7do person q\u00eb takoje n\u00eb ambientet e kish\u00ebs t\u00eb krijonte ndjesin\u00eb se p\u00ebrjetonte thell\u00eb faktin e trup\u00ebzimit t\u00eb Per\u00ebndis\u00eb. Fjala","og_url":"https:\/\/orthodoxalbania.org\/2020\/2013\/03\/21\/qyteti-i-vlores-feston-me-madheshti-krishtlindjen\/","og_site_name":"Kisha Orthodh\u03bfkse Autoqefale e Shqip\u00ebris\u00eb","article_publisher":"https:\/\/www.facebook.com\/koash1991","article_published_time":"2013-03-21T08:59:36+00:00","article_modified_time":"2020-04-06T20:32:13+00:00","og_image":[{"url":"https:\/\/lh3.googleusercontent.com\/-cWpefJuJzGQ\/VAArnHHH5jI\/AAAAAAAABy4\/LmheF2kkFL4\/w640-h480-no\/1.JPG","type":"","width":"","height":""}],"author":"Kisha Orthodhokse","twitter_card":"summary_large_image","twitter_misc":{"Written by":"Kisha Orthodhokse","Est. reading time":"3 minutes"},"schema":{"@context":"https:\/\/schema.org","@graph":[{"@type":"Article","@id":"https:\/\/orthodoxalbania.org\/2020\/2013\/03\/21\/qyteti-i-vlores-feston-me-madheshti-krishtlindjen\/#article","isPartOf":{"@id":"https:\/\/orthodoxalbania.org\/2020\/2013\/03\/21\/qyteti-i-vlores-feston-me-madheshti-krishtlindjen\/"},"author":{"name":"Kisha Orthodhokse","@id":"https:\/\/orthodoxalbania.org\/2020\/#\/schema\/person\/0c387634a7063ac612d7ed9ce71c7e86"},"headline":"Qyteti i Vlor\u00ebs, feston me madh\u00ebshti Krishtlindjen! (25 Dhjetor 2010)","datePublished":"2013-03-21T08:59:36+00:00","dateModified":"2020-04-06T20:32:13+00:00","mainEntityOfPage":{"@id":"https:\/\/orthodoxalbania.org\/2020\/2013\/03\/21\/qyteti-i-vlores-feston-me-madheshti-krishtlindjen\/"},"wordCount":621,"commentCount":0,"publisher":{"@id":"https:\/\/orthodoxalbania.org\/2020\/#organization"},"image":{"@id":"https:\/\/orthodoxalbania.org\/2020\/2013\/03\/21\/qyteti-i-vlores-feston-me-madheshti-krishtlindjen\/#primaryimage"},"thumbnailUrl":"https:\/\/lh3.googleusercontent.com\/-cWpefJuJzGQ\/VAArnHHH5jI\/AAAAAAAABy4\/LmheF2kkFL4\/w640-h480-no\/1.JPG","keywords":["2010","Krishtlindje","lajme","Mitropolia Berat"],"articleSection":["Lajme"],"inLanguage":"en-US"},{"@type":"WebPage","@id":"https:\/\/orthodoxalbania.org\/2020\/2013\/03\/21\/qyteti-i-vlores-feston-me-madheshti-krishtlindjen\/","url":"https:\/\/orthodoxalbania.org\/2020\/2013\/03\/21\/qyteti-i-vlores-feston-me-madheshti-krishtlindjen\/","name":"Qyteti i Vlor\u00ebs, feston me madh\u00ebshti Krishtlindjen! (25 Dhjetor 2010) - Kisha Orthodh\u03bfkse Autoqefale e Shqip\u00ebris\u00eb","isPartOf":{"@id":"https:\/\/orthodoxalbania.org\/2020\/#website"},"primaryImageOfPage":{"@id":"https:\/\/orthodoxalbania.org\/2020\/2013\/03\/21\/qyteti-i-vlores-feston-me-madheshti-krishtlindjen\/#primaryimage"},"image":{"@id":"https:\/\/orthodoxalbania.org\/2020\/2013\/03\/21\/qyteti-i-vlores-feston-me-madheshti-krishtlindjen\/#primaryimage"},"thumbnailUrl":"https:\/\/lh3.googleusercontent.com\/-cWpefJuJzGQ\/VAArnHHH5jI\/AAAAAAAABy4\/LmheF2kkFL4\/w640-h480-no\/1.JPG","datePublished":"2013-03-21T08:59:36+00:00","dateModified":"2020-04-06T20:32:13+00:00","breadcrumb":{"@id":"https:\/\/orthodoxalbania.org\/2020\/2013\/03\/21\/qyteti-i-vlores-feston-me-madheshti-krishtlindjen\/#breadcrumb"},"inLanguage":"en-US","potentialAction":[{"@type":"ReadAction","target":["https:\/\/orthodoxalbania.org\/2020\/2013\/03\/21\/qyteti-i-vlores-feston-me-madheshti-krishtlindjen\/"]}]},{"@type":"ImageObject","inLanguage":"en-US","@id":"https:\/\/orthodoxalbania.org\/2020\/2013\/03\/21\/qyteti-i-vlores-feston-me-madheshti-krishtlindjen\/#primaryimage","url":"https:\/\/lh3.googleusercontent.com\/-cWpefJuJzGQ\/VAArnHHH5jI\/AAAAAAAABy4\/LmheF2kkFL4\/w640-h480-no\/1.JPG","contentUrl":"https:\/\/lh3.googleusercontent.com\/-cWpefJuJzGQ\/VAArnHHH5jI\/AAAAAAAABy4\/LmheF2kkFL4\/w640-h480-no\/1.JPG"},{"@type":"BreadcrumbList","@id":"https:\/\/orthodoxalbania.org\/2020\/2013\/03\/21\/qyteti-i-vlores-feston-me-madheshti-krishtlindjen\/#breadcrumb","itemListElement":[{"@type":"ListItem","position":1,"name":"Home","item":"https:\/\/orthodoxalbania.org\/2020\/"},{"@type":"ListItem","position":2,"name":"Qyteti i Vlor\u00ebs, feston me madh\u00ebshti Krishtlindjen! (25 Dhjetor 2010)"}]},{"@type":"WebSite","@id":"https:\/\/orthodoxalbania.org\/2020\/#website","url":"https:\/\/orthodoxalbania.org\/2020\/","name":"Kisha Orthodh\u03bfkse Autoqefale e Shqip\u00ebris\u00eb","description":"Fqja Zyrtare e Kish\u00ebs Orthodhokse Autoqefale e Shqip\u00ebris\u00eb me lajmet edhe informacionet zyrtare p\u00ebr struktur\u00ebn edhe veprimtarin e saj.","publisher":{"@id":"https:\/\/orthodoxalbania.org\/2020\/#organization"},"potentialAction":[{"@type":"SearchAction","target":{"@type":"EntryPoint","urlTemplate":"https:\/\/orthodoxalbania.org\/2020\/?s={search_term_string}"},"query-input":{"@type":"PropertyValueSpecification","valueRequired":true,"valueName":"search_term_string"}}],"inLanguage":"en-US"},{"@type":"Organization","@id":"https:\/\/orthodoxalbania.org\/2020\/#organization","name":"Kisha Orthodhokse Autoqefale e Shqip\u00ebris\u00eb","url":"https:\/\/orthodoxalbania.org\/2020\/","logo":{"@type":"ImageObject","inLanguage":"en-US","@id":"https:\/\/orthodoxalbania.org\/2020\/#\/schema\/logo\/image\/","url":"https:\/\/orthodoxalbania.org\/2020\/wp-content\/uploads\/2020\/05\/albania.jpeg","contentUrl":"https:\/\/orthodoxalbania.org\/2020\/wp-content\/uploads\/2020\/05\/albania.jpeg","width":540,"height":540,"caption":"Kisha Orthodhokse Autoqefale e Shqip\u00ebris\u00eb"},"image":{"@id":"https:\/\/orthodoxalbania.org\/2020\/#\/schema\/logo\/image\/"},"sameAs":["https:\/\/www.facebook.com\/koash1991"]},{"@type":"Person","@id":"https:\/\/orthodoxalbania.org\/2020\/#\/schema\/person\/0c387634a7063ac612d7ed9ce71c7e86","name":"Kisha Orthodhokse","image":{"@type":"ImageObject","inLanguage":"en-US","@id":"https:\/\/secure.gravatar.com\/avatar\/596e7c417251e30f2fbb9c00e026fce61a695a00e51c889caded71c96cbbdde5?s=96&d=mm&r=g","url":"https:\/\/secure.gravatar.com\/avatar\/596e7c417251e30f2fbb9c00e026fce61a695a00e51c889caded71c96cbbdde5?s=96&d=mm&r=g","contentUrl":"https:\/\/secure.gravatar.com\/avatar\/596e7c417251e30f2fbb9c00e026fce61a695a00e51c889caded71c96cbbdde5?s=96&d=mm&r=g","caption":"Kisha Orthodhokse"}}]}},"_links":{"self":[{"href":"https:\/\/orthodoxalbania.org\/2020\/wp-json\/wp\/v2\/posts\/1161","targetHints":{"allow":["GET"]}}],"collection":[{"href":"https:\/\/orthodoxalbania.org\/2020\/wp-json\/wp\/v2\/posts"}],"about":[{"href":"https:\/\/orthodoxalbania.org\/2020\/wp-json\/wp\/v2\/types\/post"}],"author":[{"embeddable":true,"href":"https:\/\/orthodoxalbania.org\/2020\/wp-json\/wp\/v2\/users\/1"}],"replies":[{"embeddable":true,"href":"https:\/\/orthodoxalbania.org\/2020\/wp-json\/wp\/v2\/comments?post=1161"}],"version-history":[{"count":1,"href":"https:\/\/orthodoxalbania.org\/2020\/wp-json\/wp\/v2\/posts\/1161\/revisions"}],"predecessor-version":[{"id":15433,"href":"https:\/\/orthodoxalbania.org\/2020\/wp-json\/wp\/v2\/posts\/1161\/revisions\/15433"}],"wp:attachment":[{"href":"https:\/\/orthodoxalbania.org\/2020\/wp-json\/wp\/v2\/media?parent=1161"}],"wp:term":[{"taxonomy":"category","embeddable":true,"href":"https:\/\/orthodoxalbania.org\/2020\/wp-json\/wp\/v2\/categories?post=1161"},{"taxonomy":"post_tag","embeddable":true,"href":"https:\/\/orthodoxalbania.org\/2020\/wp-json\/wp\/v2\/tags?post=1161"}],"curies":[{"name":"wp","href":"https:\/\/api.w.org\/{rel}","templated":true}]}}