{"id":1160,"date":"2007-02-26T00:00:00","date_gmt":"2007-02-26T00:00:00","guid":{"rendered":""},"modified":"2020-04-06T22:35:38","modified_gmt":"2020-04-06T20:35:38","slug":"qendra-studentore-orthodhokse-ne-qytetin-studenti-janar-07","status":"publish","type":"post","link":"https:\/\/orthodoxalbania.org\/2020\/2007\/02\/26\/qendra-studentore-orthodhokse-ne-qytetin-studenti-janar-07\/","title":{"rendered":"Qendra Studentore Orthodhokse n\u00eb Qytetin Studenti. (Janar 2007)"},"content":{"rendered":"<table id=\"AutoNumber3\" style=\"width: 803px; height: 2137px;\" border=\"0\">\n<tbody>\n<tr>\n<td>\n<div style=\"text-align: justify;\"><span style=\"color: #000000;\"><span style=\"font-family: tahoma,geneva,sans-serif;\"><span style=\"font-size: 12px;\">&nbsp;&nbsp;&nbsp; Qyteti Studenti, nj\u00eb qytet brenda kryeqytetit, ndryshon nga \u00e7do qytet tjet\u00ebr. Ai nuk ka t\u00eb moshuar e f\u00ebmij\u00eb, por vet\u00ebm t\u00eb rinj, nuk ka njer\u00ebz q\u00eb vrapojn\u00eb p\u00ebr pun\u00eb, por ka student\u00eb q\u00eb iu kushtohen studimeve t\u00eb ndryshme, nuk ka banor\u00eb t\u00eb p\u00ebrhersh\u00ebm, por vet\u00ebm banor\u00eb t\u00eb p\u00ebrkohsh\u00ebm.<\/span><\/span><\/span><\/div>\n<\/td>\n<td>\n<div><span style=\"color: #000000;\"><span style=\"font-family: tahoma,geneva,sans-serif;\"><span style=\"font-size: 12px;\"><img decoding=\"async\" class=\"lazyload HAa Eha\" style=\"border-width: 1px; border-style: solid; margin: 10px auto; display: block;\" alt=\"\" src=\"data:image\/svg+xml,%3Csvg%20xmlns%3D%27http%3A%2F%2Fwww.w3.org%2F2000%2Fsvg%27%20width%3D%27326%27%20height%3D%27245%27%20viewBox%3D%270%200%20326%20245%27%3E%3Crect%20width%3D%27326%27%20height%3D%27245%27%20fill-opacity%3D%220%22%2F%3E%3C%2Fsvg%3E\" data-orig-src=\"https:\/\/lh6.googleusercontent.com\/-gMWJcTyO958\/VIg-9pDnXxI\/AAAAAAAAGCQ\/PA1sb8L8Z88\/w370-h278-no\/untitled1.jpg\" height=\"245\" width=\"326\" \/><\/span><\/span><\/span><\/div>\n<p style=\"text-align: justify;\">&nbsp;<\/p>\n<\/td>\n<\/tr>\n<tr>\n<td>\n<div><span style=\"color: #000000;\"><span style=\"font-family: tahoma,geneva,sans-serif;\"><span style=\"font-size: 12px;\"><img decoding=\"async\" class=\"lazyload HAa Eha\" style=\"border-width: 1px; border-style: solid; margin: 10px auto; display: block;\" alt=\"\" src=\"data:image\/svg+xml,%3Csvg%20xmlns%3D%27http%3A%2F%2Fwww.w3.org%2F2000%2Fsvg%27%20width%3D%27275%27%20height%3D%27206%27%20viewBox%3D%270%200%20275%20206%27%3E%3Crect%20width%3D%27275%27%20height%3D%27206%27%20fill-opacity%3D%220%22%2F%3E%3C%2Fsvg%3E\" data-orig-src=\"https:\/\/lh5.googleusercontent.com\/-Oc-WawXoLXY\/VIg-9vPUQGI\/AAAAAAAAGB0\/qWj_MFTBf3w\/w370-h278-no\/untitled2.jpg\" height=\"206\" width=\"275\" \/><\/span><\/span><\/span><\/div>\n<p style=\"text-align: justify;\">&nbsp;<\/p>\n<\/td>\n<td>\n<div style=\"text-align: justify;\"><span style=\"color: #000000;\"><span style=\"font-family: tahoma,geneva,sans-serif;\"><span style=\"font-size: 12px;\">&nbsp;&nbsp;&nbsp;&nbsp; Ky qytet ndodhet n\u00eb nj\u00eb kod\u00ebrz ku gjelb\u00ebrimi i p\u00ebrhersh\u00ebm mund\u00ebson kontaktin me natyr\u00ebn dhe ajrin e past\u00ebr. Kjo kod\u00ebrz mbledh n\u00eb veten e saj rreth 9000 t\u00eb rinj nga e gjith\u00eb Shqip\u00ebria, t\u00eb cil\u00ebt studiojn\u00eb fakultete t\u00eb ndryshme si: Filologji, Shkenca Politike, Ekonomi, Psikologji, Juridik, Informatik\u00eb etj. K\u00ebt\u00eb qytet mund ta quajm\u00eb ndryshe qyteti q\u00eb p\u00ebrgatit t\u00eb ardhmen.<\/span><\/span><\/span><\/div>\n<\/td>\n<\/tr>\n<tr>\n<td>\n<div style=\"text-align: justify;\"><span style=\"color: #000000;\"><span style=\"font-family: tahoma,geneva,sans-serif;\"><span style=\"font-size: 12px;\">&nbsp;&nbsp;&nbsp;&nbsp;<\/span><\/span><\/span><\/div>\n<div style=\"text-align: justify;\"><span style=\"color: #000000;\"><span style=\"font-family: tahoma,geneva,sans-serif;\"><span style=\"font-size: 12px;\">&nbsp;&nbsp;&nbsp; P\u00ebr nevojat jetike t\u00eb student\u00ebve gjenden godina, rreth t\u00eb cilave jan\u00eb nd\u00ebrtuar mensa, kafene e restorante t\u00eb ndryshme. Nd\u00ebrsa p\u00ebr nevojat akademike ekzistojn\u00eb biblioteka, salla studimi, librari, qendra kompjuterike dhe salla interneti.<\/span><\/span><\/span><\/div>\n<div style=\"text-align: justify;\">&nbsp;<\/div>\n<div style=\"text-align: justify;\"><span style=\"color: #000000;\"><span style=\"font-family: tahoma,geneva,sans-serif;\"><span style=\"font-size: 12px;\">&nbsp;&nbsp;&nbsp; Ndon\u00ebse p\u00ebr nevojat jetike e akademike kan\u00eb menduar shum\u00eb njer\u00ebz, nevoja e thell\u00eb e jet\u00ebs shpirt\u00ebrore ishte l\u00ebn\u00eb n\u00eb hares\u00eb deri n\u00eb vitin 1994, kur Kisha Orthodhokse merr iniciativ\u00ebn e nd\u00ebrtimit t\u00eb nj\u00eb foleje t\u00eb vog\u00ebl shpirt\u00ebrore ku student\u00ebt t\u00eb mund t\u00eb mblidheshin s\u00eb bashku p\u00ebr t\u00eb njohur Per\u00ebndin\u00eb dhe p\u00ebr ta adhuruar At\u00eb.<\/span><\/span><\/span><\/div>\n<\/td>\n<td>\n<div><span style=\"color: #000000;\"><span style=\"font-family: tahoma,geneva,sans-serif;\"><span style=\"font-size: 12px;\"><img decoding=\"async\" class=\"lazyload HAa Eha\" style=\"border-width: 1px; border-style: solid; margin: 10px auto; display: block;\" alt=\"\" src=\"data:image\/svg+xml,%3Csvg%20xmlns%3D%27http%3A%2F%2Fwww.w3.org%2F2000%2Fsvg%27%20width%3D%27307%27%20height%3D%27204%27%20viewBox%3D%270%200%20307%20204%27%3E%3Crect%20width%3D%27307%27%20height%3D%27204%27%20fill-opacity%3D%220%22%2F%3E%3C%2Fsvg%3E\" data-orig-src=\"https:\/\/lh6.googleusercontent.com\/--GMtdHgwzuU\/VIg-9ff_eeI\/AAAAAAAAGBs\/HLO77xugVN8\/w370-h246-no\/untitled3.jpg\" height=\"204\" width=\"307\" \/><\/span><\/span><\/span><\/div>\n<p style=\"text-align: justify;\">&nbsp;<\/p>\n<\/td>\n<\/tr>\n<tr>\n<td>\n<div><span style=\"color: #000000;\"><span style=\"font-family: tahoma,geneva,sans-serif;\"><span style=\"font-size: 12px;\"><img decoding=\"async\" class=\"lazyload HAa Eha\" style=\"border-width: 1px; border-style: solid; margin: 10px auto; display: block;\" alt=\"\" src=\"data:image\/svg+xml,%3Csvg%20xmlns%3D%27http%3A%2F%2Fwww.w3.org%2F2000%2Fsvg%27%20width%3D%27248%27%20height%3D%27165%27%20viewBox%3D%270%200%20248%20165%27%3E%3Crect%20width%3D%27248%27%20height%3D%27165%27%20fill-opacity%3D%220%22%2F%3E%3C%2Fsvg%3E\" data-orig-src=\"https:\/\/lh4.googleusercontent.com\/-ZkjgJn6SSDY\/VIg-9yx1MiI\/AAAAAAAAGCA\/B04lQv6mS40\/w370-h246-no\/untitled4.jpg\" height=\"165\" width=\"248\" \/><\/span><\/span><\/span><\/div>\n<p style=\"text-align: justify;\">&nbsp;<\/p>\n<\/td>\n<td>\n<div style=\"text-align: justify;\"><span style=\"color: #000000;\"><span style=\"font-family: tahoma,geneva,sans-serif;\"><span style=\"font-size: 12px;\">&nbsp;&nbsp; &nbsp;Deri n\u00eb vitin 2005 foleja e tyre shpirt\u00ebrore ishte nj\u00eb sall\u00eb e vog\u00ebl me qera pran\u00eb Kinoklubit t\u00eb Qytetit Studenti. N\u00eb k\u00ebt\u00eb sall\u00eb t\u00eb vog\u00ebl p\u00ebr 11 vjet \u00ebsht\u00eb b\u00ebr\u00eb nj\u00eb p\u00ebrpjekje p\u00ebr nd\u00ebrtimin e nj\u00eb jete shpirt\u00ebrore q\u00eb t\u00eb p\u00ebrmbushte boshll\u00ebkun shpirt\u00ebror t\u00eb jet\u00ebs studentore. Aty jan\u00eb zhvilluar takimet javore t\u00eb dit\u00ebs s\u00eb mart\u00eb, mesha hyjnore e dit\u00ebs s\u00eb enjte, lutjet dhe agripnit\u00eb, trajnimet dhe m\u00ebsimet e katekizmit. Ajo fole e vog\u00ebl mblodhi \u00e7do vit qindra t\u00eb rinj n\u00ebp\u00ebr konferenca 3 ditore, ekskursione, vizita baritore etj.<\/span><\/span><\/span><\/div>\n<\/td>\n<\/tr>\n<tr>\n<td>\n<div style=\"text-align: justify;\"><span style=\"color: #000000;\"><span style=\"font-family: tahoma,geneva,sans-serif;\"><span style=\"font-size: 12px;\">&nbsp;&nbsp;&nbsp;&nbsp; Duke njohur nevoj\u00ebn e thell\u00eb shpirt\u00ebrore t\u00eb student\u00ebve q\u00eb prej vitesh ishte thurur nj\u00eb \u00ebnd\u00ebrr e nj\u00eb qendre shpirt\u00ebrore p\u00ebr student\u00ebt. N\u00eb fillim dukej shum\u00eb e parealizueshme, por me kalimin e viteve Kisha Orthodhokse n\u00ebn kujdesin e kryebariut t\u00eb saj Anastas e realizon k\u00ebt\u00eb \u00ebnd\u00ebrr.<\/span><\/span><\/span><\/div>\n<\/td>\n<td>\n<div><span style=\"color: #000000;\"><span style=\"font-family: tahoma,geneva,sans-serif;\"><span style=\"font-size: 12px;\"><img decoding=\"async\" class=\"lazyload HAa Eha\" style=\"border-width: 1px; border-style: solid; margin: 10px auto; display: block;\" alt=\"\" src=\"data:image\/svg+xml,%3Csvg%20xmlns%3D%27http%3A%2F%2Fwww.w3.org%2F2000%2Fsvg%27%20width%3D%27291%27%20height%3D%27219%27%20viewBox%3D%270%200%20291%20219%27%3E%3Crect%20width%3D%27291%27%20height%3D%27219%27%20fill-opacity%3D%220%22%2F%3E%3C%2Fsvg%3E\" data-orig-src=\"https:\/\/lh6.googleusercontent.com\/-f_5DF2BOy74\/VIg--Dgd0ZI\/AAAAAAAAGCE\/y9kwd1oTLFM\/w370-h278-no\/untitled5.jpg\" height=\"219\" width=\"291\" \/><\/span><\/span><\/span><\/div>\n<p style=\"text-align: justify;\">&nbsp;<\/p>\n<\/td>\n<\/tr>\n<tr>\n<td dir=\"ltr\">\n<div style=\"text-align: justify;\">&nbsp;<\/div>\n<p><span style=\"color: #000000;\"><img decoding=\"async\" class=\"lazyload HAa Eha\" style=\"border-width: 1px; border-style: solid; margin: 10px auto; display: block;\" alt=\"\" src=\"data:image\/svg+xml,%3Csvg%20xmlns%3D%27http%3A%2F%2Fwww.w3.org%2F2000%2Fsvg%27%20width%3D%27259%27%20height%3D%27194%27%20viewBox%3D%270%200%20259%20194%27%3E%3Crect%20width%3D%27259%27%20height%3D%27194%27%20fill-opacity%3D%220%22%2F%3E%3C%2Fsvg%3E\" data-orig-src=\"https:\/\/lh6.googleusercontent.com\/-fzKPbopw0MI\/VIg--9-C84I\/AAAAAAAAGCI\/XA6b5f3eH_w\/w370-h278-no\/untitled6.jpg\" height=\"194\" width=\"259\" \/><\/span><\/p>\n<\/td>\n<td dir=\"ltr\">\n<div style=\"text-align: justify;\"><span style=\"color: #000000;\"><span style=\"font-family: tahoma,geneva,sans-serif;\"><span style=\"font-size: 12px;\">&nbsp;&nbsp;&nbsp;&nbsp; N\u00eb n\u00ebntor t\u00eb vitit 2005 u ble nj\u00eb nd\u00ebrtes\u00eb dykat\u00ebshe dhe n\u00eb janar t\u00eb vitit 2006 filloi t\u00eb funksionoj\u00eb si Qendra Studentore e kish\u00ebs son\u00eb. Ajo \u00ebsht\u00eb n\u00eb sh\u00ebrbim t\u00eb student\u00ebve \u00e7do dit\u00eb nga ora 9:00 &#8211; 21:00. Takimi i s\u00eb mart\u00ebs, ora 17:00, paraklisi dhe diskutimi i s\u00eb m\u00ebrkur\u00ebs ora 17:30, m\u00ebsimet e katekizmit, miq\u00ebsit\u00eb e reja, konferencat tre ditore, ekskursionet, trajnimet, puna n\u00eb grup, ndihmojn\u00eb n\u00eb jet\u00ebn shpirt\u00ebrore t\u00eb student\u00ebve dhe n\u00eb formimin e nj\u00eb komuniteti t\u00eb fort\u00eb dashurie.<\/span><\/span><\/span><\/div>\n<\/td>\n<\/tr>\n<tr>\n<td dir=\"ltr\" colspan=\"2\">\n<div style=\"text-align: justify;\"> <span style=\"color: #000000;\"><span style=\"font-family: tahoma,geneva,sans-serif;\"><span style=\"font-size: 12px;\">&nbsp;&nbsp;&nbsp;&nbsp; Ve\u00e7 k\u00ebsaj qendra \u00ebsht\u00eb n\u00eb sh\u00ebrbim edhe t\u00eb nevojave akademike t\u00eb student\u00ebve. N\u00eb t\u00eb ndodhet nj\u00eb sall\u00eb kompjuterash dhe nj\u00eb bibliotek\u00eb me libra fetar\u00eb si dhe libra q\u00eb lidhen me fakultetet e ndryshme q\u00eb student\u00ebt ndjekin.<\/span><\/span><\/span><\/div>\n<div style=\"text-align: justify;\">&nbsp;<\/div>\n<div style=\"text-align: justify;\"><span style=\"color: #000000;\"><span style=\"font-family: tahoma,geneva,sans-serif;\"><span style=\"font-size: 12px;\">&nbsp;&nbsp;&nbsp;&nbsp; Dhe n\u00eb 14 janar 2007 Kryepiskopi Anastas kreu sh\u00ebrbes\u00ebn e Ajazm\u00ebs n\u00eb Qendr\u00ebn Studentore. Pas bekimit t\u00eb qendr\u00ebs ai zhvilloi nj\u00eb bised\u00eb me student\u00ebt. \u201cJu jeni nj\u00eb brez i privuar. Njohja q\u00eb keni rreth besimit \u00ebsht\u00eb e kufizuar. Jeni ende n\u00eb stadet e para t\u00eb besimit dhe fakti q\u00eb dim\u00eb disa gj\u00ebra rreth Dhiat\u00ebs s\u00eb Re dhe Dhiat\u00ebs s\u00eb Vjet\u00ebr nuk mjafton. Keni shum\u00eb gj\u00ebra p\u00ebr t\u00eb m\u00ebsuar rreth besimit. I gjith\u00eb personaliteti i njeriut \u00ebsht\u00eb i hapur para Hirit t\u00eb Per\u00ebndis\u00eb, nuk \u00ebsht\u00eb \u00e7\u00ebshtje intelekti. N\u00eb besim keni p\u00ebrpara nj\u00eb oqean t\u00eb madh. K\u00ebto pak gj\u00ebra q\u00eb dini keni p\u00ebrgjegj\u00ebsi t\u2019i ndani me t\u00eb tjer\u00ebt. Rinia \u00ebsht\u00eb nj\u00eb grupim q\u00eb duhet t\u00eb marr\u00eb p\u00ebrgjegj\u00ebsi edhe n\u00eb k\u00ebt\u00eb mosh\u00eb. Mos e shuani k\u00ebt\u00eb besim t\u00eb pakt\u00eb\u201d \u2013 theksoi Kryepiskopi gjat\u00eb bised\u00ebs.<\/span><\/span><\/span><\/div>\n<div style=\"text-align: justify;\">&nbsp;<\/div>\n<div style=\"text-align: justify;\"><span style=\"color: #000000;\"><span style=\"font-family: tahoma,geneva,sans-serif;\"><span style=\"font-size: 12px;\">&nbsp;&nbsp;&nbsp;&nbsp;&nbsp; Ai tha se preferonte ta quante \u201cfole studentore\u201d, duke premtuar se shum\u00eb shpejt do t\u00eb ket\u00eb edhe nj\u00eb kish\u00ebz. Duke iu p\u00ebrgjigjur pyetjeve t\u00eb student\u00ebve, Kryepiskopi tha se rinia shqiptare p\u00ebrballet me nj\u00eb kriz\u00eb vlerash. \u201cBrenda besimit t\u00eb krishter\u00eb theksohet liria, por q\u00eb kjo liri t\u00eb jap\u00eb fryt\u00eb duhet t\u00eb frym\u00ebzohet nga dashuria. N\u00eb k\u00ebt\u00eb drejtim, besimi i krishter\u00eb \u00ebsht\u00eb i paz\u00ebvend\u00ebsuesh\u00ebm. Ky besim jep shembuj se si mund t\u00eb realizohen k\u00ebto gj\u00ebra. Krishti \u00ebsht\u00eb shembulli i p\u00ebrsosur i dashuris\u00eb\u201d.<\/span><\/span><\/span><\/div>\n<div style=\"text-align: justify;\">&nbsp;<\/div>\n<div style=\"text-align: justify;\"><span style=\"color: #000000;\"><span style=\"font-family: tahoma,geneva,sans-serif;\"><span style=\"font-size: 12px;\">&nbsp;&nbsp;&nbsp;&nbsp;&nbsp; N\u00eb fund t\u00eb bised\u00ebs, Kryepiskopi i uroi student\u00ebt p\u00ebr nj\u00eb vit t\u00eb bekuar duke marr\u00eb&nbsp; n\u00eb konsiderat\u00eb t\u00eb ve\u00e7ant\u00eb p\u00ebr k\u00ebt\u00eb vit edhe p\u00ebrballjen me gj\u00ebrat e vogla. Gj\u00ebrat e vogla shpeshher\u00eb na pengojn\u00eb nga p\u00ebrpjekjet q\u00eb duam t\u00eb nd\u00ebrmarrim. Kur ka \u00e7\u00ebshtje t\u00eb vogla, t\u00eb cilat shpesh krijojn\u00eb v\u00ebshtir\u00ebsi n\u00eb marr\u00ebdh\u00ebniet tona, \u00e7do her\u00eb t\u2019i p\u00ebrballojm\u00eb me zem\u00ebr t\u00eb madhe. Ai u b\u00ebri thirrje t\u00eb rinjve t\u00eb ken\u00eb kujdes nga gj\u00ebrat e vogla, sepse shpeshher\u00eb shkaktojn\u00eb probleme t\u00eb m\u00ebdha.<\/span><\/span><\/span><\/div>\n<div style=\"text-align: justify;\">&nbsp;<\/div>\n<div style=\"text-align: justify;\"><span style=\"color: #000000;\"><span style=\"font-family: tahoma,geneva,sans-serif;\"><span style=\"font-size: 12px;\">&nbsp;&nbsp;&nbsp;&nbsp;&nbsp; Duke iu uruar t\u00eb gjith\u00ebve nj\u00eb vit t\u00eb bekuar ju mir\u00ebpresim \u00e7do dit\u00eb n\u00eb Qendr\u00ebn Studentore dhe ju ftojm\u00eb t\u00eb b\u00ebheni an\u00ebtar\u00eb t\u00eb nj\u00eb komuniteti t\u00eb fort\u00eb dashurie me Krishtin n\u00eb qend\u00ebr.<\/span><\/span><\/span><\/div>\n<div style=\"text-align: justify;\"><span style=\"color: #000000;\"><span style=\"font-family: tahoma,geneva,sans-serif;\"><span style=\"font-size: 12px;\">Per\u00ebndia i dashuris\u00eb dhe paqes qoft\u00eb me t\u00eb gjith\u00eb ju. Amin<\/span><\/span><\/span><\/div>\n<div style=\"text-align: justify;\">&nbsp;<\/div>\n<\/td>\n<\/tr>\n<tr>\n<td dir=\"ltr\" colspan=\"2\">\n<div style=\"text-align: justify;\">&nbsp;<\/div>\n<div style=\"text-align: justify;\"><span style=\"color: #000000;\"><span style=\"font-family: tahoma,geneva,sans-serif;\"><span style=\"font-size: 12px;\"><strong>Joan Baba <\/strong><\/span><\/span><\/span><\/div>\n<div style=\"text-align: justify;\"><span style=\"color: #000000;\"><span style=\"font-family: tahoma,geneva,sans-serif;\"><span style=\"font-size: 12px;\"><strong>student<\/strong><\/span><\/span><\/span><\/div>\n<\/td>\n<\/tr>\n<tr>\n<td dir=\"ltr\" colspan=\"2\">\n<div style=\"text-align: justify;\">&nbsp;<\/div>\n<\/td>\n<\/tr>\n<\/tbody>\n<\/table>\n","protected":false},"excerpt":{"rendered":"<p>&nbsp;&nbsp;&nbsp; Qyteti Studenti, nj\u00eb qytet brenda kryeqytetit, ndryshon nga \u00e7do qytet tjet\u00ebr. Ai nuk ka t\u00eb moshuar e f\u00ebmij\u00eb, por vet\u00ebm t\u00eb rinj, nuk ka njer\u00ebz q\u00eb vrapojn\u00eb p\u00ebr pun\u00eb, por ka student\u00eb q\u00eb iu kushtohen studimeve t\u00eb ndryshme, nuk ka banor\u00eb t\u00eb p\u00ebrhersh\u00ebm, por vet\u00ebm banor\u00eb t\u00eb p\u00ebrkohsh\u00ebm. &nbsp; &nbsp; &nbsp;&nbsp;&nbsp;&nbsp; Ky qytet ndodhet n\u00eb nj\u00eb kod\u00ebrz ku gjelb\u00ebrimi i p\u00ebrhersh\u00ebm mund\u00ebson kontaktin me<\/p>\n","protected":false},"author":1,"featured_media":0,"comment_status":"open","ping_status":"open","sticky":false,"template":"","format":"standard","meta":{"_acf_changed":false,"pagelayer_contact_templates":[],"_pagelayer_content":"","inline_featured_image":false,"fifu_image_url":"","fifu_image_alt":"","footnotes":""},"categories":[108],"tags":[147,196,212],"class_list":["post-1160","post","type-post","status-publish","format-standard","hentry","category-lajme","tag-147","tag-tirane","tag-lajme-d27"],"acf":[],"yoast_head":"<!-- This site is optimized with the Yoast SEO plugin v27.2 - https:\/\/yoast.com\/product\/yoast-seo-wordpress\/ -->\n<title>Qendra Studentore Orthodhokse n\u00eb Qytetin Studenti. (Janar 2007) - Kisha Orthodh\u03bfkse Autoqefale e Shqip\u00ebris\u00eb<\/title>\n<meta name=\"robots\" content=\"index, follow, max-snippet:-1, max-image-preview:large, max-video-preview:-1\" \/>\n<link rel=\"canonical\" href=\"https:\/\/orthodoxalbania.org\/2020\/2007\/02\/26\/qendra-studentore-orthodhokse-ne-qytetin-studenti-janar-07\/\" \/>\n<meta property=\"og:locale\" content=\"en_US\" \/>\n<meta property=\"og:type\" content=\"article\" \/>\n<meta property=\"og:title\" content=\"Qendra Studentore Orthodhokse n\u00eb Qytetin Studenti. (Janar 2007) - Kisha Orthodh\u03bfkse Autoqefale e Shqip\u00ebris\u00eb\" \/>\n<meta property=\"og:description\" content=\"&nbsp;&nbsp;&nbsp; Qyteti Studenti, nj\u00eb qytet brenda kryeqytetit, ndryshon nga \u00e7do qytet tjet\u00ebr. Ai nuk ka t\u00eb moshuar e f\u00ebmij\u00eb, por vet\u00ebm t\u00eb rinj, nuk ka njer\u00ebz q\u00eb vrapojn\u00eb p\u00ebr pun\u00eb, por ka student\u00eb q\u00eb iu kushtohen studimeve t\u00eb ndryshme, nuk ka banor\u00eb t\u00eb p\u00ebrhersh\u00ebm, por vet\u00ebm banor\u00eb t\u00eb p\u00ebrkohsh\u00ebm. &nbsp; &nbsp; &nbsp;&nbsp;&nbsp;&nbsp; Ky qytet ndodhet n\u00eb nj\u00eb kod\u00ebrz ku gjelb\u00ebrimi i p\u00ebrhersh\u00ebm mund\u00ebson kontaktin me\" \/>\n<meta property=\"og:url\" content=\"https:\/\/orthodoxalbania.org\/2020\/2007\/02\/26\/qendra-studentore-orthodhokse-ne-qytetin-studenti-janar-07\/\" \/>\n<meta property=\"og:site_name\" content=\"Kisha Orthodh\u03bfkse Autoqefale e Shqip\u00ebris\u00eb\" \/>\n<meta property=\"article:publisher\" content=\"https:\/\/www.facebook.com\/koash1991\" \/>\n<meta property=\"article:published_time\" content=\"2007-02-26T00:00:00+00:00\" \/>\n<meta property=\"article:modified_time\" content=\"2020-04-06T20:35:38+00:00\" \/>\n<meta property=\"og:image\" content=\"https:\/\/lh6.googleusercontent.com\/-gMWJcTyO958\/VIg-9pDnXxI\/AAAAAAAAGCQ\/PA1sb8L8Z88\/w370-h278-no\/untitled1.jpg\" \/>\n<meta name=\"author\" content=\"Kisha Orthodhokse\" \/>\n<meta name=\"twitter:card\" content=\"summary_large_image\" \/>\n<meta name=\"twitter:label1\" content=\"Written by\" \/>\n\t<meta name=\"twitter:data1\" content=\"Kisha Orthodhokse\" \/>\n\t<meta name=\"twitter:label2\" content=\"Est. reading time\" \/>\n\t<meta name=\"twitter:data2\" content=\"5 minutes\" \/>\n<script type=\"application\/ld+json\" class=\"yoast-schema-graph\">{\"@context\":\"https:\/\/schema.org\",\"@graph\":[{\"@type\":\"Article\",\"@id\":\"https:\/\/orthodoxalbania.org\/2020\/2007\/02\/26\/qendra-studentore-orthodhokse-ne-qytetin-studenti-janar-07\/#article\",\"isPartOf\":{\"@id\":\"https:\/\/orthodoxalbania.org\/2020\/2007\/02\/26\/qendra-studentore-orthodhokse-ne-qytetin-studenti-janar-07\/\"},\"author\":{\"name\":\"Kisha Orthodhokse\",\"@id\":\"https:\/\/orthodoxalbania.org\/2020\/#\/schema\/person\/0c387634a7063ac612d7ed9ce71c7e86\"},\"headline\":\"Qendra Studentore Orthodhokse n\u00eb Qytetin Studenti. (Janar 2007)\",\"datePublished\":\"2007-02-26T00:00:00+00:00\",\"dateModified\":\"2020-04-06T20:35:38+00:00\",\"mainEntityOfPage\":{\"@id\":\"https:\/\/orthodoxalbania.org\/2020\/2007\/02\/26\/qendra-studentore-orthodhokse-ne-qytetin-studenti-janar-07\/\"},\"wordCount\":993,\"commentCount\":0,\"publisher\":{\"@id\":\"https:\/\/orthodoxalbania.org\/2020\/#organization\"},\"image\":{\"@id\":\"https:\/\/orthodoxalbania.org\/2020\/2007\/02\/26\/qendra-studentore-orthodhokse-ne-qytetin-studenti-janar-07\/#primaryimage\"},\"thumbnailUrl\":\"https:\/\/lh6.googleusercontent.com\/-gMWJcTyO958\/VIg-9pDnXxI\/AAAAAAAAGCQ\/PA1sb8L8Z88\/w370-h278-no\/untitled1.jpg\",\"keywords\":[\"2007\",\"Kryepiskopata Tiran\u00eb\",\"lajme\"],\"articleSection\":[\"Lajme\"],\"inLanguage\":\"en-US\"},{\"@type\":\"WebPage\",\"@id\":\"https:\/\/orthodoxalbania.org\/2020\/2007\/02\/26\/qendra-studentore-orthodhokse-ne-qytetin-studenti-janar-07\/\",\"url\":\"https:\/\/orthodoxalbania.org\/2020\/2007\/02\/26\/qendra-studentore-orthodhokse-ne-qytetin-studenti-janar-07\/\",\"name\":\"Qendra Studentore Orthodhokse n\u00eb Qytetin Studenti. (Janar 2007) - Kisha Orthodh\u03bfkse Autoqefale e Shqip\u00ebris\u00eb\",\"isPartOf\":{\"@id\":\"https:\/\/orthodoxalbania.org\/2020\/#website\"},\"primaryImageOfPage\":{\"@id\":\"https:\/\/orthodoxalbania.org\/2020\/2007\/02\/26\/qendra-studentore-orthodhokse-ne-qytetin-studenti-janar-07\/#primaryimage\"},\"image\":{\"@id\":\"https:\/\/orthodoxalbania.org\/2020\/2007\/02\/26\/qendra-studentore-orthodhokse-ne-qytetin-studenti-janar-07\/#primaryimage\"},\"thumbnailUrl\":\"https:\/\/lh6.googleusercontent.com\/-gMWJcTyO958\/VIg-9pDnXxI\/AAAAAAAAGCQ\/PA1sb8L8Z88\/w370-h278-no\/untitled1.jpg\",\"datePublished\":\"2007-02-26T00:00:00+00:00\",\"dateModified\":\"2020-04-06T20:35:38+00:00\",\"breadcrumb\":{\"@id\":\"https:\/\/orthodoxalbania.org\/2020\/2007\/02\/26\/qendra-studentore-orthodhokse-ne-qytetin-studenti-janar-07\/#breadcrumb\"},\"inLanguage\":\"en-US\",\"potentialAction\":[{\"@type\":\"ReadAction\",\"target\":[\"https:\/\/orthodoxalbania.org\/2020\/2007\/02\/26\/qendra-studentore-orthodhokse-ne-qytetin-studenti-janar-07\/\"]}]},{\"@type\":\"ImageObject\",\"inLanguage\":\"en-US\",\"@id\":\"https:\/\/orthodoxalbania.org\/2020\/2007\/02\/26\/qendra-studentore-orthodhokse-ne-qytetin-studenti-janar-07\/#primaryimage\",\"url\":\"https:\/\/lh6.googleusercontent.com\/-gMWJcTyO958\/VIg-9pDnXxI\/AAAAAAAAGCQ\/PA1sb8L8Z88\/w370-h278-no\/untitled1.jpg\",\"contentUrl\":\"https:\/\/lh6.googleusercontent.com\/-gMWJcTyO958\/VIg-9pDnXxI\/AAAAAAAAGCQ\/PA1sb8L8Z88\/w370-h278-no\/untitled1.jpg\"},{\"@type\":\"BreadcrumbList\",\"@id\":\"https:\/\/orthodoxalbania.org\/2020\/2007\/02\/26\/qendra-studentore-orthodhokse-ne-qytetin-studenti-janar-07\/#breadcrumb\",\"itemListElement\":[{\"@type\":\"ListItem\",\"position\":1,\"name\":\"Home\",\"item\":\"https:\/\/orthodoxalbania.org\/2020\/\"},{\"@type\":\"ListItem\",\"position\":2,\"name\":\"Qendra Studentore Orthodhokse n\u00eb Qytetin Studenti. (Janar 2007)\"}]},{\"@type\":\"WebSite\",\"@id\":\"https:\/\/orthodoxalbania.org\/2020\/#website\",\"url\":\"https:\/\/orthodoxalbania.org\/2020\/\",\"name\":\"Kisha Orthodh\u03bfkse Autoqefale e Shqip\u00ebris\u00eb\",\"description\":\"Fqja Zyrtare e Kish\u00ebs Orthodhokse Autoqefale e Shqip\u00ebris\u00eb me lajmet edhe informacionet zyrtare p\u00ebr struktur\u00ebn edhe veprimtarin e saj.\",\"publisher\":{\"@id\":\"https:\/\/orthodoxalbania.org\/2020\/#organization\"},\"potentialAction\":[{\"@type\":\"SearchAction\",\"target\":{\"@type\":\"EntryPoint\",\"urlTemplate\":\"https:\/\/orthodoxalbania.org\/2020\/?s={search_term_string}\"},\"query-input\":{\"@type\":\"PropertyValueSpecification\",\"valueRequired\":true,\"valueName\":\"search_term_string\"}}],\"inLanguage\":\"en-US\"},{\"@type\":\"Organization\",\"@id\":\"https:\/\/orthodoxalbania.org\/2020\/#organization\",\"name\":\"Kisha Orthodhokse Autoqefale e Shqip\u00ebris\u00eb\",\"url\":\"https:\/\/orthodoxalbania.org\/2020\/\",\"logo\":{\"@type\":\"ImageObject\",\"inLanguage\":\"en-US\",\"@id\":\"https:\/\/orthodoxalbania.org\/2020\/#\/schema\/logo\/image\/\",\"url\":\"https:\/\/orthodoxalbania.org\/2020\/wp-content\/uploads\/2020\/05\/albania.jpeg\",\"contentUrl\":\"https:\/\/orthodoxalbania.org\/2020\/wp-content\/uploads\/2020\/05\/albania.jpeg\",\"width\":540,\"height\":540,\"caption\":\"Kisha Orthodhokse Autoqefale e Shqip\u00ebris\u00eb\"},\"image\":{\"@id\":\"https:\/\/orthodoxalbania.org\/2020\/#\/schema\/logo\/image\/\"},\"sameAs\":[\"https:\/\/www.facebook.com\/koash1991\"]},{\"@type\":\"Person\",\"@id\":\"https:\/\/orthodoxalbania.org\/2020\/#\/schema\/person\/0c387634a7063ac612d7ed9ce71c7e86\",\"name\":\"Kisha Orthodhokse\",\"image\":{\"@type\":\"ImageObject\",\"inLanguage\":\"en-US\",\"@id\":\"https:\/\/secure.gravatar.com\/avatar\/596e7c417251e30f2fbb9c00e026fce61a695a00e51c889caded71c96cbbdde5?s=96&d=mm&r=g\",\"url\":\"https:\/\/secure.gravatar.com\/avatar\/596e7c417251e30f2fbb9c00e026fce61a695a00e51c889caded71c96cbbdde5?s=96&d=mm&r=g\",\"contentUrl\":\"https:\/\/secure.gravatar.com\/avatar\/596e7c417251e30f2fbb9c00e026fce61a695a00e51c889caded71c96cbbdde5?s=96&d=mm&r=g\",\"caption\":\"Kisha Orthodhokse\"}}]}<\/script>\n<!-- \/ Yoast SEO plugin. -->","yoast_head_json":{"title":"Qendra Studentore Orthodhokse n\u00eb Qytetin Studenti. (Janar 2007) - Kisha Orthodh\u03bfkse Autoqefale e Shqip\u00ebris\u00eb","robots":{"index":"index","follow":"follow","max-snippet":"max-snippet:-1","max-image-preview":"max-image-preview:large","max-video-preview":"max-video-preview:-1"},"canonical":"https:\/\/orthodoxalbania.org\/2020\/2007\/02\/26\/qendra-studentore-orthodhokse-ne-qytetin-studenti-janar-07\/","og_locale":"en_US","og_type":"article","og_title":"Qendra Studentore Orthodhokse n\u00eb Qytetin Studenti. (Janar 2007) - Kisha Orthodh\u03bfkse Autoqefale e Shqip\u00ebris\u00eb","og_description":"&nbsp;&nbsp;&nbsp; Qyteti Studenti, nj\u00eb qytet brenda kryeqytetit, ndryshon nga \u00e7do qytet tjet\u00ebr. Ai nuk ka t\u00eb moshuar e f\u00ebmij\u00eb, por vet\u00ebm t\u00eb rinj, nuk ka njer\u00ebz q\u00eb vrapojn\u00eb p\u00ebr pun\u00eb, por ka student\u00eb q\u00eb iu kushtohen studimeve t\u00eb ndryshme, nuk ka banor\u00eb t\u00eb p\u00ebrhersh\u00ebm, por vet\u00ebm banor\u00eb t\u00eb p\u00ebrkohsh\u00ebm. &nbsp; &nbsp; &nbsp;&nbsp;&nbsp;&nbsp; Ky qytet ndodhet n\u00eb nj\u00eb kod\u00ebrz ku gjelb\u00ebrimi i p\u00ebrhersh\u00ebm mund\u00ebson kontaktin me","og_url":"https:\/\/orthodoxalbania.org\/2020\/2007\/02\/26\/qendra-studentore-orthodhokse-ne-qytetin-studenti-janar-07\/","og_site_name":"Kisha Orthodh\u03bfkse Autoqefale e Shqip\u00ebris\u00eb","article_publisher":"https:\/\/www.facebook.com\/koash1991","article_published_time":"2007-02-26T00:00:00+00:00","article_modified_time":"2020-04-06T20:35:38+00:00","og_image":[{"url":"https:\/\/lh6.googleusercontent.com\/-gMWJcTyO958\/VIg-9pDnXxI\/AAAAAAAAGCQ\/PA1sb8L8Z88\/w370-h278-no\/untitled1.jpg","type":"","width":"","height":""}],"author":"Kisha Orthodhokse","twitter_card":"summary_large_image","twitter_misc":{"Written by":"Kisha Orthodhokse","Est. reading time":"5 minutes"},"schema":{"@context":"https:\/\/schema.org","@graph":[{"@type":"Article","@id":"https:\/\/orthodoxalbania.org\/2020\/2007\/02\/26\/qendra-studentore-orthodhokse-ne-qytetin-studenti-janar-07\/#article","isPartOf":{"@id":"https:\/\/orthodoxalbania.org\/2020\/2007\/02\/26\/qendra-studentore-orthodhokse-ne-qytetin-studenti-janar-07\/"},"author":{"name":"Kisha Orthodhokse","@id":"https:\/\/orthodoxalbania.org\/2020\/#\/schema\/person\/0c387634a7063ac612d7ed9ce71c7e86"},"headline":"Qendra Studentore Orthodhokse n\u00eb Qytetin Studenti. (Janar 2007)","datePublished":"2007-02-26T00:00:00+00:00","dateModified":"2020-04-06T20:35:38+00:00","mainEntityOfPage":{"@id":"https:\/\/orthodoxalbania.org\/2020\/2007\/02\/26\/qendra-studentore-orthodhokse-ne-qytetin-studenti-janar-07\/"},"wordCount":993,"commentCount":0,"publisher":{"@id":"https:\/\/orthodoxalbania.org\/2020\/#organization"},"image":{"@id":"https:\/\/orthodoxalbania.org\/2020\/2007\/02\/26\/qendra-studentore-orthodhokse-ne-qytetin-studenti-janar-07\/#primaryimage"},"thumbnailUrl":"https:\/\/lh6.googleusercontent.com\/-gMWJcTyO958\/VIg-9pDnXxI\/AAAAAAAAGCQ\/PA1sb8L8Z88\/w370-h278-no\/untitled1.jpg","keywords":["2007","Kryepiskopata Tiran\u00eb","lajme"],"articleSection":["Lajme"],"inLanguage":"en-US"},{"@type":"WebPage","@id":"https:\/\/orthodoxalbania.org\/2020\/2007\/02\/26\/qendra-studentore-orthodhokse-ne-qytetin-studenti-janar-07\/","url":"https:\/\/orthodoxalbania.org\/2020\/2007\/02\/26\/qendra-studentore-orthodhokse-ne-qytetin-studenti-janar-07\/","name":"Qendra Studentore Orthodhokse n\u00eb Qytetin Studenti. (Janar 2007) - Kisha Orthodh\u03bfkse Autoqefale e Shqip\u00ebris\u00eb","isPartOf":{"@id":"https:\/\/orthodoxalbania.org\/2020\/#website"},"primaryImageOfPage":{"@id":"https:\/\/orthodoxalbania.org\/2020\/2007\/02\/26\/qendra-studentore-orthodhokse-ne-qytetin-studenti-janar-07\/#primaryimage"},"image":{"@id":"https:\/\/orthodoxalbania.org\/2020\/2007\/02\/26\/qendra-studentore-orthodhokse-ne-qytetin-studenti-janar-07\/#primaryimage"},"thumbnailUrl":"https:\/\/lh6.googleusercontent.com\/-gMWJcTyO958\/VIg-9pDnXxI\/AAAAAAAAGCQ\/PA1sb8L8Z88\/w370-h278-no\/untitled1.jpg","datePublished":"2007-02-26T00:00:00+00:00","dateModified":"2020-04-06T20:35:38+00:00","breadcrumb":{"@id":"https:\/\/orthodoxalbania.org\/2020\/2007\/02\/26\/qendra-studentore-orthodhokse-ne-qytetin-studenti-janar-07\/#breadcrumb"},"inLanguage":"en-US","potentialAction":[{"@type":"ReadAction","target":["https:\/\/orthodoxalbania.org\/2020\/2007\/02\/26\/qendra-studentore-orthodhokse-ne-qytetin-studenti-janar-07\/"]}]},{"@type":"ImageObject","inLanguage":"en-US","@id":"https:\/\/orthodoxalbania.org\/2020\/2007\/02\/26\/qendra-studentore-orthodhokse-ne-qytetin-studenti-janar-07\/#primaryimage","url":"https:\/\/lh6.googleusercontent.com\/-gMWJcTyO958\/VIg-9pDnXxI\/AAAAAAAAGCQ\/PA1sb8L8Z88\/w370-h278-no\/untitled1.jpg","contentUrl":"https:\/\/lh6.googleusercontent.com\/-gMWJcTyO958\/VIg-9pDnXxI\/AAAAAAAAGCQ\/PA1sb8L8Z88\/w370-h278-no\/untitled1.jpg"},{"@type":"BreadcrumbList","@id":"https:\/\/orthodoxalbania.org\/2020\/2007\/02\/26\/qendra-studentore-orthodhokse-ne-qytetin-studenti-janar-07\/#breadcrumb","itemListElement":[{"@type":"ListItem","position":1,"name":"Home","item":"https:\/\/orthodoxalbania.org\/2020\/"},{"@type":"ListItem","position":2,"name":"Qendra Studentore Orthodhokse n\u00eb Qytetin Studenti. (Janar 2007)"}]},{"@type":"WebSite","@id":"https:\/\/orthodoxalbania.org\/2020\/#website","url":"https:\/\/orthodoxalbania.org\/2020\/","name":"Kisha Orthodh\u03bfkse Autoqefale e Shqip\u00ebris\u00eb","description":"Fqja Zyrtare e Kish\u00ebs Orthodhokse Autoqefale e Shqip\u00ebris\u00eb me lajmet edhe informacionet zyrtare p\u00ebr struktur\u00ebn edhe veprimtarin e saj.","publisher":{"@id":"https:\/\/orthodoxalbania.org\/2020\/#organization"},"potentialAction":[{"@type":"SearchAction","target":{"@type":"EntryPoint","urlTemplate":"https:\/\/orthodoxalbania.org\/2020\/?s={search_term_string}"},"query-input":{"@type":"PropertyValueSpecification","valueRequired":true,"valueName":"search_term_string"}}],"inLanguage":"en-US"},{"@type":"Organization","@id":"https:\/\/orthodoxalbania.org\/2020\/#organization","name":"Kisha Orthodhokse Autoqefale e Shqip\u00ebris\u00eb","url":"https:\/\/orthodoxalbania.org\/2020\/","logo":{"@type":"ImageObject","inLanguage":"en-US","@id":"https:\/\/orthodoxalbania.org\/2020\/#\/schema\/logo\/image\/","url":"https:\/\/orthodoxalbania.org\/2020\/wp-content\/uploads\/2020\/05\/albania.jpeg","contentUrl":"https:\/\/orthodoxalbania.org\/2020\/wp-content\/uploads\/2020\/05\/albania.jpeg","width":540,"height":540,"caption":"Kisha Orthodhokse Autoqefale e Shqip\u00ebris\u00eb"},"image":{"@id":"https:\/\/orthodoxalbania.org\/2020\/#\/schema\/logo\/image\/"},"sameAs":["https:\/\/www.facebook.com\/koash1991"]},{"@type":"Person","@id":"https:\/\/orthodoxalbania.org\/2020\/#\/schema\/person\/0c387634a7063ac612d7ed9ce71c7e86","name":"Kisha Orthodhokse","image":{"@type":"ImageObject","inLanguage":"en-US","@id":"https:\/\/secure.gravatar.com\/avatar\/596e7c417251e30f2fbb9c00e026fce61a695a00e51c889caded71c96cbbdde5?s=96&d=mm&r=g","url":"https:\/\/secure.gravatar.com\/avatar\/596e7c417251e30f2fbb9c00e026fce61a695a00e51c889caded71c96cbbdde5?s=96&d=mm&r=g","contentUrl":"https:\/\/secure.gravatar.com\/avatar\/596e7c417251e30f2fbb9c00e026fce61a695a00e51c889caded71c96cbbdde5?s=96&d=mm&r=g","caption":"Kisha Orthodhokse"}}]}},"_links":{"self":[{"href":"https:\/\/orthodoxalbania.org\/2020\/wp-json\/wp\/v2\/posts\/1160","targetHints":{"allow":["GET"]}}],"collection":[{"href":"https:\/\/orthodoxalbania.org\/2020\/wp-json\/wp\/v2\/posts"}],"about":[{"href":"https:\/\/orthodoxalbania.org\/2020\/wp-json\/wp\/v2\/types\/post"}],"author":[{"embeddable":true,"href":"https:\/\/orthodoxalbania.org\/2020\/wp-json\/wp\/v2\/users\/1"}],"replies":[{"embeddable":true,"href":"https:\/\/orthodoxalbania.org\/2020\/wp-json\/wp\/v2\/comments?post=1160"}],"version-history":[{"count":1,"href":"https:\/\/orthodoxalbania.org\/2020\/wp-json\/wp\/v2\/posts\/1160\/revisions"}],"predecessor-version":[{"id":15728,"href":"https:\/\/orthodoxalbania.org\/2020\/wp-json\/wp\/v2\/posts\/1160\/revisions\/15728"}],"wp:attachment":[{"href":"https:\/\/orthodoxalbania.org\/2020\/wp-json\/wp\/v2\/media?parent=1160"}],"wp:term":[{"taxonomy":"category","embeddable":true,"href":"https:\/\/orthodoxalbania.org\/2020\/wp-json\/wp\/v2\/categories?post=1160"},{"taxonomy":"post_tag","embeddable":true,"href":"https:\/\/orthodoxalbania.org\/2020\/wp-json\/wp\/v2\/tags?post=1160"}],"curies":[{"name":"wp","href":"https:\/\/api.w.org\/{rel}","templated":true}]}}