{"id":1155,"date":"2013-03-21T09:37:25","date_gmt":"2013-03-21T09:37:25","guid":{"rendered":""},"modified":"2020-04-06T22:32:04","modified_gmt":"2020-04-06T20:32:04","slug":"qendra-diagnostike-orthodhokse-ungjillezimi-pajiset-me-aparaturat-e-reja-panorameks-dhe-elastografi-2011","status":"publish","type":"post","link":"https:\/\/orthodoxalbania.org\/2020\/2013\/03\/21\/qendra-diagnostike-orthodhokse-ungjillezimi-pajiset-me-aparaturat-e-reja-panorameks-dhe-elastografi-2011\/","title":{"rendered":"Qendra Diagnostike Orthodhokse \u201cUngjill\u00ebzimi\u201d pajiset me aparaturat e reja: \u201cPanorameks\u201d dhe \u201cElastografi\u201d. (2011)"},"content":{"rendered":"<div style=\"text-align: justify;\">\n\t<span style=\"color:#000000;\"><span style=\"font-family: tahoma,geneva,sans-serif;\"><span style=\"font-size: 12px;\"><span class=\"style10\">&nbsp; &nbsp; Qendra Mjek\u00ebsore Diagnostike \u201cUngjill\u00ebzimi\u201d n\u00eb Tiran\u00eb \u00ebsht\u00eb pajisur koh\u00ebt e fundit me aparatura t\u00eb reja dhe bashk\u00ebkohore. N\u00eb kujdesin e Kryepiskopit Anastas, i cili interesohet dhe kujdeset vazhdimisht p\u00ebr cil\u00ebsin\u00eb e sh\u00ebrbimit sh\u00ebndet\u00ebsor q\u00eb ofrohet n\u00eb k\u00ebt\u00eb klinik\u00eb angazhohet q\u00eb Kisha t\u00eb ofroj\u00eb m\u00eb t\u00eb mir\u00ebn p\u00ebr banor\u00ebt e Tiran\u00ebs dhe m\u00eb gjer\u00eb. K\u00ebtij p\u00ebrkushtimi i jan\u00eb shtuar s\u00eb fundmi dy aparaturat bashk\u00ebkohore dhe modern\u00eb; <em>Panorameksi<\/em> dhe <em>Elastografia<\/em>.<\/span><\/span><\/span><\/span><\/div>\n<div style=\"text-align: justify;\">\n\t<br \/>\n\t<span style=\"color:#000000;\"><span style=\"font-family: tahoma,geneva,sans-serif;\"><span style=\"font-size: 12px;\"><span class=\"style10\">&nbsp;&nbsp;&nbsp; Elastografia \u00ebsht\u00eb e vetmja teknologji m\u00eb moderne n\u00eb Shqip\u00ebri, nj\u00eb dimension i ri i ekografis\u00eb. Si nj\u00eb metod\u00eb me ultratinguj p\u00ebr matjen e elasticitetit dhe ngurt\u00ebsis\u00eb s\u00eb indeve ajo zbatohet pothuajse p\u00ebr t\u00eb gjitha organet n\u00eb trupin e njeriut dhe \u00ebsht\u00eb zgjerim i imazheve me ultratinguj dhe shton nj\u00eb dimension t\u00eb ri n\u00eb studimin e indeve. Elastografia \u00e7on n\u00eb nj\u00eb biopsi virtuale, pra priret drejt diagnoz\u00ebs histologjike joinvazive, duke shtuar p\u00ebrve\u00e7 informacionit t\u00eb propozuar tashm\u00eb nga ekografia edhe informacion t\u00eb ri p\u00ebr elasticitetin e indeve.<\/span><\/span><\/span><\/span><\/div>\n<div style=\"text-align: justify;\">\n\t<br \/>\n\t<span style=\"color:#000000;\"><span style=\"font-family: tahoma,geneva,sans-serif;\"><span style=\"font-size: 12px;\"><span class=\"style10\">&nbsp;&nbsp;&nbsp; Gjithashtu, n\u00eb ambientet e Klinik\u00ebs gjendet edhe aparatura e re dhe m\u00eb e fundit, <em>Panoramex-i Dixhital<\/em>, nj\u00eb teknologji bashk\u00ebkohore SIRONA ORTHOPHOS XG5 DS. Kjo aparatur\u00eb \u00ebsht\u00eb grafia e gjith\u00eb goj\u00ebs, ku dalin n\u00eb pah dh\u00ebmb\u00ebt (p\u00ebrfshir\u00eb edhe t\u00eb pjekuris\u00eb), si dhe artikulacionet temporo-mandipulare. Sh\u00ebrben p\u00ebr t\u00eb par\u00eb infeksionet e pranishme n\u00ebse ka, pozicionet e dh\u00ebmb\u00ebve, sidomos t\u00eb dh\u00ebmb\u00ebve t\u00eb pjekuris\u00eb kur ata dalin me v\u00ebshtir\u00ebsi, po ashtu diagnostikohen artikulacionet dhe deri diku edhe sinuset.<\/span><\/span><\/span><\/span><\/div>\n<div style=\"text-align: justify;\">\n\t<br \/>\n\t<span style=\"color:#000000;\"><span style=\"font-family: tahoma,geneva,sans-serif;\"><span style=\"font-size: 12px;\"><span class=\"style10\">&nbsp;&nbsp;&nbsp; Aparaturat e reja do t\u00eb p\u00ebrdoren nga nj\u00eb personel i zgjedhur dhe i kualifikuar jasht\u00eb vendit, i p\u00ebrb\u00ebr\u00eb nga akademik\u00eb, profesor\u00eb dhe mjek\u00eb t\u00eb njohur, t\u00eb cil\u00ebt jo vet\u00ebm ndihmojn\u00eb pacientin t\u00eb kurohet, por edhe krijojn\u00eb nj\u00eb ambient t\u00eb ngroht\u00eb dhe miq\u00ebsor. K\u00ebto aparatura jan\u00eb v\u00ebn\u00eb n\u00eb funksionim dhe n\u00eb sh\u00ebrbimin e shum\u00eb njer\u00ebzve, t\u00eb kryeqytetit dhe gjith\u00eb Shqip\u00ebris\u00eb, q\u00eb tashm\u00eb kan\u00eb nj\u00eb mund\u00ebsi m\u00eb shum\u00eb p\u00ebr diagnostikimin e shpejt\u00eb dhe t\u00eb sigurt. <\/span><\/span><\/span><\/span><\/div>\n<div align=\"right\" class=\"style10\">\n\t<span style=\"color:#000000;\"><span style=\"font-family: tahoma,geneva,sans-serif;\"><span style=\"font-size: 12px;\"><strong>Isidor Koti<\/strong><\/span><\/span><\/span><\/div>\n","protected":false},"excerpt":{"rendered":"<p>&nbsp; &nbsp; Qendra Mjek\u00ebsore Diagnostike \u201cUngjill\u00ebzimi\u201d n\u00eb Tiran\u00eb \u00ebsht\u00eb pajisur koh\u00ebt e fundit me aparatura t\u00eb reja dhe bashk\u00ebkohore. N\u00eb kujdesin e Kryepiskopit Anastas, i cili interesohet dhe kujdeset vazhdimisht p\u00ebr cil\u00ebsin\u00eb e sh\u00ebrbimit sh\u00ebndet\u00ebsor q\u00eb ofrohet n\u00eb k\u00ebt\u00eb klinik\u00eb angazhohet q\u00eb Kisha t\u00eb ofroj\u00eb m\u00eb t\u00eb mir\u00ebn p\u00ebr banor\u00ebt e Tiran\u00ebs dhe m\u00eb gjer\u00eb. K\u00ebtij p\u00ebrkushtimi i jan\u00eb shtuar s\u00eb fundmi dy aparaturat bashk\u00ebkohore<\/p>\n","protected":false},"author":1,"featured_media":0,"comment_status":"open","ping_status":"open","sticky":false,"template":"","format":"standard","meta":{"_acf_changed":false,"pagelayer_contact_templates":[],"_pagelayer_content":"","inline_featured_image":false,"fifu_image_url":"","fifu_image_alt":"","footnotes":""},"categories":[108],"tags":[143,188,196,212],"class_list":["post-1155","post","type-post","status-publish","format-standard","hentry","category-lajme","tag-143","tag-fondacioni-klinikat-orthodhokse-te-ungjillezimit","tag-tirane","tag-lajme-d27"],"acf":[],"yoast_head":"<!-- This site is optimized with the Yoast SEO plugin v27.2 - https:\/\/yoast.com\/product\/yoast-seo-wordpress\/ -->\n<title>Qendra Diagnostike Orthodhokse \u201cUngjill\u00ebzimi\u201d pajiset me aparaturat e reja: \u201cPanorameks\u201d dhe \u201cElastografi\u201d. (2011) - Kisha Orthodh\u03bfkse Autoqefale e Shqip\u00ebris\u00eb<\/title>\n<meta name=\"robots\" content=\"index, follow, max-snippet:-1, max-image-preview:large, max-video-preview:-1\" \/>\n<link rel=\"canonical\" href=\"https:\/\/orthodoxalbania.org\/2020\/2013\/03\/21\/qendra-diagnostike-orthodhokse-ungjillezimi-pajiset-me-aparaturat-e-reja-panorameks-dhe-elastografi-2011\/\" \/>\n<meta property=\"og:locale\" content=\"en_US\" \/>\n<meta property=\"og:type\" content=\"article\" \/>\n<meta property=\"og:title\" content=\"Qendra Diagnostike Orthodhokse \u201cUngjill\u00ebzimi\u201d pajiset me aparaturat e reja: \u201cPanorameks\u201d dhe \u201cElastografi\u201d. (2011) - Kisha Orthodh\u03bfkse Autoqefale e Shqip\u00ebris\u00eb\" \/>\n<meta property=\"og:description\" content=\"&nbsp; &nbsp; Qendra Mjek\u00ebsore Diagnostike \u201cUngjill\u00ebzimi\u201d n\u00eb Tiran\u00eb \u00ebsht\u00eb pajisur koh\u00ebt e fundit me aparatura t\u00eb reja dhe bashk\u00ebkohore. N\u00eb kujdesin e Kryepiskopit Anastas, i cili interesohet dhe kujdeset vazhdimisht p\u00ebr cil\u00ebsin\u00eb e sh\u00ebrbimit sh\u00ebndet\u00ebsor q\u00eb ofrohet n\u00eb k\u00ebt\u00eb klinik\u00eb angazhohet q\u00eb Kisha t\u00eb ofroj\u00eb m\u00eb t\u00eb mir\u00ebn p\u00ebr banor\u00ebt e Tiran\u00ebs dhe m\u00eb gjer\u00eb. K\u00ebtij p\u00ebrkushtimi i jan\u00eb shtuar s\u00eb fundmi dy aparaturat bashk\u00ebkohore\" \/>\n<meta property=\"og:url\" content=\"https:\/\/orthodoxalbania.org\/2020\/2013\/03\/21\/qendra-diagnostike-orthodhokse-ungjillezimi-pajiset-me-aparaturat-e-reja-panorameks-dhe-elastografi-2011\/\" \/>\n<meta property=\"og:site_name\" content=\"Kisha Orthodh\u03bfkse Autoqefale e Shqip\u00ebris\u00eb\" \/>\n<meta property=\"article:publisher\" content=\"https:\/\/www.facebook.com\/koash1991\" \/>\n<meta property=\"article:published_time\" content=\"2013-03-21T09:37:25+00:00\" \/>\n<meta property=\"article:modified_time\" content=\"2020-04-06T20:32:04+00:00\" \/>\n<meta property=\"og:image\" content=\"https:\/\/orthodoxalbania.org\/2020\/wp-content\/uploads\/2021\/02\/LogoLastALb-200.png\" \/>\n\t<meta property=\"og:image:width\" content=\"200\" \/>\n\t<meta property=\"og:image:height\" content=\"172\" \/>\n\t<meta property=\"og:image:type\" content=\"image\/png\" \/>\n<meta name=\"author\" content=\"Kisha Orthodhokse\" \/>\n<meta name=\"twitter:card\" content=\"summary_large_image\" \/>\n<meta name=\"twitter:label1\" content=\"Written by\" \/>\n\t<meta name=\"twitter:data1\" content=\"Kisha Orthodhokse\" \/>\n\t<meta name=\"twitter:label2\" content=\"Est. reading time\" \/>\n\t<meta name=\"twitter:data2\" content=\"2 minutes\" \/>\n<script type=\"application\/ld+json\" class=\"yoast-schema-graph\">{\"@context\":\"https:\/\/schema.org\",\"@graph\":[{\"@type\":\"Article\",\"@id\":\"https:\/\/orthodoxalbania.org\/2020\/2013\/03\/21\/qendra-diagnostike-orthodhokse-ungjillezimi-pajiset-me-aparaturat-e-reja-panorameks-dhe-elastografi-2011\/#article\",\"isPartOf\":{\"@id\":\"https:\/\/orthodoxalbania.org\/2020\/2013\/03\/21\/qendra-diagnostike-orthodhokse-ungjillezimi-pajiset-me-aparaturat-e-reja-panorameks-dhe-elastografi-2011\/\"},\"author\":{\"name\":\"Kisha Orthodhokse\",\"@id\":\"https:\/\/orthodoxalbania.org\/2020\/#\/schema\/person\/0c387634a7063ac612d7ed9ce71c7e86\"},\"headline\":\"Qendra Diagnostike Orthodhokse \u201cUngjill\u00ebzimi\u201d pajiset me aparaturat e reja: \u201cPanorameks\u201d dhe \u201cElastografi\u201d. (2011)\",\"datePublished\":\"2013-03-21T09:37:25+00:00\",\"dateModified\":\"2020-04-06T20:32:04+00:00\",\"mainEntityOfPage\":{\"@id\":\"https:\/\/orthodoxalbania.org\/2020\/2013\/03\/21\/qendra-diagnostike-orthodhokse-ungjillezimi-pajiset-me-aparaturat-e-reja-panorameks-dhe-elastografi-2011\/\"},\"wordCount\":378,\"commentCount\":0,\"publisher\":{\"@id\":\"https:\/\/orthodoxalbania.org\/2020\/#organization\"},\"keywords\":[\"2011\",\"Fondacioni \u201cKlinikat Orthodhokse t\u00eb Ungjill\u00ebzimit\u201d\",\"Kryepiskopata Tiran\u00eb\",\"lajme\"],\"articleSection\":[\"Lajme\"],\"inLanguage\":\"en-US\"},{\"@type\":\"WebPage\",\"@id\":\"https:\/\/orthodoxalbania.org\/2020\/2013\/03\/21\/qendra-diagnostike-orthodhokse-ungjillezimi-pajiset-me-aparaturat-e-reja-panorameks-dhe-elastografi-2011\/\",\"url\":\"https:\/\/orthodoxalbania.org\/2020\/2013\/03\/21\/qendra-diagnostike-orthodhokse-ungjillezimi-pajiset-me-aparaturat-e-reja-panorameks-dhe-elastografi-2011\/\",\"name\":\"Qendra Diagnostike Orthodhokse \u201cUngjill\u00ebzimi\u201d pajiset me aparaturat e reja: \u201cPanorameks\u201d dhe \u201cElastografi\u201d. (2011) - Kisha Orthodh\u03bfkse Autoqefale e Shqip\u00ebris\u00eb\",\"isPartOf\":{\"@id\":\"https:\/\/orthodoxalbania.org\/2020\/#website\"},\"datePublished\":\"2013-03-21T09:37:25+00:00\",\"dateModified\":\"2020-04-06T20:32:04+00:00\",\"breadcrumb\":{\"@id\":\"https:\/\/orthodoxalbania.org\/2020\/2013\/03\/21\/qendra-diagnostike-orthodhokse-ungjillezimi-pajiset-me-aparaturat-e-reja-panorameks-dhe-elastografi-2011\/#breadcrumb\"},\"inLanguage\":\"en-US\",\"potentialAction\":[{\"@type\":\"ReadAction\",\"target\":[\"https:\/\/orthodoxalbania.org\/2020\/2013\/03\/21\/qendra-diagnostike-orthodhokse-ungjillezimi-pajiset-me-aparaturat-e-reja-panorameks-dhe-elastografi-2011\/\"]}]},{\"@type\":\"BreadcrumbList\",\"@id\":\"https:\/\/orthodoxalbania.org\/2020\/2013\/03\/21\/qendra-diagnostike-orthodhokse-ungjillezimi-pajiset-me-aparaturat-e-reja-panorameks-dhe-elastografi-2011\/#breadcrumb\",\"itemListElement\":[{\"@type\":\"ListItem\",\"position\":1,\"name\":\"Home\",\"item\":\"https:\/\/orthodoxalbania.org\/2020\/\"},{\"@type\":\"ListItem\",\"position\":2,\"name\":\"Qendra Diagnostike Orthodhokse \u201cUngjill\u00ebzimi\u201d pajiset me aparaturat e reja: \u201cPanorameks\u201d dhe \u201cElastografi\u201d. (2011)\"}]},{\"@type\":\"WebSite\",\"@id\":\"https:\/\/orthodoxalbania.org\/2020\/#website\",\"url\":\"https:\/\/orthodoxalbania.org\/2020\/\",\"name\":\"Kisha Orthodh\u03bfkse Autoqefale e Shqip\u00ebris\u00eb\",\"description\":\"Fqja Zyrtare e Kish\u00ebs Orthodhokse Autoqefale e Shqip\u00ebris\u00eb me lajmet edhe informacionet zyrtare p\u00ebr struktur\u00ebn edhe veprimtarin e saj.\",\"publisher\":{\"@id\":\"https:\/\/orthodoxalbania.org\/2020\/#organization\"},\"potentialAction\":[{\"@type\":\"SearchAction\",\"target\":{\"@type\":\"EntryPoint\",\"urlTemplate\":\"https:\/\/orthodoxalbania.org\/2020\/?s={search_term_string}\"},\"query-input\":{\"@type\":\"PropertyValueSpecification\",\"valueRequired\":true,\"valueName\":\"search_term_string\"}}],\"inLanguage\":\"en-US\"},{\"@type\":\"Organization\",\"@id\":\"https:\/\/orthodoxalbania.org\/2020\/#organization\",\"name\":\"Kisha Orthodhokse Autoqefale e Shqip\u00ebris\u00eb\",\"url\":\"https:\/\/orthodoxalbania.org\/2020\/\",\"logo\":{\"@type\":\"ImageObject\",\"inLanguage\":\"en-US\",\"@id\":\"https:\/\/orthodoxalbania.org\/2020\/#\/schema\/logo\/image\/\",\"url\":\"https:\/\/orthodoxalbania.org\/2020\/wp-content\/uploads\/2020\/05\/albania.jpeg\",\"contentUrl\":\"https:\/\/orthodoxalbania.org\/2020\/wp-content\/uploads\/2020\/05\/albania.jpeg\",\"width\":540,\"height\":540,\"caption\":\"Kisha Orthodhokse Autoqefale e Shqip\u00ebris\u00eb\"},\"image\":{\"@id\":\"https:\/\/orthodoxalbania.org\/2020\/#\/schema\/logo\/image\/\"},\"sameAs\":[\"https:\/\/www.facebook.com\/koash1991\"]},{\"@type\":\"Person\",\"@id\":\"https:\/\/orthodoxalbania.org\/2020\/#\/schema\/person\/0c387634a7063ac612d7ed9ce71c7e86\",\"name\":\"Kisha Orthodhokse\",\"image\":{\"@type\":\"ImageObject\",\"inLanguage\":\"en-US\",\"@id\":\"https:\/\/secure.gravatar.com\/avatar\/596e7c417251e30f2fbb9c00e026fce61a695a00e51c889caded71c96cbbdde5?s=96&d=mm&r=g\",\"url\":\"https:\/\/secure.gravatar.com\/avatar\/596e7c417251e30f2fbb9c00e026fce61a695a00e51c889caded71c96cbbdde5?s=96&d=mm&r=g\",\"contentUrl\":\"https:\/\/secure.gravatar.com\/avatar\/596e7c417251e30f2fbb9c00e026fce61a695a00e51c889caded71c96cbbdde5?s=96&d=mm&r=g\",\"caption\":\"Kisha Orthodhokse\"}}]}<\/script>\n<!-- \/ Yoast SEO plugin. -->","yoast_head_json":{"title":"Qendra Diagnostike Orthodhokse \u201cUngjill\u00ebzimi\u201d pajiset me aparaturat e reja: \u201cPanorameks\u201d dhe \u201cElastografi\u201d. (2011) - Kisha Orthodh\u03bfkse Autoqefale e Shqip\u00ebris\u00eb","robots":{"index":"index","follow":"follow","max-snippet":"max-snippet:-1","max-image-preview":"max-image-preview:large","max-video-preview":"max-video-preview:-1"},"canonical":"https:\/\/orthodoxalbania.org\/2020\/2013\/03\/21\/qendra-diagnostike-orthodhokse-ungjillezimi-pajiset-me-aparaturat-e-reja-panorameks-dhe-elastografi-2011\/","og_locale":"en_US","og_type":"article","og_title":"Qendra Diagnostike Orthodhokse \u201cUngjill\u00ebzimi\u201d pajiset me aparaturat e reja: \u201cPanorameks\u201d dhe \u201cElastografi\u201d. (2011) - Kisha Orthodh\u03bfkse Autoqefale e Shqip\u00ebris\u00eb","og_description":"&nbsp; &nbsp; Qendra Mjek\u00ebsore Diagnostike \u201cUngjill\u00ebzimi\u201d n\u00eb Tiran\u00eb \u00ebsht\u00eb pajisur koh\u00ebt e fundit me aparatura t\u00eb reja dhe bashk\u00ebkohore. N\u00eb kujdesin e Kryepiskopit Anastas, i cili interesohet dhe kujdeset vazhdimisht p\u00ebr cil\u00ebsin\u00eb e sh\u00ebrbimit sh\u00ebndet\u00ebsor q\u00eb ofrohet n\u00eb k\u00ebt\u00eb klinik\u00eb angazhohet q\u00eb Kisha t\u00eb ofroj\u00eb m\u00eb t\u00eb mir\u00ebn p\u00ebr banor\u00ebt e Tiran\u00ebs dhe m\u00eb gjer\u00eb. K\u00ebtij p\u00ebrkushtimi i jan\u00eb shtuar s\u00eb fundmi dy aparaturat bashk\u00ebkohore","og_url":"https:\/\/orthodoxalbania.org\/2020\/2013\/03\/21\/qendra-diagnostike-orthodhokse-ungjillezimi-pajiset-me-aparaturat-e-reja-panorameks-dhe-elastografi-2011\/","og_site_name":"Kisha Orthodh\u03bfkse Autoqefale e Shqip\u00ebris\u00eb","article_publisher":"https:\/\/www.facebook.com\/koash1991","article_published_time":"2013-03-21T09:37:25+00:00","article_modified_time":"2020-04-06T20:32:04+00:00","og_image":[{"width":200,"height":172,"url":"https:\/\/orthodoxalbania.org\/2020\/wp-content\/uploads\/2021\/02\/LogoLastALb-200.png","type":"image\/png"}],"author":"Kisha Orthodhokse","twitter_card":"summary_large_image","twitter_misc":{"Written by":"Kisha Orthodhokse","Est. reading time":"2 minutes"},"schema":{"@context":"https:\/\/schema.org","@graph":[{"@type":"Article","@id":"https:\/\/orthodoxalbania.org\/2020\/2013\/03\/21\/qendra-diagnostike-orthodhokse-ungjillezimi-pajiset-me-aparaturat-e-reja-panorameks-dhe-elastografi-2011\/#article","isPartOf":{"@id":"https:\/\/orthodoxalbania.org\/2020\/2013\/03\/21\/qendra-diagnostike-orthodhokse-ungjillezimi-pajiset-me-aparaturat-e-reja-panorameks-dhe-elastografi-2011\/"},"author":{"name":"Kisha Orthodhokse","@id":"https:\/\/orthodoxalbania.org\/2020\/#\/schema\/person\/0c387634a7063ac612d7ed9ce71c7e86"},"headline":"Qendra Diagnostike Orthodhokse \u201cUngjill\u00ebzimi\u201d pajiset me aparaturat e reja: \u201cPanorameks\u201d dhe \u201cElastografi\u201d. (2011)","datePublished":"2013-03-21T09:37:25+00:00","dateModified":"2020-04-06T20:32:04+00:00","mainEntityOfPage":{"@id":"https:\/\/orthodoxalbania.org\/2020\/2013\/03\/21\/qendra-diagnostike-orthodhokse-ungjillezimi-pajiset-me-aparaturat-e-reja-panorameks-dhe-elastografi-2011\/"},"wordCount":378,"commentCount":0,"publisher":{"@id":"https:\/\/orthodoxalbania.org\/2020\/#organization"},"keywords":["2011","Fondacioni \u201cKlinikat Orthodhokse t\u00eb Ungjill\u00ebzimit\u201d","Kryepiskopata Tiran\u00eb","lajme"],"articleSection":["Lajme"],"inLanguage":"en-US"},{"@type":"WebPage","@id":"https:\/\/orthodoxalbania.org\/2020\/2013\/03\/21\/qendra-diagnostike-orthodhokse-ungjillezimi-pajiset-me-aparaturat-e-reja-panorameks-dhe-elastografi-2011\/","url":"https:\/\/orthodoxalbania.org\/2020\/2013\/03\/21\/qendra-diagnostike-orthodhokse-ungjillezimi-pajiset-me-aparaturat-e-reja-panorameks-dhe-elastografi-2011\/","name":"Qendra Diagnostike Orthodhokse \u201cUngjill\u00ebzimi\u201d pajiset me aparaturat e reja: \u201cPanorameks\u201d dhe \u201cElastografi\u201d. (2011) - Kisha Orthodh\u03bfkse Autoqefale e Shqip\u00ebris\u00eb","isPartOf":{"@id":"https:\/\/orthodoxalbania.org\/2020\/#website"},"datePublished":"2013-03-21T09:37:25+00:00","dateModified":"2020-04-06T20:32:04+00:00","breadcrumb":{"@id":"https:\/\/orthodoxalbania.org\/2020\/2013\/03\/21\/qendra-diagnostike-orthodhokse-ungjillezimi-pajiset-me-aparaturat-e-reja-panorameks-dhe-elastografi-2011\/#breadcrumb"},"inLanguage":"en-US","potentialAction":[{"@type":"ReadAction","target":["https:\/\/orthodoxalbania.org\/2020\/2013\/03\/21\/qendra-diagnostike-orthodhokse-ungjillezimi-pajiset-me-aparaturat-e-reja-panorameks-dhe-elastografi-2011\/"]}]},{"@type":"BreadcrumbList","@id":"https:\/\/orthodoxalbania.org\/2020\/2013\/03\/21\/qendra-diagnostike-orthodhokse-ungjillezimi-pajiset-me-aparaturat-e-reja-panorameks-dhe-elastografi-2011\/#breadcrumb","itemListElement":[{"@type":"ListItem","position":1,"name":"Home","item":"https:\/\/orthodoxalbania.org\/2020\/"},{"@type":"ListItem","position":2,"name":"Qendra Diagnostike Orthodhokse \u201cUngjill\u00ebzimi\u201d pajiset me aparaturat e reja: \u201cPanorameks\u201d dhe \u201cElastografi\u201d. (2011)"}]},{"@type":"WebSite","@id":"https:\/\/orthodoxalbania.org\/2020\/#website","url":"https:\/\/orthodoxalbania.org\/2020\/","name":"Kisha Orthodh\u03bfkse Autoqefale e Shqip\u00ebris\u00eb","description":"Fqja Zyrtare e Kish\u00ebs Orthodhokse Autoqefale e Shqip\u00ebris\u00eb me lajmet edhe informacionet zyrtare p\u00ebr struktur\u00ebn edhe veprimtarin e saj.","publisher":{"@id":"https:\/\/orthodoxalbania.org\/2020\/#organization"},"potentialAction":[{"@type":"SearchAction","target":{"@type":"EntryPoint","urlTemplate":"https:\/\/orthodoxalbania.org\/2020\/?s={search_term_string}"},"query-input":{"@type":"PropertyValueSpecification","valueRequired":true,"valueName":"search_term_string"}}],"inLanguage":"en-US"},{"@type":"Organization","@id":"https:\/\/orthodoxalbania.org\/2020\/#organization","name":"Kisha Orthodhokse Autoqefale e Shqip\u00ebris\u00eb","url":"https:\/\/orthodoxalbania.org\/2020\/","logo":{"@type":"ImageObject","inLanguage":"en-US","@id":"https:\/\/orthodoxalbania.org\/2020\/#\/schema\/logo\/image\/","url":"https:\/\/orthodoxalbania.org\/2020\/wp-content\/uploads\/2020\/05\/albania.jpeg","contentUrl":"https:\/\/orthodoxalbania.org\/2020\/wp-content\/uploads\/2020\/05\/albania.jpeg","width":540,"height":540,"caption":"Kisha Orthodhokse Autoqefale e Shqip\u00ebris\u00eb"},"image":{"@id":"https:\/\/orthodoxalbania.org\/2020\/#\/schema\/logo\/image\/"},"sameAs":["https:\/\/www.facebook.com\/koash1991"]},{"@type":"Person","@id":"https:\/\/orthodoxalbania.org\/2020\/#\/schema\/person\/0c387634a7063ac612d7ed9ce71c7e86","name":"Kisha Orthodhokse","image":{"@type":"ImageObject","inLanguage":"en-US","@id":"https:\/\/secure.gravatar.com\/avatar\/596e7c417251e30f2fbb9c00e026fce61a695a00e51c889caded71c96cbbdde5?s=96&d=mm&r=g","url":"https:\/\/secure.gravatar.com\/avatar\/596e7c417251e30f2fbb9c00e026fce61a695a00e51c889caded71c96cbbdde5?s=96&d=mm&r=g","contentUrl":"https:\/\/secure.gravatar.com\/avatar\/596e7c417251e30f2fbb9c00e026fce61a695a00e51c889caded71c96cbbdde5?s=96&d=mm&r=g","caption":"Kisha Orthodhokse"}}]}},"_links":{"self":[{"href":"https:\/\/orthodoxalbania.org\/2020\/wp-json\/wp\/v2\/posts\/1155","targetHints":{"allow":["GET"]}}],"collection":[{"href":"https:\/\/orthodoxalbania.org\/2020\/wp-json\/wp\/v2\/posts"}],"about":[{"href":"https:\/\/orthodoxalbania.org\/2020\/wp-json\/wp\/v2\/types\/post"}],"author":[{"embeddable":true,"href":"https:\/\/orthodoxalbania.org\/2020\/wp-json\/wp\/v2\/users\/1"}],"replies":[{"embeddable":true,"href":"https:\/\/orthodoxalbania.org\/2020\/wp-json\/wp\/v2\/comments?post=1155"}],"version-history":[{"count":1,"href":"https:\/\/orthodoxalbania.org\/2020\/wp-json\/wp\/v2\/posts\/1155\/revisions"}],"predecessor-version":[{"id":15386,"href":"https:\/\/orthodoxalbania.org\/2020\/wp-json\/wp\/v2\/posts\/1155\/revisions\/15386"}],"wp:attachment":[{"href":"https:\/\/orthodoxalbania.org\/2020\/wp-json\/wp\/v2\/media?parent=1155"}],"wp:term":[{"taxonomy":"category","embeddable":true,"href":"https:\/\/orthodoxalbania.org\/2020\/wp-json\/wp\/v2\/categories?post=1155"},{"taxonomy":"post_tag","embeddable":true,"href":"https:\/\/orthodoxalbania.org\/2020\/wp-json\/wp\/v2\/tags?post=1155"}],"curies":[{"name":"wp","href":"https:\/\/api.w.org\/{rel}","templated":true}]}}