{"id":1149,"date":"2013-03-21T12:48:40","date_gmt":"2013-03-21T12:48:40","guid":{"rendered":""},"modified":"2020-04-06T22:05:50","modified_gmt":"2020-04-06T20:05:50","slug":"proteste-e-besimtareve-orthodhokse-te-beratit","status":"publish","type":"post","link":"https:\/\/orthodoxalbania.org\/2020\/2013\/03\/21\/proteste-e-besimtareve-orthodhokse-te-beratit\/","title":{"rendered":"Protest\u00eb e besimtar\u00ebve orthodhoks\u00eb t\u00eb Beratit. (16 Janar 2013)"},"content":{"rendered":"<p style=\"text-align: center;\">\n\t<span style=\"font-family:tahoma,geneva,sans-serif;\"><span style=\"font-size: 12px;\"><span style=\"color:#b22222;\"><em><strong style=\"font-family: Arial; text-align: center;\"><span lang=\"SQ\" style=\"line-height: 115%;\">Drejtuar INSTAT-it dhe Aleanc\u00ebs Kuqezi<\/span><\/strong>&nbsp;(<strong style=\"font-family: Arial; text-align: right;\"><span lang=\"SQ\" style=\"line-height: 13px;\">Berat m\u00eb 16.01.2013)<\/span><\/strong><\/em><\/span><\/span><\/span><span style=\"font-family:tahoma,geneva,sans-serif;\"><span style=\"font-size: 12px;\"><span style=\"color:#b22222;\"><em><strong style=\"font-family: Arial; text-align: right;\"><span lang=\"SQ\" style=\"line-height: 13px;\">&nbsp;<\/span><\/strong><span style=\"line-height: 115%; text-align: justify;\"> <\/span><\/em><\/span><img class=\"lazyload\" decoding=\"async\" alt=\"\" src=\"data:image\/gif;base64,R0lGODlhAQABAAAAACH5BAEKAAEALAAAAAABAAEAAAICTAEAOw==\" data-orig-src=\"https:\/\/lh4.googleusercontent.com\/-vnHVJLW9Qrc\/UPxAywgEAKI\/AAAAAAAAB4U\/LBe4kxT2A84\/s720\/1 - poshte tekstit .JPG\" style=\"border-width: 1px; border-style: solid; margin: 10px; float: left; width: 200px; height: 193px;\" \/><\/span><\/span><\/p>\n<div class=\"MsoNormal\" style=\"margin-bottom: 0.0001pt; text-align: justify;\">\n\t<strong><span style=\"font-family:tahoma,geneva,sans-serif;\"><span style=\"font-size: 12px;\"><span style=\"color: rgb(0, 0, 0);\"><span lang=\"SQ\" style=\"line-height: 115%;\">&nbsp;&nbsp;&nbsp;&nbsp; <\/span><\/span><\/span><\/span><\/strong><\/div>\n<div class=\"MsoNormal\" style=\"margin-bottom: 0.0001pt; text-align: justify;\">\n\t<strong><span style=\"font-family:tahoma,geneva,sans-serif;\"><span style=\"font-size: 12px;\"><span style=\"color: rgb(0, 0, 0);\"><span lang=\"SQ\" style=\"line-height: 115%;\">&nbsp;&nbsp;&nbsp;&nbsp;&nbsp; P\u00ebr dijeni: <\/span><\/span><\/span><\/span><\/strong><\/div>\n<div class=\"MsoNormal\" style=\"margin-bottom: 0.0001pt; text-align: justify;\">\n\t&nbsp;<\/div>\n<div class=\"MsoNormal\" style=\"margin-bottom: 0.0001pt; text-align: justify;\">\n\t<span style=\"font-family:tahoma,geneva,sans-serif;\"><span style=\"font-size: 12px;\"><span style=\"color: rgb(0, 0, 0);\"><span lang=\"SQ\" style=\"line-height: 115%;\">&nbsp; &nbsp; <\/span><em><span lang=\"SQ\" style=\"line-height: 115%;\">&nbsp; &#8211; &nbsp; &nbsp; Z. Bujar Nishani, President i Republik\u00ebs s\u00eb Shqip\u00ebris\u00eb<\/span><\/em><\/span><\/span><\/span><\/div>\n<div class=\"MsoListParagraphCxSpFirst\" style=\"margin: 0in 0in 0.0001pt 42.55pt; text-indent: 14.15pt; text-align: justify;\">\n\t<span style=\"font-family:tahoma,geneva,sans-serif;\"><span style=\"font-size: 12px;\"><span style=\"color: rgb(0, 0, 0);\"><em><span lang=\"SQ\" style=\"line-height: 115%;\">&nbsp;&#8211;<span style=\"line-height: normal;\">&nbsp;&nbsp;&nbsp;&nbsp; <\/span><\/span><!--[endif]--><span lang=\"SQ\" style=\"line-height: 115%;\">Znj. Jozefina Topalli, Kryetare e Kuvendit t\u00eb Shqip\u00ebris\u00eb<br \/>\n\t<\/span><span lang=\"SQ\" style=\"text-indent: 20.7pt; line-height: 115%;\">&nbsp; &nbsp; &nbsp; &#8211;<span style=\"line-height: normal;\">&nbsp;&nbsp;&nbsp;&nbsp; <\/span><\/span><span lang=\"SQ\" style=\"text-indent: 20.7pt; line-height: 115%;\">Z. Ettore Sequi, Ambasador i Bashkimit Evropian n\u00eb Shqip\u00ebri<br \/>\n\t<\/span><!--[if !supportLists]--><span lang=\"SQ\" style=\"line-height: 115%;\">&nbsp; &nbsp; &nbsp; &#8211;<span style=\"line-height: normal;\">&nbsp;&nbsp;&nbsp;&nbsp; <\/span><\/span><!--[endif]--><span lang=\"SQ\" style=\"line-height: 115%;\">Z. Alexander Arvizu, Ambasador i Sh.B.A-s\u00eb n\u00eb Shqip\u00ebri<br \/>\n\t<\/span><span lang=\"SQ\" style=\"text-indent: 20.7pt; line-height: 115%;\">&nbsp; &nbsp; &nbsp; &#8211;<span style=\"line-height: normal;\">&nbsp;&nbsp;&nbsp;&nbsp; <\/span><\/span><span lang=\"SQ\" style=\"text-indent: 20.7pt; line-height: 115%;\">Z. Eugen Wollfarth, Kreu i Prezenc\u00ebs s\u00eb OSBE-s\u00eb n\u00eb Shqip\u00ebri<br \/>\n\t<\/span><!--[if !supportLists]--><span lang=\"SQ\" style=\"line-height: 115%;\">&nbsp; &nbsp; &nbsp; &#8211;<span style=\"line-height: normal;\">&nbsp;&nbsp;&nbsp;&nbsp; <\/span><\/span><!--[endif]--><span lang=\"SQ\" style=\"line-height: 115%;\">Trupit Diplomatik t\u00eb aktredituar n\u00eb Shqip\u00ebri<\/span><\/em><\/span><\/span><\/span><\/div>\n<div class=\"MsoListParagraphCxSpFirst\" style=\"margin: 0in 0in 0.0001pt 42.55pt; text-indent: 14.15pt; text-align: justify;\">\n\t&nbsp;<\/div>\n<div class=\"MsoNormal\" style=\"margin-bottom: 0.0001pt; text-indent: 0.25in; text-align: justify;\">\n\t<span style=\"font-family:tahoma,geneva,sans-serif;\"><span style=\"font-size: 12px;\"><span style=\"color: rgb(0, 0, 0);\"><span lang=\"SQ\" style=\"line-height: 115%;\">N\u00eb fund t\u00eb dhjetorit 2012 u dhan\u00eb me shum\u00eb vones\u00eb t\u00eb dh\u00ebnat e Censusit ku jepej nga INSTAT-i shifra qesharake 6.7% p\u00ebr besimin orthodhoks. Pak dit\u00eb m\u00eb von\u00eb, n\u00eb media, filloi nj\u00eb fushat\u00eb agresive nga Aleanca Kuqezi e Kreshnik Spahiut dhe Lisien Bashkurtit kund\u00ebr Kryepeshkopit Anastas. Sikur t\u00eb mos mjaftonin k\u00ebto, dit\u00ebt e fundit, u shkat\u00ebrruan barbarisht edhe afresket e pikturuara nga Onufri, vep\u00ebr monumentale me vler\u00eb bot\u00ebrore e shek. t\u00eb 16<sup>t\u00eb<\/sup>, n\u00eb kish\u00ebn e sh\u00ebn e Premtes n\u00eb Valsh t\u00eb Elbasanit. Kjo na kujton shkat\u00ebrrimin vite m\u00eb par\u00eb t\u00eb afreskeve t\u00eb kishave t\u00eb Voskopoj\u00ebs dhe pla\u00e7kitjen q\u00eb vazhdon ende t\u00eb dhjet\u00ebra kishave t\u00eb tjera orthodhokse. T\u00eb gjitha k\u00ebto na prekinshum\u00eb si pasardh\u00ebs t\u00eb et\u00ebrve tan\u00eb q\u00eb pikturuan dhe skalit\u00ebn afreske, ikonostase dhe sende kishtare q\u00eb ruhen ende n\u00eb kishat tona t\u00eb Beratit. Dhe t\u00eb gjitha k\u00ebto ndodh\u00ebn n\u00eb 100 vjetorine pavar\u00ebsis\u00eb s\u00eb Shqip\u00ebris\u00eb, p\u00ebr t\u00eb cil\u00ebn edhe t\u00eb krishter\u00ebt orthodhoks\u00eb shqiptar\u00eb dhan\u00eb nj\u00eb kontribut kolosal, q\u00eb nga rilind\u00ebsit Naum Veqilharxhi, Konstandin Kristoforidhi,Jeronim De Rada, \u00c7ajupi, Asdreni me Himnin Komb\u00ebtar, Jorgji Karbunara, deri tek Imzot Fan Noli, Imzot Kristofor Kisi dhe qindra patriot\u00eb t\u00eb tjer\u00eb orthodhoks\u00eb. <\/span><\/span><\/span><\/span><\/div>\n<div class=\"MsoNormal\" style=\"margin-bottom: 0.0001pt; text-indent: 0.25in; text-align: justify;\">\n\t&nbsp;<\/div>\n<div class=\"MsoNormal\" style=\"margin-bottom: 0.0001pt; text-indent: 0.25in; text-align: justify;\">\n\t<span style=\"font-family:tahoma,geneva,sans-serif;\"><span style=\"font-size: 12px;\"><span style=\"color: rgb(0, 0, 0);\"><span lang=\"SQ\" style=\"line-height: 115%;\">T\u00eb gjitha k\u00ebto ngjarje tregojn\u00eb p\u00ebr nj\u00eb luft\u00eb konstante ndaj krer\u00ebve t\u00eb Kish\u00ebs son\u00eb Orthodhokse Autoqefale dhe si rrjedhoj\u00eb edhe ndaj t\u00eb krishter\u00ebve orthodhoks\u00eb t\u00eb Shqip\u00ebris\u00eb. Kjo gj\u00eb vihet re dhe n\u00eb p\u00ebrfaq\u00ebsimin e pak\u00ebt t\u00eb shqiptar\u00ebve orthodhoks\u00eb n\u00eb organet e shtetit Shqiptar, si n\u00eb Parlament, Qeveri, Pushtetin Lokal, Ushtri, Polici, SH.I.SH. dhe institucione t\u00eb tjera shtet\u00ebrore. Dhe m\u00eb konkretisht n\u00eb qytetin ton\u00eb t\u00eb Beratit, ku orthodhoks\u00ebt jan\u00eb rreth 40% e popullsis\u00eb, p\u00ebrfaq\u00ebsimi i tyre \u00ebsht\u00eb i diskriminuar,shum\u00eb i ul\u00ebt dhe nuk ka asnj\u00eb drejtues n\u00eb Prefektur\u00eb, n\u00eb K\u00ebshillin e Qarkut, n\u00eb Bashki, n\u00eb Gjykat\u00eb, n\u00eb Prokurori, n\u00eb organet e rendit si dhe n\u00eb ins<a name=\"_GoBack\"><\/a>titucionet e tjera vendore.<\/span><\/span><\/span><\/span><\/div>\n<div class=\"MsoNormal\" style=\"margin-bottom: 0.0001pt; text-indent: 0.25in; text-align: justify;\">\n\t&nbsp;<\/div>\n<div class=\"MsoNormal\" style=\"margin-bottom: 0.0001pt; text-indent: 0.25in; text-align: justify;\">\n\t<span style=\"font-family:tahoma,geneva,sans-serif;\"><span style=\"font-size: 12px;\"><span style=\"color: rgb(0, 0, 0);\"><span lang=\"SQ\" style=\"line-height: 115%;\">Ne besimtar\u00ebt orthodhoks\u00eb t\u00eb Beratit, krenar p\u00ebr k\u00ebt\u00eb besim t\u00eb vjet\u00ebr t\u00eb shqiptar\u00ebve t\u00eb ruajtur me vet\u00ebmohim dhe sakrific\u00eb nga paraardh\u00ebsit tan\u00eb, protestojm\u00eb fuqish\u00ebm ndaj Censusit t\u00eb INSTAT-it dhe deklaratave t\u00eb drejtuesve t\u00eb Aleanc\u00ebs Kuq e Zi, p\u00ebr sa m\u00eb posht\u00eb:<\/span><\/span><\/span><\/span><\/div>\n<div class=\"MsoNormal\" style=\"margin-bottom: 0.0001pt; text-indent: 0.25in; text-align: justify;\">\n\t&nbsp;<\/div>\n<div class=\"MsoListParagraph\" style=\"margin: 0in 0in 0.0001pt; text-indent: 0.25in; text-align: justify;\">\n\t<span style=\"font-family:tahoma,geneva,sans-serif;\"><span style=\"font-size: 12px;\"><span style=\"color: rgb(0, 0, 0);\"><!--[if !supportLists]--><strong><span lang=\"SQ\" style=\"line-height: 115%;\">1.<span style=\"font-weight: normal; line-height: normal;\">&nbsp;&nbsp; <\/span><\/span><\/strong><!--[endif]--><span lang=\"SQ\" style=\"line-height: 115%;\">Shifra 6.7% e orthodhoks\u00ebve t\u00eb Shqip\u00ebris\u00eb \u00ebsht\u00eb jo reale, e minimizuar me dashakeq\u00ebsi dhe n\u00eb m\u00ebnyr\u00eb trashanike. K\u00ebshtu shifra e gjith\u00eb t\u00eb krishter\u00ebve shqiptar\u00eb (orthodhoks\u00eb, katolik\u00eb, ungjillor\u00eb) zvog\u00eblohet n\u00eb m\u00ebnyr\u00eb dramatike n\u00eb 17%, dhe kjo ndodh n\u00eb nj\u00eb koh\u00eb kur flitet me pasion p\u00ebr hyrjen e Shqip\u00ebris\u00eb n\u00eb Bashkimin Evropian. T\u00eb gjitha regjistrimet e m\u00ebparshme, t\u00eb kryera gjat\u00eb shekullit t\u00eb kaluar- n\u00eb vitin 1923, n\u00eb koh\u00ebn e monarkis\u00eb, t\u00eb pushtimit italian dhe t\u00eb koh\u00ebs s\u00eb monizmit, ku besimi fetar sh\u00ebnohej edhe n\u00eb pasaport\u00eb,e nxjerrin numrin e t\u00eb krishter\u00ebve orthodhoks\u00eb n\u00eb Shqip\u00ebri 3-4 her\u00eb m\u00eb t\u00eb lart\u00eb. P\u00ebr t\u00eb v\u00ebrtetuar sa tham\u00eb m\u00eb lart\u00eb mjafton t\u00eb rishikohen regjistrat e gjendjes civile t\u00eb koh\u00ebs s\u00eb shkuar dhe t\u00eb tashme, t\u00eb cilat ndodhen n\u00eb arkivat e shtetit ton\u00eb. Madje edhe enciklopedit\u00eb e huaja si ajo italiane dhe gjermane e nxjerrin shifr\u00ebn e orthodhoks\u00ebve ne Shqip\u00ebri 22% &#8211; 24%. <\/span><\/span><\/span><\/span><\/div>\n<div class=\"MsoListParagraph\" style=\"margin: 0in 0in 0.0001pt; text-indent: 0.25in; text-align: justify;\">\n\t&nbsp;<\/div>\n<div class=\"MsoNormal\" style=\"margin-bottom: 0.0001pt; text-indent: 0.25in; text-align: justify;\">\n\t<span style=\"font-family:tahoma,geneva,sans-serif;\"><span style=\"font-size: 12px;\"><span style=\"color: rgb(0, 0, 0);\"><span lang=\"SQ\" style=\"line-height: 115%;\">N\u00eb nj\u00eb anketim paraprak me 1305 besimtar\u00eb orthodhoks\u00eb n\u00eb qytetin ton\u00eb rezultojn\u00eb se 718 persona, dometh\u00ebn\u00eb 55% e t\u00eb anketuarve nuk u intervistuan fare ose nuk u pyet\u00ebn p\u00ebr besimin fetar. Shum\u00eb prej t\u00eb anketuarve d\u00ebshmuan se t\u00eb dh\u00ebnat e tyre u sh\u00ebnuan me laps t\u00eb but\u00eb q\u00eb fshihet leht\u00ebsisht me fshir\u00ebse dhe nuk u mor firma e t\u00eb intervistuarve p\u00ebr deklarat\u00ebn e tyre. T\u00eb gjitha k\u00ebto veprime e b\u00ebn\u00eb shum\u00eb t\u00eb mundshme manipulimin dhe deformimin e t\u00eb dh\u00ebnave. Pra, metodologjia q\u00eb u p\u00ebrdor nga INSTAT-i dhe vet\u00eb vonesa e tejskajshme e publikimit t\u00eb t\u00eb dh\u00ebnave si edhe presioni q\u00eb ushtruan publikisht dhe n\u00eb media Aleanca Kuqezi dhe disa parti t\u00eb tjera nacionaliste, \u00e7uann\u00eb mashtrimin e shifr\u00ebs reale t\u00eb orthodhoks\u00ebve t\u00eb Shqip\u00ebris\u00eb. Kjo b\u00ebhet me q\u00ebllimin e keq p\u00ebr t\u00eb ulur dhe m\u00eb tej, numrin e shqiptar\u00ebve orthodhoks\u00eb n\u00eb organet e pushtetit t\u00eb Republik\u00ebs s\u00eb Shqip\u00ebris\u00eb. Me t\u00eb drejt\u00eb ne besimtar\u00ebt orthodhoks\u00eb t\u00eb Beratit protestojm\u00eb fuqish\u00ebm ndaj INSTAT-it dhe nuk e njohim k\u00ebt\u00eb t\u00eb dh\u00ebn\u00eb t\u00eb besimit fetar, si dhe mb\u00ebshtesim vendimin e K\u00ebshillit Kishtar Kleriko-Laik t\u00eb K.O.A.SH.<\/span><\/span><\/span><\/span><\/div>\n<div class=\"MsoNormal\" style=\"margin-bottom: 0.0001pt; text-indent: 0.25in; text-align: justify;\">\n\t&nbsp;<\/div>\n<div class=\"MsoListParagraphCxSpFirst\" style=\"margin: 0in 0in 0.0001pt; text-indent: 0.25in; text-align: justify;\">\n\t<span style=\"font-family:tahoma,geneva,sans-serif;\"><span style=\"font-size: 12px;\"><span style=\"color: rgb(0, 0, 0);\"><!--[if !supportLists]--><strong><span lang=\"SQ\" style=\"line-height: 115%;\">2.<span style=\"font-weight: normal; line-height: normal;\">&nbsp;&nbsp; <\/span><\/span><\/strong><!--[endif]--><span lang=\"SQ\" style=\"line-height: 115%;\">Kund\u00ebrshtimi dhe mospranimi me shum\u00eb t\u00eb drejt\u00eb i k\u00ebtyre rezultateve t\u00eb Censusit nga ana e Sinodit t\u00eb Shenjt\u00eb, dhe i t\u00eb gjith\u00eb besimtar\u00ebve orthodhoks\u00eb, shkaktuan deklarata minuese nga Aleanca Kuqezi dhe qarqe t\u00eb caktuara, t\u00eb cil\u00ebt jan\u00eb hedhur n\u00eb sulm me shpifje nga m\u00eb t\u00eb pav\u00ebrtetat, kund\u00ebr Kryebariut t\u00eb Kish\u00ebs son\u00eb Orthodhokse, Kryepeshkopit ton\u00eb t\u00eb nderuar, Fortlumturis\u00eb s\u00eb Tij, Imzot Anastasit. Marr\u00ebzia e tyre arrin deri atje sa t\u00eb propozojn\u00eb z\u00ebvend\u00ebsimin e Kryepeshkopit, heqjen atij t\u00eb medaljes t\u00eb \u201cGjergj Kastriotit\u201d, dekoruar prej Presidentit t\u00eb Republik\u00ebs, krijimin e shenjtor\u00ebve t\u00eb rinj, etj. K\u00ebto qarqe mb\u00ebshtesin dhe reklamojn\u00eb n\u00eb shtyp dhe n\u00eb TV pseudopriftin Nikolla Marku, nj\u00eb ish seminarist i d\u00ebbuar nga shkolla fetare p\u00ebr vjedhje, i cili ka uzurpuar dhe mban me forc\u00eb kish\u00ebn e Sh\u00ebn Maris\u00eb s\u00eb Elbasanit.<\/span><\/span><\/span><\/span><\/div>\n<div class=\"MsoListParagraphCxSpFirst\" style=\"margin: 0in 0in 0.0001pt; text-indent: 0.25in; text-align: justify;\">\n\t&nbsp;<\/div>\n<div class=\"MsoListParagraphCxSpMiddle\" style=\"margin: 0in 0in 0.0001pt; text-indent: 0.25in; text-align: justify;\">\n\t<span style=\"font-family:tahoma,geneva,sans-serif;\"><span style=\"font-size: 12px;\"><span style=\"color: rgb(0, 0, 0);\"><span lang=\"SQ\" style=\"line-height: 115%;\">Por, asnj\u00eb p\u00ebrpjekje djall\u00ebzore, nga kushdoqoft\u00eb, nuk mund t\u00eb eklipsoj\u00eb madh\u00ebshtin\u00eb e kontributit t\u00eb jasht\u00ebzakonsh\u00ebm t\u00eb kryepeshkopit Anastas. Vet\u00eb puna dhe veprimtaria e tij n\u00eb k\u00ebto 20 vite flasin m\u00eb s\u00eb miri p\u00ebr k\u00ebt\u00eb.N\u00eb saj\u00eb t\u00eb kontributit personal t\u00eb tij edhe n\u00eb Berat, si n\u00eb t\u00eb gjith\u00eb Shqip\u00ebrin\u00eb, Kisha jon\u00eb u ringrit dhe po lul\u00ebzon p\u00ebrdit\u00eb. Ne jemi d\u00ebshmitar\u00eb p\u00ebr investimet e shumta n\u00eb qytetin ton\u00eb si: restaurimin e plot\u00eb t\u00eb godin\u00ebs s\u00eb Mitropolis\u00eb, t\u00eb kish\u00ebs s\u00eb sh\u00ebn Thomait t\u00eb djegur n\u00eb koh\u00ebn e diktatur\u00ebs, t\u00eb kish\u00ebs s\u00eb sh\u00ebn Spiridhonit, e n\u00eb shum\u00eb e shum\u00eb kisha t\u00eb tjera. Por mbi t\u00eb gjitha, ne beratasit do i jemi p\u00ebrjet\u00eb mir\u00ebnjoh\u00ebs p\u00ebr nd\u00ebrtimin e katedrales s\u00eb re madh\u00ebshtore t\u00eb Sh\u00ebn Dhimitrit n\u00eb qend\u00ebr t\u00eb qytetit me ikonostasin e saj mbres\u00ebl\u00ebn\u00ebs.<\/span><\/span><\/span><\/span><\/div>\n<div class=\"MsoListParagraphCxSpMiddle\" style=\"margin: 0in 0in 0.0001pt; text-indent: 0.25in; text-align: justify;\">\n\t&nbsp;<\/div>\n<div class=\"MsoListParagraphCxSpMiddle\" style=\"margin: 0in 0in 0.0001pt; text-indent: 0.25in; text-align: justify;\">\n\t<span style=\"font-family:tahoma,geneva,sans-serif;\"><span style=\"font-size: 12px;\"><span style=\"color: rgb(0, 0, 0);\"><span lang=\"SQ\" style=\"line-height: 115%;\">Kryepeshkopi yn\u00eb \u00ebsht\u00eb nj\u00eb udh\u00ebheq\u00ebs shpirt\u00ebror i men\u00e7ur, i dashur, i respektuar nga besimtar\u00ebt orthodhoks\u00eb, t\u00eb cil\u00ebt e kan\u00eb zgjedhur qytetar nderi n\u00eb Tiran\u00eb dhe n\u00eb Kor\u00e7\u00eb. Kontributi i tij \u00ebsht\u00eb konkret edhe n\u00eb qytetin ton\u00eb, ku i \u00ebsht\u00eb propozuar K\u00ebshillit Bashkiak p\u00ebr Qytetar Nderi i Beratit. Ky kontribut n\u00eb sektorin e sh\u00ebndet\u00ebsis\u00eb ka qen\u00eb me ndihma medikamentoze n\u00eb spitalin e Beratit, t\u00eb arsimitme kopshtin e f\u00ebmij\u00ebve, t\u00eb kultur\u00ebsme aktivitete t\u00eb larmishme rinore si dhe t\u00eb p\u00ebrkujdesjes sociale me hapjen e mens\u00ebs ndaj njer\u00ebzve n\u00eb nevoj\u00eb. Por mbi t\u00eb gjitha kontributi i tij \u00ebsht\u00eb i jasht\u00ebzakonsh\u00ebm p\u00ebr mbajtjen gjall\u00eb t\u00eb dialogut nd\u00ebrfetar, p\u00ebr bashkekzistenc\u00ebn paq\u00ebsore nd\u00ebrmjet qytetar\u00ebve t\u00eb besimeve t\u00eb ndryshme n\u00eb vendin ton\u00eb.Ai \u00ebsht\u00eb nj\u00eb personalitet i shquar prandaj me t\u00eb drejt\u00eb vler\u00ebsohet nga personalitete politike, shkencore dhe fetare dhe \u00ebsht\u00eb em\u00ebruar n\u00eb poste drejtuese si\u00e7 \u00ebsht\u00eb K\u00ebshilli Bot\u00ebror i Kishave etj. Gjithashtu \u00ebsht\u00eb dekoruar me shum\u00eb tituj e \u00e7mime nd\u00ebrkomb\u00ebtare nga shum\u00eb institucione prestigjioze bot\u00ebrore n\u00eb shum\u00eb vende t\u00eb bot\u00ebs.<\/span><\/span><\/span><\/span><\/div>\n<div class=\"MsoListParagraphCxSpMiddle\" style=\"margin: 0in 0in 0.0001pt; text-indent: 0.25in; text-align: justify;\">\n\t&nbsp;<\/div>\n<div class=\"MsoListParagraphCxSpLast\" style=\"margin: 0in 0in 0.0001pt; text-indent: 0.25in; text-align: justify;\">\n\t<span style=\"font-family:tahoma,geneva,sans-serif;\"><span style=\"font-size: 12px;\"><span style=\"color: rgb(0, 0, 0);\"><span lang=\"SQ\" style=\"line-height: 115%;\">Personaliteti i tij i ndritsh\u00ebm i jep nder Kish\u00ebs son\u00eb, gjith\u00eb popullit dhe vendit ton\u00eb. Prandaj t\u00eb gjith\u00eb ne besimtar\u00ebt orthodhoks\u00eb t\u00eb Beratit, ne q\u00eb dit\u00ebm t\u00eb ruanim n\u00eb shekuj ungjijt\u00eb e Mesjet\u00ebs s\u00eb hershme,kodik\u00ebt e famsh\u00ebm, epitafin e Gllavenic\u00ebs, ikonat e Onufrit t\u00eb madh dhe ikonograf\u00ebve t\u00eb tjer\u00eb t\u00eb shquar, kishat dhe t\u00eb gjitha objektet e kultit, &#8211; jemi krenar, q\u00eb kemi Kryepeshkopin Anastas n\u00eb krye t\u00eb Kish\u00ebs son\u00eb. Ne i urojm\u00eb atij sh\u00ebndet, jet\u00eb t\u00eb gjat\u00eb dhe suksese duke u p\u00ebrulur me respekt para figur\u00ebs dhe vepr\u00ebs s\u00eb tij.<\/span><\/span><\/span><\/span><\/div>\n<p style=\"text-align: justify;\">\n\t&nbsp;<\/p>\n<p style=\"text-align: center;\">\n\t<span style=\"font-family:tahoma,geneva,sans-serif;\"><span style=\"font-size: 12px;\"><img class=\"lazyload\" decoding=\"async\" alt=\"\" src=\"data:image\/gif;base64,R0lGODlhAQABAAAAACH5BAEKAAEALAAAAAABAAEAAAICTAEAOw==\" data-orig-src=\"https:\/\/lh3.googleusercontent.com\/-7HlUQgiQW7s\/UPxAyYoBfHI\/AAAAAAAAB4M\/ZEuuxvL5NK8\/s912\/2%20-%20poshte%20tekstit%20.JPG\" style=\"border-width: 1px; border-style: solid; width: 740px; height: 270px; margin: 10px;\" \/><\/span><\/span><\/p>\n<p style=\"text-align: center;\">\n\t<span style=\"font-family:tahoma,geneva,sans-serif;\"><span style=\"font-size: 12px;\"><img class=\"lazyload\" decoding=\"async\" alt=\"\" src=\"data:image\/gif;base64,R0lGODlhAQABAAAAACH5BAEKAAEALAAAAAABAAEAAAICTAEAOw==\" data-orig-src=\"https:\/\/lh3.googleusercontent.com\/-aKyd3yVRsr0\/UPxA1lgAXKI\/AAAAAAAAB4k\/TWCHfqnz898\/s512\/teksti%20fq.1%20.jpg\" style=\"border-width: 1px; border-style: solid; width: 700px; height: 963px; margin: 10px;\" \/><\/span><\/span><\/p>\n<p style=\"text-align: center;\">\n\t<span style=\"font-family:tahoma,geneva,sans-serif;\"><span style=\"font-size: 12px;\"><img class=\"lazyload\" decoding=\"async\" alt=\"\" src=\"data:image\/gif;base64,R0lGODlhAQABAAAAACH5BAEKAAEALAAAAAABAAEAAAICTAEAOw==\" data-orig-src=\"https:\/\/lh5.googleusercontent.com\/-j6XvBfuEuK4\/UPxA2s46czI\/AAAAAAAAB4o\/BF7OlYtUZZ4\/s512\/teksti%20fq.2%20.jpg\" style=\"border-width: 1px; border-style: solid; width: 700px; height: 963px; margin: 10px;\" \/><\/span><\/span><\/p>\n<p style=\"text-align: center;\">\n\t<span style=\"font-family:tahoma,geneva,sans-serif;\"><span style=\"font-size: 12px;\"><img class=\"lazyload\" decoding=\"async\" alt=\"\" src=\"data:image\/gif;base64,R0lGODlhAQABAAAAACH5BAEKAAEALAAAAAABAAEAAAICTAEAOw==\" data-orig-src=\"https:\/\/lh5.googleusercontent.com\/-Ejhlq_mO_hQ\/UPxA2oWuXdI\/AAAAAAAAB4s\/CDdlGT9dmdU\/s512\/teksti%20fq.3%20.jpg\" style=\"border-width: 1px; border-style: solid; width: 700px; height: 963px; margin: 10px;\" \/><\/span><\/span><\/p>\n<p style=\"text-align: center;\">\n\t<span style=\"font-family:tahoma,geneva,sans-serif;\"><span style=\"font-size: 12px;\"><img class=\"lazyload\" decoding=\"async\" alt=\"\" src=\"data:image\/gif;base64,R0lGODlhAQABAAAAACH5BAEKAAEALAAAAAABAAEAAAICTAEAOw==\" data-orig-src=\"https:\/\/lh5.googleusercontent.com\/-FURh2LS9wOw\/UPxA3dXjKVI\/AAAAAAAAB40\/a26SaRZVIqw\/s512\/teksti%20fq.4%20.jpg\" style=\"border-width: 1px; border-style: solid; width: 700px; height: 963px; margin: 10px;\" \/><\/span><\/span><\/p>\n<p style=\"text-align: justify;\">\n\t&nbsp;<\/p>\n","protected":false},"excerpt":{"rendered":"<p>Drejtuar INSTAT-it dhe Aleanc\u00ebs Kuqezi&nbsp;(Berat m\u00eb 16.01.2013)&nbsp; &nbsp;&nbsp;&nbsp;&nbsp; &nbsp;&nbsp;&nbsp;&nbsp;&nbsp; P\u00ebr dijeni: &nbsp; &nbsp; &nbsp; &nbsp; &#8211; &nbsp; &nbsp; Z. Bujar Nishani, President i Republik\u00ebs s\u00eb Shqip\u00ebris\u00eb &nbsp;&#8211;&nbsp;&nbsp;&nbsp;&nbsp; Znj. Jozefina Topalli, Kryetare e Kuvendit t\u00eb Shqip\u00ebris\u00eb &nbsp; &nbsp; &nbsp; &#8211;&nbsp;&nbsp;&nbsp;&nbsp; Z. Ettore Sequi, Ambasador i Bashkimit Evropian n\u00eb Shqip\u00ebri &nbsp; &nbsp; &nbsp; &#8211;&nbsp;&nbsp;&nbsp;&nbsp; Z. Alexander Arvizu, Ambasador i Sh.B.A-s\u00eb n\u00eb Shqip\u00ebri &nbsp; &nbsp; &nbsp; &#8211;&nbsp;&nbsp;&nbsp;&nbsp; Z.<\/p>\n","protected":false},"author":1,"featured_media":0,"comment_status":"open","ping_status":"open","sticky":false,"template":"","format":"standard","meta":{"_acf_changed":false,"pagelayer_contact_templates":[],"_pagelayer_content":"","inline_featured_image":false,"fifu_image_url":"","fifu_image_alt":"","footnotes":""},"categories":[108],"tags":[141,606,212,197,203],"class_list":["post-1149","post","type-post","status-publish","format-standard","hentry","category-lajme","tag-141","tag-census-artikuj","tag-lajme-d27","tag-berat","tag-pergjigje-ndaj-akuzave"],"acf":[],"yoast_head":"<!-- This site is optimized with the Yoast SEO plugin v27.2 - https:\/\/yoast.com\/product\/yoast-seo-wordpress\/ -->\n<title>Protest\u00eb e besimtar\u00ebve orthodhoks\u00eb t\u00eb Beratit. (16 Janar 2013) - Kisha Orthodh\u03bfkse Autoqefale e Shqip\u00ebris\u00eb<\/title>\n<meta name=\"robots\" content=\"index, follow, max-snippet:-1, max-image-preview:large, max-video-preview:-1\" \/>\n<link rel=\"canonical\" href=\"https:\/\/orthodoxalbania.org\/2020\/2013\/03\/21\/proteste-e-besimtareve-orthodhokse-te-beratit\/\" \/>\n<meta property=\"og:locale\" content=\"en_US\" \/>\n<meta property=\"og:type\" content=\"article\" \/>\n<meta property=\"og:title\" content=\"Protest\u00eb e besimtar\u00ebve orthodhoks\u00eb t\u00eb Beratit. (16 Janar 2013) - Kisha Orthodh\u03bfkse Autoqefale e Shqip\u00ebris\u00eb\" \/>\n<meta property=\"og:description\" content=\"Drejtuar INSTAT-it dhe Aleanc\u00ebs Kuqezi&nbsp;(Berat m\u00eb 16.01.2013)&nbsp; &nbsp;&nbsp;&nbsp;&nbsp; &nbsp;&nbsp;&nbsp;&nbsp;&nbsp; P\u00ebr dijeni: &nbsp; &nbsp; &nbsp; &nbsp; &#8211; &nbsp; &nbsp; Z. Bujar Nishani, President i Republik\u00ebs s\u00eb Shqip\u00ebris\u00eb &nbsp;&#8211;&nbsp;&nbsp;&nbsp;&nbsp; Znj. Jozefina Topalli, Kryetare e Kuvendit t\u00eb Shqip\u00ebris\u00eb &nbsp; &nbsp; &nbsp; &#8211;&nbsp;&nbsp;&nbsp;&nbsp; Z. Ettore Sequi, Ambasador i Bashkimit Evropian n\u00eb Shqip\u00ebri &nbsp; &nbsp; &nbsp; &#8211;&nbsp;&nbsp;&nbsp;&nbsp; Z. Alexander Arvizu, Ambasador i Sh.B.A-s\u00eb n\u00eb Shqip\u00ebri &nbsp; &nbsp; &nbsp; &#8211;&nbsp;&nbsp;&nbsp;&nbsp; Z.\" \/>\n<meta property=\"og:url\" content=\"https:\/\/orthodoxalbania.org\/2020\/2013\/03\/21\/proteste-e-besimtareve-orthodhokse-te-beratit\/\" \/>\n<meta property=\"og:site_name\" content=\"Kisha Orthodh\u03bfkse Autoqefale e Shqip\u00ebris\u00eb\" \/>\n<meta property=\"article:publisher\" content=\"https:\/\/www.facebook.com\/koash1991\" \/>\n<meta property=\"article:published_time\" content=\"2013-03-21T12:48:40+00:00\" \/>\n<meta property=\"article:modified_time\" content=\"2020-04-06T20:05:50+00:00\" \/>\n<meta property=\"og:image\" content=\"https:\/\/lh4.googleusercontent.com\/-vnHVJLW9Qrc\/UPxAywgEAKI\/AAAAAAAAB4U\/LBe4kxT2A84\/s720\/1%20-%20poshte%20tekstit%20.JPG\" \/>\n<meta name=\"author\" content=\"Kisha Orthodhokse\" \/>\n<meta name=\"twitter:card\" content=\"summary_large_image\" \/>\n<meta name=\"twitter:label1\" content=\"Written by\" \/>\n\t<meta name=\"twitter:data1\" content=\"Kisha Orthodhokse\" \/>\n\t<meta name=\"twitter:label2\" content=\"Est. reading time\" \/>\n\t<meta name=\"twitter:data2\" content=\"8 minutes\" \/>\n<script type=\"application\/ld+json\" class=\"yoast-schema-graph\">{\"@context\":\"https:\/\/schema.org\",\"@graph\":[{\"@type\":\"Article\",\"@id\":\"https:\/\/orthodoxalbania.org\/2020\/2013\/03\/21\/proteste-e-besimtareve-orthodhokse-te-beratit\/#article\",\"isPartOf\":{\"@id\":\"https:\/\/orthodoxalbania.org\/2020\/2013\/03\/21\/proteste-e-besimtareve-orthodhokse-te-beratit\/\"},\"author\":{\"name\":\"Kisha Orthodhokse\",\"@id\":\"https:\/\/orthodoxalbania.org\/2020\/#\/schema\/person\/0c387634a7063ac612d7ed9ce71c7e86\"},\"headline\":\"Protest\u00eb e besimtar\u00ebve orthodhoks\u00eb t\u00eb Beratit. (16 Janar 2013)\",\"datePublished\":\"2013-03-21T12:48:40+00:00\",\"dateModified\":\"2020-04-06T20:05:50+00:00\",\"mainEntityOfPage\":{\"@id\":\"https:\/\/orthodoxalbania.org\/2020\/2013\/03\/21\/proteste-e-besimtareve-orthodhokse-te-beratit\/\"},\"wordCount\":1516,\"commentCount\":0,\"publisher\":{\"@id\":\"https:\/\/orthodoxalbania.org\/2020\/#organization\"},\"image\":{\"@id\":\"https:\/\/orthodoxalbania.org\/2020\/2013\/03\/21\/proteste-e-besimtareve-orthodhokse-te-beratit\/#primaryimage\"},\"thumbnailUrl\":\"https:\/\/lh3.googleusercontent.com\/-7HlUQgiQW7s\/UPxAyYoBfHI\/AAAAAAAAB4M\/ZEuuxvL5NK8\/s912\/2%20-%20poshte%20tekstit%20.JPG\",\"keywords\":[\"2013\",\"Census Artikuj\",\"lajme\",\"Mitropolia Berat\",\"P\u00ebrgjigje ndaj akuzave\"],\"articleSection\":[\"Lajme\"],\"inLanguage\":\"en-US\"},{\"@type\":\"WebPage\",\"@id\":\"https:\/\/orthodoxalbania.org\/2020\/2013\/03\/21\/proteste-e-besimtareve-orthodhokse-te-beratit\/\",\"url\":\"https:\/\/orthodoxalbania.org\/2020\/2013\/03\/21\/proteste-e-besimtareve-orthodhokse-te-beratit\/\",\"name\":\"Protest\u00eb e besimtar\u00ebve orthodhoks\u00eb t\u00eb Beratit. (16 Janar 2013) - Kisha Orthodh\u03bfkse Autoqefale e Shqip\u00ebris\u00eb\",\"isPartOf\":{\"@id\":\"https:\/\/orthodoxalbania.org\/2020\/#website\"},\"primaryImageOfPage\":{\"@id\":\"https:\/\/orthodoxalbania.org\/2020\/2013\/03\/21\/proteste-e-besimtareve-orthodhokse-te-beratit\/#primaryimage\"},\"image\":{\"@id\":\"https:\/\/orthodoxalbania.org\/2020\/2013\/03\/21\/proteste-e-besimtareve-orthodhokse-te-beratit\/#primaryimage\"},\"thumbnailUrl\":\"https:\/\/lh3.googleusercontent.com\/-7HlUQgiQW7s\/UPxAyYoBfHI\/AAAAAAAAB4M\/ZEuuxvL5NK8\/s912\/2%20-%20poshte%20tekstit%20.JPG\",\"datePublished\":\"2013-03-21T12:48:40+00:00\",\"dateModified\":\"2020-04-06T20:05:50+00:00\",\"breadcrumb\":{\"@id\":\"https:\/\/orthodoxalbania.org\/2020\/2013\/03\/21\/proteste-e-besimtareve-orthodhokse-te-beratit\/#breadcrumb\"},\"inLanguage\":\"en-US\",\"potentialAction\":[{\"@type\":\"ReadAction\",\"target\":[\"https:\/\/orthodoxalbania.org\/2020\/2013\/03\/21\/proteste-e-besimtareve-orthodhokse-te-beratit\/\"]}]},{\"@type\":\"ImageObject\",\"inLanguage\":\"en-US\",\"@id\":\"https:\/\/orthodoxalbania.org\/2020\/2013\/03\/21\/proteste-e-besimtareve-orthodhokse-te-beratit\/#primaryimage\",\"url\":\"https:\/\/lh3.googleusercontent.com\/-7HlUQgiQW7s\/UPxAyYoBfHI\/AAAAAAAAB4M\/ZEuuxvL5NK8\/s912\/2%20-%20poshte%20tekstit%20.JPG\",\"contentUrl\":\"https:\/\/lh3.googleusercontent.com\/-7HlUQgiQW7s\/UPxAyYoBfHI\/AAAAAAAAB4M\/ZEuuxvL5NK8\/s912\/2%20-%20poshte%20tekstit%20.JPG\"},{\"@type\":\"BreadcrumbList\",\"@id\":\"https:\/\/orthodoxalbania.org\/2020\/2013\/03\/21\/proteste-e-besimtareve-orthodhokse-te-beratit\/#breadcrumb\",\"itemListElement\":[{\"@type\":\"ListItem\",\"position\":1,\"name\":\"Home\",\"item\":\"https:\/\/orthodoxalbania.org\/2020\/\"},{\"@type\":\"ListItem\",\"position\":2,\"name\":\"Protest\u00eb e besimtar\u00ebve orthodhoks\u00eb t\u00eb Beratit. (16 Janar 2013)\"}]},{\"@type\":\"WebSite\",\"@id\":\"https:\/\/orthodoxalbania.org\/2020\/#website\",\"url\":\"https:\/\/orthodoxalbania.org\/2020\/\",\"name\":\"Kisha Orthodh\u03bfkse Autoqefale e Shqip\u00ebris\u00eb\",\"description\":\"Fqja Zyrtare e Kish\u00ebs Orthodhokse Autoqefale e Shqip\u00ebris\u00eb me lajmet edhe informacionet zyrtare p\u00ebr struktur\u00ebn edhe veprimtarin e saj.\",\"publisher\":{\"@id\":\"https:\/\/orthodoxalbania.org\/2020\/#organization\"},\"potentialAction\":[{\"@type\":\"SearchAction\",\"target\":{\"@type\":\"EntryPoint\",\"urlTemplate\":\"https:\/\/orthodoxalbania.org\/2020\/?s={search_term_string}\"},\"query-input\":{\"@type\":\"PropertyValueSpecification\",\"valueRequired\":true,\"valueName\":\"search_term_string\"}}],\"inLanguage\":\"en-US\"},{\"@type\":\"Organization\",\"@id\":\"https:\/\/orthodoxalbania.org\/2020\/#organization\",\"name\":\"Kisha Orthodhokse Autoqefale e Shqip\u00ebris\u00eb\",\"url\":\"https:\/\/orthodoxalbania.org\/2020\/\",\"logo\":{\"@type\":\"ImageObject\",\"inLanguage\":\"en-US\",\"@id\":\"https:\/\/orthodoxalbania.org\/2020\/#\/schema\/logo\/image\/\",\"url\":\"https:\/\/orthodoxalbania.org\/2020\/wp-content\/uploads\/2020\/05\/albania.jpeg\",\"contentUrl\":\"https:\/\/orthodoxalbania.org\/2020\/wp-content\/uploads\/2020\/05\/albania.jpeg\",\"width\":540,\"height\":540,\"caption\":\"Kisha Orthodhokse Autoqefale e Shqip\u00ebris\u00eb\"},\"image\":{\"@id\":\"https:\/\/orthodoxalbania.org\/2020\/#\/schema\/logo\/image\/\"},\"sameAs\":[\"https:\/\/www.facebook.com\/koash1991\"]},{\"@type\":\"Person\",\"@id\":\"https:\/\/orthodoxalbania.org\/2020\/#\/schema\/person\/0c387634a7063ac612d7ed9ce71c7e86\",\"name\":\"Kisha Orthodhokse\",\"image\":{\"@type\":\"ImageObject\",\"inLanguage\":\"en-US\",\"@id\":\"https:\/\/secure.gravatar.com\/avatar\/596e7c417251e30f2fbb9c00e026fce61a695a00e51c889caded71c96cbbdde5?s=96&d=mm&r=g\",\"url\":\"https:\/\/secure.gravatar.com\/avatar\/596e7c417251e30f2fbb9c00e026fce61a695a00e51c889caded71c96cbbdde5?s=96&d=mm&r=g\",\"contentUrl\":\"https:\/\/secure.gravatar.com\/avatar\/596e7c417251e30f2fbb9c00e026fce61a695a00e51c889caded71c96cbbdde5?s=96&d=mm&r=g\",\"caption\":\"Kisha Orthodhokse\"}}]}<\/script>\n<!-- \/ Yoast SEO plugin. -->","yoast_head_json":{"title":"Protest\u00eb e besimtar\u00ebve orthodhoks\u00eb t\u00eb Beratit. (16 Janar 2013) - Kisha Orthodh\u03bfkse Autoqefale e Shqip\u00ebris\u00eb","robots":{"index":"index","follow":"follow","max-snippet":"max-snippet:-1","max-image-preview":"max-image-preview:large","max-video-preview":"max-video-preview:-1"},"canonical":"https:\/\/orthodoxalbania.org\/2020\/2013\/03\/21\/proteste-e-besimtareve-orthodhokse-te-beratit\/","og_locale":"en_US","og_type":"article","og_title":"Protest\u00eb e besimtar\u00ebve orthodhoks\u00eb t\u00eb Beratit. (16 Janar 2013) - Kisha Orthodh\u03bfkse Autoqefale e Shqip\u00ebris\u00eb","og_description":"Drejtuar INSTAT-it dhe Aleanc\u00ebs Kuqezi&nbsp;(Berat m\u00eb 16.01.2013)&nbsp; &nbsp;&nbsp;&nbsp;&nbsp; &nbsp;&nbsp;&nbsp;&nbsp;&nbsp; P\u00ebr dijeni: &nbsp; &nbsp; &nbsp; &nbsp; &#8211; &nbsp; &nbsp; Z. Bujar Nishani, President i Republik\u00ebs s\u00eb Shqip\u00ebris\u00eb &nbsp;&#8211;&nbsp;&nbsp;&nbsp;&nbsp; Znj. Jozefina Topalli, Kryetare e Kuvendit t\u00eb Shqip\u00ebris\u00eb &nbsp; &nbsp; &nbsp; &#8211;&nbsp;&nbsp;&nbsp;&nbsp; Z. Ettore Sequi, Ambasador i Bashkimit Evropian n\u00eb Shqip\u00ebri &nbsp; &nbsp; &nbsp; &#8211;&nbsp;&nbsp;&nbsp;&nbsp; Z. Alexander Arvizu, Ambasador i Sh.B.A-s\u00eb n\u00eb Shqip\u00ebri &nbsp; &nbsp; &nbsp; &#8211;&nbsp;&nbsp;&nbsp;&nbsp; Z.","og_url":"https:\/\/orthodoxalbania.org\/2020\/2013\/03\/21\/proteste-e-besimtareve-orthodhokse-te-beratit\/","og_site_name":"Kisha Orthodh\u03bfkse Autoqefale e Shqip\u00ebris\u00eb","article_publisher":"https:\/\/www.facebook.com\/koash1991","article_published_time":"2013-03-21T12:48:40+00:00","article_modified_time":"2020-04-06T20:05:50+00:00","og_image":[{"url":"https:\/\/lh4.googleusercontent.com\/-vnHVJLW9Qrc\/UPxAywgEAKI\/AAAAAAAAB4U\/LBe4kxT2A84\/s720\/1 - poshte tekstit .JPG","type":"","width":"","height":""}],"author":"Kisha Orthodhokse","twitter_card":"summary_large_image","twitter_misc":{"Written by":"Kisha Orthodhokse","Est. reading time":"8 minutes"},"schema":{"@context":"https:\/\/schema.org","@graph":[{"@type":"Article","@id":"https:\/\/orthodoxalbania.org\/2020\/2013\/03\/21\/proteste-e-besimtareve-orthodhokse-te-beratit\/#article","isPartOf":{"@id":"https:\/\/orthodoxalbania.org\/2020\/2013\/03\/21\/proteste-e-besimtareve-orthodhokse-te-beratit\/"},"author":{"name":"Kisha Orthodhokse","@id":"https:\/\/orthodoxalbania.org\/2020\/#\/schema\/person\/0c387634a7063ac612d7ed9ce71c7e86"},"headline":"Protest\u00eb e besimtar\u00ebve orthodhoks\u00eb t\u00eb Beratit. (16 Janar 2013)","datePublished":"2013-03-21T12:48:40+00:00","dateModified":"2020-04-06T20:05:50+00:00","mainEntityOfPage":{"@id":"https:\/\/orthodoxalbania.org\/2020\/2013\/03\/21\/proteste-e-besimtareve-orthodhokse-te-beratit\/"},"wordCount":1516,"commentCount":0,"publisher":{"@id":"https:\/\/orthodoxalbania.org\/2020\/#organization"},"image":{"@id":"https:\/\/orthodoxalbania.org\/2020\/2013\/03\/21\/proteste-e-besimtareve-orthodhokse-te-beratit\/#primaryimage"},"thumbnailUrl":"https:\/\/lh3.googleusercontent.com\/-7HlUQgiQW7s\/UPxAyYoBfHI\/AAAAAAAAB4M\/ZEuuxvL5NK8\/s912\/2%20-%20poshte%20tekstit%20.JPG","keywords":["2013","Census Artikuj","lajme","Mitropolia Berat","P\u00ebrgjigje ndaj akuzave"],"articleSection":["Lajme"],"inLanguage":"en-US"},{"@type":"WebPage","@id":"https:\/\/orthodoxalbania.org\/2020\/2013\/03\/21\/proteste-e-besimtareve-orthodhokse-te-beratit\/","url":"https:\/\/orthodoxalbania.org\/2020\/2013\/03\/21\/proteste-e-besimtareve-orthodhokse-te-beratit\/","name":"Protest\u00eb e besimtar\u00ebve orthodhoks\u00eb t\u00eb Beratit. (16 Janar 2013) - Kisha Orthodh\u03bfkse Autoqefale e Shqip\u00ebris\u00eb","isPartOf":{"@id":"https:\/\/orthodoxalbania.org\/2020\/#website"},"primaryImageOfPage":{"@id":"https:\/\/orthodoxalbania.org\/2020\/2013\/03\/21\/proteste-e-besimtareve-orthodhokse-te-beratit\/#primaryimage"},"image":{"@id":"https:\/\/orthodoxalbania.org\/2020\/2013\/03\/21\/proteste-e-besimtareve-orthodhokse-te-beratit\/#primaryimage"},"thumbnailUrl":"https:\/\/lh3.googleusercontent.com\/-7HlUQgiQW7s\/UPxAyYoBfHI\/AAAAAAAAB4M\/ZEuuxvL5NK8\/s912\/2%20-%20poshte%20tekstit%20.JPG","datePublished":"2013-03-21T12:48:40+00:00","dateModified":"2020-04-06T20:05:50+00:00","breadcrumb":{"@id":"https:\/\/orthodoxalbania.org\/2020\/2013\/03\/21\/proteste-e-besimtareve-orthodhokse-te-beratit\/#breadcrumb"},"inLanguage":"en-US","potentialAction":[{"@type":"ReadAction","target":["https:\/\/orthodoxalbania.org\/2020\/2013\/03\/21\/proteste-e-besimtareve-orthodhokse-te-beratit\/"]}]},{"@type":"ImageObject","inLanguage":"en-US","@id":"https:\/\/orthodoxalbania.org\/2020\/2013\/03\/21\/proteste-e-besimtareve-orthodhokse-te-beratit\/#primaryimage","url":"https:\/\/lh3.googleusercontent.com\/-7HlUQgiQW7s\/UPxAyYoBfHI\/AAAAAAAAB4M\/ZEuuxvL5NK8\/s912\/2%20-%20poshte%20tekstit%20.JPG","contentUrl":"https:\/\/lh3.googleusercontent.com\/-7HlUQgiQW7s\/UPxAyYoBfHI\/AAAAAAAAB4M\/ZEuuxvL5NK8\/s912\/2%20-%20poshte%20tekstit%20.JPG"},{"@type":"BreadcrumbList","@id":"https:\/\/orthodoxalbania.org\/2020\/2013\/03\/21\/proteste-e-besimtareve-orthodhokse-te-beratit\/#breadcrumb","itemListElement":[{"@type":"ListItem","position":1,"name":"Home","item":"https:\/\/orthodoxalbania.org\/2020\/"},{"@type":"ListItem","position":2,"name":"Protest\u00eb e besimtar\u00ebve orthodhoks\u00eb t\u00eb Beratit. (16 Janar 2013)"}]},{"@type":"WebSite","@id":"https:\/\/orthodoxalbania.org\/2020\/#website","url":"https:\/\/orthodoxalbania.org\/2020\/","name":"Kisha Orthodh\u03bfkse Autoqefale e Shqip\u00ebris\u00eb","description":"Fqja Zyrtare e Kish\u00ebs Orthodhokse Autoqefale e Shqip\u00ebris\u00eb me lajmet edhe informacionet zyrtare p\u00ebr struktur\u00ebn edhe veprimtarin e saj.","publisher":{"@id":"https:\/\/orthodoxalbania.org\/2020\/#organization"},"potentialAction":[{"@type":"SearchAction","target":{"@type":"EntryPoint","urlTemplate":"https:\/\/orthodoxalbania.org\/2020\/?s={search_term_string}"},"query-input":{"@type":"PropertyValueSpecification","valueRequired":true,"valueName":"search_term_string"}}],"inLanguage":"en-US"},{"@type":"Organization","@id":"https:\/\/orthodoxalbania.org\/2020\/#organization","name":"Kisha Orthodhokse Autoqefale e Shqip\u00ebris\u00eb","url":"https:\/\/orthodoxalbania.org\/2020\/","logo":{"@type":"ImageObject","inLanguage":"en-US","@id":"https:\/\/orthodoxalbania.org\/2020\/#\/schema\/logo\/image\/","url":"https:\/\/orthodoxalbania.org\/2020\/wp-content\/uploads\/2020\/05\/albania.jpeg","contentUrl":"https:\/\/orthodoxalbania.org\/2020\/wp-content\/uploads\/2020\/05\/albania.jpeg","width":540,"height":540,"caption":"Kisha Orthodhokse Autoqefale e Shqip\u00ebris\u00eb"},"image":{"@id":"https:\/\/orthodoxalbania.org\/2020\/#\/schema\/logo\/image\/"},"sameAs":["https:\/\/www.facebook.com\/koash1991"]},{"@type":"Person","@id":"https:\/\/orthodoxalbania.org\/2020\/#\/schema\/person\/0c387634a7063ac612d7ed9ce71c7e86","name":"Kisha Orthodhokse","image":{"@type":"ImageObject","inLanguage":"en-US","@id":"https:\/\/secure.gravatar.com\/avatar\/596e7c417251e30f2fbb9c00e026fce61a695a00e51c889caded71c96cbbdde5?s=96&d=mm&r=g","url":"https:\/\/secure.gravatar.com\/avatar\/596e7c417251e30f2fbb9c00e026fce61a695a00e51c889caded71c96cbbdde5?s=96&d=mm&r=g","contentUrl":"https:\/\/secure.gravatar.com\/avatar\/596e7c417251e30f2fbb9c00e026fce61a695a00e51c889caded71c96cbbdde5?s=96&d=mm&r=g","caption":"Kisha Orthodhokse"}}]}},"_links":{"self":[{"href":"https:\/\/orthodoxalbania.org\/2020\/wp-json\/wp\/v2\/posts\/1149","targetHints":{"allow":["GET"]}}],"collection":[{"href":"https:\/\/orthodoxalbania.org\/2020\/wp-json\/wp\/v2\/posts"}],"about":[{"href":"https:\/\/orthodoxalbania.org\/2020\/wp-json\/wp\/v2\/types\/post"}],"author":[{"embeddable":true,"href":"https:\/\/orthodoxalbania.org\/2020\/wp-json\/wp\/v2\/users\/1"}],"replies":[{"embeddable":true,"href":"https:\/\/orthodoxalbania.org\/2020\/wp-json\/wp\/v2\/comments?post=1149"}],"version-history":[{"count":1,"href":"https:\/\/orthodoxalbania.org\/2020\/wp-json\/wp\/v2\/posts\/1149\/revisions"}],"predecessor-version":[{"id":14246,"href":"https:\/\/orthodoxalbania.org\/2020\/wp-json\/wp\/v2\/posts\/1149\/revisions\/14246"}],"wp:attachment":[{"href":"https:\/\/orthodoxalbania.org\/2020\/wp-json\/wp\/v2\/media?parent=1149"}],"wp:term":[{"taxonomy":"category","embeddable":true,"href":"https:\/\/orthodoxalbania.org\/2020\/wp-json\/wp\/v2\/categories?post=1149"},{"taxonomy":"post_tag","embeddable":true,"href":"https:\/\/orthodoxalbania.org\/2020\/wp-json\/wp\/v2\/tags?post=1149"}],"curies":[{"name":"wp","href":"https:\/\/api.w.org\/{rel}","templated":true}]}}