{"id":1148,"date":"2015-03-04T10:57:05","date_gmt":"2015-03-04T10:57:05","guid":{"rendered":""},"modified":"2020-04-06T22:02:17","modified_gmt":"2020-04-06T20:02:17","slug":"proteste","status":"publish","type":"post","link":"https:\/\/orthodoxalbania.org\/2020\/2015\/03\/04\/proteste\/","title":{"rendered":"PROTEST\u00cb &#8211; P\u00ebr prishjen e rrethimit t\u00eb Katedrales s\u00eb Tiran\u00ebs"},"content":{"rendered":"<div style=\"text-align: center;\"><span style=\"color: #000000; font-size: 12pt;\"><span style=\"font-family: tahoma,geneva,sans-serif;\"><\/span><\/span><\/div>\n<div style=\"text-align: center;\"><\/div>\n<div style=\"text-align: center;\">&nbsp;  <\/p>\n<div><span style=\"color: #000000; font-size: 12pt;\"><span style=\"font-family: tahoma,geneva,sans-serif;\"><img decoding=\"async\" class=\"lazyload HAa Eha\" style=\"width: 53px; height: 53px; display: block; margin-left: auto; margin-right: auto;\" src=\"data:image\/svg+xml,%3Csvg%20xmlns%3D%27http%3A%2F%2Fwww.w3.org%2F2000%2Fsvg%27%20width%3D%2753%27%20height%3D%2753%27%20viewBox%3D%270%200%2053%2053%27%3E%3Crect%20width%3D%2753%27%20height%3D%2753%27%20fill-opacity%3D%220%22%2F%3E%3C%2Fsvg%3E\" data-orig-src=\"https:\/\/lh3.googleusercontent.com\/-0XaSr7tg_9w\/U_NB8PwotlI\/AAAAAAAAA2g\/QXaauIV8bCc\/s577-no\/logo.png\" height=\"53px\" width=\"53px\" \/><\/span><\/span><\/div>\n<\/div>\n<p style=\"text-align: center;\"><span style=\"color: #000000; font-size: 12pt; font-family: helvetica;\"><strong><span style=\"line-height: 25px; text-transform: uppercase; text-indent: 17pt;\">KISHA ORTHODHOKSE AUTOQEFALE E SHQIP\u00cbRIS\u00cb<\/span><span style=\"line-height: 25px; text-indent: 17pt;\"> <\/span> <\/strong> <\/span><\/p>\n<p style=\"text-align: center;\">&nbsp;<\/p>\n<p style=\"text-align: center;\"><span style=\"color: #000000; font-size: 12pt; font-family: helvetica;\"><strong>PROTEST<strong><span style=\"line-height: 25px; text-transform: uppercase; text-indent: 17pt;\">\u00cb<\/span> <\/strong> <\/strong> <\/span><span style=\"font-size: 12pt; font-family: helvetica;\"> <br \/><\/span><\/p>\n<p style=\"text-align: center;\">&nbsp;<\/p>\n<p style=\"text-align: justify;\"><span style=\"color: #000000; font-size: 12pt; font-family: helvetica;\">&nbsp;&nbsp;&nbsp; Kisha Orthodhokse Autoqefale e Shqip\u00ebris\u00eb proteston kund\u00ebr vendimit t\u00eb Qeveris\u00eb p\u00ebr t\u00eb hequr rrethimin e Kish\u00ebs Katedrale \u201cNgjallja e Krishtit\u201d n\u00eb qend\u00ebr t\u00eb Tiran\u00ebs. Ky veprim v\u00eb n\u00eb rrezik sigurin\u00eb e k\u00ebtij vendi t\u00eb shenjt\u00eb, ku vijn\u00eb njer\u00ebz t\u00eb \u00e7do moshe e n\u00eb m\u00ebnyr\u00eb t\u00eb ve\u00e7ant\u00eb shum\u00eb t\u00eb rinj dhe f\u00ebmij\u00eb.<\/span><\/p>\n<p style=\"text-align: justify;\"><span style=\"font-size: 12pt; font-family: helvetica;\"><\/span><span style=\"color: #000000; font-size: 12pt; font-family: helvetica;\">&nbsp;&nbsp;&nbsp; Kompleksi i Kish\u00ebs Katedrale ka tri hyrje n\u00eb katin e n\u00ebndhesh\u00ebm (at\u00eb t\u00eb Qendr\u00ebs Kulturore, sallat e rinis\u00eb dhe t\u00eb f\u00ebmij\u00ebve, si dhe sall\u00ebn e prezantimit t\u00eb librave). Ruajtja e gjith\u00eb k\u00ebtyre ambienteve b\u00ebhet pothuajse e pamundur pa pasur nj\u00eb rrethim elementar t\u00eb jasht\u00ebm, ve\u00e7an\u00ebrisht kur bie nata dhe n\u00eb kushtet e munges\u00ebs s\u00eb siguris\u00eb ku jetojm\u00eb sot.<\/span><span style=\"font-size: 12pt; font-family: helvetica;\"> <br \/><\/span><\/p>\n<p style=\"text-align: justify;\"><span style=\"color: #000000; font-size: 12pt; font-family: helvetica;\">&nbsp;&nbsp;&nbsp; Vendimi i Qeveris\u00eb u mor n\u00eb tetor 2014, pa informuar Kish\u00ebn Orthodhokse. Lajm\u00ebrimi i par\u00eb dhe d\u00ebrgimi i planit urbanistik iu b\u00eb Kish\u00ebs nga firma nd\u00ebrtuese q\u00eb mori p\u00ebrsip\u00ebr punimet, m\u00eb 12 janar 2015. M\u00eb 14 janar, u dha premtimi nga ana e Qeveris\u00eb se do t\u00eb hartohej nj\u00eb plan i ri, p\u00ebr t\u00eb cilin do t\u00eb ekzistonte nj\u00eb marr\u00ebveshje p\u00ebrfundimtare, ku do t\u00eb binin dakord t\u00eb dyja pal\u00ebt. Plani i ri q\u00eb u d\u00ebrgua vet\u00ebm n\u00eb fund t\u00eb muajit shkurtit n\u00eb 2\/3 e tij ishte i nj\u00ebjt\u00eb me at\u00eb t\u00eb m\u00ebparsh\u00ebm. P\u00ebrfaq\u00ebsuesi i Kish\u00ebs u p\u00ebrgjigj se nuk jemi plot\u00ebsisht dakord me planin e ri. M\u00eb 2 mars pun\u00ebtor\u00ebt e firm\u00ebs nd\u00ebrtuese, pa nj\u00eb njoftim zyrtar, pren\u00eb rrethimin me kangjella dhe shkul\u00ebn vargun e qiparisave dhe t\u00eb bim\u00ebve t\u00eb tjera dekorative t\u00eb an\u00ebs veriore t\u00eb kompleksit.<\/span><\/p>\n<p style=\"text-align: justify;\"><span style=\"font-size: 12pt; font-family: helvetica;\"><\/span><span style=\"color: #000000; font-size: 12pt; font-family: helvetica;\">&nbsp;&nbsp;&nbsp; Oborri i Kompleksit \u00ebsht\u00eb nj\u00ebkoh\u00ebsisht edhe tarraca e kateve t\u00eb n\u00ebndheshme t\u00eb Kompleksit ku ndodhen makineri t\u00eb shtrenjta t\u00eb ajrimit, depozita nafte dhe uji si dhe instalime komplekse elektrike. K\u00ebto nd\u00ebrhyrje arbitrare p\u00ebrb\u00ebjn\u00eb rrezik p\u00ebr sigurin\u00eb si t\u00eb sip\u00ebrfaqes s\u00eb oborrit, ashtu dhe t\u00eb kateve t\u00eb n\u00ebndheshme.<\/span><\/p>\n<p style=\"text-align: justify;\"><span style=\"font-size: 12pt; font-family: helvetica;\"><\/span><span style=\"color: #000000; font-size: 12pt; font-family: helvetica;\">&nbsp;&nbsp;&nbsp; K\u00ebto veprime vijn\u00eb n\u00eb kund\u00ebrshtim t\u00eb hapur me ligjin 10057\/ dat\u00eb 22.1.2009 \u201cMarr\u00ebveshja nd\u00ebrmjet K\u00ebshillit t\u00eb Ministrave dhe Kish\u00ebs Orthodhokse Autoqefale t\u00eb Shqip\u00ebris\u00eb\u201d q\u00eb garanton respektimin dhe mbrojtjen e vendeve t\u00eb shenjta t\u00eb Kish\u00ebs Orthodhokse. Jemi t\u00eb detyruar t\u00eb protestojm\u00eb kund\u00ebr k\u00ebtyre shkeljeve q\u00eb plagosin ndjenjat e t\u00eb krishter\u00ebve orthodhoks\u00eb dhe bashk\u00ebjetes\u00ebn paq\u00ebsore fetare.<\/span><\/p>\n<p style=\"text-align: right;\"><span style=\"font-size: 12pt; font-family: helvetica;\">&nbsp; <br \/><\/span><\/p>\n<p style=\"text-align: right;\"><span style=\"color: #000000; font-size: 12pt; font-family: helvetica;\"><strong>Tiran\u00eb, 4 mars 2015<\/strong><\/span><\/p>\n<p style=\"text-align: right;\">&nbsp;<\/p>\n<p style=\"text-align: center;\"><span style=\"font-size: 12pt; font-family: helvetica;\"><\/span><\/p>\n<p><span style=\"color: #000000; font-size: 12pt; font-family: helvetica;\"><img decoding=\"async\" class=\"lazyload HAa Eha cke-resize\" style=\"border-width: 1px; border-style: solid; margin: 10px auto; display: block;\" alt=\"\" src=\"data:image\/gif;base64,R0lGODlhAQABAAAAACH5BAEKAAEALAAAAAABAAEAAAICTAEAOw==\" data-orig-src=\"https:\/\/lh6.googleusercontent.com\/-zZim2sij3bM\/VPbpTBilAhI\/AAAAAAAAMEc\/-XL67TMwqIA\/w640-h427-no\/DSC_0256.JPG\" \/><\/span><\/p>\n<p><span style=\"color: #000000; font-size: 12pt; font-family: helvetica;\"><img decoding=\"async\" class=\"lazyload HAa Eha\" style=\"border-width: 1px; border-style: solid; margin: 10px auto; display: block;\" alt=\"\" src=\"data:image\/gif;base64,R0lGODlhAQABAAAAACH5BAEKAAEALAAAAAABAAEAAAICTAEAOw==\" data-orig-src=\"https:\/\/lh5.googleusercontent.com\/-TzzCixa1Zao\/VPbpTznJk7I\/AAAAAAAAMEs\/-iPcevjLYqQ\/w640-h427-no\/DSC_0277.JPG\" \/><\/span><\/p>\n<p><span style=\"color: #000000; font-size: 12pt; font-family: helvetica;\"><img decoding=\"async\" class=\"lazyload HAa Eha\" style=\"border-width: 1px; border-style: solid; margin: 10px auto; display: block;\" alt=\"\" src=\"data:image\/gif;base64,R0lGODlhAQABAAAAACH5BAEKAAEALAAAAAABAAEAAAICTAEAOw==\" data-orig-src=\"https:\/\/lh3.googleusercontent.com\/-Yg7LIQ48qmk\/VPbpT_JvJCI\/AAAAAAAAME0\/sqpPW-h35AE\/w640-h427-no\/DSC_0273.JPG\" \/><\/span><\/p>\n<p><span style=\"color: #000000; font-size: 12pt; font-family: helvetica;\"><img decoding=\"async\" class=\"lazyload HAa Eha\" style=\"border-width: 1px; border-style: solid; margin: 10px auto; display: block;\" alt=\"\" src=\"data:image\/gif;base64,R0lGODlhAQABAAAAACH5BAEKAAEALAAAAAABAAEAAAICTAEAOw==\" data-orig-src=\"https:\/\/lh6.googleusercontent.com\/-S3uzftGqCkg\/VPbpScrmfOI\/AAAAAAAAMEQ\/qfRB-3QQKTE\/w427-h640-no\/DSC_0207.JPG\" \/><\/span><\/p>\n<p><span style=\"color: #000000; font-size: 12pt; font-family: helvetica;\"><img decoding=\"async\" class=\"lazyload HAa Eha\" style=\"border-width: 1px; border-style: solid; margin: 10px auto; display: block;\" alt=\"\" src=\"data:image\/gif;base64,R0lGODlhAQABAAAAACH5BAEKAAEALAAAAAABAAEAAAICTAEAOw==\" data-orig-src=\"https:\/\/lh3.googleusercontent.com\/-K_68peTU5D0\/VPbpSutYfMI\/AAAAAAAAMEw\/SL8U4ApvYDM\/w640-h427-no\/DSC_0231.JPG\" \/><\/span><\/p>\n<p><span style=\"color: #000000; font-size: 12pt; font-family: helvetica;\"><img decoding=\"async\" class=\"lazyload HAa Eha\" style=\"border-width: 1px; border-style: solid; margin: 10px auto; display: block;\" alt=\"\" src=\"data:image\/svg+xml,%3Csvg%20xmlns%3D%27http%3A%2F%2Fwww.w3.org%2F2000%2Fsvg%27%20width%3D%27640%27%20height%3D%27480%27%20viewBox%3D%270%200%20640%20480%27%3E%3Crect%20width%3D%27640%27%20height%3D%27480%27%20fill-opacity%3D%220%22%2F%3E%3C%2Fsvg%3E\" data-orig-src=\"https:\/\/lh5.googleusercontent.com\/-L-D50CkB-Xs\/VPbpSpqyOYI\/AAAAAAAAME8\/ozfZkJwzS4w\/w958-h719-no\/905721_937846286225999_3635169110661242969_o.jpg\" height=\"480\" width=\"640\" \/><\/span><\/p>\n<p><span style=\"color: #000000; font-size: 12pt; font-family: helvetica;\"><img decoding=\"async\" class=\"lazyload HAa Eha\" style=\"border-width: 1px; border-style: solid; margin: 10px auto; display: block;\" alt=\"\" src=\"data:image\/gif;base64,R0lGODlhAQABAAAAACH5BAEKAAEALAAAAAABAAEAAAICTAEAOw==\" data-orig-src=\"https:\/\/lh3.googleusercontent.com\/-cvSUI8Oy9GQ\/VPbpTeblURI\/AAAAAAAAMEg\/mpO_5O6_4i8\/w640-h427-no\/DSC_0266.JPG\" \/><\/span><\/p>\n<p style=\"text-align: center;\"><span style=\"font-size: 12pt; font-family: helvetica;\"><\/span><\/p>\n<p id=\"ckimgrsz\" style=\"left: 362px; top: 485px;\">&nbsp;<\/p>\n<div class=\"preview\" style=\"text-align: center;\"><span style=\"font-size: 12pt; font-family: helvetica;\"><\/span><\/div>\n<p>&nbsp;<\/p>\n","protected":false},"excerpt":{"rendered":"<p>&nbsp; KISHA ORTHODHOKSE AUTOQEFALE E SHQIP\u00cbRIS\u00cb &nbsp; PROTEST\u00cb &nbsp; &nbsp;&nbsp;&nbsp; Kisha Orthodhokse Autoqefale e Shqip\u00ebris\u00eb proteston kund\u00ebr vendimit t\u00eb Qeveris\u00eb p\u00ebr t\u00eb hequr rrethimin e Kish\u00ebs Katedrale \u201cNgjallja e Krishtit\u201d n\u00eb qend\u00ebr t\u00eb Tiran\u00ebs. Ky veprim v\u00eb n\u00eb rrezik sigurin\u00eb e k\u00ebtij vendi t\u00eb shenjt\u00eb, ku vijn\u00eb njer\u00ebz t\u00eb \u00e7do moshe e n\u00eb m\u00ebnyr\u00eb t\u00eb ve\u00e7ant\u00eb shum\u00eb t\u00eb rinj dhe f\u00ebmij\u00eb. &nbsp;&nbsp;&nbsp; Kompleksi i Kish\u00ebs<\/p>\n","protected":false},"author":1,"featured_media":1146,"comment_status":"open","ping_status":"open","sticky":false,"template":"","format":"standard","meta":{"_acf_changed":false,"pagelayer_contact_templates":[],"_pagelayer_content":"","inline_featured_image":false,"fifu_image_url":"","fifu_image_alt":"","footnotes":""},"categories":[108],"tags":[139,153,184,196,212,203],"class_list":["post-1148","post","type-post","status-publish","format-standard","has-post-thumbnail","hentry","category-lajme","tag-139","tag-deklarata-njoftime-zyrtare-d75","tag-katedralja-ngjallja-e-krishtit-tirane","tag-tirane","tag-lajme-d27","tag-pergjigje-ndaj-akuzave"],"acf":[],"yoast_head":"<!-- This site is optimized with the Yoast SEO plugin v27.2 - https:\/\/yoast.com\/product\/yoast-seo-wordpress\/ -->\n<title>PROTEST\u00cb - P\u00ebr prishjen e rrethimit t\u00eb Katedrales s\u00eb Tiran\u00ebs - Kisha Orthodh\u03bfkse Autoqefale e Shqip\u00ebris\u00eb<\/title>\n<meta name=\"robots\" content=\"index, follow, max-snippet:-1, max-image-preview:large, max-video-preview:-1\" \/>\n<link rel=\"canonical\" href=\"https:\/\/orthodoxalbania.org\/2020\/2015\/03\/04\/proteste\/\" \/>\n<meta property=\"og:locale\" content=\"en_US\" \/>\n<meta property=\"og:type\" content=\"article\" \/>\n<meta property=\"og:title\" content=\"PROTEST\u00cb - P\u00ebr prishjen e rrethimit t\u00eb Katedrales s\u00eb Tiran\u00ebs - Kisha Orthodh\u03bfkse Autoqefale e Shqip\u00ebris\u00eb\" \/>\n<meta property=\"og:description\" content=\"&nbsp; KISHA ORTHODHOKSE AUTOQEFALE E SHQIP\u00cbRIS\u00cb &nbsp; PROTEST\u00cb &nbsp; &nbsp;&nbsp;&nbsp; Kisha Orthodhokse Autoqefale e Shqip\u00ebris\u00eb proteston kund\u00ebr vendimit t\u00eb Qeveris\u00eb p\u00ebr t\u00eb hequr rrethimin e Kish\u00ebs Katedrale \u201cNgjallja e Krishtit\u201d n\u00eb qend\u00ebr t\u00eb Tiran\u00ebs. Ky veprim v\u00eb n\u00eb rrezik sigurin\u00eb e k\u00ebtij vendi t\u00eb shenjt\u00eb, ku vijn\u00eb njer\u00ebz t\u00eb \u00e7do moshe e n\u00eb m\u00ebnyr\u00eb t\u00eb ve\u00e7ant\u00eb shum\u00eb t\u00eb rinj dhe f\u00ebmij\u00eb. &nbsp;&nbsp;&nbsp; Kompleksi i Kish\u00ebs\" \/>\n<meta property=\"og:url\" content=\"https:\/\/orthodoxalbania.org\/2020\/2015\/03\/04\/proteste\/\" \/>\n<meta property=\"og:site_name\" content=\"Kisha Orthodh\u03bfkse Autoqefale e Shqip\u00ebris\u00eb\" \/>\n<meta property=\"article:publisher\" content=\"https:\/\/www.facebook.com\/koash1991\" \/>\n<meta property=\"article:published_time\" content=\"2015-03-04T10:57:05+00:00\" \/>\n<meta property=\"article:modified_time\" content=\"2020-04-06T20:02:17+00:00\" \/>\n<meta property=\"og:image\" content=\"https:\/\/orthodoxalbania.org\/2020\/wp-content\/uploads\/2020\/04\/DSC_0256.JPG\" \/>\n\t<meta property=\"og:image:width\" content=\"150\" \/>\n\t<meta property=\"og:image:height\" content=\"150\" \/>\n\t<meta property=\"og:image:type\" content=\"image\/jpeg\" \/>\n<meta name=\"author\" content=\"Kisha Orthodhokse\" \/>\n<meta name=\"twitter:card\" content=\"summary_large_image\" \/>\n<meta name=\"twitter:label1\" content=\"Written by\" \/>\n\t<meta name=\"twitter:data1\" content=\"Kisha Orthodhokse\" \/>\n\t<meta name=\"twitter:label2\" content=\"Est. reading time\" \/>\n\t<meta name=\"twitter:data2\" content=\"2 minutes\" \/>\n<script type=\"application\/ld+json\" class=\"yoast-schema-graph\">{\"@context\":\"https:\/\/schema.org\",\"@graph\":[{\"@type\":\"Article\",\"@id\":\"https:\/\/orthodoxalbania.org\/2020\/2015\/03\/04\/proteste\/#article\",\"isPartOf\":{\"@id\":\"https:\/\/orthodoxalbania.org\/2020\/2015\/03\/04\/proteste\/\"},\"author\":{\"name\":\"Kisha Orthodhokse\",\"@id\":\"https:\/\/orthodoxalbania.org\/2020\/#\/schema\/person\/0c387634a7063ac612d7ed9ce71c7e86\"},\"headline\":\"PROTEST\u00cb &#8211; P\u00ebr prishjen e rrethimit t\u00eb Katedrales s\u00eb Tiran\u00ebs\",\"datePublished\":\"2015-03-04T10:57:05+00:00\",\"dateModified\":\"2020-04-06T20:02:17+00:00\",\"mainEntityOfPage\":{\"@id\":\"https:\/\/orthodoxalbania.org\/2020\/2015\/03\/04\/proteste\/\"},\"wordCount\":458,\"commentCount\":0,\"publisher\":{\"@id\":\"https:\/\/orthodoxalbania.org\/2020\/#organization\"},\"image\":{\"@id\":\"https:\/\/orthodoxalbania.org\/2020\/2015\/03\/04\/proteste\/#primaryimage\"},\"thumbnailUrl\":\"https:\/\/orthodoxalbania.org\/2020\/wp-content\/uploads\/2020\/04\/DSC_0256.JPG\",\"keywords\":[\"2015\",\"Deklarata - Njoftime Zyrtare\",\"Katedralja \u201cNgjallja e Krishtit\u201d Tiran\u00eb\",\"Kryepiskopata Tiran\u00eb\",\"lajme\",\"P\u00ebrgjigje ndaj akuzave\"],\"articleSection\":[\"Lajme\"],\"inLanguage\":\"en-US\"},{\"@type\":\"WebPage\",\"@id\":\"https:\/\/orthodoxalbania.org\/2020\/2015\/03\/04\/proteste\/\",\"url\":\"https:\/\/orthodoxalbania.org\/2020\/2015\/03\/04\/proteste\/\",\"name\":\"PROTEST\u00cb - P\u00ebr prishjen e rrethimit t\u00eb Katedrales s\u00eb Tiran\u00ebs - Kisha Orthodh\u03bfkse Autoqefale e Shqip\u00ebris\u00eb\",\"isPartOf\":{\"@id\":\"https:\/\/orthodoxalbania.org\/2020\/#website\"},\"primaryImageOfPage\":{\"@id\":\"https:\/\/orthodoxalbania.org\/2020\/2015\/03\/04\/proteste\/#primaryimage\"},\"image\":{\"@id\":\"https:\/\/orthodoxalbania.org\/2020\/2015\/03\/04\/proteste\/#primaryimage\"},\"thumbnailUrl\":\"https:\/\/orthodoxalbania.org\/2020\/wp-content\/uploads\/2020\/04\/DSC_0256.JPG\",\"datePublished\":\"2015-03-04T10:57:05+00:00\",\"dateModified\":\"2020-04-06T20:02:17+00:00\",\"breadcrumb\":{\"@id\":\"https:\/\/orthodoxalbania.org\/2020\/2015\/03\/04\/proteste\/#breadcrumb\"},\"inLanguage\":\"en-US\",\"potentialAction\":[{\"@type\":\"ReadAction\",\"target\":[\"https:\/\/orthodoxalbania.org\/2020\/2015\/03\/04\/proteste\/\"]}]},{\"@type\":\"ImageObject\",\"inLanguage\":\"en-US\",\"@id\":\"https:\/\/orthodoxalbania.org\/2020\/2015\/03\/04\/proteste\/#primaryimage\",\"url\":\"https:\/\/orthodoxalbania.org\/2020\/wp-content\/uploads\/2020\/04\/DSC_0256.JPG\",\"contentUrl\":\"https:\/\/orthodoxalbania.org\/2020\/wp-content\/uploads\/2020\/04\/DSC_0256.JPG\",\"width\":150,\"height\":150},{\"@type\":\"BreadcrumbList\",\"@id\":\"https:\/\/orthodoxalbania.org\/2020\/2015\/03\/04\/proteste\/#breadcrumb\",\"itemListElement\":[{\"@type\":\"ListItem\",\"position\":1,\"name\":\"Home\",\"item\":\"https:\/\/orthodoxalbania.org\/2020\/\"},{\"@type\":\"ListItem\",\"position\":2,\"name\":\"PROTEST\u00cb &#8211; P\u00ebr prishjen e rrethimit t\u00eb Katedrales s\u00eb Tiran\u00ebs\"}]},{\"@type\":\"WebSite\",\"@id\":\"https:\/\/orthodoxalbania.org\/2020\/#website\",\"url\":\"https:\/\/orthodoxalbania.org\/2020\/\",\"name\":\"Kisha Orthodh\u03bfkse Autoqefale e Shqip\u00ebris\u00eb\",\"description\":\"Fqja Zyrtare e Kish\u00ebs Orthodhokse Autoqefale e Shqip\u00ebris\u00eb me lajmet edhe informacionet zyrtare p\u00ebr struktur\u00ebn edhe veprimtarin e saj.\",\"publisher\":{\"@id\":\"https:\/\/orthodoxalbania.org\/2020\/#organization\"},\"potentialAction\":[{\"@type\":\"SearchAction\",\"target\":{\"@type\":\"EntryPoint\",\"urlTemplate\":\"https:\/\/orthodoxalbania.org\/2020\/?s={search_term_string}\"},\"query-input\":{\"@type\":\"PropertyValueSpecification\",\"valueRequired\":true,\"valueName\":\"search_term_string\"}}],\"inLanguage\":\"en-US\"},{\"@type\":\"Organization\",\"@id\":\"https:\/\/orthodoxalbania.org\/2020\/#organization\",\"name\":\"Kisha Orthodhokse Autoqefale e Shqip\u00ebris\u00eb\",\"url\":\"https:\/\/orthodoxalbania.org\/2020\/\",\"logo\":{\"@type\":\"ImageObject\",\"inLanguage\":\"en-US\",\"@id\":\"https:\/\/orthodoxalbania.org\/2020\/#\/schema\/logo\/image\/\",\"url\":\"https:\/\/orthodoxalbania.org\/2020\/wp-content\/uploads\/2020\/05\/albania.jpeg\",\"contentUrl\":\"https:\/\/orthodoxalbania.org\/2020\/wp-content\/uploads\/2020\/05\/albania.jpeg\",\"width\":540,\"height\":540,\"caption\":\"Kisha Orthodhokse Autoqefale e Shqip\u00ebris\u00eb\"},\"image\":{\"@id\":\"https:\/\/orthodoxalbania.org\/2020\/#\/schema\/logo\/image\/\"},\"sameAs\":[\"https:\/\/www.facebook.com\/koash1991\"]},{\"@type\":\"Person\",\"@id\":\"https:\/\/orthodoxalbania.org\/2020\/#\/schema\/person\/0c387634a7063ac612d7ed9ce71c7e86\",\"name\":\"Kisha Orthodhokse\",\"image\":{\"@type\":\"ImageObject\",\"inLanguage\":\"en-US\",\"@id\":\"https:\/\/secure.gravatar.com\/avatar\/596e7c417251e30f2fbb9c00e026fce61a695a00e51c889caded71c96cbbdde5?s=96&d=mm&r=g\",\"url\":\"https:\/\/secure.gravatar.com\/avatar\/596e7c417251e30f2fbb9c00e026fce61a695a00e51c889caded71c96cbbdde5?s=96&d=mm&r=g\",\"contentUrl\":\"https:\/\/secure.gravatar.com\/avatar\/596e7c417251e30f2fbb9c00e026fce61a695a00e51c889caded71c96cbbdde5?s=96&d=mm&r=g\",\"caption\":\"Kisha Orthodhokse\"}}]}<\/script>\n<!-- \/ Yoast SEO plugin. -->","yoast_head_json":{"title":"PROTEST\u00cb - P\u00ebr prishjen e rrethimit t\u00eb Katedrales s\u00eb Tiran\u00ebs - Kisha Orthodh\u03bfkse Autoqefale e Shqip\u00ebris\u00eb","robots":{"index":"index","follow":"follow","max-snippet":"max-snippet:-1","max-image-preview":"max-image-preview:large","max-video-preview":"max-video-preview:-1"},"canonical":"https:\/\/orthodoxalbania.org\/2020\/2015\/03\/04\/proteste\/","og_locale":"en_US","og_type":"article","og_title":"PROTEST\u00cb - P\u00ebr prishjen e rrethimit t\u00eb Katedrales s\u00eb Tiran\u00ebs - Kisha Orthodh\u03bfkse Autoqefale e Shqip\u00ebris\u00eb","og_description":"&nbsp; KISHA ORTHODHOKSE AUTOQEFALE E SHQIP\u00cbRIS\u00cb &nbsp; PROTEST\u00cb &nbsp; &nbsp;&nbsp;&nbsp; Kisha Orthodhokse Autoqefale e Shqip\u00ebris\u00eb proteston kund\u00ebr vendimit t\u00eb Qeveris\u00eb p\u00ebr t\u00eb hequr rrethimin e Kish\u00ebs Katedrale \u201cNgjallja e Krishtit\u201d n\u00eb qend\u00ebr t\u00eb Tiran\u00ebs. Ky veprim v\u00eb n\u00eb rrezik sigurin\u00eb e k\u00ebtij vendi t\u00eb shenjt\u00eb, ku vijn\u00eb njer\u00ebz t\u00eb \u00e7do moshe e n\u00eb m\u00ebnyr\u00eb t\u00eb ve\u00e7ant\u00eb shum\u00eb t\u00eb rinj dhe f\u00ebmij\u00eb. &nbsp;&nbsp;&nbsp; Kompleksi i Kish\u00ebs","og_url":"https:\/\/orthodoxalbania.org\/2020\/2015\/03\/04\/proteste\/","og_site_name":"Kisha Orthodh\u03bfkse Autoqefale e Shqip\u00ebris\u00eb","article_publisher":"https:\/\/www.facebook.com\/koash1991","article_published_time":"2015-03-04T10:57:05+00:00","article_modified_time":"2020-04-06T20:02:17+00:00","og_image":[{"width":150,"height":150,"url":"https:\/\/orthodoxalbania.org\/2020\/wp-content\/uploads\/2020\/04\/DSC_0256.JPG","type":"image\/jpeg"}],"author":"Kisha Orthodhokse","twitter_card":"summary_large_image","twitter_misc":{"Written by":"Kisha Orthodhokse","Est. reading time":"2 minutes"},"schema":{"@context":"https:\/\/schema.org","@graph":[{"@type":"Article","@id":"https:\/\/orthodoxalbania.org\/2020\/2015\/03\/04\/proteste\/#article","isPartOf":{"@id":"https:\/\/orthodoxalbania.org\/2020\/2015\/03\/04\/proteste\/"},"author":{"name":"Kisha Orthodhokse","@id":"https:\/\/orthodoxalbania.org\/2020\/#\/schema\/person\/0c387634a7063ac612d7ed9ce71c7e86"},"headline":"PROTEST\u00cb &#8211; P\u00ebr prishjen e rrethimit t\u00eb Katedrales s\u00eb Tiran\u00ebs","datePublished":"2015-03-04T10:57:05+00:00","dateModified":"2020-04-06T20:02:17+00:00","mainEntityOfPage":{"@id":"https:\/\/orthodoxalbania.org\/2020\/2015\/03\/04\/proteste\/"},"wordCount":458,"commentCount":0,"publisher":{"@id":"https:\/\/orthodoxalbania.org\/2020\/#organization"},"image":{"@id":"https:\/\/orthodoxalbania.org\/2020\/2015\/03\/04\/proteste\/#primaryimage"},"thumbnailUrl":"https:\/\/orthodoxalbania.org\/2020\/wp-content\/uploads\/2020\/04\/DSC_0256.JPG","keywords":["2015","Deklarata - Njoftime Zyrtare","Katedralja \u201cNgjallja e Krishtit\u201d Tiran\u00eb","Kryepiskopata Tiran\u00eb","lajme","P\u00ebrgjigje ndaj akuzave"],"articleSection":["Lajme"],"inLanguage":"en-US"},{"@type":"WebPage","@id":"https:\/\/orthodoxalbania.org\/2020\/2015\/03\/04\/proteste\/","url":"https:\/\/orthodoxalbania.org\/2020\/2015\/03\/04\/proteste\/","name":"PROTEST\u00cb - P\u00ebr prishjen e rrethimit t\u00eb Katedrales s\u00eb Tiran\u00ebs - Kisha Orthodh\u03bfkse Autoqefale e Shqip\u00ebris\u00eb","isPartOf":{"@id":"https:\/\/orthodoxalbania.org\/2020\/#website"},"primaryImageOfPage":{"@id":"https:\/\/orthodoxalbania.org\/2020\/2015\/03\/04\/proteste\/#primaryimage"},"image":{"@id":"https:\/\/orthodoxalbania.org\/2020\/2015\/03\/04\/proteste\/#primaryimage"},"thumbnailUrl":"https:\/\/orthodoxalbania.org\/2020\/wp-content\/uploads\/2020\/04\/DSC_0256.JPG","datePublished":"2015-03-04T10:57:05+00:00","dateModified":"2020-04-06T20:02:17+00:00","breadcrumb":{"@id":"https:\/\/orthodoxalbania.org\/2020\/2015\/03\/04\/proteste\/#breadcrumb"},"inLanguage":"en-US","potentialAction":[{"@type":"ReadAction","target":["https:\/\/orthodoxalbania.org\/2020\/2015\/03\/04\/proteste\/"]}]},{"@type":"ImageObject","inLanguage":"en-US","@id":"https:\/\/orthodoxalbania.org\/2020\/2015\/03\/04\/proteste\/#primaryimage","url":"https:\/\/orthodoxalbania.org\/2020\/wp-content\/uploads\/2020\/04\/DSC_0256.JPG","contentUrl":"https:\/\/orthodoxalbania.org\/2020\/wp-content\/uploads\/2020\/04\/DSC_0256.JPG","width":150,"height":150},{"@type":"BreadcrumbList","@id":"https:\/\/orthodoxalbania.org\/2020\/2015\/03\/04\/proteste\/#breadcrumb","itemListElement":[{"@type":"ListItem","position":1,"name":"Home","item":"https:\/\/orthodoxalbania.org\/2020\/"},{"@type":"ListItem","position":2,"name":"PROTEST\u00cb &#8211; P\u00ebr prishjen e rrethimit t\u00eb Katedrales s\u00eb Tiran\u00ebs"}]},{"@type":"WebSite","@id":"https:\/\/orthodoxalbania.org\/2020\/#website","url":"https:\/\/orthodoxalbania.org\/2020\/","name":"Kisha Orthodh\u03bfkse Autoqefale e Shqip\u00ebris\u00eb","description":"Fqja Zyrtare e Kish\u00ebs Orthodhokse Autoqefale e Shqip\u00ebris\u00eb me lajmet edhe informacionet zyrtare p\u00ebr struktur\u00ebn edhe veprimtarin e saj.","publisher":{"@id":"https:\/\/orthodoxalbania.org\/2020\/#organization"},"potentialAction":[{"@type":"SearchAction","target":{"@type":"EntryPoint","urlTemplate":"https:\/\/orthodoxalbania.org\/2020\/?s={search_term_string}"},"query-input":{"@type":"PropertyValueSpecification","valueRequired":true,"valueName":"search_term_string"}}],"inLanguage":"en-US"},{"@type":"Organization","@id":"https:\/\/orthodoxalbania.org\/2020\/#organization","name":"Kisha Orthodhokse Autoqefale e Shqip\u00ebris\u00eb","url":"https:\/\/orthodoxalbania.org\/2020\/","logo":{"@type":"ImageObject","inLanguage":"en-US","@id":"https:\/\/orthodoxalbania.org\/2020\/#\/schema\/logo\/image\/","url":"https:\/\/orthodoxalbania.org\/2020\/wp-content\/uploads\/2020\/05\/albania.jpeg","contentUrl":"https:\/\/orthodoxalbania.org\/2020\/wp-content\/uploads\/2020\/05\/albania.jpeg","width":540,"height":540,"caption":"Kisha Orthodhokse Autoqefale e Shqip\u00ebris\u00eb"},"image":{"@id":"https:\/\/orthodoxalbania.org\/2020\/#\/schema\/logo\/image\/"},"sameAs":["https:\/\/www.facebook.com\/koash1991"]},{"@type":"Person","@id":"https:\/\/orthodoxalbania.org\/2020\/#\/schema\/person\/0c387634a7063ac612d7ed9ce71c7e86","name":"Kisha Orthodhokse","image":{"@type":"ImageObject","inLanguage":"en-US","@id":"https:\/\/secure.gravatar.com\/avatar\/596e7c417251e30f2fbb9c00e026fce61a695a00e51c889caded71c96cbbdde5?s=96&d=mm&r=g","url":"https:\/\/secure.gravatar.com\/avatar\/596e7c417251e30f2fbb9c00e026fce61a695a00e51c889caded71c96cbbdde5?s=96&d=mm&r=g","contentUrl":"https:\/\/secure.gravatar.com\/avatar\/596e7c417251e30f2fbb9c00e026fce61a695a00e51c889caded71c96cbbdde5?s=96&d=mm&r=g","caption":"Kisha Orthodhokse"}}]}},"_links":{"self":[{"href":"https:\/\/orthodoxalbania.org\/2020\/wp-json\/wp\/v2\/posts\/1148","targetHints":{"allow":["GET"]}}],"collection":[{"href":"https:\/\/orthodoxalbania.org\/2020\/wp-json\/wp\/v2\/posts"}],"about":[{"href":"https:\/\/orthodoxalbania.org\/2020\/wp-json\/wp\/v2\/types\/post"}],"author":[{"embeddable":true,"href":"https:\/\/orthodoxalbania.org\/2020\/wp-json\/wp\/v2\/users\/1"}],"replies":[{"embeddable":true,"href":"https:\/\/orthodoxalbania.org\/2020\/wp-json\/wp\/v2\/comments?post=1148"}],"version-history":[{"count":1,"href":"https:\/\/orthodoxalbania.org\/2020\/wp-json\/wp\/v2\/posts\/1148\/revisions"}],"predecessor-version":[{"id":15026,"href":"https:\/\/orthodoxalbania.org\/2020\/wp-json\/wp\/v2\/posts\/1148\/revisions\/15026"}],"wp:featuredmedia":[{"embeddable":true,"href":"https:\/\/orthodoxalbania.org\/2020\/wp-json\/wp\/v2\/media\/1146"}],"wp:attachment":[{"href":"https:\/\/orthodoxalbania.org\/2020\/wp-json\/wp\/v2\/media?parent=1148"}],"wp:term":[{"taxonomy":"category","embeddable":true,"href":"https:\/\/orthodoxalbania.org\/2020\/wp-json\/wp\/v2\/categories?post=1148"},{"taxonomy":"post_tag","embeddable":true,"href":"https:\/\/orthodoxalbania.org\/2020\/wp-json\/wp\/v2\/tags?post=1148"}],"curies":[{"name":"wp","href":"https:\/\/api.w.org\/{rel}","templated":true}]}}