{"id":1144,"date":"2009-03-13T10:26:07","date_gmt":"2009-03-13T10:26:07","guid":{"rendered":""},"modified":"2020-04-06T22:35:08","modified_gmt":"2020-04-06T20:35:08","slug":"protagonistet-festojne-krishtlindjet","status":"publish","type":"post","link":"https:\/\/orthodoxalbania.org\/2020\/2009\/03\/13\/protagonistet-festojne-krishtlindjet\/","title":{"rendered":"Protagonist\u00ebt\u201d festojn\u00eb Krishtlindjet. (22 Dhjetor 2009)"},"content":{"rendered":"<div>&nbsp;<\/div>\n<table border=\"0\">\n<tbody>\n<tr>\n<td>\n<div><span style=\"font-family: tahoma,geneva,sans-serif;\"><span style=\"font-size: 12px;\"><span style=\"color: #000000;\"><img decoding=\"async\" class=\"lazyload HAa Eha\" style=\"height: 225px; width: 300px; border-width: 1px; border-style: solid; margin: 10px auto; display: block;\" alt=\"\" src=\"data:image\/gif;base64,R0lGODlhAQABAAAAACH5BAEKAAEALAAAAAABAAEAAAICTAEAOw==\" data-orig-src=\"https:\/\/lh4.googleusercontent.com\/-7gskOxO6Ldc\/U_2cvlvxzlI\/AAAAAAAABUk\/Vxx04NcoCvI\/w448-h336-no\/1.JPG\" \/><\/span><\/span><\/span><\/div>\n<\/td>\n<td>\n<div class=\"style3\" style=\"text-align: justify;\"><span style=\"font-family: tahoma,geneva,sans-serif;\"><span style=\"font-size: 12px;\"><span style=\"color: #000000;\">&nbsp;&nbsp;&nbsp;&nbsp; Fuqit\u00eb qiellore, nga dashuria dhe dhembshuria p\u00ebr njer\u00ebzit, g\u00ebzohen se erdhi Shp\u00ebtimtari. Me ket\u00eb g\u00ebzim, edhe \u201cengj\u00ebjt e vegj\u00ebl\u201d t\u00eb shkoll\u00ebs shqiptaro-amerikane \u201cProtagonist\u00ebt\u201d, n\u00eb Tiran\u00eb, e Kish\u00ebs son\u00eb, e prit\u00ebn fest\u00ebn e Krishtlindjeve me nj\u00eb program t\u00eb ve\u00e7ant\u00eb pasditen e 22 dhjetorit.<\/span><\/span><\/span><\/div>\n<div class=\"style3\" style=\"text-align: justify;\"> <span style=\"font-family: tahoma,geneva,sans-serif;\"><span style=\"font-size: 12px;\"><span style=\"color: #000000;\">&nbsp;&nbsp;&nbsp;&nbsp;&nbsp; Mes shum\u00eb t\u00eb ftuarve: klerik\u00eb, prind\u00ebr, t\u00eb rinj etj., n\u00eb ambientet e reja t\u00eb shkoll\u00ebs, pik\u00ebrisht n\u00eb katin e par\u00eb ku organizohen veprimtarit\u00eb kulturore, koncerti i p\u00ebrvitsh\u00ebm i nx\u00ebn\u00ebsve t\u00eb k\u00ebsaj shkolle dhuroi emocione t\u00eb ve\u00e7anta.<\/span><\/span><\/span><\/div>\n<\/td>\n<\/tr>\n<tr>\n<td>\n<div>\n<div class=\"style3\" style=\"text-align: justify;\"><span style=\"font-family: tahoma,geneva,sans-serif;\"><span style=\"font-size: 12px;\"><span style=\"color: #000000;\">&nbsp;&nbsp;&nbsp;&nbsp; Pema e stolisur, muret e ndri\u00e7uara dhe ngado zbukurime. Festa ndihej kudo, ve\u00e7an\u00ebrisht n\u00eb zemrat e f\u00ebmij\u00ebve.<span class=\"style13\"> Ata shprehin nj\u00eb g\u00ebzim t\u00eb madh dhe nj\u00eb ngaz\u00ebllim t\u00eb pap\u00ebrshkruar, nj\u00eb g\u00ebzim ku marrin pjes\u00eb t\u00eb gjith\u00eb. \u201cG\u00ebzuar Krishtlindjet\u201d, ishte ky urimi q\u00eb lexohej n\u00eb qend\u00ebr t\u00eb sken\u00ebs festive, e shoq\u00ebruar me dritat e bukura shum\u00ebngjyr\u00ebshe. Kjo atmosfer\u00eb nuk mund t\u00eb jet\u00eb asgj\u00eb tjet\u00ebr ve\u00e7se nj\u00eb prelud Krishtlindjesh.<\/span><\/span><\/span><\/span><\/div>\n<\/div>\n<\/td>\n<td>\n<div><span style=\"font-family: tahoma,geneva,sans-serif;\"><span style=\"font-size: 12px;\"><span style=\"color: #000000;\"><img decoding=\"async\" class=\"lazyload HAa Eha\" style=\"height: 225px; width: 300px; border-width: 1px; border-style: solid; margin: 10px auto; display: block;\" alt=\"\" src=\"data:image\/gif;base64,R0lGODlhAQABAAAAACH5BAEKAAEALAAAAAABAAEAAAICTAEAOw==\" data-orig-src=\"https:\/\/lh5.googleusercontent.com\/-M5KsL6h6JMc\/U_2cvnleo4I\/AAAAAAAABUo\/UlZnALkLKMY\/w448-h336-no\/2.JPG\" \/><\/span><\/span><\/span><\/div>\n<\/td>\n<\/tr>\n<tr>\n<td>\n<div><span style=\"font-family: tahoma,geneva,sans-serif;\"><span style=\"font-size: 12px;\"><span style=\"color: #000000;\"><img decoding=\"async\" class=\"lazyload HAa Eha\" style=\"height: 225px; width: 300px; border-width: 1px; border-style: solid; margin: 10px auto; display: block;\" alt=\"\" src=\"data:image\/gif;base64,R0lGODlhAQABAAAAACH5BAEKAAEALAAAAAABAAEAAAICTAEAOw==\" data-orig-src=\"https:\/\/lh3.googleusercontent.com\/-J-7RDrHBJkc\/U_2cvV_7w9I\/AAAAAAAABUY\/D5Kh1GtPfkM\/w448-h336-no\/3.JPG\" \/><\/span><\/span><\/span><\/div>\n<\/td>\n<td>\n<div>\n<div class=\"style3\" style=\"text-align: justify;\"><span style=\"font-family: tahoma,geneva,sans-serif;\"><span style=\"font-size: 12px;\"><span style=\"color: #000000;\">&nbsp;&nbsp;&nbsp;&nbsp; Programi nisi me p\u00ebrcjelljen e mesazheve nga ana e f\u00ebmij\u00ebve si p\u00ebr t\u2019i lajm\u00ebruar njer\u00ebzit se po afrojn\u00eb Krishtlindjet dhe duhet t\u00eb b\u00ebhen gati, duke i shtuar k\u00ebshtu edhe m\u00eb shum\u00eb g\u00ebzimin k\u00ebsaj feste.<\/span><\/span><\/span><\/div>\n<div class=\"style3\" style=\"text-align: justify;\"> <span style=\"font-family: tahoma,geneva,sans-serif;\"><span style=\"font-size: 12px;\"><span style=\"color: #000000;\">&nbsp;&nbsp;&nbsp;&nbsp;&nbsp; N\u00eb vazhdim, nx\u00ebn\u00ebsit e k\u00ebsaj shkolle k\u00ebnduan k\u00ebng\u00eb, recituan poezi, luajt\u00ebn n\u00eb piano, duke treguar se \u00e7far\u00eb kishin m\u00ebsuar gjat\u00eb gjith\u00eb vitit n\u00eb gjuh\u00ebn shqip, anglisht dhe greqisht dhe duke shprehur nj\u00ebkoh\u00ebsisht edhe talentet e tyre n\u00eb fusha t\u00eb ndryshme.<\/span><\/span><\/span><\/div>\n<\/div>\n<\/td>\n<\/tr>\n<tr>\n<td>\n<div>\n<div class=\"style3\" style=\"text-align: justify;\"><span style=\"font-family: tahoma,geneva,sans-serif;\"><span style=\"font-size: 12px;\"><span style=\"color: #000000;\">&nbsp;&nbsp;&nbsp;&nbsp; Ata mor\u00ebn shum\u00eb p\u00ebrg\u00ebzime dhe duartrokitje, duke u p\u00ebrcjell\u00eb me dashamir\u00ebsi nga t\u00eb gjith\u00eb t\u00eb pranishmit p\u00ebr kuraj\u00ebn, shpres\u00ebtarin\u00eb dhe dashurin\u00eb q\u00eb shprehnin p\u00ebr Krishtin foshnje, n\u00eb \u00e7do pjes\u00eb interpretimi.<\/span><\/span><\/span><\/div>\n<\/div>\n<\/td>\n<td>\n<div><span style=\"font-family: tahoma,geneva,sans-serif;\"><span style=\"font-size: 12px;\"><span style=\"color: #000000;\"><img decoding=\"async\" class=\"lazyload HAa Eha\" style=\"height: 225px; width: 300px; border-width: 1px; border-style: solid; margin: 10px auto; display: block;\" alt=\"\" src=\"data:image\/gif;base64,R0lGODlhAQABAAAAACH5BAEKAAEALAAAAAABAAEAAAICTAEAOw==\" data-orig-src=\"https:\/\/lh6.googleusercontent.com\/-RDDi8xgIvK8\/U_2cwJ0RlTI\/AAAAAAAABUc\/tZ8K41cijTQ\/w448-h336-no\/4.JPG\" \/><\/span><\/span><\/span><\/div>\n<\/td>\n<\/tr>\n<tr>\n<td>\n<div><span style=\"font-family: tahoma,geneva,sans-serif;\"><span style=\"font-size: 12px;\"><span style=\"color: #000000;\"><img decoding=\"async\" class=\"lazyload HAa Eha\" style=\"height: 225px; width: 300px; border-width: 1px; border-style: solid; margin: 10px auto; display: block;\" alt=\"\" src=\"data:image\/gif;base64,R0lGODlhAQABAAAAACH5BAEKAAEALAAAAAABAAEAAAICTAEAOw==\" data-orig-src=\"https:\/\/lh5.googleusercontent.com\/-IYq4AjmnKzs\/U_2cwS_FeyI\/AAAAAAAABUs\/DR6seXA0P8I\/w448-h336-no\/5.JPG\" \/><\/span><\/span><\/span><\/div>\n<\/td>\n<td>\n<div><span style=\"font-family: tahoma,geneva,sans-serif;\"><span style=\"font-size: 12px;\"><span style=\"color: #000000;\"><img decoding=\"async\" class=\"lazyload HAa Eha\" style=\"height: 225px; width: 300px; border-width: 1px; border-style: solid; margin: 10px auto; display: block;\" alt=\"\" src=\"data:image\/gif;base64,R0lGODlhAQABAAAAACH5BAEKAAEALAAAAAABAAEAAAICTAEAOw==\" data-orig-src=\"https:\/\/lh4.googleusercontent.com\/-HUkQNpXgXII\/U_2cw7domZI\/AAAAAAAABU8\/CgCBpuvoLKM\/w448-h336-no\/6.JPG\" \/><\/span><\/span><\/span><\/div>\n<\/td>\n<\/tr>\n<tr>\n<td>\n<div><span style=\"font-family: tahoma,geneva,sans-serif;\"><span style=\"font-size: 12px;\"><span style=\"color: #000000;\"><img decoding=\"async\" class=\"lazyload HAa Eha\" style=\"height: 225px; width: 300px; border-width: 1px; border-style: solid; margin: 10px auto; display: block;\" alt=\"\" src=\"data:image\/gif;base64,R0lGODlhAQABAAAAACH5BAEKAAEALAAAAAABAAEAAAICTAEAOw==\" data-orig-src=\"https:\/\/lh5.googleusercontent.com\/-Y_3_z7F6uVM\/U_2cxvv0DrI\/AAAAAAAABU4\/gkdXguiwmpI\/w448-h336-no\/7.JPG\" \/><\/span><\/span><\/span><\/div>\n<\/td>\n<td>\n<div><span style=\"font-family: tahoma,geneva,sans-serif;\"><span style=\"font-size: 12px;\"><span style=\"color: #000000;\"><img decoding=\"async\" class=\"lazyload HAa Eha\" style=\"height: 225px; width: 300px; border-width: 1px; border-style: solid; margin: 10px auto; display: block;\" alt=\"\" src=\"data:image\/gif;base64,R0lGODlhAQABAAAAACH5BAEKAAEALAAAAAABAAEAAAICTAEAOw==\" data-orig-src=\"https:\/\/lh6.googleusercontent.com\/-l_ik3FGjPzw\/U_2cykWx1QI\/AAAAAAAABVE\/cqBAkcXiUgU\/w448-h336-no\/8.JPG\" \/><\/span><\/span><\/span><\/div>\n<\/td>\n<\/tr>\n<tr>\n<td>\n<div><span style=\"color: #000000;\"><span style=\"font-family: tahoma,geneva,sans-serif;\"><span style=\"font-size: 12px;\"><strong>Isidor Koti<\/strong><\/span><\/span><\/span><\/div>\n<\/td>\n<td>\n<div>&nbsp;<\/div>\n<\/td>\n<\/tr>\n<\/tbody>\n<\/table>\n","protected":false},"excerpt":{"rendered":"<p>&nbsp; &nbsp;&nbsp;&nbsp;&nbsp; Fuqit\u00eb qiellore, nga dashuria dhe dhembshuria p\u00ebr njer\u00ebzit, g\u00ebzohen se erdhi Shp\u00ebtimtari. Me ket\u00eb g\u00ebzim, edhe \u201cengj\u00ebjt e vegj\u00ebl\u201d t\u00eb shkoll\u00ebs shqiptaro-amerikane \u201cProtagonist\u00ebt\u201d, n\u00eb Tiran\u00eb, e Kish\u00ebs son\u00eb, e prit\u00ebn fest\u00ebn e Krishtlindjeve me nj\u00eb program t\u00eb ve\u00e7ant\u00eb pasditen e 22 dhjetorit. &nbsp;&nbsp;&nbsp;&nbsp;&nbsp; Mes shum\u00eb t\u00eb ftuarve: klerik\u00eb, prind\u00ebr, t\u00eb rinj etj., n\u00eb ambientet e reja t\u00eb shkoll\u00ebs, pik\u00ebrisht n\u00eb katin e par\u00eb<\/p>\n","protected":false},"author":1,"featured_media":0,"comment_status":"open","ping_status":"open","sticky":false,"template":"","format":"standard","meta":{"_acf_changed":false,"pagelayer_contact_templates":[],"_pagelayer_content":"","inline_featured_image":false,"fifu_image_url":"","fifu_image_alt":"","footnotes":""},"categories":[108],"tags":[145,175,192,196,212],"class_list":["post-1144","post","type-post","status-publish","format-standard","hentry","category-lajme","tag-145","tag-institucione-parashkollore-te-kishes-orthodhokse","tag-krishtlindje","tag-tirane","tag-lajme-d27"],"acf":[],"yoast_head":"<!-- This site is optimized with the Yoast SEO plugin v27.2 - https:\/\/yoast.com\/product\/yoast-seo-wordpress\/ -->\n<title>Protagonist\u00ebt\u201d festojn\u00eb Krishtlindjet. (22 Dhjetor 2009) - Kisha Orthodh\u03bfkse Autoqefale e Shqip\u00ebris\u00eb<\/title>\n<meta name=\"robots\" content=\"index, follow, max-snippet:-1, max-image-preview:large, max-video-preview:-1\" \/>\n<link rel=\"canonical\" href=\"https:\/\/orthodoxalbania.org\/2020\/2009\/03\/13\/protagonistet-festojne-krishtlindjet\/\" \/>\n<meta property=\"og:locale\" content=\"en_US\" \/>\n<meta property=\"og:type\" content=\"article\" \/>\n<meta property=\"og:title\" content=\"Protagonist\u00ebt\u201d festojn\u00eb Krishtlindjet. (22 Dhjetor 2009) - Kisha Orthodh\u03bfkse Autoqefale e Shqip\u00ebris\u00eb\" \/>\n<meta property=\"og:description\" content=\"&nbsp; &nbsp;&nbsp;&nbsp;&nbsp; Fuqit\u00eb qiellore, nga dashuria dhe dhembshuria p\u00ebr njer\u00ebzit, g\u00ebzohen se erdhi Shp\u00ebtimtari. Me ket\u00eb g\u00ebzim, edhe \u201cengj\u00ebjt e vegj\u00ebl\u201d t\u00eb shkoll\u00ebs shqiptaro-amerikane \u201cProtagonist\u00ebt\u201d, n\u00eb Tiran\u00eb, e Kish\u00ebs son\u00eb, e prit\u00ebn fest\u00ebn e Krishtlindjeve me nj\u00eb program t\u00eb ve\u00e7ant\u00eb pasditen e 22 dhjetorit. &nbsp;&nbsp;&nbsp;&nbsp;&nbsp; Mes shum\u00eb t\u00eb ftuarve: klerik\u00eb, prind\u00ebr, t\u00eb rinj etj., n\u00eb ambientet e reja t\u00eb shkoll\u00ebs, pik\u00ebrisht n\u00eb katin e par\u00eb\" \/>\n<meta property=\"og:url\" content=\"https:\/\/orthodoxalbania.org\/2020\/2009\/03\/13\/protagonistet-festojne-krishtlindjet\/\" \/>\n<meta property=\"og:site_name\" content=\"Kisha Orthodh\u03bfkse Autoqefale e Shqip\u00ebris\u00eb\" \/>\n<meta property=\"article:publisher\" content=\"https:\/\/www.facebook.com\/koash1991\" \/>\n<meta property=\"article:published_time\" content=\"2009-03-13T10:26:07+00:00\" \/>\n<meta property=\"article:modified_time\" content=\"2020-04-06T20:35:08+00:00\" \/>\n<meta property=\"og:image\" content=\"https:\/\/lh4.googleusercontent.com\/-7gskOxO6Ldc\/U_2cvlvxzlI\/AAAAAAAABUk\/Vxx04NcoCvI\/w448-h336-no\/1.JPG\" \/>\n<meta name=\"author\" content=\"Kisha Orthodhokse\" \/>\n<meta name=\"twitter:card\" content=\"summary_large_image\" \/>\n<meta name=\"twitter:label1\" content=\"Written by\" \/>\n\t<meta name=\"twitter:data1\" content=\"Kisha Orthodhokse\" \/>\n\t<meta name=\"twitter:label2\" content=\"Est. reading time\" \/>\n\t<meta name=\"twitter:data2\" content=\"2 minutes\" \/>\n<script type=\"application\/ld+json\" class=\"yoast-schema-graph\">{\"@context\":\"https:\/\/schema.org\",\"@graph\":[{\"@type\":\"Article\",\"@id\":\"https:\/\/orthodoxalbania.org\/2020\/2009\/03\/13\/protagonistet-festojne-krishtlindjet\/#article\",\"isPartOf\":{\"@id\":\"https:\/\/orthodoxalbania.org\/2020\/2009\/03\/13\/protagonistet-festojne-krishtlindjet\/\"},\"author\":{\"name\":\"Kisha Orthodhokse\",\"@id\":\"https:\/\/orthodoxalbania.org\/2020\/#\/schema\/person\/0c387634a7063ac612d7ed9ce71c7e86\"},\"headline\":\"Protagonist\u00ebt\u201d festojn\u00eb Krishtlindjet. (22 Dhjetor 2009)\",\"datePublished\":\"2009-03-13T10:26:07+00:00\",\"dateModified\":\"2020-04-06T20:35:08+00:00\",\"mainEntityOfPage\":{\"@id\":\"https:\/\/orthodoxalbania.org\/2020\/2009\/03\/13\/protagonistet-festojne-krishtlindjet\/\"},\"wordCount\":351,\"commentCount\":0,\"publisher\":{\"@id\":\"https:\/\/orthodoxalbania.org\/2020\/#organization\"},\"image\":{\"@id\":\"https:\/\/orthodoxalbania.org\/2020\/2009\/03\/13\/protagonistet-festojne-krishtlindjet\/#primaryimage\"},\"thumbnailUrl\":\"https:\/\/lh4.googleusercontent.com\/-7gskOxO6Ldc\/U_2cvlvxzlI\/AAAAAAAABUk\/Vxx04NcoCvI\/w448-h336-no\/1.JPG\",\"keywords\":[\"2009\",\"Institucione Parashkollore t\u00eb Kish\u00ebs Orthodhokse\",\"Krishtlindje\",\"Kryepiskopata Tiran\u00eb\",\"lajme\"],\"articleSection\":[\"Lajme\"],\"inLanguage\":\"en-US\"},{\"@type\":\"WebPage\",\"@id\":\"https:\/\/orthodoxalbania.org\/2020\/2009\/03\/13\/protagonistet-festojne-krishtlindjet\/\",\"url\":\"https:\/\/orthodoxalbania.org\/2020\/2009\/03\/13\/protagonistet-festojne-krishtlindjet\/\",\"name\":\"Protagonist\u00ebt\u201d festojn\u00eb Krishtlindjet. (22 Dhjetor 2009) - Kisha Orthodh\u03bfkse Autoqefale e Shqip\u00ebris\u00eb\",\"isPartOf\":{\"@id\":\"https:\/\/orthodoxalbania.org\/2020\/#website\"},\"primaryImageOfPage\":{\"@id\":\"https:\/\/orthodoxalbania.org\/2020\/2009\/03\/13\/protagonistet-festojne-krishtlindjet\/#primaryimage\"},\"image\":{\"@id\":\"https:\/\/orthodoxalbania.org\/2020\/2009\/03\/13\/protagonistet-festojne-krishtlindjet\/#primaryimage\"},\"thumbnailUrl\":\"https:\/\/lh4.googleusercontent.com\/-7gskOxO6Ldc\/U_2cvlvxzlI\/AAAAAAAABUk\/Vxx04NcoCvI\/w448-h336-no\/1.JPG\",\"datePublished\":\"2009-03-13T10:26:07+00:00\",\"dateModified\":\"2020-04-06T20:35:08+00:00\",\"breadcrumb\":{\"@id\":\"https:\/\/orthodoxalbania.org\/2020\/2009\/03\/13\/protagonistet-festojne-krishtlindjet\/#breadcrumb\"},\"inLanguage\":\"en-US\",\"potentialAction\":[{\"@type\":\"ReadAction\",\"target\":[\"https:\/\/orthodoxalbania.org\/2020\/2009\/03\/13\/protagonistet-festojne-krishtlindjet\/\"]}]},{\"@type\":\"ImageObject\",\"inLanguage\":\"en-US\",\"@id\":\"https:\/\/orthodoxalbania.org\/2020\/2009\/03\/13\/protagonistet-festojne-krishtlindjet\/#primaryimage\",\"url\":\"https:\/\/lh4.googleusercontent.com\/-7gskOxO6Ldc\/U_2cvlvxzlI\/AAAAAAAABUk\/Vxx04NcoCvI\/w448-h336-no\/1.JPG\",\"contentUrl\":\"https:\/\/lh4.googleusercontent.com\/-7gskOxO6Ldc\/U_2cvlvxzlI\/AAAAAAAABUk\/Vxx04NcoCvI\/w448-h336-no\/1.JPG\"},{\"@type\":\"BreadcrumbList\",\"@id\":\"https:\/\/orthodoxalbania.org\/2020\/2009\/03\/13\/protagonistet-festojne-krishtlindjet\/#breadcrumb\",\"itemListElement\":[{\"@type\":\"ListItem\",\"position\":1,\"name\":\"Home\",\"item\":\"https:\/\/orthodoxalbania.org\/2020\/\"},{\"@type\":\"ListItem\",\"position\":2,\"name\":\"Protagonist\u00ebt\u201d festojn\u00eb Krishtlindjet. (22 Dhjetor 2009)\"}]},{\"@type\":\"WebSite\",\"@id\":\"https:\/\/orthodoxalbania.org\/2020\/#website\",\"url\":\"https:\/\/orthodoxalbania.org\/2020\/\",\"name\":\"Kisha Orthodh\u03bfkse Autoqefale e Shqip\u00ebris\u00eb\",\"description\":\"Fqja Zyrtare e Kish\u00ebs Orthodhokse Autoqefale e Shqip\u00ebris\u00eb me lajmet edhe informacionet zyrtare p\u00ebr struktur\u00ebn edhe veprimtarin e saj.\",\"publisher\":{\"@id\":\"https:\/\/orthodoxalbania.org\/2020\/#organization\"},\"potentialAction\":[{\"@type\":\"SearchAction\",\"target\":{\"@type\":\"EntryPoint\",\"urlTemplate\":\"https:\/\/orthodoxalbania.org\/2020\/?s={search_term_string}\"},\"query-input\":{\"@type\":\"PropertyValueSpecification\",\"valueRequired\":true,\"valueName\":\"search_term_string\"}}],\"inLanguage\":\"en-US\"},{\"@type\":\"Organization\",\"@id\":\"https:\/\/orthodoxalbania.org\/2020\/#organization\",\"name\":\"Kisha Orthodhokse Autoqefale e Shqip\u00ebris\u00eb\",\"url\":\"https:\/\/orthodoxalbania.org\/2020\/\",\"logo\":{\"@type\":\"ImageObject\",\"inLanguage\":\"en-US\",\"@id\":\"https:\/\/orthodoxalbania.org\/2020\/#\/schema\/logo\/image\/\",\"url\":\"https:\/\/orthodoxalbania.org\/2020\/wp-content\/uploads\/2020\/05\/albania.jpeg\",\"contentUrl\":\"https:\/\/orthodoxalbania.org\/2020\/wp-content\/uploads\/2020\/05\/albania.jpeg\",\"width\":540,\"height\":540,\"caption\":\"Kisha Orthodhokse Autoqefale e Shqip\u00ebris\u00eb\"},\"image\":{\"@id\":\"https:\/\/orthodoxalbania.org\/2020\/#\/schema\/logo\/image\/\"},\"sameAs\":[\"https:\/\/www.facebook.com\/koash1991\"]},{\"@type\":\"Person\",\"@id\":\"https:\/\/orthodoxalbania.org\/2020\/#\/schema\/person\/0c387634a7063ac612d7ed9ce71c7e86\",\"name\":\"Kisha Orthodhokse\",\"image\":{\"@type\":\"ImageObject\",\"inLanguage\":\"en-US\",\"@id\":\"https:\/\/secure.gravatar.com\/avatar\/596e7c417251e30f2fbb9c00e026fce61a695a00e51c889caded71c96cbbdde5?s=96&d=mm&r=g\",\"url\":\"https:\/\/secure.gravatar.com\/avatar\/596e7c417251e30f2fbb9c00e026fce61a695a00e51c889caded71c96cbbdde5?s=96&d=mm&r=g\",\"contentUrl\":\"https:\/\/secure.gravatar.com\/avatar\/596e7c417251e30f2fbb9c00e026fce61a695a00e51c889caded71c96cbbdde5?s=96&d=mm&r=g\",\"caption\":\"Kisha Orthodhokse\"}}]}<\/script>\n<!-- \/ Yoast SEO plugin. -->","yoast_head_json":{"title":"Protagonist\u00ebt\u201d festojn\u00eb Krishtlindjet. (22 Dhjetor 2009) - Kisha Orthodh\u03bfkse Autoqefale e Shqip\u00ebris\u00eb","robots":{"index":"index","follow":"follow","max-snippet":"max-snippet:-1","max-image-preview":"max-image-preview:large","max-video-preview":"max-video-preview:-1"},"canonical":"https:\/\/orthodoxalbania.org\/2020\/2009\/03\/13\/protagonistet-festojne-krishtlindjet\/","og_locale":"en_US","og_type":"article","og_title":"Protagonist\u00ebt\u201d festojn\u00eb Krishtlindjet. (22 Dhjetor 2009) - Kisha Orthodh\u03bfkse Autoqefale e Shqip\u00ebris\u00eb","og_description":"&nbsp; &nbsp;&nbsp;&nbsp;&nbsp; Fuqit\u00eb qiellore, nga dashuria dhe dhembshuria p\u00ebr njer\u00ebzit, g\u00ebzohen se erdhi Shp\u00ebtimtari. Me ket\u00eb g\u00ebzim, edhe \u201cengj\u00ebjt e vegj\u00ebl\u201d t\u00eb shkoll\u00ebs shqiptaro-amerikane \u201cProtagonist\u00ebt\u201d, n\u00eb Tiran\u00eb, e Kish\u00ebs son\u00eb, e prit\u00ebn fest\u00ebn e Krishtlindjeve me nj\u00eb program t\u00eb ve\u00e7ant\u00eb pasditen e 22 dhjetorit. &nbsp;&nbsp;&nbsp;&nbsp;&nbsp; Mes shum\u00eb t\u00eb ftuarve: klerik\u00eb, prind\u00ebr, t\u00eb rinj etj., n\u00eb ambientet e reja t\u00eb shkoll\u00ebs, pik\u00ebrisht n\u00eb katin e par\u00eb","og_url":"https:\/\/orthodoxalbania.org\/2020\/2009\/03\/13\/protagonistet-festojne-krishtlindjet\/","og_site_name":"Kisha Orthodh\u03bfkse Autoqefale e Shqip\u00ebris\u00eb","article_publisher":"https:\/\/www.facebook.com\/koash1991","article_published_time":"2009-03-13T10:26:07+00:00","article_modified_time":"2020-04-06T20:35:08+00:00","og_image":[{"url":"https:\/\/lh4.googleusercontent.com\/-7gskOxO6Ldc\/U_2cvlvxzlI\/AAAAAAAABUk\/Vxx04NcoCvI\/w448-h336-no\/1.JPG","type":"","width":"","height":""}],"author":"Kisha Orthodhokse","twitter_card":"summary_large_image","twitter_misc":{"Written by":"Kisha Orthodhokse","Est. reading time":"2 minutes"},"schema":{"@context":"https:\/\/schema.org","@graph":[{"@type":"Article","@id":"https:\/\/orthodoxalbania.org\/2020\/2009\/03\/13\/protagonistet-festojne-krishtlindjet\/#article","isPartOf":{"@id":"https:\/\/orthodoxalbania.org\/2020\/2009\/03\/13\/protagonistet-festojne-krishtlindjet\/"},"author":{"name":"Kisha Orthodhokse","@id":"https:\/\/orthodoxalbania.org\/2020\/#\/schema\/person\/0c387634a7063ac612d7ed9ce71c7e86"},"headline":"Protagonist\u00ebt\u201d festojn\u00eb Krishtlindjet. (22 Dhjetor 2009)","datePublished":"2009-03-13T10:26:07+00:00","dateModified":"2020-04-06T20:35:08+00:00","mainEntityOfPage":{"@id":"https:\/\/orthodoxalbania.org\/2020\/2009\/03\/13\/protagonistet-festojne-krishtlindjet\/"},"wordCount":351,"commentCount":0,"publisher":{"@id":"https:\/\/orthodoxalbania.org\/2020\/#organization"},"image":{"@id":"https:\/\/orthodoxalbania.org\/2020\/2009\/03\/13\/protagonistet-festojne-krishtlindjet\/#primaryimage"},"thumbnailUrl":"https:\/\/lh4.googleusercontent.com\/-7gskOxO6Ldc\/U_2cvlvxzlI\/AAAAAAAABUk\/Vxx04NcoCvI\/w448-h336-no\/1.JPG","keywords":["2009","Institucione Parashkollore t\u00eb Kish\u00ebs Orthodhokse","Krishtlindje","Kryepiskopata Tiran\u00eb","lajme"],"articleSection":["Lajme"],"inLanguage":"en-US"},{"@type":"WebPage","@id":"https:\/\/orthodoxalbania.org\/2020\/2009\/03\/13\/protagonistet-festojne-krishtlindjet\/","url":"https:\/\/orthodoxalbania.org\/2020\/2009\/03\/13\/protagonistet-festojne-krishtlindjet\/","name":"Protagonist\u00ebt\u201d festojn\u00eb Krishtlindjet. (22 Dhjetor 2009) - Kisha Orthodh\u03bfkse Autoqefale e Shqip\u00ebris\u00eb","isPartOf":{"@id":"https:\/\/orthodoxalbania.org\/2020\/#website"},"primaryImageOfPage":{"@id":"https:\/\/orthodoxalbania.org\/2020\/2009\/03\/13\/protagonistet-festojne-krishtlindjet\/#primaryimage"},"image":{"@id":"https:\/\/orthodoxalbania.org\/2020\/2009\/03\/13\/protagonistet-festojne-krishtlindjet\/#primaryimage"},"thumbnailUrl":"https:\/\/lh4.googleusercontent.com\/-7gskOxO6Ldc\/U_2cvlvxzlI\/AAAAAAAABUk\/Vxx04NcoCvI\/w448-h336-no\/1.JPG","datePublished":"2009-03-13T10:26:07+00:00","dateModified":"2020-04-06T20:35:08+00:00","breadcrumb":{"@id":"https:\/\/orthodoxalbania.org\/2020\/2009\/03\/13\/protagonistet-festojne-krishtlindjet\/#breadcrumb"},"inLanguage":"en-US","potentialAction":[{"@type":"ReadAction","target":["https:\/\/orthodoxalbania.org\/2020\/2009\/03\/13\/protagonistet-festojne-krishtlindjet\/"]}]},{"@type":"ImageObject","inLanguage":"en-US","@id":"https:\/\/orthodoxalbania.org\/2020\/2009\/03\/13\/protagonistet-festojne-krishtlindjet\/#primaryimage","url":"https:\/\/lh4.googleusercontent.com\/-7gskOxO6Ldc\/U_2cvlvxzlI\/AAAAAAAABUk\/Vxx04NcoCvI\/w448-h336-no\/1.JPG","contentUrl":"https:\/\/lh4.googleusercontent.com\/-7gskOxO6Ldc\/U_2cvlvxzlI\/AAAAAAAABUk\/Vxx04NcoCvI\/w448-h336-no\/1.JPG"},{"@type":"BreadcrumbList","@id":"https:\/\/orthodoxalbania.org\/2020\/2009\/03\/13\/protagonistet-festojne-krishtlindjet\/#breadcrumb","itemListElement":[{"@type":"ListItem","position":1,"name":"Home","item":"https:\/\/orthodoxalbania.org\/2020\/"},{"@type":"ListItem","position":2,"name":"Protagonist\u00ebt\u201d festojn\u00eb Krishtlindjet. (22 Dhjetor 2009)"}]},{"@type":"WebSite","@id":"https:\/\/orthodoxalbania.org\/2020\/#website","url":"https:\/\/orthodoxalbania.org\/2020\/","name":"Kisha Orthodh\u03bfkse Autoqefale e Shqip\u00ebris\u00eb","description":"Fqja Zyrtare e Kish\u00ebs Orthodhokse Autoqefale e Shqip\u00ebris\u00eb me lajmet edhe informacionet zyrtare p\u00ebr struktur\u00ebn edhe veprimtarin e saj.","publisher":{"@id":"https:\/\/orthodoxalbania.org\/2020\/#organization"},"potentialAction":[{"@type":"SearchAction","target":{"@type":"EntryPoint","urlTemplate":"https:\/\/orthodoxalbania.org\/2020\/?s={search_term_string}"},"query-input":{"@type":"PropertyValueSpecification","valueRequired":true,"valueName":"search_term_string"}}],"inLanguage":"en-US"},{"@type":"Organization","@id":"https:\/\/orthodoxalbania.org\/2020\/#organization","name":"Kisha Orthodhokse Autoqefale e Shqip\u00ebris\u00eb","url":"https:\/\/orthodoxalbania.org\/2020\/","logo":{"@type":"ImageObject","inLanguage":"en-US","@id":"https:\/\/orthodoxalbania.org\/2020\/#\/schema\/logo\/image\/","url":"https:\/\/orthodoxalbania.org\/2020\/wp-content\/uploads\/2020\/05\/albania.jpeg","contentUrl":"https:\/\/orthodoxalbania.org\/2020\/wp-content\/uploads\/2020\/05\/albania.jpeg","width":540,"height":540,"caption":"Kisha Orthodhokse Autoqefale e Shqip\u00ebris\u00eb"},"image":{"@id":"https:\/\/orthodoxalbania.org\/2020\/#\/schema\/logo\/image\/"},"sameAs":["https:\/\/www.facebook.com\/koash1991"]},{"@type":"Person","@id":"https:\/\/orthodoxalbania.org\/2020\/#\/schema\/person\/0c387634a7063ac612d7ed9ce71c7e86","name":"Kisha Orthodhokse","image":{"@type":"ImageObject","inLanguage":"en-US","@id":"https:\/\/secure.gravatar.com\/avatar\/596e7c417251e30f2fbb9c00e026fce61a695a00e51c889caded71c96cbbdde5?s=96&d=mm&r=g","url":"https:\/\/secure.gravatar.com\/avatar\/596e7c417251e30f2fbb9c00e026fce61a695a00e51c889caded71c96cbbdde5?s=96&d=mm&r=g","contentUrl":"https:\/\/secure.gravatar.com\/avatar\/596e7c417251e30f2fbb9c00e026fce61a695a00e51c889caded71c96cbbdde5?s=96&d=mm&r=g","caption":"Kisha Orthodhokse"}}]}},"_links":{"self":[{"href":"https:\/\/orthodoxalbania.org\/2020\/wp-json\/wp\/v2\/posts\/1144","targetHints":{"allow":["GET"]}}],"collection":[{"href":"https:\/\/orthodoxalbania.org\/2020\/wp-json\/wp\/v2\/posts"}],"about":[{"href":"https:\/\/orthodoxalbania.org\/2020\/wp-json\/wp\/v2\/types\/post"}],"author":[{"embeddable":true,"href":"https:\/\/orthodoxalbania.org\/2020\/wp-json\/wp\/v2\/users\/1"}],"replies":[{"embeddable":true,"href":"https:\/\/orthodoxalbania.org\/2020\/wp-json\/wp\/v2\/comments?post=1144"}],"version-history":[{"count":1,"href":"https:\/\/orthodoxalbania.org\/2020\/wp-json\/wp\/v2\/posts\/1144\/revisions"}],"predecessor-version":[{"id":15602,"href":"https:\/\/orthodoxalbania.org\/2020\/wp-json\/wp\/v2\/posts\/1144\/revisions\/15602"}],"wp:attachment":[{"href":"https:\/\/orthodoxalbania.org\/2020\/wp-json\/wp\/v2\/media?parent=1144"}],"wp:term":[{"taxonomy":"category","embeddable":true,"href":"https:\/\/orthodoxalbania.org\/2020\/wp-json\/wp\/v2\/categories?post=1144"},{"taxonomy":"post_tag","embeddable":true,"href":"https:\/\/orthodoxalbania.org\/2020\/wp-json\/wp\/v2\/tags?post=1144"}],"curies":[{"name":"wp","href":"https:\/\/api.w.org\/{rel}","templated":true}]}}