{"id":1140,"date":"2013-03-21T12:52:13","date_gmt":"2013-03-21T12:52:13","guid":{"rendered":""},"modified":"2020-04-06T22:05:49","modified_gmt":"2020-04-06T20:05:49","slug":"promovimi-i-librit-kombi-shqiptar-univers-historik-dhe-fetar-me-autor-pirro-priftin","status":"publish","type":"post","link":"https:\/\/orthodoxalbania.org\/2020\/2013\/03\/21\/promovimi-i-librit-kombi-shqiptar-univers-historik-dhe-fetar-me-autor-pirro-priftin\/","title":{"rendered":"Promovimi i librit \u201cKombi shqiptar, univers historik dhe fetar\u201d me autor Pirro Priftin. (23 Janar 2013)"},"content":{"rendered":"<div style=\"text-align: justify;\"><span style=\"color: #000000;\"><span style=\"font-size: 12px;\"><span style=\"font-family: tahoma,geneva,sans-serif;\">&nbsp;&nbsp;&nbsp; T\u00eb enjten, dt. 23. 01. 2013, n\u00eb or\u00ebt e pasdites n\u00eb nj\u00eb nga sallat e Hotel \u201cMondial\u201d n\u00eb Tiran\u00eb u organizua promovimi i librit \u201cKombi shqiptar, univers historik dhe fetar\u201d, me autor publicistin Pirro Prifti, me profesion mjek specialist me titull Profesor i Associuar. Arsyeja e aktivizimit n\u00eb t\u00eb dyja fushat ka qen\u00eb p\u00ebrgjegjshm\u00ebria q\u00eb ndjen autori si intelektual p\u00ebr t\u00eb dh\u00ebn\u00eb ndihm\u00ebn e tij n\u00eb zhvillimin e jet\u00ebs s\u00eb vendit.<\/span><\/span><\/span><\/div>\n<div style=\"text-align: justify;\"><span style=\"color: #000000;\"><span style=\"font-size: 12px;\"><span style=\"font-family: tahoma,geneva,sans-serif;\">&nbsp;<br \/> &nbsp; &nbsp; N\u00eb pjes\u00ebn e par\u00eb t\u00eb k\u00ebsaj p\u00ebrmbledhjeje, z. Pirro Prifti ka paraqitur shkrime t\u00eb botuara n\u00eb k\u00ebto tre dekadat e fundit. Autori p\u00ebrqendrohet mjaft n\u00eb problematik\u00ebn fetare, ku i kushton v\u00ebmendje t\u00eb ve\u00e7ant\u00eb bashk\u00ebjetes\u00ebs fetare n\u00eb Shqip\u00ebri, duke e promovuar si simbol t\u00eb harmonis\u00eb dhe toleranc\u00ebs, pa l\u00ebn\u00eb menj\u00eban\u00eb edhe mjaft v\u00ebshtir\u00ebsi q\u00eb feja ka hasur n\u00eb k\u00ebto 20 vite n\u00eb Shqip\u00ebri.<\/span><\/span><\/span><\/div>\n<div style=\"text-align: justify;\"> <span style=\"color: #000000;\"><span style=\"font-size: 12px;\"><span style=\"font-family: tahoma,geneva,sans-serif;\">&nbsp; &nbsp; Nd\u00ebr t\u00eb tjera autori, duke sjell\u00eb fakte t\u00eb reja, lart\u00ebson pun\u00ebn e madhe q\u00eb \u00ebsht\u00eb b\u00ebr\u00eb p\u00ebr ringritjen e Kish\u00ebs Orthodhokse Autoqefale t\u00eb Shqip\u00ebris\u00eb. N\u00eb nj\u00eb nga shkrimet e tij m\u00eb t\u00eb arrira \u201c20 vjetori i Kish\u00ebs Orthodhokse Autoqefale t\u00eb Shqip\u00ebris\u00eb t\u00eb vitit 2012\u201d, ai p\u00ebrmend se rolin e Fortlumturis\u00eb s\u00eb Tij Kryepeshkopit t\u00eb Shqip\u00ebris\u00eb Anastas Janullatos, n\u00eb ringjalljen e Kish\u00ebs Orthodhokse Autoqefale t\u00eb Shqip\u00ebris\u00eb. N\u00eb publicistik\u00ebn e tij ai trajton gjithashtu n\u00eb m\u00ebnyr\u00eb origjinale edhe probleme t\u00eb toleranc\u00ebs fetare.<\/span><\/span><\/span><\/div>\n<div style=\"text-align: justify;\"> <span style=\"color: #000000;\"><span style=\"font-size: 12px;\"><span style=\"font-family: tahoma,geneva,sans-serif;\">&nbsp; &nbsp; N\u00eb k\u00ebt\u00eb takim ishin t\u00eb ftuar Kryepiskopi i Tiran\u00ebs, Durr\u00ebsit dhe i gjith\u00eb Shqip\u00ebris\u00eb, Fortlumturia e Tij Imzot Anastasi, Kryegjyshi i Kryegjyshat\u00ebs Bot\u00ebrore t\u00eb Bektashinjve Baba Mondi, ish deputeti Gaqo Apostoli, q\u00eb n\u00eb parath\u00ebnien e k\u00ebtij libri i ka cil\u00ebsuar shkrimet si \u201ck\u00ebndv\u00ebshtrime origjinale n\u00eb publicistik\u00eb\u201d, Rektori i Universitetit \u201cLogos\u201d prof. Ilia Telo, koleg\u00eb n\u00eb fush\u00ebn e mjek\u00ebsis\u00eb, let\u00ebrsis\u00eb, gazetaris\u00eb dhe miq e t\u00eb af\u00ebrm t\u00eb autorit.&nbsp;Prof. Ilia Telo n\u00eb fjal\u00ebn e tij p\u00ebrsh\u00ebndet\u00ebse pasi foli p\u00ebr figur\u00ebn e autorit, u ndal tek publicistika e botuar n\u00eb k\u00ebt\u00eb lib\u00ebr. Ai i vler\u00ebsoi k\u00ebto shkrime p\u00ebr vlerat historike q\u00eb bartin n\u00eb k\u00ebto momente t\u00eb rishikimit t\u00eb historis\u00eb s\u00eb vendit, duke theksuar se ato flasin mjaft qart\u00eb p\u00ebr mir\u00ebkuptimin fetar n\u00eb Shqip\u00ebri dhe n\u00eb m\u00ebnyr\u00eb t\u00eb ve\u00e7ant\u00eb shfaqin rolin q\u00eb ka luajtur Besimi Orthodhoks n\u00eb vendin ton\u00eb, duke p\u00ebrmendur heroin komb\u00ebtar Gjergj Kastrioti Sk\u00ebnderbeu, si mbrojt\u00ebs s\u00eb Krisht\u00ebrimit, sh\u00ebn Kozmain, Fan Nolin dhe s\u00eb fundmi Kryepiskopin Anastas. Si kryetar i shoqat\u00ebs s\u00eb demograf\u00ebve n\u00eb Shqip\u00ebri, ku edhe autori i librit \u00ebsht\u00eb mjaft aktiv, prof. Ilia Telo, shprehu mendimin e tij edhe p\u00ebr CENSUSIN e fundit n\u00eb Shqip\u00ebri. Solli fakte q\u00eb tregonin p\u00ebr gabimin e r\u00ebnd\u00eb q\u00eb \u00ebsht\u00eb b\u00ebr\u00eb n\u00eb k\u00ebt\u00eb regjistrim, \u201ci cili kushtoi shum\u00eb shtrenjt\u00eb\u201d p\u00ebr ekonomin\u00eb e vendit ton\u00eb t\u00eb varf\u00ebr.<\/span><\/span><\/span><\/div>\n<div style=\"text-align: justify;\"> <span style=\"color: #000000;\"><span style=\"font-size: 12px;\"><span style=\"font-family: tahoma,geneva,sans-serif;\">&nbsp; &nbsp; N\u00eb vazhdim p\u00ebrsh\u00ebndet\u00ebn edhe ish deputeti Gaqo Apostoli, prof. Beatri\u00e7e Pollo dhe nj\u00ebher\u00ebsh kolege n\u00eb Universitetin \u201cLogos\u201d. Autorin e uroi edhe Baba Mondi Kryegjyshi i Kryegjyshat\u00ebs Bot\u00ebrore s\u00eb Bektashinjve me seli n\u00eb Shqip\u00ebri.&nbsp;<\/span><\/span><\/span><\/div>\n<div style=\"text-align: justify;\">&nbsp;<\/div>\n<div style=\"text-align: right;\">&nbsp;<\/div>\n<div style=\"text-align: right;\"><span style=\"color: #000000;\"><span style=\"font-size: 12px;\"><span style=\"font-family: tahoma,geneva,sans-serif;\"><strong>Julia Lila<\/strong><\/span><\/span><\/span><\/div>\n<div style=\"text-align: justify;\">&nbsp;<\/div>\n","protected":false},"excerpt":{"rendered":"<p>&nbsp;&nbsp;&nbsp; T\u00eb enjten, dt. 23. 01. 2013, n\u00eb or\u00ebt e pasdites n\u00eb nj\u00eb nga sallat e Hotel \u201cMondial\u201d n\u00eb Tiran\u00eb u organizua promovimi i librit \u201cKombi shqiptar, univers historik dhe fetar\u201d, me autor publicistin Pirro Prifti, me profesion mjek specialist me titull Profesor i Associuar. Arsyeja e aktivizimit n\u00eb t\u00eb dyja fushat ka qen\u00eb p\u00ebrgjegjshm\u00ebria q\u00eb ndjen autori si intelektual p\u00ebr t\u00eb dh\u00ebn\u00eb ndihm\u00ebn e<\/p>\n","protected":false},"author":1,"featured_media":0,"comment_status":"open","ping_status":"open","sticky":false,"template":"","format":"standard","meta":{"_acf_changed":false,"pagelayer_contact_templates":[],"_pagelayer_content":"","inline_featured_image":false,"fifu_image_url":"","fifu_image_alt":"","footnotes":""},"categories":[108],"tags":[141,196,212,607],"class_list":["post-1140","post","type-post","status-publish","format-standard","hentry","category-lajme","tag-141","tag-tirane","tag-lajme-d27","tag-promovimepublikime"],"acf":[],"yoast_head":"<!-- This site is optimized with the Yoast SEO plugin v27.2 - https:\/\/yoast.com\/product\/yoast-seo-wordpress\/ -->\n<title>Promovimi i librit \u201cKombi shqiptar, univers historik dhe fetar\u201d me autor Pirro Priftin. (23 Janar 2013) - Kisha Orthodh\u03bfkse Autoqefale e Shqip\u00ebris\u00eb<\/title>\n<meta name=\"robots\" content=\"index, follow, max-snippet:-1, max-image-preview:large, max-video-preview:-1\" \/>\n<link rel=\"canonical\" href=\"https:\/\/orthodoxalbania.org\/2020\/2013\/03\/21\/promovimi-i-librit-kombi-shqiptar-univers-historik-dhe-fetar-me-autor-pirro-priftin\/\" \/>\n<meta property=\"og:locale\" content=\"en_US\" \/>\n<meta property=\"og:type\" content=\"article\" \/>\n<meta property=\"og:title\" content=\"Promovimi i librit \u201cKombi shqiptar, univers historik dhe fetar\u201d me autor Pirro Priftin. (23 Janar 2013) - Kisha Orthodh\u03bfkse Autoqefale e Shqip\u00ebris\u00eb\" \/>\n<meta property=\"og:description\" content=\"&nbsp;&nbsp;&nbsp; T\u00eb enjten, dt. 23. 01. 2013, n\u00eb or\u00ebt e pasdites n\u00eb nj\u00eb nga sallat e Hotel \u201cMondial\u201d n\u00eb Tiran\u00eb u organizua promovimi i librit \u201cKombi shqiptar, univers historik dhe fetar\u201d, me autor publicistin Pirro Prifti, me profesion mjek specialist me titull Profesor i Associuar. Arsyeja e aktivizimit n\u00eb t\u00eb dyja fushat ka qen\u00eb p\u00ebrgjegjshm\u00ebria q\u00eb ndjen autori si intelektual p\u00ebr t\u00eb dh\u00ebn\u00eb ndihm\u00ebn e\" \/>\n<meta property=\"og:url\" content=\"https:\/\/orthodoxalbania.org\/2020\/2013\/03\/21\/promovimi-i-librit-kombi-shqiptar-univers-historik-dhe-fetar-me-autor-pirro-priftin\/\" \/>\n<meta property=\"og:site_name\" content=\"Kisha Orthodh\u03bfkse Autoqefale e Shqip\u00ebris\u00eb\" \/>\n<meta property=\"article:publisher\" content=\"https:\/\/www.facebook.com\/koash1991\" \/>\n<meta property=\"article:published_time\" content=\"2013-03-21T12:52:13+00:00\" \/>\n<meta property=\"article:modified_time\" content=\"2020-04-06T20:05:49+00:00\" \/>\n<meta property=\"og:image\" content=\"https:\/\/orthodoxalbania.org\/2020\/wp-content\/uploads\/2021\/02\/LogoLastALb-200.png\" \/>\n\t<meta property=\"og:image:width\" content=\"200\" \/>\n\t<meta property=\"og:image:height\" content=\"172\" \/>\n\t<meta property=\"og:image:type\" content=\"image\/png\" \/>\n<meta name=\"author\" content=\"Kisha Orthodhokse\" \/>\n<meta name=\"twitter:card\" content=\"summary_large_image\" \/>\n<meta name=\"twitter:label1\" content=\"Written by\" \/>\n\t<meta name=\"twitter:data1\" content=\"Kisha Orthodhokse\" \/>\n\t<meta name=\"twitter:label2\" content=\"Est. reading time\" \/>\n\t<meta name=\"twitter:data2\" content=\"3 minutes\" \/>\n<script type=\"application\/ld+json\" class=\"yoast-schema-graph\">{\"@context\":\"https:\/\/schema.org\",\"@graph\":[{\"@type\":\"Article\",\"@id\":\"https:\/\/orthodoxalbania.org\/2020\/2013\/03\/21\/promovimi-i-librit-kombi-shqiptar-univers-historik-dhe-fetar-me-autor-pirro-priftin\/#article\",\"isPartOf\":{\"@id\":\"https:\/\/orthodoxalbania.org\/2020\/2013\/03\/21\/promovimi-i-librit-kombi-shqiptar-univers-historik-dhe-fetar-me-autor-pirro-priftin\/\"},\"author\":{\"name\":\"Kisha Orthodhokse\",\"@id\":\"https:\/\/orthodoxalbania.org\/2020\/#\/schema\/person\/0c387634a7063ac612d7ed9ce71c7e86\"},\"headline\":\"Promovimi i librit \u201cKombi shqiptar, univers historik dhe fetar\u201d me autor Pirro Priftin. (23 Janar 2013)\",\"datePublished\":\"2013-03-21T12:52:13+00:00\",\"dateModified\":\"2020-04-06T20:05:49+00:00\",\"mainEntityOfPage\":{\"@id\":\"https:\/\/orthodoxalbania.org\/2020\/2013\/03\/21\/promovimi-i-librit-kombi-shqiptar-univers-historik-dhe-fetar-me-autor-pirro-priftin\/\"},\"wordCount\":584,\"commentCount\":0,\"publisher\":{\"@id\":\"https:\/\/orthodoxalbania.org\/2020\/#organization\"},\"keywords\":[\"2013\",\"Kryepiskopata Tiran\u00eb\",\"lajme\",\"PromovimePublikime\"],\"articleSection\":[\"Lajme\"],\"inLanguage\":\"en-US\"},{\"@type\":\"WebPage\",\"@id\":\"https:\/\/orthodoxalbania.org\/2020\/2013\/03\/21\/promovimi-i-librit-kombi-shqiptar-univers-historik-dhe-fetar-me-autor-pirro-priftin\/\",\"url\":\"https:\/\/orthodoxalbania.org\/2020\/2013\/03\/21\/promovimi-i-librit-kombi-shqiptar-univers-historik-dhe-fetar-me-autor-pirro-priftin\/\",\"name\":\"Promovimi i librit \u201cKombi shqiptar, univers historik dhe fetar\u201d me autor Pirro Priftin. (23 Janar 2013) - Kisha Orthodh\u03bfkse Autoqefale e Shqip\u00ebris\u00eb\",\"isPartOf\":{\"@id\":\"https:\/\/orthodoxalbania.org\/2020\/#website\"},\"datePublished\":\"2013-03-21T12:52:13+00:00\",\"dateModified\":\"2020-04-06T20:05:49+00:00\",\"breadcrumb\":{\"@id\":\"https:\/\/orthodoxalbania.org\/2020\/2013\/03\/21\/promovimi-i-librit-kombi-shqiptar-univers-historik-dhe-fetar-me-autor-pirro-priftin\/#breadcrumb\"},\"inLanguage\":\"en-US\",\"potentialAction\":[{\"@type\":\"ReadAction\",\"target\":[\"https:\/\/orthodoxalbania.org\/2020\/2013\/03\/21\/promovimi-i-librit-kombi-shqiptar-univers-historik-dhe-fetar-me-autor-pirro-priftin\/\"]}]},{\"@type\":\"BreadcrumbList\",\"@id\":\"https:\/\/orthodoxalbania.org\/2020\/2013\/03\/21\/promovimi-i-librit-kombi-shqiptar-univers-historik-dhe-fetar-me-autor-pirro-priftin\/#breadcrumb\",\"itemListElement\":[{\"@type\":\"ListItem\",\"position\":1,\"name\":\"Home\",\"item\":\"https:\/\/orthodoxalbania.org\/2020\/\"},{\"@type\":\"ListItem\",\"position\":2,\"name\":\"Promovimi i librit \u201cKombi shqiptar, univers historik dhe fetar\u201d me autor Pirro Priftin. (23 Janar 2013)\"}]},{\"@type\":\"WebSite\",\"@id\":\"https:\/\/orthodoxalbania.org\/2020\/#website\",\"url\":\"https:\/\/orthodoxalbania.org\/2020\/\",\"name\":\"Kisha Orthodh\u03bfkse Autoqefale e Shqip\u00ebris\u00eb\",\"description\":\"Fqja Zyrtare e Kish\u00ebs Orthodhokse Autoqefale e Shqip\u00ebris\u00eb me lajmet edhe informacionet zyrtare p\u00ebr struktur\u00ebn edhe veprimtarin e saj.\",\"publisher\":{\"@id\":\"https:\/\/orthodoxalbania.org\/2020\/#organization\"},\"potentialAction\":[{\"@type\":\"SearchAction\",\"target\":{\"@type\":\"EntryPoint\",\"urlTemplate\":\"https:\/\/orthodoxalbania.org\/2020\/?s={search_term_string}\"},\"query-input\":{\"@type\":\"PropertyValueSpecification\",\"valueRequired\":true,\"valueName\":\"search_term_string\"}}],\"inLanguage\":\"en-US\"},{\"@type\":\"Organization\",\"@id\":\"https:\/\/orthodoxalbania.org\/2020\/#organization\",\"name\":\"Kisha Orthodhokse Autoqefale e Shqip\u00ebris\u00eb\",\"url\":\"https:\/\/orthodoxalbania.org\/2020\/\",\"logo\":{\"@type\":\"ImageObject\",\"inLanguage\":\"en-US\",\"@id\":\"https:\/\/orthodoxalbania.org\/2020\/#\/schema\/logo\/image\/\",\"url\":\"https:\/\/orthodoxalbania.org\/2020\/wp-content\/uploads\/2020\/05\/albania.jpeg\",\"contentUrl\":\"https:\/\/orthodoxalbania.org\/2020\/wp-content\/uploads\/2020\/05\/albania.jpeg\",\"width\":540,\"height\":540,\"caption\":\"Kisha Orthodhokse Autoqefale e Shqip\u00ebris\u00eb\"},\"image\":{\"@id\":\"https:\/\/orthodoxalbania.org\/2020\/#\/schema\/logo\/image\/\"},\"sameAs\":[\"https:\/\/www.facebook.com\/koash1991\"]},{\"@type\":\"Person\",\"@id\":\"https:\/\/orthodoxalbania.org\/2020\/#\/schema\/person\/0c387634a7063ac612d7ed9ce71c7e86\",\"name\":\"Kisha Orthodhokse\",\"image\":{\"@type\":\"ImageObject\",\"inLanguage\":\"en-US\",\"@id\":\"https:\/\/secure.gravatar.com\/avatar\/596e7c417251e30f2fbb9c00e026fce61a695a00e51c889caded71c96cbbdde5?s=96&d=mm&r=g\",\"url\":\"https:\/\/secure.gravatar.com\/avatar\/596e7c417251e30f2fbb9c00e026fce61a695a00e51c889caded71c96cbbdde5?s=96&d=mm&r=g\",\"contentUrl\":\"https:\/\/secure.gravatar.com\/avatar\/596e7c417251e30f2fbb9c00e026fce61a695a00e51c889caded71c96cbbdde5?s=96&d=mm&r=g\",\"caption\":\"Kisha Orthodhokse\"}}]}<\/script>\n<!-- \/ Yoast SEO plugin. -->","yoast_head_json":{"title":"Promovimi i librit \u201cKombi shqiptar, univers historik dhe fetar\u201d me autor Pirro Priftin. (23 Janar 2013) - Kisha Orthodh\u03bfkse Autoqefale e Shqip\u00ebris\u00eb","robots":{"index":"index","follow":"follow","max-snippet":"max-snippet:-1","max-image-preview":"max-image-preview:large","max-video-preview":"max-video-preview:-1"},"canonical":"https:\/\/orthodoxalbania.org\/2020\/2013\/03\/21\/promovimi-i-librit-kombi-shqiptar-univers-historik-dhe-fetar-me-autor-pirro-priftin\/","og_locale":"en_US","og_type":"article","og_title":"Promovimi i librit \u201cKombi shqiptar, univers historik dhe fetar\u201d me autor Pirro Priftin. (23 Janar 2013) - Kisha Orthodh\u03bfkse Autoqefale e Shqip\u00ebris\u00eb","og_description":"&nbsp;&nbsp;&nbsp; T\u00eb enjten, dt. 23. 01. 2013, n\u00eb or\u00ebt e pasdites n\u00eb nj\u00eb nga sallat e Hotel \u201cMondial\u201d n\u00eb Tiran\u00eb u organizua promovimi i librit \u201cKombi shqiptar, univers historik dhe fetar\u201d, me autor publicistin Pirro Prifti, me profesion mjek specialist me titull Profesor i Associuar. Arsyeja e aktivizimit n\u00eb t\u00eb dyja fushat ka qen\u00eb p\u00ebrgjegjshm\u00ebria q\u00eb ndjen autori si intelektual p\u00ebr t\u00eb dh\u00ebn\u00eb ndihm\u00ebn e","og_url":"https:\/\/orthodoxalbania.org\/2020\/2013\/03\/21\/promovimi-i-librit-kombi-shqiptar-univers-historik-dhe-fetar-me-autor-pirro-priftin\/","og_site_name":"Kisha Orthodh\u03bfkse Autoqefale e Shqip\u00ebris\u00eb","article_publisher":"https:\/\/www.facebook.com\/koash1991","article_published_time":"2013-03-21T12:52:13+00:00","article_modified_time":"2020-04-06T20:05:49+00:00","og_image":[{"width":200,"height":172,"url":"https:\/\/orthodoxalbania.org\/2020\/wp-content\/uploads\/2021\/02\/LogoLastALb-200.png","type":"image\/png"}],"author":"Kisha Orthodhokse","twitter_card":"summary_large_image","twitter_misc":{"Written by":"Kisha Orthodhokse","Est. reading time":"3 minutes"},"schema":{"@context":"https:\/\/schema.org","@graph":[{"@type":"Article","@id":"https:\/\/orthodoxalbania.org\/2020\/2013\/03\/21\/promovimi-i-librit-kombi-shqiptar-univers-historik-dhe-fetar-me-autor-pirro-priftin\/#article","isPartOf":{"@id":"https:\/\/orthodoxalbania.org\/2020\/2013\/03\/21\/promovimi-i-librit-kombi-shqiptar-univers-historik-dhe-fetar-me-autor-pirro-priftin\/"},"author":{"name":"Kisha Orthodhokse","@id":"https:\/\/orthodoxalbania.org\/2020\/#\/schema\/person\/0c387634a7063ac612d7ed9ce71c7e86"},"headline":"Promovimi i librit \u201cKombi shqiptar, univers historik dhe fetar\u201d me autor Pirro Priftin. (23 Janar 2013)","datePublished":"2013-03-21T12:52:13+00:00","dateModified":"2020-04-06T20:05:49+00:00","mainEntityOfPage":{"@id":"https:\/\/orthodoxalbania.org\/2020\/2013\/03\/21\/promovimi-i-librit-kombi-shqiptar-univers-historik-dhe-fetar-me-autor-pirro-priftin\/"},"wordCount":584,"commentCount":0,"publisher":{"@id":"https:\/\/orthodoxalbania.org\/2020\/#organization"},"keywords":["2013","Kryepiskopata Tiran\u00eb","lajme","PromovimePublikime"],"articleSection":["Lajme"],"inLanguage":"en-US"},{"@type":"WebPage","@id":"https:\/\/orthodoxalbania.org\/2020\/2013\/03\/21\/promovimi-i-librit-kombi-shqiptar-univers-historik-dhe-fetar-me-autor-pirro-priftin\/","url":"https:\/\/orthodoxalbania.org\/2020\/2013\/03\/21\/promovimi-i-librit-kombi-shqiptar-univers-historik-dhe-fetar-me-autor-pirro-priftin\/","name":"Promovimi i librit \u201cKombi shqiptar, univers historik dhe fetar\u201d me autor Pirro Priftin. (23 Janar 2013) - Kisha Orthodh\u03bfkse Autoqefale e Shqip\u00ebris\u00eb","isPartOf":{"@id":"https:\/\/orthodoxalbania.org\/2020\/#website"},"datePublished":"2013-03-21T12:52:13+00:00","dateModified":"2020-04-06T20:05:49+00:00","breadcrumb":{"@id":"https:\/\/orthodoxalbania.org\/2020\/2013\/03\/21\/promovimi-i-librit-kombi-shqiptar-univers-historik-dhe-fetar-me-autor-pirro-priftin\/#breadcrumb"},"inLanguage":"en-US","potentialAction":[{"@type":"ReadAction","target":["https:\/\/orthodoxalbania.org\/2020\/2013\/03\/21\/promovimi-i-librit-kombi-shqiptar-univers-historik-dhe-fetar-me-autor-pirro-priftin\/"]}]},{"@type":"BreadcrumbList","@id":"https:\/\/orthodoxalbania.org\/2020\/2013\/03\/21\/promovimi-i-librit-kombi-shqiptar-univers-historik-dhe-fetar-me-autor-pirro-priftin\/#breadcrumb","itemListElement":[{"@type":"ListItem","position":1,"name":"Home","item":"https:\/\/orthodoxalbania.org\/2020\/"},{"@type":"ListItem","position":2,"name":"Promovimi i librit \u201cKombi shqiptar, univers historik dhe fetar\u201d me autor Pirro Priftin. (23 Janar 2013)"}]},{"@type":"WebSite","@id":"https:\/\/orthodoxalbania.org\/2020\/#website","url":"https:\/\/orthodoxalbania.org\/2020\/","name":"Kisha Orthodh\u03bfkse Autoqefale e Shqip\u00ebris\u00eb","description":"Fqja Zyrtare e Kish\u00ebs Orthodhokse Autoqefale e Shqip\u00ebris\u00eb me lajmet edhe informacionet zyrtare p\u00ebr struktur\u00ebn edhe veprimtarin e saj.","publisher":{"@id":"https:\/\/orthodoxalbania.org\/2020\/#organization"},"potentialAction":[{"@type":"SearchAction","target":{"@type":"EntryPoint","urlTemplate":"https:\/\/orthodoxalbania.org\/2020\/?s={search_term_string}"},"query-input":{"@type":"PropertyValueSpecification","valueRequired":true,"valueName":"search_term_string"}}],"inLanguage":"en-US"},{"@type":"Organization","@id":"https:\/\/orthodoxalbania.org\/2020\/#organization","name":"Kisha Orthodhokse Autoqefale e Shqip\u00ebris\u00eb","url":"https:\/\/orthodoxalbania.org\/2020\/","logo":{"@type":"ImageObject","inLanguage":"en-US","@id":"https:\/\/orthodoxalbania.org\/2020\/#\/schema\/logo\/image\/","url":"https:\/\/orthodoxalbania.org\/2020\/wp-content\/uploads\/2020\/05\/albania.jpeg","contentUrl":"https:\/\/orthodoxalbania.org\/2020\/wp-content\/uploads\/2020\/05\/albania.jpeg","width":540,"height":540,"caption":"Kisha Orthodhokse Autoqefale e Shqip\u00ebris\u00eb"},"image":{"@id":"https:\/\/orthodoxalbania.org\/2020\/#\/schema\/logo\/image\/"},"sameAs":["https:\/\/www.facebook.com\/koash1991"]},{"@type":"Person","@id":"https:\/\/orthodoxalbania.org\/2020\/#\/schema\/person\/0c387634a7063ac612d7ed9ce71c7e86","name":"Kisha Orthodhokse","image":{"@type":"ImageObject","inLanguage":"en-US","@id":"https:\/\/secure.gravatar.com\/avatar\/596e7c417251e30f2fbb9c00e026fce61a695a00e51c889caded71c96cbbdde5?s=96&d=mm&r=g","url":"https:\/\/secure.gravatar.com\/avatar\/596e7c417251e30f2fbb9c00e026fce61a695a00e51c889caded71c96cbbdde5?s=96&d=mm&r=g","contentUrl":"https:\/\/secure.gravatar.com\/avatar\/596e7c417251e30f2fbb9c00e026fce61a695a00e51c889caded71c96cbbdde5?s=96&d=mm&r=g","caption":"Kisha Orthodhokse"}}]}},"_links":{"self":[{"href":"https:\/\/orthodoxalbania.org\/2020\/wp-json\/wp\/v2\/posts\/1140","targetHints":{"allow":["GET"]}}],"collection":[{"href":"https:\/\/orthodoxalbania.org\/2020\/wp-json\/wp\/v2\/posts"}],"about":[{"href":"https:\/\/orthodoxalbania.org\/2020\/wp-json\/wp\/v2\/types\/post"}],"author":[{"embeddable":true,"href":"https:\/\/orthodoxalbania.org\/2020\/wp-json\/wp\/v2\/users\/1"}],"replies":[{"embeddable":true,"href":"https:\/\/orthodoxalbania.org\/2020\/wp-json\/wp\/v2\/comments?post=1140"}],"version-history":[{"count":1,"href":"https:\/\/orthodoxalbania.org\/2020\/wp-json\/wp\/v2\/posts\/1140\/revisions"}],"predecessor-version":[{"id":15251,"href":"https:\/\/orthodoxalbania.org\/2020\/wp-json\/wp\/v2\/posts\/1140\/revisions\/15251"}],"wp:attachment":[{"href":"https:\/\/orthodoxalbania.org\/2020\/wp-json\/wp\/v2\/media?parent=1140"}],"wp:term":[{"taxonomy":"category","embeddable":true,"href":"https:\/\/orthodoxalbania.org\/2020\/wp-json\/wp\/v2\/categories?post=1140"},{"taxonomy":"post_tag","embeddable":true,"href":"https:\/\/orthodoxalbania.org\/2020\/wp-json\/wp\/v2\/tags?post=1140"}],"curies":[{"name":"wp","href":"https:\/\/api.w.org\/{rel}","templated":true}]}}