{"id":1137,"date":"2008-02-26T00:00:00","date_gmt":"2008-02-26T00:00:00","guid":{"rendered":""},"modified":"2020-04-06T22:35:16","modified_gmt":"2020-04-06T20:35:16","slug":"programi-i-sherbesave-kishtare-gjate-javes-se-madhe-dhe-shpjegimi-i-javes-se-madhe-prill-2008","status":"publish","type":"post","link":"https:\/\/orthodoxalbania.org\/2020\/2008\/02\/26\/programi-i-sherbesave-kishtare-gjate-javes-se-madhe-dhe-shpjegimi-i-javes-se-madhe-prill-2008\/","title":{"rendered":"Programi i Sh\u00ebrbesave Kishtare gjat\u00eb Jav\u00ebs s\u00eb Madhe dhe Shpjegimi i Jav\u00ebs s\u00eb Madhe. (Prill 2008)"},"content":{"rendered":"<table id=\"AutoNumber2\" border=\"0\">\n<tbody>\n<tr>\n<td>\n<p><span style=\"font-family: tahoma,geneva,sans-serif;\"><span style=\"font-size: 12px;\"><span style=\"color: #000000;\"><strong>E DIELA E DAFINAVE &nbsp;&nbsp;<em>(20 PRILL)<\/em><\/strong><\/span><\/span><\/span><\/p>\n<p><span style=\"font-family: tahoma,geneva,sans-serif;\"><span style=\"font-size: 12px;\"><span style=\"color: #000000;\">M\u00cbNGJESORJA \u2013 LITURGJIA HYJNORE \u2013 NDARJA E DAFINAVE<br \/> SH\u00cbRBESA E DH\u00cbNDRIT<\/span><\/span><\/span><\/p>\n<\/td>\n<td>\n<p> <span style=\"font-family: tahoma,geneva,sans-serif;\"><span style=\"font-size: 12px;\"><span style=\"color: #000000;\">&nbsp;&nbsp;&nbsp;&nbsp;&nbsp;&nbsp;&nbsp;&nbsp;&nbsp;&nbsp;&nbsp;&nbsp;&nbsp;&nbsp;&nbsp;&nbsp;&nbsp;&nbsp;&nbsp;&nbsp;&nbsp;&nbsp;&nbsp;&nbsp;&nbsp;&nbsp;&nbsp; ora&nbsp;&nbsp;&nbsp; <strong>07:30<br \/> <\/strong> &nbsp;&nbsp;&nbsp;&nbsp;&nbsp;&nbsp;&nbsp;&nbsp;&nbsp;&nbsp;&nbsp;&nbsp;&nbsp;&nbsp;&nbsp;&nbsp;&nbsp;&nbsp;&nbsp;&nbsp;&nbsp;&nbsp;&nbsp;&nbsp;&nbsp;&nbsp;&nbsp;&nbsp;ora&nbsp;&nbsp;&nbsp; <strong>18:00<\/strong><\/span><\/span><\/span><\/td>\n<\/tr>\n<tr>\n<td>\n<p> <span style=\"font-family: tahoma,geneva,sans-serif;\"><span style=\"font-size: 12px;\"><span style=\"color: #000000;\"><strong>&nbsp;&nbsp; E H\u00cbNA E MADHE &nbsp;&nbsp;<em>(21 PRILL)<\/p>\n<p> <\/em><\/strong> LITURGJIA E T\u00cb PARASHENJT\u00cbRUARAVE<br \/> SH\u00cbRBESA E DH\u00cbNDRIT<\/span><\/span><\/span><\/p>\n<\/td>\n<td>\n<p> <span style=\"font-family: tahoma,geneva,sans-serif;\"><span style=\"font-size: 12px;\"><span style=\"color: #000000;\">&nbsp;&nbsp;&nbsp;&nbsp;&nbsp;&nbsp;&nbsp;&nbsp;&nbsp;&nbsp;&nbsp;&nbsp;&nbsp;&nbsp;&nbsp;&nbsp;&nbsp;&nbsp;&nbsp;&nbsp;&nbsp;&nbsp;&nbsp;&nbsp;&nbsp;&nbsp;&nbsp;&nbsp;ora&nbsp;&nbsp;&nbsp; <strong>08:00<br \/> <\/strong> &nbsp;&nbsp;&nbsp;&nbsp;&nbsp;&nbsp;&nbsp;&nbsp;&nbsp;&nbsp;&nbsp;&nbsp;&nbsp;&nbsp;&nbsp;&nbsp;&nbsp;&nbsp;&nbsp;&nbsp;&nbsp;&nbsp;&nbsp;&nbsp;&nbsp;&nbsp;&nbsp;&nbsp;ora&nbsp;&nbsp;&nbsp; <strong>18:00<\/strong><\/span><\/span><\/span><\/td>\n<\/tr>\n<tr>\n<td>\n<p> <span style=\"font-family: tahoma,geneva,sans-serif;\"><span style=\"font-size: 12px;\"><span style=\"color: #000000;\"><strong>&nbsp;&nbsp; E MARTA E MADHE &nbsp;&nbsp;<em>(22 PRILL)<\/em><\/strong><\/span><\/span><\/span><\/p>\n<p><span style=\"font-family: tahoma,geneva,sans-serif;\"><span style=\"font-size: 12px;\"><span style=\"color: #000000;\">LITURGJIA E T\u00cb PARASHENJT\u00cbRUARAVE<br \/> SH\u00cbRBESA E DH\u00cbNDRIT<\/span><\/span><\/span><\/p>\n<\/td>\n<td>\n<p> <span style=\"font-family: tahoma,geneva,sans-serif;\"><span style=\"font-size: 12px;\"><span style=\"color: #000000;\">&nbsp;&nbsp;&nbsp;&nbsp;&nbsp;&nbsp;&nbsp;&nbsp;&nbsp;&nbsp;&nbsp;&nbsp;&nbsp;&nbsp;&nbsp;&nbsp;&nbsp;&nbsp;&nbsp;&nbsp;&nbsp;&nbsp;&nbsp;&nbsp;&nbsp;&nbsp;&nbsp;&nbsp;ora&nbsp;&nbsp;&nbsp; <strong>08:00<br \/> <\/strong> &nbsp;&nbsp;&nbsp;&nbsp;&nbsp;&nbsp;&nbsp;&nbsp;&nbsp;&nbsp;&nbsp;&nbsp;&nbsp;&nbsp;&nbsp;&nbsp;&nbsp;&nbsp;&nbsp;&nbsp;&nbsp;&nbsp;&nbsp;&nbsp;&nbsp;&nbsp;&nbsp;&nbsp;ora&nbsp;&nbsp;&nbsp; <strong>18:00<\/strong><\/span><\/span><\/span><\/td>\n<\/tr>\n<tr>\n<td>\n<p> <span style=\"font-family: tahoma,geneva,sans-serif;\"><span style=\"font-size: 12px;\"><span style=\"color: #000000;\"><strong>&nbsp;&nbsp; E M\u00cbRKURA E MADHE&nbsp; &nbsp;<em>(23 PRILL)<\/em><\/strong><\/span><\/span><\/span><\/p>\n<p><span style=\"font-family: tahoma,geneva,sans-serif;\"><span style=\"font-size: 12px;\"><span style=\"color: #000000;\">LITURGJIA E T\u00cb PARASHENJT\u00cbRUARAVE<br \/> SH\u00cbRBESA E EFQELIS\u00cb (VAJI I BEKUAR)<\/span><\/span><\/span><\/p>\n<\/td>\n<td><span style=\"font-family: tahoma,geneva,sans-serif;\"><span style=\"font-size: 12px;\"><span style=\"color: #000000;\"><\/span><\/span><\/span><\/p>\n<p><span style=\"font-family: tahoma,geneva,sans-serif;\"><span style=\"font-size: 12px;\"><span style=\"color: #000000;\">&nbsp;&nbsp;&nbsp;&nbsp;&nbsp;&nbsp;&nbsp;&nbsp;&nbsp;&nbsp;&nbsp;&nbsp;&nbsp;&nbsp;&nbsp;&nbsp;&nbsp;&nbsp;&nbsp;&nbsp;&nbsp;&nbsp;&nbsp;&nbsp;&nbsp;&nbsp;&nbsp;&nbsp;ora&nbsp;&nbsp;&nbsp; <strong>08:00<br \/> <\/strong> &nbsp;&nbsp;&nbsp;&nbsp;&nbsp;&nbsp;&nbsp;&nbsp;&nbsp;&nbsp;&nbsp;&nbsp;&nbsp;&nbsp;&nbsp;&nbsp;&nbsp;&nbsp;&nbsp;&nbsp;&nbsp;&nbsp;&nbsp;&nbsp;&nbsp;&nbsp;&nbsp;&nbsp;ora&nbsp;&nbsp;&nbsp; <strong>18:00<\/strong><\/span><\/span><\/span><\/p>\n<\/td>\n<\/tr>\n<tr>\n<td>\n<p> <span style=\"font-family: tahoma,geneva,sans-serif;\"><span style=\"font-size: 12px;\"><span style=\"color: #000000;\"><strong>&nbsp;&nbsp; E ENJTJA E MADHE &nbsp;&nbsp;<em>(24 PRILL)<\/em><\/strong><\/span><\/span><\/span><\/p>\n<p><span style=\"font-family: tahoma,geneva,sans-serif;\"><span style=\"font-size: 12px;\"><span style=\"color: #000000;\">M\u00cbNGJESORJA \u2013 MBR\u00cbM\u00cbSORJA \u2013 LITURGJIA E VASILIT T\u00cb MADH<br \/> SH\u00cbRBESA E P\u00cbSIMEVE \u2013 12 UNGJIJT\u00cb<\/span><\/span><\/span><\/p>\n<\/td>\n<td><span style=\"font-family: tahoma,geneva,sans-serif;\"><span style=\"font-size: 12px;\"><span style=\"color: #000000;\"><\/span><\/span><\/span><\/p>\n<p><span style=\"font-family: tahoma,geneva,sans-serif;\"><span style=\"font-size: 12px;\"><span style=\"color: #000000;\">&nbsp;&nbsp;&nbsp;&nbsp;&nbsp;&nbsp;&nbsp;&nbsp;&nbsp;&nbsp;&nbsp;&nbsp;&nbsp;&nbsp;&nbsp;&nbsp;&nbsp;&nbsp;&nbsp;&nbsp;&nbsp; &nbsp;&nbsp;&nbsp;&nbsp;&nbsp;&nbsp;&nbsp;ora&nbsp;&nbsp;&nbsp; <strong>07:30<br \/> <\/strong> &nbsp;&nbsp;&nbsp;&nbsp;&nbsp;&nbsp;&nbsp;&nbsp;&nbsp;&nbsp;&nbsp;&nbsp;&nbsp;&nbsp;&nbsp;&nbsp;&nbsp;&nbsp;&nbsp;&nbsp;&nbsp;&nbsp;&nbsp;&nbsp;&nbsp;&nbsp;&nbsp;&nbsp;&nbsp;ora&nbsp;&nbsp;&nbsp; <strong>17:30<\/strong><\/span><\/span><\/span><\/p>\n<\/td>\n<\/tr>\n<tr>\n<td>\n<p><span style=\"font-family: tahoma,geneva,sans-serif;\"><span style=\"font-size: 12px;\"><span style=\"color: #000000;\"><strong>&nbsp;&nbsp;<br \/> &nbsp;&nbsp; E PREMTJA E MADHE&nbsp; &nbsp;<em>(25 PRILL)<\/em><\/strong><\/span><\/span><\/span><\/p>\n<p><span style=\"font-family: tahoma,geneva,sans-serif;\"><span style=\"font-size: 12px;\"><span style=\"color: #000000;\">&#8211; OR\u00cbT E M\u00cbDHA \u2013 MBR\u00cbM\u00cbSORJA \u2013 ZBRITJA NGA KRYQI<br \/> &#8211; SH\u00cbRBESA E EPITAFIT \u2013 VAJTIME<br \/> \u2013 DALJA E EPITAFIT<\/span><\/span><\/span><\/p>\n<\/td>\n<td><span style=\"font-family: tahoma,geneva,sans-serif;\"><span style=\"font-size: 12px;\"><span style=\"color: #000000;\"><\/span><\/span><\/span><\/p>\n<p><span style=\"font-family: tahoma,geneva,sans-serif;\"><span style=\"font-size: 12px;\"><span style=\"color: #000000;\">&nbsp;&nbsp;&nbsp;&nbsp;&nbsp;&nbsp;&nbsp;&nbsp;&nbsp;&nbsp;&nbsp;&nbsp;&nbsp;&nbsp;&nbsp;&nbsp;&nbsp;&nbsp;&nbsp;&nbsp;&nbsp;&nbsp;&nbsp;&nbsp;&nbsp;&nbsp;&nbsp;&nbsp;&nbsp;ora&nbsp;&nbsp;&nbsp; <strong>08:00<br \/> <\/strong> &nbsp;&nbsp;&nbsp;&nbsp;&nbsp;&nbsp;&nbsp;&nbsp;&nbsp;&nbsp;&nbsp;&nbsp;&nbsp;&nbsp;&nbsp;&nbsp;&nbsp;&nbsp;&nbsp;&nbsp;&nbsp;&nbsp;&nbsp;&nbsp;&nbsp;&nbsp;&nbsp;&nbsp;&nbsp;ora&nbsp;&nbsp;&nbsp; <strong>18:00<br \/> <\/strong> &nbsp;&nbsp;&nbsp;&nbsp;&nbsp;&nbsp;&nbsp;&nbsp;&nbsp;&nbsp;&nbsp;&nbsp;&nbsp;&nbsp;&nbsp;&nbsp;&nbsp;&nbsp;&nbsp;&nbsp;&nbsp;&nbsp;&nbsp;&nbsp;&nbsp;&nbsp;&nbsp;&nbsp;&nbsp;ora&nbsp;&nbsp;&nbsp; <strong>19:30<\/strong><\/span><\/span><\/span><\/p>\n<\/td>\n<\/tr>\n<tr>\n<td>\n<p><span style=\"font-family: tahoma,geneva,sans-serif;\"><span style=\"font-size: 12px;\"><span style=\"color: #000000;\"><strong>&nbsp;&nbsp; E SHTUNA E MADHE &nbsp;&nbsp;<em>(26 PRILL)<\/em><\/strong><\/span><\/span><\/span><\/p>\n<p><span style=\"font-family: tahoma,geneva,sans-serif;\"><span style=\"font-size: 12px;\"><span style=\"color: #000000;\">MBR\u00cbM\u00cbSORJA \u2013 LITURGJIA E VASILIT T\u00cb MADH<br \/> <strong><em>CEREMONIA E NGJALLJES<\/em><\/strong><\/span><\/span><\/span><\/p>\n<p><span style=\"font-family: tahoma,geneva,sans-serif;\"><span style=\"font-size: 12px;\"><span style=\"color: #000000;\">\u2013 KANONI I S\u00cb SHTUN\u00cbS<br \/> \u2013 DALJA&nbsp; TEK SHESHI<br \/> \u2013 M\u00cbNGJESORJA \u2013 LITURGJIA E JOAN GOJARTIT<\/span><\/span><\/span><\/p>\n<\/td>\n<td><span style=\"font-family: tahoma,geneva,sans-serif;\"><span style=\"font-size: 12px;\"><span style=\"color: #000000;\"><\/span><\/span><\/span><\/p>\n<p><span style=\"font-family: tahoma,geneva,sans-serif;\"><span style=\"font-size: 12px;\"><span style=\"color: #000000;\">&nbsp;&nbsp;&nbsp;&nbsp;&nbsp;&nbsp;&nbsp;&nbsp;&nbsp;&nbsp;&nbsp;&nbsp;&nbsp;&nbsp;&nbsp;&nbsp;&nbsp;&nbsp;&nbsp;&nbsp;&nbsp;&nbsp;&nbsp;&nbsp;&nbsp;&nbsp;&nbsp;&nbsp;&nbsp;ora&nbsp;&nbsp;&nbsp; <strong>08:00<\/p>\n<p> <\/strong> &nbsp;&nbsp;&nbsp;&nbsp;&nbsp;&nbsp;&nbsp;&nbsp;&nbsp;&nbsp;&nbsp;&nbsp;&nbsp;&nbsp;&nbsp;&nbsp;&nbsp;&nbsp;&nbsp;&nbsp;&nbsp;&nbsp;&nbsp;&nbsp;&nbsp;&nbsp;&nbsp;&nbsp;&nbsp;ora&nbsp;&nbsp; &nbsp;&nbsp;<strong>22:45<br \/> <\/strong> &nbsp;&nbsp;&nbsp;&nbsp;&nbsp;&nbsp;&nbsp;&nbsp;&nbsp;&nbsp;&nbsp;&nbsp;&nbsp;&nbsp;&nbsp;&nbsp;&nbsp;&nbsp;&nbsp;&nbsp;&nbsp;&nbsp;&nbsp;&nbsp;&nbsp;&nbsp;&nbsp;&nbsp;&nbsp;ora&nbsp;&nbsp;&nbsp;&nbsp; <strong>23:30<br \/> <\/strong> &nbsp;&nbsp;&nbsp;&nbsp;&nbsp;&nbsp;&nbsp;&nbsp;&nbsp;&nbsp;&nbsp;&nbsp;&nbsp;&nbsp;&nbsp;&nbsp;&nbsp;&nbsp;&nbsp;&nbsp;&nbsp;&nbsp;&nbsp;&nbsp;&nbsp;&nbsp;&nbsp;&nbsp;&nbsp;ora&nbsp;&nbsp;&nbsp;&nbsp; <strong>00:15 \u2013 02:30<\/strong><\/span><\/span><\/span><\/p>\n<\/td>\n<\/tr>\n<tr>\n<td>\n<p><span style=\"font-family: tahoma,geneva,sans-serif;\"><span style=\"font-size: 12px;\"><span style=\"color: #000000;\"><strong>&nbsp;&nbsp; E DIELA E PASHK\u00cbS&nbsp; &nbsp;<em>(27 PRILL)<\/em><\/strong><\/span><\/span><\/span><\/p>\n<p><span style=\"font-family: tahoma,geneva,sans-serif;\"><span style=\"font-size: 12px;\"><span style=\"color: #000000;\">MBR\u00cbM\u00cbSORJA E DASHURIS\u00cb<\/span><\/span><\/span><\/p>\n<\/td>\n<td> <span style=\"font-family: tahoma,geneva,sans-serif;\"><span style=\"font-size: 12px;\"><span style=\"color: #000000;\">&nbsp;&nbsp;&nbsp;&nbsp;&nbsp;&nbsp;&nbsp;&nbsp;&nbsp;&nbsp;&nbsp;&nbsp;&nbsp;&nbsp;&nbsp;&nbsp;&nbsp;&nbsp;&nbsp;&nbsp;&nbsp;&nbsp;&nbsp;&nbsp;&nbsp;&nbsp;&nbsp;&nbsp;&nbsp;ora&nbsp;&nbsp;&nbsp; <strong>18:00<\/strong><\/span><\/span><\/span><\/td>\n<\/tr>\n<\/tbody>\n<\/table>\n<p style=\"text-align: center;\"><span style=\"color: #b22222;\"><span style=\"font-family: tahoma,geneva,sans-serif;\"><span style=\"font-size: 12px;\"><strong>Java e Madhe e Pashk\u00ebs<\/strong><\/span><\/span><\/span><\/p>\n<p style=\"text-align: justify;\"><span style=\"font-family: tahoma,geneva,sans-serif;\"><span style=\"font-size: 12px;\"><span style=\"color: #000000;\">&nbsp;&nbsp;&nbsp; N\u00eb Kish\u00ebn Orthodhokse java e fundit e jet\u00ebs s\u00eb Krishtit quhet zyrtarisht Java e P\u00ebsimit. N\u00eb em\u00ebrtimin popullor \u00ebsht\u00eb quajtur Java e Madhe.<\/span><\/span><\/span><\/p>\n<p style=\"text-align: justify;\"><span style=\"font-family: tahoma,geneva,sans-serif;\"><span style=\"font-size: 12px;\"><span style=\"color: #000000;\">&nbsp;&nbsp;&nbsp; \u00c7do dit\u00eb e Jav\u00ebs s\u00eb Madhe ka tem\u00ebn e ve\u00e7ant\u00eb t\u00eb saj, ku edhe besimtar\u00ebt p\u00ebrjetojn\u00eb e m\u00ebsojn\u00eb prej tyre konkretisht.<\/span><\/span><\/span><\/p>\n<p style=\"text-align: justify;\"><span style=\"font-family: tahoma,geneva,sans-serif;\"><span style=\"font-size: 12px;\"><span style=\"color: #000000;\">&nbsp;&nbsp;&nbsp; Tema e s\u00eb <\/span><span style=\"color: #b22222;\"><strong>H\u00ebn\u00ebs s\u00eb Madhe<\/strong><\/span><span style=\"color: #000000;\"> \u00ebsht\u00eb ajo e drurit t\u00eb fikut q\u00eb nuk kishte fruta, por vet\u00ebm gjethe dhe p\u00ebr k\u00ebt\u00eb u d\u00ebnua me tharje.<\/span><\/span><\/span><\/p>\n<p style=\"text-align: justify;\"><span style=\"font-family: tahoma,geneva,sans-serif;\"><span style=\"font-size: 12px;\"><span style=\"color: #000000;\">&nbsp;&nbsp;&nbsp; T\u00eb <\/span><span style=\"color: #b22222;\"><strong>Mart\u00ebn e Madhe<\/strong><\/span><span style=\"color: #000000;\">, theksi \u00ebsht\u00eb n\u00eb vigjilenc\u00ebn e virgj\u00ebreshave t\u00eb ditura, t\u00eb cilat, jo si motrat e tyre t\u00eb marra, ishin gati kur Zoti erdhi tek ato.<\/span><\/span><\/span><\/p>\n<p style=\"text-align: justify;\"><span style=\"font-family: tahoma,geneva,sans-serif;\"><span style=\"font-size: 12px;\"><span style=\"color: #000000;\">&nbsp;&nbsp;&nbsp; T\u00eb <\/span><span style=\"color: #b22222;\"><strong>M\u00ebrkur\u00ebn e Madhe<\/strong><\/span><span style=\"color: #000000;\">, fokusi \u00ebsht\u00eb n\u00eb pendimin e gruas m\u00ebkatare.N\u00eb k\u00ebt\u00eb dit\u00eb, theksohet shum\u00eb krahasimi nd\u00ebrmjet gruas s\u00eb p\u00ebrdal\u00eb q\u00eb shp\u00ebtoi me an\u00eb t\u00eb pendimit dhe Jud\u00ebs, q\u00eb ishte nj\u00eb nga apostujt e zgjedhur, por q\u00eb humbi nga pabesia dhe cmira.<\/span><\/span><\/span><\/p>\n<p style=\"text-align: justify;\"><span style=\"font-family: tahoma,geneva,sans-serif;\"><span style=\"font-size: 12px;\"><span style=\"color: #000000;\">&nbsp;&nbsp;&nbsp; E<\/span><span style=\"color: #b22222;\"><strong>Enjtja e Madhe<\/strong><\/span><span style=\"color: #000000;\"><span style=\"color: #b22222;\"><\/span>i kushtohet Dark\u00ebs Mistike q\u00eb Krishti kremtoi me dymb\u00ebdhjet\u00eb apostujt e tij. Tema kryesore e dit\u00ebs \u00ebsht\u00eb darka vet\u00eb, p\u00ebr t\u00eb cil\u00ebn Krishti porositi q\u00eb Pashka e Dhiat\u00ebs s\u00eb Re t\u00eb hahej n\u00eb kujtim t\u00eb tij, t\u00eb trupit t\u00eb tij q\u00eb thyhet dhe gjakut t\u00eb tij, q\u00eb derdhet p\u00ebr ndjes\u00ebn e m\u00ebkateve. Gjithashtu, n\u00eb sh\u00ebrbesat e k\u00ebsaj dite kujtohet tradhtia e Jud\u00ebs si dhe larja e k\u00ebmb\u00ebve t\u00eb nx\u00ebn\u00ebsve prej Krishtit.<\/span><\/span><\/span><\/p>\n<p style=\"text-align: justify;\"><span style=\"font-family: tahoma,geneva,sans-serif;\"><span style=\"font-size: 12px;\"><span style=\"color: #000000;\">&nbsp;&nbsp;&nbsp;&nbsp; E <\/span><span style=\"color: #b22222;\"><strong>Premtja e Madhe<\/strong><\/span><span style=\"color: #000000;\"> i kushtohet P\u00ebsimeve dhe Kryq\u00ebzimit t\u00eb Krishtit. P\u00ebr arsye praktike kjo zhvillohet n\u00eb mbr\u00ebmjen e s\u00eb Enjtes. N\u00eb t\u00eb \u00ebsht\u00eb karakteristik\u00eb leximi i 12 fragmenteve nga t\u00eb 4 Ungjijt\u00eb. T\u00eb gjitha k\u00ebto lexime tregojn\u00eb P\u00ebsimet dhe Vuajtjet e Krishtit. K\u00ebndimi i par\u00eb \u00ebsht\u00eb nga Ungjilli sipas Joanit 13:31-18:1. Ky \u00ebsht\u00eb fjalimi i gjat\u00eb i Krishtit me nx\u00ebn\u00ebsit, q\u00eb p\u00ebrfundon me t\u00eb ashtuquajtur\u00ebn lutje kryeprift\u00ebrore. N\u00eb mes s\u00eb sh\u00ebrbes\u00ebs del Kryqi me Krishtin e kryq\u00ebzuar dhe vendoset n\u00eb mes t\u00eb kish\u00ebs. Ungjilli i fundit tregon vulosjen e varrit dhe vendosjen e rojeve (Mattheu 27:62-66).<\/span><\/span><\/span><\/p>\n<p style=\"text-align: justify;\"><span style=\"font-family: tahoma,geneva,sans-serif;\"><span style=\"font-size: 12px;\"><span style=\"color: #000000;\">&nbsp;&nbsp;&nbsp;&nbsp; Sh\u00ebrbesa e par\u00eb q\u00eb i p\u00ebrket t\u00eb <\/span><span style=\"color: #b22222;\"><strong>Shtun\u00ebs s\u00eb Madhe<\/strong><\/span><span style=\"color: #000000;\">, quajtur Sabati i Bekuar, kryhet n\u00eb mbr\u00ebmjen e s\u00eb Premtes s\u00eb Zez\u00eb. N\u00eb t\u00eb p\u00ebrkujtohet Varrimi i Krishtit. P\u00ebrpara se t\u00eb filloj\u00eb sh\u00ebrbesa, \u00ebsht\u00eb p\u00ebrgatitur nj\u00eb \u201cvarr\u201d (Kuvuklion) n\u00eb mes t\u00eb kish\u00ebs dhe \u00ebsht\u00eb zbukuruar me lule. Gjithashtu nj\u00eb ikon\u00eb e ve\u00e7ant\u00eb e pikturuar ose e q\u00ebndisur n\u00eb nj\u00eb p\u00eblhur\u00eb, epitafi, ku paraqitet Shp\u00ebtimtari Jisu Krisht i vdekur, \u00ebsht\u00eb e vendosur n\u00eb Altar. M\u00eb pas populli me qirinj t\u00eb ndezur, duke k\u00ebnduar himnet vajtuese \u201cTi o Krisht o jet\u00eb, ti u vure n\u00eb varr&#8230;\u201d, \u201cT\u00eb meriton t\u00eb t\u00eb madh\u00ebshtojm\u00eb&#8230;\u201d, \u201dGjith\u00eb gjeneratat i blatojn\u00eb k\u00ebng\u00eb varrimit t\u00ebnd&#8230;\u201d i kryesuar nga prifti q\u00eb mban Ungjillin n\u00eb duar dhe me Epitafin, del n\u00eb procesion jasht\u00eb kish\u00ebs.<\/span><\/span><\/span><\/p>\n<p style=\"text-align: justify;\"><span style=\"font-family: tahoma,geneva,sans-serif;\"><span style=\"font-size: 12px;\"><span style=\"color: #000000;\"><img decoding=\"async\" class=\"lazyload HAa Eha\" style=\"border-width: 1px; border-style: solid; margin: 10px; float: left;\" alt=\"\" src=\"data:image\/svg+xml,%3Csvg%20xmlns%3D%27http%3A%2F%2Fwww.w3.org%2F2000%2Fsvg%27%20width%3D%27198%27%20height%3D%27278%27%20viewBox%3D%270%200%20198%20278%27%3E%3Crect%20width%3D%27198%27%20height%3D%27278%27%20fill-opacity%3D%220%22%2F%3E%3C%2Fsvg%3E\" data-orig-src=\"https:\/\/lh5.googleusercontent.com\/-VSjPSRrHaWI\/VIwRQDHkgqI\/AAAAAAAAHdg\/yab9wp6FNiM\/w321-h450-no\/foto%2B2%2B-%2BNgjallja%2Binternet.jpg\" height=\"278\" width=\"198\" \/>&nbsp;&nbsp;&nbsp;&nbsp; N\u00eb m\u00ebngjes jepet mesazhi i par\u00eb i ngjalljes se Krishti \u00ebsht\u00eb Per\u00ebndia q\u00eb u shfaq nd\u00ebr ne dhe ai ka ardhur t\u00eb shp\u00ebtoj\u00eb njer\u00ebzimin dhe ky mesazh jepet jo vet\u00ebm me an\u00eb t\u00eb himneve, leximeve biblike, por edhe me ndryshimin e ngjyrave t\u00eb stolive t\u00eb kish\u00ebs, klerik\u00ebve etj., duke vazhduar ky mesazh n\u00eb vijim me Liturgjin\u00eb Hyjnore t\u00eb Vasilit t\u00eb Madh.<\/span><\/span><\/span><\/p>\n<p style=\"text-align: justify;\"><span style=\"font-family: tahoma,geneva,sans-serif;\"><span style=\"font-size: 12px;\"><span style=\"color: #000000;\">&nbsp;&nbsp;&nbsp; E <\/span><span style=\"color: #b22222;\"><strong>Diela e Shenjt\u00eb e Pashk\u00ebs<\/strong><\/span><span style=\"color: #000000;\"> fillon, pak p\u00ebrpara mesnat\u00ebs t\u00eb s\u00eb Shtun\u00ebs, me Vigjiljen e Pashk\u00ebs. Gjat\u00eb k\u00ebsaj sh\u00ebrbese kisha mbahet e ndri\u00e7uar shum\u00eb pak. Sipas zakonit t\u00eb vjet\u00ebr, mbas Kanonit shuhen t\u00eb gjith\u00eb kandilat e kish\u00ebs p\u00ebrve\u00e7 \u201cKandilit t\u00eb Pashuar\u201d t\u00eb Altarit.<\/span><\/span><\/span><\/p>\n<p style=\"text-align: justify;\"><span style=\"font-family: tahoma,geneva,sans-serif;\"><span style=\"font-size: 12px;\"><span style=\"color: #000000;\">&nbsp;&nbsp;&nbsp; Pastaj fillon Sh\u00ebrbesa e Drit\u00ebs ose Sh\u00ebrbesa e Ngjalljes. Prifti merr qiriun e Pashk\u00ebs dhe e ndez n\u00eb \u201cKandilin e Pashuar\u201d t\u00eb Altarit dhe del tek Dyert e Bukura t\u00eb Ikonastasit duke k\u00ebnduar<\/span><span style=\"color: #b22222;\"><strong>\u201cEjani e merrni drit\u00eb, prej drit\u00ebs q\u00eb s\u2019per\u00ebndon, edhe lavd\u00ebroni Krishtin q\u00eb u ngjall s\u00eb vdekurish\u201d<\/strong><\/span><span style=\"color: #000000;\"><span style=\"color: #b22222;\"><\/span>dhe duke u afruar qiriun e tij besimtar\u00ebve q\u00eb ka pran\u00eb p\u00ebr t\u2019i ndezur edhe ata, e k\u00ebshtu ata me nj\u00ebri-tjetrin e p\u00ebrhapin k\u00ebt\u00eb drit\u00eb n\u00eb t\u00eb gjith\u00eb kish\u00ebn. N\u00eb vazhdim kleri e populli del nga kisha duke k\u00ebnduar \u201cNgjalljen T\u00ebnde o Krisht Shp\u00ebtimtar, Engj\u00ebjt n\u00eb qiell e himnojn\u00eb; vler\u00ebsona edhe ne p\u00ebrmbi dhen\u00eb, me zem\u00ebr t\u00eb past\u00ebr Ty t\u00eb lavd\u00ebrojm\u00eb\u201d shkojn\u00eb tek tribuna ku do t\u00eb shpallet Lajmi i Mir\u00eb q\u00eb Krishti u ngjall. Ky \u00ebsht\u00eb procesioni i kalimit t\u00eb shenjt\u00eb, prej vdekjes n\u00eb jet\u00eb, prej tok\u00ebs n\u00eb qiell, prej k\u00ebsaj jete n\u00eb at\u00eb at\u00eb q\u00eb t\u00eb do vij\u00eb dhe q\u00eb \u00ebsht\u00eb pa mbarim. Gjithashtu ky procesion i t\u00eb krishter\u00ebve gjat\u00eb nat\u00ebs s\u00eb Pashk\u00ebs, t\u00eb kujton procesionin pag\u00ebzimor prej err\u00ebsir\u00ebs dhe vdekjes s\u00eb k\u00ebsaj bote n\u00eb drit\u00ebn dhe jet\u00ebn e Mbret\u00ebris\u00eb s\u00eb Per\u00ebndis\u00eb. Pastaj lexohet mesazhi i Hierarkut lokal e n\u00eb vazhdim fragmenti ungjillor i Ngjalljes (sipas Markut 16:1-8). Menj\u00ebher\u00eb fillohet t\u00eb k\u00ebndohet himni karakteristik i Pashk\u00ebs <\/span><span style=\"color: #b22222;\"><strong>\u201cKrishti u ngjall s\u00eb vdekurish, me vdekje vdekjen shkeli dhe t\u00eb varrosurve iu fali jet\u00ebn\u201d <\/strong><\/span><span style=\"color: #000000;\">ku edhe fillojn\u00eb t\u00eb bien kambanat dhe besimtar\u00ebt \u00e7ukisin vez\u00ebt e kuqe.<\/span><\/span><\/span><\/p>\n<p style=\"text-align: justify;\"><span style=\"font-family: tahoma,geneva,sans-serif;\"><span style=\"font-size: 12px;\"><span style=\"color: #000000;\">&nbsp;&nbsp;&nbsp;&nbsp; Pastaj kleri e populli rihyn n\u00eb Kish\u00eb dhe vazhdon me sh\u00ebrbes\u00ebn e M\u00ebngjesores s\u00eb Pashk\u00ebs dhe Liturgjis\u00eb Hyjnore t\u00eb Joan Gojartit, n\u00eb t\u00eb cil\u00ebn edhe kungohet me Trupin dhe Gjakun e Krishtit, si finalizim e kuror\u00ebzim t\u00eb k\u00ebsaj feste mbar\u00ebnjer\u00ebzore, duke u ngaz\u00eblluar e shijuar k\u00ebt\u00eb g\u00ebzim me vet\u00eb takimin personal me Krishtin Shp\u00ebtimtar, por edhe duke e kuror\u00ebzuar me sukses edhe at\u00eb p\u00ebrgatitje 40 ditore t\u00eb kreshm\u00ebs shpirt\u00ebrore e trupore.<\/span><\/span><\/span><\/p>\n<p style=\"text-align: justify;\"><span style=\"font-family: tahoma,geneva,sans-serif;\"><span style=\"font-size: 12px;\"><span style=\"color: #000000;\">&nbsp;&nbsp;&nbsp; Gjat\u00eb paradites s\u00eb k\u00ebsaj festeje mbar\u00ebnjer\u00ebzore \u00ebsht\u00eb b\u00ebr\u00eb tradit\u00eb e bukur dhe mjaft dometh\u00ebn\u00ebse vizitat e pritjet festive n\u00ebp\u00ebr kisha e n\u00eb seli mitropolitane t\u00eb besimtar\u00ebve, autoriteteve qeveritare e lokale.<\/span><\/span><\/span><\/p>\n<p style=\"text-align: justify;\"><span style=\"font-family: tahoma,geneva,sans-serif;\"><span style=\"font-size: 12px;\"><span style=\"color: #000000;\">&nbsp;&nbsp;&nbsp; N\u00eb mbr\u00ebmje kryhet Sh\u00ebrbesa e Mbr\u00ebm\u00ebsores s\u00eb Dashuris\u00eb, q\u00eb ka si tem\u00eb Shfaqjen e Krishtit t\u00eb Ngjallur p\u00ebrpara nx\u00ebn\u00ebsve t\u00eb Tij, ku edhe lexohet ky fragment ungjilli n\u00eb disa gjuh\u00eb t\u00eb bot\u00ebs. N\u00eb disa vende kjo sh\u00ebrbes\u00eb kryhet paradite. <\/span><\/span><\/span><\/p>\n","protected":false},"excerpt":{"rendered":"<p>E DIELA E DAFINAVE &nbsp;&nbsp;(20 PRILL) M\u00cbNGJESORJA \u2013 LITURGJIA HYJNORE \u2013 NDARJA E DAFINAVE SH\u00cbRBESA E DH\u00cbNDRIT &nbsp;&nbsp;&nbsp;&nbsp;&nbsp;&nbsp;&nbsp;&nbsp;&nbsp;&nbsp;&nbsp;&nbsp;&nbsp;&nbsp;&nbsp;&nbsp;&nbsp;&nbsp;&nbsp;&nbsp;&nbsp;&nbsp;&nbsp;&nbsp;&nbsp;&nbsp;&nbsp; ora&nbsp;&nbsp;&nbsp; 07:30 &nbsp;&nbsp;&nbsp;&nbsp;&nbsp;&nbsp;&nbsp;&nbsp;&nbsp;&nbsp;&nbsp;&nbsp;&nbsp;&nbsp;&nbsp;&nbsp;&nbsp;&nbsp;&nbsp;&nbsp;&nbsp;&nbsp;&nbsp;&nbsp;&nbsp;&nbsp;&nbsp;&nbsp;ora&nbsp;&nbsp;&nbsp; 18:00 &nbsp;&nbsp; E H\u00cbNA E MADHE &nbsp;&nbsp;(21 PRILL) LITURGJIA E T\u00cb PARASHENJT\u00cbRUARAVE SH\u00cbRBESA E DH\u00cbNDRIT &nbsp;&nbsp;&nbsp;&nbsp;&nbsp;&nbsp;&nbsp;&nbsp;&nbsp;&nbsp;&nbsp;&nbsp;&nbsp;&nbsp;&nbsp;&nbsp;&nbsp;&nbsp;&nbsp;&nbsp;&nbsp;&nbsp;&nbsp;&nbsp;&nbsp;&nbsp;&nbsp;&nbsp;ora&nbsp;&nbsp;&nbsp; 08:00 &nbsp;&nbsp;&nbsp;&nbsp;&nbsp;&nbsp;&nbsp;&nbsp;&nbsp;&nbsp;&nbsp;&nbsp;&nbsp;&nbsp;&nbsp;&nbsp;&nbsp;&nbsp;&nbsp;&nbsp;&nbsp;&nbsp;&nbsp;&nbsp;&nbsp;&nbsp;&nbsp;&nbsp;ora&nbsp;&nbsp;&nbsp; 18:00 &nbsp;&nbsp; E MARTA E MADHE &nbsp;&nbsp;(22 PRILL) LITURGJIA E T\u00cb PARASHENJT\u00cbRUARAVE SH\u00cbRBESA E DH\u00cbNDRIT &nbsp;&nbsp;&nbsp;&nbsp;&nbsp;&nbsp;&nbsp;&nbsp;&nbsp;&nbsp;&nbsp;&nbsp;&nbsp;&nbsp;&nbsp;&nbsp;&nbsp;&nbsp;&nbsp;&nbsp;&nbsp;&nbsp;&nbsp;&nbsp;&nbsp;&nbsp;&nbsp;&nbsp;ora&nbsp;&nbsp;&nbsp; 08:00 &nbsp;&nbsp;&nbsp;&nbsp;&nbsp;&nbsp;&nbsp;&nbsp;&nbsp;&nbsp;&nbsp;&nbsp;&nbsp;&nbsp;&nbsp;&nbsp;&nbsp;&nbsp;&nbsp;&nbsp;&nbsp;&nbsp;&nbsp;&nbsp;&nbsp;&nbsp;&nbsp;&nbsp;ora&nbsp;&nbsp;&nbsp; 18:00 &nbsp;&nbsp; E M\u00cbRKURA E MADHE&nbsp; &nbsp;(23 PRILL)<\/p>\n","protected":false},"author":1,"featured_media":0,"comment_status":"open","ping_status":"open","sticky":false,"template":"","format":"standard","meta":{"_acf_changed":false,"pagelayer_contact_templates":[],"_pagelayer_content":"","inline_featured_image":false,"fifu_image_url":"","fifu_image_alt":"","footnotes":""},"categories":[108],"tags":[146,196,212,189],"class_list":["post-1137","post","type-post","status-publish","format-standard","hentry","category-lajme","tag-146","tag-tirane","tag-lajme-d27","tag-pashke-2014"],"acf":[],"yoast_head":"<!-- This site is optimized with the Yoast SEO plugin v27.2 - https:\/\/yoast.com\/product\/yoast-seo-wordpress\/ -->\n<title>Programi i Sh\u00ebrbesave Kishtare gjat\u00eb Jav\u00ebs s\u00eb Madhe dhe Shpjegimi i Jav\u00ebs s\u00eb Madhe. (Prill 2008) - Kisha Orthodh\u03bfkse Autoqefale e Shqip\u00ebris\u00eb<\/title>\n<meta name=\"robots\" content=\"index, follow, max-snippet:-1, max-image-preview:large, max-video-preview:-1\" \/>\n<link rel=\"canonical\" href=\"https:\/\/orthodoxalbania.org\/2020\/2008\/02\/26\/programi-i-sherbesave-kishtare-gjate-javes-se-madhe-dhe-shpjegimi-i-javes-se-madhe-prill-2008\/\" \/>\n<meta property=\"og:locale\" content=\"en_US\" \/>\n<meta property=\"og:type\" content=\"article\" \/>\n<meta property=\"og:title\" content=\"Programi i Sh\u00ebrbesave Kishtare gjat\u00eb Jav\u00ebs s\u00eb Madhe dhe Shpjegimi i Jav\u00ebs s\u00eb Madhe. (Prill 2008) - Kisha Orthodh\u03bfkse Autoqefale e Shqip\u00ebris\u00eb\" \/>\n<meta property=\"og:description\" content=\"E DIELA E DAFINAVE &nbsp;&nbsp;(20 PRILL) M\u00cbNGJESORJA \u2013 LITURGJIA HYJNORE \u2013 NDARJA E DAFINAVE SH\u00cbRBESA E DH\u00cbNDRIT &nbsp;&nbsp;&nbsp;&nbsp;&nbsp;&nbsp;&nbsp;&nbsp;&nbsp;&nbsp;&nbsp;&nbsp;&nbsp;&nbsp;&nbsp;&nbsp;&nbsp;&nbsp;&nbsp;&nbsp;&nbsp;&nbsp;&nbsp;&nbsp;&nbsp;&nbsp;&nbsp; ora&nbsp;&nbsp;&nbsp; 07:30 &nbsp;&nbsp;&nbsp;&nbsp;&nbsp;&nbsp;&nbsp;&nbsp;&nbsp;&nbsp;&nbsp;&nbsp;&nbsp;&nbsp;&nbsp;&nbsp;&nbsp;&nbsp;&nbsp;&nbsp;&nbsp;&nbsp;&nbsp;&nbsp;&nbsp;&nbsp;&nbsp;&nbsp;ora&nbsp;&nbsp;&nbsp; 18:00 &nbsp;&nbsp; E H\u00cbNA E MADHE &nbsp;&nbsp;(21 PRILL) LITURGJIA E T\u00cb PARASHENJT\u00cbRUARAVE SH\u00cbRBESA E DH\u00cbNDRIT &nbsp;&nbsp;&nbsp;&nbsp;&nbsp;&nbsp;&nbsp;&nbsp;&nbsp;&nbsp;&nbsp;&nbsp;&nbsp;&nbsp;&nbsp;&nbsp;&nbsp;&nbsp;&nbsp;&nbsp;&nbsp;&nbsp;&nbsp;&nbsp;&nbsp;&nbsp;&nbsp;&nbsp;ora&nbsp;&nbsp;&nbsp; 08:00 &nbsp;&nbsp;&nbsp;&nbsp;&nbsp;&nbsp;&nbsp;&nbsp;&nbsp;&nbsp;&nbsp;&nbsp;&nbsp;&nbsp;&nbsp;&nbsp;&nbsp;&nbsp;&nbsp;&nbsp;&nbsp;&nbsp;&nbsp;&nbsp;&nbsp;&nbsp;&nbsp;&nbsp;ora&nbsp;&nbsp;&nbsp; 18:00 &nbsp;&nbsp; E MARTA E MADHE &nbsp;&nbsp;(22 PRILL) LITURGJIA E T\u00cb PARASHENJT\u00cbRUARAVE SH\u00cbRBESA E DH\u00cbNDRIT &nbsp;&nbsp;&nbsp;&nbsp;&nbsp;&nbsp;&nbsp;&nbsp;&nbsp;&nbsp;&nbsp;&nbsp;&nbsp;&nbsp;&nbsp;&nbsp;&nbsp;&nbsp;&nbsp;&nbsp;&nbsp;&nbsp;&nbsp;&nbsp;&nbsp;&nbsp;&nbsp;&nbsp;ora&nbsp;&nbsp;&nbsp; 08:00 &nbsp;&nbsp;&nbsp;&nbsp;&nbsp;&nbsp;&nbsp;&nbsp;&nbsp;&nbsp;&nbsp;&nbsp;&nbsp;&nbsp;&nbsp;&nbsp;&nbsp;&nbsp;&nbsp;&nbsp;&nbsp;&nbsp;&nbsp;&nbsp;&nbsp;&nbsp;&nbsp;&nbsp;ora&nbsp;&nbsp;&nbsp; 18:00 &nbsp;&nbsp; E M\u00cbRKURA E MADHE&nbsp; &nbsp;(23 PRILL)\" \/>\n<meta property=\"og:url\" content=\"https:\/\/orthodoxalbania.org\/2020\/2008\/02\/26\/programi-i-sherbesave-kishtare-gjate-javes-se-madhe-dhe-shpjegimi-i-javes-se-madhe-prill-2008\/\" \/>\n<meta property=\"og:site_name\" content=\"Kisha Orthodh\u03bfkse Autoqefale e Shqip\u00ebris\u00eb\" \/>\n<meta property=\"article:publisher\" content=\"https:\/\/www.facebook.com\/koash1991\" \/>\n<meta property=\"article:published_time\" content=\"2008-02-26T00:00:00+00:00\" \/>\n<meta property=\"article:modified_time\" content=\"2020-04-06T20:35:16+00:00\" \/>\n<meta property=\"og:image\" content=\"https:\/\/lh5.googleusercontent.com\/-VSjPSRrHaWI\/VIwRQDHkgqI\/AAAAAAAAHdg\/yab9wp6FNiM\/w321-h450-no\/foto%2B2%2B-%2BNgjallja%2Binternet.jpg\" \/>\n<meta name=\"author\" content=\"Kisha Orthodhokse\" \/>\n<meta name=\"twitter:card\" content=\"summary_large_image\" \/>\n<meta name=\"twitter:label1\" content=\"Written by\" \/>\n\t<meta name=\"twitter:data1\" content=\"Kisha Orthodhokse\" \/>\n\t<meta name=\"twitter:label2\" content=\"Est. reading time\" \/>\n\t<meta name=\"twitter:data2\" content=\"10 minutes\" \/>\n<script type=\"application\/ld+json\" class=\"yoast-schema-graph\">{\"@context\":\"https:\/\/schema.org\",\"@graph\":[{\"@type\":\"Article\",\"@id\":\"https:\/\/orthodoxalbania.org\/2020\/2008\/02\/26\/programi-i-sherbesave-kishtare-gjate-javes-se-madhe-dhe-shpjegimi-i-javes-se-madhe-prill-2008\/#article\",\"isPartOf\":{\"@id\":\"https:\/\/orthodoxalbania.org\/2020\/2008\/02\/26\/programi-i-sherbesave-kishtare-gjate-javes-se-madhe-dhe-shpjegimi-i-javes-se-madhe-prill-2008\/\"},\"author\":{\"name\":\"Kisha Orthodhokse\",\"@id\":\"https:\/\/orthodoxalbania.org\/2020\/#\/schema\/person\/0c387634a7063ac612d7ed9ce71c7e86\"},\"headline\":\"Programi i Sh\u00ebrbesave Kishtare gjat\u00eb Jav\u00ebs s\u00eb Madhe dhe Shpjegimi i Jav\u00ebs s\u00eb Madhe. (Prill 2008)\",\"datePublished\":\"2008-02-26T00:00:00+00:00\",\"dateModified\":\"2020-04-06T20:35:16+00:00\",\"mainEntityOfPage\":{\"@id\":\"https:\/\/orthodoxalbania.org\/2020\/2008\/02\/26\/programi-i-sherbesave-kishtare-gjate-javes-se-madhe-dhe-shpjegimi-i-javes-se-madhe-prill-2008\/\"},\"wordCount\":1932,\"commentCount\":0,\"publisher\":{\"@id\":\"https:\/\/orthodoxalbania.org\/2020\/#organization\"},\"image\":{\"@id\":\"https:\/\/orthodoxalbania.org\/2020\/2008\/02\/26\/programi-i-sherbesave-kishtare-gjate-javes-se-madhe-dhe-shpjegimi-i-javes-se-madhe-prill-2008\/#primaryimage\"},\"thumbnailUrl\":\"https:\/\/lh5.googleusercontent.com\/-VSjPSRrHaWI\/VIwRQDHkgqI\/AAAAAAAAHdg\/yab9wp6FNiM\/w321-h450-no\/foto%2B2%2B-%2BNgjallja%2Binternet.jpg\",\"keywords\":[\"2008\",\"Kryepiskopata Tiran\u00eb\",\"lajme\",\"Pashk\u00eb\"],\"articleSection\":[\"Lajme\"],\"inLanguage\":\"en-US\"},{\"@type\":\"WebPage\",\"@id\":\"https:\/\/orthodoxalbania.org\/2020\/2008\/02\/26\/programi-i-sherbesave-kishtare-gjate-javes-se-madhe-dhe-shpjegimi-i-javes-se-madhe-prill-2008\/\",\"url\":\"https:\/\/orthodoxalbania.org\/2020\/2008\/02\/26\/programi-i-sherbesave-kishtare-gjate-javes-se-madhe-dhe-shpjegimi-i-javes-se-madhe-prill-2008\/\",\"name\":\"Programi i Sh\u00ebrbesave Kishtare gjat\u00eb Jav\u00ebs s\u00eb Madhe dhe Shpjegimi i Jav\u00ebs s\u00eb Madhe. (Prill 2008) - Kisha Orthodh\u03bfkse Autoqefale e Shqip\u00ebris\u00eb\",\"isPartOf\":{\"@id\":\"https:\/\/orthodoxalbania.org\/2020\/#website\"},\"primaryImageOfPage\":{\"@id\":\"https:\/\/orthodoxalbania.org\/2020\/2008\/02\/26\/programi-i-sherbesave-kishtare-gjate-javes-se-madhe-dhe-shpjegimi-i-javes-se-madhe-prill-2008\/#primaryimage\"},\"image\":{\"@id\":\"https:\/\/orthodoxalbania.org\/2020\/2008\/02\/26\/programi-i-sherbesave-kishtare-gjate-javes-se-madhe-dhe-shpjegimi-i-javes-se-madhe-prill-2008\/#primaryimage\"},\"thumbnailUrl\":\"https:\/\/lh5.googleusercontent.com\/-VSjPSRrHaWI\/VIwRQDHkgqI\/AAAAAAAAHdg\/yab9wp6FNiM\/w321-h450-no\/foto%2B2%2B-%2BNgjallja%2Binternet.jpg\",\"datePublished\":\"2008-02-26T00:00:00+00:00\",\"dateModified\":\"2020-04-06T20:35:16+00:00\",\"breadcrumb\":{\"@id\":\"https:\/\/orthodoxalbania.org\/2020\/2008\/02\/26\/programi-i-sherbesave-kishtare-gjate-javes-se-madhe-dhe-shpjegimi-i-javes-se-madhe-prill-2008\/#breadcrumb\"},\"inLanguage\":\"en-US\",\"potentialAction\":[{\"@type\":\"ReadAction\",\"target\":[\"https:\/\/orthodoxalbania.org\/2020\/2008\/02\/26\/programi-i-sherbesave-kishtare-gjate-javes-se-madhe-dhe-shpjegimi-i-javes-se-madhe-prill-2008\/\"]}]},{\"@type\":\"ImageObject\",\"inLanguage\":\"en-US\",\"@id\":\"https:\/\/orthodoxalbania.org\/2020\/2008\/02\/26\/programi-i-sherbesave-kishtare-gjate-javes-se-madhe-dhe-shpjegimi-i-javes-se-madhe-prill-2008\/#primaryimage\",\"url\":\"https:\/\/lh5.googleusercontent.com\/-VSjPSRrHaWI\/VIwRQDHkgqI\/AAAAAAAAHdg\/yab9wp6FNiM\/w321-h450-no\/foto%2B2%2B-%2BNgjallja%2Binternet.jpg\",\"contentUrl\":\"https:\/\/lh5.googleusercontent.com\/-VSjPSRrHaWI\/VIwRQDHkgqI\/AAAAAAAAHdg\/yab9wp6FNiM\/w321-h450-no\/foto%2B2%2B-%2BNgjallja%2Binternet.jpg\"},{\"@type\":\"BreadcrumbList\",\"@id\":\"https:\/\/orthodoxalbania.org\/2020\/2008\/02\/26\/programi-i-sherbesave-kishtare-gjate-javes-se-madhe-dhe-shpjegimi-i-javes-se-madhe-prill-2008\/#breadcrumb\",\"itemListElement\":[{\"@type\":\"ListItem\",\"position\":1,\"name\":\"Home\",\"item\":\"https:\/\/orthodoxalbania.org\/2020\/\"},{\"@type\":\"ListItem\",\"position\":2,\"name\":\"Programi i Sh\u00ebrbesave Kishtare gjat\u00eb Jav\u00ebs s\u00eb Madhe dhe Shpjegimi i Jav\u00ebs s\u00eb Madhe. (Prill 2008)\"}]},{\"@type\":\"WebSite\",\"@id\":\"https:\/\/orthodoxalbania.org\/2020\/#website\",\"url\":\"https:\/\/orthodoxalbania.org\/2020\/\",\"name\":\"Kisha Orthodh\u03bfkse Autoqefale e Shqip\u00ebris\u00eb\",\"description\":\"Fqja Zyrtare e Kish\u00ebs Orthodhokse Autoqefale e Shqip\u00ebris\u00eb me lajmet edhe informacionet zyrtare p\u00ebr struktur\u00ebn edhe veprimtarin e saj.\",\"publisher\":{\"@id\":\"https:\/\/orthodoxalbania.org\/2020\/#organization\"},\"potentialAction\":[{\"@type\":\"SearchAction\",\"target\":{\"@type\":\"EntryPoint\",\"urlTemplate\":\"https:\/\/orthodoxalbania.org\/2020\/?s={search_term_string}\"},\"query-input\":{\"@type\":\"PropertyValueSpecification\",\"valueRequired\":true,\"valueName\":\"search_term_string\"}}],\"inLanguage\":\"en-US\"},{\"@type\":\"Organization\",\"@id\":\"https:\/\/orthodoxalbania.org\/2020\/#organization\",\"name\":\"Kisha Orthodhokse Autoqefale e Shqip\u00ebris\u00eb\",\"url\":\"https:\/\/orthodoxalbania.org\/2020\/\",\"logo\":{\"@type\":\"ImageObject\",\"inLanguage\":\"en-US\",\"@id\":\"https:\/\/orthodoxalbania.org\/2020\/#\/schema\/logo\/image\/\",\"url\":\"https:\/\/orthodoxalbania.org\/2020\/wp-content\/uploads\/2020\/05\/albania.jpeg\",\"contentUrl\":\"https:\/\/orthodoxalbania.org\/2020\/wp-content\/uploads\/2020\/05\/albania.jpeg\",\"width\":540,\"height\":540,\"caption\":\"Kisha Orthodhokse Autoqefale e Shqip\u00ebris\u00eb\"},\"image\":{\"@id\":\"https:\/\/orthodoxalbania.org\/2020\/#\/schema\/logo\/image\/\"},\"sameAs\":[\"https:\/\/www.facebook.com\/koash1991\"]},{\"@type\":\"Person\",\"@id\":\"https:\/\/orthodoxalbania.org\/2020\/#\/schema\/person\/0c387634a7063ac612d7ed9ce71c7e86\",\"name\":\"Kisha Orthodhokse\",\"image\":{\"@type\":\"ImageObject\",\"inLanguage\":\"en-US\",\"@id\":\"https:\/\/secure.gravatar.com\/avatar\/596e7c417251e30f2fbb9c00e026fce61a695a00e51c889caded71c96cbbdde5?s=96&d=mm&r=g\",\"url\":\"https:\/\/secure.gravatar.com\/avatar\/596e7c417251e30f2fbb9c00e026fce61a695a00e51c889caded71c96cbbdde5?s=96&d=mm&r=g\",\"contentUrl\":\"https:\/\/secure.gravatar.com\/avatar\/596e7c417251e30f2fbb9c00e026fce61a695a00e51c889caded71c96cbbdde5?s=96&d=mm&r=g\",\"caption\":\"Kisha Orthodhokse\"}}]}<\/script>\n<!-- \/ Yoast SEO plugin. -->","yoast_head_json":{"title":"Programi i Sh\u00ebrbesave Kishtare gjat\u00eb Jav\u00ebs s\u00eb Madhe dhe Shpjegimi i Jav\u00ebs s\u00eb Madhe. (Prill 2008) - Kisha Orthodh\u03bfkse Autoqefale e Shqip\u00ebris\u00eb","robots":{"index":"index","follow":"follow","max-snippet":"max-snippet:-1","max-image-preview":"max-image-preview:large","max-video-preview":"max-video-preview:-1"},"canonical":"https:\/\/orthodoxalbania.org\/2020\/2008\/02\/26\/programi-i-sherbesave-kishtare-gjate-javes-se-madhe-dhe-shpjegimi-i-javes-se-madhe-prill-2008\/","og_locale":"en_US","og_type":"article","og_title":"Programi i Sh\u00ebrbesave Kishtare gjat\u00eb Jav\u00ebs s\u00eb Madhe dhe Shpjegimi i Jav\u00ebs s\u00eb Madhe. (Prill 2008) - Kisha Orthodh\u03bfkse Autoqefale e Shqip\u00ebris\u00eb","og_description":"E DIELA E DAFINAVE &nbsp;&nbsp;(20 PRILL) M\u00cbNGJESORJA \u2013 LITURGJIA HYJNORE \u2013 NDARJA E DAFINAVE SH\u00cbRBESA E DH\u00cbNDRIT &nbsp;&nbsp;&nbsp;&nbsp;&nbsp;&nbsp;&nbsp;&nbsp;&nbsp;&nbsp;&nbsp;&nbsp;&nbsp;&nbsp;&nbsp;&nbsp;&nbsp;&nbsp;&nbsp;&nbsp;&nbsp;&nbsp;&nbsp;&nbsp;&nbsp;&nbsp;&nbsp; ora&nbsp;&nbsp;&nbsp; 07:30 &nbsp;&nbsp;&nbsp;&nbsp;&nbsp;&nbsp;&nbsp;&nbsp;&nbsp;&nbsp;&nbsp;&nbsp;&nbsp;&nbsp;&nbsp;&nbsp;&nbsp;&nbsp;&nbsp;&nbsp;&nbsp;&nbsp;&nbsp;&nbsp;&nbsp;&nbsp;&nbsp;&nbsp;ora&nbsp;&nbsp;&nbsp; 18:00 &nbsp;&nbsp; E H\u00cbNA E MADHE &nbsp;&nbsp;(21 PRILL) LITURGJIA E T\u00cb PARASHENJT\u00cbRUARAVE SH\u00cbRBESA E DH\u00cbNDRIT &nbsp;&nbsp;&nbsp;&nbsp;&nbsp;&nbsp;&nbsp;&nbsp;&nbsp;&nbsp;&nbsp;&nbsp;&nbsp;&nbsp;&nbsp;&nbsp;&nbsp;&nbsp;&nbsp;&nbsp;&nbsp;&nbsp;&nbsp;&nbsp;&nbsp;&nbsp;&nbsp;&nbsp;ora&nbsp;&nbsp;&nbsp; 08:00 &nbsp;&nbsp;&nbsp;&nbsp;&nbsp;&nbsp;&nbsp;&nbsp;&nbsp;&nbsp;&nbsp;&nbsp;&nbsp;&nbsp;&nbsp;&nbsp;&nbsp;&nbsp;&nbsp;&nbsp;&nbsp;&nbsp;&nbsp;&nbsp;&nbsp;&nbsp;&nbsp;&nbsp;ora&nbsp;&nbsp;&nbsp; 18:00 &nbsp;&nbsp; E MARTA E MADHE &nbsp;&nbsp;(22 PRILL) LITURGJIA E T\u00cb PARASHENJT\u00cbRUARAVE SH\u00cbRBESA E DH\u00cbNDRIT &nbsp;&nbsp;&nbsp;&nbsp;&nbsp;&nbsp;&nbsp;&nbsp;&nbsp;&nbsp;&nbsp;&nbsp;&nbsp;&nbsp;&nbsp;&nbsp;&nbsp;&nbsp;&nbsp;&nbsp;&nbsp;&nbsp;&nbsp;&nbsp;&nbsp;&nbsp;&nbsp;&nbsp;ora&nbsp;&nbsp;&nbsp; 08:00 &nbsp;&nbsp;&nbsp;&nbsp;&nbsp;&nbsp;&nbsp;&nbsp;&nbsp;&nbsp;&nbsp;&nbsp;&nbsp;&nbsp;&nbsp;&nbsp;&nbsp;&nbsp;&nbsp;&nbsp;&nbsp;&nbsp;&nbsp;&nbsp;&nbsp;&nbsp;&nbsp;&nbsp;ora&nbsp;&nbsp;&nbsp; 18:00 &nbsp;&nbsp; E M\u00cbRKURA E MADHE&nbsp; &nbsp;(23 PRILL)","og_url":"https:\/\/orthodoxalbania.org\/2020\/2008\/02\/26\/programi-i-sherbesave-kishtare-gjate-javes-se-madhe-dhe-shpjegimi-i-javes-se-madhe-prill-2008\/","og_site_name":"Kisha Orthodh\u03bfkse Autoqefale e Shqip\u00ebris\u00eb","article_publisher":"https:\/\/www.facebook.com\/koash1991","article_published_time":"2008-02-26T00:00:00+00:00","article_modified_time":"2020-04-06T20:35:16+00:00","og_image":[{"url":"https:\/\/lh5.googleusercontent.com\/-VSjPSRrHaWI\/VIwRQDHkgqI\/AAAAAAAAHdg\/yab9wp6FNiM\/w321-h450-no\/foto%2B2%2B-%2BNgjallja%2Binternet.jpg","type":"","width":"","height":""}],"author":"Kisha Orthodhokse","twitter_card":"summary_large_image","twitter_misc":{"Written by":"Kisha Orthodhokse","Est. reading time":"10 minutes"},"schema":{"@context":"https:\/\/schema.org","@graph":[{"@type":"Article","@id":"https:\/\/orthodoxalbania.org\/2020\/2008\/02\/26\/programi-i-sherbesave-kishtare-gjate-javes-se-madhe-dhe-shpjegimi-i-javes-se-madhe-prill-2008\/#article","isPartOf":{"@id":"https:\/\/orthodoxalbania.org\/2020\/2008\/02\/26\/programi-i-sherbesave-kishtare-gjate-javes-se-madhe-dhe-shpjegimi-i-javes-se-madhe-prill-2008\/"},"author":{"name":"Kisha Orthodhokse","@id":"https:\/\/orthodoxalbania.org\/2020\/#\/schema\/person\/0c387634a7063ac612d7ed9ce71c7e86"},"headline":"Programi i Sh\u00ebrbesave Kishtare gjat\u00eb Jav\u00ebs s\u00eb Madhe dhe Shpjegimi i Jav\u00ebs s\u00eb Madhe. (Prill 2008)","datePublished":"2008-02-26T00:00:00+00:00","dateModified":"2020-04-06T20:35:16+00:00","mainEntityOfPage":{"@id":"https:\/\/orthodoxalbania.org\/2020\/2008\/02\/26\/programi-i-sherbesave-kishtare-gjate-javes-se-madhe-dhe-shpjegimi-i-javes-se-madhe-prill-2008\/"},"wordCount":1932,"commentCount":0,"publisher":{"@id":"https:\/\/orthodoxalbania.org\/2020\/#organization"},"image":{"@id":"https:\/\/orthodoxalbania.org\/2020\/2008\/02\/26\/programi-i-sherbesave-kishtare-gjate-javes-se-madhe-dhe-shpjegimi-i-javes-se-madhe-prill-2008\/#primaryimage"},"thumbnailUrl":"https:\/\/lh5.googleusercontent.com\/-VSjPSRrHaWI\/VIwRQDHkgqI\/AAAAAAAAHdg\/yab9wp6FNiM\/w321-h450-no\/foto%2B2%2B-%2BNgjallja%2Binternet.jpg","keywords":["2008","Kryepiskopata Tiran\u00eb","lajme","Pashk\u00eb"],"articleSection":["Lajme"],"inLanguage":"en-US"},{"@type":"WebPage","@id":"https:\/\/orthodoxalbania.org\/2020\/2008\/02\/26\/programi-i-sherbesave-kishtare-gjate-javes-se-madhe-dhe-shpjegimi-i-javes-se-madhe-prill-2008\/","url":"https:\/\/orthodoxalbania.org\/2020\/2008\/02\/26\/programi-i-sherbesave-kishtare-gjate-javes-se-madhe-dhe-shpjegimi-i-javes-se-madhe-prill-2008\/","name":"Programi i Sh\u00ebrbesave Kishtare gjat\u00eb Jav\u00ebs s\u00eb Madhe dhe Shpjegimi i Jav\u00ebs s\u00eb Madhe. (Prill 2008) - Kisha Orthodh\u03bfkse Autoqefale e Shqip\u00ebris\u00eb","isPartOf":{"@id":"https:\/\/orthodoxalbania.org\/2020\/#website"},"primaryImageOfPage":{"@id":"https:\/\/orthodoxalbania.org\/2020\/2008\/02\/26\/programi-i-sherbesave-kishtare-gjate-javes-se-madhe-dhe-shpjegimi-i-javes-se-madhe-prill-2008\/#primaryimage"},"image":{"@id":"https:\/\/orthodoxalbania.org\/2020\/2008\/02\/26\/programi-i-sherbesave-kishtare-gjate-javes-se-madhe-dhe-shpjegimi-i-javes-se-madhe-prill-2008\/#primaryimage"},"thumbnailUrl":"https:\/\/lh5.googleusercontent.com\/-VSjPSRrHaWI\/VIwRQDHkgqI\/AAAAAAAAHdg\/yab9wp6FNiM\/w321-h450-no\/foto%2B2%2B-%2BNgjallja%2Binternet.jpg","datePublished":"2008-02-26T00:00:00+00:00","dateModified":"2020-04-06T20:35:16+00:00","breadcrumb":{"@id":"https:\/\/orthodoxalbania.org\/2020\/2008\/02\/26\/programi-i-sherbesave-kishtare-gjate-javes-se-madhe-dhe-shpjegimi-i-javes-se-madhe-prill-2008\/#breadcrumb"},"inLanguage":"en-US","potentialAction":[{"@type":"ReadAction","target":["https:\/\/orthodoxalbania.org\/2020\/2008\/02\/26\/programi-i-sherbesave-kishtare-gjate-javes-se-madhe-dhe-shpjegimi-i-javes-se-madhe-prill-2008\/"]}]},{"@type":"ImageObject","inLanguage":"en-US","@id":"https:\/\/orthodoxalbania.org\/2020\/2008\/02\/26\/programi-i-sherbesave-kishtare-gjate-javes-se-madhe-dhe-shpjegimi-i-javes-se-madhe-prill-2008\/#primaryimage","url":"https:\/\/lh5.googleusercontent.com\/-VSjPSRrHaWI\/VIwRQDHkgqI\/AAAAAAAAHdg\/yab9wp6FNiM\/w321-h450-no\/foto%2B2%2B-%2BNgjallja%2Binternet.jpg","contentUrl":"https:\/\/lh5.googleusercontent.com\/-VSjPSRrHaWI\/VIwRQDHkgqI\/AAAAAAAAHdg\/yab9wp6FNiM\/w321-h450-no\/foto%2B2%2B-%2BNgjallja%2Binternet.jpg"},{"@type":"BreadcrumbList","@id":"https:\/\/orthodoxalbania.org\/2020\/2008\/02\/26\/programi-i-sherbesave-kishtare-gjate-javes-se-madhe-dhe-shpjegimi-i-javes-se-madhe-prill-2008\/#breadcrumb","itemListElement":[{"@type":"ListItem","position":1,"name":"Home","item":"https:\/\/orthodoxalbania.org\/2020\/"},{"@type":"ListItem","position":2,"name":"Programi i Sh\u00ebrbesave Kishtare gjat\u00eb Jav\u00ebs s\u00eb Madhe dhe Shpjegimi i Jav\u00ebs s\u00eb Madhe. (Prill 2008)"}]},{"@type":"WebSite","@id":"https:\/\/orthodoxalbania.org\/2020\/#website","url":"https:\/\/orthodoxalbania.org\/2020\/","name":"Kisha Orthodh\u03bfkse Autoqefale e Shqip\u00ebris\u00eb","description":"Fqja Zyrtare e Kish\u00ebs Orthodhokse Autoqefale e Shqip\u00ebris\u00eb me lajmet edhe informacionet zyrtare p\u00ebr struktur\u00ebn edhe veprimtarin e saj.","publisher":{"@id":"https:\/\/orthodoxalbania.org\/2020\/#organization"},"potentialAction":[{"@type":"SearchAction","target":{"@type":"EntryPoint","urlTemplate":"https:\/\/orthodoxalbania.org\/2020\/?s={search_term_string}"},"query-input":{"@type":"PropertyValueSpecification","valueRequired":true,"valueName":"search_term_string"}}],"inLanguage":"en-US"},{"@type":"Organization","@id":"https:\/\/orthodoxalbania.org\/2020\/#organization","name":"Kisha Orthodhokse Autoqefale e Shqip\u00ebris\u00eb","url":"https:\/\/orthodoxalbania.org\/2020\/","logo":{"@type":"ImageObject","inLanguage":"en-US","@id":"https:\/\/orthodoxalbania.org\/2020\/#\/schema\/logo\/image\/","url":"https:\/\/orthodoxalbania.org\/2020\/wp-content\/uploads\/2020\/05\/albania.jpeg","contentUrl":"https:\/\/orthodoxalbania.org\/2020\/wp-content\/uploads\/2020\/05\/albania.jpeg","width":540,"height":540,"caption":"Kisha Orthodhokse Autoqefale e Shqip\u00ebris\u00eb"},"image":{"@id":"https:\/\/orthodoxalbania.org\/2020\/#\/schema\/logo\/image\/"},"sameAs":["https:\/\/www.facebook.com\/koash1991"]},{"@type":"Person","@id":"https:\/\/orthodoxalbania.org\/2020\/#\/schema\/person\/0c387634a7063ac612d7ed9ce71c7e86","name":"Kisha Orthodhokse","image":{"@type":"ImageObject","inLanguage":"en-US","@id":"https:\/\/secure.gravatar.com\/avatar\/596e7c417251e30f2fbb9c00e026fce61a695a00e51c889caded71c96cbbdde5?s=96&d=mm&r=g","url":"https:\/\/secure.gravatar.com\/avatar\/596e7c417251e30f2fbb9c00e026fce61a695a00e51c889caded71c96cbbdde5?s=96&d=mm&r=g","contentUrl":"https:\/\/secure.gravatar.com\/avatar\/596e7c417251e30f2fbb9c00e026fce61a695a00e51c889caded71c96cbbdde5?s=96&d=mm&r=g","caption":"Kisha Orthodhokse"}}]}},"_links":{"self":[{"href":"https:\/\/orthodoxalbania.org\/2020\/wp-json\/wp\/v2\/posts\/1137","targetHints":{"allow":["GET"]}}],"collection":[{"href":"https:\/\/orthodoxalbania.org\/2020\/wp-json\/wp\/v2\/posts"}],"about":[{"href":"https:\/\/orthodoxalbania.org\/2020\/wp-json\/wp\/v2\/types\/post"}],"author":[{"embeddable":true,"href":"https:\/\/orthodoxalbania.org\/2020\/wp-json\/wp\/v2\/users\/1"}],"replies":[{"embeddable":true,"href":"https:\/\/orthodoxalbania.org\/2020\/wp-json\/wp\/v2\/comments?post=1137"}],"version-history":[{"count":1,"href":"https:\/\/orthodoxalbania.org\/2020\/wp-json\/wp\/v2\/posts\/1137\/revisions"}],"predecessor-version":[{"id":15637,"href":"https:\/\/orthodoxalbania.org\/2020\/wp-json\/wp\/v2\/posts\/1137\/revisions\/15637"}],"wp:attachment":[{"href":"https:\/\/orthodoxalbania.org\/2020\/wp-json\/wp\/v2\/media?parent=1137"}],"wp:term":[{"taxonomy":"category","embeddable":true,"href":"https:\/\/orthodoxalbania.org\/2020\/wp-json\/wp\/v2\/categories?post=1137"},{"taxonomy":"post_tag","embeddable":true,"href":"https:\/\/orthodoxalbania.org\/2020\/wp-json\/wp\/v2\/tags?post=1137"}],"curies":[{"name":"wp","href":"https:\/\/api.w.org\/{rel}","templated":true}]}}