{"id":1134,"date":"2009-03-13T10:25:00","date_gmt":"2009-03-13T10:25:00","guid":{"rendered":""},"modified":"2020-04-06T22:35:09","modified_gmt":"2020-04-06T20:35:09","slug":"program-festiv-per-krishtlindjet-ne-akademine-teologjike-ngjallja-e-krishtit-durres","status":"publish","type":"post","link":"https:\/\/orthodoxalbania.org\/2020\/2009\/03\/13\/program-festiv-per-krishtlindjet-ne-akademine-teologjike-ngjallja-e-krishtit-durres\/","title":{"rendered":"Program festiv p\u00ebr Krishtlindjet n\u00eb Akademin\u00eb Teologjike \u201cNgjallja e Krishtit\u201d, Durr\u00ebs. (21 Dhjetor 2009)"},"content":{"rendered":"<div>&nbsp;<\/div>\n<table border=\"0\">\n<tbody>\n<tr>\n<td>\n<div><span style=\"color: #000000;\"><span style=\"font-family: tahoma,geneva,sans-serif;\"><span style=\"font-size: 12px;\"><img decoding=\"async\" class=\"lazyload HAa Eha\" style=\"height: 225px; width: 300px; border-width: 1px; border-style: solid; margin: 10px auto; display: block;\" alt=\"\" src=\"data:image\/gif;base64,R0lGODlhAQABAAAAACH5BAEKAAEALAAAAAABAAEAAAICTAEAOw==\" data-orig-src=\"https:\/\/lh4.googleusercontent.com\/-x6S8aRFUN_c\/U_2acGP7y-I\/AAAAAAAABS4\/6Mp2cs9R34g\/w448-h336-no\/1.JPG\" \/><\/span><\/span><\/span><\/div>\n<\/td>\n<td>\n<div class=\"style2\" style=\"text-align: justify;\"><span style=\"color: #000000;\"><span style=\"font-family: tahoma,geneva,sans-serif;\"><span style=\"font-size: 12px;\">&nbsp;&nbsp;&nbsp; Pasditja e 21 dhjetorit ishte ndryshe nga t\u00eb tjerat n\u00eb ambientet e Akademis\u00eb Teologjike. T\u00eb gjitha zbukurimet tregonin n\u00eb heshtje se edhe bredhi, edhe stolit\u00eb bashk\u00eb me drit\u00ebzat e gjendura gjithandej, e kishin gjetur dometh\u00ebnien e pritjes. Dukej se zbukurimet e jashtme p\u00ebrplot\u00ebsonin shprehjen e g\u00ebzimit t\u00eb brendsh\u00ebm q\u00eb sjell lindja e Shp\u00ebtimtarit. <\/span><\/span><\/span><\/div>\n<\/td>\n<\/tr>\n<tr>\n<td>\n<div class=\"style2\" style=\"text-align: justify;\"><span style=\"color: #000000;\"><span style=\"font-family: tahoma,geneva,sans-serif;\"><span style=\"font-size: 12px;\">&nbsp;&nbsp;&nbsp; Student\u00ebt e Akademis\u00eb, nx\u00ebn\u00ebsit e Liceut Kishtar \u201cKryqi i nderuar\u201d t\u00eb ardhur nga Sukthi dhe f\u00ebmij\u00ebt e Sht\u00ebpis\u00eb \u201cShpresa\u201d u mblodh\u00ebn s\u00eb bashku n\u00eb nj\u00eb takim festiv p\u00ebr t\u00eb kujtuar ardhjen n\u00eb bot\u00eb t\u00eb Krishtit foshnje. Ata krijuan nj\u00eb atmosfer\u00eb t\u00eb paharrueshme, me ngjyrat e \u00ebmbla t\u00eb g\u00ebzimit.<\/span><\/span><\/span><\/div>\n<div class=\"style2\" style=\"text-align: justify;\"> <span style=\"color: #000000;\"><span style=\"font-family: tahoma,geneva,sans-serif;\"><span style=\"font-size: 12px;\">&nbsp;&nbsp;&nbsp; Thjesht dhe bukur, me program plot befasi, k\u00ebndime, lexime dhe interpretime origjinale nga organizator\u00ebt, u prezantua mesazhi i k\u00ebsaj dite t\u00eb shenjt\u00eb q\u00eb m\u00eb shum\u00eb se kujtdo tjet\u00ebr iu p\u00ebrket p\u00ebr ta festuar me harmoni f\u00ebmij\u00ebve dhe t\u00eb rinjve.<\/span><\/span><\/span><\/div>\n<div class=\"style2\" style=\"text-align: justify;\"> <span style=\"color: #000000;\"><span style=\"font-family: tahoma,geneva,sans-serif;\"><span style=\"font-size: 12px;\">&nbsp;&nbsp;&nbsp; Kori i Akademis\u00eb e \u00e7eli veprimtarin\u00eb me himnin \u201cVirgj\u00ebresha lindi sot\u201d e m\u00eb pas vijuan lexime me histori Krishtlindjesh, mesazhe nga liceist\u00ebt dhe k\u00ebng\u00eb e k\u00ebrcime bashk\u00eb m\u00eb nj\u00eb dram\u00eb kuptimplot\u00eb nga f\u00ebmij\u00ebt. <\/span><\/span><\/span><\/div>\n<\/td>\n<td>\n<div><span style=\"color: #000000;\"><span style=\"font-family: tahoma,geneva,sans-serif;\"><span style=\"font-size: 12px;\"><img decoding=\"async\" class=\"lazyload HAa Eha\" style=\"height: 448px; width: 336px; border-width: 1px; border-style: solid; margin: 10px auto; display: block;\" alt=\"\" src=\"data:image\/gif;base64,R0lGODlhAQABAAAAACH5BAEKAAEALAAAAAABAAEAAAICTAEAOw==\" data-orig-src=\"https:\/\/lh3.googleusercontent.com\/-Rvn9bILibXQ\/U_2acr-ak4I\/AAAAAAAABTE\/PSO-z31u-RI\/w336-h448-no\/2.JPG\" \/><\/span><\/span><\/span><\/div>\n<\/td>\n<\/tr>\n<tr>\n<td>\n<div><span style=\"color: #000000;\"><span style=\"font-family: tahoma,geneva,sans-serif;\"><span style=\"font-size: 12px;\"><img decoding=\"async\" class=\"lazyload HAa Eha\" style=\"height: 225px; width: 300px; border-width: 1px; border-style: solid; margin: 10px auto; display: block;\" alt=\"\" src=\"data:image\/gif;base64,R0lGODlhAQABAAAAACH5BAEKAAEALAAAAAABAAEAAAICTAEAOw==\" data-orig-src=\"https:\/\/lh3.googleusercontent.com\/-pNWq2Ml_fB8\/U_2acp6yFbI\/AAAAAAAABTI\/09FyECXf_n8\/w448-h336-no\/3.JPG\" \/><\/span><\/span><\/span><\/div>\n<\/td>\n<td>\n<div class=\"style2\" style=\"text-align: justify;\"><span style=\"color: #000000;\"><span style=\"font-family: tahoma,geneva,sans-serif;\"><span style=\"font-size: 12px;\"><span class=\"style13\">&nbsp;&nbsp;&nbsp; Surprizat kishin vendin e tyre, duke ndar\u00eb bashk\u00eb me g\u00ebzimin edhe dhuratat e rastit p\u00ebr \u201cfatlum\u00ebt\u201d. Kryqe, ikona, komboskina dhe dhurata t\u00eb tjera p\u00ebr t\u00eb pranishmit, q\u00eb kjo fest\u00eb t\u00eb gjurmoj\u00eb n\u00eb kujtes\u00eb. N\u00eb fund t\u00eb aktivitetit, programi vijoi me k\u00ebng\u00eb e valle dhe nj\u00eb kokteil t\u00eb p\u00ebrgatitur p\u00ebr t\u00eb gjith\u00eb t\u00eb pranishmit. &nbsp;&nbsp;&nbsp;<\/span><span class=\"style14\"><\/span><\/span><\/span><\/span><\/div>\n<\/td>\n<\/tr>\n<tr>\n<td>\n<div><span style=\"color: #000000;\"><span style=\"font-family: tahoma,geneva,sans-serif;\"><span style=\"font-size: 12px;\"><img decoding=\"async\" class=\"lazyload HAa Eha\" style=\"height: 225px; width: 300px; border-width: 1px; border-style: solid; margin: 10px auto; display: block;\" alt=\"\" src=\"data:image\/gif;base64,R0lGODlhAQABAAAAACH5BAEKAAEALAAAAAABAAEAAAICTAEAOw==\" data-orig-src=\"https:\/\/lh5.googleusercontent.com\/-lS2KNUCk8jM\/U_2ad2qftRI\/AAAAAAAABT0\/sWl9riThdXE\/w448-h336-no\/5.JPG\" \/><\/span><\/span><\/span><\/div>\n<\/td>\n<td>\n<div><span style=\"color: #000000;\"><span style=\"font-family: tahoma,geneva,sans-serif;\"><span style=\"font-size: 12px;\"><img decoding=\"async\" class=\"lazyload HAa Eha\" style=\"height: 225px; width: 300px; border-width: 1px; border-style: solid; margin: 10px auto; display: block;\" alt=\"\" src=\"data:image\/gif;base64,R0lGODlhAQABAAAAACH5BAEKAAEALAAAAAABAAEAAAICTAEAOw==\" data-orig-src=\"https:\/\/lh4.googleusercontent.com\/-ftraOddTYHQ\/U_2adImB4AI\/AAAAAAAABTU\/E2yWahdewtM\/w448-h336-no\/4.JPG\" \/><\/span><\/span><\/span><\/div>\n<\/td>\n<\/tr>\n<tr>\n<td>\n<div><span style=\"color: #000000;\"><span style=\"font-family: tahoma,geneva,sans-serif;\"><span style=\"font-size: 12px;\"><img decoding=\"async\" class=\"lazyload HAa Eha\" style=\"height: 225px; width: 300px; border-width: 1px; border-style: solid; margin: 10px auto; display: block;\" alt=\"\" src=\"data:image\/gif;base64,R0lGODlhAQABAAAAACH5BAEKAAEALAAAAAABAAEAAAICTAEAOw==\" data-orig-src=\"https:\/\/lh3.googleusercontent.com\/-gwDVuClEKdw\/U_2aepQaJXI\/AAAAAAAABTg\/OBysZGcpuWM\/w448-h336-no\/6.JPG\" \/><\/span><\/span><\/span><\/div>\n<\/td>\n<td>\n<div><span style=\"color: #000000;\"><span style=\"font-family: tahoma,geneva,sans-serif;\"><span style=\"font-size: 12px;\"><img decoding=\"async\" class=\"lazyload HAa Eha\" style=\"height: 225px; width: 300px; border-width: 1px; border-style: solid; margin: 10px auto; display: block;\" alt=\"\" src=\"data:image\/gif;base64,R0lGODlhAQABAAAAACH5BAEKAAEALAAAAAABAAEAAAICTAEAOw==\" data-orig-src=\"https:\/\/lh3.googleusercontent.com\/-5GHW6JRzqaI\/U_2aewYdjwI\/AAAAAAAABTo\/M7M2mjhjqag\/w448-h336-no\/7.JPG\" \/><\/span><\/span><\/span><\/div>\n<\/td>\n<\/tr>\n<tr>\n<td>\n<div><span style=\"color: #000000;\"><span style=\"font-family: tahoma,geneva,sans-serif;\"><span style=\"font-size: 12px;\"><img decoding=\"async\" class=\"lazyload HAa Eha\" style=\"height: 225px; width: 300px; border-width: 1px; border-style: solid; margin: 10px auto; display: block;\" alt=\"\" src=\"data:image\/gif;base64,R0lGODlhAQABAAAAACH5BAEKAAEALAAAAAABAAEAAAICTAEAOw==\" data-orig-src=\"https:\/\/lh4.googleusercontent.com\/-mqM1a1d2Iyg\/U_2afbzqkPI\/AAAAAAAABTs\/igWWgr-AgL8\/w448-h336-no\/8.JPG\" \/><\/span><\/span><\/span><\/div>\n<\/td>\n<td>\n<div><span style=\"color: #000000;\"><span style=\"font-family: tahoma,geneva,sans-serif;\"><span style=\"font-size: 12px;\"><img decoding=\"async\" class=\"lazyload HAa Eha\" style=\"height: 225px; width: 300px; border-width: 1px; border-style: solid; margin: 10px auto; display: block;\" alt=\"\" src=\"data:image\/gif;base64,R0lGODlhAQABAAAAACH5BAEKAAEALAAAAAABAAEAAAICTAEAOw==\" data-orig-src=\"https:\/\/lh4.googleusercontent.com\/-_UMfqpavFqI\/U_2afg0dN-I\/AAAAAAAABT4\/r8eprzlvWkA\/w448-h336-no\/9.JPG\" \/><\/span><\/span><\/span><\/div>\n<\/td>\n<\/tr>\n<tr>\n<td>\n<div><span style=\"color: #000000;\"><span style=\"font-family: tahoma,geneva,sans-serif;\"><span style=\"font-size: 12px;\"><strong>Isidor Koti<\/strong><\/span><\/span><\/span><\/div>\n<\/td>\n<td>\n<div>&nbsp;<\/div>\n<\/td>\n<\/tr>\n<\/tbody>\n<\/table>\n","protected":false},"excerpt":{"rendered":"<p>&nbsp; &nbsp;&nbsp;&nbsp; Pasditja e 21 dhjetorit ishte ndryshe nga t\u00eb tjerat n\u00eb ambientet e Akademis\u00eb Teologjike. T\u00eb gjitha zbukurimet tregonin n\u00eb heshtje se edhe bredhi, edhe stolit\u00eb bashk\u00eb me drit\u00ebzat e gjendura gjithandej, e kishin gjetur dometh\u00ebnien e pritjes. Dukej se zbukurimet e jashtme p\u00ebrplot\u00ebsonin shprehjen e g\u00ebzimit t\u00eb brendsh\u00ebm q\u00eb sjell lindja e Shp\u00ebtimtarit. &nbsp;&nbsp;&nbsp; Student\u00ebt e Akademis\u00eb, nx\u00ebn\u00ebsit e Liceut Kishtar \u201cKryqi i<\/p>\n","protected":false},"author":1,"featured_media":0,"comment_status":"open","ping_status":"open","sticky":false,"template":"","format":"standard","meta":{"_acf_changed":false,"pagelayer_contact_templates":[],"_pagelayer_content":"","inline_featured_image":false,"fifu_image_url":"","fifu_image_alt":"","footnotes":""},"categories":[108],"tags":[145,169,192,196,212],"class_list":["post-1134","post","type-post","status-publish","format-standard","hentry","category-lajme","tag-145","tag-akademia-teologjike","tag-krishtlindje","tag-tirane","tag-lajme-d27"],"acf":[],"yoast_head":"<!-- This site is optimized with the Yoast SEO plugin v27.2 - https:\/\/yoast.com\/product\/yoast-seo-wordpress\/ -->\n<title>Program festiv p\u00ebr Krishtlindjet n\u00eb Akademin\u00eb Teologjike \u201cNgjallja e Krishtit\u201d, Durr\u00ebs. (21 Dhjetor 2009) - Kisha Orthodh\u03bfkse Autoqefale e Shqip\u00ebris\u00eb<\/title>\n<meta name=\"robots\" content=\"index, follow, max-snippet:-1, max-image-preview:large, max-video-preview:-1\" \/>\n<link rel=\"canonical\" href=\"https:\/\/orthodoxalbania.org\/2020\/2009\/03\/13\/program-festiv-per-krishtlindjet-ne-akademine-teologjike-ngjallja-e-krishtit-durres\/\" \/>\n<meta property=\"og:locale\" content=\"en_US\" \/>\n<meta property=\"og:type\" content=\"article\" \/>\n<meta property=\"og:title\" content=\"Program festiv p\u00ebr Krishtlindjet n\u00eb Akademin\u00eb Teologjike \u201cNgjallja e Krishtit\u201d, Durr\u00ebs. (21 Dhjetor 2009) - Kisha Orthodh\u03bfkse Autoqefale e Shqip\u00ebris\u00eb\" \/>\n<meta property=\"og:description\" content=\"&nbsp; &nbsp;&nbsp;&nbsp; Pasditja e 21 dhjetorit ishte ndryshe nga t\u00eb tjerat n\u00eb ambientet e Akademis\u00eb Teologjike. T\u00eb gjitha zbukurimet tregonin n\u00eb heshtje se edhe bredhi, edhe stolit\u00eb bashk\u00eb me drit\u00ebzat e gjendura gjithandej, e kishin gjetur dometh\u00ebnien e pritjes. Dukej se zbukurimet e jashtme p\u00ebrplot\u00ebsonin shprehjen e g\u00ebzimit t\u00eb brendsh\u00ebm q\u00eb sjell lindja e Shp\u00ebtimtarit. &nbsp;&nbsp;&nbsp; Student\u00ebt e Akademis\u00eb, nx\u00ebn\u00ebsit e Liceut Kishtar \u201cKryqi i\" \/>\n<meta property=\"og:url\" content=\"https:\/\/orthodoxalbania.org\/2020\/2009\/03\/13\/program-festiv-per-krishtlindjet-ne-akademine-teologjike-ngjallja-e-krishtit-durres\/\" \/>\n<meta property=\"og:site_name\" content=\"Kisha Orthodh\u03bfkse Autoqefale e Shqip\u00ebris\u00eb\" \/>\n<meta property=\"article:publisher\" content=\"https:\/\/www.facebook.com\/koash1991\" \/>\n<meta property=\"article:published_time\" content=\"2009-03-13T10:25:00+00:00\" \/>\n<meta property=\"article:modified_time\" content=\"2020-04-06T20:35:09+00:00\" \/>\n<meta property=\"og:image\" content=\"https:\/\/lh4.googleusercontent.com\/-x6S8aRFUN_c\/U_2acGP7y-I\/AAAAAAAABS4\/6Mp2cs9R34g\/w448-h336-no\/1.JPG\" \/>\n<meta name=\"author\" content=\"Kisha Orthodhokse\" \/>\n<meta name=\"twitter:card\" content=\"summary_large_image\" \/>\n<meta name=\"twitter:label1\" content=\"Written by\" \/>\n\t<meta name=\"twitter:data1\" content=\"Kisha Orthodhokse\" \/>\n\t<meta name=\"twitter:label2\" content=\"Est. reading time\" \/>\n\t<meta name=\"twitter:data2\" content=\"1 minute\" \/>\n<script type=\"application\/ld+json\" class=\"yoast-schema-graph\">{\"@context\":\"https:\/\/schema.org\",\"@graph\":[{\"@type\":\"Article\",\"@id\":\"https:\/\/orthodoxalbania.org\/2020\/2009\/03\/13\/program-festiv-per-krishtlindjet-ne-akademine-teologjike-ngjallja-e-krishtit-durres\/#article\",\"isPartOf\":{\"@id\":\"https:\/\/orthodoxalbania.org\/2020\/2009\/03\/13\/program-festiv-per-krishtlindjet-ne-akademine-teologjike-ngjallja-e-krishtit-durres\/\"},\"author\":{\"name\":\"Kisha Orthodhokse\",\"@id\":\"https:\/\/orthodoxalbania.org\/2020\/#\/schema\/person\/0c387634a7063ac612d7ed9ce71c7e86\"},\"headline\":\"Program festiv p\u00ebr Krishtlindjet n\u00eb Akademin\u00eb Teologjike \u201cNgjallja e Krishtit\u201d, Durr\u00ebs. (21 Dhjetor 2009)\",\"datePublished\":\"2009-03-13T10:25:00+00:00\",\"dateModified\":\"2020-04-06T20:35:09+00:00\",\"mainEntityOfPage\":{\"@id\":\"https:\/\/orthodoxalbania.org\/2020\/2009\/03\/13\/program-festiv-per-krishtlindjet-ne-akademine-teologjike-ngjallja-e-krishtit-durres\/\"},\"wordCount\":298,\"commentCount\":0,\"publisher\":{\"@id\":\"https:\/\/orthodoxalbania.org\/2020\/#organization\"},\"image\":{\"@id\":\"https:\/\/orthodoxalbania.org\/2020\/2009\/03\/13\/program-festiv-per-krishtlindjet-ne-akademine-teologjike-ngjallja-e-krishtit-durres\/#primaryimage\"},\"thumbnailUrl\":\"https:\/\/lh4.googleusercontent.com\/-x6S8aRFUN_c\/U_2acGP7y-I\/AAAAAAAABS4\/6Mp2cs9R34g\/w448-h336-no\/1.JPG\",\"keywords\":[\"2009\",\"Akademia Teologjike\",\"Krishtlindje\",\"Kryepiskopata Tiran\u00eb\",\"lajme\"],\"articleSection\":[\"Lajme\"],\"inLanguage\":\"en-US\"},{\"@type\":\"WebPage\",\"@id\":\"https:\/\/orthodoxalbania.org\/2020\/2009\/03\/13\/program-festiv-per-krishtlindjet-ne-akademine-teologjike-ngjallja-e-krishtit-durres\/\",\"url\":\"https:\/\/orthodoxalbania.org\/2020\/2009\/03\/13\/program-festiv-per-krishtlindjet-ne-akademine-teologjike-ngjallja-e-krishtit-durres\/\",\"name\":\"Program festiv p\u00ebr Krishtlindjet n\u00eb Akademin\u00eb Teologjike \u201cNgjallja e Krishtit\u201d, Durr\u00ebs. (21 Dhjetor 2009) - Kisha Orthodh\u03bfkse Autoqefale e Shqip\u00ebris\u00eb\",\"isPartOf\":{\"@id\":\"https:\/\/orthodoxalbania.org\/2020\/#website\"},\"primaryImageOfPage\":{\"@id\":\"https:\/\/orthodoxalbania.org\/2020\/2009\/03\/13\/program-festiv-per-krishtlindjet-ne-akademine-teologjike-ngjallja-e-krishtit-durres\/#primaryimage\"},\"image\":{\"@id\":\"https:\/\/orthodoxalbania.org\/2020\/2009\/03\/13\/program-festiv-per-krishtlindjet-ne-akademine-teologjike-ngjallja-e-krishtit-durres\/#primaryimage\"},\"thumbnailUrl\":\"https:\/\/lh4.googleusercontent.com\/-x6S8aRFUN_c\/U_2acGP7y-I\/AAAAAAAABS4\/6Mp2cs9R34g\/w448-h336-no\/1.JPG\",\"datePublished\":\"2009-03-13T10:25:00+00:00\",\"dateModified\":\"2020-04-06T20:35:09+00:00\",\"breadcrumb\":{\"@id\":\"https:\/\/orthodoxalbania.org\/2020\/2009\/03\/13\/program-festiv-per-krishtlindjet-ne-akademine-teologjike-ngjallja-e-krishtit-durres\/#breadcrumb\"},\"inLanguage\":\"en-US\",\"potentialAction\":[{\"@type\":\"ReadAction\",\"target\":[\"https:\/\/orthodoxalbania.org\/2020\/2009\/03\/13\/program-festiv-per-krishtlindjet-ne-akademine-teologjike-ngjallja-e-krishtit-durres\/\"]}]},{\"@type\":\"ImageObject\",\"inLanguage\":\"en-US\",\"@id\":\"https:\/\/orthodoxalbania.org\/2020\/2009\/03\/13\/program-festiv-per-krishtlindjet-ne-akademine-teologjike-ngjallja-e-krishtit-durres\/#primaryimage\",\"url\":\"https:\/\/lh4.googleusercontent.com\/-x6S8aRFUN_c\/U_2acGP7y-I\/AAAAAAAABS4\/6Mp2cs9R34g\/w448-h336-no\/1.JPG\",\"contentUrl\":\"https:\/\/lh4.googleusercontent.com\/-x6S8aRFUN_c\/U_2acGP7y-I\/AAAAAAAABS4\/6Mp2cs9R34g\/w448-h336-no\/1.JPG\"},{\"@type\":\"BreadcrumbList\",\"@id\":\"https:\/\/orthodoxalbania.org\/2020\/2009\/03\/13\/program-festiv-per-krishtlindjet-ne-akademine-teologjike-ngjallja-e-krishtit-durres\/#breadcrumb\",\"itemListElement\":[{\"@type\":\"ListItem\",\"position\":1,\"name\":\"Home\",\"item\":\"https:\/\/orthodoxalbania.org\/2020\/\"},{\"@type\":\"ListItem\",\"position\":2,\"name\":\"Program festiv p\u00ebr Krishtlindjet n\u00eb Akademin\u00eb Teologjike \u201cNgjallja e Krishtit\u201d, Durr\u00ebs. (21 Dhjetor 2009)\"}]},{\"@type\":\"WebSite\",\"@id\":\"https:\/\/orthodoxalbania.org\/2020\/#website\",\"url\":\"https:\/\/orthodoxalbania.org\/2020\/\",\"name\":\"Kisha Orthodh\u03bfkse Autoqefale e Shqip\u00ebris\u00eb\",\"description\":\"Fqja Zyrtare e Kish\u00ebs Orthodhokse Autoqefale e Shqip\u00ebris\u00eb me lajmet edhe informacionet zyrtare p\u00ebr struktur\u00ebn edhe veprimtarin e saj.\",\"publisher\":{\"@id\":\"https:\/\/orthodoxalbania.org\/2020\/#organization\"},\"potentialAction\":[{\"@type\":\"SearchAction\",\"target\":{\"@type\":\"EntryPoint\",\"urlTemplate\":\"https:\/\/orthodoxalbania.org\/2020\/?s={search_term_string}\"},\"query-input\":{\"@type\":\"PropertyValueSpecification\",\"valueRequired\":true,\"valueName\":\"search_term_string\"}}],\"inLanguage\":\"en-US\"},{\"@type\":\"Organization\",\"@id\":\"https:\/\/orthodoxalbania.org\/2020\/#organization\",\"name\":\"Kisha Orthodhokse Autoqefale e Shqip\u00ebris\u00eb\",\"url\":\"https:\/\/orthodoxalbania.org\/2020\/\",\"logo\":{\"@type\":\"ImageObject\",\"inLanguage\":\"en-US\",\"@id\":\"https:\/\/orthodoxalbania.org\/2020\/#\/schema\/logo\/image\/\",\"url\":\"https:\/\/orthodoxalbania.org\/2020\/wp-content\/uploads\/2020\/05\/albania.jpeg\",\"contentUrl\":\"https:\/\/orthodoxalbania.org\/2020\/wp-content\/uploads\/2020\/05\/albania.jpeg\",\"width\":540,\"height\":540,\"caption\":\"Kisha Orthodhokse Autoqefale e Shqip\u00ebris\u00eb\"},\"image\":{\"@id\":\"https:\/\/orthodoxalbania.org\/2020\/#\/schema\/logo\/image\/\"},\"sameAs\":[\"https:\/\/www.facebook.com\/koash1991\"]},{\"@type\":\"Person\",\"@id\":\"https:\/\/orthodoxalbania.org\/2020\/#\/schema\/person\/0c387634a7063ac612d7ed9ce71c7e86\",\"name\":\"Kisha Orthodhokse\",\"image\":{\"@type\":\"ImageObject\",\"inLanguage\":\"en-US\",\"@id\":\"https:\/\/secure.gravatar.com\/avatar\/596e7c417251e30f2fbb9c00e026fce61a695a00e51c889caded71c96cbbdde5?s=96&d=mm&r=g\",\"url\":\"https:\/\/secure.gravatar.com\/avatar\/596e7c417251e30f2fbb9c00e026fce61a695a00e51c889caded71c96cbbdde5?s=96&d=mm&r=g\",\"contentUrl\":\"https:\/\/secure.gravatar.com\/avatar\/596e7c417251e30f2fbb9c00e026fce61a695a00e51c889caded71c96cbbdde5?s=96&d=mm&r=g\",\"caption\":\"Kisha Orthodhokse\"}}]}<\/script>\n<!-- \/ Yoast SEO plugin. -->","yoast_head_json":{"title":"Program festiv p\u00ebr Krishtlindjet n\u00eb Akademin\u00eb Teologjike \u201cNgjallja e Krishtit\u201d, Durr\u00ebs. (21 Dhjetor 2009) - Kisha Orthodh\u03bfkse Autoqefale e Shqip\u00ebris\u00eb","robots":{"index":"index","follow":"follow","max-snippet":"max-snippet:-1","max-image-preview":"max-image-preview:large","max-video-preview":"max-video-preview:-1"},"canonical":"https:\/\/orthodoxalbania.org\/2020\/2009\/03\/13\/program-festiv-per-krishtlindjet-ne-akademine-teologjike-ngjallja-e-krishtit-durres\/","og_locale":"en_US","og_type":"article","og_title":"Program festiv p\u00ebr Krishtlindjet n\u00eb Akademin\u00eb Teologjike \u201cNgjallja e Krishtit\u201d, Durr\u00ebs. (21 Dhjetor 2009) - Kisha Orthodh\u03bfkse Autoqefale e Shqip\u00ebris\u00eb","og_description":"&nbsp; &nbsp;&nbsp;&nbsp; Pasditja e 21 dhjetorit ishte ndryshe nga t\u00eb tjerat n\u00eb ambientet e Akademis\u00eb Teologjike. T\u00eb gjitha zbukurimet tregonin n\u00eb heshtje se edhe bredhi, edhe stolit\u00eb bashk\u00eb me drit\u00ebzat e gjendura gjithandej, e kishin gjetur dometh\u00ebnien e pritjes. Dukej se zbukurimet e jashtme p\u00ebrplot\u00ebsonin shprehjen e g\u00ebzimit t\u00eb brendsh\u00ebm q\u00eb sjell lindja e Shp\u00ebtimtarit. &nbsp;&nbsp;&nbsp; Student\u00ebt e Akademis\u00eb, nx\u00ebn\u00ebsit e Liceut Kishtar \u201cKryqi i","og_url":"https:\/\/orthodoxalbania.org\/2020\/2009\/03\/13\/program-festiv-per-krishtlindjet-ne-akademine-teologjike-ngjallja-e-krishtit-durres\/","og_site_name":"Kisha Orthodh\u03bfkse Autoqefale e Shqip\u00ebris\u00eb","article_publisher":"https:\/\/www.facebook.com\/koash1991","article_published_time":"2009-03-13T10:25:00+00:00","article_modified_time":"2020-04-06T20:35:09+00:00","og_image":[{"url":"https:\/\/lh4.googleusercontent.com\/-x6S8aRFUN_c\/U_2acGP7y-I\/AAAAAAAABS4\/6Mp2cs9R34g\/w448-h336-no\/1.JPG","type":"","width":"","height":""}],"author":"Kisha Orthodhokse","twitter_card":"summary_large_image","twitter_misc":{"Written by":"Kisha Orthodhokse","Est. reading time":"1 minute"},"schema":{"@context":"https:\/\/schema.org","@graph":[{"@type":"Article","@id":"https:\/\/orthodoxalbania.org\/2020\/2009\/03\/13\/program-festiv-per-krishtlindjet-ne-akademine-teologjike-ngjallja-e-krishtit-durres\/#article","isPartOf":{"@id":"https:\/\/orthodoxalbania.org\/2020\/2009\/03\/13\/program-festiv-per-krishtlindjet-ne-akademine-teologjike-ngjallja-e-krishtit-durres\/"},"author":{"name":"Kisha Orthodhokse","@id":"https:\/\/orthodoxalbania.org\/2020\/#\/schema\/person\/0c387634a7063ac612d7ed9ce71c7e86"},"headline":"Program festiv p\u00ebr Krishtlindjet n\u00eb Akademin\u00eb Teologjike \u201cNgjallja e Krishtit\u201d, Durr\u00ebs. (21 Dhjetor 2009)","datePublished":"2009-03-13T10:25:00+00:00","dateModified":"2020-04-06T20:35:09+00:00","mainEntityOfPage":{"@id":"https:\/\/orthodoxalbania.org\/2020\/2009\/03\/13\/program-festiv-per-krishtlindjet-ne-akademine-teologjike-ngjallja-e-krishtit-durres\/"},"wordCount":298,"commentCount":0,"publisher":{"@id":"https:\/\/orthodoxalbania.org\/2020\/#organization"},"image":{"@id":"https:\/\/orthodoxalbania.org\/2020\/2009\/03\/13\/program-festiv-per-krishtlindjet-ne-akademine-teologjike-ngjallja-e-krishtit-durres\/#primaryimage"},"thumbnailUrl":"https:\/\/lh4.googleusercontent.com\/-x6S8aRFUN_c\/U_2acGP7y-I\/AAAAAAAABS4\/6Mp2cs9R34g\/w448-h336-no\/1.JPG","keywords":["2009","Akademia Teologjike","Krishtlindje","Kryepiskopata Tiran\u00eb","lajme"],"articleSection":["Lajme"],"inLanguage":"en-US"},{"@type":"WebPage","@id":"https:\/\/orthodoxalbania.org\/2020\/2009\/03\/13\/program-festiv-per-krishtlindjet-ne-akademine-teologjike-ngjallja-e-krishtit-durres\/","url":"https:\/\/orthodoxalbania.org\/2020\/2009\/03\/13\/program-festiv-per-krishtlindjet-ne-akademine-teologjike-ngjallja-e-krishtit-durres\/","name":"Program festiv p\u00ebr Krishtlindjet n\u00eb Akademin\u00eb Teologjike \u201cNgjallja e Krishtit\u201d, Durr\u00ebs. (21 Dhjetor 2009) - Kisha Orthodh\u03bfkse Autoqefale e Shqip\u00ebris\u00eb","isPartOf":{"@id":"https:\/\/orthodoxalbania.org\/2020\/#website"},"primaryImageOfPage":{"@id":"https:\/\/orthodoxalbania.org\/2020\/2009\/03\/13\/program-festiv-per-krishtlindjet-ne-akademine-teologjike-ngjallja-e-krishtit-durres\/#primaryimage"},"image":{"@id":"https:\/\/orthodoxalbania.org\/2020\/2009\/03\/13\/program-festiv-per-krishtlindjet-ne-akademine-teologjike-ngjallja-e-krishtit-durres\/#primaryimage"},"thumbnailUrl":"https:\/\/lh4.googleusercontent.com\/-x6S8aRFUN_c\/U_2acGP7y-I\/AAAAAAAABS4\/6Mp2cs9R34g\/w448-h336-no\/1.JPG","datePublished":"2009-03-13T10:25:00+00:00","dateModified":"2020-04-06T20:35:09+00:00","breadcrumb":{"@id":"https:\/\/orthodoxalbania.org\/2020\/2009\/03\/13\/program-festiv-per-krishtlindjet-ne-akademine-teologjike-ngjallja-e-krishtit-durres\/#breadcrumb"},"inLanguage":"en-US","potentialAction":[{"@type":"ReadAction","target":["https:\/\/orthodoxalbania.org\/2020\/2009\/03\/13\/program-festiv-per-krishtlindjet-ne-akademine-teologjike-ngjallja-e-krishtit-durres\/"]}]},{"@type":"ImageObject","inLanguage":"en-US","@id":"https:\/\/orthodoxalbania.org\/2020\/2009\/03\/13\/program-festiv-per-krishtlindjet-ne-akademine-teologjike-ngjallja-e-krishtit-durres\/#primaryimage","url":"https:\/\/lh4.googleusercontent.com\/-x6S8aRFUN_c\/U_2acGP7y-I\/AAAAAAAABS4\/6Mp2cs9R34g\/w448-h336-no\/1.JPG","contentUrl":"https:\/\/lh4.googleusercontent.com\/-x6S8aRFUN_c\/U_2acGP7y-I\/AAAAAAAABS4\/6Mp2cs9R34g\/w448-h336-no\/1.JPG"},{"@type":"BreadcrumbList","@id":"https:\/\/orthodoxalbania.org\/2020\/2009\/03\/13\/program-festiv-per-krishtlindjet-ne-akademine-teologjike-ngjallja-e-krishtit-durres\/#breadcrumb","itemListElement":[{"@type":"ListItem","position":1,"name":"Home","item":"https:\/\/orthodoxalbania.org\/2020\/"},{"@type":"ListItem","position":2,"name":"Program festiv p\u00ebr Krishtlindjet n\u00eb Akademin\u00eb Teologjike \u201cNgjallja e Krishtit\u201d, Durr\u00ebs. (21 Dhjetor 2009)"}]},{"@type":"WebSite","@id":"https:\/\/orthodoxalbania.org\/2020\/#website","url":"https:\/\/orthodoxalbania.org\/2020\/","name":"Kisha Orthodh\u03bfkse Autoqefale e Shqip\u00ebris\u00eb","description":"Fqja Zyrtare e Kish\u00ebs Orthodhokse Autoqefale e Shqip\u00ebris\u00eb me lajmet edhe informacionet zyrtare p\u00ebr struktur\u00ebn edhe veprimtarin e saj.","publisher":{"@id":"https:\/\/orthodoxalbania.org\/2020\/#organization"},"potentialAction":[{"@type":"SearchAction","target":{"@type":"EntryPoint","urlTemplate":"https:\/\/orthodoxalbania.org\/2020\/?s={search_term_string}"},"query-input":{"@type":"PropertyValueSpecification","valueRequired":true,"valueName":"search_term_string"}}],"inLanguage":"en-US"},{"@type":"Organization","@id":"https:\/\/orthodoxalbania.org\/2020\/#organization","name":"Kisha Orthodhokse Autoqefale e Shqip\u00ebris\u00eb","url":"https:\/\/orthodoxalbania.org\/2020\/","logo":{"@type":"ImageObject","inLanguage":"en-US","@id":"https:\/\/orthodoxalbania.org\/2020\/#\/schema\/logo\/image\/","url":"https:\/\/orthodoxalbania.org\/2020\/wp-content\/uploads\/2020\/05\/albania.jpeg","contentUrl":"https:\/\/orthodoxalbania.org\/2020\/wp-content\/uploads\/2020\/05\/albania.jpeg","width":540,"height":540,"caption":"Kisha Orthodhokse Autoqefale e Shqip\u00ebris\u00eb"},"image":{"@id":"https:\/\/orthodoxalbania.org\/2020\/#\/schema\/logo\/image\/"},"sameAs":["https:\/\/www.facebook.com\/koash1991"]},{"@type":"Person","@id":"https:\/\/orthodoxalbania.org\/2020\/#\/schema\/person\/0c387634a7063ac612d7ed9ce71c7e86","name":"Kisha Orthodhokse","image":{"@type":"ImageObject","inLanguage":"en-US","@id":"https:\/\/secure.gravatar.com\/avatar\/596e7c417251e30f2fbb9c00e026fce61a695a00e51c889caded71c96cbbdde5?s=96&d=mm&r=g","url":"https:\/\/secure.gravatar.com\/avatar\/596e7c417251e30f2fbb9c00e026fce61a695a00e51c889caded71c96cbbdde5?s=96&d=mm&r=g","contentUrl":"https:\/\/secure.gravatar.com\/avatar\/596e7c417251e30f2fbb9c00e026fce61a695a00e51c889caded71c96cbbdde5?s=96&d=mm&r=g","caption":"Kisha Orthodhokse"}}]}},"_links":{"self":[{"href":"https:\/\/orthodoxalbania.org\/2020\/wp-json\/wp\/v2\/posts\/1134","targetHints":{"allow":["GET"]}}],"collection":[{"href":"https:\/\/orthodoxalbania.org\/2020\/wp-json\/wp\/v2\/posts"}],"about":[{"href":"https:\/\/orthodoxalbania.org\/2020\/wp-json\/wp\/v2\/types\/post"}],"author":[{"embeddable":true,"href":"https:\/\/orthodoxalbania.org\/2020\/wp-json\/wp\/v2\/users\/1"}],"replies":[{"embeddable":true,"href":"https:\/\/orthodoxalbania.org\/2020\/wp-json\/wp\/v2\/comments?post=1134"}],"version-history":[{"count":1,"href":"https:\/\/orthodoxalbania.org\/2020\/wp-json\/wp\/v2\/posts\/1134\/revisions"}],"predecessor-version":[{"id":15603,"href":"https:\/\/orthodoxalbania.org\/2020\/wp-json\/wp\/v2\/posts\/1134\/revisions\/15603"}],"wp:attachment":[{"href":"https:\/\/orthodoxalbania.org\/2020\/wp-json\/wp\/v2\/media?parent=1134"}],"wp:term":[{"taxonomy":"category","embeddable":true,"href":"https:\/\/orthodoxalbania.org\/2020\/wp-json\/wp\/v2\/categories?post=1134"},{"taxonomy":"post_tag","embeddable":true,"href":"https:\/\/orthodoxalbania.org\/2020\/wp-json\/wp\/v2\/tags?post=1134"}],"curies":[{"name":"wp","href":"https:\/\/api.w.org\/{rel}","templated":true}]}}