{"id":1130,"date":"2014-06-02T19:31:38","date_gmt":"2014-06-02T19:31:38","guid":{"rendered":""},"modified":"2020-04-06T22:02:29","modified_gmt":"2020-04-06T20:02:29","slug":"nga-takimet-zyrtare","status":"publish","type":"post","link":"https:\/\/orthodoxalbania.org\/2020\/2014\/06\/02\/nga-takimet-zyrtare\/","title":{"rendered":"Primat\u00ebt dhe p\u00ebrfaq\u00ebsit\u00eb e Kishave Orthodhokse vizituan autoritetet m\u00eb t\u00eb larta t\u00eb vendit &#8211; 02-06-2014"},"content":{"rendered":"<p style=\"text-align: justify;\">\n\t<span style=\"color: #000000; font-size: 12pt; font-family: helvetica;\">&nbsp;&nbsp;&nbsp; Dit\u00ebn e h\u00ebn\u00eb, 2 qershor 2014, Primat\u00ebt dhe p\u00ebrfaq\u00ebsuesit e Kishave Orthodhokse, t\u00eb shoq\u00ebruar nga Kryepiskopi Anastas dhe an\u00ebtar\u00eb t\u00eb Sinodit t\u00eb shenjt\u00eb, vijuan me takime krer\u00ebt m\u00eb t\u00eb lart\u00eb t\u00eb shtetit. Takimin e par\u00eb e b\u00ebn\u00eb me Presidentin, Z. Bujar Nishani, n\u00eb selin\u00eb e Presidenc\u00ebs. Duke iu uruar edhe nj\u00ebher\u00eb mir\u00ebseardhjen, Kreu i Shtetit shqiptar vuri n\u00eb dukje se pas nj\u00eb gjysm\u00eb shekulli diktature, ku praktikimi i fes\u00eb ishte i ndaluar me ligj, ku klerik\u00ebt u p\u00ebrndoq\u00ebn pa m\u00ebshir\u00eb dhe objektet e kultit u shkat\u00ebrruan, Shqip\u00ebris\u00eb sot i \u00ebsht\u00eb shtuar edhe nj\u00eb objekt tjet\u00ebr madh\u00ebshtor kulti \u2013 Katedralja e re Ortodokse n\u00eb qend\u00ebr t\u00eb Tiran\u00ebs. Presidenti Nishani vuri n\u00eb dukje vlerat e pamohueshme t\u00eb popullit ton\u00eb: toleranc\u00ebn, harmonin\u00eb dhe bashk\u00ebjetes\u00ebn e shk\u00eblqyer fetare, duke shtuar se Shqip\u00ebria dhe shqiptar\u00ebt kan\u00eb punuar dhe do t\u00eb kontribuojn\u00eb gjithmon\u00eb p\u00ebr marr\u00ebdh\u00ebniet e fqinj\u00ebsis\u00eb s\u00eb mir\u00eb, bashk\u00ebpunimin, mir\u00ebkuptimin dhe dialogun me fqinj\u00ebt n\u00eb rajon, sepse vet\u00ebm n\u00eb saj\u00eb t\u00eb k\u00ebtyre parimeve popujt dhe vendet tona do t\u00eb ecin p\u00ebrpara n\u00eb paqe dhe begati. \u201cK\u00ebto virtyte t\u00eb shqiptar\u00ebve t\u00eb harmonis\u00eb, toleranc\u00ebs dhe bashk\u00ebjetes\u00ebs fetare, Shqip\u00ebria do t\u2019ia ofroj\u00eb si vlera t\u00eb shtuara edhe familjes s\u00eb madhe evropiane, ku ne synojm\u00eb t\u00eb b\u00ebjm\u00eb pjes\u00eb dhe t\u00eb integrohemi s\u00eb shpejti.\u201d \u2013 theksoi Presidenti Nishani. Duke fal\u00ebnderuar Presidentin Nishani p\u00ebr mikpritjen, T\u00ebr\u00ebshenjt\u00ebria e Tij, Patriarku Ekumenik Vartholomeu, vler\u00ebsoi ndryshimet dhe p\u00ebrparimet q\u00eb ka sh\u00ebnuar vendi yn\u00eb duke v\u00ebn\u00eb n\u00eb dukje se Katedralja e re Ortodokse \u00ebsht\u00eb nj\u00eb tjet\u00ebr prov\u00eb e qart\u00eb se Shqip\u00ebria g\u00ebzon t\u00ebr\u00ebsisht lirin\u00eb e praktikimit t\u00eb fes\u00eb, pas s\u00eb kaluar\u00ebs s\u00eb hidhur q\u00eb ka p\u00ebrjetuar. Gjithashtu Patriarku Ekumenik shprehu urimin dhe bekimin e Tij q\u00eb Shqip\u00ebria t\u00eb marr\u00eb sa m\u00eb shpejt statusin e vendit kandidat, sepse p\u00ebrve\u00e7 arritjeve t\u00eb sh\u00ebnuara, kombi shqiptar, duke qen\u00eb nj\u00ebri prej m\u00eb t\u00eb vjet\u00ebrve n\u00eb kontinent, e meriton plot\u00ebsisht t\u00eb jet\u00eb n\u00eb gjirin e Bashkimit Evropian.<\/span><\/p>\n<p style=\"text-align: justify;\">\n\t<span style=\"color: #000000; font-size: 12pt; font-family: helvetica;\">&nbsp;&nbsp;&nbsp; Primat\u00ebt dhe p\u00ebrfaq\u00ebsuesit Orthodhoks\u00eb, s\u00eb bashku me Kryepsikopin Anastas, u takuan dhe me Kryetarin e Kuvendit, z. Ilir Meta. Ai u shprehu urimet m\u00eb t\u00eb ngrohta p\u00ebr Shenjt\u00ebrimin e Kish\u00ebs s\u00eb Re Katedrale \u201cNgjallja e Krishtit\u201d, duke p\u00ebrcjell\u00eb mir\u00ebnjohjen p\u00ebr nderimin q\u00eb Patriarku Vartholomeu I dhe Patriark\u00ebt e tjer\u00eb i kan\u00eb b\u00ebr\u00eb popullit shqiptar me pranin\u00eb e tyre, duke e kthyer Tiran\u00ebn n\u00eb nj\u00eb qend\u00ebr t\u00eb ortodoksis\u00eb bot\u00ebrore gjat\u00eb ceremonis\u00eb s\u00eb Shenjt\u00ebrimit. Z. Meta vler\u00ebsoi pun\u00ebn e madhe q\u00eb \u00ebsht\u00eb b\u00ebr\u00eb nga Kisha Orthodhokse Autoqefale e Shqip\u00ebris\u00eb gjat\u00eb k\u00ebtyre 23 viteve n\u00eb t\u00eb gjith\u00eb vendin n\u00eb drejtim t\u00eb sh\u00ebrbimit komunitar dhe rritjes s\u00eb cil\u00ebsis\u00eb s\u00eb bashk\u00ebjetes\u00ebs fetare n\u00eb Shqip\u00ebri, model t\u00eb cilin populli shqiptar e ruan me krenari t\u00eb ve\u00e7ant\u00eb. \u201cShqip\u00ebria i kushton v\u00ebmendje t\u00eb ve\u00e7ant\u00eb liris\u00eb dhe bashk\u00ebjetes\u00ebs fetare, dhe sot ndjehemi krenar\u00eb p\u00ebr shembullin pozitiv q\u00eb japim n\u00eb rajonin e Ballkanit, ku populli shqiptar udh\u00ebhiqet nga parimi i fqinj\u00ebsis\u00eb s\u00eb mir\u00eb dhe bashk\u00ebjetes\u00ebs p\u00ebrmes rrug\u00ebs s\u00eb paqes dhe toleranc\u00ebs, duke l\u00ebn\u00eb pas konfliktet e s\u00eb kaluar\u00ebs\u201d \u2013 theksoi z. Meta. Patriarku Ekumenik Vartholomeu shprehu mir\u00ebnjohjen e tij dhe t\u00eb t\u00eb gjith\u00eb Kish\u00ebs Ortodokse p\u00ebr kontributin e autoriteteve shqiptare n\u00eb drejtim t\u00eb forcimit t\u00eb rolit t\u00eb Kish\u00ebs Ortodokse n\u00eb sh\u00ebrbim t\u00eb shoq\u00ebris\u00eb shqiptare dhe n\u00eb ve\u00e7anti duke mb\u00ebshtetur projektin madhor t\u00eb nd\u00ebrtimit t\u00eb Katedrales \u201cNgjallja e Krishtit\u201d n\u00eb qend\u00ebr t\u00eb Tiran\u00ebs. Patriarku vuri n\u00eb dukje gjithashtu se Shqip\u00ebria ka p\u00ebsuar ndryshime rr\u00ebnj\u00ebsore gjat\u00eb k\u00ebtyre viteve duke u transformuar n\u00eb nj\u00eb vend evropian t\u00eb rilindur shpirt\u00ebrisht dhe n\u00eb nj\u00eb shembull t\u00eb liris\u00eb dhe bashk\u00ebjetes\u00ebs fetare. \u201cN\u00eb em\u00ebr t\u00eb gjith\u00eb Primat\u00ebve Ortodoks\u00eb dhe p\u00ebrmes Jush, d\u00ebshirojm\u00eb t\u00eb p\u00ebrcjellim mir\u00ebnjohjen ton\u00eb t\u00eb thell\u00eb ndaj t\u00eb gjith\u00eb Deputet\u00ebve t\u00eb Kuvendit t\u00eb Shqip\u00ebris\u00eb dhe ndaj popullit shqiptar p\u00ebr mb\u00ebshtetjen, solidaritetin dhe p\u00ebrkushtimin e treguar n\u00eb vite\u201d \u2013 u shpreh Patriarku Vartholomeu.<\/span><\/p>\n<p style=\"text-align: justify;\">\n\t<span style=\"color: #000000; font-size: 12pt; font-family: helvetica;\">&nbsp;&nbsp; Primat\u00ebt dhe p\u00ebrfaq\u00ebsuesit e Kishave Orthodhokse, t\u00eb shoq\u00ebruar nga Kryepiskopi Anastas dhe an\u00ebtar\u00eb t\u00eb Sinodit t\u00eb Shenjt\u00eb, pat\u00ebn nj\u00eb takim edhe m\u00eb Kryeministrin Z. Edi Rama, n\u00eb selin\u00eb e K\u00ebshillit t\u00eb Ministrave. Edhe Kryetari i Bashkis\u00eb s\u00eb Tiran\u00ebs dhe i Opozit\u00ebs, z. Lulzim priti T\u00ebr\u00ebshenjt\u00ebrin\u00eb e Tij, Patriarkun Ekumenik Vartholomeu, si dhe primat\u00ebt dhe p\u00ebrfaq\u00ebsuesit e Kishave Orthodhokse, t\u00eb shoq\u00ebruar nga Kryepiskopi Anastas dhe Miitropoliti i Kor\u00e7\u00ebs Joani. \u201cShenjt\u00ebrimi i Katedrales \u201cNgjallja e Krishtit\u201d dhe prania e Primatit t\u00eb Kish\u00ebs Ortodokse n\u00eb Tiran\u00eb &#8211; u shpreh kryebashkiaku Basha &#8211; \u00ebsht\u00eb nj\u00eb tjet\u00ebr d\u00ebshmi e toleranc\u00ebs dhe bashk\u00ebjetes\u00ebs nd\u00ebrfetare n\u00eb vendin ton\u00eb. Vet\u00ebm pak metra &#8211; theksoi zoti Basha \u2013 ndajn\u00eb nga nj\u00ebra &#8211; tjetra xhamin\u00eb e Et\u2019hem Beut, katedralen \u201cNgjallja e Krishtit\u201d, katedralen e Sh\u00ebn Palit dhe Kish\u00ebn Ungjillore. Ky \u00ebsht\u00eb nj\u00eb shembull unik n\u00eb bot\u00eb \u2013 u shpreh ai &#8211; p\u00ebr t\u00eb cil\u00ebn shqiptar\u00ebt krenohen dhe nj\u00eb vler\u00eb e shtuar p\u00ebr BE, s\u00eb cil\u00ebs Shqip\u00ebria pret t\u2019i bashkohet n\u00eb nj\u00eb t\u00eb ardhme t\u00eb af\u00ebrt.\u201d T\u00ebr\u00ebshenjt\u00ebria e tij, Patriarku Ekumenik Vartholomeu shprehu fal\u00ebnderime p\u00ebr qytetar\u00ebt e Tiran\u00ebs, p\u00ebr mikpritjen q\u00eb u kan\u00eb rezervuar gjat\u00eb q\u00ebndrimit n\u00eb Tiran\u00eb dhe theksoi se Shqip\u00ebria \u00ebsht\u00eb nj\u00eb shembull q\u00eb duhet ndjekur p\u00ebr bashk\u00ebjetes\u00ebn dhe toleranc\u00ebn mes qytetar\u00ebve me besimeve fetare, tradita dhe kultura t\u00eb ndryshme.<\/span><\/p>\n<p style=\"text-align: justify;\">\n\t&nbsp;<\/p>\n<p>\n\t&nbsp;<\/p>\n<p>\n\t<img decoding=\"async\" alt=\"\" class=\"lazyload HAa Eha\" src=\"data:image\/gif;base64,R0lGODlhAQABAAAAACH5BAEKAAEALAAAAAABAAEAAAICTAEAOw==\" data-orig-src=\"https:\/\/lh6.googleusercontent.com\/-m-0kKcQuUtI\/VHWFQ8upC6I\/AAAAAAAACcI\/7MNBD8hdAKA\/w958-h489-no\/njizywkt.jpg\" style=\"height: 510px; width: 1000px; border-width: 1px; border-style: solid; margin: 10px auto; display: block;\" \/><\/p>\n<p>\n\t<img class=\"lazyload\" decoding=\"async\" alt=\"\" src=\"data:image\/gif;base64,R0lGODlhAQABAAAAACH5BAEKAAEALAAAAAABAAEAAAICTAEAOw==\" data-orig-src=\"https:\/\/lh4.googleusercontent.com\/-WlN2ABkX2bg\/U41phBjv8fI\/AAAAAAAAA5A\/o36jNg8v8uw\/w835-h534-no\/presidenti-nishani-patriarku-ekumenik-bartolomeo-I.jpg\" style=\"height: 640px; width: 1000px; border-width: 1px; border-style: solid; margin: 10px auto; display: block;\" \/><\/p>\n<p>\n\t<img class=\"lazyload\" decoding=\"async\" alt=\"\" src=\"data:image\/gif;base64,R0lGODlhAQABAAAAACH5BAEKAAEALAAAAAABAAEAAAICTAEAOw==\" data-orig-src=\"https:\/\/lh5.googleusercontent.com\/-IgunTt-v_9w\/U44JcToJRAI\/AAAAAAAAA_M\/sZBKLeGIYyU\/w801-h534-no\/Ston+Proedro+Albanias3.jpg\" style=\"height: 667px; width: 1000px; border-width: 1px; border-style: solid; margin: 10px auto; display: block;\" \/><\/p>\n<p>\n\t&nbsp;<\/p>\n<p class=\"yt\" id=\"watch-headline-title\" style=\"margin: 0px 0px 5px; padding: 0px; border: 0px none; font-size: 24px; color: #222222; font-weight: normal; overflow: hidden; white-space: nowrap; word-wrap: normal; text-overflow: ellipsis; font-family: arial,sans-serif; background: none repeat scroll 0% 0% transparent; text-align: center;\">\n\t<span class=\"watch-title long-title yt-uix-expander-head\" dir=\"ltr\" id=\"eow-title\" style=\"margin: 0px; padding: 0px; border: 0px none; font-size: 12pt; cursor: pointer; letter-spacing: -0.03em; background: none repeat scroll 0% 0% transparent; font-family: helvetica;\" title=\"Nishani me klerik\u00ebt ortodoks\u00eb - News, Lajme - Vizion Plus\"><span style=\"color: #800000;\">Video<\/span> &#8211; <span style=\"color: #000080;\">Pritja nga Presidenti Nishani &#8211; News, Lajme &#8211; Vizion Plus &#8211;&nbsp;<div class=\"oa-video-wrapper oa-youtube-wrapper\" style=\"max-width: 100%;\">\n                    <div class=\"oa-video-responsive\">\n                        <iframe \n                            src=\"https:\/\/www.youtube-nocookie.com\/embed\/NqnGZjDiD9A?rel=0&#038;modestbranding=1\" \n                            frameborder=\"0\" \n                            allowfullscreen \n                            allow=\"accelerometer; autoplay; clipboard-write; encrypted-media; gyroscope; picture-in-picture\"\n                            loading=\"lazy\"\n                            title=\"YouTube Video\">\n                        <\/iframe>\n                    <\/div>\n                <\/div><\/span><\/span><\/p>\n<p>\n\t&nbsp;<\/p>\n<p style=\"text-align: center;\">\n\t<span style=\"color: #800000; font-size: 12pt;\">* &nbsp;* &nbsp;*&nbsp;<\/span><\/p>\n<p style=\"text-align: center;\">\n\t&nbsp;<\/p>\n<p>\n\t<img decoding=\"async\" alt=\"\" class=\"lazyload HAa Eha\" src=\"data:image\/gif;base64,R0lGODlhAQABAAAAACH5BAEKAAEALAAAAAABAAEAAAICTAEAOw==\" data-orig-src=\"https:\/\/lh3.googleusercontent.com\/-okScyEmYTy4\/VHWGqaILg7I\/AAAAAAAACcY\/YMKZ_01z2rA\/w957-h638-no\/unnamed.jpg\" style=\"height: 667px; width: 1000px; border-width: 1px; border-style: solid; margin: 10px auto; display: block;\" \/><\/p>\n<p>\n\t<img class=\"lazyload\" decoding=\"async\" alt=\"\" src=\"data:image\/gif;base64,R0lGODlhAQABAAAAACH5BAEKAAEALAAAAAABAAEAAAICTAEAOw==\" data-orig-src=\"https:\/\/lh4.googleusercontent.com\/-V580oIwRJfM\/U41suUhk5BI\/AAAAAAAAA5Q\/pzVyYBVEvOA\/w640-h295-no\/meta_copy_3.jpg\" style=\"height: 461px; width: 1000px; border-width: 1px; border-style: solid; margin: 10px auto; display: block;\" \/><\/p>\n<p>\n\t&nbsp;<\/p>\n<p style=\"text-align: center;\">\n\t<span style=\"font-family: helvetica; font-size: 12pt;\"><span style=\"color: #000000;\"><span style=\"color: #800000;\">Video<\/span><span style=\"color: #000080;\"> &#8211;&nbsp;<div class=\"oa-video-wrapper oa-youtube-wrapper\" style=\"max-width: 100%;\">\n                    <div class=\"oa-video-responsive\">\n                        <iframe \n                            src=\"https:\/\/www.youtube-nocookie.com\/embed\/25zHeQlQM5A?rel=0&#038;modestbranding=1\" \n                            frameborder=\"0\" \n                            allowfullscreen \n                            allow=\"accelerometer; autoplay; clipboard-write; encrypted-media; gyroscope; picture-in-picture\"\n                            loading=\"lazy\"\n                            title=\"YouTube Video\">\n                        <\/iframe>\n                    <\/div>\n                <\/div><\/span><\/span><\/span><\/p>\n<p style=\"text-align: center;\">\n\t<span style=\"font-family: helvetica; font-size: 12pt; color: #000080;\"><div class=\"oa-video-wrapper oa-youtube-wrapper\" style=\"max-width: 100%;\">\n                    <div class=\"oa-video-responsive\">\n                        <iframe \n                            src=\"https:\/\/www.youtube-nocookie.com\/embed\/25zHeQlQM5A?rel=0&#038;modestbranding=1\" \n                            frameborder=\"0\" \n                            allowfullscreen \n                            allow=\"accelerometer; autoplay; clipboard-write; encrypted-media; gyroscope; picture-in-picture\"\n                            loading=\"lazy\"\n                            title=\"YouTube Video\">\n                        <\/iframe>\n                    <\/div>\n                <\/div><\/span><\/p>\n<p>\n\t&nbsp;<\/p>\n<p style=\"text-align: center;\">\n\t<span style=\"color: #800000; font-size: 22px; text-align: center;\"><span style=\"color: #800000; font-size: 12pt;\">* &nbsp;* &nbsp;* <\/span><br \/>\n\t&nbsp;<\/span><\/p>\n<p>\n\t<img class=\"lazyload\" decoding=\"async\" alt=\"\" src=\"data:image\/gif;base64,R0lGODlhAQABAAAAACH5BAEKAAEALAAAAAABAAEAAAICTAEAOw==\" data-orig-src=\"https:\/\/lh4.googleusercontent.com\/-SDnhUWxG9Oc\/U44JgPBgq2I\/AAAAAAAABAI\/8xAaLV6jPKM\/w817-h534-no\/Ston+Prothipourgo4.jpg\" style=\"height: 654px; width: 1000px; border-width: 1px; border-style: solid; margin: 10px auto; display: block;\" \/><\/p>\n<p>\n\t&nbsp;<\/p>\n<p style=\"text-align: center;\">\n\t<span style=\"color: #800000; font-size: 22px; text-align: center;\"><span style=\"color: #800000; font-size: 12pt;\">* &nbsp;* &nbsp;* <\/span><\/span><\/p>\n<p style=\"text-align: center;\">\n\t&nbsp;<\/p>\n<p>\n\t<img decoding=\"async\" alt=\"\" class=\"lazyload HAa Eha\" src=\"data:image\/gif;base64,R0lGODlhAQABAAAAACH5BAEKAAEALAAAAAABAAEAAAICTAEAOw==\" data-orig-src=\"https:\/\/lh4.googleusercontent.com\/-DqcE4nB6Nv4\/VHWEeXqOG4I\/AAAAAAAACb4\/D2zDD_sWK8o\/w957-h638-no\/5byz02ph.jpg\" style=\"height: 667px; width: 1000px; border-width: 1px; border-style: solid; margin: 10px auto; display: block;\" \/><\/p>\n<p>\n\t<img class=\"lazyload\" decoding=\"async\" alt=\"\" src=\"data:image\/gif;base64,R0lGODlhAQABAAAAACH5BAEKAAEALAAAAAABAAEAAAICTAEAOw==\" data-orig-src=\"https:\/\/lh5.googleusercontent.com\/-wUlDWF2lB9A\/U44JfP78J2I\/AAAAAAAAA_8\/-eUuo9ZqCC4\/w849-h534-no\/Ston+Prothipourgo2.jpg\" style=\"height: 629px; width: 1000px; border-width: 1px; border-style: solid; margin: 10px auto; display: block;\" \/><\/p>\n<p>\n\t&nbsp;<\/p>\n<p style=\"text-align: center;\">\n\t<span style=\"color: #800000; font-size: 22px; text-align: center;\"><span style=\"color: #800000; font-size: 12pt;\">* &nbsp;* &nbsp;* <\/span><br \/>\n\t&nbsp;<\/span><\/p>\n<p>\n\t<img class=\"lazyload\" decoding=\"async\" alt=\"\" src=\"data:image\/gif;base64,R0lGODlhAQABAAAAACH5BAEKAAEALAAAAAABAAEAAAICTAEAOw==\" data-orig-src=\"https:\/\/lh5.googleusercontent.com\/-6JAvkAMOojo\/U4zOPw8BmTI\/AAAAAAAAA1E\/fbE7akcfM78\/w866-h577-no\/2014-06-02\" style=\"height: 667px; width: 1000px; border-width: 1px; border-style: solid; margin: 10px auto; display: block;\" \/><\/p>\n<p>\n\t<img class=\"lazyload\" decoding=\"async\" alt=\"\" src=\"data:image\/gif;base64,R0lGODlhAQABAAAAACH5BAEKAAEALAAAAAABAAEAAAICTAEAOw==\" data-orig-src=\"https:\/\/lh6.googleusercontent.com\/-0XpPHwbZj1U\/U4zOPyFG0II\/AAAAAAAAA1E\/BvgqAbDtVGE\/w866-h577-no\/2014-06-02\" style=\"height: 667px; width: 1000px; border-width: 1px; border-style: solid; margin: 10px auto; display: block;\" \/><\/p>\n<p>\n\t<img class=\"lazyload\" decoding=\"async\" alt=\"\" src=\"data:image\/gif;base64,R0lGODlhAQABAAAAACH5BAEKAAEALAAAAAABAAEAAAICTAEAOw==\" data-orig-src=\"https:\/\/lh4.googleusercontent.com\/-IgunTt-v_9w\/U44JcToJRAI\/AAAAAAAAA_M\/sZBKLeGIYyU\/w958-h639-no\/Ston+Proedro+Albanias3.jpg\" style=\"height: 667px; width: 1000px; border-width: 1px; border-style: solid; margin: 10px auto; display: block;\" \/><\/p>\n<p>\n\t<img class=\"lazyload\" decoding=\"async\" alt=\"\" src=\"data:image\/gif;base64,R0lGODlhAQABAAAAACH5BAEKAAEALAAAAAABAAEAAAICTAEAOw==\" data-orig-src=\"https:\/\/lh4.googleusercontent.com\/-HnDR8kmSTnY\/U44Jcego7mI\/AAAAAAAAA_U\/b7QT4S93LLI\/w958-h526-no\/Ston+Proedro+Albanias4.jpg\" style=\"height: 549px; width: 1000px; border-width: 1px; border-style: solid; margin: 10px auto; display: block;\" \/><\/p>\n<p>\n\t<img class=\"lazyload\" decoding=\"async\" alt=\"\" src=\"data:image\/gif;base64,R0lGODlhAQABAAAAACH5BAEKAAEALAAAAAABAAEAAAICTAEAOw==\" data-orig-src=\"https:\/\/lh5.googleusercontent.com\/-KnRW2BQnlUU\/U44Jbsun0GI\/AAAAAAAAA_A\/7BjQHAutteI\/w640-h480-no\/Ston+Proedro+Albanias.jpg\" style=\"height: 750px; width: 1000px; border-width: 1px; border-style: solid; margin: 10px auto; display: block;\" \/><\/p>\n<p>\n\t<img class=\"lazyload\" decoding=\"async\" alt=\"\" src=\"data:image\/gif;base64,R0lGODlhAQABAAAAACH5BAEKAAEALAAAAAABAAEAAAICTAEAOw==\" data-orig-src=\"https:\/\/lh3.googleusercontent.com\/-feVnXoog_NU\/U44Jd6QgarI\/AAAAAAAAA_g\/WRWdDPN0mEQ\/w958-h639-no\/Ston+Proedro+Boulis3+(1).jpg\" style=\"height: 667px; width: 1000px; border-width: 1px; border-style: solid; margin: 10px auto; display: block;\" \/><\/p>\n<p>\n\t<img class=\"lazyload\" decoding=\"async\" alt=\"\" src=\"data:image\/gif;base64,R0lGODlhAQABAAAAACH5BAEKAAEALAAAAAABAAEAAAICTAEAOw==\" data-orig-src=\"https:\/\/lh4.googleusercontent.com\/-SDnhUWxG9Oc\/U44JgPBgq2I\/AAAAAAAABAI\/8xAaLV6jPKM\/w921-h602-no\/Ston+Prothipourgo4.jpg\" style=\"height: 654px; width: 1000px; border-width: 1px; border-style: solid; margin: 10px auto; display: block;\" \/><\/p>\n<p>\n\t<img class=\"lazyload\" decoding=\"async\" alt=\"\" src=\"data:image\/gif;base64,R0lGODlhAQABAAAAACH5BAEKAAEALAAAAAABAAEAAAICTAEAOw==\" data-orig-src=\"https:\/\/lh4.googleusercontent.com\/-EvHa03YSEq0\/U44JgBvYUlI\/AAAAAAAABAE\/5aIec1CeVsE\/w948-h610-no\/Ston+Prothipourgo3.jpg\" style=\"height: 643px; width: 1000px; border-width: 1px; border-style: solid; margin: 10px auto; display: block;\" \/><\/p>\n","protected":false},"excerpt":{"rendered":"<p>&nbsp;&nbsp;&nbsp; Dit\u00ebn e h\u00ebn\u00eb, 2 qershor 2014, Primat\u00ebt dhe p\u00ebrfaq\u00ebsuesit e Kishave Orthodhokse, t\u00eb shoq\u00ebruar nga Kryepiskopi Anastas dhe an\u00ebtar\u00eb t\u00eb Sinodit t\u00eb shenjt\u00eb, vijuan me takime krer\u00ebt m\u00eb t\u00eb lart\u00eb t\u00eb shtetit. Takimin e par\u00eb e b\u00ebn\u00eb me Presidentin, Z. Bujar Nishani, n\u00eb selin\u00eb e Presidenc\u00ebs. Duke iu uruar edhe nj\u00ebher\u00eb mir\u00ebseardhjen, Kreu i Shtetit shqiptar vuri n\u00eb dukje se pas nj\u00eb gjysm\u00eb shekulli<\/p>\n","protected":false},"author":14,"featured_media":1129,"comment_status":"open","ping_status":"open","sticky":false,"template":"","format":"standard","meta":{"_acf_changed":false,"pagelayer_contact_templates":[],"_pagelayer_content":"","inline_featured_image":false,"fifu_image_url":"","fifu_image_alt":"","footnotes":""},"categories":[108],"tags":[140,196,212,183],"class_list":["post-1130","post","type-post","status-publish","format-standard","has-post-thumbnail","hentry","category-lajme","tag-140","tag-tirane","tag-lajme-d27","tag-primatet-e-kishave-orthodhokse"],"acf":[],"yoast_head":"<!-- This site is optimized with the Yoast SEO plugin v27.2 - https:\/\/yoast.com\/product\/yoast-seo-wordpress\/ -->\n<title>Primat\u00ebt dhe p\u00ebrfaq\u00ebsit\u00eb e Kishave Orthodhokse vizituan autoritetet m\u00eb t\u00eb larta t\u00eb vendit - 02-06-2014 - Kisha Orthodh\u03bfkse Autoqefale e Shqip\u00ebris\u00eb<\/title>\n<meta name=\"robots\" content=\"index, follow, max-snippet:-1, max-image-preview:large, max-video-preview:-1\" \/>\n<link rel=\"canonical\" href=\"https:\/\/orthodoxalbania.org\/2020\/2014\/06\/02\/nga-takimet-zyrtare\/\" \/>\n<meta property=\"og:locale\" content=\"en_US\" \/>\n<meta property=\"og:type\" content=\"article\" \/>\n<meta property=\"og:title\" content=\"Primat\u00ebt dhe p\u00ebrfaq\u00ebsit\u00eb e Kishave Orthodhokse vizituan autoritetet m\u00eb t\u00eb larta t\u00eb vendit - 02-06-2014 - Kisha Orthodh\u03bfkse Autoqefale e Shqip\u00ebris\u00eb\" \/>\n<meta property=\"og:description\" content=\"&nbsp;&nbsp;&nbsp; Dit\u00ebn e h\u00ebn\u00eb, 2 qershor 2014, Primat\u00ebt dhe p\u00ebrfaq\u00ebsuesit e Kishave Orthodhokse, t\u00eb shoq\u00ebruar nga Kryepiskopi Anastas dhe an\u00ebtar\u00eb t\u00eb Sinodit t\u00eb shenjt\u00eb, vijuan me takime krer\u00ebt m\u00eb t\u00eb lart\u00eb t\u00eb shtetit. Takimin e par\u00eb e b\u00ebn\u00eb me Presidentin, Z. Bujar Nishani, n\u00eb selin\u00eb e Presidenc\u00ebs. Duke iu uruar edhe nj\u00ebher\u00eb mir\u00ebseardhjen, Kreu i Shtetit shqiptar vuri n\u00eb dukje se pas nj\u00eb gjysm\u00eb shekulli\" \/>\n<meta property=\"og:url\" content=\"https:\/\/orthodoxalbania.org\/2020\/2014\/06\/02\/nga-takimet-zyrtare\/\" \/>\n<meta property=\"og:site_name\" content=\"Kisha Orthodh\u03bfkse Autoqefale e Shqip\u00ebris\u00eb\" \/>\n<meta property=\"article:publisher\" content=\"https:\/\/www.facebook.com\/koash1991\" \/>\n<meta property=\"article:published_time\" content=\"2014-06-02T19:31:38+00:00\" \/>\n<meta property=\"article:modified_time\" content=\"2020-04-06T20:02:29+00:00\" \/>\n<meta property=\"og:image\" content=\"https:\/\/orthodoxalbania.org\/2020\/wp-content\/uploads\/2020\/04\/2014-06-02-6.jpg\" \/>\n\t<meta property=\"og:image:width\" content=\"958\" \/>\n\t<meta property=\"og:image:height\" content=\"489\" \/>\n\t<meta property=\"og:image:type\" content=\"image\/jpeg\" \/>\n<meta name=\"author\" content=\"neo_admin\" \/>\n<meta name=\"twitter:card\" content=\"summary_large_image\" \/>\n<meta name=\"twitter:label1\" content=\"Written by\" \/>\n\t<meta name=\"twitter:data1\" content=\"neo_admin\" \/>\n\t<meta name=\"twitter:label2\" content=\"Est. reading time\" \/>\n\t<meta name=\"twitter:data2\" content=\"5 minutes\" \/>\n<script type=\"application\/ld+json\" class=\"yoast-schema-graph\">{\"@context\":\"https:\/\/schema.org\",\"@graph\":[{\"@type\":\"Article\",\"@id\":\"https:\/\/orthodoxalbania.org\/2020\/2014\/06\/02\/nga-takimet-zyrtare\/#article\",\"isPartOf\":{\"@id\":\"https:\/\/orthodoxalbania.org\/2020\/2014\/06\/02\/nga-takimet-zyrtare\/\"},\"author\":{\"name\":\"neo_admin\",\"@id\":\"https:\/\/orthodoxalbania.org\/2020\/#\/schema\/person\/dd2bdc135b53c60d45b8bb329565cf6d\"},\"headline\":\"Primat\u00ebt dhe p\u00ebrfaq\u00ebsit\u00eb e Kishave Orthodhokse vizituan autoritetet m\u00eb t\u00eb larta t\u00eb vendit &#8211; 02-06-2014\",\"datePublished\":\"2014-06-02T19:31:38+00:00\",\"dateModified\":\"2020-04-06T20:02:29+00:00\",\"mainEntityOfPage\":{\"@id\":\"https:\/\/orthodoxalbania.org\/2020\/2014\/06\/02\/nga-takimet-zyrtare\/\"},\"wordCount\":1100,\"commentCount\":0,\"publisher\":{\"@id\":\"https:\/\/orthodoxalbania.org\/2020\/#organization\"},\"image\":{\"@id\":\"https:\/\/orthodoxalbania.org\/2020\/2014\/06\/02\/nga-takimet-zyrtare\/#primaryimage\"},\"thumbnailUrl\":\"https:\/\/orthodoxalbania.org\/2020\/wp-content\/uploads\/2020\/04\/2014-06-02-6.jpg\",\"keywords\":[\"2014\",\"Kryepiskopata Tiran\u00eb\",\"lajme\",\"Primat\u00ebt e Kishave Orthodhokse\"],\"articleSection\":[\"Lajme\"],\"inLanguage\":\"en-US\"},{\"@type\":\"WebPage\",\"@id\":\"https:\/\/orthodoxalbania.org\/2020\/2014\/06\/02\/nga-takimet-zyrtare\/\",\"url\":\"https:\/\/orthodoxalbania.org\/2020\/2014\/06\/02\/nga-takimet-zyrtare\/\",\"name\":\"Primat\u00ebt dhe p\u00ebrfaq\u00ebsit\u00eb e Kishave Orthodhokse vizituan autoritetet m\u00eb t\u00eb larta t\u00eb vendit - 02-06-2014 - Kisha Orthodh\u03bfkse Autoqefale e Shqip\u00ebris\u00eb\",\"isPartOf\":{\"@id\":\"https:\/\/orthodoxalbania.org\/2020\/#website\"},\"primaryImageOfPage\":{\"@id\":\"https:\/\/orthodoxalbania.org\/2020\/2014\/06\/02\/nga-takimet-zyrtare\/#primaryimage\"},\"image\":{\"@id\":\"https:\/\/orthodoxalbania.org\/2020\/2014\/06\/02\/nga-takimet-zyrtare\/#primaryimage\"},\"thumbnailUrl\":\"https:\/\/orthodoxalbania.org\/2020\/wp-content\/uploads\/2020\/04\/2014-06-02-6.jpg\",\"datePublished\":\"2014-06-02T19:31:38+00:00\",\"dateModified\":\"2020-04-06T20:02:29+00:00\",\"breadcrumb\":{\"@id\":\"https:\/\/orthodoxalbania.org\/2020\/2014\/06\/02\/nga-takimet-zyrtare\/#breadcrumb\"},\"inLanguage\":\"en-US\",\"potentialAction\":[{\"@type\":\"ReadAction\",\"target\":[\"https:\/\/orthodoxalbania.org\/2020\/2014\/06\/02\/nga-takimet-zyrtare\/\"]}]},{\"@type\":\"ImageObject\",\"inLanguage\":\"en-US\",\"@id\":\"https:\/\/orthodoxalbania.org\/2020\/2014\/06\/02\/nga-takimet-zyrtare\/#primaryimage\",\"url\":\"https:\/\/orthodoxalbania.org\/2020\/wp-content\/uploads\/2020\/04\/2014-06-02-6.jpg\",\"contentUrl\":\"https:\/\/orthodoxalbania.org\/2020\/wp-content\/uploads\/2020\/04\/2014-06-02-6.jpg\",\"width\":958,\"height\":489},{\"@type\":\"BreadcrumbList\",\"@id\":\"https:\/\/orthodoxalbania.org\/2020\/2014\/06\/02\/nga-takimet-zyrtare\/#breadcrumb\",\"itemListElement\":[{\"@type\":\"ListItem\",\"position\":1,\"name\":\"Home\",\"item\":\"https:\/\/orthodoxalbania.org\/2020\/\"},{\"@type\":\"ListItem\",\"position\":2,\"name\":\"Primat\u00ebt dhe p\u00ebrfaq\u00ebsit\u00eb e Kishave Orthodhokse vizituan autoritetet m\u00eb t\u00eb larta t\u00eb vendit &#8211; 02-06-2014\"}]},{\"@type\":\"WebSite\",\"@id\":\"https:\/\/orthodoxalbania.org\/2020\/#website\",\"url\":\"https:\/\/orthodoxalbania.org\/2020\/\",\"name\":\"Kisha Orthodh\u03bfkse Autoqefale e Shqip\u00ebris\u00eb\",\"description\":\"Fqja Zyrtare e Kish\u00ebs Orthodhokse Autoqefale e Shqip\u00ebris\u00eb me lajmet edhe informacionet zyrtare p\u00ebr struktur\u00ebn edhe veprimtarin e saj.\",\"publisher\":{\"@id\":\"https:\/\/orthodoxalbania.org\/2020\/#organization\"},\"potentialAction\":[{\"@type\":\"SearchAction\",\"target\":{\"@type\":\"EntryPoint\",\"urlTemplate\":\"https:\/\/orthodoxalbania.org\/2020\/?s={search_term_string}\"},\"query-input\":{\"@type\":\"PropertyValueSpecification\",\"valueRequired\":true,\"valueName\":\"search_term_string\"}}],\"inLanguage\":\"en-US\"},{\"@type\":\"Organization\",\"@id\":\"https:\/\/orthodoxalbania.org\/2020\/#organization\",\"name\":\"Kisha Orthodhokse Autoqefale e Shqip\u00ebris\u00eb\",\"url\":\"https:\/\/orthodoxalbania.org\/2020\/\",\"logo\":{\"@type\":\"ImageObject\",\"inLanguage\":\"en-US\",\"@id\":\"https:\/\/orthodoxalbania.org\/2020\/#\/schema\/logo\/image\/\",\"url\":\"https:\/\/orthodoxalbania.org\/2020\/wp-content\/uploads\/2020\/05\/albania.jpeg\",\"contentUrl\":\"https:\/\/orthodoxalbania.org\/2020\/wp-content\/uploads\/2020\/05\/albania.jpeg\",\"width\":540,\"height\":540,\"caption\":\"Kisha Orthodhokse Autoqefale e Shqip\u00ebris\u00eb\"},\"image\":{\"@id\":\"https:\/\/orthodoxalbania.org\/2020\/#\/schema\/logo\/image\/\"},\"sameAs\":[\"https:\/\/www.facebook.com\/koash1991\"]},{\"@type\":\"Person\",\"@id\":\"https:\/\/orthodoxalbania.org\/2020\/#\/schema\/person\/dd2bdc135b53c60d45b8bb329565cf6d\",\"name\":\"neo_admin\",\"image\":{\"@type\":\"ImageObject\",\"inLanguage\":\"en-US\",\"@id\":\"https:\/\/secure.gravatar.com\/avatar\/53e6cdc30765aade0129f85e5aeb50124b1d3f5bb9a70373be31e4eb328371e0?s=96&d=mm&r=g\",\"url\":\"https:\/\/secure.gravatar.com\/avatar\/53e6cdc30765aade0129f85e5aeb50124b1d3f5bb9a70373be31e4eb328371e0?s=96&d=mm&r=g\",\"contentUrl\":\"https:\/\/secure.gravatar.com\/avatar\/53e6cdc30765aade0129f85e5aeb50124b1d3f5bb9a70373be31e4eb328371e0?s=96&d=mm&r=g\",\"caption\":\"neo_admin\"}}]}<\/script>\n<!-- \/ Yoast SEO plugin. -->","yoast_head_json":{"title":"Primat\u00ebt dhe p\u00ebrfaq\u00ebsit\u00eb e Kishave Orthodhokse vizituan autoritetet m\u00eb t\u00eb larta t\u00eb vendit - 02-06-2014 - Kisha Orthodh\u03bfkse Autoqefale e Shqip\u00ebris\u00eb","robots":{"index":"index","follow":"follow","max-snippet":"max-snippet:-1","max-image-preview":"max-image-preview:large","max-video-preview":"max-video-preview:-1"},"canonical":"https:\/\/orthodoxalbania.org\/2020\/2014\/06\/02\/nga-takimet-zyrtare\/","og_locale":"en_US","og_type":"article","og_title":"Primat\u00ebt dhe p\u00ebrfaq\u00ebsit\u00eb e Kishave Orthodhokse vizituan autoritetet m\u00eb t\u00eb larta t\u00eb vendit - 02-06-2014 - Kisha Orthodh\u03bfkse Autoqefale e Shqip\u00ebris\u00eb","og_description":"&nbsp;&nbsp;&nbsp; Dit\u00ebn e h\u00ebn\u00eb, 2 qershor 2014, Primat\u00ebt dhe p\u00ebrfaq\u00ebsuesit e Kishave Orthodhokse, t\u00eb shoq\u00ebruar nga Kryepiskopi Anastas dhe an\u00ebtar\u00eb t\u00eb Sinodit t\u00eb shenjt\u00eb, vijuan me takime krer\u00ebt m\u00eb t\u00eb lart\u00eb t\u00eb shtetit. Takimin e par\u00eb e b\u00ebn\u00eb me Presidentin, Z. Bujar Nishani, n\u00eb selin\u00eb e Presidenc\u00ebs. Duke iu uruar edhe nj\u00ebher\u00eb mir\u00ebseardhjen, Kreu i Shtetit shqiptar vuri n\u00eb dukje se pas nj\u00eb gjysm\u00eb shekulli","og_url":"https:\/\/orthodoxalbania.org\/2020\/2014\/06\/02\/nga-takimet-zyrtare\/","og_site_name":"Kisha Orthodh\u03bfkse Autoqefale e Shqip\u00ebris\u00eb","article_publisher":"https:\/\/www.facebook.com\/koash1991","article_published_time":"2014-06-02T19:31:38+00:00","article_modified_time":"2020-04-06T20:02:29+00:00","og_image":[{"width":958,"height":489,"url":"https:\/\/orthodoxalbania.org\/2020\/wp-content\/uploads\/2020\/04\/2014-06-02-6.jpg","type":"image\/jpeg"}],"author":"neo_admin","twitter_card":"summary_large_image","twitter_misc":{"Written by":"neo_admin","Est. reading time":"5 minutes"},"schema":{"@context":"https:\/\/schema.org","@graph":[{"@type":"Article","@id":"https:\/\/orthodoxalbania.org\/2020\/2014\/06\/02\/nga-takimet-zyrtare\/#article","isPartOf":{"@id":"https:\/\/orthodoxalbania.org\/2020\/2014\/06\/02\/nga-takimet-zyrtare\/"},"author":{"name":"neo_admin","@id":"https:\/\/orthodoxalbania.org\/2020\/#\/schema\/person\/dd2bdc135b53c60d45b8bb329565cf6d"},"headline":"Primat\u00ebt dhe p\u00ebrfaq\u00ebsit\u00eb e Kishave Orthodhokse vizituan autoritetet m\u00eb t\u00eb larta t\u00eb vendit &#8211; 02-06-2014","datePublished":"2014-06-02T19:31:38+00:00","dateModified":"2020-04-06T20:02:29+00:00","mainEntityOfPage":{"@id":"https:\/\/orthodoxalbania.org\/2020\/2014\/06\/02\/nga-takimet-zyrtare\/"},"wordCount":1100,"commentCount":0,"publisher":{"@id":"https:\/\/orthodoxalbania.org\/2020\/#organization"},"image":{"@id":"https:\/\/orthodoxalbania.org\/2020\/2014\/06\/02\/nga-takimet-zyrtare\/#primaryimage"},"thumbnailUrl":"https:\/\/orthodoxalbania.org\/2020\/wp-content\/uploads\/2020\/04\/2014-06-02-6.jpg","keywords":["2014","Kryepiskopata Tiran\u00eb","lajme","Primat\u00ebt e Kishave Orthodhokse"],"articleSection":["Lajme"],"inLanguage":"en-US"},{"@type":"WebPage","@id":"https:\/\/orthodoxalbania.org\/2020\/2014\/06\/02\/nga-takimet-zyrtare\/","url":"https:\/\/orthodoxalbania.org\/2020\/2014\/06\/02\/nga-takimet-zyrtare\/","name":"Primat\u00ebt dhe p\u00ebrfaq\u00ebsit\u00eb e Kishave Orthodhokse vizituan autoritetet m\u00eb t\u00eb larta t\u00eb vendit - 02-06-2014 - Kisha Orthodh\u03bfkse Autoqefale e Shqip\u00ebris\u00eb","isPartOf":{"@id":"https:\/\/orthodoxalbania.org\/2020\/#website"},"primaryImageOfPage":{"@id":"https:\/\/orthodoxalbania.org\/2020\/2014\/06\/02\/nga-takimet-zyrtare\/#primaryimage"},"image":{"@id":"https:\/\/orthodoxalbania.org\/2020\/2014\/06\/02\/nga-takimet-zyrtare\/#primaryimage"},"thumbnailUrl":"https:\/\/orthodoxalbania.org\/2020\/wp-content\/uploads\/2020\/04\/2014-06-02-6.jpg","datePublished":"2014-06-02T19:31:38+00:00","dateModified":"2020-04-06T20:02:29+00:00","breadcrumb":{"@id":"https:\/\/orthodoxalbania.org\/2020\/2014\/06\/02\/nga-takimet-zyrtare\/#breadcrumb"},"inLanguage":"en-US","potentialAction":[{"@type":"ReadAction","target":["https:\/\/orthodoxalbania.org\/2020\/2014\/06\/02\/nga-takimet-zyrtare\/"]}]},{"@type":"ImageObject","inLanguage":"en-US","@id":"https:\/\/orthodoxalbania.org\/2020\/2014\/06\/02\/nga-takimet-zyrtare\/#primaryimage","url":"https:\/\/orthodoxalbania.org\/2020\/wp-content\/uploads\/2020\/04\/2014-06-02-6.jpg","contentUrl":"https:\/\/orthodoxalbania.org\/2020\/wp-content\/uploads\/2020\/04\/2014-06-02-6.jpg","width":958,"height":489},{"@type":"BreadcrumbList","@id":"https:\/\/orthodoxalbania.org\/2020\/2014\/06\/02\/nga-takimet-zyrtare\/#breadcrumb","itemListElement":[{"@type":"ListItem","position":1,"name":"Home","item":"https:\/\/orthodoxalbania.org\/2020\/"},{"@type":"ListItem","position":2,"name":"Primat\u00ebt dhe p\u00ebrfaq\u00ebsit\u00eb e Kishave Orthodhokse vizituan autoritetet m\u00eb t\u00eb larta t\u00eb vendit &#8211; 02-06-2014"}]},{"@type":"WebSite","@id":"https:\/\/orthodoxalbania.org\/2020\/#website","url":"https:\/\/orthodoxalbania.org\/2020\/","name":"Kisha Orthodh\u03bfkse Autoqefale e Shqip\u00ebris\u00eb","description":"Fqja Zyrtare e Kish\u00ebs Orthodhokse Autoqefale e Shqip\u00ebris\u00eb me lajmet edhe informacionet zyrtare p\u00ebr struktur\u00ebn edhe veprimtarin e saj.","publisher":{"@id":"https:\/\/orthodoxalbania.org\/2020\/#organization"},"potentialAction":[{"@type":"SearchAction","target":{"@type":"EntryPoint","urlTemplate":"https:\/\/orthodoxalbania.org\/2020\/?s={search_term_string}"},"query-input":{"@type":"PropertyValueSpecification","valueRequired":true,"valueName":"search_term_string"}}],"inLanguage":"en-US"},{"@type":"Organization","@id":"https:\/\/orthodoxalbania.org\/2020\/#organization","name":"Kisha Orthodhokse Autoqefale e Shqip\u00ebris\u00eb","url":"https:\/\/orthodoxalbania.org\/2020\/","logo":{"@type":"ImageObject","inLanguage":"en-US","@id":"https:\/\/orthodoxalbania.org\/2020\/#\/schema\/logo\/image\/","url":"https:\/\/orthodoxalbania.org\/2020\/wp-content\/uploads\/2020\/05\/albania.jpeg","contentUrl":"https:\/\/orthodoxalbania.org\/2020\/wp-content\/uploads\/2020\/05\/albania.jpeg","width":540,"height":540,"caption":"Kisha Orthodhokse Autoqefale e Shqip\u00ebris\u00eb"},"image":{"@id":"https:\/\/orthodoxalbania.org\/2020\/#\/schema\/logo\/image\/"},"sameAs":["https:\/\/www.facebook.com\/koash1991"]},{"@type":"Person","@id":"https:\/\/orthodoxalbania.org\/2020\/#\/schema\/person\/dd2bdc135b53c60d45b8bb329565cf6d","name":"neo_admin","image":{"@type":"ImageObject","inLanguage":"en-US","@id":"https:\/\/secure.gravatar.com\/avatar\/53e6cdc30765aade0129f85e5aeb50124b1d3f5bb9a70373be31e4eb328371e0?s=96&d=mm&r=g","url":"https:\/\/secure.gravatar.com\/avatar\/53e6cdc30765aade0129f85e5aeb50124b1d3f5bb9a70373be31e4eb328371e0?s=96&d=mm&r=g","contentUrl":"https:\/\/secure.gravatar.com\/avatar\/53e6cdc30765aade0129f85e5aeb50124b1d3f5bb9a70373be31e4eb328371e0?s=96&d=mm&r=g","caption":"neo_admin"}}]}},"_links":{"self":[{"href":"https:\/\/orthodoxalbania.org\/2020\/wp-json\/wp\/v2\/posts\/1130","targetHints":{"allow":["GET"]}}],"collection":[{"href":"https:\/\/orthodoxalbania.org\/2020\/wp-json\/wp\/v2\/posts"}],"about":[{"href":"https:\/\/orthodoxalbania.org\/2020\/wp-json\/wp\/v2\/types\/post"}],"author":[{"embeddable":true,"href":"https:\/\/orthodoxalbania.org\/2020\/wp-json\/wp\/v2\/users\/14"}],"replies":[{"embeddable":true,"href":"https:\/\/orthodoxalbania.org\/2020\/wp-json\/wp\/v2\/comments?post=1130"}],"version-history":[{"count":1,"href":"https:\/\/orthodoxalbania.org\/2020\/wp-json\/wp\/v2\/posts\/1130\/revisions"}],"predecessor-version":[{"id":15089,"href":"https:\/\/orthodoxalbania.org\/2020\/wp-json\/wp\/v2\/posts\/1130\/revisions\/15089"}],"wp:featuredmedia":[{"embeddable":true,"href":"https:\/\/orthodoxalbania.org\/2020\/wp-json\/wp\/v2\/media\/1129"}],"wp:attachment":[{"href":"https:\/\/orthodoxalbania.org\/2020\/wp-json\/wp\/v2\/media?parent=1130"}],"wp:term":[{"taxonomy":"category","embeddable":true,"href":"https:\/\/orthodoxalbania.org\/2020\/wp-json\/wp\/v2\/categories?post=1130"},{"taxonomy":"post_tag","embeddable":true,"href":"https:\/\/orthodoxalbania.org\/2020\/wp-json\/wp\/v2\/tags?post=1130"}],"curies":[{"name":"wp","href":"https:\/\/api.w.org\/{rel}","templated":true}]}}