{"id":1122,"date":"2013-03-20T12:38:43","date_gmt":"2013-03-20T12:38:43","guid":{"rendered":""},"modified":"2020-04-06T22:32:28","modified_gmt":"2020-04-06T20:32:28","slug":"presidenti-topi-dekoron-kater-udheheqesit-me-te-larte-komuniteteve-fetare-tradicionale","status":"publish","type":"post","link":"https:\/\/orthodoxalbania.org\/2020\/2013\/03\/20\/presidenti-topi-dekoron-kater-udheheqesit-me-te-larte-komuniteteve-fetare-tradicionale\/","title":{"rendered":"Presidenti Topi dekoron kat\u00ebr udh\u00ebheq\u00ebsit m\u00eb t\u00eb lart\u00eb komuniteteve fetare tradicionale. (5 Prill 2010)"},"content":{"rendered":"<div style=\"text-align: justify;\">\n\t<span style=\"color:#000000;\"><span style=\"font-family: tahoma,geneva,sans-serif;\"><span style=\"font-size: 12px;\"><span class=\"style11\"><img decoding=\"async\" class=\"lazyload HAa Eha\" height=\"248\" src=\"data:image\/svg+xml,%3Csvg%20xmlns%3D%27http%3A%2F%2Fwww.w3.org%2F2000%2Fsvg%27%20width%3D%27371%27%20height%3D%27248%27%20viewBox%3D%270%200%20371%20248%27%3E%3Crect%20width%3D%27371%27%20height%3D%27248%27%20fill-opacity%3D%220%22%2F%3E%3C%2Fsvg%3E\" data-orig-src=\"https:\/\/lh3.googleusercontent.com\/-JCV12MeuspM\/VK46RLpXGjI\/AAAAAAAAKXI\/Gyl6Ik0eBpE\/w600-h400-no\/7934.jpg\" style=\"border-width: 1px; border-style: solid; margin: 10px; float: left;\" width=\"371\" \/> &nbsp; &nbsp; T\u00eb h\u00ebn\u00ebn e ndritshme pas Pashk\u00ebve, 5 prill, si nj\u00eb vazhdim i festimeve, n\u00eb Pallatin e Brigadave u zhvillua nj\u00eb ceremoni mjaft mbres\u00ebl\u00ebn\u00ebse. Presidenti i Republik\u00ebs, Prof. Dr. Bamir Topi dekoroi me Urdhrin e lart\u00eb \u201cGjergj Kastrioti Sk\u00ebnderbeu\u201d kat\u00ebr udh\u00ebheq\u00ebsit m\u00eb t\u00eb lart\u00eb t\u00eb komuniteteve fetare tradicionale, Kryetarin e Bashk\u00ebsis\u00eb Myslimane, Haxhi Selim Mu\u00e7\u00ebn, Kryepiskopin e Tiran\u00ebs, Durr\u00ebsit dhe t\u00eb gjith\u00eb Shqip\u00ebris\u00eb, Fortlumturin\u00eb e Tij Anastasin, Arqipeshkvin Metropolit t\u00eb Tiran\u00ebs e Durr\u00ebsit dhe Kryetar i Konferenc\u00ebs Ipeshkvnore Katolike, Imzot Rrok Mirdit\u00ebn, Kryegjyshin Bot\u00ebror t\u00eb Bektashinjve, Haxhi Dede Reshat Bardhi.<\/span><\/span><\/span><\/span><\/div>\n<div style=\"text-align: justify;\">\n\t<br \/>\n\t<span style=\"color:#000000;\"><span style=\"font-family: tahoma,geneva,sans-serif;\"><span style=\"font-size: 12px;\"><span class=\"style11\">&nbsp;&nbsp;&nbsp; N\u00eb ceremoni merrnin pjes\u00eb p\u00ebrfaq\u00ebsues t\u00eb komuniteteve fetare, personalitetet m\u00eb t\u00eb larta t\u00eb institucioneve t\u00eb pavarura dhe t\u00eb trupit diplomatik t\u00eb akredituar n\u00eb vendin ton\u00eb etj.<\/span><\/span><\/span><\/span><\/div>\n<div style=\"text-align: justify;\">\n\t<br \/>\n\t<span style=\"color:#000000;\"><span style=\"font-family: tahoma,geneva,sans-serif;\"><span style=\"font-size: 12px;\"><span class=\"style11\">&nbsp;&nbsp;&nbsp;&nbsp; Para dor\u00ebzimit t\u00eb Urdhrit t\u00eb lart\u00eb, Presidenti Topi iu drejtua me nj\u00eb fjal\u00eb p\u00ebrsh\u00ebndet\u00ebs t\u00eb dekoruarve dhe t\u00eb pranishme n\u00eb k\u00ebt\u00eb ceremoni duke u shprehur: \u201c\u00cbsht\u00eb gjithnj\u00eb nj\u00eb nder dhe nj\u00eb privilegj p\u00ebr mua t\u00eb tregoj dhe t\u00eb lart\u00ebsoj nj\u00eb vler\u00eb t\u00eb ve\u00e7ant\u00eb t\u00eb popullit dhe vendit tim: bashk\u00ebjetes\u00ebn mes feve historikisht tradicionale p\u00ebrfshir\u00eb edhe disa grupe m\u00eb t\u00eb vogla q\u00eb ushtrojn\u00eb besimin e tyre n\u00eb p\u00ebrputhje me standardet e liris\u00eb dhe t\u00eb drejtave universale. Kjo bashk\u00ebjetes\u00eb e kultivuar n\u00eb dekada dhe shekuj ka n\u00eb themel vler\u00ebn e besimit q\u00eb i bashkon njer\u00ebzit pavar\u00ebsisht se si ia drejtojn\u00eb ata lutjet e tyre Zotit t\u00eb p\u00ebrbashk\u00ebt. Kjo bashk\u00ebjetes\u00eb \u00ebsht\u00eb atribut i bashk\u00ebsive fetare p\u00ebrfaq\u00ebsuese, q\u00eb predikojn\u00eb me urt\u00ebsi dhe p\u00ebrkushtim besimin e tyre, por ajo \u00e7far\u00eb \u00ebsht\u00eb po aq e r\u00ebnd\u00ebsishme &#8211; \u00ebsht\u00eb edhe bashk\u00ebjetesa e individ\u00ebve, e qytetar\u00ebve shqiptar\u00eb.<\/span><\/span><\/span><\/span><\/div>\n<div style=\"text-align: justify;\">\n\t<br \/>\n\t<span style=\"color:#000000;\"><span style=\"font-family: tahoma,geneva,sans-serif;\"><span style=\"font-size: 12px;\"><span class=\"style11\">&nbsp;&nbsp;&nbsp;&nbsp; \u2026Gjat\u00eb krizave dhe traumave shoq\u00ebrore n\u00eb etapa t\u00eb ndryshme t\u00eb tranzicionit, i kemi par\u00eb p\u00ebrfaq\u00ebsuesit e k\u00ebtyre bashk\u00ebsive duke u shnd\u00ebrruar n\u00eb kolona t\u00eb paqes sociale. P\u00ebrfitoj nga ky rast, q\u00eb t\u2019i p\u00ebrsh\u00ebndes dinjitar\u00ebt e nderuar fetar\u00eb, Haxhi Selim Mu\u00e7a, Fortlumturin\u00eb e tij Janullatos, Imzot Rrok Mirdit\u00ebn, Haxhi Dede Reshat Bardhin &#8211; k\u00ebta udh\u00ebheq\u00ebs shpirt\u00ebror\u00eb e largpam\u00ebs, pun\u00ebtor\u00eb t\u00eb palodhur t\u00eb dialogut shoq\u00ebror e nd\u00ebrfetar, kontribues t\u00eb palodhur n\u00eb zhvillimet demokratike t\u00eb vendit.<\/span><\/span><\/span><\/span><\/div>\n<div style=\"text-align: justify;\">\n\t<br \/>\n\t<span style=\"color:#000000;\"><span style=\"font-family: tahoma,geneva,sans-serif;\"><span style=\"font-size: 12px;\"><span class=\"style11\">&nbsp;&nbsp;&nbsp;&nbsp; Akordimi i Urdh\u00ebrit t\u00eb lart\u00eb q\u00eb mban emrin e Prij\u00ebsit ton\u00eb t\u00eb madh p\u00ebrbashkues Gjergj Kastrioti-Sk\u00ebnderbeut m\u00eb jep k\u00ebnaq\u00ebsi t\u00eb ve\u00e7ant\u00eb dhe mund\u00ebsin\u00eb t\u00eb shpreh nderimin dhe v\u00ebmendjen shtet\u00ebrore p\u00ebr aktivitetin tuaj n\u00eb sh\u00ebrbim t\u00eb Fjal\u00ebs s\u00eb Shenjt\u00eb dhe Shqip\u00ebris\u00eb.<\/span><\/span><\/span><\/span><\/div>\n<div style=\"text-align: justify;\">\n\t<br \/>\n\t<span style=\"color:#000000;\"><span style=\"font-family: tahoma,geneva,sans-serif;\"><span style=\"font-size: 12px;\"><span class=\"style11\"><img decoding=\"async\" class=\"lazyload HAa Eha\" src=\"data:image\/gif;base64,R0lGODlhAQABAAAAACH5BAEKAAEALAAAAAABAAEAAAICTAEAOw==\" data-orig-src=\"https:\/\/lh5.googleusercontent.com\/-hvMNTsORvwE\/VK46RN5hleI\/AAAAAAAAKXM\/eGXf1kXk0uM\/w600-h400-no\/7931.jpg\" style=\"height: 233px; width: 350px; border-width: 1px; border-style: solid; margin: 10px; float: right;\" \/>&nbsp;&nbsp;&nbsp;&nbsp; \u2026Diktatura synoi me \u00e7do mjet ta shk\u00ebpuste shqiptarin nga besimi e Zoti, duke persekutuar klerin dhe mbyllur objektet e kultit, fakt ky q\u00eb n\u00eb vitin 1967 pati kulmin e vet tragjik. N\u00eb vitin 1990-t\u00eb, me rr\u00ebzimin e komunizmit do t\u00eb dukeshin edhe e pasojat e k\u00ebtij ndryshimi fatal n\u00eb jet\u00ebn e bashk\u00ebsive fetare. Liria e besimit i gjeti kultet me infrastruktur\u00eb t\u00eb shkat\u00ebrruar, me pak klerik\u00eb t\u00eb moshuar, t\u00eb cil\u00ebt pothuajse t\u00eb gjith\u00eb kishin provuar burgjet! Ata t\u00eb pajisur me forc\u00ebn e besimit dhe t\u00eb vullnetit, me fuqin\u00eb morale q\u00eb u kishte dh\u00ebn\u00eb q\u00ebndresa e q\u00eb m\u00eb shum\u00eb se kujtdo tjet\u00ebr u p\u00ebrkiste atyre filluan t\u00eb riorganizohen n\u00eb baza tradicionale me ata klerik\u00eb e rreth atyre pak objekteve q\u00eb i kishin shp\u00ebtuar dhun\u00ebs komuniste. Ajo q\u00eb komunist\u00ebt e pretendonin si t\u00eb p\u00ebrjetshme formalisht zgjati vet\u00ebm 23 vjet. Ata, si\u00e7 ishte e natyrshme t\u00eb ndodhte, e humb\u00ebn luft\u00ebn me t\u00eb pamundur\u00ebn&#8230;\u201d<\/span><\/span><\/span><\/span><\/div>\n<div style=\"text-align: justify;\">\n\t<br \/>\n\t<span style=\"color:#000000;\"><span style=\"font-family: tahoma,geneva,sans-serif;\"><span style=\"font-size: 12px;\"><span class=\"style11\">&nbsp;&nbsp;&nbsp; M\u00eb pas Sekretari i P\u00ebrgjithsh\u00ebm i Institucionit t\u00eb Presidentit, lexoi motivacionin e dekreteve t\u00eb dekorimit, nd\u00ebrsa Presidenti dor\u00ebzoi urdhrin. N\u00eb diplom\u00ebn e urdhrit, dor\u00ebzuar Kryepiskopit Anastas, ishte shkruar: \u201cP\u00ebr kontributin dhe veprimtarin\u00eb e vyer n\u00eb ringjalljen e besimit shpirt\u00ebror dhe shpres\u00ebs p\u00ebr nj\u00eb t\u00eb ardhme m\u00eb t\u00eb mir\u00eb, p\u00ebr ringritjen e institucioneve t\u00eb kultit si dhe p\u00ebr forcimin e pasurimin e m\u00ebtejsh\u00ebm t\u00eb harmonis\u00eb, toleranc\u00ebs dhe bashk\u00ebjetes\u00ebs nd\u00ebrfetare t\u00eb popullit shqiptar\u201d.<\/span><\/span><\/span><\/span><\/div>\n<div style=\"text-align: justify;\">\n\t<br \/>\n\t<span style=\"color:#000000;\"><span style=\"font-family: tahoma,geneva,sans-serif;\"><span style=\"font-size: 12px;\"><span class=\"style11\">&nbsp;&nbsp;&nbsp;&nbsp; N\u00eb fjal\u00ebn e fal\u00ebnderimit Kryepiskopi Anastas tha: Faleminderit nga zemra p\u00ebr nderin. Mendoj z. President se kjo dit\u00eb shkruan nj\u00eb faqe shum\u00eb t\u00eb r\u00ebnd\u00ebsishme n\u00eb histori. Para shum\u00eb vitesh than\u00eb se feja \u00ebsht\u00eb shum\u00eb e rrezikshme. Por k\u00ebto vite, gjat\u00eb periudh\u00ebs s\u00eb liris\u00eb dhe demokracis\u00eb, \u00ebsht\u00eb krijuar nj\u00eb nd\u00ebrgjegj\u00ebsim I p\u00ebrgjithsh\u00ebm \u00ebe feja mund t\u00eb jet\u00eb nj\u00eb bekim. Than\u00eb edhe se n\u00ebse \u00ebsht\u00eb nj\u00eb fe kjo \u00ebsht\u00eb bekim, nd\u00ebrsa disa vazhdojn\u00eb t\u00eb p\u00ebrb\u00ebjn\u00eb rrezik. Por gjat\u00eb gjith\u00eb k\u00ebtyre viteve jemi p\u00ebrpjekur q\u00eb t\u00eb tregojm\u00eb se \u00ebsht\u00eb e kund\u00ebrta.<\/span><\/span><\/span><\/span><\/div>\n<div style=\"text-align: justify;\">\n\t<br \/>\n\t<span style=\"color:#000000;\"><span style=\"font-family: tahoma,geneva,sans-serif;\"><span style=\"font-size: 12px;\"><span class=\"style11\">&nbsp;&nbsp;&nbsp; T\u00eb gjith\u00ebn ne, komunitetet fetare tradicionale, nuk p\u00ebrpiqemi jo thjesht t\u00eb mb\u00ebshtesim toleranc\u00ebn, por t\u00eb mb\u00ebshtesim mir\u00ebkuptimin dhe bashk\u00ebpunimin v\u00ebllaz\u00ebrore midis nesh.&nbsp; Ju duhet ta dini z. President, q\u00eb n\u00eb koh\u00ebt e v\u00ebshtira q\u00eb ka kaluar vendi k\u00ebta 18 vjet, n\u00eb koh\u00ebra krizash ne kemi theksuar se vaji i fes\u00eb nuk duhet p\u00ebr t\u00eb ndezur m\u00eb shum\u00eb flak\u00ebn e konflikteve, por t\u00eb jet\u00eb gjithnj\u00eb p\u00ebr t\u00eb sh\u00ebruar plag\u00ebt dhe p\u00ebr t\u00eb ndihmuar paqen.<\/span><\/span><\/span><\/span><\/div>\n<div style=\"text-align: justify;\">\n\t<br \/>\n\t<span style=\"color:#000000;\"><span style=\"font-family: tahoma,geneva,sans-serif;\"><span style=\"font-size: 12px;\"><span class=\"style11\">&nbsp;&nbsp;&nbsp; Ne p\u00ebrpiqemi t\u00eb krijojm\u00eb n\u00eb Shqip\u00ebri nj\u00eb shembull q\u00eb mund t\u00eb eksportohet. K\u00ebtu n\u00eb Ballkan, q\u00eb p\u00ebrballohet me shum\u00eb v\u00ebshtir\u00ebsi dhe q\u00eb t\u00eb jet\u00eb nj\u00eb mesazh p\u00ebr gjith\u00eb bot\u00ebn, q\u00eb ne po punojm\u00eb p\u00ebr shek. XXI, p\u00ebr nj\u00eb bot\u00eb t\u00eb mir\u00ebkuptimit, t\u00eb paqes dhe t\u00eb dashuris\u00eb.<\/span><\/span><\/span><\/span><\/div>\n<div style=\"text-align: justify;\">\n\t<br \/>\n\t<span style=\"color:#000000;\"><span style=\"font-family: tahoma,geneva,sans-serif;\"><span style=\"font-size: 12px;\"><span class=\"style11\">&nbsp;&nbsp;&nbsp;&nbsp; Ne ju jemi mir\u00ebnjoh\u00ebs se gjith\u00eb k\u00ebto vite prania juaj ishte shum\u00eb dometh\u00ebn\u00ebse p\u00ebr ne dhe p\u00ebr t\u00eb gjith\u00eb vendin&#8230; Me gjith\u00eb zem\u00ebr ju urojm\u00eb nisma krijuese. P\u00ebrs\u00ebri dhe p\u00ebrs\u00ebri jam mir\u00ebnjoh\u00ebs!<\/span><\/span><\/span><\/span><\/div>\n<div style=\"text-align: justify;\">\n\t&nbsp;<\/div>\n<div style=\"text-align: justify;\">\n\t&nbsp;<\/div>\n<div style=\"text-align: right;\">\n\t<span style=\"color:#000000;\"><span style=\"font-family: tahoma,geneva,sans-serif;\"><span style=\"font-size: 12px;\"><strong>Thoma Dhima<\/strong><\/span><\/span><\/span><\/div>\n","protected":false},"excerpt":{"rendered":"<p>&nbsp; &nbsp; T\u00eb h\u00ebn\u00ebn e ndritshme pas Pashk\u00ebve, 5 prill, si nj\u00eb vazhdim i festimeve, n\u00eb Pallatin e Brigadave u zhvillua nj\u00eb ceremoni mjaft mbres\u00ebl\u00ebn\u00ebse. Presidenti i Republik\u00ebs, Prof. Dr. Bamir Topi dekoroi me Urdhrin e lart\u00eb \u201cGjergj Kastrioti Sk\u00ebnderbeu\u201d kat\u00ebr udh\u00ebheq\u00ebsit m\u00eb t\u00eb lart\u00eb t\u00eb komuniteteve fetare tradicionale, Kryetarin e Bashk\u00ebsis\u00eb Myslimane, Haxhi Selim Mu\u00e7\u00ebn, Kryepiskopin e Tiran\u00ebs, Durr\u00ebsit dhe t\u00eb gjith\u00eb Shqip\u00ebris\u00eb, Fortlumturin\u00eb<\/p>\n","protected":false},"author":1,"featured_media":0,"comment_status":"open","ping_status":"open","sticky":false,"template":"","format":"standard","meta":{"_acf_changed":false,"pagelayer_contact_templates":[],"_pagelayer_content":"","inline_featured_image":false,"fifu_image_url":"","fifu_image_alt":"","footnotes":""},"categories":[108],"tags":[144,153,196,201,212],"class_list":["post-1122","post","type-post","status-publish","format-standard","hentry","category-lajme","tag-144","tag-deklarata-njoftime-zyrtare-d75","tag-tirane","tag-kryepiskopi-anastas","tag-lajme-d27"],"acf":[],"yoast_head":"<!-- This site is optimized with the Yoast SEO plugin v27.2 - https:\/\/yoast.com\/product\/yoast-seo-wordpress\/ -->\n<title>Presidenti Topi dekoron kat\u00ebr udh\u00ebheq\u00ebsit m\u00eb t\u00eb lart\u00eb komuniteteve fetare tradicionale. (5 Prill 2010) - Kisha Orthodh\u03bfkse Autoqefale e Shqip\u00ebris\u00eb<\/title>\n<meta name=\"robots\" content=\"index, follow, max-snippet:-1, max-image-preview:large, max-video-preview:-1\" \/>\n<link rel=\"canonical\" href=\"https:\/\/orthodoxalbania.org\/2020\/2013\/03\/20\/presidenti-topi-dekoron-kater-udheheqesit-me-te-larte-komuniteteve-fetare-tradicionale\/\" \/>\n<meta property=\"og:locale\" content=\"en_US\" \/>\n<meta property=\"og:type\" content=\"article\" \/>\n<meta property=\"og:title\" content=\"Presidenti Topi dekoron kat\u00ebr udh\u00ebheq\u00ebsit m\u00eb t\u00eb lart\u00eb komuniteteve fetare tradicionale. (5 Prill 2010) - Kisha Orthodh\u03bfkse Autoqefale e Shqip\u00ebris\u00eb\" \/>\n<meta property=\"og:description\" content=\"&nbsp; &nbsp; T\u00eb h\u00ebn\u00ebn e ndritshme pas Pashk\u00ebve, 5 prill, si nj\u00eb vazhdim i festimeve, n\u00eb Pallatin e Brigadave u zhvillua nj\u00eb ceremoni mjaft mbres\u00ebl\u00ebn\u00ebse. Presidenti i Republik\u00ebs, Prof. Dr. Bamir Topi dekoroi me Urdhrin e lart\u00eb \u201cGjergj Kastrioti Sk\u00ebnderbeu\u201d kat\u00ebr udh\u00ebheq\u00ebsit m\u00eb t\u00eb lart\u00eb t\u00eb komuniteteve fetare tradicionale, Kryetarin e Bashk\u00ebsis\u00eb Myslimane, Haxhi Selim Mu\u00e7\u00ebn, Kryepiskopin e Tiran\u00ebs, Durr\u00ebsit dhe t\u00eb gjith\u00eb Shqip\u00ebris\u00eb, Fortlumturin\u00eb\" \/>\n<meta property=\"og:url\" content=\"https:\/\/orthodoxalbania.org\/2020\/2013\/03\/20\/presidenti-topi-dekoron-kater-udheheqesit-me-te-larte-komuniteteve-fetare-tradicionale\/\" \/>\n<meta property=\"og:site_name\" content=\"Kisha Orthodh\u03bfkse Autoqefale e Shqip\u00ebris\u00eb\" \/>\n<meta property=\"article:publisher\" content=\"https:\/\/www.facebook.com\/koash1991\" \/>\n<meta property=\"article:published_time\" content=\"2013-03-20T12:38:43+00:00\" \/>\n<meta property=\"article:modified_time\" content=\"2020-04-06T20:32:28+00:00\" \/>\n<meta property=\"og:image\" content=\"https:\/\/lh3.googleusercontent.com\/-JCV12MeuspM\/VK46RLpXGjI\/AAAAAAAAKXI\/Gyl6Ik0eBpE\/w600-h400-no\/7934.jpg\" \/>\n<meta name=\"author\" content=\"Kisha Orthodhokse\" \/>\n<meta name=\"twitter:card\" content=\"summary_large_image\" \/>\n<meta name=\"twitter:label1\" content=\"Written by\" \/>\n\t<meta name=\"twitter:data1\" content=\"Kisha Orthodhokse\" \/>\n\t<meta name=\"twitter:label2\" content=\"Est. reading time\" \/>\n\t<meta name=\"twitter:data2\" content=\"5 minutes\" \/>\n<script type=\"application\/ld+json\" class=\"yoast-schema-graph\">{\"@context\":\"https:\/\/schema.org\",\"@graph\":[{\"@type\":\"Article\",\"@id\":\"https:\/\/orthodoxalbania.org\/2020\/2013\/03\/20\/presidenti-topi-dekoron-kater-udheheqesit-me-te-larte-komuniteteve-fetare-tradicionale\/#article\",\"isPartOf\":{\"@id\":\"https:\/\/orthodoxalbania.org\/2020\/2013\/03\/20\/presidenti-topi-dekoron-kater-udheheqesit-me-te-larte-komuniteteve-fetare-tradicionale\/\"},\"author\":{\"name\":\"Kisha Orthodhokse\",\"@id\":\"https:\/\/orthodoxalbania.org\/2020\/#\/schema\/person\/0c387634a7063ac612d7ed9ce71c7e86\"},\"headline\":\"Presidenti Topi dekoron kat\u00ebr udh\u00ebheq\u00ebsit m\u00eb t\u00eb lart\u00eb komuniteteve fetare tradicionale. (5 Prill 2010)\",\"datePublished\":\"2013-03-20T12:38:43+00:00\",\"dateModified\":\"2020-04-06T20:32:28+00:00\",\"mainEntityOfPage\":{\"@id\":\"https:\/\/orthodoxalbania.org\/2020\/2013\/03\/20\/presidenti-topi-dekoron-kater-udheheqesit-me-te-larte-komuniteteve-fetare-tradicionale\/\"},\"wordCount\":1068,\"commentCount\":0,\"publisher\":{\"@id\":\"https:\/\/orthodoxalbania.org\/2020\/#organization\"},\"image\":{\"@id\":\"https:\/\/orthodoxalbania.org\/2020\/2013\/03\/20\/presidenti-topi-dekoron-kater-udheheqesit-me-te-larte-komuniteteve-fetare-tradicionale\/#primaryimage\"},\"thumbnailUrl\":\"https:\/\/lh3.googleusercontent.com\/-JCV12MeuspM\/VK46RLpXGjI\/AAAAAAAAKXI\/Gyl6Ik0eBpE\/w600-h400-no\/7934.jpg\",\"keywords\":[\"2010\",\"Deklarata - Njoftime Zyrtare\",\"Kryepiskopata Tiran\u00eb\",\"Kryepiskopi Anastas\",\"lajme\"],\"articleSection\":[\"Lajme\"],\"inLanguage\":\"en-US\"},{\"@type\":\"WebPage\",\"@id\":\"https:\/\/orthodoxalbania.org\/2020\/2013\/03\/20\/presidenti-topi-dekoron-kater-udheheqesit-me-te-larte-komuniteteve-fetare-tradicionale\/\",\"url\":\"https:\/\/orthodoxalbania.org\/2020\/2013\/03\/20\/presidenti-topi-dekoron-kater-udheheqesit-me-te-larte-komuniteteve-fetare-tradicionale\/\",\"name\":\"Presidenti Topi dekoron kat\u00ebr udh\u00ebheq\u00ebsit m\u00eb t\u00eb lart\u00eb komuniteteve fetare tradicionale. (5 Prill 2010) - Kisha Orthodh\u03bfkse Autoqefale e Shqip\u00ebris\u00eb\",\"isPartOf\":{\"@id\":\"https:\/\/orthodoxalbania.org\/2020\/#website\"},\"primaryImageOfPage\":{\"@id\":\"https:\/\/orthodoxalbania.org\/2020\/2013\/03\/20\/presidenti-topi-dekoron-kater-udheheqesit-me-te-larte-komuniteteve-fetare-tradicionale\/#primaryimage\"},\"image\":{\"@id\":\"https:\/\/orthodoxalbania.org\/2020\/2013\/03\/20\/presidenti-topi-dekoron-kater-udheheqesit-me-te-larte-komuniteteve-fetare-tradicionale\/#primaryimage\"},\"thumbnailUrl\":\"https:\/\/lh3.googleusercontent.com\/-JCV12MeuspM\/VK46RLpXGjI\/AAAAAAAAKXI\/Gyl6Ik0eBpE\/w600-h400-no\/7934.jpg\",\"datePublished\":\"2013-03-20T12:38:43+00:00\",\"dateModified\":\"2020-04-06T20:32:28+00:00\",\"breadcrumb\":{\"@id\":\"https:\/\/orthodoxalbania.org\/2020\/2013\/03\/20\/presidenti-topi-dekoron-kater-udheheqesit-me-te-larte-komuniteteve-fetare-tradicionale\/#breadcrumb\"},\"inLanguage\":\"en-US\",\"potentialAction\":[{\"@type\":\"ReadAction\",\"target\":[\"https:\/\/orthodoxalbania.org\/2020\/2013\/03\/20\/presidenti-topi-dekoron-kater-udheheqesit-me-te-larte-komuniteteve-fetare-tradicionale\/\"]}]},{\"@type\":\"ImageObject\",\"inLanguage\":\"en-US\",\"@id\":\"https:\/\/orthodoxalbania.org\/2020\/2013\/03\/20\/presidenti-topi-dekoron-kater-udheheqesit-me-te-larte-komuniteteve-fetare-tradicionale\/#primaryimage\",\"url\":\"https:\/\/lh3.googleusercontent.com\/-JCV12MeuspM\/VK46RLpXGjI\/AAAAAAAAKXI\/Gyl6Ik0eBpE\/w600-h400-no\/7934.jpg\",\"contentUrl\":\"https:\/\/lh3.googleusercontent.com\/-JCV12MeuspM\/VK46RLpXGjI\/AAAAAAAAKXI\/Gyl6Ik0eBpE\/w600-h400-no\/7934.jpg\"},{\"@type\":\"BreadcrumbList\",\"@id\":\"https:\/\/orthodoxalbania.org\/2020\/2013\/03\/20\/presidenti-topi-dekoron-kater-udheheqesit-me-te-larte-komuniteteve-fetare-tradicionale\/#breadcrumb\",\"itemListElement\":[{\"@type\":\"ListItem\",\"position\":1,\"name\":\"Home\",\"item\":\"https:\/\/orthodoxalbania.org\/2020\/\"},{\"@type\":\"ListItem\",\"position\":2,\"name\":\"Presidenti Topi dekoron kat\u00ebr udh\u00ebheq\u00ebsit m\u00eb t\u00eb lart\u00eb komuniteteve fetare tradicionale. (5 Prill 2010)\"}]},{\"@type\":\"WebSite\",\"@id\":\"https:\/\/orthodoxalbania.org\/2020\/#website\",\"url\":\"https:\/\/orthodoxalbania.org\/2020\/\",\"name\":\"Kisha Orthodh\u03bfkse Autoqefale e Shqip\u00ebris\u00eb\",\"description\":\"Fqja Zyrtare e Kish\u00ebs Orthodhokse Autoqefale e Shqip\u00ebris\u00eb me lajmet edhe informacionet zyrtare p\u00ebr struktur\u00ebn edhe veprimtarin e saj.\",\"publisher\":{\"@id\":\"https:\/\/orthodoxalbania.org\/2020\/#organization\"},\"potentialAction\":[{\"@type\":\"SearchAction\",\"target\":{\"@type\":\"EntryPoint\",\"urlTemplate\":\"https:\/\/orthodoxalbania.org\/2020\/?s={search_term_string}\"},\"query-input\":{\"@type\":\"PropertyValueSpecification\",\"valueRequired\":true,\"valueName\":\"search_term_string\"}}],\"inLanguage\":\"en-US\"},{\"@type\":\"Organization\",\"@id\":\"https:\/\/orthodoxalbania.org\/2020\/#organization\",\"name\":\"Kisha Orthodhokse Autoqefale e Shqip\u00ebris\u00eb\",\"url\":\"https:\/\/orthodoxalbania.org\/2020\/\",\"logo\":{\"@type\":\"ImageObject\",\"inLanguage\":\"en-US\",\"@id\":\"https:\/\/orthodoxalbania.org\/2020\/#\/schema\/logo\/image\/\",\"url\":\"https:\/\/orthodoxalbania.org\/2020\/wp-content\/uploads\/2020\/05\/albania.jpeg\",\"contentUrl\":\"https:\/\/orthodoxalbania.org\/2020\/wp-content\/uploads\/2020\/05\/albania.jpeg\",\"width\":540,\"height\":540,\"caption\":\"Kisha Orthodhokse Autoqefale e Shqip\u00ebris\u00eb\"},\"image\":{\"@id\":\"https:\/\/orthodoxalbania.org\/2020\/#\/schema\/logo\/image\/\"},\"sameAs\":[\"https:\/\/www.facebook.com\/koash1991\"]},{\"@type\":\"Person\",\"@id\":\"https:\/\/orthodoxalbania.org\/2020\/#\/schema\/person\/0c387634a7063ac612d7ed9ce71c7e86\",\"name\":\"Kisha Orthodhokse\",\"image\":{\"@type\":\"ImageObject\",\"inLanguage\":\"en-US\",\"@id\":\"https:\/\/secure.gravatar.com\/avatar\/596e7c417251e30f2fbb9c00e026fce61a695a00e51c889caded71c96cbbdde5?s=96&d=mm&r=g\",\"url\":\"https:\/\/secure.gravatar.com\/avatar\/596e7c417251e30f2fbb9c00e026fce61a695a00e51c889caded71c96cbbdde5?s=96&d=mm&r=g\",\"contentUrl\":\"https:\/\/secure.gravatar.com\/avatar\/596e7c417251e30f2fbb9c00e026fce61a695a00e51c889caded71c96cbbdde5?s=96&d=mm&r=g\",\"caption\":\"Kisha Orthodhokse\"}}]}<\/script>\n<!-- \/ Yoast SEO plugin. -->","yoast_head_json":{"title":"Presidenti Topi dekoron kat\u00ebr udh\u00ebheq\u00ebsit m\u00eb t\u00eb lart\u00eb komuniteteve fetare tradicionale. (5 Prill 2010) - Kisha Orthodh\u03bfkse Autoqefale e Shqip\u00ebris\u00eb","robots":{"index":"index","follow":"follow","max-snippet":"max-snippet:-1","max-image-preview":"max-image-preview:large","max-video-preview":"max-video-preview:-1"},"canonical":"https:\/\/orthodoxalbania.org\/2020\/2013\/03\/20\/presidenti-topi-dekoron-kater-udheheqesit-me-te-larte-komuniteteve-fetare-tradicionale\/","og_locale":"en_US","og_type":"article","og_title":"Presidenti Topi dekoron kat\u00ebr udh\u00ebheq\u00ebsit m\u00eb t\u00eb lart\u00eb komuniteteve fetare tradicionale. (5 Prill 2010) - Kisha Orthodh\u03bfkse Autoqefale e Shqip\u00ebris\u00eb","og_description":"&nbsp; &nbsp; T\u00eb h\u00ebn\u00ebn e ndritshme pas Pashk\u00ebve, 5 prill, si nj\u00eb vazhdim i festimeve, n\u00eb Pallatin e Brigadave u zhvillua nj\u00eb ceremoni mjaft mbres\u00ebl\u00ebn\u00ebse. Presidenti i Republik\u00ebs, Prof. Dr. Bamir Topi dekoroi me Urdhrin e lart\u00eb \u201cGjergj Kastrioti Sk\u00ebnderbeu\u201d kat\u00ebr udh\u00ebheq\u00ebsit m\u00eb t\u00eb lart\u00eb t\u00eb komuniteteve fetare tradicionale, Kryetarin e Bashk\u00ebsis\u00eb Myslimane, Haxhi Selim Mu\u00e7\u00ebn, Kryepiskopin e Tiran\u00ebs, Durr\u00ebsit dhe t\u00eb gjith\u00eb Shqip\u00ebris\u00eb, Fortlumturin\u00eb","og_url":"https:\/\/orthodoxalbania.org\/2020\/2013\/03\/20\/presidenti-topi-dekoron-kater-udheheqesit-me-te-larte-komuniteteve-fetare-tradicionale\/","og_site_name":"Kisha Orthodh\u03bfkse Autoqefale e Shqip\u00ebris\u00eb","article_publisher":"https:\/\/www.facebook.com\/koash1991","article_published_time":"2013-03-20T12:38:43+00:00","article_modified_time":"2020-04-06T20:32:28+00:00","og_image":[{"url":"https:\/\/lh3.googleusercontent.com\/-JCV12MeuspM\/VK46RLpXGjI\/AAAAAAAAKXI\/Gyl6Ik0eBpE\/w600-h400-no\/7934.jpg","type":"","width":"","height":""}],"author":"Kisha Orthodhokse","twitter_card":"summary_large_image","twitter_misc":{"Written by":"Kisha Orthodhokse","Est. reading time":"5 minutes"},"schema":{"@context":"https:\/\/schema.org","@graph":[{"@type":"Article","@id":"https:\/\/orthodoxalbania.org\/2020\/2013\/03\/20\/presidenti-topi-dekoron-kater-udheheqesit-me-te-larte-komuniteteve-fetare-tradicionale\/#article","isPartOf":{"@id":"https:\/\/orthodoxalbania.org\/2020\/2013\/03\/20\/presidenti-topi-dekoron-kater-udheheqesit-me-te-larte-komuniteteve-fetare-tradicionale\/"},"author":{"name":"Kisha Orthodhokse","@id":"https:\/\/orthodoxalbania.org\/2020\/#\/schema\/person\/0c387634a7063ac612d7ed9ce71c7e86"},"headline":"Presidenti Topi dekoron kat\u00ebr udh\u00ebheq\u00ebsit m\u00eb t\u00eb lart\u00eb komuniteteve fetare tradicionale. (5 Prill 2010)","datePublished":"2013-03-20T12:38:43+00:00","dateModified":"2020-04-06T20:32:28+00:00","mainEntityOfPage":{"@id":"https:\/\/orthodoxalbania.org\/2020\/2013\/03\/20\/presidenti-topi-dekoron-kater-udheheqesit-me-te-larte-komuniteteve-fetare-tradicionale\/"},"wordCount":1068,"commentCount":0,"publisher":{"@id":"https:\/\/orthodoxalbania.org\/2020\/#organization"},"image":{"@id":"https:\/\/orthodoxalbania.org\/2020\/2013\/03\/20\/presidenti-topi-dekoron-kater-udheheqesit-me-te-larte-komuniteteve-fetare-tradicionale\/#primaryimage"},"thumbnailUrl":"https:\/\/lh3.googleusercontent.com\/-JCV12MeuspM\/VK46RLpXGjI\/AAAAAAAAKXI\/Gyl6Ik0eBpE\/w600-h400-no\/7934.jpg","keywords":["2010","Deklarata - Njoftime Zyrtare","Kryepiskopata Tiran\u00eb","Kryepiskopi Anastas","lajme"],"articleSection":["Lajme"],"inLanguage":"en-US"},{"@type":"WebPage","@id":"https:\/\/orthodoxalbania.org\/2020\/2013\/03\/20\/presidenti-topi-dekoron-kater-udheheqesit-me-te-larte-komuniteteve-fetare-tradicionale\/","url":"https:\/\/orthodoxalbania.org\/2020\/2013\/03\/20\/presidenti-topi-dekoron-kater-udheheqesit-me-te-larte-komuniteteve-fetare-tradicionale\/","name":"Presidenti Topi dekoron kat\u00ebr udh\u00ebheq\u00ebsit m\u00eb t\u00eb lart\u00eb komuniteteve fetare tradicionale. (5 Prill 2010) - Kisha Orthodh\u03bfkse Autoqefale e Shqip\u00ebris\u00eb","isPartOf":{"@id":"https:\/\/orthodoxalbania.org\/2020\/#website"},"primaryImageOfPage":{"@id":"https:\/\/orthodoxalbania.org\/2020\/2013\/03\/20\/presidenti-topi-dekoron-kater-udheheqesit-me-te-larte-komuniteteve-fetare-tradicionale\/#primaryimage"},"image":{"@id":"https:\/\/orthodoxalbania.org\/2020\/2013\/03\/20\/presidenti-topi-dekoron-kater-udheheqesit-me-te-larte-komuniteteve-fetare-tradicionale\/#primaryimage"},"thumbnailUrl":"https:\/\/lh3.googleusercontent.com\/-JCV12MeuspM\/VK46RLpXGjI\/AAAAAAAAKXI\/Gyl6Ik0eBpE\/w600-h400-no\/7934.jpg","datePublished":"2013-03-20T12:38:43+00:00","dateModified":"2020-04-06T20:32:28+00:00","breadcrumb":{"@id":"https:\/\/orthodoxalbania.org\/2020\/2013\/03\/20\/presidenti-topi-dekoron-kater-udheheqesit-me-te-larte-komuniteteve-fetare-tradicionale\/#breadcrumb"},"inLanguage":"en-US","potentialAction":[{"@type":"ReadAction","target":["https:\/\/orthodoxalbania.org\/2020\/2013\/03\/20\/presidenti-topi-dekoron-kater-udheheqesit-me-te-larte-komuniteteve-fetare-tradicionale\/"]}]},{"@type":"ImageObject","inLanguage":"en-US","@id":"https:\/\/orthodoxalbania.org\/2020\/2013\/03\/20\/presidenti-topi-dekoron-kater-udheheqesit-me-te-larte-komuniteteve-fetare-tradicionale\/#primaryimage","url":"https:\/\/lh3.googleusercontent.com\/-JCV12MeuspM\/VK46RLpXGjI\/AAAAAAAAKXI\/Gyl6Ik0eBpE\/w600-h400-no\/7934.jpg","contentUrl":"https:\/\/lh3.googleusercontent.com\/-JCV12MeuspM\/VK46RLpXGjI\/AAAAAAAAKXI\/Gyl6Ik0eBpE\/w600-h400-no\/7934.jpg"},{"@type":"BreadcrumbList","@id":"https:\/\/orthodoxalbania.org\/2020\/2013\/03\/20\/presidenti-topi-dekoron-kater-udheheqesit-me-te-larte-komuniteteve-fetare-tradicionale\/#breadcrumb","itemListElement":[{"@type":"ListItem","position":1,"name":"Home","item":"https:\/\/orthodoxalbania.org\/2020\/"},{"@type":"ListItem","position":2,"name":"Presidenti Topi dekoron kat\u00ebr udh\u00ebheq\u00ebsit m\u00eb t\u00eb lart\u00eb komuniteteve fetare tradicionale. (5 Prill 2010)"}]},{"@type":"WebSite","@id":"https:\/\/orthodoxalbania.org\/2020\/#website","url":"https:\/\/orthodoxalbania.org\/2020\/","name":"Kisha Orthodh\u03bfkse Autoqefale e Shqip\u00ebris\u00eb","description":"Fqja Zyrtare e Kish\u00ebs Orthodhokse Autoqefale e Shqip\u00ebris\u00eb me lajmet edhe informacionet zyrtare p\u00ebr struktur\u00ebn edhe veprimtarin e saj.","publisher":{"@id":"https:\/\/orthodoxalbania.org\/2020\/#organization"},"potentialAction":[{"@type":"SearchAction","target":{"@type":"EntryPoint","urlTemplate":"https:\/\/orthodoxalbania.org\/2020\/?s={search_term_string}"},"query-input":{"@type":"PropertyValueSpecification","valueRequired":true,"valueName":"search_term_string"}}],"inLanguage":"en-US"},{"@type":"Organization","@id":"https:\/\/orthodoxalbania.org\/2020\/#organization","name":"Kisha Orthodhokse Autoqefale e Shqip\u00ebris\u00eb","url":"https:\/\/orthodoxalbania.org\/2020\/","logo":{"@type":"ImageObject","inLanguage":"en-US","@id":"https:\/\/orthodoxalbania.org\/2020\/#\/schema\/logo\/image\/","url":"https:\/\/orthodoxalbania.org\/2020\/wp-content\/uploads\/2020\/05\/albania.jpeg","contentUrl":"https:\/\/orthodoxalbania.org\/2020\/wp-content\/uploads\/2020\/05\/albania.jpeg","width":540,"height":540,"caption":"Kisha Orthodhokse Autoqefale e Shqip\u00ebris\u00eb"},"image":{"@id":"https:\/\/orthodoxalbania.org\/2020\/#\/schema\/logo\/image\/"},"sameAs":["https:\/\/www.facebook.com\/koash1991"]},{"@type":"Person","@id":"https:\/\/orthodoxalbania.org\/2020\/#\/schema\/person\/0c387634a7063ac612d7ed9ce71c7e86","name":"Kisha Orthodhokse","image":{"@type":"ImageObject","inLanguage":"en-US","@id":"https:\/\/secure.gravatar.com\/avatar\/596e7c417251e30f2fbb9c00e026fce61a695a00e51c889caded71c96cbbdde5?s=96&d=mm&r=g","url":"https:\/\/secure.gravatar.com\/avatar\/596e7c417251e30f2fbb9c00e026fce61a695a00e51c889caded71c96cbbdde5?s=96&d=mm&r=g","contentUrl":"https:\/\/secure.gravatar.com\/avatar\/596e7c417251e30f2fbb9c00e026fce61a695a00e51c889caded71c96cbbdde5?s=96&d=mm&r=g","caption":"Kisha Orthodhokse"}}]}},"_links":{"self":[{"href":"https:\/\/orthodoxalbania.org\/2020\/wp-json\/wp\/v2\/posts\/1122","targetHints":{"allow":["GET"]}}],"collection":[{"href":"https:\/\/orthodoxalbania.org\/2020\/wp-json\/wp\/v2\/posts"}],"about":[{"href":"https:\/\/orthodoxalbania.org\/2020\/wp-json\/wp\/v2\/types\/post"}],"author":[{"embeddable":true,"href":"https:\/\/orthodoxalbania.org\/2020\/wp-json\/wp\/v2\/users\/1"}],"replies":[{"embeddable":true,"href":"https:\/\/orthodoxalbania.org\/2020\/wp-json\/wp\/v2\/comments?post=1122"}],"version-history":[{"count":1,"href":"https:\/\/orthodoxalbania.org\/2020\/wp-json\/wp\/v2\/posts\/1122\/revisions"}],"predecessor-version":[{"id":15511,"href":"https:\/\/orthodoxalbania.org\/2020\/wp-json\/wp\/v2\/posts\/1122\/revisions\/15511"}],"wp:attachment":[{"href":"https:\/\/orthodoxalbania.org\/2020\/wp-json\/wp\/v2\/media?parent=1122"}],"wp:term":[{"taxonomy":"category","embeddable":true,"href":"https:\/\/orthodoxalbania.org\/2020\/wp-json\/wp\/v2\/categories?post=1122"},{"taxonomy":"post_tag","embeddable":true,"href":"https:\/\/orthodoxalbania.org\/2020\/wp-json\/wp\/v2\/tags?post=1122"}],"curies":[{"name":"wp","href":"https:\/\/api.w.org\/{rel}","templated":true}]}}