{"id":1121,"date":"2013-11-04T12:56:24","date_gmt":"2013-11-04T12:56:24","guid":{"rendered":""},"modified":"2020-04-06T22:05:30","modified_gmt":"2020-04-06T20:05:30","slug":"presidentigreqise-z-karolos-papulias-vizitoi-kryepiskopin-anastas","status":"publish","type":"post","link":"https:\/\/orthodoxalbania.org\/2020\/2013\/11\/04\/presidentigreqise-z-karolos-papulias-vizitoi-kryepiskopin-anastas\/","title":{"rendered":"Presidenti i Greqis\u00eb z.Karolos Papulias vizitoi Kryepiskopin Anastas. (3 N\u00ebntor 2013)"},"content":{"rendered":"<p style=\"text-align: center;\">\n\t<img decoding=\"async\" border=\"0\" class=\"lazyload HAa Eha\" src=\"data:image\/gif;base64,R0lGODlhAQABAAAAACH5BAEKAAEALAAAAAABAAEAAAICTAEAOw==\" data-orig-src=\"https:\/\/lh4.googleusercontent.com\/-N2g9h44fUvU\/UnePXbu0_pI\/AAAAAAAAGzU\/SNYJ1m6POBc\/w958-h639-no\/Presidenti+i+Greqise.JPG\" style=\"height: 200px; width: 300px; border-width: 1px; border-style: solid; margin: 10px; float: left;\" \/><\/p>\n<p style=\"text-align: justify;\">\n\t<span style=\"color:#000000;\"><span style=\"font-size: 12px;\"><span style=\"font-family: tahoma,geneva,sans-serif;\">&nbsp;&nbsp; N\u00eb dit\u00ebn e par\u00eb t\u00eb vizit\u00ebs s\u00eb tij zyrtare n\u00eb vendin ton\u00eb, 3 n\u00ebntor 2013, Presidenti i Greqis\u00eb, Z. Karolos Papulias vizitoi pasdite <\/span><\/span><span style=\"font-size: 12px;\"><span style=\"font-family: tahoma,geneva,sans-serif;\">Kryepiskopin e Tiran\u00ebs, Durr\u00ebsit dhe t\u00eb gjith\u00eb Shqip\u00ebris\u00eb, Fortlumturin\u00eb e Tij Anastasi. <\/span><\/span><\/span><\/p>\n<p style=\"text-align: justify;\">\n\t<span style=\"color:#000000;\"><span style=\"font-size: 12px;\"><span style=\"font-family: tahoma,geneva,sans-serif;\">&nbsp;&nbsp; Pritja u organizua n\u00eb <\/span><\/span><span style=\"font-size: 12px;\"><span style=\"font-family: tahoma,geneva,sans-serif;\">selin\u00eb e Sinodit t\u00eb Shenjt\u00eb. <\/span><\/span><span style=\"font-size: 12px;\"><span style=\"font-family: tahoma,geneva,sans-serif;\">N\u00eb sall\u00ebn e pritjeve u shk\u00ebmbyen fjal\u00ebt e rastit, ku Kryepiskopi Anastas b\u00ebri nj\u00eb ekspoze t\u00eb p\u00ebrparimit e zhvillimit t\u00eb Kish\u00ebs Orthodhokse Autoqefale t\u00eb Shqip\u00ebris\u00eb n\u00eb k\u00ebto 22 vjet, m\u00eb pas Kryepiskopi Anastas i dhuroi edhe nje kopje faksimile t\u00eb Kodikut t\u00eb Kor\u00e7\u00ebs, shek. X.<\/span><\/span><span style=\"font-size: 12px;\"><span style=\"font-family: tahoma,geneva,sans-serif;\"> Merrnin pjes\u00eb <\/span><\/span><span style=\"font-size: 12px;\"><span style=\"font-family: tahoma,geneva,sans-serif;\">Episkop\u00ebt Andoni, Nathanaili dhe Asti, klerik\u00eb e laik\u00eb orthodhoks\u00eb.<\/span><\/span><span style=\"font-size: 12px;\"><span style=\"font-family: tahoma,geneva,sans-serif;\">&nbsp; <\/span><\/span><\/span><\/p>\n<p style=\"text-align: justify;\">\n\t<span style=\"color:#000000;\"><span style=\"font-size: 12px;\"><span style=\"font-family: tahoma,geneva,sans-serif;\">&nbsp;&nbsp;&nbsp; M\u00eb pas Z. Papulias vizitoi Katedralen e re \u201cNgjallja e Krishtit\u201d, ku u prit me psalmet n\u00eb shqip t\u00eb korit bizantin \u201cJoan Kukuzeli\u201d, si dhe sall\u00ebn e konferencave pran\u00eb saj, ku u dha nj\u00eb program i shkurt\u00ebr nga grupi muzikor i radios \u201cNgjallja\u201d.<\/span><\/span><\/span><\/p>\n<p>\n\t&nbsp;<\/p>\n<p>\n\t&nbsp;<\/p>\n<p>\n\t<img decoding=\"async\" border=\"0\" class=\"lazyload HAa Eha\" src=\"data:image\/gif;base64,R0lGODlhAQABAAAAACH5BAEKAAEALAAAAAABAAEAAAICTAEAOw==\" data-orig-src=\"https:\/\/lh4.googleusercontent.com\/-N2g9h44fUvU\/UnePXbu0_pI\/AAAAAAAAGzU\/SNYJ1m6POBc\/w958-h639-no\/Presidenti+i+Greqise.JPG\" style=\"width: 900px; border-width: 1px; border-style: solid; margin: 10px; height: 600px;\" \/><\/p>\n<p>\n\t<img decoding=\"async\" border=\"0\" class=\"lazyload HAa Eha\" src=\"data:image\/gif;base64,R0lGODlhAQABAAAAACH5BAEKAAEALAAAAAABAAEAAAICTAEAOw==\" data-orig-src=\"https:\/\/lh5.googleusercontent.com\/-2LutR61r-S8\/UnePCV6sEcI\/AAAAAAAAGzE\/GDaYIHV0fgM\/w640-h427-no\/Presidenti+2.JPG\" style=\"height: 467px; width: 700px; border-width: 1px; border-style: solid; margin: 10px;\" \/><\/p>\n<p>\n\t<img decoding=\"async\" border=\"0\" class=\"lazyload HAa Eha\" src=\"data:image\/gif;base64,R0lGODlhAQABAAAAACH5BAEKAAEALAAAAAABAAEAAAICTAEAOw==\" data-orig-src=\"https:\/\/lh6.googleusercontent.com\/-qW4YKXOXlJY\/UnePEItWC6I\/AAAAAAAAGzM\/hj0sksV3YEw\/w640-h427-no\/Presidenti+3.JPG\" style=\"height: 467px; width: 700px; border-width: 1px; border-style: solid; margin: 10px;\" \/><\/p>\n<p style=\"text-align: center;\">\n\t&nbsp;<\/p>\n","protected":false},"excerpt":{"rendered":"<p>&nbsp;&nbsp; N\u00eb dit\u00ebn e par\u00eb t\u00eb vizit\u00ebs s\u00eb tij zyrtare n\u00eb vendin ton\u00eb, 3 n\u00ebntor 2013, Presidenti i Greqis\u00eb, Z. Karolos Papulias vizitoi pasdite Kryepiskopin e Tiran\u00ebs, Durr\u00ebsit dhe t\u00eb gjith\u00eb Shqip\u00ebris\u00eb, Fortlumturin\u00eb e Tij Anastasi. &nbsp;&nbsp; Pritja u organizua n\u00eb selin\u00eb e Sinodit t\u00eb Shenjt\u00eb. N\u00eb sall\u00ebn e pritjeve u shk\u00ebmbyen fjal\u00ebt e rastit, ku Kryepiskopi Anastas b\u00ebri nj\u00eb ekspoze t\u00eb p\u00ebrparimit e zhvillimit<\/p>\n","protected":false},"author":5,"featured_media":0,"comment_status":"open","ping_status":"open","sticky":false,"template":"","format":"standard","meta":{"_acf_changed":false,"pagelayer_contact_templates":[],"_pagelayer_content":"","inline_featured_image":false,"fifu_image_url":"","fifu_image_alt":"","footnotes":""},"categories":[108],"tags":[141,153,196,201,212],"class_list":["post-1121","post","type-post","status-publish","format-standard","hentry","category-lajme","tag-141","tag-deklarata-njoftime-zyrtare-d75","tag-tirane","tag-kryepiskopi-anastas","tag-lajme-d27"],"acf":[],"yoast_head":"<!-- This site is optimized with the Yoast SEO plugin v27.2 - https:\/\/yoast.com\/product\/yoast-seo-wordpress\/ -->\n<title>Presidenti i Greqis\u00eb z.Karolos Papulias vizitoi Kryepiskopin Anastas. (3 N\u00ebntor 2013) - Kisha Orthodh\u03bfkse Autoqefale e Shqip\u00ebris\u00eb<\/title>\n<meta name=\"robots\" content=\"index, follow, max-snippet:-1, max-image-preview:large, max-video-preview:-1\" \/>\n<link rel=\"canonical\" href=\"https:\/\/orthodoxalbania.org\/2020\/2013\/11\/04\/presidentigreqise-z-karolos-papulias-vizitoi-kryepiskopin-anastas\/\" \/>\n<meta property=\"og:locale\" content=\"en_US\" \/>\n<meta property=\"og:type\" content=\"article\" \/>\n<meta property=\"og:title\" content=\"Presidenti i Greqis\u00eb z.Karolos Papulias vizitoi Kryepiskopin Anastas. (3 N\u00ebntor 2013) - Kisha Orthodh\u03bfkse Autoqefale e Shqip\u00ebris\u00eb\" \/>\n<meta property=\"og:description\" content=\"&nbsp;&nbsp; N\u00eb dit\u00ebn e par\u00eb t\u00eb vizit\u00ebs s\u00eb tij zyrtare n\u00eb vendin ton\u00eb, 3 n\u00ebntor 2013, Presidenti i Greqis\u00eb, Z. Karolos Papulias vizitoi pasdite Kryepiskopin e Tiran\u00ebs, Durr\u00ebsit dhe t\u00eb gjith\u00eb Shqip\u00ebris\u00eb, Fortlumturin\u00eb e Tij Anastasi. &nbsp;&nbsp; Pritja u organizua n\u00eb selin\u00eb e Sinodit t\u00eb Shenjt\u00eb. N\u00eb sall\u00ebn e pritjeve u shk\u00ebmbyen fjal\u00ebt e rastit, ku Kryepiskopi Anastas b\u00ebri nj\u00eb ekspoze t\u00eb p\u00ebrparimit e zhvillimit\" \/>\n<meta property=\"og:url\" content=\"https:\/\/orthodoxalbania.org\/2020\/2013\/11\/04\/presidentigreqise-z-karolos-papulias-vizitoi-kryepiskopin-anastas\/\" \/>\n<meta property=\"og:site_name\" content=\"Kisha Orthodh\u03bfkse Autoqefale e Shqip\u00ebris\u00eb\" \/>\n<meta property=\"article:publisher\" content=\"https:\/\/www.facebook.com\/koash1991\" \/>\n<meta property=\"article:published_time\" content=\"2013-11-04T12:56:24+00:00\" \/>\n<meta property=\"article:modified_time\" content=\"2020-04-06T20:05:30+00:00\" \/>\n<meta property=\"og:image\" content=\"https:\/\/lh4.googleusercontent.com\/-N2g9h44fUvU\/UnePXbu0_pI\/AAAAAAAAGzU\/SNYJ1m6POBc\/w958-h639-no\/Presidenti+i+Greqise.JPG\" \/>\n<meta name=\"author\" content=\"Administrator3\" \/>\n<meta name=\"twitter:card\" content=\"summary_large_image\" \/>\n<meta name=\"twitter:label1\" content=\"Written by\" \/>\n\t<meta name=\"twitter:data1\" content=\"Administrator3\" \/>\n\t<meta name=\"twitter:label2\" content=\"Est. reading time\" \/>\n\t<meta name=\"twitter:data2\" content=\"1 minute\" \/>\n<script type=\"application\/ld+json\" class=\"yoast-schema-graph\">{\"@context\":\"https:\/\/schema.org\",\"@graph\":[{\"@type\":\"Article\",\"@id\":\"https:\/\/orthodoxalbania.org\/2020\/2013\/11\/04\/presidentigreqise-z-karolos-papulias-vizitoi-kryepiskopin-anastas\/#article\",\"isPartOf\":{\"@id\":\"https:\/\/orthodoxalbania.org\/2020\/2013\/11\/04\/presidentigreqise-z-karolos-papulias-vizitoi-kryepiskopin-anastas\/\"},\"author\":{\"name\":\"Administrator3\",\"@id\":\"https:\/\/orthodoxalbania.org\/2020\/#\/schema\/person\/8f81792a8d818674e96c380e1085eb43\"},\"headline\":\"Presidenti i Greqis\u00eb z.Karolos Papulias vizitoi Kryepiskopin Anastas. (3 N\u00ebntor 2013)\",\"datePublished\":\"2013-11-04T12:56:24+00:00\",\"dateModified\":\"2020-04-06T20:05:30+00:00\",\"mainEntityOfPage\":{\"@id\":\"https:\/\/orthodoxalbania.org\/2020\/2013\/11\/04\/presidentigreqise-z-karolos-papulias-vizitoi-kryepiskopin-anastas\/\"},\"wordCount\":180,\"commentCount\":0,\"publisher\":{\"@id\":\"https:\/\/orthodoxalbania.org\/2020\/#organization\"},\"image\":{\"@id\":\"https:\/\/orthodoxalbania.org\/2020\/2013\/11\/04\/presidentigreqise-z-karolos-papulias-vizitoi-kryepiskopin-anastas\/#primaryimage\"},\"thumbnailUrl\":\"https:\/\/lh4.googleusercontent.com\/-N2g9h44fUvU\/UnePXbu0_pI\/AAAAAAAAGzU\/SNYJ1m6POBc\/w958-h639-no\/Presidenti+i+Greqise.JPG\",\"keywords\":[\"2013\",\"Deklarata - Njoftime Zyrtare\",\"Kryepiskopata Tiran\u00eb\",\"Kryepiskopi Anastas\",\"lajme\"],\"articleSection\":[\"Lajme\"],\"inLanguage\":\"en-US\"},{\"@type\":\"WebPage\",\"@id\":\"https:\/\/orthodoxalbania.org\/2020\/2013\/11\/04\/presidentigreqise-z-karolos-papulias-vizitoi-kryepiskopin-anastas\/\",\"url\":\"https:\/\/orthodoxalbania.org\/2020\/2013\/11\/04\/presidentigreqise-z-karolos-papulias-vizitoi-kryepiskopin-anastas\/\",\"name\":\"Presidenti i Greqis\u00eb z.Karolos Papulias vizitoi Kryepiskopin Anastas. (3 N\u00ebntor 2013) - Kisha Orthodh\u03bfkse Autoqefale e Shqip\u00ebris\u00eb\",\"isPartOf\":{\"@id\":\"https:\/\/orthodoxalbania.org\/2020\/#website\"},\"primaryImageOfPage\":{\"@id\":\"https:\/\/orthodoxalbania.org\/2020\/2013\/11\/04\/presidentigreqise-z-karolos-papulias-vizitoi-kryepiskopin-anastas\/#primaryimage\"},\"image\":{\"@id\":\"https:\/\/orthodoxalbania.org\/2020\/2013\/11\/04\/presidentigreqise-z-karolos-papulias-vizitoi-kryepiskopin-anastas\/#primaryimage\"},\"thumbnailUrl\":\"https:\/\/lh4.googleusercontent.com\/-N2g9h44fUvU\/UnePXbu0_pI\/AAAAAAAAGzU\/SNYJ1m6POBc\/w958-h639-no\/Presidenti+i+Greqise.JPG\",\"datePublished\":\"2013-11-04T12:56:24+00:00\",\"dateModified\":\"2020-04-06T20:05:30+00:00\",\"breadcrumb\":{\"@id\":\"https:\/\/orthodoxalbania.org\/2020\/2013\/11\/04\/presidentigreqise-z-karolos-papulias-vizitoi-kryepiskopin-anastas\/#breadcrumb\"},\"inLanguage\":\"en-US\",\"potentialAction\":[{\"@type\":\"ReadAction\",\"target\":[\"https:\/\/orthodoxalbania.org\/2020\/2013\/11\/04\/presidentigreqise-z-karolos-papulias-vizitoi-kryepiskopin-anastas\/\"]}]},{\"@type\":\"ImageObject\",\"inLanguage\":\"en-US\",\"@id\":\"https:\/\/orthodoxalbania.org\/2020\/2013\/11\/04\/presidentigreqise-z-karolos-papulias-vizitoi-kryepiskopin-anastas\/#primaryimage\",\"url\":\"https:\/\/lh4.googleusercontent.com\/-N2g9h44fUvU\/UnePXbu0_pI\/AAAAAAAAGzU\/SNYJ1m6POBc\/w958-h639-no\/Presidenti+i+Greqise.JPG\",\"contentUrl\":\"https:\/\/lh4.googleusercontent.com\/-N2g9h44fUvU\/UnePXbu0_pI\/AAAAAAAAGzU\/SNYJ1m6POBc\/w958-h639-no\/Presidenti+i+Greqise.JPG\"},{\"@type\":\"BreadcrumbList\",\"@id\":\"https:\/\/orthodoxalbania.org\/2020\/2013\/11\/04\/presidentigreqise-z-karolos-papulias-vizitoi-kryepiskopin-anastas\/#breadcrumb\",\"itemListElement\":[{\"@type\":\"ListItem\",\"position\":1,\"name\":\"Home\",\"item\":\"https:\/\/orthodoxalbania.org\/2020\/\"},{\"@type\":\"ListItem\",\"position\":2,\"name\":\"Presidenti i Greqis\u00eb z.Karolos Papulias vizitoi Kryepiskopin Anastas. (3 N\u00ebntor 2013)\"}]},{\"@type\":\"WebSite\",\"@id\":\"https:\/\/orthodoxalbania.org\/2020\/#website\",\"url\":\"https:\/\/orthodoxalbania.org\/2020\/\",\"name\":\"Kisha Orthodh\u03bfkse Autoqefale e Shqip\u00ebris\u00eb\",\"description\":\"Fqja Zyrtare e Kish\u00ebs Orthodhokse Autoqefale e Shqip\u00ebris\u00eb me lajmet edhe informacionet zyrtare p\u00ebr struktur\u00ebn edhe veprimtarin e saj.\",\"publisher\":{\"@id\":\"https:\/\/orthodoxalbania.org\/2020\/#organization\"},\"potentialAction\":[{\"@type\":\"SearchAction\",\"target\":{\"@type\":\"EntryPoint\",\"urlTemplate\":\"https:\/\/orthodoxalbania.org\/2020\/?s={search_term_string}\"},\"query-input\":{\"@type\":\"PropertyValueSpecification\",\"valueRequired\":true,\"valueName\":\"search_term_string\"}}],\"inLanguage\":\"en-US\"},{\"@type\":\"Organization\",\"@id\":\"https:\/\/orthodoxalbania.org\/2020\/#organization\",\"name\":\"Kisha Orthodhokse Autoqefale e Shqip\u00ebris\u00eb\",\"url\":\"https:\/\/orthodoxalbania.org\/2020\/\",\"logo\":{\"@type\":\"ImageObject\",\"inLanguage\":\"en-US\",\"@id\":\"https:\/\/orthodoxalbania.org\/2020\/#\/schema\/logo\/image\/\",\"url\":\"https:\/\/orthodoxalbania.org\/2020\/wp-content\/uploads\/2020\/05\/albania.jpeg\",\"contentUrl\":\"https:\/\/orthodoxalbania.org\/2020\/wp-content\/uploads\/2020\/05\/albania.jpeg\",\"width\":540,\"height\":540,\"caption\":\"Kisha Orthodhokse Autoqefale e Shqip\u00ebris\u00eb\"},\"image\":{\"@id\":\"https:\/\/orthodoxalbania.org\/2020\/#\/schema\/logo\/image\/\"},\"sameAs\":[\"https:\/\/www.facebook.com\/koash1991\"]},{\"@type\":\"Person\",\"@id\":\"https:\/\/orthodoxalbania.org\/2020\/#\/schema\/person\/8f81792a8d818674e96c380e1085eb43\",\"name\":\"Administrator3\",\"image\":{\"@type\":\"ImageObject\",\"inLanguage\":\"en-US\",\"@id\":\"https:\/\/secure.gravatar.com\/avatar\/f6b85b21b3f9159ff2c0d0cf50724456629c45a3e9069c9124ecd8a6cb95f6ca?s=96&d=mm&r=g\",\"url\":\"https:\/\/secure.gravatar.com\/avatar\/f6b85b21b3f9159ff2c0d0cf50724456629c45a3e9069c9124ecd8a6cb95f6ca?s=96&d=mm&r=g\",\"contentUrl\":\"https:\/\/secure.gravatar.com\/avatar\/f6b85b21b3f9159ff2c0d0cf50724456629c45a3e9069c9124ecd8a6cb95f6ca?s=96&d=mm&r=g\",\"caption\":\"Administrator3\"}}]}<\/script>\n<!-- \/ Yoast SEO plugin. -->","yoast_head_json":{"title":"Presidenti i Greqis\u00eb z.Karolos Papulias vizitoi Kryepiskopin Anastas. (3 N\u00ebntor 2013) - Kisha Orthodh\u03bfkse Autoqefale e Shqip\u00ebris\u00eb","robots":{"index":"index","follow":"follow","max-snippet":"max-snippet:-1","max-image-preview":"max-image-preview:large","max-video-preview":"max-video-preview:-1"},"canonical":"https:\/\/orthodoxalbania.org\/2020\/2013\/11\/04\/presidentigreqise-z-karolos-papulias-vizitoi-kryepiskopin-anastas\/","og_locale":"en_US","og_type":"article","og_title":"Presidenti i Greqis\u00eb z.Karolos Papulias vizitoi Kryepiskopin Anastas. (3 N\u00ebntor 2013) - Kisha Orthodh\u03bfkse Autoqefale e Shqip\u00ebris\u00eb","og_description":"&nbsp;&nbsp; N\u00eb dit\u00ebn e par\u00eb t\u00eb vizit\u00ebs s\u00eb tij zyrtare n\u00eb vendin ton\u00eb, 3 n\u00ebntor 2013, Presidenti i Greqis\u00eb, Z. Karolos Papulias vizitoi pasdite Kryepiskopin e Tiran\u00ebs, Durr\u00ebsit dhe t\u00eb gjith\u00eb Shqip\u00ebris\u00eb, Fortlumturin\u00eb e Tij Anastasi. &nbsp;&nbsp; Pritja u organizua n\u00eb selin\u00eb e Sinodit t\u00eb Shenjt\u00eb. N\u00eb sall\u00ebn e pritjeve u shk\u00ebmbyen fjal\u00ebt e rastit, ku Kryepiskopi Anastas b\u00ebri nj\u00eb ekspoze t\u00eb p\u00ebrparimit e zhvillimit","og_url":"https:\/\/orthodoxalbania.org\/2020\/2013\/11\/04\/presidentigreqise-z-karolos-papulias-vizitoi-kryepiskopin-anastas\/","og_site_name":"Kisha Orthodh\u03bfkse Autoqefale e Shqip\u00ebris\u00eb","article_publisher":"https:\/\/www.facebook.com\/koash1991","article_published_time":"2013-11-04T12:56:24+00:00","article_modified_time":"2020-04-06T20:05:30+00:00","og_image":[{"url":"https:\/\/lh4.googleusercontent.com\/-N2g9h44fUvU\/UnePXbu0_pI\/AAAAAAAAGzU\/SNYJ1m6POBc\/w958-h639-no\/Presidenti+i+Greqise.JPG","type":"","width":"","height":""}],"author":"Administrator3","twitter_card":"summary_large_image","twitter_misc":{"Written by":"Administrator3","Est. reading time":"1 minute"},"schema":{"@context":"https:\/\/schema.org","@graph":[{"@type":"Article","@id":"https:\/\/orthodoxalbania.org\/2020\/2013\/11\/04\/presidentigreqise-z-karolos-papulias-vizitoi-kryepiskopin-anastas\/#article","isPartOf":{"@id":"https:\/\/orthodoxalbania.org\/2020\/2013\/11\/04\/presidentigreqise-z-karolos-papulias-vizitoi-kryepiskopin-anastas\/"},"author":{"name":"Administrator3","@id":"https:\/\/orthodoxalbania.org\/2020\/#\/schema\/person\/8f81792a8d818674e96c380e1085eb43"},"headline":"Presidenti i Greqis\u00eb z.Karolos Papulias vizitoi Kryepiskopin Anastas. (3 N\u00ebntor 2013)","datePublished":"2013-11-04T12:56:24+00:00","dateModified":"2020-04-06T20:05:30+00:00","mainEntityOfPage":{"@id":"https:\/\/orthodoxalbania.org\/2020\/2013\/11\/04\/presidentigreqise-z-karolos-papulias-vizitoi-kryepiskopin-anastas\/"},"wordCount":180,"commentCount":0,"publisher":{"@id":"https:\/\/orthodoxalbania.org\/2020\/#organization"},"image":{"@id":"https:\/\/orthodoxalbania.org\/2020\/2013\/11\/04\/presidentigreqise-z-karolos-papulias-vizitoi-kryepiskopin-anastas\/#primaryimage"},"thumbnailUrl":"https:\/\/lh4.googleusercontent.com\/-N2g9h44fUvU\/UnePXbu0_pI\/AAAAAAAAGzU\/SNYJ1m6POBc\/w958-h639-no\/Presidenti+i+Greqise.JPG","keywords":["2013","Deklarata - Njoftime Zyrtare","Kryepiskopata Tiran\u00eb","Kryepiskopi Anastas","lajme"],"articleSection":["Lajme"],"inLanguage":"en-US"},{"@type":"WebPage","@id":"https:\/\/orthodoxalbania.org\/2020\/2013\/11\/04\/presidentigreqise-z-karolos-papulias-vizitoi-kryepiskopin-anastas\/","url":"https:\/\/orthodoxalbania.org\/2020\/2013\/11\/04\/presidentigreqise-z-karolos-papulias-vizitoi-kryepiskopin-anastas\/","name":"Presidenti i Greqis\u00eb z.Karolos Papulias vizitoi Kryepiskopin Anastas. (3 N\u00ebntor 2013) - Kisha Orthodh\u03bfkse Autoqefale e Shqip\u00ebris\u00eb","isPartOf":{"@id":"https:\/\/orthodoxalbania.org\/2020\/#website"},"primaryImageOfPage":{"@id":"https:\/\/orthodoxalbania.org\/2020\/2013\/11\/04\/presidentigreqise-z-karolos-papulias-vizitoi-kryepiskopin-anastas\/#primaryimage"},"image":{"@id":"https:\/\/orthodoxalbania.org\/2020\/2013\/11\/04\/presidentigreqise-z-karolos-papulias-vizitoi-kryepiskopin-anastas\/#primaryimage"},"thumbnailUrl":"https:\/\/lh4.googleusercontent.com\/-N2g9h44fUvU\/UnePXbu0_pI\/AAAAAAAAGzU\/SNYJ1m6POBc\/w958-h639-no\/Presidenti+i+Greqise.JPG","datePublished":"2013-11-04T12:56:24+00:00","dateModified":"2020-04-06T20:05:30+00:00","breadcrumb":{"@id":"https:\/\/orthodoxalbania.org\/2020\/2013\/11\/04\/presidentigreqise-z-karolos-papulias-vizitoi-kryepiskopin-anastas\/#breadcrumb"},"inLanguage":"en-US","potentialAction":[{"@type":"ReadAction","target":["https:\/\/orthodoxalbania.org\/2020\/2013\/11\/04\/presidentigreqise-z-karolos-papulias-vizitoi-kryepiskopin-anastas\/"]}]},{"@type":"ImageObject","inLanguage":"en-US","@id":"https:\/\/orthodoxalbania.org\/2020\/2013\/11\/04\/presidentigreqise-z-karolos-papulias-vizitoi-kryepiskopin-anastas\/#primaryimage","url":"https:\/\/lh4.googleusercontent.com\/-N2g9h44fUvU\/UnePXbu0_pI\/AAAAAAAAGzU\/SNYJ1m6POBc\/w958-h639-no\/Presidenti+i+Greqise.JPG","contentUrl":"https:\/\/lh4.googleusercontent.com\/-N2g9h44fUvU\/UnePXbu0_pI\/AAAAAAAAGzU\/SNYJ1m6POBc\/w958-h639-no\/Presidenti+i+Greqise.JPG"},{"@type":"BreadcrumbList","@id":"https:\/\/orthodoxalbania.org\/2020\/2013\/11\/04\/presidentigreqise-z-karolos-papulias-vizitoi-kryepiskopin-anastas\/#breadcrumb","itemListElement":[{"@type":"ListItem","position":1,"name":"Home","item":"https:\/\/orthodoxalbania.org\/2020\/"},{"@type":"ListItem","position":2,"name":"Presidenti i Greqis\u00eb z.Karolos Papulias vizitoi Kryepiskopin Anastas. (3 N\u00ebntor 2013)"}]},{"@type":"WebSite","@id":"https:\/\/orthodoxalbania.org\/2020\/#website","url":"https:\/\/orthodoxalbania.org\/2020\/","name":"Kisha Orthodh\u03bfkse Autoqefale e Shqip\u00ebris\u00eb","description":"Fqja Zyrtare e Kish\u00ebs Orthodhokse Autoqefale e Shqip\u00ebris\u00eb me lajmet edhe informacionet zyrtare p\u00ebr struktur\u00ebn edhe veprimtarin e saj.","publisher":{"@id":"https:\/\/orthodoxalbania.org\/2020\/#organization"},"potentialAction":[{"@type":"SearchAction","target":{"@type":"EntryPoint","urlTemplate":"https:\/\/orthodoxalbania.org\/2020\/?s={search_term_string}"},"query-input":{"@type":"PropertyValueSpecification","valueRequired":true,"valueName":"search_term_string"}}],"inLanguage":"en-US"},{"@type":"Organization","@id":"https:\/\/orthodoxalbania.org\/2020\/#organization","name":"Kisha Orthodhokse Autoqefale e Shqip\u00ebris\u00eb","url":"https:\/\/orthodoxalbania.org\/2020\/","logo":{"@type":"ImageObject","inLanguage":"en-US","@id":"https:\/\/orthodoxalbania.org\/2020\/#\/schema\/logo\/image\/","url":"https:\/\/orthodoxalbania.org\/2020\/wp-content\/uploads\/2020\/05\/albania.jpeg","contentUrl":"https:\/\/orthodoxalbania.org\/2020\/wp-content\/uploads\/2020\/05\/albania.jpeg","width":540,"height":540,"caption":"Kisha Orthodhokse Autoqefale e Shqip\u00ebris\u00eb"},"image":{"@id":"https:\/\/orthodoxalbania.org\/2020\/#\/schema\/logo\/image\/"},"sameAs":["https:\/\/www.facebook.com\/koash1991"]},{"@type":"Person","@id":"https:\/\/orthodoxalbania.org\/2020\/#\/schema\/person\/8f81792a8d818674e96c380e1085eb43","name":"Administrator3","image":{"@type":"ImageObject","inLanguage":"en-US","@id":"https:\/\/secure.gravatar.com\/avatar\/f6b85b21b3f9159ff2c0d0cf50724456629c45a3e9069c9124ecd8a6cb95f6ca?s=96&d=mm&r=g","url":"https:\/\/secure.gravatar.com\/avatar\/f6b85b21b3f9159ff2c0d0cf50724456629c45a3e9069c9124ecd8a6cb95f6ca?s=96&d=mm&r=g","contentUrl":"https:\/\/secure.gravatar.com\/avatar\/f6b85b21b3f9159ff2c0d0cf50724456629c45a3e9069c9124ecd8a6cb95f6ca?s=96&d=mm&r=g","caption":"Administrator3"}}]}},"_links":{"self":[{"href":"https:\/\/orthodoxalbania.org\/2020\/wp-json\/wp\/v2\/posts\/1121","targetHints":{"allow":["GET"]}}],"collection":[{"href":"https:\/\/orthodoxalbania.org\/2020\/wp-json\/wp\/v2\/posts"}],"about":[{"href":"https:\/\/orthodoxalbania.org\/2020\/wp-json\/wp\/v2\/types\/post"}],"author":[{"embeddable":true,"href":"https:\/\/orthodoxalbania.org\/2020\/wp-json\/wp\/v2\/users\/5"}],"replies":[{"embeddable":true,"href":"https:\/\/orthodoxalbania.org\/2020\/wp-json\/wp\/v2\/comments?post=1121"}],"version-history":[{"count":1,"href":"https:\/\/orthodoxalbania.org\/2020\/wp-json\/wp\/v2\/posts\/1121\/revisions"}],"predecessor-version":[{"id":15162,"href":"https:\/\/orthodoxalbania.org\/2020\/wp-json\/wp\/v2\/posts\/1121\/revisions\/15162"}],"wp:attachment":[{"href":"https:\/\/orthodoxalbania.org\/2020\/wp-json\/wp\/v2\/media?parent=1121"}],"wp:term":[{"taxonomy":"category","embeddable":true,"href":"https:\/\/orthodoxalbania.org\/2020\/wp-json\/wp\/v2\/categories?post=1121"},{"taxonomy":"post_tag","embeddable":true,"href":"https:\/\/orthodoxalbania.org\/2020\/wp-json\/wp\/v2\/tags?post=1121"}],"curies":[{"name":"wp","href":"https:\/\/api.w.org\/{rel}","templated":true}]}}