{"id":1120,"date":"2006-02-26T00:00:00","date_gmt":"2006-02-26T00:00:00","guid":{"rendered":""},"modified":"2020-04-06T22:41:49","modified_gmt":"2020-04-06T20:41:49","slug":"prane-personave-me-aftesi-te-kufizuara-maj-06","status":"publish","type":"post","link":"https:\/\/orthodoxalbania.org\/2020\/2006\/02\/26\/prane-personave-me-aftesi-te-kufizuara-maj-06\/","title":{"rendered":"Pran\u00eb personave me aft\u00ebsi t\u00eb kufizuara. (26 &#8211; 28 Maj 2006)"},"content":{"rendered":"<div style=\"text-align: justify;\"><span style=\"color: #000000;\"><span style=\"font-family: tahoma,geneva,sans-serif;\"><span style=\"font-size: 12px;\"><img class=\"lazyload\" decoding=\"async\" style=\"width: 300px; height: 225px; margin: 10px; float: left; border-width: 1px; border-style: solid;\" alt=\"\" src=\"data:image\/gif;base64,R0lGODlhAQABAAAAACH5BAEKAAEALAAAAAABAAEAAAICTAEAOw==\" data-orig-src=\"https:\/\/lh3.googleusercontent.com\/-fEgmtZHVGek\/URy_gfLNDjI\/AAAAAAAACBg\/6rOTwoB_uZI\/s350\/meaftesitekufizuara.jpg\" \/>&nbsp;&nbsp;&nbsp; T\u00eb ndash koh\u00ebn me njer\u00ebzit me aft\u00ebsi t\u00eb kufizuara \u00ebsht\u00eb m\u00eb shum\u00eb se nj\u00eb p\u00ebrvoj\u00eb e rastit. Sh\u00ebrben dhe sh\u00ebrbehesh. Madje kur miq\u00ebsohesh me ata kupton se nga nj\u00eb eksperienc\u00eb e till\u00eb m\u00ebson dhe merr m\u00eb tep\u00ebr se sa kontribuon. Ti mund t\u2019u fal\u00ebsh koh\u00ebn, nd\u00ebrsa ata nj\u00eb gj\u00eb edhe m\u00eb t\u00eb shtrenjt\u00eb: dashuri, fal\u00ebnderim, mir\u00ebsjellje.<br \/> <\/span><\/span><\/span><\/div>\n<div style=\"text-align: justify;\">&nbsp;<\/div>\n<div style=\"text-align: justify;\"><span style=\"color: #000000;\"><span style=\"font-family: tahoma,geneva,sans-serif;\"><span style=\"font-size: 12px;\">&nbsp;&nbsp;&nbsp; Rreth 50 persona, midis t\u00eb cil\u00ebve njer\u00ebz me aft\u00ebsi t\u00eb kufizuara dhe organizator\u00eb e aktivist\u00eb t\u00eb rinis\u00eb orthodhokse mor\u00ebn pjes\u00eb n\u00eb datat 26-28 maj n\u00eb veprimtarin\u00eb \u201cFundjava e miq\u00ebsis\u00eb\u201d. Nj\u00eb miq\u00ebsi n\u00eb fakt q\u00eb nuk nis e p\u00ebrfundon n\u00eb tre dit\u00eb, por vazhdon prej koh\u00ebsh. U b\u00ebn\u00eb kat\u00ebr vjet q\u00eb Zyra e Rinis\u00eb Orthodhoks\u00eb n\u00eb kalendarin e veprimtarive t\u00eb shumta t\u00eb saj ka sh\u00ebnuar n\u00eb t\u00eb kuq k\u00ebt\u00eb aktivitet t\u00eb shum\u00ebpritur.<br \/> <\/span><\/span><\/span><\/div>\n<div style=\"text-align: justify;\">&nbsp;<\/div>\n<div style=\"text-align: justify;\"><span style=\"color: #000000;\"><span style=\"font-family: tahoma,geneva,sans-serif;\"><span style=\"font-size: 12px;\">&nbsp;&nbsp;&nbsp; K\u00ebt\u00eb vit kishte m\u00eb shum\u00eb t\u00eb rinj, nd\u00ebrsa ata m\u00eb t\u00eb vjetrit zinin vendin e nderit, duke sjell\u00eb p\u00ebrvoj\u00ebn dhe entuziazmin e tyre. Tre dit\u00eb ishin nj\u00eb fest\u00eb e v\u00ebrtet\u00eb, si p\u00ebr t\u00eb treguar se jeta \u00ebsht\u00eb e bukur edhe pse mund t\u00eb jetosh n\u00eb karrige me rrota, t\u00eb ec\u00ebsh n\u00eb paterica apo t\u00eb vuash nga dhimbje psikologjike nga v\u00ebshtrime e fjal\u00eb t\u00eb pahijshme.<br \/> <\/span><\/span><\/span><\/div>\n<div style=\"text-align: justify;\"><span style=\"color: #000000;\"><span style=\"font-family: tahoma,geneva,sans-serif;\"><span style=\"font-size: 12px;\"><\/span><\/span><\/span><\/div>\n<div style=\"text-align: justify;\"><span style=\"color: #000000;\"><span style=\"font-family: tahoma,geneva,sans-serif;\"><span style=\"font-size: 12px;\">&nbsp;&nbsp; Nd\u00ebrsa t\u00eb rinjt\u00eb orthodhoks\u00eb jo vet\u00ebm q\u00eb organizuan shk\u00eblqyer aktivitetin por edhe u b\u00ebn\u00eb protagonist\u00eb t\u00eb dashuris\u00eb q\u00eb ofron nj\u00eb i krishter\u00eb, duke dh\u00ebn\u00eb shembullin m\u00eb t\u00eb mir\u00eb. K\u00ebt\u00eb e m\u00ebsuan dhe e p\u00ebrjetuan personat me aft\u00ebsi t\u00eb kufizuara, t\u00eb cil\u00ebt gjat\u00eb tre dit\u00ebve t\u00eb miq\u00ebsis\u00eb me t\u00eb rinjt\u00eb orthodhoks\u00eb ofruan gjith\u00e7ka nga zemra e tyre. Programi ishte i larmish\u00ebm me biseda, diskutime, njohje me nj\u00ebri-tjetrin, loj\u00ebra e vall\u00ebzime dhe konkurse.<br \/> <\/span><\/span><\/span><\/div>\n<div style=\"text-align: justify;\">&nbsp;<\/div>\n<div style=\"text-align: justify;\"><span style=\"color: #000000;\"><span style=\"font-family: tahoma,geneva,sans-serif;\"><span style=\"font-size: 12px;\">&nbsp;&nbsp;&nbsp; Nj\u00eb vend t\u00eb ve\u00e7ant\u00eb n\u00eb k\u00ebt\u00eb veprimtari kishte edhe biseda me drejtorin e Akademis\u00eb Teologjike, episkop Ilia Ketri. Ai krijoi nj\u00eb ambient shum\u00eb familjar me fjal\u00ebt e tij t\u00eb urta dhe me historit\u00eb e mesazhet q\u00eb transmetoi p\u00ebr personat me aft\u00ebsi t\u00eb kufizuara. Hir\u00ebsi Ilia vler\u00ebsoi sh\u00ebrbimin dhe pranin\u00eb e k\u00ebtyre personave n\u00eb \u00e7do aspekt t\u00eb jet\u00ebs sepse ata n\u00eb vuajtje sakrifikojn\u00eb gjith\u00e7ka nga vetja e tyre, ashtu sikund\u00ebr Krishti dha shembullin e dashuris\u00eb m\u00eb t\u00eb lart\u00eb. Ai theksoi se \u00ebsht\u00eb shum\u00eb e r\u00ebnd\u00ebsishme q\u00eb n\u00eb jet\u00ebn ton\u00eb duhet t\u00eb ndajm\u00eb koh\u00ebn me njer\u00ebzit n\u00eb nevoj\u00eb sepse k\u00ebshtu i sh\u00ebrbejm\u00eb nj\u00ebri-tjetrit dhe Per\u00ebndis\u00eb.<br \/> <\/span><\/span><\/span><\/div>\n<div style=\"text-align: justify;\">&nbsp;<\/div>\n<div style=\"text-align: justify;\"><span style=\"color: #000000;\"><span style=\"font-family: tahoma,geneva,sans-serif;\"><span style=\"font-size: 12px;\">&nbsp;&nbsp;&nbsp; T\u00eb gjith\u00eb pjes\u00ebmarr\u00ebsit e vler\u00ebsuan k\u00ebt\u00eb veprimtari dhe sugjeruan t\u00eb marr\u00eb p\u00ebrmasa m\u00eb t\u00eb gjera sepse personat me aft\u00ebsi t\u00eb kufizuara jan\u00eb t\u00eb shumt\u00eb dhe kan\u00eb nevoj\u00eb p\u00ebr t\u00eb qen\u00eb aktiv\u00eb ne jet\u00ebn e p\u00ebrditshme, p\u00ebr t\u00eb patur miq\u00ebsi t\u00eb reja dhe p\u00ebr t\u00eb ofruar p\u00ebrvoj\u00ebn e tyre. Kisha jon\u00eb \u00ebsht\u00eb gjithmon\u00eb pran\u00eb njer\u00ebzve n\u00eb nevoj\u00eb me ndihma dhe veprimtari t\u00eb ndryshme kulturore, edukative dhe arg\u00ebtuese. T\u00eb rinjt\u00eb orthodhoks\u00eb, duke qen\u00eb t\u00eb pranish\u00ebm n\u00eb k\u00ebt\u00eb mision e kuptojn\u00eb se n\u00ebn k\u00ebt\u00eb shembull, me lutjen dhe pranin\u00eb e tyre ofrojn\u00eb dashurin\u00eb e Krishtit.<\/p>\n<p> &nbsp;Isidor Koti<\/span><\/span><\/span><\/div>\n","protected":false},"excerpt":{"rendered":"<p>&nbsp;&nbsp;&nbsp; T\u00eb ndash koh\u00ebn me njer\u00ebzit me aft\u00ebsi t\u00eb kufizuara \u00ebsht\u00eb m\u00eb shum\u00eb se nj\u00eb p\u00ebrvoj\u00eb e rastit. Sh\u00ebrben dhe sh\u00ebrbehesh. Madje kur miq\u00ebsohesh me ata kupton se nga nj\u00eb eksperienc\u00eb e till\u00eb m\u00ebson dhe merr m\u00eb tep\u00ebr se sa kontribuon. Ti mund t\u2019u fal\u00ebsh koh\u00ebn, nd\u00ebrsa ata nj\u00eb gj\u00eb edhe m\u00eb t\u00eb shtrenjt\u00eb: dashuri, fal\u00ebnderim, mir\u00ebsjellje. &nbsp; &nbsp;&nbsp;&nbsp; Rreth 50 persona, midis t\u00eb cil\u00ebve<\/p>\n","protected":false},"author":1,"featured_media":0,"comment_status":"open","ping_status":"open","sticky":false,"template":"","format":"standard","meta":{"_acf_changed":false,"pagelayer_contact_templates":[],"_pagelayer_content":"","inline_featured_image":false,"fifu_image_url":"","fifu_image_alt":"","footnotes":""},"categories":[108],"tags":[148,154,196,212],"class_list":["post-1120","post","type-post","status-publish","format-standard","hentry","category-lajme","tag-148","tag-aktivitete","tag-tirane","tag-lajme-d27"],"acf":[],"yoast_head":"<!-- This site is optimized with the Yoast SEO plugin v27.2 - https:\/\/yoast.com\/product\/yoast-seo-wordpress\/ -->\n<title>Pran\u00eb personave me aft\u00ebsi t\u00eb kufizuara. (26 - 28 Maj 2006) - Kisha Orthodh\u03bfkse Autoqefale e Shqip\u00ebris\u00eb<\/title>\n<meta name=\"robots\" content=\"index, follow, max-snippet:-1, max-image-preview:large, max-video-preview:-1\" \/>\n<link rel=\"canonical\" href=\"https:\/\/orthodoxalbania.org\/2020\/2006\/02\/26\/prane-personave-me-aftesi-te-kufizuara-maj-06\/\" \/>\n<meta property=\"og:locale\" content=\"en_US\" \/>\n<meta property=\"og:type\" content=\"article\" \/>\n<meta property=\"og:title\" content=\"Pran\u00eb personave me aft\u00ebsi t\u00eb kufizuara. (26 - 28 Maj 2006) - Kisha Orthodh\u03bfkse Autoqefale e Shqip\u00ebris\u00eb\" \/>\n<meta property=\"og:description\" content=\"&nbsp;&nbsp;&nbsp; T\u00eb ndash koh\u00ebn me njer\u00ebzit me aft\u00ebsi t\u00eb kufizuara \u00ebsht\u00eb m\u00eb shum\u00eb se nj\u00eb p\u00ebrvoj\u00eb e rastit. Sh\u00ebrben dhe sh\u00ebrbehesh. Madje kur miq\u00ebsohesh me ata kupton se nga nj\u00eb eksperienc\u00eb e till\u00eb m\u00ebson dhe merr m\u00eb tep\u00ebr se sa kontribuon. Ti mund t\u2019u fal\u00ebsh koh\u00ebn, nd\u00ebrsa ata nj\u00eb gj\u00eb edhe m\u00eb t\u00eb shtrenjt\u00eb: dashuri, fal\u00ebnderim, mir\u00ebsjellje. &nbsp; &nbsp;&nbsp;&nbsp; Rreth 50 persona, midis t\u00eb cil\u00ebve\" \/>\n<meta property=\"og:url\" content=\"https:\/\/orthodoxalbania.org\/2020\/2006\/02\/26\/prane-personave-me-aftesi-te-kufizuara-maj-06\/\" \/>\n<meta property=\"og:site_name\" content=\"Kisha Orthodh\u03bfkse Autoqefale e Shqip\u00ebris\u00eb\" \/>\n<meta property=\"article:publisher\" content=\"https:\/\/www.facebook.com\/koash1991\" \/>\n<meta property=\"article:published_time\" content=\"2006-02-26T00:00:00+00:00\" \/>\n<meta property=\"article:modified_time\" content=\"2020-04-06T20:41:49+00:00\" \/>\n<meta property=\"og:image\" content=\"https:\/\/lh3.googleusercontent.com\/-fEgmtZHVGek\/URy_gfLNDjI\/AAAAAAAACBg\/6rOTwoB_uZI\/s350\/meaftesitekufizuara.jpg\" \/>\n<meta name=\"author\" content=\"Kisha Orthodhokse\" \/>\n<meta name=\"twitter:card\" content=\"summary_large_image\" \/>\n<meta name=\"twitter:label1\" content=\"Written by\" \/>\n\t<meta name=\"twitter:data1\" content=\"Kisha Orthodhokse\" \/>\n\t<meta name=\"twitter:label2\" content=\"Est. reading time\" \/>\n\t<meta name=\"twitter:data2\" content=\"3 minutes\" \/>\n<script type=\"application\/ld+json\" class=\"yoast-schema-graph\">{\"@context\":\"https:\/\/schema.org\",\"@graph\":[{\"@type\":\"Article\",\"@id\":\"https:\/\/orthodoxalbania.org\/2020\/2006\/02\/26\/prane-personave-me-aftesi-te-kufizuara-maj-06\/#article\",\"isPartOf\":{\"@id\":\"https:\/\/orthodoxalbania.org\/2020\/2006\/02\/26\/prane-personave-me-aftesi-te-kufizuara-maj-06\/\"},\"author\":{\"name\":\"Kisha Orthodhokse\",\"@id\":\"https:\/\/orthodoxalbania.org\/2020\/#\/schema\/person\/0c387634a7063ac612d7ed9ce71c7e86\"},\"headline\":\"Pran\u00eb personave me aft\u00ebsi t\u00eb kufizuara. (26 &#8211; 28 Maj 2006)\",\"datePublished\":\"2006-02-26T00:00:00+00:00\",\"dateModified\":\"2020-04-06T20:41:49+00:00\",\"mainEntityOfPage\":{\"@id\":\"https:\/\/orthodoxalbania.org\/2020\/2006\/02\/26\/prane-personave-me-aftesi-te-kufizuara-maj-06\/\"},\"wordCount\":583,\"commentCount\":0,\"publisher\":{\"@id\":\"https:\/\/orthodoxalbania.org\/2020\/#organization\"},\"image\":{\"@id\":\"https:\/\/orthodoxalbania.org\/2020\/2006\/02\/26\/prane-personave-me-aftesi-te-kufizuara-maj-06\/#primaryimage\"},\"thumbnailUrl\":\"https:\/\/lh3.googleusercontent.com\/-fEgmtZHVGek\/URy_gfLNDjI\/AAAAAAAACBg\/6rOTwoB_uZI\/s350\/meaftesitekufizuara.jpg\",\"keywords\":[\"2006\",\"Aktivitete\",\"Kryepiskopata Tiran\u00eb\",\"lajme\"],\"articleSection\":[\"Lajme\"],\"inLanguage\":\"en-US\"},{\"@type\":\"WebPage\",\"@id\":\"https:\/\/orthodoxalbania.org\/2020\/2006\/02\/26\/prane-personave-me-aftesi-te-kufizuara-maj-06\/\",\"url\":\"https:\/\/orthodoxalbania.org\/2020\/2006\/02\/26\/prane-personave-me-aftesi-te-kufizuara-maj-06\/\",\"name\":\"Pran\u00eb personave me aft\u00ebsi t\u00eb kufizuara. (26 - 28 Maj 2006) - Kisha Orthodh\u03bfkse Autoqefale e Shqip\u00ebris\u00eb\",\"isPartOf\":{\"@id\":\"https:\/\/orthodoxalbania.org\/2020\/#website\"},\"primaryImageOfPage\":{\"@id\":\"https:\/\/orthodoxalbania.org\/2020\/2006\/02\/26\/prane-personave-me-aftesi-te-kufizuara-maj-06\/#primaryimage\"},\"image\":{\"@id\":\"https:\/\/orthodoxalbania.org\/2020\/2006\/02\/26\/prane-personave-me-aftesi-te-kufizuara-maj-06\/#primaryimage\"},\"thumbnailUrl\":\"https:\/\/lh3.googleusercontent.com\/-fEgmtZHVGek\/URy_gfLNDjI\/AAAAAAAACBg\/6rOTwoB_uZI\/s350\/meaftesitekufizuara.jpg\",\"datePublished\":\"2006-02-26T00:00:00+00:00\",\"dateModified\":\"2020-04-06T20:41:49+00:00\",\"breadcrumb\":{\"@id\":\"https:\/\/orthodoxalbania.org\/2020\/2006\/02\/26\/prane-personave-me-aftesi-te-kufizuara-maj-06\/#breadcrumb\"},\"inLanguage\":\"en-US\",\"potentialAction\":[{\"@type\":\"ReadAction\",\"target\":[\"https:\/\/orthodoxalbania.org\/2020\/2006\/02\/26\/prane-personave-me-aftesi-te-kufizuara-maj-06\/\"]}]},{\"@type\":\"ImageObject\",\"inLanguage\":\"en-US\",\"@id\":\"https:\/\/orthodoxalbania.org\/2020\/2006\/02\/26\/prane-personave-me-aftesi-te-kufizuara-maj-06\/#primaryimage\",\"url\":\"https:\/\/lh3.googleusercontent.com\/-fEgmtZHVGek\/URy_gfLNDjI\/AAAAAAAACBg\/6rOTwoB_uZI\/s350\/meaftesitekufizuara.jpg\",\"contentUrl\":\"https:\/\/lh3.googleusercontent.com\/-fEgmtZHVGek\/URy_gfLNDjI\/AAAAAAAACBg\/6rOTwoB_uZI\/s350\/meaftesitekufizuara.jpg\"},{\"@type\":\"BreadcrumbList\",\"@id\":\"https:\/\/orthodoxalbania.org\/2020\/2006\/02\/26\/prane-personave-me-aftesi-te-kufizuara-maj-06\/#breadcrumb\",\"itemListElement\":[{\"@type\":\"ListItem\",\"position\":1,\"name\":\"Home\",\"item\":\"https:\/\/orthodoxalbania.org\/2020\/\"},{\"@type\":\"ListItem\",\"position\":2,\"name\":\"Pran\u00eb personave me aft\u00ebsi t\u00eb kufizuara. (26 &#8211; 28 Maj 2006)\"}]},{\"@type\":\"WebSite\",\"@id\":\"https:\/\/orthodoxalbania.org\/2020\/#website\",\"url\":\"https:\/\/orthodoxalbania.org\/2020\/\",\"name\":\"Kisha Orthodh\u03bfkse Autoqefale e Shqip\u00ebris\u00eb\",\"description\":\"Fqja Zyrtare e Kish\u00ebs Orthodhokse Autoqefale e Shqip\u00ebris\u00eb me lajmet edhe informacionet zyrtare p\u00ebr struktur\u00ebn edhe veprimtarin e saj.\",\"publisher\":{\"@id\":\"https:\/\/orthodoxalbania.org\/2020\/#organization\"},\"potentialAction\":[{\"@type\":\"SearchAction\",\"target\":{\"@type\":\"EntryPoint\",\"urlTemplate\":\"https:\/\/orthodoxalbania.org\/2020\/?s={search_term_string}\"},\"query-input\":{\"@type\":\"PropertyValueSpecification\",\"valueRequired\":true,\"valueName\":\"search_term_string\"}}],\"inLanguage\":\"en-US\"},{\"@type\":\"Organization\",\"@id\":\"https:\/\/orthodoxalbania.org\/2020\/#organization\",\"name\":\"Kisha Orthodhokse Autoqefale e Shqip\u00ebris\u00eb\",\"url\":\"https:\/\/orthodoxalbania.org\/2020\/\",\"logo\":{\"@type\":\"ImageObject\",\"inLanguage\":\"en-US\",\"@id\":\"https:\/\/orthodoxalbania.org\/2020\/#\/schema\/logo\/image\/\",\"url\":\"https:\/\/orthodoxalbania.org\/2020\/wp-content\/uploads\/2020\/05\/albania.jpeg\",\"contentUrl\":\"https:\/\/orthodoxalbania.org\/2020\/wp-content\/uploads\/2020\/05\/albania.jpeg\",\"width\":540,\"height\":540,\"caption\":\"Kisha Orthodhokse Autoqefale e Shqip\u00ebris\u00eb\"},\"image\":{\"@id\":\"https:\/\/orthodoxalbania.org\/2020\/#\/schema\/logo\/image\/\"},\"sameAs\":[\"https:\/\/www.facebook.com\/koash1991\"]},{\"@type\":\"Person\",\"@id\":\"https:\/\/orthodoxalbania.org\/2020\/#\/schema\/person\/0c387634a7063ac612d7ed9ce71c7e86\",\"name\":\"Kisha Orthodhokse\",\"image\":{\"@type\":\"ImageObject\",\"inLanguage\":\"en-US\",\"@id\":\"https:\/\/secure.gravatar.com\/avatar\/596e7c417251e30f2fbb9c00e026fce61a695a00e51c889caded71c96cbbdde5?s=96&d=mm&r=g\",\"url\":\"https:\/\/secure.gravatar.com\/avatar\/596e7c417251e30f2fbb9c00e026fce61a695a00e51c889caded71c96cbbdde5?s=96&d=mm&r=g\",\"contentUrl\":\"https:\/\/secure.gravatar.com\/avatar\/596e7c417251e30f2fbb9c00e026fce61a695a00e51c889caded71c96cbbdde5?s=96&d=mm&r=g\",\"caption\":\"Kisha Orthodhokse\"}}]}<\/script>\n<!-- \/ Yoast SEO plugin. -->","yoast_head_json":{"title":"Pran\u00eb personave me aft\u00ebsi t\u00eb kufizuara. (26 - 28 Maj 2006) - Kisha Orthodh\u03bfkse Autoqefale e Shqip\u00ebris\u00eb","robots":{"index":"index","follow":"follow","max-snippet":"max-snippet:-1","max-image-preview":"max-image-preview:large","max-video-preview":"max-video-preview:-1"},"canonical":"https:\/\/orthodoxalbania.org\/2020\/2006\/02\/26\/prane-personave-me-aftesi-te-kufizuara-maj-06\/","og_locale":"en_US","og_type":"article","og_title":"Pran\u00eb personave me aft\u00ebsi t\u00eb kufizuara. (26 - 28 Maj 2006) - Kisha Orthodh\u03bfkse Autoqefale e Shqip\u00ebris\u00eb","og_description":"&nbsp;&nbsp;&nbsp; T\u00eb ndash koh\u00ebn me njer\u00ebzit me aft\u00ebsi t\u00eb kufizuara \u00ebsht\u00eb m\u00eb shum\u00eb se nj\u00eb p\u00ebrvoj\u00eb e rastit. Sh\u00ebrben dhe sh\u00ebrbehesh. Madje kur miq\u00ebsohesh me ata kupton se nga nj\u00eb eksperienc\u00eb e till\u00eb m\u00ebson dhe merr m\u00eb tep\u00ebr se sa kontribuon. Ti mund t\u2019u fal\u00ebsh koh\u00ebn, nd\u00ebrsa ata nj\u00eb gj\u00eb edhe m\u00eb t\u00eb shtrenjt\u00eb: dashuri, fal\u00ebnderim, mir\u00ebsjellje. &nbsp; &nbsp;&nbsp;&nbsp; Rreth 50 persona, midis t\u00eb cil\u00ebve","og_url":"https:\/\/orthodoxalbania.org\/2020\/2006\/02\/26\/prane-personave-me-aftesi-te-kufizuara-maj-06\/","og_site_name":"Kisha Orthodh\u03bfkse Autoqefale e Shqip\u00ebris\u00eb","article_publisher":"https:\/\/www.facebook.com\/koash1991","article_published_time":"2006-02-26T00:00:00+00:00","article_modified_time":"2020-04-06T20:41:49+00:00","og_image":[{"url":"https:\/\/lh3.googleusercontent.com\/-fEgmtZHVGek\/URy_gfLNDjI\/AAAAAAAACBg\/6rOTwoB_uZI\/s350\/meaftesitekufizuara.jpg","type":"","width":"","height":""}],"author":"Kisha Orthodhokse","twitter_card":"summary_large_image","twitter_misc":{"Written by":"Kisha Orthodhokse","Est. reading time":"3 minutes"},"schema":{"@context":"https:\/\/schema.org","@graph":[{"@type":"Article","@id":"https:\/\/orthodoxalbania.org\/2020\/2006\/02\/26\/prane-personave-me-aftesi-te-kufizuara-maj-06\/#article","isPartOf":{"@id":"https:\/\/orthodoxalbania.org\/2020\/2006\/02\/26\/prane-personave-me-aftesi-te-kufizuara-maj-06\/"},"author":{"name":"Kisha Orthodhokse","@id":"https:\/\/orthodoxalbania.org\/2020\/#\/schema\/person\/0c387634a7063ac612d7ed9ce71c7e86"},"headline":"Pran\u00eb personave me aft\u00ebsi t\u00eb kufizuara. (26 &#8211; 28 Maj 2006)","datePublished":"2006-02-26T00:00:00+00:00","dateModified":"2020-04-06T20:41:49+00:00","mainEntityOfPage":{"@id":"https:\/\/orthodoxalbania.org\/2020\/2006\/02\/26\/prane-personave-me-aftesi-te-kufizuara-maj-06\/"},"wordCount":583,"commentCount":0,"publisher":{"@id":"https:\/\/orthodoxalbania.org\/2020\/#organization"},"image":{"@id":"https:\/\/orthodoxalbania.org\/2020\/2006\/02\/26\/prane-personave-me-aftesi-te-kufizuara-maj-06\/#primaryimage"},"thumbnailUrl":"https:\/\/lh3.googleusercontent.com\/-fEgmtZHVGek\/URy_gfLNDjI\/AAAAAAAACBg\/6rOTwoB_uZI\/s350\/meaftesitekufizuara.jpg","keywords":["2006","Aktivitete","Kryepiskopata Tiran\u00eb","lajme"],"articleSection":["Lajme"],"inLanguage":"en-US"},{"@type":"WebPage","@id":"https:\/\/orthodoxalbania.org\/2020\/2006\/02\/26\/prane-personave-me-aftesi-te-kufizuara-maj-06\/","url":"https:\/\/orthodoxalbania.org\/2020\/2006\/02\/26\/prane-personave-me-aftesi-te-kufizuara-maj-06\/","name":"Pran\u00eb personave me aft\u00ebsi t\u00eb kufizuara. (26 - 28 Maj 2006) - Kisha Orthodh\u03bfkse Autoqefale e Shqip\u00ebris\u00eb","isPartOf":{"@id":"https:\/\/orthodoxalbania.org\/2020\/#website"},"primaryImageOfPage":{"@id":"https:\/\/orthodoxalbania.org\/2020\/2006\/02\/26\/prane-personave-me-aftesi-te-kufizuara-maj-06\/#primaryimage"},"image":{"@id":"https:\/\/orthodoxalbania.org\/2020\/2006\/02\/26\/prane-personave-me-aftesi-te-kufizuara-maj-06\/#primaryimage"},"thumbnailUrl":"https:\/\/lh3.googleusercontent.com\/-fEgmtZHVGek\/URy_gfLNDjI\/AAAAAAAACBg\/6rOTwoB_uZI\/s350\/meaftesitekufizuara.jpg","datePublished":"2006-02-26T00:00:00+00:00","dateModified":"2020-04-06T20:41:49+00:00","breadcrumb":{"@id":"https:\/\/orthodoxalbania.org\/2020\/2006\/02\/26\/prane-personave-me-aftesi-te-kufizuara-maj-06\/#breadcrumb"},"inLanguage":"en-US","potentialAction":[{"@type":"ReadAction","target":["https:\/\/orthodoxalbania.org\/2020\/2006\/02\/26\/prane-personave-me-aftesi-te-kufizuara-maj-06\/"]}]},{"@type":"ImageObject","inLanguage":"en-US","@id":"https:\/\/orthodoxalbania.org\/2020\/2006\/02\/26\/prane-personave-me-aftesi-te-kufizuara-maj-06\/#primaryimage","url":"https:\/\/lh3.googleusercontent.com\/-fEgmtZHVGek\/URy_gfLNDjI\/AAAAAAAACBg\/6rOTwoB_uZI\/s350\/meaftesitekufizuara.jpg","contentUrl":"https:\/\/lh3.googleusercontent.com\/-fEgmtZHVGek\/URy_gfLNDjI\/AAAAAAAACBg\/6rOTwoB_uZI\/s350\/meaftesitekufizuara.jpg"},{"@type":"BreadcrumbList","@id":"https:\/\/orthodoxalbania.org\/2020\/2006\/02\/26\/prane-personave-me-aftesi-te-kufizuara-maj-06\/#breadcrumb","itemListElement":[{"@type":"ListItem","position":1,"name":"Home","item":"https:\/\/orthodoxalbania.org\/2020\/"},{"@type":"ListItem","position":2,"name":"Pran\u00eb personave me aft\u00ebsi t\u00eb kufizuara. (26 &#8211; 28 Maj 2006)"}]},{"@type":"WebSite","@id":"https:\/\/orthodoxalbania.org\/2020\/#website","url":"https:\/\/orthodoxalbania.org\/2020\/","name":"Kisha Orthodh\u03bfkse Autoqefale e Shqip\u00ebris\u00eb","description":"Fqja Zyrtare e Kish\u00ebs Orthodhokse Autoqefale e Shqip\u00ebris\u00eb me lajmet edhe informacionet zyrtare p\u00ebr struktur\u00ebn edhe veprimtarin e saj.","publisher":{"@id":"https:\/\/orthodoxalbania.org\/2020\/#organization"},"potentialAction":[{"@type":"SearchAction","target":{"@type":"EntryPoint","urlTemplate":"https:\/\/orthodoxalbania.org\/2020\/?s={search_term_string}"},"query-input":{"@type":"PropertyValueSpecification","valueRequired":true,"valueName":"search_term_string"}}],"inLanguage":"en-US"},{"@type":"Organization","@id":"https:\/\/orthodoxalbania.org\/2020\/#organization","name":"Kisha Orthodhokse Autoqefale e Shqip\u00ebris\u00eb","url":"https:\/\/orthodoxalbania.org\/2020\/","logo":{"@type":"ImageObject","inLanguage":"en-US","@id":"https:\/\/orthodoxalbania.org\/2020\/#\/schema\/logo\/image\/","url":"https:\/\/orthodoxalbania.org\/2020\/wp-content\/uploads\/2020\/05\/albania.jpeg","contentUrl":"https:\/\/orthodoxalbania.org\/2020\/wp-content\/uploads\/2020\/05\/albania.jpeg","width":540,"height":540,"caption":"Kisha Orthodhokse Autoqefale e Shqip\u00ebris\u00eb"},"image":{"@id":"https:\/\/orthodoxalbania.org\/2020\/#\/schema\/logo\/image\/"},"sameAs":["https:\/\/www.facebook.com\/koash1991"]},{"@type":"Person","@id":"https:\/\/orthodoxalbania.org\/2020\/#\/schema\/person\/0c387634a7063ac612d7ed9ce71c7e86","name":"Kisha Orthodhokse","image":{"@type":"ImageObject","inLanguage":"en-US","@id":"https:\/\/secure.gravatar.com\/avatar\/596e7c417251e30f2fbb9c00e026fce61a695a00e51c889caded71c96cbbdde5?s=96&d=mm&r=g","url":"https:\/\/secure.gravatar.com\/avatar\/596e7c417251e30f2fbb9c00e026fce61a695a00e51c889caded71c96cbbdde5?s=96&d=mm&r=g","contentUrl":"https:\/\/secure.gravatar.com\/avatar\/596e7c417251e30f2fbb9c00e026fce61a695a00e51c889caded71c96cbbdde5?s=96&d=mm&r=g","caption":"Kisha Orthodhokse"}}]}},"_links":{"self":[{"href":"https:\/\/orthodoxalbania.org\/2020\/wp-json\/wp\/v2\/posts\/1120","targetHints":{"allow":["GET"]}}],"collection":[{"href":"https:\/\/orthodoxalbania.org\/2020\/wp-json\/wp\/v2\/posts"}],"about":[{"href":"https:\/\/orthodoxalbania.org\/2020\/wp-json\/wp\/v2\/types\/post"}],"author":[{"embeddable":true,"href":"https:\/\/orthodoxalbania.org\/2020\/wp-json\/wp\/v2\/users\/1"}],"replies":[{"embeddable":true,"href":"https:\/\/orthodoxalbania.org\/2020\/wp-json\/wp\/v2\/comments?post=1120"}],"version-history":[{"count":1,"href":"https:\/\/orthodoxalbania.org\/2020\/wp-json\/wp\/v2\/posts\/1120\/revisions"}],"predecessor-version":[{"id":15839,"href":"https:\/\/orthodoxalbania.org\/2020\/wp-json\/wp\/v2\/posts\/1120\/revisions\/15839"}],"wp:attachment":[{"href":"https:\/\/orthodoxalbania.org\/2020\/wp-json\/wp\/v2\/media?parent=1120"}],"wp:term":[{"taxonomy":"category","embeddable":true,"href":"https:\/\/orthodoxalbania.org\/2020\/wp-json\/wp\/v2\/categories?post=1120"},{"taxonomy":"post_tag","embeddable":true,"href":"https:\/\/orthodoxalbania.org\/2020\/wp-json\/wp\/v2\/tags?post=1120"}],"curies":[{"name":"wp","href":"https:\/\/api.w.org\/{rel}","templated":true}]}}