{"id":1119,"date":"2013-03-21T09:08:01","date_gmt":"2013-03-21T09:08:01","guid":{"rendered":""},"modified":"2020-04-06T22:32:11","modified_gmt":"2020-04-06T20:32:11","slug":"pozicioni-i-kishes-orthodhokse-autoqefale-te-shqiperise-mbi-projektligjin-per-arsimin-parauniversitar","status":"publish","type":"post","link":"https:\/\/orthodoxalbania.org\/2020\/2013\/03\/21\/pozicioni-i-kishes-orthodhokse-autoqefale-te-shqiperise-mbi-projektligjin-per-arsimin-parauniversitar\/","title":{"rendered":"Pozicioni i Kish\u00ebs Orthodhokse Autoqefale t\u00eb Shqip\u00ebris\u00eb, mbi projektligjin p\u00ebr arsimin parauniversitar. (11 Janar 2011)"},"content":{"rendered":"<div style=\"text-align: justify;\">\n\t<span style=\"color:#000000;\"><span style=\"font-family: tahoma,geneva,sans-serif;\"><span style=\"font-size: 12px;\">&nbsp;&nbsp;&nbsp; Nga ana e Kish\u00ebs Orthodhokse Autoqefale e Shqip\u00ebris\u00eb u shqyrtua me kujdes projektligji \u201cP\u00ebr sistemin arsimor parauniversitar n\u00eb Republik\u00ebn e Shqip\u00ebris\u00eb\u201d dhe n\u00eb p\u00ebrgjigjen drejtuar Ministris\u00eb s\u00eb Arsimit u shprehim mendimet dhe shqet\u00ebsimet n\u00eb lidhje me \u00e7\u00ebshtjet fetare q\u00eb trajtohen n\u00eb t\u00eb.<\/span><\/span><\/span><\/div>\n<div style=\"text-align: justify;\">\n\t<br \/>\n\t<span style=\"color:#000000;\"><span style=\"font-family: tahoma,geneva,sans-serif;\"><span style=\"font-size: 12px;\"><span class=\"style10\">&nbsp;&nbsp;&nbsp; <\/span>Mendimi i shprehur nga organet p\u00ebrkat\u00ebse t\u00eb Kish\u00ebs, \u00ebsht\u00eb se Neni 36, paragrafi 4, mbi ndalimin e simboleve fetare p\u00ebr nx\u00ebn\u00ebsit e shkollave, p\u00ebrb\u00ebn cenim t\u00eb s\u00eb drejt\u00ebs s\u00eb mendimit, bindjeve dhe ushtrimit fes\u00eb, t\u00eb drejta k\u00ebto t\u00eb garantuara p\u00ebr t\u00eb gjith\u00eb qytetar\u00ebt e Shqip\u00ebris\u00eb nga Kushtetuta e Republik\u00ebs s\u00eb Shqip\u00ebris\u00eb, si edhe nga konventat dhe rezolutat nd\u00ebrkomb\u00ebtare t\u00eb njohura dhe ratifikuara nga Shteti shqiptar.<\/span><\/span><\/span><\/div>\n<div style=\"text-align: justify;\">\n\t<br \/>\n\t<span style=\"color:#000000;\"><span style=\"font-family: tahoma,geneva,sans-serif;\"><span style=\"font-size: 12px;\"><span class=\"style10\">&nbsp;&nbsp;&nbsp; <\/span>E drejta e besimit dhe e bindjeve fetare e p\u00ebr rrjedhoj\u00eb e mbajtjes s\u00eb simboleve fetare nga ana e nx\u00ebn\u00ebsve \u00ebsht\u00eb n\u00eb harmoni t\u00eb plot\u00eb me k\u00ebto t\u00eb drejta dhe p\u00ebr m\u00eb tep\u00ebr ato kurrsesi nuk mund t\u00eb p\u00ebrb\u00ebjn\u00eb penges\u00eb ose k\u00ebrc\u00ebnim p\u00ebr nx\u00ebn\u00ebsit dhe shkollat tona, pasi shoq\u00ebria shqiptare edhe pse multifetare \u00ebsht\u00eb e njohur p\u00ebr harmonin\u00eb dhe bashk\u00ebjetes\u00ebn paq\u00ebsore nd\u00ebrfetare. P\u00ebr m\u00eb tep\u00ebr, n\u00eb Shqip\u00ebri ne nuk kemi konflikte rreth simboleve fetare, k\u00ebshtu q\u00eb mendojm\u00eb se ndalimi me ligj i tyre mund t\u00eb jap\u00eb efektin e kund\u00ebrt, duke cenuar toleranc\u00ebn dhe bashk\u00ebjetes\u00ebn paq\u00ebsore.<\/span><\/span><\/span><\/div>\n<div style=\"text-align: justify;\">\n\t<br \/>\n\t<span style=\"color:#000000;\"><span style=\"font-family: tahoma,geneva,sans-serif;\"><span style=\"font-size: 12px;\"><span class=\"style10\">&nbsp;&nbsp;&nbsp; <\/span>P\u00ebr k\u00ebto arsye, n\u00eb p\u00ebrgjigjen drejtuar Ministris\u00eb s\u00eb Arsimit sugjerohet heqja e paragrafit 4 t\u00eb nenit 36, mbi ndalimin e ekspozimit t\u00eb simboleve fetare.<br \/>\n\t<\/span><\/span><\/span><\/div>\n<div style=\"text-align: justify;\">\n\t<span style=\"color:#000000;\"><span style=\"font-family: tahoma,geneva,sans-serif;\"><span style=\"font-size: 12px;\">&nbsp;&nbsp;&nbsp; Tiran\u00eb, 11 janar 2011<br \/>\n\t<\/span><\/span><\/span><\/div>\n<div style=\"text-align: center;\">\n\t&nbsp;<\/div>\n<div style=\"text-align: center;\">\n\t<span style=\"color:#000000;\"><span style=\"font-family: tahoma,geneva,sans-serif;\"><span style=\"font-size: 12px;\"><strong>Zyra e Shtypit<\/strong><br \/>\n\t<strong>e Kish\u00ebs Orthodhokse Autoqefale t\u00eb Shqip\u00ebris\u00eb<\/strong><\/span><\/span><\/span><\/div>\n","protected":false},"excerpt":{"rendered":"<p>&nbsp;&nbsp;&nbsp; Nga ana e Kish\u00ebs Orthodhokse Autoqefale e Shqip\u00ebris\u00eb u shqyrtua me kujdes projektligji \u201cP\u00ebr sistemin arsimor parauniversitar n\u00eb Republik\u00ebn e Shqip\u00ebris\u00eb\u201d dhe n\u00eb p\u00ebrgjigjen drejtuar Ministris\u00eb s\u00eb Arsimit u shprehim mendimet dhe shqet\u00ebsimet n\u00eb lidhje me \u00e7\u00ebshtjet fetare q\u00eb trajtohen n\u00eb t\u00eb. &nbsp;&nbsp;&nbsp; Mendimi i shprehur nga organet p\u00ebrkat\u00ebse t\u00eb Kish\u00ebs, \u00ebsht\u00eb se Neni 36, paragrafi 4, mbi ndalimin e simboleve fetare p\u00ebr nx\u00ebn\u00ebsit<\/p>\n","protected":false},"author":1,"featured_media":0,"comment_status":"open","ping_status":"open","sticky":false,"template":"","format":"standard","meta":{"_acf_changed":false,"pagelayer_contact_templates":[],"_pagelayer_content":"","inline_featured_image":false,"fifu_image_url":"","fifu_image_alt":"","footnotes":""},"categories":[108],"tags":[143,153,196,212],"class_list":["post-1119","post","type-post","status-publish","format-standard","hentry","category-lajme","tag-143","tag-deklarata-njoftime-zyrtare-d75","tag-tirane","tag-lajme-d27"],"acf":[],"yoast_head":"<!-- This site is optimized with the Yoast SEO plugin v27.2 - https:\/\/yoast.com\/product\/yoast-seo-wordpress\/ -->\n<title>Pozicioni i Kish\u00ebs Orthodhokse Autoqefale t\u00eb Shqip\u00ebris\u00eb, mbi projektligjin p\u00ebr arsimin parauniversitar. (11 Janar 2011) - Kisha Orthodh\u03bfkse Autoqefale e Shqip\u00ebris\u00eb<\/title>\n<meta name=\"robots\" content=\"index, follow, max-snippet:-1, max-image-preview:large, max-video-preview:-1\" \/>\n<link rel=\"canonical\" href=\"https:\/\/orthodoxalbania.org\/2020\/2013\/03\/21\/pozicioni-i-kishes-orthodhokse-autoqefale-te-shqiperise-mbi-projektligjin-per-arsimin-parauniversitar\/\" \/>\n<meta property=\"og:locale\" content=\"en_US\" \/>\n<meta property=\"og:type\" content=\"article\" \/>\n<meta property=\"og:title\" content=\"Pozicioni i Kish\u00ebs Orthodhokse Autoqefale t\u00eb Shqip\u00ebris\u00eb, mbi projektligjin p\u00ebr arsimin parauniversitar. (11 Janar 2011) - Kisha Orthodh\u03bfkse Autoqefale e Shqip\u00ebris\u00eb\" \/>\n<meta property=\"og:description\" content=\"&nbsp;&nbsp;&nbsp; Nga ana e Kish\u00ebs Orthodhokse Autoqefale e Shqip\u00ebris\u00eb u shqyrtua me kujdes projektligji \u201cP\u00ebr sistemin arsimor parauniversitar n\u00eb Republik\u00ebn e Shqip\u00ebris\u00eb\u201d dhe n\u00eb p\u00ebrgjigjen drejtuar Ministris\u00eb s\u00eb Arsimit u shprehim mendimet dhe shqet\u00ebsimet n\u00eb lidhje me \u00e7\u00ebshtjet fetare q\u00eb trajtohen n\u00eb t\u00eb. &nbsp;&nbsp;&nbsp; Mendimi i shprehur nga organet p\u00ebrkat\u00ebse t\u00eb Kish\u00ebs, \u00ebsht\u00eb se Neni 36, paragrafi 4, mbi ndalimin e simboleve fetare p\u00ebr nx\u00ebn\u00ebsit\" \/>\n<meta property=\"og:url\" content=\"https:\/\/orthodoxalbania.org\/2020\/2013\/03\/21\/pozicioni-i-kishes-orthodhokse-autoqefale-te-shqiperise-mbi-projektligjin-per-arsimin-parauniversitar\/\" \/>\n<meta property=\"og:site_name\" content=\"Kisha Orthodh\u03bfkse Autoqefale e Shqip\u00ebris\u00eb\" \/>\n<meta property=\"article:publisher\" content=\"https:\/\/www.facebook.com\/koash1991\" \/>\n<meta property=\"article:published_time\" content=\"2013-03-21T09:08:01+00:00\" \/>\n<meta property=\"article:modified_time\" content=\"2020-04-06T20:32:11+00:00\" \/>\n<meta property=\"og:image\" content=\"https:\/\/orthodoxalbania.org\/2020\/wp-content\/uploads\/2021\/02\/LogoLastALb-200.png\" \/>\n\t<meta property=\"og:image:width\" content=\"200\" \/>\n\t<meta property=\"og:image:height\" content=\"172\" \/>\n\t<meta property=\"og:image:type\" content=\"image\/png\" \/>\n<meta name=\"author\" content=\"Kisha Orthodhokse\" \/>\n<meta name=\"twitter:card\" content=\"summary_large_image\" \/>\n<meta name=\"twitter:label1\" content=\"Written by\" \/>\n\t<meta name=\"twitter:data1\" content=\"Kisha Orthodhokse\" \/>\n\t<meta name=\"twitter:label2\" content=\"Est. reading time\" \/>\n\t<meta name=\"twitter:data2\" content=\"2 minutes\" \/>\n<script type=\"application\/ld+json\" class=\"yoast-schema-graph\">{\"@context\":\"https:\/\/schema.org\",\"@graph\":[{\"@type\":\"Article\",\"@id\":\"https:\/\/orthodoxalbania.org\/2020\/2013\/03\/21\/pozicioni-i-kishes-orthodhokse-autoqefale-te-shqiperise-mbi-projektligjin-per-arsimin-parauniversitar\/#article\",\"isPartOf\":{\"@id\":\"https:\/\/orthodoxalbania.org\/2020\/2013\/03\/21\/pozicioni-i-kishes-orthodhokse-autoqefale-te-shqiperise-mbi-projektligjin-per-arsimin-parauniversitar\/\"},\"author\":{\"name\":\"Kisha Orthodhokse\",\"@id\":\"https:\/\/orthodoxalbania.org\/2020\/#\/schema\/person\/0c387634a7063ac612d7ed9ce71c7e86\"},\"headline\":\"Pozicioni i Kish\u00ebs Orthodhokse Autoqefale t\u00eb Shqip\u00ebris\u00eb, mbi projektligjin p\u00ebr arsimin parauniversitar. (11 Janar 2011)\",\"datePublished\":\"2013-03-21T09:08:01+00:00\",\"dateModified\":\"2020-04-06T20:32:11+00:00\",\"mainEntityOfPage\":{\"@id\":\"https:\/\/orthodoxalbania.org\/2020\/2013\/03\/21\/pozicioni-i-kishes-orthodhokse-autoqefale-te-shqiperise-mbi-projektligjin-per-arsimin-parauniversitar\/\"},\"wordCount\":322,\"commentCount\":0,\"publisher\":{\"@id\":\"https:\/\/orthodoxalbania.org\/2020\/#organization\"},\"keywords\":[\"2011\",\"Deklarata - Njoftime Zyrtare\",\"Kryepiskopata Tiran\u00eb\",\"lajme\"],\"articleSection\":[\"Lajme\"],\"inLanguage\":\"en-US\"},{\"@type\":\"WebPage\",\"@id\":\"https:\/\/orthodoxalbania.org\/2020\/2013\/03\/21\/pozicioni-i-kishes-orthodhokse-autoqefale-te-shqiperise-mbi-projektligjin-per-arsimin-parauniversitar\/\",\"url\":\"https:\/\/orthodoxalbania.org\/2020\/2013\/03\/21\/pozicioni-i-kishes-orthodhokse-autoqefale-te-shqiperise-mbi-projektligjin-per-arsimin-parauniversitar\/\",\"name\":\"Pozicioni i Kish\u00ebs Orthodhokse Autoqefale t\u00eb Shqip\u00ebris\u00eb, mbi projektligjin p\u00ebr arsimin parauniversitar. (11 Janar 2011) - Kisha Orthodh\u03bfkse Autoqefale e Shqip\u00ebris\u00eb\",\"isPartOf\":{\"@id\":\"https:\/\/orthodoxalbania.org\/2020\/#website\"},\"datePublished\":\"2013-03-21T09:08:01+00:00\",\"dateModified\":\"2020-04-06T20:32:11+00:00\",\"breadcrumb\":{\"@id\":\"https:\/\/orthodoxalbania.org\/2020\/2013\/03\/21\/pozicioni-i-kishes-orthodhokse-autoqefale-te-shqiperise-mbi-projektligjin-per-arsimin-parauniversitar\/#breadcrumb\"},\"inLanguage\":\"en-US\",\"potentialAction\":[{\"@type\":\"ReadAction\",\"target\":[\"https:\/\/orthodoxalbania.org\/2020\/2013\/03\/21\/pozicioni-i-kishes-orthodhokse-autoqefale-te-shqiperise-mbi-projektligjin-per-arsimin-parauniversitar\/\"]}]},{\"@type\":\"BreadcrumbList\",\"@id\":\"https:\/\/orthodoxalbania.org\/2020\/2013\/03\/21\/pozicioni-i-kishes-orthodhokse-autoqefale-te-shqiperise-mbi-projektligjin-per-arsimin-parauniversitar\/#breadcrumb\",\"itemListElement\":[{\"@type\":\"ListItem\",\"position\":1,\"name\":\"Home\",\"item\":\"https:\/\/orthodoxalbania.org\/2020\/\"},{\"@type\":\"ListItem\",\"position\":2,\"name\":\"Pozicioni i Kish\u00ebs Orthodhokse Autoqefale t\u00eb Shqip\u00ebris\u00eb, mbi projektligjin p\u00ebr arsimin parauniversitar. (11 Janar 2011)\"}]},{\"@type\":\"WebSite\",\"@id\":\"https:\/\/orthodoxalbania.org\/2020\/#website\",\"url\":\"https:\/\/orthodoxalbania.org\/2020\/\",\"name\":\"Kisha Orthodh\u03bfkse Autoqefale e Shqip\u00ebris\u00eb\",\"description\":\"Fqja Zyrtare e Kish\u00ebs Orthodhokse Autoqefale e Shqip\u00ebris\u00eb me lajmet edhe informacionet zyrtare p\u00ebr struktur\u00ebn edhe veprimtarin e saj.\",\"publisher\":{\"@id\":\"https:\/\/orthodoxalbania.org\/2020\/#organization\"},\"potentialAction\":[{\"@type\":\"SearchAction\",\"target\":{\"@type\":\"EntryPoint\",\"urlTemplate\":\"https:\/\/orthodoxalbania.org\/2020\/?s={search_term_string}\"},\"query-input\":{\"@type\":\"PropertyValueSpecification\",\"valueRequired\":true,\"valueName\":\"search_term_string\"}}],\"inLanguage\":\"en-US\"},{\"@type\":\"Organization\",\"@id\":\"https:\/\/orthodoxalbania.org\/2020\/#organization\",\"name\":\"Kisha Orthodhokse Autoqefale e Shqip\u00ebris\u00eb\",\"url\":\"https:\/\/orthodoxalbania.org\/2020\/\",\"logo\":{\"@type\":\"ImageObject\",\"inLanguage\":\"en-US\",\"@id\":\"https:\/\/orthodoxalbania.org\/2020\/#\/schema\/logo\/image\/\",\"url\":\"https:\/\/orthodoxalbania.org\/2020\/wp-content\/uploads\/2020\/05\/albania.jpeg\",\"contentUrl\":\"https:\/\/orthodoxalbania.org\/2020\/wp-content\/uploads\/2020\/05\/albania.jpeg\",\"width\":540,\"height\":540,\"caption\":\"Kisha Orthodhokse Autoqefale e Shqip\u00ebris\u00eb\"},\"image\":{\"@id\":\"https:\/\/orthodoxalbania.org\/2020\/#\/schema\/logo\/image\/\"},\"sameAs\":[\"https:\/\/www.facebook.com\/koash1991\"]},{\"@type\":\"Person\",\"@id\":\"https:\/\/orthodoxalbania.org\/2020\/#\/schema\/person\/0c387634a7063ac612d7ed9ce71c7e86\",\"name\":\"Kisha Orthodhokse\",\"image\":{\"@type\":\"ImageObject\",\"inLanguage\":\"en-US\",\"@id\":\"https:\/\/secure.gravatar.com\/avatar\/596e7c417251e30f2fbb9c00e026fce61a695a00e51c889caded71c96cbbdde5?s=96&d=mm&r=g\",\"url\":\"https:\/\/secure.gravatar.com\/avatar\/596e7c417251e30f2fbb9c00e026fce61a695a00e51c889caded71c96cbbdde5?s=96&d=mm&r=g\",\"contentUrl\":\"https:\/\/secure.gravatar.com\/avatar\/596e7c417251e30f2fbb9c00e026fce61a695a00e51c889caded71c96cbbdde5?s=96&d=mm&r=g\",\"caption\":\"Kisha Orthodhokse\"}}]}<\/script>\n<!-- \/ Yoast SEO plugin. -->","yoast_head_json":{"title":"Pozicioni i Kish\u00ebs Orthodhokse Autoqefale t\u00eb Shqip\u00ebris\u00eb, mbi projektligjin p\u00ebr arsimin parauniversitar. (11 Janar 2011) - Kisha Orthodh\u03bfkse Autoqefale e Shqip\u00ebris\u00eb","robots":{"index":"index","follow":"follow","max-snippet":"max-snippet:-1","max-image-preview":"max-image-preview:large","max-video-preview":"max-video-preview:-1"},"canonical":"https:\/\/orthodoxalbania.org\/2020\/2013\/03\/21\/pozicioni-i-kishes-orthodhokse-autoqefale-te-shqiperise-mbi-projektligjin-per-arsimin-parauniversitar\/","og_locale":"en_US","og_type":"article","og_title":"Pozicioni i Kish\u00ebs Orthodhokse Autoqefale t\u00eb Shqip\u00ebris\u00eb, mbi projektligjin p\u00ebr arsimin parauniversitar. (11 Janar 2011) - Kisha Orthodh\u03bfkse Autoqefale e Shqip\u00ebris\u00eb","og_description":"&nbsp;&nbsp;&nbsp; Nga ana e Kish\u00ebs Orthodhokse Autoqefale e Shqip\u00ebris\u00eb u shqyrtua me kujdes projektligji \u201cP\u00ebr sistemin arsimor parauniversitar n\u00eb Republik\u00ebn e Shqip\u00ebris\u00eb\u201d dhe n\u00eb p\u00ebrgjigjen drejtuar Ministris\u00eb s\u00eb Arsimit u shprehim mendimet dhe shqet\u00ebsimet n\u00eb lidhje me \u00e7\u00ebshtjet fetare q\u00eb trajtohen n\u00eb t\u00eb. &nbsp;&nbsp;&nbsp; Mendimi i shprehur nga organet p\u00ebrkat\u00ebse t\u00eb Kish\u00ebs, \u00ebsht\u00eb se Neni 36, paragrafi 4, mbi ndalimin e simboleve fetare p\u00ebr nx\u00ebn\u00ebsit","og_url":"https:\/\/orthodoxalbania.org\/2020\/2013\/03\/21\/pozicioni-i-kishes-orthodhokse-autoqefale-te-shqiperise-mbi-projektligjin-per-arsimin-parauniversitar\/","og_site_name":"Kisha Orthodh\u03bfkse Autoqefale e Shqip\u00ebris\u00eb","article_publisher":"https:\/\/www.facebook.com\/koash1991","article_published_time":"2013-03-21T09:08:01+00:00","article_modified_time":"2020-04-06T20:32:11+00:00","og_image":[{"width":200,"height":172,"url":"https:\/\/orthodoxalbania.org\/2020\/wp-content\/uploads\/2021\/02\/LogoLastALb-200.png","type":"image\/png"}],"author":"Kisha Orthodhokse","twitter_card":"summary_large_image","twitter_misc":{"Written by":"Kisha Orthodhokse","Est. reading time":"2 minutes"},"schema":{"@context":"https:\/\/schema.org","@graph":[{"@type":"Article","@id":"https:\/\/orthodoxalbania.org\/2020\/2013\/03\/21\/pozicioni-i-kishes-orthodhokse-autoqefale-te-shqiperise-mbi-projektligjin-per-arsimin-parauniversitar\/#article","isPartOf":{"@id":"https:\/\/orthodoxalbania.org\/2020\/2013\/03\/21\/pozicioni-i-kishes-orthodhokse-autoqefale-te-shqiperise-mbi-projektligjin-per-arsimin-parauniversitar\/"},"author":{"name":"Kisha Orthodhokse","@id":"https:\/\/orthodoxalbania.org\/2020\/#\/schema\/person\/0c387634a7063ac612d7ed9ce71c7e86"},"headline":"Pozicioni i Kish\u00ebs Orthodhokse Autoqefale t\u00eb Shqip\u00ebris\u00eb, mbi projektligjin p\u00ebr arsimin parauniversitar. (11 Janar 2011)","datePublished":"2013-03-21T09:08:01+00:00","dateModified":"2020-04-06T20:32:11+00:00","mainEntityOfPage":{"@id":"https:\/\/orthodoxalbania.org\/2020\/2013\/03\/21\/pozicioni-i-kishes-orthodhokse-autoqefale-te-shqiperise-mbi-projektligjin-per-arsimin-parauniversitar\/"},"wordCount":322,"commentCount":0,"publisher":{"@id":"https:\/\/orthodoxalbania.org\/2020\/#organization"},"keywords":["2011","Deklarata - Njoftime Zyrtare","Kryepiskopata Tiran\u00eb","lajme"],"articleSection":["Lajme"],"inLanguage":"en-US"},{"@type":"WebPage","@id":"https:\/\/orthodoxalbania.org\/2020\/2013\/03\/21\/pozicioni-i-kishes-orthodhokse-autoqefale-te-shqiperise-mbi-projektligjin-per-arsimin-parauniversitar\/","url":"https:\/\/orthodoxalbania.org\/2020\/2013\/03\/21\/pozicioni-i-kishes-orthodhokse-autoqefale-te-shqiperise-mbi-projektligjin-per-arsimin-parauniversitar\/","name":"Pozicioni i Kish\u00ebs Orthodhokse Autoqefale t\u00eb Shqip\u00ebris\u00eb, mbi projektligjin p\u00ebr arsimin parauniversitar. (11 Janar 2011) - Kisha Orthodh\u03bfkse Autoqefale e Shqip\u00ebris\u00eb","isPartOf":{"@id":"https:\/\/orthodoxalbania.org\/2020\/#website"},"datePublished":"2013-03-21T09:08:01+00:00","dateModified":"2020-04-06T20:32:11+00:00","breadcrumb":{"@id":"https:\/\/orthodoxalbania.org\/2020\/2013\/03\/21\/pozicioni-i-kishes-orthodhokse-autoqefale-te-shqiperise-mbi-projektligjin-per-arsimin-parauniversitar\/#breadcrumb"},"inLanguage":"en-US","potentialAction":[{"@type":"ReadAction","target":["https:\/\/orthodoxalbania.org\/2020\/2013\/03\/21\/pozicioni-i-kishes-orthodhokse-autoqefale-te-shqiperise-mbi-projektligjin-per-arsimin-parauniversitar\/"]}]},{"@type":"BreadcrumbList","@id":"https:\/\/orthodoxalbania.org\/2020\/2013\/03\/21\/pozicioni-i-kishes-orthodhokse-autoqefale-te-shqiperise-mbi-projektligjin-per-arsimin-parauniversitar\/#breadcrumb","itemListElement":[{"@type":"ListItem","position":1,"name":"Home","item":"https:\/\/orthodoxalbania.org\/2020\/"},{"@type":"ListItem","position":2,"name":"Pozicioni i Kish\u00ebs Orthodhokse Autoqefale t\u00eb Shqip\u00ebris\u00eb, mbi projektligjin p\u00ebr arsimin parauniversitar. (11 Janar 2011)"}]},{"@type":"WebSite","@id":"https:\/\/orthodoxalbania.org\/2020\/#website","url":"https:\/\/orthodoxalbania.org\/2020\/","name":"Kisha Orthodh\u03bfkse Autoqefale e Shqip\u00ebris\u00eb","description":"Fqja Zyrtare e Kish\u00ebs Orthodhokse Autoqefale e Shqip\u00ebris\u00eb me lajmet edhe informacionet zyrtare p\u00ebr struktur\u00ebn edhe veprimtarin e saj.","publisher":{"@id":"https:\/\/orthodoxalbania.org\/2020\/#organization"},"potentialAction":[{"@type":"SearchAction","target":{"@type":"EntryPoint","urlTemplate":"https:\/\/orthodoxalbania.org\/2020\/?s={search_term_string}"},"query-input":{"@type":"PropertyValueSpecification","valueRequired":true,"valueName":"search_term_string"}}],"inLanguage":"en-US"},{"@type":"Organization","@id":"https:\/\/orthodoxalbania.org\/2020\/#organization","name":"Kisha Orthodhokse Autoqefale e Shqip\u00ebris\u00eb","url":"https:\/\/orthodoxalbania.org\/2020\/","logo":{"@type":"ImageObject","inLanguage":"en-US","@id":"https:\/\/orthodoxalbania.org\/2020\/#\/schema\/logo\/image\/","url":"https:\/\/orthodoxalbania.org\/2020\/wp-content\/uploads\/2020\/05\/albania.jpeg","contentUrl":"https:\/\/orthodoxalbania.org\/2020\/wp-content\/uploads\/2020\/05\/albania.jpeg","width":540,"height":540,"caption":"Kisha Orthodhokse Autoqefale e Shqip\u00ebris\u00eb"},"image":{"@id":"https:\/\/orthodoxalbania.org\/2020\/#\/schema\/logo\/image\/"},"sameAs":["https:\/\/www.facebook.com\/koash1991"]},{"@type":"Person","@id":"https:\/\/orthodoxalbania.org\/2020\/#\/schema\/person\/0c387634a7063ac612d7ed9ce71c7e86","name":"Kisha Orthodhokse","image":{"@type":"ImageObject","inLanguage":"en-US","@id":"https:\/\/secure.gravatar.com\/avatar\/596e7c417251e30f2fbb9c00e026fce61a695a00e51c889caded71c96cbbdde5?s=96&d=mm&r=g","url":"https:\/\/secure.gravatar.com\/avatar\/596e7c417251e30f2fbb9c00e026fce61a695a00e51c889caded71c96cbbdde5?s=96&d=mm&r=g","contentUrl":"https:\/\/secure.gravatar.com\/avatar\/596e7c417251e30f2fbb9c00e026fce61a695a00e51c889caded71c96cbbdde5?s=96&d=mm&r=g","caption":"Kisha Orthodhokse"}}]}},"_links":{"self":[{"href":"https:\/\/orthodoxalbania.org\/2020\/wp-json\/wp\/v2\/posts\/1119","targetHints":{"allow":["GET"]}}],"collection":[{"href":"https:\/\/orthodoxalbania.org\/2020\/wp-json\/wp\/v2\/posts"}],"about":[{"href":"https:\/\/orthodoxalbania.org\/2020\/wp-json\/wp\/v2\/types\/post"}],"author":[{"embeddable":true,"href":"https:\/\/orthodoxalbania.org\/2020\/wp-json\/wp\/v2\/users\/1"}],"replies":[{"embeddable":true,"href":"https:\/\/orthodoxalbania.org\/2020\/wp-json\/wp\/v2\/comments?post=1119"}],"version-history":[{"count":1,"href":"https:\/\/orthodoxalbania.org\/2020\/wp-json\/wp\/v2\/posts\/1119\/revisions"}],"predecessor-version":[{"id":15423,"href":"https:\/\/orthodoxalbania.org\/2020\/wp-json\/wp\/v2\/posts\/1119\/revisions\/15423"}],"wp:attachment":[{"href":"https:\/\/orthodoxalbania.org\/2020\/wp-json\/wp\/v2\/media?parent=1119"}],"wp:term":[{"taxonomy":"category","embeddable":true,"href":"https:\/\/orthodoxalbania.org\/2020\/wp-json\/wp\/v2\/categories?post=1119"},{"taxonomy":"post_tag","embeddable":true,"href":"https:\/\/orthodoxalbania.org\/2020\/wp-json\/wp\/v2\/tags?post=1119"}],"curies":[{"name":"wp","href":"https:\/\/api.w.org\/{rel}","templated":true}]}}