{"id":1112,"date":"2013-03-21T10:31:47","date_gmt":"2013-03-21T10:31:47","guid":{"rendered":""},"modified":"2020-04-06T22:31:53","modified_gmt":"2020-04-06T20:31:53","slug":"perurohet-nje-qender-moderne-okulistike-dhe-orl","status":"publish","type":"post","link":"https:\/\/orthodoxalbania.org\/2020\/2013\/03\/21\/perurohet-nje-qender-moderne-okulistike-dhe-orl\/","title":{"rendered":"P\u00ebrurohet nj\u00eb Qend\u00ebr modern\u00eb okulistike dhe ORL. (12 Mars 2012)"},"content":{"rendered":"<div style=\"text-align: justify;\">\n\t<span style=\"color:#000000;\"><span style=\"font-family: tahoma,geneva,sans-serif;\"><span style=\"font-size: 12px;\">&nbsp;<img decoding=\"async\" class=\"lazyload HAa Eha\" src=\"data:image\/gif;base64,R0lGODlhAQABAAAAACH5BAEKAAEALAAAAAABAAEAAAICTAEAOw==\" data-orig-src=\"https:\/\/lh6.googleusercontent.com\/-rYjSQfn6Vf4\/VARMmpXtpAI\/AAAAAAAACoE\/C9kg1PaCdwU\/w600-h430-no\/D1_600x430.jpg\" style=\"height: 179px; width: 250px; border-width: 1px; border-style: solid; margin: 10px; float: left;\" \/>&nbsp;&nbsp; Nj\u00eb klinik\u00eb e re moderne okulistike dhe ORL u p\u00ebrurua n\u00eb Tiran\u00eb, t\u00eb shtun\u00ebn 10 mars, nga Kryepiskopi i Kish\u00ebs Orthodhokse Autoqefale t\u00eb Shqip\u00ebris\u00eb, Anastasi. Merrnin pjes\u00eb nd\u00ebr t\u00eb tjer\u00eb edhe mjek\u00eb t\u00eb njohur nga vendi yn\u00eb dhe nga Greqia.<\/span><\/span><\/span><\/div>\n<div style=\"text-align: justify;\">\n\t<br \/>\n\t<span style=\"color:#000000;\"><span style=\"font-family: tahoma,geneva,sans-serif;\"><span style=\"font-size: 12px;\">&nbsp;&nbsp;&nbsp; Qendra p\u00ebrfshin deg\u00eb t\u00eb okulistik\u00ebs s\u00eb p\u00ebrgjithshme, t\u00eb retin\u00ebs, t\u00eb glaukomave, lazer, OCT etj., si dhe nj\u00eb gam\u00eb t\u00eb gjer\u00eb ekzaminimesh otorinolaringologjike. Ajo funksionon n\u00eb nj\u00eb nd\u00ebrtes\u00eb trekat\u00ebshe t\u00eb bler\u00eb posa\u00e7\u00ebrisht dhe e zgjeron m\u00eb tej veprimtarin\u00eb e Qendr\u00ebs Mjek\u00ebsore Diagnostike \u201cUngjillizimi\u201d t\u00eb kryeqytetit, e cila zhvillon veprimtarin\u00eb q\u00eb nga viti 1999 n\u00eb nj\u00eb nd\u00ebrtes\u00eb shtat\u00ebkat\u00ebshe t\u00eb nd\u00ebrtuar enkas. Qendra ofron sh\u00ebrbim n\u00eb 23 specialitete mjek\u00ebsore,&nbsp; ku japin kontributin e tyre mjek\u00eb t\u00eb shquar, si dhe ka nj\u00eb personel infermier\u00ebsh t\u00eb specializuar. N\u00eb t\u00eb jan\u00eb instaluar dhe p\u00ebrdoren me profesionaliz\u00ebm t\u00eb lart\u00eb aparatura mjek\u00ebsore t\u00eb teknologjis\u00eb s\u00eb fundit.<\/span><\/span><\/span><\/div>\n<div style=\"text-align: justify;\">\n\t<br \/>\n\t<span style=\"color:#000000;\"><span style=\"font-family: tahoma,geneva,sans-serif;\"><span style=\"font-size: 12px;\">&nbsp;&nbsp;&nbsp; P\u00ebr infrastruktur\u00ebn me nivel t\u00eb lart\u00eb t\u00eb nd\u00ebrtes\u00ebs dhe p\u00ebr pajisjet e saj moderne jan\u00eb shpenzuar m\u00eb tep\u00ebr se tri milion\u00eb euro, t\u00eb p\u00ebrftuara nga donacione t\u00eb ndryshme, t\u00eb siguruara nga Kryepiskopi Anastas. Gjat\u00eb k\u00ebtyre viteve n\u00eb Qend\u00ebr jan\u00eb vizituar rreth 1.300.000 pacient\u00eb, pavar\u00ebsisht besimit dhe jan\u00eb kryer me tep\u00ebr se sa 3.000.000 analiza. Kisha Orthodhokse Autoqefale e Shqip\u00ebris\u00eb ka ngritur edhe kat\u00ebr qendra t\u00eb tjera t\u00eb sh\u00ebrbimit mjek\u00ebsor par\u00ebsor, n\u00eb Kavaj\u00eb, Lushnje, Kor\u00e7\u00eb e Jergucat.<\/span><\/span><\/span><\/div>\n<div style=\"text-align: justify;\">\n\t&nbsp;<\/div>\n<div style=\"text-align: justify;\">\n\t&nbsp;<\/div>\n<div style=\"text-align: center;\">\n\t<br \/>\n\t<span style=\"color:#000000;\"><span style=\"font-family: tahoma,geneva,sans-serif;\"><span style=\"font-size: 12px;\">Tiran\u00eb, 12 mars 2012<\/span><\/span><\/span><\/div>\n<div style=\"text-align: center;\">\n\t<br \/>\n\t<span style=\"color:#000000;\"><strong><span style=\"font-family: tahoma,geneva,sans-serif;\"><span style=\"font-size: 12px;\">Zyra e Shtypit<br \/>\n\te Kish\u00ebs Orthodhokse Autoqefale t\u00eb Shqip\u00ebris\u00eb<\/span><\/span><\/strong><\/span><\/div>\n<div style=\"text-align: center;\">\n\t<br \/>\n\t<span style=\"color:#000000;\"><strong><span style=\"font-family: tahoma,geneva,sans-serif;\"><span style=\"font-size: 12px;\">P\u00ebr m\u00eb shume shikoni n\u00eb: <a href=\"http:\/\/klinikaorthodhokse.com\/al\/\">www.klinikaorthodhokse.com<\/a><\/span><\/span><\/strong><\/span><\/div>\n<div style=\"text-align: center;\">\n\t&nbsp;<\/div>\n<div style=\"text-align: center;\">\n\t<img decoding=\"async\" class=\"lazyload HAa Eha\" src=\"data:image\/gif;base64,R0lGODlhAQABAAAAACH5BAEKAAEALAAAAAABAAEAAAICTAEAOw==\" data-orig-src=\"https:\/\/lh5.googleusercontent.com\/-pYdtjSJV0Uo\/VLTX_x7ET8I\/AAAAAAAAKu4\/tITAfxevoI4\/w640-h480-no\/index.png\" style=\"height: 338px; width: 450px; border-width: 1px; border-style: solid; margin: 10px;\" \/><\/p>\n<p>\t&nbsp;<\/p><\/div>\n","protected":false},"excerpt":{"rendered":"<p>&nbsp;&nbsp;&nbsp; Nj\u00eb klinik\u00eb e re moderne okulistike dhe ORL u p\u00ebrurua n\u00eb Tiran\u00eb, t\u00eb shtun\u00ebn 10 mars, nga Kryepiskopi i Kish\u00ebs Orthodhokse Autoqefale t\u00eb Shqip\u00ebris\u00eb, Anastasi. Merrnin pjes\u00eb nd\u00ebr t\u00eb tjer\u00eb edhe mjek\u00eb t\u00eb njohur nga vendi yn\u00eb dhe nga Greqia. &nbsp;&nbsp;&nbsp; Qendra p\u00ebrfshin deg\u00eb t\u00eb okulistik\u00ebs s\u00eb p\u00ebrgjithshme, t\u00eb retin\u00ebs, t\u00eb glaukomave, lazer, OCT etj., si dhe nj\u00eb gam\u00eb t\u00eb gjer\u00eb ekzaminimesh otorinolaringologjike. Ajo<\/p>\n","protected":false},"author":1,"featured_media":0,"comment_status":"open","ping_status":"open","sticky":false,"template":"","format":"standard","meta":{"_acf_changed":false,"pagelayer_contact_templates":[],"_pagelayer_content":"","inline_featured_image":false,"fifu_image_url":"","fifu_image_alt":"","footnotes":""},"categories":[108],"tags":[142,188,196,201,212],"class_list":["post-1112","post","type-post","status-publish","format-standard","hentry","category-lajme","tag-142","tag-fondacioni-klinikat-orthodhokse-te-ungjillezimit","tag-tirane","tag-kryepiskopi-anastas","tag-lajme-d27"],"acf":[],"yoast_head":"<!-- This site is optimized with the Yoast SEO plugin v27.2 - https:\/\/yoast.com\/product\/yoast-seo-wordpress\/ -->\n<title>P\u00ebrurohet nj\u00eb Qend\u00ebr modern\u00eb okulistike dhe ORL. (12 Mars 2012) - Kisha Orthodh\u03bfkse Autoqefale e Shqip\u00ebris\u00eb<\/title>\n<meta name=\"robots\" content=\"index, follow, max-snippet:-1, max-image-preview:large, max-video-preview:-1\" \/>\n<link rel=\"canonical\" href=\"https:\/\/orthodoxalbania.org\/2020\/2013\/03\/21\/perurohet-nje-qender-moderne-okulistike-dhe-orl\/\" \/>\n<meta property=\"og:locale\" content=\"en_US\" \/>\n<meta property=\"og:type\" content=\"article\" \/>\n<meta property=\"og:title\" content=\"P\u00ebrurohet nj\u00eb Qend\u00ebr modern\u00eb okulistike dhe ORL. (12 Mars 2012) - Kisha Orthodh\u03bfkse Autoqefale e Shqip\u00ebris\u00eb\" \/>\n<meta property=\"og:description\" content=\"&nbsp;&nbsp;&nbsp; Nj\u00eb klinik\u00eb e re moderne okulistike dhe ORL u p\u00ebrurua n\u00eb Tiran\u00eb, t\u00eb shtun\u00ebn 10 mars, nga Kryepiskopi i Kish\u00ebs Orthodhokse Autoqefale t\u00eb Shqip\u00ebris\u00eb, Anastasi. Merrnin pjes\u00eb nd\u00ebr t\u00eb tjer\u00eb edhe mjek\u00eb t\u00eb njohur nga vendi yn\u00eb dhe nga Greqia. &nbsp;&nbsp;&nbsp; Qendra p\u00ebrfshin deg\u00eb t\u00eb okulistik\u00ebs s\u00eb p\u00ebrgjithshme, t\u00eb retin\u00ebs, t\u00eb glaukomave, lazer, OCT etj., si dhe nj\u00eb gam\u00eb t\u00eb gjer\u00eb ekzaminimesh otorinolaringologjike. Ajo\" \/>\n<meta property=\"og:url\" content=\"https:\/\/orthodoxalbania.org\/2020\/2013\/03\/21\/perurohet-nje-qender-moderne-okulistike-dhe-orl\/\" \/>\n<meta property=\"og:site_name\" content=\"Kisha Orthodh\u03bfkse Autoqefale e Shqip\u00ebris\u00eb\" \/>\n<meta property=\"article:publisher\" content=\"https:\/\/www.facebook.com\/koash1991\" \/>\n<meta property=\"article:published_time\" content=\"2013-03-21T10:31:47+00:00\" \/>\n<meta property=\"article:modified_time\" content=\"2020-04-06T20:31:53+00:00\" \/>\n<meta property=\"og:image\" content=\"https:\/\/lh6.googleusercontent.com\/-rYjSQfn6Vf4\/VARMmpXtpAI\/AAAAAAAACoE\/C9kg1PaCdwU\/w600-h430-no\/D1_600x430.jpg\" \/>\n<meta name=\"author\" content=\"Kisha Orthodhokse\" \/>\n<meta name=\"twitter:card\" content=\"summary_large_image\" \/>\n<meta name=\"twitter:label1\" content=\"Written by\" \/>\n\t<meta name=\"twitter:data1\" content=\"Kisha Orthodhokse\" \/>\n\t<meta name=\"twitter:label2\" content=\"Est. reading time\" \/>\n\t<meta name=\"twitter:data2\" content=\"1 minute\" \/>\n<script type=\"application\/ld+json\" class=\"yoast-schema-graph\">{\"@context\":\"https:\/\/schema.org\",\"@graph\":[{\"@type\":\"Article\",\"@id\":\"https:\/\/orthodoxalbania.org\/2020\/2013\/03\/21\/perurohet-nje-qender-moderne-okulistike-dhe-orl\/#article\",\"isPartOf\":{\"@id\":\"https:\/\/orthodoxalbania.org\/2020\/2013\/03\/21\/perurohet-nje-qender-moderne-okulistike-dhe-orl\/\"},\"author\":{\"name\":\"Kisha Orthodhokse\",\"@id\":\"https:\/\/orthodoxalbania.org\/2020\/#\/schema\/person\/0c387634a7063ac612d7ed9ce71c7e86\"},\"headline\":\"P\u00ebrurohet nj\u00eb Qend\u00ebr modern\u00eb okulistike dhe ORL. (12 Mars 2012)\",\"datePublished\":\"2013-03-21T10:31:47+00:00\",\"dateModified\":\"2020-04-06T20:31:53+00:00\",\"mainEntityOfPage\":{\"@id\":\"https:\/\/orthodoxalbania.org\/2020\/2013\/03\/21\/perurohet-nje-qender-moderne-okulistike-dhe-orl\/\"},\"wordCount\":295,\"commentCount\":0,\"publisher\":{\"@id\":\"https:\/\/orthodoxalbania.org\/2020\/#organization\"},\"image\":{\"@id\":\"https:\/\/orthodoxalbania.org\/2020\/2013\/03\/21\/perurohet-nje-qender-moderne-okulistike-dhe-orl\/#primaryimage\"},\"thumbnailUrl\":\"https:\/\/lh6.googleusercontent.com\/-rYjSQfn6Vf4\/VARMmpXtpAI\/AAAAAAAACoE\/C9kg1PaCdwU\/w600-h430-no\/D1_600x430.jpg\",\"keywords\":[\"2012\",\"Fondacioni \u201cKlinikat Orthodhokse t\u00eb Ungjill\u00ebzimit\u201d\",\"Kryepiskopata Tiran\u00eb\",\"Kryepiskopi Anastas\",\"lajme\"],\"articleSection\":[\"Lajme\"],\"inLanguage\":\"en-US\"},{\"@type\":\"WebPage\",\"@id\":\"https:\/\/orthodoxalbania.org\/2020\/2013\/03\/21\/perurohet-nje-qender-moderne-okulistike-dhe-orl\/\",\"url\":\"https:\/\/orthodoxalbania.org\/2020\/2013\/03\/21\/perurohet-nje-qender-moderne-okulistike-dhe-orl\/\",\"name\":\"P\u00ebrurohet nj\u00eb Qend\u00ebr modern\u00eb okulistike dhe ORL. (12 Mars 2012) - Kisha Orthodh\u03bfkse Autoqefale e Shqip\u00ebris\u00eb\",\"isPartOf\":{\"@id\":\"https:\/\/orthodoxalbania.org\/2020\/#website\"},\"primaryImageOfPage\":{\"@id\":\"https:\/\/orthodoxalbania.org\/2020\/2013\/03\/21\/perurohet-nje-qender-moderne-okulistike-dhe-orl\/#primaryimage\"},\"image\":{\"@id\":\"https:\/\/orthodoxalbania.org\/2020\/2013\/03\/21\/perurohet-nje-qender-moderne-okulistike-dhe-orl\/#primaryimage\"},\"thumbnailUrl\":\"https:\/\/lh6.googleusercontent.com\/-rYjSQfn6Vf4\/VARMmpXtpAI\/AAAAAAAACoE\/C9kg1PaCdwU\/w600-h430-no\/D1_600x430.jpg\",\"datePublished\":\"2013-03-21T10:31:47+00:00\",\"dateModified\":\"2020-04-06T20:31:53+00:00\",\"breadcrumb\":{\"@id\":\"https:\/\/orthodoxalbania.org\/2020\/2013\/03\/21\/perurohet-nje-qender-moderne-okulistike-dhe-orl\/#breadcrumb\"},\"inLanguage\":\"en-US\",\"potentialAction\":[{\"@type\":\"ReadAction\",\"target\":[\"https:\/\/orthodoxalbania.org\/2020\/2013\/03\/21\/perurohet-nje-qender-moderne-okulistike-dhe-orl\/\"]}]},{\"@type\":\"ImageObject\",\"inLanguage\":\"en-US\",\"@id\":\"https:\/\/orthodoxalbania.org\/2020\/2013\/03\/21\/perurohet-nje-qender-moderne-okulistike-dhe-orl\/#primaryimage\",\"url\":\"https:\/\/lh6.googleusercontent.com\/-rYjSQfn6Vf4\/VARMmpXtpAI\/AAAAAAAACoE\/C9kg1PaCdwU\/w600-h430-no\/D1_600x430.jpg\",\"contentUrl\":\"https:\/\/lh6.googleusercontent.com\/-rYjSQfn6Vf4\/VARMmpXtpAI\/AAAAAAAACoE\/C9kg1PaCdwU\/w600-h430-no\/D1_600x430.jpg\"},{\"@type\":\"BreadcrumbList\",\"@id\":\"https:\/\/orthodoxalbania.org\/2020\/2013\/03\/21\/perurohet-nje-qender-moderne-okulistike-dhe-orl\/#breadcrumb\",\"itemListElement\":[{\"@type\":\"ListItem\",\"position\":1,\"name\":\"Home\",\"item\":\"https:\/\/orthodoxalbania.org\/2020\/\"},{\"@type\":\"ListItem\",\"position\":2,\"name\":\"P\u00ebrurohet nj\u00eb Qend\u00ebr modern\u00eb okulistike dhe ORL. (12 Mars 2012)\"}]},{\"@type\":\"WebSite\",\"@id\":\"https:\/\/orthodoxalbania.org\/2020\/#website\",\"url\":\"https:\/\/orthodoxalbania.org\/2020\/\",\"name\":\"Kisha Orthodh\u03bfkse Autoqefale e Shqip\u00ebris\u00eb\",\"description\":\"Fqja Zyrtare e Kish\u00ebs Orthodhokse Autoqefale e Shqip\u00ebris\u00eb me lajmet edhe informacionet zyrtare p\u00ebr struktur\u00ebn edhe veprimtarin e saj.\",\"publisher\":{\"@id\":\"https:\/\/orthodoxalbania.org\/2020\/#organization\"},\"potentialAction\":[{\"@type\":\"SearchAction\",\"target\":{\"@type\":\"EntryPoint\",\"urlTemplate\":\"https:\/\/orthodoxalbania.org\/2020\/?s={search_term_string}\"},\"query-input\":{\"@type\":\"PropertyValueSpecification\",\"valueRequired\":true,\"valueName\":\"search_term_string\"}}],\"inLanguage\":\"en-US\"},{\"@type\":\"Organization\",\"@id\":\"https:\/\/orthodoxalbania.org\/2020\/#organization\",\"name\":\"Kisha Orthodhokse Autoqefale e Shqip\u00ebris\u00eb\",\"url\":\"https:\/\/orthodoxalbania.org\/2020\/\",\"logo\":{\"@type\":\"ImageObject\",\"inLanguage\":\"en-US\",\"@id\":\"https:\/\/orthodoxalbania.org\/2020\/#\/schema\/logo\/image\/\",\"url\":\"https:\/\/orthodoxalbania.org\/2020\/wp-content\/uploads\/2020\/05\/albania.jpeg\",\"contentUrl\":\"https:\/\/orthodoxalbania.org\/2020\/wp-content\/uploads\/2020\/05\/albania.jpeg\",\"width\":540,\"height\":540,\"caption\":\"Kisha Orthodhokse Autoqefale e Shqip\u00ebris\u00eb\"},\"image\":{\"@id\":\"https:\/\/orthodoxalbania.org\/2020\/#\/schema\/logo\/image\/\"},\"sameAs\":[\"https:\/\/www.facebook.com\/koash1991\"]},{\"@type\":\"Person\",\"@id\":\"https:\/\/orthodoxalbania.org\/2020\/#\/schema\/person\/0c387634a7063ac612d7ed9ce71c7e86\",\"name\":\"Kisha Orthodhokse\",\"image\":{\"@type\":\"ImageObject\",\"inLanguage\":\"en-US\",\"@id\":\"https:\/\/secure.gravatar.com\/avatar\/596e7c417251e30f2fbb9c00e026fce61a695a00e51c889caded71c96cbbdde5?s=96&d=mm&r=g\",\"url\":\"https:\/\/secure.gravatar.com\/avatar\/596e7c417251e30f2fbb9c00e026fce61a695a00e51c889caded71c96cbbdde5?s=96&d=mm&r=g\",\"contentUrl\":\"https:\/\/secure.gravatar.com\/avatar\/596e7c417251e30f2fbb9c00e026fce61a695a00e51c889caded71c96cbbdde5?s=96&d=mm&r=g\",\"caption\":\"Kisha Orthodhokse\"}}]}<\/script>\n<!-- \/ Yoast SEO plugin. -->","yoast_head_json":{"title":"P\u00ebrurohet nj\u00eb Qend\u00ebr modern\u00eb okulistike dhe ORL. (12 Mars 2012) - Kisha Orthodh\u03bfkse Autoqefale e Shqip\u00ebris\u00eb","robots":{"index":"index","follow":"follow","max-snippet":"max-snippet:-1","max-image-preview":"max-image-preview:large","max-video-preview":"max-video-preview:-1"},"canonical":"https:\/\/orthodoxalbania.org\/2020\/2013\/03\/21\/perurohet-nje-qender-moderne-okulistike-dhe-orl\/","og_locale":"en_US","og_type":"article","og_title":"P\u00ebrurohet nj\u00eb Qend\u00ebr modern\u00eb okulistike dhe ORL. (12 Mars 2012) - Kisha Orthodh\u03bfkse Autoqefale e Shqip\u00ebris\u00eb","og_description":"&nbsp;&nbsp;&nbsp; Nj\u00eb klinik\u00eb e re moderne okulistike dhe ORL u p\u00ebrurua n\u00eb Tiran\u00eb, t\u00eb shtun\u00ebn 10 mars, nga Kryepiskopi i Kish\u00ebs Orthodhokse Autoqefale t\u00eb Shqip\u00ebris\u00eb, Anastasi. Merrnin pjes\u00eb nd\u00ebr t\u00eb tjer\u00eb edhe mjek\u00eb t\u00eb njohur nga vendi yn\u00eb dhe nga Greqia. &nbsp;&nbsp;&nbsp; Qendra p\u00ebrfshin deg\u00eb t\u00eb okulistik\u00ebs s\u00eb p\u00ebrgjithshme, t\u00eb retin\u00ebs, t\u00eb glaukomave, lazer, OCT etj., si dhe nj\u00eb gam\u00eb t\u00eb gjer\u00eb ekzaminimesh otorinolaringologjike. Ajo","og_url":"https:\/\/orthodoxalbania.org\/2020\/2013\/03\/21\/perurohet-nje-qender-moderne-okulistike-dhe-orl\/","og_site_name":"Kisha Orthodh\u03bfkse Autoqefale e Shqip\u00ebris\u00eb","article_publisher":"https:\/\/www.facebook.com\/koash1991","article_published_time":"2013-03-21T10:31:47+00:00","article_modified_time":"2020-04-06T20:31:53+00:00","og_image":[{"url":"https:\/\/lh6.googleusercontent.com\/-rYjSQfn6Vf4\/VARMmpXtpAI\/AAAAAAAACoE\/C9kg1PaCdwU\/w600-h430-no\/D1_600x430.jpg","type":"","width":"","height":""}],"author":"Kisha Orthodhokse","twitter_card":"summary_large_image","twitter_misc":{"Written by":"Kisha Orthodhokse","Est. reading time":"1 minute"},"schema":{"@context":"https:\/\/schema.org","@graph":[{"@type":"Article","@id":"https:\/\/orthodoxalbania.org\/2020\/2013\/03\/21\/perurohet-nje-qender-moderne-okulistike-dhe-orl\/#article","isPartOf":{"@id":"https:\/\/orthodoxalbania.org\/2020\/2013\/03\/21\/perurohet-nje-qender-moderne-okulistike-dhe-orl\/"},"author":{"name":"Kisha Orthodhokse","@id":"https:\/\/orthodoxalbania.org\/2020\/#\/schema\/person\/0c387634a7063ac612d7ed9ce71c7e86"},"headline":"P\u00ebrurohet nj\u00eb Qend\u00ebr modern\u00eb okulistike dhe ORL. (12 Mars 2012)","datePublished":"2013-03-21T10:31:47+00:00","dateModified":"2020-04-06T20:31:53+00:00","mainEntityOfPage":{"@id":"https:\/\/orthodoxalbania.org\/2020\/2013\/03\/21\/perurohet-nje-qender-moderne-okulistike-dhe-orl\/"},"wordCount":295,"commentCount":0,"publisher":{"@id":"https:\/\/orthodoxalbania.org\/2020\/#organization"},"image":{"@id":"https:\/\/orthodoxalbania.org\/2020\/2013\/03\/21\/perurohet-nje-qender-moderne-okulistike-dhe-orl\/#primaryimage"},"thumbnailUrl":"https:\/\/lh6.googleusercontent.com\/-rYjSQfn6Vf4\/VARMmpXtpAI\/AAAAAAAACoE\/C9kg1PaCdwU\/w600-h430-no\/D1_600x430.jpg","keywords":["2012","Fondacioni \u201cKlinikat Orthodhokse t\u00eb Ungjill\u00ebzimit\u201d","Kryepiskopata Tiran\u00eb","Kryepiskopi Anastas","lajme"],"articleSection":["Lajme"],"inLanguage":"en-US"},{"@type":"WebPage","@id":"https:\/\/orthodoxalbania.org\/2020\/2013\/03\/21\/perurohet-nje-qender-moderne-okulistike-dhe-orl\/","url":"https:\/\/orthodoxalbania.org\/2020\/2013\/03\/21\/perurohet-nje-qender-moderne-okulistike-dhe-orl\/","name":"P\u00ebrurohet nj\u00eb Qend\u00ebr modern\u00eb okulistike dhe ORL. (12 Mars 2012) - Kisha Orthodh\u03bfkse Autoqefale e Shqip\u00ebris\u00eb","isPartOf":{"@id":"https:\/\/orthodoxalbania.org\/2020\/#website"},"primaryImageOfPage":{"@id":"https:\/\/orthodoxalbania.org\/2020\/2013\/03\/21\/perurohet-nje-qender-moderne-okulistike-dhe-orl\/#primaryimage"},"image":{"@id":"https:\/\/orthodoxalbania.org\/2020\/2013\/03\/21\/perurohet-nje-qender-moderne-okulistike-dhe-orl\/#primaryimage"},"thumbnailUrl":"https:\/\/lh6.googleusercontent.com\/-rYjSQfn6Vf4\/VARMmpXtpAI\/AAAAAAAACoE\/C9kg1PaCdwU\/w600-h430-no\/D1_600x430.jpg","datePublished":"2013-03-21T10:31:47+00:00","dateModified":"2020-04-06T20:31:53+00:00","breadcrumb":{"@id":"https:\/\/orthodoxalbania.org\/2020\/2013\/03\/21\/perurohet-nje-qender-moderne-okulistike-dhe-orl\/#breadcrumb"},"inLanguage":"en-US","potentialAction":[{"@type":"ReadAction","target":["https:\/\/orthodoxalbania.org\/2020\/2013\/03\/21\/perurohet-nje-qender-moderne-okulistike-dhe-orl\/"]}]},{"@type":"ImageObject","inLanguage":"en-US","@id":"https:\/\/orthodoxalbania.org\/2020\/2013\/03\/21\/perurohet-nje-qender-moderne-okulistike-dhe-orl\/#primaryimage","url":"https:\/\/lh6.googleusercontent.com\/-rYjSQfn6Vf4\/VARMmpXtpAI\/AAAAAAAACoE\/C9kg1PaCdwU\/w600-h430-no\/D1_600x430.jpg","contentUrl":"https:\/\/lh6.googleusercontent.com\/-rYjSQfn6Vf4\/VARMmpXtpAI\/AAAAAAAACoE\/C9kg1PaCdwU\/w600-h430-no\/D1_600x430.jpg"},{"@type":"BreadcrumbList","@id":"https:\/\/orthodoxalbania.org\/2020\/2013\/03\/21\/perurohet-nje-qender-moderne-okulistike-dhe-orl\/#breadcrumb","itemListElement":[{"@type":"ListItem","position":1,"name":"Home","item":"https:\/\/orthodoxalbania.org\/2020\/"},{"@type":"ListItem","position":2,"name":"P\u00ebrurohet nj\u00eb Qend\u00ebr modern\u00eb okulistike dhe ORL. (12 Mars 2012)"}]},{"@type":"WebSite","@id":"https:\/\/orthodoxalbania.org\/2020\/#website","url":"https:\/\/orthodoxalbania.org\/2020\/","name":"Kisha Orthodh\u03bfkse Autoqefale e Shqip\u00ebris\u00eb","description":"Fqja Zyrtare e Kish\u00ebs Orthodhokse Autoqefale e Shqip\u00ebris\u00eb me lajmet edhe informacionet zyrtare p\u00ebr struktur\u00ebn edhe veprimtarin e saj.","publisher":{"@id":"https:\/\/orthodoxalbania.org\/2020\/#organization"},"potentialAction":[{"@type":"SearchAction","target":{"@type":"EntryPoint","urlTemplate":"https:\/\/orthodoxalbania.org\/2020\/?s={search_term_string}"},"query-input":{"@type":"PropertyValueSpecification","valueRequired":true,"valueName":"search_term_string"}}],"inLanguage":"en-US"},{"@type":"Organization","@id":"https:\/\/orthodoxalbania.org\/2020\/#organization","name":"Kisha Orthodhokse Autoqefale e Shqip\u00ebris\u00eb","url":"https:\/\/orthodoxalbania.org\/2020\/","logo":{"@type":"ImageObject","inLanguage":"en-US","@id":"https:\/\/orthodoxalbania.org\/2020\/#\/schema\/logo\/image\/","url":"https:\/\/orthodoxalbania.org\/2020\/wp-content\/uploads\/2020\/05\/albania.jpeg","contentUrl":"https:\/\/orthodoxalbania.org\/2020\/wp-content\/uploads\/2020\/05\/albania.jpeg","width":540,"height":540,"caption":"Kisha Orthodhokse Autoqefale e Shqip\u00ebris\u00eb"},"image":{"@id":"https:\/\/orthodoxalbania.org\/2020\/#\/schema\/logo\/image\/"},"sameAs":["https:\/\/www.facebook.com\/koash1991"]},{"@type":"Person","@id":"https:\/\/orthodoxalbania.org\/2020\/#\/schema\/person\/0c387634a7063ac612d7ed9ce71c7e86","name":"Kisha Orthodhokse","image":{"@type":"ImageObject","inLanguage":"en-US","@id":"https:\/\/secure.gravatar.com\/avatar\/596e7c417251e30f2fbb9c00e026fce61a695a00e51c889caded71c96cbbdde5?s=96&d=mm&r=g","url":"https:\/\/secure.gravatar.com\/avatar\/596e7c417251e30f2fbb9c00e026fce61a695a00e51c889caded71c96cbbdde5?s=96&d=mm&r=g","contentUrl":"https:\/\/secure.gravatar.com\/avatar\/596e7c417251e30f2fbb9c00e026fce61a695a00e51c889caded71c96cbbdde5?s=96&d=mm&r=g","caption":"Kisha Orthodhokse"}}]}},"_links":{"self":[{"href":"https:\/\/orthodoxalbania.org\/2020\/wp-json\/wp\/v2\/posts\/1112","targetHints":{"allow":["GET"]}}],"collection":[{"href":"https:\/\/orthodoxalbania.org\/2020\/wp-json\/wp\/v2\/posts"}],"about":[{"href":"https:\/\/orthodoxalbania.org\/2020\/wp-json\/wp\/v2\/types\/post"}],"author":[{"embeddable":true,"href":"https:\/\/orthodoxalbania.org\/2020\/wp-json\/wp\/v2\/users\/1"}],"replies":[{"embeddable":true,"href":"https:\/\/orthodoxalbania.org\/2020\/wp-json\/wp\/v2\/comments?post=1112"}],"version-history":[{"count":1,"href":"https:\/\/orthodoxalbania.org\/2020\/wp-json\/wp\/v2\/posts\/1112\/revisions"}],"predecessor-version":[{"id":15339,"href":"https:\/\/orthodoxalbania.org\/2020\/wp-json\/wp\/v2\/posts\/1112\/revisions\/15339"}],"wp:attachment":[{"href":"https:\/\/orthodoxalbania.org\/2020\/wp-json\/wp\/v2\/media?parent=1112"}],"wp:term":[{"taxonomy":"category","embeddable":true,"href":"https:\/\/orthodoxalbania.org\/2020\/wp-json\/wp\/v2\/categories?post=1112"},{"taxonomy":"post_tag","embeddable":true,"href":"https:\/\/orthodoxalbania.org\/2020\/wp-json\/wp\/v2\/tags?post=1112"}],"curies":[{"name":"wp","href":"https:\/\/api.w.org\/{rel}","templated":true}]}}