{"id":1107,"date":"2013-03-20T12:42:17","date_gmt":"2013-03-20T12:42:17","guid":{"rendered":""},"modified":"2020-04-06T22:32:27","modified_gmt":"2020-04-06T20:32:27","slug":"pershendetje-ne-perurimin-e-ekspozites-doreshkrime-bizantine-dhe-pasbizantine-ne-shqiperi","status":"publish","type":"post","link":"https:\/\/orthodoxalbania.org\/2020\/2013\/03\/20\/pershendetje-ne-perurimin-e-ekspozites-doreshkrime-bizantine-dhe-pasbizantine-ne-shqiperi\/","title":{"rendered":"P\u00ebrsh\u00ebndetje n\u00eb p\u00ebrurimin e Ekspozit\u00ebs \u201cDor\u00ebshkrime bizantine dhe pasbizantine n\u00eb Shqip\u00ebri\u201d . (Maj 2010)"},"content":{"rendered":"<div style=\"text-align: center;\">\n\t&nbsp;<\/div>\n<div style=\"text-align: center;\">\n\t<span style=\"color: #000000;\"><span style=\"font-family: tahoma,geneva,sans-serif;\"><span style=\"font-size: 12px;\"><strong>Kryepiskopi i Tiran\u00ebs, Durr\u00ebsit dhe i gjith\u00eb Shqip\u00ebris\u00eb<\/strong><br \/>\n\t<strong>\u2020 Anastasi<\/strong><\/span><\/span><\/span><\/div>\n<div style=\"text-align: center;\">\n\t&nbsp;<\/div>\n<div style=\"text-align: center;\">\n\t<span style=\"color: #000000;\"><span style=\"font-family: tahoma,geneva,sans-serif;\"><span style=\"font-size: 12px;\"><strong><em>P\u00ebrsh\u00ebndetje<\/em><\/strong><br \/>\n\t<strong><em>n\u00eb p\u00ebrurimin e Ekspozit\u00ebs<\/em><\/strong><br \/>\n\t<strong><em>\u201cDor\u00ebshkrime bizantine dhe pasbizantine n\u00eb Shqip\u00ebri\u201d<\/em><\/strong><\/span><\/span><\/span><\/div>\n<div>\n\t&nbsp;<\/div>\n<div>\n\t&nbsp;<\/div>\n<div style=\"text-align: justify;\">\n\t<span style=\"color: #000000;\"><span style=\"font-family: tahoma,geneva,sans-serif;\"><span style=\"font-size: 12px;\">&nbsp;&nbsp;&nbsp; Kjo ekspozit\u00eb, e organizuar n\u00eb m\u00ebnyr\u00eb t\u00eb p\u00ebrsosur, ka nj\u00eb r\u00ebnd\u00ebsi dhe vler\u00eb t\u00eb trefisht\u00eb: historike, kulturore dhe fetare.<br \/>\n\t&nbsp;&nbsp;&nbsp; a) Dyzet e pes\u00eb kodik\u00eb n\u00eb pergamen\u00eb dhe let\u00ebr, q\u00eb datojn\u00eb nga shekulli i gjasht\u00eb deri n\u00eb shekullin e n\u00ebnt\u00ebmb\u00ebdhjet\u00eb, bashk\u00eb me dor\u00ebshkrimet e tjera, depozitojn\u00eb nj\u00eb d\u00ebshmi shum\u00eb t\u00eb vyer p\u00ebr historin\u00eb e rajonit ton\u00eb p\u00ebr 13 shekuj me radh\u00eb; p\u00ebr lul\u00ebzimin e qyteteve q\u00eb deri sot kan\u00eb nj\u00eb rol t\u00eb r\u00ebnd\u00ebsish\u00ebm, si Berati, Durr\u00ebsi, Vlora, Kor\u00e7a, Gjirokastra. Ofrojn\u00eb nj\u00eb material t\u00eb r\u00ebnd\u00ebsish\u00ebm informues dhe kontribuojn\u00eb n\u00eb njohjen m\u00eb t\u00eb mir\u00eb t\u00eb s\u00eb shkuar\u00ebs. \u00cbsht\u00eb e njohur se historia e paanshme mb\u00ebshtetet n\u00eb burime. Midis tyre, monumentet e shkruara t\u00eb fjal\u00ebs jan\u00eb m\u00eb elokuentet dhe m\u00eb t\u00eb besueshmet. Prandaj edhe t\u00eb gjitha shtetet q\u00eb respektojn\u00eb t\u00eb shkuar\u00ebn historike t\u00eb popujve t\u00eb tyre, kan\u00eb, me nj\u00eb p\u00ebrkujdesje t\u00eb ve\u00e7ant\u00eb, arkiva p\u00ebr ruajtjen dhe p\u00ebrdorimin e monumenteve t\u00eb fjal\u00ebs, si\u00e7 jan\u00eb kodik\u00ebt dhe dor\u00ebshkrimet.<\/span><\/span><\/span><\/div>\n<div style=\"text-align: justify;\">\n\t<br \/>\n\t<span style=\"color: #000000;\"><span style=\"font-family: tahoma,geneva,sans-serif;\"><span style=\"font-size: 12px;\">&nbsp; &nbsp; b) Nj\u00ebkoh\u00ebsisht zbulojn\u00eb nj\u00eb an\u00eb t\u00eb r\u00ebnd\u00ebsishme t\u00eb qytet\u00ebrimit, q\u00eb u zhvillua n\u00eb vend n\u00eb vazhd\u00ebn e shum\u00eb shekujve. T\u00eb tjer\u00eb, m\u00eb t\u00eb specializuar sesa un\u00eb, do t\u00eb prezantojn\u00eb vler\u00ebn e ve\u00e7ant\u00eb kulturore q\u00eb kan\u00eb miniaturat, germat e para t\u00eb zbukuruara me ar, n\u00eb m\u00ebnyr\u00eb m\u00eb t\u00eb p\u00ebrgjithshme cil\u00ebsin\u00eb estetike t\u00eb kodik\u00ebve dhe t\u00eb dor\u00ebshkrimeve. Eksponatet p\u00ebrb\u00ebjn\u00eb prova se rajoni i Shqip\u00ebris\u00eb s\u00eb sotme,&nbsp; merrte pjes\u00eb vazhdimisht n\u00eb krijimtarin\u00eb m\u00eb t\u00eb gjer\u00eb kulturore t\u00eb Perandoris\u00eb Bizantine dhe ruajti sende t\u00eb shenjta t\u00eb nj\u00eb vler\u00eb unikale p\u00ebr qytet\u00ebrimin mbar\u00ebbot\u00ebror (si p. sh. Kodiku i Beratit).<\/span><\/span><\/span><\/div>\n<div style=\"text-align: justify;\">\n\t<br \/>\n\t<span style=\"color: #000000;\"><span style=\"font-family: tahoma,geneva,sans-serif;\"><span style=\"font-size: 12px;\">&nbsp;&nbsp;&nbsp; c) Edhe nj\u00eb pik\u00eb t\u00eb tret\u00eb. &nbsp;Eksponatet e mrekullueshme q\u00eb prezantohen, kan\u00eb nj\u00eb n\u00ebn\u00eb q\u00eb i ka lindur. Dhe kjo \u00ebsht\u00eb Kisha Orthodhokse. Ato nuk u krijuan nga artist\u00eb indiferent\u00eb p\u00ebr sht\u00ebpi t\u00eb pasura apo p\u00ebr ambiente ekspozitash, si\u00e7 ndodh n\u00eb epok\u00ebn ton\u00eb. U krijuan p\u00ebr q\u00ebllime adhuruese, u p\u00ebrdor\u00ebn p\u00ebr jet\u00ebn fetare dhe mb\u00ebshtetjen e popullit. U shenjt\u00ebruan brenda kishave, ku luajt\u00ebn nj\u00eb rol par\u00ebsor duke frym\u00ebzuar dhe mb\u00ebshtetur popullin e thjesht\u00eb n\u00eb sprovat e tij. Pra, nuk jan\u00eb thjesht disa prova t\u00eb r\u00ebnd\u00ebsishme historike dhe krijime artistike, por shum\u00eb nga k\u00ebto, ve\u00e7an\u00ebrisht ungjijt\u00eb, mujor\u00ebt, sinaksar\u00ebt, jet\u00ebt e Shenjtor\u00ebve, homelit\u00eb p\u00ebr leximet ungjillore, muzika bizantine dhe dor\u00ebshkrimet e tjera liturgjike, mbi t\u00eb gjitha jan\u00eb objekte t\u00eb hirshme. P\u00ebrfaq\u00ebsojn\u00eb ofert\u00ebn e njeriut p\u00ebr t\u00eb Shenjt\u00ebn dhe rikujtojn\u00eb ngush\u00ebllimin dhe shpres\u00ebn q\u00eb ofruan n\u00eb gjenerata njer\u00ebzish t\u00eb \u00e7do s\u00ebre dhe shkollimi. P\u00ebr shum\u00eb shekuj, k\u00ebto relike ruheshin n\u00eb relikuar\u00ebt e manastireve t\u00eb hirshme, t\u00eb mitropolive dhe t\u00eb kishave tona t\u00eb famullive.&nbsp;<\/span><\/span><\/span><\/div>\n<div style=\"text-align: justify;\">\n\t<br \/>\n\t<span style=\"color: #000000;\"><span style=\"font-family: tahoma,geneva,sans-serif;\"><span style=\"font-size: 12px;\">&nbsp;&nbsp;&nbsp; Arkivi Qendror i Shtetit meriton fal\u00ebnderime t\u00eb ngrohta, q\u00eb i ruajti gjat\u00eb koh\u00ebzgjatjes s\u00eb periudh\u00ebs s\u00eb eg\u00ebr ateiste dhe q\u00eb i nxori n\u00eb pah, me p\u00ebrkujdesje e ndjeshm\u00ebri t\u00eb ve\u00e7ant\u00eb, n\u00eb periudh\u00ebn e tanishme t\u00eb demokracis\u00eb.&nbsp;<\/span><\/span><\/span><\/div>\n<div style=\"text-align: justify;\">\n\t<br \/>\n\t<span style=\"color: #000000;\"><span style=\"font-family: tahoma,geneva,sans-serif;\"><span style=\"font-size: 12px;\">&nbsp;&nbsp;&nbsp; Do t\u00eb doja t\u00eb fal\u00ebnderoja ngroht\u00ebsisht Drejtorin\u00eb e P\u00ebrgjithshme t\u00eb Arkivave, Fondacionin Helen t\u00eb Kultur\u00ebs dhe Fondacionin Arsimor t\u00eb Bank\u00ebs Komb\u00ebtare t\u00eb Greqis\u00eb p\u00ebr bashk\u00ebpunimin e jasht\u00ebzakonsh\u00ebm, q\u00eb pat\u00ebm gjat\u00eb p\u00ebrgatitjes s\u00eb ekspozit\u00ebs dhe t\u00eb shpreh p\u00ebrg\u00ebzime t\u00eb p\u00ebrzem\u00ebrta p\u00ebr t\u00eb gjith\u00eb sa punuan dhe u munduan p\u00ebr organizimin dhe prezantimin e shk\u00eblqyer t\u00eb k\u00ebsaj ekspozite. Gjithashtu me shum\u00eb g\u00ebzim, p\u00ebrsh\u00ebndes p\u00ebrurimin e Ekspozit\u00ebs, duke uruar sukses t\u00eb plot\u00eb n\u00eb realizimin e q\u00ebllimeve t\u00eb saj.<\/span><\/span><\/span><\/div>\n<div style=\"text-align: justify;\">\n\t&nbsp;<\/div>\n<div style=\"text-align: justify;\">\n\t<span style=\"color: #000000;\"><span style=\"font-family: tahoma,geneva,sans-serif;\"><span style=\"font-size: 12px;\">&nbsp;&nbsp;&nbsp; Ekspozita e dor\u00ebshkrimeve bizantine dhe pasbizantine p\u00ebrb\u00ebn nj\u00eb ngjarje historike n\u00eb&nbsp; jet\u00ebn shpirt\u00ebrore, kulturore dhe fetare t\u00eb Shqip\u00ebris\u00eb. \u00c7el nj\u00eb dritare n\u00eb aspekte&nbsp; dhe krijimtari t\u00eb shk\u00eblqyera t\u00eb s\u00eb kaluar\u00ebs; ofron nj\u00eb frym\u00ebmarrje jet\u00ebprur\u00ebse dhe t\u00eb g\u00ebzuar n\u00eb t\u00eb tashmen dhe rip\u00ebrt\u00ebrin shpres\u00ebn p\u00ebr promovimin e krijimtaris\u00eb kulturore t\u00eb vendit ton\u00eb n\u00eb t\u00eb ardhmen.<\/span><\/span><\/span><\/div>\n","protected":false},"excerpt":{"rendered":"<p>&nbsp; Kryepiskopi i Tiran\u00ebs, Durr\u00ebsit dhe i gjith\u00eb Shqip\u00ebris\u00eb \u2020 Anastasi &nbsp; P\u00ebrsh\u00ebndetje n\u00eb p\u00ebrurimin e Ekspozit\u00ebs \u201cDor\u00ebshkrime bizantine dhe pasbizantine n\u00eb Shqip\u00ebri\u201d &nbsp; &nbsp; &nbsp;&nbsp;&nbsp; Kjo ekspozit\u00eb, e organizuar n\u00eb m\u00ebnyr\u00eb t\u00eb p\u00ebrsosur, ka nj\u00eb r\u00ebnd\u00ebsi dhe vler\u00eb t\u00eb trefisht\u00eb: historike, kulturore dhe fetare. &nbsp;&nbsp;&nbsp; a) Dyzet e pes\u00eb kodik\u00eb n\u00eb pergamen\u00eb dhe let\u00ebr, q\u00eb datojn\u00eb nga shekulli i gjasht\u00eb deri n\u00eb shekullin e<\/p>\n","protected":false},"author":1,"featured_media":0,"comment_status":"open","ping_status":"open","sticky":false,"template":"","format":"standard","meta":{"_acf_changed":false,"pagelayer_contact_templates":[],"_pagelayer_content":"","inline_featured_image":false,"fifu_image_url":"","fifu_image_alt":"","footnotes":""},"categories":[108],"tags":[144,153,196,201,212],"class_list":["post-1107","post","type-post","status-publish","format-standard","hentry","category-lajme","tag-144","tag-deklarata-njoftime-zyrtare-d75","tag-tirane","tag-kryepiskopi-anastas","tag-lajme-d27"],"acf":[],"yoast_head":"<!-- This site is optimized with the Yoast SEO plugin v27.2 - https:\/\/yoast.com\/product\/yoast-seo-wordpress\/ -->\n<title>P\u00ebrsh\u00ebndetje n\u00eb p\u00ebrurimin e Ekspozit\u00ebs \u201cDor\u00ebshkrime bizantine dhe pasbizantine n\u00eb Shqip\u00ebri\u201d . (Maj 2010) - Kisha Orthodh\u03bfkse Autoqefale e Shqip\u00ebris\u00eb<\/title>\n<meta name=\"robots\" content=\"index, follow, max-snippet:-1, max-image-preview:large, max-video-preview:-1\" \/>\n<link rel=\"canonical\" href=\"https:\/\/orthodoxalbania.org\/2020\/2013\/03\/20\/pershendetje-ne-perurimin-e-ekspozites-doreshkrime-bizantine-dhe-pasbizantine-ne-shqiperi\/\" \/>\n<meta property=\"og:locale\" content=\"en_US\" \/>\n<meta property=\"og:type\" content=\"article\" \/>\n<meta property=\"og:title\" content=\"P\u00ebrsh\u00ebndetje n\u00eb p\u00ebrurimin e Ekspozit\u00ebs \u201cDor\u00ebshkrime bizantine dhe pasbizantine n\u00eb Shqip\u00ebri\u201d . (Maj 2010) - Kisha Orthodh\u03bfkse Autoqefale e Shqip\u00ebris\u00eb\" \/>\n<meta property=\"og:description\" content=\"&nbsp; Kryepiskopi i Tiran\u00ebs, Durr\u00ebsit dhe i gjith\u00eb Shqip\u00ebris\u00eb \u2020 Anastasi &nbsp; P\u00ebrsh\u00ebndetje n\u00eb p\u00ebrurimin e Ekspozit\u00ebs \u201cDor\u00ebshkrime bizantine dhe pasbizantine n\u00eb Shqip\u00ebri\u201d &nbsp; &nbsp; &nbsp;&nbsp;&nbsp; Kjo ekspozit\u00eb, e organizuar n\u00eb m\u00ebnyr\u00eb t\u00eb p\u00ebrsosur, ka nj\u00eb r\u00ebnd\u00ebsi dhe vler\u00eb t\u00eb trefisht\u00eb: historike, kulturore dhe fetare. &nbsp;&nbsp;&nbsp; a) Dyzet e pes\u00eb kodik\u00eb n\u00eb pergamen\u00eb dhe let\u00ebr, q\u00eb datojn\u00eb nga shekulli i gjasht\u00eb deri n\u00eb shekullin e\" \/>\n<meta property=\"og:url\" content=\"https:\/\/orthodoxalbania.org\/2020\/2013\/03\/20\/pershendetje-ne-perurimin-e-ekspozites-doreshkrime-bizantine-dhe-pasbizantine-ne-shqiperi\/\" \/>\n<meta property=\"og:site_name\" content=\"Kisha Orthodh\u03bfkse Autoqefale e Shqip\u00ebris\u00eb\" \/>\n<meta property=\"article:publisher\" content=\"https:\/\/www.facebook.com\/koash1991\" \/>\n<meta property=\"article:published_time\" content=\"2013-03-20T12:42:17+00:00\" \/>\n<meta property=\"article:modified_time\" content=\"2020-04-06T20:32:27+00:00\" \/>\n<meta property=\"og:image\" content=\"https:\/\/orthodoxalbania.org\/2020\/wp-content\/uploads\/2021\/02\/LogoLastALb-200.png\" \/>\n\t<meta property=\"og:image:width\" content=\"200\" \/>\n\t<meta property=\"og:image:height\" content=\"172\" \/>\n\t<meta property=\"og:image:type\" content=\"image\/png\" \/>\n<meta name=\"author\" content=\"Kisha Orthodhokse\" \/>\n<meta name=\"twitter:card\" content=\"summary_large_image\" \/>\n<meta name=\"twitter:label1\" content=\"Written by\" \/>\n\t<meta name=\"twitter:data1\" content=\"Kisha Orthodhokse\" \/>\n\t<meta name=\"twitter:label2\" content=\"Est. reading time\" \/>\n\t<meta name=\"twitter:data2\" content=\"4 minutes\" \/>\n<script type=\"application\/ld+json\" class=\"yoast-schema-graph\">{\"@context\":\"https:\/\/schema.org\",\"@graph\":[{\"@type\":\"Article\",\"@id\":\"https:\/\/orthodoxalbania.org\/2020\/2013\/03\/20\/pershendetje-ne-perurimin-e-ekspozites-doreshkrime-bizantine-dhe-pasbizantine-ne-shqiperi\/#article\",\"isPartOf\":{\"@id\":\"https:\/\/orthodoxalbania.org\/2020\/2013\/03\/20\/pershendetje-ne-perurimin-e-ekspozites-doreshkrime-bizantine-dhe-pasbizantine-ne-shqiperi\/\"},\"author\":{\"name\":\"Kisha Orthodhokse\",\"@id\":\"https:\/\/orthodoxalbania.org\/2020\/#\/schema\/person\/0c387634a7063ac612d7ed9ce71c7e86\"},\"headline\":\"P\u00ebrsh\u00ebndetje n\u00eb p\u00ebrurimin e Ekspozit\u00ebs \u201cDor\u00ebshkrime bizantine dhe pasbizantine n\u00eb Shqip\u00ebri\u201d . (Maj 2010)\",\"datePublished\":\"2013-03-20T12:42:17+00:00\",\"dateModified\":\"2020-04-06T20:32:27+00:00\",\"mainEntityOfPage\":{\"@id\":\"https:\/\/orthodoxalbania.org\/2020\/2013\/03\/20\/pershendetje-ne-perurimin-e-ekspozites-doreshkrime-bizantine-dhe-pasbizantine-ne-shqiperi\/\"},\"wordCount\":792,\"commentCount\":0,\"publisher\":{\"@id\":\"https:\/\/orthodoxalbania.org\/2020\/#organization\"},\"keywords\":[\"2010\",\"Deklarata - Njoftime Zyrtare\",\"Kryepiskopata Tiran\u00eb\",\"Kryepiskopi Anastas\",\"lajme\"],\"articleSection\":[\"Lajme\"],\"inLanguage\":\"en-US\"},{\"@type\":\"WebPage\",\"@id\":\"https:\/\/orthodoxalbania.org\/2020\/2013\/03\/20\/pershendetje-ne-perurimin-e-ekspozites-doreshkrime-bizantine-dhe-pasbizantine-ne-shqiperi\/\",\"url\":\"https:\/\/orthodoxalbania.org\/2020\/2013\/03\/20\/pershendetje-ne-perurimin-e-ekspozites-doreshkrime-bizantine-dhe-pasbizantine-ne-shqiperi\/\",\"name\":\"P\u00ebrsh\u00ebndetje n\u00eb p\u00ebrurimin e Ekspozit\u00ebs \u201cDor\u00ebshkrime bizantine dhe pasbizantine n\u00eb Shqip\u00ebri\u201d . (Maj 2010) - Kisha Orthodh\u03bfkse Autoqefale e Shqip\u00ebris\u00eb\",\"isPartOf\":{\"@id\":\"https:\/\/orthodoxalbania.org\/2020\/#website\"},\"datePublished\":\"2013-03-20T12:42:17+00:00\",\"dateModified\":\"2020-04-06T20:32:27+00:00\",\"breadcrumb\":{\"@id\":\"https:\/\/orthodoxalbania.org\/2020\/2013\/03\/20\/pershendetje-ne-perurimin-e-ekspozites-doreshkrime-bizantine-dhe-pasbizantine-ne-shqiperi\/#breadcrumb\"},\"inLanguage\":\"en-US\",\"potentialAction\":[{\"@type\":\"ReadAction\",\"target\":[\"https:\/\/orthodoxalbania.org\/2020\/2013\/03\/20\/pershendetje-ne-perurimin-e-ekspozites-doreshkrime-bizantine-dhe-pasbizantine-ne-shqiperi\/\"]}]},{\"@type\":\"BreadcrumbList\",\"@id\":\"https:\/\/orthodoxalbania.org\/2020\/2013\/03\/20\/pershendetje-ne-perurimin-e-ekspozites-doreshkrime-bizantine-dhe-pasbizantine-ne-shqiperi\/#breadcrumb\",\"itemListElement\":[{\"@type\":\"ListItem\",\"position\":1,\"name\":\"Home\",\"item\":\"https:\/\/orthodoxalbania.org\/2020\/\"},{\"@type\":\"ListItem\",\"position\":2,\"name\":\"P\u00ebrsh\u00ebndetje n\u00eb p\u00ebrurimin e Ekspozit\u00ebs \u201cDor\u00ebshkrime bizantine dhe pasbizantine n\u00eb Shqip\u00ebri\u201d . (Maj 2010)\"}]},{\"@type\":\"WebSite\",\"@id\":\"https:\/\/orthodoxalbania.org\/2020\/#website\",\"url\":\"https:\/\/orthodoxalbania.org\/2020\/\",\"name\":\"Kisha Orthodh\u03bfkse Autoqefale e Shqip\u00ebris\u00eb\",\"description\":\"Fqja Zyrtare e Kish\u00ebs Orthodhokse Autoqefale e Shqip\u00ebris\u00eb me lajmet edhe informacionet zyrtare p\u00ebr struktur\u00ebn edhe veprimtarin e saj.\",\"publisher\":{\"@id\":\"https:\/\/orthodoxalbania.org\/2020\/#organization\"},\"potentialAction\":[{\"@type\":\"SearchAction\",\"target\":{\"@type\":\"EntryPoint\",\"urlTemplate\":\"https:\/\/orthodoxalbania.org\/2020\/?s={search_term_string}\"},\"query-input\":{\"@type\":\"PropertyValueSpecification\",\"valueRequired\":true,\"valueName\":\"search_term_string\"}}],\"inLanguage\":\"en-US\"},{\"@type\":\"Organization\",\"@id\":\"https:\/\/orthodoxalbania.org\/2020\/#organization\",\"name\":\"Kisha Orthodhokse Autoqefale e Shqip\u00ebris\u00eb\",\"url\":\"https:\/\/orthodoxalbania.org\/2020\/\",\"logo\":{\"@type\":\"ImageObject\",\"inLanguage\":\"en-US\",\"@id\":\"https:\/\/orthodoxalbania.org\/2020\/#\/schema\/logo\/image\/\",\"url\":\"https:\/\/orthodoxalbania.org\/2020\/wp-content\/uploads\/2020\/05\/albania.jpeg\",\"contentUrl\":\"https:\/\/orthodoxalbania.org\/2020\/wp-content\/uploads\/2020\/05\/albania.jpeg\",\"width\":540,\"height\":540,\"caption\":\"Kisha Orthodhokse Autoqefale e Shqip\u00ebris\u00eb\"},\"image\":{\"@id\":\"https:\/\/orthodoxalbania.org\/2020\/#\/schema\/logo\/image\/\"},\"sameAs\":[\"https:\/\/www.facebook.com\/koash1991\"]},{\"@type\":\"Person\",\"@id\":\"https:\/\/orthodoxalbania.org\/2020\/#\/schema\/person\/0c387634a7063ac612d7ed9ce71c7e86\",\"name\":\"Kisha Orthodhokse\",\"image\":{\"@type\":\"ImageObject\",\"inLanguage\":\"en-US\",\"@id\":\"https:\/\/secure.gravatar.com\/avatar\/596e7c417251e30f2fbb9c00e026fce61a695a00e51c889caded71c96cbbdde5?s=96&d=mm&r=g\",\"url\":\"https:\/\/secure.gravatar.com\/avatar\/596e7c417251e30f2fbb9c00e026fce61a695a00e51c889caded71c96cbbdde5?s=96&d=mm&r=g\",\"contentUrl\":\"https:\/\/secure.gravatar.com\/avatar\/596e7c417251e30f2fbb9c00e026fce61a695a00e51c889caded71c96cbbdde5?s=96&d=mm&r=g\",\"caption\":\"Kisha Orthodhokse\"}}]}<\/script>\n<!-- \/ Yoast SEO plugin. -->","yoast_head_json":{"title":"P\u00ebrsh\u00ebndetje n\u00eb p\u00ebrurimin e Ekspozit\u00ebs \u201cDor\u00ebshkrime bizantine dhe pasbizantine n\u00eb Shqip\u00ebri\u201d . (Maj 2010) - Kisha Orthodh\u03bfkse Autoqefale e Shqip\u00ebris\u00eb","robots":{"index":"index","follow":"follow","max-snippet":"max-snippet:-1","max-image-preview":"max-image-preview:large","max-video-preview":"max-video-preview:-1"},"canonical":"https:\/\/orthodoxalbania.org\/2020\/2013\/03\/20\/pershendetje-ne-perurimin-e-ekspozites-doreshkrime-bizantine-dhe-pasbizantine-ne-shqiperi\/","og_locale":"en_US","og_type":"article","og_title":"P\u00ebrsh\u00ebndetje n\u00eb p\u00ebrurimin e Ekspozit\u00ebs \u201cDor\u00ebshkrime bizantine dhe pasbizantine n\u00eb Shqip\u00ebri\u201d . (Maj 2010) - Kisha Orthodh\u03bfkse Autoqefale e Shqip\u00ebris\u00eb","og_description":"&nbsp; Kryepiskopi i Tiran\u00ebs, Durr\u00ebsit dhe i gjith\u00eb Shqip\u00ebris\u00eb \u2020 Anastasi &nbsp; P\u00ebrsh\u00ebndetje n\u00eb p\u00ebrurimin e Ekspozit\u00ebs \u201cDor\u00ebshkrime bizantine dhe pasbizantine n\u00eb Shqip\u00ebri\u201d &nbsp; &nbsp; &nbsp;&nbsp;&nbsp; Kjo ekspozit\u00eb, e organizuar n\u00eb m\u00ebnyr\u00eb t\u00eb p\u00ebrsosur, ka nj\u00eb r\u00ebnd\u00ebsi dhe vler\u00eb t\u00eb trefisht\u00eb: historike, kulturore dhe fetare. &nbsp;&nbsp;&nbsp; a) Dyzet e pes\u00eb kodik\u00eb n\u00eb pergamen\u00eb dhe let\u00ebr, q\u00eb datojn\u00eb nga shekulli i gjasht\u00eb deri n\u00eb shekullin e","og_url":"https:\/\/orthodoxalbania.org\/2020\/2013\/03\/20\/pershendetje-ne-perurimin-e-ekspozites-doreshkrime-bizantine-dhe-pasbizantine-ne-shqiperi\/","og_site_name":"Kisha Orthodh\u03bfkse Autoqefale e Shqip\u00ebris\u00eb","article_publisher":"https:\/\/www.facebook.com\/koash1991","article_published_time":"2013-03-20T12:42:17+00:00","article_modified_time":"2020-04-06T20:32:27+00:00","og_image":[{"width":200,"height":172,"url":"https:\/\/orthodoxalbania.org\/2020\/wp-content\/uploads\/2021\/02\/LogoLastALb-200.png","type":"image\/png"}],"author":"Kisha Orthodhokse","twitter_card":"summary_large_image","twitter_misc":{"Written by":"Kisha Orthodhokse","Est. reading time":"4 minutes"},"schema":{"@context":"https:\/\/schema.org","@graph":[{"@type":"Article","@id":"https:\/\/orthodoxalbania.org\/2020\/2013\/03\/20\/pershendetje-ne-perurimin-e-ekspozites-doreshkrime-bizantine-dhe-pasbizantine-ne-shqiperi\/#article","isPartOf":{"@id":"https:\/\/orthodoxalbania.org\/2020\/2013\/03\/20\/pershendetje-ne-perurimin-e-ekspozites-doreshkrime-bizantine-dhe-pasbizantine-ne-shqiperi\/"},"author":{"name":"Kisha Orthodhokse","@id":"https:\/\/orthodoxalbania.org\/2020\/#\/schema\/person\/0c387634a7063ac612d7ed9ce71c7e86"},"headline":"P\u00ebrsh\u00ebndetje n\u00eb p\u00ebrurimin e Ekspozit\u00ebs \u201cDor\u00ebshkrime bizantine dhe pasbizantine n\u00eb Shqip\u00ebri\u201d . (Maj 2010)","datePublished":"2013-03-20T12:42:17+00:00","dateModified":"2020-04-06T20:32:27+00:00","mainEntityOfPage":{"@id":"https:\/\/orthodoxalbania.org\/2020\/2013\/03\/20\/pershendetje-ne-perurimin-e-ekspozites-doreshkrime-bizantine-dhe-pasbizantine-ne-shqiperi\/"},"wordCount":792,"commentCount":0,"publisher":{"@id":"https:\/\/orthodoxalbania.org\/2020\/#organization"},"keywords":["2010","Deklarata - Njoftime Zyrtare","Kryepiskopata Tiran\u00eb","Kryepiskopi Anastas","lajme"],"articleSection":["Lajme"],"inLanguage":"en-US"},{"@type":"WebPage","@id":"https:\/\/orthodoxalbania.org\/2020\/2013\/03\/20\/pershendetje-ne-perurimin-e-ekspozites-doreshkrime-bizantine-dhe-pasbizantine-ne-shqiperi\/","url":"https:\/\/orthodoxalbania.org\/2020\/2013\/03\/20\/pershendetje-ne-perurimin-e-ekspozites-doreshkrime-bizantine-dhe-pasbizantine-ne-shqiperi\/","name":"P\u00ebrsh\u00ebndetje n\u00eb p\u00ebrurimin e Ekspozit\u00ebs \u201cDor\u00ebshkrime bizantine dhe pasbizantine n\u00eb Shqip\u00ebri\u201d . (Maj 2010) - Kisha Orthodh\u03bfkse Autoqefale e Shqip\u00ebris\u00eb","isPartOf":{"@id":"https:\/\/orthodoxalbania.org\/2020\/#website"},"datePublished":"2013-03-20T12:42:17+00:00","dateModified":"2020-04-06T20:32:27+00:00","breadcrumb":{"@id":"https:\/\/orthodoxalbania.org\/2020\/2013\/03\/20\/pershendetje-ne-perurimin-e-ekspozites-doreshkrime-bizantine-dhe-pasbizantine-ne-shqiperi\/#breadcrumb"},"inLanguage":"en-US","potentialAction":[{"@type":"ReadAction","target":["https:\/\/orthodoxalbania.org\/2020\/2013\/03\/20\/pershendetje-ne-perurimin-e-ekspozites-doreshkrime-bizantine-dhe-pasbizantine-ne-shqiperi\/"]}]},{"@type":"BreadcrumbList","@id":"https:\/\/orthodoxalbania.org\/2020\/2013\/03\/20\/pershendetje-ne-perurimin-e-ekspozites-doreshkrime-bizantine-dhe-pasbizantine-ne-shqiperi\/#breadcrumb","itemListElement":[{"@type":"ListItem","position":1,"name":"Home","item":"https:\/\/orthodoxalbania.org\/2020\/"},{"@type":"ListItem","position":2,"name":"P\u00ebrsh\u00ebndetje n\u00eb p\u00ebrurimin e Ekspozit\u00ebs \u201cDor\u00ebshkrime bizantine dhe pasbizantine n\u00eb Shqip\u00ebri\u201d . (Maj 2010)"}]},{"@type":"WebSite","@id":"https:\/\/orthodoxalbania.org\/2020\/#website","url":"https:\/\/orthodoxalbania.org\/2020\/","name":"Kisha Orthodh\u03bfkse Autoqefale e Shqip\u00ebris\u00eb","description":"Fqja Zyrtare e Kish\u00ebs Orthodhokse Autoqefale e Shqip\u00ebris\u00eb me lajmet edhe informacionet zyrtare p\u00ebr struktur\u00ebn edhe veprimtarin e saj.","publisher":{"@id":"https:\/\/orthodoxalbania.org\/2020\/#organization"},"potentialAction":[{"@type":"SearchAction","target":{"@type":"EntryPoint","urlTemplate":"https:\/\/orthodoxalbania.org\/2020\/?s={search_term_string}"},"query-input":{"@type":"PropertyValueSpecification","valueRequired":true,"valueName":"search_term_string"}}],"inLanguage":"en-US"},{"@type":"Organization","@id":"https:\/\/orthodoxalbania.org\/2020\/#organization","name":"Kisha Orthodhokse Autoqefale e Shqip\u00ebris\u00eb","url":"https:\/\/orthodoxalbania.org\/2020\/","logo":{"@type":"ImageObject","inLanguage":"en-US","@id":"https:\/\/orthodoxalbania.org\/2020\/#\/schema\/logo\/image\/","url":"https:\/\/orthodoxalbania.org\/2020\/wp-content\/uploads\/2020\/05\/albania.jpeg","contentUrl":"https:\/\/orthodoxalbania.org\/2020\/wp-content\/uploads\/2020\/05\/albania.jpeg","width":540,"height":540,"caption":"Kisha Orthodhokse Autoqefale e Shqip\u00ebris\u00eb"},"image":{"@id":"https:\/\/orthodoxalbania.org\/2020\/#\/schema\/logo\/image\/"},"sameAs":["https:\/\/www.facebook.com\/koash1991"]},{"@type":"Person","@id":"https:\/\/orthodoxalbania.org\/2020\/#\/schema\/person\/0c387634a7063ac612d7ed9ce71c7e86","name":"Kisha Orthodhokse","image":{"@type":"ImageObject","inLanguage":"en-US","@id":"https:\/\/secure.gravatar.com\/avatar\/596e7c417251e30f2fbb9c00e026fce61a695a00e51c889caded71c96cbbdde5?s=96&d=mm&r=g","url":"https:\/\/secure.gravatar.com\/avatar\/596e7c417251e30f2fbb9c00e026fce61a695a00e51c889caded71c96cbbdde5?s=96&d=mm&r=g","contentUrl":"https:\/\/secure.gravatar.com\/avatar\/596e7c417251e30f2fbb9c00e026fce61a695a00e51c889caded71c96cbbdde5?s=96&d=mm&r=g","caption":"Kisha Orthodhokse"}}]}},"_links":{"self":[{"href":"https:\/\/orthodoxalbania.org\/2020\/wp-json\/wp\/v2\/posts\/1107","targetHints":{"allow":["GET"]}}],"collection":[{"href":"https:\/\/orthodoxalbania.org\/2020\/wp-json\/wp\/v2\/posts"}],"about":[{"href":"https:\/\/orthodoxalbania.org\/2020\/wp-json\/wp\/v2\/types\/post"}],"author":[{"embeddable":true,"href":"https:\/\/orthodoxalbania.org\/2020\/wp-json\/wp\/v2\/users\/1"}],"replies":[{"embeddable":true,"href":"https:\/\/orthodoxalbania.org\/2020\/wp-json\/wp\/v2\/comments?post=1107"}],"version-history":[{"count":1,"href":"https:\/\/orthodoxalbania.org\/2020\/wp-json\/wp\/v2\/posts\/1107\/revisions"}],"predecessor-version":[{"id":15505,"href":"https:\/\/orthodoxalbania.org\/2020\/wp-json\/wp\/v2\/posts\/1107\/revisions\/15505"}],"wp:attachment":[{"href":"https:\/\/orthodoxalbania.org\/2020\/wp-json\/wp\/v2\/media?parent=1107"}],"wp:term":[{"taxonomy":"category","embeddable":true,"href":"https:\/\/orthodoxalbania.org\/2020\/wp-json\/wp\/v2\/categories?post=1107"},{"taxonomy":"post_tag","embeddable":true,"href":"https:\/\/orthodoxalbania.org\/2020\/wp-json\/wp\/v2\/tags?post=1107"}],"curies":[{"name":"wp","href":"https:\/\/api.w.org\/{rel}","templated":true}]}}